{"id":10178,"date":"2020-02-11T11:49:03","date_gmt":"2020-02-11T10:49:03","guid":{"rendered":"http:\/\/hir.mediamarkt.hu\/magazin\/?p=10178"},"modified":"2020-02-11T18:09:34","modified_gmt":"2020-02-11T17:09:34","slug":"zeneajanlo-zenek-hangulatra-komponalva-nana-hogy-szerelem-temakorben","status":"publish","type":"post","link":"https:\/\/hir.mediamarkt.hu\/magazin\/zeneajanlo-zenek-hangulatra-komponalva-nana-hogy-szerelem-temakorben\/","title":{"rendered":"Zeneaj\u00e1nl\u00f3! Zen\u00e9k hangulatra kompon\u00e1lva: nan\u00e1, hogy szerelem t\u00e9mak\u00f6rben!"},"content":{"rendered":"<b>Mikor m\u00e1skor, mint a sokak \u00e1ltal v\u00e1rt, \u00e9s a hasonl\u00f3an sokak \u00e1ltal ki nem \u00e1llhatott Valentin-nap alkalm\u00e1b\u00f3l a romantikus t\u00e1rgy\u00fa zenei kiadv\u00e1nyok viz\u00e9re evez\u00fcnk. Ha mag\u00e1nyos vagy, az\u00e9rt, ha b\u00fajni akarsz a p\u00e1roddal, az\u00e9rt n\u00e9zd \u00e1t, mit v\u00e1logattunk \u00f6ssze a MediaMarkt k\u00edn\u00e1lat\u00e1b\u00f3l.\u00a0<\/b><!--more-->\r\n\r\n&nbsp;\r\n<h2><b>\u00c9vente nem csak egy nap a szerelem<\/b><\/h2>\r\n&nbsp;\r\n\r\n<span style=\"font-weight: 400;\">M\u00e1r j\u00f3 esetben. Persze mi a szerelem? Meg a romantika? Biztos, hogy csak a j\u00f3l kisz\u00e1m\u00edthat\u00f3 duett albumok \u00e9s \u201clift zen\u00e9nek\u201d beill\u0151, b\u00fag\u00f3 hang\u00fa szaxofonok tudj\u00e1k meg\u00e9rinteni az \u00e9rzelmeinket? Persze, hogy nem. Ah\u00e1ny ember, annyi f\u00e9le szerelem. Hi\u00e1ba pr\u00f3b\u00e1lj\u00e1k a keresked\u0151k elhitetni vel\u00fcnk, csak a v\u00f6r\u00f6s r\u00f3zsa \u00e9s a sz\u00edv alak\u00fa csoki mutatja ki, mit \u00e9rz\u00fcnk. H\u00e1t nem. Se pl\u00fcss mack\u00f3, se egy kazal vir\u00e1g nem kell ahhoz, hogy k\u00e9t ember tudja, fontosak egym\u00e1snak. Megint m\u00e1s k\u00e9rd\u00e9s, mi\u00e9rt \u00e9s mi\u00f3ta \u00e9rezz\u00fck k\u00f6telez\u0151nek, hogy mindezt l\u00e1tv\u00e1nyosan megosszuk az online platformokon ismer\u0151seinkkel \u00e9s vadidegenekkel is\u2026<\/span>\r\n\r\n<span style=\"font-weight: 400;\">Ahogy a p\u00e1rv\u00e1laszt\u00e1sban is teljesen elt\u00e9r\u0151ek az ig\u00e9nyek, \u00fagy a meghitt est\u00e9k (\u00e9s nappalok!) kapcs\u00e1n is hatalmas lehet a sz\u00f3r\u00e1s. Nekem p\u00e9ld\u00e1ul egy r\u00f3zsa ink\u00e1bb tasz\u00edt\u00f3, mint vonz\u00f3. Ahogy a m\u00e1r<\/span><a href=\"https:\/\/hir.mediamarkt.hu\/magazin\/ezert-nem-birtam-vegignezni-a-csillag-szuletik-cimu-mozifilmet\/\"><span style=\"font-weight: 400;\"> kor\u00e1bban kives\u00e9zett Csillag sz\u00fcletik film<\/span><\/a><span style=\"font-weight: 400;\"> bet\u00e9tdalait\u00f3l is ink\u00e1bb rosszull\u00e9t ker\u00fclget, minstem kellemes eml\u00e9kek t\u00f6rnek fel a m\u00e9lyb\u0151l. Egy a l\u00e9nyeg, nem vagyunk egyform\u00e1k \u00e9s romantikusnak sem csak Valentin-nap alkalm\u00e1b\u00f3l \u00e9s kifel\u00e9, a \u201ck\u00f6z\u00f6ns\u00e9g\u201d fel\u00e9 k\u00e9ne lenni.. F\u0151leg nem szerepj\u00e1t\u00e9k form\u00e1j\u00e1ban.<\/span>\r\n\r\n&nbsp;\r\n\r\n<iframe loading=\"lazy\" title=\"Lady Gaga, Bradley Cooper - Shallow (From A Star Is Born\/Live From The Oscars)\" width=\"900\" height=\"506\" src=\"https:\/\/www.youtube.com\/embed\/JPJjwHAIny4?feature=oembed\" frameborder=\"0\" allow=\"accelerometer; autoplay; clipboard-write; encrypted-media; gyroscope; picture-in-picture; web-share\" referrerpolicy=\"strict-origin-when-cross-origin\" allowfullscreen><\/iframe>\r\n\r\n&nbsp;\r\n<h2><\/h2>\r\n<h2><b>Egy\u00e1ltal\u00e1n, mi ez a Valentin-nap?<\/b><\/h2>\r\n&nbsp;\r\n\r\n<span style=\"font-weight: 400;\">Ha a szlov\u00e9neket k\u00e9rdezz\u00fck, a m\u00e9h\u00e9szek \u00e9s zar\u00e1ndokok, valamint a j\u00f3 eg\u00e9szs\u00e9g \u00fcnnepe. M\u00e1ris mehetnek a sz\u00edvecsk\u00e9s k\u00e9peslapok a levesbe&#8230;\u00a0 A tavasz bek\u00f6sz\u00f6nt\u00e9t vezeti be a k\u00fcl\u00f6nleges nap, amely sor\u00e1n hagyom\u00e1nyosan az els\u0151 munk\u00e1latokat is megkezdt\u00e9k a szlov\u00e9n sz\u0151l\u0151\u00fcltetv\u00e9nyeken. A szerelemmel azonos\u00edtott \u00fcnnep pontos eredet\u00e9r\u0151l egy\u00e9bk\u00e9nt folynak a vit\u00e1k, az \u00f3kori R\u00f3m\u00e1hoz k\u00f6t\u0151d\u0151 m\u00e1rt\u00edr, Szent Valentin kapcs\u00e1n nem tiszt\u00e1zottak a k\u00e9rd\u00e9sek. De nem mellesleg \u0151 az epilepszi\u00e1s gyermekek v\u00e9d\u0151szentje, \u00edgy febru\u00e1r 14-e t\u00f6bbek k\u00f6z\u00f6tt ezt is szimboliz\u00e1lhatn\u00e1. Egy biztos, az eur\u00f3pai kult\u00fark\u00f6rben v\u00e9g\u00fcl csak elterjedt t\u00f6bb tavaszi, \u00e9letigenl\u0151 hagyom\u00e1ny, amelyek k\u00f6z\u00fcl a 20. sz\u00e1zad v\u00e9g\u00e9re Valentin-nap n\u00e9ven eg\u00e9sz ipar\u00e1g n\u0151tte ki mag\u00e1t.\u00a0<\/span>\r\n\r\n&nbsp;\r\n\r\n&nbsp;\r\n<h2><b>Nincs semmi baj az \u00fcnnepl\u00e9ssel, csak legy\u00fcnk v\u00e9gre kicsit egy\u00e9niek<\/b><\/h2>\r\n&nbsp;\r\n\r\n<span style=\"font-weight: 400;\">A szerelem \u00e9s boldogs\u00e1g \u00fcnnepl\u00e9s\u00e9vel nincs gond, s\u0151t. Csak valahogy a kommersz, utols\u00f3 pillanatban felkapott celof\u00e1nos (!!!) gazok, lila csokik \u00e1radat\u00e1ban valahogy az eg\u00e9sznek nincs semmi \u00e9rtelme. Vagy \u00e1lljunk meg egy pillanatra \u00e9s legy\u00fcnk h\u00e1l\u00e1sak egym\u00e1s\u00e9rt, vagy ne. Ha igen, akkor viszont vegy\u00fck a f\u00e1radts\u00e1got, hogy Valentin-nap alkalm\u00e1b\u00f3l kicsit alaposabban \u00e1tn\u00e9zz\u00fck, kivel \u00e9s milyen kapcsolatban \u00e9l\u00fcnk. Az aj\u00e1nd\u00e9k mell\u00e9kes (egy\u00e1ltal\u00e1n, mi\u00f3ta szok\u00e1s t\u00e1rgyakkal kifejezni a szerelmet \u00e9s mi\u00e9rt?), a min\u0151s\u00e9gi \u00e9lm\u00e9ny, egy\u00fctt t\u00f6lt\u00f6tt id\u0151 viszont l\u00e9tk\u00e9rd\u00e9s. \u00c9s nem csak \u00e9vente egyszer, Valentin-napon.\u00a0<\/span>\r\n\r\n&nbsp;\r\n\r\n<iframe loading=\"lazy\" title=\"It&#039;s a sock-bunny!\" width=\"900\" height=\"675\" src=\"https:\/\/www.youtube.com\/embed\/Goo5UJ0kQd0?feature=oembed\" frameborder=\"0\" allow=\"accelerometer; autoplay; clipboard-write; encrypted-media; gyroscope; picture-in-picture; web-share\" referrerpolicy=\"strict-origin-when-cross-origin\" allowfullscreen><\/iframe>\r\n\r\n&nbsp;\r\n\r\n<span style=\"font-weight: 400;\">A romantikus filmek nem szokt\u00e1k bemutatni, hogy egy p\u00e1rkapcsolat l\u00e9nyege a munka. 10 h\u00f3nap \u00e9s 10 \u00e9v ut\u00e1n is. R\u00e1ad\u00e1sul mi magunk is v\u00e1ltozunk, alkalmazkodni kell teh\u00e1t egym\u00e1shoz. A \u201clesz m\u00e1sik\u201d elve miatt ez persze ma m\u00e1r nem divat, fontosabb, hogy l\u00e1ssa mindenki az Inst\u00e1n, hogy nagy a harm\u00f3nia \u00e9s ezt anyagiakban is kifejezz\u00fck (utaz\u00e1ssal, \u00e9kszerrel stb.). H\u00e1t nem! De persze erre mindenkinek mag\u00e1nak kell r\u00e1j\u00f6nnie, j\u00f3 esetben kevesebb s\u00e9r\u00fcl\u00e9s ut\u00e1n.<\/span>\r\n\r\n&nbsp;\r\n<h2><b>Dalban mondom el\u2026<\/b><\/h2>\r\n&nbsp;\r\n\r\n<span style=\"font-weight: 400;\">Vagy met\u00e1l riffben, dob sz\u00f3l\u00f3ban. A zene t\u00e9nyleg hangulat teremt\u0151, k\u00e9pes a l\u00e9lek h\u00farjait megpengetni, emellett kiv\u00e1l\u00f3 afrodizi\u00e1kumk\u00e9nt is m\u0171k\u00f6dhet egy-egy f\u0171t\u00f6ttebb pillanatban. Ha egy p\u00e1r k\u00e9t tagja k\u00f6z\u00f6tt nincs semmilyen zenei \u00e1tfed\u00e9s&#8230;nos, az kih\u00edv\u00e1s. De ilyesmi tal\u00e1n csak ritk\u00e1n fordul el\u0151. B\u00e1r a \u201cneked mi a kedvenc zenekarod\u201d k\u00e9rd\u00e9st j\u00f3 es\u00e9llyel elengedj\u00fck az \u00e1ltal\u00e1nos v\u00e9g\u00e9n, gimi elej\u00e9n, az\u00e9rt nem \u00e1rt szem\u00fcgyre venni a m\u00e1sik lemez gy\u0171jtem\u00e9ny\u00e9t, track list\u00e1j\u00e1t a korai randik sor\u00e1n. K\u00f6nyveket, filmeket dett\u00f3.\u00a0<\/span>\r\n\r\n&nbsp;\r\n\r\n<iframe loading=\"lazy\" title=\"[Friends] 6-17; Chandler gave Monica a mixed tape1\" width=\"900\" height=\"675\" src=\"https:\/\/www.youtube.com\/embed\/UeXZyr7Fz7E?feature=oembed\" frameborder=\"0\" allow=\"accelerometer; autoplay; clipboard-write; encrypted-media; gyroscope; picture-in-picture; web-share\" referrerpolicy=\"strict-origin-when-cross-origin\" allowfullscreen><\/iframe>\r\n\r\n&nbsp;\r\n\r\n<span style=\"font-weight: 400;\">A Valentin-nap nem k\u00e9ne, hogy lemond\u00e1sr\u00f3l sz\u00f3ljon (J\u00f3, j\u00f3, egyszer egy \u00e9vben hallgassuk meg az \u0150 ROMANTIKUS sz\u00e1mait\u2026), hanem egy meghitt, finom, ak\u00e1r \u00e9rz\u00e9ki hangulatr\u00f3l. Kanap\u00e9n b\u00faj\u00e1ssal, t\u00e1ncol\u00e1ssal, k\u00f6z\u00f6s f\u0151z\u00e9ssel, k\u00e1daz\u00e1ssal. B\u00e1rmivel, ami j\u00f3l esik. Hogy mindezt beind\u00edtsa vagy felfokozza n\u00e9mi zene, \u00e9rdemes minim\u00e1lisan el\u0151re gondolkodni, mit is akarunk csin\u00e1lni (vagy nem csin\u00e1lni) a k\u00f6z\u00f6s est\u00e9nken (\u00e9s reggel\u00fcnk\u00f6n, mert szerintem az \u00e9bred\u00e9si id\u0151szak, ha nem email-ek telefonos olvas\u00e1s\u00e1val, \u00e1gyb\u00f3l kies\u00e9ssel \u00e9s rohan\u00e1ssal kezd\u0151dik, lehet olyan j\u00f3, ha nem jobb, mint az este). A meglepet\u00e9sek is nagyszer\u0171ek, de \u00e9rdemes egyeztetni. A k\u00fcl\u00f6nlegess\u00e9g, a h\u00e9tk\u00f6znapit\u00f3l minim\u00e1lisan val\u00f3 elt\u00e9r\u00e9s m\u00e1r kiv\u00e1lthat \u00fcnnepi hangulatot. H\u00e1t m\u00e9g ha feltesz\u00fcnk valami j\u00f3 zen\u00e9t.\u00a0<\/span>\r\n\r\n&nbsp;\r\n<h2><b>De mi legyen az?\u00a0<\/b><\/h2>\r\n&nbsp;\r\n\r\n<span style=\"font-weight: 400;\">Ezt senkinek nem tudjuk pontosan megmondani, de tippjeink vannak, merre \u00e9rdemes keresg\u00e9lni. A klasszikus szerelmes dalokt\u00f3l az \u00e9letigenl\u0151 reggea-ig v\u00e1logattunk mindenf\u00e9l\u00e9t, h\u00e1tha valakinek pont csak ennyi hi\u00e1nyzik a romantik\u00e1hoz. L\u00e1ssuk \u00e9s persze halljuk!<\/span>\r\n\r\n&nbsp;\r\n\r\n<strong>Id\u0151sebbeknek \u00e9s hollywoodi \u00e9rzelm\u0171eknek:<\/strong>\r\n\r\n&nbsp;\r\n<blockquote><a href=\"https:\/\/www.mediamarkt.hu\/catentry\/9143947\"><span style=\"font-weight: 400;\">K\u00fcl\u00f6nb\u00f6z\u0151 el\u0151ad\u00f3k &#8211; In Memoriam Sz\u00e9csi P\u00e1l (DVD)<\/span><\/a><span style=\"font-weight: 400;\">, 999 Ft<\/span>\r\n\r\n<a href=\"https:\/\/www.mediamarkt.hu\/catentry\/9100019\"><span style=\"font-weight: 400;\">Barbra Streisand &#8211; Duets (CD)<\/span><\/a><span style=\"font-weight: 400;\">, 2199 Ft<\/span>\r\n\r\n<a href=\"https:\/\/www.mediamarkt.hu\/catentry\/9187726\"><span style=\"font-weight: 400;\">Barbra Streisand &#8211; The Ultimate Collection (CD)<\/span><\/a><span style=\"font-weight: 400;\">, 2999 Ft<\/span>\r\n\r\n<a href=\"https:\/\/www.mediamarkt.hu\/catentry\/9030356\"><span style=\"font-weight: 400;\">Barry White &#8211; Let the Music Play (CD)<\/span><\/a><span style=\"font-weight: 400;\">, 1499 Ft<\/span>\r\n\r\n<a href=\"https:\/\/www.mediamarkt.hu\/catentry\/9192134\"><span style=\"font-weight: 400;\">Jennifer Rush &#8211; The Best of &#8211; The Power of Love<\/span><\/a><span style=\"font-weight: 400;\">, 999 Ft<\/span><\/blockquote>\r\n\n\t\t<style type=\"text\/css\">\n\t\t\t#gallery-1 {\n\t\t\t\tmargin: auto;\n\t\t\t}\n\t\t\t#gallery-1 .gallery-item {\n\t\t\t\tfloat: left;\n\t\t\t\tmargin-top: 10px;\n\t\t\t\ttext-align: center;\n\t\t\t\twidth: 33%;\n\t\t\t}\n\t\t\t#gallery-1 img {\n\t\t\t\tborder: 2px solid #cfcfcf;\n\t\t\t}\n\t\t\t#gallery-1 .gallery-caption {\n\t\t\t\tmargin-left: 0;\n\t\t\t}\n\t\t\t\/* see gallery_shortcode() in wp-includes\/media.php *\/\n\t\t<\/style>\n\t\t<div id='gallery-1' class='gallery galleryid-10178 gallery-columns-3 gallery-size-thumbnail'><dl class='gallery-item'>\n\t\t\t<dt class='gallery-icon landscape'>\n\t\t\t\t<a href='https:\/\/hir.mediamarkt.hu\/magazin\/zeneajanlo-zenek-hangulatra-komponalva-nana-hogy-szerelem-temakorben\/mediamarkt_zene_romantika01\/'><img loading=\"lazy\" decoding=\"async\" width=\"275\" height=\"205\" src=\"https:\/\/hir.mediamarkt.hu\/magazin\/wp-content\/uploads\/2020\/02\/MediaMarkt_zene_romantika01-275x205.png\" class=\"attachment-thumbnail size-thumbnail\" alt=\"\" srcset=\"https:\/\/hir.mediamarkt.hu\/magazin\/wp-content\/uploads\/2020\/02\/MediaMarkt_zene_romantika01-275x205.png 275w, https:\/\/hir.mediamarkt.hu\/magazin\/wp-content\/uploads\/2020\/02\/MediaMarkt_zene_romantika01-300x224.png 300w, https:\/\/hir.mediamarkt.hu\/magazin\/wp-content\/uploads\/2020\/02\/MediaMarkt_zene_romantika01-768x574.png 768w, https:\/\/hir.mediamarkt.hu\/magazin\/wp-content\/uploads\/2020\/02\/MediaMarkt_zene_romantika01-500x375.png 500w, https:\/\/hir.mediamarkt.hu\/magazin\/wp-content\/uploads\/2020\/02\/MediaMarkt_zene_romantika01.png 786w\" sizes=\"(max-width: 275px) 100vw, 275px\" \/><\/a>\n\t\t\t<\/dt><\/dl><dl class='gallery-item'>\n\t\t\t<dt class='gallery-icon landscape'>\n\t\t\t\t<a href='https:\/\/hir.mediamarkt.hu\/magazin\/zeneajanlo-zenek-hangulatra-komponalva-nana-hogy-szerelem-temakorben\/mediamarkt_zene_romantika01a\/'><img loading=\"lazy\" decoding=\"async\" width=\"275\" height=\"205\" src=\"https:\/\/hir.mediamarkt.hu\/magazin\/wp-content\/uploads\/2020\/02\/MediaMarkt_zene_romantika01a-275x205.png\" class=\"attachment-thumbnail size-thumbnail\" alt=\"\" srcset=\"https:\/\/hir.mediamarkt.hu\/magazin\/wp-content\/uploads\/2020\/02\/MediaMarkt_zene_romantika01a-275x205.png 275w, https:\/\/hir.mediamarkt.hu\/magazin\/wp-content\/uploads\/2020\/02\/MediaMarkt_zene_romantika01a-300x224.png 300w, https:\/\/hir.mediamarkt.hu\/magazin\/wp-content\/uploads\/2020\/02\/MediaMarkt_zene_romantika01a-768x574.png 768w, https:\/\/hir.mediamarkt.hu\/magazin\/wp-content\/uploads\/2020\/02\/MediaMarkt_zene_romantika01a-500x375.png 500w, https:\/\/hir.mediamarkt.hu\/magazin\/wp-content\/uploads\/2020\/02\/MediaMarkt_zene_romantika01a.png 786w\" sizes=\"(max-width: 275px) 100vw, 275px\" \/><\/a>\n\t\t\t<\/dt><\/dl><dl class='gallery-item'>\n\t\t\t<dt class='gallery-icon landscape'>\n\t\t\t\t<a href='https:\/\/hir.mediamarkt.hu\/magazin\/zeneajanlo-zenek-hangulatra-komponalva-nana-hogy-szerelem-temakorben\/mediamarkt_zene_romantika01b\/'><img loading=\"lazy\" decoding=\"async\" width=\"275\" height=\"205\" src=\"https:\/\/hir.mediamarkt.hu\/magazin\/wp-content\/uploads\/2020\/02\/MediaMarkt_zene_romantika01b-275x205.png\" class=\"attachment-thumbnail size-thumbnail\" alt=\"\" srcset=\"https:\/\/hir.mediamarkt.hu\/magazin\/wp-content\/uploads\/2020\/02\/MediaMarkt_zene_romantika01b-275x205.png 275w, https:\/\/hir.mediamarkt.hu\/magazin\/wp-content\/uploads\/2020\/02\/MediaMarkt_zene_romantika01b-300x224.png 300w, https:\/\/hir.mediamarkt.hu\/magazin\/wp-content\/uploads\/2020\/02\/MediaMarkt_zene_romantika01b-768x574.png 768w, https:\/\/hir.mediamarkt.hu\/magazin\/wp-content\/uploads\/2020\/02\/MediaMarkt_zene_romantika01b-500x375.png 500w, https:\/\/hir.mediamarkt.hu\/magazin\/wp-content\/uploads\/2020\/02\/MediaMarkt_zene_romantika01b.png 786w\" sizes=\"(max-width: 275px) 100vw, 275px\" \/><\/a>\n\t\t\t<\/dt><\/dl><br style=\"clear: both\" \/><dl class='gallery-item'>\n\t\t\t<dt class='gallery-icon landscape'>\n\t\t\t\t<a href='https:\/\/hir.mediamarkt.hu\/magazin\/zeneajanlo-zenek-hangulatra-komponalva-nana-hogy-szerelem-temakorben\/mediamarkt_zene_romantika01c\/'><img loading=\"lazy\" decoding=\"async\" width=\"275\" height=\"205\" src=\"https:\/\/hir.mediamarkt.hu\/magazin\/wp-content\/uploads\/2020\/02\/MediaMarkt_zene_romantika01c-275x205.png\" class=\"attachment-thumbnail size-thumbnail\" alt=\"\" srcset=\"https:\/\/hir.mediamarkt.hu\/magazin\/wp-content\/uploads\/2020\/02\/MediaMarkt_zene_romantika01c-275x205.png 275w, https:\/\/hir.mediamarkt.hu\/magazin\/wp-content\/uploads\/2020\/02\/MediaMarkt_zene_romantika01c-300x224.png 300w, https:\/\/hir.mediamarkt.hu\/magazin\/wp-content\/uploads\/2020\/02\/MediaMarkt_zene_romantika01c-768x574.png 768w, https:\/\/hir.mediamarkt.hu\/magazin\/wp-content\/uploads\/2020\/02\/MediaMarkt_zene_romantika01c-500x375.png 500w, https:\/\/hir.mediamarkt.hu\/magazin\/wp-content\/uploads\/2020\/02\/MediaMarkt_zene_romantika01c.png 786w\" sizes=\"(max-width: 275px) 100vw, 275px\" \/><\/a>\n\t\t\t<\/dt><\/dl><dl class='gallery-item'>\n\t\t\t<dt class='gallery-icon landscape'>\n\t\t\t\t<a href='https:\/\/hir.mediamarkt.hu\/magazin\/zeneajanlo-zenek-hangulatra-komponalva-nana-hogy-szerelem-temakorben\/mediamarkt_zene_romantika01d\/'><img loading=\"lazy\" decoding=\"async\" width=\"275\" height=\"205\" src=\"https:\/\/hir.mediamarkt.hu\/magazin\/wp-content\/uploads\/2020\/02\/MediaMarkt_zene_romantika01d-275x205.png\" class=\"attachment-thumbnail size-thumbnail\" alt=\"\" srcset=\"https:\/\/hir.mediamarkt.hu\/magazin\/wp-content\/uploads\/2020\/02\/MediaMarkt_zene_romantika01d-275x205.png 275w, https:\/\/hir.mediamarkt.hu\/magazin\/wp-content\/uploads\/2020\/02\/MediaMarkt_zene_romantika01d-300x224.png 300w, https:\/\/hir.mediamarkt.hu\/magazin\/wp-content\/uploads\/2020\/02\/MediaMarkt_zene_romantika01d-768x574.png 768w, https:\/\/hir.mediamarkt.hu\/magazin\/wp-content\/uploads\/2020\/02\/MediaMarkt_zene_romantika01d-500x375.png 500w, https:\/\/hir.mediamarkt.hu\/magazin\/wp-content\/uploads\/2020\/02\/MediaMarkt_zene_romantika01d.png 786w\" sizes=\"(max-width: 275px) 100vw, 275px\" \/><\/a>\n\t\t\t<\/dt><\/dl>\n\t\t\t<br style='clear: both' \/>\n\t\t<\/div>\n\r\n\r\n&nbsp;\r\n\r\n&nbsp;\r\n\r\n<strong>\u00c9rz\u00e9kibb hallgat\u00f3knak<\/strong>\r\n\r\n&nbsp;\r\n<blockquote><a href=\"https:\/\/www.mediamarkt.hu\/catentry\/1280051\"><span style=\"font-weight: 400;\">Prince &#8211; Musicology (Limited Edition) (Vinyl LP (nagylemez)<\/span><\/a><span style=\"font-weight: 400;\">), 9399 Ft<\/span>\r\n\r\n<a href=\"https:\/\/www.mediamarkt.hu\/catentry\/9131282\"><span style=\"font-weight: 400;\">Prince &#8211; Diamonds And Pearls (DVD)<\/span><\/a><span style=\"font-weight: 400;\">, 2899 Ft<\/span>\r\n\r\n<a href=\"https:\/\/www.mediamarkt.hu\/catentry\/9168114\"><span style=\"font-weight: 400;\">En Vogue &#8211; The Platinum Collection (CD)<\/span><\/a><span style=\"font-weight: 400;\">, 1799 Ft<\/span><\/blockquote>\r\n&nbsp;\r\n\r\n\n\t\t<style type=\"text\/css\">\n\t\t\t#gallery-2 {\n\t\t\t\tmargin: auto;\n\t\t\t}\n\t\t\t#gallery-2 .gallery-item {\n\t\t\t\tfloat: left;\n\t\t\t\tmargin-top: 10px;\n\t\t\t\ttext-align: center;\n\t\t\t\twidth: 33%;\n\t\t\t}\n\t\t\t#gallery-2 img {\n\t\t\t\tborder: 2px solid #cfcfcf;\n\t\t\t}\n\t\t\t#gallery-2 .gallery-caption {\n\t\t\t\tmargin-left: 0;\n\t\t\t}\n\t\t\t\/* see gallery_shortcode() in wp-includes\/media.php *\/\n\t\t<\/style>\n\t\t<div id='gallery-2' class='gallery galleryid-10178 gallery-columns-3 gallery-size-thumbnail'><dl class='gallery-item'>\n\t\t\t<dt class='gallery-icon landscape'>\n\t\t\t\t<a href='https:\/\/hir.mediamarkt.hu\/magazin\/zeneajanlo-zenek-hangulatra-komponalva-nana-hogy-szerelem-temakorben\/mediamarkt_zene_romantika02\/'><img loading=\"lazy\" decoding=\"async\" width=\"275\" height=\"205\" src=\"https:\/\/hir.mediamarkt.hu\/magazin\/wp-content\/uploads\/2020\/02\/MediaMarkt_zene_romantika02-275x205.png\" class=\"attachment-thumbnail size-thumbnail\" alt=\"\" srcset=\"https:\/\/hir.mediamarkt.hu\/magazin\/wp-content\/uploads\/2020\/02\/MediaMarkt_zene_romantika02-275x205.png 275w, https:\/\/hir.mediamarkt.hu\/magazin\/wp-content\/uploads\/2020\/02\/MediaMarkt_zene_romantika02-300x224.png 300w, https:\/\/hir.mediamarkt.hu\/magazin\/wp-content\/uploads\/2020\/02\/MediaMarkt_zene_romantika02-768x574.png 768w, https:\/\/hir.mediamarkt.hu\/magazin\/wp-content\/uploads\/2020\/02\/MediaMarkt_zene_romantika02-500x375.png 500w, https:\/\/hir.mediamarkt.hu\/magazin\/wp-content\/uploads\/2020\/02\/MediaMarkt_zene_romantika02.png 786w\" sizes=\"(max-width: 275px) 100vw, 275px\" \/><\/a>\n\t\t\t<\/dt><\/dl><dl class='gallery-item'>\n\t\t\t<dt class='gallery-icon landscape'>\n\t\t\t\t<a href='https:\/\/hir.mediamarkt.hu\/magazin\/zeneajanlo-zenek-hangulatra-komponalva-nana-hogy-szerelem-temakorben\/mediamarkt_zene_romantika02a\/'><img loading=\"lazy\" decoding=\"async\" width=\"275\" height=\"205\" src=\"https:\/\/hir.mediamarkt.hu\/magazin\/wp-content\/uploads\/2020\/02\/MediaMarkt_zene_romantika02a-275x205.png\" class=\"attachment-thumbnail size-thumbnail\" alt=\"\" srcset=\"https:\/\/hir.mediamarkt.hu\/magazin\/wp-content\/uploads\/2020\/02\/MediaMarkt_zene_romantika02a-275x205.png 275w, https:\/\/hir.mediamarkt.hu\/magazin\/wp-content\/uploads\/2020\/02\/MediaMarkt_zene_romantika02a-300x224.png 300w, https:\/\/hir.mediamarkt.hu\/magazin\/wp-content\/uploads\/2020\/02\/MediaMarkt_zene_romantika02a-768x574.png 768w, https:\/\/hir.mediamarkt.hu\/magazin\/wp-content\/uploads\/2020\/02\/MediaMarkt_zene_romantika02a-500x375.png 500w, https:\/\/hir.mediamarkt.hu\/magazin\/wp-content\/uploads\/2020\/02\/MediaMarkt_zene_romantika02a.png 786w\" sizes=\"(max-width: 275px) 100vw, 275px\" \/><\/a>\n\t\t\t<\/dt><\/dl><dl class='gallery-item'>\n\t\t\t<dt class='gallery-icon landscape'>\n\t\t\t\t<a href='https:\/\/hir.mediamarkt.hu\/magazin\/zeneajanlo-zenek-hangulatra-komponalva-nana-hogy-szerelem-temakorben\/mediamarkt_zene_romantika02b\/'><img loading=\"lazy\" decoding=\"async\" width=\"275\" height=\"205\" src=\"https:\/\/hir.mediamarkt.hu\/magazin\/wp-content\/uploads\/2020\/02\/MediaMarkt_zene_romantika02b-275x205.png\" class=\"attachment-thumbnail size-thumbnail\" alt=\"\" srcset=\"https:\/\/hir.mediamarkt.hu\/magazin\/wp-content\/uploads\/2020\/02\/MediaMarkt_zene_romantika02b-275x205.png 275w, https:\/\/hir.mediamarkt.hu\/magazin\/wp-content\/uploads\/2020\/02\/MediaMarkt_zene_romantika02b-300x224.png 300w, https:\/\/hir.mediamarkt.hu\/magazin\/wp-content\/uploads\/2020\/02\/MediaMarkt_zene_romantika02b-768x574.png 768w, https:\/\/hir.mediamarkt.hu\/magazin\/wp-content\/uploads\/2020\/02\/MediaMarkt_zene_romantika02b-500x375.png 500w, https:\/\/hir.mediamarkt.hu\/magazin\/wp-content\/uploads\/2020\/02\/MediaMarkt_zene_romantika02b.png 786w\" sizes=\"(max-width: 275px) 100vw, 275px\" \/><\/a>\n\t\t\t<\/dt><\/dl><br style=\"clear: both\" \/>\n\t\t<\/div>\n\r\n\r\n&nbsp;\r\n\r\n<strong>Tiniknek<\/strong>\r\n\r\n&nbsp;\r\n<blockquote><a href=\"https:\/\/www.mediamarkt.hu\/catentry\/1226653\"><span style=\"font-weight: 400;\">Ed Sheeran &#8211; Divide (Limited Deluxe Edition) (CD)<\/span><\/a><span style=\"font-weight: 400;\">, 2999 Ft<\/span>\r\n\r\n<a href=\"https:\/\/www.mediamarkt.hu\/catentry\/1268510\"><span style=\"font-weight: 400;\">Ed Sheeran &#8211; X (Limited Dark Green Edition) (Vinyl LP (nagylemez))<\/span><\/a><span style=\"font-weight: 400;\">, 7399 Ft<\/span>\r\n\r\n<a href=\"https:\/\/www.mediamarkt.hu\/catentry\/1190102\"><span style=\"font-weight: 400;\">VIXX &#8211; Eternity (4 Single Album) (CD)<\/span><\/a><span style=\"font-weight: 400;\">, 5399 Ft<\/span>\r\n\r\n<a href=\"https:\/\/www.mediamarkt.hu\/catentry\/1285180\"><span style=\"font-weight: 400;\">Girls&#8217; Generation &#8211; Holler (2nd Mini Album) (CD)<\/span><\/a><span style=\"font-weight: 400;\">, 6999 Ft<\/span><\/blockquote>\r\n&nbsp;\r\n\r\n\n\t\t<style type=\"text\/css\">\n\t\t\t#gallery-3 {\n\t\t\t\tmargin: auto;\n\t\t\t}\n\t\t\t#gallery-3 .gallery-item {\n\t\t\t\tfloat: left;\n\t\t\t\tmargin-top: 10px;\n\t\t\t\ttext-align: center;\n\t\t\t\twidth: 33%;\n\t\t\t}\n\t\t\t#gallery-3 img {\n\t\t\t\tborder: 2px solid #cfcfcf;\n\t\t\t}\n\t\t\t#gallery-3 .gallery-caption {\n\t\t\t\tmargin-left: 0;\n\t\t\t}\n\t\t\t\/* see gallery_shortcode() in wp-includes\/media.php *\/\n\t\t<\/style>\n\t\t<div id='gallery-3' class='gallery galleryid-10178 gallery-columns-3 gallery-size-thumbnail'><dl class='gallery-item'>\n\t\t\t<dt class='gallery-icon landscape'>\n\t\t\t\t<a href='https:\/\/hir.mediamarkt.hu\/magazin\/zeneajanlo-zenek-hangulatra-komponalva-nana-hogy-szerelem-temakorben\/mediamarkt_zene_romantika03\/'><img loading=\"lazy\" decoding=\"async\" width=\"275\" height=\"205\" src=\"https:\/\/hir.mediamarkt.hu\/magazin\/wp-content\/uploads\/2020\/02\/MediaMarkt_zene_romantika03-275x205.png\" class=\"attachment-thumbnail size-thumbnail\" alt=\"\" srcset=\"https:\/\/hir.mediamarkt.hu\/magazin\/wp-content\/uploads\/2020\/02\/MediaMarkt_zene_romantika03-275x205.png 275w, https:\/\/hir.mediamarkt.hu\/magazin\/wp-content\/uploads\/2020\/02\/MediaMarkt_zene_romantika03-300x224.png 300w, https:\/\/hir.mediamarkt.hu\/magazin\/wp-content\/uploads\/2020\/02\/MediaMarkt_zene_romantika03-768x574.png 768w, https:\/\/hir.mediamarkt.hu\/magazin\/wp-content\/uploads\/2020\/02\/MediaMarkt_zene_romantika03-500x375.png 500w, https:\/\/hir.mediamarkt.hu\/magazin\/wp-content\/uploads\/2020\/02\/MediaMarkt_zene_romantika03.png 786w\" sizes=\"(max-width: 275px) 100vw, 275px\" \/><\/a>\n\t\t\t<\/dt><\/dl><dl class='gallery-item'>\n\t\t\t<dt class='gallery-icon landscape'>\n\t\t\t\t<a href='https:\/\/hir.mediamarkt.hu\/magazin\/zeneajanlo-zenek-hangulatra-komponalva-nana-hogy-szerelem-temakorben\/mediamarkt_zene_romantika03a\/'><img loading=\"lazy\" decoding=\"async\" width=\"275\" height=\"205\" src=\"https:\/\/hir.mediamarkt.hu\/magazin\/wp-content\/uploads\/2020\/02\/MediaMarkt_zene_romantika03a-275x205.png\" class=\"attachment-thumbnail size-thumbnail\" alt=\"\" srcset=\"https:\/\/hir.mediamarkt.hu\/magazin\/wp-content\/uploads\/2020\/02\/MediaMarkt_zene_romantika03a-275x205.png 275w, https:\/\/hir.mediamarkt.hu\/magazin\/wp-content\/uploads\/2020\/02\/MediaMarkt_zene_romantika03a-300x224.png 300w, https:\/\/hir.mediamarkt.hu\/magazin\/wp-content\/uploads\/2020\/02\/MediaMarkt_zene_romantika03a-768x574.png 768w, https:\/\/hir.mediamarkt.hu\/magazin\/wp-content\/uploads\/2020\/02\/MediaMarkt_zene_romantika03a-500x375.png 500w, https:\/\/hir.mediamarkt.hu\/magazin\/wp-content\/uploads\/2020\/02\/MediaMarkt_zene_romantika03a.png 786w\" sizes=\"(max-width: 275px) 100vw, 275px\" \/><\/a>\n\t\t\t<\/dt><\/dl><dl class='gallery-item'>\n\t\t\t<dt class='gallery-icon landscape'>\n\t\t\t\t<a href='https:\/\/hir.mediamarkt.hu\/magazin\/zeneajanlo-zenek-hangulatra-komponalva-nana-hogy-szerelem-temakorben\/mediamarkt_zene_romantika03b\/'><img loading=\"lazy\" decoding=\"async\" width=\"275\" height=\"205\" src=\"https:\/\/hir.mediamarkt.hu\/magazin\/wp-content\/uploads\/2020\/02\/MediaMarkt_zene_romantika03b-275x205.png\" class=\"attachment-thumbnail size-thumbnail\" alt=\"\" srcset=\"https:\/\/hir.mediamarkt.hu\/magazin\/wp-content\/uploads\/2020\/02\/MediaMarkt_zene_romantika03b-275x205.png 275w, https:\/\/hir.mediamarkt.hu\/magazin\/wp-content\/uploads\/2020\/02\/MediaMarkt_zene_romantika03b-300x224.png 300w, https:\/\/hir.mediamarkt.hu\/magazin\/wp-content\/uploads\/2020\/02\/MediaMarkt_zene_romantika03b-768x574.png 768w, https:\/\/hir.mediamarkt.hu\/magazin\/wp-content\/uploads\/2020\/02\/MediaMarkt_zene_romantika03b-500x375.png 500w, https:\/\/hir.mediamarkt.hu\/magazin\/wp-content\/uploads\/2020\/02\/MediaMarkt_zene_romantika03b.png 786w\" sizes=\"(max-width: 275px) 100vw, 275px\" \/><\/a>\n\t\t\t<\/dt><\/dl><br style=\"clear: both\" \/><dl class='gallery-item'>\n\t\t\t<dt class='gallery-icon landscape'>\n\t\t\t\t<a href='https:\/\/hir.mediamarkt.hu\/magazin\/zeneajanlo-zenek-hangulatra-komponalva-nana-hogy-szerelem-temakorben\/mediamarkt_zene_romantika03c\/'><img loading=\"lazy\" decoding=\"async\" width=\"275\" height=\"205\" src=\"https:\/\/hir.mediamarkt.hu\/magazin\/wp-content\/uploads\/2020\/02\/MediaMarkt_zene_romantika03c-275x205.png\" class=\"attachment-thumbnail size-thumbnail\" alt=\"\" srcset=\"https:\/\/hir.mediamarkt.hu\/magazin\/wp-content\/uploads\/2020\/02\/MediaMarkt_zene_romantika03c-275x205.png 275w, https:\/\/hir.mediamarkt.hu\/magazin\/wp-content\/uploads\/2020\/02\/MediaMarkt_zene_romantika03c-300x224.png 300w, https:\/\/hir.mediamarkt.hu\/magazin\/wp-content\/uploads\/2020\/02\/MediaMarkt_zene_romantika03c-768x574.png 768w, https:\/\/hir.mediamarkt.hu\/magazin\/wp-content\/uploads\/2020\/02\/MediaMarkt_zene_romantika03c-500x375.png 500w, https:\/\/hir.mediamarkt.hu\/magazin\/wp-content\/uploads\/2020\/02\/MediaMarkt_zene_romantika03c.png 786w\" sizes=\"(max-width: 275px) 100vw, 275px\" \/><\/a>\n\t\t\t<\/dt><\/dl>\n\t\t\t<br style='clear: both' \/>\n\t\t<\/div>\n\r\n\r\n&nbsp;\r\n\r\n<strong>Rebelliseknek<\/strong>\r\n\r\n&nbsp;\r\n<blockquote><a href=\"https:\/\/www.mediamarkt.hu\/catentry\/1209106\"><span style=\"font-weight: 400;\">Faith No More &#8211; King For A Day&#8230;Fool For A Lifetime (Deluxe Edt.) (Vinyl LP (nagylemez))<\/span><\/a><span style=\"font-weight: 400;\">, 7399 Ft<\/span>\r\n\r\n<a href=\"https:\/\/www.mediamarkt.hu\/catentry\/9206758\"><span style=\"font-weight: 400;\">Slash &amp; Myles Kennedy &#8211; Apocalyptic Love (CD + DVD)<\/span><\/a><span style=\"font-weight: 400;\">, 3599 Ft<\/span>\r\n\r\n<a href=\"https:\/\/www.mediamarkt.hu\/catentry\/1181552\"><span style=\"font-weight: 400;\">The Jimi Hendrix Experience &#8211; Axis &#8211; Bold as Love (Vinyl LP (nagylemez))<\/span><\/a><span style=\"font-weight: 400;\">, 6299 Ft<\/span>\r\n\r\n<a href=\"https:\/\/www.mediamarkt.hu\/catentry\/1139837\"><span style=\"font-weight: 400;\">Ziggy Marley &#8211; Fly Rasta (CD)<\/span><\/a><span style=\"font-weight: 400;\">, 4299 Ft<\/span><\/blockquote>\r\n&nbsp;\r\n\r\n\n\t\t<style type=\"text\/css\">\n\t\t\t#gallery-4 {\n\t\t\t\tmargin: auto;\n\t\t\t}\n\t\t\t#gallery-4 .gallery-item {\n\t\t\t\tfloat: left;\n\t\t\t\tmargin-top: 10px;\n\t\t\t\ttext-align: center;\n\t\t\t\twidth: 33%;\n\t\t\t}\n\t\t\t#gallery-4 img {\n\t\t\t\tborder: 2px solid #cfcfcf;\n\t\t\t}\n\t\t\t#gallery-4 .gallery-caption {\n\t\t\t\tmargin-left: 0;\n\t\t\t}\n\t\t\t\/* see gallery_shortcode() in wp-includes\/media.php *\/\n\t\t<\/style>\n\t\t<div id='gallery-4' class='gallery galleryid-10178 gallery-columns-3 gallery-size-thumbnail'><dl class='gallery-item'>\n\t\t\t<dt class='gallery-icon landscape'>\n\t\t\t\t<a href='https:\/\/hir.mediamarkt.hu\/magazin\/zeneajanlo-zenek-hangulatra-komponalva-nana-hogy-szerelem-temakorben\/mediamarkt_zene_romantika04\/'><img loading=\"lazy\" decoding=\"async\" width=\"275\" height=\"270\" src=\"https:\/\/hir.mediamarkt.hu\/magazin\/wp-content\/uploads\/2020\/02\/MediaMarkt_zene_romantika04-275x270.jpg\" class=\"attachment-thumbnail size-thumbnail\" alt=\"\" srcset=\"https:\/\/hir.mediamarkt.hu\/magazin\/wp-content\/uploads\/2020\/02\/MediaMarkt_zene_romantika04-275x270.jpg 275w, https:\/\/hir.mediamarkt.hu\/magazin\/wp-content\/uploads\/2020\/02\/MediaMarkt_zene_romantika04-300x295.jpg 300w, https:\/\/hir.mediamarkt.hu\/magazin\/wp-content\/uploads\/2020\/02\/MediaMarkt_zene_romantika04-1024x1006.jpg 1024w, https:\/\/hir.mediamarkt.hu\/magazin\/wp-content\/uploads\/2020\/02\/MediaMarkt_zene_romantika04-768x755.jpg 768w, https:\/\/hir.mediamarkt.hu\/magazin\/wp-content\/uploads\/2020\/02\/MediaMarkt_zene_romantika04.jpg 1050w\" sizes=\"(max-width: 275px) 100vw, 275px\" \/><\/a>\n\t\t\t<\/dt><\/dl><dl class='gallery-item'>\n\t\t\t<dt class='gallery-icon landscape'>\n\t\t\t\t<a href='https:\/\/hir.mediamarkt.hu\/magazin\/zeneajanlo-zenek-hangulatra-komponalva-nana-hogy-szerelem-temakorben\/mediamarkt_zene_romantika04a\/'><img loading=\"lazy\" decoding=\"async\" width=\"275\" height=\"205\" src=\"https:\/\/hir.mediamarkt.hu\/magazin\/wp-content\/uploads\/2020\/02\/MediaMarkt_zene_romantika04a-275x205.png\" class=\"attachment-thumbnail size-thumbnail\" alt=\"\" srcset=\"https:\/\/hir.mediamarkt.hu\/magazin\/wp-content\/uploads\/2020\/02\/MediaMarkt_zene_romantika04a-275x205.png 275w, https:\/\/hir.mediamarkt.hu\/magazin\/wp-content\/uploads\/2020\/02\/MediaMarkt_zene_romantika04a-300x224.png 300w, https:\/\/hir.mediamarkt.hu\/magazin\/wp-content\/uploads\/2020\/02\/MediaMarkt_zene_romantika04a-768x574.png 768w, https:\/\/hir.mediamarkt.hu\/magazin\/wp-content\/uploads\/2020\/02\/MediaMarkt_zene_romantika04a-500x375.png 500w, https:\/\/hir.mediamarkt.hu\/magazin\/wp-content\/uploads\/2020\/02\/MediaMarkt_zene_romantika04a.png 786w\" sizes=\"(max-width: 275px) 100vw, 275px\" \/><\/a>\n\t\t\t<\/dt><\/dl><dl class='gallery-item'>\n\t\t\t<dt class='gallery-icon landscape'>\n\t\t\t\t<a href='https:\/\/hir.mediamarkt.hu\/magazin\/zeneajanlo-zenek-hangulatra-komponalva-nana-hogy-szerelem-temakorben\/mediamarkt_zene_romantika04b\/'><img loading=\"lazy\" decoding=\"async\" width=\"275\" height=\"205\" src=\"https:\/\/hir.mediamarkt.hu\/magazin\/wp-content\/uploads\/2020\/02\/MediaMarkt_zene_romantika04b-275x205.png\" class=\"attachment-thumbnail size-thumbnail\" alt=\"\" srcset=\"https:\/\/hir.mediamarkt.hu\/magazin\/wp-content\/uploads\/2020\/02\/MediaMarkt_zene_romantika04b-275x205.png 275w, https:\/\/hir.mediamarkt.hu\/magazin\/wp-content\/uploads\/2020\/02\/MediaMarkt_zene_romantika04b-300x224.png 300w, https:\/\/hir.mediamarkt.hu\/magazin\/wp-content\/uploads\/2020\/02\/MediaMarkt_zene_romantika04b-768x574.png 768w, https:\/\/hir.mediamarkt.hu\/magazin\/wp-content\/uploads\/2020\/02\/MediaMarkt_zene_romantika04b-500x375.png 500w, https:\/\/hir.mediamarkt.hu\/magazin\/wp-content\/uploads\/2020\/02\/MediaMarkt_zene_romantika04b.png 786w\" sizes=\"(max-width: 275px) 100vw, 275px\" \/><\/a>\n\t\t\t<\/dt><\/dl><br style=\"clear: both\" \/><dl class='gallery-item'>\n\t\t\t<dt class='gallery-icon landscape'>\n\t\t\t\t<a href='https:\/\/hir.mediamarkt.hu\/magazin\/zeneajanlo-zenek-hangulatra-komponalva-nana-hogy-szerelem-temakorben\/mediamarkt_zene_romantika04c\/'><img loading=\"lazy\" decoding=\"async\" width=\"275\" height=\"205\" src=\"https:\/\/hir.mediamarkt.hu\/magazin\/wp-content\/uploads\/2020\/02\/MediaMarkt_zene_romantika04c-275x205.png\" class=\"attachment-thumbnail size-thumbnail\" alt=\"\" srcset=\"https:\/\/hir.mediamarkt.hu\/magazin\/wp-content\/uploads\/2020\/02\/MediaMarkt_zene_romantika04c-275x205.png 275w, https:\/\/hir.mediamarkt.hu\/magazin\/wp-content\/uploads\/2020\/02\/MediaMarkt_zene_romantika04c-300x224.png 300w, https:\/\/hir.mediamarkt.hu\/magazin\/wp-content\/uploads\/2020\/02\/MediaMarkt_zene_romantika04c-768x574.png 768w, https:\/\/hir.mediamarkt.hu\/magazin\/wp-content\/uploads\/2020\/02\/MediaMarkt_zene_romantika04c-500x375.png 500w, https:\/\/hir.mediamarkt.hu\/magazin\/wp-content\/uploads\/2020\/02\/MediaMarkt_zene_romantika04c.png 786w\" sizes=\"(max-width: 275px) 100vw, 275px\" \/><\/a>\n\t\t\t<\/dt><\/dl>\n\t\t\t<br style='clear: both' \/>\n\t\t<\/div>\n\r\n\r\n&nbsp;\r\n\r\n&nbsp;\r\n<h2><b>Kapcsol\u00f3d\u00f3 MediaMarkt cikkek:\u00a0<\/b><\/h2>\r\n&nbsp;\r\n\r\n<a href=\"https:\/\/hir.mediamarkt.hu\/magazin\/ezt-hallgasd-meg-zenek-hangulatra-komponalva-chill\/\"><span style=\"font-weight: 400;\">EZT HALLGASD MEG! ZEN\u00c9K HANGULATRA KOMPON\u00c1LVA: CHILL<\/span><\/a>\r\n\r\n<a href=\"https:\/\/hir.mediamarkt.hu\/magazin\/zeneajanlo-zenek-hangulatra-komponalva-duh-es-orjonges\/\"><span style=\"font-weight: 400;\">ZENEAJ\u00c1NL\u00d3! ZEN\u00c9K HANGULATRA KOMPON\u00c1LVA: D\u00dcH \u00c9S \u0150RJ\u00d6NG\u00c9S<\/span><\/a>\r\n\r\n&nbsp;\r\n\r\n<a href=\"https:\/\/hir.mediamarkt.hu\/magazin\/valentin_kiborito_ajandekok\/\">VALENTIN NAPI AJ\u00c1ND\u00c9KOK, AMIKKEL KIBOR\u00cdTHATJUK P\u00c1RUNKAT<\/a>\r\n\r\n<a href=\"https:\/\/hir.mediamarkt.hu\/magazin\/ezt-ne-add-nekem-valentin-napon-es-meguszod-a-balhet-women-edition\/\"><span style=\"font-weight: 400;\">EZT NE ADD NEKEM VALENTIN NAPON \u00c9S MEG\u00daSZOD A BALH\u00c9T! \u2013 WOMEN EDITION<\/span><\/a>\r\n\r\n<a href=\"https:\/\/hir.mediamarkt.hu\/magazin\/ezt-ne-csinald-valentin-napon-es-megusszuk-a-balhet-men-edition\/\">EZT NE CSIN\u00c1LD VALENTIN NAPON \u00c9S MEG\u00daSSZUK A BALH\u00c9T! \u2013 MEN EDITION<\/a>\r\n\r\n<a href=\"https:\/\/hir.mediamarkt.hu\/magazin\/valentin-nap-programajanlo\/\">VAN CSAJOD? NINCS CSAJOD? AKKOR IS MEGMONDJUK, MIT CSIN\u00c1LSZ VALENTIN-NAPON!<\/a>\r\n\r\n<a href=\"https:\/\/hir.mediamarkt.hu\/magazin\/van-pasid-nincs-pasid-akkor-megmondjuk-mit-csinalsz-valentin-napon\/\">VAN PASID? NINCS PASID? AKKOR IS MEGMONDJUK, MIT CSIN\u00c1LSZ VALENTIN NAPON!<\/a>\r\n\r\n&nbsp;\r\n\r\n<a href=\"https:\/\/hir.mediamarkt.hu\/magazin\/top-5-film-szingli-noknek-ha-bogni-akarnak-valentin-napon\/\">TOP 5 FILM SZINGLI N\u0150KNEK, HA B\u0150GNI AKARNAK VALENTIN-NAPON!<\/a>\r\n\r\n<a href=\"https:\/\/hir.mediamarkt.hu\/magazin\/top-5-film-szingli-noknek-ha-rohogni-akarnak-valentin-napon\/\">TOP 5 FILM SZINGLI N\u0150KNEK, HA R\u00d6H\u00d6GNI AKARNAK VALENTIN-NAPON!<\/a>","protected":false},"excerpt":{"rendered":"Mikor m\u00e1skor, mint a sokak \u00e1ltal v\u00e1rt, \u00e9s a hasonl\u00f3an sokak \u00e1ltal ki nem \u00e1llhatott Valentin-nap alkalm\u00e1b\u00f3l a romantikus t\u00e1rgy\u00fa zenei kiadv\u00e1nyok viz\u00e9re evez\u00fcnk. Ha mag\u00e1nyos vagy, az\u00e9rt, ha b\u00fajni akarsz a p\u00e1roddal, az\u00e9rt n\u00e9zd \u00e1t, mit v\u00e1logattunk \u00f6ssze a MediaMarkt k\u00edn\u00e1lat\u00e1b\u00f3l.\u00a0","protected":false},"author":13,"featured_media":10197,"comment_status":"open","ping_status":"open","sticky":false,"template":"","format":"standard","meta":{"wprm-recipe-roundup-name":"","wprm-recipe-roundup-description":"","footnotes":""},"categories":[5948],"tags":[980,2292,3736,2219,2217,226,2186,3737,3797,2405,2127,2173,3764,2977,3796,3710,2881,2882,2394,3008,2454,2281,2387,94],"yoast_head":"<!-- This site is optimized with the Yoast SEO plugin v22.9 - https:\/\/yoast.com\/wordpress\/plugins\/seo\/ -->\n<title>Zeneaj\u00e1nl\u00f3! Zen\u00e9k hangulatra kompon\u00e1lva: nan\u00e1, hogy szerelem t\u00e9mak\u00f6rben! - MediaMarkt Magazin<\/title>\n<meta name=\"description\" content=\"Valentin-nap volt \u00e9s lesz is. Lehet nem szeretni, lehet repesve v\u00e1rni, mindenesetre a nyakunkon van. Hogy hangulatba ker\u00fclj, neked is v\u00e1logattunk zen\u00e9t...\" \/>\n<meta name=\"robots\" content=\"index, follow, max-snippet:-1, max-image-preview:large, max-video-preview:-1\" \/>\n<link rel=\"canonical\" href=\"https:\/\/hir.mediamarkt.hu\/magazin\/zeneajanlo-zenek-hangulatra-komponalva-nana-hogy-szerelem-temakorben\/\" \/>\n<meta property=\"og:locale\" content=\"hu_HU\" \/>\n<meta property=\"og:type\" content=\"article\" \/>\n<meta property=\"og:title\" content=\"Zeneaj\u00e1nl\u00f3! Zen\u00e9k hangulatra kompon\u00e1lva: nan\u00e1, hogy szerelem t\u00e9mak\u00f6rben! - MediaMarkt Magazin\" \/>\n<meta property=\"og:description\" content=\"Valentin-nap volt \u00e9s lesz is. Lehet nem szeretni, lehet repesve v\u00e1rni, mindenesetre a nyakunkon van. Hogy hangulatba ker\u00fclj, neked is v\u00e1logattunk zen\u00e9t...\" \/>\n<meta property=\"og:url\" content=\"https:\/\/hir.mediamarkt.hu\/magazin\/zeneajanlo-zenek-hangulatra-komponalva-nana-hogy-szerelem-temakorben\/\" \/>\n<meta property=\"og:site_name\" content=\"MediaMarkt Magazin\" \/>\n<meta property=\"article:publisher\" content=\"https:\/\/www.facebook.com\/MediaMarktMagyarorszag\" \/>\n<meta property=\"article:published_time\" content=\"2020-02-11T10:49:03+00:00\" \/>\n<meta property=\"article:modified_time\" content=\"2020-02-11T17:09:34+00:00\" \/>\n<meta property=\"og:image\" content=\"https:\/\/hir.mediamarkt.hu\/magazin\/wp-content\/uploads\/2020\/02\/ajanlo_zenek_hangulatra_szerelem_Media_Markt.png\" \/>\n\t<meta property=\"og:image:width\" content=\"1024\" \/>\n\t<meta property=\"og:image:height\" content=\"619\" \/>\n\t<meta property=\"og:image:type\" content=\"image\/png\" \/>\n<meta name=\"author\" content=\"Media Markt\" \/>\n<meta name=\"twitter:label1\" content=\"Szerz\u0151:\" \/>\n\t<meta name=\"twitter:data1\" content=\"Media Markt\" \/>\n\t<meta name=\"twitter:label2\" content=\"Becs\u00fclt olvas\u00e1si id\u0151\" \/>\n\t<meta name=\"twitter:data2\" content=\"7 perc\" \/>\n<script type=\"application\/ld+json\" class=\"yoast-schema-graph\">{\"@context\":\"https:\/\/schema.org\",\"@graph\":[{\"@type\":\"WebPage\",\"@id\":\"https:\/\/hir.mediamarkt.hu\/magazin\/zeneajanlo-zenek-hangulatra-komponalva-nana-hogy-szerelem-temakorben\/\",\"url\":\"https:\/\/hir.mediamarkt.hu\/magazin\/zeneajanlo-zenek-hangulatra-komponalva-nana-hogy-szerelem-temakorben\/\",\"name\":\"Zeneaj\u00e1nl\u00f3! Zen\u00e9k hangulatra kompon\u00e1lva: nan\u00e1, hogy szerelem t\u00e9mak\u00f6rben! - MediaMarkt Magazin\",\"isPartOf\":{\"@id\":\"https:\/\/hir.mediamarkt.hu\/magazin\/#website\"},\"primaryImageOfPage\":{\"@id\":\"https:\/\/hir.mediamarkt.hu\/magazin\/zeneajanlo-zenek-hangulatra-komponalva-nana-hogy-szerelem-temakorben\/#primaryimage\"},\"image\":{\"@id\":\"https:\/\/hir.mediamarkt.hu\/magazin\/zeneajanlo-zenek-hangulatra-komponalva-nana-hogy-szerelem-temakorben\/#primaryimage\"},\"thumbnailUrl\":\"https:\/\/hir.mediamarkt.hu\/magazin\/wp-content\/uploads\/2020\/02\/ajanlo_zenek_hangulatra_szerelem_Media_Markt.png\",\"datePublished\":\"2020-02-11T10:49:03+00:00\",\"dateModified\":\"2020-02-11T17:09:34+00:00\",\"author\":{\"@id\":\"https:\/\/hir.mediamarkt.hu\/magazin\/#\/schema\/person\/b93b02ec1ab4d2353f8d281e171c1b0b\"},\"description\":\"Valentin-nap volt \u00e9s lesz is. Lehet nem szeretni, lehet repesve v\u00e1rni, mindenesetre a nyakunkon van. Hogy hangulatba ker\u00fclj, neked is v\u00e1logattunk zen\u00e9t...\",\"breadcrumb\":{\"@id\":\"https:\/\/hir.mediamarkt.hu\/magazin\/zeneajanlo-zenek-hangulatra-komponalva-nana-hogy-szerelem-temakorben\/#breadcrumb\"},\"inLanguage\":\"hu\",\"potentialAction\":[{\"@type\":\"ReadAction\",\"target\":[\"https:\/\/hir.mediamarkt.hu\/magazin\/zeneajanlo-zenek-hangulatra-komponalva-nana-hogy-szerelem-temakorben\/\"]}]},{\"@type\":\"ImageObject\",\"inLanguage\":\"hu\",\"@id\":\"https:\/\/hir.mediamarkt.hu\/magazin\/zeneajanlo-zenek-hangulatra-komponalva-nana-hogy-szerelem-temakorben\/#primaryimage\",\"url\":\"https:\/\/hir.mediamarkt.hu\/magazin\/wp-content\/uploads\/2020\/02\/ajanlo_zenek_hangulatra_szerelem_Media_Markt.png\",\"contentUrl\":\"https:\/\/hir.mediamarkt.hu\/magazin\/wp-content\/uploads\/2020\/02\/ajanlo_zenek_hangulatra_szerelem_Media_Markt.png\",\"width\":1024,\"height\":619},{\"@type\":\"BreadcrumbList\",\"@id\":\"https:\/\/hir.mediamarkt.hu\/magazin\/zeneajanlo-zenek-hangulatra-komponalva-nana-hogy-szerelem-temakorben\/#breadcrumb\",\"itemListElement\":[{\"@type\":\"ListItem\",\"position\":1,\"name\":\"Kezd\u0151lap\",\"item\":\"https:\/\/hir.mediamarkt.hu\/magazin\/\"},{\"@type\":\"ListItem\",\"position\":2,\"name\":\"Zeneaj\u00e1nl\u00f3! Zen\u00e9k hangulatra kompon\u00e1lva: nan\u00e1, hogy szerelem t\u00e9mak\u00f6rben!\"}]},{\"@type\":\"WebSite\",\"@id\":\"https:\/\/hir.mediamarkt.hu\/magazin\/#website\",\"url\":\"https:\/\/hir.mediamarkt.hu\/magazin\/\",\"name\":\"MediaMarkt Magazin\",\"description\":\"Olvass bele magazinunkba!\",\"potentialAction\":[{\"@type\":\"SearchAction\",\"target\":{\"@type\":\"EntryPoint\",\"urlTemplate\":\"https:\/\/hir.mediamarkt.hu\/magazin\/?s={search_term_string}\"},\"query-input\":\"required name=search_term_string\"}],\"inLanguage\":\"hu\"},{\"@type\":\"Person\",\"@id\":\"https:\/\/hir.mediamarkt.hu\/magazin\/#\/schema\/person\/b93b02ec1ab4d2353f8d281e171c1b0b\",\"name\":\"Media Markt\",\"image\":{\"@type\":\"ImageObject\",\"inLanguage\":\"hu\",\"@id\":\"https:\/\/hir.mediamarkt.hu\/magazin\/#\/schema\/person\/image\/\",\"url\":\"https:\/\/secure.gravatar.com\/avatar\/602bccae8998beee472d01909f0978f1?s=96&d=mm&r=g\",\"contentUrl\":\"https:\/\/secure.gravatar.com\/avatar\/602bccae8998beee472d01909f0978f1?s=96&d=mm&r=g\",\"caption\":\"Media Markt\"}}]}<\/script>\n<!-- \/ Yoast SEO plugin. -->","yoast_head_json":{"title":"Zeneaj\u00e1nl\u00f3! Zen\u00e9k hangulatra kompon\u00e1lva: nan\u00e1, hogy szerelem t\u00e9mak\u00f6rben! - MediaMarkt Magazin","description":"Valentin-nap volt \u00e9s lesz is. Lehet nem szeretni, lehet repesve v\u00e1rni, mindenesetre a nyakunkon van. Hogy hangulatba ker\u00fclj, neked is v\u00e1logattunk zen\u00e9t...","robots":{"index":"index","follow":"follow","max-snippet":"max-snippet:-1","max-image-preview":"max-image-preview:large","max-video-preview":"max-video-preview:-1"},"canonical":"https:\/\/hir.mediamarkt.hu\/magazin\/zeneajanlo-zenek-hangulatra-komponalva-nana-hogy-szerelem-temakorben\/","og_locale":"hu_HU","og_type":"article","og_title":"Zeneaj\u00e1nl\u00f3! Zen\u00e9k hangulatra kompon\u00e1lva: nan\u00e1, hogy szerelem t\u00e9mak\u00f6rben! - MediaMarkt Magazin","og_description":"Valentin-nap volt \u00e9s lesz is. Lehet nem szeretni, lehet repesve v\u00e1rni, mindenesetre a nyakunkon van. Hogy hangulatba ker\u00fclj, neked is v\u00e1logattunk zen\u00e9t...","og_url":"https:\/\/hir.mediamarkt.hu\/magazin\/zeneajanlo-zenek-hangulatra-komponalva-nana-hogy-szerelem-temakorben\/","og_site_name":"MediaMarkt Magazin","article_publisher":"https:\/\/www.facebook.com\/MediaMarktMagyarorszag","article_published_time":"2020-02-11T10:49:03+00:00","article_modified_time":"2020-02-11T17:09:34+00:00","og_image":[{"width":1024,"height":619,"url":"https:\/\/hir.mediamarkt.hu\/magazin\/wp-content\/uploads\/2020\/02\/ajanlo_zenek_hangulatra_szerelem_Media_Markt.png","type":"image\/png"}],"author":"Media Markt","twitter_misc":{"Szerz\u0151:":"Media Markt","Becs\u00fclt olvas\u00e1si id\u0151":"7 perc"},"schema":{"@context":"https:\/\/schema.org","@graph":[{"@type":"WebPage","@id":"https:\/\/hir.mediamarkt.hu\/magazin\/zeneajanlo-zenek-hangulatra-komponalva-nana-hogy-szerelem-temakorben\/","url":"https:\/\/hir.mediamarkt.hu\/magazin\/zeneajanlo-zenek-hangulatra-komponalva-nana-hogy-szerelem-temakorben\/","name":"Zeneaj\u00e1nl\u00f3! Zen\u00e9k hangulatra kompon\u00e1lva: nan\u00e1, hogy szerelem t\u00e9mak\u00f6rben! - MediaMarkt Magazin","isPartOf":{"@id":"https:\/\/hir.mediamarkt.hu\/magazin\/#website"},"primaryImageOfPage":{"@id":"https:\/\/hir.mediamarkt.hu\/magazin\/zeneajanlo-zenek-hangulatra-komponalva-nana-hogy-szerelem-temakorben\/#primaryimage"},"image":{"@id":"https:\/\/hir.mediamarkt.hu\/magazin\/zeneajanlo-zenek-hangulatra-komponalva-nana-hogy-szerelem-temakorben\/#primaryimage"},"thumbnailUrl":"https:\/\/hir.mediamarkt.hu\/magazin\/wp-content\/uploads\/2020\/02\/ajanlo_zenek_hangulatra_szerelem_Media_Markt.png","datePublished":"2020-02-11T10:49:03+00:00","dateModified":"2020-02-11T17:09:34+00:00","author":{"@id":"https:\/\/hir.mediamarkt.hu\/magazin\/#\/schema\/person\/b93b02ec1ab4d2353f8d281e171c1b0b"},"description":"Valentin-nap volt \u00e9s lesz is. Lehet nem szeretni, lehet repesve v\u00e1rni, mindenesetre a nyakunkon van. Hogy hangulatba ker\u00fclj, neked is v\u00e1logattunk zen\u00e9t...","breadcrumb":{"@id":"https:\/\/hir.mediamarkt.hu\/magazin\/zeneajanlo-zenek-hangulatra-komponalva-nana-hogy-szerelem-temakorben\/#breadcrumb"},"inLanguage":"hu","potentialAction":[{"@type":"ReadAction","target":["https:\/\/hir.mediamarkt.hu\/magazin\/zeneajanlo-zenek-hangulatra-komponalva-nana-hogy-szerelem-temakorben\/"]}]},{"@type":"ImageObject","inLanguage":"hu","@id":"https:\/\/hir.mediamarkt.hu\/magazin\/zeneajanlo-zenek-hangulatra-komponalva-nana-hogy-szerelem-temakorben\/#primaryimage","url":"https:\/\/hir.mediamarkt.hu\/magazin\/wp-content\/uploads\/2020\/02\/ajanlo_zenek_hangulatra_szerelem_Media_Markt.png","contentUrl":"https:\/\/hir.mediamarkt.hu\/magazin\/wp-content\/uploads\/2020\/02\/ajanlo_zenek_hangulatra_szerelem_Media_Markt.png","width":1024,"height":619},{"@type":"BreadcrumbList","@id":"https:\/\/hir.mediamarkt.hu\/magazin\/zeneajanlo-zenek-hangulatra-komponalva-nana-hogy-szerelem-temakorben\/#breadcrumb","itemListElement":[{"@type":"ListItem","position":1,"name":"Kezd\u0151lap","item":"https:\/\/hir.mediamarkt.hu\/magazin\/"},{"@type":"ListItem","position":2,"name":"Zeneaj\u00e1nl\u00f3! Zen\u00e9k hangulatra kompon\u00e1lva: nan\u00e1, hogy szerelem t\u00e9mak\u00f6rben!"}]},{"@type":"WebSite","@id":"https:\/\/hir.mediamarkt.hu\/magazin\/#website","url":"https:\/\/hir.mediamarkt.hu\/magazin\/","name":"MediaMarkt Magazin","description":"Olvass bele magazinunkba!","potentialAction":[{"@type":"SearchAction","target":{"@type":"EntryPoint","urlTemplate":"https:\/\/hir.mediamarkt.hu\/magazin\/?s={search_term_string}"},"query-input":"required name=search_term_string"}],"inLanguage":"hu"},{"@type":"Person","@id":"https:\/\/hir.mediamarkt.hu\/magazin\/#\/schema\/person\/b93b02ec1ab4d2353f8d281e171c1b0b","name":"Media Markt","image":{"@type":"ImageObject","inLanguage":"hu","@id":"https:\/\/hir.mediamarkt.hu\/magazin\/#\/schema\/person\/image\/","url":"https:\/\/secure.gravatar.com\/avatar\/602bccae8998beee472d01909f0978f1?s=96&d=mm&r=g","contentUrl":"https:\/\/secure.gravatar.com\/avatar\/602bccae8998beee472d01909f0978f1?s=96&d=mm&r=g","caption":"Media Markt"}}]}},"_links":{"self":[{"href":"https:\/\/hir.mediamarkt.hu\/magazin\/wp-json\/wp\/v2\/posts\/10178"}],"collection":[{"href":"https:\/\/hir.mediamarkt.hu\/magazin\/wp-json\/wp\/v2\/posts"}],"about":[{"href":"https:\/\/hir.mediamarkt.hu\/magazin\/wp-json\/wp\/v2\/types\/post"}],"author":[{"embeddable":true,"href":"https:\/\/hir.mediamarkt.hu\/magazin\/wp-json\/wp\/v2\/users\/13"}],"replies":[{"embeddable":true,"href":"https:\/\/hir.mediamarkt.hu\/magazin\/wp-json\/wp\/v2\/comments?post=10178"}],"version-history":[{"count":2,"href":"https:\/\/hir.mediamarkt.hu\/magazin\/wp-json\/wp\/v2\/posts\/10178\/revisions"}],"predecessor-version":[{"id":10198,"href":"https:\/\/hir.mediamarkt.hu\/magazin\/wp-json\/wp\/v2\/posts\/10178\/revisions\/10198"}],"wp:featuredmedia":[{"embeddable":true,"href":"https:\/\/hir.mediamarkt.hu\/magazin\/wp-json\/wp\/v2\/media\/10197"}],"wp:attachment":[{"href":"https:\/\/hir.mediamarkt.hu\/magazin\/wp-json\/wp\/v2\/media?parent=10178"}],"wp:term":[{"taxonomy":"category","embeddable":true,"href":"https:\/\/hir.mediamarkt.hu\/magazin\/wp-json\/wp\/v2\/categories?post=10178"},{"taxonomy":"post_tag","embeddable":true,"href":"https:\/\/hir.mediamarkt.hu\/magazin\/wp-json\/wp\/v2\/tags?post=10178"}],"curies":[{"name":"wp","href":"https:\/\/api.w.org\/{rel}","templated":true}]}}