{"id":10401,"date":"2020-03-22T23:46:30","date_gmt":"2020-03-22T22:46:30","guid":{"rendered":"http:\/\/hir.mediamarkt.hu\/magazin\/?p=10401"},"modified":"2020-03-23T16:37:45","modified_gmt":"2020-03-23T15:37:45","slug":"playstation-vr-psvr-karanten-ajanlo","status":"publish","type":"post","link":"https:\/\/hir.mediamarkt.hu\/magazin\/playstation-vr-psvr-karanten-ajanlo\/","title":{"rendered":"Maradj otthon \u2013 \u00e9s k\u00f6zben menj ki a szabadba, t\u00far\u00e1zz, kalandozz, tal\u00e1lkozz a t\u00f6bbiekkel!"},"content":{"rendered":"<strong>A h\u00e1zi karant\u00e9n idej\u00e9n t\u00f6k\u00e9letes csal\u00e1di sz\u00f3rakoz\u00e1s \u00e9s f\u0151leg: egy remek id\u0151t\u00f6lt\u00e9s lehet a VR, amellyel \u00fagy mehet\u00fcnk el otthonr\u00f3l, hogy k\u00f6zben nem hagyjuk el a kanap\u00e9t.<\/strong>\r\n\r\nN\u00e9gy \u00e9ve mutatta be a Sony a PlayStation 4 konzolhoz k\u00f6thet\u0151 VR-szem\u00fcveg\u00e9t (\u00e9s tartoz\u00e9kait), a PlayStation VR-t, azaz PSVR-t. (<a href=\"https:\/\/hir.mediamarkt.hu\/magazin\/playstation-vr-teszt\/\" target=\"_blank\" rel=\"noopener noreferrer\">Teszt\u00fcnk itt olvashat\u00f3<\/a>.) A term\u00e9k a maga terep\u00e9n sikeres lett ugyan, de a nagy virtu\u00e1lisval\u00f3s\u00e1g-\u00e1tt\u00f6r\u00e9s, amelyre a nyolcvanas \u00e9vek vonatkoz\u00f3 sci-fi filmjei \u00f3ta k\u00e9sz\u00fcl\u00fcnk, m\u00e9g v\u00e1rat mag\u00e1ra. A v\u00e1llalat mindenesetre nagy rem\u00e9nyeket f\u0171z a szem\u00fcveghez, az\u00f3ta is teljes g\u0151zzel t\u00e1mogatja az erre fejleszt\u0151 csapatokat, ennyi (j\u00f3) j\u00e1t\u00e9k m\u00e9g a pc-s, dr\u00e1g\u00e1bb \u00e9s nagyobb tud\u00e1s\u00fa testv\u00e9reire sem jelent meg. Ett\u0151l f\u00fcggetlen\u00fcl elm\u00falt a kezdeti var\u00e1zs: annak idej\u00e9n mindenki nagyon lelkes volt (teljes joggal), a nagy t\u00f6bbs\u00e9g azonban alighanem csak p\u00e1r hetente egyszer-egyszer, alkalomszer\u0171en veszi el\u0151 (\u00e9s fel) a szem\u00fcveget.\r\n\r\nA koronav\u00edrus miatti (egyel\u0151re \u00f6nk\u00e9ntes, de t\u0171zforr\u00f3n aj\u00e1nlott) h\u00e1zikarant\u00e9n azonban eg\u00e9szen m\u00e1s vil\u00e1g\u00edt\u00e1sba helyezi a h\u00e9tk\u00f6znapi \u00e9let\u00fcnket \u00e9s annak kell\u00e9keit. \u00c1t\u00e9rt\u00e9kel\u0151d\u00f6tt minden, r\u00e1j\u00f6tt\u00fcnk, hogy nagyon-nagyon sok mindenre nincs is akkora sz\u00fcks\u00e9g\u00fcnk, ahogy arra is, hogy nagyon sok mindenre, amir\u0151l eddig nem gondoltuk, sz\u00fcks\u00e9g\u00fcnk van. (Lenne.) A PSVR az el\u0151bbi: most jobban j\u00f6n, mint az elm\u00falt n\u00e9gy \u00e9vben valaha.\r\n\r\n\u00c9s akkor n\u00e9zz\u00fck, mire van sz\u00fcks\u00e9ged \u00e9s mivel j\u00e1tssz, ha virtu\u00e1lisan szeretn\u00e9l kimozdulni otthonr\u00f3l. Mert ezzel ki tudsz, m\u00e9g csak nem is a v\u00e1rosba vagy a k\u00f6rnyez\u0151 t\u00e1jakra, hanem r\u00f6gt\u00f6n idegen vil\u00e1gokba.\r\n<h2>Amire sz\u00fcks\u00e9ged van<\/h2>\r\nEgy PlayStation 4 konzol \u00e9s egy PSVR szett. A konzol b\u00e1rmely kiad\u00e1s\u00e1t v\u00e1laszthatod, kompatibilisek lesznek egym\u00e1ssal, ha van m\u00e1r PS4-ed, term\u00e9szetesen arra is csatlakoztathatod a VR-szettet. Mivel a PSVR-nak \u00f6n\u00e1ll\u00f3 grafikus processzora nincs, csup\u00e1n a konzol k\u00e9p\u00e9t tov\u00e1bb\u00edtja, a k\u00e9pmin\u0151s\u00e9g \u00e9s a grafika a j\u00e1t\u00e9kok t\u00f6bbs\u00e9g\u00e9n\u00e9l egy kicsivel fejlettebb, ha a kicsit dr\u00e1g\u00e1bb, de nagyobb tud\u00e1s\u00fa PS4 Pro konzolra csatlakoztatod a szem\u00fcveget. A k\u00fcl\u00f6nbs\u00e9g azonban az esetek t\u00f6bbs\u00e9g\u00e9ben nem t\u00fal nagy, ha \u201ecsak\u201d alapkonzolod van, akkor sem maradsz le semmir\u0151l.\r\n\r\n<a href=\"https:\/\/www.mediamarkt.hu\/hu\/category\/_sony-playstation-4-konzolok-592519.html\" target=\"_blank\" rel=\"noopener noreferrer\"><em>Itt v\u00e1s\u00e1rolhatsz PS4 konzolt.<\/em><\/a>\r\n\r\nA szem\u00fcveg ugyan els\u0151re dermeszt\u0151en sok k\u00e1bellel \u00e9s csatlakoz\u00f3val \u00e9rkezik, ne ijedj meg: \u00f6sszek\u00f6tni a konzollal, a PlayStation Camer\u00e1val (ami sz\u00fcks\u00e9ges a szem\u00fcveg hely- \u00e9s helyzetv\u00e1ltoztat\u00f3 mozg\u00e1s\u00e1nak \u00e9rz\u00e9kel\u00e9s\u00e9hez) \u00e9s a t\u00e9v\u00e9vel nem t\u00fal bonyolult, a mell\u00e9kelt \u00fatmutat\u00f3 v\u00e9gigvezet az eg\u00e9szhez. Nagyj\u00e1b\u00f3l negyed\u00f3r\u00e1s m\u0171velet az eg\u00e9sz.\r\n\r\n<a href=\"http:\/\/mediamarkt.hu\/catentry\/1240369\"><em>Itt v\u00e1s\u00e1rolhatod meg a PSVR szettet.<\/em><\/a>\r\n\r\nA boltok polcain \u00e9s a PlayStation Store-ban zavarbejt\u0151en nagy a v\u00e1laszt\u00e9k. A PSVR-j\u00e1t\u00e9kok azonban \u00e1ltal\u00e1ban el\u00e9g r\u00f6videk, a j\u00e1t\u00e9kid\u0151 t\u00f6bbnyire a \u201erendes\u201d, t\u00e9v\u00e9n j\u00e1tszhat\u00f3 c\u00edmek t\u00f6red\u00e9ke. Az al\u00e1bbi list\u00e1ban szerepl\u0151 j\u00e1t\u00e9kok azonban nem ilyenek: teljes \u00e9rt\u00e9k\u0171, legal\u00e1bb nyolc-t\u00edz (de ink\u00e1bb \u00f6tven-sz\u00e1z) \u00f3r\u00e1ig j\u00e1tszhat\u00f3 alkot\u00e1sok ezek, amelyek \u00e9ppen ez\u00e9rt minden forintjukat meg\u00e9rik. L\u00e1ssuk!\r\n<h2>Skyrim VR<\/h2>\r\nEz nem m\u00e1s, mind a Bethesda kiad\u00f3 legend\u00e1s 2011-es szerepj\u00e1t\u00e9k\u00e1nak teljes \u00e9rt\u00e9k\u0171 \u00e1t\u00fcltet\u00e9s\u00e9re. Nem sp\u00f3roltak ki semmit, az eg\u00e9sz vil\u00e1got tartalmazza a csomag, benne minden k\u00fcldet\u00e9ssel, fegyverrel, szerepl\u0151vel \u00e9s persze s\u00e1rk\u00e1nnyal. Skyrim jeges vil\u00e1ga egyszerre elb\u0171v\u00f6l\u0151 \u00e9s h\u00e1tborzongat\u00f3, \u00e9s b\u00e1r a grafika (a VR sz\u00e1m\u00edt\u00e1sig\u00e9nye miatt) egy kicsit egyszer\u0171bb, mint az eredeti kiad\u00e1s\u00e9 (h\u00e1t m\u00e9g a pc-k \u00e9s a mostani konzolok kedv\u00e9\u00e9rt \u00fajra kiadott Special Edition\u00e9), soha nem ilyen \u00e9lvezetes a kaland.\r\n\r\n<iframe loading=\"lazy\" title=\"The Elder Scrolls V: Skyrim VR \u2013 PlayStation VR Gameplay Trailer | E3 2017\" width=\"900\" height=\"506\" src=\"https:\/\/www.youtube.com\/embed\/_uelzOUIksk?feature=oembed\" frameborder=\"0\" allow=\"accelerometer; autoplay; clipboard-write; encrypted-media; gyroscope; picture-in-picture; web-share\" referrerpolicy=\"strict-origin-when-cross-origin\" allowfullscreen><\/iframe>\r\n\r\n<a href=\"http:\/\/mediamarkt.hu\/catentry\/1243005\"><em>A Skyrim VR-t itt v\u00e1s\u00e1rolhatod meg.<\/em><\/a>\r\n<h2>No Man\u2019s Sky<\/h2>\r\nUgyanaz, mint a Skyrim eset\u00e9ben: a teljes j\u00e1t\u00e9kot tartalmazza. A No Man\u2019s Sky egy eg\u00e9sz univerzumot foglal mag\u00e1ban, bej\u00e1rhat\u00f3 naprendszerekkel, bolyg\u00f3kkal, \u0171r\u00e1llom\u00e1sokkal, idegen civiliz\u00e1ci\u00f3k nyomaival, \u00e9l\u0151l\u00e9nyekkel, kal\u00f3zokkal \u00e9s kereskedelemmel. A hatalmas amb\u00edci\u00f3kat procedur\u00e1lis technol\u00f3gi\u00e1val var\u00e1zsolja a k\u00e9perny\u0151nkre (\u00e9s most m\u00e1r a VR-headset\u00fcnkre) a j\u00e1t\u00e9k. A Hello Games apr\u00f3 csapat\u00e1nak m\u0171v\u00e9t \u00e9ppen az\u00e9rt kalap\u00e1lt\u00e1k el a kritikusok \u00e9s a j\u00e1t\u00e9kosok annak idej\u00e9n, mert k\u00e9ptelen volt megfelelni az \u00f3ri\u00e1si v\u00e1rakoz\u00e1snak (nem seg\u00edtett, hogy a csapat vezet\u0151je \u00f6ssze-vissza besz\u00e9lt arr\u00f3l, mire sz\u00e1m\u00edthatunk), szerencs\u00e9re azonban nem hagytak cserben senkit: az \u00e9vek sor\u00e1n l\u00e9p\u00e9sr\u0151l l\u00e9p\u00e9sre hozt\u00e1k helyre a szoftvert \u00e9s kalap\u00e1ltak az \u00fcres \u00e9s unalmas vil\u00e1gb\u00f3l leny\u0171g\u00f6z\u0151 \u0171roper\u00e1t. \u00c9s persze, szint\u00e9n ugyan\u00fagy, mint a Skyrim eset\u00e9ben: VR-ban a legjobb.\r\n\r\n<iframe loading=\"lazy\" title=\"No Man&#039;s Sky Beyond - Launch Trailer | PS4\" width=\"900\" height=\"506\" src=\"https:\/\/www.youtube.com\/embed\/UkMuL1o12tE?feature=oembed\" frameborder=\"0\" allow=\"accelerometer; autoplay; clipboard-write; encrypted-media; gyroscope; picture-in-picture; web-share\" referrerpolicy=\"strict-origin-when-cross-origin\" allowfullscreen><\/iframe>\r\n\r\n<a href=\"http:\/\/mediamarkt.hu\/catentry\/1308158\"><em>A No Man&#8217;s Sky-t itt v\u00e1s\u00e1rolhatod meg.<\/em><\/a>\r\n<h2>Robinson: The Journey<\/h2>\r\nA PSVR egyik els\u0151 nagyobb c\u00edme ugyan nem aratott osztatlan sikert, de egyvalamiben mindenki egyet\u00e9rtett: ilyen sz\u00e9pet sem addig, sem az\u00f3ta nem l\u00e1ttak a Sony szem\u00fcveg\u00e9n \u00e1t. A dionoszauruszokkal ben\u00e9pes\u00edtett, felfedezhet\u0151 \u00e9s rejtv\u00e9nyek tucatjaival telepakolt idegen bolyg\u00f3 annyira gy\u00f6ny\u00f6r\u0171, hogy m\u00e1r csak az\u00e9rt is meg\u00e9ri beszerezni a Robinsont, hogy k\u00f6rbe-k\u00f6rbe n\u00e9zel\u0151dj\u00fcnk. A j\u00e1t\u00e9k nem t\u00fal hossz\u00fa, ha csak a t\u00f6rt\u00e9netre vagyunk k\u00edv\u00e1ncsiak, de ha gy\u00f6ny\u00f6rk\u00f6dni is szeretn\u00e9nk, sok-sok \u00f3r\u00e1ig lek\u00f6t majd. M\u00e1rpedig szeretn\u00e9nk.\r\n\r\n<iframe loading=\"lazy\" title=\"Robinson: The Journey - &quot;An Adventure Like No Other&quot; Launch Trailer | PS VR\" width=\"900\" height=\"506\" src=\"https:\/\/www.youtube.com\/embed\/i8rbNmo81ts?feature=oembed\" frameborder=\"0\" allow=\"accelerometer; autoplay; clipboard-write; encrypted-media; gyroscope; picture-in-picture; web-share\" referrerpolicy=\"strict-origin-when-cross-origin\" allowfullscreen><\/iframe>\r\n<h2>Rec Room<\/h2>\r\nKakukktoj\u00e1s a Rec Room: nem is egy j\u00e1t\u00e9k, hanem t\u00f6bb sz\u00e1z. Egyszer\u0171 grafik\u00e1val ell\u00e1tott, de vicces, sz\u00f3rakoztat\u00f3, izgalmas \u00e9s b\u00e1rmeddig j\u00e1tszhat\u00f3 minij\u00e1t\u00e9kok gy\u0171jtem\u00e9nye (az alapcsomagban l\u00e9v\u0151k mellett r\u00e1ad\u00e1sul rengeteg k\u00f6z\u00f6ss\u00e9gi tartalommal), van itt team deathmatch, fallabda, ij\u00e1szat \u00e9s \u00edgy tov\u00e1bb. Persze mind er\u0151szakmentes, csal\u00e1dbar\u00e1t kivitelben. Szerencs\u00e9re nem egyed\u00fcl, hanem h\u00e1l\u00f3zatban, idegenek vagy bar\u00e1tok ellen j\u00e1tszhatunk \u2013 az \u00e9lm\u00e9ny \u00edgy mindj\u00e1rt m\u00e1s. Szerencs\u00e9re az ir\u00e1ny\u00edt\u00e1s is nagyszer\u0171, term\u00e9szetes, akad\u00e1s- \u00e9s hibamentes, igaz, van, amit szokni kell. (Sz\u00fcks\u00e9g\u00fcnk lesz a Move kontrollerekre is.) A legjobbat pedig a v\u00e9g\u00e9re hagytuk: az eg\u00e9sz ingyenes. M\u00e9ghozz\u00e1 rekl\u00e1mok, fizet\u0151s falak vagy b\u00e1rmi egy\u00e9b turpiss\u00e1g n\u00e9lk\u00fcl: egyszer\u0171en let\u00f6lt\u00f6d \u00e9s j\u00e1tszol vele.\r\n\r\n<iframe loading=\"lazy\" title=\"Rec Room - 2018 Trailer\" width=\"900\" height=\"506\" src=\"https:\/\/www.youtube.com\/embed\/6kl9gqv9t_I?feature=oembed\" frameborder=\"0\" allow=\"accelerometer; autoplay; clipboard-write; encrypted-media; gyroscope; picture-in-picture; web-share\" referrerpolicy=\"strict-origin-when-cross-origin\" allowfullscreen><\/iframe>\r\n<h2>Doom VFR<\/h2>\r\nFigyelem, ez kifejezetten a feln\u0151tteknek sz\u00f3l! A Doom VFR nem m\u00e1s, mint n\u00e9mi VR-alap\u00fa adal\u00e9k a legend\u00e1s akci\u00f3j\u00e1t\u00e9k 2016-os, \u00fajragondolt rebootj\u00e1hoz: egy f\u00e9lig vicces t\u00f6rt\u00e9netbe \u00e1gyazott sz\u00e9p, j\u00f3 ritmus\u00fa \u00e9s persze rettenetesen v\u00e9res l\u00f6v\u00f6ld\u00f6z\u0151s j\u00e1t\u00e9k a j\u00f3l ismert sz\u00f6rnyekkel a szint\u00e9n j\u00f3l ismert Mars-b\u00e9li k\u00f6rnyezetben. Az ir\u00e1ny\u00edt\u00e1st szokni kell, maga a (sajnos el\u00e9g r\u00f6vid) j\u00e1t\u00e9k azonban annyira sz\u00f3rakoztat\u00f3 \u00e9s addikt\u00edv, hogy t\u00f6k\u00e9letes terep a karant\u00e9nfeszk\u00f3 levezet\u00e9s\u00e9re. Melegen aj\u00e1nljuk mindenkinek, pontosabban a sz\u00fcl\u0151knek \u2013 kiz\u00e1r\u00f3lag, ha m\u00e1r lefek\u00fcdtek a gyerekek.\r\n\r\n<iframe loading=\"lazy\" title=\"DOOM VFR \u2013 Launch Trailer | PS VR\" width=\"900\" height=\"506\" src=\"https:\/\/www.youtube.com\/embed\/I55t9gePzVA?feature=oembed\" frameborder=\"0\" allow=\"accelerometer; autoplay; clipboard-write; encrypted-media; gyroscope; picture-in-picture; web-share\" referrerpolicy=\"strict-origin-when-cross-origin\" allowfullscreen><\/iframe>\r\n\r\n&nbsp;\r\n\r\nV\u00e9g\u00fcl egy gondolat, aff\u00e9le szolg\u00e1lati k\u00f6zlem\u00e9ny:\r\n\r\nTeljes mellsz\u00e9less\u00e9ggel t\u00e1mogatjuk az elgondol\u00e1st, hogy aki teheti, maradjon most otthon. A v\u00e1s\u00e1rl\u00e1s nem program, hanem sz\u00fcks\u00e9glet! Aki nem teheti, annak \u00fczenj\u00fck, hogy vigy\u00e1zzon mag\u00e1ra! Pontosan tudjuk, hogy nagyon sok csal\u00e1d \u00e9lete felborult most, \u00e9s kisebb bajuk is nagyobb ann\u00e1l, mint hogy sz\u00f3rakoztat\u00f3elektronikai eszk\u00f6z\u00f6ket poroljanak le vagy \u00faj\u00edtsanak be, egy virtu\u00e1lisval\u00f3s\u00e1g-szett pedig luxuscikknek t\u0171nik most, m\u00e9g \u00fagy is, hogy messze a legolcs\u00f3bb teljes \u00e9rt\u00e9k\u0171 VR-szem\u00fcvegr\u0151l van sz\u00f3. Ezzel egy\u00fctt is hisz\u00fcnk abban, hogy hamarosan kialakul a karant\u00e9n h\u00e9tk\u00f6znapi rutinja, amikor nagy sz\u00fcks\u00e9g lesz arra, hogy v\u00e1ltozatos m\u00f3dokon foglaljuk le magunkat \u00e9s egym\u00e1st. Hisz\u00fcnk tov\u00e1bb\u00e1 a videoj\u00e1t\u00e9kok seg\u00edt\u0151 erej\u00e9ben, abban, hogy ez a gyakran mostohagyerekk\u00e9nt kezelt m\u0171v\u00e9szeti \u00e1g igenis ter\u00e1pi\u00e1s hat\u00e1ssal b\u00edrhat \u00e9s seg\u00edthet a neh\u00e9z helyzetekben.","protected":false},"excerpt":{"rendered":"A h\u00e1zi karant\u00e9n idej\u00e9n t\u00f6k\u00e9letes csal\u00e1di sz\u00f3rakoz\u00e1s \u00e9s f\u0151leg: remek id\u0151t\u00f6lt\u00e9s a VR, amellyel \u00fagy mehet\u00fcnk el otthonr\u00f3l, hogy k\u00f6zben nem hagyjuk el a kanap\u00e9t.","protected":false},"author":22,"featured_media":10416,"comment_status":"open","ping_status":"open","sticky":false,"template":"","format":"standard","meta":{"wprm-recipe-roundup-name":"","wprm-recipe-roundup-description":"","footnotes":""},"categories":[5962,5957],"tags":[3852,3817,2348,2317,2321],"yoast_head":"<!-- This site is optimized with the Yoast SEO plugin v22.9 - https:\/\/yoast.com\/wordpress\/plugins\/seo\/ -->\n<title>Maradj otthon \u2013 \u00e9s k\u00f6zben menj ki a szabadba, t\u00far\u00e1zz, kalandozz, tal\u00e1lkozz a t\u00f6bbiekkel! - MediaMarkt Magazin<\/title>\n<meta name=\"description\" content=\"A h\u00e1zi karant\u00e9n idej\u00e9n t\u00f6k\u00e9letes csal\u00e1di sz\u00f3rakoz\u00e1s \u00e9s f\u0151leg: ter\u00e1pia a VR, amellyel \u00fagy mehet\u00fcnk el otthonr\u00f3l, hogy k\u00f6zben nem hagyjuk el a kanap\u00e9t.\" \/>\n<meta name=\"robots\" content=\"index, follow, max-snippet:-1, max-image-preview:large, max-video-preview:-1\" \/>\n<link rel=\"canonical\" href=\"https:\/\/hir.mediamarkt.hu\/magazin\/playstation-vr-psvr-karanten-ajanlo\/\" \/>\n<meta property=\"og:locale\" content=\"hu_HU\" \/>\n<meta property=\"og:type\" content=\"article\" \/>\n<meta property=\"og:title\" content=\"Maradj otthon \u2013 \u00e9s k\u00f6zben menj ki a szabadba, t\u00far\u00e1zz, kalandozz, tal\u00e1lkozz a t\u00f6bbiekkel! - MediaMarkt Magazin\" \/>\n<meta property=\"og:description\" content=\"A h\u00e1zi karant\u00e9n idej\u00e9n t\u00f6k\u00e9letes csal\u00e1di sz\u00f3rakoz\u00e1s \u00e9s f\u0151leg: ter\u00e1pia a VR, amellyel \u00fagy mehet\u00fcnk el otthonr\u00f3l, hogy k\u00f6zben nem hagyjuk el a kanap\u00e9t.\" \/>\n<meta property=\"og:url\" content=\"https:\/\/hir.mediamarkt.hu\/magazin\/playstation-vr-psvr-karanten-ajanlo\/\" \/>\n<meta property=\"og:site_name\" content=\"MediaMarkt Magazin\" \/>\n<meta property=\"article:publisher\" content=\"https:\/\/www.facebook.com\/MediaMarktMagyarorszag\" \/>\n<meta property=\"article:published_time\" content=\"2020-03-22T22:46:30+00:00\" \/>\n<meta property=\"article:modified_time\" content=\"2020-03-23T15:37:45+00:00\" \/>\n<meta property=\"og:image\" content=\"https:\/\/hir.mediamarkt.hu\/magazin\/wp-content\/uploads\/2020\/03\/maradj_otthon_VR_vilag_virtualis_valosag.png\" \/>\n\t<meta property=\"og:image:width\" content=\"1024\" \/>\n\t<meta property=\"og:image:height\" content=\"619\" \/>\n\t<meta property=\"og:image:type\" content=\"image\/png\" \/>\n<meta name=\"author\" content=\"Nemenyi\" \/>\n<meta name=\"twitter:label1\" content=\"Szerz\u0151:\" \/>\n\t<meta name=\"twitter:data1\" content=\"Nemenyi\" \/>\n\t<meta name=\"twitter:label2\" content=\"Becs\u00fclt olvas\u00e1si id\u0151\" \/>\n\t<meta name=\"twitter:data2\" content=\"8 perc\" \/>\n<script type=\"application\/ld+json\" class=\"yoast-schema-graph\">{\"@context\":\"https:\/\/schema.org\",\"@graph\":[{\"@type\":\"WebPage\",\"@id\":\"https:\/\/hir.mediamarkt.hu\/magazin\/playstation-vr-psvr-karanten-ajanlo\/\",\"url\":\"https:\/\/hir.mediamarkt.hu\/magazin\/playstation-vr-psvr-karanten-ajanlo\/\",\"name\":\"Maradj otthon \u2013 \u00e9s k\u00f6zben menj ki a szabadba, t\u00far\u00e1zz, kalandozz, tal\u00e1lkozz a t\u00f6bbiekkel! - MediaMarkt Magazin\",\"isPartOf\":{\"@id\":\"https:\/\/hir.mediamarkt.hu\/magazin\/#website\"},\"primaryImageOfPage\":{\"@id\":\"https:\/\/hir.mediamarkt.hu\/magazin\/playstation-vr-psvr-karanten-ajanlo\/#primaryimage\"},\"image\":{\"@id\":\"https:\/\/hir.mediamarkt.hu\/magazin\/playstation-vr-psvr-karanten-ajanlo\/#primaryimage\"},\"thumbnailUrl\":\"https:\/\/hir.mediamarkt.hu\/magazin\/wp-content\/uploads\/2020\/03\/maradj_otthon_VR_vilag_virtualis_valosag.png\",\"datePublished\":\"2020-03-22T22:46:30+00:00\",\"dateModified\":\"2020-03-23T15:37:45+00:00\",\"author\":{\"@id\":\"https:\/\/hir.mediamarkt.hu\/magazin\/#\/schema\/person\/f4a17b2dc97f2e2bf1b88a89d4ef7d05\"},\"description\":\"A h\u00e1zi karant\u00e9n idej\u00e9n t\u00f6k\u00e9letes csal\u00e1di sz\u00f3rakoz\u00e1s \u00e9s f\u0151leg: ter\u00e1pia a VR, amellyel \u00fagy mehet\u00fcnk el otthonr\u00f3l, hogy k\u00f6zben nem hagyjuk el a kanap\u00e9t.\",\"breadcrumb\":{\"@id\":\"https:\/\/hir.mediamarkt.hu\/magazin\/playstation-vr-psvr-karanten-ajanlo\/#breadcrumb\"},\"inLanguage\":\"hu\",\"potentialAction\":[{\"@type\":\"ReadAction\",\"target\":[\"https:\/\/hir.mediamarkt.hu\/magazin\/playstation-vr-psvr-karanten-ajanlo\/\"]}]},{\"@type\":\"ImageObject\",\"inLanguage\":\"hu\",\"@id\":\"https:\/\/hir.mediamarkt.hu\/magazin\/playstation-vr-psvr-karanten-ajanlo\/#primaryimage\",\"url\":\"https:\/\/hir.mediamarkt.hu\/magazin\/wp-content\/uploads\/2020\/03\/maradj_otthon_VR_vilag_virtualis_valosag.png\",\"contentUrl\":\"https:\/\/hir.mediamarkt.hu\/magazin\/wp-content\/uploads\/2020\/03\/maradj_otthon_VR_vilag_virtualis_valosag.png\",\"width\":1024,\"height\":619},{\"@type\":\"BreadcrumbList\",\"@id\":\"https:\/\/hir.mediamarkt.hu\/magazin\/playstation-vr-psvr-karanten-ajanlo\/#breadcrumb\",\"itemListElement\":[{\"@type\":\"ListItem\",\"position\":1,\"name\":\"Kezd\u0151lap\",\"item\":\"https:\/\/hir.mediamarkt.hu\/magazin\/\"},{\"@type\":\"ListItem\",\"position\":2,\"name\":\"Maradj otthon \u2013 \u00e9s k\u00f6zben menj ki a szabadba, t\u00far\u00e1zz, kalandozz, tal\u00e1lkozz a t\u00f6bbiekkel!\"}]},{\"@type\":\"WebSite\",\"@id\":\"https:\/\/hir.mediamarkt.hu\/magazin\/#website\",\"url\":\"https:\/\/hir.mediamarkt.hu\/magazin\/\",\"name\":\"MediaMarkt Magazin\",\"description\":\"Olvass bele magazinunkba!\",\"potentialAction\":[{\"@type\":\"SearchAction\",\"target\":{\"@type\":\"EntryPoint\",\"urlTemplate\":\"https:\/\/hir.mediamarkt.hu\/magazin\/?s={search_term_string}\"},\"query-input\":\"required name=search_term_string\"}],\"inLanguage\":\"hu\"},{\"@type\":\"Person\",\"@id\":\"https:\/\/hir.mediamarkt.hu\/magazin\/#\/schema\/person\/f4a17b2dc97f2e2bf1b88a89d4ef7d05\",\"name\":\"Nemenyi\",\"image\":{\"@type\":\"ImageObject\",\"inLanguage\":\"hu\",\"@id\":\"https:\/\/hir.mediamarkt.hu\/magazin\/#\/schema\/person\/image\/\",\"url\":\"https:\/\/secure.gravatar.com\/avatar\/9470b3223c723142e66adcad803b24fe?s=96&d=mm&r=g\",\"contentUrl\":\"https:\/\/secure.gravatar.com\/avatar\/9470b3223c723142e66adcad803b24fe?s=96&d=mm&r=g\",\"caption\":\"Nemenyi\"}}]}<\/script>\n<!-- \/ Yoast SEO plugin. -->","yoast_head_json":{"title":"Maradj otthon \u2013 \u00e9s k\u00f6zben menj ki a szabadba, t\u00far\u00e1zz, kalandozz, tal\u00e1lkozz a t\u00f6bbiekkel! - MediaMarkt Magazin","description":"A h\u00e1zi karant\u00e9n idej\u00e9n t\u00f6k\u00e9letes csal\u00e1di sz\u00f3rakoz\u00e1s \u00e9s f\u0151leg: ter\u00e1pia a VR, amellyel \u00fagy mehet\u00fcnk el otthonr\u00f3l, hogy k\u00f6zben nem hagyjuk el a kanap\u00e9t.","robots":{"index":"index","follow":"follow","max-snippet":"max-snippet:-1","max-image-preview":"max-image-preview:large","max-video-preview":"max-video-preview:-1"},"canonical":"https:\/\/hir.mediamarkt.hu\/magazin\/playstation-vr-psvr-karanten-ajanlo\/","og_locale":"hu_HU","og_type":"article","og_title":"Maradj otthon \u2013 \u00e9s k\u00f6zben menj ki a szabadba, t\u00far\u00e1zz, kalandozz, tal\u00e1lkozz a t\u00f6bbiekkel! - MediaMarkt Magazin","og_description":"A h\u00e1zi karant\u00e9n idej\u00e9n t\u00f6k\u00e9letes csal\u00e1di sz\u00f3rakoz\u00e1s \u00e9s f\u0151leg: ter\u00e1pia a VR, amellyel \u00fagy mehet\u00fcnk el otthonr\u00f3l, hogy k\u00f6zben nem hagyjuk el a kanap\u00e9t.","og_url":"https:\/\/hir.mediamarkt.hu\/magazin\/playstation-vr-psvr-karanten-ajanlo\/","og_site_name":"MediaMarkt Magazin","article_publisher":"https:\/\/www.facebook.com\/MediaMarktMagyarorszag","article_published_time":"2020-03-22T22:46:30+00:00","article_modified_time":"2020-03-23T15:37:45+00:00","og_image":[{"width":1024,"height":619,"url":"https:\/\/hir.mediamarkt.hu\/magazin\/wp-content\/uploads\/2020\/03\/maradj_otthon_VR_vilag_virtualis_valosag.png","type":"image\/png"}],"author":"Nemenyi","twitter_misc":{"Szerz\u0151:":"Nemenyi","Becs\u00fclt olvas\u00e1si id\u0151":"8 perc"},"schema":{"@context":"https:\/\/schema.org","@graph":[{"@type":"WebPage","@id":"https:\/\/hir.mediamarkt.hu\/magazin\/playstation-vr-psvr-karanten-ajanlo\/","url":"https:\/\/hir.mediamarkt.hu\/magazin\/playstation-vr-psvr-karanten-ajanlo\/","name":"Maradj otthon \u2013 \u00e9s k\u00f6zben menj ki a szabadba, t\u00far\u00e1zz, kalandozz, tal\u00e1lkozz a t\u00f6bbiekkel! - MediaMarkt Magazin","isPartOf":{"@id":"https:\/\/hir.mediamarkt.hu\/magazin\/#website"},"primaryImageOfPage":{"@id":"https:\/\/hir.mediamarkt.hu\/magazin\/playstation-vr-psvr-karanten-ajanlo\/#primaryimage"},"image":{"@id":"https:\/\/hir.mediamarkt.hu\/magazin\/playstation-vr-psvr-karanten-ajanlo\/#primaryimage"},"thumbnailUrl":"https:\/\/hir.mediamarkt.hu\/magazin\/wp-content\/uploads\/2020\/03\/maradj_otthon_VR_vilag_virtualis_valosag.png","datePublished":"2020-03-22T22:46:30+00:00","dateModified":"2020-03-23T15:37:45+00:00","author":{"@id":"https:\/\/hir.mediamarkt.hu\/magazin\/#\/schema\/person\/f4a17b2dc97f2e2bf1b88a89d4ef7d05"},"description":"A h\u00e1zi karant\u00e9n idej\u00e9n t\u00f6k\u00e9letes csal\u00e1di sz\u00f3rakoz\u00e1s \u00e9s f\u0151leg: ter\u00e1pia a VR, amellyel \u00fagy mehet\u00fcnk el otthonr\u00f3l, hogy k\u00f6zben nem hagyjuk el a kanap\u00e9t.","breadcrumb":{"@id":"https:\/\/hir.mediamarkt.hu\/magazin\/playstation-vr-psvr-karanten-ajanlo\/#breadcrumb"},"inLanguage":"hu","potentialAction":[{"@type":"ReadAction","target":["https:\/\/hir.mediamarkt.hu\/magazin\/playstation-vr-psvr-karanten-ajanlo\/"]}]},{"@type":"ImageObject","inLanguage":"hu","@id":"https:\/\/hir.mediamarkt.hu\/magazin\/playstation-vr-psvr-karanten-ajanlo\/#primaryimage","url":"https:\/\/hir.mediamarkt.hu\/magazin\/wp-content\/uploads\/2020\/03\/maradj_otthon_VR_vilag_virtualis_valosag.png","contentUrl":"https:\/\/hir.mediamarkt.hu\/magazin\/wp-content\/uploads\/2020\/03\/maradj_otthon_VR_vilag_virtualis_valosag.png","width":1024,"height":619},{"@type":"BreadcrumbList","@id":"https:\/\/hir.mediamarkt.hu\/magazin\/playstation-vr-psvr-karanten-ajanlo\/#breadcrumb","itemListElement":[{"@type":"ListItem","position":1,"name":"Kezd\u0151lap","item":"https:\/\/hir.mediamarkt.hu\/magazin\/"},{"@type":"ListItem","position":2,"name":"Maradj otthon \u2013 \u00e9s k\u00f6zben menj ki a szabadba, t\u00far\u00e1zz, kalandozz, tal\u00e1lkozz a t\u00f6bbiekkel!"}]},{"@type":"WebSite","@id":"https:\/\/hir.mediamarkt.hu\/magazin\/#website","url":"https:\/\/hir.mediamarkt.hu\/magazin\/","name":"MediaMarkt Magazin","description":"Olvass bele magazinunkba!","potentialAction":[{"@type":"SearchAction","target":{"@type":"EntryPoint","urlTemplate":"https:\/\/hir.mediamarkt.hu\/magazin\/?s={search_term_string}"},"query-input":"required name=search_term_string"}],"inLanguage":"hu"},{"@type":"Person","@id":"https:\/\/hir.mediamarkt.hu\/magazin\/#\/schema\/person\/f4a17b2dc97f2e2bf1b88a89d4ef7d05","name":"Nemenyi","image":{"@type":"ImageObject","inLanguage":"hu","@id":"https:\/\/hir.mediamarkt.hu\/magazin\/#\/schema\/person\/image\/","url":"https:\/\/secure.gravatar.com\/avatar\/9470b3223c723142e66adcad803b24fe?s=96&d=mm&r=g","contentUrl":"https:\/\/secure.gravatar.com\/avatar\/9470b3223c723142e66adcad803b24fe?s=96&d=mm&r=g","caption":"Nemenyi"}}]}},"_links":{"self":[{"href":"https:\/\/hir.mediamarkt.hu\/magazin\/wp-json\/wp\/v2\/posts\/10401"}],"collection":[{"href":"https:\/\/hir.mediamarkt.hu\/magazin\/wp-json\/wp\/v2\/posts"}],"about":[{"href":"https:\/\/hir.mediamarkt.hu\/magazin\/wp-json\/wp\/v2\/types\/post"}],"author":[{"embeddable":true,"href":"https:\/\/hir.mediamarkt.hu\/magazin\/wp-json\/wp\/v2\/users\/22"}],"replies":[{"embeddable":true,"href":"https:\/\/hir.mediamarkt.hu\/magazin\/wp-json\/wp\/v2\/comments?post=10401"}],"version-history":[{"count":8,"href":"https:\/\/hir.mediamarkt.hu\/magazin\/wp-json\/wp\/v2\/posts\/10401\/revisions"}],"predecessor-version":[{"id":10409,"href":"https:\/\/hir.mediamarkt.hu\/magazin\/wp-json\/wp\/v2\/posts\/10401\/revisions\/10409"}],"wp:featuredmedia":[{"embeddable":true,"href":"https:\/\/hir.mediamarkt.hu\/magazin\/wp-json\/wp\/v2\/media\/10416"}],"wp:attachment":[{"href":"https:\/\/hir.mediamarkt.hu\/magazin\/wp-json\/wp\/v2\/media?parent=10401"}],"wp:term":[{"taxonomy":"category","embeddable":true,"href":"https:\/\/hir.mediamarkt.hu\/magazin\/wp-json\/wp\/v2\/categories?post=10401"},{"taxonomy":"post_tag","embeddable":true,"href":"https:\/\/hir.mediamarkt.hu\/magazin\/wp-json\/wp\/v2\/tags?post=10401"}],"curies":[{"name":"wp","href":"https:\/\/api.w.org\/{rel}","templated":true}]}}