{"id":10430,"date":"2020-03-24T14:45:57","date_gmt":"2020-03-24T13:45:57","guid":{"rendered":"http:\/\/hir.mediamarkt.hu\/magazin\/?p=10430"},"modified":"2020-04-02T10:57:56","modified_gmt":"2020-04-02T09:57:56","slug":"maradjotthon-es-igy-hozd-ki-belole-a-legtobbet-pozitiv-tippek-inkabb-noknek","status":"publish","type":"post","link":"https:\/\/hir.mediamarkt.hu\/magazin\/maradjotthon-es-igy-hozd-ki-belole-a-legtobbet-pozitiv-tippek-inkabb-noknek\/","title":{"rendered":"#maradjotthon \u00e9s \u00edgy hozd ki bel\u0151le a legt\u00f6bbet: pozit\u00edv tippek, ink\u00e1bb n\u0151knek!"},"content":{"rendered":"<b>A kialakult j\u00e1rv\u00e1nyra val\u00f3 tekintettel akkor cseleksz\u00fcnk j\u00f3l \u00e9s felel\u0151sen, ha otthon maradunk \u00e9s csak akkor megy\u00fcnk ki az utc\u00e1ra, amikor arra t\u00e9nyleg sz\u00fcks\u00e9g van. Ez nem mindenkinek k\u00f6nny\u0171, de nincs lehetetlen \u00e9s minden szitu\u00e1ci\u00f3b\u00f3l ki tudjuk csalni a legjobbat! \u00d6tletek a #maradjotthon id\u0151szakra, els\u0151 k\u00f6rben n\u0151knek, de persze nem csak nekik!<\/b><!--more-->\r\n\r\n&nbsp;\r\n<h2><b>K\u00fcls\u0151-bels\u0151 meg\u00fajul\u00e1s<\/b><\/h2>\r\n&nbsp;\r\n\r\n<span style=\"font-weight: 400;\">A t\u00e9l v\u00e9g\u00e9vel am\u00fagy is sz\u00fcks\u00e9ges a \u201ctataroz\u00e1s\u201d \u00e9s felfriss\u00fcl\u00e9s. A n\u00e9gy fal k\u00f6z\u00f6tti l\u00e9t egy\u00e1ltal\u00e1n nem jelent ebben akad\u00e1lyt! D\u00e9dany\u00e1ink sem \u00fcltek folyton a kozmetik\u00e1ban, hanem maguk t\u00f6r\u0151dtek a test\u00fckkel, m\u00e1r ha megtehett\u00e9k. \u00c9lvezz\u00fck ki a viszonylagos szabads\u00e1got, amit a 21. sz\u00e1zadban el\u00e9rhet\u0151 tud\u00e1s \u00e9s term\u00e9kek, valamint a jelenlegi extra id\u0151 k\u00edn\u00e1l! Ezek az apr\u00f3 l\u00e9p\u00e9sek teljesen felt\u00f6lthetnek, aminek k\u00f6vetkezt\u00e9ben ellen\u00e1ll\u00f3bb leszel mind testi, mind lelki szempontb\u00f3l a v\u00edrusos id\u0151szak alatt:\u00a0<\/span>\r\n\r\n&nbsp;\r\n<ul>\r\n \t<li style=\"font-weight: 400;\"><b><img loading=\"lazy\" decoding=\"async\" class=\"size-thumbnail wp-image-10431 alignleft\" src=\"https:\/\/hir.mediamarkt.hu\/magazin\/wp-content\/uploads\/2020\/03\/MediaMarkt_maradjotthon_noknek06a-275x183.jpeg\" alt=\"\" width=\"275\" height=\"183\" srcset=\"https:\/\/hir.mediamarkt.hu\/magazin\/wp-content\/uploads\/2020\/03\/MediaMarkt_maradjotthon_noknek06a-275x183.jpeg 275w, https:\/\/hir.mediamarkt.hu\/magazin\/wp-content\/uploads\/2020\/03\/MediaMarkt_maradjotthon_noknek06a-300x200.jpeg 300w, https:\/\/hir.mediamarkt.hu\/magazin\/wp-content\/uploads\/2020\/03\/MediaMarkt_maradjotthon_noknek06a-1024x683.jpeg 1024w, https:\/\/hir.mediamarkt.hu\/magazin\/wp-content\/uploads\/2020\/03\/MediaMarkt_maradjotthon_noknek06a-768x512.jpeg 768w, https:\/\/hir.mediamarkt.hu\/magazin\/wp-content\/uploads\/2020\/03\/MediaMarkt_maradjotthon_noknek06a-1536x1024.jpeg 1536w, https:\/\/hir.mediamarkt.hu\/magazin\/wp-content\/uploads\/2020\/03\/MediaMarkt_maradjotthon_noknek06a-2048x1365.jpeg 2048w, https:\/\/hir.mediamarkt.hu\/magazin\/wp-content\/uploads\/2020\/03\/MediaMarkt_maradjotthon_noknek06a.jpeg 1440w\" sizes=\"(max-width: 275px) 100vw, 275px\" \/>Ind\u00edtsd a reggelt lassan \u00e9s tudatosan! <\/b><span style=\"font-weight: 400;\">&#8211; Ha home office-ban, vagy otthoni gyerek felvigy\u00e1z\u00e1ssal telnek \u00e9pp a napjaid, a t\u00f6k\u00e9letes reggel \u00e9s az energetiz\u00e1l\u00e1s tal\u00e1n a legfontosabb r\u00e9sze a pozit\u00edv \u00e9s \u00e9lvezetes \u00e9letm\u00f3dnak. Nyilv\u00e1n mindez nem egyszer\u0171, ha sokan \u00e9ltek egy fed\u00e9l alatt, vagy ha egy mikro garzonban laksz, r\u00e1ad\u00e1sul hiperakt\u00edv vagy. De ha minden nap, tudatosan ugyanakkor kelsz, egy finom zuhany \u00e9s fogmos\u00e1s ut\u00e1n felfriss\u00edted a b\u0151r\u00f6d, 10 percig l\u00e9gz\u0151gyakorlatokat, majd 10 percig ny\u00fajt\u00e1st v\u00e9gzel, v\u00e9g\u00fcl adsz m\u00e9g magadnak egy te\u00e1nyi, csendes (telefon \u00e9s tv mentes!) pihen\u0151t, minden jobb lesz. Keress magadnak egy sarkot (mondjuk azt a cs\u00fccsk\u00e9t a sz\u0151nyegnek, ahov\u00e1 reggel odas\u00fct a nap, vagy ha nagycsal\u00e1dban \u00e9lsz, egy priv\u00e1tabb zugot, p\u00e9ld\u00e1ul a f\u00fcrd\u0151t), ami most csak a ti\u00e9d \u00e9s csak r\u00f3lad sz\u00f3l. A csend, vagy a kellemes (de nem \u00e1lmos\u00edt\u00f3!) zene, az oxig\u00e9nnel felt\u00f6lt\u00f6tt t\u00fcd\u0151 \u00e9s sz\u00f6vetek kiv\u00e1l\u00f3 v\u00e9d\u0151burkot k\u00e9peznek majd a nap h\u00e1tral\u00e9v\u0151 r\u00e9sz\u00e9ben. Ak\u00e1r egyed\u00fcl &#8211; esetleg n\u00e9ha \u00fagy \u00e9rzed, mag\u00e1nyosan -, ak\u00e1r csal\u00e1dban &#8211; zsizseg\u0151 \u0151r\u00fcletben &#8211; \u00e9lsz, add meg magadnak a lehet\u0151s\u00e9get a boldogs\u00e1gra, v\u00edrusok ide, vagy oda!<\/span><\/li>\r\n<\/ul>\r\n<b>MediaMarkt tipp:<\/b><span style=\"font-weight: 400;\"> haszn\u00e1lj rendszeresen arcmassz\u00edroz\u00f3, arctiszt\u00edt\u00f3, arcszauna eszk\u00f6zt! G\u0151z\u00f6lj, fert\u0151tlen\u00edts, regener\u00e1lj! B\u0151vebben a h\u00e1zilag is k\u00f6nnyen elv\u00e9gezhet\u0151 praktik\u00e1kr\u00f3l <\/span><a href=\"https:\/\/hir.mediamarkt.hu\/magazin\/ragyogj-mint-egy-sztar-teli-arctisztitas-termeszetesen\/\"><span style=\"font-weight: 400;\">RAGYOGJ, MINT EGY SZT\u00c1R! T\u00c9LI ARCTISZT\u00cdT\u00c1S, TERM\u00c9SZETESE<\/span><\/a><span style=\"font-weight: 400;\">N! c\u00edm\u0171 cikk\u00fcnkben olvashatsz! Ha pedig t\u00f6k\u00e9letes al\u00e1fest\u0151 zen\u00e9t keresel a medit\u00e1ci\u00f3hoz, j\u00f3g\u00e1hoz, ny\u00fajt\u00e1shoz, kanap\u00e9z\u00e1shoz, <\/span><a href=\"https:\/\/hir.mediamarkt.hu\/magazin\/ezt-hallgasd-meg-zenek-hangulatra-komponalva-chill\/\"><span style=\"font-weight: 400;\">EZT HALLGASD MEG! ZEN\u00c9K HANGULATRA KOMPON\u00c1LVA: CHILL <\/span><\/a><span style=\"font-weight: 400;\">anyagunk neked sz\u00f3l!<\/span>\r\n\r\n&nbsp;\r\n<ul>\r\n \t<li style=\"font-weight: 400;\"><b><img loading=\"lazy\" decoding=\"async\" class=\"size-thumbnail wp-image-10432 alignleft\" src=\"https:\/\/hir.mediamarkt.hu\/magazin\/wp-content\/uploads\/2020\/03\/pexels-photo-3094230-275x183.jpeg\" alt=\"\" width=\"275\" height=\"183\" srcset=\"https:\/\/hir.mediamarkt.hu\/magazin\/wp-content\/uploads\/2020\/03\/pexels-photo-3094230-275x183.jpeg 275w, https:\/\/hir.mediamarkt.hu\/magazin\/wp-content\/uploads\/2020\/03\/pexels-photo-3094230-300x200.jpeg 300w, https:\/\/hir.mediamarkt.hu\/magazin\/wp-content\/uploads\/2020\/03\/pexels-photo-3094230-1024x683.jpeg 1024w, https:\/\/hir.mediamarkt.hu\/magazin\/wp-content\/uploads\/2020\/03\/pexels-photo-3094230-768x512.jpeg 768w, https:\/\/hir.mediamarkt.hu\/magazin\/wp-content\/uploads\/2020\/03\/pexels-photo-3094230-1536x1024.jpeg 1536w, https:\/\/hir.mediamarkt.hu\/magazin\/wp-content\/uploads\/2020\/03\/pexels-photo-3094230-2048x1365.jpeg 2048w, https:\/\/hir.mediamarkt.hu\/magazin\/wp-content\/uploads\/2020\/03\/pexels-photo-3094230.jpeg 1440w\" sizes=\"(max-width: 275px) 100vw, 275px\" \/>Eddz, er\u0151s\u00edts, ez\u00fattal kiskapuk \u00e9s halogat\u00e1s n\u00e9lk\u00fcl! <\/b><span style=\"font-weight: 400;\">&#8211; Fantasztikus kezdem\u00e9nyez\u00e9sek terjednek az interneten, sz\u00e1mos szakember \u00e9s oktat\u00f3 k\u00edn\u00e1l online lehet\u0151s\u00e9get a testmozg\u00e1s otthoni megval\u00f3s\u00edt\u00e1s\u00e1hoz. Csatlakozz a stream-elhet\u0151, csoportos \u00f3r\u00e1khoz, vagy szerezd be a sz\u00e1modra legszimpatikusabb edz\u00e9sek felv\u00e9tel\u00e9t! DVD-ink j\u00f3ga, pilates \u00e9s fitness t\u00e9mak\u00f6rben is rendelkez\u00e9sedre \u00e1llnak! K\u00e9sz\u00edts tervet, \u00f3rarendet, ne b\u00edzd a v\u00e9letlenre \u00e9s a kedvedre, mikor \u00e1llsz neki az izzad\u00e1snak! Ha szeretsz fitness eszk\u00f6z\u00f6ket haszn\u00e1lni (ak\u00e1r a mozg\u00e1shoz, ak\u00e1r az \u00e1llapotod \u00e9s teljes\u00edtm\u00e9nyed m\u00e9r\u00e9s\u00e9hez), szerezd be azt, ami a legink\u00e1bb motiv\u00e1l \u00e9s seg\u00edt! Mozg\u00e1s el\u0151tt, k\u00f6zben \u00e9s ut\u00e1n is hidrat\u00e1lj, legyen a kulacsod mindig k\u00e9zn\u00e9l (lehet\u0151leg tiszt\u00edtott v\u00edzzel vagy eg\u00e9szs\u00e9ges gy\u00f3gyte\u00e1kkal megt\u00f6ltve). Mozg\u00e1s ut\u00e1n igy\u00e1l egy j\u00f3 turmixot,\u00a0 k\u00e9sz\u00edts egy izgalmas smoothie-t \u00e9s \u00e9lvezd, hogy sz\u00e9t\u00e1rad a testedben az energia \u00e9s a nyugalom!<\/span><\/li>\r\n<\/ul>\r\n<b>MediaMarkt tipp:<\/b><span style=\"font-weight: 400;\"> Tov\u00e1bbi inspir\u00e1ci\u00f3 \u00e9s \u00f6tlet \u00e1radat <\/span><a href=\"https:\/\/hir.mediamarkt.hu\/magazin\/fitness-joga-sport-nyari-szezon\/\"><span style=\"font-weight: 400;\">FITNESS ESZK\u00d6Z MUSTRA A HIRTELEN BEROBBANT NY\u00c1R APROP\u00d3J\u00c1N!<\/span><\/a><span style=\"font-weight: 400;\"> c\u00edm\u0171 cikk\u00fcnkben! \u00c9s b\u00e1r a k\u00f6z\u00f6ss\u00e9gi sportol\u00e1s \u00e9s az ezt szolg\u00e1l\u00f3 helyek z\u00e1rva vannak &#8211; de legal\u00e1bbis elker\u00fclend\u0151k -, <\/span><a href=\"https:\/\/hir.mediamarkt.hu\/magazin\/5-tipp-sportolashoz-edzoterem-gym-yoga-szerelemeseinek\/\"><span style=\"font-weight: 400;\">5 TIPP SPORTOL\u00c1SHOZ AZ EDZ\u0150TERMEK \u00c9S F\u0170T\u00d6TT SPORTP\u00c1LY\u00c1K SZERELEMESEINEK<\/span><\/a><span style=\"font-weight: 400;\"> anyagunkban nagyon sok fontos inform\u00e1ci\u00f3t tal\u00e1lsz arr\u00f3l, ami az otthoni edz\u00e9shez is elengedhetetlen! Hajr\u00e1!<\/span>\r\n\r\n&nbsp;\r\n<ul>\r\n \t<li style=\"font-weight: 400;\"><b><img loading=\"lazy\" decoding=\"async\" class=\"size-thumbnail wp-image-10433 alignleft\" src=\"https:\/\/hir.mediamarkt.hu\/magazin\/wp-content\/uploads\/2020\/03\/MediaMarkt_maradjotthon_noknek08-275x183.jpeg\" alt=\"\" width=\"275\" height=\"183\" srcset=\"https:\/\/hir.mediamarkt.hu\/magazin\/wp-content\/uploads\/2020\/03\/MediaMarkt_maradjotthon_noknek08-275x183.jpeg 275w, https:\/\/hir.mediamarkt.hu\/magazin\/wp-content\/uploads\/2020\/03\/MediaMarkt_maradjotthon_noknek08-300x200.jpeg 300w, https:\/\/hir.mediamarkt.hu\/magazin\/wp-content\/uploads\/2020\/03\/MediaMarkt_maradjotthon_noknek08.jpeg 500w\" sizes=\"(max-width: 275px) 100vw, 275px\" \/>Le a t\u00e9li sz\u0151rzettel!<\/b><span style=\"font-weight: 400;\"> &#8211; B\u00e1r mi, ahogy tavaly m\u00e1r besz\u00e1moltunk r\u00f3la, mindenki szuver\u00e9n jog\u00e1nak tartjuk a sz\u0151r\u00f6s\u00f6d\u00e9st, ha csak az\u00e9rt n\u00f6vesztett\u00e9l t\u00e9li bund\u00e1t, mert nem volt kedved, er\u0151d a dologgal foglalkozni, a most r\u00e1d szakad nagy szabads\u00e1g alatt l\u00e1ss neki a tataroz\u00e1snak! Epil\u00e1lj \u00e9s massz\u00edrozz, \u00faj\u00edtsd meg a b\u0151rsejteket, h\u00e1mlassz \u00e9s \u00e9lvezd a v\u00e9rkering\u00e9s j\u00f3t\u00e9kony hat\u00e1sait is. Azt\u00e1n tedd fel a l\u00e1bad a s\u00e1mlira \u00e9s gy\u00f6ny\u00f6rk\u00f6dj az eredm\u00e9nyben, m\u00edg valami finomat r\u00e1gcs\u00e1lsz!<\/span><\/li>\r\n<\/ul>\r\n<b>MediaMarkt tipp: <\/b><a href=\"https:\/\/hir.mediamarkt.hu\/magazin\/a-januhairy-kihivasrol-szormenten\/\"><span style=\"font-weight: 400;\">A MEGOSZT\u00d3 JANUHAIRY KIH\u00cdV\u00c1SR\u00d3L, SZ\u0150RMENT\u00c9N<\/span><\/a><span style=\"font-weight: 400;\"> c\u00edm\u0171 \u00edr\u00e1sunk fontosabb, mint gondoln\u00e1d! Ismerkedj a saj\u00e1t v\u00e1gyaiddal \u00e9s el\u0151\u00edt\u00e9leteiddel \u00e9s tedd a testeddel azt, ami v\u00e9g\u00fcl a legautentikusabb sz\u00e1modra!\u00a0<\/span>\r\n\r\n&nbsp;\r\n<ul>\r\n \t<li style=\"font-weight: 400;\"><b><img loading=\"lazy\" decoding=\"async\" class=\"size-thumbnail wp-image-10434 alignleft\" src=\"https:\/\/hir.mediamarkt.hu\/magazin\/wp-content\/uploads\/2020\/03\/MediaMarkt_maradjotthon_noknek02a-275x183.jpeg\" alt=\"\" width=\"275\" height=\"183\" srcset=\"https:\/\/hir.mediamarkt.hu\/magazin\/wp-content\/uploads\/2020\/03\/MediaMarkt_maradjotthon_noknek02a-275x183.jpeg 275w, https:\/\/hir.mediamarkt.hu\/magazin\/wp-content\/uploads\/2020\/03\/MediaMarkt_maradjotthon_noknek02a-300x200.jpeg 300w, https:\/\/hir.mediamarkt.hu\/magazin\/wp-content\/uploads\/2020\/03\/MediaMarkt_maradjotthon_noknek02a-1024x683.jpeg 1024w, https:\/\/hir.mediamarkt.hu\/magazin\/wp-content\/uploads\/2020\/03\/MediaMarkt_maradjotthon_noknek02a-768x512.jpeg 768w, https:\/\/hir.mediamarkt.hu\/magazin\/wp-content\/uploads\/2020\/03\/MediaMarkt_maradjotthon_noknek02a-1536x1024.jpeg 1536w, https:\/\/hir.mediamarkt.hu\/magazin\/wp-content\/uploads\/2020\/03\/MediaMarkt_maradjotthon_noknek02a-2048x1365.jpeg 2048w, https:\/\/hir.mediamarkt.hu\/magazin\/wp-content\/uploads\/2020\/03\/MediaMarkt_maradjotthon_noknek02a.jpeg 1440w\" sizes=\"(max-width: 275px) 100vw, 275px\" \/>Az\u00e9rt, mert otthon vagy, m\u00e9g n\u00e9zhetsz ki j\u00f3l!<\/b><span style=\"font-weight: 400;\"> &#8211; Az \u00e1gyb\u00f3l kikel\u00e9s \u00e9s a g\u00e9p m\u00f6g\u00f6tt elt\u00f6lt\u00f6tt munkaid\u0151, vagy \u00e9pp az intenz\u00edv gyereknevel\u00e9sre sz\u00e1nt \u00f3r\u00e1k akkor v\u00e1lnak el igaz\u00e1n egym\u00e1st\u00f3l, ha fizikailag is k\u00fcl\u00f6nbs\u00e9get tesz\u00fcnk a cselekv\u00e9seink k\u00f6z\u00f6tt. Le a pizsam\u00e1val! \u00d6lt\u00f6zz \u00e1t k\u00e9nyelmes, de munk\u00e1hoz is passzol\u00f3 hangulatot sug\u00e1rz\u00f3 szettbe, \u00e9s igenis l\u0151dd be a frizur\u00e1d, sminkelj, ha \u00e9pp az esik j\u00f3l: pont, mintha ma is elinduln\u00e1l a v\u00e1ros forgatag\u00e1ban! Persze lehet, \u00e9pp azt akarja valaki ki\u00e9lvezni, hogy nem kell folyton tip-top kin\u00e9znie. Az is egy \u00fat, ha direkt \u00e9lvezz\u00fck, hogy m\u00e1sk\u00e9pp \u00f6lt\u00f6z\u00fcnk, mint amit a munkahelyen elv\u00e1rnak t\u0151l\u00fcnk. A l\u00e9nyeg, legyen k\u00fcl\u00f6nbs\u00e9g a reggeli kanap\u00e9z\u00e1s \u00e9s a tanul\u00f3szob\u00e1ban, vagy a munkasarokban t\u00f6lt\u00f6tt kin\u00e9zet k\u00f6z\u00f6tt. K\u00eds\u00e9rletez\u00e9sre egy\u00e9bk\u00e9nt kiv\u00e1l\u00f3 ez az id\u0151szak: g\u00f6nd\u00f6r\u00edts, hull\u00e1mos\u00edts, vagy \u00e9pp vasald ki a hajad, f\u00e9s\u00fcld m\u00e1sk\u00e9pp, mint eddig! Legy\u00e9l kreat\u00edv \u00e9s tal\u00e1lj vissza a kor\u00e1bbi, felfedez\u0151 \u00f6nmagadhoz!\u00a0<\/span><\/li>\r\n<\/ul>\r\n<b>MediaMarkt tipp: <\/b>B\u00e1r m\u00e1r f\u00e9l l\u00e1bban kint vagyunk a t\u00e9lb\u0151l, <a href=\"https:\/\/hir.mediamarkt.hu\/magazin\/sapka-szezon-tippek-telviz-idejere-hogy-ne-ugy-fess-mint-egy-madarijeszto\/\">SAPKA SZEZON? TIPPEK T\u00c9LV\u00cdZ IDEJ\u00c9RE, HOGY NE \u00daGY FESS, MINT EGY MAD\u00c1RIJESZT\u0150!<\/a> \u00edr\u00e1sunk j\u00f3l fog j\u00f6nni frizura szempontb\u00f3l! Ha pedig kezd\u0151 vagy, <a href=\"https:\/\/hir.mediamarkt.hu\/magazin\/egy-sima-egy-forditott-egy-hajvasalas-szuz-lany-vallomasa-es-megujulasa\/\">EGY SIMA, EGY FORD\u00cdTOTT: EGY HAJVASAL\u00c1S-SZ\u0170Z L\u00c1NY VALLOM\u00c1SA \u00c9S MEG\u00daJUL\u00c1SA!<\/a> cikk\u00fcnk lehet seg\u00edts\u00e9gedre!\r\n\r\n&nbsp;\r\n<h2><b>A lak\u00e1s \u00e9s otthon, friss szemmel n\u00e9zve<\/b><\/h2>\r\n&nbsp;\r\n\r\n<span style=\"font-weight: 400;\">A most nyakunkba szakad, otthon t\u00f6lt\u00f6tt id\u0151 arra is kit\u0171n\u0151, ha neki\u00e1llunk szan\u00e1lni \u00e9s persze takar\u00edtani. Mivel ez csapatmunka, a n\u0151i \u201c\u00e9n id\u0151n\u201d t\u00fal kalkul\u00e1ljuk r\u00e1 a sz\u00fcks\u00e9ges perceket, \u00f3r\u00e1kat. Osszuk fel a terepet \u00e9s kezdj\u00fck azzal, ami t\u00e9nyleg csak a mi\u00e9nk.\u00a0\u00a0<\/span><span style=\"font-weight: 400;\">Amit egy \u00e9ve &#8211; vagyis 4 k\u00fcl\u00f6nb\u00f6z\u0151 \u00e9vszak alatt &#8211; nem haszn\u00e1lt\u00e1l, j\u00f3 es\u00e9llyel felesleges t\u00e1rgy. Most egy\u00e9ni \u00e9s t\u00e1rsadalmi szinten is \u00e9rdemes m\u00e9rlegelni az \u00e9r\u00e9tkrendszer\u00fcnket: mi az, amire val\u00f3j\u00e1ban sz\u00fcks\u00e9gem van, mi az, amit csak \u00fagy megveszek, gondolkod\u00e1s n\u00e9lk\u00fcl? A fogyaszt\u00e1ssal nincs baj, a m\u00e9rt\u00e9ktelens\u00e9g viszont m\u00e1r l\u00e1tjuk, hogy gondot okoz az eg\u00e9sz bolyg\u00f3 sz\u00e1m\u00e1ra.\u00a0<\/span>\r\n\r\n<span style=\"font-weight: 400;\">Nyisd ki a szekr\u00e9nyeket, n\u00e9zd \u00e1t a kamr\u00e1t, menj le a pinc\u00e9be, vagy \u00e9pp fel a padl\u00e1sra \u00e9s szan\u00e1lj ki mindent, ami csak porfog\u00f3! Adom\u00e1nyozni j\u00f3, ami j\u00f3 \u00e1llapot\u00fa holmi \u00e9s hasznos lehet m\u00e9g m\u00e1snak, csak neked felesleges, esetleg t\u00f6bb van bel\u0151le, ker\u00fclj\u00f6n k\u00fcl\u00f6n \u00e9s ha elj\u00f6n az ideje, juttasd el a megfelel\u0151 helyre! Ami szem\u00e9t, mehet a kuk\u00e1ba (persze csak \u00e9sszel, semmi vesz\u00e9lyes hullad\u00e9kot ne dobj a k\u00f6z\u00f6s gy\u0171jt\u0151be, ink\u00e1bb add majd le a MediaMarktn\u00e1l!). Rendszerez\u00e9s, dobozol\u00e1s, egysz\u00f3val tavaszi meg\u00fajul\u00e1s lak\u00e1son innen \u00e9s t\u00fal!<\/span>\r\n\r\n&nbsp;\r\n\r\n<b>MediaMarkt tipp: <\/b><span style=\"font-weight: 400;\">Elemek, elromlott vagy m\u00e1r lecser\u00e9lt elektromos berendez\u00e9sek? <\/span><a href=\"https:\/\/hir.mediamarkt.hu\/magazin\/hulladek-mediamarkt-ingyenes-kedvezmenyes-visszavetel\/\"><span style=\"font-weight: 400;\">HATSZOR OLYAN MAGAS, MINT A BURDZS KALIFA, M\u00c9GSEM L\u00c1TV\u00c1NYOSS\u00c1G. MI AZ? AZ ELEKTROMOS HULLAD\u00c9KUNK!<\/span><\/a><span style=\"font-weight: 400;\"> c\u00edm\u0171 cikk\u00fcnkb\u0151l megtudod, mit kezd vel\u00fck, mi hogyan seg\u00edt\u00fcnk ebben \u00e9s mi\u00e9rt nagyon fontos mindez!<\/span>\r\n\r\n&nbsp;\r\n\r\nhttps:\/\/gfycat.com\/plainhideousisabellineshrike\r\n\r\n&nbsp;\r\n<h2><b>Tereld el a figyelmed, \u00e9s minden akad\u00e1lyt k\u00f6nnyebben veszel!<\/b><\/h2>\r\n&nbsp;\r\n\r\n<span style=\"font-weight: 400;\"><img loading=\"lazy\" decoding=\"async\" class=\"size-thumbnail wp-image-10437 alignleft\" src=\"https:\/\/hir.mediamarkt.hu\/magazin\/wp-content\/uploads\/2020\/03\/MediaMarkt_maradjotthon_noknek09a-275x183.jpeg\" alt=\"\" width=\"275\" height=\"183\" srcset=\"https:\/\/hir.mediamarkt.hu\/magazin\/wp-content\/uploads\/2020\/03\/MediaMarkt_maradjotthon_noknek09a-275x183.jpeg 275w, https:\/\/hir.mediamarkt.hu\/magazin\/wp-content\/uploads\/2020\/03\/MediaMarkt_maradjotthon_noknek09a-300x200.jpeg 300w, https:\/\/hir.mediamarkt.hu\/magazin\/wp-content\/uploads\/2020\/03\/MediaMarkt_maradjotthon_noknek09a-1024x683.jpeg 1024w, https:\/\/hir.mediamarkt.hu\/magazin\/wp-content\/uploads\/2020\/03\/MediaMarkt_maradjotthon_noknek09a-768x512.jpeg 768w, https:\/\/hir.mediamarkt.hu\/magazin\/wp-content\/uploads\/2020\/03\/MediaMarkt_maradjotthon_noknek09a-1536x1024.jpeg 1536w, https:\/\/hir.mediamarkt.hu\/magazin\/wp-content\/uploads\/2020\/03\/MediaMarkt_maradjotthon_noknek09a-2048x1365.jpeg 2048w, https:\/\/hir.mediamarkt.hu\/magazin\/wp-content\/uploads\/2020\/03\/MediaMarkt_maradjotthon_noknek09a.jpeg 1440w\" sizes=\"(max-width: 275px) 100vw, 275px\" \/>A n\u0151k hajlamosak a m\u00e1sok, a csal\u00e1d \u00e9s ak\u00e1r a vil\u00e1g dolgait is a v\u00e1llukra venni. Ami nagyon fontos \u00e9s persze csod\u00e1latos! De nem szabad minden negat\u00edvumnak utat engedni, minden bajt nek\u00fcnk cipelni! Akkor tudunk a legt\u00f6bbet seg\u00edteni, ha a fej\u00fcnk \u00e9s a tudatunk tiszta \u00e9s er\u0151s marad. Fontos a t\u00e1j\u00e9koz\u00f3d\u00e1s, de a k\u00f6z\u00f6ss\u00e9gi oldalak el\u0151tt t\u00f6lt\u00f6tt, egym\u00e1snak ellentmond\u00f3, sokszor hamis h\u00edrek \u00e9s a fesz\u00fclt komment h\u00e1bor\u00fak k\u00f6vet\u00e9se csak \u00e1rt nek\u00fcnk. Legy\u00fcnk k\u00e9pben azzal, mi a teend\u0151, hogy a lehet\u0151 legbiztons\u00e1gosabban \u00e9lj\u00fck \u00e1t ezt az id\u0151szakot, de ne vekengj\u00fcnk eg\u00e9sz nap a k\u00e9rd\u00e9sen. Felesleges \u00f3r\u00e1kat telefon\u00e1lgatni \u00e9s a h\u00edrekr\u0151l sop\u00e1nkodni. Sokkal t\u00f6bb \u00e9rtelme van, ha a pozit\u00edv dolgokra koncentr\u00e1lunk \u00e9s ha megengedj\u00fck magunknak az \u00f6r\u00f6m\u00f6t \u00e9s kikapcsol\u00f3d\u00e1st is.\u00a0<\/span>\r\n\r\n<span style=\"font-weight: 400;\">Olvassunk, n\u00e9zz\u00fcnk j\u00f3 filmeket, hallgassunk egy csom\u00f3 zen\u00e9t, keress\u00fck az online sz\u00f3rakoz\u00e1si lehet\u0151s\u00e9geket! A vil\u00e1g az internet seg\u00edts\u00e9g\u00e9vel egyre t\u00f6bb virtu\u00e1lis ajt\u00f3t nyit ki, bej\u00e1rhatjuk a bolyg\u00f3 m\u00fazeumait, sz\u00ednh\u00e1zait, oper\u00e1it, de m\u00e9g n\u00e9h\u00e1ny \u00e1llatkertet is! Egysz\u00f3val \u00e9lvezz\u00fck tov\u00e1bb az \u00e9letet, lehet\u0151s\u00e9geinkhez m\u00e9rten. \u00c9s tal\u00e1n \u00f6r\u00fclj\u00fcnk egy kicsit annak is, hogy most k\u00e9nytelenek vagyunk egy hangy\u00e1nyit lelassulni \u00e9s \u00e1tgondolni olyan alapvet\u0151 k\u00e9rd\u00e9seket, mint a csal\u00e1d, az eg\u00e9szs\u00e9g, a fogyaszt\u00f3i szok\u00e1saink. Az eg\u00e9sz j\u00e1rv\u00e1nyb\u00f3l v\u00e9g\u00fcl gy\u0151ztesen j\u00f6het\u00fcnk ki!<\/span>\r\n\r\n&nbsp;\r\n\r\n<b>MediaMarkt tipp: <\/b><a href=\"https:\/\/hir.mediamarkt.hu\/magazin\/ezt-nezd-meg-sorozatok-amikre-nem-kar-idot-aldozni-2020-ban\/\"><span style=\"font-weight: 400;\">A LEGJOBB SOROZATOK, AMIKET MUSZ\u00c1J MEGN\u00c9ZNI 2020-BAN<\/span><\/a><span style=\"font-weight: 400;\"> anyagunk mellett tonn\u00e1nyi cikk, aj\u00e1nl\u00f3 \u00e9s kritika v\u00e1r r\u00e1d irodalom, mozg\u00f3k\u00e9p \u00e9s gamer t\u00e9mak\u00f6rben is! Vel\u00fcnk csak az unatkozik, aki t\u00e9nyleg unatkozni akar!<\/span>\r\n\r\n&nbsp;\r\n<h2><strong>Kapcsol\u00f3d\u00f3 MediaMarkt cikkek:\u00a0<\/strong><\/h2>\r\n&nbsp;\r\n\r\n<a href=\"https:\/\/hir.mediamarkt.hu\/magazin\/a-koronavirus-kapcsan-a-megelozesrol-praktikusan-igy-segithet-a-mediamarkt\/\"><span style=\"font-weight: 400;\">A KORONAV\u00cdRUS KAPCS\u00c1N A MEGEL\u0150Z\u00c9SR\u0150L, PRAKTIKUSAN \u2013 \u00cdGY SEG\u00cdTHET A MEDIAMARKT!<\/span><\/a>\r\n\r\n<a href=\"https:\/\/hir.mediamarkt.hu\/magazin\/tavaszi-tatarozas-legyel-te-a-tavasz-kiralynoje\/\"><span style=\"font-weight: 400;\">TAVASZI TATAROZ\u00c1S: LEGY\u00c9L TE A TAVASZ KIR\u00c1LYN\u0150JE!<\/span><\/a>","protected":false},"excerpt":{"rendered":"A kialakult j\u00e1rv\u00e1nyra val\u00f3 tekintettel akkor cseleksz\u00fcnk j\u00f3l \u00e9s felel\u0151sen, ha otthon maradunk \u00e9s csak akkor megy\u00fcnk ki az utc\u00e1ra, amikor arra t\u00e9nyleg sz\u00fcks\u00e9g van. Ez nem mindenkinek k\u00f6nny\u0171, de nincs lehetetlen \u00e9s minden szitu\u00e1ci\u00f3b\u00f3l ki tudjuk csalni a legjobbat! \u00d6tletek a #maradjotthon id\u0151szakra, els\u0151 k\u00f6rben n\u0151knek, de persze nem csak nekik!","protected":false},"author":13,"featured_media":10495,"comment_status":"open","ping_status":"open","sticky":false,"template":"","format":"standard","meta":{"wprm-recipe-roundup-name":"","wprm-recipe-roundup-description":"","footnotes":""},"categories":[5967],"tags":[3739,2563,3860,2363,2407,2140,3862,2527,3817,3213,2127,2173,2344,2401,2459,3344,3864,751,3863,2562,2133,2406,1843,2834,846,2589,3861],"yoast_head":"<!-- This site is optimized with the Yoast SEO plugin v22.9 - https:\/\/yoast.com\/wordpress\/plugins\/seo\/ -->\n<title>#maradjotthon \u00e9s \u00edgy hozd ki bel\u0151le a legt\u00f6bbet: pozit\u00edv tippek, ink\u00e1bb n\u0151knek! - MediaMarkt Magazin<\/title>\n<meta name=\"description\" content=\"Hozd ki a legt\u00f6bbet a jelenlegi k\u00e9nyszerpihen\u0151b\u0151l! Tippek (nem csak, de f\u0151k\u00e9nt) n\u0151knek, amelyekkel 2020-ban is \u00f6r\u00f6m, sz\u00e9ps\u00e9g \u00e9s eg\u00e9szs\u00e9g az \u00e9let!\" \/>\n<meta name=\"robots\" content=\"index, follow, max-snippet:-1, max-image-preview:large, max-video-preview:-1\" \/>\n<link rel=\"canonical\" href=\"https:\/\/hir.mediamarkt.hu\/magazin\/maradjotthon-es-igy-hozd-ki-belole-a-legtobbet-pozitiv-tippek-inkabb-noknek\/\" \/>\n<meta property=\"og:locale\" content=\"hu_HU\" \/>\n<meta property=\"og:type\" content=\"article\" \/>\n<meta property=\"og:title\" content=\"#maradjotthon \u00e9s \u00edgy hozd ki bel\u0151le a legt\u00f6bbet: pozit\u00edv tippek, ink\u00e1bb n\u0151knek! - MediaMarkt Magazin\" \/>\n<meta property=\"og:description\" content=\"Hozd ki a legt\u00f6bbet a jelenlegi k\u00e9nyszerpihen\u0151b\u0151l! Tippek (nem csak, de f\u0151k\u00e9nt) n\u0151knek, amelyekkel 2020-ban is \u00f6r\u00f6m, sz\u00e9ps\u00e9g \u00e9s eg\u00e9szs\u00e9g az \u00e9let!\" \/>\n<meta property=\"og:url\" content=\"https:\/\/hir.mediamarkt.hu\/magazin\/maradjotthon-es-igy-hozd-ki-belole-a-legtobbet-pozitiv-tippek-inkabb-noknek\/\" \/>\n<meta property=\"og:site_name\" content=\"MediaMarkt Magazin\" \/>\n<meta property=\"article:publisher\" content=\"https:\/\/www.facebook.com\/MediaMarktMagyarorszag\" \/>\n<meta property=\"article:published_time\" content=\"2020-03-24T13:45:57+00:00\" \/>\n<meta property=\"article:modified_time\" content=\"2020-04-02T09:57:56+00:00\" \/>\n<meta property=\"og:image\" content=\"https:\/\/hir.mediamarkt.hu\/magazin\/wp-content\/uploads\/2020\/03\/maradjotthon_MediaMarkt_nok.png\" \/>\n\t<meta property=\"og:image:width\" content=\"1024\" \/>\n\t<meta property=\"og:image:height\" content=\"619\" \/>\n\t<meta property=\"og:image:type\" content=\"image\/png\" \/>\n<meta name=\"author\" content=\"Media Markt\" \/>\n<meta name=\"twitter:label1\" content=\"Szerz\u0151:\" \/>\n\t<meta name=\"twitter:data1\" content=\"Media Markt\" \/>\n\t<meta name=\"twitter:label2\" content=\"Becs\u00fclt olvas\u00e1si id\u0151\" \/>\n\t<meta name=\"twitter:data2\" content=\"10 perc\" \/>\n<script type=\"application\/ld+json\" class=\"yoast-schema-graph\">{\"@context\":\"https:\/\/schema.org\",\"@graph\":[{\"@type\":\"WebPage\",\"@id\":\"https:\/\/hir.mediamarkt.hu\/magazin\/maradjotthon-es-igy-hozd-ki-belole-a-legtobbet-pozitiv-tippek-inkabb-noknek\/\",\"url\":\"https:\/\/hir.mediamarkt.hu\/magazin\/maradjotthon-es-igy-hozd-ki-belole-a-legtobbet-pozitiv-tippek-inkabb-noknek\/\",\"name\":\"#maradjotthon \u00e9s \u00edgy hozd ki bel\u0151le a legt\u00f6bbet: pozit\u00edv tippek, ink\u00e1bb n\u0151knek! - MediaMarkt Magazin\",\"isPartOf\":{\"@id\":\"https:\/\/hir.mediamarkt.hu\/magazin\/#website\"},\"primaryImageOfPage\":{\"@id\":\"https:\/\/hir.mediamarkt.hu\/magazin\/maradjotthon-es-igy-hozd-ki-belole-a-legtobbet-pozitiv-tippek-inkabb-noknek\/#primaryimage\"},\"image\":{\"@id\":\"https:\/\/hir.mediamarkt.hu\/magazin\/maradjotthon-es-igy-hozd-ki-belole-a-legtobbet-pozitiv-tippek-inkabb-noknek\/#primaryimage\"},\"thumbnailUrl\":\"https:\/\/hir.mediamarkt.hu\/magazin\/wp-content\/uploads\/2020\/03\/maradjotthon_MediaMarkt_nok.png\",\"datePublished\":\"2020-03-24T13:45:57+00:00\",\"dateModified\":\"2020-04-02T09:57:56+00:00\",\"author\":{\"@id\":\"https:\/\/hir.mediamarkt.hu\/magazin\/#\/schema\/person\/b93b02ec1ab4d2353f8d281e171c1b0b\"},\"description\":\"Hozd ki a legt\u00f6bbet a jelenlegi k\u00e9nyszerpihen\u0151b\u0151l! Tippek (nem csak, de f\u0151k\u00e9nt) n\u0151knek, amelyekkel 2020-ban is \u00f6r\u00f6m, sz\u00e9ps\u00e9g \u00e9s eg\u00e9szs\u00e9g az \u00e9let!\",\"breadcrumb\":{\"@id\":\"https:\/\/hir.mediamarkt.hu\/magazin\/maradjotthon-es-igy-hozd-ki-belole-a-legtobbet-pozitiv-tippek-inkabb-noknek\/#breadcrumb\"},\"inLanguage\":\"hu\",\"potentialAction\":[{\"@type\":\"ReadAction\",\"target\":[\"https:\/\/hir.mediamarkt.hu\/magazin\/maradjotthon-es-igy-hozd-ki-belole-a-legtobbet-pozitiv-tippek-inkabb-noknek\/\"]}]},{\"@type\":\"ImageObject\",\"inLanguage\":\"hu\",\"@id\":\"https:\/\/hir.mediamarkt.hu\/magazin\/maradjotthon-es-igy-hozd-ki-belole-a-legtobbet-pozitiv-tippek-inkabb-noknek\/#primaryimage\",\"url\":\"https:\/\/hir.mediamarkt.hu\/magazin\/wp-content\/uploads\/2020\/03\/maradjotthon_MediaMarkt_nok.png\",\"contentUrl\":\"https:\/\/hir.mediamarkt.hu\/magazin\/wp-content\/uploads\/2020\/03\/maradjotthon_MediaMarkt_nok.png\",\"width\":1024,\"height\":619},{\"@type\":\"BreadcrumbList\",\"@id\":\"https:\/\/hir.mediamarkt.hu\/magazin\/maradjotthon-es-igy-hozd-ki-belole-a-legtobbet-pozitiv-tippek-inkabb-noknek\/#breadcrumb\",\"itemListElement\":[{\"@type\":\"ListItem\",\"position\":1,\"name\":\"Kezd\u0151lap\",\"item\":\"https:\/\/hir.mediamarkt.hu\/magazin\/\"},{\"@type\":\"ListItem\",\"position\":2,\"name\":\"#maradjotthon \u00e9s \u00edgy hozd ki bel\u0151le a legt\u00f6bbet: pozit\u00edv tippek, ink\u00e1bb n\u0151knek!\"}]},{\"@type\":\"WebSite\",\"@id\":\"https:\/\/hir.mediamarkt.hu\/magazin\/#website\",\"url\":\"https:\/\/hir.mediamarkt.hu\/magazin\/\",\"name\":\"MediaMarkt Magazin\",\"description\":\"Olvass bele magazinunkba!\",\"potentialAction\":[{\"@type\":\"SearchAction\",\"target\":{\"@type\":\"EntryPoint\",\"urlTemplate\":\"https:\/\/hir.mediamarkt.hu\/magazin\/?s={search_term_string}\"},\"query-input\":\"required name=search_term_string\"}],\"inLanguage\":\"hu\"},{\"@type\":\"Person\",\"@id\":\"https:\/\/hir.mediamarkt.hu\/magazin\/#\/schema\/person\/b93b02ec1ab4d2353f8d281e171c1b0b\",\"name\":\"Media Markt\",\"image\":{\"@type\":\"ImageObject\",\"inLanguage\":\"hu\",\"@id\":\"https:\/\/hir.mediamarkt.hu\/magazin\/#\/schema\/person\/image\/\",\"url\":\"https:\/\/secure.gravatar.com\/avatar\/602bccae8998beee472d01909f0978f1?s=96&d=mm&r=g\",\"contentUrl\":\"https:\/\/secure.gravatar.com\/avatar\/602bccae8998beee472d01909f0978f1?s=96&d=mm&r=g\",\"caption\":\"Media Markt\"}}]}<\/script>\n<!-- \/ Yoast SEO plugin. -->","yoast_head_json":{"title":"#maradjotthon \u00e9s \u00edgy hozd ki bel\u0151le a legt\u00f6bbet: pozit\u00edv tippek, ink\u00e1bb n\u0151knek! - MediaMarkt Magazin","description":"Hozd ki a legt\u00f6bbet a jelenlegi k\u00e9nyszerpihen\u0151b\u0151l! Tippek (nem csak, de f\u0151k\u00e9nt) n\u0151knek, amelyekkel 2020-ban is \u00f6r\u00f6m, sz\u00e9ps\u00e9g \u00e9s eg\u00e9szs\u00e9g az \u00e9let!","robots":{"index":"index","follow":"follow","max-snippet":"max-snippet:-1","max-image-preview":"max-image-preview:large","max-video-preview":"max-video-preview:-1"},"canonical":"https:\/\/hir.mediamarkt.hu\/magazin\/maradjotthon-es-igy-hozd-ki-belole-a-legtobbet-pozitiv-tippek-inkabb-noknek\/","og_locale":"hu_HU","og_type":"article","og_title":"#maradjotthon \u00e9s \u00edgy hozd ki bel\u0151le a legt\u00f6bbet: pozit\u00edv tippek, ink\u00e1bb n\u0151knek! - MediaMarkt Magazin","og_description":"Hozd ki a legt\u00f6bbet a jelenlegi k\u00e9nyszerpihen\u0151b\u0151l! Tippek (nem csak, de f\u0151k\u00e9nt) n\u0151knek, amelyekkel 2020-ban is \u00f6r\u00f6m, sz\u00e9ps\u00e9g \u00e9s eg\u00e9szs\u00e9g az \u00e9let!","og_url":"https:\/\/hir.mediamarkt.hu\/magazin\/maradjotthon-es-igy-hozd-ki-belole-a-legtobbet-pozitiv-tippek-inkabb-noknek\/","og_site_name":"MediaMarkt Magazin","article_publisher":"https:\/\/www.facebook.com\/MediaMarktMagyarorszag","article_published_time":"2020-03-24T13:45:57+00:00","article_modified_time":"2020-04-02T09:57:56+00:00","og_image":[{"width":1024,"height":619,"url":"https:\/\/hir.mediamarkt.hu\/magazin\/wp-content\/uploads\/2020\/03\/maradjotthon_MediaMarkt_nok.png","type":"image\/png"}],"author":"Media Markt","twitter_misc":{"Szerz\u0151:":"Media Markt","Becs\u00fclt olvas\u00e1si id\u0151":"10 perc"},"schema":{"@context":"https:\/\/schema.org","@graph":[{"@type":"WebPage","@id":"https:\/\/hir.mediamarkt.hu\/magazin\/maradjotthon-es-igy-hozd-ki-belole-a-legtobbet-pozitiv-tippek-inkabb-noknek\/","url":"https:\/\/hir.mediamarkt.hu\/magazin\/maradjotthon-es-igy-hozd-ki-belole-a-legtobbet-pozitiv-tippek-inkabb-noknek\/","name":"#maradjotthon \u00e9s \u00edgy hozd ki bel\u0151le a legt\u00f6bbet: pozit\u00edv tippek, ink\u00e1bb n\u0151knek! - MediaMarkt Magazin","isPartOf":{"@id":"https:\/\/hir.mediamarkt.hu\/magazin\/#website"},"primaryImageOfPage":{"@id":"https:\/\/hir.mediamarkt.hu\/magazin\/maradjotthon-es-igy-hozd-ki-belole-a-legtobbet-pozitiv-tippek-inkabb-noknek\/#primaryimage"},"image":{"@id":"https:\/\/hir.mediamarkt.hu\/magazin\/maradjotthon-es-igy-hozd-ki-belole-a-legtobbet-pozitiv-tippek-inkabb-noknek\/#primaryimage"},"thumbnailUrl":"https:\/\/hir.mediamarkt.hu\/magazin\/wp-content\/uploads\/2020\/03\/maradjotthon_MediaMarkt_nok.png","datePublished":"2020-03-24T13:45:57+00:00","dateModified":"2020-04-02T09:57:56+00:00","author":{"@id":"https:\/\/hir.mediamarkt.hu\/magazin\/#\/schema\/person\/b93b02ec1ab4d2353f8d281e171c1b0b"},"description":"Hozd ki a legt\u00f6bbet a jelenlegi k\u00e9nyszerpihen\u0151b\u0151l! Tippek (nem csak, de f\u0151k\u00e9nt) n\u0151knek, amelyekkel 2020-ban is \u00f6r\u00f6m, sz\u00e9ps\u00e9g \u00e9s eg\u00e9szs\u00e9g az \u00e9let!","breadcrumb":{"@id":"https:\/\/hir.mediamarkt.hu\/magazin\/maradjotthon-es-igy-hozd-ki-belole-a-legtobbet-pozitiv-tippek-inkabb-noknek\/#breadcrumb"},"inLanguage":"hu","potentialAction":[{"@type":"ReadAction","target":["https:\/\/hir.mediamarkt.hu\/magazin\/maradjotthon-es-igy-hozd-ki-belole-a-legtobbet-pozitiv-tippek-inkabb-noknek\/"]}]},{"@type":"ImageObject","inLanguage":"hu","@id":"https:\/\/hir.mediamarkt.hu\/magazin\/maradjotthon-es-igy-hozd-ki-belole-a-legtobbet-pozitiv-tippek-inkabb-noknek\/#primaryimage","url":"https:\/\/hir.mediamarkt.hu\/magazin\/wp-content\/uploads\/2020\/03\/maradjotthon_MediaMarkt_nok.png","contentUrl":"https:\/\/hir.mediamarkt.hu\/magazin\/wp-content\/uploads\/2020\/03\/maradjotthon_MediaMarkt_nok.png","width":1024,"height":619},{"@type":"BreadcrumbList","@id":"https:\/\/hir.mediamarkt.hu\/magazin\/maradjotthon-es-igy-hozd-ki-belole-a-legtobbet-pozitiv-tippek-inkabb-noknek\/#breadcrumb","itemListElement":[{"@type":"ListItem","position":1,"name":"Kezd\u0151lap","item":"https:\/\/hir.mediamarkt.hu\/magazin\/"},{"@type":"ListItem","position":2,"name":"#maradjotthon \u00e9s \u00edgy hozd ki bel\u0151le a legt\u00f6bbet: pozit\u00edv tippek, ink\u00e1bb n\u0151knek!"}]},{"@type":"WebSite","@id":"https:\/\/hir.mediamarkt.hu\/magazin\/#website","url":"https:\/\/hir.mediamarkt.hu\/magazin\/","name":"MediaMarkt Magazin","description":"Olvass bele magazinunkba!","potentialAction":[{"@type":"SearchAction","target":{"@type":"EntryPoint","urlTemplate":"https:\/\/hir.mediamarkt.hu\/magazin\/?s={search_term_string}"},"query-input":"required name=search_term_string"}],"inLanguage":"hu"},{"@type":"Person","@id":"https:\/\/hir.mediamarkt.hu\/magazin\/#\/schema\/person\/b93b02ec1ab4d2353f8d281e171c1b0b","name":"Media Markt","image":{"@type":"ImageObject","inLanguage":"hu","@id":"https:\/\/hir.mediamarkt.hu\/magazin\/#\/schema\/person\/image\/","url":"https:\/\/secure.gravatar.com\/avatar\/602bccae8998beee472d01909f0978f1?s=96&d=mm&r=g","contentUrl":"https:\/\/secure.gravatar.com\/avatar\/602bccae8998beee472d01909f0978f1?s=96&d=mm&r=g","caption":"Media Markt"}}]}},"_links":{"self":[{"href":"https:\/\/hir.mediamarkt.hu\/magazin\/wp-json\/wp\/v2\/posts\/10430"}],"collection":[{"href":"https:\/\/hir.mediamarkt.hu\/magazin\/wp-json\/wp\/v2\/posts"}],"about":[{"href":"https:\/\/hir.mediamarkt.hu\/magazin\/wp-json\/wp\/v2\/types\/post"}],"author":[{"embeddable":true,"href":"https:\/\/hir.mediamarkt.hu\/magazin\/wp-json\/wp\/v2\/users\/13"}],"replies":[{"embeddable":true,"href":"https:\/\/hir.mediamarkt.hu\/magazin\/wp-json\/wp\/v2\/comments?post=10430"}],"version-history":[{"count":4,"href":"https:\/\/hir.mediamarkt.hu\/magazin\/wp-json\/wp\/v2\/posts\/10430\/revisions"}],"predecessor-version":[{"id":10496,"href":"https:\/\/hir.mediamarkt.hu\/magazin\/wp-json\/wp\/v2\/posts\/10430\/revisions\/10496"}],"wp:featuredmedia":[{"embeddable":true,"href":"https:\/\/hir.mediamarkt.hu\/magazin\/wp-json\/wp\/v2\/media\/10495"}],"wp:attachment":[{"href":"https:\/\/hir.mediamarkt.hu\/magazin\/wp-json\/wp\/v2\/media?parent=10430"}],"wp:term":[{"taxonomy":"category","embeddable":true,"href":"https:\/\/hir.mediamarkt.hu\/magazin\/wp-json\/wp\/v2\/categories?post=10430"},{"taxonomy":"post_tag","embeddable":true,"href":"https:\/\/hir.mediamarkt.hu\/magazin\/wp-json\/wp\/v2\/tags?post=10430"}],"curies":[{"name":"wp","href":"https:\/\/api.w.org\/{rel}","templated":true}]}}