{"id":10450,"date":"2020-03-30T14:21:08","date_gmt":"2020-03-30T13:21:08","guid":{"rendered":"http:\/\/hir.mediamarkt.hu\/magazin\/?p=10450"},"modified":"2020-04-02T10:56:30","modified_gmt":"2020-04-02T09:56:30","slug":"maradjotthon-es-igy-hozd-ki-belole-a-legtobbet-pozitiv-tippek-inkabb-ferfiaknak","status":"publish","type":"post","link":"https:\/\/hir.mediamarkt.hu\/magazin\/maradjotthon-es-igy-hozd-ki-belole-a-legtobbet-pozitiv-tippek-inkabb-ferfiaknak\/","title":{"rendered":"#maradjotthon \u00e9s \u00edgy hozd ki bel\u0151le a legt\u00f6bbet: pozit\u00edv tippek, ink\u00e1bb f\u00e9rfiaknak!"},"content":{"rendered":"<b><a href=\"https:\/\/hir.mediamarkt.hu\/magazin\/maradjotthon-es-igy-hozd-ki-belole-a-legtobbet-pozitiv-tippek-inkabb-noknek\/\">A h\u00f6lgyekhez m\u00e1r sz\u00f3ltunk<\/a>, itt az id\u0151, hogy a h\u00edmeket is ell\u00e1ssuk n\u00e9h\u00e1ny j\u00f3 tan\u00e1ccsal az otthon t\u00f6lt\u00f6tt, n\u00e9ha hossz\u00fanak t\u0171n\u0151 \u00f3rakkal kapcsolatban. Ez a tavasz is lehet nagyszer\u0171, rajtunk m\u00falik minden! \u00c9s ha k\u00f6vetj\u00fck az el\u0151\u00edr\u00e1sokat, a karant\u00e9n id\u0151szak sem tart \u00f6r\u00f6kk\u00e9!<\/b><!--more-->\r\n\r\n&nbsp;\r\n<h2><b><img loading=\"lazy\" decoding=\"async\" class=\"size-thumbnail wp-image-10451 alignleft\" src=\"https:\/\/hir.mediamarkt.hu\/magazin\/wp-content\/uploads\/2020\/03\/MediaMarkt_maradjotthon_ferfiaknak01-275x275.jpeg\" alt=\"\" width=\"275\" height=\"275\" srcset=\"https:\/\/hir.mediamarkt.hu\/magazin\/wp-content\/uploads\/2020\/03\/MediaMarkt_maradjotthon_ferfiaknak01-275x275.jpeg 275w, https:\/\/hir.mediamarkt.hu\/magazin\/wp-content\/uploads\/2020\/03\/MediaMarkt_maradjotthon_ferfiaknak01-300x300.jpeg 300w, https:\/\/hir.mediamarkt.hu\/magazin\/wp-content\/uploads\/2020\/03\/MediaMarkt_maradjotthon_ferfiaknak01-1024x1024.jpeg 1024w, https:\/\/hir.mediamarkt.hu\/magazin\/wp-content\/uploads\/2020\/03\/MediaMarkt_maradjotthon_ferfiaknak01-768x768.jpeg 768w, https:\/\/hir.mediamarkt.hu\/magazin\/wp-content\/uploads\/2020\/03\/MediaMarkt_maradjotthon_ferfiaknak01-150x150.jpeg 150w, https:\/\/hir.mediamarkt.hu\/magazin\/wp-content\/uploads\/2020\/03\/MediaMarkt_maradjotthon_ferfiaknak01-500x500.jpeg 500w, https:\/\/hir.mediamarkt.hu\/magazin\/wp-content\/uploads\/2020\/03\/MediaMarkt_maradjotthon_ferfiaknak01.jpeg 1500w\" sizes=\"(max-width: 275px) 100vw, 275px\" \/>Az\u00e9rt mert f\u00e9rfi vagy, m\u00e9g nem kell \u0151semberr\u00e9 v\u00e1lnod<\/b><\/h2>\r\n&nbsp;\r\n\r\n<span style=\"font-weight: 400;\">Nagyon nagy t\u00e9vhit, hogy a pasik b\u00e1rmikor elengedhetik magukat, \u00e9s ut\u00e1na is pontosan olyan vonz\u00f3ak lesznek, mint el\u0151tte. A folyamatos \u00f6sszez\u00e1rts\u00e1g alatt r\u00e1ad\u00e1sul jobb \u00e9s rosszabb pillanatainkban is l\u00e1tjuk egym\u00e1st, aminek az \u00e9l\u00e9t egy kis odafigyel\u00e9ssel el\u00fcthetj\u00fck. Att\u00f3l, hogy nem tudunk fodr\u00e1szhoz menni, m\u00e9g n\u00e9zhet\u00fcnk ki norm\u00e1lisan. Vagy \u00e9pp, ha az a c\u00e9l, nagyon fur\u00e1n.\u00a0<\/span>\r\n\r\n<span style=\"font-weight: 400;\">Elv\u00e9gre most b\u00e1rmilyen k\u00eds\u00e9rletez\u00e9s belef\u00e9r, \u00fagysem l\u00e1tja senki \u201codakint\u201d, milyen frizur\u00e1t vagy \u00e9pp szak\u00e1llat v\u00e1gtunk magunknak. Mondjuk az extr\u00e9m rossz kivitelez\u00e9st ink\u00e1bb csak a gyerekek sz\u00f3rakoztat\u00e1sa \u00e9s egy v\u00e9gleges, tervezett kopaszt\u00e1s el\u0151tt aj\u00e1nljuk. Brahib\u00f3l ne n\u00e9zz\u00fcnk ki ugye teljesen fur\u00e1n\u2026 El\u0151 a szak\u00e1ll v\u00e1g\u00f3kkal, hajny\u00edr\u00f3 g\u00e9pekkel, az elektromos \u00e9s hagyom\u00e1nyos borotv\u00e1kkal \u00e9s j\u00f6het a tavaszi meg\u00fajul\u00e1s!<\/span>\r\n\r\n&nbsp;\r\n<h2><b><img loading=\"lazy\" decoding=\"async\" class=\"size-thumbnail wp-image-10452 alignleft\" src=\"https:\/\/hir.mediamarkt.hu\/magazin\/wp-content\/uploads\/2020\/03\/MediaMarkt_maradjotthon_ferfiaknak02-275x183.jpeg\" alt=\"\" width=\"275\" height=\"183\" srcset=\"https:\/\/hir.mediamarkt.hu\/magazin\/wp-content\/uploads\/2020\/03\/MediaMarkt_maradjotthon_ferfiaknak02-275x183.jpeg 275w, https:\/\/hir.mediamarkt.hu\/magazin\/wp-content\/uploads\/2020\/03\/MediaMarkt_maradjotthon_ferfiaknak02-300x200.jpeg 300w, https:\/\/hir.mediamarkt.hu\/magazin\/wp-content\/uploads\/2020\/03\/MediaMarkt_maradjotthon_ferfiaknak02-1024x682.jpeg 1024w, https:\/\/hir.mediamarkt.hu\/magazin\/wp-content\/uploads\/2020\/03\/MediaMarkt_maradjotthon_ferfiaknak02-768x512.jpeg 768w, https:\/\/hir.mediamarkt.hu\/magazin\/wp-content\/uploads\/2020\/03\/MediaMarkt_maradjotthon_ferfiaknak02-1536x1024.jpeg 1536w, https:\/\/hir.mediamarkt.hu\/magazin\/wp-content\/uploads\/2020\/03\/MediaMarkt_maradjotthon_ferfiaknak02-2048x1365.jpeg 2048w, https:\/\/hir.mediamarkt.hu\/magazin\/wp-content\/uploads\/2020\/03\/MediaMarkt_maradjotthon_ferfiaknak02.jpeg 1440w\" sizes=\"(max-width: 275px) 100vw, 275px\" \/>V\u00e9gre rendszerezheted a szersz\u00e1maidat!<\/b><\/h2>\r\n&nbsp;\r\n\r\n<span style=\"font-weight: 400;\">\u00c1lom id\u0151t\u00f6lt\u00e9s, \u00e9s m\u00e9g hasznos is! A zokni p\u00e1ros\u00edt\u00e1s mellett tal\u00e1n a bark\u00e1cs \u00e9s aut\u00f3s holmik szan\u00e1l\u00e1sa, kateg\u00f3ri\u00e1kba \u00e9s m\u00e9ret szerint t\u00f6rt\u00e9n\u0151 \u00f6sszerendez\u00e9se lehet igaz\u00e1n kiv\u00e1l\u00f3 id\u0151t\u00f6lt\u00e9s a f\u00e9rfiak sz\u00e1m\u00e1ra. A hozad\u00e9ka pedig nem csak az, hogy elrep\u00fcl p\u00e1r \u00f3ra, hanem az is, hogy mostant\u00f3l &#8211; egy darabig &#8211; b\u00e1rmikor megtal\u00e1ljuk, amire \u00e9pp sz\u00fcks\u00e9g\u00fcnk van! Ha nincs megfelel\u0151 t\u00e1rol\u00f3d, de am\u00fagy bark\u00e1cs ezermester vagy, csin\u00e1lj egyet! El\u0151 a haszn\u00e1laton k\u00edv\u00fcli holmikkal a padl\u00e1sr\u00f3l, pinc\u00e9b\u0151l, gardr\u00f3bb\u00f3l! Fi\u00f3k \u00e9s fakk k\u00e9sz\u00edt\u00e9sre fel!<\/span>\r\n\r\n&nbsp;\r\n<h2><b><img loading=\"lazy\" decoding=\"async\" class=\"size-thumbnail wp-image-10453 alignleft\" src=\"https:\/\/hir.mediamarkt.hu\/magazin\/wp-content\/uploads\/2020\/03\/MediaMarkt_maradjotthon_ferfiaknak03a-275x183.jpeg\" alt=\"\" width=\"275\" height=\"183\" srcset=\"https:\/\/hir.mediamarkt.hu\/magazin\/wp-content\/uploads\/2020\/03\/MediaMarkt_maradjotthon_ferfiaknak03a-275x183.jpeg 275w, https:\/\/hir.mediamarkt.hu\/magazin\/wp-content\/uploads\/2020\/03\/MediaMarkt_maradjotthon_ferfiaknak03a-300x200.jpeg 300w, https:\/\/hir.mediamarkt.hu\/magazin\/wp-content\/uploads\/2020\/03\/MediaMarkt_maradjotthon_ferfiaknak03a-1024x683.jpeg 1024w, https:\/\/hir.mediamarkt.hu\/magazin\/wp-content\/uploads\/2020\/03\/MediaMarkt_maradjotthon_ferfiaknak03a-768x512.jpeg 768w, https:\/\/hir.mediamarkt.hu\/magazin\/wp-content\/uploads\/2020\/03\/MediaMarkt_maradjotthon_ferfiaknak03a-1536x1024.jpeg 1536w, https:\/\/hir.mediamarkt.hu\/magazin\/wp-content\/uploads\/2020\/03\/MediaMarkt_maradjotthon_ferfiaknak03a-2048x1365.jpeg 2048w, https:\/\/hir.mediamarkt.hu\/magazin\/wp-content\/uploads\/2020\/03\/MediaMarkt_maradjotthon_ferfiaknak03a.jpeg 1440w\" sizes=\"(max-width: 275px) 100vw, 275px\" \/>Aut\u00f3tulajdonosok, itt az id\u0151 egy kis &#8222;pimpel\u00e9sre&#8221;!<\/b><\/h2>\r\n&nbsp;\r\n\r\n<span style=\"font-weight: 400;\">Olyan a kocsi, a motor, a bringa sz\u00e1modra, mint egy csal\u00e1dtag? Akkor most igaz\u00e1n nekieshetsz \u00e9s kicsit kipofohatod! Az alapos k\u00fcls\u0151-bels\u0151 takar\u00edt\u00e1s mellett j\u00f6hetnek a k\u00e9nyelem fokoz\u00f3 berendez\u00e9sek be\u00e9p\u00edt\u00e9se is. Izgalmas f\u00e9nyforr\u00e1sok (persze csak a biztons\u00e1got \u00e9s a KRESZT szem el\u0151tt tartva), hangfalak \u00e9s zenelej\u00e1tsz\u00f3k, dekor\u00e1ci\u00f3ra alkalmas fel\u00fcletek v\u00e1rnak minden f\u00e9rfira! Fejezze ki v\u00e9gre a j\u00e1rg\u00e1nyod, hogy ki vagy!\u00a0<\/span>\r\n\r\n<span style=\"font-weight: 400;\">A nagy szabads\u00e1gban, \u00e9s meg mert most nem kell mindig, mindenhova rohanni, n\u00e9zd \u00e1t a k\u00f6telez\u0151 felszerel\u00e9seket \u00e9s szerezd be, ami esetleg hi\u00e1nyzik, vagy ami m\u00e1r elavult. A l\u00e1that\u00f3s\u00e1gi \u00e9s biztons\u00e1gi elemek ellen\u0151rz\u00e9se soha sem volt ilyen id\u0151szer\u0171!<\/span>\r\n\r\n&nbsp;\r\n<h2><b><img loading=\"lazy\" decoding=\"async\" class=\"size-thumbnail wp-image-10454 alignleft\" src=\"https:\/\/hir.mediamarkt.hu\/magazin\/wp-content\/uploads\/2020\/03\/MediaMarkt_maradjotthon_ferfiaknak04-275x165.jpeg\" alt=\"\" width=\"275\" height=\"165\" srcset=\"https:\/\/hir.mediamarkt.hu\/magazin\/wp-content\/uploads\/2020\/03\/MediaMarkt_maradjotthon_ferfiaknak04-275x165.jpeg 275w, https:\/\/hir.mediamarkt.hu\/magazin\/wp-content\/uploads\/2020\/03\/MediaMarkt_maradjotthon_ferfiaknak04-300x180.jpeg 300w, https:\/\/hir.mediamarkt.hu\/magazin\/wp-content\/uploads\/2020\/03\/MediaMarkt_maradjotthon_ferfiaknak04-1024x615.jpeg 1024w, https:\/\/hir.mediamarkt.hu\/magazin\/wp-content\/uploads\/2020\/03\/MediaMarkt_maradjotthon_ferfiaknak04-768x461.jpeg 768w, https:\/\/hir.mediamarkt.hu\/magazin\/wp-content\/uploads\/2020\/03\/MediaMarkt_maradjotthon_ferfiaknak04-1536x922.jpeg 1536w, https:\/\/hir.mediamarkt.hu\/magazin\/wp-content\/uploads\/2020\/03\/MediaMarkt_maradjotthon_ferfiaknak04-2048x1229.jpeg 2048w, https:\/\/hir.mediamarkt.hu\/magazin\/wp-content\/uploads\/2020\/03\/MediaMarkt_maradjotthon_ferfiaknak04.jpeg 1440w\" sizes=\"(max-width: 275px) 100vw, 275px\" \/>Nyikorg\u00f3 \u00e1gy, kilazult csavarok: most mindent megjav\u00edthatsz!<\/b><\/h2>\r\n&nbsp;\r\n\r\n<span style=\"font-weight: 400;\">Vannak azok a jelens\u00e9gek, amikre mindig csak holnap jut id\u0151. Nos, most \u00fagy fest, az a holnap ma van. Ami\u00e9rt az asszony folyton a f\u00fcled r\u00e1gja, ami\u00e9rt ny\u00faz a gyerek, ami a te szemed zavarja, most egy csap\u00e1sra kipofoz\u00e1sra ker\u00fclhet! Le a cs\u00f6p\u00f6g\u0151 csapokkal, a billeg\u0151 sz\u00e9kekkel, a kontakt hib\u00e1s elektronikus berendez\u00e9sekkel! Ha nem is veszel kezes-l\u00e1bast \u00e9s a k\u00f6peny sem lobog a nyakadban, igazi f\u00e9rfias szuperh\u0151ss\u00e9 v\u00e1lhatsz a csal\u00e1d szem\u00e9ben is! Ne feledd, egy j\u00f3 WD-40 (szinte) minden probl\u00e9m\u00e1t megold! \u00c9s ha m\u00e1r minden t\u00f6k\u00e9letes otthon, a b\u00e9rh\u00e1z lak\u00f3i \u00e9s a szomsz\u00e9dok arc\u00e1ra is csalhatsz n\u00e9mi mosolyt egy kis k\u00f6z\u00f6ss\u00e9gi j\u00f3cselekedettel. Nincs t\u00f6bb\u00e9 nyikorg\u00f3 kapu, z\u00e1rlatos pince vil\u00e1g\u00edt\u00e1s! Csak a nagy harm\u00f3nia!<\/span>\r\n\r\n&nbsp;\r\n<h2><b><img loading=\"lazy\" decoding=\"async\" class=\"size-thumbnail wp-image-10455 alignleft\" src=\"https:\/\/hir.mediamarkt.hu\/magazin\/wp-content\/uploads\/2020\/03\/MediaMarkt_maradjotthon_ferfiaknak00a-275x339.jpeg\" alt=\"\" width=\"275\" height=\"339\" srcset=\"https:\/\/hir.mediamarkt.hu\/magazin\/wp-content\/uploads\/2020\/03\/MediaMarkt_maradjotthon_ferfiaknak00a-275x339.jpeg 275w, https:\/\/hir.mediamarkt.hu\/magazin\/wp-content\/uploads\/2020\/03\/MediaMarkt_maradjotthon_ferfiaknak00a-243x300.jpeg 243w, https:\/\/hir.mediamarkt.hu\/magazin\/wp-content\/uploads\/2020\/03\/MediaMarkt_maradjotthon_ferfiaknak00a-831x1024.jpeg 831w, https:\/\/hir.mediamarkt.hu\/magazin\/wp-content\/uploads\/2020\/03\/MediaMarkt_maradjotthon_ferfiaknak00a-768x947.jpeg 768w, https:\/\/hir.mediamarkt.hu\/magazin\/wp-content\/uploads\/2020\/03\/MediaMarkt_maradjotthon_ferfiaknak00a.jpeg 1217w\" sizes=\"(max-width: 275px) 100vw, 275px\" \/>Ne felejts el sz\u00f3rakozni!<\/b><\/h2>\r\n&nbsp;\r\n\r\n<span style=\"font-weight: 400;\">Porold le a zenei \u00edzl\u00e9sed, esetleg k\u00f3stolj bele a gamerek vil\u00e1g\u00e1ba! Ess neki mindennek, amire kor\u00e1bban m\u00e1r v\u00e1gyt\u00e1l, de csak halogattad! Ahogy a n\u0151knek is kell az \u00e9n-id\u0151, \u00fagy te is tal\u00e1ld meg azt a pillanatot \u00e9s zugot, ahol csak a kedvtel\u00e9seidre figyelhetsz. Ha mindez egybev\u00e1g a csal\u00e1d m\u00e1s tagjainak hobbij\u00e1val, csak m\u00e9g jobb a helyzet. Ha nem, vedd ki magadnak a napi egy \u00f3r\u00e1s \u201ctime out\u201d-ot, ami csak a ti\u00e9d. \u00c9s \u00e9lvezd!\u00a0<\/span>\r\n\r\n<span style=\"font-weight: 400;\">M\u00e9g az is lehet, \u00faj szakm\u00e1ra teszel szert. Lehet, titkon egy mesterszak\u00e1cs, egy elktrom\u00e9rn\u00f6k vagy egy zen\u00e9sz veszett el benned. Ne sajn\u00e1ld magadt\u00f3l az id\u0151t, ha te felt\u00f6lt\u0151dsz, a k\u00f6r\u00fcl\u00f6tted \u00e9l\u0151k is gazdagodnak!<\/span>\r\n\r\n&nbsp;\r\n\r\n&nbsp;\r\n\r\n&nbsp;\r\n<h2><strong>KAPCSOL\u00d3D\u00d3 MEDIAMARKT CIKKEK:\u00a0<\/strong><\/h2>\r\n&nbsp;\r\n\r\n<a href=\"https:\/\/hir.mediamarkt.hu\/magazin\/a-koronavirus-kapcsan-a-megelozesrol-praktikusan-igy-segithet-a-mediamarkt\/\">A KORONAV\u00cdRUS KAPCS\u00c1N A MEGEL\u0150Z\u00c9SR\u0150L, PRAKTIKUSAN \u2013 \u00cdGY SEG\u00cdTHET A MEDIAMARKT!<\/a>\r\n\r\n<a href=\"https:\/\/hir.mediamarkt.hu\/magazin\/szakall-borosta-haj-trend-divat-fashion\/\">FAV\u00c1G\u00d3-SZEXU\u00c1LISOK \u00c9S SIMAB\u0150R\u0170EK: EL\u0150RE!<\/a>","protected":false},"excerpt":{"rendered":"A h\u00f6lgyekhez m\u00e1r sz\u00f3ltunk, itt az id\u0151, hogy a h\u00edmeket is ell\u00e1ssuk n\u00e9h\u00e1ny j\u00f3 tan\u00e1ccsal az otthon t\u00f6lt\u00f6tt, n\u00e9ha hossz\u00fanak t\u0171n\u0151 \u00f3rakkal kapcsolatban. Ez a tavasz is lehet nagyszer\u0171, rajtunk m\u00falik minden! \u00c9s ha k\u00f6vetj\u00fck az el\u0151\u00edr\u00e1sokat, a karant\u00e9n id\u0151szak sem tart \u00f6r\u00f6kk\u00e9!","protected":false},"author":13,"featured_media":10492,"comment_status":"open","ping_status":"open","sticky":false,"template":"","format":"standard","meta":{"wprm-recipe-roundup-name":"","wprm-recipe-roundup-description":"","footnotes":""},"categories":[5967],"tags":[118,616,1432,2718,2473,3868,3869,755,3852,582,3817,2127,2173,79,2781,2499,3870,1840,846,94],"yoast_head":"<!-- This site is optimized with the Yoast SEO plugin v22.9 - https:\/\/yoast.com\/wordpress\/plugins\/seo\/ -->\n<title>#maradjotthon \u00e9s \u00edgy hozd ki bel\u0151le a legt\u00f6bbet: pozit\u00edv tippek, ink\u00e1bb f\u00e9rfiaknak! - MediaMarkt Magazin<\/title>\n<meta name=\"description\" content=\"Ha eleged van a p\u00e1nikb\u00f3l \u00e9s az id\u0151 elveszteget\u00e9s\u00e9b\u0151l, itt az id\u0151, hogy azt csin\u00e1ld, amire lehet\u0151s\u00e9ged \u00e9s kedved is van! Mondjuk, mikben gondolkodj!\" \/>\n<meta name=\"robots\" content=\"index, follow, max-snippet:-1, max-image-preview:large, max-video-preview:-1\" \/>\n<link rel=\"canonical\" href=\"https:\/\/hir.mediamarkt.hu\/magazin\/maradjotthon-es-igy-hozd-ki-belole-a-legtobbet-pozitiv-tippek-inkabb-ferfiaknak\/\" \/>\n<meta property=\"og:locale\" content=\"hu_HU\" \/>\n<meta property=\"og:type\" content=\"article\" \/>\n<meta property=\"og:title\" content=\"#maradjotthon \u00e9s \u00edgy hozd ki bel\u0151le a legt\u00f6bbet: pozit\u00edv tippek, ink\u00e1bb f\u00e9rfiaknak! - MediaMarkt Magazin\" \/>\n<meta property=\"og:description\" content=\"Ha eleged van a p\u00e1nikb\u00f3l \u00e9s az id\u0151 elveszteget\u00e9s\u00e9b\u0151l, itt az id\u0151, hogy azt csin\u00e1ld, amire lehet\u0151s\u00e9ged \u00e9s kedved is van! Mondjuk, mikben gondolkodj!\" \/>\n<meta property=\"og:url\" content=\"https:\/\/hir.mediamarkt.hu\/magazin\/maradjotthon-es-igy-hozd-ki-belole-a-legtobbet-pozitiv-tippek-inkabb-ferfiaknak\/\" \/>\n<meta property=\"og:site_name\" content=\"MediaMarkt Magazin\" \/>\n<meta property=\"article:publisher\" content=\"https:\/\/www.facebook.com\/MediaMarktMagyarorszag\" \/>\n<meta property=\"article:published_time\" content=\"2020-03-30T13:21:08+00:00\" \/>\n<meta property=\"article:modified_time\" content=\"2020-04-02T09:56:30+00:00\" \/>\n<meta property=\"og:image\" content=\"https:\/\/hir.mediamarkt.hu\/magazin\/wp-content\/uploads\/2020\/03\/maradjotthon_MediaMarkt_ferfiak.png\" \/>\n\t<meta property=\"og:image:width\" content=\"1024\" \/>\n\t<meta property=\"og:image:height\" content=\"619\" \/>\n\t<meta property=\"og:image:type\" content=\"image\/png\" \/>\n<meta name=\"author\" content=\"Media Markt\" \/>\n<meta name=\"twitter:label1\" content=\"Szerz\u0151:\" \/>\n\t<meta name=\"twitter:data1\" content=\"Media Markt\" \/>\n\t<meta name=\"twitter:label2\" content=\"Becs\u00fclt olvas\u00e1si id\u0151\" \/>\n\t<meta name=\"twitter:data2\" content=\"4 perc\" \/>\n<script type=\"application\/ld+json\" class=\"yoast-schema-graph\">{\"@context\":\"https:\/\/schema.org\",\"@graph\":[{\"@type\":\"WebPage\",\"@id\":\"https:\/\/hir.mediamarkt.hu\/magazin\/maradjotthon-es-igy-hozd-ki-belole-a-legtobbet-pozitiv-tippek-inkabb-ferfiaknak\/\",\"url\":\"https:\/\/hir.mediamarkt.hu\/magazin\/maradjotthon-es-igy-hozd-ki-belole-a-legtobbet-pozitiv-tippek-inkabb-ferfiaknak\/\",\"name\":\"#maradjotthon \u00e9s \u00edgy hozd ki bel\u0151le a legt\u00f6bbet: pozit\u00edv tippek, ink\u00e1bb f\u00e9rfiaknak! - MediaMarkt Magazin\",\"isPartOf\":{\"@id\":\"https:\/\/hir.mediamarkt.hu\/magazin\/#website\"},\"primaryImageOfPage\":{\"@id\":\"https:\/\/hir.mediamarkt.hu\/magazin\/maradjotthon-es-igy-hozd-ki-belole-a-legtobbet-pozitiv-tippek-inkabb-ferfiaknak\/#primaryimage\"},\"image\":{\"@id\":\"https:\/\/hir.mediamarkt.hu\/magazin\/maradjotthon-es-igy-hozd-ki-belole-a-legtobbet-pozitiv-tippek-inkabb-ferfiaknak\/#primaryimage\"},\"thumbnailUrl\":\"https:\/\/hir.mediamarkt.hu\/magazin\/wp-content\/uploads\/2020\/03\/maradjotthon_MediaMarkt_ferfiak.png\",\"datePublished\":\"2020-03-30T13:21:08+00:00\",\"dateModified\":\"2020-04-02T09:56:30+00:00\",\"author\":{\"@id\":\"https:\/\/hir.mediamarkt.hu\/magazin\/#\/schema\/person\/b93b02ec1ab4d2353f8d281e171c1b0b\"},\"description\":\"Ha eleged van a p\u00e1nikb\u00f3l \u00e9s az id\u0151 elveszteget\u00e9s\u00e9b\u0151l, itt az id\u0151, hogy azt csin\u00e1ld, amire lehet\u0151s\u00e9ged \u00e9s kedved is van! Mondjuk, mikben gondolkodj!\",\"breadcrumb\":{\"@id\":\"https:\/\/hir.mediamarkt.hu\/magazin\/maradjotthon-es-igy-hozd-ki-belole-a-legtobbet-pozitiv-tippek-inkabb-ferfiaknak\/#breadcrumb\"},\"inLanguage\":\"hu\",\"potentialAction\":[{\"@type\":\"ReadAction\",\"target\":[\"https:\/\/hir.mediamarkt.hu\/magazin\/maradjotthon-es-igy-hozd-ki-belole-a-legtobbet-pozitiv-tippek-inkabb-ferfiaknak\/\"]}]},{\"@type\":\"ImageObject\",\"inLanguage\":\"hu\",\"@id\":\"https:\/\/hir.mediamarkt.hu\/magazin\/maradjotthon-es-igy-hozd-ki-belole-a-legtobbet-pozitiv-tippek-inkabb-ferfiaknak\/#primaryimage\",\"url\":\"https:\/\/hir.mediamarkt.hu\/magazin\/wp-content\/uploads\/2020\/03\/maradjotthon_MediaMarkt_ferfiak.png\",\"contentUrl\":\"https:\/\/hir.mediamarkt.hu\/magazin\/wp-content\/uploads\/2020\/03\/maradjotthon_MediaMarkt_ferfiak.png\",\"width\":1024,\"height\":619},{\"@type\":\"BreadcrumbList\",\"@id\":\"https:\/\/hir.mediamarkt.hu\/magazin\/maradjotthon-es-igy-hozd-ki-belole-a-legtobbet-pozitiv-tippek-inkabb-ferfiaknak\/#breadcrumb\",\"itemListElement\":[{\"@type\":\"ListItem\",\"position\":1,\"name\":\"Kezd\u0151lap\",\"item\":\"https:\/\/hir.mediamarkt.hu\/magazin\/\"},{\"@type\":\"ListItem\",\"position\":2,\"name\":\"#maradjotthon \u00e9s \u00edgy hozd ki bel\u0151le a legt\u00f6bbet: pozit\u00edv tippek, ink\u00e1bb f\u00e9rfiaknak!\"}]},{\"@type\":\"WebSite\",\"@id\":\"https:\/\/hir.mediamarkt.hu\/magazin\/#website\",\"url\":\"https:\/\/hir.mediamarkt.hu\/magazin\/\",\"name\":\"MediaMarkt Magazin\",\"description\":\"Olvass bele magazinunkba!\",\"potentialAction\":[{\"@type\":\"SearchAction\",\"target\":{\"@type\":\"EntryPoint\",\"urlTemplate\":\"https:\/\/hir.mediamarkt.hu\/magazin\/?s={search_term_string}\"},\"query-input\":\"required name=search_term_string\"}],\"inLanguage\":\"hu\"},{\"@type\":\"Person\",\"@id\":\"https:\/\/hir.mediamarkt.hu\/magazin\/#\/schema\/person\/b93b02ec1ab4d2353f8d281e171c1b0b\",\"name\":\"Media Markt\",\"image\":{\"@type\":\"ImageObject\",\"inLanguage\":\"hu\",\"@id\":\"https:\/\/hir.mediamarkt.hu\/magazin\/#\/schema\/person\/image\/\",\"url\":\"https:\/\/secure.gravatar.com\/avatar\/602bccae8998beee472d01909f0978f1?s=96&d=mm&r=g\",\"contentUrl\":\"https:\/\/secure.gravatar.com\/avatar\/602bccae8998beee472d01909f0978f1?s=96&d=mm&r=g\",\"caption\":\"Media Markt\"}}]}<\/script>\n<!-- \/ Yoast SEO plugin. -->","yoast_head_json":{"title":"#maradjotthon \u00e9s \u00edgy hozd ki bel\u0151le a legt\u00f6bbet: pozit\u00edv tippek, ink\u00e1bb f\u00e9rfiaknak! - MediaMarkt Magazin","description":"Ha eleged van a p\u00e1nikb\u00f3l \u00e9s az id\u0151 elveszteget\u00e9s\u00e9b\u0151l, itt az id\u0151, hogy azt csin\u00e1ld, amire lehet\u0151s\u00e9ged \u00e9s kedved is van! Mondjuk, mikben gondolkodj!","robots":{"index":"index","follow":"follow","max-snippet":"max-snippet:-1","max-image-preview":"max-image-preview:large","max-video-preview":"max-video-preview:-1"},"canonical":"https:\/\/hir.mediamarkt.hu\/magazin\/maradjotthon-es-igy-hozd-ki-belole-a-legtobbet-pozitiv-tippek-inkabb-ferfiaknak\/","og_locale":"hu_HU","og_type":"article","og_title":"#maradjotthon \u00e9s \u00edgy hozd ki bel\u0151le a legt\u00f6bbet: pozit\u00edv tippek, ink\u00e1bb f\u00e9rfiaknak! - MediaMarkt Magazin","og_description":"Ha eleged van a p\u00e1nikb\u00f3l \u00e9s az id\u0151 elveszteget\u00e9s\u00e9b\u0151l, itt az id\u0151, hogy azt csin\u00e1ld, amire lehet\u0151s\u00e9ged \u00e9s kedved is van! Mondjuk, mikben gondolkodj!","og_url":"https:\/\/hir.mediamarkt.hu\/magazin\/maradjotthon-es-igy-hozd-ki-belole-a-legtobbet-pozitiv-tippek-inkabb-ferfiaknak\/","og_site_name":"MediaMarkt Magazin","article_publisher":"https:\/\/www.facebook.com\/MediaMarktMagyarorszag","article_published_time":"2020-03-30T13:21:08+00:00","article_modified_time":"2020-04-02T09:56:30+00:00","og_image":[{"width":1024,"height":619,"url":"https:\/\/hir.mediamarkt.hu\/magazin\/wp-content\/uploads\/2020\/03\/maradjotthon_MediaMarkt_ferfiak.png","type":"image\/png"}],"author":"Media Markt","twitter_misc":{"Szerz\u0151:":"Media Markt","Becs\u00fclt olvas\u00e1si id\u0151":"4 perc"},"schema":{"@context":"https:\/\/schema.org","@graph":[{"@type":"WebPage","@id":"https:\/\/hir.mediamarkt.hu\/magazin\/maradjotthon-es-igy-hozd-ki-belole-a-legtobbet-pozitiv-tippek-inkabb-ferfiaknak\/","url":"https:\/\/hir.mediamarkt.hu\/magazin\/maradjotthon-es-igy-hozd-ki-belole-a-legtobbet-pozitiv-tippek-inkabb-ferfiaknak\/","name":"#maradjotthon \u00e9s \u00edgy hozd ki bel\u0151le a legt\u00f6bbet: pozit\u00edv tippek, ink\u00e1bb f\u00e9rfiaknak! - MediaMarkt Magazin","isPartOf":{"@id":"https:\/\/hir.mediamarkt.hu\/magazin\/#website"},"primaryImageOfPage":{"@id":"https:\/\/hir.mediamarkt.hu\/magazin\/maradjotthon-es-igy-hozd-ki-belole-a-legtobbet-pozitiv-tippek-inkabb-ferfiaknak\/#primaryimage"},"image":{"@id":"https:\/\/hir.mediamarkt.hu\/magazin\/maradjotthon-es-igy-hozd-ki-belole-a-legtobbet-pozitiv-tippek-inkabb-ferfiaknak\/#primaryimage"},"thumbnailUrl":"https:\/\/hir.mediamarkt.hu\/magazin\/wp-content\/uploads\/2020\/03\/maradjotthon_MediaMarkt_ferfiak.png","datePublished":"2020-03-30T13:21:08+00:00","dateModified":"2020-04-02T09:56:30+00:00","author":{"@id":"https:\/\/hir.mediamarkt.hu\/magazin\/#\/schema\/person\/b93b02ec1ab4d2353f8d281e171c1b0b"},"description":"Ha eleged van a p\u00e1nikb\u00f3l \u00e9s az id\u0151 elveszteget\u00e9s\u00e9b\u0151l, itt az id\u0151, hogy azt csin\u00e1ld, amire lehet\u0151s\u00e9ged \u00e9s kedved is van! Mondjuk, mikben gondolkodj!","breadcrumb":{"@id":"https:\/\/hir.mediamarkt.hu\/magazin\/maradjotthon-es-igy-hozd-ki-belole-a-legtobbet-pozitiv-tippek-inkabb-ferfiaknak\/#breadcrumb"},"inLanguage":"hu","potentialAction":[{"@type":"ReadAction","target":["https:\/\/hir.mediamarkt.hu\/magazin\/maradjotthon-es-igy-hozd-ki-belole-a-legtobbet-pozitiv-tippek-inkabb-ferfiaknak\/"]}]},{"@type":"ImageObject","inLanguage":"hu","@id":"https:\/\/hir.mediamarkt.hu\/magazin\/maradjotthon-es-igy-hozd-ki-belole-a-legtobbet-pozitiv-tippek-inkabb-ferfiaknak\/#primaryimage","url":"https:\/\/hir.mediamarkt.hu\/magazin\/wp-content\/uploads\/2020\/03\/maradjotthon_MediaMarkt_ferfiak.png","contentUrl":"https:\/\/hir.mediamarkt.hu\/magazin\/wp-content\/uploads\/2020\/03\/maradjotthon_MediaMarkt_ferfiak.png","width":1024,"height":619},{"@type":"BreadcrumbList","@id":"https:\/\/hir.mediamarkt.hu\/magazin\/maradjotthon-es-igy-hozd-ki-belole-a-legtobbet-pozitiv-tippek-inkabb-ferfiaknak\/#breadcrumb","itemListElement":[{"@type":"ListItem","position":1,"name":"Kezd\u0151lap","item":"https:\/\/hir.mediamarkt.hu\/magazin\/"},{"@type":"ListItem","position":2,"name":"#maradjotthon \u00e9s \u00edgy hozd ki bel\u0151le a legt\u00f6bbet: pozit\u00edv tippek, ink\u00e1bb f\u00e9rfiaknak!"}]},{"@type":"WebSite","@id":"https:\/\/hir.mediamarkt.hu\/magazin\/#website","url":"https:\/\/hir.mediamarkt.hu\/magazin\/","name":"MediaMarkt Magazin","description":"Olvass bele magazinunkba!","potentialAction":[{"@type":"SearchAction","target":{"@type":"EntryPoint","urlTemplate":"https:\/\/hir.mediamarkt.hu\/magazin\/?s={search_term_string}"},"query-input":"required name=search_term_string"}],"inLanguage":"hu"},{"@type":"Person","@id":"https:\/\/hir.mediamarkt.hu\/magazin\/#\/schema\/person\/b93b02ec1ab4d2353f8d281e171c1b0b","name":"Media Markt","image":{"@type":"ImageObject","inLanguage":"hu","@id":"https:\/\/hir.mediamarkt.hu\/magazin\/#\/schema\/person\/image\/","url":"https:\/\/secure.gravatar.com\/avatar\/602bccae8998beee472d01909f0978f1?s=96&d=mm&r=g","contentUrl":"https:\/\/secure.gravatar.com\/avatar\/602bccae8998beee472d01909f0978f1?s=96&d=mm&r=g","caption":"Media Markt"}}]}},"_links":{"self":[{"href":"https:\/\/hir.mediamarkt.hu\/magazin\/wp-json\/wp\/v2\/posts\/10450"}],"collection":[{"href":"https:\/\/hir.mediamarkt.hu\/magazin\/wp-json\/wp\/v2\/posts"}],"about":[{"href":"https:\/\/hir.mediamarkt.hu\/magazin\/wp-json\/wp\/v2\/types\/post"}],"author":[{"embeddable":true,"href":"https:\/\/hir.mediamarkt.hu\/magazin\/wp-json\/wp\/v2\/users\/13"}],"replies":[{"embeddable":true,"href":"https:\/\/hir.mediamarkt.hu\/magazin\/wp-json\/wp\/v2\/comments?post=10450"}],"version-history":[{"count":4,"href":"https:\/\/hir.mediamarkt.hu\/magazin\/wp-json\/wp\/v2\/posts\/10450\/revisions"}],"predecessor-version":[{"id":10494,"href":"https:\/\/hir.mediamarkt.hu\/magazin\/wp-json\/wp\/v2\/posts\/10450\/revisions\/10494"}],"wp:featuredmedia":[{"embeddable":true,"href":"https:\/\/hir.mediamarkt.hu\/magazin\/wp-json\/wp\/v2\/media\/10492"}],"wp:attachment":[{"href":"https:\/\/hir.mediamarkt.hu\/magazin\/wp-json\/wp\/v2\/media?parent=10450"}],"wp:term":[{"taxonomy":"category","embeddable":true,"href":"https:\/\/hir.mediamarkt.hu\/magazin\/wp-json\/wp\/v2\/categories?post=10450"},{"taxonomy":"post_tag","embeddable":true,"href":"https:\/\/hir.mediamarkt.hu\/magazin\/wp-json\/wp\/v2\/tags?post=10450"}],"curies":[{"name":"wp","href":"https:\/\/api.w.org\/{rel}","templated":true}]}}