{"id":10524,"date":"2020-04-21T22:11:58","date_gmt":"2020-04-21T21:11:58","guid":{"rendered":"http:\/\/hir.mediamarkt.hu\/magazin\/?p=10524"},"modified":"2020-05-15T08:45:05","modified_gmt":"2020-05-15T07:45:05","slug":"tipa-dij-2020-erdemes-figyelni-milyen-fenykepezogepet-veszel","status":"publish","type":"post","link":"https:\/\/hir.mediamarkt.hu\/magazin\/tipa-dij-2020-erdemes-figyelni-milyen-fenykepezogepet-veszel\/","title":{"rendered":"TIPA D\u00cdJ 2020 &#8211; \u00e9rdemes figyelni milyen f\u00e9nyk\u00e9pez\u0151g\u00e9pet veszel!"},"content":{"rendered":"<strong>A f\u00e9nyk\u00e9pez\u0151k Oscar-d\u00edja tuti t\u00e1mpont arra, hogy min\u0151s\u00e9get kapj a p\u00e9nzed\u00e9rt. T\u00f6rt\u00e9neti \u00e1ttekint\u00e9s \u00e9s egy lista azokr\u00f3l a term\u00e9kekr\u0151l, amelyekbe m\u00e9g az illusztris list\u00e1n is k\u00fcl\u00f6n beleszerett\u00fcnk.<\/strong>\r\n\r\nAki pr\u00f3b\u00e1lt az ut\u00f3bbi \u00e9vekben f\u00e9nyk\u00e9pez\u0151t venni (b\u00e1rmilyet: kicsit, nagyot, kezd\u0151knek vagy profiknak val\u00f3t) an\u00e9lk\u00fcl, hogy h\u00f3napokig kutatott volna a t\u00e9m\u00e1ban, az alighanem azonnal elveszett a hatalmas v\u00e1laszt\u00e9kban. M\u00e1r \u00f6t-t\u00edz \u00e9ve is bonyolult volt a helyzet, de az\u00e9rt a main\u00e1l j\u00f3val egyszer\u0171bb: az ember vagy kis kompakt, vagy t\u00fck\u00f6rreflexes (DSLR) g\u00e9pet vett, az ut\u00f3bbib\u00f3l vagy a hagyom\u00e1nyos, kisfilmes m\u00e9ret\u0171 szenzorral ell\u00e1tottat (full frame) vagy ann\u00e1l kisebbet (jellemz\u0151en APS-C m\u00e9ret\u0171t, amely az el\u0151bbi k\u00e9tharmada). Kezd\u0151knek, vagy azoknak, akiknek nem kellett a nyomdai k\u00e9pmin\u0151s\u00e9g, az ut\u00f3bbi volt a k\u00edn\u00e1lkoz\u00f3 v\u00e1laszt\u00e1s, f\u0151leg, hogy nem kellett bankot rabolni hozz\u00e1, viszont legal\u00e1bb olyan b\u0151s\u00e9ges v\u00e1laszt\u00e9k volt lencs\u00e9kb\u0151l, vakukb\u00f3l, \u00e1llv\u00e1nyokb\u00f3l, st\u00fadi\u00f3- \u00e9s egy\u00e9b kieg\u00e9sz\u00edt\u0151kb\u0151l. Ami a g\u00e9peket illeti: Canon, Nikon \u00e9s egy-k\u00e9t kisebb, m\u00e9rs\u00e9kelten n\u00e9pszer\u0171 m\u00e1rka. Ja, \u00e9s akkor m\u00e9g ott voltak a kett\u0151 k\u00f6zt helyet foglal\u00f3, majdnem DSLR-k\u00e9pmin\u0151s\u00e9ggel b\u00edr\u00f3, de azokn\u00e1l kisebb \u00e9s nem cser\u00e9lhet\u0151 lencs\u00e9s bridge g\u00e9pek.\r\n\r\nIgen, ez volt az egyszer\u0171s\u00e9g kora.\r\n\r\nMa? Canon, Nikon, Sony, Fuji, Olympus, Panasonic, ami a m\u00e1rk\u00e1kat illeti; DSLR, MILC, kompakt \u00e9s mobiltelefon, ami a rendszereket illeti; full frame, APS-C, micro 4\/3, \u00e9s v\u00e1ltozatos m\u00e9ret\u0171 \u00e9s ar\u00e1ny\u00fa kompakt \u00e9s mobil, ami a szenzorm\u00e9reteket illeti; fot\u00f3zni is k\u00e9pes videokamera, vide\u00f3zni is k\u00e9pes f\u00e9nyk\u00e9pez\u0151, mindkett\u0151ben ugyanolyan er\u0151s hibrid, ami a haszn\u00e1lat c\u00e9lj\u00e1t illeti. Persze mindhez saj\u00e1t gy\u00e1rt\u00e1s\u00fa \u00e9s ut\u00e1ngy\u00e1rtott (sokszor sokkal olcs\u00f3bb, de az eredetivel megegyez\u0151 min\u0151s\u00e9g\u0171) nagyl\u00e1t\u00f3sz\u0151g\u0171, alap- \u00e9s teleobjekt\u00edvek, persze mindb\u0151l van v\u00e1ltoztathat\u00f3 gy\u00fajt\u00f3t\u00e1vols\u00e1g\u00fa (\u00e9rtsd: zoomos, vide\u00f3soknak: vari\u00f3s) \u00e9s fix. Term\u00e9szetesen minden gy\u00e1rt\u00f3 ell\u00e1tja a k\u00fcl\u00f6nb\u00f6z\u0151 (gyakran teljesen h\u00e9tk\u00f6znapi) funkci\u00f3kat a saj\u00e1t fant\u00e1zianeveivel, f\u0151leg, ami a k\u00e9pfeldolgoz\u00f3 processzorokat, stabiliz\u00e1l\u00f3 rendszereket \u00e9s az egy\u00e9b nyal\u00e1nks\u00e1gokat illeti.\r\n\r\nSz\u00f3val ez\u00e9rt mondjuk, hogy azonnal el lehet veszni. Persze, tudjuk j\u00f3l, mit mondasz erre, hiszen talpraesett, tudatos v\u00e1s\u00e1rl\u00f3 vagy:\r\n<h3>Mit nekem a v\u00e1laszt\u00e9k! S\u0151t, min\u00e9l nagyobb, ann\u00e1l jobb! Majd \u00e9n eld\u00f6nt\u00f6m, melyik kell nekem!<\/h3>\r\nEzt persze t\u00e1mogatjuk, de hogyan d\u00f6nt\u00f6d el? Hivatalosnak t\u0171n\u0151, profik \u00e1ltal szerkesztett print magazinok? Rendben, melyik? Az internetes tesztek? Az ezernyi egym\u00e1snak ellentmond\u00f3 YouTube-vide\u00f3? Sz\u00e9p dolog, persze, hogy ennyif\u00e9le teszt \u00e9s v\u00e9lem\u00e9ny \u00e9rhet\u0151 el szabadon \u00e9s p\u00e1r kattint\u00e1ssal, de az\u00e9rt l\u00e1ssuk be, ha ezekb\u0151l t\u00fal sokat fogyaszt az ember (p\u00e9ld\u00e1ul az\u00e9rt, mert \u00fagy \u00e9rzi, ezzel megy biztosra), a v\u00e9g\u00e9n nagyobb lesz a zavar a fej\u00e9ben, mint amekkora az elej\u00e9n volt.\r\n\r\nItt j\u00f6n a k\u00e9pbe a k\u00e9palkot\u00f3 megold\u00e1sokat \u00e9rt\u00e9kel\u0151 \u00e9s d\u00edjaz\u00f3 szervezet: a TIPA. Mondan\u00e1nk, hogy \u0151k osztj\u00e1k a f\u00e9nyk\u00e9pez\u0151k, kamer\u00e1k, nyomtat\u00f3k \u00e9s a t\u00f6bbi fot\u00f3z\u00e1sk\u00f6zeli term\u00e9k Oscar-d\u00edjait, de ez nem eg\u00e9szen igaz: az Oscar-d\u00edj ugyanis szubjekt\u00edv, m\u00edg a TIPA-d\u00edj eg\u00e9szen konkr\u00e9t m\u00e9r\u00e9seken \u00e9s szigor\u00fa krit\u00e9riumokon alapul. \u00c9rdemes teh\u00e1t figyelni, m\u00e1r csak az\u00e9rt is, mert m\u00e1ra t\u00e9nyleg ez az egyetlen szervezet, amely zsin\u00f3rm\u00e9rt\u00e9ket szolg\u00e1ltat \u00e9vr\u0151l \u00e9vre.\r\n\r\nSzkeptikus vagy?\r\n<h3>Ez is csak egy \u00fajabb marketingfog\u00e1s!<\/h3>\r\nEzt gondolod, nem? Meg\u00e9rtj\u00fck: annyif\u00e9le matrica \u00e9s egy\u00e9b, az adott term\u00e9ket (sokszor alaptalanul) m\u00e9ltat\u00f3 jelz\u00e9s van a dobozokon, hogy ember legyen a talp\u00e1n, aki eligazodik. A TIPA-d\u00edjas megjel\u00f6l\u00e9st azonban t\u00e9nyleg \u00e9rdemes figyelni, keresni \u00e9s, ha megtal\u00e1ltuk, komolyan venni. A Technical Image Press Association (innen a bet\u0171sz\u00f3) szervezetet 1991-ben alap\u00edtott\u00e1k a vezet\u0151 eur\u00f3pai f\u00e9nyk\u00e9p\u00e9szeti magazinok, amelyek \u00fagy d\u00f6nt\u00f6ttek, k\u00f6z\u00f6s krit\u00e9riumrendszer ment\u00e9n egy\u00fctt v\u00e1lasztj\u00e1k ki a legjobb fot\u00f3s term\u00e9keket. Az\u00f3ta is m\u0171velik ezt a nemes hagyom\u00e1nyt: b\u00e1r a m\u00e9diapiac jelent\u0151sen \u00e1talakult \u00e9s a fot\u00f3s term\u00e9kek sk\u00e1l\u00e1j\u00e1t is b\u0151v\u00edteni\u00fck kellett (m\u00e9g sz\u00e9p, hiszen a mai f\u00e9nyk\u00e9pez\u0151g\u00e9pek nem csak f\u00e9nyk\u00e9pez\u0151g\u00e9pek, hanem videokamer\u00e1k is egyben, \u00e9s persze ford\u00edtva), ma is a legmen\u0151bb magazinok \u00e1ll\u00edtj\u00e1k \u00f6ssze a term\u00e9keket meg\u00edt\u00e9l\u0151 gr\u00e9miumot.\r\n\r\nEgysz\u00f3val: a TIPA d\u00edjazottjaira \u00e9rdemes figyelni. T\u00e9ny, hogy ma m\u00e1r \u00fagy \u00e9rdemes f\u00e9nyk\u00e9pez\u0151g\u00e9pet v\u00e1lasztani, hogy el\u0151sz\u00f6r megfogalmazod magadnak, mi\u00e9rt \u00e9s mire szeretn\u00e9d haszn\u00e1lni, majd a saj\u00e1t ig\u00e9nyeidet szem el\u0151tt tartva v\u00e1lasztasz modellt \u2013 azaz az, hogy valami TIPA-d\u00edjas, nem azt jelenti, hogy biztos, hogy neked az lesz a legjobb. \u201eCsak\u201d azt, hogy garant\u00e1lt a nagyszer\u0171 min\u0151s\u00e9g \u00e9s az innovat\u00edv megold\u00e1sok. Az is t\u00e9ny, hogy m\u00edg t\u00edz-h\u00fasz \u00e9ve nagyj\u00e1b\u00f3l egy\u00e9rtelm\u0171 volt, mit jelent az amat\u0151r \u00e9s a profi f\u00e9nyk\u00e9pez\u0151, a hat\u00e1rok m\u00e1ra elmos\u00f3dtak, annyif\u00e9le eszk\u00f6z \u00e9s annyif\u00e9le felhaszn\u00e1l\u00e1s l\u00e9tezik, a TIPA kateg\u00f3ri\u00e1it v\u00e9gigtekintve teh\u00e1t ak\u00e1r \u00fagy is t\u0171nhet, hogy hasra\u00fct\u00e9s-szer\u0171en tal\u00e1lt\u00e1k ki \u0151ket (hiszen nagyon sok profi fot\u00f3s, aki val\u00f3ban ebb\u0151l \u00e9l is haszn\u00e1l \u201eadvanced\u201d \u00e9s \u201eexpert\u201d kateg\u00f3ri\u00e1j\u00fa eszk\u00f6zt, m\u00edg sok amat\u0151r nyak\u00e1ban l\u00e1thatunk \u201eprofessional\u201d kateg\u00f3ri\u00e1j\u00fa modelleket), ezek a szavak az\u00e9rt nagyj\u00e1b\u00f3l m\u00e9gis lefedik, mit lehet \u00e9s \u00e9rdemes v\u00e1rni egy-egy ilyen g\u00e9pt\u0151l.\r\n\r\nAz idei d\u00edjazottakat itt b\u00f6ng\u00e9szhetitek kedvetekre, mi pedig r\u00f6viden bemutatunk p\u00e1r, a MediaMarktban is megv\u00e1s\u00e1rolhat\u00f3 eszk\u00f6zt, de a teljes v\u00e1laszt\u00e9kot itt tal\u00e1lod: <a href=\"https:\/\/www.mediamarkt.hu\/campaign\/ksz_f0t0_t1p4d1j_200505&amp;forceSrp=A\" target=\"_blank\" rel=\"noopener noreferrer\">katt ide<\/a>.\r\n<h2>Nikon D780<\/h2>\r\n\u00c9ppen \u00f6t \u00e9ve kavarta fel a Nikon a full frame t\u00fck\u00f6rreflexes g\u00e9pek piac\u00e1nak (\u00e9ppen kiss\u00e9 langyos \u00e9s unalmas) \u00e1ll\u00f3viz\u00e9t a D750 piacra dob\u00e1s\u00e1val. A lelkes, ig\u00e9nyes amat\u0151r\u00f6knek sz\u00e1nt (\u00e9rtsd: akik gy\u00f6ny\u00f6r\u0171 k\u00e9peket szeretn\u00e9nek l\u0151ni, de nem biztos, hogy haditud\u00f3s\u00edt\u00f3nak \u00e1llnak vele) masina r\u00e1n\u00e9z\u00e9sre \u00e9s fog\u00e1sra is a bel\u00e9p\u0151 \u00e9s a k\u00f6z\u00e9pszint k\u00f6zt\u00a0 helyezkedett el, a gy\u00e1rt\u00f3 viszont belepakolt egy sor a profi g\u00e9pekre jellemz\u0151 funkci\u00f3t, \u00e9s a 24 megapixeles modell k\u00e9pmin\u0151s\u00e9ge, nos, az bizony vetekedett a fels\u0151kateg\u00f3ri\u00e1val. Mindezt t\u00f6bb mint el\u00e9rhet\u0151 \u00e1ron. E g\u00e9p ut\u00f3dja a D780, amely nem egyszer\u0171en tov\u00e1bbl\u00e9p\u00e9s az el\u0151dh\u00f6z k\u00e9pest, hanem technol\u00f3giailag k\u00f6zel\u00edtett\u00e9k a mostans\u00e1g men\u0151 MILC-v\u00e1zakhoz is. Fantasztikus sebess\u00e9g, stabil autof\u00f3kusz, nagyszer\u0171 vide\u00f3s k\u00e9pess\u00e9gek, a k\u00e9pmin\u0151s\u00e9gr\u0151l pedig sokat elmond, hogy v\u00e1laszthat\u00f3, hogy a k\u00e9pfeldolgoz\u00f3 a magas dinamik\u00e1ra vagy a tiszta, zajmentes, magas \u00e9rz\u00e9kenys\u00e9ggel (teh\u00e1t s\u00f6t\u00e9tben) val\u00f3 haszn\u00e1latra helyezze a hangs\u00falyt. A v\u00e9geredm\u00e9ny egy sz\u00f3 szerint mindenre alkalmas f\u00e9nyk\u00e9pez\u0151, amely egy\u00e9bk\u00e9nt maga a bizony\u00edt\u00e9k, hogy a DSLR-technol\u00f3gia, k\u00f6sz\u00f6ni sz\u00e9pen, \u00e9l \u00e9s virul.\r\n\r\n<img loading=\"lazy\" decoding=\"async\" class=\"alignnone wp-image-10526 size-full\" src=\"https:\/\/hir.mediamarkt.hu\/magazin\/wp-content\/uploads\/2020\/04\/2020-02.jpg\" alt=\"\" width=\"740\" height=\"416\" srcset=\"https:\/\/hir.mediamarkt.hu\/magazin\/wp-content\/uploads\/2020\/04\/2020-02.jpg 740w, https:\/\/hir.mediamarkt.hu\/magazin\/wp-content\/uploads\/2020\/04\/2020-02-300x169.jpg 300w, https:\/\/hir.mediamarkt.hu\/magazin\/wp-content\/uploads\/2020\/04\/2020-02-275x155.jpg 275w, https:\/\/hir.mediamarkt.hu\/magazin\/wp-content\/uploads\/2020\/04\/2020-02-480x270.jpg 480w\" sizes=\"(max-width: 740px) 100vw, 740px\" \/>\r\n\r\n<a href=\"http:\/\/mediamarkt.hu\/catentry\/1313679\">A term\u00e9ket itt v\u00e1s\u00e1rolhatod meg.<\/a>\r\n<h2>Nikon Z50<\/h2>\r\nEgy APS-C form\u00e1tum\u00fa MILC, teh\u00e1t cser\u00e9lhet\u0151 objekt\u00edves, t\u00fck\u00f6r n\u00e9lk\u00fcli kamera\u2026 most azzal kellene befejezn\u00fcnk a mondatot, hogy amat\u0151r\u00f6knek, de nem ezzel fejezz\u00fck be. A Nikon Z50 ugyanis a profik ig\u00e9nyeit is kiel\u00e9g\u00edti, azok\u00e9t a profik\u00e9t, akiknek fontos a pehelys\u00faly \u00e9s a hordozhat\u00f3s\u00e1g. A k\u00e9zre \u00e1ll\u00f3 k\u00e9pm\u00f3d-v\u00e1laszt\u00e1s \u00e9s a v\u00e1zba \u00e9p\u00edtett ut\u00f3munka-lehet\u0151s\u00e9gek persze sejtetik, hogy a gy\u00e1rt\u00f3 m\u00e9gis els\u0151sorban a hobbifot\u00f3sokra gondolt, de dinamik\u00e1ja, sebess\u00e9ge (ak\u00e1r 11 k\u00e9pkocka\/m\u00e1sodperc) m\u00e9gis kiemeli a kateg\u00f3ri\u00e1j\u00e1b\u00f3l. F\u00e9nyes, sz\u00ednhelyes \u00e9s kihajthat\u00f3 kijelz\u0151j\u00e9nek h\u00e1la pedig t\u00f6k\u00e9letes youtuber-asszisztens. Persze a megfelel\u0151 lencs\u00e9kkel.\r\n\r\n<img loading=\"lazy\" decoding=\"async\" class=\"alignnone size-full wp-image-10527\" src=\"https:\/\/hir.mediamarkt.hu\/magazin\/wp-content\/uploads\/2020\/04\/2020-04.jpg\" alt=\"\" width=\"740\" height=\"416\" srcset=\"https:\/\/hir.mediamarkt.hu\/magazin\/wp-content\/uploads\/2020\/04\/2020-04.jpg 740w, https:\/\/hir.mediamarkt.hu\/magazin\/wp-content\/uploads\/2020\/04\/2020-04-300x169.jpg 300w, https:\/\/hir.mediamarkt.hu\/magazin\/wp-content\/uploads\/2020\/04\/2020-04-275x155.jpg 275w, https:\/\/hir.mediamarkt.hu\/magazin\/wp-content\/uploads\/2020\/04\/2020-04-480x270.jpg 480w\" sizes=\"(max-width: 740px) 100vw, 740px\" \/>\r\n\r\n<a href=\"http:\/\/mediamarkt.hu\/catentry\/1307855\">A term\u00e9ket itt v\u00e1s\u00e1rolhatod meg.<\/a>\r\n<h2>Canon EOS 90D<\/h2>\r\nAkkora a v\u00e1laszt\u00e9k, hogy lassan el is felejtj\u00fck, milyen j\u00f3 is egy kicsi, megb\u00edzhat\u00f3 \u00e9s strapab\u00edr\u00f3 t\u00fck\u00f6rreflexes g\u00e9pet szorongatni. A Canon APS-C form\u00e1tum\u00fa f\u00e9nyk\u00e9pez\u0151je pont ilyen \u00e9s m\u00e9g t\u00f6bb: r\u00e1n\u00e9z\u00e9sre \u00e9s haszn\u00e1latra is \u00e9rz\u0151dik, hogy azoknak sz\u00f3l, akik most kezdtek behat\u00f3an ismerkedni a fotogr\u00e1fi\u00e1val, \u00e1m olyan technol\u00f3gi\u00e1kkal l\u00e1tt\u00e1k el, hogy az ember ink\u00e1bb nem is akarja kin\u0151ni a szenzorm\u00e9ret korl\u00e1tait. A 32,5 megapixel nyomdai min\u0151s\u00e9get garant\u00e1l, a MILC-ekb\u0151l ismer\u0151s Dual Pixel aut\u00f3fokusz a piac legjobbja, a vide\u00f3 val\u00f3di 4K-s (\u00e9s 30 fps sebess\u00e9g\u0171), a v\u00e1zba \u00e9p\u00edtett RAW ut\u00f3munk\u00e1lati lehet\u0151s\u00e9gekr\u0151l \u00e9s az akku \u00e9lettartam\u00e1r\u00f3l pedig akkor m\u00e9g sz\u00f3t sem ejtett\u00fcnk.\r\n\r\n<img loading=\"lazy\" decoding=\"async\" class=\"alignnone size-full wp-image-10525\" src=\"https:\/\/hir.mediamarkt.hu\/magazin\/wp-content\/uploads\/2020\/04\/2020-01.jpg\" alt=\"\" width=\"740\" height=\"416\" srcset=\"https:\/\/hir.mediamarkt.hu\/magazin\/wp-content\/uploads\/2020\/04\/2020-01.jpg 740w, https:\/\/hir.mediamarkt.hu\/magazin\/wp-content\/uploads\/2020\/04\/2020-01-300x169.jpg 300w, https:\/\/hir.mediamarkt.hu\/magazin\/wp-content\/uploads\/2020\/04\/2020-01-275x155.jpg 275w, https:\/\/hir.mediamarkt.hu\/magazin\/wp-content\/uploads\/2020\/04\/2020-01-480x270.jpg 480w\" sizes=\"(max-width: 740px) 100vw, 740px\" \/>\r\n\r\n<a href=\"http:\/\/mediamarkt.hu\/catentry\/1303064\">A term\u00e9ket itt v\u00e1s\u00e1rolhatod meg.<\/a>\r\n<h2>Canon RF 70-200 F2.8L IS USM<\/h2>\r\nHa egy \u00f6regsulis DSLR-h\u00edv\u0151 k\u00f6t\u00f6zk\u00f6dve megk\u00e9rdez, hogy m\u00e9gis mi \u00e9rtelme ennek a MILC-miz\u00e9ri\u00e1nak, amit\u0151l mindenki odavan (mik\u00f6zben \u0151, a profi tudja j\u00f3l, hogy a felpattan\u00f3 t\u00fck\u00f6r csattan\u00e1sa adja a fotogr\u00e1fia igazi var\u00e1zs\u00e1t), ezent\u00fal el\u00e9g r\u00e1mutatnod a Canon t\u00fck\u00f6r n\u00e9lk\u00fcli v\u00e1zakra tervezett teleobjet\u00edv\u00e9re \u00e9s azt mondanod: \u201enos, ez\u201d. Az RF 70-200 ugyanis minden szempontb\u00f3l legal\u00e1bb olyan j\u00f3, vagy m\u00e9g jobb, mint bat\u00e1r EF-testv\u00e9re. T\u00e1g blend\u00e9vel is t\u0171\u00e9les, a f\u00e9nyer\u0151 persze zoomolva is fix, F2.8-as, a k\u00e9pstabiliz\u00e1tor a l\u00e9tez\u0151 legjobb, mindezt egy sokkal kisebb \u00e9s k\u00f6nnyebb testben prezent\u00e1lja.\r\n\r\n<img loading=\"lazy\" decoding=\"async\" class=\"alignnone size-full wp-image-10528\" src=\"https:\/\/hir.mediamarkt.hu\/magazin\/wp-content\/uploads\/2020\/04\/2020-20.jpg\" alt=\"\" width=\"740\" height=\"416\" srcset=\"https:\/\/hir.mediamarkt.hu\/magazin\/wp-content\/uploads\/2020\/04\/2020-20.jpg 740w, https:\/\/hir.mediamarkt.hu\/magazin\/wp-content\/uploads\/2020\/04\/2020-20-300x169.jpg 300w, https:\/\/hir.mediamarkt.hu\/magazin\/wp-content\/uploads\/2020\/04\/2020-20-275x155.jpg 275w, https:\/\/hir.mediamarkt.hu\/magazin\/wp-content\/uploads\/2020\/04\/2020-20-480x270.jpg 480w\" sizes=\"(max-width: 740px) 100vw, 740px\" \/>\r\n\r\n<a href=\"http:\/\/mediamarkt.hu\/catentry\/1308918\">A term\u00e9ket itt v\u00e1s\u00e1rolhatod meg.<\/a>\r\n<h2>Canon RF 85mm F1.2L USM \/ Canon RF 85mm F1.2 L USM DS<\/h2>\r\nA legjobb profi portr\u00e9lencse b\u00fcszke nyertese, hogy mi\u00e9rt, ahhoz el\u00e9g a fenti k\u00f6zc\u00edmb\u0151l kirajzol\u00f3d\u00f3 jellemz\u0151ket v\u00e9gign\u00e9zni. Mindig hatalmas fegyvert\u00e9ny volt a Canon kez\u00e9ben, hogy k\u00e9pes F1.2-es f\u00e9nyerej\u0171 fix lencs\u00e9t gy\u00e1rtani (szemben a Nikon 1.4-\u00e9vel), de a legdurv\u00e1bb az eg\u00e9szben m\u00e9gsem ez, hanem maga a t\u00e9ny, hogy mindez v\u00e9gre MILC-rendszerekhez is el\u00e9rhet\u0151. A k\u00e9pmin\u0151s\u00e9g persze kifog\u00e1stalan, m\u00e9g F1.2-\u0151n is r\u00e9szletgazdag, \u00e9les. A DS (Defocus Smoothing) kit\u00e9tel pedig egy speci\u00e1lis, bizonyos lencsetagokra applik\u00e1lt bevonatra utal, amelynek h\u00e1la a f\u00f3kuszmez\u0151 h\u00e1tter\u00e9ben \u00e9s el\u0151ter\u00e9ben felbukkan\u00f3, \u00e9letlen, a jellegzetes bokeh-hat\u00e1snak k\u00f6sz\u00f6nhet\u0151en azonban m\u00e9gis hat\u00e1rozott sz\u00e9lekkel b\u00edr\u00f3 f\u00e9nyek is l\u00e1gyak, \u00e1tmenetesek. Ha ezt portr\u00e9fot\u00f3z\u00e1sn\u00e1l haszn\u00e1ljuk, az \u00f6sszhat\u00e1s eg\u00e9szen megkap\u00f3, \u00e1lomszer\u0171 lesz. M\u00e9g hogy nincs \u00faj a nap alatt!\r\n\r\n<img loading=\"lazy\" decoding=\"async\" class=\"alignnone size-full wp-image-10529\" src=\"https:\/\/hir.mediamarkt.hu\/magazin\/wp-content\/uploads\/2020\/04\/2020-21.jpg\" alt=\"\" width=\"740\" height=\"416\" srcset=\"https:\/\/hir.mediamarkt.hu\/magazin\/wp-content\/uploads\/2020\/04\/2020-21.jpg 740w, https:\/\/hir.mediamarkt.hu\/magazin\/wp-content\/uploads\/2020\/04\/2020-21-300x169.jpg 300w, https:\/\/hir.mediamarkt.hu\/magazin\/wp-content\/uploads\/2020\/04\/2020-21-275x155.jpg 275w, https:\/\/hir.mediamarkt.hu\/magazin\/wp-content\/uploads\/2020\/04\/2020-21-480x270.jpg 480w\" sizes=\"(max-width: 740px) 100vw, 740px\" \/>\r\n\r\n<a href=\"http:\/\/mediamarkt.hu\/catentry\/1308919\">A term\u00e9ket itt v\u00e1s\u00e1rolhatod meg.<\/a>\r\n<h2>Canon PowerShot G7 X Mark III<\/h2>\r\nEddig valahogy alap\u00e9rtelmezettnek vett\u00fck, hogy egy valamireval\u00f3 f\u00e9nyk\u00e9pez\u0151g\u00e9p objekt\u00edve cser\u00e9lhet\u0151 (fentebb is csak ilyenekr\u0151l volt sz\u00f3), de az a helyzet, hogy ez 2020-ban m\u00e1r nem igaz. Van p\u00e9ld\u00e1ul egy egyre n\u00e9pesed\u0151 t\u00e1rsadalmi r\u00e9teg, amelynek pont nincs sz\u00fcks\u00e9ge erre, f\u0151leg, ha maga a cucc egy\u00e9bk\u00e9nt minden szempontb\u00f3l teljesen rendben van: \u0151k a vloggerek. Itt j\u00f6n a k\u00e9pbe a harmadik gener\u00e1ci\u00f3s PowerShot G7. Ezekre a g\u00e9pekre szokt\u00e1k mondani, hogy azoknak val\u00f3, akik eggyel feljebb l\u00e9pn\u00e9nek a mobilfot\u00f3z\u00e1s szintj\u00e9r\u0151l, \u00e9s ez helyt\u00e1ll\u00f3 itt is \u2013 \u00e1m ez a l\u00e9p\u00e9s bizony nagyon-nagyon hossz\u00fa. A kis szenzor ellen\u00e9re a lencserendszer f\u00e9nyer\u0151s, egy kicsit m\u00e9g a m\u00e9lys\u00e9g\u00e9less\u00e9ggel is lehet j\u00e1tszani, a 4-szeres optikai zoom minden youtuber-ig\u00e9nyt kiel\u00e9g\u00edt, az optikai stabiliz\u00e1l\u00f3 garancia, hogy gimbal \u00e9s egy\u00e9b tr\u00fckk\u00f6k n\u00e9lk\u00fcl is tetszet\u0151s, stabil, sima legyen a mozg\u00e1s, a 20 megapixel mindenre el\u00e9g, a k\u00e9pmin\u0151s\u00e9g pedig m\u00e9g kev\u00e9s f\u00e9nyben is kiv\u00e1l\u00f3. A teljesen kihajthat\u00f3 LCD-k\u00e9perny\u0151 \u00e9s a mikrofonbemenet pedig v\u00e9gk\u00e9pp biztos\u00edt\u00e9k, hogy nem kell semmi m\u00e1s, ha vlogolsz, csak ez az apr\u00f3, de mindenre k\u00e9pes g\u00e9p.\r\n\r\n<img loading=\"lazy\" decoding=\"async\" class=\"alignnone size-full wp-image-10530\" src=\"https:\/\/hir.mediamarkt.hu\/magazin\/wp-content\/uploads\/2020\/04\/2020-23.jpg\" alt=\"\" width=\"740\" height=\"416\" srcset=\"https:\/\/hir.mediamarkt.hu\/magazin\/wp-content\/uploads\/2020\/04\/2020-23.jpg 740w, https:\/\/hir.mediamarkt.hu\/magazin\/wp-content\/uploads\/2020\/04\/2020-23-300x169.jpg 300w, https:\/\/hir.mediamarkt.hu\/magazin\/wp-content\/uploads\/2020\/04\/2020-23-275x155.jpg 275w, https:\/\/hir.mediamarkt.hu\/magazin\/wp-content\/uploads\/2020\/04\/2020-23-480x270.jpg 480w\" sizes=\"(max-width: 740px) 100vw, 740px\" \/>\r\n\r\n<a href=\"http:\/\/mediamarkt.hu\/catentry\/1300982\">A term\u00e9ket itt v\u00e1s\u00e1rolhatod meg.<\/a>","protected":false},"excerpt":{"rendered":"A f\u00e9nyk\u00e9pez\u0151k Oscar-d\u00edja tuti t\u00e1mpont arra, hogy min\u0151s\u00e9get kapj a p\u00e9nzed\u00e9rt. T\u00f6rt\u00e9neti \u00e1ttekint\u00e9s \u00e9s egy lista azokr\u00f3l a term\u00e9kekr\u0151l, amelyekbe m\u00e9g az illusztris list\u00e1n is k\u00fcl\u00f6n beleszerett\u00fcnk.","protected":false},"author":22,"featured_media":10622,"comment_status":"open","ping_status":"open","sticky":false,"template":"","format":"standard","meta":{"wprm-recipe-roundup-name":"","wprm-recipe-roundup-description":"","footnotes":""},"categories":[5960],"tags":[1216,3883,59,2270,418,3880,3881,3884],"yoast_head":"<!-- This site is optimized with the Yoast SEO plugin v22.9 - https:\/\/yoast.com\/wordpress\/plugins\/seo\/ -->\n<title>TIPA D\u00cdJ 2020 - \u00e9rdemes figyelni milyen f\u00e9nyk\u00e9pez\u0151g\u00e9pet veszel! - MediaMarkt Magazin<\/title>\n<meta name=\"description\" content=\"A f\u00e9nyk\u00e9pez\u0151k Oscar-d\u00edja tuti t\u00e1mpont arra, hogy min\u0151s\u00e9get kapj a p\u00e9nzed\u00e9rt. T\u00f6rt\u00e9neti \u00e1ttekint\u00e9s \u00e9s egy lista a term\u00e9kekr\u0151l, amelyekbe beleszerett\u00fcnk.\" \/>\n<meta name=\"robots\" content=\"index, follow, max-snippet:-1, max-image-preview:large, max-video-preview:-1\" \/>\n<link rel=\"canonical\" href=\"https:\/\/hir.mediamarkt.hu\/magazin\/tipa-dij-2020-erdemes-figyelni-milyen-fenykepezogepet-veszel\/\" \/>\n<meta property=\"og:locale\" content=\"hu_HU\" \/>\n<meta property=\"og:type\" content=\"article\" \/>\n<meta property=\"og:title\" content=\"TIPA D\u00cdJ 2020 - \u00e9rdemes figyelni milyen f\u00e9nyk\u00e9pez\u0151g\u00e9pet veszel! - MediaMarkt Magazin\" \/>\n<meta property=\"og:description\" content=\"A f\u00e9nyk\u00e9pez\u0151k Oscar-d\u00edja tuti t\u00e1mpont arra, hogy min\u0151s\u00e9get kapj a p\u00e9nzed\u00e9rt. T\u00f6rt\u00e9neti \u00e1ttekint\u00e9s \u00e9s egy lista a term\u00e9kekr\u0151l, amelyekbe beleszerett\u00fcnk.\" \/>\n<meta property=\"og:url\" content=\"https:\/\/hir.mediamarkt.hu\/magazin\/tipa-dij-2020-erdemes-figyelni-milyen-fenykepezogepet-veszel\/\" \/>\n<meta property=\"og:site_name\" content=\"MediaMarkt Magazin\" \/>\n<meta property=\"article:publisher\" content=\"https:\/\/www.facebook.com\/MediaMarktMagyarorszag\" \/>\n<meta property=\"article:published_time\" content=\"2020-04-21T21:11:58+00:00\" \/>\n<meta property=\"article:modified_time\" content=\"2020-05-15T07:45:05+00:00\" \/>\n<meta property=\"og:image\" content=\"https:\/\/hir.mediamarkt.hu\/magazin\/wp-content\/uploads\/2020\/04\/TIPA_dij_fenykepezogepek_Media_Markt.png\" \/>\n\t<meta property=\"og:image:width\" content=\"1024\" \/>\n\t<meta property=\"og:image:height\" content=\"619\" \/>\n\t<meta property=\"og:image:type\" content=\"image\/png\" \/>\n<meta name=\"author\" content=\"Nemenyi\" \/>\n<meta name=\"twitter:label1\" content=\"Szerz\u0151:\" \/>\n\t<meta name=\"twitter:data1\" content=\"Nemenyi\" \/>\n\t<meta name=\"twitter:label2\" content=\"Becs\u00fclt olvas\u00e1si id\u0151\" \/>\n\t<meta name=\"twitter:data2\" content=\"11 perc\" \/>\n<script type=\"application\/ld+json\" class=\"yoast-schema-graph\">{\"@context\":\"https:\/\/schema.org\",\"@graph\":[{\"@type\":\"WebPage\",\"@id\":\"https:\/\/hir.mediamarkt.hu\/magazin\/tipa-dij-2020-erdemes-figyelni-milyen-fenykepezogepet-veszel\/\",\"url\":\"https:\/\/hir.mediamarkt.hu\/magazin\/tipa-dij-2020-erdemes-figyelni-milyen-fenykepezogepet-veszel\/\",\"name\":\"TIPA D\u00cdJ 2020 - \u00e9rdemes figyelni milyen f\u00e9nyk\u00e9pez\u0151g\u00e9pet veszel! - MediaMarkt Magazin\",\"isPartOf\":{\"@id\":\"https:\/\/hir.mediamarkt.hu\/magazin\/#website\"},\"primaryImageOfPage\":{\"@id\":\"https:\/\/hir.mediamarkt.hu\/magazin\/tipa-dij-2020-erdemes-figyelni-milyen-fenykepezogepet-veszel\/#primaryimage\"},\"image\":{\"@id\":\"https:\/\/hir.mediamarkt.hu\/magazin\/tipa-dij-2020-erdemes-figyelni-milyen-fenykepezogepet-veszel\/#primaryimage\"},\"thumbnailUrl\":\"https:\/\/hir.mediamarkt.hu\/magazin\/wp-content\/uploads\/2020\/04\/TIPA_dij_fenykepezogepek_Media_Markt.png\",\"datePublished\":\"2020-04-21T21:11:58+00:00\",\"dateModified\":\"2020-05-15T07:45:05+00:00\",\"author\":{\"@id\":\"https:\/\/hir.mediamarkt.hu\/magazin\/#\/schema\/person\/f4a17b2dc97f2e2bf1b88a89d4ef7d05\"},\"description\":\"A f\u00e9nyk\u00e9pez\u0151k Oscar-d\u00edja tuti t\u00e1mpont arra, hogy min\u0151s\u00e9get kapj a p\u00e9nzed\u00e9rt. T\u00f6rt\u00e9neti \u00e1ttekint\u00e9s \u00e9s egy lista a term\u00e9kekr\u0151l, amelyekbe beleszerett\u00fcnk.\",\"breadcrumb\":{\"@id\":\"https:\/\/hir.mediamarkt.hu\/magazin\/tipa-dij-2020-erdemes-figyelni-milyen-fenykepezogepet-veszel\/#breadcrumb\"},\"inLanguage\":\"hu\",\"potentialAction\":[{\"@type\":\"ReadAction\",\"target\":[\"https:\/\/hir.mediamarkt.hu\/magazin\/tipa-dij-2020-erdemes-figyelni-milyen-fenykepezogepet-veszel\/\"]}]},{\"@type\":\"ImageObject\",\"inLanguage\":\"hu\",\"@id\":\"https:\/\/hir.mediamarkt.hu\/magazin\/tipa-dij-2020-erdemes-figyelni-milyen-fenykepezogepet-veszel\/#primaryimage\",\"url\":\"https:\/\/hir.mediamarkt.hu\/magazin\/wp-content\/uploads\/2020\/04\/TIPA_dij_fenykepezogepek_Media_Markt.png\",\"contentUrl\":\"https:\/\/hir.mediamarkt.hu\/magazin\/wp-content\/uploads\/2020\/04\/TIPA_dij_fenykepezogepek_Media_Markt.png\",\"width\":1024,\"height\":619},{\"@type\":\"BreadcrumbList\",\"@id\":\"https:\/\/hir.mediamarkt.hu\/magazin\/tipa-dij-2020-erdemes-figyelni-milyen-fenykepezogepet-veszel\/#breadcrumb\",\"itemListElement\":[{\"@type\":\"ListItem\",\"position\":1,\"name\":\"Kezd\u0151lap\",\"item\":\"https:\/\/hir.mediamarkt.hu\/magazin\/\"},{\"@type\":\"ListItem\",\"position\":2,\"name\":\"TIPA D\u00cdJ 2020 &#8211; \u00e9rdemes figyelni milyen f\u00e9nyk\u00e9pez\u0151g\u00e9pet veszel!\"}]},{\"@type\":\"WebSite\",\"@id\":\"https:\/\/hir.mediamarkt.hu\/magazin\/#website\",\"url\":\"https:\/\/hir.mediamarkt.hu\/magazin\/\",\"name\":\"MediaMarkt Magazin\",\"description\":\"Olvass bele magazinunkba!\",\"potentialAction\":[{\"@type\":\"SearchAction\",\"target\":{\"@type\":\"EntryPoint\",\"urlTemplate\":\"https:\/\/hir.mediamarkt.hu\/magazin\/?s={search_term_string}\"},\"query-input\":\"required name=search_term_string\"}],\"inLanguage\":\"hu\"},{\"@type\":\"Person\",\"@id\":\"https:\/\/hir.mediamarkt.hu\/magazin\/#\/schema\/person\/f4a17b2dc97f2e2bf1b88a89d4ef7d05\",\"name\":\"Nemenyi\",\"image\":{\"@type\":\"ImageObject\",\"inLanguage\":\"hu\",\"@id\":\"https:\/\/hir.mediamarkt.hu\/magazin\/#\/schema\/person\/image\/\",\"url\":\"https:\/\/secure.gravatar.com\/avatar\/9470b3223c723142e66adcad803b24fe?s=96&d=mm&r=g\",\"contentUrl\":\"https:\/\/secure.gravatar.com\/avatar\/9470b3223c723142e66adcad803b24fe?s=96&d=mm&r=g\",\"caption\":\"Nemenyi\"}}]}<\/script>\n<!-- \/ Yoast SEO plugin. -->","yoast_head_json":{"title":"TIPA D\u00cdJ 2020 - \u00e9rdemes figyelni milyen f\u00e9nyk\u00e9pez\u0151g\u00e9pet veszel! - MediaMarkt Magazin","description":"A f\u00e9nyk\u00e9pez\u0151k Oscar-d\u00edja tuti t\u00e1mpont arra, hogy min\u0151s\u00e9get kapj a p\u00e9nzed\u00e9rt. T\u00f6rt\u00e9neti \u00e1ttekint\u00e9s \u00e9s egy lista a term\u00e9kekr\u0151l, amelyekbe beleszerett\u00fcnk.","robots":{"index":"index","follow":"follow","max-snippet":"max-snippet:-1","max-image-preview":"max-image-preview:large","max-video-preview":"max-video-preview:-1"},"canonical":"https:\/\/hir.mediamarkt.hu\/magazin\/tipa-dij-2020-erdemes-figyelni-milyen-fenykepezogepet-veszel\/","og_locale":"hu_HU","og_type":"article","og_title":"TIPA D\u00cdJ 2020 - \u00e9rdemes figyelni milyen f\u00e9nyk\u00e9pez\u0151g\u00e9pet veszel! - MediaMarkt Magazin","og_description":"A f\u00e9nyk\u00e9pez\u0151k Oscar-d\u00edja tuti t\u00e1mpont arra, hogy min\u0151s\u00e9get kapj a p\u00e9nzed\u00e9rt. T\u00f6rt\u00e9neti \u00e1ttekint\u00e9s \u00e9s egy lista a term\u00e9kekr\u0151l, amelyekbe beleszerett\u00fcnk.","og_url":"https:\/\/hir.mediamarkt.hu\/magazin\/tipa-dij-2020-erdemes-figyelni-milyen-fenykepezogepet-veszel\/","og_site_name":"MediaMarkt Magazin","article_publisher":"https:\/\/www.facebook.com\/MediaMarktMagyarorszag","article_published_time":"2020-04-21T21:11:58+00:00","article_modified_time":"2020-05-15T07:45:05+00:00","og_image":[{"width":1024,"height":619,"url":"https:\/\/hir.mediamarkt.hu\/magazin\/wp-content\/uploads\/2020\/04\/TIPA_dij_fenykepezogepek_Media_Markt.png","type":"image\/png"}],"author":"Nemenyi","twitter_misc":{"Szerz\u0151:":"Nemenyi","Becs\u00fclt olvas\u00e1si id\u0151":"11 perc"},"schema":{"@context":"https:\/\/schema.org","@graph":[{"@type":"WebPage","@id":"https:\/\/hir.mediamarkt.hu\/magazin\/tipa-dij-2020-erdemes-figyelni-milyen-fenykepezogepet-veszel\/","url":"https:\/\/hir.mediamarkt.hu\/magazin\/tipa-dij-2020-erdemes-figyelni-milyen-fenykepezogepet-veszel\/","name":"TIPA D\u00cdJ 2020 - \u00e9rdemes figyelni milyen f\u00e9nyk\u00e9pez\u0151g\u00e9pet veszel! - MediaMarkt Magazin","isPartOf":{"@id":"https:\/\/hir.mediamarkt.hu\/magazin\/#website"},"primaryImageOfPage":{"@id":"https:\/\/hir.mediamarkt.hu\/magazin\/tipa-dij-2020-erdemes-figyelni-milyen-fenykepezogepet-veszel\/#primaryimage"},"image":{"@id":"https:\/\/hir.mediamarkt.hu\/magazin\/tipa-dij-2020-erdemes-figyelni-milyen-fenykepezogepet-veszel\/#primaryimage"},"thumbnailUrl":"https:\/\/hir.mediamarkt.hu\/magazin\/wp-content\/uploads\/2020\/04\/TIPA_dij_fenykepezogepek_Media_Markt.png","datePublished":"2020-04-21T21:11:58+00:00","dateModified":"2020-05-15T07:45:05+00:00","author":{"@id":"https:\/\/hir.mediamarkt.hu\/magazin\/#\/schema\/person\/f4a17b2dc97f2e2bf1b88a89d4ef7d05"},"description":"A f\u00e9nyk\u00e9pez\u0151k Oscar-d\u00edja tuti t\u00e1mpont arra, hogy min\u0151s\u00e9get kapj a p\u00e9nzed\u00e9rt. T\u00f6rt\u00e9neti \u00e1ttekint\u00e9s \u00e9s egy lista a term\u00e9kekr\u0151l, amelyekbe beleszerett\u00fcnk.","breadcrumb":{"@id":"https:\/\/hir.mediamarkt.hu\/magazin\/tipa-dij-2020-erdemes-figyelni-milyen-fenykepezogepet-veszel\/#breadcrumb"},"inLanguage":"hu","potentialAction":[{"@type":"ReadAction","target":["https:\/\/hir.mediamarkt.hu\/magazin\/tipa-dij-2020-erdemes-figyelni-milyen-fenykepezogepet-veszel\/"]}]},{"@type":"ImageObject","inLanguage":"hu","@id":"https:\/\/hir.mediamarkt.hu\/magazin\/tipa-dij-2020-erdemes-figyelni-milyen-fenykepezogepet-veszel\/#primaryimage","url":"https:\/\/hir.mediamarkt.hu\/magazin\/wp-content\/uploads\/2020\/04\/TIPA_dij_fenykepezogepek_Media_Markt.png","contentUrl":"https:\/\/hir.mediamarkt.hu\/magazin\/wp-content\/uploads\/2020\/04\/TIPA_dij_fenykepezogepek_Media_Markt.png","width":1024,"height":619},{"@type":"BreadcrumbList","@id":"https:\/\/hir.mediamarkt.hu\/magazin\/tipa-dij-2020-erdemes-figyelni-milyen-fenykepezogepet-veszel\/#breadcrumb","itemListElement":[{"@type":"ListItem","position":1,"name":"Kezd\u0151lap","item":"https:\/\/hir.mediamarkt.hu\/magazin\/"},{"@type":"ListItem","position":2,"name":"TIPA D\u00cdJ 2020 &#8211; \u00e9rdemes figyelni milyen f\u00e9nyk\u00e9pez\u0151g\u00e9pet veszel!"}]},{"@type":"WebSite","@id":"https:\/\/hir.mediamarkt.hu\/magazin\/#website","url":"https:\/\/hir.mediamarkt.hu\/magazin\/","name":"MediaMarkt Magazin","description":"Olvass bele magazinunkba!","potentialAction":[{"@type":"SearchAction","target":{"@type":"EntryPoint","urlTemplate":"https:\/\/hir.mediamarkt.hu\/magazin\/?s={search_term_string}"},"query-input":"required name=search_term_string"}],"inLanguage":"hu"},{"@type":"Person","@id":"https:\/\/hir.mediamarkt.hu\/magazin\/#\/schema\/person\/f4a17b2dc97f2e2bf1b88a89d4ef7d05","name":"Nemenyi","image":{"@type":"ImageObject","inLanguage":"hu","@id":"https:\/\/hir.mediamarkt.hu\/magazin\/#\/schema\/person\/image\/","url":"https:\/\/secure.gravatar.com\/avatar\/9470b3223c723142e66adcad803b24fe?s=96&d=mm&r=g","contentUrl":"https:\/\/secure.gravatar.com\/avatar\/9470b3223c723142e66adcad803b24fe?s=96&d=mm&r=g","caption":"Nemenyi"}}]}},"_links":{"self":[{"href":"https:\/\/hir.mediamarkt.hu\/magazin\/wp-json\/wp\/v2\/posts\/10524"}],"collection":[{"href":"https:\/\/hir.mediamarkt.hu\/magazin\/wp-json\/wp\/v2\/posts"}],"about":[{"href":"https:\/\/hir.mediamarkt.hu\/magazin\/wp-json\/wp\/v2\/types\/post"}],"author":[{"embeddable":true,"href":"https:\/\/hir.mediamarkt.hu\/magazin\/wp-json\/wp\/v2\/users\/22"}],"replies":[{"embeddable":true,"href":"https:\/\/hir.mediamarkt.hu\/magazin\/wp-json\/wp\/v2\/comments?post=10524"}],"version-history":[{"count":3,"href":"https:\/\/hir.mediamarkt.hu\/magazin\/wp-json\/wp\/v2\/posts\/10524\/revisions"}],"predecessor-version":[{"id":10618,"href":"https:\/\/hir.mediamarkt.hu\/magazin\/wp-json\/wp\/v2\/posts\/10524\/revisions\/10618"}],"wp:featuredmedia":[{"embeddable":true,"href":"https:\/\/hir.mediamarkt.hu\/magazin\/wp-json\/wp\/v2\/media\/10622"}],"wp:attachment":[{"href":"https:\/\/hir.mediamarkt.hu\/magazin\/wp-json\/wp\/v2\/media?parent=10524"}],"wp:term":[{"taxonomy":"category","embeddable":true,"href":"https:\/\/hir.mediamarkt.hu\/magazin\/wp-json\/wp\/v2\/categories?post=10524"},{"taxonomy":"post_tag","embeddable":true,"href":"https:\/\/hir.mediamarkt.hu\/magazin\/wp-json\/wp\/v2\/tags?post=10524"}],"curies":[{"name":"wp","href":"https:\/\/api.w.org\/{rel}","templated":true}]}}