{"id":10532,"date":"2020-04-23T12:20:34","date_gmt":"2020-04-23T11:20:34","guid":{"rendered":"http:\/\/hir.mediamarkt.hu\/magazin\/?p=10532"},"modified":"2020-04-30T10:29:45","modified_gmt":"2020-04-30T09:29:45","slug":"xxl-hutok-extra-nagy-belsoteru-hutoszekrenyek-es-fagyasztokeszulekek","status":"publish","type":"post","link":"https:\/\/hir.mediamarkt.hu\/magazin\/xxl-hutok-extra-nagy-belsoteru-hutoszekrenyek-es-fagyasztokeszulekek\/","title":{"rendered":"(X)XL h\u0171t\u0151k &#8211; extra nagy bels\u0151ter\u0171 h\u0171t\u0151szekr\u00e9nyek \u00e9s fagyaszt\u00f3k\u00e9sz\u00fcl\u00e9kek"},"content":{"rendered":"<b>Nem kell, hogy mesterszak\u00e1cs legy\u00e9l ahhoz, hogy t\u00e1gas \u00e9s profi h\u0171t\u0151re legyen sz\u00fcks\u00e9ged. El\u00e9g csak egy nagyobb csal\u00e1d, vagy ak\u00e1r egy szezon\u00e1lis id\u0151szak, amikor szeretn\u00e9d, ha feltankolva \u00e1llna a fagyaszt\u00f3d. De ha csak szimpl\u00e1n g\u00f6r\u00f6gdinnye \u0151r\u00fclt vagy, akkor is j\u00f3l j\u00f6het a Bosch \u00faj, XL \u00e9s XXL h\u0171t\u0151g\u00e9pe, amelyek hatalmas bels\u0151 t\u00e9rrel rendelkeznek!<\/b><!--more-->\r\n\r\n&nbsp;\r\n<h2><b>Amikor a m\u00e9ret \u00e9s a min\u0151s\u00e9g egy\u00fctt j\u00e1r: extra nagy, kombin\u00e1lt h\u0171t\u0151- \u00e9s fagyaszt\u00f3k\u00e9sz\u00fcl\u00e9kek<\/b><\/h2>\r\n&nbsp;\r\n\r\n<span style=\"font-weight: 400;\"><img loading=\"lazy\" decoding=\"async\" class=\"size-thumbnail wp-image-10534 alignleft\" src=\"https:\/\/hir.mediamarkt.hu\/magazin\/wp-content\/uploads\/2020\/04\/MediaMarkt_Bosch_XXL_00a-275x275.jpg\" alt=\"\" width=\"275\" height=\"275\" srcset=\"https:\/\/hir.mediamarkt.hu\/magazin\/wp-content\/uploads\/2020\/04\/MediaMarkt_Bosch_XXL_00a-275x275.jpg 275w, https:\/\/hir.mediamarkt.hu\/magazin\/wp-content\/uploads\/2020\/04\/MediaMarkt_Bosch_XXL_00a-300x300.jpg 300w, https:\/\/hir.mediamarkt.hu\/magazin\/wp-content\/uploads\/2020\/04\/MediaMarkt_Bosch_XXL_00a-1024x1024.jpg 1024w, https:\/\/hir.mediamarkt.hu\/magazin\/wp-content\/uploads\/2020\/04\/MediaMarkt_Bosch_XXL_00a-768x768.jpg 768w, https:\/\/hir.mediamarkt.hu\/magazin\/wp-content\/uploads\/2020\/04\/MediaMarkt_Bosch_XXL_00a-150x150.jpg 150w, https:\/\/hir.mediamarkt.hu\/magazin\/wp-content\/uploads\/2020\/04\/MediaMarkt_Bosch_XXL_00a-500x500.jpg 500w, https:\/\/hir.mediamarkt.hu\/magazin\/wp-content\/uploads\/2020\/04\/MediaMarkt_Bosch_XXL_00a.jpg 1080w\" sizes=\"(max-width: 275px) 100vw, 275px\" \/>A Bosch c\u00e9g k\u00fcl\u00f6nb\u00f6z\u0151 t\u00e9rfogat\u00fa \u00e9s m\u00e9ret\u0171 extra nagy h\u0171t\u0151- \u00e9s fagyaszt\u00f3k\u00e9sz\u00fcl\u00e9kekkel szeretn\u00e9 k\u00e9nyeztetni a v\u00e1s\u00e1rl\u00f3kat, hogy a nagybev\u00e1s\u00e1rl\u00e1s ne sz\u00f3ljon a megalkuv\u00e1sr\u00f3l! A Bosch XXL k\u00e9sz\u00fcl\u00e9ke mind\u00f6ssze 10 cm-rel sz\u00e9lesebb a hagyom\u00e1nyos modelln\u00e9l, t\u00e9rfogatban, azaz a bels\u0151 t\u00e9rben azonban ez a k\u00fcl\u00f6nbs\u00e9g sokkal t\u00f6bbnek sz\u00e1m\u00edt! Ennek k\u00f6sz\u00f6nhet\u0151en a szabadon \u00e1ll\u00f3, kombin\u00e1lt h\u0171t\u0151- fagyaszt\u00f3k\u00e9sz\u00fcl\u00e9k\u00fcnkbe k\u00f6nnyen behelyezhet\u00fcnk ak\u00e1r tepsiket, vagy egy gigantikus g\u00f6r\u00f6gdinny\u00e9t! A nagym\u00e9ret\u0171 dolgok t\u00e1rol\u00e1s\u00e1nak csak a k\u00e9pzelet \u00e9s persze az \u00edzl\u00e9s\u00fcnk szab hat\u00e1rt!\u00a0<\/span>\r\n<h2><\/h2>\r\n<h2><\/h2>\r\n<h2><\/h2>\r\n<h2><\/h2>\r\n<h2><b>Sz\u00e1mok, amik nem unalmasak!<\/b><\/h2>\r\n<span style=\"font-weight: 400;\">Ha az ember j\u00f3l ismeri a h\u00e1ztart\u00e1s\u00e1t, pontosan tudja, mekkora helyre van sz\u00fcks\u00e9ge a h\u0171t\u0151j\u00e9ben. Nyilv\u00e1n egy egyed\u00fcl\u00e1ll\u00f3 f\u00e9rfi sz\u00e1m\u00e1ra nem l\u00e9tsz\u00fcks\u00e9glet a gigantikus m\u00e9ret. B\u00e1r ki tudja, mennyi s\u00f6rt szeret felhalmozni az illet\u0151\u2026 Mindenesetre egy nagyobb h\u00e1ztart\u00e1sban, vagy egy olyan helyen, ahol az ev\u00e9s nem csak a t\u00fal\u00e9l\u00e9st, de igazi \u00f6r\u00f6mforr\u00e1st \u00e9s m\u0171v\u00e9szetet is jelent, kifejezetten j\u00f3, ha nem kell azon izgulni, vajon hogy pr\u00e9sel\u00fcnk be mindent a h\u0171t\u0151be?\u00a0<\/span>\r\n\r\n<span style=\"font-weight: 400;\">A <a href=\"https:\/\/www.mediamarkt.hu\/catentry\/1238221\" target=\"_blank\" rel=\"noopener noreferrer\">Bosch KGN49<\/a> n\u00e9vre hallgat\u00f3, 70 cm-es h\u0171t\u0151- fagyaszt\u00f3k\u00e9sz\u00fcl\u00e9ke <\/span><span style=\"font-weight: 400;\">egy hagyom\u00e1nyos, 60 cm sz\u00e9les modellhez k\u00e9pest &#8211; ld. p\u00e9ld\u00e1ul a <a href=\"https:\/\/www.mediamarkt.hu\/catentry\/1198178\" target=\"_blank\" rel=\"noopener noreferrer\">Bosch KGN39 term\u00e9k\u00e9t<\/a> &#8211; <\/span><span style=\"font-weight: 400;\">ak\u00e1r 19%-kal nagyobb t\u00e9rfogatot biztos\u00edt, m\u00edg az extra m\u00e9ly \u00e9s sz\u00e9les <a href=\"https:\/\/www.mediamarkt.hu\/catentry\/1198179\" target=\"_blank\" rel=\"noopener noreferrer\">Bosch KGN56<\/a> modell eset\u00e9ben 38%-kal nagyobb t\u00e1rol\u00f3helyr\u0151l besz\u00e9lhet\u00fcnk! H\u00e1t mi ez, ha nem k\u00e9nyelem, flexibilit\u00e1s?\u00a0<\/span>\r\n\r\n&nbsp;\r\n<h2><b>A rugalmas t\u00e1rol\u00e1s egyszer\u0171 lett<\/b><\/h2>\r\n<span style=\"font-weight: 400;\">Mi magyarok is r\u00e1szoktunk m\u00e1r a \u201cnagybev\u00e1s\u00e1rl\u00e1sokra\u201d. \u00c9s b\u00e1r nyilv\u00e1n legt\u00f6bbsz\u00f6r elf\u00e9r az \u00e1ru a h\u0171t\u0151ben, az sem baj, ha \u00e1tl\u00e1that\u00f3 marad a j\u00e9gszekr\u00e9ny, nem vesznek el a term\u00e9kek egym\u00e1s takar\u00e1s\u00e1ban, <\/span><span style=\"font-weight: 400;\">az \u00f6sszes \u00e9lelmiszer szem el\u0151tt van. A Bosch XXL term\u00e9keinek \u00e9s az<\/span><b> Easy Storage<\/b><span style=\"font-weight: 400;\"> funkci\u00f3nak k\u00f6sz\u00f6nhet\u0151en minden \u00e9tel k\u00f6nnyen l\u00e1that\u00f3 marad a j\u00e9gszekr\u00e9nyben! Az extra nagy kombin\u00e1lt h\u0171t\u0151- fagyaszt\u00f3k\u00e9sz\u00fcl\u00e9k kih\u00fazhat\u00f3 polcai t\u00f6k\u00e9letes hozz\u00e1f\u00e9r\u00e9st biztos\u00edtanak a h\u00e1tul lev\u0151 \u00e9lelmiszerekhez. A szabadon\u00e1ll\u00f3 h\u0171t\u0151- fagyaszt\u00f3k\u00e9sz\u00fcl\u00e9k modellek biztons\u00e1gi \u00fcvegb\u0151l k\u00e9sz\u00fclt polcait ki lehet h\u00fazni, amely k\u00fcl\u00f6n\u00f6sen megk\u00f6nny\u00edti az \u00e9lelmiszerek behelyez\u00e9s\u00e9t \u00e9s kiv\u00e9tel\u00e9t \u2013 ezzel egyidej\u0171leg m\u00e9g kiv\u00e1l\u00f3 \u00e1ttekinthet\u0151s\u00e9get is biztos\u00edtanak. Emellett a <\/span><b>VitaFresh<\/b><span style=\"font-weight: 400;\"> fi\u00f3koknak k\u00f6sz\u00f6nhet\u0151en a friss \u00e9lelmiszerek t\u00e1rol\u00e1sa biztons\u00e1gos \u00e9s tov\u00e1bb is maradnak frissen.<\/span>\r\n\r\n&nbsp;\r\n\r\nhttps:\/\/www.youtube.com\/watch?v=k56kCO4Yul0&#038;feature=emb_logo\r\n<h2><\/h2>\r\n<h2><b>R\u00e9s-mentes \u00e9let: csak mert t\u00e1gasabb, m\u00e9g nem foglal extra helyet!\u00a0<\/b><\/h2>\r\n<span style=\"font-weight: 400;\"><img loading=\"lazy\" decoding=\"async\" class=\"size-medium wp-image-10592 alignleft\" src=\"https:\/\/hir.mediamarkt.hu\/magazin\/wp-content\/uploads\/2020\/04\/xxl_bosch_huto-300x196.jpg\" alt=\"\" width=\"300\" height=\"196\" srcset=\"https:\/\/hir.mediamarkt.hu\/magazin\/wp-content\/uploads\/2020\/04\/xxl_bosch_huto-300x196.jpg 300w, https:\/\/hir.mediamarkt.hu\/magazin\/wp-content\/uploads\/2020\/04\/xxl_bosch_huto-275x180.jpg 275w, https:\/\/hir.mediamarkt.hu\/magazin\/wp-content\/uploads\/2020\/04\/xxl_bosch_huto.jpg 664w\" sizes=\"(max-width: 300px) 100vw, 300px\" \/>A piacon tal\u00e1lhat\u00f3 szok\u00e1sos h\u0171t\u0151- fagyaszt\u00f3k\u00e9sz\u00fcl\u00e9k modelleknek kb. 10 cm-re kell lenni\u00fck az oldalfalakt\u00f3l, hogy az ajt\u00f3k \u00e9s a fi\u00f3kok nyithat\u00f3k legyenek. <\/span>\r\n\r\n<span style=\"font-weight: 400;\">A <\/span><b>Perfect Fit<\/b><span style=\"font-weight: 400;\"> t\u00f6k\u00e9letes illeszked\u00e9snek k\u00f6sz\u00f6nhet\u0151en a Bosch szabadon\u00e1ll\u00f3 h\u0171t\u0151- fagyaszt\u00f3k\u00e9sz\u00fcl\u00e9keket <strong>k\u00f6zvetlen\u00fcl a falak vagy b\u00fatorok mell\u00e9 lehet helyezni.<\/strong> <\/span><span style=\"font-weight: 400;\">A h\u0171t\u0151 sz\u00e9less\u00e9ge megegyezik a rendelkez\u00e9sre \u00e1ll\u00f3 hely m\u00e9ret\u00e9vel. <\/span>\r\n\r\n<span style=\"font-weight: 400;\">Az eredm\u00e9ny: egy 70 cm-es, szabadon\u00e1ll\u00f3 h\u0171t\u0151- fagyaszt\u00f3k\u00e9sz\u00fcl\u00e9k, amelyet be lehet tenni egy 70 cm-es helyre an\u00e9lk\u00fcl, hogy extra t\u00e1vols\u00e1gra lenne sz\u00fcks\u00e9g!<\/span>\r\n<h2><\/h2>\r\n<h2><b>Megold\u00e1sok, amiket im\u00e1dunk!<\/b><\/h2>\r\n<p style=\"text-align: justify;\"><span style=\"font-weight: 400;\">Az al\u00e1bbi pontokba szedve k\u00f6nnyen \u00e1ttekinthet\u0151ek azok a technol\u00f3giai v\u00edvm\u00e1nyok \u00e9s tulajdons\u00e1gok, amelyek a hagyom\u00e1nyosabb, 60 cm sz\u00e9les, valamint az XL \u00e9s XXL k\u00e9sz\u00fcl\u00e9kek kapcs\u00e1n igaz\u00e1n kiemelked\u0151ek a piacon!<\/span><\/p>\r\n\r\n<ul>\r\n \t<li style=\"font-weight: 400;\"><span style=\"font-weight: 400;\"><strong>NoFrost:<\/strong> nincs t\u00f6bb leolvaszt\u00e1s a j\u00e9gk\u00e9pz\u0151d\u00e9s elleni t\u00f6k\u00e9letes v\u00e9delemnek k\u00f6sz\u00f6nhet\u0151en \u2013 ezzel f\u00e1rads\u00e1got \u00e9s id\u0151t takar\u00edt meg.<\/span><\/li>\r\n \t<li style=\"font-weight: 400;\"><span style=\"font-weight: 400;\"><strong>A++ energiahat\u00e9konys\u00e1g:<\/strong> rendk\u00edv\u00fcl takar\u00e9kos h\u0171t\u00e9s.<\/span><\/li>\r\n \t<li style=\"font-weight: 400;\"><span style=\"font-weight: 400;\"><strong>Automatikus szuperfagyaszt\u00e1s:<\/strong> optim\u00e1lis kisebb adagok gyors fagyaszt\u00e1s\u00e1hoz, m\u00edg v\u00e9di a m\u00e9lyh\u0171t\u0151 tartalm\u00e1t a felolvad\u00e1st\u00f3l, a h\u0151m\u00e9rs\u00e9kletv\u00e1ltoz\u00e1s automatikus \u00e9rz\u00e9kel\u00e9s\u00e9nek \u00e9s \u00e1ll\u00edt\u00e1s\u00e1nak k\u00f6sz\u00f6nhet\u0151en.<\/span><\/li>\r\n \t<li style=\"font-weight: 400;\"><span style=\"font-weight: 400;\"><strong>2 h\u0171t\u0151k\u00f6r:<\/strong> k\u00fcl\u00f6n vez\u00e9relhet\u0151 h\u0171t\u00e9si \u00e9s fagyaszt\u00e1si ter\u00fclet \u2013 megakad\u00e1lyozza a szagok \u00e1t\u00e1raml\u00e1s\u00e1t.<\/span><\/li>\r\n \t<li style=\"font-weight: 400;\"><span style=\"font-weight: 400;\"><strong>Szuperh\u0171t\u00e9s:<\/strong> az \u00fajonnan behelyezett \u00e9lelmiszereket gyorsabban leh\u0171ti, \u00e9s ez\u00e1ltal v\u00e9di a m\u00e1r leh\u0171t\u00f6tt term\u00e9keket.<\/span><\/li>\r\n \t<li style=\"font-weight: 400;\"><span style=\"font-weight: 400;\"><strong>LED vil\u00e1g\u00edt\u00e1s:<\/strong> a h\u0171t\u0151t\u00e9r teljes \u00e9s egyenletes megvil\u00e1g\u00edt\u00e1sa, a k\u00e9sz\u00fcl\u00e9k \u00e9lettartam\u00e1nak v\u00e9g\u00e9ig.<\/span><\/li>\r\n \t<li style=\"font-weight: 400;\"><span style=\"font-weight: 400;\"><strong>HolidayMode:<\/strong> a fagyasztott \u00e9lelmiszerek v\u00e9delme \u00e9s a h\u0171t\u0151szekr\u00e9ny energiapazarl\u00e1s\u00e1nak megakad\u00e1lyoz\u00e1sa.<\/span><\/li>\r\n \t<li style=\"font-weight: 400;\"><span style=\"font-weight: 400;\"><strong>EasyAccess polc:<\/strong> kih\u00fazhat\u00f3 \u00fcveglapok a k\u00e9nyelmes be- \u00e9s kirakod\u00e1shoz, valamint a t\u00f6k\u00e9letes \u00e1ttekinthet\u0151s\u00e9ghez.<\/span><\/li>\r\n \t<li style=\"font-weight: 400;\"><span style=\"font-weight: 400;\"><strong>MultiAirFlow rendszer:<\/strong> egyenletes h\u0151m\u00e9rs\u00e9klet a k\u00e9sz\u00fcl\u00e9k minden szintj\u00e9n.<\/span><\/li>\r\n \t<li style=\"font-weight: 400;\"><span style=\"font-weight: 400;\"><strong>FreshSense:<\/strong> t\u00f6k\u00e9letes t\u00e1rol\u00e1si h\u0151m\u00e9rs\u00e9klet a k\u00fcls\u0151 h\u0151m\u00e9rs\u00e9klett\u0151l f\u00fcggetlen\u00fcl.<\/span><\/li>\r\n \t<li style=\"font-weight: 400;\"><span style=\"font-weight: 400;\"><strong>VitaFresh plus:<\/strong> a friss \u00e9lelmiszert ak\u00e1r k\u00e9tszer hosszabb ideig frissen tartja \u2013 a halat \u00e9s a h\u00fast az extra hideg h\u0151m\u00e9rs\u00e9kletnek, a z\u00f6lds\u00e9get \u00e9s a gy\u00fcm\u00f6lcs\u00f6t pedig az optim\u00e1lis p\u00e1ratartalomnak k\u00f6sz\u00f6nhet\u0151en<\/span><\/li>\r\n \t<li style=\"font-weight: 400;\"><span style=\"font-weight: 400;\"><strong>VarioZone:<\/strong> nagyobb rugalmass\u00e1g a kivehet\u0151 \u00fcvegpolcoknak \u00e9s fi\u00f3koknak k\u00f6sz\u00f6nhet\u0151en a fagyaszt\u00f3t\u00e9rben.<\/span><\/li>\r\n \t<li style=\"font-weight: 400;\"><span style=\"font-weight: 400;\"><strong>ColorGlass ajt\u00f3:<\/strong> min\u0151s\u00e9gi \u00e9s modern fel\u00fclet a h\u0171t\u0151ajt\u00f3n.<\/span><\/li>\r\n \t<li style=\"font-weight: 400;\"><span style=\"font-weight: 400;\"><strong>BigBox fagyaszt\u00f3fi\u00f3k:<\/strong> fagyaszt\u00f3 dobozok egym\u00e1sra pakol\u00e1s\u00e1hoz vagy nagym\u00e9ret\u0171 fagyasztott \u00e1rukhoz.<\/span><\/li>\r\n<\/ul>\r\n<span style=\"font-weight: 400;\">*Fontos, az egyes funkci\u00f3k megl\u00e9te a modell t\u00edpus\u00e1t\u00f3l f\u00fcgg\u0151en v\u00e1ltozhat!<\/span>\r\n<h2><b>Ha megsz\u00fcletett az elhat\u00e1roz\u00e1s, m\u00e1r csak v\u00e1lasztani kell!<\/b><\/h2>\r\n<span style=\"font-weight: 400;\">A Bosch kombin\u00e1lt, NoFrost \u00e9s (X)XL h\u0171t\u0151szekr\u00e9nyei k\u00f6z\u00f6tt mindenki megtal\u00e1lja a sz\u00e1m\u00e1ra legjobb, legk\u00e9nyelmesebb modellt, amellyel konyh\u00e1ja \u00e9s \u00e9lete m\u00e9gink\u00e1bb kiteljesedhet. Ir\u00e1ny a MediaMarkt online piactere \u00e9s \u00fczletei, hogy a hamarosan berobban\u00f3 ny\u00e1rra meglegyen a t\u00f6k\u00e9letes j\u00e9gszekr\u00e9ny!<\/span>\r\n<h2><b>Kapcsol\u00f3d\u00f3 MediaMarkt term\u00e9kek:\u00a0<\/b><\/h2>\r\n<strong>XXL h\u0171t\u0151k: <\/strong>\r\n\r\n<span style=\"font-weight: 400;\"><a href=\"https:\/\/www.mediamarkt.hu\/catentry\/1140899\" target=\"_blank\" rel=\"noopener noreferrer\">BOSCH KGV58VL31 S kombin\u00e1lt h\u0171t\u0151szekr\u00e9ny<\/a><\/span>\r\n\r\n<span style=\"font-weight: 400;\"><a href=\"https:\/\/www.mediamarkt.hu\/catentry\/1198179\">BOSCH KGN56AI30 No Frost alulfagyaszt\u00f3s h\u0171t\u0151szekr\u00e9ny<\/a>\u00a0 <\/span>\r\n\r\n<span style=\"font-weight: 400;\"><a href=\"https:\/\/www.mediamarkt.hu\/catentry\/1246867\" target=\"_blank\" rel=\"noopener noreferrer\">BOSCH KGN56XI40 No Frost kombin\u00e1lt h\u0171t\u0151szekr\u00e9ny<\/a>\u00a0 <\/span>\r\n\r\n<span style=\"font-weight: 400;\"><a href=\"https:\/\/www.mediamarkt.hu\/catentry\/1259675\" target=\"_blank\" rel=\"noopener noreferrer\">BOSCH KGF56PI40 No Frost kombin\u00e1lt h\u0171t\u0151szekr\u00e9ny<\/a>\u00a0 <\/span>\r\n\r\n<strong>XL h\u0171t\u0151k:<\/strong>\r\n\r\n<a href=\"https:\/\/www.mediamarkt.hu\/catentry\/1264257\" target=\"_blank\" rel=\"noopener noreferrer\">BOSCH KGE 49 KL 4 P kombin\u00e1lt h\u0171t\u0151szekr\u00e9ny<\/a>\r\n\r\n<a href=\"https:\/\/www.mediamarkt.hu\/catentry\/1238221\" target=\"_blank\" rel=\"noopener noreferrer\">BOSCH KGN49AI31 No Frost kombin\u00e1lt h\u0171t\u0151szekr\u00e9ny<\/a>\r\n\r\n&nbsp;\r\n\r\n&nbsp;\r\n\r\n<img loading=\"lazy\" decoding=\"async\" class=\"alignnone size-medium wp-image-10536\" src=\"https:\/\/hir.mediamarkt.hu\/magazin\/wp-content\/uploads\/2020\/04\/MediaMarkt_Bosch_XXL_01a-300x224.png\" alt=\"\" width=\"300\" height=\"224\" srcset=\"https:\/\/hir.mediamarkt.hu\/magazin\/wp-content\/uploads\/2020\/04\/MediaMarkt_Bosch_XXL_01a-300x224.png 300w, https:\/\/hir.mediamarkt.hu\/magazin\/wp-content\/uploads\/2020\/04\/MediaMarkt_Bosch_XXL_01a-275x205.png 275w, https:\/\/hir.mediamarkt.hu\/magazin\/wp-content\/uploads\/2020\/04\/MediaMarkt_Bosch_XXL_01a-768x574.png 768w, https:\/\/hir.mediamarkt.hu\/magazin\/wp-content\/uploads\/2020\/04\/MediaMarkt_Bosch_XXL_01a-500x375.png 500w, https:\/\/hir.mediamarkt.hu\/magazin\/wp-content\/uploads\/2020\/04\/MediaMarkt_Bosch_XXL_01a.png 786w\" sizes=\"(max-width: 300px) 100vw, 300px\" \/> <img loading=\"lazy\" decoding=\"async\" class=\"alignnone size-medium wp-image-10537\" src=\"https:\/\/hir.mediamarkt.hu\/magazin\/wp-content\/uploads\/2020\/04\/MediaMarkt_Bosch_XXL_01b-300x224.png\" alt=\"\" width=\"300\" height=\"224\" srcset=\"https:\/\/hir.mediamarkt.hu\/magazin\/wp-content\/uploads\/2020\/04\/MediaMarkt_Bosch_XXL_01b-300x224.png 300w, https:\/\/hir.mediamarkt.hu\/magazin\/wp-content\/uploads\/2020\/04\/MediaMarkt_Bosch_XXL_01b-275x205.png 275w, https:\/\/hir.mediamarkt.hu\/magazin\/wp-content\/uploads\/2020\/04\/MediaMarkt_Bosch_XXL_01b-768x574.png 768w, https:\/\/hir.mediamarkt.hu\/magazin\/wp-content\/uploads\/2020\/04\/MediaMarkt_Bosch_XXL_01b-500x375.png 500w, https:\/\/hir.mediamarkt.hu\/magazin\/wp-content\/uploads\/2020\/04\/MediaMarkt_Bosch_XXL_01b.png 786w\" sizes=\"(max-width: 300px) 100vw, 300px\" \/> <img loading=\"lazy\" decoding=\"async\" class=\"alignnone size-medium wp-image-10538\" src=\"https:\/\/hir.mediamarkt.hu\/magazin\/wp-content\/uploads\/2020\/04\/MediaMarkt_Bosch_XXL_02-300x224.png\" alt=\"\" width=\"300\" height=\"224\" srcset=\"https:\/\/hir.mediamarkt.hu\/magazin\/wp-content\/uploads\/2020\/04\/MediaMarkt_Bosch_XXL_02-300x224.png 300w, https:\/\/hir.mediamarkt.hu\/magazin\/wp-content\/uploads\/2020\/04\/MediaMarkt_Bosch_XXL_02-275x205.png 275w, https:\/\/hir.mediamarkt.hu\/magazin\/wp-content\/uploads\/2020\/04\/MediaMarkt_Bosch_XXL_02-768x574.png 768w, https:\/\/hir.mediamarkt.hu\/magazin\/wp-content\/uploads\/2020\/04\/MediaMarkt_Bosch_XXL_02-500x375.png 500w, https:\/\/hir.mediamarkt.hu\/magazin\/wp-content\/uploads\/2020\/04\/MediaMarkt_Bosch_XXL_02.png 786w\" sizes=\"(max-width: 300px) 100vw, 300px\" \/> <img loading=\"lazy\" decoding=\"async\" class=\"alignnone size-medium wp-image-10539\" src=\"https:\/\/hir.mediamarkt.hu\/magazin\/wp-content\/uploads\/2020\/04\/MediaMarkt_Bosch_XXL_02a-300x224.png\" alt=\"\" width=\"300\" height=\"224\" srcset=\"https:\/\/hir.mediamarkt.hu\/magazin\/wp-content\/uploads\/2020\/04\/MediaMarkt_Bosch_XXL_02a-300x224.png 300w, https:\/\/hir.mediamarkt.hu\/magazin\/wp-content\/uploads\/2020\/04\/MediaMarkt_Bosch_XXL_02a-275x205.png 275w, https:\/\/hir.mediamarkt.hu\/magazin\/wp-content\/uploads\/2020\/04\/MediaMarkt_Bosch_XXL_02a-768x574.png 768w, https:\/\/hir.mediamarkt.hu\/magazin\/wp-content\/uploads\/2020\/04\/MediaMarkt_Bosch_XXL_02a-500x375.png 500w, https:\/\/hir.mediamarkt.hu\/magazin\/wp-content\/uploads\/2020\/04\/MediaMarkt_Bosch_XXL_02a.png 786w\" sizes=\"(max-width: 300px) 100vw, 300px\" \/> <img loading=\"lazy\" decoding=\"async\" class=\"alignnone size-medium wp-image-10540\" src=\"https:\/\/hir.mediamarkt.hu\/magazin\/wp-content\/uploads\/2020\/04\/MediaMarkt_Bosch_XXL_02b-300x224.png\" alt=\"\" width=\"300\" height=\"224\" srcset=\"https:\/\/hir.mediamarkt.hu\/magazin\/wp-content\/uploads\/2020\/04\/MediaMarkt_Bosch_XXL_02b-300x224.png 300w, https:\/\/hir.mediamarkt.hu\/magazin\/wp-content\/uploads\/2020\/04\/MediaMarkt_Bosch_XXL_02b-275x205.png 275w, https:\/\/hir.mediamarkt.hu\/magazin\/wp-content\/uploads\/2020\/04\/MediaMarkt_Bosch_XXL_02b-768x574.png 768w, https:\/\/hir.mediamarkt.hu\/magazin\/wp-content\/uploads\/2020\/04\/MediaMarkt_Bosch_XXL_02b-500x375.png 500w, https:\/\/hir.mediamarkt.hu\/magazin\/wp-content\/uploads\/2020\/04\/MediaMarkt_Bosch_XXL_02b.png 786w\" sizes=\"(max-width: 300px) 100vw, 300px\" \/> <img loading=\"lazy\" decoding=\"async\" class=\"alignnone size-medium wp-image-10541\" src=\"https:\/\/hir.mediamarkt.hu\/magazin\/wp-content\/uploads\/2020\/04\/MediaMarkt_Bosch_XXL_02c-300x224.png\" alt=\"\" width=\"300\" height=\"224\" srcset=\"https:\/\/hir.mediamarkt.hu\/magazin\/wp-content\/uploads\/2020\/04\/MediaMarkt_Bosch_XXL_02c-300x224.png 300w, https:\/\/hir.mediamarkt.hu\/magazin\/wp-content\/uploads\/2020\/04\/MediaMarkt_Bosch_XXL_02c-275x205.png 275w, https:\/\/hir.mediamarkt.hu\/magazin\/wp-content\/uploads\/2020\/04\/MediaMarkt_Bosch_XXL_02c-768x574.png 768w, https:\/\/hir.mediamarkt.hu\/magazin\/wp-content\/uploads\/2020\/04\/MediaMarkt_Bosch_XXL_02c-500x375.png 500w, https:\/\/hir.mediamarkt.hu\/magazin\/wp-content\/uploads\/2020\/04\/MediaMarkt_Bosch_XXL_02c.png 786w\" sizes=\"(max-width: 300px) 100vw, 300px\" \/>","protected":false},"excerpt":{"rendered":"Nem kell, hogy mesterszak\u00e1cs legy\u00e9l ahhoz, hogy t\u00e1gas \u00e9s profi h\u0171t\u0151re legyen sz\u00fcks\u00e9ged. El\u00e9g csak egy nagyobb csal\u00e1d, vagy ak\u00e1r egy szezon\u00e1lis id\u0151szak, amikor szeretn\u00e9d, ha feltankolva \u00e1llna a fagyaszt\u00f3d. De ha csak szimpl\u00e1n g\u00f6r\u00f6gdinnye \u0151r\u00fclt vagy, akkor is j\u00f3l j\u00f6het a Bosch \u00faj, XL \u00e9s XXL h\u0171t\u0151g\u00e9pe, amelyek hatalmas bels\u0151 t\u00e9rrel rendelkeznek!","protected":false},"author":13,"featured_media":10593,"comment_status":"open","ping_status":"open","sticky":false,"template":"","format":"standard","meta":{"wprm-recipe-roundup-name":"","wprm-recipe-roundup-description":"","footnotes":""},"categories":[5976],"tags":[2150,3889,3324,2278,2470,3329,3885,1068,2127,2173,2191,3888,470,3890,3886,3887],"yoast_head":"<!-- This site is optimized with the Yoast SEO plugin v22.9 - https:\/\/yoast.com\/wordpress\/plugins\/seo\/ -->\n<title>(X)XL h\u0171t\u0151k - extra nagy bels\u0151ter\u0171 h\u0171t\u0151szekr\u00e9nyek \u00e9s fagyaszt\u00f3k\u00e9sz\u00fcl\u00e9kek - MediaMarkt Magazin<\/title>\n<meta name=\"description\" content=\"Nem szeretsz naponta v\u00e1s\u00e1rolni \u00e9s az is fontos, milyen min\u0151s\u00e9g\u0171 \u00e9lelmiszert fogyasztasz? A Bosch (X)XL alulfagyaszt\u00f3s h\u0171t\u0151it neked tal\u00e1lt\u00e1k ki!\" \/>\n<meta name=\"robots\" content=\"index, follow, max-snippet:-1, max-image-preview:large, max-video-preview:-1\" \/>\n<link rel=\"canonical\" href=\"https:\/\/hir.mediamarkt.hu\/magazin\/xxl-hutok-extra-nagy-belsoteru-hutoszekrenyek-es-fagyasztokeszulekek\/\" \/>\n<meta property=\"og:locale\" content=\"hu_HU\" \/>\n<meta property=\"og:type\" content=\"article\" \/>\n<meta property=\"og:title\" content=\"(X)XL h\u0171t\u0151k - extra nagy bels\u0151ter\u0171 h\u0171t\u0151szekr\u00e9nyek \u00e9s fagyaszt\u00f3k\u00e9sz\u00fcl\u00e9kek - MediaMarkt Magazin\" \/>\n<meta property=\"og:description\" content=\"Nem szeretsz naponta v\u00e1s\u00e1rolni \u00e9s az is fontos, milyen min\u0151s\u00e9g\u0171 \u00e9lelmiszert fogyasztasz? A Bosch (X)XL alulfagyaszt\u00f3s h\u0171t\u0151it neked tal\u00e1lt\u00e1k ki!\" \/>\n<meta property=\"og:url\" content=\"https:\/\/hir.mediamarkt.hu\/magazin\/xxl-hutok-extra-nagy-belsoteru-hutoszekrenyek-es-fagyasztokeszulekek\/\" \/>\n<meta property=\"og:site_name\" content=\"MediaMarkt Magazin\" \/>\n<meta property=\"article:publisher\" content=\"https:\/\/www.facebook.com\/MediaMarktMagyarorszag\" \/>\n<meta property=\"article:published_time\" content=\"2020-04-23T11:20:34+00:00\" \/>\n<meta property=\"article:modified_time\" content=\"2020-04-30T09:29:45+00:00\" \/>\n<meta property=\"og:image\" content=\"https:\/\/hir.mediamarkt.hu\/magazin\/wp-content\/uploads\/2020\/04\/bosch_xxl_huto_Media_Markt.png\" \/>\n\t<meta property=\"og:image:width\" content=\"1024\" \/>\n\t<meta property=\"og:image:height\" content=\"619\" \/>\n\t<meta property=\"og:image:type\" content=\"image\/png\" \/>\n<meta name=\"author\" content=\"Media Markt\" \/>\n<meta name=\"twitter:label1\" content=\"Szerz\u0151:\" \/>\n\t<meta name=\"twitter:data1\" content=\"Media Markt\" \/>\n\t<meta name=\"twitter:label2\" content=\"Becs\u00fclt olvas\u00e1si id\u0151\" \/>\n\t<meta name=\"twitter:data2\" content=\"7 perc\" \/>\n<script type=\"application\/ld+json\" class=\"yoast-schema-graph\">{\"@context\":\"https:\/\/schema.org\",\"@graph\":[{\"@type\":\"WebPage\",\"@id\":\"https:\/\/hir.mediamarkt.hu\/magazin\/xxl-hutok-extra-nagy-belsoteru-hutoszekrenyek-es-fagyasztokeszulekek\/\",\"url\":\"https:\/\/hir.mediamarkt.hu\/magazin\/xxl-hutok-extra-nagy-belsoteru-hutoszekrenyek-es-fagyasztokeszulekek\/\",\"name\":\"(X)XL h\u0171t\u0151k - extra nagy bels\u0151ter\u0171 h\u0171t\u0151szekr\u00e9nyek \u00e9s fagyaszt\u00f3k\u00e9sz\u00fcl\u00e9kek - MediaMarkt Magazin\",\"isPartOf\":{\"@id\":\"https:\/\/hir.mediamarkt.hu\/magazin\/#website\"},\"primaryImageOfPage\":{\"@id\":\"https:\/\/hir.mediamarkt.hu\/magazin\/xxl-hutok-extra-nagy-belsoteru-hutoszekrenyek-es-fagyasztokeszulekek\/#primaryimage\"},\"image\":{\"@id\":\"https:\/\/hir.mediamarkt.hu\/magazin\/xxl-hutok-extra-nagy-belsoteru-hutoszekrenyek-es-fagyasztokeszulekek\/#primaryimage\"},\"thumbnailUrl\":\"https:\/\/hir.mediamarkt.hu\/magazin\/wp-content\/uploads\/2020\/04\/bosch_xxl_huto_Media_Markt.png\",\"datePublished\":\"2020-04-23T11:20:34+00:00\",\"dateModified\":\"2020-04-30T09:29:45+00:00\",\"author\":{\"@id\":\"https:\/\/hir.mediamarkt.hu\/magazin\/#\/schema\/person\/b93b02ec1ab4d2353f8d281e171c1b0b\"},\"description\":\"Nem szeretsz naponta v\u00e1s\u00e1rolni \u00e9s az is fontos, milyen min\u0151s\u00e9g\u0171 \u00e9lelmiszert fogyasztasz? A Bosch (X)XL alulfagyaszt\u00f3s h\u0171t\u0151it neked tal\u00e1lt\u00e1k ki!\",\"breadcrumb\":{\"@id\":\"https:\/\/hir.mediamarkt.hu\/magazin\/xxl-hutok-extra-nagy-belsoteru-hutoszekrenyek-es-fagyasztokeszulekek\/#breadcrumb\"},\"inLanguage\":\"hu\",\"potentialAction\":[{\"@type\":\"ReadAction\",\"target\":[\"https:\/\/hir.mediamarkt.hu\/magazin\/xxl-hutok-extra-nagy-belsoteru-hutoszekrenyek-es-fagyasztokeszulekek\/\"]}]},{\"@type\":\"ImageObject\",\"inLanguage\":\"hu\",\"@id\":\"https:\/\/hir.mediamarkt.hu\/magazin\/xxl-hutok-extra-nagy-belsoteru-hutoszekrenyek-es-fagyasztokeszulekek\/#primaryimage\",\"url\":\"https:\/\/hir.mediamarkt.hu\/magazin\/wp-content\/uploads\/2020\/04\/bosch_xxl_huto_Media_Markt.png\",\"contentUrl\":\"https:\/\/hir.mediamarkt.hu\/magazin\/wp-content\/uploads\/2020\/04\/bosch_xxl_huto_Media_Markt.png\",\"width\":1024,\"height\":619},{\"@type\":\"BreadcrumbList\",\"@id\":\"https:\/\/hir.mediamarkt.hu\/magazin\/xxl-hutok-extra-nagy-belsoteru-hutoszekrenyek-es-fagyasztokeszulekek\/#breadcrumb\",\"itemListElement\":[{\"@type\":\"ListItem\",\"position\":1,\"name\":\"Kezd\u0151lap\",\"item\":\"https:\/\/hir.mediamarkt.hu\/magazin\/\"},{\"@type\":\"ListItem\",\"position\":2,\"name\":\"(X)XL h\u0171t\u0151k &#8211; extra nagy bels\u0151ter\u0171 h\u0171t\u0151szekr\u00e9nyek \u00e9s fagyaszt\u00f3k\u00e9sz\u00fcl\u00e9kek\"}]},{\"@type\":\"WebSite\",\"@id\":\"https:\/\/hir.mediamarkt.hu\/magazin\/#website\",\"url\":\"https:\/\/hir.mediamarkt.hu\/magazin\/\",\"name\":\"MediaMarkt Magazin\",\"description\":\"Olvass bele magazinunkba!\",\"potentialAction\":[{\"@type\":\"SearchAction\",\"target\":{\"@type\":\"EntryPoint\",\"urlTemplate\":\"https:\/\/hir.mediamarkt.hu\/magazin\/?s={search_term_string}\"},\"query-input\":\"required name=search_term_string\"}],\"inLanguage\":\"hu\"},{\"@type\":\"Person\",\"@id\":\"https:\/\/hir.mediamarkt.hu\/magazin\/#\/schema\/person\/b93b02ec1ab4d2353f8d281e171c1b0b\",\"name\":\"Media Markt\",\"image\":{\"@type\":\"ImageObject\",\"inLanguage\":\"hu\",\"@id\":\"https:\/\/hir.mediamarkt.hu\/magazin\/#\/schema\/person\/image\/\",\"url\":\"https:\/\/secure.gravatar.com\/avatar\/602bccae8998beee472d01909f0978f1?s=96&d=mm&r=g\",\"contentUrl\":\"https:\/\/secure.gravatar.com\/avatar\/602bccae8998beee472d01909f0978f1?s=96&d=mm&r=g\",\"caption\":\"Media Markt\"}}]}<\/script>\n<!-- \/ Yoast SEO plugin. -->","yoast_head_json":{"title":"(X)XL h\u0171t\u0151k - extra nagy bels\u0151ter\u0171 h\u0171t\u0151szekr\u00e9nyek \u00e9s fagyaszt\u00f3k\u00e9sz\u00fcl\u00e9kek - MediaMarkt Magazin","description":"Nem szeretsz naponta v\u00e1s\u00e1rolni \u00e9s az is fontos, milyen min\u0151s\u00e9g\u0171 \u00e9lelmiszert fogyasztasz? A Bosch (X)XL alulfagyaszt\u00f3s h\u0171t\u0151it neked tal\u00e1lt\u00e1k ki!","robots":{"index":"index","follow":"follow","max-snippet":"max-snippet:-1","max-image-preview":"max-image-preview:large","max-video-preview":"max-video-preview:-1"},"canonical":"https:\/\/hir.mediamarkt.hu\/magazin\/xxl-hutok-extra-nagy-belsoteru-hutoszekrenyek-es-fagyasztokeszulekek\/","og_locale":"hu_HU","og_type":"article","og_title":"(X)XL h\u0171t\u0151k - extra nagy bels\u0151ter\u0171 h\u0171t\u0151szekr\u00e9nyek \u00e9s fagyaszt\u00f3k\u00e9sz\u00fcl\u00e9kek - MediaMarkt Magazin","og_description":"Nem szeretsz naponta v\u00e1s\u00e1rolni \u00e9s az is fontos, milyen min\u0151s\u00e9g\u0171 \u00e9lelmiszert fogyasztasz? A Bosch (X)XL alulfagyaszt\u00f3s h\u0171t\u0151it neked tal\u00e1lt\u00e1k ki!","og_url":"https:\/\/hir.mediamarkt.hu\/magazin\/xxl-hutok-extra-nagy-belsoteru-hutoszekrenyek-es-fagyasztokeszulekek\/","og_site_name":"MediaMarkt Magazin","article_publisher":"https:\/\/www.facebook.com\/MediaMarktMagyarorszag","article_published_time":"2020-04-23T11:20:34+00:00","article_modified_time":"2020-04-30T09:29:45+00:00","og_image":[{"width":1024,"height":619,"url":"https:\/\/hir.mediamarkt.hu\/magazin\/wp-content\/uploads\/2020\/04\/bosch_xxl_huto_Media_Markt.png","type":"image\/png"}],"author":"Media Markt","twitter_misc":{"Szerz\u0151:":"Media Markt","Becs\u00fclt olvas\u00e1si id\u0151":"7 perc"},"schema":{"@context":"https:\/\/schema.org","@graph":[{"@type":"WebPage","@id":"https:\/\/hir.mediamarkt.hu\/magazin\/xxl-hutok-extra-nagy-belsoteru-hutoszekrenyek-es-fagyasztokeszulekek\/","url":"https:\/\/hir.mediamarkt.hu\/magazin\/xxl-hutok-extra-nagy-belsoteru-hutoszekrenyek-es-fagyasztokeszulekek\/","name":"(X)XL h\u0171t\u0151k - extra nagy bels\u0151ter\u0171 h\u0171t\u0151szekr\u00e9nyek \u00e9s fagyaszt\u00f3k\u00e9sz\u00fcl\u00e9kek - MediaMarkt Magazin","isPartOf":{"@id":"https:\/\/hir.mediamarkt.hu\/magazin\/#website"},"primaryImageOfPage":{"@id":"https:\/\/hir.mediamarkt.hu\/magazin\/xxl-hutok-extra-nagy-belsoteru-hutoszekrenyek-es-fagyasztokeszulekek\/#primaryimage"},"image":{"@id":"https:\/\/hir.mediamarkt.hu\/magazin\/xxl-hutok-extra-nagy-belsoteru-hutoszekrenyek-es-fagyasztokeszulekek\/#primaryimage"},"thumbnailUrl":"https:\/\/hir.mediamarkt.hu\/magazin\/wp-content\/uploads\/2020\/04\/bosch_xxl_huto_Media_Markt.png","datePublished":"2020-04-23T11:20:34+00:00","dateModified":"2020-04-30T09:29:45+00:00","author":{"@id":"https:\/\/hir.mediamarkt.hu\/magazin\/#\/schema\/person\/b93b02ec1ab4d2353f8d281e171c1b0b"},"description":"Nem szeretsz naponta v\u00e1s\u00e1rolni \u00e9s az is fontos, milyen min\u0151s\u00e9g\u0171 \u00e9lelmiszert fogyasztasz? A Bosch (X)XL alulfagyaszt\u00f3s h\u0171t\u0151it neked tal\u00e1lt\u00e1k ki!","breadcrumb":{"@id":"https:\/\/hir.mediamarkt.hu\/magazin\/xxl-hutok-extra-nagy-belsoteru-hutoszekrenyek-es-fagyasztokeszulekek\/#breadcrumb"},"inLanguage":"hu","potentialAction":[{"@type":"ReadAction","target":["https:\/\/hir.mediamarkt.hu\/magazin\/xxl-hutok-extra-nagy-belsoteru-hutoszekrenyek-es-fagyasztokeszulekek\/"]}]},{"@type":"ImageObject","inLanguage":"hu","@id":"https:\/\/hir.mediamarkt.hu\/magazin\/xxl-hutok-extra-nagy-belsoteru-hutoszekrenyek-es-fagyasztokeszulekek\/#primaryimage","url":"https:\/\/hir.mediamarkt.hu\/magazin\/wp-content\/uploads\/2020\/04\/bosch_xxl_huto_Media_Markt.png","contentUrl":"https:\/\/hir.mediamarkt.hu\/magazin\/wp-content\/uploads\/2020\/04\/bosch_xxl_huto_Media_Markt.png","width":1024,"height":619},{"@type":"BreadcrumbList","@id":"https:\/\/hir.mediamarkt.hu\/magazin\/xxl-hutok-extra-nagy-belsoteru-hutoszekrenyek-es-fagyasztokeszulekek\/#breadcrumb","itemListElement":[{"@type":"ListItem","position":1,"name":"Kezd\u0151lap","item":"https:\/\/hir.mediamarkt.hu\/magazin\/"},{"@type":"ListItem","position":2,"name":"(X)XL h\u0171t\u0151k &#8211; extra nagy bels\u0151ter\u0171 h\u0171t\u0151szekr\u00e9nyek \u00e9s fagyaszt\u00f3k\u00e9sz\u00fcl\u00e9kek"}]},{"@type":"WebSite","@id":"https:\/\/hir.mediamarkt.hu\/magazin\/#website","url":"https:\/\/hir.mediamarkt.hu\/magazin\/","name":"MediaMarkt Magazin","description":"Olvass bele magazinunkba!","potentialAction":[{"@type":"SearchAction","target":{"@type":"EntryPoint","urlTemplate":"https:\/\/hir.mediamarkt.hu\/magazin\/?s={search_term_string}"},"query-input":"required name=search_term_string"}],"inLanguage":"hu"},{"@type":"Person","@id":"https:\/\/hir.mediamarkt.hu\/magazin\/#\/schema\/person\/b93b02ec1ab4d2353f8d281e171c1b0b","name":"Media Markt","image":{"@type":"ImageObject","inLanguage":"hu","@id":"https:\/\/hir.mediamarkt.hu\/magazin\/#\/schema\/person\/image\/","url":"https:\/\/secure.gravatar.com\/avatar\/602bccae8998beee472d01909f0978f1?s=96&d=mm&r=g","contentUrl":"https:\/\/secure.gravatar.com\/avatar\/602bccae8998beee472d01909f0978f1?s=96&d=mm&r=g","caption":"Media Markt"}}]}},"_links":{"self":[{"href":"https:\/\/hir.mediamarkt.hu\/magazin\/wp-json\/wp\/v2\/posts\/10532"}],"collection":[{"href":"https:\/\/hir.mediamarkt.hu\/magazin\/wp-json\/wp\/v2\/posts"}],"about":[{"href":"https:\/\/hir.mediamarkt.hu\/magazin\/wp-json\/wp\/v2\/types\/post"}],"author":[{"embeddable":true,"href":"https:\/\/hir.mediamarkt.hu\/magazin\/wp-json\/wp\/v2\/users\/13"}],"replies":[{"embeddable":true,"href":"https:\/\/hir.mediamarkt.hu\/magazin\/wp-json\/wp\/v2\/comments?post=10532"}],"version-history":[{"count":9,"href":"https:\/\/hir.mediamarkt.hu\/magazin\/wp-json\/wp\/v2\/posts\/10532\/revisions"}],"predecessor-version":[{"id":10598,"href":"https:\/\/hir.mediamarkt.hu\/magazin\/wp-json\/wp\/v2\/posts\/10532\/revisions\/10598"}],"wp:featuredmedia":[{"embeddable":true,"href":"https:\/\/hir.mediamarkt.hu\/magazin\/wp-json\/wp\/v2\/media\/10593"}],"wp:attachment":[{"href":"https:\/\/hir.mediamarkt.hu\/magazin\/wp-json\/wp\/v2\/media?parent=10532"}],"wp:term":[{"taxonomy":"category","embeddable":true,"href":"https:\/\/hir.mediamarkt.hu\/magazin\/wp-json\/wp\/v2\/categories?post=10532"},{"taxonomy":"post_tag","embeddable":true,"href":"https:\/\/hir.mediamarkt.hu\/magazin\/wp-json\/wp\/v2\/tags?post=10532"}],"curies":[{"name":"wp","href":"https:\/\/api.w.org\/{rel}","templated":true}]}}