{"id":10544,"date":"2020-04-27T11:23:33","date_gmt":"2020-04-27T10:23:33","guid":{"rendered":"http:\/\/hir.mediamarkt.hu\/magazin\/?p=10544"},"modified":"2020-04-29T17:46:29","modified_gmt":"2020-04-29T16:46:29","slug":"goztisztitok-igy-szallj-szembe-a-korokozokkal-egyszeruen-es-hatekonyan","status":"publish","type":"post","link":"https:\/\/hir.mediamarkt.hu\/magazin\/goztisztitok-igy-szallj-szembe-a-korokozokkal-egyszeruen-es-hatekonyan\/","title":{"rendered":"G\u0151ztiszt\u00edt\u00f3k &#8211; \u00edgy sz\u00e1llj szembe a k\u00f3rokoz\u00f3kkal egyszer\u0171en \u00e9s hat\u00e9konyan!"},"content":{"rendered":"<b>B\u00e1r az otthonokban egyre n\u0151 a kem\u00e9ny padl\u00f3 fel\u00fcletek ar\u00e1nya, az emberek t\u00f6bbs\u00e9ge, a megszok\u00e1s erej\u00e9nek k\u00f6sz\u00f6nhet\u0151en haz\u00e1nkban m\u00e9g mindig a felmos\u00f3f\u00e1val (illetve m\u0171anyaggal), v\u00f6d\u00f6rrel k\u00fczd. Pedig enn\u00e9l l\u00e9tezik m\u00e1r sokkal k\u00e9nyelmesebb \u00e9s jobb megold\u00e1s a takar\u00edt\u00e1s kapcs\u00e1n. Mutatjuk, mondjuk, al\u00e1t\u00e1masztjuk, mire \u00e9s mi\u00e9rt van sz\u00fcks\u00e9g minden h\u00e1ztart\u00e1sban, ahol a k\u00f6rnyezet \u00e9s az eg\u00e9szs\u00e9g v\u00e9delme, \u00e9s nem utols\u00f3 sorban a praktikum sz\u00e1m\u00edt a mindennapokban!<\/b><!--more-->\r\n\r\n&nbsp;\r\n<h2><b>Az alapk\u00e9rd\u00e9s: de h\u00e1t mi\u00e9rt takar\u00edtsunk g\u0151zzel?<\/b><\/h2>\r\n<span style=\"font-weight: 400;\"><img loading=\"lazy\" decoding=\"async\" class=\"size-medium wp-image-10580 alignleft\" src=\"https:\/\/hir.mediamarkt.hu\/magazin\/wp-content\/uploads\/2020\/04\/goztisztitok_furdoszoba_PowerFresh-Slim-Steam_Media-Markt-300x200.jpg\" alt=\"\" width=\"300\" height=\"200\" srcset=\"https:\/\/hir.mediamarkt.hu\/magazin\/wp-content\/uploads\/2020\/04\/goztisztitok_furdoszoba_PowerFresh-Slim-Steam_Media-Markt-300x200.jpg 300w, https:\/\/hir.mediamarkt.hu\/magazin\/wp-content\/uploads\/2020\/04\/goztisztitok_furdoszoba_PowerFresh-Slim-Steam_Media-Markt-1024x683.jpg 1024w, https:\/\/hir.mediamarkt.hu\/magazin\/wp-content\/uploads\/2020\/04\/goztisztitok_furdoszoba_PowerFresh-Slim-Steam_Media-Markt-275x183.jpg 275w, https:\/\/hir.mediamarkt.hu\/magazin\/wp-content\/uploads\/2020\/04\/goztisztitok_furdoszoba_PowerFresh-Slim-Steam_Media-Markt-768x512.jpg 768w, https:\/\/hir.mediamarkt.hu\/magazin\/wp-content\/uploads\/2020\/04\/goztisztitok_furdoszoba_PowerFresh-Slim-Steam_Media-Markt.jpg 1296w\" sizes=\"(max-width: 300px) 100vw, 300px\" \/><\/span>\r\n\r\n<span style=\"font-weight: 400;\">Mert hat\u00e9kony.<\/span>\r\n\r\n<span style=\"font-weight: 400;\">Mert nem kell vegyszer.<\/span>\r\n\r\n<span style=\"font-weight: 400;\">Mert pofon egyszer\u0171. <\/span>\r\n\r\n<span style=\"font-weight: 400;\">Meggy\u0151z\u0151 \u00e9rvek, ugye? Enn\u00e9l persze \u00f6sszetettebben is \u00e1t lehet n\u00e9zni az el\u0151ny\u00f6ket. A t\u00falhev\u00edtett g\u0151z, melyet az erre fejlesztett kisebb \u00e9s nagyobb berendez\u00e9sek szolg\u00e1ltatnak, lebontj\u00e1k a fel\u00fcleti szennyez\u0151d\u00e9st, a be\u00edv\u00f3dott koszt \u00e9s bakt\u00e9riumokat, foltmentes fel\u00fcletet hagyva maguk ut\u00e1n. R\u00f6vid\u00fcl a sz\u00e1rad\u00e1si id\u0151, amivel nem csak id\u0151t sp\u00f3rolunk a takar\u00edt\u00e1s sor\u00e1n, de az \u00e9rz\u00e9kenyebb, pl. fa fel\u00fcletek \u00e9lettartam\u00e1t is jav\u00edthatjuk. A g\u0151z r\u00e1ad\u00e1sul elpuszt\u00edtja a cs\u00edr\u00e1k \u00e9s bakt\u00e9riumok* 99,9%-\u00e1t, amelyet a mop \u201cmaszatol\u00e1s\u00e1val\u201d nem tudunk ilyen hat\u00e9konys\u00e1gi fokon biztos\u00edtani. <\/span><span style=\"font-weight: 400;\">Az egyszer\u0171 \u00e9s hat\u00e9kony haszn\u00e1lat is vonz\u00f3 lehet, hiszen csak fel kell t\u00f6lteni v\u00edzzel a k\u00e9sz\u00fcl\u00e9ket, \u00e1ram al\u00e1 helyezni \u00e9s m\u00e1r indulhat is k\u00f3rokoz\u00f3k megsemmis\u00edt\u00e9se! Kisgyerekes \u00e9s\/vagy h\u00e1zi\u00e1llatos csal\u00e1dok eset\u00e9n hatalmas k\u00f6nnyebbs\u00e9g egy ilyen berendez\u00e9s munk\u00e1ba \u00e1ll\u00edt\u00e1sa!<\/span>\r\n\r\n<span style=\"font-weight: 400;\">*A v\u00edrusokkal szembeni hat\u00e9konys\u00e1g kapcs\u00e1n a Bissell c\u00e9g p\u00e9ld\u00e1ul akt\u00edvan teszteli k\u00e9sz\u00fcl\u00e9keit, az ezzel kapcsolatos eredm\u00e9nyekr\u0151l h\u00edrt adunk, ha megb\u00edzhat\u00f3 f\u00e1zisba jut a k\u00eds\u00e9rletez\u00e9s.\u00a0<\/span>\r\n\r\n&nbsp;\r\n<h2><b>A F\u00f6ldnek \u00e9s a p\u00e9nzt\u00e1rc\u00e1nak is jobb lesz \u00edgy<\/b><\/h2>\r\n&nbsp;\r\n\r\n<span style=\"font-weight: 400;\"><strong>\u00a0<img loading=\"lazy\" decoding=\"async\" class=\"size-medium wp-image-10583 alignleft\" src=\"https:\/\/hir.mediamarkt.hu\/magazin\/wp-content\/uploads\/2020\/04\/goztisztito_VacSteam_MediaMarkt-300x200.jpg\" alt=\"\" width=\"300\" height=\"200\" srcset=\"https:\/\/hir.mediamarkt.hu\/magazin\/wp-content\/uploads\/2020\/04\/goztisztito_VacSteam_MediaMarkt-300x200.jpg 300w, https:\/\/hir.mediamarkt.hu\/magazin\/wp-content\/uploads\/2020\/04\/goztisztito_VacSteam_MediaMarkt-1024x683.jpg 1024w, https:\/\/hir.mediamarkt.hu\/magazin\/wp-content\/uploads\/2020\/04\/goztisztito_VacSteam_MediaMarkt-275x183.jpg 275w, https:\/\/hir.mediamarkt.hu\/magazin\/wp-content\/uploads\/2020\/04\/goztisztito_VacSteam_MediaMarkt-768x512.jpg 768w, https:\/\/hir.mediamarkt.hu\/magazin\/wp-content\/uploads\/2020\/04\/goztisztito_VacSteam_MediaMarkt.jpg 1348w\" sizes=\"(max-width: 300px) 100vw, 300px\" \/>A vegyszer- \u00e9s m\u00e9rgez\u0151 anyag mentes takar\u00edt\u00e1s<\/strong> egyre nagyobb szerepet kell, hogy j\u00e1tsszon a bolyg\u00f3 n\u00e9pess\u00e9g\u00e9nek \u00e9let\u00e9ben, ha nem akarjuk a term\u00e9szetet teljesen padl\u00f3ra k\u00fcldeni. Ek\u00f6zben &#8211; f\u0151k\u00e9nt a jelenlegi j\u00e1rv\u00e1nyhelyzetben &#8211; igen fontos, hogy eredm\u00e9nyesen takar\u00edtsunk, de nem mell\u00e9kes az sem, hogy vigy\u00e1zzunk a kiad\u00e1sainkra. Az <strong>\u00fajrahaszn\u00e1lhat\u00f3, moshat\u00f3, antibakteri\u00e1lis felmos\u00f3 p\u00e1rn\u00e1k<\/strong> \u00f6sszess\u00e9g\u00e9ben alacsonyabb k\u00f6lts\u00e9geket produk\u00e1lhatnak, mintha folyamatosan vegyi anyagokat haszn\u00e1ln\u00e1nk a takar\u00edt\u00e1s sor\u00e1n. <\/span>\r\n\r\n<span style=\"font-weight: 400;\">A MediaMarkt m\u00e1r t\u00f6bbsz\u00f6r \u00edrt a t\u00e9m\u00e1ban anyagot, munkat\u00e1rsainkkal mi magunk is a fenntarthat\u00f3 j\u00f6v\u0151 biztos\u00edt\u00e1s\u00e1n dolgozunk! A <a href=\"http:\/\/Z\u00d6LDNEK LENNI RETR\u00d3? NAGYANY\u00c1INK FORT\u00c9LYAIT \u00d6TV\u00d6ZT\u00dcK A JELENKOR V\u00cdVM\u00c1NYAIVAL!\">&#8222;Z\u00f6ldnek lenni retr\u00f3&#8230;&#8221;<\/a> cikk\u00fcnk is seg\u00edthet kicsit a h\u00e1ztart\u00e1s k\u00f6rnyezettudatosabb\u00e1 t\u00e9tel\u00e9ben. A jelenlegi helyzetben pedig <a href=\"https:\/\/hir.mediamarkt.hu\/magazin\/a-koronavirus-kapcsan-a-megelozesrol-praktikusan-igy-segithet-a-mediamarkt\/\">A KORONAV\u00cdRUS KAPCS\u00c1N A MEGEL\u0150Z\u00c9SR\u0150L, PRAKTIKUSAN \u2013 \u00cdGY SEG\u00cdTHET A MEDIAMARKT!<\/a> c\u00edm\u0171 anyagunkkal szeretn\u00e9nk seg\u00edteni minden kedves v\u00e1s\u00e1rl\u00f3nknak, eg\u00e9szs\u00e9g\u00fck meg\u0151rz\u00e9s\u00e9ben!<\/span>\r\n<h2><b>Mire haszn\u00e1lhatjuk a g\u0151z erej\u00e9t?<\/b><span style=\"font-weight: 400;\">\u00a0<\/span><\/h2>\r\n<span style=\"font-weight: 400;\"><img loading=\"lazy\" decoding=\"async\" class=\"size-medium wp-image-10581 alignleft\" src=\"https:\/\/hir.mediamarkt.hu\/magazin\/wp-content\/uploads\/2020\/04\/goztisztitok_PowerFresh-Slim-Steam_MediaMarkt-300x200.jpg\" alt=\"\" width=\"300\" height=\"200\" srcset=\"https:\/\/hir.mediamarkt.hu\/magazin\/wp-content\/uploads\/2020\/04\/goztisztitok_PowerFresh-Slim-Steam_MediaMarkt-300x200.jpg 300w, https:\/\/hir.mediamarkt.hu\/magazin\/wp-content\/uploads\/2020\/04\/goztisztitok_PowerFresh-Slim-Steam_MediaMarkt-1024x683.jpg 1024w, https:\/\/hir.mediamarkt.hu\/magazin\/wp-content\/uploads\/2020\/04\/goztisztitok_PowerFresh-Slim-Steam_MediaMarkt-275x183.jpg 275w, https:\/\/hir.mediamarkt.hu\/magazin\/wp-content\/uploads\/2020\/04\/goztisztitok_PowerFresh-Slim-Steam_MediaMarkt-768x512.jpg 768w, https:\/\/hir.mediamarkt.hu\/magazin\/wp-content\/uploads\/2020\/04\/goztisztitok_PowerFresh-Slim-Steam_MediaMarkt.jpg 1296w\" sizes=\"(max-width: 300px) 100vw, 300px\" \/>Minden, \u00fagynevezett kem\u00e9nypadl\u00f3 fel\u00fcletre alkalmasak a g\u0151ztiszt\u00edt\u00f3 berendez\u00e9sek. Teh\u00e1t a <strong>j\u00e1r\u00f3lap, lin\u00f3leum, parketta, fapadl\u00f3, gr\u00e1nit, ker\u00e1mia, m\u00e1rv\u00e1ny<\/strong> is t\u00f6k\u00e9letes c\u00e9lpont a takar\u00edt\u00f3 eszk\u00f6z sz\u00e1m\u00e1ra.\u00a0<\/span><span style=\"font-weight: 400;\">Emellett a k\u00e9zi takar\u00edt\u00f3g\u00e9pek hat\u00e9konyan haszn\u00e1lhat\u00f3ak konyhai, f\u00fcrd\u0151szobai fel\u00fcletek (pl. <strong>munkalap, t\u0171zhely, csempe, fuga, ablak, tusol\u00f3kabin, csaptelep<\/strong>) tiszt\u00edt\u00e1s\u00e1ra, fert\u0151tlen\u00edt\u00e9s\u00e9re is. Ak\u00e1r a s\u00fct\u0151 belsej\u00e9t is lehet \u00edgy tiszt\u00edtani, de egy\u00e9b elektronikai eszk\u00f6z\u00f6k kapcs\u00e1n nem aj\u00e1nlott a technol\u00f3gia, hiszen a v\u00edz \u00e9s a forr\u00f3 g\u0151z t\u00f6nkreteheti azt. Mindazok a berendez\u00e9sek, amiket alapvet\u0151en \u00f3vnunk a nedvess\u00e9gt\u0151l, m\u00e1s m\u00f3dszerekkel tiszt\u00edthat\u00f3ak \u00e9s fert\u0151tlen\u00edthet\u0151ek biztons\u00e1gosan \u00e9s c\u00e9lszer\u0171en. A &#8222;g\u0151zg\u00e9pekkel&#8221; t\u00f6rt\u00e9n\u0151 takar\u00edt\u00e1s azonban ennek ellen\u00e9re is univerz\u00e1lisabb, mint a hagyom\u00e1nyos m\u00f3dszerekkel!<\/span>\r\n<h2><\/h2>\r\n<h2><b>G\u00e9p t\u00edpusok \u00e9s \u00e1ld\u00e1sos hat\u00e1saik<\/b><\/h2>\r\n<span style=\"font-weight: 400;\">Alapvet\u0151en k\u00e9t nagyobb csoportot \u00e9rdemes elk\u00fcl\u00f6n\u00edteni:\u00a0<\/span>\r\n<ul>\r\n \t<li style=\"font-weight: 400;\"><span style=\"font-weight: 400;\">A <\/span><b>k\u00e9zi g\u0151z\u00f6l\u0151s g\u00e9pek<\/b><span style=\"font-weight: 400;\"> \u00fan. Boiler technol\u00f3gi\u00e1t \u00e1ll\u00edtj\u00e1k szolg\u00e1latunkba. Az ilyen eszk\u00f6z\u00f6k eset\u00e9n nincs sz\u00fcks\u00e9g szivatty\u00fara, nagyobb nyom\u00e1s jut az ir\u00e1ny\u00edtott, koncentr\u00e1lt tiszt\u00edt\u00e1s sor\u00e1n a fel\u00fcletre. Ebben a z\u00e1rt rendszerben a nagyobb nyom\u00e1s\u00fa g\u0151z akkor old ki, amikor a felhaszn\u00e1l\u00f3 kioldja a kiold\u00f3szelepet.Fontos megjegyezni, hogy hosszabb felmeleg\u00edt\u00e9si id\u0151vel (60 mp) \u00e9s \u00fajrat\u00f6lt\u00e9s el\u0151tt leh\u0171l\u00e9si id\u0151vel kell sz\u00e1molni a haszn\u00e1lat sor\u00e1n.\u00a0 A k\u00e9zi g\u0151z\u00f6l\u0151s g\u00e9pek a padl\u00f3 feletti fel\u00fcletek tisz\u00edt\u00e1sa kapcs\u00e1n ide\u00e1lis (ld. konyha, f\u00fcrd\u0151szoba, wc)<\/span><\/li>\r\n \t<li style=\"font-weight: 400;\"><span style=\"font-weight: 400;\">Az<\/span><b> \u00e1ll\u00f3 g\u0151z\u00f6l\u0151s g\u00e9pek<\/b><span style=\"font-weight: 400;\"> eset\u00e9ben a Flash heater technol\u00f3gia v\u00edvm\u00e1nyait \u00e9lvezhetj\u00fck. Ennek h\u00e1la nagyon r\u00f6vid felmeleg\u00edt\u00e9si id\u0151, biztons\u00e1gos a rendszer, nincs nyom\u00e1sn\u00f6veked\u00e9s a takar\u00edt\u00e1s sor\u00e1n. Hidegburkolatok, padl\u00f3k tiszt\u00edt\u00e1s\u00e1ra ez a berendez\u00e9s a t\u00f6k\u00e9letes v\u00e1laszt\u00e1s!<\/span><\/li>\r\n<\/ul>\r\n&nbsp;\r\n<h2><b>\u00d6sszefoglalva teh\u00e1t\u2026<\/b><\/h2>\r\n<span style=\"font-weight: 400;\">A g\u0151zzel val\u00f3 takar\u00edt\u00e1s el\u0151nyeit az al\u00e1bbi pontokba szedve k\u00f6nnyen \u00e1tn\u00e9zheti b\u00e1rki, akinek elege van a hagyom\u00e1nyos, macer\u00e1s takar\u00edt\u00e1s miz\u00e9ri\u00e1j\u00e1b\u00f3l:\u00a0<\/span>\r\n<ul>\r\n \t<li>\r\n<blockquote><strong>K\u00f6rnyezetbar\u00e1t technol\u00f3gia, vegyszermentess\u00e9g<\/strong><\/blockquote>\r\n<\/li>\r\n \t<li>\r\n<blockquote><strong>Tisztas\u00e1g \u00e9rz\u00e9se \u00e9s l\u00e1that\u00f3 k\u00fcl\u00f6nbs\u00e9g<\/strong><\/blockquote>\r\n<\/li>\r\n \t<li>\r\n<blockquote><strong>Cs\u00edkmentes sz\u00e1rad\u00e1s<\/strong><\/blockquote>\r\n<\/li>\r\n \t<li>\r\n<blockquote><strong>Kimagasl\u00f3 higi\u00e9nia<\/strong><\/blockquote>\r\n<\/li>\r\n<\/ul>\r\n<blockquote>&nbsp;<\/blockquote>\r\n<h2><b>A Bissell-t\u0151l, szeretettel<\/b><\/h2>\r\n<span style=\"font-weight: 400;\">Hogy seg\u00edts\u00fcnk kicsit azoknak, akik el\u0151sz\u00f6r tal\u00e1lkoznak a takar\u00edt\u00f3eszk\u00f6z\u00f6k \u00faj form\u00e1j\u00e1val, pontokba szedve megosztjuk a Bissell c\u00e9g n\u00e9h\u00e1ny kiv\u00e1l\u00f3 berendez\u00e9s\u00e9nek tulajdons\u00e1gait! Keresd meg a h\u00e1ztart\u00e1sodnak \u00e9s \u00e9letvitelednek legmegfelel\u0151bb seg\u00edts\u00e9get \u00e9s \u00e9lvezd, hogy a tisztas\u00e1g nem csak egyszer\u0171bben, de alaposabban el\u00e9rhet\u0151!<\/span>\r\n\r\n<b>Steam Shot<\/b><span style=\"font-weight: 400;\"> &#8211; Er\u0151s, nagynyom\u00e1s\u00fa k\u00e9zi g\u0151z\u00f6l\u0151s takar\u00edt\u00f3g\u00e9p<\/span>\r\n<ul>\r\n \t<li><span style=\"font-weight: 400;\">Maszat \u00e9s zs\u00edr elt\u00e1vol\u00edt\u00e1sa a g\u0151z erej\u00e9vel egy k\u00e9zi egys\u00e9gben<\/span><\/li>\r\n \t<li><span style=\"font-weight: 400;\">K\u00fcl\u00f6nf\u00e9le szersz\u00e1mok konyh\u00e1k, grillez\u0151 eszk\u00f6z\u00f6k, f\u00fcrd\u0151szob\u00e1k, cementlapok, ablakok \u00e9s m\u00e1s fel\u00fcletek takar\u00edt\u00e1s\u00e1hoz<\/span><\/li>\r\n \t<li><span style=\"font-weight: 400;\">1000 W teljes\u00edtm\u00e9ny, 4,5 bar nyom\u00e1s\u00fa g\u0151z, 15 perc takar\u00edt\u00e1si id\u0151<\/span><\/li>\r\n \t<li><span style=\"font-weight: 400;\">Vegyszermentes takar\u00edt\u00e1s<\/span><\/li>\r\n \t<li><span style=\"font-weight: 400;\">Ig\u00e9ny szerinti g\u0151zt kiold\u00f3 kapcsol\u00f3gomb be\u00e9p\u00edtett biztons\u00e1gi jellemz\u0151kkel<\/span><\/li>\r\n \t<li><span style=\"font-weight: 400;\">Mell\u00e9kelt eszk\u00f6z\u00f6k: be\u00f6nt\u0151 kancs\u00f3, t\u00f6ml\u0151 hosszabb\u00edt\u00f3, kefek\u00e9szlet 3 sz\u00ednk\u00f3ddal ell\u00e1tott kef\u00e9vel, hajl\u00edtott sz\u0171k\u00edt\u0151 szersz\u00e1m, ablaktiszt\u00edt\u00f3 gumibet\u00e9tes leh\u00faz\u00f3, lapos p\u00e1rna, lapos kapar\u00f3 szersz\u00e1m, 2 mikr\u00f3sz\u00e1las t\u00f6rl\u0151kend\u0151, tartoz\u00e9k f\u00fav\u00f3ka<\/span><\/li>\r\n<\/ul>\r\n<b>PowerFresh Steam Mop\u00a0<\/b>\r\n<ul>\r\n \t<li><span style=\"font-weight: 400;\">Elt\u00fcnteti a cs\u00edr\u00e1k \u00e9s bakt\u00e9riumok 99,9%-\u00e1t.<\/span><\/li>\r\n \t<li><span style=\"font-weight: 400;\">Elektronikusan v\u00e1ltoztathat\u00f3 g\u0151zvez\u00e9rl\u00e9s a g\u0151zkibocs\u00e1t\u00e1s automatikus szab\u00e1lyoz\u00e1s\u00e1ra<\/span><\/li>\r\n \t<li><span style=\"font-weight: 400;\">Nagy \u00e9s rugalmas t\u00e9glalap alak\u00fa padl\u00f3tiszt\u00edt\u00f3 fej<\/span><\/li>\r\n \t<li><span style=\"font-weight: 400;\">Egyed\u00fcl\u00e1ll\u00f3 &#8222;s\u00farol\u00f3kefe&#8221; a makacs szennyez\u0151d\u00e9sek k\u00f6nny\u0171 s\u00farol\u00e1s\u00e1hoz \u00e9s elt\u00fcntet\u00e9s\u00e9hez<\/span><\/li>\r\n \t<li><span style=\"font-weight: 400;\">K\u00f6nnyed\u00e9n t\u00f6lthet\u0151 v\u00edztart\u00e1ly<\/span><\/li>\r\n \t<li><span style=\"font-weight: 400;\">Fed\u00e9lzeti sz\u0171r\u0151rendszer<\/span><\/li>\r\n \t<li><span style=\"font-weight: 400;\">\u201eg\u0151z ig\u00e9ny szerint\u201d<\/span><\/li>\r\n \t<li><span style=\"font-weight: 400;\">K\u00e9t illatt\u00e1rcsa, amelyek egy &#8211; a talp el\u0151tt l\u00e9v\u0151 &#8211; k\u00fcl\u00f6nleges &#8222;fi\u00f3kba&#8221; illeszkednek<\/span><\/li>\r\n \t<li><span style=\"font-weight: 400;\">A g\u0151z 30 m\u00e1sodpercen bel\u00fcl k\u00e9szen \u00e1ll a gyors \u00e9s egyszer\u0171 takar\u00edt\u00e1shoz<\/span><\/li>\r\n<\/ul>\r\n<b>PowerFresh Lift Off Steam Mop<\/b><span style=\"font-weight: 400;\"> &#8211; 2-az-1-ben g\u00e9p levehet\u0151 g\u0151zh\u00fcvellyel a teljesk\u00f6r\u0171 otthoni takar\u00edt\u00e1shoz<\/span>\r\n<ul>\r\n \t<li><span style=\"font-weight: 400;\">Elt\u00fcnteti a cs\u00edr\u00e1k \u00e9s bakt\u00e9riumok 99,9%-\u00e1t<\/span><\/li>\r\n \t<li><span style=\"font-weight: 400;\">Az elektronikusan v\u00e1ltoztathat\u00f3 g\u0151zvez\u00e9rl\u00e9s\u00a0 funkci\u00f3<\/span><\/li>\r\n \t<li><span style=\"font-weight: 400;\">\u201eg\u0151z ig\u00e9ny szerint\u201d<\/span><\/li>\r\n \t<li><span style=\"font-weight: 400;\"> A Dry-tank (sz\u00e1raz tart\u00e1ly) technol\u00f3gia a szennyez\u0151d\u00e9seket teljesen sz\u00e1razon \u00e9s mindig g\u0151zmentesen tartja a portart\u00e1lyban<\/span><\/li>\r\n \t<li><span style=\"font-weight: 400;\">Az \u00daJ egyed\u00fcl\u00e1ll\u00f3 Drop-It&#x2122; szennyez\u0151d\u00e9s tart\u00e1ly lehet\u0151v\u00e9 teszi, hogy a sz\u0151r \u00e9s a piszok higi\u00e9nikusan legyen \u00e1rtalmatlan\u00edtva, an\u00e9lk\u00fcl, hogy hozz\u00e1\u00e9rne!<\/span><\/li>\r\n \t<li><span style=\"font-weight: 400;\">A levehet\u0151 felmos\u00f3 p\u00e1rna-tart\u00e1ly megk\u00f6nny\u00edti a p\u00e1rn\u00e1k cser\u00e9j\u00e9t<\/span><\/li>\r\n \t<li><span style=\"font-weight: 400;\">Moshat\u00f3 porsz\u00edv\u00f3 sz\u0171r\u0151<\/span><\/li>\r\n \t<li><span style=\"font-weight: 400;\">Be\u00e9p\u00edtett v\u00edzsz\u0171r\u0151<\/span><\/li>\r\n \t<li><span style=\"font-weight: 400;\">Az illatos\u00edtott tiszt\u00edt\u00e1st k\u00e9t, a mikrosz\u00e1las takar\u00edt\u00f3 p\u00e1rna zsebeibe helyezett illatt\u00e1rcsa biztos\u00edtja<\/span><\/li>\r\n<\/ul>\r\n<b>PowerFresh SlimSteam<\/b><span style=\"font-weight: 400;\"> &#8211; 3in1 g\u0151z\u00f6l\u0151s takar\u00edt\u00f3g\u00e9p<\/span>\r\n<ul>\r\n \t<li><span style=\"font-weight: 400;\">\u00c1ll\u00f3 g\u0151z\u00f6l\u0151s takar\u00edt\u00f3g\u00e9p<\/span><\/li>\r\n \t<li><span style=\"font-weight: 400;\">Takar\u00edt\u00f3g\u00e9p a nehezen el\u00e9rhet\u0151 fel\u00fcletekre \u2013 v\u00e9kony, hossz\u00fa ny\u00e9l (slim design)<\/span><\/li>\r\n \t<li><span style=\"font-weight: 400;\">Levehet\u0151 k\u00e9zi g\u0151z\u00f6l\u0151s takar\u00edt\u00f3g\u00e9p<\/span><\/li>\r\n \t<li><span style=\"font-weight: 400;\">Kem\u00e9nyfel\u00fcleteken alkalmazhat\u00f3 (fa, lamin\u00e1lt parketta, ker\u00e1mia, csempe, m\u00e1rv\u00e1ny, linoleum, gr\u00e1nit)<\/span><\/li>\r\n \t<li><span style=\"font-weight: 400;\">K\u00f6nny\u0171 ir\u00e1ny\u00edthat\u00f3s\u00e1g<\/span><\/li>\r\n \t<li><span style=\"font-weight: 400;\">Elforgathat\u00f3 padl\u00f3fej<\/span><\/li>\r\n \t<li><span style=\"font-weight: 400;\">K\u00f6nnyed\u00e9n t\u00f6lthet\u0151 v\u00edztart\u00e1ly<\/span><\/li>\r\n \t<li><span style=\"font-weight: 400;\">Elt\u00fcnteti a cs\u00edr\u00e1k \u00e9s bakt\u00e9riumok 99,9%-\u00e1t<\/span><\/li>\r\n \t<li><span style=\"font-weight: 400;\">\u201eg\u0151z ig\u00e9ny szerint\u201d<\/span><\/li>\r\n \t<li><span style=\"font-weight: 400;\">Be\u00e9p\u00edtett v\u00edzsz\u0171r\u0151 \u2013 a hosszabb \u00e9lettartam\u00e9rt<\/span><\/li>\r\n \t<li><span style=\"font-weight: 400;\">K\u00f6nny\u0171 t\u00e1rol\u00e1s \u2013 falra szerelhet\u0151<\/span><\/li>\r\n<\/ul>\r\n&nbsp;\r\n\r\n<strong>Kapcsol\u00f3d\u00f3 MediaMarkt term\u00e9kek<\/strong>\r\n\r\n<a href=\"https:\/\/www.mediamarkt.hu\/catentry\/1270286\">LEIFHEIT 11913 Cleantenso g\u0151ztiszt\u00edt\u00f3,<\/a> 28 899 Ft\r\n\r\n<a href=\"https:\/\/www.mediamarkt.hu\/catentry\/1247631\">BISSELL 17132 CrossWave &#8211; t\u00f6bbfunkci\u00f3s nedves takar\u00edt\u00f3g\u00e9p,<\/a> 64 999 Ft\r\n\r\n<a href=\"https:\/\/www.mediamarkt.hu\/catentry\/1302200\">BISSELL CrossWave Cordless &#8211; t\u00f6bbfunkci\u00f3s vezet\u00e9k n\u00e9lk\u00fcli nedves takar\u00edt\u00f3g\u00e9p,<\/a> 99 999 Ft\r\n\r\n<a href=\"https:\/\/www.mediamarkt.hu\/catentry\/1272632\">BISSELL CrossWave Pet Pro t\u00f6bbfunkci\u00f3s nedves takar\u00edt\u00f3g\u00e9p,<\/a> 117 999 Ft\r\n\r\nTov\u00e1bbi takar\u00edt\u00f3 eszk\u00f6z\u00f6k a MediaMarkt h\u00e1ztart\u00e1si kisg\u00e9pei k\u00f6z\u00f6tt: g\u0151ztiszt\u00edt\u00f3k, takar\u00edt\u00f3g\u00e9pek, porsz\u00edv\u00f3k, k\u00e9zi \u00e9s morzsaporsz\u00edv\u00f3k \u00e9s sok minden m\u00e1s a boltok polcain \u00e9s az <a href=\"https:\/\/www.mediamarkt.hu\/hu\/category\/_g%C5%91ztiszt%C3%ADt%C3%B3-504730.html\" target=\"_blank\" rel=\"noopener noreferrer\">online v\u00e1s\u00e1rt\u00e9rben<\/a>!\r\n\r\n&nbsp;\r\n\r\n&nbsp;\r\n\r\n\n\t\t<style type=\"text\/css\">\n\t\t\t#gallery-1 {\n\t\t\t\tmargin: auto;\n\t\t\t}\n\t\t\t#gallery-1 .gallery-item {\n\t\t\t\tfloat: left;\n\t\t\t\tmargin-top: 10px;\n\t\t\t\ttext-align: center;\n\t\t\t\twidth: 33%;\n\t\t\t}\n\t\t\t#gallery-1 img {\n\t\t\t\tborder: 2px solid #cfcfcf;\n\t\t\t}\n\t\t\t#gallery-1 .gallery-caption {\n\t\t\t\tmargin-left: 0;\n\t\t\t}\n\t\t\t\/* see gallery_shortcode() in wp-includes\/media.php *\/\n\t\t<\/style>\n\t\t<div id='gallery-1' class='gallery galleryid-10544 gallery-columns-3 gallery-size-thumbnail'><dl class='gallery-item'>\n\t\t\t<dt class='gallery-icon landscape'>\n\t\t\t\t<a href='https:\/\/hir.mediamarkt.hu\/magazin\/goztisztitok-igy-szallj-szembe-a-korokozokkal-egyszeruen-es-hatekonyan\/mediamarkt_gozteisztito_01d-2\/'><img loading=\"lazy\" decoding=\"async\" width=\"275\" height=\"205\" src=\"https:\/\/hir.mediamarkt.hu\/magazin\/wp-content\/uploads\/2020\/04\/MediaMarkt_gozteisztito_01d-1-275x205.png\" class=\"attachment-thumbnail size-thumbnail\" alt=\"\" srcset=\"https:\/\/hir.mediamarkt.hu\/magazin\/wp-content\/uploads\/2020\/04\/MediaMarkt_gozteisztito_01d-1-275x205.png 275w, https:\/\/hir.mediamarkt.hu\/magazin\/wp-content\/uploads\/2020\/04\/MediaMarkt_gozteisztito_01d-1-300x224.png 300w, https:\/\/hir.mediamarkt.hu\/magazin\/wp-content\/uploads\/2020\/04\/MediaMarkt_gozteisztito_01d-1-768x574.png 768w, https:\/\/hir.mediamarkt.hu\/magazin\/wp-content\/uploads\/2020\/04\/MediaMarkt_gozteisztito_01d-1-500x375.png 500w, https:\/\/hir.mediamarkt.hu\/magazin\/wp-content\/uploads\/2020\/04\/MediaMarkt_gozteisztito_01d-1.png 786w\" sizes=\"(max-width: 275px) 100vw, 275px\" \/><\/a>\n\t\t\t<\/dt><\/dl><dl class='gallery-item'>\n\t\t\t<dt class='gallery-icon landscape'>\n\t\t\t\t<a href='https:\/\/hir.mediamarkt.hu\/magazin\/goztisztitok-igy-szallj-szembe-a-korokozokkal-egyszeruen-es-hatekonyan\/mediamarkt_gozteisztito_02-2\/'><img loading=\"lazy\" decoding=\"async\" width=\"275\" height=\"205\" src=\"https:\/\/hir.mediamarkt.hu\/magazin\/wp-content\/uploads\/2020\/04\/MediaMarkt_gozteisztito_02-1-275x205.png\" class=\"attachment-thumbnail size-thumbnail\" alt=\"\" srcset=\"https:\/\/hir.mediamarkt.hu\/magazin\/wp-content\/uploads\/2020\/04\/MediaMarkt_gozteisztito_02-1-275x205.png 275w, https:\/\/hir.mediamarkt.hu\/magazin\/wp-content\/uploads\/2020\/04\/MediaMarkt_gozteisztito_02-1-300x224.png 300w, https:\/\/hir.mediamarkt.hu\/magazin\/wp-content\/uploads\/2020\/04\/MediaMarkt_gozteisztito_02-1-768x574.png 768w, https:\/\/hir.mediamarkt.hu\/magazin\/wp-content\/uploads\/2020\/04\/MediaMarkt_gozteisztito_02-1-500x375.png 500w, https:\/\/hir.mediamarkt.hu\/magazin\/wp-content\/uploads\/2020\/04\/MediaMarkt_gozteisztito_02-1.png 786w\" sizes=\"(max-width: 275px) 100vw, 275px\" \/><\/a>\n\t\t\t<\/dt><\/dl><dl class='gallery-item'>\n\t\t\t<dt class='gallery-icon landscape'>\n\t\t\t\t<a href='https:\/\/hir.mediamarkt.hu\/magazin\/goztisztitok-igy-szallj-szembe-a-korokozokkal-egyszeruen-es-hatekonyan\/mediamarkt_gozteisztito_02a-2\/'><img loading=\"lazy\" decoding=\"async\" width=\"275\" height=\"205\" src=\"https:\/\/hir.mediamarkt.hu\/magazin\/wp-content\/uploads\/2020\/04\/MediaMarkt_gozteisztito_02a-1-275x205.png\" class=\"attachment-thumbnail size-thumbnail\" alt=\"\" srcset=\"https:\/\/hir.mediamarkt.hu\/magazin\/wp-content\/uploads\/2020\/04\/MediaMarkt_gozteisztito_02a-1-275x205.png 275w, https:\/\/hir.mediamarkt.hu\/magazin\/wp-content\/uploads\/2020\/04\/MediaMarkt_gozteisztito_02a-1-300x224.png 300w, https:\/\/hir.mediamarkt.hu\/magazin\/wp-content\/uploads\/2020\/04\/MediaMarkt_gozteisztito_02a-1-768x574.png 768w, https:\/\/hir.mediamarkt.hu\/magazin\/wp-content\/uploads\/2020\/04\/MediaMarkt_gozteisztito_02a-1-500x375.png 500w, https:\/\/hir.mediamarkt.hu\/magazin\/wp-content\/uploads\/2020\/04\/MediaMarkt_gozteisztito_02a-1.png 786w\" sizes=\"(max-width: 275px) 100vw, 275px\" \/><\/a>\n\t\t\t<\/dt><\/dl><br style=\"clear: both\" \/><dl class='gallery-item'>\n\t\t\t<dt class='gallery-icon landscape'>\n\t\t\t\t<a href='https:\/\/hir.mediamarkt.hu\/magazin\/goztisztitok-igy-szallj-szembe-a-korokozokkal-egyszeruen-es-hatekonyan\/mediamarkt_gozteisztito_03-2\/'><img loading=\"lazy\" decoding=\"async\" width=\"275\" height=\"205\" src=\"https:\/\/hir.mediamarkt.hu\/magazin\/wp-content\/uploads\/2020\/04\/MediaMarkt_gozteisztito_03-1-275x205.png\" class=\"attachment-thumbnail size-thumbnail\" alt=\"\" srcset=\"https:\/\/hir.mediamarkt.hu\/magazin\/wp-content\/uploads\/2020\/04\/MediaMarkt_gozteisztito_03-1-275x205.png 275w, https:\/\/hir.mediamarkt.hu\/magazin\/wp-content\/uploads\/2020\/04\/MediaMarkt_gozteisztito_03-1-300x224.png 300w, https:\/\/hir.mediamarkt.hu\/magazin\/wp-content\/uploads\/2020\/04\/MediaMarkt_gozteisztito_03-1-768x574.png 768w, https:\/\/hir.mediamarkt.hu\/magazin\/wp-content\/uploads\/2020\/04\/MediaMarkt_gozteisztito_03-1-500x375.png 500w, https:\/\/hir.mediamarkt.hu\/magazin\/wp-content\/uploads\/2020\/04\/MediaMarkt_gozteisztito_03-1.png 786w\" sizes=\"(max-width: 275px) 100vw, 275px\" \/><\/a>\n\t\t\t<\/dt><\/dl><dl class='gallery-item'>\n\t\t\t<dt class='gallery-icon landscape'>\n\t\t\t\t<a href='https:\/\/hir.mediamarkt.hu\/magazin\/goztisztitok-igy-szallj-szembe-a-korokozokkal-egyszeruen-es-hatekonyan\/mediamarkt_gozteisztito_03a-2\/'><img loading=\"lazy\" decoding=\"async\" width=\"275\" height=\"205\" src=\"https:\/\/hir.mediamarkt.hu\/magazin\/wp-content\/uploads\/2020\/04\/MediaMarkt_gozteisztito_03a-1-275x205.png\" class=\"attachment-thumbnail size-thumbnail\" alt=\"\" srcset=\"https:\/\/hir.mediamarkt.hu\/magazin\/wp-content\/uploads\/2020\/04\/MediaMarkt_gozteisztito_03a-1-275x205.png 275w, https:\/\/hir.mediamarkt.hu\/magazin\/wp-content\/uploads\/2020\/04\/MediaMarkt_gozteisztito_03a-1-300x224.png 300w, https:\/\/hir.mediamarkt.hu\/magazin\/wp-content\/uploads\/2020\/04\/MediaMarkt_gozteisztito_03a-1-768x574.png 768w, https:\/\/hir.mediamarkt.hu\/magazin\/wp-content\/uploads\/2020\/04\/MediaMarkt_gozteisztito_03a-1-500x375.png 500w, https:\/\/hir.mediamarkt.hu\/magazin\/wp-content\/uploads\/2020\/04\/MediaMarkt_gozteisztito_03a-1.png 786w\" sizes=\"(max-width: 275px) 100vw, 275px\" \/><\/a>\n\t\t\t<\/dt><\/dl><dl class='gallery-item'>\n\t\t\t<dt class='gallery-icon landscape'>\n\t\t\t\t<a href='https:\/\/hir.mediamarkt.hu\/magazin\/goztisztitok-igy-szallj-szembe-a-korokozokkal-egyszeruen-es-hatekonyan\/mediamarkt_gozteisztito_03c-2\/'><img loading=\"lazy\" decoding=\"async\" width=\"275\" height=\"205\" src=\"https:\/\/hir.mediamarkt.hu\/magazin\/wp-content\/uploads\/2020\/04\/MediaMarkt_gozteisztito_03c-1-275x205.png\" class=\"attachment-thumbnail size-thumbnail\" alt=\"\" srcset=\"https:\/\/hir.mediamarkt.hu\/magazin\/wp-content\/uploads\/2020\/04\/MediaMarkt_gozteisztito_03c-1-275x205.png 275w, https:\/\/hir.mediamarkt.hu\/magazin\/wp-content\/uploads\/2020\/04\/MediaMarkt_gozteisztito_03c-1-300x224.png 300w, https:\/\/hir.mediamarkt.hu\/magazin\/wp-content\/uploads\/2020\/04\/MediaMarkt_gozteisztito_03c-1-768x574.png 768w, https:\/\/hir.mediamarkt.hu\/magazin\/wp-content\/uploads\/2020\/04\/MediaMarkt_gozteisztito_03c-1-500x375.png 500w, https:\/\/hir.mediamarkt.hu\/magazin\/wp-content\/uploads\/2020\/04\/MediaMarkt_gozteisztito_03c-1.png 786w\" sizes=\"(max-width: 275px) 100vw, 275px\" \/><\/a>\n\t\t\t<\/dt><\/dl><br style=\"clear: both\" \/><dl class='gallery-item'>\n\t\t\t<dt class='gallery-icon landscape'>\n\t\t\t\t<a href='https:\/\/hir.mediamarkt.hu\/magazin\/goztisztitok-igy-szallj-szembe-a-korokozokkal-egyszeruen-es-hatekonyan\/mediamarkt_gozteisztito_05-2\/'><img loading=\"lazy\" decoding=\"async\" width=\"275\" height=\"205\" src=\"https:\/\/hir.mediamarkt.hu\/magazin\/wp-content\/uploads\/2020\/04\/MediaMarkt_gozteisztito_05-1-275x205.png\" class=\"attachment-thumbnail size-thumbnail\" alt=\"\" srcset=\"https:\/\/hir.mediamarkt.hu\/magazin\/wp-content\/uploads\/2020\/04\/MediaMarkt_gozteisztito_05-1-275x205.png 275w, https:\/\/hir.mediamarkt.hu\/magazin\/wp-content\/uploads\/2020\/04\/MediaMarkt_gozteisztito_05-1-300x224.png 300w, https:\/\/hir.mediamarkt.hu\/magazin\/wp-content\/uploads\/2020\/04\/MediaMarkt_gozteisztito_05-1-768x574.png 768w, https:\/\/hir.mediamarkt.hu\/magazin\/wp-content\/uploads\/2020\/04\/MediaMarkt_gozteisztito_05-1-500x375.png 500w, https:\/\/hir.mediamarkt.hu\/magazin\/wp-content\/uploads\/2020\/04\/MediaMarkt_gozteisztito_05-1.png 786w\" sizes=\"(max-width: 275px) 100vw, 275px\" \/><\/a>\n\t\t\t<\/dt><\/dl><dl class='gallery-item'>\n\t\t\t<dt class='gallery-icon landscape'>\n\t\t\t\t<a href='https:\/\/hir.mediamarkt.hu\/magazin\/goztisztitok-igy-szallj-szembe-a-korokozokkal-egyszeruen-es-hatekonyan\/mediamarkt_gozteisztito_05a-2\/'><img loading=\"lazy\" decoding=\"async\" width=\"275\" height=\"205\" src=\"https:\/\/hir.mediamarkt.hu\/magazin\/wp-content\/uploads\/2020\/04\/MediaMarkt_gozteisztito_05a-1-275x205.png\" class=\"attachment-thumbnail size-thumbnail\" alt=\"\" srcset=\"https:\/\/hir.mediamarkt.hu\/magazin\/wp-content\/uploads\/2020\/04\/MediaMarkt_gozteisztito_05a-1-275x205.png 275w, https:\/\/hir.mediamarkt.hu\/magazin\/wp-content\/uploads\/2020\/04\/MediaMarkt_gozteisztito_05a-1-300x224.png 300w, https:\/\/hir.mediamarkt.hu\/magazin\/wp-content\/uploads\/2020\/04\/MediaMarkt_gozteisztito_05a-1-768x574.png 768w, https:\/\/hir.mediamarkt.hu\/magazin\/wp-content\/uploads\/2020\/04\/MediaMarkt_gozteisztito_05a-1-500x375.png 500w, https:\/\/hir.mediamarkt.hu\/magazin\/wp-content\/uploads\/2020\/04\/MediaMarkt_gozteisztito_05a-1.png 786w\" sizes=\"(max-width: 275px) 100vw, 275px\" \/><\/a>\n\t\t\t<\/dt><\/dl><dl class='gallery-item'>\n\t\t\t<dt class='gallery-icon landscape'>\n\t\t\t\t<a href='https:\/\/hir.mediamarkt.hu\/magazin\/goztisztitok-igy-szallj-szembe-a-korokozokkal-egyszeruen-es-hatekonyan\/mediamarkt_gozteisztito_05b-2\/'><img loading=\"lazy\" decoding=\"async\" width=\"275\" height=\"205\" src=\"https:\/\/hir.mediamarkt.hu\/magazin\/wp-content\/uploads\/2020\/04\/MediaMarkt_gozteisztito_05b-1-275x205.png\" class=\"attachment-thumbnail size-thumbnail\" alt=\"\" srcset=\"https:\/\/hir.mediamarkt.hu\/magazin\/wp-content\/uploads\/2020\/04\/MediaMarkt_gozteisztito_05b-1-275x205.png 275w, https:\/\/hir.mediamarkt.hu\/magazin\/wp-content\/uploads\/2020\/04\/MediaMarkt_gozteisztito_05b-1-300x224.png 300w, https:\/\/hir.mediamarkt.hu\/magazin\/wp-content\/uploads\/2020\/04\/MediaMarkt_gozteisztito_05b-1-768x574.png 768w, https:\/\/hir.mediamarkt.hu\/magazin\/wp-content\/uploads\/2020\/04\/MediaMarkt_gozteisztito_05b-1-500x375.png 500w, https:\/\/hir.mediamarkt.hu\/magazin\/wp-content\/uploads\/2020\/04\/MediaMarkt_gozteisztito_05b-1.png 786w\" sizes=\"(max-width: 275px) 100vw, 275px\" \/><\/a>\n\t\t\t<\/dt><\/dl><br style=\"clear: both\" \/>\n\t\t<\/div>\n\r\n\r\n&nbsp;","protected":false},"excerpt":{"rendered":"B\u00e1r az otthonokban egyre n\u0151 a kem\u00e9ny padl\u00f3 fel\u00fcletek ar\u00e1nya, az emberek t\u00f6bbs\u00e9ge, a megszok\u00e1s erej\u00e9nek k\u00f6sz\u00f6nhet\u0151en haz\u00e1nkban m\u00e9g mindig a felmos\u00f3f\u00e1val (illetve m\u0171anyaggal), v\u00f6d\u00f6rrel k\u00fczd. Pedig enn\u00e9l l\u00e9tezik m\u00e1r sokkal k\u00e9nyelmesebb \u00e9s jobb megold\u00e1s a takar\u00edt\u00e1s kapcs\u00e1n. Mutatjuk, mondjuk, al\u00e1t\u00e1masztjuk, mire \u00e9s mi\u00e9rt van sz\u00fcks\u00e9g minden h\u00e1ztart\u00e1sban, ahol a k\u00f6rnyezet \u00e9s az eg\u00e9szs\u00e9g v\u00e9delme, \u00e9s nem utols\u00f3 sorban a praktikum sz\u00e1m\u00edt a mindennapokban!","protected":false},"author":13,"featured_media":10582,"comment_status":"open","ping_status":"open","sticky":false,"template":"","format":"standard","meta":{"wprm-recipe-roundup-name":"","wprm-recipe-roundup-description":"","footnotes":""},"categories":[5981,5967],"tags":[2679,3893,3898,2363,2134,3824,514,2693,2135,3176,3852,1068,2540,944,2127,2173,2807,2716,2499,3894,3895,3897,3896,2717,3891,1920,3892,710],"yoast_head":"<!-- This site is optimized with the Yoast SEO plugin v22.9 - https:\/\/yoast.com\/wordpress\/plugins\/seo\/ -->\n<title>G\u0151ztiszt\u00edt\u00f3k - \u00edgy sz\u00e1llj szembe a k\u00f3rokoz\u00f3kkal egyszer\u0171en \u00e9s hat\u00e9konyan! - MediaMarkt Magazin<\/title>\n<meta name=\"description\" content=\"Ha nincs kedved folyton magad ut\u00e1n h\u00fazni a v\u00f6dr\u00f6t, \u00e9s ha szeretn\u00e9d val\u00f3ban elt\u0171ntetni a koszt, akkor a t\u00f6bbfunkci\u00f3s takar\u00edt\u00f3g\u00e9peket neked tal\u00e1lt\u00e1k ki!\" \/>\n<meta name=\"robots\" content=\"index, follow, max-snippet:-1, max-image-preview:large, max-video-preview:-1\" \/>\n<link rel=\"canonical\" href=\"https:\/\/hir.mediamarkt.hu\/magazin\/goztisztitok-igy-szallj-szembe-a-korokozokkal-egyszeruen-es-hatekonyan\/\" \/>\n<meta property=\"og:locale\" content=\"hu_HU\" \/>\n<meta property=\"og:type\" content=\"article\" \/>\n<meta property=\"og:title\" content=\"G\u0151ztiszt\u00edt\u00f3k - \u00edgy sz\u00e1llj szembe a k\u00f3rokoz\u00f3kkal egyszer\u0171en \u00e9s hat\u00e9konyan! - MediaMarkt Magazin\" \/>\n<meta property=\"og:description\" content=\"Ha nincs kedved folyton magad ut\u00e1n h\u00fazni a v\u00f6dr\u00f6t, \u00e9s ha szeretn\u00e9d val\u00f3ban elt\u0171ntetni a koszt, akkor a t\u00f6bbfunkci\u00f3s takar\u00edt\u00f3g\u00e9peket neked tal\u00e1lt\u00e1k ki!\" \/>\n<meta property=\"og:url\" content=\"https:\/\/hir.mediamarkt.hu\/magazin\/goztisztitok-igy-szallj-szembe-a-korokozokkal-egyszeruen-es-hatekonyan\/\" \/>\n<meta property=\"og:site_name\" content=\"MediaMarkt Magazin\" \/>\n<meta property=\"article:publisher\" content=\"https:\/\/www.facebook.com\/MediaMarktMagyarorszag\" \/>\n<meta property=\"article:published_time\" content=\"2020-04-27T10:23:33+00:00\" \/>\n<meta property=\"article:modified_time\" content=\"2020-04-29T16:46:29+00:00\" \/>\n<meta property=\"og:image\" content=\"https:\/\/hir.mediamarkt.hu\/magazin\/wp-content\/uploads\/2020\/04\/miert_jo_a_goztisztito_.png\" \/>\n\t<meta property=\"og:image:width\" content=\"1024\" \/>\n\t<meta property=\"og:image:height\" content=\"619\" \/>\n\t<meta property=\"og:image:type\" content=\"image\/png\" \/>\n<meta name=\"author\" content=\"Media Markt\" \/>\n<meta name=\"twitter:label1\" content=\"Szerz\u0151:\" \/>\n\t<meta name=\"twitter:data1\" content=\"Media Markt\" \/>\n\t<meta name=\"twitter:label2\" content=\"Becs\u00fclt olvas\u00e1si id\u0151\" \/>\n\t<meta name=\"twitter:data2\" content=\"9 perc\" \/>\n<script type=\"application\/ld+json\" class=\"yoast-schema-graph\">{\"@context\":\"https:\/\/schema.org\",\"@graph\":[{\"@type\":\"WebPage\",\"@id\":\"https:\/\/hir.mediamarkt.hu\/magazin\/goztisztitok-igy-szallj-szembe-a-korokozokkal-egyszeruen-es-hatekonyan\/\",\"url\":\"https:\/\/hir.mediamarkt.hu\/magazin\/goztisztitok-igy-szallj-szembe-a-korokozokkal-egyszeruen-es-hatekonyan\/\",\"name\":\"G\u0151ztiszt\u00edt\u00f3k - \u00edgy sz\u00e1llj szembe a k\u00f3rokoz\u00f3kkal egyszer\u0171en \u00e9s hat\u00e9konyan! - MediaMarkt Magazin\",\"isPartOf\":{\"@id\":\"https:\/\/hir.mediamarkt.hu\/magazin\/#website\"},\"primaryImageOfPage\":{\"@id\":\"https:\/\/hir.mediamarkt.hu\/magazin\/goztisztitok-igy-szallj-szembe-a-korokozokkal-egyszeruen-es-hatekonyan\/#primaryimage\"},\"image\":{\"@id\":\"https:\/\/hir.mediamarkt.hu\/magazin\/goztisztitok-igy-szallj-szembe-a-korokozokkal-egyszeruen-es-hatekonyan\/#primaryimage\"},\"thumbnailUrl\":\"https:\/\/hir.mediamarkt.hu\/magazin\/wp-content\/uploads\/2020\/04\/miert_jo_a_goztisztito_.png\",\"datePublished\":\"2020-04-27T10:23:33+00:00\",\"dateModified\":\"2020-04-29T16:46:29+00:00\",\"author\":{\"@id\":\"https:\/\/hir.mediamarkt.hu\/magazin\/#\/schema\/person\/b93b02ec1ab4d2353f8d281e171c1b0b\"},\"description\":\"Ha nincs kedved folyton magad ut\u00e1n h\u00fazni a v\u00f6dr\u00f6t, \u00e9s ha szeretn\u00e9d val\u00f3ban elt\u0171ntetni a koszt, akkor a t\u00f6bbfunkci\u00f3s takar\u00edt\u00f3g\u00e9peket neked tal\u00e1lt\u00e1k ki!\",\"breadcrumb\":{\"@id\":\"https:\/\/hir.mediamarkt.hu\/magazin\/goztisztitok-igy-szallj-szembe-a-korokozokkal-egyszeruen-es-hatekonyan\/#breadcrumb\"},\"inLanguage\":\"hu\",\"potentialAction\":[{\"@type\":\"ReadAction\",\"target\":[\"https:\/\/hir.mediamarkt.hu\/magazin\/goztisztitok-igy-szallj-szembe-a-korokozokkal-egyszeruen-es-hatekonyan\/\"]}]},{\"@type\":\"ImageObject\",\"inLanguage\":\"hu\",\"@id\":\"https:\/\/hir.mediamarkt.hu\/magazin\/goztisztitok-igy-szallj-szembe-a-korokozokkal-egyszeruen-es-hatekonyan\/#primaryimage\",\"url\":\"https:\/\/hir.mediamarkt.hu\/magazin\/wp-content\/uploads\/2020\/04\/miert_jo_a_goztisztito_.png\",\"contentUrl\":\"https:\/\/hir.mediamarkt.hu\/magazin\/wp-content\/uploads\/2020\/04\/miert_jo_a_goztisztito_.png\",\"width\":1024,\"height\":619},{\"@type\":\"BreadcrumbList\",\"@id\":\"https:\/\/hir.mediamarkt.hu\/magazin\/goztisztitok-igy-szallj-szembe-a-korokozokkal-egyszeruen-es-hatekonyan\/#breadcrumb\",\"itemListElement\":[{\"@type\":\"ListItem\",\"position\":1,\"name\":\"Kezd\u0151lap\",\"item\":\"https:\/\/hir.mediamarkt.hu\/magazin\/\"},{\"@type\":\"ListItem\",\"position\":2,\"name\":\"G\u0151ztiszt\u00edt\u00f3k &#8211; \u00edgy sz\u00e1llj szembe a k\u00f3rokoz\u00f3kkal egyszer\u0171en \u00e9s hat\u00e9konyan!\"}]},{\"@type\":\"WebSite\",\"@id\":\"https:\/\/hir.mediamarkt.hu\/magazin\/#website\",\"url\":\"https:\/\/hir.mediamarkt.hu\/magazin\/\",\"name\":\"MediaMarkt Magazin\",\"description\":\"Olvass bele magazinunkba!\",\"potentialAction\":[{\"@type\":\"SearchAction\",\"target\":{\"@type\":\"EntryPoint\",\"urlTemplate\":\"https:\/\/hir.mediamarkt.hu\/magazin\/?s={search_term_string}\"},\"query-input\":\"required name=search_term_string\"}],\"inLanguage\":\"hu\"},{\"@type\":\"Person\",\"@id\":\"https:\/\/hir.mediamarkt.hu\/magazin\/#\/schema\/person\/b93b02ec1ab4d2353f8d281e171c1b0b\",\"name\":\"Media Markt\",\"image\":{\"@type\":\"ImageObject\",\"inLanguage\":\"hu\",\"@id\":\"https:\/\/hir.mediamarkt.hu\/magazin\/#\/schema\/person\/image\/\",\"url\":\"https:\/\/secure.gravatar.com\/avatar\/602bccae8998beee472d01909f0978f1?s=96&d=mm&r=g\",\"contentUrl\":\"https:\/\/secure.gravatar.com\/avatar\/602bccae8998beee472d01909f0978f1?s=96&d=mm&r=g\",\"caption\":\"Media Markt\"}}]}<\/script>\n<!-- \/ Yoast SEO plugin. -->","yoast_head_json":{"title":"G\u0151ztiszt\u00edt\u00f3k - \u00edgy sz\u00e1llj szembe a k\u00f3rokoz\u00f3kkal egyszer\u0171en \u00e9s hat\u00e9konyan! - MediaMarkt Magazin","description":"Ha nincs kedved folyton magad ut\u00e1n h\u00fazni a v\u00f6dr\u00f6t, \u00e9s ha szeretn\u00e9d val\u00f3ban elt\u0171ntetni a koszt, akkor a t\u00f6bbfunkci\u00f3s takar\u00edt\u00f3g\u00e9peket neked tal\u00e1lt\u00e1k ki!","robots":{"index":"index","follow":"follow","max-snippet":"max-snippet:-1","max-image-preview":"max-image-preview:large","max-video-preview":"max-video-preview:-1"},"canonical":"https:\/\/hir.mediamarkt.hu\/magazin\/goztisztitok-igy-szallj-szembe-a-korokozokkal-egyszeruen-es-hatekonyan\/","og_locale":"hu_HU","og_type":"article","og_title":"G\u0151ztiszt\u00edt\u00f3k - \u00edgy sz\u00e1llj szembe a k\u00f3rokoz\u00f3kkal egyszer\u0171en \u00e9s hat\u00e9konyan! - MediaMarkt Magazin","og_description":"Ha nincs kedved folyton magad ut\u00e1n h\u00fazni a v\u00f6dr\u00f6t, \u00e9s ha szeretn\u00e9d val\u00f3ban elt\u0171ntetni a koszt, akkor a t\u00f6bbfunkci\u00f3s takar\u00edt\u00f3g\u00e9peket neked tal\u00e1lt\u00e1k ki!","og_url":"https:\/\/hir.mediamarkt.hu\/magazin\/goztisztitok-igy-szallj-szembe-a-korokozokkal-egyszeruen-es-hatekonyan\/","og_site_name":"MediaMarkt Magazin","article_publisher":"https:\/\/www.facebook.com\/MediaMarktMagyarorszag","article_published_time":"2020-04-27T10:23:33+00:00","article_modified_time":"2020-04-29T16:46:29+00:00","og_image":[{"width":1024,"height":619,"url":"https:\/\/hir.mediamarkt.hu\/magazin\/wp-content\/uploads\/2020\/04\/miert_jo_a_goztisztito_.png","type":"image\/png"}],"author":"Media Markt","twitter_misc":{"Szerz\u0151:":"Media Markt","Becs\u00fclt olvas\u00e1si id\u0151":"9 perc"},"schema":{"@context":"https:\/\/schema.org","@graph":[{"@type":"WebPage","@id":"https:\/\/hir.mediamarkt.hu\/magazin\/goztisztitok-igy-szallj-szembe-a-korokozokkal-egyszeruen-es-hatekonyan\/","url":"https:\/\/hir.mediamarkt.hu\/magazin\/goztisztitok-igy-szallj-szembe-a-korokozokkal-egyszeruen-es-hatekonyan\/","name":"G\u0151ztiszt\u00edt\u00f3k - \u00edgy sz\u00e1llj szembe a k\u00f3rokoz\u00f3kkal egyszer\u0171en \u00e9s hat\u00e9konyan! - MediaMarkt Magazin","isPartOf":{"@id":"https:\/\/hir.mediamarkt.hu\/magazin\/#website"},"primaryImageOfPage":{"@id":"https:\/\/hir.mediamarkt.hu\/magazin\/goztisztitok-igy-szallj-szembe-a-korokozokkal-egyszeruen-es-hatekonyan\/#primaryimage"},"image":{"@id":"https:\/\/hir.mediamarkt.hu\/magazin\/goztisztitok-igy-szallj-szembe-a-korokozokkal-egyszeruen-es-hatekonyan\/#primaryimage"},"thumbnailUrl":"https:\/\/hir.mediamarkt.hu\/magazin\/wp-content\/uploads\/2020\/04\/miert_jo_a_goztisztito_.png","datePublished":"2020-04-27T10:23:33+00:00","dateModified":"2020-04-29T16:46:29+00:00","author":{"@id":"https:\/\/hir.mediamarkt.hu\/magazin\/#\/schema\/person\/b93b02ec1ab4d2353f8d281e171c1b0b"},"description":"Ha nincs kedved folyton magad ut\u00e1n h\u00fazni a v\u00f6dr\u00f6t, \u00e9s ha szeretn\u00e9d val\u00f3ban elt\u0171ntetni a koszt, akkor a t\u00f6bbfunkci\u00f3s takar\u00edt\u00f3g\u00e9peket neked tal\u00e1lt\u00e1k ki!","breadcrumb":{"@id":"https:\/\/hir.mediamarkt.hu\/magazin\/goztisztitok-igy-szallj-szembe-a-korokozokkal-egyszeruen-es-hatekonyan\/#breadcrumb"},"inLanguage":"hu","potentialAction":[{"@type":"ReadAction","target":["https:\/\/hir.mediamarkt.hu\/magazin\/goztisztitok-igy-szallj-szembe-a-korokozokkal-egyszeruen-es-hatekonyan\/"]}]},{"@type":"ImageObject","inLanguage":"hu","@id":"https:\/\/hir.mediamarkt.hu\/magazin\/goztisztitok-igy-szallj-szembe-a-korokozokkal-egyszeruen-es-hatekonyan\/#primaryimage","url":"https:\/\/hir.mediamarkt.hu\/magazin\/wp-content\/uploads\/2020\/04\/miert_jo_a_goztisztito_.png","contentUrl":"https:\/\/hir.mediamarkt.hu\/magazin\/wp-content\/uploads\/2020\/04\/miert_jo_a_goztisztito_.png","width":1024,"height":619},{"@type":"BreadcrumbList","@id":"https:\/\/hir.mediamarkt.hu\/magazin\/goztisztitok-igy-szallj-szembe-a-korokozokkal-egyszeruen-es-hatekonyan\/#breadcrumb","itemListElement":[{"@type":"ListItem","position":1,"name":"Kezd\u0151lap","item":"https:\/\/hir.mediamarkt.hu\/magazin\/"},{"@type":"ListItem","position":2,"name":"G\u0151ztiszt\u00edt\u00f3k &#8211; \u00edgy sz\u00e1llj szembe a k\u00f3rokoz\u00f3kkal egyszer\u0171en \u00e9s hat\u00e9konyan!"}]},{"@type":"WebSite","@id":"https:\/\/hir.mediamarkt.hu\/magazin\/#website","url":"https:\/\/hir.mediamarkt.hu\/magazin\/","name":"MediaMarkt Magazin","description":"Olvass bele magazinunkba!","potentialAction":[{"@type":"SearchAction","target":{"@type":"EntryPoint","urlTemplate":"https:\/\/hir.mediamarkt.hu\/magazin\/?s={search_term_string}"},"query-input":"required name=search_term_string"}],"inLanguage":"hu"},{"@type":"Person","@id":"https:\/\/hir.mediamarkt.hu\/magazin\/#\/schema\/person\/b93b02ec1ab4d2353f8d281e171c1b0b","name":"Media Markt","image":{"@type":"ImageObject","inLanguage":"hu","@id":"https:\/\/hir.mediamarkt.hu\/magazin\/#\/schema\/person\/image\/","url":"https:\/\/secure.gravatar.com\/avatar\/602bccae8998beee472d01909f0978f1?s=96&d=mm&r=g","contentUrl":"https:\/\/secure.gravatar.com\/avatar\/602bccae8998beee472d01909f0978f1?s=96&d=mm&r=g","caption":"Media Markt"}}]}},"_links":{"self":[{"href":"https:\/\/hir.mediamarkt.hu\/magazin\/wp-json\/wp\/v2\/posts\/10544"}],"collection":[{"href":"https:\/\/hir.mediamarkt.hu\/magazin\/wp-json\/wp\/v2\/posts"}],"about":[{"href":"https:\/\/hir.mediamarkt.hu\/magazin\/wp-json\/wp\/v2\/types\/post"}],"author":[{"embeddable":true,"href":"https:\/\/hir.mediamarkt.hu\/magazin\/wp-json\/wp\/v2\/users\/13"}],"replies":[{"embeddable":true,"href":"https:\/\/hir.mediamarkt.hu\/magazin\/wp-json\/wp\/v2\/comments?post=10544"}],"version-history":[{"count":11,"href":"https:\/\/hir.mediamarkt.hu\/magazin\/wp-json\/wp\/v2\/posts\/10544\/revisions"}],"predecessor-version":[{"id":10589,"href":"https:\/\/hir.mediamarkt.hu\/magazin\/wp-json\/wp\/v2\/posts\/10544\/revisions\/10589"}],"wp:featuredmedia":[{"embeddable":true,"href":"https:\/\/hir.mediamarkt.hu\/magazin\/wp-json\/wp\/v2\/media\/10582"}],"wp:attachment":[{"href":"https:\/\/hir.mediamarkt.hu\/magazin\/wp-json\/wp\/v2\/media?parent=10544"}],"wp:term":[{"taxonomy":"category","embeddable":true,"href":"https:\/\/hir.mediamarkt.hu\/magazin\/wp-json\/wp\/v2\/categories?post=10544"},{"taxonomy":"post_tag","embeddable":true,"href":"https:\/\/hir.mediamarkt.hu\/magazin\/wp-json\/wp\/v2\/tags?post=10544"}],"curies":[{"name":"wp","href":"https:\/\/api.w.org\/{rel}","templated":true}]}}