{"id":10630,"date":"2020-05-10T23:26:24","date_gmt":"2020-05-10T22:26:24","guid":{"rendered":"http:\/\/hir.mediamarkt.hu\/magazin\/?p=10630"},"modified":"2020-05-11T08:19:58","modified_gmt":"2020-05-11T07:19:58","slug":"hajvagas_otthon_hajvagok_es_par_tipp","status":"publish","type":"post","link":"https:\/\/hir.mediamarkt.hu\/magazin\/hajvagas_otthon_hajvagok_es_par_tipp\/","title":{"rendered":"Hajv\u00e1g\u00e1s otthon &#8211; hajv\u00e1g\u00f3k \u00e9s p\u00e1r tipp!"},"content":{"rendered":"<strong>A karant\u00e9nfodr\u00e1szat k\u00e9sz m\u0171v\u00e9szet, de szerencs\u00e9re nem \u00f6rd\u00f6ng\u00f6ss\u00e9g. Tippeket adnunk, term\u00e9keket mutatunk, hogy a saj\u00e1t mesterfodr\u00e1szod legy\u00e9l. (Ez most f\u0151leg f\u00e9rfiaknak sz\u00f3l.)<\/strong>\r\n\r\nT\u00f6bb mint m\u00e1sf\u00e9l h\u00f3napja \u00e9l\u00fcnk otthon, vagy f\u00e9lig otthon; ha karant\u00e9nba nem is vonultunk, a h\u00e9tk\u00f6znapokban el\u00e9g komoly kompromisszumokkal szembes\u00fcl\u00fcnk. P\u00e9ld\u00e1ul \u2013 \u00e9s ezzel alighanem minden havonta, m\u00e1sf\u00e9l havonta hajat ny\u00edrat\u00f3 f\u00e9rfi szembes\u00fclt m\u00e1r \u2013 nem jutunk el a fodr\u00e1szhoz. M\u00e9g ha hivatalosan \u201eszabad\u201d is, sokan (\u00e9rthet\u0151 m\u00f3don) ink\u00e1bb nem \u00fclnek be a sz\u00e9kbe, ahol el\u0151tt\u00fck aznap tucatnyian \u00fcltek m\u00e1r, hi\u00e1ba minden el\u0151vigy\u00e1zatoss\u00e1g, sosem lehet tudni. \u00c9ppen ez\u00e9rt sok f\u00e9rfit\u00e1rsam szembes\u00fclt azzal, amivel m\u00e9g \u00e9let\u00e9ben nem:\r\n<h3>meg kell fodr\u00e1szolniuk saj\u00e1t magukat, lehet\u0151leg m\u00e1ma m\u00e9g.<\/h3>\r\nHa t\u00e9nyleg nem pr\u00f3b\u00e1lkozt\u00e1l m\u00e9g hasonl\u00f3val, a feladat eg\u00e9szen ijeszt\u0151nek t\u0171nhet, m\u00e9g \u00fagy is, hogy egy egyszer\u0171 \u00e9sz\u00e9rvvel el\u00fcthet\u0151 a helyzet \u00e9le: \u201enyugi, \u00fagysem l\u00e1tja senki\u201d. Maximum a p\u00e1rod\/csal\u00e1dod, \u0151k meg nyilv\u00e1n l\u00e1ttak m\u00e1r cikibb helyzetben is, mint egy m\u00e9rs\u00e9kelten elrontott frizur\u00e1val. Nem csak emiatt nem kell agg\u00f3dnod azonban, hanem az\u00e9rt sem, mert n\u00e9mi magabiztoss\u00e1ggal (amit semmik\u00e9pp se alkohollal szerezz meg, az ugyanis pont annyira k\u00e1ros\u00edtja a motoros funkci\u00f3kat, hogy az a frizura bizony nem csak m\u00e9rs\u00e9kelten lesz elrontva) \u00e9s, ha van, asszisztenci\u00e1val eg\u00e9szen t\u0171rhet\u0151 eredm\u00e9nyt lehet el\u00e9rni.\r\n\r\nAnnyira, hogy fenn\u00e1ll a vesz\u00e9lye, hogy r\u00e1kapsz \u00e9s ezent\u00fal magadnak int\u00e9zed a t\u00e9m\u00e1t, ha elj\u00f6n az ideje, id\u0151t \u00e9s p\u00e9nzt sp\u00f3rolva ezzel magadnak. Ez persze k\u00e9t\u00e9l\u0171 fegyver: ha elrontod, csak magadat hib\u00e1ztathatod, ha viszont j\u00f3l siker\u00fcl (\u00e9s m\u00e1sodszorra, harmadszorra m\u00e1r eg\u00e9szen biztos, hogy j\u00f3l siker\u00fcl) b\u00fcszke lehetsz magadra, a gratul\u00e1ci\u00f3kat bezsebelve pedig laz\u00e1n odavetheted a t\u00f6bbieknek, hogy \u201eam\u00fagy \u00e9n csin\u00e1ltam\u201d. Ez term\u00e9szetesen nem vonatkozik azokra, akik mesterfodr\u00e1szhoz, urambocs\u00e1\u2019 borb\u00e9lyhoz j\u00e1rnak, \u00e9s akiknek az \u00e9letm\u00f3djuk r\u00e9sze ez a szakr\u00e1lis, komoly f\u00e9rfir\u00edtus. \u0150k t\u00e9nyleg k\u00e9nytelenek lesznek kibekkelni, am\u00edg csillapodik a v\u00edruspara, \u00e9s csak \u00e1tmenetileg alkalmazni az al\u00e1bbi tippeket\/term\u00e9keket, ut\u00e1na pedig t\u00f6redelmesen bocs\u00e1natot k\u00e9rnek a fodr\u00e1szukt\u00f3l\/borb\u00e9lyukt\u00f3l.\r\n<h3>Addig is: \u00edme minden, amire sz\u00fcks\u00e9ged lesz az \u00f6nfodr\u00e1szol\u00e1shoz!<\/h3>\r\nEl\u0151sz\u00f6r is: p\u00e1r alapgondolat, amit nem \u00e1rt, ha szem el\u0151tt tartasz, ha el\u0151sz\u00f6r v\u00e1s\u00e1rolsz hajnyir\u00f3t.\r\n<ul>\r\n \t<li><strong>A vezet\u00e9kes jobb.<\/strong> A gy\u00e1rt\u00f3k szeretnek azzal b\u00fcszk\u00e9lkedni, hogy az eszk\u00f6zeik akkumul\u00e1torr\u00f3l, vezet\u00e9k n\u00e9lk\u00fcl m\u0171k\u00f6dnek \u201ea maxim\u00e1lis mobilit\u00e1s \u00e9s rugalmass\u00e1g \u00e9rdek\u00e9ben\u201d, amiben persze van is valami: ha valami\u00e9rt az erd\u0151 k\u00f6zep\u00e9n szeretn\u00e9l hajat ny\u00edrni, mindenk\u00e9ppen ilyet vegy\u00e9l. Ha azonban nem, \u00e9s van a f\u00fcrd\u0151szob\u00e1dban h\u00e1l\u00f3zati aljzat a t\u00fckr\u00f6dt\u0151l egy m\u00e9terre, akkor jobb a vezet\u00e9kes: ezek \u00e1ltal\u00e1ban er\u0151sebbek, olcs\u00f3bbak \u00e9s nem mer\u00fclnek le v\u00e1ratlanul. Ha ugyanis lemer\u00fcl egy hajny\u00edr\u00f3, az k\u00fcl\u00f6n\u00f6sen kellemetlen, hiszen ezeket az eszk\u00f6z\u00f6ket \u00e1ltal\u00e1ban eg\u00e9sz \u00e9jjel, de legal\u00e1bb 5-6 \u00f3r\u00e1ig t\u00f6lteni kell. Aki ny\u00edrt m\u00e1r hajat \u00fagy, hogy t\u00edz perceket v\u00e1rt, hogy tehessen egy-k\u00e9t mozdulatot, az tudja, milyen sz\u00f6rny\u0171 ez. A legjobb persze az, ha a ny\u00edr\u00f3 akkumul\u00e1torr\u00f3l \u00e9s vezet\u00e9kr\u0151l is m\u0171k\u00f6dik.<\/li>\r\n \t<li><strong>Az olcs\u00f3bb nem rosszabb.<\/strong> A legolcs\u00f3bb hajv\u00e1g\u00f3kkal \u00e1ltal\u00e1ban nem ny\u00falunk mell\u00e9; nem az\u00e9rt olcs\u00f3ak ugyanis, mert rosszak, hanem az\u00e9rt, mert az alapfunkci\u00f3kon (\u00e9rtsd: leny\u00edrja a hajad) nem nagyon tartalmaznak m\u00e1st. Val\u00f3sz\u00edn\u0171leg persze nem haszn\u00e1lod majd \u0151ket t\u00edz \u00e9vig (persze ki tudja), de, ha csak most, gyorsan kell valami, akkor b\u00edzhatsz benn\u00fck.<\/li>\r\n \t<li><strong>Szak\u00e1llv\u00e1g\u00f3val ne pr\u00f3b\u00e1lkozz.<\/strong> De t\u00e9nyleg. Nem v\u00e9letlen\u00fcl nem hajny\u00edr\u00f3 van a dobozra \u00edrva. Sok idegesked\u00e9st\u0151l (\u00e9s egy elrontot frizur\u00e1t\u00f3l) k\u00edm\u00e9led meg magad. Ugyanitt: a \u201ehair trimmer\u201d sajnos nem hajv\u00e1g\u00f3, hanem igaz\u00edt\u00f3. Ha csak ezt tudja, azzal sem m\u00e9sz sokra \u2013 tanulj az \u00e9n hib\u00e1mb\u00f3l!<\/li>\r\n \t<li><strong>B\u00edzz magadban.<\/strong> Egy kicsit \u00fagyis felem\u00e1s, cs\u00e1l\u00e9 lesz, egy kicsit l\u00e1tszanak majd az \u00e1tmenetek, itt-ott beleny\u00edrsz majd.<\/li>\r\n<\/ul>\r\n<h3>\u00c9s ha beleny\u00edrsz, akkor mi van?<\/h3>\r\nNagyon fontos, hogy ne vedd t\u00fal komolyan az eg\u00e9szet (\u00e9s magadat se). \u00c9s ami m\u00e9g fontosabb: egy pillanatra se legy\u00e9l m\u00e9rges, ha izgul, t\u00e9tov\u00e1zik az, akit megk\u00e9rsz, hogy seg\u00edtsen, \u00e9s akkor se, ha elrontja, vagy azt hiszi, hogy elrontotta. Dics\u00e9rd meg, k\u00f6sz\u00f6nd meg, mondd, hogy nagyon \u00fcgyes volt, ha a feles\u00e9gedr\u0151l, bar\u00e1tn\u0151dr\u0151l van sz\u00f3, \u00f6leld meg, \u00e9s k\u00e9rlek, sose n\u00e9zd meg az eredm\u00e9nyt a tark\u00f3dn\u00e1l k\u00e9zi t\u00fck\u00f6r (DVD, Blu-Ray) seg\u00edts\u00e9g\u00e9vel! Jobb lesz \u00edgy mindenkinek.\r\n\r\nMost pedig l\u00e1ssunk n\u00e9h\u00e1ny term\u00e9keket! A linkekre kattintva meg is tudod v\u00e1s\u00e1rolni \u0151ket.\r\n<h2>Gyorsan, olcs\u00f3n, r\u00f6vidre: <a href=\"http:\/\/mediamarkt.hu\/catentry\/1145433\">Sencor SHP 211SL<\/a><\/h2>\r\n<img loading=\"lazy\" decoding=\"async\" class=\"alignleft wp-image-10634 size-medium\" src=\"https:\/\/hir.mediamarkt.hu\/magazin\/wp-content\/uploads\/2020\/05\/hajvag3-300x224.jpg\" alt=\"\" width=\"300\" height=\"224\" srcset=\"https:\/\/hir.mediamarkt.hu\/magazin\/wp-content\/uploads\/2020\/05\/hajvag3-300x224.jpg 300w, https:\/\/hir.mediamarkt.hu\/magazin\/wp-content\/uploads\/2020\/05\/hajvag3-275x205.jpg 275w, https:\/\/hir.mediamarkt.hu\/magazin\/wp-content\/uploads\/2020\/05\/hajvag3-768x574.jpg 768w, https:\/\/hir.mediamarkt.hu\/magazin\/wp-content\/uploads\/2020\/05\/hajvag3-500x375.jpg 500w, https:\/\/hir.mediamarkt.hu\/magazin\/wp-content\/uploads\/2020\/05\/hajvag3.jpg 786w\" sizes=\"(max-width: 300px) 100vw, 300px\" \/>\r\n\r\nBedugod, elind\u00edtod \u00e9s p\u00e1r mozdulattal leny\u00edrod a hajad. Erre t\u00f6k\u00e9letes a Sencor verhetetlen \u00e1r\u00fa, k\u0151primit\u00edv, de megb\u00edzhat\u00f3 eszk\u00f6ze, amely term\u00e9szetesen csak vezet\u00e9kr\u0151l m\u0171k\u00f6dik, \u00e9s amely egy-k\u00e9t extr\u00e1t is tartalmaz. A penge kem\u00e9ny rozsdamentes ac\u00e9l, null\u00e1s g\u00e9pk\u00e9nt is m\u0171k\u00f6dik, egy karral szab\u00e1lyozhatod az \u00e1tmeneteket, a haj hossz\u00e1t pedig toldal\u00e9kok seg\u00edts\u00e9g\u00e9vel vari\u00e1lhatod. 3, 6, 9 \u00e9s 12 millim\u00e9teres hossz k\u00f6z\u00fcl v\u00e1laszthatsz, ezek azonban fixek, a karral nem szab\u00e1lyozhatod magukat a toldal\u00e9kokat. Sz\u00f3val: r\u00f6vid hajra, egyszer\u0171 frizur\u00e1ra, ha kem\u00e9ny vagy, borost\u00e1ra \u00e9s r\u00f6vid szak\u00e1llra t\u00f6k\u00e9letes. Minden m\u00e1sra alkalmatlan, de k\u00f6ny\u00f6rg\u00f6m: 3000 forintn\u00e1l kisebb \u00f6sszeg\u00e9rt lesz egy megb\u00edzhat\u00f3 hajv\u00e1g\u00f3d.\r\n<h2><\/h2>\r\n<h2><\/h2>\r\n<h2>A mindenes: <a href=\"http:\/\/mediamarkt.hu\/catentry\/1169559\">Wahl Homepro 100<\/a><\/h2>\r\n<img loading=\"lazy\" decoding=\"async\" class=\"alignleft wp-image-10632 size-medium\" src=\"https:\/\/hir.mediamarkt.hu\/magazin\/wp-content\/uploads\/2020\/05\/hajvag1-300x224.jpg\" alt=\"\" width=\"300\" height=\"224\" srcset=\"https:\/\/hir.mediamarkt.hu\/magazin\/wp-content\/uploads\/2020\/05\/hajvag1-300x224.jpg 300w, https:\/\/hir.mediamarkt.hu\/magazin\/wp-content\/uploads\/2020\/05\/hajvag1-275x205.jpg 275w, https:\/\/hir.mediamarkt.hu\/magazin\/wp-content\/uploads\/2020\/05\/hajvag1-768x574.jpg 768w, https:\/\/hir.mediamarkt.hu\/magazin\/wp-content\/uploads\/2020\/05\/hajvag1-500x375.jpg 500w, https:\/\/hir.mediamarkt.hu\/magazin\/wp-content\/uploads\/2020\/05\/hajvag1.jpg 786w\" sizes=\"(max-width: 300px) 100vw, 300px\" \/>\r\n\r\nA t\u00f6rt\u00e9nelm\u00e9re \u00e9s az elit term\u00e9kpalett\u00e1j\u00e1ra b\u00fcszke gy\u00e1rt\u00f3 alapdarabja a Homepro 100, amely pontosan olyan, mint amit a neve sugall: egyszer\u0171, de nagyj\u00e1b\u00f3l mindent tud, amire sz\u00fcks\u00e9ged lehet. Nem tud tr\u00fckk\u00f6ket, nem alkalmas nagy m\u0171gondot ig\u00e9nyl\u0151, prec\u00edzi\u00f3s m\u0171veletekre, de amit \u00edg\u00e9r, azt betartja, nagyon-nagyon j\u00f3 \u00e1ron. F\u00e9s\u0171 n\u00e9lk\u00fcl f\u00e9l millim\u00e9teres hajad is lehet, a hosszt viszont itt is csak toldal\u00e9k f\u00e9s\u0171kkel vari\u00e1lhatod. Ezekb\u0151l r\u00f6gt\u00f6n nyolcat kapsz, h\u00e1rom millim\u00e9teres l\u00e9p\u00e9sekben haladhatsz, a maximum v\u00e1g\u00e1si hossz viszont eg\u00e9szen meggy\u0151z\u0151: 25 millim\u00e9ter. Ha nem zavar a f\u00e9s\u0171cser\u00e9lget\u00e9s, \u00e9s tudod, mit akarsz, ez a te hajny\u00edr\u00f3d. Akkor is, ha nagyon er\u0151s, vastag \u00e9s s\u0171r\u0171 hajad van: a Wahlt birkany\u00edr\u00e1sra ugyan nem aj\u00e1nlj\u00e1k, de fogadni mern\u00e9nk, hogy megb\u00edrk\u00f3zna azzal is.\r\n<h2><\/h2>\r\n<h2>A metroszexu\u00e1lis: <a href=\"http:\/\/mediamarkt.hu\/catentry\/1317445\">Braun 7in1 Styling Kit<\/a><\/h2>\r\n<img loading=\"lazy\" decoding=\"async\" class=\"alignleft wp-image-10633 size-medium\" src=\"https:\/\/hir.mediamarkt.hu\/magazin\/wp-content\/uploads\/2020\/05\/hajvag2-300x224.jpg\" alt=\"\" width=\"300\" height=\"224\" srcset=\"https:\/\/hir.mediamarkt.hu\/magazin\/wp-content\/uploads\/2020\/05\/hajvag2-300x224.jpg 300w, https:\/\/hir.mediamarkt.hu\/magazin\/wp-content\/uploads\/2020\/05\/hajvag2-275x205.jpg 275w, https:\/\/hir.mediamarkt.hu\/magazin\/wp-content\/uploads\/2020\/05\/hajvag2-768x574.jpg 768w, https:\/\/hir.mediamarkt.hu\/magazin\/wp-content\/uploads\/2020\/05\/hajvag2-500x375.jpg 500w, https:\/\/hir.mediamarkt.hu\/magazin\/wp-content\/uploads\/2020\/05\/hajvag2.jpg 786w\" sizes=\"(max-width: 300px) 100vw, 300px\" \/>\r\n\r\nNem csak (majdnem) mindent tud, hanem nagyon sz\u00e9p is: ha ezt megveszed, nagyj\u00e1b\u00f3l letudod az eg\u00e9sz testsz\u0151r-k\u00e9rd\u00e9st, hossz\u00fa \u00e9vekre. Ahogy a nev\u00e9r\u0151l kider\u00fcl, a szak\u00e1llt\u00f3l \u00e9s az egy\u00e9b testt\u00e1j\u00e9kokt\u00f3l a hajig mindenre j\u00f3, r\u00e1ad\u00e1sul el\u00e9rhet\u0151ek a t\u00f6k\u00e9letes \u00e1tmenetek, \u00e9s a prec\u00edzi\u00f3s m\u0171veletekkel sem gy\u0171lik meg a baja. A nedves fel\u00fcletekt\u0151l sem j\u00f6n zavarba, akkuml\u00e1torr\u00f3l \u00e9s h\u00e1l\u00f3zatr\u00f3l is m\u0171k\u00f6dik. F\u00e9s\u0171 n\u00e9lk\u00fcl is m\u0171k\u00f6dik, a haj hossz\u00e1hoz pedig el\u00e9g k\u00e9t f\u00e9s\u0171t cser\u00e9lgetni, az egyik 11, a m\u00e1sik 21 millim\u00e9terig viszi, amit vinnie kell. Kapunk borosta- \u00e9s kont\u00farform\u00e1z\u00f3 el\u0151t\u00e9tet is, viszont orr- \u00e9s f\u00fclsz\u0171rny\u00edr\u00f3t nem, pedig ebben a kateg\u00f3ri\u00e1ban m\u00e1r elf\u00e9rne az is. A penge \u00e9les \u00e9s megb\u00edzhat\u00f3, viszont nem a legsz\u00e9lesebb, ami annak j\u00f3 h\u00edr, aki t\u00e9nyleg \u00fcgyel a r\u00e9szletekre \u00e9s azt szeretn\u00e9, hogy pont \u00fagy n\u00e9zzen ki a fej\u00e9n tal\u00e1lhat\u00f3 sz\u0151r, amilyennek meg\u00e1lmodta. Aki h\u00e1rom mozdulattal szeretne hajat ny\u00edrni, annak nem ez a legjobb v\u00e1laszt\u00e1s. A j\u00f3 h\u00edr viszont, hogy er\u0151s \u00e9s nem hib\u00e1zik. Kor\u00e1bbi Braun-g\u00e9pekkel voltak rossz tapasztalataink (f\u0151leg az akkumul\u00e1torosokkal), de ez most t\u00e9nyleg telital\u00e1lat. \u00c9s m\u00e9g egy klasszikus, cser\u00e9lhet\u0151 fejes borotv\u00e1t is kapsz hozz\u00e1.\r\n<h2>A mester: <a href=\"http:\/\/mediamartk.hu\/catentry\/1314071\">Wahl Lithium Pro LCD<\/a><\/h2>\r\n<img loading=\"lazy\" decoding=\"async\" class=\"alignleft wp-image-10635 size-medium\" src=\"https:\/\/hir.mediamarkt.hu\/magazin\/wp-content\/uploads\/2020\/05\/hajvag4-300x224.jpg\" alt=\"\" width=\"300\" height=\"224\" srcset=\"https:\/\/hir.mediamarkt.hu\/magazin\/wp-content\/uploads\/2020\/05\/hajvag4-300x224.jpg 300w, https:\/\/hir.mediamarkt.hu\/magazin\/wp-content\/uploads\/2020\/05\/hajvag4-275x205.jpg 275w, https:\/\/hir.mediamarkt.hu\/magazin\/wp-content\/uploads\/2020\/05\/hajvag4-768x574.jpg 768w, https:\/\/hir.mediamarkt.hu\/magazin\/wp-content\/uploads\/2020\/05\/hajvag4-500x375.jpg 500w, https:\/\/hir.mediamarkt.hu\/magazin\/wp-content\/uploads\/2020\/05\/hajvag4.jpg 786w\" sizes=\"(max-width: 300px) 100vw, 300px\" \/>\r\n\r\nA karant\u00e9nban r\u00e1j\u00f6tt\u00e9l, hogy a fodr\u00e1sz szakma a te j\u00f6v\u0151d \u00e9s erre az elgondol\u00e1sra k\u00f6lten\u00e9l is n\u00e9mi p\u00e9nzt? Akkor jobb befektet\u00e9st nem is tal\u00e1lhatn\u00e1l, mint a list\u00e1n m\u00e1sodrszorra el\u0151fordul\u00f3 Wahl cs\u00facsterm\u00e9ke, amelyre ugyan n\u00e9mi kellemetlen germanizmussal r\u00e1\u00edrt\u00e1k, hogy \u201eaz otthoni felhaszn\u00e1l\u00e1s speci\u00e1lis ig\u00e9nyeire lett fejlesztve\u201d, de ne viccelj\u00fcnk m\u00e1r! Ez egy \u00edzig-v\u00e9rig profi mesterfodr\u00e1sz-alapeszk\u00f6z, amellyel minden helyzetet megoldasz. F\u00e9s\u0171 n\u00e9lk\u00fcl is m\u0171k\u00f6dik, hat vezet\u0151f\u00e9s\u0171 seg\u00edts\u00e9g\u00e9vel \u00e9rheted el a maximum 25 millim\u00e9teres hosszt, k\u00f6sz\u00f6r\u00fcl\u00e9ssel \u00e9lezett peng\u00e9i t\u00e9nyleg nem akadnak meg semmiben, gyors, hat\u00e1rozott mozdulatokkal is dolgozhatsz. Vezet\u00e9kkel \u00e9s vezet\u00e9k n\u00e9lk\u00fcl is m\u0171k\u00f6dik, ut\u00f3bbit LDC-kijelz\u0151, gyorst\u00f6lt\u00e9s \u00e9s ak\u00e1r 100 perc \u00fczemid\u0151t is biztos\u00edt\u0151 l\u00edtium-ion akkumul\u00e1tor seg\u00edti. Az oll\u00f3 \u00e9s a f\u00e9s\u0171 pedig hab a tort\u00e1n. Sz\u00f3val \u00e9ppen, hogy nem olyan okos, hogy mag\u00e1t\u00f3l ny\u00edrja a hajad. Vagy a t\u00f6bbiek haj\u00e1t: ha ezt megl\u00e1tj\u00e1k, az eg\u00e9sz csal\u00e1d sorban \u00e1ll majd.\r\n\r\n&nbsp;\r\n\r\nTov\u00e1bbi hajv\u00e1g\u00f3k\u00e9rt, szak\u00e1llv\u00e1g\u00f3k\u00e9rt, testsz\u0151rny\u00edr\u00f3k\u00e9rt <a href=\"https:\/\/www.mediamarkt.hu\/hu\/search.html?query=hajv%c3%a1g%c3%b3&amp;searchProfile=onlineshop&amp;channel=mmhuhu&amp;path=pfkw\" target=\"_blank\" rel=\"noopener noreferrer\">kattints ide!<\/a>","protected":false},"excerpt":{"rendered":"A karant\u00e9nfodr\u00e1szat k\u00e9sz m\u0171v\u00e9szet, de szerencs\u00e9re nem \u00f6rd\u00f6ng\u00f6ss\u00e9g. Tippeket adnunk, term\u00e9keket mutatunk, hogy a saj\u00e1t mesterfodr\u00e1szod legy\u00e9l. (Ez most f\u0151leg f\u00e9rfiaknak sz\u00f3l.)","protected":false},"author":22,"featured_media":10631,"comment_status":"open","ping_status":"open","sticky":false,"template":"","format":"standard","meta":{"wprm-recipe-roundup-name":"","wprm-recipe-roundup-description":"","footnotes":""},"categories":[5968,5967],"tags":[3909,3907,3908,3852],"yoast_head":"<!-- This site is optimized with the Yoast SEO plugin v22.9 - https:\/\/yoast.com\/wordpress\/plugins\/seo\/ -->\n<title>Hajv\u00e1g\u00e1s otthon - hajv\u00e1g\u00f3k \u00e9s p\u00e1r tipp! - MediaMarkt Magazin<\/title>\n<meta name=\"description\" content=\"A karant\u00e9nfodr\u00e1szat k\u00e9sz m\u0171v\u00e9szet, de szerencs\u00e9re nem \u00f6rd\u00f6ng\u00f6ss\u00e9g. Tippeket adnunk, term\u00e9keket mutatunk, hogy a saj\u00e1t mesterfodr\u00e1szod legy\u00e9l.\" \/>\n<meta name=\"robots\" content=\"index, follow, max-snippet:-1, max-image-preview:large, max-video-preview:-1\" \/>\n<link rel=\"canonical\" href=\"https:\/\/hir.mediamarkt.hu\/magazin\/hajvagas_otthon_hajvagok_es_par_tipp\/\" \/>\n<meta property=\"og:locale\" content=\"hu_HU\" \/>\n<meta property=\"og:type\" content=\"article\" \/>\n<meta property=\"og:title\" content=\"Hajv\u00e1g\u00e1s otthon - hajv\u00e1g\u00f3k \u00e9s p\u00e1r tipp! - MediaMarkt Magazin\" \/>\n<meta property=\"og:description\" content=\"A karant\u00e9nfodr\u00e1szat k\u00e9sz m\u0171v\u00e9szet, de szerencs\u00e9re nem \u00f6rd\u00f6ng\u00f6ss\u00e9g. Tippeket adnunk, term\u00e9keket mutatunk, hogy a saj\u00e1t mesterfodr\u00e1szod legy\u00e9l.\" \/>\n<meta property=\"og:url\" content=\"https:\/\/hir.mediamarkt.hu\/magazin\/hajvagas_otthon_hajvagok_es_par_tipp\/\" \/>\n<meta property=\"og:site_name\" content=\"MediaMarkt Magazin\" \/>\n<meta property=\"article:publisher\" content=\"https:\/\/www.facebook.com\/MediaMarktMagyarorszag\" \/>\n<meta property=\"article:published_time\" content=\"2020-05-10T22:26:24+00:00\" \/>\n<meta property=\"article:modified_time\" content=\"2020-05-11T07:19:58+00:00\" \/>\n<meta property=\"og:image\" content=\"https:\/\/hir.mediamarkt.hu\/magazin\/wp-content\/uploads\/2020\/05\/hajnyir0.jpg\" \/>\n\t<meta property=\"og:image:width\" content=\"1440\" \/>\n\t<meta property=\"og:image:height\" content=\"960\" \/>\n\t<meta property=\"og:image:type\" content=\"image\/jpeg\" \/>\n<meta name=\"author\" content=\"Nemenyi\" \/>\n<meta name=\"twitter:label1\" content=\"Szerz\u0151:\" \/>\n\t<meta name=\"twitter:data1\" content=\"Nemenyi\" \/>\n\t<meta name=\"twitter:label2\" content=\"Becs\u00fclt olvas\u00e1si id\u0151\" \/>\n\t<meta name=\"twitter:data2\" content=\"9 perc\" \/>\n<script type=\"application\/ld+json\" class=\"yoast-schema-graph\">{\"@context\":\"https:\/\/schema.org\",\"@graph\":[{\"@type\":\"WebPage\",\"@id\":\"https:\/\/hir.mediamarkt.hu\/magazin\/hajvagas_otthon_hajvagok_es_par_tipp\/\",\"url\":\"https:\/\/hir.mediamarkt.hu\/magazin\/hajvagas_otthon_hajvagok_es_par_tipp\/\",\"name\":\"Hajv\u00e1g\u00e1s otthon - hajv\u00e1g\u00f3k \u00e9s p\u00e1r tipp! - MediaMarkt Magazin\",\"isPartOf\":{\"@id\":\"https:\/\/hir.mediamarkt.hu\/magazin\/#website\"},\"primaryImageOfPage\":{\"@id\":\"https:\/\/hir.mediamarkt.hu\/magazin\/hajvagas_otthon_hajvagok_es_par_tipp\/#primaryimage\"},\"image\":{\"@id\":\"https:\/\/hir.mediamarkt.hu\/magazin\/hajvagas_otthon_hajvagok_es_par_tipp\/#primaryimage\"},\"thumbnailUrl\":\"https:\/\/hir.mediamarkt.hu\/magazin\/wp-content\/uploads\/2020\/05\/hajnyir0.jpg\",\"datePublished\":\"2020-05-10T22:26:24+00:00\",\"dateModified\":\"2020-05-11T07:19:58+00:00\",\"author\":{\"@id\":\"https:\/\/hir.mediamarkt.hu\/magazin\/#\/schema\/person\/f4a17b2dc97f2e2bf1b88a89d4ef7d05\"},\"description\":\"A karant\u00e9nfodr\u00e1szat k\u00e9sz m\u0171v\u00e9szet, de szerencs\u00e9re nem \u00f6rd\u00f6ng\u00f6ss\u00e9g. Tippeket adnunk, term\u00e9keket mutatunk, hogy a saj\u00e1t mesterfodr\u00e1szod legy\u00e9l.\",\"breadcrumb\":{\"@id\":\"https:\/\/hir.mediamarkt.hu\/magazin\/hajvagas_otthon_hajvagok_es_par_tipp\/#breadcrumb\"},\"inLanguage\":\"hu\",\"potentialAction\":[{\"@type\":\"ReadAction\",\"target\":[\"https:\/\/hir.mediamarkt.hu\/magazin\/hajvagas_otthon_hajvagok_es_par_tipp\/\"]}]},{\"@type\":\"ImageObject\",\"inLanguage\":\"hu\",\"@id\":\"https:\/\/hir.mediamarkt.hu\/magazin\/hajvagas_otthon_hajvagok_es_par_tipp\/#primaryimage\",\"url\":\"https:\/\/hir.mediamarkt.hu\/magazin\/wp-content\/uploads\/2020\/05\/hajnyir0.jpg\",\"contentUrl\":\"https:\/\/hir.mediamarkt.hu\/magazin\/wp-content\/uploads\/2020\/05\/hajnyir0.jpg\",\"width\":1440,\"height\":960,\"caption\":\"Forr\u00e1s: Pexels\"},{\"@type\":\"BreadcrumbList\",\"@id\":\"https:\/\/hir.mediamarkt.hu\/magazin\/hajvagas_otthon_hajvagok_es_par_tipp\/#breadcrumb\",\"itemListElement\":[{\"@type\":\"ListItem\",\"position\":1,\"name\":\"Kezd\u0151lap\",\"item\":\"https:\/\/hir.mediamarkt.hu\/magazin\/\"},{\"@type\":\"ListItem\",\"position\":2,\"name\":\"Hajv\u00e1g\u00e1s otthon &#8211; hajv\u00e1g\u00f3k \u00e9s p\u00e1r tipp!\"}]},{\"@type\":\"WebSite\",\"@id\":\"https:\/\/hir.mediamarkt.hu\/magazin\/#website\",\"url\":\"https:\/\/hir.mediamarkt.hu\/magazin\/\",\"name\":\"MediaMarkt Magazin\",\"description\":\"Olvass bele magazinunkba!\",\"potentialAction\":[{\"@type\":\"SearchAction\",\"target\":{\"@type\":\"EntryPoint\",\"urlTemplate\":\"https:\/\/hir.mediamarkt.hu\/magazin\/?s={search_term_string}\"},\"query-input\":\"required name=search_term_string\"}],\"inLanguage\":\"hu\"},{\"@type\":\"Person\",\"@id\":\"https:\/\/hir.mediamarkt.hu\/magazin\/#\/schema\/person\/f4a17b2dc97f2e2bf1b88a89d4ef7d05\",\"name\":\"Nemenyi\",\"image\":{\"@type\":\"ImageObject\",\"inLanguage\":\"hu\",\"@id\":\"https:\/\/hir.mediamarkt.hu\/magazin\/#\/schema\/person\/image\/\",\"url\":\"https:\/\/secure.gravatar.com\/avatar\/9470b3223c723142e66adcad803b24fe?s=96&d=mm&r=g\",\"contentUrl\":\"https:\/\/secure.gravatar.com\/avatar\/9470b3223c723142e66adcad803b24fe?s=96&d=mm&r=g\",\"caption\":\"Nemenyi\"}}]}<\/script>\n<!-- \/ Yoast SEO plugin. -->","yoast_head_json":{"title":"Hajv\u00e1g\u00e1s otthon - hajv\u00e1g\u00f3k \u00e9s p\u00e1r tipp! - MediaMarkt Magazin","description":"A karant\u00e9nfodr\u00e1szat k\u00e9sz m\u0171v\u00e9szet, de szerencs\u00e9re nem \u00f6rd\u00f6ng\u00f6ss\u00e9g. Tippeket adnunk, term\u00e9keket mutatunk, hogy a saj\u00e1t mesterfodr\u00e1szod legy\u00e9l.","robots":{"index":"index","follow":"follow","max-snippet":"max-snippet:-1","max-image-preview":"max-image-preview:large","max-video-preview":"max-video-preview:-1"},"canonical":"https:\/\/hir.mediamarkt.hu\/magazin\/hajvagas_otthon_hajvagok_es_par_tipp\/","og_locale":"hu_HU","og_type":"article","og_title":"Hajv\u00e1g\u00e1s otthon - hajv\u00e1g\u00f3k \u00e9s p\u00e1r tipp! - MediaMarkt Magazin","og_description":"A karant\u00e9nfodr\u00e1szat k\u00e9sz m\u0171v\u00e9szet, de szerencs\u00e9re nem \u00f6rd\u00f6ng\u00f6ss\u00e9g. Tippeket adnunk, term\u00e9keket mutatunk, hogy a saj\u00e1t mesterfodr\u00e1szod legy\u00e9l.","og_url":"https:\/\/hir.mediamarkt.hu\/magazin\/hajvagas_otthon_hajvagok_es_par_tipp\/","og_site_name":"MediaMarkt Magazin","article_publisher":"https:\/\/www.facebook.com\/MediaMarktMagyarorszag","article_published_time":"2020-05-10T22:26:24+00:00","article_modified_time":"2020-05-11T07:19:58+00:00","og_image":[{"width":1440,"height":960,"url":"https:\/\/hir.mediamarkt.hu\/magazin\/wp-content\/uploads\/2020\/05\/hajnyir0.jpg","type":"image\/jpeg"}],"author":"Nemenyi","twitter_misc":{"Szerz\u0151:":"Nemenyi","Becs\u00fclt olvas\u00e1si id\u0151":"9 perc"},"schema":{"@context":"https:\/\/schema.org","@graph":[{"@type":"WebPage","@id":"https:\/\/hir.mediamarkt.hu\/magazin\/hajvagas_otthon_hajvagok_es_par_tipp\/","url":"https:\/\/hir.mediamarkt.hu\/magazin\/hajvagas_otthon_hajvagok_es_par_tipp\/","name":"Hajv\u00e1g\u00e1s otthon - hajv\u00e1g\u00f3k \u00e9s p\u00e1r tipp! - MediaMarkt Magazin","isPartOf":{"@id":"https:\/\/hir.mediamarkt.hu\/magazin\/#website"},"primaryImageOfPage":{"@id":"https:\/\/hir.mediamarkt.hu\/magazin\/hajvagas_otthon_hajvagok_es_par_tipp\/#primaryimage"},"image":{"@id":"https:\/\/hir.mediamarkt.hu\/magazin\/hajvagas_otthon_hajvagok_es_par_tipp\/#primaryimage"},"thumbnailUrl":"https:\/\/hir.mediamarkt.hu\/magazin\/wp-content\/uploads\/2020\/05\/hajnyir0.jpg","datePublished":"2020-05-10T22:26:24+00:00","dateModified":"2020-05-11T07:19:58+00:00","author":{"@id":"https:\/\/hir.mediamarkt.hu\/magazin\/#\/schema\/person\/f4a17b2dc97f2e2bf1b88a89d4ef7d05"},"description":"A karant\u00e9nfodr\u00e1szat k\u00e9sz m\u0171v\u00e9szet, de szerencs\u00e9re nem \u00f6rd\u00f6ng\u00f6ss\u00e9g. Tippeket adnunk, term\u00e9keket mutatunk, hogy a saj\u00e1t mesterfodr\u00e1szod legy\u00e9l.","breadcrumb":{"@id":"https:\/\/hir.mediamarkt.hu\/magazin\/hajvagas_otthon_hajvagok_es_par_tipp\/#breadcrumb"},"inLanguage":"hu","potentialAction":[{"@type":"ReadAction","target":["https:\/\/hir.mediamarkt.hu\/magazin\/hajvagas_otthon_hajvagok_es_par_tipp\/"]}]},{"@type":"ImageObject","inLanguage":"hu","@id":"https:\/\/hir.mediamarkt.hu\/magazin\/hajvagas_otthon_hajvagok_es_par_tipp\/#primaryimage","url":"https:\/\/hir.mediamarkt.hu\/magazin\/wp-content\/uploads\/2020\/05\/hajnyir0.jpg","contentUrl":"https:\/\/hir.mediamarkt.hu\/magazin\/wp-content\/uploads\/2020\/05\/hajnyir0.jpg","width":1440,"height":960,"caption":"Forr\u00e1s: Pexels"},{"@type":"BreadcrumbList","@id":"https:\/\/hir.mediamarkt.hu\/magazin\/hajvagas_otthon_hajvagok_es_par_tipp\/#breadcrumb","itemListElement":[{"@type":"ListItem","position":1,"name":"Kezd\u0151lap","item":"https:\/\/hir.mediamarkt.hu\/magazin\/"},{"@type":"ListItem","position":2,"name":"Hajv\u00e1g\u00e1s otthon &#8211; hajv\u00e1g\u00f3k \u00e9s p\u00e1r tipp!"}]},{"@type":"WebSite","@id":"https:\/\/hir.mediamarkt.hu\/magazin\/#website","url":"https:\/\/hir.mediamarkt.hu\/magazin\/","name":"MediaMarkt Magazin","description":"Olvass bele magazinunkba!","potentialAction":[{"@type":"SearchAction","target":{"@type":"EntryPoint","urlTemplate":"https:\/\/hir.mediamarkt.hu\/magazin\/?s={search_term_string}"},"query-input":"required name=search_term_string"}],"inLanguage":"hu"},{"@type":"Person","@id":"https:\/\/hir.mediamarkt.hu\/magazin\/#\/schema\/person\/f4a17b2dc97f2e2bf1b88a89d4ef7d05","name":"Nemenyi","image":{"@type":"ImageObject","inLanguage":"hu","@id":"https:\/\/hir.mediamarkt.hu\/magazin\/#\/schema\/person\/image\/","url":"https:\/\/secure.gravatar.com\/avatar\/9470b3223c723142e66adcad803b24fe?s=96&d=mm&r=g","contentUrl":"https:\/\/secure.gravatar.com\/avatar\/9470b3223c723142e66adcad803b24fe?s=96&d=mm&r=g","caption":"Nemenyi"}}]}},"_links":{"self":[{"href":"https:\/\/hir.mediamarkt.hu\/magazin\/wp-json\/wp\/v2\/posts\/10630"}],"collection":[{"href":"https:\/\/hir.mediamarkt.hu\/magazin\/wp-json\/wp\/v2\/posts"}],"about":[{"href":"https:\/\/hir.mediamarkt.hu\/magazin\/wp-json\/wp\/v2\/types\/post"}],"author":[{"embeddable":true,"href":"https:\/\/hir.mediamarkt.hu\/magazin\/wp-json\/wp\/v2\/users\/22"}],"replies":[{"embeddable":true,"href":"https:\/\/hir.mediamarkt.hu\/magazin\/wp-json\/wp\/v2\/comments?post=10630"}],"version-history":[{"count":4,"href":"https:\/\/hir.mediamarkt.hu\/magazin\/wp-json\/wp\/v2\/posts\/10630\/revisions"}],"predecessor-version":[{"id":10639,"href":"https:\/\/hir.mediamarkt.hu\/magazin\/wp-json\/wp\/v2\/posts\/10630\/revisions\/10639"}],"wp:featuredmedia":[{"embeddable":true,"href":"https:\/\/hir.mediamarkt.hu\/magazin\/wp-json\/wp\/v2\/media\/10631"}],"wp:attachment":[{"href":"https:\/\/hir.mediamarkt.hu\/magazin\/wp-json\/wp\/v2\/media?parent=10630"}],"wp:term":[{"taxonomy":"category","embeddable":true,"href":"https:\/\/hir.mediamarkt.hu\/magazin\/wp-json\/wp\/v2\/categories?post=10630"},{"taxonomy":"post_tag","embeddable":true,"href":"https:\/\/hir.mediamarkt.hu\/magazin\/wp-json\/wp\/v2\/tags?post=10630"}],"curies":[{"name":"wp","href":"https:\/\/api.w.org\/{rel}","templated":true}]}}