{"id":10907,"date":"2020-06-27T19:49:52","date_gmt":"2020-06-27T18:49:52","guid":{"rendered":"http:\/\/hir.mediamarkt.hu\/magazin\/?p=10907"},"modified":"2020-07-09T18:31:03","modified_gmt":"2020-07-09T17:31:03","slug":"lg-zx9la-oled-8k-teszt","status":"publish","type":"post","link":"https:\/\/hir.mediamarkt.hu\/magazin\/lg-zx9la-oled-8k-teszt\/","title":{"rendered":"104 kil\u00f3, 222 centi, maradhat? LG ZX9LA 8K teszt"},"content":{"rendered":"\n<p><strong>M\u00e1r ha tesztnek lehet h\u00edvni azt, hogy egy \u00f3r\u00e1ig \u00e1llunk egy t\u00e9v\u00e9 el\u0151tt \u00e9s az \u00e1llunkat keresg\u00e9lj\u00fck. Az\u00e9rt megpr\u00f3b\u00e1ljuk visszaadni az \u00e9lm\u00e9nyt.<\/strong><\/p>\n<p>S\u0171r\u0171 volt az \u00e9v, \u00e9s m\u00e9g csak az els\u0151 fel\u00e9n vagyunk t\u00fal, nem tudjuk, mi j\u00f6het m\u00e9g ezut\u00e1n. (Uf\u00f3k? Zombik? Atomh\u00e1bor\u00fa?) Azt viszont m\u00e1r most pontosan tudom, melyik volt sz\u00e1momra a leggyorsabban eltelt egy \u00f3ra id\u00e9n, \u00e9s kiz\u00e1rt, hogy ezt fel\u00fclm\u00falja majd b\u00e1rmi m\u00e1s.<\/p>\n<blockquote>\n<p>Az, amit az LG 88 collos, 8K OLED-t\u00e9v\u00e9je el\u0151tt t\u00f6lt\u00f6ttem.<\/p>\n<\/blockquote>\n<p>A legfontosabb, miel\u0151tt a r\u00e9szletekbe menn\u00e9nk: nem valami kiv\u00e1lasztottak sz\u00e1m\u00e1ra rendezett sajt\u00f3\u00faton vagy egy\u00e9b esem\u00e9nyen tehettem p\u00e1r k\u00f6rt a <a href=\"https:\/\/www.lg.com\/us\/tvs\/lg-OLED88Z9PUA-signature-oled-8k-tv#\" target=\"_blank\" rel=\"noopener noreferrer\">ZX9LA<\/a> fant\u00e1zianev\u0171 t\u00e9v\u00e9 k\u00f6r\u00fcl \u00e9s \u00fclhettem le el\u00e9. A 222 centis monstrumot b\u00e1rki megn\u00e9zheti, aki megkeresi a Mammut 2-ben tal\u00e1lhat\u00f3 MediaMarkt t\u00e9v\u00e9oszt\u00e1ly\u00e1n.<\/p>\n<div id=\"attachment_10910\" style=\"width: 1610px\" class=\"wp-caption alignnone\"><img loading=\"lazy\" decoding=\"async\" aria-describedby=\"caption-attachment-10910\" class=\"wp-image-10910 size-full\" src=\"https:\/\/hir.mediamarkt.hu\/magazin\/wp-content\/uploads\/2020\/06\/lg03.jpg\" alt=\"\" width=\"1600\" height=\"1066\" srcset=\"https:\/\/hir.mediamarkt.hu\/magazin\/wp-content\/uploads\/2020\/06\/lg03.jpg 1440w, https:\/\/hir.mediamarkt.hu\/magazin\/wp-content\/uploads\/2020\/06\/lg03-300x200.jpg 300w, https:\/\/hir.mediamarkt.hu\/magazin\/wp-content\/uploads\/2020\/06\/lg03-1024x682.jpg 1024w, https:\/\/hir.mediamarkt.hu\/magazin\/wp-content\/uploads\/2020\/06\/lg03-275x183.jpg 275w, https:\/\/hir.mediamarkt.hu\/magazin\/wp-content\/uploads\/2020\/06\/lg03-768x512.jpg 768w, https:\/\/hir.mediamarkt.hu\/magazin\/wp-content\/uploads\/2020\/06\/lg03-1536x1023.jpg 1536w\" sizes=\"(max-width: 1600px) 100vw, 1600px\" \/><p id=\"caption-attachment-10910\" class=\"wp-caption-text\">Forr\u00e1s: LG<\/p><\/div>\n<p>A k\u00e9sz\u00fcl\u00e9k f\u0151bb jellemz\u0151it m\u00e1r le is l\u0151tt\u00fck, de az\u00e9rt \u00e1lljon itt m\u00e9g egyszer, egyr\u00e9szt a rend kedv\u00e9\u00e9rt, m\u00e1sr\u00e9szt meg az\u00e9rt, mert ennek t\u00e9nyleg \u00fclepednie kell:<\/p>\n<ul>\n<li>88 collos, azaz 222 centis;<\/li>\n<li>8K-s, azaz 7680 x 4320 pixeles felbont\u00e1s\u00fa, teh\u00e1t t\u00f6bb mint 33 megapixeles;<\/li>\n<li>OLED technol\u00f3gi\u00e1t haszn\u00e1l, ami a most el\u00e9rhet\u0151 legjobb k\u00e9pmin\u0151s\u00e9get ny\u00fajtja;<\/li>\n<li>gener\u00e1ci\u00f3s \u03b19 processzor dolgozza fel a k\u00e9pet \u00e9s a hangot;<\/li>\n<li>K\u00e9sz a HDMI 2.1 szabv\u00e1nyra, a G-Sync \u00e9s a FreeSync k\u00e9pfriss\u00edt\u00e9si szabv\u00e1nyokra a gamerek kedv\u00e9\u00e9rt;<\/li>\n<li>Minden l\u00e9tez\u0151 HDR-form\u00e1tumot t\u00e1mogat;<\/li>\n<li>Maga a t\u00e9v\u00e9 42 kil\u00f3, az \u00e1llv\u00e1ny pedig tov\u00e1bbi 62.<\/li>\n<\/ul>\n<p>Nem ez ut\u00f3bbi nem el\u00edr\u00e1s \u00e9s nem is hagytam le egy tizedesvessz\u0151t. A t\u00e9v\u00e9 ugyanis hozza a kateg\u00f3ri\u00e1ban (\u00e9s az LG-n\u00e9l) megszokott \u201eszinte k\u00e1v\u00e1tlan\u201d kivitelt, azaz maga a panel nagyon v\u00e9kony, \u00e9s a k\u00e9p sz\u00e9le p\u00e1r millim\u00e9ter h\u00edj\u00e1n a t\u00e9v\u00e9 sz\u00e9le is. A megjelen\u00e9se teh\u00e1t id\u0151tlen, minimalista \u00e9s nagyon-nagyon eleg\u00e1ns. Ami n\u00e9mileg megoszt\u00f3 lehet (nek\u00fcnk mondjuk tetszik, \u00e9s technikailag is \u00f6tletes) az a k\u00f6telez\u0151 \u00e9s lecser\u00e9lhetetlen \u00e1llv\u00e1ny, amely val\u00f3j\u00e1ban egy szinte m\u00e1r brutalista egyszer\u0171s\u00e9g\u0171 f\u00e9m keret, amelyre a t\u00e9v\u00e9t helyezhetj\u00fck. Egyr\u00e9szt az\u00e9rt ilyen neh\u00e9z, mert az elektronika egy r\u00e9sz\u00e9t is tartalmazza. M\u00e1sr\u00e9szt \u2013 f\u0151leg \u2013 az\u00e9rt, mert egyszer\u0171en ennyi t\u00f6meg k\u00e9pes biztons\u00e1gosan megtartani ezt az \u00f3ri\u00e1si panelt. Ut\u00f3bbi egy\u00e9bk\u00e9nt \u00edgy is nagyon enyh\u00e9n h\u00e1trafel\u00e9 d\u0151l, sz\u00e1nd\u00e9kosan: \u00edgy m\u00e9g stabilabb, de szerencs\u00e9re nem zavar\u00f3, s\u0151t, eleve csak \u00fagy vehet\u0151 \u00e9szre, ha az ember oldalr\u00f3l n\u00e9zi a k\u00e9sz\u00fcl\u00e9ket, \u00edgy is csak a falhoz k\u00e9pest t\u0171nik fel.<\/p>\n<p>A fentiekb\u0151l sejthet\u0151: a t\u00e9v\u00e9t nem lehet falra szerelni, ezzel ne is pr\u00f3b\u00e1lkozzon senki, VESA-szabv\u00e1ny\u00fa csavarok \u00e9s csatlakoz\u00f3k sem tal\u00e1lhat\u00f3k a h\u00e1toldal\u00e1n, ez legfeljebb a \u201emind\u00f6ssze\u201d 77 collos kistestv\u00e9r\u00e9n\u00e9l opci\u00f3. Hamar meg\u00e1llap\u00edtottuk azonban, hogy j\u00f3 ez \u00edgy, ahogy van, ezt a t\u00e9v\u00e9t k\u00e1r lenne polcok \u00e9s szekr\u00e9nyek k\u00f6z\u00e9, a falra szerelni. Az LG ZX9LA ugyanis \u00f6nmag\u00e1ban egy lakberendez\u00e9si m\u0171alkot\u00e1s.<\/p>\n<blockquote>\n<p>Ezt a t\u00e9v\u00e9t nem az otthonodban illeszted be. Az otthonodat \u00e9p\u00edted a t\u00e9v\u00e9 k\u00f6r\u00e9.<\/p>\n<\/blockquote>\n<p>Nem v\u00e9letlen\u00fcl nevezi a gy\u00e1rt\u00f3 ezt a kivitelt \u00fagy, hogy \u201eArtistic Sculpture Design\u201d; marketingl\u00f3zungnak hat, de ez esetben pont van alapja.<\/p>\n<p>Term\u00e9szetesen tiszt\u00e1ban vagyunk vele, hogy egy majdnem 10 milli\u00f3s (hopp\u00e1, bocs\u00e1nat, akci\u00f3san most csak 9 349 999 forintos!) t\u00e9v\u00e9vel a v\u00e1s\u00e1rl\u00f3k egyel\u0151re csak hipotetikusan ismerkednek \u00e9s csak azok veszik meg, akik a ma kaphat\u00f3 legjobb t\u00e9v\u00e9t \u00e9s leg\u00fajabb technol\u00f3gi\u00e1t akarj\u00e1k a nappalijukba most azonnal. \u00c9ppen ez\u00e9rt a szok\u00e1sos term\u00e9kaj\u00e1nl\u00f3 helyett most ink\u00e1bb j\u00e1tszadozzunk el a gondolattal:<\/p>\n<blockquote>\n<p>Mennyivel lenne jobb az \u00e9letem, ha lenne egy 88 collos, 8K-s OLED-t\u00e9v\u00e9m?<\/p>\n<\/blockquote>\n<p>Az ellen\u00e9rvek k\u00edn\u00e1lkoz\u00f3ak; v\u00e9gigvessz\u00fck h\u00e1t \u0151ket \u00e9s r\u00f6gt\u00f6n v\u00e1laszolunk is.<\/p>\n<h2>Felesleges a 8K, hiszen m\u00e9g nincs hozz\u00e1 tartalom<\/h2>\n<p>Ez pontosan \u00edgy van. Jelenleg a gy\u00e1ri bemutat\u00f3 vide\u00f3kat \u00e9s p\u00e1r YouTube-klipet lesz\u00e1m\u00edtva nincs a piacon ilyen felbont\u00e1s\u00fa tartalom. Nem az\u00e9rt, mert lehetetlen gy\u00e1rtani (hiszen a hollywoodi kamer\u00e1k m\u00e1r ma is 8K-ban vagy m\u00e9g nagyobb felbont\u00e1sban r\u00f6gz\u00edtenek), hanem az\u00e9rt, mert nagyon neh\u00e9z t\u00e1rolni, streamelni \u00e9s feldolgozni egy ilyen s\u00e1vsz\u00e9less\u00e9g\u00e9hes jelet. B\u00e1rmit is sugall a neve, a 8K n\u00e9gyszer annyi pixelt jelent (v\u00edzszintesen \u00e9s f\u00fcgg\u0151legesen is k\u00e9tszer annyit, teh\u00e1t \u00f6sszesen n\u00e9gyszeres a szorz\u00f3), mint a 4K, \u00e9s 16-szor (!) annyit, mint a ma sztenderd FullHD. A felbont\u00e1s azonban mit sem \u00e9r, ha nem t\u00e1rsul mell\u00e9 a megfelel\u0151 min\u0151s\u00e9get biztos\u00edtani k\u00e9pes t\u00f6m\u00f6r\u00edt\u00e9s. A helyzet az, hogy ma nincs piaci forgalomban olyan lemez, amely megfelel\u0151 t\u00f6m\u00f6r\u00edt\u00e9ssel k\u00e9pes lenne t\u00e1rolni egy 8K-s eg\u00e9sz est\u00e9s filmet. Ami pedig a streaming szolg\u00e1ltat\u00f3kat \u00e9s a YouTube-ot illeti: elm\u00e9letileg lehets\u00e9ges, de az akad\u00e1smentes 8K-s adat\u00e1tvitelhez bizony olyan sebess\u00e9g\u0171 internet kell, ami nincs mindenkinek.<\/p>\n<p>A 8K jelenlegi helyzet\u00e9r\u0151l sokat elmond, hogy az idei olimpia lett volna az els\u0151, amit ilyen felbont\u00e1sban (is) k\u00f6zvet\u00edtenek \u2013 Jap\u00e1nban. Olimpia h\u00edj\u00e1n azonban ebb\u0151l sem lett semmi. A k\u00f6vetkez\u0151 gener\u00e1ci\u00f3s konzolok alighanem k\u00e9pesek majd 8K-s jelet k\u00fcldeni a t\u00e9v\u00e9nek, de ez nem azt jelenti, hogy maguk a j\u00e1t\u00e9kok ilyen felbont\u00e1sban futn\u00e1nak: ehhez vagy nagyon-nagyon egyszer\u0171 grafika kell, vagy felsk\u00e1l\u00e1z\u00f3s, kompromisszumos megold\u00e1sok.<\/p>\n<p>A v\u00e1laszunk persze nem ez, hanem az, hogy 8K-s t\u00e9v\u00e9t ma nem a 8K-s tartalmak miatt vesz az ember, hanem az\u00e9rt, ahogy a 4K-s tartalmak kin\u00e9znek rajta. Az LG OLED-t\u00e9v\u00e9i eddig is h\u00edresek voltak remek, mesters\u00e9ges intelligenci\u00e1val megt\u00e1mogatott felbont\u00e1s-felsk\u00e1l\u00e1z\u00f3 megold\u00e1saikr\u00f3l. A 4K-s t\u00e9v\u00e9iken a FullHD tartalmak voltak csod\u00e1latosak; ezen meg a 4K-s tartalmak. Plusz r\u00e9szletet \u2013 teh\u00e1t olyat, amit nem tartalmaz az eredeti jel \u2013 nem var\u00e1zsol a k\u00e9pre a ZX9LA: nem lesz s\u0171r\u0171bb David Harbour borost\u00e1ja a Stranger Thingsben \u00e9s nem csillan meg m\u00e9g finomabban a Brad Pitt arc\u00e1n leg\u00f6rd\u00fcl\u0151 k\u00f6nnycsepp az Ad Astr\u00e1ban. A m\u00e1r megl\u00e9v\u0151 r\u00e9szleteket azonban nagyon \u00fcgyesen, ha kell, \u00e9les\u00edtve, ha kell, l\u00e1gy\u00edtva \u00e9s sim\u00edtva sk\u00e1l\u00e1zza fel a rendszer.<\/p>\n<div id=\"attachment_10909\" style=\"width: 1610px\" class=\"wp-caption alignnone\"><img loading=\"lazy\" decoding=\"async\" aria-describedby=\"caption-attachment-10909\" class=\"wp-image-10909 size-full\" src=\"https:\/\/hir.mediamarkt.hu\/magazin\/wp-content\/uploads\/2020\/06\/lg02.jpg\" alt=\"\" width=\"1600\" height=\"1062\" srcset=\"https:\/\/hir.mediamarkt.hu\/magazin\/wp-content\/uploads\/2020\/06\/lg02.jpg 1440w, https:\/\/hir.mediamarkt.hu\/magazin\/wp-content\/uploads\/2020\/06\/lg02-300x199.jpg 300w, https:\/\/hir.mediamarkt.hu\/magazin\/wp-content\/uploads\/2020\/06\/lg02-1024x680.jpg 1024w, https:\/\/hir.mediamarkt.hu\/magazin\/wp-content\/uploads\/2020\/06\/lg02-275x183.jpg 275w, https:\/\/hir.mediamarkt.hu\/magazin\/wp-content\/uploads\/2020\/06\/lg02-768x510.jpg 768w, https:\/\/hir.mediamarkt.hu\/magazin\/wp-content\/uploads\/2020\/06\/lg02-1536x1020.jpg 1536w\" sizes=\"(max-width: 1600px) 100vw, 1600px\" \/><p id=\"caption-attachment-10909\" class=\"wp-caption-text\">Forr\u00e1s: LG<\/p><\/div>\n<p>Ezt r\u00f6vid teszt\u00fcnk sor\u00e1n is megtapasztalhattuk, m\u00e9g ha nem is direkt: a wifi-jel ugyanis pont nem volt el\u00e9g er\u0151s ahhoz, hogy akad\u00e1smentesen hozza a 8K-t YouTube-on, \u00fagyhogy a felbont\u00e1s folyamatosan v\u00e1ltakozott 4K \u00e9s 8K k\u00f6zt, n\u00e9ha pedig FullHD-ra is lehuppant. A helyzet az, hogy az els\u0151 kett\u0151 k\u00f6zti k\u00fcl\u00f6nbs\u00e9get t\u00e9nyleg csak akkor vett\u00fck \u00e9szre, amikor nagyon k\u00f6zel ment\u00fcnk; norm\u00e1lis t\u00e1vols\u00e1gr\u00f3l n\u00e9zve annyiban maradtunk, hogy \u201eigen, mintha t\u00e9nyleg kicsit \u00e9lesebb lenne a 8K\u201d. Nem volt semmi baj az eredeti vide\u00f3val, az leny\u0171g\u00f6z\u0151en r\u00e9szletes volt; egyszer\u0171en ilyen j\u00f3 az LG processzora \u00e9s szoftvere.<\/p>\n<p>Ami pedig a m\u00e1r l\u00e9tez\u0151 8K-s tartalmakat illeti\u2026 mit is mondhatn\u00e1nk? Alig v\u00e1rjuk, hogy ott tartsunk, hogy ez a sztenderd. Az egy\u00e9bk\u00e9nt unalomig ismert \u00e1ruh\u00e1zidem\u00f3-vide\u00f3k megteltek \u00e9lettel: a k\u00f6zhelyes term\u00e9szetfilm-klipekr\u0151l alig tudtam levenni a szemem, olyan r\u00e9szletes volt a lepk\u00e9k sz\u00e1rnya, a madarak tollai, a nagymacsk\u00e1k tekintete.<\/p>\n<h2>Ez a t\u00e9v\u00e9 egyszer\u0171en t\u00fal nagy<\/h2>\n<p>Erre van egy r\u00f6vid v\u00e1laszunk: nincs olyan, hogy t\u00fal nagy t\u00e9v\u00e9!<\/p>\n<p>Na j\u00f3, van egy hosszabb is. A k\u00e9tezres \u00e9vek lapost\u00e9v\u00e9-robban\u00e1sa \u00f3ta \u00e9vr\u0151l \u00e9vre n\u0151 a t\u00e9v\u00e9k sztenderd m\u00e9rete; anno 32-40 collr\u00f3l indultunk, az \u00e1tlagos v\u00e1s\u00e1rl\u00f3 most 55-65 collos t\u00e9v\u00e9t keres. Nem v\u00e9letlen\u00fcl van ez \u00edgy \u2013 \u00e9s nem csak az\u00e9rt, mert a gazdas\u00e1gos gy\u00e1rt\u00e1si technol\u00f3gi\u00e1knak h\u00e1la a m\u00e9ret egyre kev\u00e9sb\u00e9 t\u00fckr\u00f6z\u0151dik az \u00e1rban. Hanem az\u00e9rt, mert a v\u00e1s\u00e1rl\u00f3k pontosan tudj\u00e1k: nagy k\u00e9perny\u0151t messzir\u0151l n\u00e9zni sokkal nagyobb \u00e9lm\u00e9ny, mint kis k\u00e9perny\u0151t k\u00f6zelr\u0151l, m\u00e9g \u00fagy is, hogy ugyanannyira t\u00f6lti ki az ember l\u00e1t\u00f3mez\u0151j\u00e9t. (T\u00f6bbek k\u00f6zt ez\u00e9rt j\u00e1runk, vagyis j\u00e1rn\u00e1nk moziba.) A 88 coll teh\u00e1t nem az LG m\u00e1ni\u00e1ja, hanem a k\u00f6vetkez\u0151 logikus l\u00e9pcs\u0151fok. Persze, egy 15 n\u00e9gyzetm\u00e9teres nappaliba mi sem aj\u00e1nljuk a ZX9LA-t, de a c\u00e9lk\u00f6z\u00f6ns\u00e9g\u00e9nek alighanem enn\u00e9l egy fokkal nagyobb nappalija van.<\/p>\n<p>Hogy el\u00e9rj\u00e9k ezt a m\u00e9retet, az LG \u00faj gy\u00e1rt\u00e1si technol\u00f3gi\u00e1t vezetett be. Ez azonban nem azt jelenti, hogy gyerekcip\u0151ben j\u00e1r, \u201ecsak\u201d azt, hogy egyel\u0151re m\u00e9g nagyon dr\u00e1ga. Egy\u00e9bk\u00e9nt ugyanazt az OLED-min\u0151s\u00e9get kapjuk, amit m\u00e1r megszokhattak a panel rajong\u00f3i: t\u00f6k\u00e9letes feket\u00e9ket, pontos sz\u00edneket, csod\u00e1latos, sima \u00e1tmeneteket \u00e9s hib\u00e1tlan betekint\u00e9si sz\u00f6get. (Oldalr\u00f3l n\u00e9zve legfeljebb a f\u00e9nyer\u0151 cs\u00f6kken egy kicsit, a sz\u00ednek \u00e9s a kontraszt egy\u00e1ltal\u00e1n nem.) B\u00e1r professzion\u00e1lis tesztel\u00e9sre nem volt lehet\u0151s\u00e9g, nem tapasztaltam a panelekre jellemz\u0151, homog\u00e9n, s\u00f6t\u00e9tsz\u00fcrke k\u00e9pn\u00e9l jelentkez\u0151 felh\u0151s\u00f6d\u00e9st. F\u00e9nyereje meggy\u0151z\u0151, nagyj\u00e1b\u00f3l a 4K-s cs\u00facsk\u00e9sz\u00fcl\u00e9kek\u00e9vel megegyez\u0151 (8-900 nit) lehet, amely elmarad a konkurencia QLED-paneljeit\u0151l, de \u00edgy is b\u0151ven el\u00e9g m\u00e9g \u00e1ruh\u00e1zi f\u00e9nyviszonyok k\u00f6z\u00f6tt is. R\u00f6viden: pont olyan, mint a legjobb 4K-s t\u00e9v\u00e9k \u2013 csak n\u00e9gyszer annyi pixellel.<\/p>\n<div id=\"attachment_10908\" style=\"width: 1610px\" class=\"wp-caption alignnone\"><img loading=\"lazy\" decoding=\"async\" aria-describedby=\"caption-attachment-10908\" class=\"size-full wp-image-10908\" src=\"https:\/\/hir.mediamarkt.hu\/magazin\/wp-content\/uploads\/2020\/06\/lg01.jpg\" alt=\"\" width=\"1600\" height=\"1062\" srcset=\"https:\/\/hir.mediamarkt.hu\/magazin\/wp-content\/uploads\/2020\/06\/lg01.jpg 1440w, https:\/\/hir.mediamarkt.hu\/magazin\/wp-content\/uploads\/2020\/06\/lg01-300x199.jpg 300w, https:\/\/hir.mediamarkt.hu\/magazin\/wp-content\/uploads\/2020\/06\/lg01-1024x680.jpg 1024w, https:\/\/hir.mediamarkt.hu\/magazin\/wp-content\/uploads\/2020\/06\/lg01-275x183.jpg 275w, https:\/\/hir.mediamarkt.hu\/magazin\/wp-content\/uploads\/2020\/06\/lg01-768x510.jpg 768w, https:\/\/hir.mediamarkt.hu\/magazin\/wp-content\/uploads\/2020\/06\/lg01-1536x1020.jpg 1536w\" sizes=\"(max-width: 1600px) 100vw, 1600px\" \/><p id=\"caption-attachment-10908\" class=\"wp-caption-text\">Forr\u00e1s: LG<\/p><\/div>\n<p>Term\u00e9szetesen a leg\u00fajabb WebOS oprendszerrel \u00e9rkezik, amely a legk\u00f6nnyebben haszn\u00e1lhat\u00f3 \u00e9s legstabilabb okost\u00e9v\u00e9-megold\u00e1s ma (de a top3-ban biztosan benne van), minden l\u00e9tez\u0151 streaming szolg\u00e1ltat\u00f3val kompatibilis, a kurzort k\u00f6zvetlen\u00fcl d\u0151l\u00e9s- \u00e9s forg\u00e1s\u00e9rz\u00e9kenys\u00e9ggel ir\u00e1ny\u00edt\u00f3 Magic Remote t\u00e1vir\u00e1ny\u00edt\u00f3nak h\u00e1la pedig sokkal egyszer\u0171bb a kezel\u00e9se, mint b\u00e1rmi m\u00e1snak a piacon.<\/p>\n<h2>Ezt a sok technol\u00f3gi\u00e1t \u00fagysem haszn\u00e1lja ki senki<\/h2>\n<p>Ez igaz, \u00e1l lemaradt egy nagyon fontos sz\u00f3: m\u00e9g. Aki egy kicsit is \u00e9rt hozz\u00e1, tudja: a HDMI 2.1 a j\u00f6v\u0151; ez a szabv\u00e1ny garant\u00e1lja a vesztes\u00e9gmentes 8K-s, 60 hertzes jel\u00e1tvitelt, persze a megfelel\u0151 audi\u00f3val. \u00cdgy k\u00e9sz\u00fclnek majd a j\u00f6v\u0151 j\u00e1t\u00e9kkonzolai \u00e9s m\u00e9dialej\u00e1tsz\u00f3i is. Igaz, a Media Marktban elmondt\u00e1k: jelenleg egy k\u00e1bel kaphat\u00f3, amely k\u00e9pes megbirk\u00f3zni ezzel a s\u00e1vsz\u00e9less\u00e9ggel, \u00e9s ezt szavatolja is a gy\u00e1rt\u00f3l. (Bizony\u00e1ra kaphat\u00f3 t\u00f6bb k\u00e1bel is, amely kompatibilis, csak \u00e9ppen nem garant\u00e1lj\u00e1k; a 2.1-es pecs\u00e9t ugyanis komoly \u00f6sszegbe ker\u00fcl.)<\/p>\n<p>Sz\u00f3val a v\u00e9gsz\u00f3, amellyel b\u00facs\u00fazunk, \u00e9s amely nem csak a szabv\u00e1nymiz\u00e9ri\u00e1t, de az eg\u00e9sz t\u00e9v\u00e9 l\u00e9tjogosults\u00e1g\u00e1t is igazolja: future proofing. Azaz k\u00e9sz\u00fcl\u0151d\u00e9s a j\u00f6v\u0151re. Mert ez a t\u00e9v\u00e9, kedves olvas\u00f3ink, ez bizony a j\u00f6v\u0151.<\/p>\n<p><a href=\"http:\/\/mediamarkt.hu\/catentry\/1322376\"><em>A k\u00e9sz\u00fcl\u00e9ket itt tudod megv\u00e1s\u00e1rolni.<\/em><\/a><\/p>\n","protected":false},"excerpt":{"rendered":"M\u00e1r ha tesztnek lehet h\u00edvni azt, hogy egy \u00f3r\u00e1ig \u00e1llunk egy t\u00e9v\u00e9 el\u0151tt \u00e9s az \u00e1llunkat keresg\u00e9lj\u00fck. Az\u00e9rt megpr\u00f3b\u00e1ljuk visszaadni az \u00e9lm\u00e9nyt. S\u0171r\u0171 volt az \u00e9v, \u00e9s m\u00e9g csak az els\u0151 fel\u00e9n vagyunk t\u00fal, nem tudjuk, mi j\u00f6het m\u00e9g ezut\u00e1n. (Uf\u00f3k? Zombik? Atomh\u00e1bor\u00fa?) Azt viszont m\u00e1r most pontosan tudom, melyik volt sz\u00e1momra a leggyorsabban eltelt egy \u00f3ra id\u00e9n, \u00e9s kiz\u00e1rt, hogy ezt fel\u00fclm\u00falja majd b\u00e1rmi m\u00e1s. Az, amit az LG 88 collos, 8K OLED-t\u00e9v\u00e9je el\u0151tt t\u00f6lt\u00f6ttem. A legfontosabb, miel\u0151tt a r\u00e9szletekbe menn\u00e9nk: nem valami kiv\u00e1lasztottak sz\u00e1m\u00e1ra rendezett sajt\u00f3\u00faton vagy egy\u00e9b esem\u00e9nyen tehettem p\u00e1r k\u00f6rt a ZX9LA fant\u00e1zianev\u0171 t\u00e9v\u00e9 k\u00f6r\u00fcl \u00e9s \u00fclhettem le el\u00e9. A 222 centis monstrumot b\u00e1rki megn\u00e9zheti, aki megkeresi a Mammut 2-ben tal\u00e1lhat\u00f3 MediaMarkt t\u00e9v\u00e9oszt\u00e1ly\u00e1n. A k\u00e9sz\u00fcl\u00e9k f\u0151bb &#8230;","protected":false},"author":22,"featured_media":10936,"comment_status":"open","ping_status":"open","sticky":false,"template":"","format":"standard","meta":{"wprm-recipe-roundup-name":"","wprm-recipe-roundup-description":"","footnotes":""},"categories":[5974,5946],"tags":[1106,298,33,82,3937],"yoast_head":"<!-- This site is optimized with the Yoast SEO plugin v22.9 - https:\/\/yoast.com\/wordpress\/plugins\/seo\/ -->\n<title>104 kil\u00f3, 222 centi, maradhat? LG ZX9LA 8K teszt - MediaMarkt Magazin<\/title>\n<meta name=\"description\" content=\"M\u00e1r ha tesztnek lehet h\u00edvni azt, hogy egy \u00f3r\u00e1ig \u00e1llunk egy t\u00e9v\u00e9 el\u0151tt \u00e9s az \u00e1llunkat keresg\u00e9lj\u00fck. Az\u00e9rt megpr\u00f3b\u00e1ljuk visszaadni az \u00e9lm\u00e9nyt.\" \/>\n<meta name=\"robots\" content=\"index, follow, max-snippet:-1, max-image-preview:large, max-video-preview:-1\" \/>\n<link rel=\"canonical\" href=\"https:\/\/hir.mediamarkt.hu\/magazin\/lg-zx9la-oled-8k-teszt\/\" \/>\n<meta property=\"og:locale\" content=\"hu_HU\" \/>\n<meta property=\"og:type\" content=\"article\" \/>\n<meta property=\"og:title\" content=\"104 kil\u00f3, 222 centi, maradhat? LG ZX9LA 8K teszt - MediaMarkt Magazin\" \/>\n<meta property=\"og:description\" content=\"M\u00e1r ha tesztnek lehet h\u00edvni azt, hogy egy \u00f3r\u00e1ig \u00e1llunk egy t\u00e9v\u00e9 el\u0151tt \u00e9s az \u00e1llunkat keresg\u00e9lj\u00fck. Az\u00e9rt megpr\u00f3b\u00e1ljuk visszaadni az \u00e9lm\u00e9nyt.\" \/>\n<meta property=\"og:url\" content=\"https:\/\/hir.mediamarkt.hu\/magazin\/lg-zx9la-oled-8k-teszt\/\" \/>\n<meta property=\"og:site_name\" content=\"MediaMarkt Magazin\" \/>\n<meta property=\"article:publisher\" content=\"https:\/\/www.facebook.com\/MediaMarktMagyarorszag\" \/>\n<meta property=\"article:published_time\" content=\"2020-06-27T18:49:52+00:00\" \/>\n<meta property=\"article:modified_time\" content=\"2020-07-09T17:31:03+00:00\" \/>\n<meta property=\"og:image\" content=\"https:\/\/hir.mediamarkt.hu\/magazin\/wp-content\/uploads\/2020\/06\/LG_8K_teszt_media_markt.png\" \/>\n\t<meta property=\"og:image:width\" content=\"1024\" \/>\n\t<meta property=\"og:image:height\" content=\"619\" \/>\n\t<meta property=\"og:image:type\" content=\"image\/png\" \/>\n<meta name=\"author\" content=\"Nemenyi\" \/>\n<meta name=\"twitter:label1\" content=\"Szerz\u0151:\" \/>\n\t<meta name=\"twitter:data1\" content=\"Nemenyi\" \/>\n\t<meta name=\"twitter:label2\" content=\"Becs\u00fclt olvas\u00e1si id\u0151\" \/>\n\t<meta name=\"twitter:data2\" content=\"10 perc\" \/>\n<script type=\"application\/ld+json\" class=\"yoast-schema-graph\">{\"@context\":\"https:\/\/schema.org\",\"@graph\":[{\"@type\":\"WebPage\",\"@id\":\"https:\/\/hir.mediamarkt.hu\/magazin\/lg-zx9la-oled-8k-teszt\/\",\"url\":\"https:\/\/hir.mediamarkt.hu\/magazin\/lg-zx9la-oled-8k-teszt\/\",\"name\":\"104 kil\u00f3, 222 centi, maradhat? LG ZX9LA 8K teszt - MediaMarkt Magazin\",\"isPartOf\":{\"@id\":\"https:\/\/hir.mediamarkt.hu\/magazin\/#website\"},\"primaryImageOfPage\":{\"@id\":\"https:\/\/hir.mediamarkt.hu\/magazin\/lg-zx9la-oled-8k-teszt\/#primaryimage\"},\"image\":{\"@id\":\"https:\/\/hir.mediamarkt.hu\/magazin\/lg-zx9la-oled-8k-teszt\/#primaryimage\"},\"thumbnailUrl\":\"https:\/\/hir.mediamarkt.hu\/magazin\/wp-content\/uploads\/2020\/06\/LG_8K_teszt_media_markt.png\",\"datePublished\":\"2020-06-27T18:49:52+00:00\",\"dateModified\":\"2020-07-09T17:31:03+00:00\",\"author\":{\"@id\":\"https:\/\/hir.mediamarkt.hu\/magazin\/#\/schema\/person\/f4a17b2dc97f2e2bf1b88a89d4ef7d05\"},\"description\":\"M\u00e1r ha tesztnek lehet h\u00edvni azt, hogy egy \u00f3r\u00e1ig \u00e1llunk egy t\u00e9v\u00e9 el\u0151tt \u00e9s az \u00e1llunkat keresg\u00e9lj\u00fck. Az\u00e9rt megpr\u00f3b\u00e1ljuk visszaadni az \u00e9lm\u00e9nyt.\",\"breadcrumb\":{\"@id\":\"https:\/\/hir.mediamarkt.hu\/magazin\/lg-zx9la-oled-8k-teszt\/#breadcrumb\"},\"inLanguage\":\"hu\",\"potentialAction\":[{\"@type\":\"ReadAction\",\"target\":[\"https:\/\/hir.mediamarkt.hu\/magazin\/lg-zx9la-oled-8k-teszt\/\"]}]},{\"@type\":\"ImageObject\",\"inLanguage\":\"hu\",\"@id\":\"https:\/\/hir.mediamarkt.hu\/magazin\/lg-zx9la-oled-8k-teszt\/#primaryimage\",\"url\":\"https:\/\/hir.mediamarkt.hu\/magazin\/wp-content\/uploads\/2020\/06\/LG_8K_teszt_media_markt.png\",\"contentUrl\":\"https:\/\/hir.mediamarkt.hu\/magazin\/wp-content\/uploads\/2020\/06\/LG_8K_teszt_media_markt.png\",\"width\":1024,\"height\":619},{\"@type\":\"BreadcrumbList\",\"@id\":\"https:\/\/hir.mediamarkt.hu\/magazin\/lg-zx9la-oled-8k-teszt\/#breadcrumb\",\"itemListElement\":[{\"@type\":\"ListItem\",\"position\":1,\"name\":\"Kezd\u0151lap\",\"item\":\"https:\/\/hir.mediamarkt.hu\/magazin\/\"},{\"@type\":\"ListItem\",\"position\":2,\"name\":\"Tesztelt\u00fck\",\"item\":\"https:\/\/hir.mediamarkt.hu\/magazin\/teszteltuk\/\"},{\"@type\":\"ListItem\",\"position\":3,\"name\":\"104 kil\u00f3, 222 centi, maradhat? LG ZX9LA 8K teszt\"}]},{\"@type\":\"WebSite\",\"@id\":\"https:\/\/hir.mediamarkt.hu\/magazin\/#website\",\"url\":\"https:\/\/hir.mediamarkt.hu\/magazin\/\",\"name\":\"MediaMarkt Magazin\",\"description\":\"Olvass bele magazinunkba!\",\"potentialAction\":[{\"@type\":\"SearchAction\",\"target\":{\"@type\":\"EntryPoint\",\"urlTemplate\":\"https:\/\/hir.mediamarkt.hu\/magazin\/?s={search_term_string}\"},\"query-input\":\"required name=search_term_string\"}],\"inLanguage\":\"hu\"},{\"@type\":\"Person\",\"@id\":\"https:\/\/hir.mediamarkt.hu\/magazin\/#\/schema\/person\/f4a17b2dc97f2e2bf1b88a89d4ef7d05\",\"name\":\"Nemenyi\",\"image\":{\"@type\":\"ImageObject\",\"inLanguage\":\"hu\",\"@id\":\"https:\/\/hir.mediamarkt.hu\/magazin\/#\/schema\/person\/image\/\",\"url\":\"https:\/\/secure.gravatar.com\/avatar\/9470b3223c723142e66adcad803b24fe?s=96&d=mm&r=g\",\"contentUrl\":\"https:\/\/secure.gravatar.com\/avatar\/9470b3223c723142e66adcad803b24fe?s=96&d=mm&r=g\",\"caption\":\"Nemenyi\"}}]}<\/script>\n<!-- \/ Yoast SEO plugin. -->","yoast_head_json":{"title":"104 kil\u00f3, 222 centi, maradhat? LG ZX9LA 8K teszt - MediaMarkt Magazin","description":"M\u00e1r ha tesztnek lehet h\u00edvni azt, hogy egy \u00f3r\u00e1ig \u00e1llunk egy t\u00e9v\u00e9 el\u0151tt \u00e9s az \u00e1llunkat keresg\u00e9lj\u00fck. Az\u00e9rt megpr\u00f3b\u00e1ljuk visszaadni az \u00e9lm\u00e9nyt.","robots":{"index":"index","follow":"follow","max-snippet":"max-snippet:-1","max-image-preview":"max-image-preview:large","max-video-preview":"max-video-preview:-1"},"canonical":"https:\/\/hir.mediamarkt.hu\/magazin\/lg-zx9la-oled-8k-teszt\/","og_locale":"hu_HU","og_type":"article","og_title":"104 kil\u00f3, 222 centi, maradhat? LG ZX9LA 8K teszt - MediaMarkt Magazin","og_description":"M\u00e1r ha tesztnek lehet h\u00edvni azt, hogy egy \u00f3r\u00e1ig \u00e1llunk egy t\u00e9v\u00e9 el\u0151tt \u00e9s az \u00e1llunkat keresg\u00e9lj\u00fck. Az\u00e9rt megpr\u00f3b\u00e1ljuk visszaadni az \u00e9lm\u00e9nyt.","og_url":"https:\/\/hir.mediamarkt.hu\/magazin\/lg-zx9la-oled-8k-teszt\/","og_site_name":"MediaMarkt Magazin","article_publisher":"https:\/\/www.facebook.com\/MediaMarktMagyarorszag","article_published_time":"2020-06-27T18:49:52+00:00","article_modified_time":"2020-07-09T17:31:03+00:00","og_image":[{"width":1024,"height":619,"url":"https:\/\/hir.mediamarkt.hu\/magazin\/wp-content\/uploads\/2020\/06\/LG_8K_teszt_media_markt.png","type":"image\/png"}],"author":"Nemenyi","twitter_misc":{"Szerz\u0151:":"Nemenyi","Becs\u00fclt olvas\u00e1si id\u0151":"10 perc"},"schema":{"@context":"https:\/\/schema.org","@graph":[{"@type":"WebPage","@id":"https:\/\/hir.mediamarkt.hu\/magazin\/lg-zx9la-oled-8k-teszt\/","url":"https:\/\/hir.mediamarkt.hu\/magazin\/lg-zx9la-oled-8k-teszt\/","name":"104 kil\u00f3, 222 centi, maradhat? LG ZX9LA 8K teszt - MediaMarkt Magazin","isPartOf":{"@id":"https:\/\/hir.mediamarkt.hu\/magazin\/#website"},"primaryImageOfPage":{"@id":"https:\/\/hir.mediamarkt.hu\/magazin\/lg-zx9la-oled-8k-teszt\/#primaryimage"},"image":{"@id":"https:\/\/hir.mediamarkt.hu\/magazin\/lg-zx9la-oled-8k-teszt\/#primaryimage"},"thumbnailUrl":"https:\/\/hir.mediamarkt.hu\/magazin\/wp-content\/uploads\/2020\/06\/LG_8K_teszt_media_markt.png","datePublished":"2020-06-27T18:49:52+00:00","dateModified":"2020-07-09T17:31:03+00:00","author":{"@id":"https:\/\/hir.mediamarkt.hu\/magazin\/#\/schema\/person\/f4a17b2dc97f2e2bf1b88a89d4ef7d05"},"description":"M\u00e1r ha tesztnek lehet h\u00edvni azt, hogy egy \u00f3r\u00e1ig \u00e1llunk egy t\u00e9v\u00e9 el\u0151tt \u00e9s az \u00e1llunkat keresg\u00e9lj\u00fck. Az\u00e9rt megpr\u00f3b\u00e1ljuk visszaadni az \u00e9lm\u00e9nyt.","breadcrumb":{"@id":"https:\/\/hir.mediamarkt.hu\/magazin\/lg-zx9la-oled-8k-teszt\/#breadcrumb"},"inLanguage":"hu","potentialAction":[{"@type":"ReadAction","target":["https:\/\/hir.mediamarkt.hu\/magazin\/lg-zx9la-oled-8k-teszt\/"]}]},{"@type":"ImageObject","inLanguage":"hu","@id":"https:\/\/hir.mediamarkt.hu\/magazin\/lg-zx9la-oled-8k-teszt\/#primaryimage","url":"https:\/\/hir.mediamarkt.hu\/magazin\/wp-content\/uploads\/2020\/06\/LG_8K_teszt_media_markt.png","contentUrl":"https:\/\/hir.mediamarkt.hu\/magazin\/wp-content\/uploads\/2020\/06\/LG_8K_teszt_media_markt.png","width":1024,"height":619},{"@type":"BreadcrumbList","@id":"https:\/\/hir.mediamarkt.hu\/magazin\/lg-zx9la-oled-8k-teszt\/#breadcrumb","itemListElement":[{"@type":"ListItem","position":1,"name":"Kezd\u0151lap","item":"https:\/\/hir.mediamarkt.hu\/magazin\/"},{"@type":"ListItem","position":2,"name":"Tesztelt\u00fck","item":"https:\/\/hir.mediamarkt.hu\/magazin\/teszteltuk\/"},{"@type":"ListItem","position":3,"name":"104 kil\u00f3, 222 centi, maradhat? LG ZX9LA 8K teszt"}]},{"@type":"WebSite","@id":"https:\/\/hir.mediamarkt.hu\/magazin\/#website","url":"https:\/\/hir.mediamarkt.hu\/magazin\/","name":"MediaMarkt Magazin","description":"Olvass bele magazinunkba!","potentialAction":[{"@type":"SearchAction","target":{"@type":"EntryPoint","urlTemplate":"https:\/\/hir.mediamarkt.hu\/magazin\/?s={search_term_string}"},"query-input":"required name=search_term_string"}],"inLanguage":"hu"},{"@type":"Person","@id":"https:\/\/hir.mediamarkt.hu\/magazin\/#\/schema\/person\/f4a17b2dc97f2e2bf1b88a89d4ef7d05","name":"Nemenyi","image":{"@type":"ImageObject","inLanguage":"hu","@id":"https:\/\/hir.mediamarkt.hu\/magazin\/#\/schema\/person\/image\/","url":"https:\/\/secure.gravatar.com\/avatar\/9470b3223c723142e66adcad803b24fe?s=96&d=mm&r=g","contentUrl":"https:\/\/secure.gravatar.com\/avatar\/9470b3223c723142e66adcad803b24fe?s=96&d=mm&r=g","caption":"Nemenyi"}}]}},"_links":{"self":[{"href":"https:\/\/hir.mediamarkt.hu\/magazin\/wp-json\/wp\/v2\/posts\/10907"}],"collection":[{"href":"https:\/\/hir.mediamarkt.hu\/magazin\/wp-json\/wp\/v2\/posts"}],"about":[{"href":"https:\/\/hir.mediamarkt.hu\/magazin\/wp-json\/wp\/v2\/types\/post"}],"author":[{"embeddable":true,"href":"https:\/\/hir.mediamarkt.hu\/magazin\/wp-json\/wp\/v2\/users\/22"}],"replies":[{"embeddable":true,"href":"https:\/\/hir.mediamarkt.hu\/magazin\/wp-json\/wp\/v2\/comments?post=10907"}],"version-history":[{"count":4,"href":"https:\/\/hir.mediamarkt.hu\/magazin\/wp-json\/wp\/v2\/posts\/10907\/revisions"}],"predecessor-version":[{"id":10927,"href":"https:\/\/hir.mediamarkt.hu\/magazin\/wp-json\/wp\/v2\/posts\/10907\/revisions\/10927"}],"wp:featuredmedia":[{"embeddable":true,"href":"https:\/\/hir.mediamarkt.hu\/magazin\/wp-json\/wp\/v2\/media\/10936"}],"wp:attachment":[{"href":"https:\/\/hir.mediamarkt.hu\/magazin\/wp-json\/wp\/v2\/media?parent=10907"}],"wp:term":[{"taxonomy":"category","embeddable":true,"href":"https:\/\/hir.mediamarkt.hu\/magazin\/wp-json\/wp\/v2\/categories?post=10907"},{"taxonomy":"post_tag","embeddable":true,"href":"https:\/\/hir.mediamarkt.hu\/magazin\/wp-json\/wp\/v2\/tags?post=10907"}],"curies":[{"name":"wp","href":"https:\/\/api.w.org\/{rel}","templated":true}]}}