{"id":10999,"date":"2020-08-26T14:02:43","date_gmt":"2020-08-26T13:02:43","guid":{"rendered":"http:\/\/hir.mediamarkt.hu\/magazin\/?p=10999"},"modified":"2020-08-27T14:45:27","modified_gmt":"2020-08-27T13:45:27","slug":"lg-velvet-mobil-okostelefon-teszt-specifikaciok","status":"publish","type":"post","link":"https:\/\/hir.mediamarkt.hu\/magazin\/lg-velvet-mobil-okostelefon-teszt-specifikaciok\/","title":{"rendered":"LG Velvet teszt: egy telefon azoknak, akiknek fontos a k\u00fcls\u0151"},"content":{"rendered":"\n<p><strong>M\u00e1r haz\u00e1nkban is kaphat\u00f3 az LG leg\u00fajabb okostelefonja, a Velvet, ami cs\u00facskateg\u00f3ri\u00e1s k\u00fcls\u0151t \u00f6tv\u00f6z k\u00f6z\u00e9pkateg\u00f3ri\u00e1s hardverrel. Mi is kipr\u00f3b\u00e1ltuk a k\u00e9sz\u00fcl\u00e9ket, aminek a legnagyobb er\u00e9nye t\u00e9nyleg az, hogy a k\u00fclsej\u00e9vel kit\u0171nik a jelenleg kaphat\u00f3 mobilok tenger\u00e9b\u0151l.<\/strong><\/p>\n\n\n\n<p>Az ut\u00f3bbi p\u00e1r \u00e9vben az LG nem nagyon tudott olyan telefont letenni az asztalra, amivel v\u00e1s\u00e1rl\u00e1sra \u00f6szt\u00f6nz\u00f6tt volna minket, \u00edgy a szok\u00e1sosn\u00e1l j\u00f3val nagyobb k\u00edv\u00e1ncsis\u00e1ggal v\u00e1rtuk, hogy k\u00e9zbe vehess\u00fck a <a href=\"https:\/\/www.mediamarkt.hu\/catentry\/1329402\">Velvet n\u00e9vre keresztelt mobiljukat<\/a>. A gy\u00e1rt\u00f3 m\u00e1r h\u00f3napok \u00f3ta prom\u00f3zta a k\u00e9sz\u00fcl\u00e9k \u00e9rkez\u00e9s\u00e9t, kiemelve a k\u00fclsej\u00e9t, \u00e9s nem is csal\u00f3dtunk, hiszen a d\u00e9l-koreai v\u00e1llalatnak k\u00e9ts\u00e9g k\u00edv\u00fcl mutat\u00f3s k\u00e9sz\u00fcl\u00e9ket siker\u00fclt alkotnia.<\/p>\n\n\n\n<h3 class=\"wp-block-heading\"><strong>LG Velvet, a telefon, ami j\u00f3 n\u00e9z ki a k\u00e9zben<\/strong><\/h3>\n\n\n\n<p>A tetszet\u0151s \u00f6sszhat\u00e1s egy\u00e9rtelm\u0171en a h\u00e1tlap \u00e9rdeme, ugyanis az aktu\u00e1lis trendekkel ellent\u00e9tben itt nincs hatalmas, kidudorod\u00f3 kamerasziget. Helyette cseppalakban elrendezett kamer\u00e1kat \u00e9s egy LED-villan\u00f3t kapunk. Ez a megold\u00e1s letisztult \u00e9s sz\u00e9p, egyed\u00fcl a f\u0151kamera emelkedik ki az \u00fcveg h\u00e1tlapb\u00f3l, de ezzel az\u00e9rt sim\u00e1n egy\u00fctt lehet \u00e9lni. Emell\u00e9 j\u00f6n az ez\u00fcst sz\u00edn (itthon csak ez \u00e9rhet\u0151 el), amivel annyi probl\u00e9m\u00e1nk akadt, mint a legt\u00f6bb csillog\u00f3 h\u00e1t\u00fa telefonnal: pillanatok alatt megtelik nem t\u00fal gusztusos ujjlenyomatokkal.<\/p>\n\n\n\n<figure class=\"wp-block-image size-large\"><img loading=\"lazy\" decoding=\"async\" width=\"1024\" height=\"768\" src=\"https:\/\/hir.mediamarkt.hu\/magazin\/wp-content\/uploads\/2020\/08\/lg-velvet-4g-1-1024x768.jpg\" alt=\"\" class=\"wp-image-11061\" srcset=\"https:\/\/hir.mediamarkt.hu\/magazin\/wp-content\/uploads\/2020\/08\/lg-velvet-4g-1-1024x768.jpg 1024w, https:\/\/hir.mediamarkt.hu\/magazin\/wp-content\/uploads\/2020\/08\/lg-velvet-4g-1-300x225.jpg 300w, https:\/\/hir.mediamarkt.hu\/magazin\/wp-content\/uploads\/2020\/08\/lg-velvet-4g-1-275x206.jpg 275w, https:\/\/hir.mediamarkt.hu\/magazin\/wp-content\/uploads\/2020\/08\/lg-velvet-4g-1-768x576.jpg 768w, https:\/\/hir.mediamarkt.hu\/magazin\/wp-content\/uploads\/2020\/08\/lg-velvet-4g-1-1536x1152.jpg 1536w, https:\/\/hir.mediamarkt.hu\/magazin\/wp-content\/uploads\/2020\/08\/lg-velvet-4g-1-500x375.jpg 500w, https:\/\/hir.mediamarkt.hu\/magazin\/wp-content\/uploads\/2020\/08\/lg-velvet-4g-1.jpg 1440w\" sizes=\"(max-width: 1024px) 100vw, 1024px\" \/><\/figure>\n\n\n\n<p>Az LG Velvet viszont nemcsak j\u00f3l n\u00e9z ki, de az \u00f6sszerak\u00e1s min\u0151s\u00e9ge is hib\u00e1tlan. A h\u00e1tlap \u00e9s a k\u00e9perny\u0151t v\u00e9d\u0151 \u00fcveg k\u00f6z\u00f6tt alum\u00ednium keret tal\u00e1lhat\u00f3, a h\u00e1z nem ropog, nem hajlik, a gombok nem l\u00f6ty\u00f6gnek, a 180 grammos telefont k\u00e9zbe v\u00e9ve \u00e9rezhet\u0151, hogy a gy\u00e1rt\u00f3 nem sp\u00f3rolt az anyaghaszn\u00e1latn\u00e1l. Az egyetlen bosszant\u00f3 apr\u00f3s\u00e1g, amivel nem tudtunk kib\u00e9k\u00fclni, az a lekerek\u00edtett \u00e9l\u0171, \u00fcveg h\u00e1tlap\u00fa okostelefonok \u00e1lland\u00f3 probl\u00e9m\u00e1ja. Az LG Velvet b\u00e1rhonnan k\u00e9pes lecs\u00faszni, ha csak minim\u00e1lisan is lejt az adott fel\u00fclet, \u00e9s a kialak\u00edt\u00e1s miatt k\u00e9zbe v\u00e9ve is vigy\u00e1zni kell vele. Egykezes haszn\u00e1latn\u00e1l rendesen r\u00e1 kell markolni, ha nem szeretn\u00e9nk, hogy v\u00e9letlen\u00fcl kicsusszanjon az ujjaink k\u00f6z\u00fcl.<\/p>\n\n\n\n<figure class=\"wp-block-image size-large\"><img loading=\"lazy\" decoding=\"async\" width=\"1024\" height=\"768\" src=\"https:\/\/hir.mediamarkt.hu\/magazin\/wp-content\/uploads\/2020\/08\/lg-velvet-4g-3-1024x768.jpg\" alt=\"\" class=\"wp-image-11065\" srcset=\"https:\/\/hir.mediamarkt.hu\/magazin\/wp-content\/uploads\/2020\/08\/lg-velvet-4g-3-1024x768.jpg 1024w, https:\/\/hir.mediamarkt.hu\/magazin\/wp-content\/uploads\/2020\/08\/lg-velvet-4g-3-300x225.jpg 300w, https:\/\/hir.mediamarkt.hu\/magazin\/wp-content\/uploads\/2020\/08\/lg-velvet-4g-3-275x206.jpg 275w, https:\/\/hir.mediamarkt.hu\/magazin\/wp-content\/uploads\/2020\/08\/lg-velvet-4g-3-768x576.jpg 768w, https:\/\/hir.mediamarkt.hu\/magazin\/wp-content\/uploads\/2020\/08\/lg-velvet-4g-3-1536x1152.jpg 1536w, https:\/\/hir.mediamarkt.hu\/magazin\/wp-content\/uploads\/2020\/08\/lg-velvet-4g-3-500x375.jpg 500w, https:\/\/hir.mediamarkt.hu\/magazin\/wp-content\/uploads\/2020\/08\/lg-velvet-4g-3.jpg 1440w\" sizes=\"(max-width: 1024px) 100vw, 1024px\" \/><\/figure>\n\n\n\n<h3 class=\"wp-block-heading\"><strong>Nem kicsi<\/strong><\/h3>\n\n\n\n<p>M\u00e9retre k\u00f6zel tepsi m\u00e9ret\u0171 a k\u00e9sz\u00fcl\u00e9k: 167,1 mm magas, 74,1 mm sz\u00e9les \u00e9s 7,9 mm vastag, sz\u00f3val a legt\u00f6bbsz\u00f6r t\u00e9nyleg \u00e9rdemes k\u00e9t k\u00e9zzel haszn\u00e1lni. A bekapcsol\u00f3 gomb a keret jobb sz\u00e9l\u00e9re ker\u00fclt, a hanger\u0151szab\u00e1lyz\u00f3k pedig balra, \u00e9s ezek alatt helyet kapott m\u00e9g egy kapcsol\u00f3, amivel az el\u0151re telep\u00edtett Google Asszisztens aktiv\u00e1lhat\u00f3. Alul egy 3.1-es USB-C portot fedezhet\u00fcnk fel, nem hi\u00e1nyzik a hagyom\u00e1nyos jack csatlakoz\u00f3 sem, tov\u00e1bb\u00e1 ide ker\u00fclt az \u00e1tlag mobilos megold\u00e1sokn\u00e1l sokkal jobban muzsik\u00e1l\u00f3 hangsz\u00f3r\u00f3 is.<\/p>\n\n\n\n<figure class=\"wp-block-image size-large\"><img loading=\"lazy\" decoding=\"async\" width=\"1024\" height=\"768\" src=\"https:\/\/hir.mediamarkt.hu\/magazin\/wp-content\/uploads\/2020\/08\/lg-velvet-4g-5-1024x768.jpg\" alt=\"\" class=\"wp-image-11062\" srcset=\"https:\/\/hir.mediamarkt.hu\/magazin\/wp-content\/uploads\/2020\/08\/lg-velvet-4g-5-1024x768.jpg 1024w, https:\/\/hir.mediamarkt.hu\/magazin\/wp-content\/uploads\/2020\/08\/lg-velvet-4g-5-300x225.jpg 300w, https:\/\/hir.mediamarkt.hu\/magazin\/wp-content\/uploads\/2020\/08\/lg-velvet-4g-5-275x206.jpg 275w, https:\/\/hir.mediamarkt.hu\/magazin\/wp-content\/uploads\/2020\/08\/lg-velvet-4g-5-768x576.jpg 768w, https:\/\/hir.mediamarkt.hu\/magazin\/wp-content\/uploads\/2020\/08\/lg-velvet-4g-5-1536x1152.jpg 1536w, https:\/\/hir.mediamarkt.hu\/magazin\/wp-content\/uploads\/2020\/08\/lg-velvet-4g-5-500x375.jpg 500w, https:\/\/hir.mediamarkt.hu\/magazin\/wp-content\/uploads\/2020\/08\/lg-velvet-4g-5.jpg 1440w\" sizes=\"(max-width: 1024px) 100vw, 1024px\" \/><\/figure>\n\n\n\n<p>A SIM-t\u00e1lca a fels\u0151 \u00e9l bal sz\u00e9l\u00e9be lett s\u00fcllyesztve, \u00e9s a SIM-t\u0171vel kipattintva r\u00f6gt\u00f6n l\u00e1that\u00f3, hogy az alap SIM-k\u00e1rtya mellett van rajta hely m\u00e9g egy SIM-k\u00e1rty\u00e1nak vagy egy microSDXC k\u00e1rty\u00e1nak. Ut\u00f3bbinak h\u00e1la tov\u00e1bb b\u0151v\u00edthet\u0151 az alapb\u00f3l 128 GB-os h\u00e1tt\u00e9rt\u00e1r.<\/p>\n\n\n\n<p>Az LG Velvet kijelz\u0151je 6,8 h\u00fcvelykes, remek sz\u00edneket, er\u0151s f\u00e9nyt \u00e9s kiv\u00e1l\u00f3 kontrasztot biztos\u00edt\u00f3 P-OLED panellel, aminek a maximum felbont\u00e1sa 1080 x 2460 pixel, 395 ppi ponts\u0171r\u0171s\u00e9ggel. A pr\u00e9mium k\u00fcls\u0151h\u00f6z k\u00e9pest viszonylag vastag k\u00e1v\u00e1k els\u0151re ugyan furcs\u00e1k voltak, de gyorsan megszoktuk \u0151ket, az viszont teljesen \u00e9rthetetlen, hogy a kijelz\u0151 tetej\u00e9n l\u00e9v\u0151, kameraszigetbe helyezett 15 megapixeles lencse mi\u00e9rt nem tudja az arcfelismer\u00e9st. <\/p>\n\n\n\n<figure class=\"wp-block-image size-large\"><img loading=\"lazy\" decoding=\"async\" width=\"1024\" height=\"768\" src=\"https:\/\/hir.mediamarkt.hu\/magazin\/wp-content\/uploads\/2020\/08\/lg-velvet-4g-2-1024x768.jpg\" alt=\"\" class=\"wp-image-11063\" srcset=\"https:\/\/hir.mediamarkt.hu\/magazin\/wp-content\/uploads\/2020\/08\/lg-velvet-4g-2-1024x768.jpg 1024w, https:\/\/hir.mediamarkt.hu\/magazin\/wp-content\/uploads\/2020\/08\/lg-velvet-4g-2-300x225.jpg 300w, https:\/\/hir.mediamarkt.hu\/magazin\/wp-content\/uploads\/2020\/08\/lg-velvet-4g-2-275x206.jpg 275w, https:\/\/hir.mediamarkt.hu\/magazin\/wp-content\/uploads\/2020\/08\/lg-velvet-4g-2-768x576.jpg 768w, https:\/\/hir.mediamarkt.hu\/magazin\/wp-content\/uploads\/2020\/08\/lg-velvet-4g-2-1536x1152.jpg 1536w, https:\/\/hir.mediamarkt.hu\/magazin\/wp-content\/uploads\/2020\/08\/lg-velvet-4g-2-500x375.jpg 500w, https:\/\/hir.mediamarkt.hu\/magazin\/wp-content\/uploads\/2020\/08\/lg-velvet-4g-2.jpg 1440w\" sizes=\"(max-width: 1024px) 100vw, 1024px\" \/><\/figure>\n\n\n\n<p>Ehelyett be kell \u00e9rni a k\u00e9perny\u0151be \u00e9p\u00edtett ujjlenyomat-olvas\u00f3val, amir\u0151l legal\u00e1bb elmondhat\u00f3, hogy vill\u00e1mgyorsan \u00e9s pontosan m\u0171k\u00f6dik. Egyszer sem fordult el\u0151, hogy pr\u00f3b\u00e1lkozni kellett volna a beolvas\u00e1ssal, mindig els\u0151re siker\u00fclt feloldanunk a z\u00e1rolt k\u00e9perny\u0151t.<\/p>\n\n\n\n<h3 class=\"wp-block-heading\"><strong>Fot\u00f3bajnok?<\/strong><\/h3>\n\n\n\n<p>K\u00fcls\u0151re az LG Velvet cs\u00facskateg\u00f3ri\u00e1s telefonnak t\u0171nik, ha viszont alaposabban elkezd\u00fcnk foglalkozni a h\u00e1tlapra st\u00edlusosan felhelyezett kamer\u00e1kkal, akkor gyorsan kider\u00fcl, hogy ezen a ter\u00fcleten be kell \u00e9rn\u00fcnk a k\u00f6z\u00e9pkateg\u00f3ri\u00e1s teljes\u00edtm\u00e9nnyel. Ez persze \u00e9rthet\u0151, hiszen a gy\u00e1rt\u00f3 leg\u00fajabb \u00fcdv\u00f6sk\u00e9je ebben a kateg\u00f3ri\u00e1ban versenyez.<\/p>\n\n\n\n<p>A fot\u00f3s reperto\u00e1r h\u00e1rom egys\u00e9gb\u0151l \u00e1ll: kapunk egy 48 megapixeles, sz\u00e9les l\u00e1t\u00f3sz\u00f6g\u0171 f\u0151kamer\u00e1t, egy 8 megapixeles ultrasz\u00e9les l\u00e1t\u00f3sz\u00f6g\u0171 (120 fok) lencs\u00e9t, illetve egy 5 megapixeles m\u00e9lys\u00e9g\u00e9less\u00e9g szenzort, aminek f\u0151leg abban van szerepe, hogy j\u00f3 min\u0151s\u00e9g\u0171 bokeh (elmosott h\u00e1tter\u0171) portr\u00e9kat k\u00e9sz\u00edthess\u00fcnk. A m\u00e1sik k\u00e9t lencse k\u00f6z\u00f6tt v\u00e1ltogathatunk a kamera appban, a f\u0151kamer\u00e1val az alap 12 megapixeles fot\u00f3k helyett 48 megapixeleseket is k\u00e9sz\u00edthet\u00fcnk, \u00e9s \u00f6szess\u00e9g\u00e9ben elmondhat\u00f3, hogy ezzel az egys\u00e9ggel lehet a legjobb k\u00e9peket k\u00e9sz\u00edteni.<\/p>\n\n\n\n<figure class=\"wp-block-image size-large\"><img loading=\"lazy\" decoding=\"async\" width=\"1024\" height=\"768\" src=\"https:\/\/hir.mediamarkt.hu\/magazin\/wp-content\/uploads\/2020\/08\/lg-velvet-4g-4-1024x768.jpg\" alt=\"\" class=\"wp-image-11064\" srcset=\"https:\/\/hir.mediamarkt.hu\/magazin\/wp-content\/uploads\/2020\/08\/lg-velvet-4g-4-1024x768.jpg 1024w, https:\/\/hir.mediamarkt.hu\/magazin\/wp-content\/uploads\/2020\/08\/lg-velvet-4g-4-300x225.jpg 300w, https:\/\/hir.mediamarkt.hu\/magazin\/wp-content\/uploads\/2020\/08\/lg-velvet-4g-4-275x206.jpg 275w, https:\/\/hir.mediamarkt.hu\/magazin\/wp-content\/uploads\/2020\/08\/lg-velvet-4g-4-768x576.jpg 768w, https:\/\/hir.mediamarkt.hu\/magazin\/wp-content\/uploads\/2020\/08\/lg-velvet-4g-4-1536x1152.jpg 1536w, https:\/\/hir.mediamarkt.hu\/magazin\/wp-content\/uploads\/2020\/08\/lg-velvet-4g-4-500x375.jpg 500w, https:\/\/hir.mediamarkt.hu\/magazin\/wp-content\/uploads\/2020\/08\/lg-velvet-4g-4.jpg 1440w\" sizes=\"(max-width: 1024px) 100vw, 1024px\" \/><\/figure>\n\n\n\n<p>A nappal, norm\u00e1lis f\u00e9nyviszonyok k\u00f6z\u00f6tt k\u00e9sz\u00fclt fot\u00f3k szinte hib\u00e1tlanok, de a f\u0151kamer\u00e1val este is lehet pr\u00f3b\u00e1lkozni. A v\u00e9geredm\u00e9ny az\u00e9rt nem lesz olyan, mint egy Huawei Mate 40 vagy egy Samsung Galaxy S20 eset\u00e9ben, de az Instagramra, a k\u00f6z\u00f6ss\u00e9gi m\u00e9di\u00e1ba \u00edgy is nagyon j\u00f3, v\u00e1llalhat\u00f3 k\u00e9pek k\u00e9sz\u00edthet\u0151k. Ezzel szemben az ultra sz\u00e9les l\u00e1t\u00f3sz\u00f6g\u0171 lencs\u00e9nek csak akkor vessz\u00fck haszn\u00e1t, ha sz\u00e9p az id\u0151. Este vagy kev\u00e9sb\u00e9 optim\u00e1lis f\u00e9nyek k\u00f6z\u00f6tt b\u00facs\u00fat mondhatunk az \u00e9less\u00e9gnek \u00e9s a j\u00f3l kivehet\u0151 r\u00e9szleteknek is. <\/p>\n\n\n\n<p>A kamera alkalmaz\u00e1s tudja a legfontosabbakat: van \u00e9jszakai m\u00f3d, time-lapse, portr\u00e9, slo-mo \u00e9s panor\u00e1ma opci\u00f3 is, illetve a fot\u00f3z\u00e1shoz jobban \u00e9rt\u0151k manu\u00e1lisan is j\u00e1tszhatnak a be\u00e1ll\u00edt\u00e1sokkal. A f\u0151kamer\u00e1val adott a 4K felbont\u00e1s\u00fa vide\u00f3k r\u00f6gz\u00edt\u00e9s\u00e9nek lehet\u0151s\u00e9ge, 30 k\u00e9pkocka per m\u00e1sodperc k\u00e9pfriss\u00edt\u00e9ssel, Full HD-ban viszont m\u00e1r a 60 fps is el\u00e9rhet\u0151. Az ultrasz\u00e9les l\u00e1t\u00f3sz\u00f6g\u0171 egys\u00e9ggel pedig 1920 x 1080 pixeles felv\u00e9telek k\u00e9sz\u00edthet\u0151k 30 fps-sel, a min\u0151s\u00e9g viszont ebben az esetben m\u00e1r igen messze van a j\u00f3t\u00f3l, f\u0151leg, ha este pr\u00f3b\u00e1lkozunk mozg\u00f3k\u00e9p r\u00f6gz\u00edt\u00e9s\u00e9vel.<\/p>\n\n\n\n<h3 class=\"wp-block-heading\"><strong>T\u00e1rs a mindennapokban<\/strong><\/h3>\n\n\n\n<p>Ahogy eml\u00edtett\u00fck, az LG Velvet egy k\u00f6z\u00e9pkateg\u00f3ri\u00e1s telefon, ennek megfelel\u0151en a hardver sem sz\u00e1m\u00edt a piac leger\u0151sebb konfigur\u00e1ci\u00f3j\u00e1nak. A telefonb\u00f3l l\u00e9tezik ugyan 5G-s v\u00e1ltozat, de haz\u00e1nkban csak a 4G-s szerezhet\u0151 be, ami Qualcomm Snapdragon 845 processzorral, Adreno 630 grafikus chippel, 6 GB mem\u00f3ri\u00e1val \u00e9s 128 GB h\u00e1tt\u00e9rt\u00e1rral rendelkezik. <\/p>\n\n\n\n<p>Ez a felhozatal az Antutu teljes\u00edtm\u00e9ny m\u00e9r\u0151 appban 320 ezer pontot \u00e9rt, ami annyit tesz, hogy a telefon gyorsan k\u00e9pes ell\u00e1tni a r\u00e1b\u00edzott m\u0171veleteket, csak a 48 megapixeles fot\u00f3k k\u00e9sz\u00edt\u00e9s\u00e9n\u00e9l gondolkodott el hosszabban. A mobil g\u00f6rd\u00fcl\u00e9kenyen kezeli az Android 10 oper\u00e1ci\u00f3s rendszert, \u00e9s mobilj\u00e1t\u00e9kok futtat\u00e1s\u00e1ra is alkalmas. Teljesen \u00e1tlagos haszn\u00e1latra t\u00f6k\u00e9letesen megfelel, \u00e9s a hardver biztos\u00edtja, hogy a Velvet megb\u00edzhat\u00f3 t\u00e1rs legyen az elk\u00f6vetkez\u0151 2-3 \u00e9vben.<\/p>\n\n\n\n<figure class=\"wp-block-image size-large\"><img loading=\"lazy\" decoding=\"async\" width=\"968\" height=\"1024\" src=\"https:\/\/hir.mediamarkt.hu\/magazin\/wp-content\/uploads\/2020\/08\/lg-velvet-antutu-968x1024.png\" alt=\"\" class=\"wp-image-11023\" srcset=\"https:\/\/hir.mediamarkt.hu\/magazin\/wp-content\/uploads\/2020\/08\/lg-velvet-antutu-968x1024.png 968w, https:\/\/hir.mediamarkt.hu\/magazin\/wp-content\/uploads\/2020\/08\/lg-velvet-antutu-284x300.png 284w, https:\/\/hir.mediamarkt.hu\/magazin\/wp-content\/uploads\/2020\/08\/lg-velvet-antutu-275x291.png 275w, https:\/\/hir.mediamarkt.hu\/magazin\/wp-content\/uploads\/2020\/08\/lg-velvet-antutu-768x812.png 768w, https:\/\/hir.mediamarkt.hu\/magazin\/wp-content\/uploads\/2020\/08\/lg-velvet-antutu.png 1080w\" sizes=\"(max-width: 968px) 100vw, 968px\" \/><\/figure>\n\n\n\n<p>Akkumul\u00e1torb\u00f3l 4300 milliamper\u00f3r\u00e1s ker\u00fclt a telefonba, ami h\u00e9tk\u00f6znapi haszn\u00e1lat mellett n\u00e1lunk k\u00e9t napig b\u00edrta, de m\u00e9g j\u00e1t\u00e9k \u00e9s fokozott nyomkod\u00e1s ut\u00e1n is b\u0151ven 30 sz\u00e1zal\u00e9k felett volt a t\u00f6lt\u00f6tts\u00e9g az esti \u00f3r\u00e1kban. A mobil maxium 15 wattal t\u00f6lthet\u0151 hagyom\u00e1nyos m\u00f3don, vezet\u00e9k n\u00e9lk\u00fcl 9 watt a teljes\u00edtm\u00e9ny, de nincs lehet\u0151s\u00e9g arra, hogy a telefon aksij\u00e1r\u00f3l t\u00f6lts\u00fcnk m\u00e1s k\u00e9sz\u00fcl\u00e9keket vezet\u00e9k n\u00e9lk\u00fcl. Emellett adott a 802.11a\/b\/g\/n\/ac szabv\u00e1ny\u00fa vezet\u00e9k n\u00e9lk\u00fcli kapcsolat (WiFi 6 itt m\u00e9g nincs), az NFC \u00e9s a Bluetooth, infra viszont nincs a telefonon. <\/p>\n\n\n\n<p>\u00c9rdekess\u00e9g tov\u00e1bb\u00e1, hogy az LG n\u00e9h\u00e1ny tavalyi modellj\u00e9hez hasonl\u00f3an ezen mobilhoz is v\u00e1s\u00e1rolhat\u00f3 egy olyan, <a href=\"https:\/\/www.mediamarkt.hu\/catentry\/1329430\">40 ezer forintos tok<\/a>, ami extra k\u00e9perny\u0151 is egyben. Ezzel hajl\u00edthat\u00f3 kijelz\u0151 n\u00e9lk\u00fcl lehet kihajthat\u00f3 k\u00e9perny\u0151s k\u00e9sz\u00fcl\u00e9k\u00fcnk, amin p\u00e1rhuzamosan futtathat\u00f3k \u00e9s kezelhet\u0151k alkalmaz\u00e1sok, esetleg \u00edgy lehet virtu\u00e1lis kontroller\u00fcnk a j\u00e1t\u00e9kok mell\u00e9. Ez a megold\u00e1s meglep\u0151en j\u00f3l m\u0171k\u00f6dik, viszont igaz\u00e1n remek lett volna, ha a gy\u00e1rt\u00f3 alapb\u00f3l mell\u00e9keli a kieg\u00e9sz\u00edt\u0151t a Velvet mell\u00e9.<\/p>\n\n\n\n<figure class=\"wp-block-image size-large\"><img loading=\"lazy\" decoding=\"async\" width=\"1024\" height=\"768\" src=\"https:\/\/hir.mediamarkt.hu\/magazin\/wp-content\/uploads\/2020\/08\/lg-velvet-4g-6-1024x768.jpg\" alt=\"\" class=\"wp-image-11066\" srcset=\"https:\/\/hir.mediamarkt.hu\/magazin\/wp-content\/uploads\/2020\/08\/lg-velvet-4g-6-1024x768.jpg 1024w, https:\/\/hir.mediamarkt.hu\/magazin\/wp-content\/uploads\/2020\/08\/lg-velvet-4g-6-300x225.jpg 300w, https:\/\/hir.mediamarkt.hu\/magazin\/wp-content\/uploads\/2020\/08\/lg-velvet-4g-6-275x206.jpg 275w, https:\/\/hir.mediamarkt.hu\/magazin\/wp-content\/uploads\/2020\/08\/lg-velvet-4g-6-768x576.jpg 768w, https:\/\/hir.mediamarkt.hu\/magazin\/wp-content\/uploads\/2020\/08\/lg-velvet-4g-6-1536x1152.jpg 1536w, https:\/\/hir.mediamarkt.hu\/magazin\/wp-content\/uploads\/2020\/08\/lg-velvet-4g-6-500x375.jpg 500w, https:\/\/hir.mediamarkt.hu\/magazin\/wp-content\/uploads\/2020\/08\/lg-velvet-4g-6.jpg 1440w\" sizes=\"(max-width: 1024px) 100vw, 1024px\" \/><\/figure>\n\n\n\n<p>A k\u00e9sz\u00fcl\u00e9k doboz\u00e1ban ugyanis csak egy 16,5 wattos t\u00f6lt\u0151fej, az ehhez sz\u00fcks\u00e9ges k\u00e1bel, illetve egy SIM-t\u0171 kapott helyet. F\u00fclhallgat\u00f3t a jack csatlakoz\u00f3 megl\u00e9te ellen\u00e9re sem tartalmaz az alapcsomag, tov\u00e1bb\u00e1 a telefon v\u00e9d\u0151f\u00f3lia \u00e9s tok n\u00e9lk\u00fcl \u00e9rkezik. A kor\u00e1bban eml\u00edtett cs\u00fasz\u00f3ss\u00e1g miatt ezeket \u00e9rdemes m\u00e1r r\u00f6gt\u00f6n a v\u00e1s\u00e1rl\u00e1s sor\u00e1n p\u00f3tolni.<\/p>\n\n\n\n<h3 class=\"wp-block-heading\"><strong>Ha a k\u00fcls\u0151 a l\u00e9nyeg<\/strong><\/h3>\n\n\n\n<p>Az LG Velvet \u00e1ra jelenleg <a href=\"https:\/\/www.mediamarkt.hu\/catentry\/1329402\">200 ezer forint<\/a> k\u00f6r\u00fcl mozog, ami kiss\u00e9 magas a hasonl\u00f3 k\u00e9pess\u00e9g\u0171 k\u00f6z\u00e9pkateg\u00f3ri\u00e1s okostelefonokhoz k\u00e9pest, viszont ez\u00e9rt olyan diz\u00e1jnt kapunk, ami kiemelkedik a kateg\u00f3ri\u00e1n bel\u00fcl el\u00e9rhet\u0151 megold\u00e1sok k\u00f6z\u00fcl. \u00c9ppen ez\u00e9rt ez a telefon f\u0151leg azoknak lehet j\u00f3 v\u00e1laszt\u00e1s, akiknek a k\u00fcls\u0151 els\u0151dleges szempont, a fot\u00f3z\u00e1s viszont nem kiemelked\u0151en fontos, illetve nem gond, hogy hi\u00e1nyzik a m\u00e1ra az\u00e9rt m\u00e1r teljesen megszokottnak mondhat\u00f3 arcfelismer\u00e9s funkci\u00f3.<\/p>\n\n\n\n<figure class=\"wp-block-image size-large\"><img loading=\"lazy\" decoding=\"async\" width=\"1024\" height=\"768\" src=\"https:\/\/hir.mediamarkt.hu\/magazin\/wp-content\/uploads\/2020\/08\/lg-velvet-4g-7-1024x768.jpg\" alt=\"\" class=\"wp-image-11067\" srcset=\"https:\/\/hir.mediamarkt.hu\/magazin\/wp-content\/uploads\/2020\/08\/lg-velvet-4g-7-1024x768.jpg 1024w, https:\/\/hir.mediamarkt.hu\/magazin\/wp-content\/uploads\/2020\/08\/lg-velvet-4g-7-300x225.jpg 300w, https:\/\/hir.mediamarkt.hu\/magazin\/wp-content\/uploads\/2020\/08\/lg-velvet-4g-7-275x206.jpg 275w, https:\/\/hir.mediamarkt.hu\/magazin\/wp-content\/uploads\/2020\/08\/lg-velvet-4g-7-768x576.jpg 768w, https:\/\/hir.mediamarkt.hu\/magazin\/wp-content\/uploads\/2020\/08\/lg-velvet-4g-7-1536x1152.jpg 1536w, https:\/\/hir.mediamarkt.hu\/magazin\/wp-content\/uploads\/2020\/08\/lg-velvet-4g-7-500x375.jpg 500w, https:\/\/hir.mediamarkt.hu\/magazin\/wp-content\/uploads\/2020\/08\/lg-velvet-4g-7.jpg 1440w\" sizes=\"(max-width: 1024px) 100vw, 1024px\" \/><\/figure>\n","protected":false},"excerpt":{"rendered":"tesztelt\u00fck az LG leg\u00fajabb okostelefonj\u00e1t, az LG Velvetet, ami cs\u00facskateg\u00f3ri\u00e1s k\u00fcls\u0151t \u00f6tv\u00f6z k\u00f6z\u00e9pkateg\u00f3ri\u00e1s hardverrel. ","protected":false},"author":13,"featured_media":11091,"comment_status":"open","ping_status":"open","sticky":false,"template":"","format":"standard","meta":{"wprm-recipe-roundup-name":"","wprm-recipe-roundup-description":"","footnotes":""},"categories":[5944,5946],"tags":[298,3961,426,1756,170,82],"yoast_head":"<!-- This site is optimized with the Yoast SEO plugin v22.9 - https:\/\/yoast.com\/wordpress\/plugins\/seo\/ -->\n<title>LG Velvet teszt: egy telefon azoknak, akiknek fontos a k\u00fcls\u0151<\/title>\n<meta name=\"description\" content=\"M\u00e1r haz\u00e1nkban is kaphat\u00f3 az LG leg\u00fajabb okostelefonja, a Velvet, ami cs\u00facskateg\u00f3ri\u00e1s k\u00fcls\u0151t \u00f6tv\u00f6z k\u00f6z\u00e9pkateg\u00f3ri\u00e1s hardverrel.\" \/>\n<meta name=\"robots\" content=\"index, follow, max-snippet:-1, max-image-preview:large, max-video-preview:-1\" \/>\n<link rel=\"canonical\" href=\"https:\/\/hir.mediamarkt.hu\/magazin\/lg-velvet-mobil-okostelefon-teszt-specifikaciok\/\" \/>\n<meta property=\"og:locale\" content=\"hu_HU\" \/>\n<meta property=\"og:type\" content=\"article\" \/>\n<meta property=\"og:title\" content=\"LG Velvet teszt: egy telefon azoknak, akiknek fontos a k\u00fcls\u0151\" \/>\n<meta property=\"og:description\" content=\"M\u00e1r haz\u00e1nkban is kaphat\u00f3 az LG leg\u00fajabb okostelefonja, a Velvet, ami cs\u00facskateg\u00f3ri\u00e1s k\u00fcls\u0151t \u00f6tv\u00f6z k\u00f6z\u00e9pkateg\u00f3ri\u00e1s hardverrel.\" \/>\n<meta property=\"og:url\" content=\"https:\/\/hir.mediamarkt.hu\/magazin\/lg-velvet-mobil-okostelefon-teszt-specifikaciok\/\" \/>\n<meta property=\"og:site_name\" content=\"MediaMarkt Magazin\" \/>\n<meta property=\"article:publisher\" content=\"https:\/\/www.facebook.com\/MediaMarktMagyarorszag\" \/>\n<meta property=\"article:published_time\" content=\"2020-08-26T13:02:43+00:00\" \/>\n<meta property=\"article:modified_time\" content=\"2020-08-27T13:45:27+00:00\" \/>\n<meta property=\"og:image\" content=\"https:\/\/hir.mediamarkt.hu\/magazin\/wp-content\/uploads\/2020\/08\/LG-velvet-teszt-Media-Markt-1.png\" \/>\n\t<meta property=\"og:image:width\" content=\"1024\" \/>\n\t<meta property=\"og:image:height\" content=\"619\" \/>\n\t<meta property=\"og:image:type\" content=\"image\/png\" \/>\n<meta name=\"author\" content=\"Media Markt\" \/>\n<meta name=\"twitter:label1\" content=\"Szerz\u0151:\" \/>\n\t<meta name=\"twitter:data1\" content=\"Media Markt\" \/>\n\t<meta name=\"twitter:label2\" content=\"Becs\u00fclt olvas\u00e1si id\u0151\" \/>\n\t<meta name=\"twitter:data2\" content=\"9 perc\" \/>\n<script type=\"application\/ld+json\" class=\"yoast-schema-graph\">{\"@context\":\"https:\/\/schema.org\",\"@graph\":[{\"@type\":\"WebPage\",\"@id\":\"https:\/\/hir.mediamarkt.hu\/magazin\/lg-velvet-mobil-okostelefon-teszt-specifikaciok\/\",\"url\":\"https:\/\/hir.mediamarkt.hu\/magazin\/lg-velvet-mobil-okostelefon-teszt-specifikaciok\/\",\"name\":\"LG Velvet teszt: egy telefon azoknak, akiknek fontos a k\u00fcls\u0151\",\"isPartOf\":{\"@id\":\"https:\/\/hir.mediamarkt.hu\/magazin\/#website\"},\"primaryImageOfPage\":{\"@id\":\"https:\/\/hir.mediamarkt.hu\/magazin\/lg-velvet-mobil-okostelefon-teszt-specifikaciok\/#primaryimage\"},\"image\":{\"@id\":\"https:\/\/hir.mediamarkt.hu\/magazin\/lg-velvet-mobil-okostelefon-teszt-specifikaciok\/#primaryimage\"},\"thumbnailUrl\":\"https:\/\/hir.mediamarkt.hu\/magazin\/wp-content\/uploads\/2020\/08\/LG-velvet-teszt-Media-Markt-1.png\",\"datePublished\":\"2020-08-26T13:02:43+00:00\",\"dateModified\":\"2020-08-27T13:45:27+00:00\",\"author\":{\"@id\":\"https:\/\/hir.mediamarkt.hu\/magazin\/#\/schema\/person\/b93b02ec1ab4d2353f8d281e171c1b0b\"},\"description\":\"M\u00e1r haz\u00e1nkban is kaphat\u00f3 az LG leg\u00fajabb okostelefonja, a Velvet, ami cs\u00facskateg\u00f3ri\u00e1s k\u00fcls\u0151t \u00f6tv\u00f6z k\u00f6z\u00e9pkateg\u00f3ri\u00e1s hardverrel.\",\"breadcrumb\":{\"@id\":\"https:\/\/hir.mediamarkt.hu\/magazin\/lg-velvet-mobil-okostelefon-teszt-specifikaciok\/#breadcrumb\"},\"inLanguage\":\"hu\",\"potentialAction\":[{\"@type\":\"ReadAction\",\"target\":[\"https:\/\/hir.mediamarkt.hu\/magazin\/lg-velvet-mobil-okostelefon-teszt-specifikaciok\/\"]}]},{\"@type\":\"ImageObject\",\"inLanguage\":\"hu\",\"@id\":\"https:\/\/hir.mediamarkt.hu\/magazin\/lg-velvet-mobil-okostelefon-teszt-specifikaciok\/#primaryimage\",\"url\":\"https:\/\/hir.mediamarkt.hu\/magazin\/wp-content\/uploads\/2020\/08\/LG-velvet-teszt-Media-Markt-1.png\",\"contentUrl\":\"https:\/\/hir.mediamarkt.hu\/magazin\/wp-content\/uploads\/2020\/08\/LG-velvet-teszt-Media-Markt-1.png\",\"width\":1024,\"height\":619},{\"@type\":\"BreadcrumbList\",\"@id\":\"https:\/\/hir.mediamarkt.hu\/magazin\/lg-velvet-mobil-okostelefon-teszt-specifikaciok\/#breadcrumb\",\"itemListElement\":[{\"@type\":\"ListItem\",\"position\":1,\"name\":\"Kezd\u0151lap\",\"item\":\"https:\/\/hir.mediamarkt.hu\/magazin\/\"},{\"@type\":\"ListItem\",\"position\":2,\"name\":\"LG Velvet teszt: egy telefon azoknak, akiknek fontos a k\u00fcls\u0151\"}]},{\"@type\":\"WebSite\",\"@id\":\"https:\/\/hir.mediamarkt.hu\/magazin\/#website\",\"url\":\"https:\/\/hir.mediamarkt.hu\/magazin\/\",\"name\":\"MediaMarkt Magazin\",\"description\":\"Olvass bele magazinunkba!\",\"potentialAction\":[{\"@type\":\"SearchAction\",\"target\":{\"@type\":\"EntryPoint\",\"urlTemplate\":\"https:\/\/hir.mediamarkt.hu\/magazin\/?s={search_term_string}\"},\"query-input\":\"required name=search_term_string\"}],\"inLanguage\":\"hu\"},{\"@type\":\"Person\",\"@id\":\"https:\/\/hir.mediamarkt.hu\/magazin\/#\/schema\/person\/b93b02ec1ab4d2353f8d281e171c1b0b\",\"name\":\"Media Markt\",\"image\":{\"@type\":\"ImageObject\",\"inLanguage\":\"hu\",\"@id\":\"https:\/\/hir.mediamarkt.hu\/magazin\/#\/schema\/person\/image\/\",\"url\":\"https:\/\/secure.gravatar.com\/avatar\/602bccae8998beee472d01909f0978f1?s=96&d=mm&r=g\",\"contentUrl\":\"https:\/\/secure.gravatar.com\/avatar\/602bccae8998beee472d01909f0978f1?s=96&d=mm&r=g\",\"caption\":\"Media Markt\"}}]}<\/script>\n<!-- \/ Yoast SEO plugin. -->","yoast_head_json":{"title":"LG Velvet teszt: egy telefon azoknak, akiknek fontos a k\u00fcls\u0151","description":"M\u00e1r haz\u00e1nkban is kaphat\u00f3 az LG leg\u00fajabb okostelefonja, a Velvet, ami cs\u00facskateg\u00f3ri\u00e1s k\u00fcls\u0151t \u00f6tv\u00f6z k\u00f6z\u00e9pkateg\u00f3ri\u00e1s hardverrel.","robots":{"index":"index","follow":"follow","max-snippet":"max-snippet:-1","max-image-preview":"max-image-preview:large","max-video-preview":"max-video-preview:-1"},"canonical":"https:\/\/hir.mediamarkt.hu\/magazin\/lg-velvet-mobil-okostelefon-teszt-specifikaciok\/","og_locale":"hu_HU","og_type":"article","og_title":"LG Velvet teszt: egy telefon azoknak, akiknek fontos a k\u00fcls\u0151","og_description":"M\u00e1r haz\u00e1nkban is kaphat\u00f3 az LG leg\u00fajabb okostelefonja, a Velvet, ami cs\u00facskateg\u00f3ri\u00e1s k\u00fcls\u0151t \u00f6tv\u00f6z k\u00f6z\u00e9pkateg\u00f3ri\u00e1s hardverrel.","og_url":"https:\/\/hir.mediamarkt.hu\/magazin\/lg-velvet-mobil-okostelefon-teszt-specifikaciok\/","og_site_name":"MediaMarkt Magazin","article_publisher":"https:\/\/www.facebook.com\/MediaMarktMagyarorszag","article_published_time":"2020-08-26T13:02:43+00:00","article_modified_time":"2020-08-27T13:45:27+00:00","og_image":[{"width":1024,"height":619,"url":"https:\/\/hir.mediamarkt.hu\/magazin\/wp-content\/uploads\/2020\/08\/LG-velvet-teszt-Media-Markt-1.png","type":"image\/png"}],"author":"Media Markt","twitter_misc":{"Szerz\u0151:":"Media Markt","Becs\u00fclt olvas\u00e1si id\u0151":"9 perc"},"schema":{"@context":"https:\/\/schema.org","@graph":[{"@type":"WebPage","@id":"https:\/\/hir.mediamarkt.hu\/magazin\/lg-velvet-mobil-okostelefon-teszt-specifikaciok\/","url":"https:\/\/hir.mediamarkt.hu\/magazin\/lg-velvet-mobil-okostelefon-teszt-specifikaciok\/","name":"LG Velvet teszt: egy telefon azoknak, akiknek fontos a k\u00fcls\u0151","isPartOf":{"@id":"https:\/\/hir.mediamarkt.hu\/magazin\/#website"},"primaryImageOfPage":{"@id":"https:\/\/hir.mediamarkt.hu\/magazin\/lg-velvet-mobil-okostelefon-teszt-specifikaciok\/#primaryimage"},"image":{"@id":"https:\/\/hir.mediamarkt.hu\/magazin\/lg-velvet-mobil-okostelefon-teszt-specifikaciok\/#primaryimage"},"thumbnailUrl":"https:\/\/hir.mediamarkt.hu\/magazin\/wp-content\/uploads\/2020\/08\/LG-velvet-teszt-Media-Markt-1.png","datePublished":"2020-08-26T13:02:43+00:00","dateModified":"2020-08-27T13:45:27+00:00","author":{"@id":"https:\/\/hir.mediamarkt.hu\/magazin\/#\/schema\/person\/b93b02ec1ab4d2353f8d281e171c1b0b"},"description":"M\u00e1r haz\u00e1nkban is kaphat\u00f3 az LG leg\u00fajabb okostelefonja, a Velvet, ami cs\u00facskateg\u00f3ri\u00e1s k\u00fcls\u0151t \u00f6tv\u00f6z k\u00f6z\u00e9pkateg\u00f3ri\u00e1s hardverrel.","breadcrumb":{"@id":"https:\/\/hir.mediamarkt.hu\/magazin\/lg-velvet-mobil-okostelefon-teszt-specifikaciok\/#breadcrumb"},"inLanguage":"hu","potentialAction":[{"@type":"ReadAction","target":["https:\/\/hir.mediamarkt.hu\/magazin\/lg-velvet-mobil-okostelefon-teszt-specifikaciok\/"]}]},{"@type":"ImageObject","inLanguage":"hu","@id":"https:\/\/hir.mediamarkt.hu\/magazin\/lg-velvet-mobil-okostelefon-teszt-specifikaciok\/#primaryimage","url":"https:\/\/hir.mediamarkt.hu\/magazin\/wp-content\/uploads\/2020\/08\/LG-velvet-teszt-Media-Markt-1.png","contentUrl":"https:\/\/hir.mediamarkt.hu\/magazin\/wp-content\/uploads\/2020\/08\/LG-velvet-teszt-Media-Markt-1.png","width":1024,"height":619},{"@type":"BreadcrumbList","@id":"https:\/\/hir.mediamarkt.hu\/magazin\/lg-velvet-mobil-okostelefon-teszt-specifikaciok\/#breadcrumb","itemListElement":[{"@type":"ListItem","position":1,"name":"Kezd\u0151lap","item":"https:\/\/hir.mediamarkt.hu\/magazin\/"},{"@type":"ListItem","position":2,"name":"LG Velvet teszt: egy telefon azoknak, akiknek fontos a k\u00fcls\u0151"}]},{"@type":"WebSite","@id":"https:\/\/hir.mediamarkt.hu\/magazin\/#website","url":"https:\/\/hir.mediamarkt.hu\/magazin\/","name":"MediaMarkt Magazin","description":"Olvass bele magazinunkba!","potentialAction":[{"@type":"SearchAction","target":{"@type":"EntryPoint","urlTemplate":"https:\/\/hir.mediamarkt.hu\/magazin\/?s={search_term_string}"},"query-input":"required name=search_term_string"}],"inLanguage":"hu"},{"@type":"Person","@id":"https:\/\/hir.mediamarkt.hu\/magazin\/#\/schema\/person\/b93b02ec1ab4d2353f8d281e171c1b0b","name":"Media Markt","image":{"@type":"ImageObject","inLanguage":"hu","@id":"https:\/\/hir.mediamarkt.hu\/magazin\/#\/schema\/person\/image\/","url":"https:\/\/secure.gravatar.com\/avatar\/602bccae8998beee472d01909f0978f1?s=96&d=mm&r=g","contentUrl":"https:\/\/secure.gravatar.com\/avatar\/602bccae8998beee472d01909f0978f1?s=96&d=mm&r=g","caption":"Media Markt"}}]}},"_links":{"self":[{"href":"https:\/\/hir.mediamarkt.hu\/magazin\/wp-json\/wp\/v2\/posts\/10999"}],"collection":[{"href":"https:\/\/hir.mediamarkt.hu\/magazin\/wp-json\/wp\/v2\/posts"}],"about":[{"href":"https:\/\/hir.mediamarkt.hu\/magazin\/wp-json\/wp\/v2\/types\/post"}],"author":[{"embeddable":true,"href":"https:\/\/hir.mediamarkt.hu\/magazin\/wp-json\/wp\/v2\/users\/13"}],"replies":[{"embeddable":true,"href":"https:\/\/hir.mediamarkt.hu\/magazin\/wp-json\/wp\/v2\/comments?post=10999"}],"version-history":[{"count":52,"href":"https:\/\/hir.mediamarkt.hu\/magazin\/wp-json\/wp\/v2\/posts\/10999\/revisions"}],"predecessor-version":[{"id":11092,"href":"https:\/\/hir.mediamarkt.hu\/magazin\/wp-json\/wp\/v2\/posts\/10999\/revisions\/11092"}],"wp:featuredmedia":[{"embeddable":true,"href":"https:\/\/hir.mediamarkt.hu\/magazin\/wp-json\/wp\/v2\/media\/11091"}],"wp:attachment":[{"href":"https:\/\/hir.mediamarkt.hu\/magazin\/wp-json\/wp\/v2\/media?parent=10999"}],"wp:term":[{"taxonomy":"category","embeddable":true,"href":"https:\/\/hir.mediamarkt.hu\/magazin\/wp-json\/wp\/v2\/categories?post=10999"},{"taxonomy":"post_tag","embeddable":true,"href":"https:\/\/hir.mediamarkt.hu\/magazin\/wp-json\/wp\/v2\/tags?post=10999"}],"curies":[{"name":"wp","href":"https:\/\/api.w.org\/{rel}","templated":true}]}}