{"id":111,"date":"2013-05-30T00:00:00","date_gmt":"2013-05-30T00:00:00","guid":{"rendered":""},"modified":"-0001-11-30T00:00:00","modified_gmt":"-0001-11-29T23:00:00","slug":"minden-konkurens-felhet-a-google-ujdonsagaitol","status":"publish","type":"post","link":"https:\/\/hir.mediamarkt.hu\/magazin\/minden-konkurens-felhet-a-google-ujdonsagaitol\/","title":{"rendered":"Minden konkurens f\u00e9lhet a Google \u00fajdons\u00e1gait\u00f3l"},"content":{"rendered":"<div>  \t  \t<p><b>Okosabb \u00e9s k\u00f6nnyebben kezelhet\u0151 t\u00e9rk\u00e9pek, \u00faj cseveg\u0151program, \u00e9s a besz\u00e9det jobban \u00e9rt\u0151 keres\u0151: a Google hardveres \u00fajdons\u00e1gok helyett id\u00e9n egy sor szoftveres \u00fajdons\u00e1got leplezett le id\u00e9n a saj\u00e1t fejleszt\u0151i konferenci\u00e1j\u00e1n. <\/b><\/p>      <p>  A Google \u00e9vente egyszer megrendezett fejleszt\u0151i konferenci\u00e1j\u00e1ra id\u00e9n is \u00f3r\u00e1k alatt, el\u0151v\u00e9telben elkapkodt\u00e1k a m\u00e9regdr\u00e1ga, 900 doll\u00e1ros jegyeket az \u00e9rdekl\u0151d\u0151k. Ezen az esem\u00e9nyen szokta a v\u00e1llalat bejelenteni \u00faj terveit, term\u00e9keit \u00e9s a megl\u00e9v\u0151 szolg\u00e1ltat\u00e1sok fejleszt\u00e9seit is. A m\u00e1jus 15-ei konferencia nyit\u00f3besz\u00e9d\u00e9ben id\u00e9n nem volt olyan szint\u0171 meglepet\u00e9s, mint a tavaly ilyenkor bemutatott Google Glass okos szem\u00fcveg, vagy a Nexus 7 androidos tablet, de erre az \u00e9vre is jutott n\u00e9h\u00e1ny fontos \u00fajdons\u00e1g.  A tavalyi esem\u00e9ny a hardveres \u00fajdons\u00e1gok ter\u00e9n sz\u00f3lt a legnagyobbat, hiszen a Glass \u00e9s a Nexus 7 mellett m\u00e9g egy m\u00e9dialej\u00e1tsz\u00f3t is leleplezett Larry Page, a keres\u0151c\u00e9g most 40 \u00e9ves f\u0151n\u00f6ke. Id\u00e9n ilyen nagy szenz\u00e1ci\u00f3r\u00f3l nem hullt le a lepel, amit azzal igyekezett a c\u00e9g ellens\u00falyozni, hogy bejelentette: a Google Play Store-ban kaphat\u00f3 lesz a Samsung Galaxy S4, a d\u00e9l-koreai gy\u00e1rt\u00f3 leger\u0151sebb 2013-as k\u00e9sz\u00fcl\u00e9ke, de az oper\u00e1ci\u00f3s rendszere nem a Samsung \u00e1ltal \u00e1talak\u00edtott \u00e9s kib\u0151v\u00edtett, hanem a Google \u00e1ltal fejlesztett eredeti Android lesz, ezzel biztos\u00edtva a fejleszt\u0151knek a \u201cNexus-\u00e9lm\u00e9nyt\u201d.A szolg\u00e1ltat\u00e1sok ter\u00fclet\u00e9n viszont szinte minden fontos Google-m\u00e1rk\u00e1hoz ker\u00fclt egy-egy nagyobb l\u00e9pt\u00e9k\u0171 \u00fajdons\u00e1g, ami azt mutatja, hogy az ut\u00f3bbi \u00e9vekben portf\u00f3li\u00f3j\u00e1t jelent\u0151s m\u00e9rt\u00e9kben kigyoml\u00e1l\u00f3, csak a fontosnak tartott ter\u00fcletekre koncentr\u00e1l\u00f3 c\u00e9g nem t\u00e9tlenkedik. A konkurencia minden fontos tagj\u00e1nak lesz mi\u00e9rt agg\u00f3dnia.    \t<br>     \t<center><img src='http:\/\/hir.mediamarkt.hu\/magazin\/images\/0521_01.png' border='0' alt='' \/>     \t   \t<div style='width: 524px; text-align: center; font-style: italic;'>A felhaszn\u00e1l\u00f3 ig\u00e9nyeihez alkalmazkodik a Google Maps<\/div>     \t<br>  \t<\/center>    <p><br>   A keres\u00e9sen t\u00fal tal\u00e1n a T\u00e9rk\u00e9p az egyetlen ter\u00fclet, ahol nincs igazi kih\u00edv\u00f3ja a Google-nak, \u00e1m m\u00e9gis nagyot l\u00e9p el\u0151re az &#8211; egyel\u0151re csak korai b\u00e9ta v\u00e1ltozatban bemutatott &#8211; legfrissebb Maps. A felhaszn\u00e1l\u00f3k keres\u00e9si el\u0151zm\u00e9nyeib\u0151l, megoszt\u00e1saib\u00f3l \u00e9s t\u00f6bbi aktivit\u00e1s\u00e1b\u00f3l tanul a rendszer, \u00edgy olyan \u00e9rz\u00e9st kelt, mintha mindenkinek saj\u00e1t egyedi t\u00e9rk\u00e9pet k\u00e9sz\u00edten\u00e9nek. A helykeres\u00e9si intelligencia mellett a fel\u00fclet is megv\u00e1ltozik, a teljes k\u00e9perny\u0151t a t\u00e9rk\u00e9p fogja uralni, a kieg\u00e9sz\u00edt\u0151 inform\u00e1ci\u00f3k a Google Now-n\u00e1l m\u00e1r megszokott k\u00e1rty\u00e1kon jelennek meg. Ide kapcsol\u00f3dik, hogy az \u00faj Androidba is ker\u00fclt n\u00e9h\u00e1ny helymeghat\u00e1roz\u00e1ssal kapcsolatos \u00fajdons\u00e1g. \u00cdgy p\u00e9ld\u00e1ul sokkal kevesebbet fog fogyasztani a GPS haszn\u00e1lat, automatikusan \u00e9rz\u00e9keli majd a telefon, ha meg\u00e9rkez\u00fcnk egy el\u0151re meghat\u00e1rozott ter\u00fcletre, illetve mag\u00e1t\u00f3l kital\u00e1lja, futunk, bring\u00e1zunk vagy \u00e9ppen aut\u00f3val k\u00f6zleked\u00fcnk.  <\/p>  <p>   \u00c9vek sz\u00edv\u00f3s munk\u00e1j\u00e1val a Google Plust haszn\u00e1lhat\u00f3, s\u0151t imm\u00e1r vonz\u00f3 t\u00e1rsas h\u00e1l\u00f3zati szolg\u00e1ltat\u00e1ss\u00e1 alak\u00edtott\u00e1k, s a most bemutatott leg\u00fajabb \u00e1talak\u00edt\u00e1sokkal el\u00e9rte azt a szintet, amikor m\u00e1r a Facebook is elkezdhet agg\u00f3dni. A k\u00f6z\u00f6ss\u00e9gi szolg\u00e1ltat\u00e1s n\u00f6vekv\u0151 elfogadotts\u00e1g\u00e1t mutatja az is, hogy a Facebook 1 milli\u00e1rd felhaszn\u00e1l\u00f3j\u00e1val szemben a Google Plus imm\u00e1r 190 milli\u00f3 felhaszn\u00e1l\u00f3val b\u00fcszk\u00e9lkedhet, \u00e9s a n\u00f6veked\u00e9si \u00fcteme is j\u00f3val nagyobb a konkurens\u00e9n\u00e9l. A m\u00e1r mindenki &#8211; \u00edgy a magyar felhaszn\u00e1l\u00f3k &#8211; sz\u00e1m\u00e1ra is el\u00e9rhet\u0151 \u00faj v\u00e1ltozat 41 k\u00fcl\u00f6nf\u00e9le m\u00f3dos\u00edt\u00e1sa k\u00f6z\u00fcl a kipol\u00edrozott k\u00fcls\u0151, a nagyobb f\u00e9nyk\u00e9pek \u00e9s az ezeket automatikusan jav\u00edt\u00f3 algoritmusok emelhet\u0151k ki, mely ut\u00f3bbiak be\u00e1ll\u00edtj\u00e1k a sz\u00ednhib\u00e1s, f\u00e9lreexpon\u00e1lt k\u00e9peket, s\u0151t ak\u00e1r a r\u00e1ncokat is elt\u00fcntetik a felt\u00f6lt\u00f6tt arck\u00e9pekr\u0151l.   <\/p>    \t<br>     \t<center><img src='http:\/\/hir.mediamarkt.hu\/magazin\/images\/0521_02.png' border='0' alt='' \/>     \t   \t<div style='width: 524px; text-align: center; font-style: italic;'>L\u00e1tv\u00e1nyos 3D-s n\u00e9zet az \u00faj fel\u00fcleten<\/div>     \t<br>  \t<\/center>    <p><br>   A Google Play Music All Access el\u0151fizet\u00e9ses zeneszolg\u00e1ltat\u00e1s viszont csak az amerikai felhaszn\u00e1l\u00f3knak \u00e9rhet\u0151 el havi t\u00edz doll\u00e1r\u00e9rt, de rem\u00e9nykedhet\u00fcnk, hogy egyszer Eur\u00f3p\u00e1ba is meg\u00e9rkezik a Deezer, Pandora vagy Spotify \u00f6tleteib\u0151l mer\u00edt\u0151 zenecsatorna.A Plusban m\u00e1r eddig is el\u00e9rhet\u0151 volt a Hangouts nev\u0171 csoportos videochat szolg\u00e1ltat\u00e1s, \u00e1m mostant\u00f3l \u00f6n\u00e1ll\u00f3 alkalmaz\u00e1sk\u00e9nt Windowsb\u00f3l, Android alatt, illetve iOS-en is haszn\u00e1lhat\u00f3 lesz, ezzel a Skype-nak \u00e9s a Vibernek okozva fejf\u00e1j\u00e1st.  Mindenkinek felt\u0171nt volna, ha \u00e9ppen a c\u00e9g eredeti term\u00e9k\u00e9hez, a keres\u0151motorhoz ne mutattak volna be semmi \u00fajdons\u00e1got, de term\u00e9szetesen itt is volt mivel b\u00fcszk\u00e9lkedni\u00fck: id\u00e9n a besz\u00e9l\u0151 \u00e9s \u00e9l\u0151besz\u00e9det meg\u00e9rt\u0151 kieg\u00e9sz\u00edt\u00e9sek \u00e9ve lesz a Google Keres\u0151n\u00e9l. A v\u00e1llalatnak m\u00e1r kor\u00e1bban is megvolt a v\u00e1lasza az Apple Siri besz\u00e9dfelismer\u0151j\u00e9re, s\u0151t a legt\u00f6bb \u00f6sszehasonl\u00edt\u00e1sban meg is verte azt, \u00e1m most m\u00e9g intelligensebb lett a sz\u00f6veg\u00e9rt\u00e9s, az \u00e9l\u0151besz\u00e9d felismer\u00e9se \u00e9s az erre val\u00f3 reakci\u00f3 egyar\u00e1nt. A keres\u0151 sz\u00f6vegk\u00f6rnyezet\u00e9ben vizsg\u00e1lja, amit mondunk neki, \u00edgy p\u00e9ld\u00e1ul egy el\u0151z\u0151 keres\u00e9sre visszautal\u00f3 mondatot is helyesen \u00e9rtelmez, s r\u00e1ad\u00e1sul mindezt az \u00f6sszes Google szolg\u00e1ltat\u00e1son \u00e1t\u00edvel\u0151 m\u00f3don &#8211; \u00edgy ak\u00e1r dikt\u00e1lhatunk vagy \u00e9ppen a t\u00e9rk\u00e9pet vez\u00e9relhetj\u00fck seg\u00edts\u00e9g\u00e9vel.    <\/p>  <p>   Meg\u00fajult a Google Wallet elektronikus p\u00e9nzt\u00e1rca, ami a PayPalra hozhatja a fr\u00e1szt, s v\u00e9gre az Androidra is megsz\u00fcletett a Game services j\u00e1t\u00e9kk\u00f6zpont, ami lehet\u0151v\u00e9 teszi a j\u00e1t\u00e9k\u00e1ll\u00e1sok felh\u0151be ment\u00e9s\u00e9t, a k\u00fcl\u00f6nb\u00f6z\u0151 eszk\u00f6z\u00f6k k\u00f6z\u00f6tti v\u00e1lt\u00e1st menet k\u00f6zben, az egym\u00e1s elleni j\u00e1t\u00e9kot \u00e9s a j\u00e1t\u00e9kosok egym\u00e1s eredm\u00e9nyeinek figyel\u00e9s\u00e9t, illetve komment\u00e1l\u00e1s\u00e1t. Hasonl\u00f3 szolg\u00e1ltat\u00e1sa m\u00e1r az Apple-nek \u00e9s a Microsoftnak is van, most azonban m\u00e1r ebben is versenyezhet vel\u00fck a Google, amely az androidot szeretn\u00e9 \u00e9lhet\u0151bb j\u00e1t\u00e9kplatformm\u00e1 tenni ezzel.   <\/p>    <p>     Forr\u00e1s: Media Markt Magyarorsz\u00e1g  <\/p>    <!-- FB HSZ -->    \t<div id=\"fb-root\"><\/div>  \t<script>  \t(function(d, s, id) {  \t  var js, fjs = d.getElementsByTagName(s)[0];  \t  if (d.getElementById(id)) return;  \t  js = d.createElement(s); js.id = id;  \t  js.src = \"http:\/\/connect.facebook.net\/hu_HU\/all.js#xfbml=1&appId=282207548525345\";  \t  fjs.parentNode.insertBefore(js, fjs);  \t}(document, 'script', 'facebook-jssdk'));  \t  \t<\/script>  \t  <\/div><div class='fb-comments' data-href='http:\/\/hir.mediamarkt.hu\/magazin\/Minden_konkurens_felhet_a_Google_ujdonsagaitol' data-num-posts='10' data-width='515'><\/div>","protected":false},"excerpt":{"rendered":"Okosabb \u00e9s k\u00f6nnyebben kezelhet\u0151 t\u00e9rk\u00e9pek, \u00faj cseveg\u0151program, \u00e9s a besz\u00e9det jobban \u00e9rt\u0151 keres\u0151: a Google hardveres \u00fajdons\u00e1gok helyett id\u00e9n egy sor szoftveres \u00fajdons\u00e1got leplezett le id\u00e9n a saj\u00e1t fejleszt\u0151i konferenci\u00e1j\u00e1n. A Google \u00e9vente egyszer megrendezett fejleszt\u0151i konferenci\u00e1j\u00e1ra id\u00e9n is \u00f3r\u00e1k alatt, el\u0151v\u00e9telben elkapkodt\u00e1k a m\u00e9regdr\u00e1ga, 900 doll\u00e1ros jegyeket az \u00e9rdekl\u0151d\u0151k. Ezen az esem\u00e9nyen szokta a v\u00e1llalat bejelenteni \u00faj terveit, term\u00e9keit \u00e9s a megl\u00e9v\u0151 szolg\u00e1ltat\u00e1sok fejleszt\u00e9seit is. A m\u00e1jus 15-ei konferencia nyit\u00f3besz\u00e9d\u00e9ben id\u00e9n nem volt olyan szint\u0171 meglepet\u00e9s, mint a tavaly ilyenkor bemutatott Google Glass okos szem\u00fcveg, vagy a Nexus 7 androidos tablet, de erre az \u00e9vre is jutott n\u00e9h\u00e1ny fontos \u00fajdons\u00e1g. A tavalyi esem\u00e9ny a hardveres \u00fajdons\u00e1gok ter\u00e9n sz\u00f3lt a legnagyobbat, hiszen a Glass \u00e9s a Nexus 7 mellett m\u00e9g &#8230;","protected":false},"author":1,"featured_media":0,"comment_status":"open","ping_status":"open","sticky":false,"template":"","format":"standard","meta":{"wprm-recipe-roundup-name":"","wprm-recipe-roundup-description":"","footnotes":""},"categories":[],"tags":[],"yoast_head":"<!-- This site is optimized with the Yoast SEO plugin v22.9 - https:\/\/yoast.com\/wordpress\/plugins\/seo\/ -->\n<title>Minden konkurens f\u00e9lhet a Google \u00fajdons\u00e1gait\u00f3l - MediaMarkt Magazin<\/title>\n<meta name=\"robots\" content=\"index, follow, max-snippet:-1, max-image-preview:large, max-video-preview:-1\" \/>\n<link rel=\"canonical\" href=\"https:\/\/hir.mediamarkt.hu\/magazin\/minden-konkurens-felhet-a-google-ujdonsagaitol\/\" \/>\n<meta property=\"og:locale\" content=\"hu_HU\" \/>\n<meta property=\"og:type\" content=\"article\" \/>\n<meta property=\"og:title\" content=\"Minden konkurens f\u00e9lhet a Google \u00fajdons\u00e1gait\u00f3l - MediaMarkt Magazin\" \/>\n<meta property=\"og:description\" content=\"Okosabb \u00e9s k\u00f6nnyebben kezelhet\u0151 t\u00e9rk\u00e9pek, \u00faj cseveg\u0151program, \u00e9s a besz\u00e9det jobban \u00e9rt\u0151 keres\u0151: a Google hardveres \u00fajdons\u00e1gok helyett id\u00e9n egy sor szoftveres \u00fajdons\u00e1got leplezett le id\u00e9n a saj\u00e1t fejleszt\u0151i konferenci\u00e1j\u00e1n. A Google \u00e9vente egyszer megrendezett fejleszt\u0151i konferenci\u00e1j\u00e1ra id\u00e9n is \u00f3r\u00e1k alatt, el\u0151v\u00e9telben elkapkodt\u00e1k a m\u00e9regdr\u00e1ga, 900 doll\u00e1ros jegyeket az \u00e9rdekl\u0151d\u0151k. Ezen az esem\u00e9nyen szokta a v\u00e1llalat bejelenteni \u00faj terveit, term\u00e9keit \u00e9s a megl\u00e9v\u0151 szolg\u00e1ltat\u00e1sok fejleszt\u00e9seit is. A m\u00e1jus 15-ei konferencia nyit\u00f3besz\u00e9d\u00e9ben id\u00e9n nem volt olyan szint\u0171 meglepet\u00e9s, mint a tavaly ilyenkor bemutatott Google Glass okos szem\u00fcveg, vagy a Nexus 7 androidos tablet, de erre az \u00e9vre is jutott n\u00e9h\u00e1ny fontos \u00fajdons\u00e1g. A tavalyi esem\u00e9ny a hardveres \u00fajdons\u00e1gok ter\u00e9n sz\u00f3lt a legnagyobbat, hiszen a Glass \u00e9s a Nexus 7 mellett m\u00e9g ...\" \/>\n<meta property=\"og:url\" content=\"https:\/\/hir.mediamarkt.hu\/magazin\/minden-konkurens-felhet-a-google-ujdonsagaitol\/\" \/>\n<meta property=\"og:site_name\" content=\"MediaMarkt Magazin\" \/>\n<meta property=\"article:publisher\" content=\"https:\/\/www.facebook.com\/MediaMarktMagyarorszag\" \/>\n<meta property=\"article:published_time\" content=\"2013-05-30T00:00:00+00:00\" \/>\n<meta property=\"article:modified_time\" content=\"-0001-11-30T00:00:00+00:00\" \/>\n<meta property=\"og:image\" content=\"http:\/\/hir.mediamarkt.hu\/magazin\/images\/0521_01.png\" \/>\n<meta name=\"author\" content=\"intermedius\" \/>\n<meta name=\"twitter:label1\" content=\"Szerz\u0151:\" \/>\n\t<meta name=\"twitter:data1\" content=\"intermedius\" \/>\n\t<meta name=\"twitter:label2\" content=\"Becs\u00fclt olvas\u00e1si id\u0151\" \/>\n\t<meta name=\"twitter:data2\" content=\"6 perc\" \/>\n<script type=\"application\/ld+json\" class=\"yoast-schema-graph\">{\"@context\":\"https:\/\/schema.org\",\"@graph\":[{\"@type\":\"WebPage\",\"@id\":\"https:\/\/hir.mediamarkt.hu\/magazin\/minden-konkurens-felhet-a-google-ujdonsagaitol\/\",\"url\":\"https:\/\/hir.mediamarkt.hu\/magazin\/minden-konkurens-felhet-a-google-ujdonsagaitol\/\",\"name\":\"Minden konkurens f\u00e9lhet a Google \u00fajdons\u00e1gait\u00f3l - MediaMarkt Magazin\",\"isPartOf\":{\"@id\":\"https:\/\/hir.mediamarkt.hu\/magazin\/#website\"},\"primaryImageOfPage\":{\"@id\":\"https:\/\/hir.mediamarkt.hu\/magazin\/minden-konkurens-felhet-a-google-ujdonsagaitol\/#primaryimage\"},\"image\":{\"@id\":\"https:\/\/hir.mediamarkt.hu\/magazin\/minden-konkurens-felhet-a-google-ujdonsagaitol\/#primaryimage\"},\"thumbnailUrl\":\"http:\/\/hir.mediamarkt.hu\/magazin\/images\/0521_01.png\",\"datePublished\":\"2013-05-30T00:00:00+00:00\",\"dateModified\":\"-0001-11-30T00:00:00+00:00\",\"author\":{\"@id\":\"https:\/\/hir.mediamarkt.hu\/magazin\/#\/schema\/person\/7f1d99540808335a59d17dcebfa95544\"},\"breadcrumb\":{\"@id\":\"https:\/\/hir.mediamarkt.hu\/magazin\/minden-konkurens-felhet-a-google-ujdonsagaitol\/#breadcrumb\"},\"inLanguage\":\"hu\",\"potentialAction\":[{\"@type\":\"ReadAction\",\"target\":[\"https:\/\/hir.mediamarkt.hu\/magazin\/minden-konkurens-felhet-a-google-ujdonsagaitol\/\"]}]},{\"@type\":\"ImageObject\",\"inLanguage\":\"hu\",\"@id\":\"https:\/\/hir.mediamarkt.hu\/magazin\/minden-konkurens-felhet-a-google-ujdonsagaitol\/#primaryimage\",\"url\":\"http:\/\/hir.mediamarkt.hu\/magazin\/images\/0521_01.png\",\"contentUrl\":\"http:\/\/hir.mediamarkt.hu\/magazin\/images\/0521_01.png\"},{\"@type\":\"BreadcrumbList\",\"@id\":\"https:\/\/hir.mediamarkt.hu\/magazin\/minden-konkurens-felhet-a-google-ujdonsagaitol\/#breadcrumb\",\"itemListElement\":[{\"@type\":\"ListItem\",\"position\":1,\"name\":\"Kezd\u0151lap\",\"item\":\"https:\/\/hir.mediamarkt.hu\/magazin\/\"},{\"@type\":\"ListItem\",\"position\":2,\"name\":\"Minden konkurens f\u00e9lhet a Google \u00fajdons\u00e1gait\u00f3l\"}]},{\"@type\":\"WebSite\",\"@id\":\"https:\/\/hir.mediamarkt.hu\/magazin\/#website\",\"url\":\"https:\/\/hir.mediamarkt.hu\/magazin\/\",\"name\":\"MediaMarkt Magazin\",\"description\":\"Olvass bele magazinunkba!\",\"potentialAction\":[{\"@type\":\"SearchAction\",\"target\":{\"@type\":\"EntryPoint\",\"urlTemplate\":\"https:\/\/hir.mediamarkt.hu\/magazin\/?s={search_term_string}\"},\"query-input\":\"required name=search_term_string\"}],\"inLanguage\":\"hu\"},{\"@type\":\"Person\",\"@id\":\"https:\/\/hir.mediamarkt.hu\/magazin\/#\/schema\/person\/7f1d99540808335a59d17dcebfa95544\",\"name\":\"intermedius\",\"image\":{\"@type\":\"ImageObject\",\"inLanguage\":\"hu\",\"@id\":\"https:\/\/hir.mediamarkt.hu\/magazin\/#\/schema\/person\/image\/\",\"url\":\"https:\/\/secure.gravatar.com\/avatar\/bbf88debc0bd7abfc1047f575da076f2?s=96&d=mm&r=g\",\"contentUrl\":\"https:\/\/secure.gravatar.com\/avatar\/bbf88debc0bd7abfc1047f575da076f2?s=96&d=mm&r=g\",\"caption\":\"intermedius\"}}]}<\/script>\n<!-- \/ Yoast SEO plugin. -->","yoast_head_json":{"title":"Minden konkurens f\u00e9lhet a Google \u00fajdons\u00e1gait\u00f3l - MediaMarkt Magazin","robots":{"index":"index","follow":"follow","max-snippet":"max-snippet:-1","max-image-preview":"max-image-preview:large","max-video-preview":"max-video-preview:-1"},"canonical":"https:\/\/hir.mediamarkt.hu\/magazin\/minden-konkurens-felhet-a-google-ujdonsagaitol\/","og_locale":"hu_HU","og_type":"article","og_title":"Minden konkurens f\u00e9lhet a Google \u00fajdons\u00e1gait\u00f3l - MediaMarkt Magazin","og_description":"Okosabb \u00e9s k\u00f6nnyebben kezelhet\u0151 t\u00e9rk\u00e9pek, \u00faj cseveg\u0151program, \u00e9s a besz\u00e9det jobban \u00e9rt\u0151 keres\u0151: a Google hardveres \u00fajdons\u00e1gok helyett id\u00e9n egy sor szoftveres \u00fajdons\u00e1got leplezett le id\u00e9n a saj\u00e1t fejleszt\u0151i konferenci\u00e1j\u00e1n. A Google \u00e9vente egyszer megrendezett fejleszt\u0151i konferenci\u00e1j\u00e1ra id\u00e9n is \u00f3r\u00e1k alatt, el\u0151v\u00e9telben elkapkodt\u00e1k a m\u00e9regdr\u00e1ga, 900 doll\u00e1ros jegyeket az \u00e9rdekl\u0151d\u0151k. Ezen az esem\u00e9nyen szokta a v\u00e1llalat bejelenteni \u00faj terveit, term\u00e9keit \u00e9s a megl\u00e9v\u0151 szolg\u00e1ltat\u00e1sok fejleszt\u00e9seit is. A m\u00e1jus 15-ei konferencia nyit\u00f3besz\u00e9d\u00e9ben id\u00e9n nem volt olyan szint\u0171 meglepet\u00e9s, mint a tavaly ilyenkor bemutatott Google Glass okos szem\u00fcveg, vagy a Nexus 7 androidos tablet, de erre az \u00e9vre is jutott n\u00e9h\u00e1ny fontos \u00fajdons\u00e1g. A tavalyi esem\u00e9ny a hardveres \u00fajdons\u00e1gok ter\u00e9n sz\u00f3lt a legnagyobbat, hiszen a Glass \u00e9s a Nexus 7 mellett m\u00e9g ...","og_url":"https:\/\/hir.mediamarkt.hu\/magazin\/minden-konkurens-felhet-a-google-ujdonsagaitol\/","og_site_name":"MediaMarkt Magazin","article_publisher":"https:\/\/www.facebook.com\/MediaMarktMagyarorszag","article_published_time":"2013-05-30T00:00:00+00:00","article_modified_time":"-0001-11-30T00:00:00+00:00","og_image":[{"url":"http:\/\/hir.mediamarkt.hu\/magazin\/images\/0521_01.png"}],"author":"intermedius","twitter_misc":{"Szerz\u0151:":"intermedius","Becs\u00fclt olvas\u00e1si id\u0151":"6 perc"},"schema":{"@context":"https:\/\/schema.org","@graph":[{"@type":"WebPage","@id":"https:\/\/hir.mediamarkt.hu\/magazin\/minden-konkurens-felhet-a-google-ujdonsagaitol\/","url":"https:\/\/hir.mediamarkt.hu\/magazin\/minden-konkurens-felhet-a-google-ujdonsagaitol\/","name":"Minden konkurens f\u00e9lhet a Google \u00fajdons\u00e1gait\u00f3l - MediaMarkt Magazin","isPartOf":{"@id":"https:\/\/hir.mediamarkt.hu\/magazin\/#website"},"primaryImageOfPage":{"@id":"https:\/\/hir.mediamarkt.hu\/magazin\/minden-konkurens-felhet-a-google-ujdonsagaitol\/#primaryimage"},"image":{"@id":"https:\/\/hir.mediamarkt.hu\/magazin\/minden-konkurens-felhet-a-google-ujdonsagaitol\/#primaryimage"},"thumbnailUrl":"http:\/\/hir.mediamarkt.hu\/magazin\/images\/0521_01.png","datePublished":"2013-05-30T00:00:00+00:00","dateModified":"-0001-11-30T00:00:00+00:00","author":{"@id":"https:\/\/hir.mediamarkt.hu\/magazin\/#\/schema\/person\/7f1d99540808335a59d17dcebfa95544"},"breadcrumb":{"@id":"https:\/\/hir.mediamarkt.hu\/magazin\/minden-konkurens-felhet-a-google-ujdonsagaitol\/#breadcrumb"},"inLanguage":"hu","potentialAction":[{"@type":"ReadAction","target":["https:\/\/hir.mediamarkt.hu\/magazin\/minden-konkurens-felhet-a-google-ujdonsagaitol\/"]}]},{"@type":"ImageObject","inLanguage":"hu","@id":"https:\/\/hir.mediamarkt.hu\/magazin\/minden-konkurens-felhet-a-google-ujdonsagaitol\/#primaryimage","url":"http:\/\/hir.mediamarkt.hu\/magazin\/images\/0521_01.png","contentUrl":"http:\/\/hir.mediamarkt.hu\/magazin\/images\/0521_01.png"},{"@type":"BreadcrumbList","@id":"https:\/\/hir.mediamarkt.hu\/magazin\/minden-konkurens-felhet-a-google-ujdonsagaitol\/#breadcrumb","itemListElement":[{"@type":"ListItem","position":1,"name":"Kezd\u0151lap","item":"https:\/\/hir.mediamarkt.hu\/magazin\/"},{"@type":"ListItem","position":2,"name":"Minden konkurens f\u00e9lhet a Google \u00fajdons\u00e1gait\u00f3l"}]},{"@type":"WebSite","@id":"https:\/\/hir.mediamarkt.hu\/magazin\/#website","url":"https:\/\/hir.mediamarkt.hu\/magazin\/","name":"MediaMarkt Magazin","description":"Olvass bele magazinunkba!","potentialAction":[{"@type":"SearchAction","target":{"@type":"EntryPoint","urlTemplate":"https:\/\/hir.mediamarkt.hu\/magazin\/?s={search_term_string}"},"query-input":"required name=search_term_string"}],"inLanguage":"hu"},{"@type":"Person","@id":"https:\/\/hir.mediamarkt.hu\/magazin\/#\/schema\/person\/7f1d99540808335a59d17dcebfa95544","name":"intermedius","image":{"@type":"ImageObject","inLanguage":"hu","@id":"https:\/\/hir.mediamarkt.hu\/magazin\/#\/schema\/person\/image\/","url":"https:\/\/secure.gravatar.com\/avatar\/bbf88debc0bd7abfc1047f575da076f2?s=96&d=mm&r=g","contentUrl":"https:\/\/secure.gravatar.com\/avatar\/bbf88debc0bd7abfc1047f575da076f2?s=96&d=mm&r=g","caption":"intermedius"}}]}},"_links":{"self":[{"href":"https:\/\/hir.mediamarkt.hu\/magazin\/wp-json\/wp\/v2\/posts\/111"}],"collection":[{"href":"https:\/\/hir.mediamarkt.hu\/magazin\/wp-json\/wp\/v2\/posts"}],"about":[{"href":"https:\/\/hir.mediamarkt.hu\/magazin\/wp-json\/wp\/v2\/types\/post"}],"author":[{"embeddable":true,"href":"https:\/\/hir.mediamarkt.hu\/magazin\/wp-json\/wp\/v2\/users\/1"}],"replies":[{"embeddable":true,"href":"https:\/\/hir.mediamarkt.hu\/magazin\/wp-json\/wp\/v2\/comments?post=111"}],"version-history":[{"count":0,"href":"https:\/\/hir.mediamarkt.hu\/magazin\/wp-json\/wp\/v2\/posts\/111\/revisions"}],"wp:attachment":[{"href":"https:\/\/hir.mediamarkt.hu\/magazin\/wp-json\/wp\/v2\/media?parent=111"}],"wp:term":[{"taxonomy":"category","embeddable":true,"href":"https:\/\/hir.mediamarkt.hu\/magazin\/wp-json\/wp\/v2\/categories?post=111"},{"taxonomy":"post_tag","embeddable":true,"href":"https:\/\/hir.mediamarkt.hu\/magazin\/wp-json\/wp\/v2\/tags?post=111"}],"curies":[{"name":"wp","href":"https:\/\/api.w.org\/{rel}","templated":true}]}}