{"id":11192,"date":"2020-09-30T21:10:25","date_gmt":"2020-09-30T20:10:25","guid":{"rendered":"http:\/\/hir.mediamarkt.hu\/magazin\/?p=11192"},"modified":"2020-10-06T15:10:21","modified_gmt":"2020-10-06T14:10:21","slug":"ha-beulsz-ele-sosem-leszel-kepes-atulni-ezert-fantasztikusak-az-ultrawide-monitorok","status":"publish","type":"post","link":"https:\/\/hir.mediamarkt.hu\/magazin\/ha-beulsz-ele-sosem-leszel-kepes-atulni-ezert-fantasztikusak-az-ultrawide-monitorok\/","title":{"rendered":"Ultrawide monitorok -nemcsak gamereknek"},"content":{"rendered":"\n<p><strong>Nem marketingl\u00f3zung, igenis van \u00e9rtelme a 21:9-es \u00e9s a 32:9-es k\u00e9par\u00e1nynak. El is magyar\u00e1zzuk, micsoda. Minden, amit az ultrawide (ultasz\u00e9les) form\u00e1tumr\u00f3l tudnod kell \u2013 \u00e9s persze azt is megmutatjuk, melyik a te modelled.<\/strong><\/p>\n<p>Aki l\u00e1tott vagy olvasott m\u00e1r HDR-t\u00e9v\u00e9r\u0151l sz\u00f3l\u00f3 tesztet, az pontosan tudja, milyen neh\u00e9z helyzetben van a youtuber\/\u00fajs\u00e1g\u00edr\u00f3, aki megpr\u00f3b\u00e1lja visszaadni az \u00e9lm\u00e9nyt. Ez ugyanis lehetetlen. A konkl\u00fazi\u00f3 \u00e1ltal\u00e1ban az (\u00e9s ez extravicces a 4K-s YouTube kor\u00e1ban, amikor t\u00e9nyleg mindent, de mindent meg lehet mutatni), hogy \u201eok\u00e9, a ti monitorotokon ez annyira nem j\u00f6n \u00e1t, de higgy\u00e9tek el, nagyon, nagyon j\u00f3 cucc ez, szem\u00e9lyesen kell l\u00e1tnotok, hogy meggy\u0151z\u0151djetek r\u00f3la\u201d. A slusszpo\u00e9n az, hogy az igazi (f\u00e9nyer\u0151s, tisztess\u00e9ges panelen megjelen\u00edtett) HDR t\u00e9nyleg fantasztikus \u00e9lm\u00e9ny, amelyet azonban val\u00f3ban nem lehet nem-HDR k\u00e9perny\u0151n visszaadni. Akinek pedig van HDR k\u00e9perny\u0151je, azt ugye nem kell meggy\u0151zni, mert m\u00e1r van neki \u2013 ez a 22-es csapd\u00e1ja ma a tech\u00fajs\u00e1g\u00edr\u00e1sban.<\/p>\n<p>Az\u00e9rt hoztam ezt most el\u0151 (t\u00fal azon, hogy a HDR-t\u00e9ma egy\u00e9bk\u00e9nt is el\u0151ker\u00fcl hamarosan ebben a cikkben is), mert hasonl\u00f3 a helyzet a szok\u00e1sos 16:9-es k\u00e9par\u00e1ny\u00fan\u00e1l m\u00e1sf\u00e9lszer-k\u00e9tszer sz\u00e9lesebb ultrawide vagy super ultrawide monitorokkal is. Sz\u00e9pek, meggy\u0151z\u0151ek, meg lehet \u0151ket mutogatni fot\u00f3n, vide\u00f3n, m\u00e9gis:<\/p>\n<blockquote>\n<p>addig nem j\u00f6n \u00e1t az \u00e9lm\u00e9ny, am\u00edg be nem \u00fclsz el\u00e9 \u00e9s el nem t\u00f6ltesz el\u0151tte p\u00e1r \u00f3r\u00e1t.<\/p>\n<\/blockquote>\n<p>Szinte mindegy is, hogy j\u00e1t\u00e9kkal vagy tartalomgy\u00e1rt\u00e1ssal (fot\u00f3- \u00e9s videoszerkeszt\u00e9s, grafika, 3D-s render, programoz\u00e1s) foglalkozol, a megszokottn\u00e1l sz\u00e9lesebb form\u00e1tum eg\u00e9szen biztosan maradand\u00f3 nyomot hagy majd benned, \u00e9s ezt \u00fagy \u00e9rtem, hogy nagyon, de nagyon neh\u00e9z vissza\u00e1llni a \u201enorm\u00e1lis\u201d 16:9-re. A 21:9-es, a 32:9-es \u00e9s az egy\u00e9b mut\u00e1ns k\u00e9par\u00e1nyokkal kivitelezett panelek \u00e9s k\u00e9perny\u0151k nem csak marketingl\u00f3zung, amelyet hangoztatva a gy\u00e1rt\u00f3k az indokolt \u00e1r dupl\u00e1j\u00e1t k\u00e9rik (m\u00e1r csak az\u00e9rt sem, mert a bel\u00e9p\u0151modellek egy\u00e1ltal\u00e1n nem is dr\u00e1g\u00e1k \u2013 err\u0151l mindj\u00e1rt), hanem megv\u00e1ltoztatj\u00e1k az ember \u00e9let\u00e9t, vagy legal\u00e1bbis annak sz\u00e1m\u00edt\u00f3g\u00e9p el\u0151tt t\u00f6lt\u00f6tt r\u00e9sz\u00e9t.<\/p>\n<div id=\"attachment_11194\" style=\"width: 2010px\" class=\"wp-caption alignnone\"><img loading=\"lazy\" decoding=\"async\" aria-describedby=\"caption-attachment-11194\" class=\"wp-image-11194 size-full\" src=\"https:\/\/hir.mediamarkt.hu\/magazin\/wp-content\/uploads\/2020\/09\/DSC_2030.jpg\" alt=\"\" width=\"2000\" height=\"1333\" srcset=\"https:\/\/hir.mediamarkt.hu\/magazin\/wp-content\/uploads\/2020\/09\/DSC_2030.jpg 1440w, https:\/\/hir.mediamarkt.hu\/magazin\/wp-content\/uploads\/2020\/09\/DSC_2030-300x200.jpg 300w, https:\/\/hir.mediamarkt.hu\/magazin\/wp-content\/uploads\/2020\/09\/DSC_2030-1024x682.jpg 1024w, https:\/\/hir.mediamarkt.hu\/magazin\/wp-content\/uploads\/2020\/09\/DSC_2030-275x183.jpg 275w, https:\/\/hir.mediamarkt.hu\/magazin\/wp-content\/uploads\/2020\/09\/DSC_2030-768x512.jpg 768w, https:\/\/hir.mediamarkt.hu\/magazin\/wp-content\/uploads\/2020\/09\/DSC_2030-1536x1024.jpg 1536w\" sizes=\"(max-width: 2000px) 100vw, 2000px\" \/><p id=\"caption-attachment-11194\" class=\"wp-caption-text\">Fot\u00f3: MediaMarkt<\/p><\/div>\n<p>Mint az m\u00e1r sejthet\u0151, ezeket a sorokat egy \u201emegt\u00e9rt\u201d \u00edrja, aki szkeptikus volt, de egy h\u00f3napja egy 34 collos enyh\u00e9n hajl\u00edtott, 21:9-es monitor boldog tulajdonosa, \u00e9s \u00fagy \u00e9rzi: nem tudna visszaszokni. A lelkesed\u00e9semet persze pr\u00f3b\u00e1lom kord\u00e1ban tartani, \u00fagyhogy n\u00e9zz\u00fck is az ultrawide form\u00e1tum h\u00e1tul\u00fct\u0151it, mert term\u00e9szetesen vannak neki.<\/p>\n<h2>Mikor \u00e9s mire nem j\u00f3 az ultrawide monitor?<\/h2>\n<p>\u00c1ltal\u00e1noss\u00e1gban elmondhatjuk, hogy azok a tartalmak n\u00e9znek ki az ultasz\u00e9les monitoron fur\u00e1n, amelyeket 16:9-es k\u00e9par\u00e1nyra optimaliz\u00e1ltak. Szerencs\u00e9re egyre kevesebb j\u00e1t\u00e9k ilyen, de az\u00e9rt m\u00e9g akadnak sz\u00e9p sz\u00e1mmal, amelyek vagy megzavarodnak, vagy teljesen hib\u00e1san m\u0171k\u00f6dnek, nem csak a furcsa k\u00e9par\u00e1ny, de az azokhoz tartoz\u00f3 felbont\u00e1sok miatt is. Ebben a form\u00e1tumrendszerben ugyanis bajosan \u00e9rtelmezhet\u0151 a megszokott FullHD (1920&#215;1080 pixel), QHD (2560&#215;1440) \u00e9s UHD (3840&#215;2160) felbont\u00e1s; ezek helyett olyanokat kell megszokni, mint az UWQHD (3440&#215;1400), UWFHD (2560&#215;1080), vagy az UWQHD+ (3840&#215;1600), a super-ultrawide monitorokn\u00e1l pedig m\u00e9g vadabb pixelsz\u00e1mok akadnak.<\/p>\n<p>A j\u00e1t\u00e9kfejleszt\u0151knek teh\u00e1t nem el\u00e9g lehet\u0151v\u00e9 tenni, hogy az adott c\u00edm fusson ezeken a manaps\u00e1g m\u00e9g ritka felbont\u00e1sokon, hanem optimaliz\u00e1lniuk is kell a 3d-s megjelen\u00edt\u00e9s\u00e9rt felel\u0151s motort: a sz\u00e9les monitor ugyanis sz\u00e9lesebb l\u00e1t\u00f3sz\u00f6get \u00e9s a k\u00e9perny\u0151re sz\u00e9pen illeszked\u0151 HUD-ot \u00e9s egy\u00e9b felhaszn\u00e1l\u00f3i fel\u00fcletet k\u00edv\u00e1n. Leegyszer\u0171s\u00edtve: nagyon rossz, ha a szoftver fel\u00fclr\u0151l \u00e9s alulr\u00f3l \u201ev\u00e1g le\u201d egy szeletet a k\u00e9pb\u0151l; a sz\u00e9les monitorhoz az kell, hogy jobb \u00e9s bal oldalon tegyen hozz\u00e1 a k\u00e9phez.<\/p>\n<p>Term\u00e9szetesen nincs mit tenni az eleve 16:9-es k\u00e9par\u00e1nyban forgatott filmekkel \u00e9s sorozatokkal: ezeket bizony cs\u00fanya (de megszokhat\u00f3), jobb \u00e9s bal oldalon megjelen\u0151 fekete s\u00e1vval kell n\u00e9zn\u00fcnk, hacsak nem akarjuk a k\u00e9p torz\u00edt\u00e1s\u00e1val teljes k\u00e9perny\u0151ss\u00e9 er\u0151ltetni a tartalmat. (Ne akarjuk!) Enn\u00e9l is rosszabb a helyzet, ha olyan tartalmat n\u00e9z\u00fcnk, amely annyira sz\u00e9lesv\u00e1szn\u00fa, hogy t\u00f6k\u00e9letesen kihaszn\u00e1lhatn\u00e1 a 21:9-es monitort, \u00e1m m\u00e9gis 16:9-es form\u00e1tumban tett\u00e9k k\u00f6zz\u00e9, alul \u00e9s fel\u00fcl fekete s\u00e1vokkal. Ekkor az az abszurd helyzet \u00e1ll el\u0151, hogy az ultrawide kijelz\u0151nk\u00f6n mind a n\u00e9gy oldalon fekete s\u00e1vok jelennek meg, azaz mag\u00e1t a k\u00e9pet nevets\u00e9gesen kicsiben l\u00e1tjuk. Tipikus p\u00e9lda erre b\u00e1rmely hivatalos filmel\u0151zetes a YouTube-on. P\u00e9ld\u00e1ul a D\u0171ne:<\/p>\n<div id=\"attachment_11197\" style=\"width: 2570px\" class=\"wp-caption alignnone\"><img loading=\"lazy\" decoding=\"async\" aria-describedby=\"caption-attachment-11197\" class=\"wp-image-11197 size-full\" src=\"https:\/\/hir.mediamarkt.hu\/magazin\/wp-content\/uploads\/2020\/09\/IMG_20200930_162827-scaled.jpg\" alt=\"\" width=\"2560\" height=\"1920\" srcset=\"https:\/\/hir.mediamarkt.hu\/magazin\/wp-content\/uploads\/2020\/09\/IMG_20200930_162827-scaled.jpg 1440w, https:\/\/hir.mediamarkt.hu\/magazin\/wp-content\/uploads\/2020\/09\/IMG_20200930_162827-300x225.jpg 300w, https:\/\/hir.mediamarkt.hu\/magazin\/wp-content\/uploads\/2020\/09\/IMG_20200930_162827-1024x768.jpg 1024w, https:\/\/hir.mediamarkt.hu\/magazin\/wp-content\/uploads\/2020\/09\/IMG_20200930_162827-275x206.jpg 275w, https:\/\/hir.mediamarkt.hu\/magazin\/wp-content\/uploads\/2020\/09\/IMG_20200930_162827-768x576.jpg 768w, https:\/\/hir.mediamarkt.hu\/magazin\/wp-content\/uploads\/2020\/09\/IMG_20200930_162827-1536x1152.jpg 1536w, https:\/\/hir.mediamarkt.hu\/magazin\/wp-content\/uploads\/2020\/09\/IMG_20200930_162827-2048x1536.jpg 2048w, https:\/\/hir.mediamarkt.hu\/magazin\/wp-content\/uploads\/2020\/09\/IMG_20200930_162827-500x375.jpg 500w\" sizes=\"(max-width: 2560px) 100vw, 2560px\" \/><p id=\"caption-attachment-11197\" class=\"wp-caption-text\">Fot\u00f3: MediaMarkt<\/p><\/div>\n<p>Az ultrawide monitorok ugyan alkalmasak webez\u00e9sre, sz\u00f6vegszerkeszt\u00e9sre \u00e9s b\u00e1rmely olyan mindennapos tev\u00e9kenys\u00e9gre, amelyek kedv\u00e9\u00e9rt az ember sim\u00e1n vesz egy als\u00f3-k\u00f6z\u00e9pkateg\u00f3ri\u00e1s laptopot, \u00e1m t\u00e9ny, hogy sem a Word\u00f6t, sem a b\u00f6ng\u00e9sz\u0151ket (\u00e9s persze magukat a weboldalakat sem) erre a form\u00e1tumra optimaliz\u00e1lt\u00e1k. Sz\u00f3 se r\u00f3la, minden m\u0171k\u00f6dni fog, \u00fagyhogy maradjunk abban, hogy ha ilyesmikre haszn\u00e1ljuk a g\u00e9p\u00fcnket, \u00e9s nem alkotunk \u00e9s\/vagy j\u00e1tszunk, nem \u00e9rdemes ilyen kijelz\u0151t venn\u00fcnk.<\/p>\n<h2>Mikor j\u00f6n (nagyon) j\u00f3l az ultrasz\u00e9les monitor?<\/h2>\n<p>Aprop\u00f3, h\u00e9tk\u00f6znapi feladatok: aki Excel-t\u00e1bl\u00e1kkal dolgozik, annak t\u00f6k\u00e9letes lehet a nagyobb, \u00e9s ami a l\u00e9nyeg: jobban eloszthat\u00f3 k\u00e9perny\u0151. Annak is, aki egym\u00e1s mellett kell, hogy haszn\u00e1ljon t\u00f6bb b\u00f6ng\u00e9sz\u0151ablakot vagy szoftvert: az, hogy a hagyom\u00e1nyos sz\u00e9less\u00e9g m\u00e1sf\u00e9l-k\u00e9tszerese v\u00e1rja a felhaszn\u00e1l\u00f3t, akkora szabads\u00e1got ad, amit neh\u00e9z szavakkal visszaadni. Egy szuper-ultrasz\u00e9les (teh\u00e1t p\u00e9ld\u00e1ul 32:9-es) monitor pont olyan, mintha k\u00e9t 16:9-es kijelz\u0151t f\u0171ztek volna \u00f6ssze, csak \u00e9ppen sz\u00e9lek, vagy b\u00e1rmilyen elv\u00e1laszt\u00e1s n\u00e9lk\u00fcl. Bel\u00e1that\u00f3, micsoda el\u0151ny ez fot\u00f3soknak, k\u00e9p- \u00e9s videoszerkeszt\u0151knek, a 3D-s modellez\u0151, anim\u00e1tor, text\u00far\u00e1z\u00f3 szakemberekr\u0151l nem is besz\u00e9lve. \u0150k laz\u00e1n egym\u00e1s mell\u00e9 tehetik a produkci\u00f3s pipeline k\u00fcl\u00f6nb\u00f6z\u0151 szoftvereit: a modellez\u0151szoftvert \u00e9s a text\u00far\u00e1z\u00e1shoz sz\u00fcks\u00e9ges k\u00e9pszerkeszt\u0151t, az 3D-s program anim\u00e1l\u00f3modulj\u00e1t \u00e9s az After Effectset \u00e9s \u00edgy tov\u00e1bb. M\u00e1r egy egyszer\u0171 Adobe Lightroomot is (j\u00f3 \u00e9rtelemben) meg lehet bolond\u00edtani, ha az ember szereti egym\u00e1s mellett l\u00e1tni az el\u0151tte-ut\u00e1na el\u0151n\u00e9zetet.<\/p>\n<div id=\"attachment_11196\" style=\"width: 2010px\" class=\"wp-caption alignnone\"><img loading=\"lazy\" decoding=\"async\" aria-describedby=\"caption-attachment-11196\" class=\"size-full wp-image-11196\" src=\"https:\/\/hir.mediamarkt.hu\/magazin\/wp-content\/uploads\/2020\/09\/DSC_2034.jpg\" alt=\"\" width=\"2000\" height=\"1333\" srcset=\"https:\/\/hir.mediamarkt.hu\/magazin\/wp-content\/uploads\/2020\/09\/DSC_2034.jpg 1440w, https:\/\/hir.mediamarkt.hu\/magazin\/wp-content\/uploads\/2020\/09\/DSC_2034-300x200.jpg 300w, https:\/\/hir.mediamarkt.hu\/magazin\/wp-content\/uploads\/2020\/09\/DSC_2034-1024x682.jpg 1024w, https:\/\/hir.mediamarkt.hu\/magazin\/wp-content\/uploads\/2020\/09\/DSC_2034-275x183.jpg 275w, https:\/\/hir.mediamarkt.hu\/magazin\/wp-content\/uploads\/2020\/09\/DSC_2034-768x512.jpg 768w, https:\/\/hir.mediamarkt.hu\/magazin\/wp-content\/uploads\/2020\/09\/DSC_2034-1536x1024.jpg 1536w\" sizes=\"(max-width: 2000px) 100vw, 2000px\" \/><p id=\"caption-attachment-11196\" class=\"wp-caption-text\">Fot\u00f3: MediaMarkt<\/p><\/div>\n<p>Fantasztikus \u00e9lm\u00e9ny \u00edgy filmet n\u00e9zni is \u2013 m\u00e1rmint olyat, amely eleve sz\u00e9lesv\u00e1szn\u00fa \u00e9s nincsenek s\u00e1vjai. A Netflix \u00e9s a t\u00f6bbi streaming szolg\u00e1ltat\u00f3 p\u00e9ld\u00e1ul \u00fcgyesen hozz\u00e1igaz\u00edtja a k\u00e9pet ehhez a form\u00e1tumhoz, a v\u00e9geredm\u00e9ny pedig m\u00e9g a tisztess\u00e9ges, nagyobb k\u00e9perny\u0151s t\u00e9v\u00e9khez k\u00e9pest is leny\u0171g\u00f6z\u0151. M\u00e1r csak az\u00e9rt is, mert a monitorokat hagyom\u00e1nyosan k\u00f6zelebbr\u0151l n\u00e9zz\u00fck, mint a t\u00e9v\u00e9t, \u00e9s ha a kijelz\u0151 m\u00e9g hajl\u00edtott is (err\u0151l k\u00e9s\u0151bb), az \u00f6sszhat\u00e1s t\u00e9nyleg a mozival vetekszik.<\/p>\n<p>Azt hitt\u00e9tek, kihagyom a j\u00e1t\u00e9kokat? Isten ments! Az ultrawide form\u00e1tumot szok\u00e1s szerint el\u0151sz\u00f6r a gamerek \u00f6lelt\u00e9k kebl\u00fckre, csak azt\u00e1n kezdt\u00e9k felfedezni a szakemberek az el\u0151nyeit produkci\u00f3s kijelz\u0151k\u00e9nt. Az ultrasz\u00e9les k\u00e9par\u00e1nyra (is) optimaliz\u00e1lt j\u00e1t\u00e9kok (szerencs\u00e9re a ma megjelen\u0151 pc-s c\u00edmek mindegyike ilyen) fantasztikus \u00e9lm\u00e9nyt ny\u00fajtanak \u2013 meg sem pr\u00f3b\u00e1lom le\u00edrni, mert az lehetetlen, ahogy a bevezet\u0151ben is \u00edrtam. Nem csak \u00fagy r\u00e1nt be a sz\u00e9lesebb, a perif\u00e9ri\u00e1s l\u00e1t\u00e1sunkra is kiterjed\u0151 l\u00e1t\u00f3sz\u00f6g \u00e9s k\u00e9perny\u0151m\u00e9ret, ahogy a 16:9-es monitorok k\u00e9ptelenek, de att\u00f3l, hogy konkr\u00e9tan t\u00f6bbet l\u00e1tunk a vil\u00e1gb\u00f3l, komoly versenyel\u0151nyre is szert tehet\u00fcnk az esport-c\u00edmekben. (Ezt egy\u00e9bk\u00e9nt \u00e9ppen most pr\u00f3b\u00e1lj\u00e1k szab\u00e1lyozni a fejleszt\u0151k.) Legyen sz\u00f3 egyszem\u00e9lyes strat\u00e9gi\u00e1r\u00f3l, harmadik n\u00e9zet\u0171 akci\u00f3r\u00f3l, aut\u00f3s j\u00e1t\u00e9kokr\u00f3l vagy FPS-r\u0151l, aki ultrawide monitort vesz, azzal t\u00f6lti majd az els\u0151 heteket, hogy \u00fajraj\u00e1tssza a m\u00e1r v\u00e9gigvitt j\u00e1t\u00e9kokat \u2013 \u00e9n p\u00e9ld\u00e1ul m\u00e1r m\u00e1sodszor kezdtem el 21:9-ben a Doom Eternalt, \u00e9s m\u00e9g mindig nem tudok betelni vele.<\/p>\n<blockquote>\n<p>\u00d6sszess\u00e9g\u00e9ben: az ultrawide monitorok nem val\u00f3k mindenkinek, \u00e1m szinte csak el\u0151ny\u00fck van, az egy-k\u00e9t h\u00e1tr\u00e1ny pedig elhanyagolhat\u00f3 az \u00e9lm\u00e9nyhez k\u00e9pest.<\/p>\n<\/blockquote>\n<div id=\"attachment_11193\" style=\"width: 2010px\" class=\"wp-caption alignnone\"><img loading=\"lazy\" decoding=\"async\" aria-describedby=\"caption-attachment-11193\" class=\"size-full wp-image-11193\" src=\"https:\/\/hir.mediamarkt.hu\/magazin\/wp-content\/uploads\/2020\/09\/DSC_2028.jpg\" alt=\"\" width=\"2000\" height=\"1333\" srcset=\"https:\/\/hir.mediamarkt.hu\/magazin\/wp-content\/uploads\/2020\/09\/DSC_2028.jpg 1440w, https:\/\/hir.mediamarkt.hu\/magazin\/wp-content\/uploads\/2020\/09\/DSC_2028-300x200.jpg 300w, https:\/\/hir.mediamarkt.hu\/magazin\/wp-content\/uploads\/2020\/09\/DSC_2028-1024x682.jpg 1024w, https:\/\/hir.mediamarkt.hu\/magazin\/wp-content\/uploads\/2020\/09\/DSC_2028-275x183.jpg 275w, https:\/\/hir.mediamarkt.hu\/magazin\/wp-content\/uploads\/2020\/09\/DSC_2028-768x512.jpg 768w, https:\/\/hir.mediamarkt.hu\/magazin\/wp-content\/uploads\/2020\/09\/DSC_2028-1536x1024.jpg 1536w\" sizes=\"(max-width: 2000px) 100vw, 2000px\" \/><p id=\"caption-attachment-11193\" class=\"wp-caption-text\">Fot\u00f3: MediaMarkt<\/p><\/div>\n<p>Annak, akit meggy\u0151zt\u00fcnk \u00e9s annak, akinek nem volt sz\u00fcks\u00e9ge gy\u0151zk\u00f6d\u00e9sre, bemutatjuk az egyes alt\u00edpusokat \u00e9s a szempontokat, amelyekre figyelni \u00e9rdemes v\u00e1s\u00e1rl\u00e1skor. V\u00e9g\u00fcl pedig mutatunk p\u00e1r konkr\u00e9t p\u00e9ld\u00e1t a Media Markt polcair\u00f3l.<\/p>\n<h2>M\u00e9ret<\/h2>\n<p>El\u0151sz\u00f6r is: b\u00e1r hissz\u00fck az \u0151si n\u00e9pi b\u00f6lcsess\u00e9get, amely szerint \u201enincs olyan, hogy t\u00fal nagy kijelz\u0151\u201d, \u00e9szben kell tartani, hogy \u201ekiv\u00e9ve, amikor van\u201d. Konkr\u00e9tan akkor, amikor kicsomagol\u00e1s ut\u00e1n esik le, hogy a monitor bizony nem f\u00e9r el az asztalunkon. Az ultrawide k\u00e9perny\u0151k ugyanis sokkal sz\u00e9lesebbek, mint a puszta k\u00e9p\u00e1tl\u00f3juk alapj\u00e1n a 16:9-es k\u00e9par\u00e1nyhoz szokott fej\u00fcnkkel gondoln\u00e1nk. Egy 34 collos 21:9-es modell p\u00e9ld\u00e1ul sokkal sz\u00e9lesebb, mint egy 32 collos 16:9-es; ink\u00e1bb egy 38-40 collos hagyom\u00e1nyos t\u00e9v\u00e9hez\/monitorhoz hasonl\u00f3 helyet foglal el majd az asztalunkon. Min\u00e9l extr\u00e9mebb a k\u00e9par\u00e1ny, ann\u00e1l ink\u00e1bb igaz ez: egy 49 collos, 32:9-es monitor m\u00e1r akkora, hogy asztal legyen a talp\u00e1n (sz\u00f3 szerint), amelyik elb\u00edrja \u00e9s amelyr\u0151l nem is l\u00f3g le. Ha ilyen monitort v\u00e1s\u00e1rolunk, n\u00e9zz\u00fck meg a term\u00e9k adatait \u00e9s m\u00e9r\u0151szalaggal a kez\u00fcnkben matekozzunk gondosan!<\/p>\n<p>Az ultrawide \u201esweet spot\u201d egy\u00e9bk\u00e9nt a 34 collos, 21:9-es kijelz\u0151, nem v\u00e9letlen\u00fcl: nem t\u00fal nagy, nem t\u00fal kicsi, megfelel\u0151 t\u00e1vols\u00e1gr\u00f3l n\u00e9zve is beter\u00edti a l\u00e1t\u00f3tered nagy r\u00e9sz\u00e9t \u00e9s n\u00e9mi hangsz\u00f3r\u00f3-tetrisez\u00e9ssel egy \u00e1tlagos asztalon is elf\u00e9r. De egy 29 collos modell is hatalmas el\u0151rel\u00e9p\u00e9s egy 27 collos 16:9-eshez k\u00e9pest. Ha super-ultrawide kijelz\u0151re v\u00e1gyunk, k\u00e9sz\u00fclj\u00fcnk hatalmas asztallal: 40 coll alatt biztosan nem is tal\u00e1lunk ilyet (nem is lenne \u00e9rtelme, mert az m\u00e1r nevets\u00e9gesen r\u00f6vid lenne vertik\u00e1lisan), de a 49 collos, azaz t\u00f6bb mint 120 centi (!) sz\u00e9les k\u00e9sz\u00fcl\u00e9kek a legelterjedtebbek.<\/p>\n<h2>Felbont\u00e1s<\/h2>\n<p>Ahogy m\u00e1r utaltunk r\u00e1, legal\u00e1bb akkora a v\u00e1laszt\u00e9k, mint a hagyom\u00e1nyos monitorok k\u00f6zt. Nagyon fontos, hogy sose n\u00e9zz\u00fck \u00f6n\u00e1ll\u00f3an a felbont\u00e1st, ink\u00e1bb a pixels\u0171r\u0171s\u00e9gre, azaz a felbont\u00e1s \u00e9s a m\u00e9ret ar\u00e1ny\u00e1ra figyelj\u00fcnk. Ezt a gy\u00e1rt\u00f3k PPI-ben, azaz collonk\u00e9nti pixelsz\u00e1mban adj\u00e1k meg; 100 f\u00f6l\u00f6tt m\u00e1r eg\u00e9szen min\u0151s\u00e9gi a k\u00e9p, \u00e1tlagos t\u00e1vols\u00e1gr\u00f3l n\u00e9zve itt kezdenek elt\u0171nni a megk\u00fcl\u00f6nb\u00f6ztethet\u0151 pixelek. Egy 34 collos, 3440&#215;1440 pixeles felbont\u00e1s\u00fa kijelz\u0151 PPI-je p\u00e9ld\u00e1ul 110; ez m\u00e1r \u00e9les, r\u00e9szletes k\u00e9pet \u00edg\u00e9r, igaz, a profi 4K-s kijelz\u0151kkel nem tudja felvenni a versenyt. Figyelj\u00fcnk arra is, hogy a videok\u00e1rty\u00e1nk egy\u00e1ltal\u00e1n kompatibilis-e ezekkel a felbont\u00e1sokkal, f\u0151leg, ha 5K-s modellt v\u00e1lasztunk, de akkor is k\u00f6rbe kell j\u00e1rnunk a k\u00e9rd\u00e9st, ha alacsonyabb felbont\u00e1son, de 60 Hz-n\u00e9l nagyobb (120, 144, 160 Hz-es) k\u00e9pfriss\u00edt\u00e9ssel m\u0171k\u00f6dtetn\u00e9nk.<\/p>\n<h2>Panelt\u00edpus<\/h2>\n<p>A k\u00fcl\u00f6nb\u00f6z\u0151 panelek el\u0151nyei \u00e9s h\u00e1tr\u00e1nyai ugyanazok, mint a hagyom\u00e1nyos monitorok eset\u00e9ben; r\u00e9szletezni ezeket k\u00fcl\u00f6n cikk lenne, de leegyszer\u0171s\u00edtve \u00e9rdemes v\u00e9gigszaladnunk. Az ultrawide monitorok eset\u00e9ben VA \u00e9s IPS LED-panelek k\u00f6z\u00fcl v\u00e1laszthatunk. Az el\u0151bbi n\u00e9mileg olcs\u00f3bb, m\u00e9lyebb feket\u00e9kre k\u00e9pes (azaz nem \u00e9rv\u00e9nyes\u00fcl annyira a LED h\u00e1tt\u00e9rvil\u00e1g\u00edt\u00e1sa), v\u00e1laszideje \u00e1ltal\u00e1ban nem a legjobb (ez f\u0151leg a gamereket \u00e9rintheti), sz\u00ednhelyess\u00e9ge \u00e9s betekint\u00e9si sz\u00f6ge korrekt \u2013 legal\u00e1bbis sokkal jobb, mint a j\u00e1t\u00e9kosok k\u00f6r\u00e9ben n\u00e9pszer\u0171 TN panelek\u00e9. Az IPS ezzel szemben sokkal pontosabb sz\u00ednekre \u00e9s sz\u00e9lesebb betekint\u00e9si sz\u00f6gre k\u00e9pes, azaz a kontraszt, a t\u00f3nusok nem v\u00e1ltoznak \u00e1tl\u00f3san \u00e9s oldalr\u00f3l n\u00e9zve sem. V\u00e1laszideje \u00e1ltal\u00e1ban jobb, cser\u00e9be dr\u00e1g\u00e1bb \u00e9s s\u00f6t\u00e9tben n\u00e9zve l\u00e1that\u00f3an \u201ebesziv\u00e1rog\u201d a k\u00e9pbe a panel h\u00e1tt\u00e9rvil\u00e1g\u00edt\u00e1sa, a k\u00e9perny\u0151 sarkai fel\u00e9 r\u00e1ad\u00e1sul l\u00e1tv\u00e1nyosabban \u2013 ezt h\u00edvj\u00e1k \u00fagy, hogy \u201eIPS glow\u201d, azaz IPS-ragyog\u00e1s. Ennek megfelel\u0151en a k\u00e9perny\u0151 kontrasztja sem t\u00f6bb mint 1:1000.<\/p>\n<div id=\"attachment_11195\" style=\"width: 2010px\" class=\"wp-caption alignnone\"><img loading=\"lazy\" decoding=\"async\" aria-describedby=\"caption-attachment-11195\" class=\"size-full wp-image-11195\" src=\"https:\/\/hir.mediamarkt.hu\/magazin\/wp-content\/uploads\/2020\/09\/DSC_2031.jpg\" alt=\"\" width=\"2000\" height=\"1333\" srcset=\"https:\/\/hir.mediamarkt.hu\/magazin\/wp-content\/uploads\/2020\/09\/DSC_2031.jpg 1440w, https:\/\/hir.mediamarkt.hu\/magazin\/wp-content\/uploads\/2020\/09\/DSC_2031-300x200.jpg 300w, https:\/\/hir.mediamarkt.hu\/magazin\/wp-content\/uploads\/2020\/09\/DSC_2031-1024x682.jpg 1024w, https:\/\/hir.mediamarkt.hu\/magazin\/wp-content\/uploads\/2020\/09\/DSC_2031-275x183.jpg 275w, https:\/\/hir.mediamarkt.hu\/magazin\/wp-content\/uploads\/2020\/09\/DSC_2031-768x512.jpg 768w, https:\/\/hir.mediamarkt.hu\/magazin\/wp-content\/uploads\/2020\/09\/DSC_2031-1536x1024.jpg 1536w\" sizes=\"(max-width: 2000px) 100vw, 2000px\" \/><p id=\"caption-attachment-11195\" class=\"wp-caption-text\">Fot\u00f3: Media Markt<\/p><\/div>\n<p>A l\u00e9nyeg: ha j\u00e1tszunk \u00e9s\/vagy pontos sz\u00ednvisszaad\u00e1st ig\u00e9nyl\u0151 m\u0171veleteket v\u00e9gz\u00fcnk, az IPS panel a mi\u00e9nk, ha nem vagyunk kompetit\u00edv j\u00e1t\u00e9kosok, nem fontosak a t\u00f6k\u00e9letes sz\u00ednek, viszont m\u00e9di\u00e1t fogyasztan\u00e1nk a monitoron, \u00e9s nem szeretn\u00e9nk egy f\u00e9l havi fizet\u00e9s\u00fcnket a boltban hagyni, a VA panel a j\u00f3 v\u00e1laszt\u00e1s.<\/p>\n<h2>Hajl\u00edtott vagy nem hajl\u00edtott?<\/h2>\n<p>A 16:9-es monitorok k\u00f6r\u00e9ben is komoly t\u00e1mogat\u00f3i t\u00e1bora van a hajl\u00edtott, azaz a tekintet\u00fcnket diszkr\u00e9ten \u201ek\u00f6rbe\u00f6lel\u0151\u201d kijelz\u0151knek, de az ultrawide form\u00e1tum ad ennek az \u00f6tletnek igazi \u00e9rtelmet: a \u201ecurved display\u201d itt nem marketingl\u00f3zung, hanem hasznos funkci\u00f3. A sz\u00e9les kijelz\u0151k eset\u00e9ben ugyanis m\u00e1r jelent\u0151s\u00e9ge van annak, hogy a sarkok t\u00e1volabb vannak a tekintett\u0151l, mint a k\u00e9perny\u0151 k\u00f6zepe. Ezen seg\u00edt a panel finom \u00edve. B\u0151ven el\u00e9g, ha csak kis sz\u00f6gben \u00e9rv\u00e9nyes\u00fcl, a j\u00e1t\u00e9kok \u00e9s a filmek \u00e9rezhet\u0151en nagyobbat \u00fctnek, jobban bel\u00e9j\u00fck tudod \u00e9lni magad, mint a s\u00edk k\u00e9perny\u0151be. Ut\u00f3bbiak mellett csup\u00e1n k\u00e9t \u00e9rv van: \u00e1ltal\u00e1ban egy kicsit olcs\u00f3bbak, illetve vannak bizonyos felhaszn\u00e1l\u00e1si m\u00f3dok, amikor egyenes vonalakra van sz\u00fcks\u00e9g (\u00e9p\u00edt\u00e9szeti fot\u00f3z\u00e1s, CAD-tervez\u00e9s, 3D-s modellez\u00e9s), ekkor zavar\u00f3 lehet az \u00edv. Igaz, az ember szeme hozz\u00e1szokik \u00e9s egy id\u0151 ut\u00e1n automatikusan korrig\u00e1l, de el tudom k\u00e9pzelni, hogy van, akinek ez \u00edgy sem f\u00e9r bele.<\/p>\n<h2>F\u00e9nyer\u0151, HDR, k\u00e9pfriss\u00edt\u00e9s<\/h2>\n<p>Ezek m\u00e1r a gamerek territ\u00f3riuma, de fontos, hogy tudjuk, mi mit jelent. A f\u00e9nyer\u0151t cd\/m2 (m\u00e1s n\u00e9ven nit) m\u00e9rt\u00e9kegys\u00e9gben szokt\u00e1k megadni, ez mutatja meg, maximum mekkora f\u00e9nyer\u0151re k\u00e9pes a panel \u2013 m\u00e9g ha pixelek csak kis csoportjait \u00e9rintve \u00e9s nem is sok\u00e1ig fenntartva, az energiahat\u00e9konys\u00e1g jegy\u00e9ben. A legt\u00f6bb felhaszn\u00e1l\u00f3nak b\u0151ven el\u00e9g a 250-300 nites f\u00e9nyer\u0151, napf\u00e9nyes szob\u00e1ban elk\u00e9l a 350-es is. Szerencs\u00e9re az ultrawide modellek k\u00f6zt aligha tal\u00e1lunk enn\u00e9l gyeng\u00e9bbet. B\u00e1r van \u00e1tfed\u00e9s, a HDR m\u00e1s t\u00e9szta: amelyik modellen bekapcsolhat\u00f3 (p\u00e9ld\u00e1ul Windowsban) ez az \u00fczemm\u00f3d, az hagyom\u00e1nyosan f\u00e9nyesebb, kontrasztosabb k\u00e9pet ad mark\u00e1nsabb sz\u00ednekkel, a cs\u00facsf\u00e9nyes \u00e9s m\u00e9lyen \u00e1rny\u00e9kos r\u00e9szekben is meg\u0151rizve a r\u00e9szleteket. Az ultrawide monitorok eset\u00e9ben k\u00e9t baj van ezzel:<\/p>\n<ul>\n<li>nem el\u00e9g f\u00e9nyesek;<\/li>\n<li>nem el\u00e9g kontrasztosak.<\/li>\n<\/ul>\n<p>Az \u201eigazi\u201d HDR-hez legal\u00e1bb 8-900, de ink\u00e1bb 1000 nites f\u00e9nyer\u0151 sz\u00fcks\u00e9ges \u00e9s min\u00e9l m\u00e9lyebb feket\u00e9k, azaz legal\u00e1bb helyi k\u00e9phalv\u00e1ny\u00edt\u00f3 (local dimming) technol\u00f3gia, de ink\u00e1bb OLED-k\u00e9perny\u0151. Kijelz\u0151ink egyikkel sem b\u00edrk\u00f3znak el. Ez\u00e9rt a gy\u00e1rt\u00f3k saj\u00e1t HDR-form\u00e1tumokat tal\u00e1ltak ki, hogy m\u00e9giscsak r\u00e1ragaszthass\u00e1k a HDR-matric\u00e1t a dobozokra: ilyen a HDR10 (ez egy nagyon \u00e1ltal\u00e1nos, t\u00e9v\u00e9s szemmel kiss\u00e9 elavult, de az\u00e9rt m\u0171k\u00f6d\u0151k\u00e9pes form\u00e1tum), a VESA HDR 400, 600 \u00e9s 1000. Ut\u00f3bbi h\u00e1rom sz\u00e1m a f\u00e9nyer\u0151re vonatkozik: a 400 \u00e9s 600 a szeg\u00e9ny ember HDR-e, az 1000 m\u00e1r k\u00f6zel\u00edt, de igazi feket\u00e9k h\u00edj\u00e1n az sem az igazi \u2013 m\u00e1rpedig ez ut\u00f3bbira csak az OLED-kijelz\u0151k k\u00e9pesek, ezek a monitorok viszont olyan ritk\u00e1k \u00e9s dr\u00e1g\u00e1k, hogy nem tudjuk \u0151ket nyugodt sz\u00edvvel aj\u00e1nlani.<\/p>\n<p>A konkl\u00fazi\u00f3: ha a monitorod hivatalosan k\u00e9pes HDR-k\u00e9p dek\u00f3dol\u00e1s\u00e1ra \u00e9s k\u00f6zvet\u00edt\u00e9s\u00e9re, \u00f6r\u00fclj neki \u00e9s a megfelel\u0151 helyeken (\u00e9rtsd: a j\u00f3l optimaliz\u00e1lt j\u00e1t\u00e9kokban) haszn\u00e1ld is. A k\u00e9pmin\u0151s\u00e9g m\u00e9g 400-as f\u00e9nyer\u0151 eset\u00e9n is \u00e9szrevehet\u0151en, af\u00f6l\u00f6tt pedig felt\u0171n\u0151en jobb lesz, de ha hi\u00e1nyzik ez a funkci\u00f3, ne sajn\u00e1ljd, nem sokr\u00f3l maradsz le. Kifejezetten a HDR-\u00e9lm\u00e9ny miatt pedig ne nagyon vegy\u00e9l ilyen monitort.<\/p>\n<p>A k\u00e9pfriss\u00edt\u00e9s azonban nagyon sokat sz\u00e1m\u00edt, f\u0151leg, ha az ember j\u00e1tszik. Aki egyszer megtapasztalja, milyen \u00e9rz\u00e9s 60 Hz f\u00f6l\u00f6tt j\u00e1tszani, s\u0151t: ak\u00e1r csak \u00fagy, egy oper\u00e1ci\u00f3s rendszert haszn\u00e1lni (ablakokat rendezni, b\u00f6ng\u00e9sz\u0151ablakot g\u00f6rgetni, eg\u00e9rkurzort h\u00fazni), nehezen engedi el. Minden sokkal reszponz\u00edvabb, gyorsabb, k\u00e9zre \u00e1ll\u00f3bb, bar\u00e1ts\u00e1gosabb\u00e1 v\u00e1lik. A piacon tal\u00e1lunk 75, 100, 120, 144 Hz-es paneleket is, ut\u00f3bbiakat r\u00e1ad\u00e1sul sok esetben gy\u00e1rilag felturb\u00f3zhatjuk 160 Hz-re, igaz, ekkor m\u00e1r kompromisszumokat kell k\u00f6tn\u00fcnk vagy a felbont\u00e1s, vagy a sz\u00ednk\u00f3dol\u00e1s ter\u00e9n, ennyit pedig nem biztos, hogy meg\u00e9r az a plusz 16 Hz. Arr\u00f3l nem is besz\u00e9lve, hogy ehhez olyan videok\u00e1rtya is kell: csak a cs\u00facskateg\u00f3ri\u00e1s vasak k\u00e9pesek az \u00fajabb j\u00e1t\u00e9kokat ezeken a felbont\u00e1sokon, tisztess\u00e9ges grafik\u00e1val 80-100 k\u00e9pkocka\/m\u00e1sodperc sebess\u00e9ggel vagy gyorsabban futtatni. Ha ez nem lenne el\u00e9g: az extra k\u00e9pfriss\u00edt\u00e9s\u00e9rt kell a legt\u00f6bb pluszp\u00e9nzt fizetni egy-egy ilyen monitor eset\u00e9ben.<\/p>\n<p>Ezek ut\u00e1n persze nem lenne tisztess\u00e9ges mag\u00e1ra hagyni az olvas\u00f3t konkr\u00e9t p\u00e9ld\u00e1k n\u00e9lk\u00fcl.<\/p>\n<h2>A t\u00f6k\u00e9letes bel\u00e9p\u0151: LG 29WL500-B<\/h2>\n<p>Bar\u00e1ts\u00e1gos, 29 collos \u00e1tm\u00e9r\u0151, az ehhez passzol\u00f3 2560&#215;1080-as felbont\u00e1s, IPS-panel, mindez 80 ezer forintn\u00e1l is kevesebb\u00e9rt \u2013 kell enn\u00e9l t\u00f6bb? F\u00e9nyereje, k\u00e9pfriss\u00edt\u00e9se szer\u00e9ny (250 nit, 60 Hz), de ebben a kateg\u00f3ri\u00e1ban nem is v\u00e1rhatunk t\u00f6bbet. Cser\u00e9be az AMD FreeSync technol\u00f3gi\u00e1ja is belef\u00e9rt, azaz szaggat\u00e1smentesen \u00e9lvezhetj\u00fck a j\u00e1t\u00e9kokat kikapcsolt v-sync opci\u00f3val akkor is, ha a k\u00e9pfriss\u00edt\u00e9s\u00fck 60 fps al\u00e1 esik. Ebben az a sz\u00e9p, hogy kompatibilis az NVidia G-SYNC technol\u00f3gi\u00e1j\u00e1val, igaz, a gy\u00e1rt\u00f3 nem garant\u00e1lja, hogy m\u0171k\u00f6dni is fog.<\/p>\n<div id=\"attachment_11198\" style=\"width: 730px\" class=\"wp-caption alignnone\"><img loading=\"lazy\" decoding=\"async\" aria-describedby=\"caption-attachment-11198\" class=\"size-full wp-image-11198\" src=\"https:\/\/hir.mediamarkt.hu\/magazin\/wp-content\/uploads\/2020\/09\/xlg1.jpg\" alt=\"\" width=\"720\" height=\"438\" srcset=\"https:\/\/hir.mediamarkt.hu\/magazin\/wp-content\/uploads\/2020\/09\/xlg1.jpg 720w, https:\/\/hir.mediamarkt.hu\/magazin\/wp-content\/uploads\/2020\/09\/xlg1-300x183.jpg 300w, https:\/\/hir.mediamarkt.hu\/magazin\/wp-content\/uploads\/2020\/09\/xlg1-275x167.jpg 275w\" sizes=\"(max-width: 720px) 100vw, 720px\" \/><p id=\"caption-attachment-11198\" class=\"wp-caption-text\">Forr\u00e1s: LG<\/p><\/div>\n<p><a href=\"http:\/\/mediamarkt.hu\/catentry\/1306038\">A monitort itt v\u00e1s\u00e1rolhatod meg.<\/a><\/p>\n<h2>Ultrawide profiknak: LG 34WL85C-B<\/h2>\n<p>Igazi nagy\u00e1gy\u00fa azoknak m\u0171v\u00e9szeknek \u00e9s professzion\u00e1lis vide\u00f3soknak, fot\u00f3soknak. 5 ezredm\u00e1sodperces v\u00e1laszidej\u00e9vel m\u00e1r j\u00f3 es\u00e9ly\u00fcnk van az esportokban is, igaz, k\u00e9pfriss\u00edt\u00e9se m\u00e9g mindig csak 60 Hz-es. Testes, 34 collos kijelz\u0151je az LG legend\u00e1san visszafogott, letisztult formatervez\u00e9s\u00e9vel t\u00e1rsul, felbont\u00e1sa pedig 3440&#215;1440, teh\u00e1t van mib\u0151l gazd\u00e1lkodnia annak, aki ezt v\u00e1lasztja. Hivatalosan HDR-k\u00e9pes, 300 nites f\u00e9nyerej\u00e9t tekintve ez azonban ink\u00e1bb csak a \u201ej\u00f3 tudni\u201d kateg\u00f3ria. Az LG alkalmaz\u00e1s\u00e1val \u00e9s ak\u00e1r a monitor hardveres men\u00fcj\u00e9ben is feloszthatjuk a k\u00e9perny\u0151t \u00fagy, hogy ak\u00e1r k\u00e9t eszk\u00f6zt kezeljen egyidej\u0171leg. Az IPS kijelz\u0151 sz\u00edneit gy\u00e1rilag korrekt\u00fcl be\u00e1ll\u00edtja az LG, azaz kis szerencs\u00e9vel (\u00e9s az sRGB \u00fczemm\u00f3d haszn\u00e1lat\u00e1val) meg\u00fasszuk a manu\u00e1lis kalibr\u00e1l\u00e1st is. A panel term\u00e9szetesen IPS.<\/p>\n<div id=\"attachment_11199\" style=\"width: 810px\" class=\"wp-caption alignnone\"><img loading=\"lazy\" decoding=\"async\" aria-describedby=\"caption-attachment-11199\" class=\"size-full wp-image-11199\" src=\"https:\/\/hir.mediamarkt.hu\/magazin\/wp-content\/uploads\/2020\/09\/xlg2.jpg\" alt=\"\" width=\"800\" height=\"480\" srcset=\"https:\/\/hir.mediamarkt.hu\/magazin\/wp-content\/uploads\/2020\/09\/xlg2.jpg 800w, https:\/\/hir.mediamarkt.hu\/magazin\/wp-content\/uploads\/2020\/09\/xlg2-300x180.jpg 300w, https:\/\/hir.mediamarkt.hu\/magazin\/wp-content\/uploads\/2020\/09\/xlg2-275x165.jpg 275w, https:\/\/hir.mediamarkt.hu\/magazin\/wp-content\/uploads\/2020\/09\/xlg2-768x461.jpg 768w\" sizes=\"(max-width: 800px) 100vw, 800px\" \/><p id=\"caption-attachment-11199\" class=\"wp-caption-text\">Forr\u00e1s: LG<\/p><\/div>\n<p><a href=\"http:\/\/mediamarkt.hu\/catentry\/1316578\">A monitort itt v\u00e1s\u00e1rolhatod meg.<\/a><\/p>\n<h2>A t\u00f6k\u00e9letes mindenes: LG 34GN850<\/h2>\n<p>Ezt a modellt a gy\u00e1rt\u00f3 t\u0151r\u0151lmetszett gamer monitork\u00e9nt forgalmazza, de ne d\u0151lj be nekik! A szint\u00e9n 34 collos, szint\u00e9n 3440 pixel sz\u00e9les GN850 legfeljebb megjelen\u00e9s\u00e9ben (k\u00fcl\u00f6n\u00f6sen \u00e1llv\u00e1ny\u00e1ban \u00e9s talp\u00e1ban, szerencs\u00e9re a VESA 100 millim\u00e9teres szabv\u00e1ny\u00e1nak h\u00e1la ezt k\u00f6nny\u0171 lecser\u00e9lni) eml\u00e9keztet a j\u00e1t\u00e9kosoknak sz\u00e1nt eszt\u00e9tik\u00e1ra. Maga a k\u00e9perny\u0151 egy profikat is kiel\u00e9g\u00edt\u0151 behem\u00f3t: mindent tud, amit a fent r\u00e9szletezett WL85C, csak \u00e9ppen egy fokkal komolyabb HDR-re k\u00e9pes (ennek haszn\u00e1latakor 450 nit \u00e9rt\u00e9kig is felk\u00faszik a f\u00e9nyer\u0151), k\u00e9pfriss\u00edt\u00e9se pedig m\u00e9g a legmagasabb felbont\u00e1ssal, 10 bites sz\u00ednm\u00e9lys\u00e9gben is 144 Hz, amely a men\u00fcben 160 Hz-ig feltorn\u00e1szhat\u00f3 n\u00e9mi kompromisszum \u00e1r\u00e1n. Az egyetlen hi\u00e1nyoss\u00e1g: be\u00e9p\u00edtett hangsz\u00f3r\u00f3ja nincs, de elk\u00e9pzelhetetlen, hogy az, aki ebben a kateg\u00f3ri\u00e1ban v\u00e1logat, ne gondoskodna dedik\u00e1lt hangrendszerr\u0151l. Az LG r\u00e1ad\u00e1sul 1 ezredm\u00e1sodperces v\u00e1laszid\u0151t \u00edg\u00e9r; a gyakorlatban ez ink\u00e1bb 5, de ez t\u00e9nyleg csak a profi esportol\u00f3kat \u00e9rdekelheti. Az eredm\u00e9ny: a (majdnem) t\u00f6k\u00e9letes gamer- \u00c9S m\u0171v\u00e9szmonitor. Igaz, az \u00e1ra is ennek megfelel\u0151.<\/p>\n<div id=\"attachment_11200\" style=\"width: 810px\" class=\"wp-caption alignnone\"><img loading=\"lazy\" decoding=\"async\" aria-describedby=\"caption-attachment-11200\" class=\"size-full wp-image-11200\" src=\"https:\/\/hir.mediamarkt.hu\/magazin\/wp-content\/uploads\/2020\/09\/xlg3.jpg\" alt=\"\" width=\"800\" height=\"569\" srcset=\"https:\/\/hir.mediamarkt.hu\/magazin\/wp-content\/uploads\/2020\/09\/xlg3.jpg 800w, https:\/\/hir.mediamarkt.hu\/magazin\/wp-content\/uploads\/2020\/09\/xlg3-300x213.jpg 300w, https:\/\/hir.mediamarkt.hu\/magazin\/wp-content\/uploads\/2020\/09\/xlg3-275x196.jpg 275w, https:\/\/hir.mediamarkt.hu\/magazin\/wp-content\/uploads\/2020\/09\/xlg3-768x546.jpg 768w\" sizes=\"(max-width: 800px) 100vw, 800px\" \/><p id=\"caption-attachment-11200\" class=\"wp-caption-text\">Forr\u00e1s: LG<\/p><\/div>\n<p><a href=\"http:\/\/mediamarkt.hu\/catentry\/1325924\">A monitort itt v\u00e1s\u00e1rolhatod meg.<\/a><\/p>\n<h2>Meg\u0151r\u00fclsz, megbolondulsz: LG 49WL95C-W<\/h2>\n<p>5120&#215;1440 pixel. 32:9-es k\u00e9par\u00e1ny. 121,5 centis sz\u00e9less\u00e9g. 5 ms-os v\u00e1laszid\u0151. Ha tudn\u00e1nk is ezen t\u00fal mondani b\u00e1rmit, semmi \u00e9rtelme nem lenne \u2013 elhalv\u00e1nyulnak a szavak emellett a k\u00e9p mellett.<\/p>\n<div id=\"attachment_11201\" style=\"width: 810px\" class=\"wp-caption alignnone\"><img loading=\"lazy\" decoding=\"async\" aria-describedby=\"caption-attachment-11201\" class=\"size-full wp-image-11201\" src=\"https:\/\/hir.mediamarkt.hu\/magazin\/wp-content\/uploads\/2020\/09\/xlg4.jpg\" alt=\"\" width=\"800\" height=\"323\" srcset=\"https:\/\/hir.mediamarkt.hu\/magazin\/wp-content\/uploads\/2020\/09\/xlg4.jpg 800w, https:\/\/hir.mediamarkt.hu\/magazin\/wp-content\/uploads\/2020\/09\/xlg4-300x121.jpg 300w, https:\/\/hir.mediamarkt.hu\/magazin\/wp-content\/uploads\/2020\/09\/xlg4-275x111.jpg 275w, https:\/\/hir.mediamarkt.hu\/magazin\/wp-content\/uploads\/2020\/09\/xlg4-768x310.jpg 768w\" sizes=\"(max-width: 800px) 100vw, 800px\" \/><p id=\"caption-attachment-11201\" class=\"wp-caption-text\">Forr\u00e1s: LG<\/p><\/div>\n<p>Ha megl\u00e1tod \u00e9s \u00fagy \u00e9rzed, ez tal\u00e1n m\u00e9giscsak t\u00falz\u00e1s, igazad van: t\u00falz\u00e1s. Ha azonban valami azt s\u00fagja, \u201enem \u00e9rdekel, ez nekem kell\u201d, akkor is igazad van: t\u00e9nyleg kell.<\/p>\n<p><a href=\"http:\/\/mediamarkt.hu\/catentry\/1308149\">A monitort itt v\u00e1s\u00e1rolhatod meg.<\/a><\/p>\n","protected":false},"excerpt":{"rendered":"Nem marketingl\u00f3zung, igenis van \u00e9rtelme a 21:9-es \u00e9s a 32:9-es k\u00e9par\u00e1nynak. El is magyar\u00e1zzuk, micsoda. Minden, amit az ultrawide (ultasz\u00e9les) form\u00e1tumr\u00f3l tudnod kell \u2013 \u00e9s persze azt is megmutatjuk, melyik a te modelled. Aki l\u00e1tott vagy olvasott m\u00e1r HDR-t\u00e9v\u00e9r\u0151l sz\u00f3l\u00f3 tesztet, az pontosan tudja, milyen neh\u00e9z helyzetben van a youtuber\/\u00fajs\u00e1g\u00edr\u00f3, aki megpr\u00f3b\u00e1lja visszaadni az \u00e9lm\u00e9nyt. Ez ugyanis lehetetlen. A konkl\u00fazi\u00f3 \u00e1ltal\u00e1ban az (\u00e9s ez extravicces a 4K-s YouTube kor\u00e1ban, amikor t\u00e9nyleg mindent, de mindent meg lehet mutatni), hogy \u201eok\u00e9, a ti monitorotokon ez annyira nem j\u00f6n \u00e1t, de higgy\u00e9tek el, nagyon, nagyon j\u00f3 cucc ez, szem\u00e9lyesen kell l\u00e1tnotok, hogy meggy\u0151z\u0151djetek r\u00f3la\u201d. A slusszpo\u00e9n az, hogy az igazi (f\u00e9nyer\u0151s, tisztess\u00e9ges panelen megjelen\u00edtett) HDR t\u00e9nyleg fantasztikus \u00e9lm\u00e9ny, amelyet azonban val\u00f3ban nem lehet &#8230;","protected":false},"author":22,"featured_media":11208,"comment_status":"open","ping_status":"open","sticky":false,"template":"","format":"standard","meta":{"wprm-recipe-roundup-name":"","wprm-recipe-roundup-description":"","footnotes":""},"categories":[5977],"tags":[239,298,294,3988,3990,3989],"yoast_head":"<!-- This site is optimized with the Yoast SEO plugin v22.9 - https:\/\/yoast.com\/wordpress\/plugins\/seo\/ -->\n<title>Ultrawide monitorok -nemcsak gamereknek - MediaMarkt Magazin<\/title>\n<meta name=\"description\" content=\"Minden, amit az ultrawide form\u00e1tumr\u00f3l tudnod kell \u2013 \u00e9s persze azt is megmutatjuk, melyik a te modelled.\" \/>\n<meta name=\"robots\" content=\"index, follow, max-snippet:-1, max-image-preview:large, max-video-preview:-1\" \/>\n<link rel=\"canonical\" href=\"https:\/\/hir.mediamarkt.hu\/magazin\/ha-beulsz-ele-sosem-leszel-kepes-atulni-ezert-fantasztikusak-az-ultrawide-monitorok\/\" \/>\n<meta property=\"og:locale\" content=\"hu_HU\" \/>\n<meta property=\"og:type\" content=\"article\" \/>\n<meta property=\"og:title\" content=\"Ultrawide monitorok -nemcsak gamereknek - MediaMarkt Magazin\" \/>\n<meta property=\"og:description\" content=\"Minden, amit az ultrawide form\u00e1tumr\u00f3l tudnod kell \u2013 \u00e9s persze azt is megmutatjuk, melyik a te modelled.\" \/>\n<meta property=\"og:url\" content=\"https:\/\/hir.mediamarkt.hu\/magazin\/ha-beulsz-ele-sosem-leszel-kepes-atulni-ezert-fantasztikusak-az-ultrawide-monitorok\/\" \/>\n<meta property=\"og:site_name\" content=\"MediaMarkt Magazin\" \/>\n<meta property=\"article:publisher\" content=\"https:\/\/www.facebook.com\/MediaMarktMagyarorszag\" \/>\n<meta property=\"article:published_time\" content=\"2020-09-30T20:10:25+00:00\" \/>\n<meta property=\"article:modified_time\" content=\"2020-10-06T14:10:21+00:00\" \/>\n<meta property=\"og:image\" content=\"https:\/\/hir.mediamarkt.hu\/magazin\/wp-content\/uploads\/2020\/09\/ultrawide_ultraszeles_gamer_monitor_MediaMarkt.png\" \/>\n\t<meta property=\"og:image:width\" content=\"1024\" \/>\n\t<meta property=\"og:image:height\" content=\"619\" \/>\n\t<meta property=\"og:image:type\" content=\"image\/png\" \/>\n<meta name=\"author\" content=\"Nemenyi\" \/>\n<meta name=\"twitter:label1\" content=\"Szerz\u0151:\" \/>\n\t<meta name=\"twitter:data1\" content=\"Nemenyi\" \/>\n\t<meta name=\"twitter:label2\" content=\"Becs\u00fclt olvas\u00e1si id\u0151\" \/>\n\t<meta name=\"twitter:data2\" content=\"20 perc\" \/>\n<script type=\"application\/ld+json\" class=\"yoast-schema-graph\">{\"@context\":\"https:\/\/schema.org\",\"@graph\":[{\"@type\":\"WebPage\",\"@id\":\"https:\/\/hir.mediamarkt.hu\/magazin\/ha-beulsz-ele-sosem-leszel-kepes-atulni-ezert-fantasztikusak-az-ultrawide-monitorok\/\",\"url\":\"https:\/\/hir.mediamarkt.hu\/magazin\/ha-beulsz-ele-sosem-leszel-kepes-atulni-ezert-fantasztikusak-az-ultrawide-monitorok\/\",\"name\":\"Ultrawide monitorok -nemcsak gamereknek - MediaMarkt Magazin\",\"isPartOf\":{\"@id\":\"https:\/\/hir.mediamarkt.hu\/magazin\/#website\"},\"primaryImageOfPage\":{\"@id\":\"https:\/\/hir.mediamarkt.hu\/magazin\/ha-beulsz-ele-sosem-leszel-kepes-atulni-ezert-fantasztikusak-az-ultrawide-monitorok\/#primaryimage\"},\"image\":{\"@id\":\"https:\/\/hir.mediamarkt.hu\/magazin\/ha-beulsz-ele-sosem-leszel-kepes-atulni-ezert-fantasztikusak-az-ultrawide-monitorok\/#primaryimage\"},\"thumbnailUrl\":\"https:\/\/hir.mediamarkt.hu\/magazin\/wp-content\/uploads\/2020\/09\/ultrawide_ultraszeles_gamer_monitor_MediaMarkt.png\",\"datePublished\":\"2020-09-30T20:10:25+00:00\",\"dateModified\":\"2020-10-06T14:10:21+00:00\",\"author\":{\"@id\":\"https:\/\/hir.mediamarkt.hu\/magazin\/#\/schema\/person\/f4a17b2dc97f2e2bf1b88a89d4ef7d05\"},\"description\":\"Minden, amit az ultrawide form\u00e1tumr\u00f3l tudnod kell \u2013 \u00e9s persze azt is megmutatjuk, melyik a te modelled.\",\"breadcrumb\":{\"@id\":\"https:\/\/hir.mediamarkt.hu\/magazin\/ha-beulsz-ele-sosem-leszel-kepes-atulni-ezert-fantasztikusak-az-ultrawide-monitorok\/#breadcrumb\"},\"inLanguage\":\"hu\",\"potentialAction\":[{\"@type\":\"ReadAction\",\"target\":[\"https:\/\/hir.mediamarkt.hu\/magazin\/ha-beulsz-ele-sosem-leszel-kepes-atulni-ezert-fantasztikusak-az-ultrawide-monitorok\/\"]}]},{\"@type\":\"ImageObject\",\"inLanguage\":\"hu\",\"@id\":\"https:\/\/hir.mediamarkt.hu\/magazin\/ha-beulsz-ele-sosem-leszel-kepes-atulni-ezert-fantasztikusak-az-ultrawide-monitorok\/#primaryimage\",\"url\":\"https:\/\/hir.mediamarkt.hu\/magazin\/wp-content\/uploads\/2020\/09\/ultrawide_ultraszeles_gamer_monitor_MediaMarkt.png\",\"contentUrl\":\"https:\/\/hir.mediamarkt.hu\/magazin\/wp-content\/uploads\/2020\/09\/ultrawide_ultraszeles_gamer_monitor_MediaMarkt.png\",\"width\":1024,\"height\":619},{\"@type\":\"BreadcrumbList\",\"@id\":\"https:\/\/hir.mediamarkt.hu\/magazin\/ha-beulsz-ele-sosem-leszel-kepes-atulni-ezert-fantasztikusak-az-ultrawide-monitorok\/#breadcrumb\",\"itemListElement\":[{\"@type\":\"ListItem\",\"position\":1,\"name\":\"Kezd\u0151lap\",\"item\":\"https:\/\/hir.mediamarkt.hu\/magazin\/\"},{\"@type\":\"ListItem\",\"position\":2,\"name\":\"Ultrawide monitorok -nemcsak gamereknek\"}]},{\"@type\":\"WebSite\",\"@id\":\"https:\/\/hir.mediamarkt.hu\/magazin\/#website\",\"url\":\"https:\/\/hir.mediamarkt.hu\/magazin\/\",\"name\":\"MediaMarkt Magazin\",\"description\":\"Olvass bele magazinunkba!\",\"potentialAction\":[{\"@type\":\"SearchAction\",\"target\":{\"@type\":\"EntryPoint\",\"urlTemplate\":\"https:\/\/hir.mediamarkt.hu\/magazin\/?s={search_term_string}\"},\"query-input\":\"required name=search_term_string\"}],\"inLanguage\":\"hu\"},{\"@type\":\"Person\",\"@id\":\"https:\/\/hir.mediamarkt.hu\/magazin\/#\/schema\/person\/f4a17b2dc97f2e2bf1b88a89d4ef7d05\",\"name\":\"Nemenyi\",\"image\":{\"@type\":\"ImageObject\",\"inLanguage\":\"hu\",\"@id\":\"https:\/\/hir.mediamarkt.hu\/magazin\/#\/schema\/person\/image\/\",\"url\":\"https:\/\/secure.gravatar.com\/avatar\/9470b3223c723142e66adcad803b24fe?s=96&d=mm&r=g\",\"contentUrl\":\"https:\/\/secure.gravatar.com\/avatar\/9470b3223c723142e66adcad803b24fe?s=96&d=mm&r=g\",\"caption\":\"Nemenyi\"}}]}<\/script>\n<!-- \/ Yoast SEO plugin. -->","yoast_head_json":{"title":"Ultrawide monitorok -nemcsak gamereknek - MediaMarkt Magazin","description":"Minden, amit az ultrawide form\u00e1tumr\u00f3l tudnod kell \u2013 \u00e9s persze azt is megmutatjuk, melyik a te modelled.","robots":{"index":"index","follow":"follow","max-snippet":"max-snippet:-1","max-image-preview":"max-image-preview:large","max-video-preview":"max-video-preview:-1"},"canonical":"https:\/\/hir.mediamarkt.hu\/magazin\/ha-beulsz-ele-sosem-leszel-kepes-atulni-ezert-fantasztikusak-az-ultrawide-monitorok\/","og_locale":"hu_HU","og_type":"article","og_title":"Ultrawide monitorok -nemcsak gamereknek - MediaMarkt Magazin","og_description":"Minden, amit az ultrawide form\u00e1tumr\u00f3l tudnod kell \u2013 \u00e9s persze azt is megmutatjuk, melyik a te modelled.","og_url":"https:\/\/hir.mediamarkt.hu\/magazin\/ha-beulsz-ele-sosem-leszel-kepes-atulni-ezert-fantasztikusak-az-ultrawide-monitorok\/","og_site_name":"MediaMarkt Magazin","article_publisher":"https:\/\/www.facebook.com\/MediaMarktMagyarorszag","article_published_time":"2020-09-30T20:10:25+00:00","article_modified_time":"2020-10-06T14:10:21+00:00","og_image":[{"width":1024,"height":619,"url":"https:\/\/hir.mediamarkt.hu\/magazin\/wp-content\/uploads\/2020\/09\/ultrawide_ultraszeles_gamer_monitor_MediaMarkt.png","type":"image\/png"}],"author":"Nemenyi","twitter_misc":{"Szerz\u0151:":"Nemenyi","Becs\u00fclt olvas\u00e1si id\u0151":"20 perc"},"schema":{"@context":"https:\/\/schema.org","@graph":[{"@type":"WebPage","@id":"https:\/\/hir.mediamarkt.hu\/magazin\/ha-beulsz-ele-sosem-leszel-kepes-atulni-ezert-fantasztikusak-az-ultrawide-monitorok\/","url":"https:\/\/hir.mediamarkt.hu\/magazin\/ha-beulsz-ele-sosem-leszel-kepes-atulni-ezert-fantasztikusak-az-ultrawide-monitorok\/","name":"Ultrawide monitorok -nemcsak gamereknek - MediaMarkt Magazin","isPartOf":{"@id":"https:\/\/hir.mediamarkt.hu\/magazin\/#website"},"primaryImageOfPage":{"@id":"https:\/\/hir.mediamarkt.hu\/magazin\/ha-beulsz-ele-sosem-leszel-kepes-atulni-ezert-fantasztikusak-az-ultrawide-monitorok\/#primaryimage"},"image":{"@id":"https:\/\/hir.mediamarkt.hu\/magazin\/ha-beulsz-ele-sosem-leszel-kepes-atulni-ezert-fantasztikusak-az-ultrawide-monitorok\/#primaryimage"},"thumbnailUrl":"https:\/\/hir.mediamarkt.hu\/magazin\/wp-content\/uploads\/2020\/09\/ultrawide_ultraszeles_gamer_monitor_MediaMarkt.png","datePublished":"2020-09-30T20:10:25+00:00","dateModified":"2020-10-06T14:10:21+00:00","author":{"@id":"https:\/\/hir.mediamarkt.hu\/magazin\/#\/schema\/person\/f4a17b2dc97f2e2bf1b88a89d4ef7d05"},"description":"Minden, amit az ultrawide form\u00e1tumr\u00f3l tudnod kell \u2013 \u00e9s persze azt is megmutatjuk, melyik a te modelled.","breadcrumb":{"@id":"https:\/\/hir.mediamarkt.hu\/magazin\/ha-beulsz-ele-sosem-leszel-kepes-atulni-ezert-fantasztikusak-az-ultrawide-monitorok\/#breadcrumb"},"inLanguage":"hu","potentialAction":[{"@type":"ReadAction","target":["https:\/\/hir.mediamarkt.hu\/magazin\/ha-beulsz-ele-sosem-leszel-kepes-atulni-ezert-fantasztikusak-az-ultrawide-monitorok\/"]}]},{"@type":"ImageObject","inLanguage":"hu","@id":"https:\/\/hir.mediamarkt.hu\/magazin\/ha-beulsz-ele-sosem-leszel-kepes-atulni-ezert-fantasztikusak-az-ultrawide-monitorok\/#primaryimage","url":"https:\/\/hir.mediamarkt.hu\/magazin\/wp-content\/uploads\/2020\/09\/ultrawide_ultraszeles_gamer_monitor_MediaMarkt.png","contentUrl":"https:\/\/hir.mediamarkt.hu\/magazin\/wp-content\/uploads\/2020\/09\/ultrawide_ultraszeles_gamer_monitor_MediaMarkt.png","width":1024,"height":619},{"@type":"BreadcrumbList","@id":"https:\/\/hir.mediamarkt.hu\/magazin\/ha-beulsz-ele-sosem-leszel-kepes-atulni-ezert-fantasztikusak-az-ultrawide-monitorok\/#breadcrumb","itemListElement":[{"@type":"ListItem","position":1,"name":"Kezd\u0151lap","item":"https:\/\/hir.mediamarkt.hu\/magazin\/"},{"@type":"ListItem","position":2,"name":"Ultrawide monitorok -nemcsak gamereknek"}]},{"@type":"WebSite","@id":"https:\/\/hir.mediamarkt.hu\/magazin\/#website","url":"https:\/\/hir.mediamarkt.hu\/magazin\/","name":"MediaMarkt Magazin","description":"Olvass bele magazinunkba!","potentialAction":[{"@type":"SearchAction","target":{"@type":"EntryPoint","urlTemplate":"https:\/\/hir.mediamarkt.hu\/magazin\/?s={search_term_string}"},"query-input":"required name=search_term_string"}],"inLanguage":"hu"},{"@type":"Person","@id":"https:\/\/hir.mediamarkt.hu\/magazin\/#\/schema\/person\/f4a17b2dc97f2e2bf1b88a89d4ef7d05","name":"Nemenyi","image":{"@type":"ImageObject","inLanguage":"hu","@id":"https:\/\/hir.mediamarkt.hu\/magazin\/#\/schema\/person\/image\/","url":"https:\/\/secure.gravatar.com\/avatar\/9470b3223c723142e66adcad803b24fe?s=96&d=mm&r=g","contentUrl":"https:\/\/secure.gravatar.com\/avatar\/9470b3223c723142e66adcad803b24fe?s=96&d=mm&r=g","caption":"Nemenyi"}}]}},"_links":{"self":[{"href":"https:\/\/hir.mediamarkt.hu\/magazin\/wp-json\/wp\/v2\/posts\/11192"}],"collection":[{"href":"https:\/\/hir.mediamarkt.hu\/magazin\/wp-json\/wp\/v2\/posts"}],"about":[{"href":"https:\/\/hir.mediamarkt.hu\/magazin\/wp-json\/wp\/v2\/types\/post"}],"author":[{"embeddable":true,"href":"https:\/\/hir.mediamarkt.hu\/magazin\/wp-json\/wp\/v2\/users\/22"}],"replies":[{"embeddable":true,"href":"https:\/\/hir.mediamarkt.hu\/magazin\/wp-json\/wp\/v2\/comments?post=11192"}],"version-history":[{"count":5,"href":"https:\/\/hir.mediamarkt.hu\/magazin\/wp-json\/wp\/v2\/posts\/11192\/revisions"}],"predecessor-version":[{"id":11207,"href":"https:\/\/hir.mediamarkt.hu\/magazin\/wp-json\/wp\/v2\/posts\/11192\/revisions\/11207"}],"wp:featuredmedia":[{"embeddable":true,"href":"https:\/\/hir.mediamarkt.hu\/magazin\/wp-json\/wp\/v2\/media\/11208"}],"wp:attachment":[{"href":"https:\/\/hir.mediamarkt.hu\/magazin\/wp-json\/wp\/v2\/media?parent=11192"}],"wp:term":[{"taxonomy":"category","embeddable":true,"href":"https:\/\/hir.mediamarkt.hu\/magazin\/wp-json\/wp\/v2\/categories?post=11192"},{"taxonomy":"post_tag","embeddable":true,"href":"https:\/\/hir.mediamarkt.hu\/magazin\/wp-json\/wp\/v2\/tags?post=11192"}],"curies":[{"name":"wp","href":"https:\/\/api.w.org\/{rel}","templated":true}]}}