{"id":11216,"date":"2020-10-12T07:59:42","date_gmt":"2020-10-12T06:59:42","guid":{"rendered":"http:\/\/hir.mediamarkt.hu\/magazin\/?p=11216"},"modified":"2020-10-20T15:08:03","modified_gmt":"2020-10-20T14:08:03","slug":"eisa-fenykepezogep-dijak","status":"publish","type":"post","link":"https:\/\/hir.mediamarkt.hu\/magazin\/eisa-fenykepezogep-dijak\/","title":{"rendered":"Mi az az EISA d\u00edj- szakemberek gy\u0171jt\u00f6tt\u00e9k  \u00f6ssze 2020 legjobb f\u00e9nyk\u00e9pez\u0151it"},"content":{"rendered":"\n<p><strong>\u00c9rdemes figyelni az EISA d\u00edjazottjaira. Bemutatjuk az idei legjobbakat, m\u00e1r csak az\u00e9rt is, mert a legt\u00f6bbj\u00fck kaphat\u00f3 a MediaMarktban.<\/strong><\/p>\n<p>Lelkesen \u00e9s sok tesztet, <a href=\"https:\/\/hir.mediamarkt.hu\/magazin\/hat-tipp-amitol-azonnal-szintet-lepsz-fotoskent\/\" target=\"_blank\" rel=\"noopener noreferrer\">tippet \u00e9s tr\u00fckk\u00f6t<\/a> \u00edrunk nektek, <a href=\"https:\/\/hir.mediamarkt.hu\/magazin\/lepj-velunk-fotozas-vilagaba\/\" target=\"_blank\" rel=\"noopener noreferrer\">meg\u00edrtuk hogy tudj\u00e1tok, merre van az el\u0151re,<\/a> mely g\u00e9pek kapj\u00e1k meg a <a href=\"https:\/\/hir.mediamarkt.hu\/magazin\/tipa-dij-2020-erdemes-figyelni-milyen-fenykepezogepet-veszel\/\" target=\"_blank\" rel=\"noopener noreferrer\">TIPA-d\u00edjat<\/a>, mely term\u00e9kekre \u00e9rdemes lecsapni \u00e9s melyeket jobb elker\u00fclni (vagy, hogy diplomatikusan fogalmazzunk: mikor v\u00e1rjunk ink\u00e1bb firmware-friss\u00edt\u00e9sre). Most azonban ideje egy kicsit f\u00e9lretenni a saj\u00e1t dolgainkat \u00e9s kitekinteni, egyenesen az EIS\u00c1-ra. <strong>Az EISA<\/strong> nem m\u00e1s, mint az Expert Imaging and Sound Association, azaz <strong>29 orsz\u00e1g 61 techmagazinj\u00e1nak gr\u00e9miuma<\/strong>, amely minden \u00e9vben eld\u00f6nti a szak\u00fajs\u00e1g\u00edr\u00f3k tesztjei alapj\u00e1n, hogy mik a legjobb elektronikai term\u00e9kek. (Az Expert hely\u00e9n r\u00e9gen European \u00e1llt, de m\u00e1ra a kontinensen k\u00edv\u00fclr\u0151l is fogadnak \u00fajs\u00e1g\u00edr\u00f3kat.) Az \u00e1tlagos v\u00e1s\u00e1rl\u00f3nak legink\u00e1bb a term\u00e9kekre a gy\u00e1rt\u00f3k \u00e1ltal b\u00fcszk\u00e9n ragasztott EISA-matric\u00e1kr\u00f3l lehetnek ismer\u0151s\u00f6k; ha valaki nyer, azt ugyanis b\u00fcszk\u00e9n hangoztatja, teljes joggal. N\u00e1luk jobban ugyanis senki nem tudja, mik a most forr\u00f3 term\u00e9kek, ha \u0151k azt mondj\u00e1k valamire, hogy nagyszer\u0171, akkor az bizony az is.<\/p>\n<p>Most a legjobb f\u00e9nyk\u00e9pez\u0151k \u00e9s kamer\u00e1k list\u00e1j\u00e1t vessz\u00fck sorra, kateg\u00f3ri\u00e1nk\u00e9nt; f\u00e9lig az\u00e9rt, mert t\u00e9nyleg ez a legjobb term\u00e9kaj\u00e1nl\u00f3, f\u00e9lig pedig az\u00e9rt, mert szinte minden t\u00e9tel kaphat\u00f3 a Media Markt \u00e1ruh\u00e1zaiban, m\u00e9ghozz\u00e1 sokf\u00e9le kiszerel\u00e9sben. L\u00e1ssuk is a legjobb f\u00e9nyk\u00e9pez\u0151ket! A kateg\u00f3ri\u00e1k c\u00edmeit meghagytuk angolul, de alattuk elmagyar\u00e1zzuk \u0151ket, a linkeken pedig meg is v\u00e1s\u00e1rolhatj\u00e1tok a g\u00e9pv\u00e1zakat \u00e9s objekt\u00edveket.<\/p>\n<h3>Camera of the year: FUJIFILM X-T4<\/h3>\n<p>Meglep\u0151dt\u00fcnk volna, ha b\u00e1rmi m\u00e1st v\u00e1lasztottak volna az \u00e9v kamer\u00e1j\u00e1nak, mint a Fujifilm t\u00f6k\u00e9letes kompromisszum\u00e1t m\u00e9ret, s\u00faly, k\u00e9pess\u00e9gek \u00e9s felszerelts\u00e9g k\u00f6zt. Az X-T4 mindent tud, amit egy f\u00e9nyk\u00e9pez\u0151nek 2020-ban tudnia kell, \u00e9s m\u00e9g sokkal t\u00f6bbet. A k\u00e9p\u00e9rz\u00e9kel\u0151 m\u00e9rete APS-C, azaz a full frame szabv\u00e1ny k\u00e9tharmada, de ezt a k\u00e9pmin\u0151s\u00e9gben biztos nem \u00e9rzi majd senki. 26 megapixel, csod\u00e1latos, egyszerre korszer\u0171 \u00e9s retro, k\u00e9zre \u00e1ll\u00f3 v\u00e1z, amely elf\u00e9r b\u00e1rhol, X-Trans CMOS \u00e9rz\u00e9kel\u0151 a kev\u00e9s f\u00e9nyben is viszonylag zajmentes, r\u00e9szletgazdag k\u00e9p\u00e9rt, teljesen el- \u00e9s kiforgathat\u00f3 kijelz\u0151 a szelfik\u00e9rt \u00e9s a vlogol\u00e1s kedv\u00e9\u00e9rt, 4K 60 fps vide\u00f3, v\u00e1zba \u00e9p\u00edtett \u00f6ttengelyes stabiliz\u00e1tor \u00e9s elk\u00e9peszt\u0151en gyors sorozatl\u00f6v\u00e9s. A g\u00e9p t\u00fck\u00f6r n\u00e9lk\u00fcli, \u00edgy m\u00e9g kisebb \u00e9s \u00e9lettartama is kifog\u00e1stalan. Nagy \u00e1tfog\u00e1s\u00fa zoomobjekt\u00edveket aj\u00e1nl hozz\u00e1 a gy\u00e1rt\u00f3, \u00edgy els\u0151 sorban utaz\u00e1skor, vide\u00f3z\u00e1shoz \u00e9s street fot\u00f3hoz t\u00f6k\u00e9letes t\u00e1rs, de meg\u00e1llja a hely\u00e9t m\u00e9g a st\u00fadi\u00f3ban is.<\/p>\n<p><img decoding=\"async\" src=\"https:\/\/assets.mmsrg.com\/isr\/166325\/c1\/-\/ASSET_MMS_73973127\/fee_786_587_png\/FUJI-FILM-X-T4-v%C3%A1z--fekete\" alt=\"\" \/><\/p>\n<p>Kapcsol\u00f3d\u00f3 term\u00e9kek:<\/p>\n<ul>\n<li><a href=\"http:\/\/mediamarkt.hu\/catentry\/1320154\">X-T4 V\u00c1Z FEKETE<\/a><\/li>\n<li><a href=\"http:\/\/mediamarkt.hu\/catentry\/1320155\">X-T4 V\u00c1Z EZ\u00dcST<\/a><\/li>\n<li><a href=\"http:\/\/mediamarkt.hu\/catentry\/1320156\">X-T4\/XF18-55MM FEKETE<\/a><\/li>\n<li><a href=\"http:\/\/mediamarkt.hu\/catentry\/1320157\">X-T4\/XF18-55MM EZ\u00dcST<\/a><\/li>\n<li><a href=\"http:\/\/mediamarkt.hu\/catentry\/1320158\">X-T4\/XF16-80MM FEKETE<\/a><\/li>\n<li><a href=\"http:\/\/mediamarkt.hu\/catentry\/1320159\">X-T4\/XF16-80MM EZ\u00dcST<\/a><\/li>\n<\/ul>\n<h3>Best buy: NIKON Z 50<\/h3>\n<p>A c\u00edm a legjobb \u00e1r\/\u00e9rt\u00e9k ar\u00e1ny\u00fa f\u00e9nyk\u00e9pez\u0151t takarja. Ak\u00e1rcsak az X-T4 eset\u00e9ben, itt is egy t\u00fck\u00f6r n\u00e9lk\u00fcli, cser\u00e9lhet\u0151 objekt\u00edves v\u00e1zr\u00f3l van sz\u00f3, APS-C m\u00e9ret\u0171 szenzorral, \u00e9s a Nikon \u00f6sszes \u00faj\u00edt\u00e1s\u00e1val, amelyet az ut\u00f3bbi \u00e9vekben csak bevezetett. A felbont\u00e1s \u201ecsak\u201d 21 megapixeles (megs\u00fagjuk: ez is mindenre el\u00e9g, nem v\u00e9letlen\u00fcl \u00e1lltak le a kateg\u00f3ri\u00e1ban a gy\u00e1rt\u00f3k a megapixelh\u00e1bor\u00faval) \u00e9s a nikonra jellemz\u0151 pontos, gyors hibrid autof\u00f3kusszal. (Kedvenc\u00fcnk a t\u00e9nyleg j\u00f3l eltal\u00e1lt szem\u00e9rz\u00e9kel\u0151, amely a portr\u00e9fot\u00f3z\u00e1sban ny\u00fajt p\u00f3tolhatatlan seg\u00edts\u00e9get.) H\u00e1tr\u00e1nyai nem is igaz\u00e1n h\u00e1tr\u00e1nyok, legfeljebb az X-T4-hez k\u00e9pest: 4K-s vide\u00f3t 30 fps sebess\u00e9gben tud, sorozatfelv\u00e9tele kicsit lassabb, cser\u00e9be fele annyiba ker\u00fcl, mint az \u00e9v kamer\u00e1ja, \u00e9s m\u00e9g a Nikon meggy\u0151z\u0151 Z-bajonettes objekt\u00edvv\u00e1laszt\u00e9ka is a rendelkez\u00e9s\u00fcnkre \u00e1ll.<\/p>\n<p><img decoding=\"async\" src=\"https:\/\/assets.mmsrg.com\/isr\/166325\/c1\/-\/ASSET_MMS_70151407\/fee_786_587_png\/NIKON-Z-50-Digit%C3%A1lis-f%C3%A9nyk%C3%A9pez%C5%91g%C3%A9p-v%C3%A1z-%28VOA050AE%29\" alt=\"\" \/><\/p>\n<p>Kapcsol\u00f3d\u00f3 term\u00e9kek:<\/p>\n<ul>\n<li><a href=\"http:\/\/mediamarkt.hu\/catentry\/1307854\">Z 50 DIGIT\u00c1LIS F.G\u00c9P V\u00c1Z<\/a><\/li>\n<li><a href=\"http:\/\/mediamarkt.hu\/catentry\/1307855\">Z 50 + NIKKOR Z DX 16-50VR KIT<\/a><\/li>\n<li><a href=\"http:\/\/mediamarkt.hu\/catentry\/1307856\">Z 50 + NIKK. Z DX 16-50VR + 50-250VR KIT<\/a><\/li>\n<li><a href=\"http:\/\/mediamarkt.hu\/catentry\/1307857\">Z 50 + FTZ ADAPTER KIT<\/a><\/li>\n<li><a href=\"http:\/\/mediamarkt.hu\/catentry\/1307858\">Z 50 + NIKKOR Z DX 16-50MM VR + FTZ KIT<\/a><\/li>\n<li><a href=\"http:\/\/mediamarkt.hu\/catentry\/1326992\">Z 50 + 16-50 + 50-250 + PR\u00c9MIUM B\u0150R T\u00c1SKA<\/a><\/li>\n<li><a href=\"http:\/\/mediamarkt.hu\/catentry\/1326993\">Z 50 VLOGGER KIT<\/a><\/li>\n<li><a href=\"http:\/\/mediamarkt.hu\/catentry\/1327897\">Z 50 + 16-50 + FTZ ADAPTER + PR\u00c9MIUM B\u0150R T\u00c1SKA<\/a><\/li>\n<\/ul>\n<h3>Best APS-C: Canon EOS 90D<\/h3>\n<p>Jogos a k\u00e9rd\u00e9s, hogy a fenti k\u00e9t g\u00e9p ut\u00e1n mi sz\u00fcks\u00e9g a t\u00fck\u00f6rreflexes technol\u00f3gi\u00e1ra 2020-ban. Nos, a megszok\u00e1son k\u00edv\u00fcl igenis van p\u00e1r elvitathatatlan \u00e9rdeme, els\u0151 sorban term\u00e9szetesen a szuperpontos, megb\u00edzhat\u00f3, a k\u00e9pmez\u0151 100 sz\u00e1zal\u00e9k\u00e1t lefed\u0151 \u00e9s az akkuml\u00e1tort egy\u00e1ltal\u00e1n nem fogyaszt\u00f3 pentaprizm\u00e1s keres\u0151re gondolunk, \u00e9s t\u00fck\u00f6rfelcsap\u00e1s \u00e9s a z\u00e1r hangja is csod\u00e1latos; nosztalgia ez csup\u00e1n, tudjuk, de akkor is. A Canon g\u00e9pe ezen t\u00fal a kateg\u00f3ri\u00e1ban rekordmagas, 32 \u00e9s f\u00e9l megapixeles felbont\u00e1ssal \u00e9s ut\u00e1nozhatatlan, t\u00f6bb \u00e9vtized alatt felgy\u00fclemlett objekt\u00edvv\u00e1laszt\u00e9k\u00e1val h\u00f3d\u00edt; a gy\u00e1rt\u00f3 jogosan rekl\u00e1mozza a g\u00e9p\u00e9t azzal, hogy a sportfot\u00f3z\u00e1s ter\u00e9n a full frame-n\u00e9l kisebb \u00e9rz\u00e9kel\u0151 m\u00e9g j\u00f3l is j\u00f6n. A 90D-t egyszer\u0171en \u00f6r\u00f6m k\u00e9zbe venni.<\/p>\n<p><img decoding=\"async\" src=\"https:\/\/assets.mmsrg.com\/isr\/166325\/c1\/-\/pixelboxx-mss-82254739\/fee_786_587_png\/CANON-EOS-90D-DSLR-f%C3%A9nyk%C3%A9pez%C5%91g%C3%A9p---EF-S-18-135-mm-IS-USM-objekt%C3%ADv-%283616C017%29\" alt=\"\" \/><\/p>\n<p>Kapcsol\u00f3d\u00f3 term\u00e9kek:<\/p>\n<ul>\n<li><a href=\"http:\/\/mediamarkt.hu\/catentry\/1303064\">EOS 90D BK 18-135 U<\/a><\/li>\n<li><a href=\"http:\/\/mediamarkt.hu\/catentry\/1303065\">EOS 90D BK 18-55 S<\/a><\/li>\n<li><a href=\"http:\/\/mediamarkt.hu\/catentry\/1303066\">EOS 90D BK BODY<\/a><\/li>\n<\/ul>\n<h3>Full Frame: Nikon D780<\/h3>\n<p>A Nikon egyszer \u00e9s mindenkorra belopta mag\u00e1t azok sz\u00edv\u00e9be 2015-ben, akik szerettek volna \u00e1tt\u00e9rni a full frame rendszerekre, csak addig nem volt r\u00e1 p\u00e9nz\u00fck. A D750-nel sz\u00f6rnyeteget teremtettek, persze j\u00f3 \u00e9rtelemben: megb\u00edzhat\u00f3, elk\u00e9peszt\u0151en j\u00f3l felszerelt, k\u00f6nny\u0171 \u00e9s fantasztikus k\u00e9pmin\u0151s\u00e9get produk\u00e1l\u00f3 full frame g\u00e9p volt hihetetlen \u00e1ron. (Vannak fot\u00f3m\u0171v\u00e9szek, akik a mai napig ezt haszn\u00e1lj\u00e1k.) A D750-nek az\u00e9rt nem j\u00f6tt folytat\u00e1sa, mert egyszer\u0171en nem volt r\u00e1 sz\u00fcks\u00e9g. Eg\u00e9szen 2020-ig. A D780 nem egyszer\u0171 r\u00e1ncfelvarr\u00e1s: a felbont\u00e1s maradt ugyan 24 megapixeles, de a kijelz\u0151 v\u00e9gre d\u00f6nthet\u0151, az AF-rendszer hibrid (persze Live View m\u00f3dban haszn\u00e1lva), a vide\u00f3s lehet\u0151s\u00e9gek fejlettebbek, mint valaha \u00e9s maga a g\u00e9p min\u0151s\u00e9gibb, tart\u00f3sabb, egy kicsit profibb.<\/p>\n<p><img decoding=\"async\" src=\"https:\/\/assets.mmsrg.com\/isr\/166325\/c1\/-\/ASSET_MMS_73935915\/fee_786_587_png\/NIKON-D780-Digit%C3%A1lis-f%C3%A9nyk%C3%A9pez%C5%91g%C3%A9p-v%C3%A1z\" alt=\"\" \/><\/p>\n<p>Kapcsol\u00f3d\u00f3 term\u00e9kek:<\/p>\n<ul>\n<li><a href=\"http:\/\/mediamarkt.hu\/catentry\/1313678\">D780 DIGIT\u00c1LIS F.G\u00c9P V\u00c1Z<\/a><\/li>\n<li><a href=\"http:\/\/mediamarkt.hu\/catentry\/1313679\">D780 + AF-S NIKKOR 24-120 VR KIT<\/a><\/li>\n<\/ul>\n<h3>Compact: Fujifilm X100V<\/h3>\n<p>Borzongat\u00f3 belegondolni, mennyire m\u00e1st jelent a kompakt sz\u00f3 a kamer\u00e1k ter\u00e9n, mint 10 \u00e9ve. Akkor a szer\u00e9ny tud\u00e1s\u00fa, nem a legjobb k\u00e9pmin\u0151s\u00e9g\u0171 \u00e9s j\u00f3 esetben \u00e1tlagos lencs\u00e9vel ell\u00e1tott, de legal\u00e1bb kicsi \u00e9s k\u00f6nny\u0171 g\u00e9pre mondtuk ezt; ma ebb\u0151l annyi maradt, hogy kicsi \u00e9s k\u00f6nny\u0171. A Fujifilm \u00e9vek \u00f3ta mutatja az utat kompakt\u00fcgyben, az X100V-vel azonban t\u00f6k\u00e9lyre fejlesztett\u00e9k a m\u0171fajt. A zoomlecs\u00e9khez szokott fot\u00f3sok r\u00e9sz\u00e9r\u0151l persze jogos a k\u00e9rd\u00e9s: mi\u00e9rt j\u00f3 egy fix (!), 23 millim\u00e9teres, cser\u00e9lhetetlen objekt\u00edvvel ell\u00e1tott g\u00e9p \u2013 f\u0151leg ennyi\u00e9rt? A v\u00e1lasz: az\u00e9rt, mert ez a lencse (amely az APS-C k\u00e9p\u00e9rz\u00e9kel\u0151 sz\u00e1m\u00e1ra, kisfilmes rendszer szerint 35 millim\u00e9teresk\u00e9nt viselkedik) t\u00f6k\u00e9letes: riporthoz, utaz\u00e1shoz, utcafot\u00f3hoz \u00e9s (k\u00f6zeli portr\u00e9n \u00e9s sporton k\u00edv\u00fcl) szinte b\u00e1rmihez. F\u0151leg, ha hozz\u00e1vessz\u00fck az F2-es, teh\u00e1t nagyon t\u00e1g blend\u00e9t, a csod\u00e1latos, id\u0151j\u00e1r\u00e1s\u00e1ll\u00f3 v\u00e1zat, a g\u00e9p m\u00e9ret\u00e9t \u00e9s a hibrid keres\u0151rendszert.<\/p>\n<p><img decoding=\"async\" src=\"https:\/\/assets.mmsrg.com\/isr\/166325\/c1\/-\/ASSET_MMS_74003542\/fee_786_587_png\/FUJI-FILM-X100V-Digit%C3%A1lis-f%C3%A9nyk%C3%A9pez%C5%91g%C3%A9p--ez%C3%BCst\" alt=\"\" \/><\/p>\n<p>Kapcsol\u00f3d\u00f3 term\u00e9kek:<\/p>\n<ul>\n<li><a href=\"http:\/\/mediamarkt.hu\/catentry\/1320164\">X100V EZ\u00dcST<\/a><\/li>\n<li><a href=\"http:\/\/mediamarkt.hu\/catentry\/1320165\">X100V FEKETE<\/a><\/li>\n<\/ul>\n<h3>Vlogging: Sony ZV-1<\/h3>\n<p>Ha az ember l\u00e1tott m\u00e1r vloggert akci\u00f3 k\u00f6zben, tudja, milyen krit\u00e9riumoknak kell megfelelnie egy ilyen kamer\u00e1nak, a Sony ZV-1-ese pedig ki is pip\u00e1lja az \u00f6sszes dobozt. Teljesen kihajthat\u00f3 LCD? Pipa. H\u00e1romkapszul\u00e1s mikrofon mell\u00e9kelt sz\u00e9lfog\u00f3val? Pipa. Ergonomikos markolat? Opcion\u00e1lis Bluetooth-gimbal? Automatikus b\u0151rt\u00f3nus-igaz\u00edt\u00e1s? Cs\u00facs\u00e9les (1,7-szeres felbont\u00e1sr\u00f3l lesk\u00e1l\u00e1zott) 4K, HDR-ben? Pipa. Arr\u00f3l nem is besz\u00e9lve, hogy f\u00e9nyk\u00e9pez\u0151k\u00e9nt sem utols\u00f3, f\u00e9nyer\u0151s, 24-70 millim\u00e9ternek megfelel\u0151 gy\u00fajt\u00f3t\u00e1vols\u00e1g\u00fa lencs\u00e9je pedig t\u00e9nyleg minden helyzetben helyt\u00e1ll.<\/p>\n<p><img decoding=\"async\" src=\"https:\/\/assets.mmsrg.com\/isr\/166325\/c1\/-\/ASSET_MMS_75223784\/fee_786_587_png\/SONY-ZV-1-Vlog-kamera\" alt=\"\" \/><\/p>\n<p>Kapcsol\u00f3d\u00f3 term\u00e9kek:<\/p>\n<ul>\n<li><a href=\"http:\/\/mediamarkt.hu\/catentry\/1326986\">SONY ZV-1<\/a><\/li>\n<\/ul>\n<h3>Lens: Canon RF 70-200 F2.8 L IS USM<\/h3>\n<p>Az t\u00e9nyleg sokat elmond, ha az EISA nem egy alaplencs\u00e9t, hanem egy teleobjekt\u00edvet szavaz meg az \u00e9v lencs\u00e9j\u00e9nek. A Canon MILC-rendszerre optimaliz\u00e1lt, fot\u00f3riporter-kedvenc 70-200 F2.8-asa pont ilyen. Az alapadatok (gy\u00fajt\u00f3t\u00e1vols\u00e1g, blende) a profi pap\u00edrform\u00e1nak felelnek meg, a halk, szupergyors motor, a leny\u0171g\u00f6z\u0151 rajzolat \u00e9s sz\u00ednvisszaad\u00e1s, a r\u00e1zk\u00f3d\u00e1scs\u00f6kkent\u00e9s hat\u00e9konys\u00e1ga \u00e9s az \u00f6sszeszerel\u00e9s min\u0151s\u00e9ge azonban m\u00e9g a veter\u00e1nokat is leny\u0171g\u00f6zi.<\/p>\n<p><img decoding=\"async\" src=\"https:\/\/assets.mmsrg.com\/isr\/166325\/c1\/-\/ASSET_MMS_70594798\/fee_786_587_png\/CANON-RF-70-200mm-f-2.8L-IS-USM-objekt%C3%ADv\" alt=\"\" \/><\/p>\n<p>Kapcsol\u00f3d\u00f3 term\u00e9kek:<\/p>\n<ul>\n<li><a href=\"http:\/\/mediamarkt.hu\/catentry\/1308918\">CANON RF 70-200 F2.8 L IS USM<\/a><\/li>\n<\/ul>\n<h3>Standard Zoom: Canon RF24-70MM F\/2.8 L IS USM<\/h3>\n<p>Meglepet\u00e9s: a Canon viszi a pr\u00edmet az \u00e1ltal\u00e1nos kateg\u00f3ri\u00e1ban is. Nem is ragozn\u00e1nk: ugyanazt tudjuk mondani, mint a fenti modellr\u0151l, csak term\u00e9szetesen a gy\u00fajt\u00f3t\u00e1vols\u00e1g felel meg a sztenderd 24-70 millim\u00e9teresnek. Minden m\u00e1s pont olyan, amilyenre sz\u00e1m\u00edthatunk, azaz fantasztikus. Egy fot\u00f3riporter t\u00e1sk\u00e1j\u00e1ban mindkett\u0151nek ott a helye.<\/p>\n<p><img decoding=\"async\" src=\"https:\/\/assets.mmsrg.com\/isr\/166325\/c1\/-\/pixelboxx-mss-82262650\/fee_786_587_png\/CANON-RF-24-70mm-F2.8L-IS-USM-objekt%C3%ADv\" alt=\"\" \/><\/p>\n<p>Kapcsol\u00f3d\u00f3 term\u00e9kek:<\/p>\n<ul>\n<li><a href=\"http:\/\/mediamarkt.hu\/catentry\/1308918\">CANON RF24-70MM F\/2.8 L IS USM<\/a><\/li>\n<\/ul>\n<h3>Portrait: Nikon 85MM F1.8 S NIKKOR Z<\/h3>\n<p>A Nikonosok, akik azt hitt\u00e9k, kedvenc gy\u00e1rt\u00f3juk nem is kapott d\u00edjat a lencsekateg\u00f3ri\u00e1kban, fell\u00e9legezhetnek: a legjobb fix portr\u00e9objekt\u00edv az \u00f6v\u00e9k. Term\u00e9szetesen a MILC-kompatibilis, Z-bajonettes 85 millim\u00e9teresr\u0151l van sz\u00f3, amely val\u00f3ban t\u00f6k\u00e9letes az emberi arc legapr\u00f3bb r\u00e9szleteinek visszaad\u00e1s\u00e1ra, t\u00e1g blend\u00e9n is t\u00f6k\u00e9letes \u00e9less\u00e9ggel, fantasztikus bokeh-val. B\u00e1r a legkem\u00e9nyebb veter\u00e1nok ak\u00e1r h\u00fazhatj\u00e1k is a sz\u00e1jukat, hiszen \u0151k megszokt\u00e1k, hogy az igazi profi lencse blend\u00e9je F1.4-es, azt tan\u00e1csoljuk, ezt a reflexet engedj\u00e9k el: a gy\u00e1rt\u00f3 1.8-as megold\u00e1sa semmiben nem marad el a DSLR-g\u00e9pekre sz\u00e1nt cs\u00facskateg\u00f3ri\u00e1s Nikon-fixekt\u0151l. A MILC-v\u00e1zak nagyszer\u0171 szemfelismer\u0151 autof\u00f3kuszrendszer\u00e9vel pedig t\u00e9nyleg ez a valaha k\u00e9sz\u00edtett legjobb portr\u00e9objekt\u00edv.<\/p>\n<p><img decoding=\"async\" src=\"https:\/\/assets.mmsrg.com\/isr\/166325\/c1\/-\/pixelboxx-mss-82067326\/fee_786_587_png\/NIKON-85mm-f-1.8-S-Nikkor-Z-objekt%C3%ADv-%28JMA301DA%29\" alt=\"\" \/><\/p>\n<p>Kapcsol\u00f3d\u00f3 term\u00e9kek:<\/p>\n<ul>\n<li><a href=\"http:\/\/mediamarkt.hu\/catentry\/1301794\">NIKON 85MM F1.8 S NIKKOR Z<\/a><\/li>\n<\/ul>\n","protected":false},"excerpt":{"rendered":"\u00c9rdemes figyelni az EISA d\u00edjazottjaira. Bemutatjuk az idei legjobbakat, m\u00e1r csak az\u00e9rt is, mert a legt\u00f6bbj\u00fck kaphat\u00f3 a MediaMarktban. Lelkesen \u00e9s sok tesztet, tippet \u00e9s tr\u00fckk\u00f6t \u00edrunk nektek, meg\u00edrtuk hogy tudj\u00e1tok, merre van az el\u0151re, mely g\u00e9pek kapj\u00e1k meg a TIPA-d\u00edjat, mely term\u00e9kekre \u00e9rdemes lecsapni \u00e9s melyeket jobb elker\u00fclni (vagy, hogy diplomatikusan fogalmazzunk: mikor v\u00e1rjunk ink\u00e1bb firmware-friss\u00edt\u00e9sre). Most azonban ideje egy kicsit f\u00e9lretenni a saj\u00e1t dolgainkat \u00e9s kitekinteni, egyenesen az EIS\u00c1-ra. Az EISA nem m\u00e1s, mint az Expert Imaging and Sound Association, azaz 29 orsz\u00e1g 61 techmagazinj\u00e1nak gr\u00e9miuma, amely minden \u00e9vben eld\u00f6nti a szak\u00fajs\u00e1g\u00edr\u00f3k tesztjei alapj\u00e1n, hogy mik a legjobb elektronikai term\u00e9kek. (Az Expert hely\u00e9n r\u00e9gen European \u00e1llt, de m\u00e1ra a kontinensen k\u00edv\u00fclr\u0151l is fogadnak \u00fajs\u00e1g\u00edr\u00f3kat.) Az \u00e1tlagos v\u00e1s\u00e1rl\u00f3nak legink\u00e1bb &#8230;","protected":false},"author":22,"featured_media":11319,"comment_status":"open","ping_status":"open","sticky":false,"template":"","format":"standard","meta":{"wprm-recipe-roundup-name":"","wprm-recipe-roundup-description":"","footnotes":""},"categories":[5962,5960],"tags":[3998,4007,4006,4005,985,192,59,3997,3996],"yoast_head":"<!-- This site is optimized with the Yoast SEO plugin v22.9 - https:\/\/yoast.com\/wordpress\/plugins\/seo\/ -->\n<title>Mi az az EISA d\u00edj- szakemberek gy\u0171jt\u00f6tt\u00e9k \u00f6ssze 2020 legjobb f\u00e9nyk\u00e9pez\u0151it - MediaMarkt Magazin<\/title>\n<meta name=\"description\" content=\"\u00c9rdemes figyelni az EISA d\u00edjazottjaira. Bemutatjuk az idei legjobbakat, m\u00e1r csak az\u00e9rt is, mert mind kaphat\u00f3 a Media Marktban.\" \/>\n<meta name=\"robots\" content=\"index, follow, max-snippet:-1, max-image-preview:large, max-video-preview:-1\" \/>\n<link rel=\"canonical\" href=\"https:\/\/hir.mediamarkt.hu\/magazin\/eisa-fenykepezogep-dijak\/\" \/>\n<meta property=\"og:locale\" content=\"hu_HU\" \/>\n<meta property=\"og:type\" content=\"article\" \/>\n<meta property=\"og:title\" content=\"Mi az az EISA d\u00edj- szakemberek gy\u0171jt\u00f6tt\u00e9k \u00f6ssze 2020 legjobb f\u00e9nyk\u00e9pez\u0151it - MediaMarkt Magazin\" \/>\n<meta property=\"og:description\" content=\"\u00c9rdemes figyelni az EISA d\u00edjazottjaira. Bemutatjuk az idei legjobbakat, m\u00e1r csak az\u00e9rt is, mert mind kaphat\u00f3 a Media Marktban.\" \/>\n<meta property=\"og:url\" content=\"https:\/\/hir.mediamarkt.hu\/magazin\/eisa-fenykepezogep-dijak\/\" \/>\n<meta property=\"og:site_name\" content=\"MediaMarkt Magazin\" \/>\n<meta property=\"article:publisher\" content=\"https:\/\/www.facebook.com\/MediaMarktMagyarorszag\" \/>\n<meta property=\"article:published_time\" content=\"2020-10-12T06:59:42+00:00\" \/>\n<meta property=\"article:modified_time\" content=\"2020-10-20T14:08:03+00:00\" \/>\n<meta property=\"og:image\" content=\"https:\/\/hir.mediamarkt.hu\/magazin\/wp-content\/uploads\/2020\/10\/EISA_dij_media_markt-1.png\" \/>\n\t<meta property=\"og:image:width\" content=\"1024\" \/>\n\t<meta property=\"og:image:height\" content=\"619\" \/>\n\t<meta property=\"og:image:type\" content=\"image\/png\" \/>\n<meta name=\"author\" content=\"Nemenyi\" \/>\n<meta name=\"twitter:label1\" content=\"Szerz\u0151:\" \/>\n\t<meta name=\"twitter:data1\" content=\"Nemenyi\" \/>\n\t<meta name=\"twitter:label2\" content=\"Becs\u00fclt olvas\u00e1si id\u0151\" \/>\n\t<meta name=\"twitter:data2\" content=\"9 perc\" \/>\n<script type=\"application\/ld+json\" class=\"yoast-schema-graph\">{\"@context\":\"https:\/\/schema.org\",\"@graph\":[{\"@type\":\"WebPage\",\"@id\":\"https:\/\/hir.mediamarkt.hu\/magazin\/eisa-fenykepezogep-dijak\/\",\"url\":\"https:\/\/hir.mediamarkt.hu\/magazin\/eisa-fenykepezogep-dijak\/\",\"name\":\"Mi az az EISA d\u00edj- szakemberek gy\u0171jt\u00f6tt\u00e9k \u00f6ssze 2020 legjobb f\u00e9nyk\u00e9pez\u0151it - MediaMarkt Magazin\",\"isPartOf\":{\"@id\":\"https:\/\/hir.mediamarkt.hu\/magazin\/#website\"},\"primaryImageOfPage\":{\"@id\":\"https:\/\/hir.mediamarkt.hu\/magazin\/eisa-fenykepezogep-dijak\/#primaryimage\"},\"image\":{\"@id\":\"https:\/\/hir.mediamarkt.hu\/magazin\/eisa-fenykepezogep-dijak\/#primaryimage\"},\"thumbnailUrl\":\"https:\/\/hir.mediamarkt.hu\/magazin\/wp-content\/uploads\/2020\/10\/EISA_dij_media_markt-1.png\",\"datePublished\":\"2020-10-12T06:59:42+00:00\",\"dateModified\":\"2020-10-20T14:08:03+00:00\",\"author\":{\"@id\":\"https:\/\/hir.mediamarkt.hu\/magazin\/#\/schema\/person\/f4a17b2dc97f2e2bf1b88a89d4ef7d05\"},\"description\":\"\u00c9rdemes figyelni az EISA d\u00edjazottjaira. Bemutatjuk az idei legjobbakat, m\u00e1r csak az\u00e9rt is, mert mind kaphat\u00f3 a Media Marktban.\",\"breadcrumb\":{\"@id\":\"https:\/\/hir.mediamarkt.hu\/magazin\/eisa-fenykepezogep-dijak\/#breadcrumb\"},\"inLanguage\":\"hu\",\"potentialAction\":[{\"@type\":\"ReadAction\",\"target\":[\"https:\/\/hir.mediamarkt.hu\/magazin\/eisa-fenykepezogep-dijak\/\"]}]},{\"@type\":\"ImageObject\",\"inLanguage\":\"hu\",\"@id\":\"https:\/\/hir.mediamarkt.hu\/magazin\/eisa-fenykepezogep-dijak\/#primaryimage\",\"url\":\"https:\/\/hir.mediamarkt.hu\/magazin\/wp-content\/uploads\/2020\/10\/EISA_dij_media_markt-1.png\",\"contentUrl\":\"https:\/\/hir.mediamarkt.hu\/magazin\/wp-content\/uploads\/2020\/10\/EISA_dij_media_markt-1.png\",\"width\":1024,\"height\":619},{\"@type\":\"BreadcrumbList\",\"@id\":\"https:\/\/hir.mediamarkt.hu\/magazin\/eisa-fenykepezogep-dijak\/#breadcrumb\",\"itemListElement\":[{\"@type\":\"ListItem\",\"position\":1,\"name\":\"Kezd\u0151lap\",\"item\":\"https:\/\/hir.mediamarkt.hu\/magazin\/\"},{\"@type\":\"ListItem\",\"position\":2,\"name\":\"Mi az az EISA d\u00edj- szakemberek gy\u0171jt\u00f6tt\u00e9k \u00f6ssze 2020 legjobb f\u00e9nyk\u00e9pez\u0151it\"}]},{\"@type\":\"WebSite\",\"@id\":\"https:\/\/hir.mediamarkt.hu\/magazin\/#website\",\"url\":\"https:\/\/hir.mediamarkt.hu\/magazin\/\",\"name\":\"MediaMarkt Magazin\",\"description\":\"Olvass bele magazinunkba!\",\"potentialAction\":[{\"@type\":\"SearchAction\",\"target\":{\"@type\":\"EntryPoint\",\"urlTemplate\":\"https:\/\/hir.mediamarkt.hu\/magazin\/?s={search_term_string}\"},\"query-input\":\"required name=search_term_string\"}],\"inLanguage\":\"hu\"},{\"@type\":\"Person\",\"@id\":\"https:\/\/hir.mediamarkt.hu\/magazin\/#\/schema\/person\/f4a17b2dc97f2e2bf1b88a89d4ef7d05\",\"name\":\"Nemenyi\",\"image\":{\"@type\":\"ImageObject\",\"inLanguage\":\"hu\",\"@id\":\"https:\/\/hir.mediamarkt.hu\/magazin\/#\/schema\/person\/image\/\",\"url\":\"https:\/\/secure.gravatar.com\/avatar\/9470b3223c723142e66adcad803b24fe?s=96&d=mm&r=g\",\"contentUrl\":\"https:\/\/secure.gravatar.com\/avatar\/9470b3223c723142e66adcad803b24fe?s=96&d=mm&r=g\",\"caption\":\"Nemenyi\"}}]}<\/script>\n<!-- \/ Yoast SEO plugin. -->","yoast_head_json":{"title":"Mi az az EISA d\u00edj- szakemberek gy\u0171jt\u00f6tt\u00e9k \u00f6ssze 2020 legjobb f\u00e9nyk\u00e9pez\u0151it - MediaMarkt Magazin","description":"\u00c9rdemes figyelni az EISA d\u00edjazottjaira. Bemutatjuk az idei legjobbakat, m\u00e1r csak az\u00e9rt is, mert mind kaphat\u00f3 a Media Marktban.","robots":{"index":"index","follow":"follow","max-snippet":"max-snippet:-1","max-image-preview":"max-image-preview:large","max-video-preview":"max-video-preview:-1"},"canonical":"https:\/\/hir.mediamarkt.hu\/magazin\/eisa-fenykepezogep-dijak\/","og_locale":"hu_HU","og_type":"article","og_title":"Mi az az EISA d\u00edj- szakemberek gy\u0171jt\u00f6tt\u00e9k \u00f6ssze 2020 legjobb f\u00e9nyk\u00e9pez\u0151it - MediaMarkt Magazin","og_description":"\u00c9rdemes figyelni az EISA d\u00edjazottjaira. Bemutatjuk az idei legjobbakat, m\u00e1r csak az\u00e9rt is, mert mind kaphat\u00f3 a Media Marktban.","og_url":"https:\/\/hir.mediamarkt.hu\/magazin\/eisa-fenykepezogep-dijak\/","og_site_name":"MediaMarkt Magazin","article_publisher":"https:\/\/www.facebook.com\/MediaMarktMagyarorszag","article_published_time":"2020-10-12T06:59:42+00:00","article_modified_time":"2020-10-20T14:08:03+00:00","og_image":[{"width":1024,"height":619,"url":"https:\/\/hir.mediamarkt.hu\/magazin\/wp-content\/uploads\/2020\/10\/EISA_dij_media_markt-1.png","type":"image\/png"}],"author":"Nemenyi","twitter_misc":{"Szerz\u0151:":"Nemenyi","Becs\u00fclt olvas\u00e1si id\u0151":"9 perc"},"schema":{"@context":"https:\/\/schema.org","@graph":[{"@type":"WebPage","@id":"https:\/\/hir.mediamarkt.hu\/magazin\/eisa-fenykepezogep-dijak\/","url":"https:\/\/hir.mediamarkt.hu\/magazin\/eisa-fenykepezogep-dijak\/","name":"Mi az az EISA d\u00edj- szakemberek gy\u0171jt\u00f6tt\u00e9k \u00f6ssze 2020 legjobb f\u00e9nyk\u00e9pez\u0151it - MediaMarkt Magazin","isPartOf":{"@id":"https:\/\/hir.mediamarkt.hu\/magazin\/#website"},"primaryImageOfPage":{"@id":"https:\/\/hir.mediamarkt.hu\/magazin\/eisa-fenykepezogep-dijak\/#primaryimage"},"image":{"@id":"https:\/\/hir.mediamarkt.hu\/magazin\/eisa-fenykepezogep-dijak\/#primaryimage"},"thumbnailUrl":"https:\/\/hir.mediamarkt.hu\/magazin\/wp-content\/uploads\/2020\/10\/EISA_dij_media_markt-1.png","datePublished":"2020-10-12T06:59:42+00:00","dateModified":"2020-10-20T14:08:03+00:00","author":{"@id":"https:\/\/hir.mediamarkt.hu\/magazin\/#\/schema\/person\/f4a17b2dc97f2e2bf1b88a89d4ef7d05"},"description":"\u00c9rdemes figyelni az EISA d\u00edjazottjaira. Bemutatjuk az idei legjobbakat, m\u00e1r csak az\u00e9rt is, mert mind kaphat\u00f3 a Media Marktban.","breadcrumb":{"@id":"https:\/\/hir.mediamarkt.hu\/magazin\/eisa-fenykepezogep-dijak\/#breadcrumb"},"inLanguage":"hu","potentialAction":[{"@type":"ReadAction","target":["https:\/\/hir.mediamarkt.hu\/magazin\/eisa-fenykepezogep-dijak\/"]}]},{"@type":"ImageObject","inLanguage":"hu","@id":"https:\/\/hir.mediamarkt.hu\/magazin\/eisa-fenykepezogep-dijak\/#primaryimage","url":"https:\/\/hir.mediamarkt.hu\/magazin\/wp-content\/uploads\/2020\/10\/EISA_dij_media_markt-1.png","contentUrl":"https:\/\/hir.mediamarkt.hu\/magazin\/wp-content\/uploads\/2020\/10\/EISA_dij_media_markt-1.png","width":1024,"height":619},{"@type":"BreadcrumbList","@id":"https:\/\/hir.mediamarkt.hu\/magazin\/eisa-fenykepezogep-dijak\/#breadcrumb","itemListElement":[{"@type":"ListItem","position":1,"name":"Kezd\u0151lap","item":"https:\/\/hir.mediamarkt.hu\/magazin\/"},{"@type":"ListItem","position":2,"name":"Mi az az EISA d\u00edj- szakemberek gy\u0171jt\u00f6tt\u00e9k \u00f6ssze 2020 legjobb f\u00e9nyk\u00e9pez\u0151it"}]},{"@type":"WebSite","@id":"https:\/\/hir.mediamarkt.hu\/magazin\/#website","url":"https:\/\/hir.mediamarkt.hu\/magazin\/","name":"MediaMarkt Magazin","description":"Olvass bele magazinunkba!","potentialAction":[{"@type":"SearchAction","target":{"@type":"EntryPoint","urlTemplate":"https:\/\/hir.mediamarkt.hu\/magazin\/?s={search_term_string}"},"query-input":"required name=search_term_string"}],"inLanguage":"hu"},{"@type":"Person","@id":"https:\/\/hir.mediamarkt.hu\/magazin\/#\/schema\/person\/f4a17b2dc97f2e2bf1b88a89d4ef7d05","name":"Nemenyi","image":{"@type":"ImageObject","inLanguage":"hu","@id":"https:\/\/hir.mediamarkt.hu\/magazin\/#\/schema\/person\/image\/","url":"https:\/\/secure.gravatar.com\/avatar\/9470b3223c723142e66adcad803b24fe?s=96&d=mm&r=g","contentUrl":"https:\/\/secure.gravatar.com\/avatar\/9470b3223c723142e66adcad803b24fe?s=96&d=mm&r=g","caption":"Nemenyi"}}]}},"_links":{"self":[{"href":"https:\/\/hir.mediamarkt.hu\/magazin\/wp-json\/wp\/v2\/posts\/11216"}],"collection":[{"href":"https:\/\/hir.mediamarkt.hu\/magazin\/wp-json\/wp\/v2\/posts"}],"about":[{"href":"https:\/\/hir.mediamarkt.hu\/magazin\/wp-json\/wp\/v2\/types\/post"}],"author":[{"embeddable":true,"href":"https:\/\/hir.mediamarkt.hu\/magazin\/wp-json\/wp\/v2\/users\/22"}],"replies":[{"embeddable":true,"href":"https:\/\/hir.mediamarkt.hu\/magazin\/wp-json\/wp\/v2\/comments?post=11216"}],"version-history":[{"count":11,"href":"https:\/\/hir.mediamarkt.hu\/magazin\/wp-json\/wp\/v2\/posts\/11216\/revisions"}],"predecessor-version":[{"id":11721,"href":"https:\/\/hir.mediamarkt.hu\/magazin\/wp-json\/wp\/v2\/posts\/11216\/revisions\/11721"}],"wp:featuredmedia":[{"embeddable":true,"href":"https:\/\/hir.mediamarkt.hu\/magazin\/wp-json\/wp\/v2\/media\/11319"}],"wp:attachment":[{"href":"https:\/\/hir.mediamarkt.hu\/magazin\/wp-json\/wp\/v2\/media?parent=11216"}],"wp:term":[{"taxonomy":"category","embeddable":true,"href":"https:\/\/hir.mediamarkt.hu\/magazin\/wp-json\/wp\/v2\/categories?post=11216"},{"taxonomy":"post_tag","embeddable":true,"href":"https:\/\/hir.mediamarkt.hu\/magazin\/wp-json\/wp\/v2\/tags?post=11216"}],"curies":[{"name":"wp","href":"https:\/\/api.w.org\/{rel}","templated":true}]}}