{"id":113,"date":"2013-05-28T00:00:00","date_gmt":"2013-05-28T00:00:00","guid":{"rendered":""},"modified":"-0001-11-30T00:00:00","modified_gmt":"-0001-11-29T23:00:00","slug":"bemutatkozott-a-nokia-lumia-925","status":"publish","type":"post","link":"https:\/\/hir.mediamarkt.hu\/magazin\/bemutatkozott-a-nokia-lumia-925\/","title":{"rendered":"Bemutatkozott a Nokia Lumia 925"},"content":{"rendered":"<div>  \t  \t<p><b>A Nokia \u00faj cs\u00facsmodellje j\u00f3val v\u00e9ko nyabb, k\u00f6nnyebb \u00e9s eleg\u00e1nsabb, mint az eddigi, a 920-as.<\/b><\/p>      <p>    A Nokia Lumia 925 sok tekintetben a 920-as \u00fajragondolt, vagy, ha \u00fagy tetszik, r\u00e1ncfelvarrt v\u00e1ltozat\u00e1nak t\u0171nik, b\u00e1r a Lumi\u00e1k annyira jellegzetes formajegyekkel k\u00e9sz\u00fclnek, hogy le sem igen tagadhatn\u00e1 a rokons\u00e1got. Az elv\u00e9kony\u00edtott k\u00e9sz\u00fcl\u00e9k polikarbon\u00e1t h\u00e1z\u00e1t azonban m\u00e1r alum\u00ednium keret szeg\u00e9lyezi, amely az antenn\u00e1t is mag\u00e1ban rejti, \u00e9s mivel a legt\u00f6bb kritika a s\u00faly miatt \u00e9rte a Nokia cs\u00facsmodellj\u00e9t, a 925-\u00f6s jelent\u0151s fogyaszt\u00e1son esett \u00e1t.    <\/p>   \t<br>     \t<center><img src='http:\/\/hir.mediamarkt.hu\/magazin\/images\/0515_01.png' border='0' alt='' \/>     \t<br>  \t<\/center>    <p><br>   A k\u00e9sz\u00fcl\u00e9k mind\u00f6ssze 8,5 millim\u00e9ter vastag az el\u0151d 10,5 millim\u00e9ter\u00e9vel szemben, a s\u00faly\u00e1t pedig csaknem negyed\u00e9vel, 185 grammr\u00f3l 139 grammra cs\u00f6kkentett\u00e9k. A telefon kijelz\u0151je v\u00e1ltozatlanul 4,5 colos, 1280&#215;768 pixeles felbont\u00e1s\u00fa, de nem IPS LCD, hanem Gorilla Glass 2-vel takart ClearBlack AMOLED panel. A telefon kamer\u00e1ja 8 megapixeles, \u00e9s 1080p-s HD felv\u00e9teleket is tud k\u00e9sz\u00edteni, a Carl Zeiss optika pedig optikai k\u00e9pstabiliz\u00e1torral is rendelkezik, de nem xenonos, csak dupla LED-es villan\u00f3val rendelkezik. Az el\u0151lapi kamera 1,3 megapixeles.   <\/p>    <p>   A telefon Smart Camera appjai t\u00f6bbf\u00e9le sorozatl\u00f6v\u0151- \u00e9s effektez\u00e9si m\u00f3dot k\u00edn\u00e1lnak: egy m\u00e1sodperc alatt l\u0151het\u00fcnk vele 10 darab, maximum 5 megapixeles fot\u00f3t, a Best Shotfukci\u00f3val t\u00f6bb k\u00e9pb\u0151l v\u00e1laszthatjuk ki a legjobbat, az Action Shot a gyorsan mozg\u00f3 t\u00e9m\u00e1r\u00f3l k\u00e9sz\u00fclt fot\u00f3kat f\u0171zi egybe, a Motionfocus pedig szint\u00e9n mozg\u00f3 t\u00e9m\u00e1r\u00f3l k\u00e9sz\u00edt \u00e9les felv\u00e9telt. A telefon sztere\u00f3 IHF mikorofonokkal rendelkezi, amelyek zajos k\u00f6rnyezetben is j\u00f3 hangmin\u0151s\u00e9get biztos\u00edtanak.   <\/p>    <p>   A modellt k\u00e9tmagos Qualcomm processzor m\u0171k\u00f6dteti 1,5 gigahertzes Krait processzormagokkal \u00e9s Adreno 225-\u00f6s grafikus chippel. A rendszermem\u00f3ria 1 gigab\u00e1jt, a h\u00e1tt\u00e9rt\u00e1r pedig csak 16 gigab\u00e1jt, ami nem is b\u0151v\u00edthet\u0151, maximum a Skydrive k\u00edn\u00e1l erre megold\u00e1st. A telefon LTE-s \u00e9s Glonass-t is t\u00e1mogat\u00f3 GPS-vev\u0151vel rendelkezik. A Nokia 925-\u00f6st j\u00faniusban kezdik el forgalmazni, fekete, feh\u00e9r \u00e9s sz\u00fcrke sz\u00ednben j\u00f6n ki el\u0151sz\u00f6r, a nett\u00f3 \u00e1ra pedig 470 eur\u00f3 (140 ezer forint) k\u00f6r\u00fcl lesz.   <\/p>     <br>    <p>     Forr\u00e1s: Media Markt Magyarorsz\u00e1g  <\/p>    <!-- FB HSZ -->    \t<div id=\"fb-root\"><\/div>  \t<script>  \t(function(d, s, id) {  \t  var js, fjs = d.getElementsByTagName(s)[0];  \t  if (d.getElementById(id)) return;  \t  js = d.createElement(s); js.id = id;  \t  js.src = \"http:\/\/connect.facebook.net\/hu_HU\/all.js#xfbml=1&appId=282207548525345\";  \t  fjs.parentNode.insertBefore(js, fjs);  \t}(document, 'script', 'facebook-jssdk'));  \t  \t<\/script>  \t  <\/div><div class='fb-comments' data-href='http:\/\/hir.mediamarkt.hu\/magazin\/Bemutatkozott_a_Nokia_Lumia_925' data-num-posts='10' data-width='515'><\/div>","protected":false},"excerpt":{"rendered":"A Nokia \u00faj cs\u00facsmodellje j\u00f3val v\u00e9ko nyabb, k\u00f6nnyebb \u00e9s eleg\u00e1nsabb, mint az eddigi, a 920-as. A Nokia Lumia 925 sok tekintetben a 920-as \u00fajragondolt, vagy, ha \u00fagy tetszik, r\u00e1ncfelvarrt v\u00e1ltozat\u00e1nak t\u0171nik, b\u00e1r a Lumi\u00e1k annyira jellegzetes formajegyekkel k\u00e9sz\u00fclnek, hogy le sem igen tagadhatn\u00e1 a rokons\u00e1got. Az elv\u00e9kony\u00edtott k\u00e9sz\u00fcl\u00e9k polikarbon\u00e1t h\u00e1z\u00e1t azonban m\u00e1r alum\u00ednium keret szeg\u00e9lyezi, amely az antenn\u00e1t is mag\u00e1ban rejti, \u00e9s mivel a legt\u00f6bb kritika a s\u00faly miatt \u00e9rte a Nokia cs\u00facsmodellj\u00e9t, a 925-\u00f6s jelent\u0151s fogyaszt\u00e1son esett \u00e1t. A k\u00e9sz\u00fcl\u00e9k mind\u00f6ssze 8,5 millim\u00e9ter vastag az el\u0151d 10,5 millim\u00e9ter\u00e9vel szemben, a s\u00faly\u00e1t pedig csaknem negyed\u00e9vel, 185 grammr\u00f3l 139 grammra cs\u00f6kkentett\u00e9k. A telefon kijelz\u0151je v\u00e1ltozatlanul 4,5 colos, 1280&#215;768 pixeles felbont\u00e1s\u00fa, de nem IPS LCD, hanem Gorilla Glass 2-vel takart ClearBlack AMOLED &#8230;","protected":false},"author":1,"featured_media":0,"comment_status":"open","ping_status":"open","sticky":false,"template":"","format":"standard","meta":{"wprm-recipe-roundup-name":"","wprm-recipe-roundup-description":"","footnotes":""},"categories":[],"tags":[],"yoast_head":"<!-- This site is optimized with the Yoast SEO plugin v22.9 - https:\/\/yoast.com\/wordpress\/plugins\/seo\/ -->\n<title>Bemutatkozott a Nokia Lumia 925 - MediaMarkt Magazin<\/title>\n<meta name=\"robots\" content=\"index, follow, max-snippet:-1, max-image-preview:large, max-video-preview:-1\" \/>\n<link rel=\"canonical\" href=\"https:\/\/hir.mediamarkt.hu\/magazin\/bemutatkozott-a-nokia-lumia-925\/\" \/>\n<meta property=\"og:locale\" content=\"hu_HU\" \/>\n<meta property=\"og:type\" content=\"article\" \/>\n<meta property=\"og:title\" content=\"Bemutatkozott a Nokia Lumia 925 - MediaMarkt Magazin\" \/>\n<meta property=\"og:description\" content=\"A Nokia \u00faj cs\u00facsmodellje j\u00f3val v\u00e9ko nyabb, k\u00f6nnyebb \u00e9s eleg\u00e1nsabb, mint az eddigi, a 920-as. A Nokia Lumia 925 sok tekintetben a 920-as \u00fajragondolt, vagy, ha \u00fagy tetszik, r\u00e1ncfelvarrt v\u00e1ltozat\u00e1nak t\u0171nik, b\u00e1r a Lumi\u00e1k annyira jellegzetes formajegyekkel k\u00e9sz\u00fclnek, hogy le sem igen tagadhatn\u00e1 a rokons\u00e1got. Az elv\u00e9kony\u00edtott k\u00e9sz\u00fcl\u00e9k polikarbon\u00e1t h\u00e1z\u00e1t azonban m\u00e1r alum\u00ednium keret szeg\u00e9lyezi, amely az antenn\u00e1t is mag\u00e1ban rejti, \u00e9s mivel a legt\u00f6bb kritika a s\u00faly miatt \u00e9rte a Nokia cs\u00facsmodellj\u00e9t, a 925-\u00f6s jelent\u0151s fogyaszt\u00e1son esett \u00e1t. A k\u00e9sz\u00fcl\u00e9k mind\u00f6ssze 8,5 millim\u00e9ter vastag az el\u0151d 10,5 millim\u00e9ter\u00e9vel szemben, a s\u00faly\u00e1t pedig csaknem negyed\u00e9vel, 185 grammr\u00f3l 139 grammra cs\u00f6kkentett\u00e9k. A telefon kijelz\u0151je v\u00e1ltozatlanul 4,5 colos, 1280&#215;768 pixeles felbont\u00e1s\u00fa, de nem IPS LCD, hanem Gorilla Glass 2-vel takart ClearBlack AMOLED ...\" \/>\n<meta property=\"og:url\" content=\"https:\/\/hir.mediamarkt.hu\/magazin\/bemutatkozott-a-nokia-lumia-925\/\" \/>\n<meta property=\"og:site_name\" content=\"MediaMarkt Magazin\" \/>\n<meta property=\"article:publisher\" content=\"https:\/\/www.facebook.com\/MediaMarktMagyarorszag\" \/>\n<meta property=\"article:published_time\" content=\"2013-05-28T00:00:00+00:00\" \/>\n<meta property=\"article:modified_time\" content=\"-0001-11-30T00:00:00+00:00\" \/>\n<meta property=\"og:image\" content=\"http:\/\/hir.mediamarkt.hu\/magazin\/images\/0515_01.png\" \/>\n<meta name=\"author\" content=\"intermedius\" \/>\n<meta name=\"twitter:label1\" content=\"Szerz\u0151:\" \/>\n\t<meta name=\"twitter:data1\" content=\"intermedius\" \/>\n\t<meta name=\"twitter:label2\" content=\"Becs\u00fclt olvas\u00e1si id\u0151\" \/>\n\t<meta name=\"twitter:data2\" content=\"2 perc\" \/>\n<script type=\"application\/ld+json\" class=\"yoast-schema-graph\">{\"@context\":\"https:\/\/schema.org\",\"@graph\":[{\"@type\":\"WebPage\",\"@id\":\"https:\/\/hir.mediamarkt.hu\/magazin\/bemutatkozott-a-nokia-lumia-925\/\",\"url\":\"https:\/\/hir.mediamarkt.hu\/magazin\/bemutatkozott-a-nokia-lumia-925\/\",\"name\":\"Bemutatkozott a Nokia Lumia 925 - MediaMarkt Magazin\",\"isPartOf\":{\"@id\":\"https:\/\/hir.mediamarkt.hu\/magazin\/#website\"},\"primaryImageOfPage\":{\"@id\":\"https:\/\/hir.mediamarkt.hu\/magazin\/bemutatkozott-a-nokia-lumia-925\/#primaryimage\"},\"image\":{\"@id\":\"https:\/\/hir.mediamarkt.hu\/magazin\/bemutatkozott-a-nokia-lumia-925\/#primaryimage\"},\"thumbnailUrl\":\"http:\/\/hir.mediamarkt.hu\/magazin\/images\/0515_01.png\",\"datePublished\":\"2013-05-28T00:00:00+00:00\",\"dateModified\":\"-0001-11-30T00:00:00+00:00\",\"author\":{\"@id\":\"https:\/\/hir.mediamarkt.hu\/magazin\/#\/schema\/person\/7f1d99540808335a59d17dcebfa95544\"},\"breadcrumb\":{\"@id\":\"https:\/\/hir.mediamarkt.hu\/magazin\/bemutatkozott-a-nokia-lumia-925\/#breadcrumb\"},\"inLanguage\":\"hu\",\"potentialAction\":[{\"@type\":\"ReadAction\",\"target\":[\"https:\/\/hir.mediamarkt.hu\/magazin\/bemutatkozott-a-nokia-lumia-925\/\"]}]},{\"@type\":\"ImageObject\",\"inLanguage\":\"hu\",\"@id\":\"https:\/\/hir.mediamarkt.hu\/magazin\/bemutatkozott-a-nokia-lumia-925\/#primaryimage\",\"url\":\"http:\/\/hir.mediamarkt.hu\/magazin\/images\/0515_01.png\",\"contentUrl\":\"http:\/\/hir.mediamarkt.hu\/magazin\/images\/0515_01.png\"},{\"@type\":\"BreadcrumbList\",\"@id\":\"https:\/\/hir.mediamarkt.hu\/magazin\/bemutatkozott-a-nokia-lumia-925\/#breadcrumb\",\"itemListElement\":[{\"@type\":\"ListItem\",\"position\":1,\"name\":\"Kezd\u0151lap\",\"item\":\"https:\/\/hir.mediamarkt.hu\/magazin\/\"},{\"@type\":\"ListItem\",\"position\":2,\"name\":\"Bemutatkozott a Nokia Lumia 925\"}]},{\"@type\":\"WebSite\",\"@id\":\"https:\/\/hir.mediamarkt.hu\/magazin\/#website\",\"url\":\"https:\/\/hir.mediamarkt.hu\/magazin\/\",\"name\":\"MediaMarkt Magazin\",\"description\":\"Olvass bele magazinunkba!\",\"potentialAction\":[{\"@type\":\"SearchAction\",\"target\":{\"@type\":\"EntryPoint\",\"urlTemplate\":\"https:\/\/hir.mediamarkt.hu\/magazin\/?s={search_term_string}\"},\"query-input\":\"required name=search_term_string\"}],\"inLanguage\":\"hu\"},{\"@type\":\"Person\",\"@id\":\"https:\/\/hir.mediamarkt.hu\/magazin\/#\/schema\/person\/7f1d99540808335a59d17dcebfa95544\",\"name\":\"intermedius\",\"image\":{\"@type\":\"ImageObject\",\"inLanguage\":\"hu\",\"@id\":\"https:\/\/hir.mediamarkt.hu\/magazin\/#\/schema\/person\/image\/\",\"url\":\"https:\/\/secure.gravatar.com\/avatar\/bbf88debc0bd7abfc1047f575da076f2?s=96&d=mm&r=g\",\"contentUrl\":\"https:\/\/secure.gravatar.com\/avatar\/bbf88debc0bd7abfc1047f575da076f2?s=96&d=mm&r=g\",\"caption\":\"intermedius\"}}]}<\/script>\n<!-- \/ Yoast SEO plugin. -->","yoast_head_json":{"title":"Bemutatkozott a Nokia Lumia 925 - MediaMarkt Magazin","robots":{"index":"index","follow":"follow","max-snippet":"max-snippet:-1","max-image-preview":"max-image-preview:large","max-video-preview":"max-video-preview:-1"},"canonical":"https:\/\/hir.mediamarkt.hu\/magazin\/bemutatkozott-a-nokia-lumia-925\/","og_locale":"hu_HU","og_type":"article","og_title":"Bemutatkozott a Nokia Lumia 925 - MediaMarkt Magazin","og_description":"A Nokia \u00faj cs\u00facsmodellje j\u00f3val v\u00e9ko nyabb, k\u00f6nnyebb \u00e9s eleg\u00e1nsabb, mint az eddigi, a 920-as. A Nokia Lumia 925 sok tekintetben a 920-as \u00fajragondolt, vagy, ha \u00fagy tetszik, r\u00e1ncfelvarrt v\u00e1ltozat\u00e1nak t\u0171nik, b\u00e1r a Lumi\u00e1k annyira jellegzetes formajegyekkel k\u00e9sz\u00fclnek, hogy le sem igen tagadhatn\u00e1 a rokons\u00e1got. Az elv\u00e9kony\u00edtott k\u00e9sz\u00fcl\u00e9k polikarbon\u00e1t h\u00e1z\u00e1t azonban m\u00e1r alum\u00ednium keret szeg\u00e9lyezi, amely az antenn\u00e1t is mag\u00e1ban rejti, \u00e9s mivel a legt\u00f6bb kritika a s\u00faly miatt \u00e9rte a Nokia cs\u00facsmodellj\u00e9t, a 925-\u00f6s jelent\u0151s fogyaszt\u00e1son esett \u00e1t. A k\u00e9sz\u00fcl\u00e9k mind\u00f6ssze 8,5 millim\u00e9ter vastag az el\u0151d 10,5 millim\u00e9ter\u00e9vel szemben, a s\u00faly\u00e1t pedig csaknem negyed\u00e9vel, 185 grammr\u00f3l 139 grammra cs\u00f6kkentett\u00e9k. A telefon kijelz\u0151je v\u00e1ltozatlanul 4,5 colos, 1280&#215;768 pixeles felbont\u00e1s\u00fa, de nem IPS LCD, hanem Gorilla Glass 2-vel takart ClearBlack AMOLED ...","og_url":"https:\/\/hir.mediamarkt.hu\/magazin\/bemutatkozott-a-nokia-lumia-925\/","og_site_name":"MediaMarkt Magazin","article_publisher":"https:\/\/www.facebook.com\/MediaMarktMagyarorszag","article_published_time":"2013-05-28T00:00:00+00:00","article_modified_time":"-0001-11-30T00:00:00+00:00","og_image":[{"url":"http:\/\/hir.mediamarkt.hu\/magazin\/images\/0515_01.png"}],"author":"intermedius","twitter_misc":{"Szerz\u0151:":"intermedius","Becs\u00fclt olvas\u00e1si id\u0151":"2 perc"},"schema":{"@context":"https:\/\/schema.org","@graph":[{"@type":"WebPage","@id":"https:\/\/hir.mediamarkt.hu\/magazin\/bemutatkozott-a-nokia-lumia-925\/","url":"https:\/\/hir.mediamarkt.hu\/magazin\/bemutatkozott-a-nokia-lumia-925\/","name":"Bemutatkozott a Nokia Lumia 925 - MediaMarkt Magazin","isPartOf":{"@id":"https:\/\/hir.mediamarkt.hu\/magazin\/#website"},"primaryImageOfPage":{"@id":"https:\/\/hir.mediamarkt.hu\/magazin\/bemutatkozott-a-nokia-lumia-925\/#primaryimage"},"image":{"@id":"https:\/\/hir.mediamarkt.hu\/magazin\/bemutatkozott-a-nokia-lumia-925\/#primaryimage"},"thumbnailUrl":"http:\/\/hir.mediamarkt.hu\/magazin\/images\/0515_01.png","datePublished":"2013-05-28T00:00:00+00:00","dateModified":"-0001-11-30T00:00:00+00:00","author":{"@id":"https:\/\/hir.mediamarkt.hu\/magazin\/#\/schema\/person\/7f1d99540808335a59d17dcebfa95544"},"breadcrumb":{"@id":"https:\/\/hir.mediamarkt.hu\/magazin\/bemutatkozott-a-nokia-lumia-925\/#breadcrumb"},"inLanguage":"hu","potentialAction":[{"@type":"ReadAction","target":["https:\/\/hir.mediamarkt.hu\/magazin\/bemutatkozott-a-nokia-lumia-925\/"]}]},{"@type":"ImageObject","inLanguage":"hu","@id":"https:\/\/hir.mediamarkt.hu\/magazin\/bemutatkozott-a-nokia-lumia-925\/#primaryimage","url":"http:\/\/hir.mediamarkt.hu\/magazin\/images\/0515_01.png","contentUrl":"http:\/\/hir.mediamarkt.hu\/magazin\/images\/0515_01.png"},{"@type":"BreadcrumbList","@id":"https:\/\/hir.mediamarkt.hu\/magazin\/bemutatkozott-a-nokia-lumia-925\/#breadcrumb","itemListElement":[{"@type":"ListItem","position":1,"name":"Kezd\u0151lap","item":"https:\/\/hir.mediamarkt.hu\/magazin\/"},{"@type":"ListItem","position":2,"name":"Bemutatkozott a Nokia Lumia 925"}]},{"@type":"WebSite","@id":"https:\/\/hir.mediamarkt.hu\/magazin\/#website","url":"https:\/\/hir.mediamarkt.hu\/magazin\/","name":"MediaMarkt Magazin","description":"Olvass bele magazinunkba!","potentialAction":[{"@type":"SearchAction","target":{"@type":"EntryPoint","urlTemplate":"https:\/\/hir.mediamarkt.hu\/magazin\/?s={search_term_string}"},"query-input":"required name=search_term_string"}],"inLanguage":"hu"},{"@type":"Person","@id":"https:\/\/hir.mediamarkt.hu\/magazin\/#\/schema\/person\/7f1d99540808335a59d17dcebfa95544","name":"intermedius","image":{"@type":"ImageObject","inLanguage":"hu","@id":"https:\/\/hir.mediamarkt.hu\/magazin\/#\/schema\/person\/image\/","url":"https:\/\/secure.gravatar.com\/avatar\/bbf88debc0bd7abfc1047f575da076f2?s=96&d=mm&r=g","contentUrl":"https:\/\/secure.gravatar.com\/avatar\/bbf88debc0bd7abfc1047f575da076f2?s=96&d=mm&r=g","caption":"intermedius"}}]}},"_links":{"self":[{"href":"https:\/\/hir.mediamarkt.hu\/magazin\/wp-json\/wp\/v2\/posts\/113"}],"collection":[{"href":"https:\/\/hir.mediamarkt.hu\/magazin\/wp-json\/wp\/v2\/posts"}],"about":[{"href":"https:\/\/hir.mediamarkt.hu\/magazin\/wp-json\/wp\/v2\/types\/post"}],"author":[{"embeddable":true,"href":"https:\/\/hir.mediamarkt.hu\/magazin\/wp-json\/wp\/v2\/users\/1"}],"replies":[{"embeddable":true,"href":"https:\/\/hir.mediamarkt.hu\/magazin\/wp-json\/wp\/v2\/comments?post=113"}],"version-history":[{"count":0,"href":"https:\/\/hir.mediamarkt.hu\/magazin\/wp-json\/wp\/v2\/posts\/113\/revisions"}],"wp:attachment":[{"href":"https:\/\/hir.mediamarkt.hu\/magazin\/wp-json\/wp\/v2\/media?parent=113"}],"wp:term":[{"taxonomy":"category","embeddable":true,"href":"https:\/\/hir.mediamarkt.hu\/magazin\/wp-json\/wp\/v2\/categories?post=113"},{"taxonomy":"post_tag","embeddable":true,"href":"https:\/\/hir.mediamarkt.hu\/magazin\/wp-json\/wp\/v2\/tags?post=113"}],"curies":[{"name":"wp","href":"https:\/\/api.w.org\/{rel}","templated":true}]}}