{"id":11777,"date":"2020-12-21T23:52:16","date_gmt":"2020-12-21T22:52:16","guid":{"rendered":"http:\/\/hir.mediamarkt.hu\/magazin\/?p=11777"},"modified":"2020-12-22T11:16:14","modified_gmt":"2020-12-22T10:16:14","slug":"sorozatok-amiket-muszaj-megnezni-2021-ben","status":"publish","type":"post","link":"https:\/\/hir.mediamarkt.hu\/magazin\/sorozatok-amiket-muszaj-megnezni-2021-ben\/","title":{"rendered":"SOROZATOK, AMIKET MUSZ\u00c1J MEGN\u00c9ZNI 2021-BEN"},"content":{"rendered":"\n<p>Nyakunkon az \u00fcnnepek, ami sok-sok csal\u00e1dban a rohan\u00e1ssal \u00e9s a stresszel egyenl\u0151, \u00e1m id\u00e9n ez is m\u00e1sk\u00e9nt lesz. Az \u00e1tm\u00e1szk\u00e1l\u00e1snak \u00e9s a nagy \u00f6sszeborul\u00e1snak ugyan nem l\u0151ttek teljesen, sokkal visszafogottabb lesz a kar\u00e1csony, a k\u00e9t \u00fcnnep k\u00f6zti id\u0151szak, a szilveszter pedig konkr\u00e9tan elmarad. (Az\u00e9rt az \u00e9vnek ett\u0151l m\u00e9g v\u00e9ge lesz, rem\u00e9lj\u00fck.)<\/p>\n<p>Hogy mit jelent mindez?<\/p>\n<h3>Rengeteg szabadid\u0151t!<\/h3>\n<p><strong>Itt van teh\u00e1t hat sorozat:<\/strong> a MediaMarkt leg\u00e9nys\u00e9g\u00e9nek kedvencei, amit te sem hagyhatsz ki, azaz ezek voltak <strong>a<\/strong> <strong>2020-as \u00e9v legjobb sorozatai.<\/strong> Szerint\u00fcnk.<\/p>\n<h2>The Boys, 2. \u00e9vad<\/h2>\n<p>Minden streaming szolg\u00e1ltat\u00f3nak megvan a maga Ironikus, S\u00f6t\u00e9t Szuperh\u0151ssorozata, amelyek sokkal ink\u00e1bb a Marvel- \u00e9s a DC-univerzum kritik\u00e1i, mint saj\u00e1t l\u00e1bon \u00e1ll\u00f3 alkot\u00e1sok. A \u201eszuperh\u0151s\u00f6k\u201d pedig vagy v\u00e9letlen\u00fcl ebbe a szerepbe keveredett antih\u0151s\u00f6k, vagy elmeh\u00e1borodott, szociopata arcok. Az eg\u00e9sz valahol a Watchmen k\u00e9preg\u00e9ny k\u00f6r\u00fcl kezd\u0151d\u00f6tt \u2013 ebb\u0151l egy\u00e9bk\u00e9nt nemr\u00e9g k\u00e9sz\u00fclt csod\u00e1latosan csavaros HBO-feldolgoz\u00e1s \u2013, az ut\u00f3bbi \u00e9vekben pedig egym\u00e1st \u00e9rt\u00e9k a t\u00e9m\u00e1t boncolgat\u00f3 sorozatok. Umbrella Academy (Netflix), Doom Patrol (itthon a HBO G\u00f3n l\u00e1that\u00f3), az Amazon nagy dob\u00e1sa pedig a Boys. \u00c9s micsoda dob\u00e1s ez.<\/p>\n<p>A Boys tal\u00e1n nyomaszt\u00f3bb, mint a direkt sz\u00f6rny\u0171 horror- \u00e9s thrillersorozatok. \u201eH\u0151sei\u201d szedett-vedett b\u0171n\u00f6z\u0151k, \u00e9l\u00fck\u00f6n egy ki\u00e9gett, bossz\u00faszomjas rohad\u00e9kkal, Butcherrel \u00e9s egy tehetetlen, fiatal l\u00fazerrel, Hughie-val. \u0150k szeretn\u00e9k lebuktatni a gonosz Voight v\u00e1llalatot \u00e9s az \u00e1ltaluk sz\u00f3 szerint teny\u00e9sztett, az egyedfejl\u0151d\u00e9s\u00fck k\u00fcl\u00f6nb\u00f6z\u0151 szakasz\u00e1ban pedig menthetetlen szocio- \u00e9s pszichopat\u00e1v\u00e1 v\u00e1lt, illetve ezen t\u00fal is a legk\u00fcl\u00f6nb\u00f6z\u0151bb szem\u00e9lyis\u00e9gzavarokkal s\u00fajtott szuperh\u0151s\u00f6ket. Igen azokat, akikre persze hatalmas brand \u00e9p\u00fcl \u00e9s a vil\u00e1g fel\u00e9 csakis patyolattiszta, igazs\u00e1goszt\u00f3 arcukat mutathatj\u00e1k. Amerika Kapit\u00e1ny perverz megfelel\u0151je, Homelander a leger\u0151sebb \u00e9s legbetegebb mind k\u00f6z\u00fcl \u2013 az \u0151t alak\u00edt\u00f3 Antony Starr pedig k\u00edm\u00e9letlen\u00fcl lej\u00e1tszik mindenkit a v\u00e1szonr\u00f3l, iz\u00e9, lapost\u00e9v\u00e9r\u0151l.<\/p>\n<p><iframe loading=\"lazy\" title=\"The Boys Season 2 - Official Trailer | Prime Video\" width=\"900\" height=\"506\" src=\"https:\/\/www.youtube.com\/embed\/MN8fFM1ZdWo?feature=oembed\" frameborder=\"0\" allow=\"accelerometer; autoplay; clipboard-write; encrypted-media; gyroscope; picture-in-picture; web-share\" referrerpolicy=\"strict-origin-when-cross-origin\" allowfullscreen><\/iframe><\/p>\n<p>Ha ez alapj\u00e1n valaki izgalmas, fordulatos sorozatra sz\u00e1m\u00edt, k\u00f6ny\u00f6rg\u00f6m, ne kezdjen bele, illetve csak ez\u00e9rt ne kezdjen bele: izgalmas \u00e9s fordulatos, persze, de emellett annyira cinikus \u00e9s beteg az eg\u00e9sz, hogy nincs el\u00e9g hely az interneten, hogy ezt \u00e9rz\u00e9keltess\u00fck. Ha azt hinn\u00e9 a kedves n\u00e9z\u0151 egy-egy k\u00fcl\u00f6n\u00f6sen s\u00falyos jelenet ut\u00e1n, hogy enn\u00e9l nincs lejjebb, ink\u00e1bb ne higgyen semmit: dehogy nincs. De h\u00e1t mit is v\u00e1rn\u00e1nk egy sorozatt\u00f3l, amelyik \u00fagy kezd\u0151dik, hogy a fiatal Hughie bar\u00e1tn\u0151j\u00e9t v\u00e9res massz\u00e1v\u00e1 v\u00e1ltoztatja A-Train (a helyi Flash), csak mert bedrogozva nem vette \u00e9szre, hogy \u00fatban van? \u00c9s ez \u2013 mindenf\u00e9le \u00e9rtelemben \u2013 csak a kezdet.<\/p>\n<p>Ak\u00e1rhogy is, a m\u00e1sodik \u00e9vadban n\u00e9mi karakterfejl\u0151d\u00e9s is belef\u00e9r, Butcher megvillantja emberi arc\u00e1t, Hughie pedig b\u00e1tors\u00e1g\u00e1t; arr\u00f3l persze sz\u00f3 sincs, hogy k\u00f6zelebb jutottak volna a Hetek leleplez\u00e9s\u00e9ig. Csak akkor fogj bele, ha nagyon unod a kar\u00e1csony szellem\u00e9t.<\/p>\n<h2>The Queens\u2019 Gambit<\/h2>\n<p>Feminizmus, sakk \u00e9s az \u00f6tvenes-hatvanas \u00e9vek retr\u00f3vil\u00e1ga\u2026 Mi mehet f\u00e9lre, nem igaz? Nos, nagyon sok minden; a Vez\u00e9rcsel (maradjunk ink\u00e1bb az eredetin\u00e9l: The Queen\u2019s Gambit) hatalmas mutatv\u00e1nya, hogy szinte minden buktat\u00f3t elker\u00fcl. A m\u00e1sik hatalmas mutatv\u00e1nya, hogy egy ilyen, pap\u00edron viszonylag kev\u00e9s embert \u00e9rdekl\u0151 t\u00e9m\u00e1b\u00f3l hatalmas sikersorozatot fabrik\u00e1lt; akkora sikert, amin m\u00e9g az alkot\u00f3k, s\u0151t, a Netflix is meglep\u0151d\u00f6tt. Igaz, ez lehet, hogy csak f\u00e9lig \u00edrhat\u00f3 az \u0151 sz\u00e1ml\u00e1jukra, \u00e9s \u00e9rdemes ink\u00e1bb 2020 egyik furcsas\u00e1gak\u00e9nt elk\u00f6nyvelni a jelens\u00e9get, mint a Tiger King eset\u00e9n.<\/p>\n<p>A l\u00e9nyeg, hogy adott egy h\u00e1nyattatott sors\u00fa, \u00e1rvah\u00e1zban feln\u00f6v\u0151, \u00e9s ennek megfelel\u0151en kamaszkor\u00e1ra alkoholista, gy\u00f3gyszerf\u00fcgg\u0151, cinikus \u00e9s hedonista l\u00e1ny, akir\u0151l a lelench\u00e1z morcos gondnok\u00e1nak h\u00e1la kider\u00fcl, hogy csodagyerek a sakkt\u00e1bla el\u0151tt. R\u00f6vid id\u0151 ut\u00e1n m\u00e1r \u00f6nmag\u00e1t tan\u00edtja, sorra nyeri a versenyeket, hatalm\u00e1t \u2013 k\u00e9s\u0151bb pedig sz\u00e9ps\u00e9g\u00e9t \u2013 pedig arra haszn\u00e1lja, hogy helyre tegye az \u0151t a versenyasztaln\u00e1l \u00e9s a hotelszob\u00e1kban is t\u00e1rgyk\u00e9nt kezel\u0151 f\u00e9rfiakat. A Queen\u2019s Gambit nagy er\u00e9nye, hogy m\u00e9g \u00edgy sem lesz bel\u0151le sz\u00e1jbar\u00e1g\u00f3s feminista tanmese, \u00e9rz\u00e9keny, korh\u0171 \u00e9s csod\u00e1san f\u00e9nyk\u00e9pezett dr\u00e1masorozat ez, Anya Taylor-Joyt pedig szok\u00e1s szerint \u00f6r\u00f6m n\u00e9zni. M\u00e9g \u00fagy is, hogy h\u0151sies ikon helyett esend\u0151, t\u00e9velyg\u0151 \u00e9s sokszor kifejezetten rohad\u00e9k.<\/p>\n<p>https:\/\/www.youtube.com\/watch?v=CDrieqwSdgI<\/p>\n<p>P\u00e1ran (akik \u00e9rtenek hozz\u00e1) persze k\u0151kem\u00e9ny kritik\u00e1val illett\u00e9k a sorozatot, mondv\u00e1n, a profi versenysakk nem \u00edgy n\u00e9z ki. M\u00e9g t\u00f6bben pedig az\u00e9rt, mert a csodagyereks\u00e9g, az \u0151stehets\u00e9g \u00fcnnepl\u00e9se kifejezetten fals; elhazudja azt a rengeteg munk\u00e1t, amit a fejl\u0151d\u00e9sbe (a sakk vagy b\u00e1rmi ter\u00e9n) bele kell \u00f6lni, ha az ember nagymester szeretne lenni, \u00e9s azt sugallja, van, akinek mindez mag\u00e1t\u00f3l megy. Ezzel egy\u00fctt is k\u00f6telez\u0151 n\u00e9znival\u00f3 a Qeen\u2019s Gambit, igaz, nem ett\u0151l fogod megszeretni a f\u00e9rfiakat. Vagy az embereket \u00e1ltal\u00e1ban.<\/p>\n<h2>Tudhattad volna<\/h2>\n<p>A HBO idei nagy dob\u00e1sa a nagyszer\u0171 <a href=\"https:\/\/www.mediamarkt.hu\/hu\/product\/_hatalmas-kis-hazugs%C3%A1gok-dvd-1238808.html\" target=\"_blank\" rel=\"noopener noreferrer\">Hatalmas kis hazugs\u00e1gok<\/a> alkot\u00f3it\u00f3l (<a href=\"http:\/\/hir.mediamarkt.hu\/magazin\/es-te-mit-titkolsz-ezert-kene-minden-parnak-megneznie-a-hatalmas-kis-hazugsagokat\/\" target=\"_blank\" rel=\"noopener noreferrer\">aj\u00e1nl\u00f3 itt<\/a>), Hugh Granttel, Nicole Kidmannel, egy gyilkoss\u00e1ggal \u00e9s egy emiatt gallyra men\u0151 h\u00e1zass\u00e1ggal, Manhattan gusztustalanul gazdag mili\u0151j\u00e9ben. Term\u00e9szetes, hogy mindenki habz\u00f3 sz\u00e1jjal vetette r\u00e1 mag\u00e1t a sorozatra, most pedig, hogy v\u00e9ge, k\u00e9tfajta v\u00e9lem\u00e9nyt hallani:<\/p>\n<ul>\n<li>borzalmas csal\u00f3d\u00e1s, buta t\u00f6rt\u00e9net, m\u0171vi karakterek \u00e9s az egyik legb\u00e9n\u00e1bb befejez\u00e9s a sorozatok t\u00f6rt\u00e9nelm\u00e9ben;<\/li>\n<li>izgalmas, fordulatos krimi \u00e9s nagyon is hihet\u0151 csal\u00e1di dr\u00e1ma egyszerre, a b\u00edr\u00f3s\u00e1gi sz\u00e1lr\u00f3l nem is besz\u00e9lve, komoly t\u00e1rsadalmi gondolatis\u00e1ggal, az \u00e9v egyik legjobbja!<\/li>\n<\/ul>\n<p><iframe loading=\"lazy\" title=\"THE UNDOING Official Trailer (2020) Hugh Grant, Nicole Kidman, HBO Series\" width=\"900\" height=\"506\" src=\"https:\/\/www.youtube.com\/embed\/if-VE8A4aK0?feature=oembed\" frameborder=\"0\" allow=\"accelerometer; autoplay; clipboard-write; encrypted-media; gyroscope; picture-in-picture; web-share\" referrerpolicy=\"strict-origin-when-cross-origin\" allowfullscreen><\/iframe><\/p>\n<p>Mi pedig azt mondjuk: ez a kett\u0151 egyszerre. Ez nem meg\u00fasz\u00f3s v\u00e9lem\u00e9ny, esk\u00fcsz\u00fcnk. A Tudhattad volna k\u00e9pes egyszerre hozni a sz\u00e1jbar\u00e1g\u00f3s sztorit \u00e9s az izgalmas fordulatokat, a k\u00f6zhelyes \u00fczenetet \u00e9s a nagyszer\u0171 sz\u00edn\u00e9szi j\u00e1t\u00e9kokat. Szerencs\u00e9re Hugh Grant alak\u00edt\u00e1sa elhom\u00e1lyos\u00edtja Nicole Kidman plasztikai beavatkoz\u00e1sokt\u00f3l \u00e9s forgat\u00f3k\u00f6nyv\u00edr\u00f3i v\u00e9rszeg\u00e9nys\u00e9gt\u0151l merev karakter\u00e9t, a n\u0151 apj\u00e1t alak\u00edt\u00f3 Donald Sutherlandet \u00e9s a fi\u00e1t j\u00e1tsz\u00f3 Noah Jupe-ot is \u00f6r\u00f6m n\u00e9zni, ut\u00f3bbit jobb, ha rajta tartjuk radarunkon. Felv\u00e1ltva szerett\u00fck \u00e9s ut\u00e1ltuk a sorozatot; az azonban, hogy f\u00e9lbe hagyjuk, esz\u00fcnkbe sem jutott.\u00a0<\/p>\n<h2>A farkas gyermekei<\/h2>\n<p>Szeg\u00e9ny Ridley Scott kapott hideget-meleget legut\u00f3bbi k\u00e9t Alien-filmje ut\u00e1n, nagyr\u00e9szt persze jogosan. A Prometheus \u00e9s a Covenant az a k\u00e9t film, amelyeket \u2013 Alien-univerzum ide vagy oda \u2013 egyszer\u0171en nem kellett volna elk\u00e9sz\u00edteni \u00e9s k\u00e9sz. Legal\u00e1bbis nem Scottnak. \u0150t ugyanis l\u00e1that\u00f3an m\u00e1r r\u00e9g eg\u00e9szen m\u00e1s k\u00e9rd\u00e9sek foglalkoztatj\u00e1k, mint az \u0171rleg\u00e9nys\u00e9get reggelire zab\u00e1l\u00f3 gyilkos parazita, amelynek r\u00e1ad\u00e1sul t\u00e9nyleg az \u00f6sszes arc\u00e1t l\u00e1ttuk m\u00e1r az elm\u00falt negyven \u00e9vben. A rendez\u0151-producert m\u00e1r az \u00e9rdekli, lehet-e ember az android, lehet-e isten az ember, egy\u00e1ltal\u00e1n van-e isten, mit jelent az, hogy \u00e9let, \u00e9s hogy k\u00e9pes-e k\u00e9t azonos t\u00edpus\u00fa robot egy furuly\u00e1n j\u00e1tszani. (Ez eg\u00e9szen konkr\u00e9tan egy jelenet volt a Covenantban; aki l\u00e1tta, annak bele\u00e9gett a retn\u00e1j\u00e1ba.)<\/p>\n<p>Itt j\u00f6n a k\u00e9pbe A farkas gyermekei, a HBO Max (n\u00e1lunk m\u00e9g mindig Go) egyik nagy dob\u00e1sa, ahol Scott az Alien-m\u00edtosz terh\u00e9t\u0151l v\u00e9gre megszabadulva filozof\u00e1lgathat szabadon a fentiekr\u0151l. (A furuly\u00e1t kiv\u00e9ve, szerencs\u00e9re.) Van itt minden:<\/p>\n<ul>\n<li>idegen, bar\u00e1ts\u00e1gtalan bolyg\u00f3, rusnya \u0151slakosokkal;<\/li>\n<li>a saj\u00e1t identit\u00e1sukkal is k\u00fczd\u0151, egym\u00e1s el\u0151tt is titkol\u00f3z\u00f3 androidok;<\/li>\n<li>ateist\u00e1k \u00e9s istenh\u00edv\u0151k galaktikus keresztes h\u00e1bor\u00faja;<\/li>\n<li>\u00e9s egy (de ink\u00e1bb t\u00f6bb) Mindent Megv\u00e1ltoztat\u00f3 Nagy Csavar, amelyet most nyilv\u00e1n nem l\u00f6v\u00fcnk le.<\/li>\n<\/ul>\n<p>https:\/\/www.youtube.com\/watch?v=rE92bDAlPXI<\/p>\n<p>B\u00e1r k\u00edn\u00e1lkoz\u00f3 lett volna telepakolni az eg\u00e9szet szt\u00e1rokkal (a\u2019la Westworld), szerencs\u00e9re nem tett\u00e9k. Ink\u00e1bb leszerz\u0151dtettek egy csom\u00f3 kev\u00e9ss\u00e9 ismert vagy teljesen ismeretlen sz\u00edn\u00e9szt a vil\u00e1g minden t\u00e1j\u00e1r\u00f3l. A kiejt\u00e9sek \u00e9s a b\u0151rsz\u00ednek kavalk\u00e1dj\u00e1t\u00f3l pedig \u00e9ppen hogy egys\u00e9ges \u00e9s hiteles lesz az eg\u00e9sz. Arr\u00f3l nem is besz\u00e9lve, hogy az \u00edgy megmaradt b\u00fcdzs\u00e9t l\u00e1that\u00f3an a tr\u00fckk\u00f6kbe forgatt\u00e1k. A farkas gyermekei l\u00e1tv\u00e1nyos, furcsa (a sz\u00f3 j\u00f3 \u00e9rtelm\u00e9ben), m\u00e9ly \u00e9s sokr\u00e9t\u0171 alkot\u00e1s, amely \u00e9ppen emiatt (\u00e9s az alkot\u00f3ja t\u00f6rt\u00e9netmes\u00e9l\u0151 st\u00edlus\u00e1t\u00f3l) itt-ott komolyan lelassul \u00e9s m\u00e1r-m\u00e1r \u00f6sszerogy saj\u00e1t s\u00falya alatt. Szerencs\u00e9re azonban nem teszi \u2013 \u00e9s ez el\u00e9g is, hogy 2020 \u00e9v egyik legjobb sorozata legyen bel\u0151le.<\/p>\n<h2>Ares<\/h2>\n<p>\u0150sszel kezdtek felbukkanni az els\u0151 blogposztok \u201ea sorozatr\u00f3l, amely annyira f\u00e9lelmetes, hogy szinte senki sem k\u00e9pes befejezni\u201d. Nos, jelentj\u00fck, nek\u00fcnk siker\u00fclt, de nem volt k\u00f6nny\u0171 \u2013 b\u00fcszk\u00e9k is vagyunk r\u00e1. Nem, nem az\u00e9rt nem volt k\u00f6nny\u0171, mert annyira unalmas. T\u00e9nyleg az\u00e9rt nem volt k\u00f6nny\u0171, mert annyira f\u00e9lelmetes.<\/p>\n<p>Az Ares norm\u00e1lis esetben (\u00e9s egy norm\u00e1lis \u00e9vben) alighanem megmaradt volna az obsk\u00farus horror rajong\u00f3inak kedvencek\u00e9nt. Az internet n\u00e9pe azonban hamar a sz\u00e1j\u00e1ra vette a holland (\u00e9rtsd: nem angolul besz\u00e9lnek benne, ami a nemzetk\u00f6zi piacon bor\u00edt\u00e9kolja a bukt\u00e1t) szekt\u00e1s-s\u00e1t\u00e1nos sorozatot, ami \u00edgy k\u00fcl\u00f6n\u00f6sebb marketing n\u00e9lk\u00fcl is elterjedt. A t\u00f6rt\u00e9net szerint egy szeg\u00e9ny csal\u00e1db\u00f3l (hogy m\u00e9g s\u00falyosabb legyen, fekete bev\u00e1ndorl\u00f3 ap\u00e1t\u00f3l) sz\u00e1rmaz\u00f3, de elsz\u00e1nt \u00e9s r\u00e1termett orvostanhallgat\u00f3 l\u00e1nyra valahogy szemet vet egy rejt\u00e9lyes di\u00e1ksz\u00f6vets\u00e9g. Mind nagyon gazdagok \u00e9s gyan\u00fasan feh\u00e9rek, \u00e9s beszervezik mint a leg\u00fajabb \u00fcdv\u00f6sk\u00e9j\u00fcket.<\/p>\n<p><iframe loading=\"lazy\" title=\"Ares | Offici\u00eble Trailer | Netflix\" width=\"900\" height=\"506\" src=\"https:\/\/www.youtube.com\/embed\/WhxAj6inPJ8?feature=oembed\" frameborder=\"0\" allow=\"accelerometer; autoplay; clipboard-write; encrypted-media; gyroscope; picture-in-picture; web-share\" referrerpolicy=\"strict-origin-when-cross-origin\" allowfullscreen><\/iframe><\/p>\n<p>Ki tudja, mi\u00e9rt, az Ares ugyanis a tiszta nemesi holland v\u00e9rvonal \u00e9s a t\u00f6rt\u00e9nelmileg r\u00f6gz\u00fclt kasztrendszer meg\u0151rz\u00e9s\u00e9re esk\u00fcd\u00f6tt fel. Ennek megfelel\u0151en el\u00e9gg\u00e9 kil\u00f3g a sorb\u00f3l a szeg\u00e9ny \u00e9s n\u00e1luk p\u00e1r \u00e1rnyalattal s\u00f6t\u00e9tebb b\u0151r\u0171 l\u00e1ny, akinek ennek ellen\u00e9re felfel\u00e9 \u00edvel a szekt\u00e1s karrierje. A felsz\u00edn alatt pedig egy s\u00f6t\u00e9t titok rejlik. A k\u00f6zpontban egy fekete k\u00e1tr\u00e1nyban senyved\u0151 meztelen, sz\u0151rtelen d\u00e9monnal, hatalmas toj\u00e1sokkal, amelyeket a szervezet oszlopos tagjai egy szertart\u00e1s keret\u00e9ben fel\u00f6klendeznek. (Mi sz\u00f3ltunk, hogy furcsa sorozat!)<\/p>\n<p>Azonban nem a hitchcocki sz\u00ednt\u0171 suspense-t\u0151l, a visszafogott, m\u00e9gis dermeszt\u0151 l\u00e1tv\u00e1nyvil\u00e1gt\u00f3l \u00e9s a fenti t\u00f6rt\u00e9nett\u0151l nagyon j\u00f3 sorozat az Ares, hanem att\u00f3l, ahogy a klasszikus horrorklis\u00e9ket megcsavarja, visszaford\u00edtja \u00e9s lefegyverzi vel\u00fck a n\u00e9z\u0151t. A f\u0151szerepl\u0151 Rosa nem \u00e1ldozat, hanem akt\u00edv r\u00e9szese az esem\u00e9nynek. Sz\u00f3 sincs arr\u00f3l, hogy beh\u00e1l\u00f3zz\u00e1k \u00e9s manipul\u00e1lj\u00e1k szeg\u00e9ny l\u00e1nyt, akinek fogalma sincs, mi t\u00f6rt\u00e9nik vele, csak \u2013 szok\u00e1s szerint \u2013 akkor, amikor m\u00e1r k\u00e9s\u0151. Rosa pontosan tudja, mit csin\u00e1l, figyel, kombin\u00e1l, helyezkedik. Gond n\u00e9lk\u00fcl \u00e1tg\u00e1zol m\u00e1sokon (\u00e1ltal\u00e1ban olyanokon, akik addig maguk g\u00e1zoltak \u00e1t b\u00e1rkin, \u00edgy nem is \u00e9rtik, mi t\u00f6rt\u00e9nik vel\u00fck) \u00e9s, ha nem is mindig \u00e1tgondoltan, de hat\u00e1rozottan haszn\u00e1lja a hatalm\u00e1t.<\/p>\n<p>Az Ares amellett, hogy a legijeszt\u0151bb \u00e9s (a maga m\u00f3dj\u00e1n) legszebb horrorsorozat id\u00e9n, a legkem\u00e9nyebb antifasiszta ki\u00e1ll\u00e1s is. M\u00e9ghozz\u00e1 an\u00e9lk\u00fcl, hogy egyszer elhangzana a fasiszta vagy a n\u00e1ci sz\u00f3, ez pedig \u00f6nmag\u00e1ban sz\u00e9p teljes\u00edtm\u00e9ny. Ha nem l\u00e1ttad 2020-ban, mindenk\u00e9ppen p\u00f3told 2021-ben!<\/p>\n<h2>A Korona \/ The Crown<\/h2>\n<p>\u201eM\u00e9g tisztess\u00e9ges gyarmat\u00f3s\u00edt\u00f3ink sincsenek, roskatag tetvek uralkodnak felett\u00fcnk!\u201d Mark Renton kifakad\u00e1sa a Trainspotting c\u00edm\u0171 filmben 1996-ban (\u00e9s el\u0151tte az 1989-es reg\u00e9nyben) f\u0151leg a sk\u00f3t n\u00e9pnek sz\u00f3lt, csak mellesleg eml\u00edtette benne a kir\u00e1lyi csal\u00e1dot a fenti jelz\u0151kkel. Az els\u0151 h\u00e1rom \u00e9vad alapj\u00e1n nem gondoltuk volna, de A Korona c\u00edm\u0171 hihetetlen\u00fcl <a href=\"http:\/\/hir.mediamarkt.hu\/magazin\/ezt-nezd-meg-sorozatok-amikre-nem-kar-idot-aldozni-2020-ban\/\" target=\"_blank\" rel=\"noopener noreferrer\">m\u00e9g mindig n\u00e9pszer\u0171<\/a> (\u00e9s rekordk\u00f6lts\u00e9gvet\u00e9s\u0171) sorozat pontosan err\u0151l sz\u00f3l. A roskatag tetvekr\u0151l, akiknek egyre agressz\u00edvebb \u00e9s k\u00f6z\u00f6ns\u00e9gesebb m\u00f3dszerekre van sz\u00fcks\u00e9g\u00fck, hogy igazolj\u00e1k fennhat\u00f3s\u00e1gukat. A kir\u00e1lyi csal\u00e1dr\u00f3l \u00fagy veszi le a szenteltvizet, ahogy egy bulv\u00e1rlap sem volt k\u00e9pes az ut\u00f3bbi \u00e9vtizedekben. P\u00e9ld\u00e1ul az\u00e9rt, mert a bulv\u00e1rlapoknak legal\u00e1bb alapszinten ragaszkodniuk kell a t\u00e9nyekhez, egy sorozatnak pedig nem.<\/p>\n<p><iframe loading=\"lazy\" title=\"The Crown Season 4 | Official Trailer | Netflix\" width=\"900\" height=\"506\" src=\"https:\/\/www.youtube.com\/embed\/OiXEpminPms?feature=oembed\" frameborder=\"0\" allow=\"accelerometer; autoplay; clipboard-write; encrypted-media; gyroscope; picture-in-picture; web-share\" referrerpolicy=\"strict-origin-when-cross-origin\" allowfullscreen><\/iframe><\/p>\n<p>\u00d3ri\u00e1si botr\u00e1ny is lett, a csal\u00e1d prominens tagjai nem gy\u0151ztek \u00e1g\u00e1lni, hogy senki ne n\u00e9zze meg a negyedik \u00e9vadot, a Netflixn\u00e9l pedig lobbizni, hogy legal\u00e1bb \u00edrj\u00e1k ki az epiz\u00f3dok el\u00e9, hogy ez csak fikci\u00f3. (Nem \u00edrt\u00e1k, nagyon helyesen.) A Thatcher-\u00e9r\u00e1t \u00e9s Diana els\u0151 p\u00e1r \u00e9v\u00e9t boncol\u00f3 \u00e9vad pont annyira pszichol\u00f3giai horror mint t\u00f6rt\u00e9nelmi film. A kicsinyes hatalmi j\u00e1tszm\u00e1k, a helyezked\u00e9s \u00e9s a belterj \u00e1ldozata mindig a gyeng\u00e9bb k\u00edv\u00fcl\u00e1ll\u00f3. B\u00e1r a h\u00edresztel\u00e9sekkel ellent\u00e9tben Dian\u00e1t sem \u00e1br\u00e1zolt\u00e1k szentk\u00e9nt az \u00edr\u00f3k, a f\u0151gonosz egy\u00e9rtelm\u0171en K\u00e1roly \u00e9s az \u0151t (m\u00e9g ha hallgat\u00f3lagosan is t\u00e1mogat\u00f3) k\u0151merev berendezked\u00e9s. Az \u00e9vad cs\u00facsa azonban m\u00e9g csak nem is a hercegn\u0151t \u00e9rz\u00e9kenyen alak\u00edt\u00f3 Elizabeth Debicki, hanem Gillian Anderson. Akkor\u00e1t j\u00e1tszik Thatcher szerep\u00e9ben, hogy arra nincsenek szavak, sz\u00f3val meg sem pr\u00f3b\u00e1ljuk megkeresni \u0151ket.<\/p>\n<p>Ehhez k\u00e9pest apr\u00f3 pluszpont, hogy a maga 4K-s felbont\u00e1s\u00e1val \u00e9s HDR sz\u00ednm\u00e9lys\u00e9g\u00e9vel, \u00e9s az ezeket teljesen kihaszn\u00e1l\u00f3 csod\u00e1latos k\u00e9pekkel a Crown jelenleg a legszebb tartalom, amivel egy tisztess\u00e9ges t\u00e9v\u00e9t le lehet tesztelni. Ha teh\u00e1t <a href=\"https:\/\/www.mediamarkt.hu\/hu\/category\/_oled-tv-655509.html\" target=\"_blank\" rel=\"noopener noreferrer\">OLED-k\u00e9perny\u0151t<\/a> szeretn\u00e9l villantani a bar\u00e1taid el\u0151tt, ne valami b\u00e9na akci\u00f3- vagy term\u00e9szetfilmet ind\u00edts el, hanem A Korona b\u00e1rmely epiz\u00f3dj\u00e1t.\u00a0<\/p>\n","protected":false},"excerpt":{"rendered":"2020 legjobb sorozatai, amiket te sem hagyhatsz ki 2021-ben","protected":false},"author":22,"featured_media":11805,"comment_status":"closed","ping_status":"open","sticky":false,"template":"","format":"standard","meta":{"wprm-recipe-roundup-name":"","wprm-recipe-roundup-description":"","footnotes":""},"categories":[5974],"tags":[3739,74,346,347,343,4239,4236,4237,4238],"yoast_head":"<!-- This site is optimized with the Yoast SEO plugin v22.9 - https:\/\/yoast.com\/wordpress\/plugins\/seo\/ -->\n<title>SOROZATOK, AMIKET MUSZ\u00c1J MEGN\u00c9ZNI 2021-BEN - MediaMarkt Magazin<\/title>\n<meta name=\"description\" content=\"Ezek voltak a legjobb sorozatok 2020-ban, amiket musz\u00e1j megn\u00e9zni 2021-ben! Kezd ezekkl az \u00e9vet, nem fogod megb\u00e1nni!\" \/>\n<meta name=\"robots\" content=\"index, follow, max-snippet:-1, max-image-preview:large, max-video-preview:-1\" \/>\n<link rel=\"canonical\" href=\"https:\/\/hir.mediamarkt.hu\/magazin\/sorozatok-amiket-muszaj-megnezni-2021-ben\/\" \/>\n<meta property=\"og:locale\" content=\"hu_HU\" \/>\n<meta property=\"og:type\" content=\"article\" \/>\n<meta property=\"og:title\" content=\"SOROZATOK, AMIKET MUSZ\u00c1J MEGN\u00c9ZNI 2021-BEN - MediaMarkt Magazin\" \/>\n<meta property=\"og:description\" content=\"Ezek voltak a legjobb sorozatok 2020-ban, amiket musz\u00e1j megn\u00e9zni 2021-ben! Kezd ezekkl az \u00e9vet, nem fogod megb\u00e1nni!\" \/>\n<meta property=\"og:url\" content=\"https:\/\/hir.mediamarkt.hu\/magazin\/sorozatok-amiket-muszaj-megnezni-2021-ben\/\" \/>\n<meta property=\"og:site_name\" content=\"MediaMarkt Magazin\" \/>\n<meta property=\"article:publisher\" content=\"https:\/\/www.facebook.com\/MediaMarktMagyarorszag\" \/>\n<meta property=\"article:published_time\" content=\"2020-12-21T22:52:16+00:00\" \/>\n<meta property=\"article:modified_time\" content=\"2020-12-22T10:16:14+00:00\" \/>\n<meta property=\"og:image\" content=\"https:\/\/hir.mediamarkt.hu\/magazin\/wp-content\/uploads\/2020\/12\/sorozatok-amiket-muszaj-megnezni-2021.png\" \/>\n\t<meta property=\"og:image:width\" content=\"1024\" \/>\n\t<meta property=\"og:image:height\" content=\"619\" \/>\n\t<meta property=\"og:image:type\" content=\"image\/png\" \/>\n<meta name=\"author\" content=\"Nemenyi\" \/>\n<meta name=\"twitter:label1\" content=\"Szerz\u0151:\" \/>\n\t<meta name=\"twitter:data1\" content=\"Nemenyi\" \/>\n\t<meta name=\"twitter:label2\" content=\"Becs\u00fclt olvas\u00e1si id\u0151\" \/>\n\t<meta name=\"twitter:data2\" content=\"13 perc\" \/>\n<script type=\"application\/ld+json\" class=\"yoast-schema-graph\">{\"@context\":\"https:\/\/schema.org\",\"@graph\":[{\"@type\":\"WebPage\",\"@id\":\"https:\/\/hir.mediamarkt.hu\/magazin\/sorozatok-amiket-muszaj-megnezni-2021-ben\/\",\"url\":\"https:\/\/hir.mediamarkt.hu\/magazin\/sorozatok-amiket-muszaj-megnezni-2021-ben\/\",\"name\":\"SOROZATOK, AMIKET MUSZ\u00c1J MEGN\u00c9ZNI 2021-BEN - MediaMarkt Magazin\",\"isPartOf\":{\"@id\":\"https:\/\/hir.mediamarkt.hu\/magazin\/#website\"},\"primaryImageOfPage\":{\"@id\":\"https:\/\/hir.mediamarkt.hu\/magazin\/sorozatok-amiket-muszaj-megnezni-2021-ben\/#primaryimage\"},\"image\":{\"@id\":\"https:\/\/hir.mediamarkt.hu\/magazin\/sorozatok-amiket-muszaj-megnezni-2021-ben\/#primaryimage\"},\"thumbnailUrl\":\"https:\/\/hir.mediamarkt.hu\/magazin\/wp-content\/uploads\/2020\/12\/sorozatok-amiket-muszaj-megnezni-2021.png\",\"datePublished\":\"2020-12-21T22:52:16+00:00\",\"dateModified\":\"2020-12-22T10:16:14+00:00\",\"author\":{\"@id\":\"https:\/\/hir.mediamarkt.hu\/magazin\/#\/schema\/person\/f4a17b2dc97f2e2bf1b88a89d4ef7d05\"},\"description\":\"Ezek voltak a legjobb sorozatok 2020-ban, amiket musz\u00e1j megn\u00e9zni 2021-ben! Kezd ezekkl az \u00e9vet, nem fogod megb\u00e1nni!\",\"breadcrumb\":{\"@id\":\"https:\/\/hir.mediamarkt.hu\/magazin\/sorozatok-amiket-muszaj-megnezni-2021-ben\/#breadcrumb\"},\"inLanguage\":\"hu\",\"potentialAction\":[{\"@type\":\"ReadAction\",\"target\":[\"https:\/\/hir.mediamarkt.hu\/magazin\/sorozatok-amiket-muszaj-megnezni-2021-ben\/\"]}]},{\"@type\":\"ImageObject\",\"inLanguage\":\"hu\",\"@id\":\"https:\/\/hir.mediamarkt.hu\/magazin\/sorozatok-amiket-muszaj-megnezni-2021-ben\/#primaryimage\",\"url\":\"https:\/\/hir.mediamarkt.hu\/magazin\/wp-content\/uploads\/2020\/12\/sorozatok-amiket-muszaj-megnezni-2021.png\",\"contentUrl\":\"https:\/\/hir.mediamarkt.hu\/magazin\/wp-content\/uploads\/2020\/12\/sorozatok-amiket-muszaj-megnezni-2021.png\",\"width\":1024,\"height\":619},{\"@type\":\"BreadcrumbList\",\"@id\":\"https:\/\/hir.mediamarkt.hu\/magazin\/sorozatok-amiket-muszaj-megnezni-2021-ben\/#breadcrumb\",\"itemListElement\":[{\"@type\":\"ListItem\",\"position\":1,\"name\":\"Kezd\u0151lap\",\"item\":\"https:\/\/hir.mediamarkt.hu\/magazin\/\"},{\"@type\":\"ListItem\",\"position\":2,\"name\":\"SOROZATOK, AMIKET MUSZ\u00c1J MEGN\u00c9ZNI 2021-BEN\"}]},{\"@type\":\"WebSite\",\"@id\":\"https:\/\/hir.mediamarkt.hu\/magazin\/#website\",\"url\":\"https:\/\/hir.mediamarkt.hu\/magazin\/\",\"name\":\"MediaMarkt Magazin\",\"description\":\"Olvass bele magazinunkba!\",\"potentialAction\":[{\"@type\":\"SearchAction\",\"target\":{\"@type\":\"EntryPoint\",\"urlTemplate\":\"https:\/\/hir.mediamarkt.hu\/magazin\/?s={search_term_string}\"},\"query-input\":\"required name=search_term_string\"}],\"inLanguage\":\"hu\"},{\"@type\":\"Person\",\"@id\":\"https:\/\/hir.mediamarkt.hu\/magazin\/#\/schema\/person\/f4a17b2dc97f2e2bf1b88a89d4ef7d05\",\"name\":\"Nemenyi\",\"image\":{\"@type\":\"ImageObject\",\"inLanguage\":\"hu\",\"@id\":\"https:\/\/hir.mediamarkt.hu\/magazin\/#\/schema\/person\/image\/\",\"url\":\"https:\/\/secure.gravatar.com\/avatar\/9470b3223c723142e66adcad803b24fe?s=96&d=mm&r=g\",\"contentUrl\":\"https:\/\/secure.gravatar.com\/avatar\/9470b3223c723142e66adcad803b24fe?s=96&d=mm&r=g\",\"caption\":\"Nemenyi\"}}]}<\/script>\n<!-- \/ Yoast SEO plugin. -->","yoast_head_json":{"title":"SOROZATOK, AMIKET MUSZ\u00c1J MEGN\u00c9ZNI 2021-BEN - MediaMarkt Magazin","description":"Ezek voltak a legjobb sorozatok 2020-ban, amiket musz\u00e1j megn\u00e9zni 2021-ben! Kezd ezekkl az \u00e9vet, nem fogod megb\u00e1nni!","robots":{"index":"index","follow":"follow","max-snippet":"max-snippet:-1","max-image-preview":"max-image-preview:large","max-video-preview":"max-video-preview:-1"},"canonical":"https:\/\/hir.mediamarkt.hu\/magazin\/sorozatok-amiket-muszaj-megnezni-2021-ben\/","og_locale":"hu_HU","og_type":"article","og_title":"SOROZATOK, AMIKET MUSZ\u00c1J MEGN\u00c9ZNI 2021-BEN - MediaMarkt Magazin","og_description":"Ezek voltak a legjobb sorozatok 2020-ban, amiket musz\u00e1j megn\u00e9zni 2021-ben! Kezd ezekkl az \u00e9vet, nem fogod megb\u00e1nni!","og_url":"https:\/\/hir.mediamarkt.hu\/magazin\/sorozatok-amiket-muszaj-megnezni-2021-ben\/","og_site_name":"MediaMarkt Magazin","article_publisher":"https:\/\/www.facebook.com\/MediaMarktMagyarorszag","article_published_time":"2020-12-21T22:52:16+00:00","article_modified_time":"2020-12-22T10:16:14+00:00","og_image":[{"width":1024,"height":619,"url":"https:\/\/hir.mediamarkt.hu\/magazin\/wp-content\/uploads\/2020\/12\/sorozatok-amiket-muszaj-megnezni-2021.png","type":"image\/png"}],"author":"Nemenyi","twitter_misc":{"Szerz\u0151:":"Nemenyi","Becs\u00fclt olvas\u00e1si id\u0151":"13 perc"},"schema":{"@context":"https:\/\/schema.org","@graph":[{"@type":"WebPage","@id":"https:\/\/hir.mediamarkt.hu\/magazin\/sorozatok-amiket-muszaj-megnezni-2021-ben\/","url":"https:\/\/hir.mediamarkt.hu\/magazin\/sorozatok-amiket-muszaj-megnezni-2021-ben\/","name":"SOROZATOK, AMIKET MUSZ\u00c1J MEGN\u00c9ZNI 2021-BEN - MediaMarkt Magazin","isPartOf":{"@id":"https:\/\/hir.mediamarkt.hu\/magazin\/#website"},"primaryImageOfPage":{"@id":"https:\/\/hir.mediamarkt.hu\/magazin\/sorozatok-amiket-muszaj-megnezni-2021-ben\/#primaryimage"},"image":{"@id":"https:\/\/hir.mediamarkt.hu\/magazin\/sorozatok-amiket-muszaj-megnezni-2021-ben\/#primaryimage"},"thumbnailUrl":"https:\/\/hir.mediamarkt.hu\/magazin\/wp-content\/uploads\/2020\/12\/sorozatok-amiket-muszaj-megnezni-2021.png","datePublished":"2020-12-21T22:52:16+00:00","dateModified":"2020-12-22T10:16:14+00:00","author":{"@id":"https:\/\/hir.mediamarkt.hu\/magazin\/#\/schema\/person\/f4a17b2dc97f2e2bf1b88a89d4ef7d05"},"description":"Ezek voltak a legjobb sorozatok 2020-ban, amiket musz\u00e1j megn\u00e9zni 2021-ben! Kezd ezekkl az \u00e9vet, nem fogod megb\u00e1nni!","breadcrumb":{"@id":"https:\/\/hir.mediamarkt.hu\/magazin\/sorozatok-amiket-muszaj-megnezni-2021-ben\/#breadcrumb"},"inLanguage":"hu","potentialAction":[{"@type":"ReadAction","target":["https:\/\/hir.mediamarkt.hu\/magazin\/sorozatok-amiket-muszaj-megnezni-2021-ben\/"]}]},{"@type":"ImageObject","inLanguage":"hu","@id":"https:\/\/hir.mediamarkt.hu\/magazin\/sorozatok-amiket-muszaj-megnezni-2021-ben\/#primaryimage","url":"https:\/\/hir.mediamarkt.hu\/magazin\/wp-content\/uploads\/2020\/12\/sorozatok-amiket-muszaj-megnezni-2021.png","contentUrl":"https:\/\/hir.mediamarkt.hu\/magazin\/wp-content\/uploads\/2020\/12\/sorozatok-amiket-muszaj-megnezni-2021.png","width":1024,"height":619},{"@type":"BreadcrumbList","@id":"https:\/\/hir.mediamarkt.hu\/magazin\/sorozatok-amiket-muszaj-megnezni-2021-ben\/#breadcrumb","itemListElement":[{"@type":"ListItem","position":1,"name":"Kezd\u0151lap","item":"https:\/\/hir.mediamarkt.hu\/magazin\/"},{"@type":"ListItem","position":2,"name":"SOROZATOK, AMIKET MUSZ\u00c1J MEGN\u00c9ZNI 2021-BEN"}]},{"@type":"WebSite","@id":"https:\/\/hir.mediamarkt.hu\/magazin\/#website","url":"https:\/\/hir.mediamarkt.hu\/magazin\/","name":"MediaMarkt Magazin","description":"Olvass bele magazinunkba!","potentialAction":[{"@type":"SearchAction","target":{"@type":"EntryPoint","urlTemplate":"https:\/\/hir.mediamarkt.hu\/magazin\/?s={search_term_string}"},"query-input":"required name=search_term_string"}],"inLanguage":"hu"},{"@type":"Person","@id":"https:\/\/hir.mediamarkt.hu\/magazin\/#\/schema\/person\/f4a17b2dc97f2e2bf1b88a89d4ef7d05","name":"Nemenyi","image":{"@type":"ImageObject","inLanguage":"hu","@id":"https:\/\/hir.mediamarkt.hu\/magazin\/#\/schema\/person\/image\/","url":"https:\/\/secure.gravatar.com\/avatar\/9470b3223c723142e66adcad803b24fe?s=96&d=mm&r=g","contentUrl":"https:\/\/secure.gravatar.com\/avatar\/9470b3223c723142e66adcad803b24fe?s=96&d=mm&r=g","caption":"Nemenyi"}}]}},"_links":{"self":[{"href":"https:\/\/hir.mediamarkt.hu\/magazin\/wp-json\/wp\/v2\/posts\/11777"}],"collection":[{"href":"https:\/\/hir.mediamarkt.hu\/magazin\/wp-json\/wp\/v2\/posts"}],"about":[{"href":"https:\/\/hir.mediamarkt.hu\/magazin\/wp-json\/wp\/v2\/types\/post"}],"author":[{"embeddable":true,"href":"https:\/\/hir.mediamarkt.hu\/magazin\/wp-json\/wp\/v2\/users\/22"}],"replies":[{"embeddable":true,"href":"https:\/\/hir.mediamarkt.hu\/magazin\/wp-json\/wp\/v2\/comments?post=11777"}],"version-history":[{"count":8,"href":"https:\/\/hir.mediamarkt.hu\/magazin\/wp-json\/wp\/v2\/posts\/11777\/revisions"}],"predecessor-version":[{"id":11926,"href":"https:\/\/hir.mediamarkt.hu\/magazin\/wp-json\/wp\/v2\/posts\/11777\/revisions\/11926"}],"wp:featuredmedia":[{"embeddable":true,"href":"https:\/\/hir.mediamarkt.hu\/magazin\/wp-json\/wp\/v2\/media\/11805"}],"wp:attachment":[{"href":"https:\/\/hir.mediamarkt.hu\/magazin\/wp-json\/wp\/v2\/media?parent=11777"}],"wp:term":[{"taxonomy":"category","embeddable":true,"href":"https:\/\/hir.mediamarkt.hu\/magazin\/wp-json\/wp\/v2\/categories?post=11777"},{"taxonomy":"post_tag","embeddable":true,"href":"https:\/\/hir.mediamarkt.hu\/magazin\/wp-json\/wp\/v2\/tags?post=11777"}],"curies":[{"name":"wp","href":"https:\/\/api.w.org\/{rel}","templated":true}]}}