{"id":11802,"date":"2020-12-22T12:07:13","date_gmt":"2020-12-22T11:07:13","guid":{"rendered":"http:\/\/hir.mediamarkt.hu\/magazin\/?p=11802"},"modified":"2021-01-20T16:00:05","modified_gmt":"2021-01-20T15:00:05","slug":"szaritogep-kisokos-melyiket-valasszuk","status":"publish","type":"post","link":"https:\/\/hir.mediamarkt.hu\/magazin\/szaritogep-kisokos-melyiket-valasszuk\/","title":{"rendered":"Sz\u00e1r\u00edt\u00f3g\u00e9p kisokos &#8211; melyiket v\u00e1lasszuk?"},"content":{"rendered":"\n<p><strong>A h\u00e9tv\u00e9g\u00e9t \u00e1ltal\u00e1ban szeretn\u00e9nk egy kis felt\u00f6lt\u0151d\u00e9ssel, pihen\u00e9ssel t\u00f6lteni, de legt\u00f6bbsz\u00f6r pont ez a k\u00e9t nap az, amikor r\u00e1 kell sz\u00e1nnunk magunkat arra, hogy kitakar\u00edtsuk a lak\u00e1st \u00e9s egy\u00fattal felsz\u00e1moljuk a h\u00e9tk\u00f6znapok sor\u00e1n felhalmozott szennyes ruh\u00e1kat. Teh\u00e1t mosunk, ha mosunk, akkor sz\u00e1r\u00edtunk. De hol?<\/strong><\/p>\n\n\n\n<p class=\"has-text-align-justify\">Ut\u00f3bbi m\u0171velettel viszont az a legnagyobb probl\u00e9ma, hogy m\u00e1r egy 2-3 tag\u00fa h\u00e1ztart\u00e1s eset\u00e9n is rendk\u00edv\u00fcl id\u0151ig\u00e9nyes tud lenni. R\u00e1ad\u00e1sul emellett m\u00e9g napokig ker\u00fclgethetj\u00fck is a kiteregetett ruh\u00e1kat, ami tov\u00e1bb sz\u0171k\u00edti az otthoni \u00e9letter\u00fcnket. El lehet k\u00e9pzelni, mi van egy nagycsal\u00e1dn\u00e1l. <\/p>\n\n\n\n<div class=\"wp-block-media-text alignwide is-stacked-on-mobile\"><figure class=\"wp-block-media-text__media\"><img loading=\"lazy\" decoding=\"async\" width=\"800\" height=\"530\" src=\"https:\/\/hir.mediamarkt.hu\/magazin\/wp-content\/uploads\/2020\/12\/szaritogep-kisokos-teregetes-1.jpg\" alt=\"\" class=\"wp-image-11809\" srcset=\"https:\/\/hir.mediamarkt.hu\/magazin\/wp-content\/uploads\/2020\/12\/szaritogep-kisokos-teregetes-1.jpg 800w, https:\/\/hir.mediamarkt.hu\/magazin\/wp-content\/uploads\/2020\/12\/szaritogep-kisokos-teregetes-1-300x199.jpg 300w, https:\/\/hir.mediamarkt.hu\/magazin\/wp-content\/uploads\/2020\/12\/szaritogep-kisokos-teregetes-1-275x182.jpg 275w, https:\/\/hir.mediamarkt.hu\/magazin\/wp-content\/uploads\/2020\/12\/szaritogep-kisokos-teregetes-1-768x509.jpg 768w\" sizes=\"(max-width: 800px) 100vw, 800px\" \/><\/figure><div class=\"wp-block-media-text__content\">\n<h3 class=\"has-large-font-size wp-block-heading\"><strong>Ismer\u0151s a helyzet?<\/strong> <\/h3>\n\n\n\n<p><\/p>\n\n\n\n<p>Ut\u00f3bbi m\u0171velettel viszont az a legnagyobb probl\u00e9ma, hogy m\u00e1r egy 2-3 tag\u00fa h\u00e1ztart\u00e1s eset\u00e9n is rendk\u00edv\u00fcl id\u0151ig\u00e9nyes tud lenni. R\u00e1ad\u00e1sul emellett m\u00e9g napokig ker\u00fclgethetj\u00fck is a kiteregetett ruh\u00e1kat, ami tov\u00e1bb sz\u0171k\u00edti az otthoni \u00e9letter\u00fcnket.<\/p>\n\n\n<\/div><\/div>\n\n\n\n<p class=\"has-text-align-justify\">Szerencs\u00e9re mindezekre m\u00e1r van egy igaz\u00e1n nagyszer\u0171 megold\u00e1s, ami jelent\u0151sen le tudja r\u00f6vid\u00edteni az elker\u00fclhetetlen mos\u00e1si folyamatokat, \u00edgy rengeteg id\u0151t, energi\u00e1t \u00e9s t\u00f6bb esetben p\u00e9nzt is sp\u00f3rolva nek\u00fcnk. Ez pedig nem m\u00e1s, mint az Amerik\u00e1ban m\u00e1r teljesen alapkell\u00e9knek sz\u00e1m\u00edt\u00f3, de Eur\u00f3p\u00e1ban is egyre jobban elterjed\u0151 sz\u00e1r\u00edt\u00f3g\u00e9p alkalmaz\u00e1sa. Mostani \u00edr\u00e1sunkban bemutatjuk, hogy mi\u00e9rt lehet remek t\u00e1rsunk egy ilyen g\u00e9p \u00e9s azt is, hogy pontosan mit kell tudni a k\u00fcl\u00f6nb\u00f6z\u0151 t\u00edpusair\u00f3l, ami alapj\u00e1n b\u00e1rki el tudja majd d\u00f6nteni, hogy milyen fajt\u00e1j\u00e1ra van sz\u00fcks\u00e9ge.<\/p>\n\n\n\n<h3 class=\"wp-block-heading\"><strong>Mos\u00f3g\u00e9pb\u0151l sz\u00e1r\u00edt\u00f3g\u00e9pbe, onnan meg a szekr\u00e9nybe!<\/strong><\/h3>\n\n\n\n<p class=\"has-text-align-justify\">A <strong>sz\u00e1r\u00edt\u00f3g\u00e9pek<\/strong> egyik legnagyobb <strong>el\u0151nye,<\/strong> hogy legt\u00f6bbj\u00fcket annyira <strong>egyszer\u0171en lehet be\u00fczemelni \u00e9s haszn\u00e1lni<\/strong>, mint egy h\u00e9tk\u00f6znapi mos\u00f3g\u00e9pet. Ennek h\u00e1la p\u00e9ld\u00e1ul mindegyikben t\u00f6k\u00e9letesen meg van oldva a szennyv\u00edz elvezet\u00e9se, hiszen az \u00f6sszes k\u00e9sz\u00fcl\u00e9k erre alkalmas gy\u0171jt\u0151tart\u00e1llyal rendelkezik.<\/p>\n\n\n\n<p class=\"has-text-align-justify\">A hasonl\u00f3s\u00e1gok sora azonban itt nem \u00e1ll meg, hiszen rajtuk is tal\u00e1lhatunk k\u00fcl\u00f6nb\u00f6z\u0151 programokat, amik a g\u00e9pbe rakott ruha mennyis\u00e9g\u00e9t, anyag\u00e1t \u00e9s t\u00edpus\u00e1t egyar\u00e1nt figyelembe tudj\u00e1k venni. \u00cdgy ak\u00e1r m\u00e1r egy kisebb adag pamut, vagy m\u0171sz\u00e1las ruh\u00e1t, ingeket, \u00e1gynem\u0171ket \u00e9s farmereket is megsz\u00e1r\u00edthatunk vel\u00fck.<\/p>\n\n\n\n<p class=\"has-text-align-justify\">A folyamat pedig t\u00e9nyleg b\u00e1rki sz\u00e1m\u00e1ra k\u00f6nnyed\u00e9n kivitelezhet\u0151, ugyanis csak annyi dolgunk van, hogy ha v\u00e9gzett a mos\u00f3g\u00e9p\u00fcnk az aktu\u00e1lis adag ruha mos\u00e1s\u00e1val, akkor azt \u00e1thelyezz\u00fck a sz\u00e1r\u00edt\u00f3g\u00e9pbe, majd elv\u00e9gezz\u00fck a sz\u00fcks\u00e9ges be\u00e1ll\u00edt\u00e1sokat. Itt a megfelel\u0151 program kiv\u00e1laszt\u00e1sa mellett megadhatjuk azt, hogy <strong>mennyire szeretn\u00e9nk sz\u00e1raz ruh\u00e1kat<\/strong> &#8211; p\u00e9ld\u00e1ul legyen vasal\u00f3sz\u00e1raz, szekr\u00e9nysz\u00e1raz, vagy \u00e9ppen extra sz\u00e1raz -, bekapcsolhatjuk az igencsak aj\u00e1nlott <strong>gy\u0171r\u0151d\u00e9smentes\u00edt\u00e9si funkci\u00f3<\/strong>t, v\u00e9g\u00fcl pedig<strong> id\u0151z\u00edthetj\u00fck<\/strong> a sz\u00e1r\u00edt\u00e1st, vagy ak\u00e1r azonnal el is ind\u00edthatjuk azt.<\/p>\n\n\n\n<p class=\"has-text-align-justify\">Ha szeretn\u00e9nk a lehet\u0151 legr\u00f6videbb id\u0151 alatt v\u00e9gezni, akkor \u00e9rdemes mindig \u00fagy csin\u00e1lni, hogy egyszerre legyenek ruh\u00e1k a mos\u00f3g\u00e9pben \u00e9s a sz\u00e1r\u00edt\u00f3g\u00e9pben, \u00edgy amint felszabadult az ut\u00f3bbi, m\u00e1r rakhatjuk bele a k\u00f6vetkez\u0151 adagot. A kivett, megsz\u00e1r\u00edtott ruh\u00e1kat pedig &#8211; megfelel\u0151 sz\u00e1razs\u00e1gi fokozat kor\u00e1bbi kiv\u00e1laszt\u00e1sa eset\u00e9n &#8211; m\u00e1r csak \u00f6ssze kell hajtogatnunk \u00e9s rakhatjuk is el \u0151ket a hely\u00fckre. Nem elhanyagolhat\u00f3 szempont, hogy a sz\u00e1r\u00edt\u00e1snak h\u00e1la minden ruhanem\u0171 sz\u00f6sztelen\u00edtve lesz \u00e9s sokkal puh\u00e1bb \u00e9rz\u00e9s megfogni is, mint kor\u00e1bban.<\/p>\n\n\n\n<h3 class=\"wp-block-heading\"><strong>Milyen t\u00edpus\u00fa sz\u00e1r\u00edt\u00f3g\u00e9pek vannak \u00e9s melyik az igazi?<\/strong><\/h3>\n\n\n\n<p class=\"has-text-align-justify\">Ha szeretn\u00e9nk egy sz\u00e1r\u00edt\u00f3g\u00e9pet az otthonunkba, akkor els\u0151 k\u00f6rben azt kell felm\u00e9rn\u00fcnk, hogy mennyi hely\u00fcnk van. Kisebb h\u00e1ztart\u00e1sokban ugyanis a k\u00fcl\u00f6n\u00e1ll\u00f3 g\u00e9p nem mindig f\u00e9r el, mivel m\u00e9retben legt\u00f6bb esetben ugyanakkora, mint a mos\u00f3g\u00e9p\u00fcnk. Szerencs\u00e9re az <a href=\"https:\/\/www.mediamarkt.hu\/hu\/product\/_scanpart-01-501-201-05-k%C3%B6zbet%C3%A9t-keret-7290307.html\" target=\"_blank\" rel=\"noreferrer noopener\">univerz\u00e1lis \u00f6ssze\u00e9p\u00edt\u0151 keretek<\/a> seg\u00edts\u00e9g\u00e9vel ak\u00e1r a mos\u00f3g\u00e9p\u00fcnk tetej\u00e9re is fel lehet biztons\u00e1gosan rakni \u00faj szerzem\u00e9ny\u00fcnket. Amennyiben \u00edgy se lenne neki el\u00e9g t\u00e9r, akkor v\u00e9gs\u0151 megold\u00e1sk\u00e9nt <a href=\"https:\/\/www.mediamarkt.hu\/hu\/category\/_mos%C3%B3-%C3%A9s-sz%C3%A1r%C3%ADt%C3%B3g%C3%A9p-504640.html\" target=\"_blank\" rel=\"noreferrer noopener\">ott vannak a mos\u00f3-sz\u00e1r\u00edt\u00f3g\u00e9pek<\/a>, amik egyetlen g\u00e9pben egyes\u00edtik a mos\u00e1si \u00e9s sz\u00e1r\u00edt\u00e1si funkci\u00f3kat.<\/p>\n\n\n\n<p class=\"has-text-align-justify\">V\u00e1s\u00e1rl\u00e1s el\u0151tt azt is vegy\u00fck figyelembe, hogy a m\u00e1r megl\u00e9v\u0151 mos\u00f3g\u00e9p\u00fcnk h\u00e1ny kilogrammos ruhat\u00f6ltettel rendelkezik, hiszen a j\u00f6v\u0151beli sz\u00e1r\u00edt\u00f3g\u00e9pnek is ekkora mennyis\u00e9ggel kell majd megk\u00fczdenie.<\/p>\n\n\n\n<p>Nem mindegy viszont az sem, hogy a k\u00e9t elterjedt technol\u00f3gia k\u00f6z\u00fcl melyiket v\u00e1lasztjuk.<\/p>\n\n\n\n<p class=\"has-text-align-justify\">A kondenz\u00e1ci\u00f3s \u00e9s a h\u0151szivatty\u00fas sz\u00e1r\u00edt\u00f3g\u00e9peket alapvet\u0151en az k\u00fcl\u00f6nb\u00f6zteti meg egym\u00e1st\u00f3l, hogy mik\u00e9nt meleg\u00edtik fel a benn\u00fck keringetett leveg\u0151t. A hagyom\u00e1nyos kondenz\u00e1ci\u00f3s g\u00e9pekben a felmeleg\u00edt\u00e9s f\u0171t\u0151sz\u00e1llal t\u00f6rt\u00e9nik, m\u00edg a h\u0151szivatty\u00fas g\u00e9pek, amelyek val\u00f3j\u00e1ban szint\u00e9n kondenz\u00e1ci\u00f3s g\u00e9pek is, egy speci\u00e1lis h\u0151szivatty\u00fanak k\u00f6sz\u00f6nhet\u0151en a v\u00edzg\u0151z \u00f6sszegy\u0171jt\u00e9sekor felszabadul\u00f3 energi\u00e1t haszn\u00e1lj\u00e1k fel sz\u00e1r\u00edt\u00e1sra.<\/p>\n\n\n\n<h5 class=\"wp-block-heading\"><strong><em>Ha k\u00edv\u00e1ncsi vagy kondenz\u00e1ci\u00f3s sz\u00e1r\u00edt\u00f3g\u00e9peinkre, <\/em><a href=\"https:\/\/www.mediamarkt.hu\/hu\/category\/_kondenz%C3%A1ci%C3%B3s-sz%C3%A1r%C3%ADt%C3%B3g%C3%A9p-504642.html\"><em>itt tudod megn\u00e9zni \u0151ket<\/em><\/a><em>.<\/em><\/strong><\/h5>\n\n\n\n<p class=\"has-text-align-justify\">\u00c9ppen ez\u00e9rt mi ink\u00e1bb a <strong>h\u0151szivatty\u00fas sz\u00e1r\u00edt\u00f3g\u00e9pek<\/strong>et aj\u00e1nljuk, hiszen sz\u00e1r\u00edt\u00e1si h\u0151m\u00e9rs\u00e9klet\u00fck 20 fokkal alacsonyabb, \u00edgy a k\u00e9nyes textileket is biztons\u00e1gosan sz\u00e1r\u00edthatjuk vel\u00fck, valamint innovat\u00edv funkci\u00f3ikkal t\u00f6bb ponton is t\u00falsz\u00e1rnyalj\u00e1k el\u0151deiket. A Bosch sz\u00e1r\u00edt\u00f3g\u00e9pei p\u00e9ld\u00e1ul nemcsak rengeteget sp\u00f3rolnak az energi\u00e1val, hanem az AutoClean technol\u00f3gi\u00e1val 20 sz\u00e1r\u00edt\u00e1son kereszt\u00fcl teljesen automatikusan tiszt\u00edtj\u00e1k magukat, az EasyClean megold\u00e1ssal rendk\u00edv\u00fcl k\u00f6nnyen, gyakorlatilag m\u00e1sodpercek alatt lehet foly\u00f3 v\u00edzzel karbantartani \u0151ket \u00e9s a Smart Dry funkci\u00f3s v\u00e1ltozataik pedig magukt\u00f3l v\u00e1lasztj\u00e1k ki a sz\u00e1munkra legink\u00e1bb megfelel\u0151 sz\u00e1r\u00edt\u00f3 programot.<\/p>\n\n\n\n<h5 class=\"wp-block-heading\"><em>A jelenleg el\u00e9rhet\u0151 h\u0151szivatty\u00fas sz\u00e1r\u00edt\u00f3g\u00e9peinket <\/em><a href=\"https:\/\/www.mediamarkt.hu\/hu\/category\/_h%C5%91szivatty%C3%BAs-sz%C3%A1r%C3%ADt%C3%B3g%C3%A9p-504643.html\" target=\"_blank\" rel=\"noreferrer noopener\"><em>ezen a linken tudod megtekinteni<\/em><\/a><em>.<\/em><\/h5>\n\n\n\n<h3 class=\"wp-block-heading\"><strong>Szeretn\u00e9k sz\u00e1r\u00edt\u00f3g\u00e9pet, de limit\u00e1lt a csal\u00e1di k\u00f6lts\u00e9gvet\u00e9s!<\/strong><\/h3>\n\n\n\n<p class=\"has-text-align-justify\">Az igaz\u00e1n min\u0151s\u00e9gi sz\u00e1r\u00edt\u00f3g\u00e9p val\u00f3ban nem olcs\u00f3 mulats\u00e1g, de \u00e1ruh\u00e1zainkban k\u00fcl\u00f6nb\u00f6z\u0151 hitelaj\u00e1nlatok k\u00f6z\u00fcl biztosan megtal\u00e1lhatja az anyagi helyzet\u00e9hez legjobban passzol\u00f3t. Egy\u00fattal \u00e9rdemes figyelmi <a href=\"https:\/\/www.mediamarkt.hu\/hu\/shop\/hitel.html?ga_query=Budapest+bank\" target=\"_blank\" rel=\"noreferrer noopener\">a banki hitelaj\u00e1nlatokat<\/a>, a 0%-THM-es konstrukci\u00f3kat is, hiszen \u00edgy ak\u00e1r ingyen hitellel lehet megv\u00e1s\u00e1rolni a kiszemelt term\u00e9ket.<\/p>\n\n\n\n<figure class=\"wp-block-image size-large is-style-default\"><img loading=\"lazy\" decoding=\"async\" width=\"1024\" height=\"576\" src=\"https:\/\/hir.mediamarkt.hu\/magazin\/wp-content\/uploads\/2020\/12\/szaritogep-kisokos-home-connect-1024x576.jpg\" alt=\"\" class=\"wp-image-11816\" srcset=\"https:\/\/hir.mediamarkt.hu\/magazin\/wp-content\/uploads\/2020\/12\/szaritogep-kisokos-home-connect-1024x576.jpg 1024w, https:\/\/hir.mediamarkt.hu\/magazin\/wp-content\/uploads\/2020\/12\/szaritogep-kisokos-home-connect-300x169.jpg 300w, https:\/\/hir.mediamarkt.hu\/magazin\/wp-content\/uploads\/2020\/12\/szaritogep-kisokos-home-connect-275x155.jpg 275w, https:\/\/hir.mediamarkt.hu\/magazin\/wp-content\/uploads\/2020\/12\/szaritogep-kisokos-home-connect-768x432.jpg 768w, https:\/\/hir.mediamarkt.hu\/magazin\/wp-content\/uploads\/2020\/12\/szaritogep-kisokos-home-connect-1536x864.jpg 1536w, https:\/\/hir.mediamarkt.hu\/magazin\/wp-content\/uploads\/2020\/12\/szaritogep-kisokos-home-connect-480x270.jpg 480w, https:\/\/hir.mediamarkt.hu\/magazin\/wp-content\/uploads\/2020\/12\/szaritogep-kisokos-home-connect.jpg 1440w\" sizes=\"(max-width: 1024px) 100vw, 1024px\" \/><\/figure>\n\n\n\n<p class=\"has-text-align-justify\">Term\u00e9szetesen el\u0151fordulhat az, hogy m\u00e9g nem k\u00f6rvonalaz\u00f3dott pontosan, melyik sz\u00e1r\u00edt\u00f3g\u00e9pet is szeretn\u00e9d. Ebben az esetben l\u00e1togass el a legk\u00f6zelebbi MediaMarkt \u00e1ruh\u00e1zunkba, ahol munkat\u00e1rsaink \u00f6r\u00f6mmel seg\u00edtenek a t\u00f6k\u00e9letes g\u00e9p megtal\u00e1l\u00e1s\u00e1ban.<\/p>\n","protected":false},"excerpt":{"rendered":"Kondenz\u00e1ci\u00f3s vagy h\u0151szivatty\u00fas? Mos\u00f3g\u00e9ppel egyben vagy k\u00fcl\u00f6n? Mekkora legyen? Egy\u00e1ltal\u00e1n van-e \u00e9rtelme sz\u00e1r\u00edt\u00f3g\u00e9pet v\u00e1s\u00e1rolni?","protected":false},"author":13,"featured_media":11813,"comment_status":"open","ping_status":"open","sticky":false,"template":"","format":"standard","meta":{"wprm-recipe-roundup-name":"","wprm-recipe-roundup-description":"","footnotes":""},"categories":[5981,5967],"tags":[4195,2151,4240,2763,2590],"yoast_head":"<!-- This site is optimized with the Yoast SEO plugin v22.9 - https:\/\/yoast.com\/wordpress\/plugins\/seo\/ -->\n<title>Sz\u00e1r\u00edt\u00f3g\u00e9p kisokos - melyiket v\u00e1lasszuk? - MediaMarkt Magazin<\/title>\n<meta name=\"description\" content=\"Sz\u00e1r\u00edt\u00f3g\u00e9p kisokos! Kondenz\u00e1ci\u00f3s vagy h\u0151szivatty\u00fas? Mos\u00f3g\u00e9ppel egyben vagy k\u00fcl\u00f6n? Mekkora legyen? Egy\u00e1ltal\u00e1n van-e \u00e9rtelme sz\u00e1r\u00edt\u00f3g\u00e9pet v\u00e1s\u00e1rolni?\" \/>\n<meta name=\"robots\" content=\"index, follow, max-snippet:-1, max-image-preview:large, max-video-preview:-1\" \/>\n<link rel=\"canonical\" href=\"https:\/\/hir.mediamarkt.hu\/magazin\/szaritogep-kisokos-melyiket-valasszuk\/\" \/>\n<meta property=\"og:locale\" content=\"hu_HU\" \/>\n<meta property=\"og:type\" content=\"article\" \/>\n<meta property=\"og:title\" content=\"Sz\u00e1r\u00edt\u00f3g\u00e9p kisokos - melyiket v\u00e1lasszuk? - MediaMarkt Magazin\" \/>\n<meta property=\"og:description\" content=\"Sz\u00e1r\u00edt\u00f3g\u00e9p kisokos! Kondenz\u00e1ci\u00f3s vagy h\u0151szivatty\u00fas? Mos\u00f3g\u00e9ppel egyben vagy k\u00fcl\u00f6n? Mekkora legyen? Egy\u00e1ltal\u00e1n van-e \u00e9rtelme sz\u00e1r\u00edt\u00f3g\u00e9pet v\u00e1s\u00e1rolni?\" \/>\n<meta property=\"og:url\" content=\"https:\/\/hir.mediamarkt.hu\/magazin\/szaritogep-kisokos-melyiket-valasszuk\/\" \/>\n<meta property=\"og:site_name\" content=\"MediaMarkt Magazin\" \/>\n<meta property=\"article:publisher\" content=\"https:\/\/www.facebook.com\/MediaMarktMagyarorszag\" \/>\n<meta property=\"article:published_time\" content=\"2020-12-22T11:07:13+00:00\" \/>\n<meta property=\"article:modified_time\" content=\"2021-01-20T15:00:05+00:00\" \/>\n<meta property=\"og:image\" content=\"https:\/\/hir.mediamarkt.hu\/magazin\/wp-content\/uploads\/2020\/12\/szaritogep-kisokos-melyiket-valasszuk.png\" \/>\n\t<meta property=\"og:image:width\" content=\"1024\" \/>\n\t<meta property=\"og:image:height\" content=\"619\" \/>\n\t<meta property=\"og:image:type\" content=\"image\/png\" \/>\n<meta name=\"author\" content=\"Media Markt\" \/>\n<meta name=\"twitter:label1\" content=\"Szerz\u0151:\" \/>\n\t<meta name=\"twitter:data1\" content=\"Media Markt\" \/>\n\t<meta name=\"twitter:label2\" content=\"Becs\u00fclt olvas\u00e1si id\u0151\" \/>\n\t<meta name=\"twitter:data2\" content=\"7 perc\" \/>\n<script type=\"application\/ld+json\" class=\"yoast-schema-graph\">{\"@context\":\"https:\/\/schema.org\",\"@graph\":[{\"@type\":\"WebPage\",\"@id\":\"https:\/\/hir.mediamarkt.hu\/magazin\/szaritogep-kisokos-melyiket-valasszuk\/\",\"url\":\"https:\/\/hir.mediamarkt.hu\/magazin\/szaritogep-kisokos-melyiket-valasszuk\/\",\"name\":\"Sz\u00e1r\u00edt\u00f3g\u00e9p kisokos - melyiket v\u00e1lasszuk? - MediaMarkt Magazin\",\"isPartOf\":{\"@id\":\"https:\/\/hir.mediamarkt.hu\/magazin\/#website\"},\"primaryImageOfPage\":{\"@id\":\"https:\/\/hir.mediamarkt.hu\/magazin\/szaritogep-kisokos-melyiket-valasszuk\/#primaryimage\"},\"image\":{\"@id\":\"https:\/\/hir.mediamarkt.hu\/magazin\/szaritogep-kisokos-melyiket-valasszuk\/#primaryimage\"},\"thumbnailUrl\":\"https:\/\/hir.mediamarkt.hu\/magazin\/wp-content\/uploads\/2020\/12\/szaritogep-kisokos-melyiket-valasszuk.png\",\"datePublished\":\"2020-12-22T11:07:13+00:00\",\"dateModified\":\"2021-01-20T15:00:05+00:00\",\"author\":{\"@id\":\"https:\/\/hir.mediamarkt.hu\/magazin\/#\/schema\/person\/b93b02ec1ab4d2353f8d281e171c1b0b\"},\"description\":\"Sz\u00e1r\u00edt\u00f3g\u00e9p kisokos! Kondenz\u00e1ci\u00f3s vagy h\u0151szivatty\u00fas? Mos\u00f3g\u00e9ppel egyben vagy k\u00fcl\u00f6n? Mekkora legyen? Egy\u00e1ltal\u00e1n van-e \u00e9rtelme sz\u00e1r\u00edt\u00f3g\u00e9pet v\u00e1s\u00e1rolni?\",\"breadcrumb\":{\"@id\":\"https:\/\/hir.mediamarkt.hu\/magazin\/szaritogep-kisokos-melyiket-valasszuk\/#breadcrumb\"},\"inLanguage\":\"hu\",\"potentialAction\":[{\"@type\":\"ReadAction\",\"target\":[\"https:\/\/hir.mediamarkt.hu\/magazin\/szaritogep-kisokos-melyiket-valasszuk\/\"]}]},{\"@type\":\"ImageObject\",\"inLanguage\":\"hu\",\"@id\":\"https:\/\/hir.mediamarkt.hu\/magazin\/szaritogep-kisokos-melyiket-valasszuk\/#primaryimage\",\"url\":\"https:\/\/hir.mediamarkt.hu\/magazin\/wp-content\/uploads\/2020\/12\/szaritogep-kisokos-melyiket-valasszuk.png\",\"contentUrl\":\"https:\/\/hir.mediamarkt.hu\/magazin\/wp-content\/uploads\/2020\/12\/szaritogep-kisokos-melyiket-valasszuk.png\",\"width\":1024,\"height\":619},{\"@type\":\"BreadcrumbList\",\"@id\":\"https:\/\/hir.mediamarkt.hu\/magazin\/szaritogep-kisokos-melyiket-valasszuk\/#breadcrumb\",\"itemListElement\":[{\"@type\":\"ListItem\",\"position\":1,\"name\":\"Kezd\u0151lap\",\"item\":\"https:\/\/hir.mediamarkt.hu\/magazin\/\"},{\"@type\":\"ListItem\",\"position\":2,\"name\":\"Term\u00e9kv\u00e1s\u00e1rl\u00e1si tan\u00e1csad\u00f3\",\"item\":\"https:\/\/hir.mediamarkt.hu\/magazin\/termekvasarlasi-tanacsado\/\"},{\"@type\":\"ListItem\",\"position\":3,\"name\":\"Sz\u00e1r\u00edt\u00f3g\u00e9p kisokos &#8211; melyiket v\u00e1lasszuk?\"}]},{\"@type\":\"WebSite\",\"@id\":\"https:\/\/hir.mediamarkt.hu\/magazin\/#website\",\"url\":\"https:\/\/hir.mediamarkt.hu\/magazin\/\",\"name\":\"MediaMarkt Magazin\",\"description\":\"Olvass bele magazinunkba!\",\"potentialAction\":[{\"@type\":\"SearchAction\",\"target\":{\"@type\":\"EntryPoint\",\"urlTemplate\":\"https:\/\/hir.mediamarkt.hu\/magazin\/?s={search_term_string}\"},\"query-input\":\"required name=search_term_string\"}],\"inLanguage\":\"hu\"},{\"@type\":\"Person\",\"@id\":\"https:\/\/hir.mediamarkt.hu\/magazin\/#\/schema\/person\/b93b02ec1ab4d2353f8d281e171c1b0b\",\"name\":\"Media Markt\",\"image\":{\"@type\":\"ImageObject\",\"inLanguage\":\"hu\",\"@id\":\"https:\/\/hir.mediamarkt.hu\/magazin\/#\/schema\/person\/image\/\",\"url\":\"https:\/\/secure.gravatar.com\/avatar\/602bccae8998beee472d01909f0978f1?s=96&d=mm&r=g\",\"contentUrl\":\"https:\/\/secure.gravatar.com\/avatar\/602bccae8998beee472d01909f0978f1?s=96&d=mm&r=g\",\"caption\":\"Media Markt\"}}]}<\/script>\n<!-- \/ Yoast SEO plugin. -->","yoast_head_json":{"title":"Sz\u00e1r\u00edt\u00f3g\u00e9p kisokos - melyiket v\u00e1lasszuk? - MediaMarkt Magazin","description":"Sz\u00e1r\u00edt\u00f3g\u00e9p kisokos! Kondenz\u00e1ci\u00f3s vagy h\u0151szivatty\u00fas? Mos\u00f3g\u00e9ppel egyben vagy k\u00fcl\u00f6n? Mekkora legyen? Egy\u00e1ltal\u00e1n van-e \u00e9rtelme sz\u00e1r\u00edt\u00f3g\u00e9pet v\u00e1s\u00e1rolni?","robots":{"index":"index","follow":"follow","max-snippet":"max-snippet:-1","max-image-preview":"max-image-preview:large","max-video-preview":"max-video-preview:-1"},"canonical":"https:\/\/hir.mediamarkt.hu\/magazin\/szaritogep-kisokos-melyiket-valasszuk\/","og_locale":"hu_HU","og_type":"article","og_title":"Sz\u00e1r\u00edt\u00f3g\u00e9p kisokos - melyiket v\u00e1lasszuk? - MediaMarkt Magazin","og_description":"Sz\u00e1r\u00edt\u00f3g\u00e9p kisokos! Kondenz\u00e1ci\u00f3s vagy h\u0151szivatty\u00fas? Mos\u00f3g\u00e9ppel egyben vagy k\u00fcl\u00f6n? Mekkora legyen? Egy\u00e1ltal\u00e1n van-e \u00e9rtelme sz\u00e1r\u00edt\u00f3g\u00e9pet v\u00e1s\u00e1rolni?","og_url":"https:\/\/hir.mediamarkt.hu\/magazin\/szaritogep-kisokos-melyiket-valasszuk\/","og_site_name":"MediaMarkt Magazin","article_publisher":"https:\/\/www.facebook.com\/MediaMarktMagyarorszag","article_published_time":"2020-12-22T11:07:13+00:00","article_modified_time":"2021-01-20T15:00:05+00:00","og_image":[{"width":1024,"height":619,"url":"https:\/\/hir.mediamarkt.hu\/magazin\/wp-content\/uploads\/2020\/12\/szaritogep-kisokos-melyiket-valasszuk.png","type":"image\/png"}],"author":"Media Markt","twitter_misc":{"Szerz\u0151:":"Media Markt","Becs\u00fclt olvas\u00e1si id\u0151":"7 perc"},"schema":{"@context":"https:\/\/schema.org","@graph":[{"@type":"WebPage","@id":"https:\/\/hir.mediamarkt.hu\/magazin\/szaritogep-kisokos-melyiket-valasszuk\/","url":"https:\/\/hir.mediamarkt.hu\/magazin\/szaritogep-kisokos-melyiket-valasszuk\/","name":"Sz\u00e1r\u00edt\u00f3g\u00e9p kisokos - melyiket v\u00e1lasszuk? - MediaMarkt Magazin","isPartOf":{"@id":"https:\/\/hir.mediamarkt.hu\/magazin\/#website"},"primaryImageOfPage":{"@id":"https:\/\/hir.mediamarkt.hu\/magazin\/szaritogep-kisokos-melyiket-valasszuk\/#primaryimage"},"image":{"@id":"https:\/\/hir.mediamarkt.hu\/magazin\/szaritogep-kisokos-melyiket-valasszuk\/#primaryimage"},"thumbnailUrl":"https:\/\/hir.mediamarkt.hu\/magazin\/wp-content\/uploads\/2020\/12\/szaritogep-kisokos-melyiket-valasszuk.png","datePublished":"2020-12-22T11:07:13+00:00","dateModified":"2021-01-20T15:00:05+00:00","author":{"@id":"https:\/\/hir.mediamarkt.hu\/magazin\/#\/schema\/person\/b93b02ec1ab4d2353f8d281e171c1b0b"},"description":"Sz\u00e1r\u00edt\u00f3g\u00e9p kisokos! Kondenz\u00e1ci\u00f3s vagy h\u0151szivatty\u00fas? Mos\u00f3g\u00e9ppel egyben vagy k\u00fcl\u00f6n? Mekkora legyen? Egy\u00e1ltal\u00e1n van-e \u00e9rtelme sz\u00e1r\u00edt\u00f3g\u00e9pet v\u00e1s\u00e1rolni?","breadcrumb":{"@id":"https:\/\/hir.mediamarkt.hu\/magazin\/szaritogep-kisokos-melyiket-valasszuk\/#breadcrumb"},"inLanguage":"hu","potentialAction":[{"@type":"ReadAction","target":["https:\/\/hir.mediamarkt.hu\/magazin\/szaritogep-kisokos-melyiket-valasszuk\/"]}]},{"@type":"ImageObject","inLanguage":"hu","@id":"https:\/\/hir.mediamarkt.hu\/magazin\/szaritogep-kisokos-melyiket-valasszuk\/#primaryimage","url":"https:\/\/hir.mediamarkt.hu\/magazin\/wp-content\/uploads\/2020\/12\/szaritogep-kisokos-melyiket-valasszuk.png","contentUrl":"https:\/\/hir.mediamarkt.hu\/magazin\/wp-content\/uploads\/2020\/12\/szaritogep-kisokos-melyiket-valasszuk.png","width":1024,"height":619},{"@type":"BreadcrumbList","@id":"https:\/\/hir.mediamarkt.hu\/magazin\/szaritogep-kisokos-melyiket-valasszuk\/#breadcrumb","itemListElement":[{"@type":"ListItem","position":1,"name":"Kezd\u0151lap","item":"https:\/\/hir.mediamarkt.hu\/magazin\/"},{"@type":"ListItem","position":2,"name":"Term\u00e9kv\u00e1s\u00e1rl\u00e1si tan\u00e1csad\u00f3","item":"https:\/\/hir.mediamarkt.hu\/magazin\/termekvasarlasi-tanacsado\/"},{"@type":"ListItem","position":3,"name":"Sz\u00e1r\u00edt\u00f3g\u00e9p kisokos &#8211; melyiket v\u00e1lasszuk?"}]},{"@type":"WebSite","@id":"https:\/\/hir.mediamarkt.hu\/magazin\/#website","url":"https:\/\/hir.mediamarkt.hu\/magazin\/","name":"MediaMarkt Magazin","description":"Olvass bele magazinunkba!","potentialAction":[{"@type":"SearchAction","target":{"@type":"EntryPoint","urlTemplate":"https:\/\/hir.mediamarkt.hu\/magazin\/?s={search_term_string}"},"query-input":"required name=search_term_string"}],"inLanguage":"hu"},{"@type":"Person","@id":"https:\/\/hir.mediamarkt.hu\/magazin\/#\/schema\/person\/b93b02ec1ab4d2353f8d281e171c1b0b","name":"Media Markt","image":{"@type":"ImageObject","inLanguage":"hu","@id":"https:\/\/hir.mediamarkt.hu\/magazin\/#\/schema\/person\/image\/","url":"https:\/\/secure.gravatar.com\/avatar\/602bccae8998beee472d01909f0978f1?s=96&d=mm&r=g","contentUrl":"https:\/\/secure.gravatar.com\/avatar\/602bccae8998beee472d01909f0978f1?s=96&d=mm&r=g","caption":"Media Markt"}}]}},"_links":{"self":[{"href":"https:\/\/hir.mediamarkt.hu\/magazin\/wp-json\/wp\/v2\/posts\/11802"}],"collection":[{"href":"https:\/\/hir.mediamarkt.hu\/magazin\/wp-json\/wp\/v2\/posts"}],"about":[{"href":"https:\/\/hir.mediamarkt.hu\/magazin\/wp-json\/wp\/v2\/types\/post"}],"author":[{"embeddable":true,"href":"https:\/\/hir.mediamarkt.hu\/magazin\/wp-json\/wp\/v2\/users\/13"}],"replies":[{"embeddable":true,"href":"https:\/\/hir.mediamarkt.hu\/magazin\/wp-json\/wp\/v2\/comments?post=11802"}],"version-history":[{"count":8,"href":"https:\/\/hir.mediamarkt.hu\/magazin\/wp-json\/wp\/v2\/posts\/11802\/revisions"}],"predecessor-version":[{"id":11817,"href":"https:\/\/hir.mediamarkt.hu\/magazin\/wp-json\/wp\/v2\/posts\/11802\/revisions\/11817"}],"wp:featuredmedia":[{"embeddable":true,"href":"https:\/\/hir.mediamarkt.hu\/magazin\/wp-json\/wp\/v2\/media\/11813"}],"wp:attachment":[{"href":"https:\/\/hir.mediamarkt.hu\/magazin\/wp-json\/wp\/v2\/media?parent=11802"}],"wp:term":[{"taxonomy":"category","embeddable":true,"href":"https:\/\/hir.mediamarkt.hu\/magazin\/wp-json\/wp\/v2\/categories?post=11802"},{"taxonomy":"post_tag","embeddable":true,"href":"https:\/\/hir.mediamarkt.hu\/magazin\/wp-json\/wp\/v2\/tags?post=11802"}],"curies":[{"name":"wp","href":"https:\/\/api.w.org\/{rel}","templated":true}]}}