{"id":121,"date":"2013-05-20T00:00:00","date_gmt":"2013-05-20T00:00:00","guid":{"rendered":""},"modified":"-0001-11-30T00:00:00","modified_gmt":"-0001-11-29T23:00:00","slug":"olcso-windows-8-as-noteszgepet-hoz-ki-az-acer","status":"publish","type":"post","link":"https:\/\/hir.mediamarkt.hu\/magazin\/olcso-windows-8-as-noteszgepet-hoz-ki-az-acer\/","title":{"rendered":"Olcs\u00f3 Windows 8-as noteszg\u00e9pet hoz ki az Acer"},"content":{"rendered":"<div>  \t  \t<p><b>A gy\u00e1rt\u00f3 megel\u00e9gelte, hogy dr\u00e1g\u00e1k az \u00e9rint\u0151s notebookok, ez\u00e9rt megalkotta a saj\u00e1t olcs\u00f3 verzi\u00f3j\u00e1t. Hamarosan m\u00e1sok is k\u00f6vethetik a p\u00e9ld\u00e1t.<\/b><\/p>      <p>    Az Acer megtal\u00e1lta a m\u00f3dj\u00e1t, hogy m\u00e9g lejjebb szor\u00edtsa az egyel\u0151re igen dr\u00e1ga Windows 8-as, \u00e9rint\u0151k\u00e9perny\u0151s notebookok \u00e1r\u00e1t. A gy\u00e1rt\u00f3 a kisziv\u00e1rgott h\u00edrek szerint m\u00e9g ebben a h\u00f3napban bemutatja 11,6 colos kijelz\u0151vel ell\u00e1tott, \u00e9rint\u0151k\u00e9perny\u0151s g\u00e9p\u00e9t, amelyet 400 doll\u00e1ros \u00e1r k\u00f6r\u00fcli \u00f6sszeg\u00e9rt dobnak majd piacra (vagyis 100 ezer forint alatt lehet majd a nett\u00f3 \u00e1ra).  \t<\/p>   \t<br>     \t<center><img src='http:\/\/hir.mediamarkt.hu\/magazin\/images\/0506_01.png' border='0' alt='' \/>     \t   \t     \t<br>  \t<\/center>    <p><br>    A g\u00e9pet a sp\u00f3rol\u00e1s jegy\u00e9ben Gorilla Glass helyett egy olcs\u00f3bb, b\u00e1r kev\u00e9sb\u00e9 hat\u00e9kony k\u00e9perny\u0151v\u00e9d\u0151 \u00fcveggel l\u00e1tj\u00e1k el, Winstron Glassal, ami azonban a notebookn\u00e1l el\u00e9g v\u00e9delmet ad &#8211; szemben egy t\u00e1blag\u00e9ppel. A g\u00e9p emellett m\u00e1r csak az\u00e9rt is olcs\u00f3bb lehet, mert a Microsoft a kisebb m\u00e9ret\u0171 g\u00e9pekhez kedvezm\u00e9nyes \u00e1ron adja a Windowst. A gy\u00e1rt\u00f3 emellett v\u00e1rhat\u00f3an tov\u00e1bbi kompromisszumokra is r\u00e1k\u00e9nyszer\u00fcl, \u00edgy a kijelz\u0151 val\u00f3sz\u00edn\u0171leg egyszer\u0171 TN panel lesz, mint az olcs\u00f3bb notebookokban, illetve a g\u00e9p SSD helyett minden bizonnyal hagyom\u00e1nyos winchestert kap.   <\/p>    <p>    Az \u00faj Acer modellr\u0151l eddig csak a DigiTimes sziv\u00e1rogtatott ki inform\u00e1ci\u00f3kat, de val\u00f3sz\u00edn\u0171nek t\u0171nik, hogy az Acer mellett m\u00e1s gy\u00e1rt\u00f3k is k\u00eds\u00e9rletezni kezdenek hasonl\u00f3 megold\u00e1sokkal. Az \u00e9rint\u0151s g\u00e9p ugyanis kiv\u00e1l\u00f3 alternat\u00edva a ki\u00f6regedett Windows XP-s netbookok helyett azoknak, akik szeretn\u00e9k a Windows 8 \u00faj funkcionalit\u00e1s\u00e1t teljesen kihaszn\u00e1lni, bele\u00e9rtve az \u00e9rint\u0151s kezel\u00e9st is. Az Intel m\u00e1r megel\u0151legezte, hogy mobilprocesszorainak leg\u00fajabb gener\u00e1ci\u00f3ja lehet\u0151v\u00e9 teszi az olcs\u00f3 Win8-as g\u00e9pek megjelentet\u00e9s\u00e9t, de \u00fagy t\u0171nik, ezt nem v\u00e1rj\u00e1k ki a gy\u00e1rt\u00f3k, \u00e9s kihozz\u00e1k a legt\u00f6bbet a jelenlegi techol\u00f3gi\u00e1b\u00f3l.  <\/p>   <br>    <p>     Forr\u00e1s: Media Markt Magyarorsz\u00e1g  <\/p>    <!-- FB HSZ -->    \t<div id=\"fb-root\"><\/div>  \t<script>  \t(function(d, s, id) {  \t  var js, fjs = d.getElementsByTagName(s)[0];  \t  if (d.getElementById(id)) return;  \t  js = d.createElement(s); js.id = id;  \t  js.src = \"http:\/\/connect.facebook.net\/hu_HU\/all.js#xfbml=1&appId=282207548525345\";  \t  fjs.parentNode.insertBefore(js, fjs);  \t}(document, 'script', 'facebook-jssdk'));  \t  \t<\/script>  \t  <\/div><div class='fb-comments' data-href='http:\/\/hir.mediamarkt.hu\/magazin\/Olcso_Windows_8-as_noteszgepet_hoz_ki_az_Acer' data-num-posts='10' data-width='515'><\/div>","protected":false},"excerpt":{"rendered":"A gy\u00e1rt\u00f3 megel\u00e9gelte, hogy dr\u00e1g\u00e1k az \u00e9rint\u0151s notebookok, ez\u00e9rt megalkotta a saj\u00e1t olcs\u00f3 verzi\u00f3j\u00e1t. Hamarosan m\u00e1sok is k\u00f6vethetik a p\u00e9ld\u00e1t. Az Acer megtal\u00e1lta a m\u00f3dj\u00e1t, hogy m\u00e9g lejjebb szor\u00edtsa az egyel\u0151re igen dr\u00e1ga Windows 8-as, \u00e9rint\u0151k\u00e9perny\u0151s notebookok \u00e1r\u00e1t. A gy\u00e1rt\u00f3 a kisziv\u00e1rgott h\u00edrek szerint m\u00e9g ebben a h\u00f3napban bemutatja 11,6 colos kijelz\u0151vel ell\u00e1tott, \u00e9rint\u0151k\u00e9perny\u0151s g\u00e9p\u00e9t, amelyet 400 doll\u00e1ros \u00e1r k\u00f6r\u00fcli \u00f6sszeg\u00e9rt dobnak majd piacra (vagyis 100 ezer forint alatt lehet majd a nett\u00f3 \u00e1ra). A g\u00e9pet a sp\u00f3rol\u00e1s jegy\u00e9ben Gorilla Glass helyett egy olcs\u00f3bb, b\u00e1r kev\u00e9sb\u00e9 hat\u00e9kony k\u00e9perny\u0151v\u00e9d\u0151 \u00fcveggel l\u00e1tj\u00e1k el, Winstron Glassal, ami azonban a notebookn\u00e1l el\u00e9g v\u00e9delmet ad &#8211; szemben egy t\u00e1blag\u00e9ppel. A g\u00e9p emellett m\u00e1r csak az\u00e9rt is olcs\u00f3bb lehet, mert a Microsoft a kisebb m\u00e9ret\u0171 g\u00e9pekhez &#8230;","protected":false},"author":1,"featured_media":0,"comment_status":"open","ping_status":"open","sticky":false,"template":"","format":"standard","meta":{"wprm-recipe-roundup-name":"","wprm-recipe-roundup-description":"","footnotes":""},"categories":[],"tags":[],"yoast_head":"<!-- This site is optimized with the Yoast SEO plugin v22.9 - https:\/\/yoast.com\/wordpress\/plugins\/seo\/ -->\n<title>Olcs\u00f3 Windows 8-as noteszg\u00e9pet hoz ki az Acer - MediaMarkt Magazin<\/title>\n<meta name=\"robots\" content=\"index, follow, max-snippet:-1, max-image-preview:large, max-video-preview:-1\" \/>\n<link rel=\"canonical\" href=\"https:\/\/hir.mediamarkt.hu\/magazin\/olcso-windows-8-as-noteszgepet-hoz-ki-az-acer\/\" \/>\n<meta property=\"og:locale\" content=\"hu_HU\" \/>\n<meta property=\"og:type\" content=\"article\" \/>\n<meta property=\"og:title\" content=\"Olcs\u00f3 Windows 8-as noteszg\u00e9pet hoz ki az Acer - MediaMarkt Magazin\" \/>\n<meta property=\"og:description\" content=\"A gy\u00e1rt\u00f3 megel\u00e9gelte, hogy dr\u00e1g\u00e1k az \u00e9rint\u0151s notebookok, ez\u00e9rt megalkotta a saj\u00e1t olcs\u00f3 verzi\u00f3j\u00e1t. Hamarosan m\u00e1sok is k\u00f6vethetik a p\u00e9ld\u00e1t. Az Acer megtal\u00e1lta a m\u00f3dj\u00e1t, hogy m\u00e9g lejjebb szor\u00edtsa az egyel\u0151re igen dr\u00e1ga Windows 8-as, \u00e9rint\u0151k\u00e9perny\u0151s notebookok \u00e1r\u00e1t. A gy\u00e1rt\u00f3 a kisziv\u00e1rgott h\u00edrek szerint m\u00e9g ebben a h\u00f3napban bemutatja 11,6 colos kijelz\u0151vel ell\u00e1tott, \u00e9rint\u0151k\u00e9perny\u0151s g\u00e9p\u00e9t, amelyet 400 doll\u00e1ros \u00e1r k\u00f6r\u00fcli \u00f6sszeg\u00e9rt dobnak majd piacra (vagyis 100 ezer forint alatt lehet majd a nett\u00f3 \u00e1ra). A g\u00e9pet a sp\u00f3rol\u00e1s jegy\u00e9ben Gorilla Glass helyett egy olcs\u00f3bb, b\u00e1r kev\u00e9sb\u00e9 hat\u00e9kony k\u00e9perny\u0151v\u00e9d\u0151 \u00fcveggel l\u00e1tj\u00e1k el, Winstron Glassal, ami azonban a notebookn\u00e1l el\u00e9g v\u00e9delmet ad &#8211; szemben egy t\u00e1blag\u00e9ppel. A g\u00e9p emellett m\u00e1r csak az\u00e9rt is olcs\u00f3bb lehet, mert a Microsoft a kisebb m\u00e9ret\u0171 g\u00e9pekhez ...\" \/>\n<meta property=\"og:url\" content=\"https:\/\/hir.mediamarkt.hu\/magazin\/olcso-windows-8-as-noteszgepet-hoz-ki-az-acer\/\" \/>\n<meta property=\"og:site_name\" content=\"MediaMarkt Magazin\" \/>\n<meta property=\"article:publisher\" content=\"https:\/\/www.facebook.com\/MediaMarktMagyarorszag\" \/>\n<meta property=\"article:published_time\" content=\"2013-05-20T00:00:00+00:00\" \/>\n<meta property=\"article:modified_time\" content=\"-0001-11-30T00:00:00+00:00\" \/>\n<meta property=\"og:image\" content=\"http:\/\/hir.mediamarkt.hu\/magazin\/images\/0506_01.png\" \/>\n<meta name=\"author\" content=\"intermedius\" \/>\n<meta name=\"twitter:label1\" content=\"Szerz\u0151:\" \/>\n\t<meta name=\"twitter:data1\" content=\"intermedius\" \/>\n\t<meta name=\"twitter:label2\" content=\"Becs\u00fclt olvas\u00e1si id\u0151\" \/>\n\t<meta name=\"twitter:data2\" content=\"2 perc\" \/>\n<script type=\"application\/ld+json\" class=\"yoast-schema-graph\">{\"@context\":\"https:\/\/schema.org\",\"@graph\":[{\"@type\":\"WebPage\",\"@id\":\"https:\/\/hir.mediamarkt.hu\/magazin\/olcso-windows-8-as-noteszgepet-hoz-ki-az-acer\/\",\"url\":\"https:\/\/hir.mediamarkt.hu\/magazin\/olcso-windows-8-as-noteszgepet-hoz-ki-az-acer\/\",\"name\":\"Olcs\u00f3 Windows 8-as noteszg\u00e9pet hoz ki az Acer - MediaMarkt Magazin\",\"isPartOf\":{\"@id\":\"https:\/\/hir.mediamarkt.hu\/magazin\/#website\"},\"primaryImageOfPage\":{\"@id\":\"https:\/\/hir.mediamarkt.hu\/magazin\/olcso-windows-8-as-noteszgepet-hoz-ki-az-acer\/#primaryimage\"},\"image\":{\"@id\":\"https:\/\/hir.mediamarkt.hu\/magazin\/olcso-windows-8-as-noteszgepet-hoz-ki-az-acer\/#primaryimage\"},\"thumbnailUrl\":\"http:\/\/hir.mediamarkt.hu\/magazin\/images\/0506_01.png\",\"datePublished\":\"2013-05-20T00:00:00+00:00\",\"dateModified\":\"-0001-11-30T00:00:00+00:00\",\"author\":{\"@id\":\"https:\/\/hir.mediamarkt.hu\/magazin\/#\/schema\/person\/7f1d99540808335a59d17dcebfa95544\"},\"breadcrumb\":{\"@id\":\"https:\/\/hir.mediamarkt.hu\/magazin\/olcso-windows-8-as-noteszgepet-hoz-ki-az-acer\/#breadcrumb\"},\"inLanguage\":\"hu\",\"potentialAction\":[{\"@type\":\"ReadAction\",\"target\":[\"https:\/\/hir.mediamarkt.hu\/magazin\/olcso-windows-8-as-noteszgepet-hoz-ki-az-acer\/\"]}]},{\"@type\":\"ImageObject\",\"inLanguage\":\"hu\",\"@id\":\"https:\/\/hir.mediamarkt.hu\/magazin\/olcso-windows-8-as-noteszgepet-hoz-ki-az-acer\/#primaryimage\",\"url\":\"http:\/\/hir.mediamarkt.hu\/magazin\/images\/0506_01.png\",\"contentUrl\":\"http:\/\/hir.mediamarkt.hu\/magazin\/images\/0506_01.png\"},{\"@type\":\"BreadcrumbList\",\"@id\":\"https:\/\/hir.mediamarkt.hu\/magazin\/olcso-windows-8-as-noteszgepet-hoz-ki-az-acer\/#breadcrumb\",\"itemListElement\":[{\"@type\":\"ListItem\",\"position\":1,\"name\":\"Kezd\u0151lap\",\"item\":\"https:\/\/hir.mediamarkt.hu\/magazin\/\"},{\"@type\":\"ListItem\",\"position\":2,\"name\":\"Olcs\u00f3 Windows 8-as noteszg\u00e9pet hoz ki az Acer\"}]},{\"@type\":\"WebSite\",\"@id\":\"https:\/\/hir.mediamarkt.hu\/magazin\/#website\",\"url\":\"https:\/\/hir.mediamarkt.hu\/magazin\/\",\"name\":\"MediaMarkt Magazin\",\"description\":\"Olvass bele magazinunkba!\",\"potentialAction\":[{\"@type\":\"SearchAction\",\"target\":{\"@type\":\"EntryPoint\",\"urlTemplate\":\"https:\/\/hir.mediamarkt.hu\/magazin\/?s={search_term_string}\"},\"query-input\":\"required name=search_term_string\"}],\"inLanguage\":\"hu\"},{\"@type\":\"Person\",\"@id\":\"https:\/\/hir.mediamarkt.hu\/magazin\/#\/schema\/person\/7f1d99540808335a59d17dcebfa95544\",\"name\":\"intermedius\",\"image\":{\"@type\":\"ImageObject\",\"inLanguage\":\"hu\",\"@id\":\"https:\/\/hir.mediamarkt.hu\/magazin\/#\/schema\/person\/image\/\",\"url\":\"https:\/\/secure.gravatar.com\/avatar\/bbf88debc0bd7abfc1047f575da076f2?s=96&d=mm&r=g\",\"contentUrl\":\"https:\/\/secure.gravatar.com\/avatar\/bbf88debc0bd7abfc1047f575da076f2?s=96&d=mm&r=g\",\"caption\":\"intermedius\"}}]}<\/script>\n<!-- \/ Yoast SEO plugin. -->","yoast_head_json":{"title":"Olcs\u00f3 Windows 8-as noteszg\u00e9pet hoz ki az Acer - MediaMarkt Magazin","robots":{"index":"index","follow":"follow","max-snippet":"max-snippet:-1","max-image-preview":"max-image-preview:large","max-video-preview":"max-video-preview:-1"},"canonical":"https:\/\/hir.mediamarkt.hu\/magazin\/olcso-windows-8-as-noteszgepet-hoz-ki-az-acer\/","og_locale":"hu_HU","og_type":"article","og_title":"Olcs\u00f3 Windows 8-as noteszg\u00e9pet hoz ki az Acer - MediaMarkt Magazin","og_description":"A gy\u00e1rt\u00f3 megel\u00e9gelte, hogy dr\u00e1g\u00e1k az \u00e9rint\u0151s notebookok, ez\u00e9rt megalkotta a saj\u00e1t olcs\u00f3 verzi\u00f3j\u00e1t. Hamarosan m\u00e1sok is k\u00f6vethetik a p\u00e9ld\u00e1t. Az Acer megtal\u00e1lta a m\u00f3dj\u00e1t, hogy m\u00e9g lejjebb szor\u00edtsa az egyel\u0151re igen dr\u00e1ga Windows 8-as, \u00e9rint\u0151k\u00e9perny\u0151s notebookok \u00e1r\u00e1t. A gy\u00e1rt\u00f3 a kisziv\u00e1rgott h\u00edrek szerint m\u00e9g ebben a h\u00f3napban bemutatja 11,6 colos kijelz\u0151vel ell\u00e1tott, \u00e9rint\u0151k\u00e9perny\u0151s g\u00e9p\u00e9t, amelyet 400 doll\u00e1ros \u00e1r k\u00f6r\u00fcli \u00f6sszeg\u00e9rt dobnak majd piacra (vagyis 100 ezer forint alatt lehet majd a nett\u00f3 \u00e1ra). A g\u00e9pet a sp\u00f3rol\u00e1s jegy\u00e9ben Gorilla Glass helyett egy olcs\u00f3bb, b\u00e1r kev\u00e9sb\u00e9 hat\u00e9kony k\u00e9perny\u0151v\u00e9d\u0151 \u00fcveggel l\u00e1tj\u00e1k el, Winstron Glassal, ami azonban a notebookn\u00e1l el\u00e9g v\u00e9delmet ad &#8211; szemben egy t\u00e1blag\u00e9ppel. A g\u00e9p emellett m\u00e1r csak az\u00e9rt is olcs\u00f3bb lehet, mert a Microsoft a kisebb m\u00e9ret\u0171 g\u00e9pekhez ...","og_url":"https:\/\/hir.mediamarkt.hu\/magazin\/olcso-windows-8-as-noteszgepet-hoz-ki-az-acer\/","og_site_name":"MediaMarkt Magazin","article_publisher":"https:\/\/www.facebook.com\/MediaMarktMagyarorszag","article_published_time":"2013-05-20T00:00:00+00:00","article_modified_time":"-0001-11-30T00:00:00+00:00","og_image":[{"url":"http:\/\/hir.mediamarkt.hu\/magazin\/images\/0506_01.png"}],"author":"intermedius","twitter_misc":{"Szerz\u0151:":"intermedius","Becs\u00fclt olvas\u00e1si id\u0151":"2 perc"},"schema":{"@context":"https:\/\/schema.org","@graph":[{"@type":"WebPage","@id":"https:\/\/hir.mediamarkt.hu\/magazin\/olcso-windows-8-as-noteszgepet-hoz-ki-az-acer\/","url":"https:\/\/hir.mediamarkt.hu\/magazin\/olcso-windows-8-as-noteszgepet-hoz-ki-az-acer\/","name":"Olcs\u00f3 Windows 8-as noteszg\u00e9pet hoz ki az Acer - MediaMarkt Magazin","isPartOf":{"@id":"https:\/\/hir.mediamarkt.hu\/magazin\/#website"},"primaryImageOfPage":{"@id":"https:\/\/hir.mediamarkt.hu\/magazin\/olcso-windows-8-as-noteszgepet-hoz-ki-az-acer\/#primaryimage"},"image":{"@id":"https:\/\/hir.mediamarkt.hu\/magazin\/olcso-windows-8-as-noteszgepet-hoz-ki-az-acer\/#primaryimage"},"thumbnailUrl":"http:\/\/hir.mediamarkt.hu\/magazin\/images\/0506_01.png","datePublished":"2013-05-20T00:00:00+00:00","dateModified":"-0001-11-30T00:00:00+00:00","author":{"@id":"https:\/\/hir.mediamarkt.hu\/magazin\/#\/schema\/person\/7f1d99540808335a59d17dcebfa95544"},"breadcrumb":{"@id":"https:\/\/hir.mediamarkt.hu\/magazin\/olcso-windows-8-as-noteszgepet-hoz-ki-az-acer\/#breadcrumb"},"inLanguage":"hu","potentialAction":[{"@type":"ReadAction","target":["https:\/\/hir.mediamarkt.hu\/magazin\/olcso-windows-8-as-noteszgepet-hoz-ki-az-acer\/"]}]},{"@type":"ImageObject","inLanguage":"hu","@id":"https:\/\/hir.mediamarkt.hu\/magazin\/olcso-windows-8-as-noteszgepet-hoz-ki-az-acer\/#primaryimage","url":"http:\/\/hir.mediamarkt.hu\/magazin\/images\/0506_01.png","contentUrl":"http:\/\/hir.mediamarkt.hu\/magazin\/images\/0506_01.png"},{"@type":"BreadcrumbList","@id":"https:\/\/hir.mediamarkt.hu\/magazin\/olcso-windows-8-as-noteszgepet-hoz-ki-az-acer\/#breadcrumb","itemListElement":[{"@type":"ListItem","position":1,"name":"Kezd\u0151lap","item":"https:\/\/hir.mediamarkt.hu\/magazin\/"},{"@type":"ListItem","position":2,"name":"Olcs\u00f3 Windows 8-as noteszg\u00e9pet hoz ki az Acer"}]},{"@type":"WebSite","@id":"https:\/\/hir.mediamarkt.hu\/magazin\/#website","url":"https:\/\/hir.mediamarkt.hu\/magazin\/","name":"MediaMarkt Magazin","description":"Olvass bele magazinunkba!","potentialAction":[{"@type":"SearchAction","target":{"@type":"EntryPoint","urlTemplate":"https:\/\/hir.mediamarkt.hu\/magazin\/?s={search_term_string}"},"query-input":"required name=search_term_string"}],"inLanguage":"hu"},{"@type":"Person","@id":"https:\/\/hir.mediamarkt.hu\/magazin\/#\/schema\/person\/7f1d99540808335a59d17dcebfa95544","name":"intermedius","image":{"@type":"ImageObject","inLanguage":"hu","@id":"https:\/\/hir.mediamarkt.hu\/magazin\/#\/schema\/person\/image\/","url":"https:\/\/secure.gravatar.com\/avatar\/bbf88debc0bd7abfc1047f575da076f2?s=96&d=mm&r=g","contentUrl":"https:\/\/secure.gravatar.com\/avatar\/bbf88debc0bd7abfc1047f575da076f2?s=96&d=mm&r=g","caption":"intermedius"}}]}},"_links":{"self":[{"href":"https:\/\/hir.mediamarkt.hu\/magazin\/wp-json\/wp\/v2\/posts\/121"}],"collection":[{"href":"https:\/\/hir.mediamarkt.hu\/magazin\/wp-json\/wp\/v2\/posts"}],"about":[{"href":"https:\/\/hir.mediamarkt.hu\/magazin\/wp-json\/wp\/v2\/types\/post"}],"author":[{"embeddable":true,"href":"https:\/\/hir.mediamarkt.hu\/magazin\/wp-json\/wp\/v2\/users\/1"}],"replies":[{"embeddable":true,"href":"https:\/\/hir.mediamarkt.hu\/magazin\/wp-json\/wp\/v2\/comments?post=121"}],"version-history":[{"count":0,"href":"https:\/\/hir.mediamarkt.hu\/magazin\/wp-json\/wp\/v2\/posts\/121\/revisions"}],"wp:attachment":[{"href":"https:\/\/hir.mediamarkt.hu\/magazin\/wp-json\/wp\/v2\/media?parent=121"}],"wp:term":[{"taxonomy":"category","embeddable":true,"href":"https:\/\/hir.mediamarkt.hu\/magazin\/wp-json\/wp\/v2\/categories?post=121"},{"taxonomy":"post_tag","embeddable":true,"href":"https:\/\/hir.mediamarkt.hu\/magazin\/wp-json\/wp\/v2\/tags?post=121"}],"curies":[{"name":"wp","href":"https:\/\/api.w.org\/{rel}","templated":true}]}}