{"id":12157,"date":"2021-02-15T21:58:16","date_gmt":"2021-02-15T20:58:16","guid":{"rendered":"http:\/\/hir.mediamarkt.hu\/magazin\/?p=12157"},"modified":"2021-02-18T10:58:27","modified_gmt":"2021-02-18T09:58:27","slug":"vr-edzes","status":"publish","type":"post","link":"https:\/\/hir.mediamarkt.hu\/magazin\/vr-edzes\/","title":{"rendered":"Kipr\u00f3b\u00e1ltuk: a VR az egyik legkem\u00e9nyebb edz\u00e9sprogram"},"content":{"rendered":"\n<p class=\"has-text-align-justify\"><strong>VR-edz\u00e9s: sz\u00f3 szerint sp\u00e1rtai temp\u00f3t dikt\u00e1lnak a virtu\u00e1lis val\u00f3s\u00e1gban j\u00e1tsz\u00f3d\u00f3 c\u00edmek: dobozszeletel\u00e9s f\u00e9nykarddal, l\u00f6v\u00f6ld\u00f6z\u00e9s, boksz vagy \u00e9ppen v\u00e9rengz\u00e9s a gladi\u00e1torar\u00e9n\u00e1ban.<\/strong><\/p>\n\n\n\n<p class=\"has-text-align-justify\">M\u00e9g nem l\u00e1tjuk, mit v\u00e1rhatunk 2021-t\u0151l, \u00e9s ha l\u00e1tn\u00e1nk is, akkor is \u00f3vatosan b\u00e1nn\u00e1nk minden j\u00f3slattal, de az az biztos, tavaly is az egyik fogadalmunk \u2013 sok sz\u00e1zezer honfit\u00e1rsunkkal egy\u00fctt \u2013 az volt, hogy lefogyunk. Azt\u00e1n j\u00f6tt a lez\u00e1r\u00e1s, a karant\u00e9n, a home office \u00e9s ennek \u00f6sszes folyom\u00e1nya: a mozg\u00e1shi\u00e1ny, az \u00f6ssze-vissza t\u00e1pl\u00e1lkoz\u00e1s, az \u00e9dess\u00e9ggel t\u00f6rt\u00e9n\u0151 \u00f6njutalmaz\u00e1s \u00e9s a bez\u00e1rt edz\u0151termek. K\u00e9s\u0151n (\u00e9rtsd: tavaly kar\u00e1csonyra) ugyan, de az egyik koll\u00e9g\u00e1nk, aki, hogy is fogalmazzunk finoman, k\u00fcl\u00f6n\u00f6sen \u00e9rintve volt a fentiekben (\u00e9rtsd: t\u00edz kil\u00f3 \u00fagy felment r\u00e1, hogy \u00e9szre sem vette), megtal\u00e1lta a megold\u00e1st:<\/p>\n\n\n\n<h3 class=\"wp-block-heading\">VR-edz\u00e9s!<\/h3>\n\n\n\n<p class=\"has-text-align-justify\">M\u00e9g miel\u0151tt legyinten\u00e9l, hogy ez biztos valami term\u00e9kelhelyez\u00e9ssel s\u00falyosb\u00edtott kamu \u201esikersztori\u201d: sz\u00f3 sincs err\u0151l, a dolog nagyon is val\u00f3di, az eredm\u00e9nyek pedig k\u00e9zzel foghat\u00f3ak, pontosabban nem foghat\u00f3ak, hiszen az \u00fasz\u00f3gumi m\u00e9rete m\u00e1r most, m\u00e1sf\u00e9l h\u00f3nap ut\u00e1n is l\u00e1tv\u00e1nyosan cs\u00f6kkent. De mi is ez, hogyan kell hozz\u00e1fogni \u00e9s mi\u00e9rt \u00e9rdemes \u2013 logisztikailag \u00e9s igen, anyagilag is \u2013 neked is belev\u00e1gni, lehet\u0151leg m\u00e1ma m\u00e9g? Haladjunk sorj\u00e1ban.<\/p>\n\n\n\n<figure class=\"wp-block-image alignnone wp-image-12158 size-full is-style-default\"><img loading=\"lazy\" decoding=\"async\" width=\"1440\" height=\"810\" src=\"https:\/\/hir.mediamarkt.hu\/magazin\/wp-content\/uploads\/2021\/02\/vr.jpg\" alt=\"VR-edz\u00e9s\" class=\"wp-image-12158\" srcset=\"https:\/\/hir.mediamarkt.hu\/magazin\/wp-content\/uploads\/2021\/02\/vr.jpg 1440w, https:\/\/hir.mediamarkt.hu\/magazin\/wp-content\/uploads\/2021\/02\/vr-300x169.jpg 300w, https:\/\/hir.mediamarkt.hu\/magazin\/wp-content\/uploads\/2021\/02\/vr-1024x576.jpg 1024w, https:\/\/hir.mediamarkt.hu\/magazin\/wp-content\/uploads\/2021\/02\/vr-275x155.jpg 275w, https:\/\/hir.mediamarkt.hu\/magazin\/wp-content\/uploads\/2021\/02\/vr-768x432.jpg 768w, https:\/\/hir.mediamarkt.hu\/magazin\/wp-content\/uploads\/2021\/02\/vr-480x270.jpg 480w\" sizes=\"(max-width: 1440px) 100vw, 1440px\" \/><figcaption>Forr\u00e1s: Devolver Digital<\/figcaption><\/figure>\n\n\n\n<p class=\"has-text-align-justify\">Tudjuk j\u00f3l, hogy a ma (p\u00e9ld\u00e1ul a Media Marktban) kaphat\u00f3 virtu\u00e1lisval\u00f3s\u00e1g-rendszerek kifejezetten dr\u00e1g\u00e1k. A legolcs\u00f3bb (\u00e9s egy\u00e9bk\u00e9nt m\u00e9g mindig csod\u00e1latos \u2013 <a href=\"https:\/\/hir.mediamarkt.hu\/magazin\/playstation-vr-teszt\/\">teszt\u00fcnk\u00e9rt erre!<\/a>) megold\u00e1s a <a href=\"http:\/\/mediamarkt.hu\/catentry\/1341699\" target=\"_blank\" rel=\"noopener noreferrer\">PlayStation VR<\/a>, amely \u201emind\u00f6ssze\u201d 110 ezer forint, plusz term\u00e9szetesen az alapkonzol, ha m\u00e9g nincs a birtokunkban. A pc-re k\u00f6thet\u0151 szem\u00fcvegek \u2013 n\u00e1lunk a <a href=\"http:\/\/mediamarkt.hu\/catentry\/1320731\">HTC Vive<\/a> modelljei \u00e9s a <a href=\"http:\/\/mediamarkt.hu\/catentry\/1348502\">HP Reverb G2<\/a> rendszere kaphat\u00f3 \u2013 j\u00f3val dr\u00e1g\u00e1bbak, arr\u00f3l nem is besz\u00e9lve, hogy izmos g\u00e9p, vagy cs\u00facskateg\u00f3ri\u00e1s gaming laptop is sz\u00fcks\u00e9geltetik a szemenk\u00e9nt megjelen\u00edtett nagy felbont\u00e1s\u00fa, nagyon gyorsan friss\u00edtett k\u00e9p\u00e9rt.<\/p>\n\n\n\n<p>De.<\/p>\n\n\n\n<p class=\"has-text-align-justify\">Egyr\u00e9szt edz\u00e9sr\u0151l besz\u00e9l\u00fcnk, \u00e9s ha komolyan elkezdesz mozogni egy virtu\u00e1lis t\u00e9rben, feladatokat, kihv\u00e1sokat teljes\u00edtve vagy csak \u00fagy, c\u00e9ltalanul hadon\u00e1szni (err\u0151l a rendk\u00edv\u00fcl sz\u00f3rakoztat\u00f3 tev\u00e9kenys\u00e9gr\u0151l mindj\u00e1rt \u00edrunk b\u0151vebben), r\u00f6gt\u00f6n r\u00e1j\u00f6ssz, hogy van annyira hat\u00e9kony \u00e9s (f\u0151leg) addikt\u00edv az eg\u00e9sz, hogy az kiv\u00e1ltsa az \u00e9ves edz\u0151termet \u2013 k\u00fcl\u00f6n\u00f6sen most, amikor gy\u00far\u00f3padra fek\u00fcdni csak mindenf\u00e9le kiskapukat kihaszn\u00e1lva szabad. Arr\u00f3l nem is besz\u00e9lve, hogy az alant ismertetett j\u00e1t\u00e9kok grafik\u00e1ja \u00e9s g\u00e9pig\u00e9nye is van annyira egyszer\u0171, hogy egy \u00e1tlagos g\u00e9pen is elfutnak \u2013 az atomer\u0151m\u0171-jelleg\u0171 gamer pc-kre ink\u00e1bb a <strong>Half Life: Alyx<\/strong>-nak \u00e9s a <strong>Fallout 4 VR<\/strong>-nak \u00e9s a hasonl\u00f3 nagyobb c\u00edmeknek van sz\u00fcks\u00e9ge.<\/p>\n\n\n\n<p class=\"has-text-align-justify\">A VR-\u00e9lm\u00e9nyt persze neh\u00e9z bemutatni, s\u0151t: lehetetlen, egy cikk, de m\u00e9g gameplay-vide\u00f3k sora sem adja vissza az \u00e9lm\u00e9nyt, nem marad m\u00e1s teh\u00e1t, mint hogy arra k\u00e9r\u00fcnk mindenkit, higgyen nek\u00fcnk, amikor azt mondjuk:<\/p>\n\n\n\n<blockquote class=\"wp-block-quote\"><p>a technol\u00f3gia m\u00e1r tart ott, hogy teljesen \u00e9leth\u0171, hihet\u0151 k\u00f6rnyezetet teremtsen, hogy ber\u00e1ntsa \u00e9s ne eressze az embert.<\/p><\/blockquote>\n\n\n\n<p class=\"has-text-align-justify\">N\u00e9mi elker\u00fclhetetlen, de viszonylag r\u00f6vid \u00e1ll\u00edtgat\u00e1s ut\u00e1n pedig kik\u00fcsz\u00f6b\u00f6lhetj\u00fck az olyan VR-gyerekbetegs\u00e9geket is, mint a mozg\u00e1si \u00e9melyg\u00e9s \u00e9s a k\u00fcl\u00f6nb\u00f6z\u0151 szemtengely-t\u00e1vols\u00e1gokb\u00f3l ad\u00f3d\u00f3 kett\u0151s l\u00e1t\u00e1s. L\u00e1ssuk is teh\u00e1t az aj\u00e1nlott j\u00e1t\u00e9kokat, amelyek a legt\u00f6bb platformon el\u00e9rhet\u0151ek!<\/p>\n\n\n\n<h2 class=\"wp-block-heading\">BoxVR\/FitXR<\/h2>\n\n\n\n<p class=\"has-text-align-justify\">Kardi\u00f3, er\u0151nl\u00e9t \u2013 aki t\u00e9nyleg ez\u00e9rt (is) h\u00fazza fel a headsetet, annak k\u00f6telez\u0151. Kiss\u00e9 megt\u00e9veszt\u0151 lehet, hogy k\u00e9t c\u00edmen fut: sz\u00e1munkra most a BoxVR \u00e9rdekes, a FitXR a j\u00e1t\u00e9k Oculus Quest-rendszerre fazonigaz\u00edtott, friss\u00edtett verzi\u00f3ja. A BoxVR \u2013 nev\u00e9vel ellent\u00e9tben \u2013 hagyom\u00e1nyos fitneszedz\u00e9s, k\u00fcl\u00f6nb\u00f6z\u0151 intenzit\u00e1s\u00fa \u00e9s hossz\u00fas\u00e1g\u00fa feladatokkal, amelyekben az a k\u00f6z\u00f6s, hogy a zene \u00fctem\u00e9re fel\u00e9nk sz\u00e1guld\u00f3 digit\u00e1lis labd\u00e1kat kell sz\u00e9t\u00fctn\u00fcnk a k\u00e9t kez\u00fcnkkel. Az \u00fct\u00e9sek ir\u00e1nya \u00e9s ereje is sz\u00e1m\u00edt, n\u00e9ha pedig f\u00e9lrehajolnunk \u00e9s guggolnunk is kell.<\/p>\n\n\n\n<figure class=\"wp-block-embed-youtube wp-block-embed is-type-video is-provider-youtube wp-embed-aspect-16-9 wp-has-aspect-ratio\"><div class=\"wp-block-embed__wrapper\">\nhttps:\/\/www.youtube.com\/watch?v=65pBq9qF9GQ\n<\/div><\/figure>\n\n\n\n<p class=\"has-text-align-justify\">Nem v\u00e9letlen\u00fcl eml\u00e9keztethet ez sokakat a Beat Saberre: nagyon hasonl\u00edt, csak f\u00e9nykardok helyett boxerekkel, a j\u00e1t\u00e9kmenet pedig ment\u00e1lisan sokkal k\u00f6nnyebb, fizikailag pedig sokkal nehezebb: nem ig\u00e9nyel akkora koncentr\u00e1ci\u00f3t tartani az \u00fctemet, viszont tisztess\u00e9gesen megdolgoztat. H\u00fasz perc alatt teljesen leizzasztja az embert. A grafika sz\u00e9p, a kontrollerek \u00e9s a headset mozg\u00e1s\u00e1t t\u00f6k\u00e9letesen k\u00f6veti a j\u00e1t\u00e9k, a zen\u00e9k pedig m\u0171fajonk\u00e9nt testre szabhat\u00f3ak, vagy ak\u00e1r hagyhatjuk is, hogy vegyesen k\u00f6vess\u00e9k egym\u00e1st a sz\u00e1mok.<\/p>\n\n\n\n<h2 class=\"wp-block-heading\">Beat Saber<\/h2>\n\n\n\n<p class=\"has-text-align-justify\">Ha csak egy VR-j\u00e1t\u00e9kr\u00f3l hallott\u00e1l, akkor az val\u00f3sz\u00edn\u0171leg a Beat Saber, nem v\u00e9letlen\u00fcl. Pofonegyszer\u0171 \u00f6tlet, zseni\u00e1lisan kidolgozott j\u00e1t\u00e9kmenet, lehengerl\u0151 kih\u00edv\u00e1s \u2013 m\u00e1r a legk\u00f6nnyebb fokozat sem egyszer\u0171, Expert szinten pedig a legprofibb ritmusj\u00e1t\u00e9kosokat is megizzasztja, sz\u00f3 szerint. Ez ut\u00f3bbi miatt \u00e9rdekes sz\u00e1munkra.<\/p>\n\n\n\n<figure class=\"wp-block-embed-youtube wp-block-embed is-type-video is-provider-youtube wp-embed-aspect-16-9 wp-has-aspect-ratio\"><div class=\"wp-block-embed__wrapper\">\n<iframe loading=\"lazy\" title=\"Release Trailer | Beat Saber\" width=\"900\" height=\"506\" src=\"https:\/\/www.youtube.com\/embed\/vL39Sg2AqWg?feature=oembed\" frameborder=\"0\" allow=\"accelerometer; autoplay; clipboard-write; encrypted-media; gyroscope; picture-in-picture; web-share\" referrerpolicy=\"strict-origin-when-cross-origin\" allowfullscreen><\/iframe>\n<\/div><\/figure>\n\n\n\n<p class=\"has-text-align-justify\">Ritk\u00e1n eml\u00edtik fitneszj\u00e1t\u00e9kk\u00e9nt a Beat Sabert, amelyben f\u00e9nykardokkal kell megfelel\u0151 sz\u00edn\u0171 dobozokat kaszabolnunk a megfelel\u0151 ir\u00e1nyban, megfelel\u0151 \u00fctemre \u2013 pedig egy-egy nehezebb p\u00e1lya \u00fagy \u00e1tmozgatja az embert, ahogy arra a direkt edz\u00e9sprogramk\u00e9nt kifejlesztett appok sem felt\u00e9tlen\u00fcl k\u00e9pesek. R\u00e1ad\u00e1sul nem csak oldalra \u00e9s lefele hajolgatnunk, illetve pontos mozdulatokkal hadon\u00e1sznunk kell, hanem annyira koncentr\u00e1lnunk is, hogy az m\u00e1r \u00f6nmag\u00e1ban jelent\u0151s mennyis\u00e9g\u0171 kal\u00f3ri\u00e1t \u00e9get. A Beat Saber k\u00f6telez\u0151 mindenkinek, aki rendelkezik VR-headsettel, f\u00e9lig a fitneszfaktor miatt, f\u00e9lig meg az\u00e9rt, mert iszonyatosan sz\u00f3rakoztat\u00f3 j\u00e1t\u00e9k.<\/p>\n\n\n\n<h2 class=\"wp-block-heading\">Pistol Whip<\/h2>\n\n\n\n<p class=\"has-text-align-justify\">\u00dajabb ritmusj\u00e1t\u00e9k, ez\u00fattal azonban helyv\u00e1ltoztat\u00f3 mozg\u00e1st is v\u00e9gz\u00fcnk \u2013 konkr\u00e9tan sz\u00e1guldozunk \u2013 fegyveres ellenfelekkel telepakolt p\u00e1ly\u00e1n, \u0151ket j\u00f3l ir\u00e1nyzott pisztolyl\u00f6v\u00e9sekkel kell leter\u00edten\u00fcnk. A Pistol Whip ezzel egy\u00fctt sem v\u00e9res, eszt\u00e9tikailag ink\u00e1bb a (szint\u00e9n zseni\u00e1lis) Super Hot VR-ra eml\u00e9keztet.<\/p>\n\n\n\n<figure class=\"wp-block-embed-youtube wp-block-embed is-type-video is-provider-youtube wp-embed-aspect-16-9 wp-has-aspect-ratio\"><div class=\"wp-block-embed__wrapper\">\n<iframe loading=\"lazy\" title=\"Pistol Whip - VR Launch Trailer | Oculus Quest, PC VR\" width=\"900\" height=\"506\" src=\"https:\/\/www.youtube.com\/embed\/KUwzpaReU5g?feature=oembed\" frameborder=\"0\" allow=\"accelerometer; autoplay; clipboard-write; encrypted-media; gyroscope; picture-in-picture; web-share\" referrerpolicy=\"strict-origin-when-cross-origin\" allowfullscreen><\/iframe>\n<\/div><\/figure>\n\n\n\n<p class=\"has-text-align-justify\">A zen\u00e9k j\u00f3k, a ritmus k\u00edm\u00e9letlen, a p\u00e1ly\u00e1k kell\u0151en megizzasztanak, k\u00f6zben r\u00e1ad\u00e1sul \u00fagy \u00e9rzed magad, mint egy Schobert Norbi \u00e9s John Wick keresztez\u00e9s\u00e9b\u0151l sz\u00fcletett szuperh\u0151s. Vagy t\u00f6meggyilkos f\u0151gonosz \u2013 ahogy vessz\u00fck, a Pistol Whip \u201et\u00f6rt\u00e9nete\u201d ugyanis el\u00e9g sok mindent a fant\u00e1zi\u00e1dra b\u00edz.<\/p>\n\n\n\n<h2 class=\"wp-block-heading\">Creed: Rise to Glory<\/h2>\n\n\n\n<p class=\"has-text-align-justify\">K\u00f6nt\u00f6rfalazhatunk, ameddig csak akarunk, de ideje kimondanunk: semmi nem mozgat meg \u00fagy (a virtu\u00e1lis val\u00f3s\u00e1gon innen \u00e9s t\u00fal), mint egy kiad\u00f3s bokszmeccs. Vagy mondjuk h\u00e1rom-n\u00e9gy. Egym\u00e1s ut\u00e1n. A j\u00f3l eltal\u00e1lt bokszj\u00e1t\u00e9kokat j\u00e1tszva \u00fagy \u00e9rezheti az ember, hogy a VR-technol\u00f3gi\u00e1t erre tal\u00e1lt\u00e1k ki: hogy m\u00e1sokat verj\u00fcnk vele lil\u00e1ra, persze keszty\u0171s k\u00e9zzel. Ebben k\u00e9ts\u00e9gk\u00edv\u00fcl van valami.<\/p>\n\n\n\n<figure class=\"wp-block-embed-youtube wp-block-embed is-type-video is-provider-youtube wp-embed-aspect-16-9 wp-has-aspect-ratio\"><div class=\"wp-block-embed__wrapper\">\n<iframe loading=\"lazy\" title=\"Creed: Rise to Glory - Launch Trailer\" width=\"900\" height=\"506\" src=\"https:\/\/www.youtube.com\/embed\/QgrKn6LXt8c?feature=oembed\" frameborder=\"0\" allow=\"accelerometer; autoplay; clipboard-write; encrypted-media; gyroscope; picture-in-picture; web-share\" referrerpolicy=\"strict-origin-when-cross-origin\" allowfullscreen><\/iframe>\n<\/div><\/figure>\n\n\n\n<p class=\"has-text-align-justify\">A Creed ink\u00e1bb kezd\u0151knek sz\u00f3l\u00f3, de egy cs\u00f6ppet sem buta vagy t\u00fal egyszer\u0171 j\u00e1t\u00e9k. Az\u00e9rt aj\u00e1nljuk els\u0151k\u00e9nt ezt, mert a grafika tetszet\u0151s, a j\u00e1t\u00e9kmenet sz\u00e9p egyens\u00falyban van az \u00e1rk\u00e1d \u00e9s a szimul\u00e1ci\u00f3 k\u00f6z\u00f6tt, az edz\u0151teremben v\u00e1ltozatos feladatok v\u00e1rnak, r\u00e1ad\u00e1sul az eg\u00e9sz a Rocky-univerzumban j\u00e1tsz\u00f3dik, ennek megfelel\u0151en m\u00e9g n\u00e9mi t\u00f6rt\u00e9nettel ell\u00e1tott karrier-\u00fczemm\u00f3d is ker\u00fclt bele. A leg\u00fajabb friss\u00edt\u00e9seknek h\u00e1la pedig a Rocky-filmek h\u0151seivel \u00e9s f\u0151gonoszaival is harcolhatunk \u2013 vagy \u00e9ppen az \u0151 b\u0151r\u00fckben.<\/p>\n\n\n\n<h2 class=\"wp-block-heading\">Thrill of the Fight<\/h2>\n\n\n\n<p class=\"has-text-align-justify\">A bokszj\u00e1t\u00e9kok \u201eold G\u201d-je, az eredeti, az az\u00f3ta is fel\u00fclm\u00falhatatlan, \u00e9s \u2013 nem mellesleg \u2013 a maga t\u00edzdoll\u00e1ros \u00e1r\u00e1val a legolcs\u00f3bb. A Thrill of the Fight eredetileg egy p\u00e1rf\u0151s, bokszrajong\u00f3 fejleszt\u0151csapat munk\u00e1ja volt (s\u0151t, az els\u0151 verzi\u00f3t konkr\u00e9tan egy ember k\u00e9sz\u00edtette), \u00e9s ez egy kicsit l\u00e1tszik is rajta, a grafika \u00e9s a hangeffektek bizony finoman sz\u00f3lva egyszer\u0171ek. \u00c1m ezt azonnal elfelejted majd, ahogy besz\u00e1llsz a ringbe.<\/p>\n\n\n\n<figure class=\"wp-block-embed-youtube wp-block-embed is-type-video is-provider-youtube wp-embed-aspect-16-9 wp-has-aspect-ratio\"><div class=\"wp-block-embed__wrapper\">\n<iframe loading=\"lazy\" title=\"The Thrill of the Fight  |  Oculus Quest + Rift Platform\" width=\"900\" height=\"506\" src=\"https:\/\/www.youtube.com\/embed\/eB6gYf3qd0E?feature=oembed\" frameborder=\"0\" allow=\"accelerometer; autoplay; clipboard-write; encrypted-media; gyroscope; picture-in-picture; web-share\" referrerpolicy=\"strict-origin-when-cross-origin\" allowfullscreen><\/iframe>\n<\/div><\/figure>\n\n\n\n<p class=\"has-text-align-justify\">A Thrill\u2026 ugyanis a lehet\u0151 legpontosabb, leg\u00e9leth\u0171bb \u00e9s \u00e9ppen ez\u00e9rt legizgalmasabb bokszj\u00e1t\u00e9k, ahol minden rajtad m\u00falik, a v\u00e9dekez\u0151 mozdulataidon \u00e9s a t\u00e1mad\u00e1saidon. Az \u00fct\u00e9seket pontosan \u00e9s azonnal regisztr\u00e1lja, az ellenfelek kitart\u00f3ak \u00e9s kem\u00e9nyek, a m\u00e1sodik menet v\u00e9g\u00e9re pedig folyik majd r\u00f3lad a v\u00edz. De h\u00e1t pont ez a l\u00e9nyeg, nem?<\/p>\n\n\n\n<h2 class=\"wp-block-heading\">Gorn<\/h2>\n\n\n\n<p class=\"has-text-align-justify\">Ez ink\u00e1bb b\u00f3nusz tartalom \u00e9s nem komoly t\u00e9tel, hiszen a Gorn t\u00e9nyleg csak j\u00f3indulattal nevezhet\u0151 fitneszj\u00e1t\u00e9knak, \u00fagy is csak akkor, ha van elegend\u0151 j\u00e1t\u00e9kt\u00e9r \u2013 mondjuk egy ar\u00e9n\u00e1nyi. A Gorn ugyanis gladi\u00e1torszimul\u00e1tor, na j\u00f3, rajzfilmszer\u0171 gladi\u00e1torpar\u00f3dia, annyi elmebeteg \u00f6tlettel, po\u00e9nnal \u00e9s j\u00e1t\u00e9kmenetbeli meglepet\u00e9ssel, hogy az h\u00e1rom m\u00e1sik j\u00e1t\u00e9knak is sok lenne.<\/p>\n\n\n\n<figure class=\"wp-block-embed-youtube wp-block-embed is-type-video is-provider-youtube wp-embed-aspect-16-9 wp-has-aspect-ratio\"><div class=\"wp-block-embed__wrapper\">\n<iframe loading=\"lazy\" title=\"GORN - Launch Trailer\" width=\"900\" height=\"506\" src=\"https:\/\/www.youtube.com\/embed\/wdDLoWQK8dI?feature=oembed\" frameborder=\"0\" allow=\"accelerometer; autoplay; clipboard-write; encrypted-media; gyroscope; picture-in-picture; web-share\" referrerpolicy=\"strict-origin-when-cross-origin\" allowfullscreen><\/iframe>\n<\/div><\/figure>\n\n\n\n<p class=\"has-text-align-justify\">Harcolni (\u00e9rtsd: hadon\u00e1szni), forgol\u00f3dni \u00e9s adott esetben futkosni persze kell, \u00e1m az ellenfelek olyan nevettet\u0151en b\u00e9n\u00e1k, hogy akkor is k\u00e9ptelenek lenn\u00e9nek megkergetni a j\u00e1t\u00e9kost, ha az hagyn\u00e1. Ett\u0151l m\u00e9g persze nem k\u00f6nny\u0171 j\u00e1t\u00e9k \u2013 s\u0151t \u2013, ha pedig komolyan vessz\u00fck, m\u00e9g meg is mozgat, de f\u00e1jdalmat ink\u00e1bb a rekeszizmodban \u00e9rzel majd, nem a v\u00e9gtagjaidban. Ett\u0151l persze m\u00e9g k\u00f6telez\u0151 beszerezni.<\/p>\n","protected":false},"excerpt":{"rendered":"VR-edz\u00e9s: sp\u00e1rtai temp\u00f3: dobozszeletel\u00e9s f\u00e9nykarddal, l\u00f6v\u00f6ld\u00f6z\u00e9s, boksz vagy \u00e9ppen v\u00e9rengz\u00e9s a gladi\u00e1torar\u00e9n\u00e1ban. Olvasd el teszt\u00fcnket!","protected":false},"author":22,"featured_media":12164,"comment_status":"open","ping_status":"open","sticky":false,"template":"","format":"standard","meta":{"wprm-recipe-roundup-name":"","wprm-recipe-roundup-description":"","footnotes":""},"categories":[5957,5953],"tags":[4272,2525,2113,2321,746,2070,773],"yoast_head":"<!-- This site is optimized with the Yoast SEO plugin v22.9 - https:\/\/yoast.com\/wordpress\/plugins\/seo\/ -->\n<title>Kipr\u00f3b\u00e1ltuk: a VR az egyik legkem\u00e9nyebb edz\u00e9sprogram - MediaMarkt Magazin<\/title>\n<meta name=\"description\" content=\"VR-edz\u00e9s: sp\u00e1rtai temp\u00f3: dobozszeletel\u00e9s f\u00e9nykarddal, l\u00f6v\u00f6ld\u00f6z\u00e9s, boksz vagy \u00e9ppen v\u00e9rengz\u00e9s a gladi\u00e1torar\u00e9n\u00e1ban. Olvasd el teszt\u00fcnket!\" \/>\n<meta name=\"robots\" content=\"index, follow, max-snippet:-1, max-image-preview:large, max-video-preview:-1\" \/>\n<link rel=\"canonical\" href=\"https:\/\/hir.mediamarkt.hu\/magazin\/vr-edzes\/\" \/>\n<meta property=\"og:locale\" content=\"hu_HU\" \/>\n<meta property=\"og:type\" content=\"article\" \/>\n<meta property=\"og:title\" content=\"Kipr\u00f3b\u00e1ltuk: a VR az egyik legkem\u00e9nyebb edz\u00e9sprogram - MediaMarkt Magazin\" \/>\n<meta property=\"og:description\" content=\"VR-edz\u00e9s: sp\u00e1rtai temp\u00f3: dobozszeletel\u00e9s f\u00e9nykarddal, l\u00f6v\u00f6ld\u00f6z\u00e9s, boksz vagy \u00e9ppen v\u00e9rengz\u00e9s a gladi\u00e1torar\u00e9n\u00e1ban. Olvasd el teszt\u00fcnket!\" \/>\n<meta property=\"og:url\" content=\"https:\/\/hir.mediamarkt.hu\/magazin\/vr-edzes\/\" \/>\n<meta property=\"og:site_name\" content=\"MediaMarkt Magazin\" \/>\n<meta property=\"article:publisher\" content=\"https:\/\/www.facebook.com\/MediaMarktMagyarorszag\" \/>\n<meta property=\"article:published_time\" content=\"2021-02-15T20:58:16+00:00\" \/>\n<meta property=\"article:modified_time\" content=\"2021-02-18T09:58:27+00:00\" \/>\n<meta property=\"og:image\" content=\"https:\/\/hir.mediamarkt.hu\/magazin\/wp-content\/uploads\/2021\/02\/a-VR-a-legkemenyebb-edzesprogram.png\" \/>\n\t<meta property=\"og:image:width\" content=\"1024\" \/>\n\t<meta property=\"og:image:height\" content=\"619\" \/>\n\t<meta property=\"og:image:type\" content=\"image\/png\" \/>\n<meta name=\"author\" content=\"Nemenyi\" \/>\n<meta name=\"twitter:label1\" content=\"Szerz\u0151:\" \/>\n\t<meta name=\"twitter:data1\" content=\"Nemenyi\" \/>\n\t<meta name=\"twitter:label2\" content=\"Becs\u00fclt olvas\u00e1si id\u0151\" \/>\n\t<meta name=\"twitter:data2\" content=\"6 perc\" \/>\n<script type=\"application\/ld+json\" class=\"yoast-schema-graph\">{\"@context\":\"https:\/\/schema.org\",\"@graph\":[{\"@type\":\"WebPage\",\"@id\":\"https:\/\/hir.mediamarkt.hu\/magazin\/vr-edzes\/\",\"url\":\"https:\/\/hir.mediamarkt.hu\/magazin\/vr-edzes\/\",\"name\":\"Kipr\u00f3b\u00e1ltuk: a VR az egyik legkem\u00e9nyebb edz\u00e9sprogram - MediaMarkt Magazin\",\"isPartOf\":{\"@id\":\"https:\/\/hir.mediamarkt.hu\/magazin\/#website\"},\"primaryImageOfPage\":{\"@id\":\"https:\/\/hir.mediamarkt.hu\/magazin\/vr-edzes\/#primaryimage\"},\"image\":{\"@id\":\"https:\/\/hir.mediamarkt.hu\/magazin\/vr-edzes\/#primaryimage\"},\"thumbnailUrl\":\"https:\/\/hir.mediamarkt.hu\/magazin\/wp-content\/uploads\/2021\/02\/a-VR-a-legkemenyebb-edzesprogram.png\",\"datePublished\":\"2021-02-15T20:58:16+00:00\",\"dateModified\":\"2021-02-18T09:58:27+00:00\",\"author\":{\"@id\":\"https:\/\/hir.mediamarkt.hu\/magazin\/#\/schema\/person\/f4a17b2dc97f2e2bf1b88a89d4ef7d05\"},\"description\":\"VR-edz\u00e9s: sp\u00e1rtai temp\u00f3: dobozszeletel\u00e9s f\u00e9nykarddal, l\u00f6v\u00f6ld\u00f6z\u00e9s, boksz vagy \u00e9ppen v\u00e9rengz\u00e9s a gladi\u00e1torar\u00e9n\u00e1ban. Olvasd el teszt\u00fcnket!\",\"breadcrumb\":{\"@id\":\"https:\/\/hir.mediamarkt.hu\/magazin\/vr-edzes\/#breadcrumb\"},\"inLanguage\":\"hu\",\"potentialAction\":[{\"@type\":\"ReadAction\",\"target\":[\"https:\/\/hir.mediamarkt.hu\/magazin\/vr-edzes\/\"]}]},{\"@type\":\"ImageObject\",\"inLanguage\":\"hu\",\"@id\":\"https:\/\/hir.mediamarkt.hu\/magazin\/vr-edzes\/#primaryimage\",\"url\":\"https:\/\/hir.mediamarkt.hu\/magazin\/wp-content\/uploads\/2021\/02\/a-VR-a-legkemenyebb-edzesprogram.png\",\"contentUrl\":\"https:\/\/hir.mediamarkt.hu\/magazin\/wp-content\/uploads\/2021\/02\/a-VR-a-legkemenyebb-edzesprogram.png\",\"width\":1024,\"height\":619},{\"@type\":\"BreadcrumbList\",\"@id\":\"https:\/\/hir.mediamarkt.hu\/magazin\/vr-edzes\/#breadcrumb\",\"itemListElement\":[{\"@type\":\"ListItem\",\"position\":1,\"name\":\"Kezd\u0151lap\",\"item\":\"https:\/\/hir.mediamarkt.hu\/magazin\/\"},{\"@type\":\"ListItem\",\"position\":2,\"name\":\"Kipr\u00f3b\u00e1ltuk: a VR az egyik legkem\u00e9nyebb edz\u00e9sprogram\"}]},{\"@type\":\"WebSite\",\"@id\":\"https:\/\/hir.mediamarkt.hu\/magazin\/#website\",\"url\":\"https:\/\/hir.mediamarkt.hu\/magazin\/\",\"name\":\"MediaMarkt Magazin\",\"description\":\"Olvass bele magazinunkba!\",\"potentialAction\":[{\"@type\":\"SearchAction\",\"target\":{\"@type\":\"EntryPoint\",\"urlTemplate\":\"https:\/\/hir.mediamarkt.hu\/magazin\/?s={search_term_string}\"},\"query-input\":\"required name=search_term_string\"}],\"inLanguage\":\"hu\"},{\"@type\":\"Person\",\"@id\":\"https:\/\/hir.mediamarkt.hu\/magazin\/#\/schema\/person\/f4a17b2dc97f2e2bf1b88a89d4ef7d05\",\"name\":\"Nemenyi\",\"image\":{\"@type\":\"ImageObject\",\"inLanguage\":\"hu\",\"@id\":\"https:\/\/hir.mediamarkt.hu\/magazin\/#\/schema\/person\/image\/\",\"url\":\"https:\/\/secure.gravatar.com\/avatar\/9470b3223c723142e66adcad803b24fe?s=96&d=mm&r=g\",\"contentUrl\":\"https:\/\/secure.gravatar.com\/avatar\/9470b3223c723142e66adcad803b24fe?s=96&d=mm&r=g\",\"caption\":\"Nemenyi\"}}]}<\/script>\n<!-- \/ Yoast SEO plugin. -->","yoast_head_json":{"title":"Kipr\u00f3b\u00e1ltuk: a VR az egyik legkem\u00e9nyebb edz\u00e9sprogram - MediaMarkt Magazin","description":"VR-edz\u00e9s: sp\u00e1rtai temp\u00f3: dobozszeletel\u00e9s f\u00e9nykarddal, l\u00f6v\u00f6ld\u00f6z\u00e9s, boksz vagy \u00e9ppen v\u00e9rengz\u00e9s a gladi\u00e1torar\u00e9n\u00e1ban. Olvasd el teszt\u00fcnket!","robots":{"index":"index","follow":"follow","max-snippet":"max-snippet:-1","max-image-preview":"max-image-preview:large","max-video-preview":"max-video-preview:-1"},"canonical":"https:\/\/hir.mediamarkt.hu\/magazin\/vr-edzes\/","og_locale":"hu_HU","og_type":"article","og_title":"Kipr\u00f3b\u00e1ltuk: a VR az egyik legkem\u00e9nyebb edz\u00e9sprogram - MediaMarkt Magazin","og_description":"VR-edz\u00e9s: sp\u00e1rtai temp\u00f3: dobozszeletel\u00e9s f\u00e9nykarddal, l\u00f6v\u00f6ld\u00f6z\u00e9s, boksz vagy \u00e9ppen v\u00e9rengz\u00e9s a gladi\u00e1torar\u00e9n\u00e1ban. Olvasd el teszt\u00fcnket!","og_url":"https:\/\/hir.mediamarkt.hu\/magazin\/vr-edzes\/","og_site_name":"MediaMarkt Magazin","article_publisher":"https:\/\/www.facebook.com\/MediaMarktMagyarorszag","article_published_time":"2021-02-15T20:58:16+00:00","article_modified_time":"2021-02-18T09:58:27+00:00","og_image":[{"width":1024,"height":619,"url":"https:\/\/hir.mediamarkt.hu\/magazin\/wp-content\/uploads\/2021\/02\/a-VR-a-legkemenyebb-edzesprogram.png","type":"image\/png"}],"author":"Nemenyi","twitter_misc":{"Szerz\u0151:":"Nemenyi","Becs\u00fclt olvas\u00e1si id\u0151":"6 perc"},"schema":{"@context":"https:\/\/schema.org","@graph":[{"@type":"WebPage","@id":"https:\/\/hir.mediamarkt.hu\/magazin\/vr-edzes\/","url":"https:\/\/hir.mediamarkt.hu\/magazin\/vr-edzes\/","name":"Kipr\u00f3b\u00e1ltuk: a VR az egyik legkem\u00e9nyebb edz\u00e9sprogram - MediaMarkt Magazin","isPartOf":{"@id":"https:\/\/hir.mediamarkt.hu\/magazin\/#website"},"primaryImageOfPage":{"@id":"https:\/\/hir.mediamarkt.hu\/magazin\/vr-edzes\/#primaryimage"},"image":{"@id":"https:\/\/hir.mediamarkt.hu\/magazin\/vr-edzes\/#primaryimage"},"thumbnailUrl":"https:\/\/hir.mediamarkt.hu\/magazin\/wp-content\/uploads\/2021\/02\/a-VR-a-legkemenyebb-edzesprogram.png","datePublished":"2021-02-15T20:58:16+00:00","dateModified":"2021-02-18T09:58:27+00:00","author":{"@id":"https:\/\/hir.mediamarkt.hu\/magazin\/#\/schema\/person\/f4a17b2dc97f2e2bf1b88a89d4ef7d05"},"description":"VR-edz\u00e9s: sp\u00e1rtai temp\u00f3: dobozszeletel\u00e9s f\u00e9nykarddal, l\u00f6v\u00f6ld\u00f6z\u00e9s, boksz vagy \u00e9ppen v\u00e9rengz\u00e9s a gladi\u00e1torar\u00e9n\u00e1ban. Olvasd el teszt\u00fcnket!","breadcrumb":{"@id":"https:\/\/hir.mediamarkt.hu\/magazin\/vr-edzes\/#breadcrumb"},"inLanguage":"hu","potentialAction":[{"@type":"ReadAction","target":["https:\/\/hir.mediamarkt.hu\/magazin\/vr-edzes\/"]}]},{"@type":"ImageObject","inLanguage":"hu","@id":"https:\/\/hir.mediamarkt.hu\/magazin\/vr-edzes\/#primaryimage","url":"https:\/\/hir.mediamarkt.hu\/magazin\/wp-content\/uploads\/2021\/02\/a-VR-a-legkemenyebb-edzesprogram.png","contentUrl":"https:\/\/hir.mediamarkt.hu\/magazin\/wp-content\/uploads\/2021\/02\/a-VR-a-legkemenyebb-edzesprogram.png","width":1024,"height":619},{"@type":"BreadcrumbList","@id":"https:\/\/hir.mediamarkt.hu\/magazin\/vr-edzes\/#breadcrumb","itemListElement":[{"@type":"ListItem","position":1,"name":"Kezd\u0151lap","item":"https:\/\/hir.mediamarkt.hu\/magazin\/"},{"@type":"ListItem","position":2,"name":"Kipr\u00f3b\u00e1ltuk: a VR az egyik legkem\u00e9nyebb edz\u00e9sprogram"}]},{"@type":"WebSite","@id":"https:\/\/hir.mediamarkt.hu\/magazin\/#website","url":"https:\/\/hir.mediamarkt.hu\/magazin\/","name":"MediaMarkt Magazin","description":"Olvass bele magazinunkba!","potentialAction":[{"@type":"SearchAction","target":{"@type":"EntryPoint","urlTemplate":"https:\/\/hir.mediamarkt.hu\/magazin\/?s={search_term_string}"},"query-input":"required name=search_term_string"}],"inLanguage":"hu"},{"@type":"Person","@id":"https:\/\/hir.mediamarkt.hu\/magazin\/#\/schema\/person\/f4a17b2dc97f2e2bf1b88a89d4ef7d05","name":"Nemenyi","image":{"@type":"ImageObject","inLanguage":"hu","@id":"https:\/\/hir.mediamarkt.hu\/magazin\/#\/schema\/person\/image\/","url":"https:\/\/secure.gravatar.com\/avatar\/9470b3223c723142e66adcad803b24fe?s=96&d=mm&r=g","contentUrl":"https:\/\/secure.gravatar.com\/avatar\/9470b3223c723142e66adcad803b24fe?s=96&d=mm&r=g","caption":"Nemenyi"}}]}},"_links":{"self":[{"href":"https:\/\/hir.mediamarkt.hu\/magazin\/wp-json\/wp\/v2\/posts\/12157"}],"collection":[{"href":"https:\/\/hir.mediamarkt.hu\/magazin\/wp-json\/wp\/v2\/posts"}],"about":[{"href":"https:\/\/hir.mediamarkt.hu\/magazin\/wp-json\/wp\/v2\/types\/post"}],"author":[{"embeddable":true,"href":"https:\/\/hir.mediamarkt.hu\/magazin\/wp-json\/wp\/v2\/users\/22"}],"replies":[{"embeddable":true,"href":"https:\/\/hir.mediamarkt.hu\/magazin\/wp-json\/wp\/v2\/comments?post=12157"}],"version-history":[{"count":4,"href":"https:\/\/hir.mediamarkt.hu\/magazin\/wp-json\/wp\/v2\/posts\/12157\/revisions"}],"predecessor-version":[{"id":12167,"href":"https:\/\/hir.mediamarkt.hu\/magazin\/wp-json\/wp\/v2\/posts\/12157\/revisions\/12167"}],"wp:featuredmedia":[{"embeddable":true,"href":"https:\/\/hir.mediamarkt.hu\/magazin\/wp-json\/wp\/v2\/media\/12164"}],"wp:attachment":[{"href":"https:\/\/hir.mediamarkt.hu\/magazin\/wp-json\/wp\/v2\/media?parent=12157"}],"wp:term":[{"taxonomy":"category","embeddable":true,"href":"https:\/\/hir.mediamarkt.hu\/magazin\/wp-json\/wp\/v2\/categories?post=12157"},{"taxonomy":"post_tag","embeddable":true,"href":"https:\/\/hir.mediamarkt.hu\/magazin\/wp-json\/wp\/v2\/tags?post=12157"}],"curies":[{"name":"wp","href":"https:\/\/api.w.org\/{rel}","templated":true}]}}