{"id":12266,"date":"2021-03-31T10:41:50","date_gmt":"2021-03-31T09:41:50","guid":{"rendered":"https:\/\/hir.mediamarkt.hu\/magazin\/?p=12266"},"modified":"2021-03-31T13:03:48","modified_gmt":"2021-03-31T12:03:48","slug":"hisense-lezerteve","status":"publish","type":"post","link":"https:\/\/hir.mediamarkt.hu\/magazin\/hisense-lezerteve\/","title":{"rendered":"H\u00e1zimozi, a sz\u00f3 legszorosabb \u00e9rtelm\u00e9ben: Hisense 100L5F l\u00e9zert\u00e9v\u00e9 teszt"},"content":{"rendered":"\n<p class=\"has-text-align-justify\"><strong>K\u00e9t \u00e9s f\u00e9l m\u00e9teres \u00e1tm\u00e9r\u0151, csod\u00e1s sz\u00ednek \u00e9s lehengerl\u0151 f\u00e9nyer\u0151, verhetetlen \u00e1ron: hi\u00e1ba ny\u00faztuk, nem engedett a mozi\u00e9lm\u00e9nyb\u0151l a Hisense l\u00e9zert\u00e9v\u00e9je.<\/strong><\/p>\n\n\n\n<p class=\"has-text-align-justify\">Akit \u00e9rdekel a k\u00e9palkot\u00e1s technol\u00f3gi\u00e1ja, annak soha nem volt olyan sz\u00f3rakoztat\u00f3 \u00e9s izgalmas a t\u00e9v\u00e9k k\u00f6z\u00fcl v\u00e1logatni \u2013 f\u00fcggetlen\u00fcl att\u00f3l, hogy csak n\u00e9zel\u0151dik, vagy v\u00e1s\u00e1rolni is szeretne, esetleg ebben a sorrendben \u2013, mint most. Akit pedig nem \u00e9rdekel, annak sosem volt olyan macer\u00e1l \u00e9s frusztr\u00e1l\u00f3. R\u00e9g v\u00e9ge ugyanis azoknak az id\u0151knek, amikor l\u00e9tezett az \u00fagynevezett T\u00c9V\u00c9, k\u00fcl\u00f6nbs\u00e9g legfeljebb m\u00e9retben, a csatlakoz\u00f3k \u00fcgy\u00e9ben (SCART \u2013 erre eml\u00e9kszik valaki?) volt, \u00e9s el lehetett cs\u00edpni egy-k\u00e9t fura szerzetet, p\u00e9ld\u00e1ul VHS- \u00e9s dvd-lej\u00e1tsz\u00f3val egybe\u00e9p\u00edtett modelleket.<\/p>\n\n\n\n<p class=\"has-text-align-justify\">Manaps\u00e1g? LED, OLED, QLED, \u00fajabban Mini-LED, VA, IPS, 4K, 8K, HDR, okos, m\u00e9g okosabb, legokosabb \u2013 aki a fentiekr\u0151l mind tudja, micsoda, annak gratul\u00e1lunk, megkapja a MediaMarkt Tudatos V\u00e1s\u00e1rl\u00f3ja pecs\u00e9tet szabadon v\u00e1lasztott testr\u00e9sz\u00e9re, igaz, egyel\u0151re csak virtu\u00e1lisan. Aki nem tudja, nos, azoknak rossz h\u00edr\u00fcnk van: sajnos k\u00e9nytelenek lesz\u00fcnk m\u00e9g jobban \u00f6sszezavarni \u0151ket, de higgy\u00e9tek el, okkal tessz\u00fck. Itt van ugyanis a l\u00e9zert\u00e9v\u00e9, amelyet oda-vissza letesztelt\u00fck, most pedig k\u00f6teless\u00e9g\u00fcnknek \u00e9rezz\u00fck, hogy ti is tudjatok a l\u00e9tez\u00e9s\u00e9r\u0151l. A <strong>Hisense 100L5F<\/strong> l\u00e9zert\u00e9v\u00e9 ugyanis a maga 100 collos, azaz t\u00f6bb mint k\u00e9t \u00e9s f\u00e9l m\u00e9teres \u00e1tm\u00e9r\u0151j\u00e9vel nem csak az egyik legnagyobb, de 1,4 milli\u00f3 forintos \u00e1r\u00e1val, h\u00e1t, ha nem is a legolcs\u00f3bb, de a legjobb \u00e1r\/\u00e9rt\u00e9k ar\u00e1ny\u00fa k\u00e9sz\u00fcl\u00e9k, amelyet valaha l\u00e1ttunk. Ez ut\u00f3bbi els\u0151re \u0151r\u00fclts\u00e9gnek hangozhat, pedig nem az: a hagyom\u00e1nyos, hasonl\u00f3 min\u0151s\u00e9g\u0171 t\u00e9v\u00e9k j\u00f3val dr\u00e1g\u00e1bbak \u00e9s nem \u00e9rik el ezt a m\u00e9retet. Ahogy azt is, hogy ha m\u00e1r ennyit sz\u00e1nsz egy t\u00e9v\u00e9re (vagy nem sz\u00e1nsz, \u00e1m titokban r\u00e1nk v\u00e1rt\u00e1l, hogy meggy\u0151zz\u00fcnk: \u00e9rdemes lenne), akkor bizony el kell gondolkodnod, hogy l\u00e9zersugarakba fektesd-e a v\u00e9res verejt\u00e9kkel megsp\u00f3rolt p\u00e9nzed. L\u00e1ssunk is hozz\u00e1.<\/p>\n\n\n\n<p class=\"has-text-align-justify\">A Hisense 100L5F l\u00e9zert\u00e9v\u00e9 nem csak a falon ig\u00e9nyel helyet: a speci\u00e1lis kijelz\u0151re egy tekint\u00e9lyes m\u00e9ret\u0171, hangsug\u00e1rz\u00f3val, l\u00e9zerf\u00e9nyforr\u00e1ssal \u00e9s okost\u00e9v\u00e9-rendszerrel ell\u00e1tott projektor vet\u00edti a k\u00e9pet, m\u00e9ghozz\u00e1 (szerencs\u00e9re) ak\u00e1r nagyon \u00e9les sz\u00f6gben, eg\u00e9szen k\u00f6zelr\u0151l-alulr\u00f3l, \u00fagy, hogy a k\u00e9p min\u0151s\u00e9g\u00e9n nyoma sem lesz az ebb\u0151l ad\u00f3d\u00f3 er\u0151s perspekt\u00edvakorrekci\u00f3nak. Tudnod kell azonban, hogy a teljes rendszert \u00f6sszeszerelni j\u00f3val bonyolultabb \u00e9s haszn\u00e1lata is ig\u00e9nyel n\u00e9mi k\u00f6r\u00fcltekint\u00e9st, sz\u00f3 sincs teh\u00e1t sem a \u201ekibontom, bekapcsolom \u00e9s m\u0171k\u00f6dik\u201d-jelleg\u0171 p\u00e1r perces \u00fczembe helyez\u00e9snek, amit az okost\u00e9v\u00e9k vil\u00e1g\u00e1b\u00f3l ismer\u00fcnk, sem a projektorok k\u00f6rny\u00e9k\u00e9r\u0151l ismer\u0151s \u201efelf\u00farom a plafonra, r\u00e1ir\u00e1ny\u00edtom a feh\u00e9r falra \u00e9s hadd sz\u00f3ljon\u201d m\u00f3dszertannak. Ezzel egy\u00fctt minden teljesen mag\u00e1t\u00f3l \u00e9rtet\u0151d\u0151, a v\u00e1szon (amely nem is v\u00e1szon, hiszen kem\u00e9ny fel\u00fcletr\u0151l besz\u00e9l\u00fcnk) r\u00f6gz\u00edt\u00e9s\u00e9t\u0151l a projektor k\u00e9p\u00e9nek finomhangol\u00e1s\u00e1ig; ut\u00f3bbi f\u00e9lig manu\u00e1lis, f\u00e9lig digit\u00e1lis, m\u00e9ghozz\u00e1 automatikus, miut\u00e1n k\u00e9r egy okostelefonnal k\u00e9sz\u00edtett k\u00e9pet a pontatlans\u00e1gokr\u00f3l. Eg\u00e9szen futurisztikus \u00e9lm\u00e9ny.<\/p>\n\n\n\n<figure class=\"wp-block-embed is-type-video is-provider-youtube wp-block-embed-youtube wp-embed-aspect-16-9 wp-has-aspect-ratio\"><div class=\"wp-block-embed__wrapper\">\n<iframe loading=\"lazy\" title=\"How to Install 100L5 screen --  Hisense LASER TV\" width=\"900\" height=\"506\" src=\"https:\/\/www.youtube.com\/embed\/Iy_hCiLL8Yk?feature=oembed\" frameborder=\"0\" allow=\"accelerometer; autoplay; clipboard-write; encrypted-media; gyroscope; picture-in-picture; web-share\" referrerpolicy=\"strict-origin-when-cross-origin\" allowfullscreen><\/iframe>\n<\/div><\/figure>\n\n\n\n<p>A jogos k\u00e9rd\u00e9sre, hogy<\/p>\n\n\n\n<blockquote class=\"wp-block-quote\"><p>akkor ez most t\u00e9v\u00e9 vagy projektor?<\/p><\/blockquote>\n\n\n\n<p class=\"has-text-align-justify\">az a v\u00e1lasz, hogy mindkett\u0151 \u00e9s egyik sem. Igaz, hogy maga a k\u00e9p egy k\u00fcl\u00f6n sug\u00e1rz\u00f3 egys\u00e9gb\u0151l sz\u00e1rmazik, ezt h\u00edvhatjuk ak\u00e1r projektornak is, \u00e1m ez az egys\u00e9g egyr\u00e9szt l\u00e9zersugarakat haszn\u00e1l (m\u00e9ghozz\u00e1 k\u00e9t sz\u00ednben, ezeket \u00fcgyesen keverve hozza l\u00e9tre a hagyom\u00e1nyos v\u00f6r\u00f6s-z\u00f6ld-k\u00e9k feloszt\u00e1st), amely sokkal prec\u00edzebb \u00e9s tiszt\u00e1bb k\u00e9pet eredm\u00e9nyez, mint amire b\u00e1rmely hagyom\u00e1nyos izz\u00f3 \u00e9s lencse alap\u00fa projektor k\u00e9pes. M\u00e1sr\u00e9szt a fel\u00fclet sem lehet ak\u00e1rmi, a felt\u00e9telek szigor\u00fabbak m\u00e9g a cinefil projektorrajong\u00f3k elv\u00e1r\u00e1sain\u00e1l is: kiz\u00e1r\u00f3lag a gy\u00e1rt\u00f3 \u00e1ltal mell\u00e9kelt keretbe helyezhet\u0151 \u00e9s falra f\u00farhat\u00f3, fixen 100 collos kijelz\u0151 haszn\u00e1lhat\u00f3. (Ha nagyon szeretn\u00e9nk, pr\u00f3b\u00e1lkozhatunk persze m\u00e1ssal is, ak\u00e1r sima feh\u00e9r fallal, bajunk nem lesz bel\u0151le, de az eredm\u00e9ny k\u00f6z\u00e9pkori eredet\u0171 magyar sz\u00f3val \u00e9lve szuboptim\u00e1lis lesz.) A pontos \u00e9s er\u0151teljes f\u00e9nyvisszaver\u00e9s\u00e9rt, illetve a k\u00f6rnyezeti f\u00e9nyek elnyel\u00e9s\u00e9\u00e9rt felel\u0151s fel\u00fclet val\u00f3ban meggy\u0151z\u0151: a sz\u00e9ls\u0151s\u00e9geket lesz\u00e1m\u00edtva minden sz\u00f6gb\u0151l pontosan azt ny\u00fajtja, amit a t\u00e9v\u00e9n l\u00e1that\u00f3 tartalom alkot\u00f3ja \u00e1t szeretett volna adni (felt\u00e9ve, hogy megfelel\u0151en kalibr\u00e1ltuk a k\u00e9sz\u00fcl\u00e9ket, ebben term\u00e9szetesen teljes szabads\u00e1got kapunk), \u00e9s legfeljebb a k\u00f6zeli, falra mer\u0151leges fel\u00fcletekre sziv\u00e1rog \u00e1t a f\u00e9ny, az sem zavar\u00f3. Ha a v\u00e1szon k\u00f6zel\u00e9ben nincs semmi a falon, az \u00e9lm\u00e9ny zavartalan lesz.<\/p>\n\n\n\n<figure class=\"wp-block-image is-style-default\"><img loading=\"lazy\" decoding=\"async\" width=\"1440\" height=\"960\" src=\"https:\/\/hir.mediamarkt.hu\/magazin\/wp-content\/uploads\/2021\/03\/DSC_8578.jpg\" alt=\"Hisense 100L5F\" class=\"wp-image-12268\" srcset=\"https:\/\/hir.mediamarkt.hu\/magazin\/wp-content\/uploads\/2021\/03\/DSC_8578.jpg 1440w, https:\/\/hir.mediamarkt.hu\/magazin\/wp-content\/uploads\/2021\/03\/DSC_8578-300x200.jpg 300w, https:\/\/hir.mediamarkt.hu\/magazin\/wp-content\/uploads\/2021\/03\/DSC_8578-1024x682.jpg 1024w, https:\/\/hir.mediamarkt.hu\/magazin\/wp-content\/uploads\/2021\/03\/DSC_8578-275x183.jpg 275w, https:\/\/hir.mediamarkt.hu\/magazin\/wp-content\/uploads\/2021\/03\/DSC_8578-768x512.jpg 768w, https:\/\/hir.mediamarkt.hu\/magazin\/wp-content\/uploads\/2021\/03\/DSC_8578-1536x1024.jpg 1536w\" sizes=\"(max-width: 1440px) 100vw, 1440px\" \/><\/figure>\n\n\n\n<p>T\u00e9rj\u00fcnk is a l\u00e9nyegre:<\/p>\n\n\n\n<h2 class=\"wp-block-heading\">Milyen \u00e9rz\u00e9s a Hisense l\u00e9zert\u00e9v\u00e9je el\u0151tt \u00fclni?<\/h2>\n\n\n\n<p class=\"has-text-align-justify\">Eredetileg egy\u00e9bk\u00e9nt \u00e1lltunk, de az els\u0151 igazi 4K-s, HDR Netflix-k\u00e9psorokat l\u00e1tva bizony le kellett \u00fcln\u00fcnk. Az \u00e9lm\u00e9ny ugyanis eg\u00e9szen konkr\u00e9tan letagl\u00f3z\u00f3 \u2013 \u00e9s ezt a sz\u00f3t most teljesen indokoltan \u00e9s sz\u00f3 szerint \u00e9rtve haszn\u00e1ljuk. A baj legfeljebb annyi, hogy szavakkal neh\u00e9z visszaadni; tal\u00e1n az a legpontosabb, hogy igazi moziszer\u0171 \u00e9lm\u00e9nyt kaptunk.<\/p>\n\n\n\n<p class=\"has-text-align-justify\">Hogy ne csak szuperlat\u00edvuszokban besz\u00e9lj\u00fcnk, \u00e9rdemes v\u00e9gign\u00e9zni a k\u00e9sz\u00fcl\u00e9k h\u00e1tul\u00fct\u0151it \u2013 mert vannak neki, konkr\u00e9tan kett\u0151, egyik sem s\u00falyos, ink\u00e1bb apr\u00f3bb kompromisszumok ezek. El\u0151sz\u00f6r is: ahogy eml\u00edtett\u00fck, k\u00fcl\u00f6n hely kell a projektor egys\u00e9gnek, amely \u00f6nmag\u00e1ban sem kis j\u00f3sz\u00e1g. Az\u00e9rt nem \u00e9rezz\u00fck ezt k\u00fcl\u00f6n\u00f6sebb h\u00e1tr\u00e1nynak, mert aki 100 collos t\u00e9v\u00e9t szeretne a nappalij\u00e1ba, annak nyilv\u00e1n van is akkora nappalija, hogy nem lesz majd tan\u00e1cstalan, hogy hova ker\u00fclj\u00f6n. A megadott magass\u00e1gban \u00e9s t\u00e1vols\u00e1gban b\u00e1rmilyen polc megteszi a v\u00e1szon el\u0151tt\/alatt; legfeljebb arra kell figyelni, hogy v\u00e9letlen\u00fcl se mozd\u00edtsuk meg, ha egyszer elhelyezt\u00fck \u00e9s a finomhangolhat\u00f3 l\u00e1bacsk\u00e1k seg\u00edts\u00e9g\u00e9vel megtal\u00e1ltuk a v\u00edzszintes poz\u00edci\u00f3t; \u00e9ppen ez\u00e9rt a legjobb, ha a plafonra f\u00farjuk. Ezzel annak is az elej\u00e9t vehetj\u00fck, hogy b\u00e1rki v\u00e9letlen\u00fcl belen\u00e9zzen a l\u00e9zersugarakba \u2013 a Hisense egy\u00e9bk\u00e9nt gondoskodott egy biztons\u00e1gi funkci\u00f3r\u00f3l, ha a projektor mozg\u00e1st \u00e9rz\u00e9kel a f\u00e9nyforr\u00e1s k\u00f6r\u00fcl, automatikusan cs\u00f6kkenti annak f\u00e9nyerej\u00e9t, majd teljesen ki is kapcsolja, ha pedig elm\u00falt a \u201evesz\u00e9ly\u201d automatikusan bekapcsolja. Ez a gy\u00e1rt\u00f3i figyelmess\u00e9g egy\u00e9bk\u00e9nt sz\u00e9pen illusztr\u00e1lja, micsoda m\u0171gonddal rakta \u00f6ssze az eszk\u00f6zt a Hisense.<\/p>\n\n\n\n<p class=\"has-text-align-justify\">A m\u00e1sik negat\u00edvum, hogy a feket\u00e9k nem vetekszenek az OLED-t\u00e9v\u00e9k k\u00e9p\u00e9vel, ink\u00e1bb egy hagyom\u00e1nyos LCD-t\u00e9v\u00e9re eml\u00e9keztetnek, amelyen kikapcsolt\u00e1k a lok\u00e1lis s\u00f6t\u00e9t\u00edt\u00e9st (Local Dimming), sz\u00f3val ahol feket\u00e9nek kell lennie, az ink\u00e1bb nagyon-nagyon s\u00f6t\u00e9t sz\u00fcrke. Ez cs\u00fany\u00e1n hangzik, m\u00e9gsem komoly \u00e9rv\u00e1g\u00e1s. Eleve csak teljesen s\u00f6t\u00e9t szob\u00e1ban lehet kiss\u00e9 zavar\u00f3, az emberi szem r\u00e1ad\u00e1sul nagyon k\u00f6nnyen \u201e\u00e1t\u00e1ll\u201d erre \u00e9s feketek\u00e9nt \u00e9rtelmezi, amit a tartalomgy\u00e1rt\u00f3 feket\u00e9nek sz\u00e1nt; a n\u00e9z\u0151 cser\u00e9be h\u00e1l\u00e1s lesz a brut\u00e1lis f\u00e9nyer\u0151\u00e9rt, amit az OLED hagyom\u00e1nyosan k\u00e9ptelen produk\u00e1lni. Emelj\u00fck a t\u00e9tet: mit sz\u00f3ln\u00e1l, ha azt mondan\u00e1nk, hogy a moziv\u00e1sznon sincs igazi fekete? Ha nem hiszed, ir\u00e1ny a mozi \u00e9s v\u00e1lts jegyet egy horrorfilmre vagy \u0171rben j\u00e1tsz\u00f3d\u00f3 sci-fire, amelyben bor\u00edt\u00e9kolhat\u00f3an sok a fekete. Ja, bocs\u00e1nat, majd\u2019 elfelejtettem, hogy nincsenek mozik, ami rettenetes \u00e9rv\u00e1g\u00e1s mindannyiunknak. Vagyis annyira m\u00e9gsem rettenetes.<\/p>\n\n\n\n<p class=\"has-text-align-justify\">A Hisense l\u00e9zert\u00e9v\u00e9je ugyanis ebben a legjobb: mozi\u00e9lm\u00e9nyt hozza el, kompromisszumok n\u00e9lk\u00fcl. Persze, tudjuk, hogy hatalmas k\u00f6zhely ez, nagyj\u00e1b\u00f3l a lapost\u00e9v\u00e9k bemutat\u00e1sa \u00f3ta azzal j\u00f6n minden egyes gy\u00e1rt\u00f3, hogy a nappalidba hozza a mozit, de ezt most t\u00e9nyleg komolyan gondoljuk: ennyire \u201emoziszer\u0171\u201d \u00e9lm\u00e9nyt mozitermen k\u00edv\u00fcl m\u00e9g nem tapasztaltunk. Mindezt \u00fagy \u00e1ll\u00edtjuk, hogy (ezt lehet, hogy nem kellene el\u00e1rulnunk, de a teljes k\u00e9phez hozz\u00e1tartozik) a MediaMarkt egyik konyh\u00e1j\u00e1t alak\u00edtottuk \u00e1t tesztszob\u00e1v\u00e1, azaz a k\u00f6r\u00fclm\u00e9nyek nem is lehettek volna enn\u00e9l kev\u00e9sb\u00e9 moziszer\u0171ek \u2013 \u00e9s m\u00e9gis \u00e1tj\u00f6tt, aminek \u00e1t kellett j\u00f6nnie.<\/p>\n\n\n\n<figure class=\"wp-block-image is-style-default\"><img loading=\"lazy\" decoding=\"async\" width=\"1440\" height=\"960\" src=\"https:\/\/hir.mediamarkt.hu\/magazin\/wp-content\/uploads\/2021\/03\/DSC_8582.jpg\" alt=\"Hisense 100L5F\" class=\"wp-image-12269\" srcset=\"https:\/\/hir.mediamarkt.hu\/magazin\/wp-content\/uploads\/2021\/03\/DSC_8582.jpg 1440w, https:\/\/hir.mediamarkt.hu\/magazin\/wp-content\/uploads\/2021\/03\/DSC_8582-300x200.jpg 300w, https:\/\/hir.mediamarkt.hu\/magazin\/wp-content\/uploads\/2021\/03\/DSC_8582-1024x682.jpg 1024w, https:\/\/hir.mediamarkt.hu\/magazin\/wp-content\/uploads\/2021\/03\/DSC_8582-275x183.jpg 275w, https:\/\/hir.mediamarkt.hu\/magazin\/wp-content\/uploads\/2021\/03\/DSC_8582-768x512.jpg 768w, https:\/\/hir.mediamarkt.hu\/magazin\/wp-content\/uploads\/2021\/03\/DSC_8582-1536x1024.jpg 1536w\" sizes=\"(max-width: 1440px) 100vw, 1440px\" \/><\/figure>\n\n\n\n<p class=\"has-text-align-justify\">Aminek ugyanis egy fels\u0151kateg\u00f3ri\u00e1s t\u00e9v\u00e9n rendben kell lennie, az itt is rendben van: a sz\u00ednvisszaad\u00e1s szinte t\u00f6k\u00e9letes, hi\u00e1ba k\u00e9t sz\u00ednb\u0151l kever h\u00e1rmat a l\u00e9zerprojektor, mindh\u00e1rom alapsz\u00edn tiszta \u00e9s pontos volt, term\u00e9szetellenes szatur\u00e1ci\u00f3nak, maszatol\u00e1snak nyoma sem volt. A k\u00e9p uniformit\u00e1sa is p\u00e9ld\u00e1s, a homog\u00e9n fel\u00fcletek megjelen\u00edt\u00e9se egys\u00e9ges, nincsenek indokolatlanul s\u00f6t\u00e9tebb \u00e9s vil\u00e1gosabb k\u00e9pr\u00e9szletek. A Hisense 100L5F r\u00e1ad\u00e1sul f\u00e9nyer\u0151s, m\u00e9ghozz\u00e1 nagyon: pontos lumen-\u00e9rt\u00e9keket nem m\u00e9rt\u00fcnk ugyan (a gy\u00e1rt\u00f3 2700 lument \u00edg\u00e9r, \u00e9s ezt el is hissz\u00fck nekik), de \u00fagy tippelt\u00fck, egy kateg\u00f3ri\u00e1ban van a Samsung legjobb, h\u00edresen f\u00e9nyes QLED-modelljeivel. Am\u00edg a nap nem t\u0171z k\u00f6zvetlen\u00fcl a kijelz\u0151re, b\u00e1rmikor b\u00e1tran n\u00e9zhet\u00fcnk b\u00e1rmilyen tartalmat.<\/p>\n\n\n\n<p class=\"has-text-align-justify\">A felbont\u00e1s term\u00e9szetesen 4K, a sz\u00ednek pedig k\u00fcl\u00f6nb\u00f6z\u0151 HDR-form\u00e1tumokban t\u00fcnd\u00f6k\u00f6lnek; igaz, a nagy dinamikatartom\u00e1ny\u00fa tartalmak visszafogottabban n\u00e9znek ki, mint egy dr\u00e1g\u00e1bb hagyom\u00e1nyos LED-t\u00e9v\u00e9n, az \u00f6sszhat\u00e1s azonban ink\u00e1bb term\u00e9szetes, hi\u00e1nyzik bel\u0151le minden hat\u00e1svad\u00e1szat \u2013 sz\u00f3val igazi cinefil t\u00e9v\u00e9 ez. Mindezt term\u00e9szetesen t\u00fckr\u00f6z\u0151d\u00e9s n\u00e9lk\u00fcl produk\u00e1lja, azaz a k\u00f6rnyezeti f\u00e9nyek m\u00e9g annyira sem zavarnak be, mint a matt fel\u00fclettel ell\u00e1tott t\u00e9v\u00e9k \u00e9s monitorok eset\u00e9ben. A l\u00e9zerf\u00e9ny tisztas\u00e1g\u00e1r\u00f3l az X-FUSION technol\u00f3gia gondoskodik; l\u00e9nyege, hogy nyom\u00e1t sem tapasztaljuk majd a hagyom\u00e1nyos projektorok csapd\u00e1inak, azaz az izz\u00f3 \u00e9s lencse miatti min\u0151s\u00e9groml\u00e1snak \u00e9s optikai hib\u00e1knak. A k\u00e9p mindenhol ugyanolyan tiszta \u00e9s \u00e9les, \u00e9s mivel a l\u00e9zerf\u00e9ny sokkal, de sokkal tart\u00f3sabb \u00e9s bar\u00e1ts\u00e1gosabb a k\u00f6rnyezettel, mint a t\u00f6bbi projektor, az sem lehet ellen\u00e9rv, hogy rendszeresen szervizelni kell majd.<\/p>\n\n\n\n<p class=\"has-text-align-justify\">Nem lehet panaszunk a hangra sem, a projektor ugyanis be\u00e9p\u00edtett hangsz\u00f3r\u00f3kkal \u00e9s m\u00e9lynyom\u00f3val rendelkezik, m\u00e9ghozz\u00e1 nem is ak\u00e1rmilyenekkel: az \u00f6sszes l\u00e9tez\u0151 form\u00e1tumot megsz\u00f3laltatja, m\u00e9g a leg\u00fajabb 3D-s, objektumalap\u00fa szabv\u00e1nyt, a Dolby Atmost is. A hangz\u00e1s kerek, tel\u00edtett, sem a basszus, sem a k\u00f6z\u00e9ptartom\u00e1ny, sem a magas nem l\u00f3g ki, nem ar\u00e1nytalan \u00e9s a hanger\u0151re sem lehet panaszunk; igaz, egy ekkora k\u00e9phez \u00e9rthet\u0151 m\u00f3don kicsit sz\u0171k a surround \u00e9s az Atmos (egy projektorba \u00e9p\u00edtett megold\u00e1st\u00f3l nem is v\u00e1rhat\u00f3 el, hogy megt\u00f6ltse a szob\u00e1t, hiszen legfeljebb szimul\u00e1lni k\u00e9pes a t\u00e9rhat\u00e1st), de \u00edgy is meggy\u0151z\u0151. Ez sem negat\u00edvum: aki majd\u2019 m\u00e1sf\u00e9lmilli\u00f3\u00e9rt vesz t\u00e9v\u00e9t, az nyilv\u00e1n gondoskodik a dedik\u00e1lt er\u0151s\u00edt\u0151r\u0151l \u00e9s hangsz\u00f3r\u00f3kr\u00f3l is.<\/p>\n\n\n\n<p class=\"has-text-align-justify\">Az okost\u00e9v\u00e9-funkci\u00f3k is rendben vannak, a Hisense saj\u00e1t VIDAA U4.0 oprendszere t\u00e1mogatja az itthon is el\u00e9rhet\u0151 streaming platformokat (Netflix, Amazon Prime Video) tartalmazza, plusz a k\u00f6telez\u0151 videomegoszt\u00f3 appokat is megtal\u00e1ljuk \u00e9s term\u00e9szetesen saj\u00e1t f\u00e1jlokat is lej\u00e1tszhatunk. A dual band wifit m\u00e1r eml\u00edten\u00fcnk sem kell.<\/p>\n\n\n\n<p class=\"has-text-align-justify\">Amit viszont meg kell eml\u00edten\u00fcnk, az a gaming teljes\u00edtm\u00e9ny, amely pap\u00edron ugyan nem a legjobb (40 ezredm\u00e1sodperces k\u00e9sleltet\u00e9s\u00e9vel \u00e9s HDMI 2.0b csatlakoz\u00f3ival \u00e9ppen hogy hozza a k\u00f6telez\u0151t), \u00e9s m\u00e9gis: a Hisense l\u00e9zert\u00e9v\u00e9j\u00e9n j\u00e1tszani le\u00edrhatatlan \u00e9lm\u00e9ny. Term\u00e9szetesen ink\u00e1bb lassabb, lehet\u0151leg egyj\u00e1t\u00e9kos c\u00edmekhez aj\u00e1nljuk, az esportot \u00e9s a kompetit\u00edv j\u00e1t\u00e9kokat felejts\u00fck el, ahogy a legfeljebb 60 hz-es k\u00e9pfriss\u00edt\u00e9ssel is meg kell el\u00e9ged\u00fcnk, de Kratos, Aloy \u00e9s P\u00f3kember szab\u00e1lyosak lem\u00e1sznak a v\u00e1szonr\u00f3l. T\u00f6k\u00e9letes t\u00e1rs teh\u00e1t egy PlayStation 5 mell\u00e9.<\/p>\n\n\n\n<p class=\"has-text-align-justify\">\u00c9s \u00fagy \u00e1ltal\u00e1ban is t\u00f6k\u00e9letes t\u00e1rs: ha egyszer megtapasztalod a 100 collos l\u00e9zert\u00e9v\u00e9 erej\u00e9t, nagyon nem akar\u00f3dzik majd elengedned.<\/p>\n\n\n\n<p><a href=\"http:\/\/mediamarkt.hu\/catentry\/1329710\"><em>A k\u00e9sz\u00fcl\u00e9ket itt tudod megv\u00e1s\u00e1rolni.<\/em><\/a><\/p>\n","protected":false},"excerpt":{"rendered":"K\u00e9t \u00e9s f\u00e9l m\u00e9teres \u00e1tm\u00e9r\u0151, csod\u00e1s sz\u00ednek \u00e9s lehengerl\u0151 f\u00e9nyer\u0151, verhetetlen \u00e1ron: hi\u00e1ba ny\u00faztuk, nem engedett a mozi\u00e9lm\u00e9nyb\u0151l a Hisense l\u00e9zert\u00e9v\u00e9je.","protected":false},"author":22,"featured_media":12267,"comment_status":"open","ping_status":"open","sticky":false,"template":"","format":"standard","meta":{"wprm-recipe-roundup-name":"","wprm-recipe-roundup-description":"","footnotes":""},"categories":[5969],"tags":[4279,4278,233,4280,1266,82],"yoast_head":"<!-- This site is optimized with the Yoast SEO plugin v22.9 - https:\/\/yoast.com\/wordpress\/plugins\/seo\/ -->\n<title>H\u00e1zimozi, a sz\u00f3 legszorosabb \u00e9rtelm\u00e9ben: Hisense 100L5F l\u00e9zert\u00e9v\u00e9 teszt - MediaMarkt Magazin<\/title>\n<meta name=\"description\" content=\"K\u00e9t \u00e9s f\u00e9l m\u00e9teres \u00e1tm\u00e9r\u0151, csod\u00e1s sz\u00ednek \u00e9s lehengerl\u0151 f\u00e9nyer\u0151, verhetetlen \u00e1ron: hi\u00e1ba ny\u00faztuk, nem engedett a mozi\u00e9lm\u00e9nyb\u0151l a Hisense l\u00e9zert\u00e9v\u00e9je!\" \/>\n<meta name=\"robots\" content=\"index, follow, max-snippet:-1, max-image-preview:large, max-video-preview:-1\" \/>\n<link rel=\"canonical\" href=\"https:\/\/hir.mediamarkt.hu\/magazin\/hisense-lezerteve\/\" \/>\n<meta property=\"og:locale\" content=\"hu_HU\" \/>\n<meta property=\"og:type\" content=\"article\" \/>\n<meta property=\"og:title\" content=\"H\u00e1zimozi, a sz\u00f3 legszorosabb \u00e9rtelm\u00e9ben: Hisense 100L5F l\u00e9zert\u00e9v\u00e9 teszt - MediaMarkt Magazin\" \/>\n<meta property=\"og:description\" content=\"K\u00e9t \u00e9s f\u00e9l m\u00e9teres \u00e1tm\u00e9r\u0151, csod\u00e1s sz\u00ednek \u00e9s lehengerl\u0151 f\u00e9nyer\u0151, verhetetlen \u00e1ron: hi\u00e1ba ny\u00faztuk, nem engedett a mozi\u00e9lm\u00e9nyb\u0151l a Hisense l\u00e9zert\u00e9v\u00e9je!\" \/>\n<meta property=\"og:url\" content=\"https:\/\/hir.mediamarkt.hu\/magazin\/hisense-lezerteve\/\" \/>\n<meta property=\"og:site_name\" content=\"MediaMarkt Magazin\" \/>\n<meta property=\"article:publisher\" content=\"https:\/\/www.facebook.com\/MediaMarktMagyarorszag\" \/>\n<meta property=\"article:published_time\" content=\"2021-03-31T09:41:50+00:00\" \/>\n<meta property=\"article:modified_time\" content=\"2021-03-31T12:03:48+00:00\" \/>\n<meta property=\"og:image\" content=\"https:\/\/hir.mediamarkt.hu\/magazin\/wp-content\/uploads\/2021\/03\/Hisense_smart_01.png\" \/>\n\t<meta property=\"og:image:width\" content=\"1024\" \/>\n\t<meta property=\"og:image:height\" content=\"619\" \/>\n\t<meta property=\"og:image:type\" content=\"image\/png\" \/>\n<meta name=\"author\" content=\"Nemenyi\" \/>\n<meta name=\"twitter:label1\" content=\"Szerz\u0151:\" \/>\n\t<meta name=\"twitter:data1\" content=\"Nemenyi\" \/>\n\t<meta name=\"twitter:label2\" content=\"Becs\u00fclt olvas\u00e1si id\u0151\" \/>\n\t<meta name=\"twitter:data2\" content=\"8 perc\" \/>\n<script type=\"application\/ld+json\" class=\"yoast-schema-graph\">{\"@context\":\"https:\/\/schema.org\",\"@graph\":[{\"@type\":\"WebPage\",\"@id\":\"https:\/\/hir.mediamarkt.hu\/magazin\/hisense-lezerteve\/\",\"url\":\"https:\/\/hir.mediamarkt.hu\/magazin\/hisense-lezerteve\/\",\"name\":\"H\u00e1zimozi, a sz\u00f3 legszorosabb \u00e9rtelm\u00e9ben: Hisense 100L5F l\u00e9zert\u00e9v\u00e9 teszt - MediaMarkt Magazin\",\"isPartOf\":{\"@id\":\"https:\/\/hir.mediamarkt.hu\/magazin\/#website\"},\"primaryImageOfPage\":{\"@id\":\"https:\/\/hir.mediamarkt.hu\/magazin\/hisense-lezerteve\/#primaryimage\"},\"image\":{\"@id\":\"https:\/\/hir.mediamarkt.hu\/magazin\/hisense-lezerteve\/#primaryimage\"},\"thumbnailUrl\":\"https:\/\/hir.mediamarkt.hu\/magazin\/wp-content\/uploads\/2021\/03\/Hisense_smart_01.png\",\"datePublished\":\"2021-03-31T09:41:50+00:00\",\"dateModified\":\"2021-03-31T12:03:48+00:00\",\"author\":{\"@id\":\"https:\/\/hir.mediamarkt.hu\/magazin\/#\/schema\/person\/f4a17b2dc97f2e2bf1b88a89d4ef7d05\"},\"description\":\"K\u00e9t \u00e9s f\u00e9l m\u00e9teres \u00e1tm\u00e9r\u0151, csod\u00e1s sz\u00ednek \u00e9s lehengerl\u0151 f\u00e9nyer\u0151, verhetetlen \u00e1ron: hi\u00e1ba ny\u00faztuk, nem engedett a mozi\u00e9lm\u00e9nyb\u0151l a Hisense l\u00e9zert\u00e9v\u00e9je!\",\"breadcrumb\":{\"@id\":\"https:\/\/hir.mediamarkt.hu\/magazin\/hisense-lezerteve\/#breadcrumb\"},\"inLanguage\":\"hu\",\"potentialAction\":[{\"@type\":\"ReadAction\",\"target\":[\"https:\/\/hir.mediamarkt.hu\/magazin\/hisense-lezerteve\/\"]}]},{\"@type\":\"ImageObject\",\"inLanguage\":\"hu\",\"@id\":\"https:\/\/hir.mediamarkt.hu\/magazin\/hisense-lezerteve\/#primaryimage\",\"url\":\"https:\/\/hir.mediamarkt.hu\/magazin\/wp-content\/uploads\/2021\/03\/Hisense_smart_01.png\",\"contentUrl\":\"https:\/\/hir.mediamarkt.hu\/magazin\/wp-content\/uploads\/2021\/03\/Hisense_smart_01.png\",\"width\":1024,\"height\":619,\"caption\":\"Forr\u00e1s: Media Markt\/Hisense\"},{\"@type\":\"BreadcrumbList\",\"@id\":\"https:\/\/hir.mediamarkt.hu\/magazin\/hisense-lezerteve\/#breadcrumb\",\"itemListElement\":[{\"@type\":\"ListItem\",\"position\":1,\"name\":\"Kezd\u0151lap\",\"item\":\"https:\/\/hir.mediamarkt.hu\/magazin\/\"},{\"@type\":\"ListItem\",\"position\":2,\"name\":\"Tesztelt\u00fck\",\"item\":\"https:\/\/hir.mediamarkt.hu\/magazin\/teszteltuk\/\"},{\"@type\":\"ListItem\",\"position\":3,\"name\":\"H\u00e1zimozi, a sz\u00f3 legszorosabb \u00e9rtelm\u00e9ben: Hisense 100L5F l\u00e9zert\u00e9v\u00e9 teszt\"}]},{\"@type\":\"WebSite\",\"@id\":\"https:\/\/hir.mediamarkt.hu\/magazin\/#website\",\"url\":\"https:\/\/hir.mediamarkt.hu\/magazin\/\",\"name\":\"MediaMarkt Magazin\",\"description\":\"Olvass bele magazinunkba!\",\"potentialAction\":[{\"@type\":\"SearchAction\",\"target\":{\"@type\":\"EntryPoint\",\"urlTemplate\":\"https:\/\/hir.mediamarkt.hu\/magazin\/?s={search_term_string}\"},\"query-input\":\"required name=search_term_string\"}],\"inLanguage\":\"hu\"},{\"@type\":\"Person\",\"@id\":\"https:\/\/hir.mediamarkt.hu\/magazin\/#\/schema\/person\/f4a17b2dc97f2e2bf1b88a89d4ef7d05\",\"name\":\"Nemenyi\",\"image\":{\"@type\":\"ImageObject\",\"inLanguage\":\"hu\",\"@id\":\"https:\/\/hir.mediamarkt.hu\/magazin\/#\/schema\/person\/image\/\",\"url\":\"https:\/\/secure.gravatar.com\/avatar\/9470b3223c723142e66adcad803b24fe?s=96&d=mm&r=g\",\"contentUrl\":\"https:\/\/secure.gravatar.com\/avatar\/9470b3223c723142e66adcad803b24fe?s=96&d=mm&r=g\",\"caption\":\"Nemenyi\"}}]}<\/script>\n<!-- \/ Yoast SEO plugin. -->","yoast_head_json":{"title":"H\u00e1zimozi, a sz\u00f3 legszorosabb \u00e9rtelm\u00e9ben: Hisense 100L5F l\u00e9zert\u00e9v\u00e9 teszt - MediaMarkt Magazin","description":"K\u00e9t \u00e9s f\u00e9l m\u00e9teres \u00e1tm\u00e9r\u0151, csod\u00e1s sz\u00ednek \u00e9s lehengerl\u0151 f\u00e9nyer\u0151, verhetetlen \u00e1ron: hi\u00e1ba ny\u00faztuk, nem engedett a mozi\u00e9lm\u00e9nyb\u0151l a Hisense l\u00e9zert\u00e9v\u00e9je!","robots":{"index":"index","follow":"follow","max-snippet":"max-snippet:-1","max-image-preview":"max-image-preview:large","max-video-preview":"max-video-preview:-1"},"canonical":"https:\/\/hir.mediamarkt.hu\/magazin\/hisense-lezerteve\/","og_locale":"hu_HU","og_type":"article","og_title":"H\u00e1zimozi, a sz\u00f3 legszorosabb \u00e9rtelm\u00e9ben: Hisense 100L5F l\u00e9zert\u00e9v\u00e9 teszt - MediaMarkt Magazin","og_description":"K\u00e9t \u00e9s f\u00e9l m\u00e9teres \u00e1tm\u00e9r\u0151, csod\u00e1s sz\u00ednek \u00e9s lehengerl\u0151 f\u00e9nyer\u0151, verhetetlen \u00e1ron: hi\u00e1ba ny\u00faztuk, nem engedett a mozi\u00e9lm\u00e9nyb\u0151l a Hisense l\u00e9zert\u00e9v\u00e9je!","og_url":"https:\/\/hir.mediamarkt.hu\/magazin\/hisense-lezerteve\/","og_site_name":"MediaMarkt Magazin","article_publisher":"https:\/\/www.facebook.com\/MediaMarktMagyarorszag","article_published_time":"2021-03-31T09:41:50+00:00","article_modified_time":"2021-03-31T12:03:48+00:00","og_image":[{"width":1024,"height":619,"url":"https:\/\/hir.mediamarkt.hu\/magazin\/wp-content\/uploads\/2021\/03\/Hisense_smart_01.png","type":"image\/png"}],"author":"Nemenyi","twitter_misc":{"Szerz\u0151:":"Nemenyi","Becs\u00fclt olvas\u00e1si id\u0151":"8 perc"},"schema":{"@context":"https:\/\/schema.org","@graph":[{"@type":"WebPage","@id":"https:\/\/hir.mediamarkt.hu\/magazin\/hisense-lezerteve\/","url":"https:\/\/hir.mediamarkt.hu\/magazin\/hisense-lezerteve\/","name":"H\u00e1zimozi, a sz\u00f3 legszorosabb \u00e9rtelm\u00e9ben: Hisense 100L5F l\u00e9zert\u00e9v\u00e9 teszt - MediaMarkt Magazin","isPartOf":{"@id":"https:\/\/hir.mediamarkt.hu\/magazin\/#website"},"primaryImageOfPage":{"@id":"https:\/\/hir.mediamarkt.hu\/magazin\/hisense-lezerteve\/#primaryimage"},"image":{"@id":"https:\/\/hir.mediamarkt.hu\/magazin\/hisense-lezerteve\/#primaryimage"},"thumbnailUrl":"https:\/\/hir.mediamarkt.hu\/magazin\/wp-content\/uploads\/2021\/03\/Hisense_smart_01.png","datePublished":"2021-03-31T09:41:50+00:00","dateModified":"2021-03-31T12:03:48+00:00","author":{"@id":"https:\/\/hir.mediamarkt.hu\/magazin\/#\/schema\/person\/f4a17b2dc97f2e2bf1b88a89d4ef7d05"},"description":"K\u00e9t \u00e9s f\u00e9l m\u00e9teres \u00e1tm\u00e9r\u0151, csod\u00e1s sz\u00ednek \u00e9s lehengerl\u0151 f\u00e9nyer\u0151, verhetetlen \u00e1ron: hi\u00e1ba ny\u00faztuk, nem engedett a mozi\u00e9lm\u00e9nyb\u0151l a Hisense l\u00e9zert\u00e9v\u00e9je!","breadcrumb":{"@id":"https:\/\/hir.mediamarkt.hu\/magazin\/hisense-lezerteve\/#breadcrumb"},"inLanguage":"hu","potentialAction":[{"@type":"ReadAction","target":["https:\/\/hir.mediamarkt.hu\/magazin\/hisense-lezerteve\/"]}]},{"@type":"ImageObject","inLanguage":"hu","@id":"https:\/\/hir.mediamarkt.hu\/magazin\/hisense-lezerteve\/#primaryimage","url":"https:\/\/hir.mediamarkt.hu\/magazin\/wp-content\/uploads\/2021\/03\/Hisense_smart_01.png","contentUrl":"https:\/\/hir.mediamarkt.hu\/magazin\/wp-content\/uploads\/2021\/03\/Hisense_smart_01.png","width":1024,"height":619,"caption":"Forr\u00e1s: Media Markt\/Hisense"},{"@type":"BreadcrumbList","@id":"https:\/\/hir.mediamarkt.hu\/magazin\/hisense-lezerteve\/#breadcrumb","itemListElement":[{"@type":"ListItem","position":1,"name":"Kezd\u0151lap","item":"https:\/\/hir.mediamarkt.hu\/magazin\/"},{"@type":"ListItem","position":2,"name":"Tesztelt\u00fck","item":"https:\/\/hir.mediamarkt.hu\/magazin\/teszteltuk\/"},{"@type":"ListItem","position":3,"name":"H\u00e1zimozi, a sz\u00f3 legszorosabb \u00e9rtelm\u00e9ben: Hisense 100L5F l\u00e9zert\u00e9v\u00e9 teszt"}]},{"@type":"WebSite","@id":"https:\/\/hir.mediamarkt.hu\/magazin\/#website","url":"https:\/\/hir.mediamarkt.hu\/magazin\/","name":"MediaMarkt Magazin","description":"Olvass bele magazinunkba!","potentialAction":[{"@type":"SearchAction","target":{"@type":"EntryPoint","urlTemplate":"https:\/\/hir.mediamarkt.hu\/magazin\/?s={search_term_string}"},"query-input":"required name=search_term_string"}],"inLanguage":"hu"},{"@type":"Person","@id":"https:\/\/hir.mediamarkt.hu\/magazin\/#\/schema\/person\/f4a17b2dc97f2e2bf1b88a89d4ef7d05","name":"Nemenyi","image":{"@type":"ImageObject","inLanguage":"hu","@id":"https:\/\/hir.mediamarkt.hu\/magazin\/#\/schema\/person\/image\/","url":"https:\/\/secure.gravatar.com\/avatar\/9470b3223c723142e66adcad803b24fe?s=96&d=mm&r=g","contentUrl":"https:\/\/secure.gravatar.com\/avatar\/9470b3223c723142e66adcad803b24fe?s=96&d=mm&r=g","caption":"Nemenyi"}}]}},"_links":{"self":[{"href":"https:\/\/hir.mediamarkt.hu\/magazin\/wp-json\/wp\/v2\/posts\/12266"}],"collection":[{"href":"https:\/\/hir.mediamarkt.hu\/magazin\/wp-json\/wp\/v2\/posts"}],"about":[{"href":"https:\/\/hir.mediamarkt.hu\/magazin\/wp-json\/wp\/v2\/types\/post"}],"author":[{"embeddable":true,"href":"https:\/\/hir.mediamarkt.hu\/magazin\/wp-json\/wp\/v2\/users\/22"}],"replies":[{"embeddable":true,"href":"https:\/\/hir.mediamarkt.hu\/magazin\/wp-json\/wp\/v2\/comments?post=12266"}],"version-history":[{"count":3,"href":"https:\/\/hir.mediamarkt.hu\/magazin\/wp-json\/wp\/v2\/posts\/12266\/revisions"}],"predecessor-version":[{"id":12281,"href":"https:\/\/hir.mediamarkt.hu\/magazin\/wp-json\/wp\/v2\/posts\/12266\/revisions\/12281"}],"wp:featuredmedia":[{"embeddable":true,"href":"https:\/\/hir.mediamarkt.hu\/magazin\/wp-json\/wp\/v2\/media\/12267"}],"wp:attachment":[{"href":"https:\/\/hir.mediamarkt.hu\/magazin\/wp-json\/wp\/v2\/media?parent=12266"}],"wp:term":[{"taxonomy":"category","embeddable":true,"href":"https:\/\/hir.mediamarkt.hu\/magazin\/wp-json\/wp\/v2\/categories?post=12266"},{"taxonomy":"post_tag","embeddable":true,"href":"https:\/\/hir.mediamarkt.hu\/magazin\/wp-json\/wp\/v2\/tags?post=12266"}],"curies":[{"name":"wp","href":"https:\/\/api.w.org\/{rel}","templated":true}]}}