{"id":12378,"date":"2021-05-24T22:23:58","date_gmt":"2021-05-24T21:23:58","guid":{"rendered":"https:\/\/hir.mediamarkt.hu\/magazin\/?p=12378"},"modified":"2021-07-07T14:23:43","modified_gmt":"2021-07-07T13:23:43","slug":"lamax-x9-1-teszt","status":"publish","type":"post","link":"https:\/\/hir.mediamarkt.hu\/magazin\/lamax-x9-1-teszt\/","title":{"rendered":"A (majdnem) t\u00f6k\u00e9letes akci\u00f3kamera t\u00f6k\u00e9letes \u00e1ron: Lamax X9.1 teszt"},"content":{"rendered":"\n<p>Van valami, amit tal\u00e1n nem tudsz az akci\u00f3kamer\u00e1kr\u00f3l, vagyis akkor biztosan nem tudsz, ha nem volt m\u00e9g a kezedben egy sem. Ez pedig a k\u00f6vetkez\u0151:<\/p>\n\n\n\n<p><strong>Sz\u00fcks\u00e9ged van r\u00e1.<\/strong><\/p>\n\n\n\n<p class=\"has-text-align-justify\">T\u00e9nyleg nem szeretn\u00e9nk r\u00e1d tukm\u00e1lni semmit, egyszer\u0171en \u00edgy gondoljuk. Egy tisztess\u00e9ges akci\u00f3kamer\u00e1ra 2021-ben mindenkinek sz\u00fcks\u00e9ge van, aki szeret kimozdulni otthonr\u00f3l \u00e9s akt\u00edvan haszn\u00e1lja az internetet is. Ezek a pici, strapab\u00edr\u00f3 \u00e9s j\u00f3 k\u00e9pmin\u0151s\u00e9get produk\u00e1l\u00f3 eszk\u00f6z\u00f6k ugyanis nagyszer\u0171 t\u00e1rsk\u00e9nt funkcion\u00e1lnak az ember t\u00e1sk\u00e1j\u00e1ban, zseb\u00e9ben, aut\u00f3j\u00e1n, biciklij\u00e9n, fej\u00e9n vagy sikl\u00f3erny\u0151j\u00e9n. Helyet alig foglal, mindent kib\u00edr, nagyon sokszor j\u00f3l j\u00f6n \u2013 az ember nem is gondoln\u00e1, mennyiszer \u2013, \u00e9s ami szint\u00e9n nagyon fontos: olcs\u00f3ak. Mindenf\u00e9le lelkifurdal\u00e1s n\u00e9lk\u00fcl \u00edrjuk teh\u00e1t, hogy neked is sz\u00fcks\u00e9ged van egyre.<\/p>\n\n\n\n<p class=\"has-text-align-justify\">Term\u00e9szetesen nem mag\u00e1t\u00f3l \u00e9rtet\u0151d\u0151, hogy az akci\u00f3kamer\u00e1k strapab\u00edr\u00f3ak, olcs\u00f3ak \u00e9s j\u00f3 k\u00e9pmin\u0151s\u00e9get produk\u00e1lnak; ahogy mindenhol m\u00e1shol, a piac ezen szegmens\u00e9gben is k\u00f6nny\u0171 belefutni a b\u00f3vlikba, f\u0151leg, hogy m\u00e1r h\u00e1rom-n\u00e9gyezer forint\u00e9rt is kaphat\u00f3ak. Csak azt \u00e1ll\u00edtjuk, hogy jelen teszt\u00fcnk alanya, <strong><a href=\"https:\/\/www.mediamarkt.hu\/hu\/product\/_lamax-x9-1-akci%C3%B3kamera-1317308.html\" target=\"_blank\" rel=\"noreferrer noopener\">Lamax X9.1<\/a><\/strong> megfelel ennek: \u00fagy strapab\u00edr\u00f3 \u00e9s min\u0151s\u00e9gi, hogy kifejezetten olcs\u00f3 (legal\u00e1bbis az etalon GoPro-k\u00e9sz\u00fcl\u00e9kekhez k\u00e9pest mindenk\u00e9ppen), r\u00e1ad\u00e1sul funkci\u00f3k, be\u00e1ll\u00edt\u00e1sok \u00e9s kieg\u00e9sz\u00edt\u0151k tekintet\u00e9ben felveszi a harcot az egy-k\u00e9t kateg\u00f3ri\u00e1val komolyabb g\u00e9pekkel is. Hogy csin\u00e1lja? T\u00e9nyleg olyan j\u00f3, mint amilyennek pap\u00edron t\u0171nik? Ha igen, mi\u00e9rt csak 35 ezer forint? Hol van a csapda? Ut\u00e1naj\u00e1rtunk.<\/p>\n\n\n\n<p class=\"has-text-align-justify\">A Lamax X9.1 egy MicroSD-k\u00e1rty\u00e1val m\u0171k\u00f6d\u0151, 4K-s vide\u00f3t \u00e9s fot\u00f3t is r\u00f6gz\u00edteni k\u00e9pes, timelapse funkci\u00f3val \u00e9s sok manu\u00e1lis be\u00e1ll\u00edt\u00e1ssal rendelkez\u0151, v\u00edz- \u00e9s minden\u00e1ll\u00f3 tokkal \u00e9rkez\u0151, gyakorlatilag b\u00e1rhova b\u00e1rhogyan r\u00f6gz\u00edthet\u0151 kicsi, k\u00f6nny\u0171 akci\u00f3kamera. Ha egyszer\u0171en csak m\u0171k\u00f6dik \u00e9s k\u00e9sz (\u00e9rtsd: hozza, amit pap\u00edron \u00edg\u00e9r), akkor is az egyik legjobb \u00e1r\/\u00e9rt\u00e9k ar\u00e1ny\u00fa term\u00e9k a mez\u0151nyben, ha pedig m\u00e9g hozz\u00e1 is tesz a fentiekhez, akkor konkr\u00e9tan kihagyhatatlan aj\u00e1nlat. Az igazs\u00e1g szerencs\u00e9re ink\u00e1bb az ut\u00f3bbi, mint az el\u0151bbi. L\u00e1ssuk, mik tetszettek \u00e9s mik nem tetszettek a t\u00f6bb napos teszt\u00fczem ut\u00e1n; ha a v\u00e9g\u00e9re \u00e9r\u00fcnk, te is l\u00e1tod majd, neked tal\u00e1lt\u00e1k-e ki.<\/p>\n\n\n\n<h2 class=\"wp-block-heading\">Ami tetszett<\/h2>\n\n\n\n<h3 class=\"wp-block-heading\">Design<\/h3>\n\n\n\n<p class=\"has-text-align-justify\">A Lamax X9.1 r\u00e1n\u00e9z\u00e9sre \u00e9s tapint\u00e1sra is egyszer\u0171, megb\u00edzhat\u00f3, sallangmentes; \u00e9rezni, hogy nagyj\u00e1b\u00f3l mindent kib\u00edr, amit fel\u00e9 dobnak. (Vagy ami fel\u00e9 \u0151t dobjuk.) Gum\u00edrozott bor\u00edt\u00e1s\u00fa az eg\u00e9sz, szinte teljes h\u00e1ts\u00f3 fel\u00fclet\u00e9t a kijelz\u0151nek szentelt\u00e9k. Akkumul\u00e1tora cser\u00e9lhet\u0151 (igaz, k\u00fcl\u00f6n t\u00f6lt\u0151t nem kapunk, nem is kell, a g\u00e9pv\u00e1zzal t\u00f6lthetj\u00fck microUSB seg\u00edts\u00e9g\u00e9vel), portjai (USB, HMDI-micro) \u00e9s microSD-k\u00e1rtyafoglalata fedetlen, ami nem akkora baj, \u00fagysem vessz\u00fck gyakran ki a v\u00edz\u00e1ll\u00f3 tokj\u00e1b\u00f3l. Erre mindj\u00e1rt visszat\u00e9r\u00fcnk. K\u00e9perny\u0151je nem \u00e9rint\u00e9s\u00e9rz\u00e9keny, ami szint\u00e9n nem baj: ebben az \u00e1rkateg\u00f3ri\u00e1ban nem lett volna \u0151szinte h\u00faz\u00e1s a gy\u00e1rt\u00f3 r\u00e9sz\u00e9r\u0151l (\u00e9rtsd: \u00fagysem lett volna megb\u00edzhat\u00f3, j\u00f3 min\u0151s\u00e9g\u0171), arr\u00f3l nem is besz\u00e9lve, hogy \u00f6sszesen n\u00e9gy gomb kapott helyet a kamer\u00e1n, kezel\u00e9se teh\u00e1t \u00edgy is gyerekj\u00e1t\u00e9k.<\/p>\n\n\n\n<figure class=\"wp-block-image alignnone size-full wp-image-12412 is-style-default\"><img loading=\"lazy\" decoding=\"async\" width=\"1440\" height=\"960\" src=\"https:\/\/hir.mediamarkt.hu\/magazin\/wp-content\/uploads\/2021\/05\/lamax.jpg\" alt=\"Lamax akci\u00f3kamera\" class=\"wp-image-12412\" srcset=\"https:\/\/hir.mediamarkt.hu\/magazin\/wp-content\/uploads\/2021\/05\/lamax.jpg 1440w, https:\/\/hir.mediamarkt.hu\/magazin\/wp-content\/uploads\/2021\/05\/lamax-300x200.jpg 300w, https:\/\/hir.mediamarkt.hu\/magazin\/wp-content\/uploads\/2021\/05\/lamax-1024x683.jpg 1024w, https:\/\/hir.mediamarkt.hu\/magazin\/wp-content\/uploads\/2021\/05\/lamax-275x183.jpg 275w, https:\/\/hir.mediamarkt.hu\/magazin\/wp-content\/uploads\/2021\/05\/lamax-768x512.jpg 768w, https:\/\/hir.mediamarkt.hu\/magazin\/wp-content\/uploads\/2021\/05\/lamax-1536x1024.jpg 1536w, https:\/\/hir.mediamarkt.hu\/magazin\/wp-content\/uploads\/2021\/05\/lamax-2048x1365.jpg 2048w\" sizes=\"(max-width: 1440px) 100vw, 1440px\" \/><figcaption>Forr\u00e1s: Lamax<\/figcaption><\/figure>\n\n\n\n<p class=\"has-text-align-justify\">Az M (men\u00fc) gomb hosszas nyomva tart\u00e1s\u00e1val kapcsolhatjuk ki-be, v\u00e1lthatunk a funkci\u00f3k k\u00f6zt (vide\u00f3, fot\u00f3, visszaj\u00e1tsz\u00e1s, men\u00fc), a record gombbal ind\u00edthatjuk \u00e9s \u00e1ll\u00edthatjuk meg a felv\u00e9telt, az oldals\u00f3 fel-le gombok pedig a men\u00fcben kapnak szerepet. Ut\u00f3bbiban a record az enter, a men\u00fc pedig az escape gombot helyettes\u00edti. Sz\u00f3val t\u00e9nyleg gyerekj\u00e1t\u00e9k: intuit\u00edv, el\u00e9g egyszer megtanulni, onnant\u00f3l k\u00e9ptelens\u00e9g elrontani.<\/p>\n\n\n\n<h3 class=\"wp-block-heading\">Funkci\u00f3k<\/h3>\n\n\n\n<p>Ezeket el\u00e9g felsorolni:<\/p>\n\n\n\n<ul><li>4K-s felv\u00e9tel (30 k\u00e9pkocka\/m\u00e1sodperccel, azaz fps-sel),<\/li><li>60 fps (1440p felbont\u00e1son),<\/li><li>timelapse (legr\u00f6videbb \u00fctemez\u00e9se egy m\u00e1sodperc),<\/li><li>HDR-hat\u00e1s,<\/li><li>l\u00e1t\u00f3sz\u00f6gv\u00e1laszt\u00e1s (a nagyl\u00e1t\u00f3sz\u00f6gt\u0151l az enyhe tele \u00e1ll\u00e1sig),<\/li><li>slow motion,<\/li><li>k\u00e9pstabiliz\u00e1l\u00e1s,<\/li><li>hangfelv\u00e9tel,<\/li><li>sorozatl\u00f6v\u00e9s,<\/li><li>k\u00e9zi ISO-, feh\u00e9regyens\u00faly- \u00e9s expoz\u00edci\u00f3kompenz\u00e1ci\u00f3-be\u00e1ll\u00edt\u00e1s,<\/li><li>v\u00e1laszthat\u00f3 videoform\u00e1tum.<\/li><\/ul>\n\n\n\n<p class=\"has-text-align-justify\">Ezek mind m\u0171k\u00f6dnek, n\u00e9melyik p\u00e9ld\u00e1san, n\u00e9melyik \u00e9ppen csak hogy a k\u00f6telez\u0151t hozva. A 4K nem csal\u00e1s, l\u00e1that\u00f3an nem felsk\u00e1l\u00e1zott vide\u00f3val sz\u00farja ki a szem\u00fcnket, t\u00e9nyleg alkalmas a felbont\u00e1sra a szenzor (amely egy\u00e9bk\u00e9nt 12 megapixeles fot\u00f3t is r\u00f6gz\u00edt). Mindezt meggy\u0151z\u0151 .mp4 form\u00e1tumban, \u00e9ppen megfelel\u0151 t\u00f6m\u00f6r\u00edt\u00e9ssel, de v\u00e1laszthatunk H.265-\u00f6s kodeket is. Mindent visszan\u00e9zhet\u00fcnk a kamera kijelz\u0151j\u00e9n, vagy k\u00f6zvetlen\u00fcl a t\u00e9v\u00e9nken, HDMI-k\u00e1bel seg\u00edts\u00e9g\u00e9vel. Term\u00e9szetesen vannak \u00e1rnyoldalai az eszk\u00f6znek, illetve kisebb-nagyobb kompromisszumokkal hozza a pap\u00edrform\u00e1t, ezekr\u0151l a \u201enem tetszett\u201d r\u00e9szben lesz sz\u00f3; most maradjunk annyiban, hogy megfelel\u0151 teljes\u00edtm\u00e9nyt ny\u00fajtott, \u00e9lvezet volt haszn\u00e1lni \u00e9s egy pillanatot sem b\u00e1ntunk volna meg, ha 35 ezer forintot r\u00e1k\u00f6lt\u00f6tt\u00fcnk volna.<\/p>\n\n\n\n<figure class=\"wp-block-embed is-type-video is-provider-youtube wp-block-embed-youtube wp-embed-aspect-16-9 wp-has-aspect-ratio\"><div class=\"wp-block-embed__wrapper\">\n<iframe loading=\"lazy\" title=\"LAMAX x9.1 akci\u00f3kamera a MediaMarktban! Tesztelt\u00fck, most Te j\u00f6ssz!\" width=\"900\" height=\"506\" src=\"https:\/\/www.youtube.com\/embed\/6GwPym4-fuo?feature=oembed\" frameborder=\"0\" allow=\"accelerometer; autoplay; clipboard-write; encrypted-media; gyroscope; picture-in-picture; web-share\" referrerpolicy=\"strict-origin-when-cross-origin\" allowfullscreen><\/iframe>\n<\/div><\/figure>\n\n\n\n<h6 class=\"wp-block-heading\">Time lapse vide\u00f3 2 m\u00e1sodperces k\u00f6z\u00f6kkel, J\u00f3zsefv\u00e1rost\u00f3l Budafokig<\/h6>\n\n\n\n<h3 class=\"wp-block-heading\">Felszerelts\u00e9g<\/h3>\n\n\n\n<p class=\"has-text-align-justify\">Nagyon fontos, hogy a Lamax X9.1 csupaszon nem v\u00edz\u00e1ll\u00f3; szerencs\u00e9re kapunk egy tokot, amely err\u0151l gondoskodik, \u00e9s amelyre minden l\u00e9tez\u0151 csatlakoz\u00f3t felszerelhet\u00fcnk \u2013 ezek is a csomag r\u00e9szei. A tok term\u00e9szetesen gombokkal ell\u00e1tott, azaz nem kell ki-be helyezgetn\u00fcnk a kamer\u00e1t, ha vez\u00e9relni szeretn\u00e9nk, igaz, a gombok csupaszok, nem jel\u00f6li rajtuk a gy\u00e1rt\u00f3, melyik mi\u00e9rt felel. Ez nem akkora baj: mint \u00edrtuk, gyorsan megtanulhat\u00f3 a kezel\u00e9s, \u00edgy egy-k\u00e9t alkalom ut\u00e1n nem is hi\u00e1nyoztak a jel\u00f6l\u00e9sek. T\u00e9nyleg csak a t\u00f6lt\u00e9s \u00e9s az adat\u00e1tvitel miatt kellett n\u00e9ha kivenn\u00fcnk a kamer\u00e1t.<\/p>\n\n\n\n<p class=\"has-text-align-justify\">A r\u00f6gz\u00edt\u0151kre sem lehet panasz, annyira, hogy egy r\u00e9sz\u00fckr\u0151l r\u00e1n\u00e9z\u00e9sre meg sem tudtuk mondani, mire j\u00f3k. Az biztos, hogy<\/p>\n\n\n\n<p class=\"has-text-align-justify\"><strong>nem l\u00e9tezik olyan, az ut\u00f3bbi k\u00e9tsz\u00e1z \u00e9vben feltal\u00e1lt eszk\u00f6z, amire a Lamax X9.1-et ne lehetne r\u00e1csavarni vagy r\u00e1ragasztani.<\/strong><\/p>\n\n\n\n<p class=\"has-text-align-justify\">Aut\u00f3? Csekk. Bicikli? Csekk. Sz\u00f6rfdeszka? Csekk. Kutya, macska? H\u00e1t, ehhez kellhet n\u00e9mi buhera, de megoldhat\u00f3.<\/p>\n\n\n\n<p class=\"has-text-align-justify\">Az pedig csak hab a tort\u00e1n, hogy p\u00f3talkatr\u00e9szeket is csomagoltak, p\u00e9ld\u00e1ul ablakot \u00e9s z\u00e1r\u00f3fedelet a v\u00edz\u00e1ll\u00f3 tokra. Kapunk hordt\u00e1sk\u00e1t, ezernyi csatlakoz\u00f3 papucsot, k\u00f6ny\u00f6k\u00f6t, \u00f6ntapad\u00f3 fel\u00fcletet, \u00e9s a legjobb, hogy egy \u00f3rak\u00e9nt a karra r\u00f6gz\u00edthet\u0151 t\u00e1v\u00edr\u00e1ny\u00edt\u00f3t is, amellyel ak\u00e1r b\u00e1zisugr\u00e1s k\u00f6zben is vez\u00e9relhetj\u00fck a kamer\u00e1t. Azaz csupa olyan kieg\u00e9sz\u00edt\u0151t mell\u00e9kelt a gy\u00e1rt\u00f3, amelyek egy profibb eszk\u00f6zh\u00f6z, p\u00e9ld\u00e1ul egy GoPro-hoz csak s\u00falyos pluszp\u00e9nzek \u00e1r\u00e1n szerezhet\u0151k be, persze \u00fagy, hogy az alapk\u00e9sz\u00fcl\u00e9k is j\u00f3val dr\u00e1g\u00e1bb, mint a teljes Lamax-csomag.<\/p>\n\n\n\n<h3 class=\"wp-block-heading\">\u00dczemid\u0151<\/h3>\n\n\n\n<p class=\"has-text-align-justify\">A mi p\u00e9ld\u00e1nyunk negyven percig r\u00f6gz\u00edtett 4K-ban \u00fagy, hogy a t\u00f6lt\u00f6tts\u00e9g k\u00e9tharmada megmaradt. A gy\u00e1rt\u00f3 m\u00e1sf\u00e9l \u00f3ra folyamatos r\u00f6gz\u00edt\u00e9st \u00edg\u00e9r egy t\u00f6lt\u00e9ssel; a val\u00f3s eredm\u00e9ny enn\u00e9l is jobb, azaz hatalmas pirospont a Lamaxnak a megb\u00edzhat\u00f3s\u00e1g\u00e9rt.<\/p>\n\n\n\n<h2 class=\"wp-block-heading\">Ami nem tetszett<\/h2>\n\n\n\n<h3 class=\"wp-block-heading\">K\u00e9pmin\u0151s\u00e9g<\/h3>\n\n\n\n<p class=\"has-text-align-justify\">Egy percig sem gondoltuk, hogy Netflix-dokumentumfilmet forgathatn\u00e1nk a kamer\u00e1val, vagy ak\u00e1r csak felvehetj\u00fck a versenyt egy GoPro szintj\u00e9vel; nem is vehett\u00fck. Hang\u00falyozzuk: a k\u00e9pmin\u0151s\u00e9g ez\u00e9rt az \u00e1r\u00e9rt \u00e9s ennyi funkci\u00f3val a h\u00e1ta m\u00f6g\u00f6tt teljesen adekv\u00e1t. Tal\u00e1n m\u00e9giscsak v\u00e1rtunk egy kis csod\u00e1t, vagy legal\u00e1bb azt, hogy lepjen meg a gy\u00e1rt\u00f3, de nem \u00edgy lett; egyszer\u0171en csak hozta a pap\u00edrform\u00e1t. A sz\u00ednek viszonylag pontosak, a kontraszt azonban nem \u00e9ppen meggy\u0151z\u0151, a k\u00e9p m\u00e9g nappali f\u00e9nyek mellett is kiss\u00e9 fak\u00f3 maradt.<\/p>\n\n\n\n<figure class=\"wp-block-embed is-type-video is-provider-youtube wp-block-embed-youtube wp-embed-aspect-16-9 wp-has-aspect-ratio\"><div class=\"wp-block-embed__wrapper\">\n<iframe loading=\"lazy\" title=\"LAMAX x9.1 akci\u00f3kamera a MediaMarktban! Mi kipr\u00f3b\u00e1ltuk, most rajtad a sor!\" width=\"900\" height=\"506\" src=\"https:\/\/www.youtube.com\/embed\/Vnal8m86tXg?feature=oembed\" frameborder=\"0\" allow=\"accelerometer; autoplay; clipboard-write; encrypted-media; gyroscope; picture-in-picture; web-share\" referrerpolicy=\"strict-origin-when-cross-origin\" allowfullscreen><\/iframe>\n<\/div><\/figure>\n\n\n\n<h6 class=\"wp-block-heading\">4K-ban r\u00f6gz\u00edtett, ut\u00f3lag Full HD-re konvert\u00e1lt vide\u00f3, kikapcsolt r\u00e1zk\u00f3d\u00e1scs\u00f6kkent\u00e9ssel, nagyl\u00e1t\u00f3sz\u00f6ggel, automata \u00fczemm\u00f3dban<\/h6>\n\n\n\n<p class=\"has-text-align-justify\">Tal\u00e1n m\u00e9g jobb is a helyzet a HDR kikapcsol\u00e1sa ut\u00e1n; ez egy\u00e9bk\u00e9nt sem igazi HDR, egyszer\u0171en megpr\u00f3b\u00e1lja el\u0151csalogatni a r\u00e9szleteket az \u00e1rny\u00e9kokb\u00f3l \u00e9s \u201evisszanyomni\u201d a cs\u00facsf\u00e9nyeket. Ez eg\u00e9szen addig m\u0171k\u00f6dik, am\u00edg be nem s\u00f6t\u00e9tedik, ekkor a k\u00e9p annyira zajos lesz, hogy egy ponton elkezd sz\u00e9tesni. A Lamax kamer\u00e1ja teh\u00e1t nappali eszk\u00f6z, \u00e9jszakai felv\u00e9telekhez m\u00e9rs\u00e9kelten \u00e9s komoly fenntart\u00e1sokkal aj\u00e1nljuk. Sem a szenzor dinamik\u00e1ja, sem az ut\u00f3lagos szoftveres zajsz\u0171r\u00e9s (vagy sokszor annak hi\u00e1nya) nem k\u00e9pes elb\u00e1nni ezzel a gyenges\u00e9ggel. Ezt egy\u00e9bk\u00e9nt nem b\u00e1ntuk.<\/p>\n\n\n\n<p class=\"has-text-align-justify\">Tal\u00e1lkozunk a kontrasztos r\u00e9szek lila-z\u00f6ld elsz\u00ednez\u0151d\u00e9s\u00e9vel (kromatikus aberr\u00e1ci\u00f3) \u00e9s komoly hord\u00f3torz\u00edt\u00e1ssal is; ez a kamera bizony nem az egyenes vonalak bar\u00e1tja. Meg kell bar\u00e1tkoznunk vele, hogy m\u00e9g nem nagyl\u00e1t\u00f3sz\u00f6g \u00fczemm\u00f3dban is torz\u00edt majd. Ez egy\u00e9bk\u00e9nt bizonyos vide\u00f3knak m\u00e9g j\u00f3l is \u00e1llt, a J\u00f3zsefv\u00e1rost\u00f3l Budafokig r\u00f6gz\u00edtett timelapse vide\u00f3nk p\u00e9ld\u00e1ul \u00edgy is nagyon l\u00e1tv\u00e1nyos lett, sz\u00f3val ez sem akkora \u00e9rv\u00e1g\u00e1s. \u00c9p\u00edt\u00e9szeti fotogr\u00e1fi\u00e1kat pedig \u00fagysem ezzel k\u00e9sz\u00edt\u00fcnk majd.<\/p>\n\n\n\n<h3 class=\"wp-block-heading\">A 24 fps hi\u00e1nya<\/h3>\n\n\n\n<p class=\"has-text-align-justify\">Ezt viszont nagyon sajn\u00e1ljuk: csak 30, 60, vagy (720p eset\u00e9n) 120 k\u00e9pkocka\/m\u00e1sodperccel r\u00f6gz\u00edt. Azaz hi\u00e1nyzik a filmekben \u00e9s a (profi) YouTube-vide\u00f3kban haszn\u00e1lt, a legt\u00f6bb t\u00e9v\u00e9 \u00e1ltal is t\u00e1mogatott 24 fps-es mozi\u00fczemm\u00f3d. Persze \u00e1tkonvert\u00e1lhatjuk erre vide\u00f3inkat, de a 30 fps-esek vagy enyh\u00e9n lass\u00edtva mennek majd, vagy durv\u00e1n szaggatnak, \u00e9s a 60 fps form\u00e1tum\u00faak sem \u00fassz\u00e1k meg s\u00e9r\u00fcl\u00e9s n\u00e9lk\u00fcl a m\u0171veletet.<\/p>\n\n\n\n<h3 class=\"wp-block-heading\">R\u00e1zk\u00f3d\u00e1scs\u00f6kkent\u00e9s<\/h3>\n\n\n\n<p class=\"has-text-align-justify\">Ez egy\u00e9bk\u00e9nt sz\u00e9pen m\u0171k\u00f6dik, h\u00e1la az optikai felf\u00fcggeszt\u00e9s \u00e9s a szoftveres r\u00e1seg\u00edt\u00e9s kombin\u00e1ci\u00f3j\u00e1nak\u2026 Eg\u00e9szen addig, am\u00edg g\u00f6r\u00f6ngy\u00f6s \u00faton nem kezd\u00fcnk vele biciklizni. Ekkor bizony itt-ott l\u00e1tv\u00e1nyosan feladja a rendszer, a stabiliz\u00e1lt k\u00e9pr\u00e9szek furcs\u00e1n, \u201ezsel\u00e9sen\u201d mozognak \u00e9s n\u00e9ha mintha ugr\u00e1lna a k\u00e9p. Ez sokkal kev\u00e9sb\u00e9 zavar\u00f3, mint amilyen s\u00falyosnak \u00edgy, le\u00edrva t\u0171nik, de m\u00e9gis eml\u00edt\u00e9st \u00e9rdemel. Stabiliz\u00e1lt \u00fczemm\u00f3dban egy\u00e9bk\u00e9nt nem forgathatunk nagyl\u00e1t\u00f3sz\u00f6ggel, csak az eggyel sz\u0171kebb k\u00e9pkiv\u00e1g\u00e1s m\u0171k\u00f6dik, \u00e9s a k\u00e9par\u00e1ny is \u00e1tv\u00e1lt 16:9-b\u0151l keskenyebbe. (Ha j\u00f3l l\u00e1ttuk, 4:3-asba.)<\/p>\n\n\n\n<figure class=\"wp-block-embed is-type-video is-provider-youtube wp-block-embed-youtube wp-embed-aspect-16-9 wp-has-aspect-ratio\"><div class=\"wp-block-embed__wrapper\">\n<iframe loading=\"lazy\" title=\"LAMAX x9.1 akci\u00f3kamera a MediaMarktban! Megn\u00e9zt\u00fck, im\u00e1dtuk!\" width=\"900\" height=\"506\" src=\"https:\/\/www.youtube.com\/embed\/3VuhDhDBb84?feature=oembed\" frameborder=\"0\" allow=\"accelerometer; autoplay; clipboard-write; encrypted-media; gyroscope; picture-in-picture; web-share\" referrerpolicy=\"strict-origin-when-cross-origin\" allowfullscreen><\/iframe>\n<\/div><\/figure>\n\n\n\n<h6 class=\"wp-block-heading\">Full HD 60 fps, k\u00f6zepes l\u00e1t\u00f3sz\u00f6g, bekapcsolt r\u00e1zk\u00f3d\u00e1scs\u00f6kkent\u00e9s<\/h6>\n\n\n\n<h3 class=\"wp-block-heading\">K\u00e1rtyapar\u00e1k<\/h3>\n\n\n\n<p class=\"has-text-align-justify\">Az biztosan a cikk\u00edr\u00f3 hib\u00e1ja, hogy t\u00fal r\u00e9gi \u00e9s lass\u00fa microSD-k\u00e1rty\u00e1t helyezett a g\u00e9pbe, m\u00e1r csak az\u00e9rt is, mert a gy\u00e1rt\u00f3 sajnos nem mell\u00e9kelt ilyet, \u00e9s a kamera bels\u0151 mem\u00f3ri\u00e1ja m\u00e9diar\u00f6gz\u00edt\u00e9sre alkalmatlan. Arra viszont felh\u00edvj\u00e1k a figyelm\u00fcnket, Csak minimum Class 10 UHS-I U1 gyorsas\u00e1gi index\u0171 (mint p\u00e9ld\u00e1ul <a href=\"https:\/\/www.mediamarkt.hu\/hu\/product\/_sandisk-microsdhc-32gb-extreme-uhs-i-adapter-173420-sdsqxaf-032g-gn6ma-1238038.html\" target=\"_blank\" rel=\"noreferrer noopener\">ez a term\u00e9k)<\/a>, min\u0151s\u00e9gi <a href=\"https:\/\/www.mediamarkt.hu\/hu\/product\/_adata-micro-sdhc-k%C3%A1rtya-16gb-class-10-uhs-i-ausdh16guicl10-ra1-1271228.html\" target=\"_blank\" rel=\"noreferrer noopener\">Micro SDHC<\/a> \u00e9s <a href=\"https:\/\/www.mediamarkt.hu\/hu\/product\/_sandisk-sdxc-extreme-k%C3%A1rtya-64gb-150mb-s-v30-uhs-i-u3-1281636.html\" target=\"_blank\" rel=\"noreferrer noopener\">SDXC k\u00e1rty\u00e1kat<\/a> haszn\u00e1ljunk, k\u00fcl\u00f6nben a kamera m\u00e9g Full HD felbont\u00e1son sem biztos, hogy tartani tudja az iramot, a v\u00e9geredm\u00e9ny: kihagyott f\u00e9l m\u00e1sodpercek, akadoz\u00e1s az egy\u00e9bk\u00e9nt kifog\u00e1stalan min\u0151s\u00e9g\u0171 vide\u00f3ban. (Sajnos a k\u00e9sz\u00fcl\u00e9k nem figyelmeztet, ha ez a helyzet.) A k\u00e1rtya kicser\u00e9l\u00e9se ut\u00e1n minden \u00fagy m\u0171k\u00f6d\u00f6tt, ahogy m\u0171k\u00f6dnie kellett.<\/p>\n\n\n\n<p class=\"has-text-align-justify\">A fenti apr\u00f3s\u00e1gok \u2013 mert ezek a k\u00e9sz\u00fcl\u00e9k \u00e1r\u00e1t tekintve mind azok: apr\u00f3s\u00e1gok \u2013 dac\u00e1ra csod\u00e1latos eszk\u00f6z a Lamax X9.1 (<a href=\"https:\/\/www.mediamarkt.hu\/hu\/product\/_lamax-x9-1-akci%C3%B3kamera-1317308.html\" target=\"_blank\" rel=\"noreferrer noopener\">itt tal\u00e1lod<\/a>), amelynek a profibb k\u00e9sz\u00fcl\u00e9kek el\u0151tt sem kell sz\u00e9gyenkeznie. GoPro-gyilkosnak biztos nem nevezn\u00e9nk, de sokkal megfizethet\u0151bb \u00e9s v\u00e1llalhat\u00f3 kompromisszumokkal haszn\u00e1lhat\u00f3 alternat\u00edv\u00e1nak mindenk\u00e9ppen.<\/p>\n\n\n\n<div class=\"containersl instant\">\n<h1>Ismerkedj meg a term\u00e9kekkel<\/h1>\n<div id=\"mixedSlider\">\n<div class=\"MS-content\">\n<div class=\"item\">\n<div class=\"imgTitle\">\n               <img decoding=\"async\" src=\"https:\/\/hir.mediamarkt.hu\/magazin\/wp-content\/uploads\/2021\/07\/LAMAX-X9-1.png\" alt=\"LAMAX X9.1 Akci\u00f3kamera\" \/><\/p>\n<h2 class=\"blogTitle\">LAMAX X9.1 Akci\u00f3kamera<\/h2>\n<\/p><\/div>\n<p>            <a title=\"Term\u00e9k megtekint\u00e9se\" href=\"https:\/\/www.mediamarkt.hu\/hu\/product\/_lamax-x9-1-akci%C3%B3kamera-1317308.html\">Term\u00e9k megtekint\u00e9se<\/a>\n         <\/div>\n<div class=\"item\">\n<div class=\"imgTitle\">\n               <img decoding=\"async\" src=\"https:\/\/hir.mediamarkt.hu\/magazin\/wp-content\/uploads\/2021\/07\/LAMAX-x7-1_alpha.png\" alt=\"LAMAX x7.1 Naos akci\u00f3kamera\" \/><\/p>\n<h2 class=\"blogTitle\">LAMAX x7.1 Naos akci\u00f3kamera<\/h2>\n<\/p><\/div>\n<p>            <a title=\"Term\u00e9k megtekint\u00e9se\" href=\"https:\/\/www.mediamarkt.hu\/hu\/product\/_lamax-x7-1-naos-akci%C3%B3kamera-1336398.html\">Term\u00e9k megtekint\u00e9se<\/a>\n         <\/div>\n<div class=\"item\">\n<div class=\"imgTitle\">\n               <img decoding=\"async\" src=\"https:\/\/hir.mediamarkt.hu\/magazin\/wp-content\/uploads\/2021\/07\/LAMAX-X3-1.png\" alt=\"LAMAX X3.1 Atlas akci\u00f3kamera\" \/><\/p>\n<h2 class=\"blogTitle\">LAMAX X3.1 Atlas akci\u00f3kamera<\/h2>\n<\/p><\/div>\n<p>            <a title=\"Term\u00e9k megtekint\u00e9se\" href=\"https:\/\/www.mediamarkt.hu\/hu\/product\/_lamax-x3-1-atlas-akci%C3%B3kamera-1317307.html\">Term\u00e9k megtekint\u00e9se<\/a>\n         <\/div>\n<\/p><\/div>\n<\/p><\/div>\n<\/div>\n\n","protected":false},"excerpt":{"rendered":"B\u00e1rhova r\u00f6gz\u00edthet\u0151, sz\u00e1molni sem tudjuk a gy\u00e1ri kieg\u00e9sz\u00edt\u0151ket \u00e9s laz\u00e1n hozza a 4K-t verhetetlen\u00fcl olcs\u00f3n: ez a Lamax X9.1.","protected":false},"author":22,"featured_media":12508,"comment_status":"open","ping_status":"open","sticky":false,"template":"","format":"standard","meta":{"wprm-recipe-roundup-name":"","wprm-recipe-roundup-description":"","footnotes":""},"categories":[5980,5969],"tags":[1026,59,4302,82],"yoast_head":"<!-- This site is optimized with the Yoast SEO plugin v22.9 - https:\/\/yoast.com\/wordpress\/plugins\/seo\/ -->\n<title>A (majdnem) t\u00f6k\u00e9letes akci\u00f3kamera t\u00f6k\u00e9letes \u00e1ron: Lamax X9.1 teszt - MediaMarkt Magazin<\/title>\n<meta name=\"description\" content=\"B\u00e1rhova r\u00f6gz\u00edthet\u0151, sz\u00e1molni sem tudjuk a gy\u00e1ri kieg\u00e9sz\u00edt\u0151ket \u00e9s laz\u00e1n hozza a 4K-t verhetetlen\u00fcl olcs\u00f3n: ez a Lamax X9.1.\" \/>\n<meta name=\"robots\" content=\"index, follow, max-snippet:-1, max-image-preview:large, max-video-preview:-1\" \/>\n<link rel=\"canonical\" href=\"https:\/\/hir.mediamarkt.hu\/magazin\/lamax-x9-1-teszt\/\" \/>\n<meta property=\"og:locale\" content=\"hu_HU\" \/>\n<meta property=\"og:type\" content=\"article\" \/>\n<meta property=\"og:title\" content=\"A (majdnem) t\u00f6k\u00e9letes akci\u00f3kamera t\u00f6k\u00e9letes \u00e1ron: Lamax X9.1 teszt - MediaMarkt Magazin\" \/>\n<meta property=\"og:description\" content=\"B\u00e1rhova r\u00f6gz\u00edthet\u0151, sz\u00e1molni sem tudjuk a gy\u00e1ri kieg\u00e9sz\u00edt\u0151ket \u00e9s laz\u00e1n hozza a 4K-t verhetetlen\u00fcl olcs\u00f3n: ez a Lamax X9.1.\" \/>\n<meta property=\"og:url\" content=\"https:\/\/hir.mediamarkt.hu\/magazin\/lamax-x9-1-teszt\/\" \/>\n<meta property=\"og:site_name\" content=\"MediaMarkt Magazin\" \/>\n<meta property=\"article:publisher\" content=\"https:\/\/www.facebook.com\/MediaMarktMagyarorszag\" \/>\n<meta property=\"article:published_time\" content=\"2021-05-24T21:23:58+00:00\" \/>\n<meta property=\"article:modified_time\" content=\"2021-07-07T13:23:43+00:00\" \/>\n<meta property=\"og:image\" content=\"https:\/\/hir.mediamarkt.hu\/magazin\/wp-content\/uploads\/2021\/05\/lamax_x9.1_sportkamera.png\" \/>\n\t<meta property=\"og:image:width\" content=\"1024\" \/>\n\t<meta property=\"og:image:height\" content=\"619\" \/>\n\t<meta property=\"og:image:type\" content=\"image\/png\" \/>\n<meta name=\"author\" content=\"Nemenyi\" \/>\n<meta name=\"twitter:label1\" content=\"Szerz\u0151:\" \/>\n\t<meta name=\"twitter:data1\" content=\"Nemenyi\" \/>\n\t<meta name=\"twitter:label2\" content=\"Becs\u00fclt olvas\u00e1si id\u0151\" \/>\n\t<meta name=\"twitter:data2\" content=\"7 perc\" \/>\n<script type=\"application\/ld+json\" class=\"yoast-schema-graph\">{\"@context\":\"https:\/\/schema.org\",\"@graph\":[{\"@type\":\"WebPage\",\"@id\":\"https:\/\/hir.mediamarkt.hu\/magazin\/lamax-x9-1-teszt\/\",\"url\":\"https:\/\/hir.mediamarkt.hu\/magazin\/lamax-x9-1-teszt\/\",\"name\":\"A (majdnem) t\u00f6k\u00e9letes akci\u00f3kamera t\u00f6k\u00e9letes \u00e1ron: Lamax X9.1 teszt - MediaMarkt Magazin\",\"isPartOf\":{\"@id\":\"https:\/\/hir.mediamarkt.hu\/magazin\/#website\"},\"primaryImageOfPage\":{\"@id\":\"https:\/\/hir.mediamarkt.hu\/magazin\/lamax-x9-1-teszt\/#primaryimage\"},\"image\":{\"@id\":\"https:\/\/hir.mediamarkt.hu\/magazin\/lamax-x9-1-teszt\/#primaryimage\"},\"thumbnailUrl\":\"https:\/\/hir.mediamarkt.hu\/magazin\/wp-content\/uploads\/2021\/05\/lamax_x9.1_sportkamera.png\",\"datePublished\":\"2021-05-24T21:23:58+00:00\",\"dateModified\":\"2021-07-07T13:23:43+00:00\",\"author\":{\"@id\":\"https:\/\/hir.mediamarkt.hu\/magazin\/#\/schema\/person\/f4a17b2dc97f2e2bf1b88a89d4ef7d05\"},\"description\":\"B\u00e1rhova r\u00f6gz\u00edthet\u0151, sz\u00e1molni sem tudjuk a gy\u00e1ri kieg\u00e9sz\u00edt\u0151ket \u00e9s laz\u00e1n hozza a 4K-t verhetetlen\u00fcl olcs\u00f3n: ez a Lamax X9.1.\",\"breadcrumb\":{\"@id\":\"https:\/\/hir.mediamarkt.hu\/magazin\/lamax-x9-1-teszt\/#breadcrumb\"},\"inLanguage\":\"hu\",\"potentialAction\":[{\"@type\":\"ReadAction\",\"target\":[\"https:\/\/hir.mediamarkt.hu\/magazin\/lamax-x9-1-teszt\/\"]}]},{\"@type\":\"ImageObject\",\"inLanguage\":\"hu\",\"@id\":\"https:\/\/hir.mediamarkt.hu\/magazin\/lamax-x9-1-teszt\/#primaryimage\",\"url\":\"https:\/\/hir.mediamarkt.hu\/magazin\/wp-content\/uploads\/2021\/05\/lamax_x9.1_sportkamera.png\",\"contentUrl\":\"https:\/\/hir.mediamarkt.hu\/magazin\/wp-content\/uploads\/2021\/05\/lamax_x9.1_sportkamera.png\",\"width\":1024,\"height\":619,\"caption\":\"lamax x9.1 sportkamera\"},{\"@type\":\"BreadcrumbList\",\"@id\":\"https:\/\/hir.mediamarkt.hu\/magazin\/lamax-x9-1-teszt\/#breadcrumb\",\"itemListElement\":[{\"@type\":\"ListItem\",\"position\":1,\"name\":\"Kezd\u0151lap\",\"item\":\"https:\/\/hir.mediamarkt.hu\/magazin\/\"},{\"@type\":\"ListItem\",\"position\":2,\"name\":\"A (majdnem) t\u00f6k\u00e9letes akci\u00f3kamera t\u00f6k\u00e9letes \u00e1ron: Lamax X9.1 teszt\"}]},{\"@type\":\"WebSite\",\"@id\":\"https:\/\/hir.mediamarkt.hu\/magazin\/#website\",\"url\":\"https:\/\/hir.mediamarkt.hu\/magazin\/\",\"name\":\"MediaMarkt Magazin\",\"description\":\"Olvass bele magazinunkba!\",\"potentialAction\":[{\"@type\":\"SearchAction\",\"target\":{\"@type\":\"EntryPoint\",\"urlTemplate\":\"https:\/\/hir.mediamarkt.hu\/magazin\/?s={search_term_string}\"},\"query-input\":\"required name=search_term_string\"}],\"inLanguage\":\"hu\"},{\"@type\":\"Person\",\"@id\":\"https:\/\/hir.mediamarkt.hu\/magazin\/#\/schema\/person\/f4a17b2dc97f2e2bf1b88a89d4ef7d05\",\"name\":\"Nemenyi\",\"image\":{\"@type\":\"ImageObject\",\"inLanguage\":\"hu\",\"@id\":\"https:\/\/hir.mediamarkt.hu\/magazin\/#\/schema\/person\/image\/\",\"url\":\"https:\/\/secure.gravatar.com\/avatar\/9470b3223c723142e66adcad803b24fe?s=96&d=mm&r=g\",\"contentUrl\":\"https:\/\/secure.gravatar.com\/avatar\/9470b3223c723142e66adcad803b24fe?s=96&d=mm&r=g\",\"caption\":\"Nemenyi\"}}]}<\/script>\n<!-- \/ Yoast SEO plugin. -->","yoast_head_json":{"title":"A (majdnem) t\u00f6k\u00e9letes akci\u00f3kamera t\u00f6k\u00e9letes \u00e1ron: Lamax X9.1 teszt - MediaMarkt Magazin","description":"B\u00e1rhova r\u00f6gz\u00edthet\u0151, sz\u00e1molni sem tudjuk a gy\u00e1ri kieg\u00e9sz\u00edt\u0151ket \u00e9s laz\u00e1n hozza a 4K-t verhetetlen\u00fcl olcs\u00f3n: ez a Lamax X9.1.","robots":{"index":"index","follow":"follow","max-snippet":"max-snippet:-1","max-image-preview":"max-image-preview:large","max-video-preview":"max-video-preview:-1"},"canonical":"https:\/\/hir.mediamarkt.hu\/magazin\/lamax-x9-1-teszt\/","og_locale":"hu_HU","og_type":"article","og_title":"A (majdnem) t\u00f6k\u00e9letes akci\u00f3kamera t\u00f6k\u00e9letes \u00e1ron: Lamax X9.1 teszt - MediaMarkt Magazin","og_description":"B\u00e1rhova r\u00f6gz\u00edthet\u0151, sz\u00e1molni sem tudjuk a gy\u00e1ri kieg\u00e9sz\u00edt\u0151ket \u00e9s laz\u00e1n hozza a 4K-t verhetetlen\u00fcl olcs\u00f3n: ez a Lamax X9.1.","og_url":"https:\/\/hir.mediamarkt.hu\/magazin\/lamax-x9-1-teszt\/","og_site_name":"MediaMarkt Magazin","article_publisher":"https:\/\/www.facebook.com\/MediaMarktMagyarorszag","article_published_time":"2021-05-24T21:23:58+00:00","article_modified_time":"2021-07-07T13:23:43+00:00","og_image":[{"width":1024,"height":619,"url":"https:\/\/hir.mediamarkt.hu\/magazin\/wp-content\/uploads\/2021\/05\/lamax_x9.1_sportkamera.png","type":"image\/png"}],"author":"Nemenyi","twitter_misc":{"Szerz\u0151:":"Nemenyi","Becs\u00fclt olvas\u00e1si id\u0151":"7 perc"},"schema":{"@context":"https:\/\/schema.org","@graph":[{"@type":"WebPage","@id":"https:\/\/hir.mediamarkt.hu\/magazin\/lamax-x9-1-teszt\/","url":"https:\/\/hir.mediamarkt.hu\/magazin\/lamax-x9-1-teszt\/","name":"A (majdnem) t\u00f6k\u00e9letes akci\u00f3kamera t\u00f6k\u00e9letes \u00e1ron: Lamax X9.1 teszt - MediaMarkt Magazin","isPartOf":{"@id":"https:\/\/hir.mediamarkt.hu\/magazin\/#website"},"primaryImageOfPage":{"@id":"https:\/\/hir.mediamarkt.hu\/magazin\/lamax-x9-1-teszt\/#primaryimage"},"image":{"@id":"https:\/\/hir.mediamarkt.hu\/magazin\/lamax-x9-1-teszt\/#primaryimage"},"thumbnailUrl":"https:\/\/hir.mediamarkt.hu\/magazin\/wp-content\/uploads\/2021\/05\/lamax_x9.1_sportkamera.png","datePublished":"2021-05-24T21:23:58+00:00","dateModified":"2021-07-07T13:23:43+00:00","author":{"@id":"https:\/\/hir.mediamarkt.hu\/magazin\/#\/schema\/person\/f4a17b2dc97f2e2bf1b88a89d4ef7d05"},"description":"B\u00e1rhova r\u00f6gz\u00edthet\u0151, sz\u00e1molni sem tudjuk a gy\u00e1ri kieg\u00e9sz\u00edt\u0151ket \u00e9s laz\u00e1n hozza a 4K-t verhetetlen\u00fcl olcs\u00f3n: ez a Lamax X9.1.","breadcrumb":{"@id":"https:\/\/hir.mediamarkt.hu\/magazin\/lamax-x9-1-teszt\/#breadcrumb"},"inLanguage":"hu","potentialAction":[{"@type":"ReadAction","target":["https:\/\/hir.mediamarkt.hu\/magazin\/lamax-x9-1-teszt\/"]}]},{"@type":"ImageObject","inLanguage":"hu","@id":"https:\/\/hir.mediamarkt.hu\/magazin\/lamax-x9-1-teszt\/#primaryimage","url":"https:\/\/hir.mediamarkt.hu\/magazin\/wp-content\/uploads\/2021\/05\/lamax_x9.1_sportkamera.png","contentUrl":"https:\/\/hir.mediamarkt.hu\/magazin\/wp-content\/uploads\/2021\/05\/lamax_x9.1_sportkamera.png","width":1024,"height":619,"caption":"lamax x9.1 sportkamera"},{"@type":"BreadcrumbList","@id":"https:\/\/hir.mediamarkt.hu\/magazin\/lamax-x9-1-teszt\/#breadcrumb","itemListElement":[{"@type":"ListItem","position":1,"name":"Kezd\u0151lap","item":"https:\/\/hir.mediamarkt.hu\/magazin\/"},{"@type":"ListItem","position":2,"name":"A (majdnem) t\u00f6k\u00e9letes akci\u00f3kamera t\u00f6k\u00e9letes \u00e1ron: Lamax X9.1 teszt"}]},{"@type":"WebSite","@id":"https:\/\/hir.mediamarkt.hu\/magazin\/#website","url":"https:\/\/hir.mediamarkt.hu\/magazin\/","name":"MediaMarkt Magazin","description":"Olvass bele magazinunkba!","potentialAction":[{"@type":"SearchAction","target":{"@type":"EntryPoint","urlTemplate":"https:\/\/hir.mediamarkt.hu\/magazin\/?s={search_term_string}"},"query-input":"required name=search_term_string"}],"inLanguage":"hu"},{"@type":"Person","@id":"https:\/\/hir.mediamarkt.hu\/magazin\/#\/schema\/person\/f4a17b2dc97f2e2bf1b88a89d4ef7d05","name":"Nemenyi","image":{"@type":"ImageObject","inLanguage":"hu","@id":"https:\/\/hir.mediamarkt.hu\/magazin\/#\/schema\/person\/image\/","url":"https:\/\/secure.gravatar.com\/avatar\/9470b3223c723142e66adcad803b24fe?s=96&d=mm&r=g","contentUrl":"https:\/\/secure.gravatar.com\/avatar\/9470b3223c723142e66adcad803b24fe?s=96&d=mm&r=g","caption":"Nemenyi"}}]}},"_links":{"self":[{"href":"https:\/\/hir.mediamarkt.hu\/magazin\/wp-json\/wp\/v2\/posts\/12378"}],"collection":[{"href":"https:\/\/hir.mediamarkt.hu\/magazin\/wp-json\/wp\/v2\/posts"}],"about":[{"href":"https:\/\/hir.mediamarkt.hu\/magazin\/wp-json\/wp\/v2\/types\/post"}],"author":[{"embeddable":true,"href":"https:\/\/hir.mediamarkt.hu\/magazin\/wp-json\/wp\/v2\/users\/22"}],"replies":[{"embeddable":true,"href":"https:\/\/hir.mediamarkt.hu\/magazin\/wp-json\/wp\/v2\/comments?post=12378"}],"version-history":[{"count":5,"href":"https:\/\/hir.mediamarkt.hu\/magazin\/wp-json\/wp\/v2\/posts\/12378\/revisions"}],"predecessor-version":[{"id":12466,"href":"https:\/\/hir.mediamarkt.hu\/magazin\/wp-json\/wp\/v2\/posts\/12378\/revisions\/12466"}],"wp:featuredmedia":[{"embeddable":true,"href":"https:\/\/hir.mediamarkt.hu\/magazin\/wp-json\/wp\/v2\/media\/12508"}],"wp:attachment":[{"href":"https:\/\/hir.mediamarkt.hu\/magazin\/wp-json\/wp\/v2\/media?parent=12378"}],"wp:term":[{"taxonomy":"category","embeddable":true,"href":"https:\/\/hir.mediamarkt.hu\/magazin\/wp-json\/wp\/v2\/categories?post=12378"},{"taxonomy":"post_tag","embeddable":true,"href":"https:\/\/hir.mediamarkt.hu\/magazin\/wp-json\/wp\/v2\/tags?post=12378"}],"curies":[{"name":"wp","href":"https:\/\/api.w.org\/{rel}","templated":true}]}}