{"id":12380,"date":"2021-05-24T22:41:51","date_gmt":"2021-05-24T21:41:51","guid":{"rendered":"https:\/\/hir.mediamarkt.hu\/magazin\/?p=12380"},"modified":"2021-06-03T12:04:31","modified_gmt":"2021-06-03T11:04:31","slug":"nespresso-virtuo","status":"publish","type":"post","link":"https:\/\/hir.mediamarkt.hu\/magazin\/nespresso-virtuo\/","title":{"rendered":"Nespresso Vertuo bemutat\u00f3 &#8211; enn\u00e9l t\u00f6bbet k\u00e1v\u00e9g\u00e9p m\u00e1r nem tudhat"},"content":{"rendered":"","protected":true},"excerpt":{"rendered":"","protected":true},"author":22,"featured_media":0,"comment_status":"open","ping_status":"open","sticky":false,"template":"","format":"standard","meta":{"wprm-recipe-roundup-name":"","wprm-recipe-roundup-description":"","footnotes":""},"categories":[1],"tags":[1284,510,984,4304,4305],"yoast_head":"<!-- This site is optimized with the Yoast SEO plugin v22.9 - https:\/\/yoast.com\/wordpress\/plugins\/seo\/ -->\n<title>Nespresso Vertuo bemutat\u00f3 - enn\u00e9l t\u00f6bbet k\u00e1v\u00e9g\u00e9p m\u00e1r nem tudhat - MediaMarkt Magazin<\/title>\n<meta name=\"description\" content=\"Fenntarthat\u00f3, haz\u00e1nkban gy\u00e1rtj\u00e1k, eleg\u00e1ns, \u00e9s semmiben nem marad el a profi barist\u00e1k remekm\u0171veit\u0151l: bemutatjuk a Nespresso Vertuo rendszert.\" \/>\n<meta name=\"robots\" content=\"index, follow, max-snippet:-1, max-image-preview:large, max-video-preview:-1\" \/>\n<link rel=\"canonical\" href=\"https:\/\/hir.mediamarkt.hu\/magazin\/nespresso-virtuo\/\" \/>\n<meta property=\"og:locale\" content=\"hu_HU\" \/>\n<meta property=\"og:type\" content=\"article\" \/>\n<meta property=\"og:title\" content=\"Nespresso Vertuo bemutat\u00f3 - enn\u00e9l t\u00f6bbet k\u00e1v\u00e9g\u00e9p m\u00e1r nem tudhat - MediaMarkt Magazin\" \/>\n<meta property=\"og:description\" content=\"Fenntarthat\u00f3, haz\u00e1nkban gy\u00e1rtj\u00e1k, eleg\u00e1ns, \u00e9s semmiben nem marad el a profi barist\u00e1k remekm\u0171veit\u0151l: bemutatjuk a Nespresso Vertuo rendszert.\" \/>\n<meta property=\"og:url\" content=\"https:\/\/hir.mediamarkt.hu\/magazin\/nespresso-virtuo\/\" \/>\n<meta property=\"og:site_name\" content=\"MediaMarkt Magazin\" \/>\n<meta property=\"article:publisher\" content=\"https:\/\/www.facebook.com\/MediaMarktMagyarorszag\" \/>\n<meta property=\"article:published_time\" content=\"2021-05-24T21:41:51+00:00\" \/>\n<meta property=\"article:modified_time\" content=\"2021-06-03T11:04:31+00:00\" \/>\n<meta name=\"author\" content=\"Nemenyi\" \/>\n<meta name=\"twitter:label1\" content=\"Szerz\u0151:\" \/>\n\t<meta name=\"twitter:data1\" content=\"Nemenyi\" \/>\n\t<meta name=\"twitter:label2\" content=\"Becs\u00fclt olvas\u00e1si id\u0151\" \/>\n\t<meta name=\"twitter:data2\" content=\"3 perc\" \/>\n<script type=\"application\/ld+json\" class=\"yoast-schema-graph\">{\"@context\":\"https:\/\/schema.org\",\"@graph\":[{\"@type\":\"WebPage\",\"@id\":\"https:\/\/hir.mediamarkt.hu\/magazin\/nespresso-virtuo\/\",\"url\":\"https:\/\/hir.mediamarkt.hu\/magazin\/nespresso-virtuo\/\",\"name\":\"Nespresso Vertuo bemutat\u00f3 - enn\u00e9l t\u00f6bbet k\u00e1v\u00e9g\u00e9p m\u00e1r nem tudhat - MediaMarkt Magazin\",\"isPartOf\":{\"@id\":\"https:\/\/hir.mediamarkt.hu\/magazin\/#website\"},\"datePublished\":\"2021-05-24T21:41:51+00:00\",\"dateModified\":\"2021-06-03T11:04:31+00:00\",\"breadcrumb\":{\"@id\":\"https:\/\/hir.mediamarkt.hu\/magazin\/nespresso-virtuo\/#breadcrumb\"},\"inLanguage\":\"hu\"},{\"@type\":\"WebSite\",\"@id\":\"https:\/\/hir.mediamarkt.hu\/magazin\/#website\",\"url\":\"https:\/\/hir.mediamarkt.hu\/magazin\/\",\"name\":\"MediaMarkt Magazin\",\"description\":\"Olvass bele magazinunkba!\",\"potentialAction\":[{\"@type\":\"SearchAction\",\"target\":{\"@type\":\"EntryPoint\",\"urlTemplate\":\"https:\/\/hir.mediamarkt.hu\/magazin\/?s={search_term_string}\"},\"query-input\":\"required name=search_term_string\"}],\"inLanguage\":\"hu\"}]}<\/script>\n<!-- \/ Yoast SEO plugin. -->","yoast_head_json":{"title":"Nespresso Vertuo bemutat\u00f3 - enn\u00e9l t\u00f6bbet k\u00e1v\u00e9g\u00e9p m\u00e1r nem tudhat - MediaMarkt Magazin","description":"Fenntarthat\u00f3, haz\u00e1nkban gy\u00e1rtj\u00e1k, eleg\u00e1ns, \u00e9s semmiben nem marad el a profi barist\u00e1k remekm\u0171veit\u0151l: bemutatjuk a Nespresso Vertuo rendszert.","robots":{"index":"index","follow":"follow","max-snippet":"max-snippet:-1","max-image-preview":"max-image-preview:large","max-video-preview":"max-video-preview:-1"},"canonical":"https:\/\/hir.mediamarkt.hu\/magazin\/nespresso-virtuo\/","og_locale":"hu_HU","og_type":"article","og_title":"Nespresso Vertuo bemutat\u00f3 - enn\u00e9l t\u00f6bbet k\u00e1v\u00e9g\u00e9p m\u00e1r nem tudhat - MediaMarkt Magazin","og_description":"Fenntarthat\u00f3, haz\u00e1nkban gy\u00e1rtj\u00e1k, eleg\u00e1ns, \u00e9s semmiben nem marad el a profi barist\u00e1k remekm\u0171veit\u0151l: bemutatjuk a Nespresso Vertuo rendszert.","og_url":"https:\/\/hir.mediamarkt.hu\/magazin\/nespresso-virtuo\/","og_site_name":"MediaMarkt Magazin","article_publisher":"https:\/\/www.facebook.com\/MediaMarktMagyarorszag","article_published_time":"2021-05-24T21:41:51+00:00","article_modified_time":"2021-06-03T11:04:31+00:00","author":"Nemenyi","twitter_misc":{"Szerz\u0151:":"Nemenyi","Becs\u00fclt olvas\u00e1si id\u0151":"3 perc"},"schema":{"@context":"https:\/\/schema.org","@graph":[{"@type":"WebPage","@id":"https:\/\/hir.mediamarkt.hu\/magazin\/nespresso-virtuo\/","url":"https:\/\/hir.mediamarkt.hu\/magazin\/nespresso-virtuo\/","name":"Nespresso Vertuo bemutat\u00f3 - enn\u00e9l t\u00f6bbet k\u00e1v\u00e9g\u00e9p m\u00e1r nem tudhat - MediaMarkt Magazin","isPartOf":{"@id":"https:\/\/hir.mediamarkt.hu\/magazin\/#website"},"datePublished":"2021-05-24T21:41:51+00:00","dateModified":"2021-06-03T11:04:31+00:00","breadcrumb":{"@id":"https:\/\/hir.mediamarkt.hu\/magazin\/nespresso-virtuo\/#breadcrumb"},"inLanguage":"hu"},{"@type":"WebSite","@id":"https:\/\/hir.mediamarkt.hu\/magazin\/#website","url":"https:\/\/hir.mediamarkt.hu\/magazin\/","name":"MediaMarkt Magazin","description":"Olvass bele magazinunkba!","potentialAction":[{"@type":"SearchAction","target":{"@type":"EntryPoint","urlTemplate":"https:\/\/hir.mediamarkt.hu\/magazin\/?s={search_term_string}"},"query-input":"required name=search_term_string"}],"inLanguage":"hu"}]}},"_links":{"self":[{"href":"https:\/\/hir.mediamarkt.hu\/magazin\/wp-json\/wp\/v2\/posts\/12380"}],"collection":[{"href":"https:\/\/hir.mediamarkt.hu\/magazin\/wp-json\/wp\/v2\/posts"}],"about":[{"href":"https:\/\/hir.mediamarkt.hu\/magazin\/wp-json\/wp\/v2\/types\/post"}],"author":[{"embeddable":true,"href":"https:\/\/hir.mediamarkt.hu\/magazin\/wp-json\/wp\/v2\/users\/22"}],"replies":[{"embeddable":true,"href":"https:\/\/hir.mediamarkt.hu\/magazin\/wp-json\/wp\/v2\/comments?post=12380"}],"version-history":[{"count":6,"href":"https:\/\/hir.mediamarkt.hu\/magazin\/wp-json\/wp\/v2\/posts\/12380\/revisions"}],"predecessor-version":[{"id":12406,"href":"https:\/\/hir.mediamarkt.hu\/magazin\/wp-json\/wp\/v2\/posts\/12380\/revisions\/12406"}],"wp:attachment":[{"href":"https:\/\/hir.mediamarkt.hu\/magazin\/wp-json\/wp\/v2\/media?parent=12380"}],"wp:term":[{"taxonomy":"category","embeddable":true,"href":"https:\/\/hir.mediamarkt.hu\/magazin\/wp-json\/wp\/v2\/categories?post=12380"},{"taxonomy":"post_tag","embeddable":true,"href":"https:\/\/hir.mediamarkt.hu\/magazin\/wp-json\/wp\/v2\/tags?post=12380"}],"curies":[{"name":"wp","href":"https:\/\/api.w.org\/{rel}","templated":true}]}}