{"id":1249,"date":"2014-07-31T16:02:01","date_gmt":"2014-07-31T15:02:01","guid":{"rendered":"http:\/\/hir.mediamarkt.hu\/magazin\/?p=1249"},"modified":"2014-07-31T16:02:01","modified_gmt":"2014-07-31T15:02:01","slug":"veszelyes-usb","status":"publish","type":"post","link":"https:\/\/hir.mediamarkt.hu\/magazin\/veszelyes-usb\/","title":{"rendered":"Vesz\u00e9lyes USB"},"content":{"rendered":"<p>Egy egyszer\u0171 pendrive-b\u00f3l is lehet felder\u00edthetetlen digit\u00e1lis k\u00e1rokoz\u00f3, r\u00e1ad\u00e1sul v\u00e9dekezni sem lehet ellene.<br \/><br \/>A h\u00e9ten kifejezetten rossz h\u00edrekkel kell szolg\u00e1lnunk az online \u00e9s most m\u00e1r az offline biztons\u00e1gunkkal kapcsolatban. Tegnap kider\u00fclt, hogy a h\u00edres\/h\u00edrhedt, online anonimit\u00e1st biztos\u00edt\u00f3 <a href=\"http:\/\/www.mediamarkt.hu\/mcs\/shop\/magazin.html?postID=1244&amp;t=Nincs-online-anonimitas\" target=\"_blank\"><span style=\"color: #ff0000;\">Tor b\u00f6ng\u00e9sz\u0151t is felt\u00f6rt\u00e9k<\/span><\/a>, ma pedig arr\u00f3l kell besz\u00e1monunk, hogy minden USB-s eszk\u00f6z vesz\u00e9lyforr\u00e1s lehet.<\/p>\r\n<p>&nbsp;<\/p>\r\n<p align=\"center\"><a href=\"http:\/\/hir.mediamarkt.hu\/magazin\/wp-content\/uploads\/2014\/07\/pedriveveszelyes.jpg\" data-lbwps-width=\"800\" data-lbwps-height=\"612\" data-lbwps-srcsmall=\"https:\/\/hir.mediamarkt.hu\/magazin\/wp-content\/uploads\/2014\/07\/pedriveveszelyes-300x230.jpg\"><img loading=\"lazy\" decoding=\"async\" class=\"aligncenter size-full wp-image-1251\" alt=\"pedriveveszelyes\" src=\"http:\/\/hir.mediamarkt.hu\/magazin\/wp-content\/uploads\/2014\/07\/pedriveveszelyes.jpg\" width=\"800\" height=\"612\" srcset=\"https:\/\/hir.mediamarkt.hu\/magazin\/wp-content\/uploads\/2014\/07\/pedriveveszelyes.jpg 800w, https:\/\/hir.mediamarkt.hu\/magazin\/wp-content\/uploads\/2014\/07\/pedriveveszelyes-300x230.jpg 300w, https:\/\/hir.mediamarkt.hu\/magazin\/wp-content\/uploads\/2014\/07\/pedriveveszelyes-275x210.jpg 275w, https:\/\/hir.mediamarkt.hu\/magazin\/wp-content\/uploads\/2014\/07\/pedriveveszelyes-768x588.jpg 768w\" sizes=\"(max-width: 800px) 100vw, 800px\" \/><\/a><\/p>\r\n<p>Karsten Nohl \u00e9s Jakob Lell biztons\u00e1gi szak\u00e9rt\u0151k ugyanis visszafejtett\u00e9k az USB-s eszk\u00f6z\u00f6k vez\u00e9rl\u0151 szoftver\u00e9t (firmware), amivel pl. egy pendrive, telefon, nyomtat\u00f3, stb. k\u00f6zli a sz\u00e1m\u00edt\u00f3g\u00e9p\u00fcnkkel, hogy kif\u00e9le, mif\u00e9le szerzet \u0151 \u00e9s azzal mi dolga van a g\u00e9p\u00fcnknek. R\u00e1ad\u00e1sul mivel \u00edgy m\u00f3dos\u00edtani tudj\u00e1k a szoftvert, amellett, hogy a g\u00e9p\u00f3nknek \u201cbemutatkozik\u201d mondjuk k\u00fcls\u0151 t\u00e1rhelyk\u00e9nt, k\u00e9pes b\u00e1rmilyen k\u00e1rtev\u0151 szoftvert, v\u00edrust a g\u00e9pbe juttatni, \u00fagy, hogy azt a v\u00edruskeres\u0151nk \u00e9szre sem veszi, hiszen aezen szoftverek csak a meghajt\u00f3kon l\u00e9v\u0151 \u00e1llom\u00e1nyokat l\u00e1tj\u00e1k.<\/p>\r\n<p>&nbsp;<\/p>\r\n<p align=\"center\"><a href=\"http:\/\/hir.mediamarkt.hu\/magazin\/wp-content\/uploads\/2014\/07\/pedriveveszelyes2.jpg\" data-lbwps-width=\"778\" data-lbwps-height=\"595\" data-lbwps-srcsmall=\"https:\/\/hir.mediamarkt.hu\/magazin\/wp-content\/uploads\/2014\/07\/pedriveveszelyes2-300x229.jpg\"><img loading=\"lazy\" decoding=\"async\" class=\"aligncenter size-full wp-image-1250\" alt=\"pedriveveszelyes2\" src=\"http:\/\/hir.mediamarkt.hu\/magazin\/wp-content\/uploads\/2014\/07\/pedriveveszelyes2.jpg\" width=\"800\" height=\"612\" srcset=\"https:\/\/hir.mediamarkt.hu\/magazin\/wp-content\/uploads\/2014\/07\/pedriveveszelyes2.jpg 778w, https:\/\/hir.mediamarkt.hu\/magazin\/wp-content\/uploads\/2014\/07\/pedriveveszelyes2-300x229.jpg 300w, https:\/\/hir.mediamarkt.hu\/magazin\/wp-content\/uploads\/2014\/07\/pedriveveszelyes2-275x210.jpg 275w, https:\/\/hir.mediamarkt.hu\/magazin\/wp-content\/uploads\/2014\/07\/pedriveveszelyes2-768x587.jpg 768w\" sizes=\"(max-width: 800px) 100vw, 800px\" \/><\/a><\/p>\r\n<p>Ez teh\u00e1t azt jelenti, hogy nem a k\u00fcl\u00f6nf\u00e9le esz k\u00f6z\u00f6k t\u00e1rter\u00fclet\u00e9r\u0151l (pl. az USB kulcsok, k\u00fcls\u0151 meghajt\u00f3k, vagy \u00e9pp okostelefonok) \u00e9rkezik a t\u00e1mad\u00e1s, hanem a gy\u00e1rt\u00f3 \u00e1ltal be\u00e9getett vez\u00e9rl\u0151 csipb\u0151l, ami ellen jelen \u00e1ll\u00e1s szerint abszol\u00fat v\u00e9dtelenek vagyunk, legyen sz\u00f3 b\u00e1rmilyen komoly biztons\u00e1gi megold\u00e1sokr\u00f3l. A k\u00e1rt\u00e9kony program egyszer\u0171en kiker\u00fcli a norm\u00e1l kommunik\u00e1ci\u00f3s csatorn\u00e1kat, \u00edgy komoly \u00e9s speci\u00e1lis hacker szak\u00e9rtelmet ig\u00e9nyel a dolog felder\u00edt\u00e9se, vagyis hi\u00e1ba a form\u00e1z\u00e1s, v\u00edrus\u00edrt\u00e1s stb. gayakorlatilag ezen v\u00e9delmek nem k\u00e9pesek eljutni a firmware.ig. Ez elk\u00e9peszt\u0151en vesz\u00e9lyes lehet p\u00e9ld\u00e1ul az \u00e1llami, vagy banki szektorban \u00e9s a kutat\u00f3k szerint igaz\u00e1b\u00f3l az egyetlen megold\u00e1s, ha gy\u00e1rt\u00f3i szinten k\u00e9sz\u00fclnek fel erre a t\u00e1mad\u00e1sra \u00e9s k\u00fcsz\u00f6b\u00f6lik ki egy ilyen firmware v\u00e1ltoztat\u00e1s lehet\u0151s\u00e9g\u00e9t.<\/p>","protected":false},"excerpt":{"rendered":"Egy egyszer\u0171 pendrive-b\u00f3l is lehet felder\u00edthetetlen digit\u00e1lis k\u00e1rokoz\u00f3, r\u00e1ad\u00e1sul v\u00e9dekezni sem lehet ellene.A h\u00e9ten kifejezetten rossz h\u00edrekkel kell szolg\u00e1lnunk az online \u00e9s most m\u00e1r az offline biztons\u00e1gunkkal kapcsolatban. Tegnap kider\u00fclt, hogy a h\u00edres\/h\u00edrhedt, online anonimit\u00e1st biztos\u00edt\u00f3 Tor b\u00f6ng\u00e9sz\u0151t is felt\u00f6rt\u00e9k, ma pedig arr\u00f3l kell besz\u00e1monunk, hogy minden USB-s eszk\u00f6z vesz\u00e9lyforr\u00e1s lehet. &nbsp; Karsten Nohl \u00e9s Jakob Lell biztons\u00e1gi szak\u00e9rt\u0151k ugyanis visszafejtett\u00e9k az USB-s eszk\u00f6z\u00f6k vez\u00e9rl\u0151 szoftver\u00e9t (firmware), amivel pl. egy pendrive, telefon, nyomtat\u00f3, stb. k\u00f6zli a sz\u00e1m\u00edt\u00f3g\u00e9p\u00fcnkkel, hogy kif\u00e9le, mif\u00e9le szerzet \u0151 \u00e9s azzal mi dolga van a g\u00e9p\u00fcnknek. R\u00e1ad\u00e1sul mivel \u00edgy m\u00f3dos\u00edtani tudj\u00e1k a szoftvert, amellett, hogy a g\u00e9p\u00f3nknek \u201cbemutatkozik\u201d mondjuk k\u00fcls\u0151 t\u00e1rhelyk\u00e9nt, k\u00e9pes b\u00e1rmilyen k\u00e1rtev\u0151 szoftvert, v\u00edrust a g\u00e9pbe juttatni, \u00fagy, hogy azt a v\u00edruskeres\u0151nk \u00e9szre sem veszi, &#8230;","protected":false},"author":13,"featured_media":0,"comment_status":"open","ping_status":"open","sticky":false,"template":"","format":"standard","meta":{"wprm-recipe-roundup-name":"","wprm-recipe-roundup-description":"","footnotes":""},"categories":[5979],"tags":[445,712,711,713,134,710],"yoast_head":"<!-- This site is optimized with the Yoast SEO plugin v22.9 - https:\/\/yoast.com\/wordpress\/plugins\/seo\/ -->\n<title>Vesz\u00e9lyes USB - MediaMarkt Magazin<\/title>\n<meta name=\"robots\" content=\"index, follow, max-snippet:-1, max-image-preview:large, max-video-preview:-1\" \/>\n<link rel=\"canonical\" href=\"https:\/\/hir.mediamarkt.hu\/magazin\/veszelyes-usb\/\" \/>\n<meta property=\"og:locale\" content=\"hu_HU\" \/>\n<meta property=\"og:type\" content=\"article\" \/>\n<meta property=\"og:title\" content=\"Vesz\u00e9lyes USB - MediaMarkt Magazin\" \/>\n<meta property=\"og:description\" content=\"Egy egyszer\u0171 pendrive-b\u00f3l is lehet felder\u00edthetetlen digit\u00e1lis k\u00e1rokoz\u00f3, r\u00e1ad\u00e1sul v\u00e9dekezni sem lehet ellene.A h\u00e9ten kifejezetten rossz h\u00edrekkel kell szolg\u00e1lnunk az online \u00e9s most m\u00e1r az offline biztons\u00e1gunkkal kapcsolatban. Tegnap kider\u00fclt, hogy a h\u00edres\/h\u00edrhedt, online anonimit\u00e1st biztos\u00edt\u00f3 Tor b\u00f6ng\u00e9sz\u0151t is felt\u00f6rt\u00e9k, ma pedig arr\u00f3l kell besz\u00e1monunk, hogy minden USB-s eszk\u00f6z vesz\u00e9lyforr\u00e1s lehet. &nbsp; Karsten Nohl \u00e9s Jakob Lell biztons\u00e1gi szak\u00e9rt\u0151k ugyanis visszafejtett\u00e9k az USB-s eszk\u00f6z\u00f6k vez\u00e9rl\u0151 szoftver\u00e9t (firmware), amivel pl. egy pendrive, telefon, nyomtat\u00f3, stb. k\u00f6zli a sz\u00e1m\u00edt\u00f3g\u00e9p\u00fcnkkel, hogy kif\u00e9le, mif\u00e9le szerzet \u0151 \u00e9s azzal mi dolga van a g\u00e9p\u00fcnknek. R\u00e1ad\u00e1sul mivel \u00edgy m\u00f3dos\u00edtani tudj\u00e1k a szoftvert, amellett, hogy a g\u00e9p\u00f3nknek \u201cbemutatkozik\u201d mondjuk k\u00fcls\u0151 t\u00e1rhelyk\u00e9nt, k\u00e9pes b\u00e1rmilyen k\u00e1rtev\u0151 szoftvert, v\u00edrust a g\u00e9pbe juttatni, \u00fagy, hogy azt a v\u00edruskeres\u0151nk \u00e9szre sem veszi, ...\" \/>\n<meta property=\"og:url\" content=\"https:\/\/hir.mediamarkt.hu\/magazin\/veszelyes-usb\/\" \/>\n<meta property=\"og:site_name\" content=\"MediaMarkt Magazin\" \/>\n<meta property=\"article:publisher\" content=\"https:\/\/www.facebook.com\/MediaMarktMagyarorszag\" \/>\n<meta property=\"article:published_time\" content=\"2014-07-31T15:02:01+00:00\" \/>\n<meta property=\"og:image\" content=\"http:\/\/hir.mediamarkt.hu\/magazin\/wp-content\/uploads\/2014\/07\/pedriveveszelyes.jpg\" \/>\n<meta name=\"author\" content=\"Media Markt\" \/>\n<meta name=\"twitter:label1\" content=\"Szerz\u0151:\" \/>\n\t<meta name=\"twitter:data1\" content=\"Media Markt\" \/>\n\t<meta name=\"twitter:label2\" content=\"Becs\u00fclt olvas\u00e1si id\u0151\" \/>\n\t<meta name=\"twitter:data2\" content=\"2 perc\" \/>\n<script type=\"application\/ld+json\" class=\"yoast-schema-graph\">{\"@context\":\"https:\/\/schema.org\",\"@graph\":[{\"@type\":\"WebPage\",\"@id\":\"https:\/\/hir.mediamarkt.hu\/magazin\/veszelyes-usb\/\",\"url\":\"https:\/\/hir.mediamarkt.hu\/magazin\/veszelyes-usb\/\",\"name\":\"Vesz\u00e9lyes USB - MediaMarkt Magazin\",\"isPartOf\":{\"@id\":\"https:\/\/hir.mediamarkt.hu\/magazin\/#website\"},\"primaryImageOfPage\":{\"@id\":\"https:\/\/hir.mediamarkt.hu\/magazin\/veszelyes-usb\/#primaryimage\"},\"image\":{\"@id\":\"https:\/\/hir.mediamarkt.hu\/magazin\/veszelyes-usb\/#primaryimage\"},\"thumbnailUrl\":\"http:\/\/hir.mediamarkt.hu\/magazin\/wp-content\/uploads\/2014\/07\/pedriveveszelyes.jpg\",\"datePublished\":\"2014-07-31T15:02:01+00:00\",\"dateModified\":\"2014-07-31T15:02:01+00:00\",\"author\":{\"@id\":\"https:\/\/hir.mediamarkt.hu\/magazin\/#\/schema\/person\/b93b02ec1ab4d2353f8d281e171c1b0b\"},\"breadcrumb\":{\"@id\":\"https:\/\/hir.mediamarkt.hu\/magazin\/veszelyes-usb\/#breadcrumb\"},\"inLanguage\":\"hu\",\"potentialAction\":[{\"@type\":\"ReadAction\",\"target\":[\"https:\/\/hir.mediamarkt.hu\/magazin\/veszelyes-usb\/\"]}]},{\"@type\":\"ImageObject\",\"inLanguage\":\"hu\",\"@id\":\"https:\/\/hir.mediamarkt.hu\/magazin\/veszelyes-usb\/#primaryimage\",\"url\":\"http:\/\/hir.mediamarkt.hu\/magazin\/wp-content\/uploads\/2014\/07\/pedriveveszelyes.jpg\",\"contentUrl\":\"http:\/\/hir.mediamarkt.hu\/magazin\/wp-content\/uploads\/2014\/07\/pedriveveszelyes.jpg\"},{\"@type\":\"BreadcrumbList\",\"@id\":\"https:\/\/hir.mediamarkt.hu\/magazin\/veszelyes-usb\/#breadcrumb\",\"itemListElement\":[{\"@type\":\"ListItem\",\"position\":1,\"name\":\"Kezd\u0151lap\",\"item\":\"https:\/\/hir.mediamarkt.hu\/magazin\/\"},{\"@type\":\"ListItem\",\"position\":2,\"name\":\"IT \u00e9s sz\u00e1m\u00edt\u00e1stechnika\",\"item\":\"https:\/\/hir.mediamarkt.hu\/magazin\/it-es-szamitastechnika\/\"},{\"@type\":\"ListItem\",\"position\":3,\"name\":\"IT h\u00edrek\",\"item\":\"https:\/\/hir.mediamarkt.hu\/magazin\/it-es-szamitastechnika\/it-hirek\/\"},{\"@type\":\"ListItem\",\"position\":4,\"name\":\"Vesz\u00e9lyes USB\"}]},{\"@type\":\"WebSite\",\"@id\":\"https:\/\/hir.mediamarkt.hu\/magazin\/#website\",\"url\":\"https:\/\/hir.mediamarkt.hu\/magazin\/\",\"name\":\"MediaMarkt Magazin\",\"description\":\"Olvass bele magazinunkba!\",\"potentialAction\":[{\"@type\":\"SearchAction\",\"target\":{\"@type\":\"EntryPoint\",\"urlTemplate\":\"https:\/\/hir.mediamarkt.hu\/magazin\/?s={search_term_string}\"},\"query-input\":\"required name=search_term_string\"}],\"inLanguage\":\"hu\"},{\"@type\":\"Person\",\"@id\":\"https:\/\/hir.mediamarkt.hu\/magazin\/#\/schema\/person\/b93b02ec1ab4d2353f8d281e171c1b0b\",\"name\":\"Media Markt\",\"image\":{\"@type\":\"ImageObject\",\"inLanguage\":\"hu\",\"@id\":\"https:\/\/hir.mediamarkt.hu\/magazin\/#\/schema\/person\/image\/\",\"url\":\"https:\/\/secure.gravatar.com\/avatar\/602bccae8998beee472d01909f0978f1?s=96&d=mm&r=g\",\"contentUrl\":\"https:\/\/secure.gravatar.com\/avatar\/602bccae8998beee472d01909f0978f1?s=96&d=mm&r=g\",\"caption\":\"Media Markt\"}}]}<\/script>\n<!-- \/ Yoast SEO plugin. -->","yoast_head_json":{"title":"Vesz\u00e9lyes USB - MediaMarkt Magazin","robots":{"index":"index","follow":"follow","max-snippet":"max-snippet:-1","max-image-preview":"max-image-preview:large","max-video-preview":"max-video-preview:-1"},"canonical":"https:\/\/hir.mediamarkt.hu\/magazin\/veszelyes-usb\/","og_locale":"hu_HU","og_type":"article","og_title":"Vesz\u00e9lyes USB - MediaMarkt Magazin","og_description":"Egy egyszer\u0171 pendrive-b\u00f3l is lehet felder\u00edthetetlen digit\u00e1lis k\u00e1rokoz\u00f3, r\u00e1ad\u00e1sul v\u00e9dekezni sem lehet ellene.A h\u00e9ten kifejezetten rossz h\u00edrekkel kell szolg\u00e1lnunk az online \u00e9s most m\u00e1r az offline biztons\u00e1gunkkal kapcsolatban. Tegnap kider\u00fclt, hogy a h\u00edres\/h\u00edrhedt, online anonimit\u00e1st biztos\u00edt\u00f3 Tor b\u00f6ng\u00e9sz\u0151t is felt\u00f6rt\u00e9k, ma pedig arr\u00f3l kell besz\u00e1monunk, hogy minden USB-s eszk\u00f6z vesz\u00e9lyforr\u00e1s lehet. &nbsp; Karsten Nohl \u00e9s Jakob Lell biztons\u00e1gi szak\u00e9rt\u0151k ugyanis visszafejtett\u00e9k az USB-s eszk\u00f6z\u00f6k vez\u00e9rl\u0151 szoftver\u00e9t (firmware), amivel pl. egy pendrive, telefon, nyomtat\u00f3, stb. k\u00f6zli a sz\u00e1m\u00edt\u00f3g\u00e9p\u00fcnkkel, hogy kif\u00e9le, mif\u00e9le szerzet \u0151 \u00e9s azzal mi dolga van a g\u00e9p\u00fcnknek. R\u00e1ad\u00e1sul mivel \u00edgy m\u00f3dos\u00edtani tudj\u00e1k a szoftvert, amellett, hogy a g\u00e9p\u00f3nknek \u201cbemutatkozik\u201d mondjuk k\u00fcls\u0151 t\u00e1rhelyk\u00e9nt, k\u00e9pes b\u00e1rmilyen k\u00e1rtev\u0151 szoftvert, v\u00edrust a g\u00e9pbe juttatni, \u00fagy, hogy azt a v\u00edruskeres\u0151nk \u00e9szre sem veszi, ...","og_url":"https:\/\/hir.mediamarkt.hu\/magazin\/veszelyes-usb\/","og_site_name":"MediaMarkt Magazin","article_publisher":"https:\/\/www.facebook.com\/MediaMarktMagyarorszag","article_published_time":"2014-07-31T15:02:01+00:00","og_image":[{"url":"http:\/\/hir.mediamarkt.hu\/magazin\/wp-content\/uploads\/2014\/07\/pedriveveszelyes.jpg"}],"author":"Media Markt","twitter_misc":{"Szerz\u0151:":"Media Markt","Becs\u00fclt olvas\u00e1si id\u0151":"2 perc"},"schema":{"@context":"https:\/\/schema.org","@graph":[{"@type":"WebPage","@id":"https:\/\/hir.mediamarkt.hu\/magazin\/veszelyes-usb\/","url":"https:\/\/hir.mediamarkt.hu\/magazin\/veszelyes-usb\/","name":"Vesz\u00e9lyes USB - MediaMarkt Magazin","isPartOf":{"@id":"https:\/\/hir.mediamarkt.hu\/magazin\/#website"},"primaryImageOfPage":{"@id":"https:\/\/hir.mediamarkt.hu\/magazin\/veszelyes-usb\/#primaryimage"},"image":{"@id":"https:\/\/hir.mediamarkt.hu\/magazin\/veszelyes-usb\/#primaryimage"},"thumbnailUrl":"http:\/\/hir.mediamarkt.hu\/magazin\/wp-content\/uploads\/2014\/07\/pedriveveszelyes.jpg","datePublished":"2014-07-31T15:02:01+00:00","dateModified":"2014-07-31T15:02:01+00:00","author":{"@id":"https:\/\/hir.mediamarkt.hu\/magazin\/#\/schema\/person\/b93b02ec1ab4d2353f8d281e171c1b0b"},"breadcrumb":{"@id":"https:\/\/hir.mediamarkt.hu\/magazin\/veszelyes-usb\/#breadcrumb"},"inLanguage":"hu","potentialAction":[{"@type":"ReadAction","target":["https:\/\/hir.mediamarkt.hu\/magazin\/veszelyes-usb\/"]}]},{"@type":"ImageObject","inLanguage":"hu","@id":"https:\/\/hir.mediamarkt.hu\/magazin\/veszelyes-usb\/#primaryimage","url":"http:\/\/hir.mediamarkt.hu\/magazin\/wp-content\/uploads\/2014\/07\/pedriveveszelyes.jpg","contentUrl":"http:\/\/hir.mediamarkt.hu\/magazin\/wp-content\/uploads\/2014\/07\/pedriveveszelyes.jpg"},{"@type":"BreadcrumbList","@id":"https:\/\/hir.mediamarkt.hu\/magazin\/veszelyes-usb\/#breadcrumb","itemListElement":[{"@type":"ListItem","position":1,"name":"Kezd\u0151lap","item":"https:\/\/hir.mediamarkt.hu\/magazin\/"},{"@type":"ListItem","position":2,"name":"IT \u00e9s sz\u00e1m\u00edt\u00e1stechnika","item":"https:\/\/hir.mediamarkt.hu\/magazin\/it-es-szamitastechnika\/"},{"@type":"ListItem","position":3,"name":"IT h\u00edrek","item":"https:\/\/hir.mediamarkt.hu\/magazin\/it-es-szamitastechnika\/it-hirek\/"},{"@type":"ListItem","position":4,"name":"Vesz\u00e9lyes USB"}]},{"@type":"WebSite","@id":"https:\/\/hir.mediamarkt.hu\/magazin\/#website","url":"https:\/\/hir.mediamarkt.hu\/magazin\/","name":"MediaMarkt Magazin","description":"Olvass bele magazinunkba!","potentialAction":[{"@type":"SearchAction","target":{"@type":"EntryPoint","urlTemplate":"https:\/\/hir.mediamarkt.hu\/magazin\/?s={search_term_string}"},"query-input":"required name=search_term_string"}],"inLanguage":"hu"},{"@type":"Person","@id":"https:\/\/hir.mediamarkt.hu\/magazin\/#\/schema\/person\/b93b02ec1ab4d2353f8d281e171c1b0b","name":"Media Markt","image":{"@type":"ImageObject","inLanguage":"hu","@id":"https:\/\/hir.mediamarkt.hu\/magazin\/#\/schema\/person\/image\/","url":"https:\/\/secure.gravatar.com\/avatar\/602bccae8998beee472d01909f0978f1?s=96&d=mm&r=g","contentUrl":"https:\/\/secure.gravatar.com\/avatar\/602bccae8998beee472d01909f0978f1?s=96&d=mm&r=g","caption":"Media Markt"}}]}},"_links":{"self":[{"href":"https:\/\/hir.mediamarkt.hu\/magazin\/wp-json\/wp\/v2\/posts\/1249"}],"collection":[{"href":"https:\/\/hir.mediamarkt.hu\/magazin\/wp-json\/wp\/v2\/posts"}],"about":[{"href":"https:\/\/hir.mediamarkt.hu\/magazin\/wp-json\/wp\/v2\/types\/post"}],"author":[{"embeddable":true,"href":"https:\/\/hir.mediamarkt.hu\/magazin\/wp-json\/wp\/v2\/users\/13"}],"replies":[{"embeddable":true,"href":"https:\/\/hir.mediamarkt.hu\/magazin\/wp-json\/wp\/v2\/comments?post=1249"}],"version-history":[{"count":1,"href":"https:\/\/hir.mediamarkt.hu\/magazin\/wp-json\/wp\/v2\/posts\/1249\/revisions"}],"predecessor-version":[{"id":1252,"href":"https:\/\/hir.mediamarkt.hu\/magazin\/wp-json\/wp\/v2\/posts\/1249\/revisions\/1252"}],"wp:attachment":[{"href":"https:\/\/hir.mediamarkt.hu\/magazin\/wp-json\/wp\/v2\/media?parent=1249"}],"wp:term":[{"taxonomy":"category","embeddable":true,"href":"https:\/\/hir.mediamarkt.hu\/magazin\/wp-json\/wp\/v2\/categories?post=1249"},{"taxonomy":"post_tag","embeddable":true,"href":"https:\/\/hir.mediamarkt.hu\/magazin\/wp-json\/wp\/v2\/tags?post=1249"}],"curies":[{"name":"wp","href":"https:\/\/api.w.org\/{rel}","templated":true}]}}