{"id":12509,"date":"2021-07-08T16:02:14","date_gmt":"2021-07-08T15:02:14","guid":{"rendered":"https:\/\/hir.mediamarkt.hu\/magazin\/?p=12509"},"modified":"2021-07-13T09:59:34","modified_gmt":"2021-07-13T08:59:34","slug":"kiterjesztett-zenei-katalogus","status":"publish","type":"post","link":"https:\/\/hir.mediamarkt.hu\/magazin\/kiterjesztett-zenei-katalogus\/","title":{"rendered":"Zenei ritkas\u00e1gok, k\u00fcl\u00f6nlegess\u00e9gek- beindult a kiterjesztett zenei katal\u00f3gus"},"content":{"rendered":"\n<p class=\"has-text-align-justify\"><strong>Elindult a MediaMarkt <a href=\"https:\/\/mmapp.hu\/web\/zenei-katalogus\/index\" target=\"_blank\" rel=\"noopener\">massz\u00edv zenekatal\u00f3gusa<\/a>: mostant\u00f3l szabadon v\u00e1logathattok majd\u2019 f\u00e9lmilli\u00f3 kiadv\u00e1nyb\u00f3l a legn\u00e9pszer\u0171bb albumokt\u00f3l az alig fellelhet\u0151 ritkas\u00e1gokig. K\u00edv\u00e1ns\u00e1god elk\u00fcldheted munkat\u00e1rsainknak, akik beszerzik az albumot, felt\u00f6ltik a web\u00e1ruh\u00e1z adatb\u00e1zis\u00e1ba, \u00e9rtes\u00edtenek t\u00e9ged, \u00e9s m\u00e1r le is csaphatsz a kiszemelt albumra, legyen sz\u00f3 obsk\u00farus jazzr\u0151l, fura posztpunkr\u00f3l vagy ausztr\u00e1l diszk\u00f3r\u00f3l.<\/strong><\/p>\n\n\n\n<p class=\"has-text-align-justify\">2021-et \u00edrunk, a vil\u00e1g egyre fur\u00e1bb, mindenki \u00fagy keresi a menek\u00fcl\u0151utat a val\u00f3s\u00e1g el\u0151l, ahogy csak tudja, \u00e9s ez teljesen \u00e9rhet\u0151. Van, aki videoj\u00e1t\u00e9kokkal \u2013 erre k\u00edn\u00e1lkoz\u00f3 p\u00e9lda magazinunk teljes szerkeszt\u0151g\u00e1rd\u00e1ja \u2013 van, aki filmekkel \u00e9s k\u00f6nyvekkel, van, aki k\u00f6z\u00f6s\u00e9gi m\u00e9di\u00e1val, \u00e9s van, aki zen\u00e9t vesz.<\/p>\n\n\n\n<p class=\"has-text-align-justify\">M\u00e1rmint nem zen\u00e9t hallgat, vagy <strong>Spotifyra<\/strong> fizet el\u0151, hanem eg\u00e9szen konkr\u00e9tan, a maga fizikai val\u00f3j\u00e1ban megveszi a zen\u00e9t. Bemegy a boltba, kifizeti \u00e9s hazaviszi. Hogy otthon azt\u00e1n meghallgatja-e, kis t\u00falz\u00e1ssal r\u00e9szletk\u00e9rd\u00e9s (alighanem igen, m\u00e9ghozz\u00e1 nem is ak\u00e1rmilyen hangcuccon), a l\u00e9nyeg, f\u00fcggetlen\u00fcl att\u00f3l, hogy bevallja-e, ez: a zene megv\u00e9tele, annak birtokl\u00e1sa, gy\u00f6ny\u00f6rk\u00f6d\u00e9s a bakelit vagy c\u00e9d\u00e9 bor\u00edt\u00f3j\u00e1ban \u00e9s a kellemes, bizserget\u0151 \u00e9rz\u00e9s, hogy ott van a polcon.<\/p>\n\n\n\n<p>Ad\u00f3dik a k\u00e9rd\u00e9s, hogy<\/p>\n\n\n\n<blockquote class=\"wp-block-quote\"><p>m\u00e9gis mi \u00e9rtelme van zen\u00e9t venni manaps\u00e1g?<\/p><\/blockquote>\n\n\n\n<p class=\"has-text-align-justify\">M\u00e1rmint a fentieken k\u00edv\u00fcl. A zenestreaming szolg\u00e1ltat\u00e1sok (vagy ak\u00e1r a <strong>YouTube Music<\/strong>) ugyanis olyan k\u00edn\u00e1lattal bomb\u00e1zz\u00e1k az embert \u00e9s olyan fejlett algoritmusok aj\u00e1nlanak ismeretlen el\u0151ad\u00f3kat a hallgat\u00f3knak, amelyre m\u00e9g a legk\u00e9pzettebb zenebolti szakik sem k\u00e9pesek, nem, m\u00e9g <strong>Jack Black<\/strong> sem a k\u00f6nyv \u00e9s film form\u00e1j\u00e1ban is fantasztikus (\u00e9s borzalmas magyar c\u00edmmel meg\u00e1ldott) <strong>Pop, csajok, sat\u00f6bbib\u0151l<\/strong>. Nos, mint \u00edrtuk, 2021 van, egyre kevesebb dolognak van j\u00f3l megragadhat\u00f3, racion\u00e1lis \u00e9rtelme az \u00e9letben, \u00edgy maga a k\u00e9rd\u00e9s is kiss\u00e9 elavult, m\u00e9gis \u00e9rdemes elid\u0151zni rajta. Zen\u00e9t venni, azaz \u00f6t- vagy ak\u00e1r h\u00faszezer forintot kifizetni egy-egy album\u00e9rt igenis van \u00e9rtelme. <\/p>\n\n\n\n<figure class=\"wp-block-embed is-type-video is-provider-youtube wp-block-embed-youtube wp-embed-aspect-16-9 wp-has-aspect-ratio\"><div class=\"wp-block-embed__wrapper\">\n<iframe loading=\"lazy\" title=\"High Fidelity (2000) Trailer #1 | Movieclips Classic Trailers\" width=\"900\" height=\"506\" src=\"https:\/\/www.youtube.com\/embed\/OA9gPtWDiww?feature=oembed\" frameborder=\"0\" allow=\"accelerometer; autoplay; clipboard-write; encrypted-media; gyroscope; picture-in-picture; web-share\" referrerpolicy=\"strict-origin-when-cross-origin\" allowfullscreen><\/iframe>\n<\/div><\/figure>\n\n\n\n<p class=\"has-text-align-justify\">Bebizony\u00edtjuk. Te mikor hallgatt\u00e1l v\u00e9gig egy albumot egyben, az elej\u00e9t\u0151l a v\u00e9g\u00e9ig? M\u00e9gpedig \u00fagy, hogy \u2013 \u00e9s most j\u00f6n a durva r\u00e9sz \u2013 v\u00e9gig a zen\u00e9re figyelt\u00e9l? Ha idej\u00e9t sem tudod, nem hib\u00e1ztatunk: t\u00fal k\u00e9nyelmes \u00e9s egyszer\u0171 r\u00e1b\u00edzni a zen\u00e9t a Spotifyra ahelyett, hogy az ember megkeresn\u00e9 az \u00fajdons\u00e1gokat, a r\u00e9gi kedvenceit vagy a bep\u00f3toland\u00f3 m\u0171alkot\u00e1sokat, \u00e9s \u00e1tadja mag\u00e1t a daloknak, olyan sorrendben \u00e9s koncepci\u00f3 ment\u00e9n, ahogy azt az alkot\u00f3k elgondolt\u00e1k. Az album manaps\u00e1g ink\u00e1bb a h\u00e1tt\u00e9rben megy v\u00e9gig, egyre kev\u00e9sb\u00e9 az \u00e9let\u00fcnk r\u00e9sze.<\/p>\n\n\n\n<p class=\"has-text-align-justify\">A baj ezzel az, hogy nagyon-nagyon sok sz\u00e9ps\u00e9gr\u0151l maradunk le \u00fagy, hogy \u00e9szre sem vessz\u00fck. Az albumok befogad\u00e1sa \u2013 \u00e9s a zenehallgat\u00e1s \u00fagy \u00e1ltal\u00e1ban \u2013 m\u00e9ly \u00e9s teljes embert k\u00edv\u00e1n\u00f3 m\u0171\u00e9lvezet. A legjobb, legfontosabb albumok ritk\u00e1n tetszenek az embernek els\u0151re; hallgatni kell \u0151ket, dolgozni vel\u00fck, \u00e9rt\u00fck, nem ritk\u00e1n k\u00fczdeni. Nyilv\u00e1n nem a liftzen\u00e9r\u0151l, vagy a fast fashion boltokban a h\u00e1tt\u00e9rben hanyagul ism\u00e9tl\u0151d\u0151 k\u00e9tbites popzen\u00e9r\u0151l besz\u00e9l\u00fcnk, hanem az igazir\u00f3l, az antik jazzt\u0151l a posztpunkon \u00e1t a minimalista kort\u00e1rsig. <strong><a href=\"https:\/\/www.mediamarkt.hu\/hu\/product\/_rufus-wainwright-unfollow-the-rules-cd-1325673.html\" target=\"_blank\" rel=\"noreferrer noopener\">Rufus Wainwrightba<\/a><\/strong>, a <strong><a href=\"https:\/\/www.mediamarkt.hu\/hu\/product\/_joy-division-the-best-of-joy-division-cd-9166282.html\" target=\"_blank\" rel=\"noreferrer noopener\">Joy Divisionbe<\/a><\/strong> vagy<a href=\"https:\/\/www.mediamarkt.hu\/hu\/product\/_philip-glass-the-essential-philip-glass-cd-9185212.html\" target=\"_blank\" rel=\"noreferrer noopener\"> <strong>Philip Glassba<\/strong><\/a> nem bele-beleteker az ember a mobilj\u00e1n, hogy megn\u00e9zze, \u00e9rdemes-e berakni a kedvelt dalok k\u00f6z\u00e9 (hogy azt\u00e1n soha t\u00f6bb\u00e9 ne ind\u00edtsa el); ezeket b\u0171n nem a sz\u00f3 klasszikus \u00e9rtelm\u00e9ben hallgatni.<\/p>\n\n\n\n<p class=\"has-text-align-justify\">Ezen seg\u00edt az, ha az ember zen\u00e9t vesz. Ha ugyanis megv\u00e1s\u00e1rolsz egy albumot, azaz p\u00e9nzt adsz ki \u00e9rte, nem is keveset, hazaviszed \u00e9s be- vagy felteszed, nem int\u00e9zheted el annyival, hogy \u201e\u00e1, ez fura, tekerj\u00fcnk bele, azt\u00e1n hagyjuk, ha els\u0151re nem j\u00f6n be\u201d. Ilyenkor nincs mese:<\/p>\n\n\n\n<blockquote class=\"wp-block-quote\"><p>Zen\u00e9t kell hallgatni.<\/p><\/blockquote>\n\n\n\n<p class=\"has-text-align-justify\">(A min\u0151s\u00e9get most hagyjuk; az audiofilek tudj\u00e1k, mi\u00e9rt \u00f6sszehasonl\u00edthatatlan a bakelit \u00e9s a c\u00e9d\u00e9 a streaming dinamikatartom\u00e1ny\u00e1val, a nem-audiofileknek pedig b\u0151ven j\u00f3 a streaming, \u00e9s ezzel nincs semmi baj.)<\/p>\n\n\n\n<p class=\"has-text-align-justify\">\u00dagyhogy ezen hosszas, vitaind\u00edt\u00f3nak sz\u00e1nt (v\u00e1rjuk a kommenteket!) bevezet\u0151 ut\u00e1n engedj\u00e9tek meg, hogy eladjunk nektek j\u00f3 sok zen\u00e9t! A MediaMarkt ugyanis hosszas el\u0151k\u00e9sz\u00edt\u00e9s ut\u00e1n csendesen elind\u00edtott egy hi\u00e1nyp\u00f3tl\u00f3 \u00e9s a piacon egyed\u00fcl\u00e1ll\u00f3 projektet, <a href=\"https:\/\/mmapp.hu\/web\/zenei-katalogus\/index\" target=\"_blank\" rel=\"noopener\">a kiterjesztett zenei katal\u00f3gust<\/a>. Ennek l\u00e9nyege, hogy \u00fagy tudsz v\u00e1logatni a fizikai form\u00e1tumban kaphat\u00f3 zen\u00e9k, azaz t\u00f6bb sz\u00e1zezer (jelenleg majdnem f\u00e9lmilli\u00f3) album \u00e9s kislemez k\u00f6z\u00f6tt, mintha egy k\u00f6nyvt\u00e1r online k\u00edn\u00e1lat\u00e1b\u00f3l v\u00e1logatn\u00e1l.<\/p>\n\n\n\n<figure class=\"wp-block-image is-style-default\"><img loading=\"lazy\" decoding=\"async\" width=\"1440\" height=\"960\" src=\"https:\/\/hir.mediamarkt.hu\/magazin\/wp-content\/uploads\/2021\/07\/vinyl.jpg\" alt=\"Bakelitlemezek\" class=\"wp-image-12510\" srcset=\"https:\/\/hir.mediamarkt.hu\/magazin\/wp-content\/uploads\/2021\/07\/vinyl.jpg 1440w, https:\/\/hir.mediamarkt.hu\/magazin\/wp-content\/uploads\/2021\/07\/vinyl-300x200.jpg 300w, https:\/\/hir.mediamarkt.hu\/magazin\/wp-content\/uploads\/2021\/07\/vinyl-1024x682.jpg 1024w, https:\/\/hir.mediamarkt.hu\/magazin\/wp-content\/uploads\/2021\/07\/vinyl-275x183.jpg 275w, https:\/\/hir.mediamarkt.hu\/magazin\/wp-content\/uploads\/2021\/07\/vinyl-768x512.jpg 768w, https:\/\/hir.mediamarkt.hu\/magazin\/wp-content\/uploads\/2021\/07\/vinyl-1536x1024.jpg 1536w\" sizes=\"(max-width: 1440px) 100vw, 1440px\" \/><\/figure>\n\n\n\n<p class=\"has-text-align-justify\">Nagyon fontos azonban, hogy ez nem webshop: nem az\u00e9rt hoztuk l\u00e9tre, hogy k\u00f6zvetlen\u00fcl v\u00e1s\u00e1rolj, hanem az\u00e9rt, hogy bejel\u00f6ld \u00e9s elk\u00fcldd nek\u00fcnk a kedvenceidet, amelyek ir\u00e1nt vev\u0151k\u00e9nt is komolyan \u00e9rdekl\u0151dsz, \u00e9s mi seg\u00edt\u00fcnk beszerezni \u0151ket. M\u00e9ghozz\u00e1 olyan gyorsan, ahogy csak lehet. Az ut\u00f3bbi \u00e9vekben ugyanis rengeteg k\u00e9r\u00e9st, k\u00edv\u00e1ns\u00e1got \u00e9s \u00e9rdekl\u0151d\u0151 levelet kaptunk a zenei v\u00e1laszt\u00e9kunkkal kapcsolatban; most m\u00e1r hat\u00e9konyabban k\u00e9rhettek, k\u00e9rdezhettek. A be\u00e9rkez\u0151 k\u00edv\u00e1ns\u00e1gokat feldolgozzuk, \u00e9s miut\u00e1n felt\u00f6lt\u00f6tt\u00fck a norm\u00e1l zenei v\u00e1laszt\u00e9kunkba, \u00e9rtes\u00edtj\u00fck r\u00f3la az \u00e9rdekl\u0151d\u0151t. Ezt k\u00f6vet\u0151en a h\u00e9tk\u00f6znapi menetrend szerint m\u0171k\u00f6dik a folyamat, b\u00e1rki megtal\u00e1lhatja az alapv\u00e1laszt\u00e9kunkban a k\u00e9r\u00e9s\u00e9re felt\u00f6lt\u00f6tt kiadv\u00e1nyt, \u00e9s megrendelheti. A r\u00e9szletes m\u0171k\u00f6d\u00e9si folyamatot <a href=\"https:\/\/mmapp.hu\/web\/zenei-katalogus\/index\" target=\"_blank\" rel=\"noreferrer noopener\">ide kattintva<\/a>, a <em>B\u0151vebben<\/em> gomb alatt olvashatj\u00e1tok.<\/p>\n\n\n\n<p class=\"has-text-align-justify\">Arr\u00f3l nem is besz\u00e9lve, hogy az egyszer\u0171, letisztult, sallangmentes fel\u00fclet b\u00f6ng\u00e9sz\u00e9se minden zene\u0151r\u00fcltnek kiv\u00e1l\u00f3 sz\u00f3rakoz\u00e1s. Az adatb\u00e1zis a nemzetk\u00f6zi zenei sz\u00ednteret tartalmazza, de abb\u00f3l egy-k\u00e9t obsk\u00farus kiadv\u00e1ny kiv\u00e9tel\u00e9vel minden megtal\u00e1lhat\u00f3. A <strong>Cream Disraeli Gears<\/strong> c\u00edm\u0171 album\u00e1nak a z\u00f6ld sz\u00edn\u0171 vinyl-v\u00e1ltozat\u00e1t keresed? <a href=\"https:\/\/www.mediamarkt.hu\/hu\/product\/_cream-disraeli-gears-green-vinyl-vinyl-lp-nagylemez-1358800.html?outlet=726\" target=\"_blank\" rel=\"noopener\">Semmi gond<\/a>! <strong>Kylie Minogue Disco<\/strong> lemez\u00e9nek csak a jap\u00e1n, b\u00f3nusz dalokkal felturb\u00f3zott v\u00e1ltozat\u00e1t vagy hajland\u00f3 hallgatni? <a href=\"https:\/\/www.mediamarkt.hu\/hu\/product\/_kylie-minogue-disco-bonus-tracks-jap%C3%A1n-kiad%C3%A1s-cd-1354678.html?outlet=726\" target=\"_blank\" rel=\"noopener\">Mi sem term\u00e9szetesebb<\/a>! CD-n, bakeliten \u00e9s DVD-n is megvenn\u00e9d a<strong> Talking Heads<\/strong> zseni\u00e1lis els\u0151 album\u00e1t, annyira im\u00e1dod? <a href=\"https:\/\/mmapp.hu\/web\/zenei-katalogus\/index\/1?kereses=talking%20heads%2077\" target=\"_blank\" rel=\"noopener\">Erre tess\u00e9k<\/a>! (\u00c9s ez csak p\u00e1r p\u00e9lda a teljes\u00edtett \u00e9s teljes\u00edthet\u0151 k\u00edv\u00e1ns\u00e1gok k\u00f6z\u00fcl.)<\/p>\n\n\n\n<p class=\"has-text-align-justify\">Az biztos, hogy k\u00e9r\u00e9sekb\u0151l nincs hi\u00e1ny, a zene\u0151r\u00fclt v\u00e1s\u00e1rl\u00f3k pedig mindent megtesznek az\u00e9rt, hogy kifogjanak rajtunk, amit mi egy cseppet sem b\u00e1nunk. <a href=\"https:\/\/www.mediamarkt.hu\/hu\/category\/_zene-648011.html\" target=\"_blank\" rel=\"noopener\">Online zenei v\u00e1laszt\u00e9kunkban<\/a> m\u00e1ris 25-30 ezer album v\u00e1s\u00e1rolhat\u00f3 meg azonnal vagy rendel\u00e9sre, ez azonban \u00edgy is csak tizen\u00f6t\u00f6de a kiterjesztett v\u00e1laszt\u00e9knak. Online m\u0171k\u00f6d\u00e9s\u00fcnk sor\u00e1n eddig is 1744 egyedi k\u00edv\u00e1ns\u00e1got t\u00f6lt\u00f6tt\u00fcnk fel a v\u00e1laszt\u00e9kunkba, azaz \u00e9rtj\u00fck a dolgunkat, ha ritkas\u00e1gok levad\u00e1sz\u00e1s\u00e1r\u00f3l van sz\u00f3. A kiterjesztett katal\u00f3guson kereszt\u00fcl pedig az elm\u00falt p\u00e1r h\u00e9t alatt is t\u00f6bb tucat k\u00edv\u00e1ns\u00e1g \u00e9rkezett, \u00e9s sz\u00e1m\u00edtunk r\u00e1, hogy most, hogy kihirdetj\u00fck az \u00faj fejleszt\u00e9st, ez meredeken emelkedik majd.<\/p>\n","protected":false},"excerpt":{"rendered":"Elindult a Media Markt massz\u00edv zenekatal\u00f3gusa: mostant\u00f3l szabadon v\u00e1logathattok majd\u2019 f\u00e9lmilli\u00f3 kiadv\u00e1nyb\u00f3l a legn\u00e9pszer\u0171bb albumokt\u00f3l az alig fellelhet\u0151 ritkas\u00e1gokig.","protected":false},"author":22,"featured_media":12534,"comment_status":"open","ping_status":"open","sticky":false,"template":"","format":"standard","meta":{"wprm-recipe-roundup-name":"","wprm-recipe-roundup-description":"","footnotes":""},"categories":[5948],"tags":[2219,2217,4324,921,2405,92,2218,94],"yoast_head":"<!-- This site is optimized with the Yoast SEO plugin v22.9 - https:\/\/yoast.com\/wordpress\/plugins\/seo\/ -->\n<title>Zenei ritkas\u00e1gok, k\u00fcl\u00f6nlegess\u00e9gek- beindult a kiterjesztett zenei katal\u00f3gus - MediaMarkt Magazin<\/title>\n<meta name=\"description\" content=\"Elindult a MediaMarkt massz\u00edv zenekatal\u00f3gusa: szabadon v\u00e1logathattok majd\u2019 f\u00e9lmilli\u00f3 kiadv\u00e1nyb\u00f3l a legn\u00e9pszer\u0171bb albumokt\u00f3l a ritkas\u00e1gokig.\" \/>\n<meta name=\"robots\" content=\"index, follow, max-snippet:-1, max-image-preview:large, max-video-preview:-1\" \/>\n<link rel=\"canonical\" href=\"https:\/\/hir.mediamarkt.hu\/magazin\/kiterjesztett-zenei-katalogus\/\" \/>\n<meta property=\"og:locale\" content=\"hu_HU\" \/>\n<meta property=\"og:type\" content=\"article\" \/>\n<meta property=\"og:title\" content=\"Zenei ritkas\u00e1gok, k\u00fcl\u00f6nlegess\u00e9gek- beindult a kiterjesztett zenei katal\u00f3gus - MediaMarkt Magazin\" \/>\n<meta property=\"og:description\" content=\"Elindult a MediaMarkt massz\u00edv zenekatal\u00f3gusa: szabadon v\u00e1logathattok majd\u2019 f\u00e9lmilli\u00f3 kiadv\u00e1nyb\u00f3l a legn\u00e9pszer\u0171bb albumokt\u00f3l a ritkas\u00e1gokig.\" \/>\n<meta property=\"og:url\" content=\"https:\/\/hir.mediamarkt.hu\/magazin\/kiterjesztett-zenei-katalogus\/\" \/>\n<meta property=\"og:site_name\" content=\"MediaMarkt Magazin\" \/>\n<meta property=\"article:publisher\" content=\"https:\/\/www.facebook.com\/MediaMarktMagyarorszag\" \/>\n<meta property=\"article:published_time\" content=\"2021-07-08T15:02:14+00:00\" \/>\n<meta property=\"article:modified_time\" content=\"2021-07-13T08:59:34+00:00\" \/>\n<meta property=\"og:image\" content=\"https:\/\/hir.mediamarkt.hu\/magazin\/wp-content\/uploads\/2021\/07\/kiterjesztett-zenekatalogus.png\" \/>\n\t<meta property=\"og:image:width\" content=\"1024\" \/>\n\t<meta property=\"og:image:height\" content=\"619\" \/>\n\t<meta property=\"og:image:type\" content=\"image\/png\" \/>\n<meta name=\"author\" content=\"Nemenyi\" \/>\n<meta name=\"twitter:label1\" content=\"Szerz\u0151:\" \/>\n\t<meta name=\"twitter:data1\" content=\"Nemenyi\" \/>\n\t<meta name=\"twitter:label2\" content=\"Becs\u00fclt olvas\u00e1si id\u0151\" \/>\n\t<meta name=\"twitter:data2\" content=\"5 perc\" \/>\n<script type=\"application\/ld+json\" class=\"yoast-schema-graph\">{\"@context\":\"https:\/\/schema.org\",\"@graph\":[{\"@type\":\"WebPage\",\"@id\":\"https:\/\/hir.mediamarkt.hu\/magazin\/kiterjesztett-zenei-katalogus\/\",\"url\":\"https:\/\/hir.mediamarkt.hu\/magazin\/kiterjesztett-zenei-katalogus\/\",\"name\":\"Zenei ritkas\u00e1gok, k\u00fcl\u00f6nlegess\u00e9gek- beindult a kiterjesztett zenei katal\u00f3gus - MediaMarkt Magazin\",\"isPartOf\":{\"@id\":\"https:\/\/hir.mediamarkt.hu\/magazin\/#website\"},\"primaryImageOfPage\":{\"@id\":\"https:\/\/hir.mediamarkt.hu\/magazin\/kiterjesztett-zenei-katalogus\/#primaryimage\"},\"image\":{\"@id\":\"https:\/\/hir.mediamarkt.hu\/magazin\/kiterjesztett-zenei-katalogus\/#primaryimage\"},\"thumbnailUrl\":\"https:\/\/hir.mediamarkt.hu\/magazin\/wp-content\/uploads\/2021\/07\/kiterjesztett-zenekatalogus.png\",\"datePublished\":\"2021-07-08T15:02:14+00:00\",\"dateModified\":\"2021-07-13T08:59:34+00:00\",\"author\":{\"@id\":\"https:\/\/hir.mediamarkt.hu\/magazin\/#\/schema\/person\/f4a17b2dc97f2e2bf1b88a89d4ef7d05\"},\"description\":\"Elindult a MediaMarkt massz\u00edv zenekatal\u00f3gusa: szabadon v\u00e1logathattok majd\u2019 f\u00e9lmilli\u00f3 kiadv\u00e1nyb\u00f3l a legn\u00e9pszer\u0171bb albumokt\u00f3l a ritkas\u00e1gokig.\",\"breadcrumb\":{\"@id\":\"https:\/\/hir.mediamarkt.hu\/magazin\/kiterjesztett-zenei-katalogus\/#breadcrumb\"},\"inLanguage\":\"hu\",\"potentialAction\":[{\"@type\":\"ReadAction\",\"target\":[\"https:\/\/hir.mediamarkt.hu\/magazin\/kiterjesztett-zenei-katalogus\/\"]}]},{\"@type\":\"ImageObject\",\"inLanguage\":\"hu\",\"@id\":\"https:\/\/hir.mediamarkt.hu\/magazin\/kiterjesztett-zenei-katalogus\/#primaryimage\",\"url\":\"https:\/\/hir.mediamarkt.hu\/magazin\/wp-content\/uploads\/2021\/07\/kiterjesztett-zenekatalogus.png\",\"contentUrl\":\"https:\/\/hir.mediamarkt.hu\/magazin\/wp-content\/uploads\/2021\/07\/kiterjesztett-zenekatalogus.png\",\"width\":1024,\"height\":619},{\"@type\":\"BreadcrumbList\",\"@id\":\"https:\/\/hir.mediamarkt.hu\/magazin\/kiterjesztett-zenei-katalogus\/#breadcrumb\",\"itemListElement\":[{\"@type\":\"ListItem\",\"position\":1,\"name\":\"Kezd\u0151lap\",\"item\":\"https:\/\/hir.mediamarkt.hu\/magazin\/\"},{\"@type\":\"ListItem\",\"position\":2,\"name\":\"Zenei ritkas\u00e1gok, k\u00fcl\u00f6nlegess\u00e9gek- beindult a kiterjesztett zenei katal\u00f3gus\"}]},{\"@type\":\"WebSite\",\"@id\":\"https:\/\/hir.mediamarkt.hu\/magazin\/#website\",\"url\":\"https:\/\/hir.mediamarkt.hu\/magazin\/\",\"name\":\"MediaMarkt Magazin\",\"description\":\"Olvass bele magazinunkba!\",\"potentialAction\":[{\"@type\":\"SearchAction\",\"target\":{\"@type\":\"EntryPoint\",\"urlTemplate\":\"https:\/\/hir.mediamarkt.hu\/magazin\/?s={search_term_string}\"},\"query-input\":\"required name=search_term_string\"}],\"inLanguage\":\"hu\"},{\"@type\":\"Person\",\"@id\":\"https:\/\/hir.mediamarkt.hu\/magazin\/#\/schema\/person\/f4a17b2dc97f2e2bf1b88a89d4ef7d05\",\"name\":\"Nemenyi\",\"image\":{\"@type\":\"ImageObject\",\"inLanguage\":\"hu\",\"@id\":\"https:\/\/hir.mediamarkt.hu\/magazin\/#\/schema\/person\/image\/\",\"url\":\"https:\/\/secure.gravatar.com\/avatar\/9470b3223c723142e66adcad803b24fe?s=96&d=mm&r=g\",\"contentUrl\":\"https:\/\/secure.gravatar.com\/avatar\/9470b3223c723142e66adcad803b24fe?s=96&d=mm&r=g\",\"caption\":\"Nemenyi\"}}]}<\/script>\n<!-- \/ Yoast SEO plugin. -->","yoast_head_json":{"title":"Zenei ritkas\u00e1gok, k\u00fcl\u00f6nlegess\u00e9gek- beindult a kiterjesztett zenei katal\u00f3gus - MediaMarkt Magazin","description":"Elindult a MediaMarkt massz\u00edv zenekatal\u00f3gusa: szabadon v\u00e1logathattok majd\u2019 f\u00e9lmilli\u00f3 kiadv\u00e1nyb\u00f3l a legn\u00e9pszer\u0171bb albumokt\u00f3l a ritkas\u00e1gokig.","robots":{"index":"index","follow":"follow","max-snippet":"max-snippet:-1","max-image-preview":"max-image-preview:large","max-video-preview":"max-video-preview:-1"},"canonical":"https:\/\/hir.mediamarkt.hu\/magazin\/kiterjesztett-zenei-katalogus\/","og_locale":"hu_HU","og_type":"article","og_title":"Zenei ritkas\u00e1gok, k\u00fcl\u00f6nlegess\u00e9gek- beindult a kiterjesztett zenei katal\u00f3gus - MediaMarkt Magazin","og_description":"Elindult a MediaMarkt massz\u00edv zenekatal\u00f3gusa: szabadon v\u00e1logathattok majd\u2019 f\u00e9lmilli\u00f3 kiadv\u00e1nyb\u00f3l a legn\u00e9pszer\u0171bb albumokt\u00f3l a ritkas\u00e1gokig.","og_url":"https:\/\/hir.mediamarkt.hu\/magazin\/kiterjesztett-zenei-katalogus\/","og_site_name":"MediaMarkt Magazin","article_publisher":"https:\/\/www.facebook.com\/MediaMarktMagyarorszag","article_published_time":"2021-07-08T15:02:14+00:00","article_modified_time":"2021-07-13T08:59:34+00:00","og_image":[{"width":1024,"height":619,"url":"https:\/\/hir.mediamarkt.hu\/magazin\/wp-content\/uploads\/2021\/07\/kiterjesztett-zenekatalogus.png","type":"image\/png"}],"author":"Nemenyi","twitter_misc":{"Szerz\u0151:":"Nemenyi","Becs\u00fclt olvas\u00e1si id\u0151":"5 perc"},"schema":{"@context":"https:\/\/schema.org","@graph":[{"@type":"WebPage","@id":"https:\/\/hir.mediamarkt.hu\/magazin\/kiterjesztett-zenei-katalogus\/","url":"https:\/\/hir.mediamarkt.hu\/magazin\/kiterjesztett-zenei-katalogus\/","name":"Zenei ritkas\u00e1gok, k\u00fcl\u00f6nlegess\u00e9gek- beindult a kiterjesztett zenei katal\u00f3gus - MediaMarkt Magazin","isPartOf":{"@id":"https:\/\/hir.mediamarkt.hu\/magazin\/#website"},"primaryImageOfPage":{"@id":"https:\/\/hir.mediamarkt.hu\/magazin\/kiterjesztett-zenei-katalogus\/#primaryimage"},"image":{"@id":"https:\/\/hir.mediamarkt.hu\/magazin\/kiterjesztett-zenei-katalogus\/#primaryimage"},"thumbnailUrl":"https:\/\/hir.mediamarkt.hu\/magazin\/wp-content\/uploads\/2021\/07\/kiterjesztett-zenekatalogus.png","datePublished":"2021-07-08T15:02:14+00:00","dateModified":"2021-07-13T08:59:34+00:00","author":{"@id":"https:\/\/hir.mediamarkt.hu\/magazin\/#\/schema\/person\/f4a17b2dc97f2e2bf1b88a89d4ef7d05"},"description":"Elindult a MediaMarkt massz\u00edv zenekatal\u00f3gusa: szabadon v\u00e1logathattok majd\u2019 f\u00e9lmilli\u00f3 kiadv\u00e1nyb\u00f3l a legn\u00e9pszer\u0171bb albumokt\u00f3l a ritkas\u00e1gokig.","breadcrumb":{"@id":"https:\/\/hir.mediamarkt.hu\/magazin\/kiterjesztett-zenei-katalogus\/#breadcrumb"},"inLanguage":"hu","potentialAction":[{"@type":"ReadAction","target":["https:\/\/hir.mediamarkt.hu\/magazin\/kiterjesztett-zenei-katalogus\/"]}]},{"@type":"ImageObject","inLanguage":"hu","@id":"https:\/\/hir.mediamarkt.hu\/magazin\/kiterjesztett-zenei-katalogus\/#primaryimage","url":"https:\/\/hir.mediamarkt.hu\/magazin\/wp-content\/uploads\/2021\/07\/kiterjesztett-zenekatalogus.png","contentUrl":"https:\/\/hir.mediamarkt.hu\/magazin\/wp-content\/uploads\/2021\/07\/kiterjesztett-zenekatalogus.png","width":1024,"height":619},{"@type":"BreadcrumbList","@id":"https:\/\/hir.mediamarkt.hu\/magazin\/kiterjesztett-zenei-katalogus\/#breadcrumb","itemListElement":[{"@type":"ListItem","position":1,"name":"Kezd\u0151lap","item":"https:\/\/hir.mediamarkt.hu\/magazin\/"},{"@type":"ListItem","position":2,"name":"Zenei ritkas\u00e1gok, k\u00fcl\u00f6nlegess\u00e9gek- beindult a kiterjesztett zenei katal\u00f3gus"}]},{"@type":"WebSite","@id":"https:\/\/hir.mediamarkt.hu\/magazin\/#website","url":"https:\/\/hir.mediamarkt.hu\/magazin\/","name":"MediaMarkt Magazin","description":"Olvass bele magazinunkba!","potentialAction":[{"@type":"SearchAction","target":{"@type":"EntryPoint","urlTemplate":"https:\/\/hir.mediamarkt.hu\/magazin\/?s={search_term_string}"},"query-input":"required name=search_term_string"}],"inLanguage":"hu"},{"@type":"Person","@id":"https:\/\/hir.mediamarkt.hu\/magazin\/#\/schema\/person\/f4a17b2dc97f2e2bf1b88a89d4ef7d05","name":"Nemenyi","image":{"@type":"ImageObject","inLanguage":"hu","@id":"https:\/\/hir.mediamarkt.hu\/magazin\/#\/schema\/person\/image\/","url":"https:\/\/secure.gravatar.com\/avatar\/9470b3223c723142e66adcad803b24fe?s=96&d=mm&r=g","contentUrl":"https:\/\/secure.gravatar.com\/avatar\/9470b3223c723142e66adcad803b24fe?s=96&d=mm&r=g","caption":"Nemenyi"}}]}},"_links":{"self":[{"href":"https:\/\/hir.mediamarkt.hu\/magazin\/wp-json\/wp\/v2\/posts\/12509"}],"collection":[{"href":"https:\/\/hir.mediamarkt.hu\/magazin\/wp-json\/wp\/v2\/posts"}],"about":[{"href":"https:\/\/hir.mediamarkt.hu\/magazin\/wp-json\/wp\/v2\/types\/post"}],"author":[{"embeddable":true,"href":"https:\/\/hir.mediamarkt.hu\/magazin\/wp-json\/wp\/v2\/users\/22"}],"replies":[{"embeddable":true,"href":"https:\/\/hir.mediamarkt.hu\/magazin\/wp-json\/wp\/v2\/comments?post=12509"}],"version-history":[{"count":6,"href":"https:\/\/hir.mediamarkt.hu\/magazin\/wp-json\/wp\/v2\/posts\/12509\/revisions"}],"predecessor-version":[{"id":12535,"href":"https:\/\/hir.mediamarkt.hu\/magazin\/wp-json\/wp\/v2\/posts\/12509\/revisions\/12535"}],"wp:featuredmedia":[{"embeddable":true,"href":"https:\/\/hir.mediamarkt.hu\/magazin\/wp-json\/wp\/v2\/media\/12534"}],"wp:attachment":[{"href":"https:\/\/hir.mediamarkt.hu\/magazin\/wp-json\/wp\/v2\/media?parent=12509"}],"wp:term":[{"taxonomy":"category","embeddable":true,"href":"https:\/\/hir.mediamarkt.hu\/magazin\/wp-json\/wp\/v2\/categories?post=12509"},{"taxonomy":"post_tag","embeddable":true,"href":"https:\/\/hir.mediamarkt.hu\/magazin\/wp-json\/wp\/v2\/tags?post=12509"}],"curies":[{"name":"wp","href":"https:\/\/api.w.org\/{rel}","templated":true}]}}