{"id":12570,"date":"2021-07-20T00:26:03","date_gmt":"2021-07-19T23:26:03","guid":{"rendered":"https:\/\/hir.mediamarkt.hu\/magazin\/?p=12570"},"modified":"2021-07-20T12:17:39","modified_gmt":"2021-07-20T11:17:39","slug":"sony-xh90-bemutato","status":"publish","type":"post","link":"https:\/\/hir.mediamarkt.hu\/magazin\/sony-xh90-bemutato\/","title":{"rendered":"A t\u00f6k\u00e9letes mindenes: bemutatjuk a Sony XH90 t\u00e9v\u00e9csal\u00e1dot"},"content":{"rendered":"\n<p class=\"has-text-align-justify\">Neh\u00e9z dolga van annak, aki most adja t\u00e9v\u00e9v\u00e1s\u00e1rl\u00e1sra a fej\u00e9t. Nem az\u00e9rt, mert k\u00e9ptelens\u00e9g nagyszer\u0171 k\u00e9sz\u00fcl\u00e9keket tal\u00e1lni; \u00e9ppen ellenkez\u0151leg. Annyira sok a nagyszer\u0171 k\u00e9sz\u00fcl\u00e9k (err\u0151l \u00edrtunk m\u00e1r <a href=\"https:\/\/hir.mediamarkt.hu\/magazin\/foci-eb-tevek\/\" target=\"_blank\" rel=\"noreferrer noopener\">itt<\/a> is), hogy az \u00f6sszes l\u00e9tez\u0151 magazin tesztrovat\u00e1nak kiolvas\u00e1sa ut\u00e1n sem k\u00f6nny\u0171 lesz\u0171k\u00edteni a befut\u00f3k k\u00f6r\u00e9t, h\u00e1t m\u00e9g kiv\u00e1lasztani a nek\u00fcnk megfelel\u0151t. A zavarba ejt\u0151en nagy v\u00e1laszt\u00e9kra a lehet\u0151 legjobb v\u00e1laszt adta a <strong>Sony<\/strong> a <strong>XH90<\/strong> sz\u00e9ri\u00e1j\u00e1val, amely nem egy-k\u00e9t funkc\u00f3 hangs\u00falyoz\u00e1s\u00e1val \u00e9s marketingl\u00f3zungokkal lopta be mag\u00e1t a v\u00e1s\u00e1rl\u00f3k sz\u00edv\u00e9be, hanem azzal, hogy egyszer\u0171en mindent nagyon j\u00f3l csin\u00e1l. A sportrajong\u00f3kt\u00f3l a gamereken \u00e1t a legjobb min\u0151s\u00e9get hajkur\u00e1sz\u00f3, megsz\u00e1llott film\u0151r\u00fcltekig mindenki megtal\u00e1lja benne a sz\u00e1m\u00edt\u00e1s\u00e1t, \u00e9s m\u00e9g azok is el\u00e9gedettek lesznek, akik nem szeretn\u00e9k azzal kezdeni, hogy egy dr\u00e1ga hangrendszert is v\u00e1s\u00e1rolnak hozz\u00e1: az XH90 ugyanis nagyszer\u0171en sz\u00f3l.<\/p>\n\n\n\n<p class=\"has-text-align-justify\">Egy kicsit el\u0151reszaladtunk, de k\u00f6zben fel is soroltuk azokat a szempontokat, amelyek ment\u00e9n bemutathatjuk (\u00e9s persze f\u0151leg m\u00e9ltathatjuk) a <a href=\"https:\/\/www.sony.hu\/electronics\/televiziok\/xh90-series#ux\">Sony XH90<\/a>-et. Haladjunk is sorban.<\/p>\n\n\n\n<h2 class=\"wp-block-heading\">M\u00e9ret, design, kialak\u00edt\u00e1s<\/h2>\n\n\n\n<p class=\"has-text-align-justify\">A n\u00e9gy m\u00e9retben,<strong> 55-t\u0151l 85 collos \u00e1tm\u00e9r\u0151ig kaphat\u00f3 XH90 sz\u00e9ria <\/strong>kialak\u00edt\u00e1sa pont olyan, amilyet egy 2020-ban piacra dobott, fels\u0151-k\u00f6z\u00e9pkateg\u00f3ri\u00e1s t\u00e9v\u00e9t\u0151l v\u00e1rn\u00e1nk: letisztult, minden otthonban megtal\u00e1lja a hely\u00e9t. Eg\u00e9szen minim\u00e1lis k\u00e1v\u00e1ja van, de a min\u0151s\u00e9gi f\u00e9mek haszn\u00e1lat\u00e1nak \u00e9s annak, hogy a megszokott fekete helyett s\u00f6t\u00e9tsz\u00fcrke a sz\u00edne, a t\u00e9v\u00e9 egy fokkal eleg\u00e1nsabb, mint versenyt\u00e1rsai. (Ha m\u00e9retben enn\u00e9l kisebb sony t\u00e9v\u00e9t keresn\u00e9l, <a href=\"https:\/\/hir.mediamarkt.hu\/magazin\/sony-a9-kisebb-tevenel-sem-kell-lemondani-a-gyonyoru-keprol\/\" target=\"_blank\" rel=\"noreferrer noopener\">itt \u00edrtunk <\/a>pl. az A9-r\u0151l). A v\u00e9kony \u00e9s a t\u00e9v\u00e9 test\u00e9hez minden szempontb\u00f3l passzol\u00f3 l\u00e1bakkal egy\u00fctt pedig k\u00e9sz m\u0171alkot\u00e1sk\u00e9nt is funkcion\u00e1l, ha megfelel\u0151en poz\u00edcion\u00e1ljuk a nappaliban. Neh\u00e9z elk\u00e9pzelni, hogy b\u00e1rki r\u00e1n\u00e9z, \u00e9s azt mondja, \u201enekem ez nem tetszik\u201d.<\/p>\n\n\n\n<figure class=\"wp-block-embed is-type-video is-provider-youtube wp-block-embed-youtube wp-embed-aspect-16-9 wp-has-aspect-ratio\"><div class=\"wp-block-embed__wrapper\">\n<iframe loading=\"lazy\" title=\"Sony - BRAVIA - X90H\/XH90 Series - 4K HDR TV - &#039;Ready for PS5&#039; TV\" width=\"900\" height=\"506\" src=\"https:\/\/www.youtube.com\/embed\/n_ShAAmTKVk?feature=oembed\" frameborder=\"0\" allow=\"accelerometer; autoplay; clipboard-write; encrypted-media; gyroscope; picture-in-picture; web-share\" referrerpolicy=\"strict-origin-when-cross-origin\" allowfullscreen><\/iframe>\n<\/div><\/figure>\n\n\n\n<h2 class=\"wp-block-heading\">Rendszer, szolg\u00e1ltat\u00e1sok<\/h2>\n\n\n\n<p class=\"has-text-align-justify\">A Sony \u00e9vek \u00f3ta az Android TV oper\u00e1ci\u00f3s rendszert alkalmazza a t\u00e9v\u00e9iben, \u00e9s b\u00e1r a kezdeti \u00e9vekben sok kritika \u00e9rte a szoftver sebess\u00e9g\u00e9t \u00e9s kezelhet\u0151s\u00e9g\u00e9t, m\u00e1ra ez lett az egyik legink\u00e1bb megb\u00edzhat\u00f3 \u00e9s legn\u00e9pszer\u0171bb telev\u00edzi\u00f3s oprendszer. F\u00e9lig az\u00e9rt, mert (mint a neve is mutatja) egy nagyra n\u0151tt Androidr\u00f3l van sz\u00f3, azaz t\u00f6bb applik\u00e1ci\u00f3 k\u00f6z\u00fcl v\u00e1laszthatunk, mint b\u00e1rmely m\u00e1s gy\u00e1rt\u00f3 eset\u00e9ben, \u00e9s \u00e1ltal\u00e1ban az \u00fajonnan megjelen\u0151 alkalmaz\u00e1sok is ezen a rendszeren deb\u00fct\u00e1lnak. Az \u00f6sszes piacon l\u00e9v\u0151 streaming szolg\u00e1ltat\u00e1st t\u00e1mogatja, bele\u00e9rtve a zenelej\u00e1tsz\u00f3kat, a YouTube-ot \u00e9s az eg\u00e9szen obsk\u00farus, tematikus film- \u00e9s vide\u00f3lel\u0151helyeket is. Aki Android telefont haszn\u00e1l, annak megtanulnia sem kell, a Sony t\u00e1vir\u00e1ny\u00edt\u00f3j\u00e1val pedig v\u00e9gk\u00e9pp k\u00e9zre \u00e1ll minden funkci\u00f3. El\u00e9g, ha annyit mondunk, hogy jelenleg t\u00f6bb mint 7000 applik\u00e1ci\u00f3 \u00e9rhet\u0151 el a t\u00e9v\u00e9n elind\u00edthat\u00f3 Google Play \u00e1ruh\u00e1zban, arr\u00f3l nem is besz\u00e9lve, hogy k\u00fcls\u0151 eszk\u00f6z n\u00e9lk\u00fcl is m\u0171k\u00f6dik Chromecast-egys\u00e9gk\u00e9nt.<\/p>\n\n\n\n<h2 class=\"wp-block-heading\">K\u00e9pmin\u0151s\u00e9g &#8211; VA panelek<\/h2>\n\n\n\n<p class=\"has-text-align-justify\">Itt kezd\u0151dnek a val\u00f3di izgalmak. Az XH90-et a ma sztenderdnek sz\u00e1m\u00edt\u00f3 4K-s felbont\u00e1s\u00fa panellal l\u00e1tt\u00e1k el, azaz az ilyen r\u00e9szletess\u00e9g\u0171 nat\u00edv tartalmak n\u00e9znek ki rajta a legjobban. A felbont\u00e1s persze nem minden, s\u0151t, alig mond el valamit egy-egy t\u00e9v\u00e9 val\u00f3di tud\u00e1s\u00e1r\u00f3l; szerencs\u00e9re nincs v\u00e9ge a t\u00f6rt\u00e9netnek. Az XH90 VA panelt haszn\u00e1l, a Sony m\u00e9rn\u00f6kei pedig pontosan tudt\u00e1k, mik a technol\u00f3gia el\u0151nyei az alternat\u00edv\u00e1khoz k\u00e9pest (OLED, IPS), amelyeket dombor\u00edthatnak, \u00e9s a h\u00e1tr\u00e1nyai, amelyeket kompenz\u00e1lhatnak. A VA panelek jellegzetesen szatur\u00e1ltabbak, azaz \u00e9lettel teli \u00e9s leny\u0171g\u00f6z\u0151 sz\u00ednek megjelen\u00edt\u00e9s\u00e9re is alkalmasak, r\u00e1ad\u00e1sul a megjelen\u00edtett k\u00e9p s\u00f6t\u00e9tebb, vagy fekete r\u00e9gi\u00f3i m\u00e9lyebbek, k\u00f6zelebb \u00e1llnak a val\u00f3di feket\u00e9hez, mint az IPS eset\u00e9ben. A VA panelek f\u0151 h\u00e1tr\u00e1nya a betekint\u00e9si sz\u00f6g: oldalr\u00f3l n\u00e9zve a k\u00e9p fak\u00f3v\u00e1, f\u00e9nytelenn\u00e9, \u00e9lettelenn\u00e9 v\u00e1lhat sok ilyen t\u00e9v\u00e9, monitor eset\u00e9n. A Sony t\u00e9v\u00e9csal\u00e1dj\u00e1nak azonban nincs sz\u00e9gyellnival\u00f3ja: hacsak nem direkt oldalr\u00f3l, \u00e9les sz\u00f6gb\u0151l n\u00e9zz\u00fck, ebb\u0151l semmit nem vesz\u00fcnk majd \u00e9szre, egy kanap\u00e9n h\u00e1rom-n\u00e9gy ember ugyanabban a min\u0151s\u00e9gben gy\u00f6ny\u00f6rk\u00f6dhet.<\/p>\n\n\n\n<figure class=\"wp-block-embed is-type-video is-provider-youtube wp-block-embed-youtube wp-embed-aspect-16-9 wp-has-aspect-ratio\"><div class=\"wp-block-embed__wrapper\">\n<iframe loading=\"lazy\" title=\"FIRST LOOK: Sony XH90 TV\" width=\"900\" height=\"506\" src=\"https:\/\/www.youtube.com\/embed\/e3X4fDQAaIA?feature=oembed\" frameborder=\"0\" allow=\"accelerometer; autoplay; clipboard-write; encrypted-media; gyroscope; picture-in-picture; web-share\" referrerpolicy=\"strict-origin-when-cross-origin\" allowfullscreen><\/iframe>\n<\/div><\/figure>\n\n\n\n<p class=\"has-text-align-justify\">A pixelenk\u00e9nt megvil\u00e1g\u00edtott OLED-del persze nem veszik fel a versenyt\u2026 illetve m\u00e9gis. A Sony XH90 ugyanis nem csak egyszer\u0171en megvil\u00e1g\u00edtja oldalr\u00f3l vagy (mint eset\u00fcnkben) h\u00e1tulr\u00f3l a panelt, hogy az LCD-pixelek a f\u00e9nyt megsz\u0171rve a megfelel\u0151 sz\u00edneket produk\u00e1lj\u00e1k, hanem be- \u00e9s kikapcsolhat\u00f3 vil\u00e1g\u00edt\u00e1si z\u00f3n\u00e1kkal l\u00e1tta el a folyad\u00e9kkrist\u00e1ly-r\u00e9teg m\u00f6g\u00f6tti f\u00e9nyt kibocs\u00e1jt\u00f3 r\u00e9teget. Ez azt jelenti, hogy ahol nincs sz\u00fcks\u00e9g r\u00e1 (\u00e9rtsd: fekete a k\u00e9p), ott a LED-l\u00e1mp\u00e1k kikapcsolnak, a t\u00e9v\u00e9 \u00edgy val\u00f3di feket\u00e9k megjelen\u00edt\u00e9s\u00e9re k\u00e9pes. Ez persze kompromisszumos megold\u00e1s, hiszen nem a pixeleket szab\u00e1lyozza a t\u00e9v\u00e9, hanem pixelek csoportj\u00e1t, eset\u00fcnkben 32 z\u00f3n\u00e1ban, azaz itt-ott tapasztalhatunk jellegzetes gl\u00f3ri\u00e1t a s\u00f6t\u00e9t h\u00e1tt\u00e9r el\u0151tt felbukkan\u00f3 f\u00e9nyes r\u00e9szek k\u00f6r\u00fcl. Az XH90 eset\u00e9ben \u00edgy is meggy\u0151z\u0151 a v\u00e9geredm\u00e9ny.<\/p>\n\n\n\n<h2 class=\"wp-block-heading\">Kalibr\u00e1ci\u00f3<\/h2>\n\n\n\n<p class=\"has-text-align-justify\">Ha ez nem lenne el\u00e9g, minden ma elterjedt HDR form\u00e1tumot t\u00e1mogat, a val\u00f3di feket\u00e9knek h\u00e1la pedig b\u0151ven el\u00e9g neki a nagy dinamikatartom\u00e1ny prezent\u00e1l\u00e1s\u00e1ra a 6-700 nites f\u00e9nyer\u0151. Persze, tudjuk, ah\u00e1ny h\u00e1z (\u00e9rtsd: filmst\u00fadi\u00f3, streaming applik\u00e1ci\u00f3 \u00e9s t\u00e9v\u00e9m\u00e1rka), annyi HDR, a form\u00e1tumok \u00e9s a be\u00e1ll\u00edt\u00e1si lehet\u0151s\u00e9gek k\u00f6zt szinte lehetetlen eligazodni. A Sony erre is mutat egy eleg\u00e1ns megold\u00e1st: az el\u0151re kalibr\u00e1lt mozis k\u00e9pm\u00f3dokat. Ezek k\u00f6z\u00fcl kiemelkedik a Netflix Kalibr\u00e1lt M\u00f3d, amelyet a n\u00e9pszer\u0171 streamingszolg\u00e1ltat\u00f3 m\u00e9rn\u00f6keivel egy\u00fctt \u00e1ll\u00edtottak be. Ha ezt v\u00e1lasztod, biztos lehetsz benne, hogy a k\u00e9p a lehet\u0151 legh\u0171s\u00e9gesebb a filmek \u00e9s sorozatok alkot\u00f3inak eredeti elk\u00e9pzel\u00e9s\u00e9hez, hiszen a k\u00e9pmin\u0151s\u00e9g \u00edgy megk\u00f6zel\u00edti azok\u00e9t a monitorok\u00e9t, amelyeken a tartalmakat ut\u00f3munk\u00e1zt\u00e1k \u00e9s f\u00e9nyelt\u00e9k. Ez pedig fontosabb, mint a hat\u00e1sos, de pontatlan sz\u00edn-, f\u00e9nyess\u00e9g- \u00e9s mozg\u00e1svisszaad\u00e1s, nem?<\/p>\n\n\n\n<p class=\"has-text-align-justify\">A kisebb felbont\u00e1s\u00fa tartalmak felsk\u00e1l\u00e1z\u00e1s\u00e1r\u00f3l az X1 processzor gondoskodik, azaz az XH90-en a Full HD, s\u0151t, az ann\u00e1l kev\u00e9sb\u00e9 r\u00e9szletes tartalmak is meggy\u0151z\u0151en n\u00e9znek ki a 4K-s kijelz\u0151n. A TRILUMINOS technol\u00f3gia pedig a sz\u00ednek, \u00e1rny\u00e9kok \u00e9s egy\u00e9b apr\u00f3 r\u00e9szletek val\u00f3s\u00e1gh\u0171 megjelen\u00edt\u00e9s\u00e9\u00e9rt felel. Ez szerencs\u00e9re a piac egyik legjobb mozg\u00e1smegjelen\u00edt\u00e9s\u00e9vel p\u00e1rosul: mozg\u00e1si mos\u00f3d\u00e1sr\u00f3l, szellemk\u00e9pr\u0151l sz\u00f3 sincs, minden k\u00e9pkocka krist\u00e1lytiszta \u00e9s \u00e9les.<\/p>\n\n\n\n<h2 class=\"wp-block-heading\">Hangrendszer<\/h2>\n\n\n\n<p class=\"has-text-align-justify\">A t\u00e9v\u00e9 meglep\u0151en v\u00e9kony, de m\u00e9g \u00edgy is belef\u00e9rt egy a konkurens modellek k\u00f6z\u00fcl magasan kiemelked\u0151 hangrendszer, amely kiegyens\u00falyozott hangz\u00e1st ad m\u00e9ly basszusokkal, hat\u00e1rozott k\u00f6z\u00e9ppel, \u00e9rthet\u0151 dialogusokkal \u00e9s egy\u00e9b sz\u00f6vegekkel \u00e9s pontos magas hangokkal. Az Acoustic Multi-Audio csak a 65 collos vagy nagyobb modellek eset\u00e9ben \u00e9rhet\u0151 el. A rendszer l\u00e9nyege, hogy a telev\u00edzi\u00f3 h\u00e1toldal\u00e1n k\u00e9t hangsz\u00f3r\u00f3 tal\u00e1lhat\u00f3, mindkett\u0151 k\u00fcl\u00f6n m\u00e9ly- \u00e9s magas hangok\u00e9rt felel\u0151s membr\u00e1nokkal. Az \u00fcgyes elhelyez\u00e9snek \u00e9s elektronik\u00e1nak h\u00e1la semmir\u0151l nem maradunk le \u201ecsak\u201d az\u00e9rt, mert a hangot oldalir\u00e1nyba \u00e9s h\u00e1trafel\u00e9 sz\u00f3rja a t\u00e9v\u00e9, s\u0151t: \u00e9ppen a falfel\u00fclet seg\u00edts\u00e9g\u00e9vel t\u00f6lti meg a szob\u00e1t csod\u00e1latos surround hangz\u00e1ssal. A <strong>Sony X-Balanced hangsz\u00f3r\u00f3i <\/strong>keskeny diz\u00e1jnjukkal biztos\u00edtj\u00e1k a t\u00f6k\u00e9letesen tiszta \u00e9s er\u0151teljes hangz\u00e1st, \u00edgy a TV nem csak karcs\u00fa lehet, de kiv\u00e1l\u00f3 hangmin\u0151s\u00e9get is biztos\u00edt.<\/p>\n\n\n\n<figure class=\"wp-block-image is-style-default\"><img loading=\"lazy\" decoding=\"async\" width=\"1440\" height=\"810\" src=\"https:\/\/hir.mediamarkt.hu\/magazin\/wp-content\/uploads\/2021\/07\/sonyxh2.jpg\" alt=\"Sony XH90\" class=\"wp-image-12572\" srcset=\"https:\/\/hir.mediamarkt.hu\/magazin\/wp-content\/uploads\/2021\/07\/sonyxh2.jpg 1440w, https:\/\/hir.mediamarkt.hu\/magazin\/wp-content\/uploads\/2021\/07\/sonyxh2-300x169.jpg 300w, https:\/\/hir.mediamarkt.hu\/magazin\/wp-content\/uploads\/2021\/07\/sonyxh2-1024x576.jpg 1024w, https:\/\/hir.mediamarkt.hu\/magazin\/wp-content\/uploads\/2021\/07\/sonyxh2-275x155.jpg 275w, https:\/\/hir.mediamarkt.hu\/magazin\/wp-content\/uploads\/2021\/07\/sonyxh2-768x432.jpg 768w, https:\/\/hir.mediamarkt.hu\/magazin\/wp-content\/uploads\/2021\/07\/sonyxh2-1536x864.jpg 1536w, https:\/\/hir.mediamarkt.hu\/magazin\/wp-content\/uploads\/2021\/07\/sonyxh2-480x270.jpg 480w\" sizes=\"(max-width: 1440px) 100vw, 1440px\" \/><\/figure>\n\n\n\n<h2 class=\"wp-block-heading\">J\u00e1t\u00e9k\u00e9lm\u00e9ny<\/h2>\n\n\n\n<p class=\"has-text-align-justify\">Ha valaki, akkor a PlayStation 5 gy\u00e1rt\u00f3ja, a Sony pontosan tudja, milyen fontos felk\u00e9sz\u00edteni a t\u00e9v\u00e9ket az \u00faj konzolok funkci\u00f3ira. Ennek megfelel\u0151en egy filmware-friss\u00edt\u00e9snek h\u00e1la 2.1-es verzi\u00f3j\u00fa HDMI-csatlakoz\u00f3kat tal\u00e1lunk a t\u00e9v\u00e9n, azaz ak\u00e1r 120 Hz-es k\u00e9pfriss\u00edt\u00e9ssel k\u00e9pes 4K-s jelet fogadni, \u00e9s megb\u00edrk\u00f3zik a v\u00e1ltoz\u00f3 m\u00e1sodpercenk\u00e9nti k\u00e9pkockasz\u00e1mmal is, azaz akad\u00e1s- \u00e9s szakadoz\u00e1smentesen megjelen\u00edti az erre felk\u00e9sz\u00edtett j\u00e1t\u00e9kokat.<\/p>\n\n\n\n<p class=\"has-text-align-justify\">A t\u00e9v\u00e9t n\u00e9zve (\u00e9s hallgatva) neh\u00e9z kiemelni az er\u0151ss\u00e9geit, nem az\u00e9rt, mert kev\u00e9s van neki, hanem \u00e9ppen az\u00e9rt, mert mindenben nagyon j\u00f3. <\/p>\n","protected":false},"excerpt":{"rendered":"A t\u00e9v\u00e9, ami sz\u00f3 szerint mindent nagyon j\u00f3l csin\u00e1l: ilyen k\u00f6zelr\u0151l a Sony XH90.","protected":false},"author":22,"featured_media":12581,"comment_status":"open","ping_status":"open","sticky":false,"template":"","format":"standard","meta":{"wprm-recipe-roundup-name":"","wprm-recipe-roundup-description":"","footnotes":""},"categories":[5974,5946],"tags":[639,4423,46,4422],"yoast_head":"<!-- This site is optimized with the Yoast SEO plugin v22.9 - https:\/\/yoast.com\/wordpress\/plugins\/seo\/ -->\n<title>A t\u00f6k\u00e9letes mindenes: bemutatjuk a Sony XH90 t\u00e9v\u00e9csal\u00e1dot - MediaMarkt Magazin<\/title>\n<meta name=\"description\" content=\"A t\u00e9v\u00e9, ami sz\u00f3 szerint mindent nagyon j\u00f3l csin\u00e1l: ilyen k\u00f6zelr\u0151l a Sony XH90.\" \/>\n<meta name=\"robots\" content=\"index, follow, max-snippet:-1, max-image-preview:large, max-video-preview:-1\" \/>\n<link rel=\"canonical\" href=\"https:\/\/hir.mediamarkt.hu\/magazin\/sony-xh90-bemutato\/\" \/>\n<meta property=\"og:locale\" content=\"hu_HU\" \/>\n<meta property=\"og:type\" content=\"article\" \/>\n<meta property=\"og:title\" content=\"A t\u00f6k\u00e9letes mindenes: bemutatjuk a Sony XH90 t\u00e9v\u00e9csal\u00e1dot - MediaMarkt Magazin\" \/>\n<meta property=\"og:description\" content=\"A t\u00e9v\u00e9, ami sz\u00f3 szerint mindent nagyon j\u00f3l csin\u00e1l: ilyen k\u00f6zelr\u0151l a Sony XH90.\" \/>\n<meta property=\"og:url\" content=\"https:\/\/hir.mediamarkt.hu\/magazin\/sony-xh90-bemutato\/\" \/>\n<meta property=\"og:site_name\" content=\"MediaMarkt Magazin\" \/>\n<meta property=\"article:publisher\" content=\"https:\/\/www.facebook.com\/MediaMarktMagyarorszag\" \/>\n<meta property=\"article:published_time\" content=\"2021-07-19T23:26:03+00:00\" \/>\n<meta property=\"article:modified_time\" content=\"2021-07-20T11:17:39+00:00\" \/>\n<meta property=\"og:image\" content=\"https:\/\/hir.mediamarkt.hu\/magazin\/wp-content\/uploads\/2021\/07\/Sony-xh90-bemutato.png\" \/>\n\t<meta property=\"og:image:width\" content=\"1024\" \/>\n\t<meta property=\"og:image:height\" content=\"619\" \/>\n\t<meta property=\"og:image:type\" content=\"image\/png\" \/>\n<meta name=\"author\" content=\"Nemenyi\" \/>\n<meta name=\"twitter:label1\" content=\"Szerz\u0151:\" \/>\n\t<meta name=\"twitter:data1\" content=\"Nemenyi\" \/>\n\t<meta name=\"twitter:label2\" content=\"Becs\u00fclt olvas\u00e1si id\u0151\" \/>\n\t<meta name=\"twitter:data2\" content=\"5 perc\" \/>\n<script type=\"application\/ld+json\" class=\"yoast-schema-graph\">{\"@context\":\"https:\/\/schema.org\",\"@graph\":[{\"@type\":\"WebPage\",\"@id\":\"https:\/\/hir.mediamarkt.hu\/magazin\/sony-xh90-bemutato\/\",\"url\":\"https:\/\/hir.mediamarkt.hu\/magazin\/sony-xh90-bemutato\/\",\"name\":\"A t\u00f6k\u00e9letes mindenes: bemutatjuk a Sony XH90 t\u00e9v\u00e9csal\u00e1dot - MediaMarkt Magazin\",\"isPartOf\":{\"@id\":\"https:\/\/hir.mediamarkt.hu\/magazin\/#website\"},\"primaryImageOfPage\":{\"@id\":\"https:\/\/hir.mediamarkt.hu\/magazin\/sony-xh90-bemutato\/#primaryimage\"},\"image\":{\"@id\":\"https:\/\/hir.mediamarkt.hu\/magazin\/sony-xh90-bemutato\/#primaryimage\"},\"thumbnailUrl\":\"https:\/\/hir.mediamarkt.hu\/magazin\/wp-content\/uploads\/2021\/07\/Sony-xh90-bemutato.png\",\"datePublished\":\"2021-07-19T23:26:03+00:00\",\"dateModified\":\"2021-07-20T11:17:39+00:00\",\"author\":{\"@id\":\"https:\/\/hir.mediamarkt.hu\/magazin\/#\/schema\/person\/f4a17b2dc97f2e2bf1b88a89d4ef7d05\"},\"description\":\"A t\u00e9v\u00e9, ami sz\u00f3 szerint mindent nagyon j\u00f3l csin\u00e1l: ilyen k\u00f6zelr\u0151l a Sony XH90.\",\"breadcrumb\":{\"@id\":\"https:\/\/hir.mediamarkt.hu\/magazin\/sony-xh90-bemutato\/#breadcrumb\"},\"inLanguage\":\"hu\",\"potentialAction\":[{\"@type\":\"ReadAction\",\"target\":[\"https:\/\/hir.mediamarkt.hu\/magazin\/sony-xh90-bemutato\/\"]}]},{\"@type\":\"ImageObject\",\"inLanguage\":\"hu\",\"@id\":\"https:\/\/hir.mediamarkt.hu\/magazin\/sony-xh90-bemutato\/#primaryimage\",\"url\":\"https:\/\/hir.mediamarkt.hu\/magazin\/wp-content\/uploads\/2021\/07\/Sony-xh90-bemutato.png\",\"contentUrl\":\"https:\/\/hir.mediamarkt.hu\/magazin\/wp-content\/uploads\/2021\/07\/Sony-xh90-bemutato.png\",\"width\":1024,\"height\":619},{\"@type\":\"BreadcrumbList\",\"@id\":\"https:\/\/hir.mediamarkt.hu\/magazin\/sony-xh90-bemutato\/#breadcrumb\",\"itemListElement\":[{\"@type\":\"ListItem\",\"position\":1,\"name\":\"Kezd\u0151lap\",\"item\":\"https:\/\/hir.mediamarkt.hu\/magazin\/\"},{\"@type\":\"ListItem\",\"position\":2,\"name\":\"A t\u00f6k\u00e9letes mindenes: bemutatjuk a Sony XH90 t\u00e9v\u00e9csal\u00e1dot\"}]},{\"@type\":\"WebSite\",\"@id\":\"https:\/\/hir.mediamarkt.hu\/magazin\/#website\",\"url\":\"https:\/\/hir.mediamarkt.hu\/magazin\/\",\"name\":\"MediaMarkt Magazin\",\"description\":\"Olvass bele magazinunkba!\",\"potentialAction\":[{\"@type\":\"SearchAction\",\"target\":{\"@type\":\"EntryPoint\",\"urlTemplate\":\"https:\/\/hir.mediamarkt.hu\/magazin\/?s={search_term_string}\"},\"query-input\":\"required name=search_term_string\"}],\"inLanguage\":\"hu\"},{\"@type\":\"Person\",\"@id\":\"https:\/\/hir.mediamarkt.hu\/magazin\/#\/schema\/person\/f4a17b2dc97f2e2bf1b88a89d4ef7d05\",\"name\":\"Nemenyi\",\"image\":{\"@type\":\"ImageObject\",\"inLanguage\":\"hu\",\"@id\":\"https:\/\/hir.mediamarkt.hu\/magazin\/#\/schema\/person\/image\/\",\"url\":\"https:\/\/secure.gravatar.com\/avatar\/9470b3223c723142e66adcad803b24fe?s=96&d=mm&r=g\",\"contentUrl\":\"https:\/\/secure.gravatar.com\/avatar\/9470b3223c723142e66adcad803b24fe?s=96&d=mm&r=g\",\"caption\":\"Nemenyi\"}}]}<\/script>\n<!-- \/ Yoast SEO plugin. -->","yoast_head_json":{"title":"A t\u00f6k\u00e9letes mindenes: bemutatjuk a Sony XH90 t\u00e9v\u00e9csal\u00e1dot - MediaMarkt Magazin","description":"A t\u00e9v\u00e9, ami sz\u00f3 szerint mindent nagyon j\u00f3l csin\u00e1l: ilyen k\u00f6zelr\u0151l a Sony XH90.","robots":{"index":"index","follow":"follow","max-snippet":"max-snippet:-1","max-image-preview":"max-image-preview:large","max-video-preview":"max-video-preview:-1"},"canonical":"https:\/\/hir.mediamarkt.hu\/magazin\/sony-xh90-bemutato\/","og_locale":"hu_HU","og_type":"article","og_title":"A t\u00f6k\u00e9letes mindenes: bemutatjuk a Sony XH90 t\u00e9v\u00e9csal\u00e1dot - MediaMarkt Magazin","og_description":"A t\u00e9v\u00e9, ami sz\u00f3 szerint mindent nagyon j\u00f3l csin\u00e1l: ilyen k\u00f6zelr\u0151l a Sony XH90.","og_url":"https:\/\/hir.mediamarkt.hu\/magazin\/sony-xh90-bemutato\/","og_site_name":"MediaMarkt Magazin","article_publisher":"https:\/\/www.facebook.com\/MediaMarktMagyarorszag","article_published_time":"2021-07-19T23:26:03+00:00","article_modified_time":"2021-07-20T11:17:39+00:00","og_image":[{"width":1024,"height":619,"url":"https:\/\/hir.mediamarkt.hu\/magazin\/wp-content\/uploads\/2021\/07\/Sony-xh90-bemutato.png","type":"image\/png"}],"author":"Nemenyi","twitter_misc":{"Szerz\u0151:":"Nemenyi","Becs\u00fclt olvas\u00e1si id\u0151":"5 perc"},"schema":{"@context":"https:\/\/schema.org","@graph":[{"@type":"WebPage","@id":"https:\/\/hir.mediamarkt.hu\/magazin\/sony-xh90-bemutato\/","url":"https:\/\/hir.mediamarkt.hu\/magazin\/sony-xh90-bemutato\/","name":"A t\u00f6k\u00e9letes mindenes: bemutatjuk a Sony XH90 t\u00e9v\u00e9csal\u00e1dot - MediaMarkt Magazin","isPartOf":{"@id":"https:\/\/hir.mediamarkt.hu\/magazin\/#website"},"primaryImageOfPage":{"@id":"https:\/\/hir.mediamarkt.hu\/magazin\/sony-xh90-bemutato\/#primaryimage"},"image":{"@id":"https:\/\/hir.mediamarkt.hu\/magazin\/sony-xh90-bemutato\/#primaryimage"},"thumbnailUrl":"https:\/\/hir.mediamarkt.hu\/magazin\/wp-content\/uploads\/2021\/07\/Sony-xh90-bemutato.png","datePublished":"2021-07-19T23:26:03+00:00","dateModified":"2021-07-20T11:17:39+00:00","author":{"@id":"https:\/\/hir.mediamarkt.hu\/magazin\/#\/schema\/person\/f4a17b2dc97f2e2bf1b88a89d4ef7d05"},"description":"A t\u00e9v\u00e9, ami sz\u00f3 szerint mindent nagyon j\u00f3l csin\u00e1l: ilyen k\u00f6zelr\u0151l a Sony XH90.","breadcrumb":{"@id":"https:\/\/hir.mediamarkt.hu\/magazin\/sony-xh90-bemutato\/#breadcrumb"},"inLanguage":"hu","potentialAction":[{"@type":"ReadAction","target":["https:\/\/hir.mediamarkt.hu\/magazin\/sony-xh90-bemutato\/"]}]},{"@type":"ImageObject","inLanguage":"hu","@id":"https:\/\/hir.mediamarkt.hu\/magazin\/sony-xh90-bemutato\/#primaryimage","url":"https:\/\/hir.mediamarkt.hu\/magazin\/wp-content\/uploads\/2021\/07\/Sony-xh90-bemutato.png","contentUrl":"https:\/\/hir.mediamarkt.hu\/magazin\/wp-content\/uploads\/2021\/07\/Sony-xh90-bemutato.png","width":1024,"height":619},{"@type":"BreadcrumbList","@id":"https:\/\/hir.mediamarkt.hu\/magazin\/sony-xh90-bemutato\/#breadcrumb","itemListElement":[{"@type":"ListItem","position":1,"name":"Kezd\u0151lap","item":"https:\/\/hir.mediamarkt.hu\/magazin\/"},{"@type":"ListItem","position":2,"name":"A t\u00f6k\u00e9letes mindenes: bemutatjuk a Sony XH90 t\u00e9v\u00e9csal\u00e1dot"}]},{"@type":"WebSite","@id":"https:\/\/hir.mediamarkt.hu\/magazin\/#website","url":"https:\/\/hir.mediamarkt.hu\/magazin\/","name":"MediaMarkt Magazin","description":"Olvass bele magazinunkba!","potentialAction":[{"@type":"SearchAction","target":{"@type":"EntryPoint","urlTemplate":"https:\/\/hir.mediamarkt.hu\/magazin\/?s={search_term_string}"},"query-input":"required name=search_term_string"}],"inLanguage":"hu"},{"@type":"Person","@id":"https:\/\/hir.mediamarkt.hu\/magazin\/#\/schema\/person\/f4a17b2dc97f2e2bf1b88a89d4ef7d05","name":"Nemenyi","image":{"@type":"ImageObject","inLanguage":"hu","@id":"https:\/\/hir.mediamarkt.hu\/magazin\/#\/schema\/person\/image\/","url":"https:\/\/secure.gravatar.com\/avatar\/9470b3223c723142e66adcad803b24fe?s=96&d=mm&r=g","contentUrl":"https:\/\/secure.gravatar.com\/avatar\/9470b3223c723142e66adcad803b24fe?s=96&d=mm&r=g","caption":"Nemenyi"}}]}},"_links":{"self":[{"href":"https:\/\/hir.mediamarkt.hu\/magazin\/wp-json\/wp\/v2\/posts\/12570"}],"collection":[{"href":"https:\/\/hir.mediamarkt.hu\/magazin\/wp-json\/wp\/v2\/posts"}],"about":[{"href":"https:\/\/hir.mediamarkt.hu\/magazin\/wp-json\/wp\/v2\/types\/post"}],"author":[{"embeddable":true,"href":"https:\/\/hir.mediamarkt.hu\/magazin\/wp-json\/wp\/v2\/users\/22"}],"replies":[{"embeddable":true,"href":"https:\/\/hir.mediamarkt.hu\/magazin\/wp-json\/wp\/v2\/comments?post=12570"}],"version-history":[{"count":4,"href":"https:\/\/hir.mediamarkt.hu\/magazin\/wp-json\/wp\/v2\/posts\/12570\/revisions"}],"predecessor-version":[{"id":12579,"href":"https:\/\/hir.mediamarkt.hu\/magazin\/wp-json\/wp\/v2\/posts\/12570\/revisions\/12579"}],"wp:featuredmedia":[{"embeddable":true,"href":"https:\/\/hir.mediamarkt.hu\/magazin\/wp-json\/wp\/v2\/media\/12581"}],"wp:attachment":[{"href":"https:\/\/hir.mediamarkt.hu\/magazin\/wp-json\/wp\/v2\/media?parent=12570"}],"wp:term":[{"taxonomy":"category","embeddable":true,"href":"https:\/\/hir.mediamarkt.hu\/magazin\/wp-json\/wp\/v2\/categories?post=12570"},{"taxonomy":"post_tag","embeddable":true,"href":"https:\/\/hir.mediamarkt.hu\/magazin\/wp-json\/wp\/v2\/tags?post=12570"}],"curies":[{"name":"wp","href":"https:\/\/api.w.org\/{rel}","templated":true}]}}