{"id":12607,"date":"2021-08-03T14:35:02","date_gmt":"2021-08-03T13:35:02","guid":{"rendered":"https:\/\/hir.mediamarkt.hu\/magazin\/?p=12607"},"modified":"2021-08-04T17:02:04","modified_gmt":"2021-08-04T16:02:04","slug":"huawei-matepad-11-teszt-harmonikus-kapcsolat","status":"publish","type":"post","link":"https:\/\/hir.mediamarkt.hu\/magazin\/huawei-matepad-11-teszt-harmonikus-kapcsolat\/","title":{"rendered":"Huawei MatePad 11 teszt: harmonikus kapcsolat"},"content":{"rendered":"\n<p class=\"has-text-align-justify p1\">A Huawei a MatePad 11-gyel megpr\u00f3b\u00e1lja a felhaszn\u00e1l\u00f3kat egy teljesen \u00faj oper\u00e1ci\u00f3s rendszer fel\u00e9 navig\u00e1lni, els\u0151 pr\u00f3b\u00e1lkoz\u00e1sra nem is annyira rosszul.<\/p>\n\n\n\n<p class=\"has-text-align-justify p1\">Mi a k\u00f6z\u00f6s a Microsoftban, a Samsungban, a BlackBerry-ben, a Noki\u00e1ban \u00e9s az LG-ben? Mindegyik gy\u00e1rt\u00f3 megpr\u00f3b\u00e1lt az Android \u00e9s az iOS mellett egy saj\u00e1t oper\u00e1ci\u00f3s rendszert piacra vezetni az okostelefonok sz\u00e1m\u00e1ra. Mind elbuktak benne.<\/p>\n\n\n\n<p class=\"has-text-align-justify p1\">A Huawei a HarmonyOS n\u00e9vre keresztelt oper\u00e1ci\u00f3s rendszer\u00e9vel pr\u00f3b\u00e1lja meg megt\u00f6rni az Android \u00e9s az iOS kett\u0151s egyeduralm\u00e1t. Szeretne a v\u00e1llalat egy harmadik rendszerrel tov\u00e1bbi haszn\u00e1lhat\u00f3 v\u00e1laszt\u00e1si alternat\u00edv\u00e1t k\u00edn\u00e1lni a felhaszn\u00e1l\u00f3knak.<\/p>\n\n\n\n<figure class=\"wp-block-image size-large is-style-default\"><img loading=\"lazy\" decoding=\"async\" width=\"1024\" height=\"768\" src=\"https:\/\/hir.mediamarkt.hu\/magazin\/wp-content\/uploads\/2021\/08\/huawei-matepad-11-mediamarkt-teszt-7-1024x768.jpg\" alt=\"Huawei MatePad 11 HarmonyOS oper\u00e1ci\u00f3s rendszerrel\" class=\"wp-image-12608\" title=\"Huawei MatePad 11\" srcset=\"https:\/\/hir.mediamarkt.hu\/magazin\/wp-content\/uploads\/2021\/08\/huawei-matepad-11-mediamarkt-teszt-7-1024x768.jpg 1024w, https:\/\/hir.mediamarkt.hu\/magazin\/wp-content\/uploads\/2021\/08\/huawei-matepad-11-mediamarkt-teszt-7-300x225.jpg 300w, https:\/\/hir.mediamarkt.hu\/magazin\/wp-content\/uploads\/2021\/08\/huawei-matepad-11-mediamarkt-teszt-7-275x206.jpg 275w, https:\/\/hir.mediamarkt.hu\/magazin\/wp-content\/uploads\/2021\/08\/huawei-matepad-11-mediamarkt-teszt-7-768x576.jpg 768w, https:\/\/hir.mediamarkt.hu\/magazin\/wp-content\/uploads\/2021\/08\/huawei-matepad-11-mediamarkt-teszt-7-500x375.jpg 500w, https:\/\/hir.mediamarkt.hu\/magazin\/wp-content\/uploads\/2021\/08\/huawei-matepad-11-mediamarkt-teszt-7.jpg 1200w\" sizes=\"(max-width: 1024px) 100vw, 1024px\" \/><figcaption>HarmonyOS 2.0 oper\u00e1ci\u00f3s rendszer fut a MatePad 11-en<\/figcaption><\/figure>\n\n\n\n<p class=\"has-text-align-justify\">Az els\u0151 HarmonyOS-t futtat\u00f3 eszk\u00f6z\u00f6k haz\u00e1nkban a <a href=\"https:\/\/www.mediamarkt.hu\/campaign\/ksz_v3gy3s_hu4w31_w4tch--3-523r14_210701\" target=\"_blank\" rel=\"noreferrer noopener\">Huawei Watch 3 sorozat\u00fa okos\u00f3r\u00e1k<\/a> voltak, ezt r\u00f6viddel k\u00f6vette nagyk\u00e9perny\u0151n<a href=\"https:\/\/www.mediamarkt.hu\/hu\/product\/_huawei-matepad-11-10-9-128gb-wifi-sz%C3%BCrke-tablet-dby-w09-1361676.html\" target=\"_blank\" rel=\"noreferrer noopener\"> a MatePad 11 tablet<\/a>, amely k\u00f6nnyen irodai eszk\u00f6zz\u00e9 alak\u00edthat\u00f3 az opcion\u00e1lis <a href=\"https:\/\/www.mediamarkt.hu\/hu\/product\/_huawei-billenty%C5%B1zetes-tok-fekete-matepad-11-hez-1361017.html\" target=\"_blank\" rel=\"noreferrer noopener\">billenty\u0171zetes tokkal<\/a>, illetve <a href=\"https:\/\/www.mediamarkt.hu\/hu\/product\/_huawei-m-pencil-2nd-gen-cd54-ez%C3%BCst-matepad-11-hez-1361018.html\" target=\"_blank\" rel=\"noreferrer noopener\">speci\u00e1lis ceruz\u00e1val<\/a>.<\/p>\n\n\n\n<h2 class=\"wp-block-heading\">Karcs\u00fas\u00e1gba z\u00e1rt elegancia<\/h2>\n\n\n\n<p>A MatePad 11 k\u00fclseje egy\u00e1ltal\u00e1n nem hivalkod\u00f3, a v\u00e9gletekig leegyszer\u0171s\u00edtett, m\u00e9gis praktikus.&nbsp;<\/p>\n\n\n\n<p class=\"has-text-align-justify\">Az el\u0151lap 86%-\u00e1t elfoglalja a kijelz\u0151, amely 10,95 h\u00fcvelykes k\u00e9p\u00e1tl\u00f3val rendelkezik. Sok Huawei eszk\u00f6z j\u00e1rt m\u00e1r n\u00e1lam az \u00e9vek sor\u00e1n, de a MatePad 11 kijelz\u0151je az egyik legjobb a t\u00e1blag\u00e9peik k\u00edn\u00e1lat\u00e1ban. A 2560&#215;1600 k\u00e9ppontos felbont\u00e1s kell\u0151en r\u00e9szletes, de nem ez teszi igaz\u00e1n kiemelked\u0151v\u00e9 az eszk\u00f6zt.<\/p>\n\n\n\n<figure class=\"wp-block-image size-large\"><img loading=\"lazy\" decoding=\"async\" width=\"1024\" height=\"768\" src=\"https:\/\/hir.mediamarkt.hu\/magazin\/wp-content\/uploads\/2021\/08\/huawei-matepad-11-mediamarkt-teszt-13-1024x768.jpg\" alt=\"Huawei MatePad 11 tablet\" class=\"wp-image-12627\" srcset=\"https:\/\/hir.mediamarkt.hu\/magazin\/wp-content\/uploads\/2021\/08\/huawei-matepad-11-mediamarkt-teszt-13-1024x768.jpg 1024w, https:\/\/hir.mediamarkt.hu\/magazin\/wp-content\/uploads\/2021\/08\/huawei-matepad-11-mediamarkt-teszt-13-300x225.jpg 300w, https:\/\/hir.mediamarkt.hu\/magazin\/wp-content\/uploads\/2021\/08\/huawei-matepad-11-mediamarkt-teszt-13-275x206.jpg 275w, https:\/\/hir.mediamarkt.hu\/magazin\/wp-content\/uploads\/2021\/08\/huawei-matepad-11-mediamarkt-teszt-13-768x576.jpg 768w, https:\/\/hir.mediamarkt.hu\/magazin\/wp-content\/uploads\/2021\/08\/huawei-matepad-11-mediamarkt-teszt-13-500x375.jpg 500w, https:\/\/hir.mediamarkt.hu\/magazin\/wp-content\/uploads\/2021\/08\/huawei-matepad-11-mediamarkt-teszt-13.jpg 1200w\" sizes=\"(max-width: 1024px) 100vw, 1024px\" \/><\/figure>\n\n\n\n<p class=\"has-text-align-justify\">Sokkal ink\u00e1bb az extra magas f\u00e9nyer\u0151, amelynek k\u00f6sz\u00f6nhet\u0151en szabadban, a ny\u00e1ri naps\u00fct\u00e9sben is j\u00f3l haszn\u00e1lhat\u00f3. Z\u00e1rt t\u00e9rben, egy szob\u00e1ban vagy irod\u00e1ban a maxim\u00e1lis f\u00e9nyer\u0151 m\u00e1r-m\u00e1r zavar\u00f3an nagy, el\u00e9g az 50%-os szint. Viszont ha szabadban veszem el\u0151 a tabletet, akkor m\u00e1r nagyon j\u00f3l j\u00f6n.<\/p>\n\n\n\n<p class=\"has-text-align-justify\">Az DCI-P3 sz\u00e9les sz\u00edntartom\u00e1ny, illetve a 120 Hz-es k\u00e9pfriss\u00edt\u00e9si r\u00e1ta m\u00e1r csak hab a tort\u00e1n, a seg\u00edts\u00e9g\u00fckkel nem csak j\u00f3l n\u00e9z ki a kijelz\u0151, a k\u00fcl\u00f6nb\u00f6z\u0151 mozg\u00e1sokat is j\u00f3l jelen\u00edti meg. Nincs elmos\u00f3d\u00e1s j\u00e1t\u00e9kok, vagy filmek k\u00f6zben sem.<\/p>\n\n\n\n<figure class=\"wp-block-image size-large\"><img loading=\"lazy\" decoding=\"async\" width=\"1024\" height=\"768\" src=\"https:\/\/hir.mediamarkt.hu\/magazin\/wp-content\/uploads\/2021\/08\/huawei-matepad-11-mediamarkt-teszt-1-1024x768.jpg\" alt=\"Huawei MatePad 11 tablet billenty\u0171zetes tokkal \u00e9s M-Pencil 2 ceruz\u00e1val\" class=\"wp-image-12609\" srcset=\"https:\/\/hir.mediamarkt.hu\/magazin\/wp-content\/uploads\/2021\/08\/huawei-matepad-11-mediamarkt-teszt-1-1024x768.jpg 1024w, https:\/\/hir.mediamarkt.hu\/magazin\/wp-content\/uploads\/2021\/08\/huawei-matepad-11-mediamarkt-teszt-1-300x225.jpg 300w, https:\/\/hir.mediamarkt.hu\/magazin\/wp-content\/uploads\/2021\/08\/huawei-matepad-11-mediamarkt-teszt-1-275x206.jpg 275w, https:\/\/hir.mediamarkt.hu\/magazin\/wp-content\/uploads\/2021\/08\/huawei-matepad-11-mediamarkt-teszt-1-768x576.jpg 768w, https:\/\/hir.mediamarkt.hu\/magazin\/wp-content\/uploads\/2021\/08\/huawei-matepad-11-mediamarkt-teszt-1-500x375.jpg 500w, https:\/\/hir.mediamarkt.hu\/magazin\/wp-content\/uploads\/2021\/08\/huawei-matepad-11-mediamarkt-teszt-1.jpg 1200w\" sizes=\"(max-width: 1024px) 100vw, 1024px\" \/><figcaption>Egy k\u00e1v\u00e9z\u00f3 terasz\u00e1n is j\u00f3l olvashat\u00f3 lesz a kijelz\u0151<\/figcaption><\/figure>\n\n\n\n<h4>Fels\u0151kateg\u00f3ri\u00e1s hardver<\/h4>\n\n\n\n<p class=\"has-text-align-justify\">A v\u00e9kony h\u00e1zba kell\u0151en er\u0151s hardver ker\u00fclt ahhoz, hogy multim\u00e9di\u00e1s felhaszn\u00e1l\u00e1s mellett ak\u00e1r tanul\u00e1sra, munk\u00e1ra is j\u00f3 legyen a MatePad 11 tablet. A Qualcomm \u00e1ltal gy\u00e1rtott Snapdragon 865-\u00f6s processzor kell\u0151 er\u0151tartal\u00e9kot biztos\u00edt a legk\u00fcl\u00f6nb\u00f6z\u0151bb felhaszn\u00e1l\u00e1si ter\u00fcletek sor\u00e1n.<\/p>\n\n\n\n<figure class=\"wp-block-image size-large\"><img loading=\"lazy\" decoding=\"async\" width=\"1024\" height=\"768\" src=\"https:\/\/hir.mediamarkt.hu\/magazin\/wp-content\/uploads\/2021\/08\/huawei-matepad-11-mediamarkt-teszt-6-1024x768.jpg\" alt=\"\" class=\"wp-image-12622\" srcset=\"https:\/\/hir.mediamarkt.hu\/magazin\/wp-content\/uploads\/2021\/08\/huawei-matepad-11-mediamarkt-teszt-6-1024x768.jpg 1024w, https:\/\/hir.mediamarkt.hu\/magazin\/wp-content\/uploads\/2021\/08\/huawei-matepad-11-mediamarkt-teszt-6-300x225.jpg 300w, https:\/\/hir.mediamarkt.hu\/magazin\/wp-content\/uploads\/2021\/08\/huawei-matepad-11-mediamarkt-teszt-6-275x206.jpg 275w, https:\/\/hir.mediamarkt.hu\/magazin\/wp-content\/uploads\/2021\/08\/huawei-matepad-11-mediamarkt-teszt-6-768x576.jpg 768w, https:\/\/hir.mediamarkt.hu\/magazin\/wp-content\/uploads\/2021\/08\/huawei-matepad-11-mediamarkt-teszt-6-500x375.jpg 500w, https:\/\/hir.mediamarkt.hu\/magazin\/wp-content\/uploads\/2021\/08\/huawei-matepad-11-mediamarkt-teszt-6.jpg 1200w\" sizes=\"(max-width: 1024px) 100vw, 1024px\" \/><\/figure>\n\n\n\n<p class=\"has-text-align-justify\">Az alkalmaz\u00e1sok k\u00f6z\u00f6tti v\u00e1lt\u00e1st az AI, azaz a mesters\u00e9ges intelligencia is seg\u00edti, \u00edgy az am\u00fagy kellemes hat\u00e1s\u00fa mozg\u00e1si hat\u00e1sok mellett nagyon gyorsan, akad\u00e1s mentesen lehet v\u00e1ltogatni appok k\u00f6z\u00f6tt. S\u0151t az osztott n\u00e9zettel az is kivitelezhet\u0151, hogy egyszerre k\u00e9t alkalmaz\u00e1s fusson egym\u00e1s mellett, \u00edgy a bal oldalon lehet p\u00e9ld\u00e1ul egy munkahelyi, vagy iskolai Zoom vide\u00f3s konferencia, m\u00edg a bal oldalon k\u00f6zben k\u00e9nyelmesen jegyzetelhet\u00fcnk &#8211; nem csak a tablet virtu\u00e1lis billenty\u0171zet\u00e9t haszn\u00e1lva, hanem a fizikai billenty\u0171zetr\u0151l, vagy a ceruz\u00e1t haszn\u00e1lva.&nbsp;<\/p>\n\n\n\n<p class=\"has-text-align-justify\">A tablet be\u00e9p\u00edtett h\u00e1tt\u00e9rt\u00e1ra 128 GB (ebb\u0151l kb. 105 GB \u00e9rhet\u0151 el, a t\u00f6bbit a rendszer foglalja el). Ez az online \u00e9let mellett mindenk\u00e9ppen kell\u0151en sok lehet\u0151s\u00e9get ad, de el\u00e9g nagy ahhoz, hogy offline haszn\u00e1latra mentsen le a felhaszn\u00e1l\u00f3 p\u00e9ld\u00e1ul Netflix sorozatokat, vagy zen\u00e9ket. Ha m\u00e9gis kev\u00e9s volna, microSD mem\u00f3riak\u00e1rty\u00e1b\u00f3l a legnagyobb amit kezel nem kisebb mint 1 TB kapacit\u00e1s\u00fa.<\/p>\n\n\n\n<h2 class=\"p1\">\u00cdgy harmoniz\u00e1l a HarmonyOS!<\/h2>\n\n\n\n<p class=\"has-text-align-justify\">Els\u0151re kicsit ijeszt\u0151en hangozhat az hogy egy \u00faj oper\u00e1ci\u00f3s rendszer ker\u00fclt a MatePad 11-re, de ez t\u00f6bb szempontb\u00f3l sem olyan v\u00e9szes. A HarmonyOS 2 egy, a Huawei \u00e1ltal fejlesztett \u00faj oper\u00e1ci\u00f3s rendszer, amely c\u00e9lja, hogy mindenf\u00e9le okoseszk\u00f6zt kiszolg\u00e1ljon &#8211; ez fut p\u00e9ld\u00e1ul az \u00faj <a href=\"https:\/\/www.mediamarkt.hu\/hu\/product\/_huawei-watch-3-okos%C3%B3ra-fekete-55026820-1357371.html\" target=\"_blank\" rel=\"noreferrer noopener\">Huawei Watch 3<\/a> \u00e9s <a href=\"https:\/\/www.mediamarkt.hu\/hu\/product\/_huawei-watch-3-pro-okos%C3%B3ra-tit%C3%A1nium-sz%C3%BCrke-55026781-1357373.html\" target=\"_blank\" rel=\"noreferrer noopener\">Watch 3 Pro<\/a> okos\u00f3r\u00e1kon is.<\/p>\n\n\n\n<p class=\"has-text-align-justify\">Ha a h\u00e9tk\u00f6znapi felhaszn\u00e1l\u00f3 r\u00e1n\u00e9z a MatePad 11 tabletre, val\u00f3j\u00e1ban fel sem t\u0171nik neki, hogy itt valami nagyon \u00faj dolog van. A fel\u00fclet m\u0171k\u00f6d\u00e9se \u00e9s kialak\u00edt\u00e1sa p\u00e1r apr\u00f3bb m\u00f3dos\u00edt\u00e1st\u00f3l eltekintve nagyban a kor\u00e1bbi, EMUI 11-re hasonl\u00edt, amely a <a href=\"https:\/\/www.mediamarkt.hu\/hu\/category\/_okostelefonok-504801.html?view=PRODUCTGRID&amp;searchParams=\/Search.ff?channel%3Dmmhuhu%26advisorStatus%3D3610-_0_2%26disableTabbedCategory%3Dtrue%26navigation%3Dtrue\" target=\"_blank\" rel=\"noreferrer noopener\">Huawei okostelefonjain<\/a>, <a href=\"https:\/\/www.mediamarkt.hu\/hu\/category\/_android-tablet-504839.html?searchParams=%2FSearch.ff%3FfilterTabbedCategory%3Donlineshop%26filterCategoriesROOT%3DSz%25C3%25A1m%25C3%25ADt%25C3%25A1stechnika%2B%2526%2BIroda%25C2%25A7MediaHUhuc504818%26filterCategoriesROOT%252FSz%25C3%25A1m%25C3%25ADt%25C3%25A1stechnika%2B%2526%2BIroda%25C2%25A7MediaHUhuc504818%3DTablet%25C2%25A7MediaHUhuc504820%26filterCategoriesROOT%252FSz%25C3%25A1m%25C3%25ADt%25C3%25A1stechnika%2B%2526%2BIroda%25C2%25A7MediaHUhuc504818%252FTablet%25C2%25A7MediaHUhuc504820%3DAndroid%2Btablet%25C2%25A7MediaHUhuc504839%26filteravailability%3D1%26filterbrand%3DHUAWEI%26channel%3Dmmhuhu%26followSearch%3D9949%26disableTabbedCategory%3Dtrue%26navigation%3Dtrue&amp;sort=&amp;view=PRODUCTLIST&amp;page=\" target=\"_blank\" rel=\"noreferrer noopener\">tabletjein<\/a> fut. De ha valaki haszn\u00e1lt m\u00e1r <a href=\"https:\/\/www.mediamarkt.hu\/hu\/category\/_android-tablet-504839.html\" target=\"_blank\" rel=\"noreferrer noopener\">androidos tabletet<\/a>, vagy esetleg <a href=\"https:\/\/www.mediamarkt.hu\/hu\/category\/_apple-ipad-504840.html\" target=\"_blank\" rel=\"noreferrer noopener\">Apple iPadet<\/a>, akkor szint\u00e9n viszonylag rutinosan lehet r\u00f6gt\u00f6n hozz\u00e1kezdeni a haszn\u00e1lathoz.<\/p>\n\n\n\n<p class=\"has-text-align-justify\">A Huawei \u00fajdons\u00e1g\u00e1n is megtal\u00e1lhat\u00f3 gy\u00e1rilag, vagy telep\u00edthet\u0151 minden fontosabb app, amelyre sz\u00fcks\u00e9g lehet napjainkban. Azokra az alkalmaz\u00e1sokra, amelyek jelenleg m\u00e9g esetleg nem \u00e9rhet\u0151k el a rendszerre, a b\u00f6ng\u00e9sz\u0151s haszn\u00e1latot javasolja a gy\u00e1rt\u00f3.<\/p>\n\n\n\n<h4>HarmonyOS, androidos alkalmaz\u00e1sok<\/h4>\n\n\n\n<p class=\"has-text-align-justify\">A h\u00e9tk\u00f6znapi \u00e9let\u00fcnk leggyakoribb alkalmaz\u00e1saib\u00f3l a Facebook, a Messenger, az Instagram, a Netflix, a Deezer, a Spotify, az Office appok mind el\u00e9rhet\u0151 \u00e9s haszn\u00e1lhat\u00f3 gond n\u00e9lk\u00fcl. A legt\u00f6bb banki alkalmaz\u00e1s is megtal\u00e1lhat\u00f3 az AppGallery n\u00e9vre keresztelt alkalmaz\u00e1sboltb\u00f3l, de ha p\u00e9ld\u00e1ul Zoom vide\u00f3h\u00edv\u00e1sra k\u00e9sz\u00fcl\u00fcnk, akkor sem fogunk csal\u00f3dni.<\/p>\n\n\n\n<figure class=\"wp-block-image size-large\"><img loading=\"lazy\" decoding=\"async\" width=\"1024\" height=\"768\" src=\"https:\/\/hir.mediamarkt.hu\/magazin\/wp-content\/uploads\/2021\/08\/huawei-matepad-11-mediamarkt-teszt-11-1024x768.jpg\" alt=\"\" class=\"wp-image-12611\" srcset=\"https:\/\/hir.mediamarkt.hu\/magazin\/wp-content\/uploads\/2021\/08\/huawei-matepad-11-mediamarkt-teszt-11-1024x768.jpg 1024w, https:\/\/hir.mediamarkt.hu\/magazin\/wp-content\/uploads\/2021\/08\/huawei-matepad-11-mediamarkt-teszt-11-300x225.jpg 300w, https:\/\/hir.mediamarkt.hu\/magazin\/wp-content\/uploads\/2021\/08\/huawei-matepad-11-mediamarkt-teszt-11-275x206.jpg 275w, https:\/\/hir.mediamarkt.hu\/magazin\/wp-content\/uploads\/2021\/08\/huawei-matepad-11-mediamarkt-teszt-11-768x576.jpg 768w, https:\/\/hir.mediamarkt.hu\/magazin\/wp-content\/uploads\/2021\/08\/huawei-matepad-11-mediamarkt-teszt-11-500x375.jpg 500w, https:\/\/hir.mediamarkt.hu\/magazin\/wp-content\/uploads\/2021\/08\/huawei-matepad-11-mediamarkt-teszt-11.jpg 1200w\" sizes=\"(max-width: 1024px) 100vw, 1024px\" \/><figcaption>Vide\u00f3h\u00edv\u00e1sra is ide\u00e1lis<\/figcaption><\/figure>\n\n\n\n<p class=\"has-text-align-justify\">B\u00e1r HarmonyOS az oper\u00e1ci\u00f3s rendszer neve, kompatibilis az Androidra k\u00e9sz\u00edtett alkalmaz\u00e1sok nagy r\u00e9sz\u00e9vel. Azon appok nem fognak futni, amelyek haszn\u00e1lat\u00e1hoz Google t\u00e1mogat\u00e1s (\u00fagynevezett Google Mobile Services) kell, ilyen lehet p\u00e9ld\u00e1ul a YouTube, azonban erre a Huawei a QuickAppot tal\u00e1lta ki, ami gyakorlatilag alkalmaz\u00e1ss\u00e1 alak\u00edt weboldalakat, \u00edgy ebben a form\u00e1ban haszn\u00e1lhat\u00f3 a YouTube is.<\/p>\n\n\n\n<p class=\"has-text-align-justify\">A multim\u00e9di\u00e1s \u00e9lm\u00e9nyeken nagyot dob a n\u00e9gy darab be\u00e9p\u00edtett Harman Kardon hangsz\u00f3r\u00f3. Az oldals\u00f3 \u00e9leken tal\u00e1lhat\u00f3 jobb \u00e9s bal oldalon p\u00e1ros\u00e1val, ennek k\u00f6sz\u00f6nhet\u0151en sztere\u00f3 hangz\u00e1st k\u00edn\u00e1l. Ezek nem csak kell\u0151en hangosak, hanem kifejezetten dinamikus, j\u00f3l kiegyens\u00falyozott, egy ilyen kis eszk\u00f6zh\u00f6z k\u00e9pest meglep\u0151en j\u00f3. Tanul\u00e1s k\u00f6zben egy kis zenehallgat\u00e1s, vagy \u00e9ppen h\u00e9tv\u00e9g\u00e9n egy sorozat megn\u00e9z\u00e9se sor\u00e1n igazi \u00e9lm\u00e9ny a hangja.<\/p>\n\n\n\n<h2>Extra kieg\u00e9sz\u00edt\u0151k a multifunkci\u00f3s haszn\u00e1lathoz<\/h2>\n<h4>Huawei M-Pencil 2&nbsp;<\/h4>\n\n\n\n<p class=\"has-text-align-justify\">A kijelz\u0151 j\u00f3 olvashat\u00f3s\u00e1ga, sz\u00e9p sz\u00ednmegjen\u00edt\u00e9se ide\u00e1lis a grafikus munk\u00e1kra is, f\u0151leg ha valaki m\u0171v\u00e9szl\u00e9lek. Ha A Huawei k\u00e9sz\u00edtett egy speci\u00e1lis ceruz\u00e1t a MatePad 11-et, ez az M-Pencil m\u00e1sodik gener\u00e1ci\u00f3ja.&nbsp;<\/p>\n\n\n\n<figure class=\"wp-block-image size-large\"><img loading=\"lazy\" decoding=\"async\" width=\"1024\" height=\"768\" src=\"https:\/\/hir.mediamarkt.hu\/magazin\/wp-content\/uploads\/2021\/08\/huawei-matepad-11-mediamarkt-teszt-10-1024x768.jpg\" alt=\"\" class=\"wp-image-12614\" srcset=\"https:\/\/hir.mediamarkt.hu\/magazin\/wp-content\/uploads\/2021\/08\/huawei-matepad-11-mediamarkt-teszt-10-1024x768.jpg 1024w, https:\/\/hir.mediamarkt.hu\/magazin\/wp-content\/uploads\/2021\/08\/huawei-matepad-11-mediamarkt-teszt-10-300x225.jpg 300w, https:\/\/hir.mediamarkt.hu\/magazin\/wp-content\/uploads\/2021\/08\/huawei-matepad-11-mediamarkt-teszt-10-275x206.jpg 275w, https:\/\/hir.mediamarkt.hu\/magazin\/wp-content\/uploads\/2021\/08\/huawei-matepad-11-mediamarkt-teszt-10-768x576.jpg 768w, https:\/\/hir.mediamarkt.hu\/magazin\/wp-content\/uploads\/2021\/08\/huawei-matepad-11-mediamarkt-teszt-10-500x375.jpg 500w, https:\/\/hir.mediamarkt.hu\/magazin\/wp-content\/uploads\/2021\/08\/huawei-matepad-11-mediamarkt-teszt-10.jpg 1200w\" sizes=\"(max-width: 1024px) 100vw, 1024px\" \/><figcaption>Haszn\u00e1laton k\u00edv\u00fcl, a tablet tetej\u00e9n m\u00e1gnesesen pihen az M-Pencil, k\u00f6zben pedig t\u00f6lt<\/figcaption><\/figure>\n\n\n\n<p class=\"has-text-align-justify\">A sz\u00fcrke sz\u00edn\u0171 kieg\u00e9sz\u00edt\u0151 olyan, mint egy toll, vagy ceruza. K\u00f6nnyen k\u00e9zbe illik \u00e9s a seg\u00edts\u00e9g\u00e9vel \u00edrni, rajzolni is lehet a kijelz\u0151n kereszt\u00fcl a tabletre. A speci\u00e1lis m\u0171anyag hegye cser\u00e9lhet\u0151 (a csomagol\u00e1sban k\u00e9t p\u00f3thegy is megtal\u00e1lhat\u00f3). A ceruza Bluetooth-on kereszt\u00fcl csatlakozik a tablethez, r\u00e1ad\u00e1sul a MatePad 11 fels\u0151 \u00e9l\u00e9n van egy l\u00e1thatatlan, m\u00e1gneses dokkol\u00f3 sz\u00e1m\u00e1ra. Ide csak r\u00e1tessz\u00fck \u00e9s a m\u00e1gneseknek k\u00f6sz\u00f6nhet\u0151en r\u00e1tapad, \u00edgy lehet t\u00f6lteni is. Nincs teh\u00e1t k\u00e1bel, nincs kivehet\u0151 elem, csak levessz\u00fck a tablet tetej\u00e9r\u0151l \u00e9s haszn\u00e1ljuk, ut\u00e1na visszatessz\u00fck.<\/p>\n\n\n\n<p class=\"has-text-align-justify\">A stylushoz t\u00f6bbf\u00e9le alkalmaz\u00e1s is rendelkez\u00e9sre \u00e1ll. A jegyzett\u00f6mb n\u00e9gyf\u00e9le \u00edr\u00f3eszk\u00f6zre eml\u00e9keztet\u0151 m\u00f3dot k\u00edn\u00e1l, amit a ceruz\u00e1val tudunk haszn\u00e1lni. A kijelz\u0151h\u00f6z fizikailag hozz\u00e1nyomva 4096 ponton \u00e9rz\u00e9keli a nyom\u00e1st, \u00edgy ha kifinomultabb rajzot k\u00e9sz\u00edten\u00e9nk, mint egy val\u00f3s pap\u00edron elt\u00e9r\u0151 lesz a h\u00fazott vonal att\u00f3l f\u00fcgg\u0151en, mennyire nyomjuk hozz\u00e1 az \u00edr\u00f3eszk\u00f6zt.<\/p>\n\n\n\n<figure class=\"wp-block-image size-large\"><img loading=\"lazy\" decoding=\"async\" width=\"1024\" height=\"768\" src=\"https:\/\/hir.mediamarkt.hu\/magazin\/wp-content\/uploads\/2021\/08\/huawei-matepad-11-mediamarkt-teszt-8-1024x768.jpg\" alt=\"\" class=\"wp-image-12615\" srcset=\"https:\/\/hir.mediamarkt.hu\/magazin\/wp-content\/uploads\/2021\/08\/huawei-matepad-11-mediamarkt-teszt-8-1024x768.jpg 1024w, https:\/\/hir.mediamarkt.hu\/magazin\/wp-content\/uploads\/2021\/08\/huawei-matepad-11-mediamarkt-teszt-8-300x225.jpg 300w, https:\/\/hir.mediamarkt.hu\/magazin\/wp-content\/uploads\/2021\/08\/huawei-matepad-11-mediamarkt-teszt-8-275x206.jpg 275w, https:\/\/hir.mediamarkt.hu\/magazin\/wp-content\/uploads\/2021\/08\/huawei-matepad-11-mediamarkt-teszt-8-768x576.jpg 768w, https:\/\/hir.mediamarkt.hu\/magazin\/wp-content\/uploads\/2021\/08\/huawei-matepad-11-mediamarkt-teszt-8-500x375.jpg 500w, https:\/\/hir.mediamarkt.hu\/magazin\/wp-content\/uploads\/2021\/08\/huawei-matepad-11-mediamarkt-teszt-8.jpg 1200w\" sizes=\"(max-width: 1024px) 100vw, 1024px\" \/><figcaption>Enn\u00e9l sokkal bonyolultabb \u00e9s \u00f6sszetettebb grafikai is rajzolhat\u00f3<\/figcaption><\/figure>\n\n\n\n<p class=\"has-text-align-justify\">Ezen k\u00edv\u00fcl el\u0151re telep\u00edtve megkapjuk a Nebo for Huawei appot, amely egy jegyzetf\u00fczet funkci\u00f3j\u00e1t l\u00e1tja el, amibe tollal jegyzetelhet\u00fcnk, azt \u00e1t lehet alak\u00edtani g\u00e9pelt sz\u00f6vegg\u00e9.<\/p>\n\n\n\n<p class=\"has-text-align-justify\">A MyScript Calculator 2 alkalmaz\u00e1s f\u0151leg egyetemi matek\u00f3r\u00e1kon lehet izgalmas. A ceruz\u00e1val lehet \u00edrni a matek egyenleteket, amelyet az app felismer \u00e9s kisz\u00e1mol.<\/p>\n\n\n\n<h4>Huawei MatePad 11 billenty\u0171zetes tok<\/h4>\n\n\n\n<p class=\"has-text-align-justify\">Nem csak a rajzol\u00e1s sor\u00e1n tudnak a kieg\u00e9sz\u00edt\u0151k seg\u00edteni. A m\u00e1gneses billenty\u0171zetes tok egyszerre v\u00e9di meg a tabletet a t\u00e1sk\u00e1ban \u00e9s alak\u00edtja \u00e1t egy mini notebookk\u00e1 a MatePad 11-et.<\/p>\n\n\n\n<figure class=\"wp-block-image size-large\"><img loading=\"lazy\" decoding=\"async\" width=\"1024\" height=\"768\" src=\"https:\/\/hir.mediamarkt.hu\/magazin\/wp-content\/uploads\/2021\/08\/huawei-matepad-11-mediamarkt-teszt-2-1024x768.jpg\" alt=\"\" class=\"wp-image-12617\" srcset=\"https:\/\/hir.mediamarkt.hu\/magazin\/wp-content\/uploads\/2021\/08\/huawei-matepad-11-mediamarkt-teszt-2-1024x768.jpg 1024w, https:\/\/hir.mediamarkt.hu\/magazin\/wp-content\/uploads\/2021\/08\/huawei-matepad-11-mediamarkt-teszt-2-300x225.jpg 300w, https:\/\/hir.mediamarkt.hu\/magazin\/wp-content\/uploads\/2021\/08\/huawei-matepad-11-mediamarkt-teszt-2-275x206.jpg 275w, https:\/\/hir.mediamarkt.hu\/magazin\/wp-content\/uploads\/2021\/08\/huawei-matepad-11-mediamarkt-teszt-2-768x576.jpg 768w, https:\/\/hir.mediamarkt.hu\/magazin\/wp-content\/uploads\/2021\/08\/huawei-matepad-11-mediamarkt-teszt-2-500x375.jpg 500w, https:\/\/hir.mediamarkt.hu\/magazin\/wp-content\/uploads\/2021\/08\/huawei-matepad-11-mediamarkt-teszt-2.jpg 1200w\" sizes=\"(max-width: 1024px) 100vw, 1024px\" \/><\/figure>\n\n\n\n<p class=\"has-text-align-justify\">A tokba m\u00e1gnesesen r\u00f6gz\u00fcl a tablet \u00e9s kinyitva \u00e1llv\u00e1nyk\u00e9nt funkcion\u00e1l. Ekkor egy teljes kioszt\u00e1s\u00fa billenty\u0171zetet kapunk, amely m\u00e9retei ugyan a tablet sz\u00e9less\u00e9g\u00e9hez limit\u00e1ltak, viszont teljesen j\u00f3l haszn\u00e1lhat\u00f3.<\/p>\n\n\n\n<p class=\"has-text-align-justify\">A v\u00e9kony billenty\u0171zet k\u00f6zvetlen\u00fcl a tabletb\u0151l kapja az \u00e1ramot, nem kell k\u00fcl\u00f6n t\u00f6lteni. Emiatt mindig el\u00e9g csak kinyitni \u00e9s m\u00e1r lehet is jegyzetelni. A gombok k\u00f6z\u00f6tt kell\u0151en nagy a billenty\u0171k\u00f6z, ennek k\u00f6sz\u00f6nhet\u0151en a kis m\u00e9ret\u0171 klaviat\u00fara is ide\u00e1lis a hosszabb sz\u00f6vegek beg\u00e9pel\u00e9s\u00e9re sok el\u00fct\u00e9s n\u00e9lk\u00fcl.<\/p>\n\n\n\n<figure class=\"wp-block-image size-large\"><img loading=\"lazy\" decoding=\"async\" width=\"1024\" height=\"768\" src=\"https:\/\/hir.mediamarkt.hu\/magazin\/wp-content\/uploads\/2021\/08\/huawei-matepad-11-mediamarkt-teszt-3-1024x768.jpg\" alt=\"\" class=\"wp-image-12618\" srcset=\"https:\/\/hir.mediamarkt.hu\/magazin\/wp-content\/uploads\/2021\/08\/huawei-matepad-11-mediamarkt-teszt-3-1024x768.jpg 1024w, https:\/\/hir.mediamarkt.hu\/magazin\/wp-content\/uploads\/2021\/08\/huawei-matepad-11-mediamarkt-teszt-3-300x225.jpg 300w, https:\/\/hir.mediamarkt.hu\/magazin\/wp-content\/uploads\/2021\/08\/huawei-matepad-11-mediamarkt-teszt-3-275x206.jpg 275w, https:\/\/hir.mediamarkt.hu\/magazin\/wp-content\/uploads\/2021\/08\/huawei-matepad-11-mediamarkt-teszt-3-768x576.jpg 768w, https:\/\/hir.mediamarkt.hu\/magazin\/wp-content\/uploads\/2021\/08\/huawei-matepad-11-mediamarkt-teszt-3-500x375.jpg 500w, https:\/\/hir.mediamarkt.hu\/magazin\/wp-content\/uploads\/2021\/08\/huawei-matepad-11-mediamarkt-teszt-3.jpg 1200w\" sizes=\"(max-width: 1024px) 100vw, 1024px\" \/><\/figure>\n\n\n\n<p class=\"has-text-align-justify\">Ha Huawei telefonunk van \u00e9s hozz\u00e1\u00e9rintj\u00fck azt a jobb oldali shift gombhoz, akkor a telefon k\u00e9perny\u0151je megjelenik a tableten, arr\u00f3l vez\u00e9relhet\u0151. A k\u00e9t eszk\u00f6z k\u00f6z\u00f6tt f\u00e1jlokat oszthatunk meg, h\u00edv\u00e1sokat bonyol\u00edthatunk le a tableten, vagy a k\u00e9t k\u00e9sz\u00fcl\u00e9kkel egy\u00fctt dolgozhatunk.<\/p>\n\n\n\n<figure class=\"wp-block-image size-large\"><img loading=\"lazy\" decoding=\"async\" width=\"1024\" height=\"768\" src=\"https:\/\/hir.mediamarkt.hu\/magazin\/wp-content\/uploads\/2021\/08\/huawei-matepad-11-mediamarkt-teszt-4-1024x768.jpg\" alt=\"\" class=\"wp-image-12619\" srcset=\"https:\/\/hir.mediamarkt.hu\/magazin\/wp-content\/uploads\/2021\/08\/huawei-matepad-11-mediamarkt-teszt-4-1024x768.jpg 1024w, https:\/\/hir.mediamarkt.hu\/magazin\/wp-content\/uploads\/2021\/08\/huawei-matepad-11-mediamarkt-teszt-4-300x225.jpg 300w, https:\/\/hir.mediamarkt.hu\/magazin\/wp-content\/uploads\/2021\/08\/huawei-matepad-11-mediamarkt-teszt-4-275x206.jpg 275w, https:\/\/hir.mediamarkt.hu\/magazin\/wp-content\/uploads\/2021\/08\/huawei-matepad-11-mediamarkt-teszt-4-768x576.jpg 768w, https:\/\/hir.mediamarkt.hu\/magazin\/wp-content\/uploads\/2021\/08\/huawei-matepad-11-mediamarkt-teszt-4-500x375.jpg 500w, https:\/\/hir.mediamarkt.hu\/magazin\/wp-content\/uploads\/2021\/08\/huawei-matepad-11-mediamarkt-teszt-4.jpg 1200w\" sizes=\"(max-width: 1024px) 100vw, 1024px\" \/><\/figure>\n\n\n\n<p class=\"has-text-align-justify\">Ha valaki <a href=\"https:\/\/www.mediamarkt.hu\/hu\/category\/_laptop-notebook-504830.html?searchParams=%2FSearch.ff%3FfilterTabbedCategory%3Donlineshop%26filterCategoriesROOT%3DSz%25C3%25A1m%25C3%25ADt%25C3%25A1stechnika%2B%2526%2BIroda%25C2%25A7MediaHUhuc504818%26filterCategoriesROOT%252FSz%25C3%25A1m%25C3%25ADt%25C3%25A1stechnika%2B%2526%2BIroda%25C2%25A7MediaHUhuc504818%3DLaptop%252C%2Bnotebook%25C2%25A7MediaHUhuc504819%26filterCategoriesROOT%252FSz%25C3%25A1m%25C3%25ADt%25C3%25A1stechnika%2B%2526%2BIroda%25C2%25A7MediaHUhuc504818%252FLaptop%252C%2Bnotebook%25C2%25A7MediaHUhuc504819%3DLaptop%252C%2Bnotebook%25C2%25A7MediaHUhuc504830%26filteravailability%3D1%26filterbrand%3DHUAWEI%26channel%3Dmmhuhu%26followSearch%3D9938%26disableTabbedCategory%3Dtrue%26navigation%3Dtrue&amp;sort=&amp;view=PRODUCTLIST&amp;page=\" target=\"_blank\" rel=\"noreferrer noopener\">Windows 10-es Huawei notebookkal<\/a> is rendelkezik, az \u00f6kosziszt\u00e9m\u00e1t m\u00e9g jobban ki tudja haszn\u00e1lni. A MatePad 11-et a tablettel \u00f6sszek\u00f6tve (szint\u00e9n vezet\u00e9k n\u00e9lk\u00fcl) nem csak f\u00e1jlmegoszt\u00e1sra lehet haszn\u00e1lni, hanem a tablet kijelz\u0151j\u00e9t haszn\u00e1lhatjuk a notebook kiterjeszt\u00e9sek\u00e9nt.<\/p>\n\n\n\n<p class=\"has-text-align-justify\">Az egyik eset, ha gyakorlatilag digit\u00e1lis rajzt\u00e1blak\u00e9nt haszn\u00e1ljuk a MatePad 11-et \u00e9s az M-Pencilt. Ilyenkor a notebookon fut\u00f3 grafikus programban (pl. Photoshop) tudunk rajzolni, festeni a speci\u00e1lis tollat haszn\u00e1lva. Azonban a tabletet haszn\u00e1lhatjuk kiterjesztett asztalk\u00e9nt, mint egy m\u00e1sodik monitor. Vagy ak\u00e1r szimpl\u00e1n t\u00fckr\u00f6zhetj\u00fck rajta a notebook k\u00e9perny\u0151j\u00e9t.<\/p>\n\n\n\n<h2>Otthonra? Iskol\u00e1ba? Munk\u00e1ra? Mindre egyszerre!<\/h2>\n\n\n\n<p class=\"has-text-align-justify\">A Huawei MatePad 11 egy sokoldal\u00fa, nagyon \u00edg\u00e9retes tablet, amely a billenty\u0171zettel \u00e9s tollal nem csak az otthoni sz\u00f3rakoz\u00e1st t\u00e1mogatja, hanem az oktat\u00e1sban, vagy a munk\u00e1ban is j\u00f3l j\u00f6het.<\/p>\n\n\n\n<p class=\"has-text-align-justify\">A be\u00e9p\u00edtett 7250 mAh-s akkumul\u00e1tor\u00e1val eg\u00e9sz napos haszn\u00e1latra ide\u00e1lis, nem kell gyakran t\u00f6lt\u0151\u00e9rt ny\u00falni, \u00edgy d\u00e9lel\u0151tt lehet a tanul\u00e1s k\u00f6zpontja, d\u00e9lut\u00e1n pedig a sz\u00f3rakoz\u00e1s\u00e9.<\/p>\n\n\n\n<p class=\"has-text-align-justify\">A tablet egyf\u00e9le kivitelben, 128 GB h\u00e1tt\u00e9rt\u00e1rral, WiFi-vel \u00e9rhet\u0151 el sz\u00fcrke \u00e1rnyalatban. <a href=\"https:\/\/www.mediamarkt.hu\/hu\/product\/_huawei-matepad-11-10-9-128gb-wifi-sz%C3%BCrke-tablet-dby-w09-1361676.html\" target=\"_blank\" rel=\"noreferrer noopener\">Az aktu\u00e1lis \u00e1ra ide kattintva l\u00e1that\u00f3.<\/a> A <a href=\"https:\/\/www.mediamarkt.hu\/hu\/product\/_huawei-billenty%C5%B1zetes-tok-fekete-matepad-11-hez-1361017.html\" target=\"_blank\" rel=\"noreferrer noopener\">billenty\u0171zetes tok<\/a> \u00e9s az <a href=\"https:\/\/www.mediamarkt.hu\/hu\/product\/_huawei-m-pencil-2nd-gen-cd54-ez%C3%BCst-matepad-11-hez-1361018.html\" target=\"_blank\" rel=\"noreferrer noopener\">M-Pencil 2<\/a> k\u00fcl\u00f6n el\u00e9rhet\u0151, opcion\u00e1lis tartoz\u00e9k. 2021. augusztus 15-ig (illetve a k\u00e9szlet erej\u00e9ig) a MatePad 11-hez r\u00e1ad\u00e1sk\u00e9nt j\u00e1r a k\u00e9t extra kieg\u00e9sz\u00edt\u0151 is.<\/p>\n\n\n\n<p>Ha szeretn\u00e9d v\u00e1s\u00e1rl\u00e1s ut\u00e1n hossz\u00fat\u00e1von is megv\u00e9deni a Huawei MatePad 11 kijelz\u0151j\u00e9t, k\u00e9rhetsz r\u00e1 <a href=\"https:\/\/www.mediamarkt.hu\/hu\/shop\/okospult.html\" target=\"_blank\" rel=\"noreferrer noopener\">ClearPlex \u00f6ngy\u00f3gyul\u00f3 v\u00e9d\u0151f\u00f3li\u00e1t<\/a>. Ha web\u00e1ruh\u00e1zunkb\u00f3l v\u00e1s\u00e1rolsz, m\u00e1r a rendel\u00e9s sor\u00e1n lehet\u0151s\u00e9ged van k\u00e9rni az \u00fajgener\u00e1ci\u00f3s \u00fct\u00e9s\u00e1ll\u00f3 f\u00f3lia felhelyez\u00e9s\u00e9t, \u00edgy m\u00e1r ezzel \u00e9rkezik otthonodba a tablet. Ha \u00e1ruh\u00e1zainkban v\u00e1s\u00e1rolsz, akkor keresd az Okospultot, ahol koll\u00e9g\u00e1ink seg\u00edtenek a ClearPlex m\u00e9retpontos f\u00f3lia felhelyez\u00e9ssel. <a href=\"https:\/\/www.youtube.com\/watch?v=GuiybxNcYbY\" target=\"_blank\" rel=\"noreferrer noopener\">A ClearPlex f\u00f3lia ellen\u00e1ll\u00f3s\u00e1g\u00e1r\u00f3l itt l\u00e1thatsz vide\u00f3t is.<\/a><\/p>\n\n\n\n<h3 class=\"wp-block-heading\"><a href=\"https:\/\/hir.mediamarkt.hu\/magazin\/huawei-p-smart-2021\/\" target=\"_blank\" rel=\"noopener\">TESZELT\u00dcK A HUAWEI P SMART 2021-ET!<\/a><\/h3>\n","protected":false},"excerpt":{"rendered":"A Huawei a MatePad 11-gyel megpr\u00f3b\u00e1lja a felhaszn\u00e1l\u00f3kat egy teljesen \u00faj oper\u00e1ci\u00f3s rendszer fel\u00e9 navig\u00e1lni, els\u0151 pr\u00f3b\u00e1lkoz\u00e1sra nem is annyira rosszul. Mi a k\u00f6z\u00f6s a Microsoftban, a Samsungban, a BlackBerry-ben, a Noki\u00e1ban \u00e9s az LG-ben? Mindegyik gy\u00e1rt\u00f3 megpr\u00f3b\u00e1lt az Android \u00e9s az iOS mellett egy saj\u00e1t oper\u00e1ci\u00f3s rendszert piacra vezetni az okostelefonok sz\u00e1m\u00e1ra. Mind elbuktak benne. A Huawei a HarmonyOS n\u00e9vre keresztelt oper\u00e1ci\u00f3s rendszer\u00e9vel pr\u00f3b\u00e1lja meg megt\u00f6rni az Android \u00e9s az iOS kett\u0151s egyeduralm\u00e1t. Szeretne a v\u00e1llalat egy harmadik rendszerrel tov\u00e1bbi haszn\u00e1lhat\u00f3 v\u00e1laszt\u00e1si alternat\u00edv\u00e1t k\u00edn\u00e1lni a felhaszn\u00e1l\u00f3knak. Az els\u0151 HarmonyOS-t futtat\u00f3 eszk\u00f6z\u00f6k haz\u00e1nkban a Huawei Watch 3 sorozat\u00fa okos\u00f3r\u00e1k voltak, ezt r\u00f6viddel k\u00f6vette nagyk\u00e9perny\u0151n a MatePad 11 tablet, amely k\u00f6nnyen irodai eszk\u00f6zz\u00e9 alak\u00edthat\u00f3 az opcion\u00e1lis billenty\u0171zetes tokkal, illetve speci\u00e1lis ceruz\u00e1val. &#8230;","protected":false},"author":34,"featured_media":12646,"comment_status":"open","ping_status":"open","sticky":false,"template":"","format":"standard","meta":{"wprm-recipe-roundup-name":"","wprm-recipe-roundup-description":"","footnotes":""},"categories":[5969,5951],"tags":[4436,4438,4439,4441,4442,4435,4322,4431,4432,4430,4445,4433,736,4449,4437,4440,4443,4444,4446,4447,4448,4429,4426,4427,4428,4425,4450,4452,4453,509,4455,4454,1423,4434,1420,154,4451,1524],"yoast_head":"<!-- This site is optimized with the Yoast SEO plugin v22.9 - https:\/\/yoast.com\/wordpress\/plugins\/seo\/ -->\n<title>Huawei MatePad 11 teszt: harmonikus kapcsolat - MediaMarkt Magazin<\/title>\n<meta name=\"description\" content=\"A HarmonyOS rendszerrel \u00e9rkez\u0151 Huawei MatePad 11-et tesztelt\u00fck le az M-Pencil 2-vel \u00e9s billenty\u0171zetes tokkal.\" \/>\n<meta name=\"robots\" content=\"index, follow, max-snippet:-1, max-image-preview:large, max-video-preview:-1\" \/>\n<link rel=\"canonical\" href=\"https:\/\/hir.mediamarkt.hu\/magazin\/huawei-matepad-11-teszt-harmonikus-kapcsolat\/\" \/>\n<meta property=\"og:locale\" content=\"hu_HU\" \/>\n<meta property=\"og:type\" content=\"article\" \/>\n<meta property=\"og:title\" content=\"Huawei MatePad 11: Harmonikus kapcsolat\" \/>\n<meta property=\"og:description\" content=\"A HarmonyOS rendszerrel \u00e9rkez\u0151 Huawei MatePad 11-et tesztelt\u00fck le az M-Pencil 2-vel \u00e9s billenty\u0171zetes tokkal.\" \/>\n<meta property=\"og:url\" content=\"https:\/\/hir.mediamarkt.hu\/magazin\/huawei-matepad-11-teszt-harmonikus-kapcsolat\/\" \/>\n<meta property=\"og:site_name\" content=\"MediaMarkt Magazin\" \/>\n<meta property=\"article:publisher\" content=\"https:\/\/www.facebook.com\/MediaMarktMagyarorszag\" \/>\n<meta property=\"article:published_time\" content=\"2021-08-03T13:35:02+00:00\" \/>\n<meta property=\"article:modified_time\" content=\"2021-08-04T16:02:04+00:00\" \/>\n<meta property=\"og:image\" content=\"https:\/\/hir.mediamarkt.hu\/magazin\/wp-content\/uploads\/2021\/08\/Huawei_matepad11_teszt.png\" \/>\n\t<meta property=\"og:image:width\" content=\"1024\" \/>\n\t<meta property=\"og:image:height\" content=\"619\" \/>\n\t<meta property=\"og:image:type\" content=\"image\/png\" \/>\n<meta name=\"author\" content=\"Kov\u00e1cs \u00c1d\u00e1m\" \/>\n<meta name=\"twitter:label1\" content=\"Szerz\u0151:\" \/>\n\t<meta name=\"twitter:data1\" content=\"Kov\u00e1cs \u00c1d\u00e1m\" \/>\n\t<meta name=\"twitter:label2\" content=\"Becs\u00fclt olvas\u00e1si id\u0151\" \/>\n\t<meta name=\"twitter:data2\" content=\"9 perc\" \/>\n<script type=\"application\/ld+json\" class=\"yoast-schema-graph\">{\"@context\":\"https:\/\/schema.org\",\"@graph\":[{\"@type\":\"WebPage\",\"@id\":\"https:\/\/hir.mediamarkt.hu\/magazin\/huawei-matepad-11-teszt-harmonikus-kapcsolat\/\",\"url\":\"https:\/\/hir.mediamarkt.hu\/magazin\/huawei-matepad-11-teszt-harmonikus-kapcsolat\/\",\"name\":\"Huawei MatePad 11 teszt: harmonikus kapcsolat - MediaMarkt Magazin\",\"isPartOf\":{\"@id\":\"https:\/\/hir.mediamarkt.hu\/magazin\/#website\"},\"primaryImageOfPage\":{\"@id\":\"https:\/\/hir.mediamarkt.hu\/magazin\/huawei-matepad-11-teszt-harmonikus-kapcsolat\/#primaryimage\"},\"image\":{\"@id\":\"https:\/\/hir.mediamarkt.hu\/magazin\/huawei-matepad-11-teszt-harmonikus-kapcsolat\/#primaryimage\"},\"thumbnailUrl\":\"https:\/\/hir.mediamarkt.hu\/magazin\/wp-content\/uploads\/2021\/08\/Huawei_matepad11_teszt.png\",\"datePublished\":\"2021-08-03T13:35:02+00:00\",\"dateModified\":\"2021-08-04T16:02:04+00:00\",\"author\":{\"@id\":\"https:\/\/hir.mediamarkt.hu\/magazin\/#\/schema\/person\/eb6407def37d68930e61b9ccc0d2b12b\"},\"description\":\"A HarmonyOS rendszerrel \u00e9rkez\u0151 Huawei MatePad 11-et tesztelt\u00fck le az M-Pencil 2-vel \u00e9s billenty\u0171zetes tokkal.\",\"breadcrumb\":{\"@id\":\"https:\/\/hir.mediamarkt.hu\/magazin\/huawei-matepad-11-teszt-harmonikus-kapcsolat\/#breadcrumb\"},\"inLanguage\":\"hu\",\"potentialAction\":[{\"@type\":\"ReadAction\",\"target\":[\"https:\/\/hir.mediamarkt.hu\/magazin\/huawei-matepad-11-teszt-harmonikus-kapcsolat\/\"]}]},{\"@type\":\"ImageObject\",\"inLanguage\":\"hu\",\"@id\":\"https:\/\/hir.mediamarkt.hu\/magazin\/huawei-matepad-11-teszt-harmonikus-kapcsolat\/#primaryimage\",\"url\":\"https:\/\/hir.mediamarkt.hu\/magazin\/wp-content\/uploads\/2021\/08\/Huawei_matepad11_teszt.png\",\"contentUrl\":\"https:\/\/hir.mediamarkt.hu\/magazin\/wp-content\/uploads\/2021\/08\/Huawei_matepad11_teszt.png\",\"width\":1024,\"height\":619},{\"@type\":\"BreadcrumbList\",\"@id\":\"https:\/\/hir.mediamarkt.hu\/magazin\/huawei-matepad-11-teszt-harmonikus-kapcsolat\/#breadcrumb\",\"itemListElement\":[{\"@type\":\"ListItem\",\"position\":1,\"name\":\"Kezd\u0151lap\",\"item\":\"https:\/\/hir.mediamarkt.hu\/magazin\/\"},{\"@type\":\"ListItem\",\"position\":2,\"name\":\"Tesztelt\u00fck\",\"item\":\"https:\/\/hir.mediamarkt.hu\/magazin\/teszteltuk\/\"},{\"@type\":\"ListItem\",\"position\":3,\"name\":\"Huawei MatePad 11 teszt: harmonikus kapcsolat\"}]},{\"@type\":\"WebSite\",\"@id\":\"https:\/\/hir.mediamarkt.hu\/magazin\/#website\",\"url\":\"https:\/\/hir.mediamarkt.hu\/magazin\/\",\"name\":\"MediaMarkt Magazin\",\"description\":\"Olvass bele magazinunkba!\",\"potentialAction\":[{\"@type\":\"SearchAction\",\"target\":{\"@type\":\"EntryPoint\",\"urlTemplate\":\"https:\/\/hir.mediamarkt.hu\/magazin\/?s={search_term_string}\"},\"query-input\":\"required name=search_term_string\"}],\"inLanguage\":\"hu\"},{\"@type\":\"Person\",\"@id\":\"https:\/\/hir.mediamarkt.hu\/magazin\/#\/schema\/person\/eb6407def37d68930e61b9ccc0d2b12b\",\"name\":\"Kov\u00e1cs \u00c1d\u00e1m\",\"image\":{\"@type\":\"ImageObject\",\"inLanguage\":\"hu\",\"@id\":\"https:\/\/hir.mediamarkt.hu\/magazin\/#\/schema\/person\/image\/\",\"url\":\"https:\/\/secure.gravatar.com\/avatar\/7f17d39fcf146db446aab8f0a0b84bce?s=96&d=mm&r=g\",\"contentUrl\":\"https:\/\/secure.gravatar.com\/avatar\/7f17d39fcf146db446aab8f0a0b84bce?s=96&d=mm&r=g\",\"caption\":\"Kov\u00e1cs \u00c1d\u00e1m\"}}]}<\/script>\n<!-- \/ Yoast SEO plugin. -->","yoast_head_json":{"title":"Huawei MatePad 11 teszt: harmonikus kapcsolat - MediaMarkt Magazin","description":"A HarmonyOS rendszerrel \u00e9rkez\u0151 Huawei MatePad 11-et tesztelt\u00fck le az M-Pencil 2-vel \u00e9s billenty\u0171zetes tokkal.","robots":{"index":"index","follow":"follow","max-snippet":"max-snippet:-1","max-image-preview":"max-image-preview:large","max-video-preview":"max-video-preview:-1"},"canonical":"https:\/\/hir.mediamarkt.hu\/magazin\/huawei-matepad-11-teszt-harmonikus-kapcsolat\/","og_locale":"hu_HU","og_type":"article","og_title":"Huawei MatePad 11: Harmonikus kapcsolat","og_description":"A HarmonyOS rendszerrel \u00e9rkez\u0151 Huawei MatePad 11-et tesztelt\u00fck le az M-Pencil 2-vel \u00e9s billenty\u0171zetes tokkal.","og_url":"https:\/\/hir.mediamarkt.hu\/magazin\/huawei-matepad-11-teszt-harmonikus-kapcsolat\/","og_site_name":"MediaMarkt Magazin","article_publisher":"https:\/\/www.facebook.com\/MediaMarktMagyarorszag","article_published_time":"2021-08-03T13:35:02+00:00","article_modified_time":"2021-08-04T16:02:04+00:00","og_image":[{"width":1024,"height":619,"url":"https:\/\/hir.mediamarkt.hu\/magazin\/wp-content\/uploads\/2021\/08\/Huawei_matepad11_teszt.png","type":"image\/png"}],"author":"Kov\u00e1cs \u00c1d\u00e1m","twitter_misc":{"Szerz\u0151:":"Kov\u00e1cs \u00c1d\u00e1m","Becs\u00fclt olvas\u00e1si id\u0151":"9 perc"},"schema":{"@context":"https:\/\/schema.org","@graph":[{"@type":"WebPage","@id":"https:\/\/hir.mediamarkt.hu\/magazin\/huawei-matepad-11-teszt-harmonikus-kapcsolat\/","url":"https:\/\/hir.mediamarkt.hu\/magazin\/huawei-matepad-11-teszt-harmonikus-kapcsolat\/","name":"Huawei MatePad 11 teszt: harmonikus kapcsolat - MediaMarkt Magazin","isPartOf":{"@id":"https:\/\/hir.mediamarkt.hu\/magazin\/#website"},"primaryImageOfPage":{"@id":"https:\/\/hir.mediamarkt.hu\/magazin\/huawei-matepad-11-teszt-harmonikus-kapcsolat\/#primaryimage"},"image":{"@id":"https:\/\/hir.mediamarkt.hu\/magazin\/huawei-matepad-11-teszt-harmonikus-kapcsolat\/#primaryimage"},"thumbnailUrl":"https:\/\/hir.mediamarkt.hu\/magazin\/wp-content\/uploads\/2021\/08\/Huawei_matepad11_teszt.png","datePublished":"2021-08-03T13:35:02+00:00","dateModified":"2021-08-04T16:02:04+00:00","author":{"@id":"https:\/\/hir.mediamarkt.hu\/magazin\/#\/schema\/person\/eb6407def37d68930e61b9ccc0d2b12b"},"description":"A HarmonyOS rendszerrel \u00e9rkez\u0151 Huawei MatePad 11-et tesztelt\u00fck le az M-Pencil 2-vel \u00e9s billenty\u0171zetes tokkal.","breadcrumb":{"@id":"https:\/\/hir.mediamarkt.hu\/magazin\/huawei-matepad-11-teszt-harmonikus-kapcsolat\/#breadcrumb"},"inLanguage":"hu","potentialAction":[{"@type":"ReadAction","target":["https:\/\/hir.mediamarkt.hu\/magazin\/huawei-matepad-11-teszt-harmonikus-kapcsolat\/"]}]},{"@type":"ImageObject","inLanguage":"hu","@id":"https:\/\/hir.mediamarkt.hu\/magazin\/huawei-matepad-11-teszt-harmonikus-kapcsolat\/#primaryimage","url":"https:\/\/hir.mediamarkt.hu\/magazin\/wp-content\/uploads\/2021\/08\/Huawei_matepad11_teszt.png","contentUrl":"https:\/\/hir.mediamarkt.hu\/magazin\/wp-content\/uploads\/2021\/08\/Huawei_matepad11_teszt.png","width":1024,"height":619},{"@type":"BreadcrumbList","@id":"https:\/\/hir.mediamarkt.hu\/magazin\/huawei-matepad-11-teszt-harmonikus-kapcsolat\/#breadcrumb","itemListElement":[{"@type":"ListItem","position":1,"name":"Kezd\u0151lap","item":"https:\/\/hir.mediamarkt.hu\/magazin\/"},{"@type":"ListItem","position":2,"name":"Tesztelt\u00fck","item":"https:\/\/hir.mediamarkt.hu\/magazin\/teszteltuk\/"},{"@type":"ListItem","position":3,"name":"Huawei MatePad 11 teszt: harmonikus kapcsolat"}]},{"@type":"WebSite","@id":"https:\/\/hir.mediamarkt.hu\/magazin\/#website","url":"https:\/\/hir.mediamarkt.hu\/magazin\/","name":"MediaMarkt Magazin","description":"Olvass bele magazinunkba!","potentialAction":[{"@type":"SearchAction","target":{"@type":"EntryPoint","urlTemplate":"https:\/\/hir.mediamarkt.hu\/magazin\/?s={search_term_string}"},"query-input":"required name=search_term_string"}],"inLanguage":"hu"},{"@type":"Person","@id":"https:\/\/hir.mediamarkt.hu\/magazin\/#\/schema\/person\/eb6407def37d68930e61b9ccc0d2b12b","name":"Kov\u00e1cs \u00c1d\u00e1m","image":{"@type":"ImageObject","inLanguage":"hu","@id":"https:\/\/hir.mediamarkt.hu\/magazin\/#\/schema\/person\/image\/","url":"https:\/\/secure.gravatar.com\/avatar\/7f17d39fcf146db446aab8f0a0b84bce?s=96&d=mm&r=g","contentUrl":"https:\/\/secure.gravatar.com\/avatar\/7f17d39fcf146db446aab8f0a0b84bce?s=96&d=mm&r=g","caption":"Kov\u00e1cs \u00c1d\u00e1m"}}]}},"_links":{"self":[{"href":"https:\/\/hir.mediamarkt.hu\/magazin\/wp-json\/wp\/v2\/posts\/12607"}],"collection":[{"href":"https:\/\/hir.mediamarkt.hu\/magazin\/wp-json\/wp\/v2\/posts"}],"about":[{"href":"https:\/\/hir.mediamarkt.hu\/magazin\/wp-json\/wp\/v2\/types\/post"}],"author":[{"embeddable":true,"href":"https:\/\/hir.mediamarkt.hu\/magazin\/wp-json\/wp\/v2\/users\/34"}],"replies":[{"embeddable":true,"href":"https:\/\/hir.mediamarkt.hu\/magazin\/wp-json\/wp\/v2\/comments?post=12607"}],"version-history":[{"count":14,"href":"https:\/\/hir.mediamarkt.hu\/magazin\/wp-json\/wp\/v2\/posts\/12607\/revisions"}],"predecessor-version":[{"id":12647,"href":"https:\/\/hir.mediamarkt.hu\/magazin\/wp-json\/wp\/v2\/posts\/12607\/revisions\/12647"}],"wp:featuredmedia":[{"embeddable":true,"href":"https:\/\/hir.mediamarkt.hu\/magazin\/wp-json\/wp\/v2\/media\/12646"}],"wp:attachment":[{"href":"https:\/\/hir.mediamarkt.hu\/magazin\/wp-json\/wp\/v2\/media?parent=12607"}],"wp:term":[{"taxonomy":"category","embeddable":true,"href":"https:\/\/hir.mediamarkt.hu\/magazin\/wp-json\/wp\/v2\/categories?post=12607"},{"taxonomy":"post_tag","embeddable":true,"href":"https:\/\/hir.mediamarkt.hu\/magazin\/wp-json\/wp\/v2\/tags?post=12607"}],"curies":[{"name":"wp","href":"https:\/\/api.w.org\/{rel}","templated":true}]}}