{"id":12649,"date":"2021-08-27T08:15:40","date_gmt":"2021-08-27T07:15:40","guid":{"rendered":"https:\/\/hir.mediamarkt.hu\/magazin\/?p=12649"},"modified":"2021-09-10T10:48:47","modified_gmt":"2021-09-10T09:48:47","slug":"garmin-venu-2s-teszt","status":"publish","type":"post","link":"https:\/\/hir.mediamarkt.hu\/magazin\/garmin-venu-2s-teszt\/","title":{"rendered":"Garmin Venu 2S teszt &#8211; ezut\u00e1n a l\u00e1nyok futhatnak"},"content":{"rendered":"\n<p class=\"has-text-align-justify\">A Garmin az elm\u00falt \u00e9vek sor\u00e1n professzion\u00e1lis navig\u00e1ci\u00f3s c\u00e9gk\u00e9nt volt jelen, ezzel egy\u00fctt pedig egyre er\u0151sebb a felokos\u00edtott sport\u00f3r\u00e1k piac\u00e1n. Ez\u00fattal teszt\u00fcnkkel a h\u00f6lgyeknek fogunk kedvezni, hiszen az \u0151 csukl\u00f3jukra sz\u00e1nt Garmin Venu 2S \u00f3r\u00e1t n\u00e9zt\u00fck meg t\u00fczetesebben.<\/p>\n\n\n\n<h2 class=\"wp-block-heading\">N\u0151i \u00e9s f\u00e9rfi m\u00e9ret is van m\u00e1r a Venu 2 sz\u00e9ri\u00e1ban<\/h2>\n\n\n\n<p class=\"has-text-align-justify\">A Venu sorozat m\u00e1sodik gener\u00e1ci\u00f3ja 2021. tavasz\u00e1n deb\u00fct\u00e1lt, egy f\u00e9rfi (45 mm) \u00e9s egy n\u0151i (40 mm) m\u00e9retben. Ez ut\u00f3bbi teszt\u00fcnk alanya is.<\/p>\n\n\n\n<figure class=\"wp-block-image size-large\"><img loading=\"lazy\" decoding=\"async\" width=\"1024\" height=\"768\" src=\"https:\/\/hir.mediamarkt.hu\/magazin\/wp-content\/uploads\/2021\/08\/garmin-venu-2s-ora-teszt-9-1024x768.jpg\" alt=\"\" class=\"wp-image-12749\" srcset=\"https:\/\/hir.mediamarkt.hu\/magazin\/wp-content\/uploads\/2021\/08\/garmin-venu-2s-ora-teszt-9-1024x768.jpg 1024w, https:\/\/hir.mediamarkt.hu\/magazin\/wp-content\/uploads\/2021\/08\/garmin-venu-2s-ora-teszt-9-300x225.jpg 300w, https:\/\/hir.mediamarkt.hu\/magazin\/wp-content\/uploads\/2021\/08\/garmin-venu-2s-ora-teszt-9-275x206.jpg 275w, https:\/\/hir.mediamarkt.hu\/magazin\/wp-content\/uploads\/2021\/08\/garmin-venu-2s-ora-teszt-9-768x576.jpg 768w, https:\/\/hir.mediamarkt.hu\/magazin\/wp-content\/uploads\/2021\/08\/garmin-venu-2s-ora-teszt-9-500x375.jpg 500w, https:\/\/hir.mediamarkt.hu\/magazin\/wp-content\/uploads\/2021\/08\/garmin-venu-2s-ora-teszt-9.jpg 1200w\" sizes=\"(max-width: 1024px) 100vw, 1024px\" \/><\/figure>\n\n\n\n<p class=\"has-text-align-justify\">Az \u00f3ra h\u00e1romf\u00e9le sz\u00ednben \u00e9rhet\u0151 el. A feket\u00e9re hajaz\u00f3 sz\u00fcrke-s\u00f6t\u00e9tsz\u00fcrke mellett van egy ez\u00fcst-vil\u00e1gossz\u00fcrke, illetve egy vil\u00e1gos arany &#8211; vil\u00e1gos homokk\u0151 \u00e1rnyalat\u00fa is. Ezekn\u00e9l az els\u0151 sz\u00edn\u00e1rnyalat a tokoz\u00e1sra utal, a m\u00e1sodik pedig a sz\u00edjra. Teszt\u00fcnk alanya az ez\u00fcst-vil\u00e1gossz\u00fcrke. Ennek tokoz\u00e1sa ez\u00fcst \u00e1rnyalat\u00fa, m\u00edg a szilikon sz\u00edn vil\u00e1gossz\u00fcrke, nagyon k\u00f6zel\u00edtve a t\u00f6rtfeh\u00e9rhez.<\/p>\n\n\n\n<p class=\"has-text-align-justify\">A 40 mm-es k\u00e9sz\u00fcl\u00e9kh\u00e1zban egy 360&#215;360 pixel felbont\u00e1s\u00fa kijelz\u0151 van, amelyet Corning Gorilla Glass \u00fcveg v\u00e9d, ez pedig kellemesen lekerek\u00edtett hat\u00e1ssal van ell\u00e1tva. A fizikai m\u00e9reteib\u0151l ad\u00f3d\u00f3an els\u0151sorban v\u00e9kony, n\u0151i csukl\u00f3kon fog a legjobban mutatni az \u00f3ra, ide\u00e1lis, alig zavar\u00f3 viselet, hiszen mind\u00f6sszesen 39 gramm t\u00f6meg\u0171 sz\u00edjjal egy\u00fctt.<\/p>\n\n\n\n<p class=\"has-text-align-justify\">Az \u00f3ra jobb oldal\u00e1n k\u00e9t lapos gomb tal\u00e1lhat\u00f3, amely egy funkci\u00f3k vez\u00e9rl\u00e9s\u00e9hez szolg\u00e1l, ezen k\u00edv\u00fcl pedig az \u00e9rint\u0151k\u00e9perny\u0151 biztos\u00edtja a vez\u00e9rl\u00e9st.<\/p>\n\n\n\n<figure class=\"wp-block-image size-large\"><img loading=\"lazy\" decoding=\"async\" width=\"1024\" height=\"768\" src=\"https:\/\/hir.mediamarkt.hu\/magazin\/wp-content\/uploads\/2021\/08\/garmin-venu-2s-ora-teszt-11-1024x768.jpg\" alt=\"\" class=\"wp-image-12740\" srcset=\"https:\/\/hir.mediamarkt.hu\/magazin\/wp-content\/uploads\/2021\/08\/garmin-venu-2s-ora-teszt-11-1024x768.jpg 1024w, https:\/\/hir.mediamarkt.hu\/magazin\/wp-content\/uploads\/2021\/08\/garmin-venu-2s-ora-teszt-11-300x225.jpg 300w, https:\/\/hir.mediamarkt.hu\/magazin\/wp-content\/uploads\/2021\/08\/garmin-venu-2s-ora-teszt-11-275x206.jpg 275w, https:\/\/hir.mediamarkt.hu\/magazin\/wp-content\/uploads\/2021\/08\/garmin-venu-2s-ora-teszt-11-768x576.jpg 768w, https:\/\/hir.mediamarkt.hu\/magazin\/wp-content\/uploads\/2021\/08\/garmin-venu-2s-ora-teszt-11-500x375.jpg 500w, https:\/\/hir.mediamarkt.hu\/magazin\/wp-content\/uploads\/2021\/08\/garmin-venu-2s-ora-teszt-11.jpg 1200w\" sizes=\"(max-width: 1024px) 100vw, 1024px\" \/><\/figure>\n\n\n\n<p class=\"has-text-align-justify\">Az \u00f3ra h\u00e1tlapj\u00e1n egy t\u00f6bbfunkci\u00f3s optikai szenzor helyezkedik el egy csoportban. Ezek felelnek a pulzusm\u00e9r\u00e9s\u00e9rt, a v\u00e9roxig\u00e9n tel\u00edtetts\u00e9g m\u00e9r\u00e9shez \u00e9s haszn\u00e1lja az \u00f3ra t\u00f6bb egy\u00e9b funkci\u00f3hoz is az ezekb\u0151l m\u00e9rt adatokat. A 4 \u00e9rintkez\u0151s t\u00f6lt\u0151 csatlakoz\u00f3 is alulra ker\u00fclt, ezekhez m\u00e1gnesesen csatlakozik a t\u00f6lt\u0151k\u00e1bel.<\/p>\n\n\n\n<p class=\"has-text-align-justify\">Ahogy alul l\u00e1tszik, k\u00f6nnyen, egy mozdulattal levehet\u0151k a sz\u00edjak, \u00edgy azokat nagyon r\u00f6vid id\u0151 alatt lehet h\u00e1zilag, szersz\u00e1m n\u00e9lk\u00fcl is cser\u00e9lni.&nbsp;<\/p>\n\n\n\n<h2 class=\"wp-block-heading\">Telefonr\u00f3l minden be\u00e1ll\u00edthat\u00f3<\/h2>\n\n\n\n<p class=\"has-text-align-justify\">Az \u00f3ra haszn\u00e1lat\u00e1hoz telefonon a Garmin Connect alkalmaz\u00e1st kell let\u00f6lteni a Google Play \u00c1ruh\u00e1zb\u00f3l, vagy az Apple App Store-b\u00f3l. Ha valaki nem haszn\u00e1lt m\u00e9g Garmin \u00f3r\u00e1t, akkor els\u0151nek l\u00e9tre kell hoznia egy felhaszn\u00e1l\u00f3i fi\u00f3kot, az \u00f3ra csatlakoztat\u00e1sa pedig adja mag\u00e1t, hiszen ezen v\u00e9gig vezeti a felhaszn\u00e1l\u00f3t az app.&nbsp;<\/p>\n\n\n\n<figure class=\"wp-block-gallery columns-3 is-cropped wp-block-gallery-2 is-layout-flex wp-block-gallery-is-layout-flex\"><ul class=\"blocks-gallery-grid\"><li class=\"blocks-gallery-item\"><figure><img loading=\"lazy\" decoding=\"async\" width=\"405\" height=\"878\" src=\"https:\/\/hir.mediamarkt.hu\/magazin\/wp-content\/uploads\/2021\/08\/garmin-connect-app-1.jpeg\" alt=\"\" data-id=\"12753\" data-full-url=\"https:\/\/hir.mediamarkt.hu\/magazin\/wp-content\/uploads\/2021\/08\/garmin-connect-app-1.jpeg\" data-link=\"https:\/\/hir.mediamarkt.hu\/magazin\/?attachment_id=12753\" class=\"wp-image-12753\" srcset=\"https:\/\/hir.mediamarkt.hu\/magazin\/wp-content\/uploads\/2021\/08\/garmin-connect-app-1.jpeg 405w, https:\/\/hir.mediamarkt.hu\/magazin\/wp-content\/uploads\/2021\/08\/garmin-connect-app-1-138x300.jpeg 138w, https:\/\/hir.mediamarkt.hu\/magazin\/wp-content\/uploads\/2021\/08\/garmin-connect-app-1-231x500.jpeg 231w\" sizes=\"(max-width: 405px) 100vw, 405px\" \/><\/figure><\/li><li class=\"blocks-gallery-item\"><figure><img loading=\"lazy\" decoding=\"async\" width=\"405\" height=\"878\" src=\"https:\/\/hir.mediamarkt.hu\/magazin\/wp-content\/uploads\/2021\/08\/garmin-connect-app-2.jpeg\" alt=\"\" data-id=\"12751\" data-full-url=\"https:\/\/hir.mediamarkt.hu\/magazin\/wp-content\/uploads\/2021\/08\/garmin-connect-app-2.jpeg\" data-link=\"https:\/\/hir.mediamarkt.hu\/magazin\/?attachment_id=12751\" class=\"wp-image-12751\" srcset=\"https:\/\/hir.mediamarkt.hu\/magazin\/wp-content\/uploads\/2021\/08\/garmin-connect-app-2.jpeg 405w, https:\/\/hir.mediamarkt.hu\/magazin\/wp-content\/uploads\/2021\/08\/garmin-connect-app-2-138x300.jpeg 138w, https:\/\/hir.mediamarkt.hu\/magazin\/wp-content\/uploads\/2021\/08\/garmin-connect-app-2-231x500.jpeg 231w\" sizes=\"(max-width: 405px) 100vw, 405px\" \/><\/figure><\/li><li class=\"blocks-gallery-item\"><figure><img loading=\"lazy\" decoding=\"async\" width=\"405\" height=\"878\" src=\"https:\/\/hir.mediamarkt.hu\/magazin\/wp-content\/uploads\/2021\/08\/garmin-connect-app-5.jpeg\" alt=\"\" data-id=\"12752\" data-full-url=\"https:\/\/hir.mediamarkt.hu\/magazin\/wp-content\/uploads\/2021\/08\/garmin-connect-app-5.jpeg\" data-link=\"https:\/\/hir.mediamarkt.hu\/magazin\/?attachment_id=12752\" class=\"wp-image-12752\" srcset=\"https:\/\/hir.mediamarkt.hu\/magazin\/wp-content\/uploads\/2021\/08\/garmin-connect-app-5.jpeg 405w, https:\/\/hir.mediamarkt.hu\/magazin\/wp-content\/uploads\/2021\/08\/garmin-connect-app-5-138x300.jpeg 138w, https:\/\/hir.mediamarkt.hu\/magazin\/wp-content\/uploads\/2021\/08\/garmin-connect-app-5-231x500.jpeg 231w\" sizes=\"(max-width: 405px) 100vw, 405px\" \/><\/figure><\/li><\/ul><\/figure>\n\n\n\n<p class=\"has-text-align-justify\">Az els\u0151 be\u00e1ll\u00edt\u00e1s sor\u00e1n viszonylag sok adatot kell megadni, ezek azt a c\u00e9lt szolg\u00e1lj\u00e1k, hogy min\u00e9l pontosabban tudjon sz\u00e1molni k\u00e9s\u0151bb a szoftver. Az edz\u00e9sek sor\u00e1n el\u00e9getett kal\u00f3ri\u00e1k mennyis\u00e9g\u00e9t p\u00e9ld\u00e1ul nagyban befoly\u00e1solja a kor, a nem, a testt\u00f6meg, vagy \u00e9ppen a magass\u00e1g, emiatt ezen adatokkal sokkal pontosabb a szenzorok adatainak kombin\u00e1l\u00e1sa.<\/p>\n\n\n\n<p class=\"has-text-align-justify\">A be\u00e1ll\u00edt\u00e1st k\u00f6vet\u0151en r\u00f6gt\u00f6n lehet k\u00fcl\u00f6nb\u00f6z\u0151 \u00f3ra sz\u00e1mlapokat let\u00f6lteni, ez befoly\u00e1solja, hogy milyen m\u00f3don jelen\u00edti meg az id\u0151t a Venu 2S, illetve hogy mely egy\u00e9b adatok jelennek meg. Az \u00fagynevezett IQ Store fel\u00fcleten sz\u00e1mos watchface let\u00f6lthet\u0151. Lehet\u0151s\u00e9g van ak\u00e1r saj\u00e1t fot\u00f3val is szerkeszteni egyet.<\/p>\n\n\n\n<figure class=\"wp-block-image size-large\"><img loading=\"lazy\" decoding=\"async\" width=\"1024\" height=\"768\" src=\"https:\/\/hir.mediamarkt.hu\/magazin\/wp-content\/uploads\/2021\/08\/garmin-venu-2s-ora-teszt-1-1024x768.jpg\" alt=\"\" class=\"wp-image-12741\" srcset=\"https:\/\/hir.mediamarkt.hu\/magazin\/wp-content\/uploads\/2021\/08\/garmin-venu-2s-ora-teszt-1-1024x768.jpg 1024w, https:\/\/hir.mediamarkt.hu\/magazin\/wp-content\/uploads\/2021\/08\/garmin-venu-2s-ora-teszt-1-300x225.jpg 300w, https:\/\/hir.mediamarkt.hu\/magazin\/wp-content\/uploads\/2021\/08\/garmin-venu-2s-ora-teszt-1-275x206.jpg 275w, https:\/\/hir.mediamarkt.hu\/magazin\/wp-content\/uploads\/2021\/08\/garmin-venu-2s-ora-teszt-1-768x576.jpg 768w, https:\/\/hir.mediamarkt.hu\/magazin\/wp-content\/uploads\/2021\/08\/garmin-venu-2s-ora-teszt-1-500x375.jpg 500w, https:\/\/hir.mediamarkt.hu\/magazin\/wp-content\/uploads\/2021\/08\/garmin-venu-2s-ora-teszt-1.jpg 1200w\" sizes=\"(max-width: 1024px) 100vw, 1024px\" \/><\/figure>\n\n\n\n<p class=\"has-text-align-justify\">A f\u0151k\u00e9perny\u0151t lefel\u00e9 \u00e9s felfel\u00e9 lapozva inform\u00e1ci\u00f3t kaphatunk megannyi, az \u00f3ra \u00e1ltal m\u00e9rt adatr\u00f3l. A Widget Glances n\u00e9vre keresztelt inform\u00e1ci\u00f3s fel\u00fcletet a <a href=\"https:\/\/www.mediamarkt.hu\/hu\/search.html?query=garmin+fenix+6&amp;searchProfile=onlineshop&amp;channel=mmhuhu&amp;outlet=704\" target=\"_blank\" rel=\"noreferrer noopener\">Fenix 6 sorozat <\/a>vezette be kor\u00e1bban, a Venu 2 sz\u00e9ria pedig \u00e1tvette ezt. Ezeken l\u00e1that\u00f3 a l\u00e9p\u00e9ssz\u00e1m, a megtett emeletek sz\u00e1ma, edz\u00e9s intenzit\u00e1s, pulzus, SpO2 szint, stb. Ha valamelyikr\u0151l tov\u00e1bbi inform\u00e1ci\u00f3t szeretn\u00e9nk, akkor el\u00e9g meg\u00e9rinteni \u00e9s megnyitni azt. Ezt k\u00f6vet\u0151en sokkal r\u00e9szletesebb az inform\u00e1ci\u00f3 a k\u00fcl\u00f6nb\u00f6z\u0151 adatokr\u00f3l.<\/p>\n\n\n\n<figure class=\"wp-block-image size-large\"><img loading=\"lazy\" decoding=\"async\" width=\"1024\" height=\"768\" src=\"https:\/\/hir.mediamarkt.hu\/magazin\/wp-content\/uploads\/2021\/08\/garmin-venu-2s-ora-teszt-3-1024x768.jpg\" alt=\"\" class=\"wp-image-12744\" srcset=\"https:\/\/hir.mediamarkt.hu\/magazin\/wp-content\/uploads\/2021\/08\/garmin-venu-2s-ora-teszt-3-1024x768.jpg 1024w, https:\/\/hir.mediamarkt.hu\/magazin\/wp-content\/uploads\/2021\/08\/garmin-venu-2s-ora-teszt-3-300x225.jpg 300w, https:\/\/hir.mediamarkt.hu\/magazin\/wp-content\/uploads\/2021\/08\/garmin-venu-2s-ora-teszt-3-275x206.jpg 275w, https:\/\/hir.mediamarkt.hu\/magazin\/wp-content\/uploads\/2021\/08\/garmin-venu-2s-ora-teszt-3-768x576.jpg 768w, https:\/\/hir.mediamarkt.hu\/magazin\/wp-content\/uploads\/2021\/08\/garmin-venu-2s-ora-teszt-3-500x375.jpg 500w, https:\/\/hir.mediamarkt.hu\/magazin\/wp-content\/uploads\/2021\/08\/garmin-venu-2s-ora-teszt-3.jpg 1200w\" sizes=\"(max-width: 1024px) 100vw, 1024px\" \/><\/figure>\n\n\n\n<p class=\"has-text-align-justify\">A Venu 2s egyik \u00fajdons\u00e1gk\u00e9nt felfoghat\u00f3 funkci\u00f3ja a Health Snapshot ( Eg\u00e9szs\u00e9g\u00fcgyi pillanatk\u00e9p). Ez egy olyan, 2 perces teszt. Melynek sor\u00e1n az \u00f3ra szenzorjai m\u00e9rik a pulzust, a v\u00e9roxig\u00e9n tel\u00edtetts\u00e9g\u00e9t, a l\u00e9gz\u00e9ssz\u00e1mot, a stressz szintet \u00e9s a HRV-t (pulzussz\u00e1m ingadoz\u00e1st). Ennek v\u00e9g\u00e9n kap a felhaszn\u00e1l\u00f3 egy \u00e9rt\u00e9ket, amelyet az aktu\u00e1lis \u00e1llapot\u00e1nak felel meg. Ezt a k\u00e9tperces tesztet minden nap elv\u00e9gezve lehet\u0151s\u00e9ge van k\u00f6vetni az edzetts\u00e9g\u00e9t, eg\u00e9szs\u00e9g\u00fcgyi \u00e1llapot\u00e1t napi szinten.&nbsp;<\/p>\n\n\n\n<p class=\"has-text-align-justify\">Egy m\u00e1sik, hasonl\u00f3 funkci\u00f3 a Body Battery, amely a szervezet \u201cenergetik\u00e1j\u00e1t\u201d igyekszik felm\u00e9rni az adatok alapj\u00e1n. A folyamatos napi viselet sor\u00e1n figyeli a stressz szintet, az alv\u00e1st, az edz\u00e9seket, a pulzust \u00e9s megannyi \u00e9rt\u00e9ket, amely alapj\u00e1n kikalkul\u00e1lja, hogy mennyire van toppon a visel\u0151. A Venu 2s kijelz\u0151j\u00e9n \u00edgy l\u00e1thatjuk azt, ha munka sor\u00e1n nagyon leterheltek vagyunk, vagy \u00e9ppen ha egy gyors powernap alv\u00e1ssal d\u00e9lut\u00e1n felt\u00f6ltj\u00fck energia-tartal\u00e9kjainkat.<\/p>\n\n\n\n<figure class=\"wp-block-gallery columns-2 is-cropped wp-block-gallery-3 is-layout-flex wp-block-gallery-is-layout-flex\"><ul class=\"blocks-gallery-grid\"><li class=\"blocks-gallery-item\"><figure><img loading=\"lazy\" decoding=\"async\" width=\"1024\" height=\"768\" src=\"https:\/\/hir.mediamarkt.hu\/magazin\/wp-content\/uploads\/2021\/08\/garmin-venu-2s-ora-teszt-4-1024x768.jpg\" alt=\"\" data-id=\"12742\" data-full-url=\"https:\/\/hir.mediamarkt.hu\/magazin\/wp-content\/uploads\/2021\/08\/garmin-venu-2s-ora-teszt-4.jpg\" data-link=\"https:\/\/hir.mediamarkt.hu\/magazin\/?attachment_id=12742\" class=\"wp-image-12742\" srcset=\"https:\/\/hir.mediamarkt.hu\/magazin\/wp-content\/uploads\/2021\/08\/garmin-venu-2s-ora-teszt-4-1024x768.jpg 1024w, https:\/\/hir.mediamarkt.hu\/magazin\/wp-content\/uploads\/2021\/08\/garmin-venu-2s-ora-teszt-4-300x225.jpg 300w, https:\/\/hir.mediamarkt.hu\/magazin\/wp-content\/uploads\/2021\/08\/garmin-venu-2s-ora-teszt-4-275x206.jpg 275w, https:\/\/hir.mediamarkt.hu\/magazin\/wp-content\/uploads\/2021\/08\/garmin-venu-2s-ora-teszt-4-768x576.jpg 768w, https:\/\/hir.mediamarkt.hu\/magazin\/wp-content\/uploads\/2021\/08\/garmin-venu-2s-ora-teszt-4-500x375.jpg 500w, https:\/\/hir.mediamarkt.hu\/magazin\/wp-content\/uploads\/2021\/08\/garmin-venu-2s-ora-teszt-4.jpg 1200w\" sizes=\"(max-width: 1024px) 100vw, 1024px\" \/><\/figure><\/li><li class=\"blocks-gallery-item\"><figure><img loading=\"lazy\" decoding=\"async\" width=\"1024\" height=\"768\" src=\"https:\/\/hir.mediamarkt.hu\/magazin\/wp-content\/uploads\/2021\/08\/garmin-venu-2s-ora-teszt-5-1024x768.jpg\" alt=\"\" data-id=\"12743\" data-full-url=\"https:\/\/hir.mediamarkt.hu\/magazin\/wp-content\/uploads\/2021\/08\/garmin-venu-2s-ora-teszt-5.jpg\" data-link=\"https:\/\/hir.mediamarkt.hu\/magazin\/?attachment_id=12743\" class=\"wp-image-12743\" srcset=\"https:\/\/hir.mediamarkt.hu\/magazin\/wp-content\/uploads\/2021\/08\/garmin-venu-2s-ora-teszt-5-1024x768.jpg 1024w, https:\/\/hir.mediamarkt.hu\/magazin\/wp-content\/uploads\/2021\/08\/garmin-venu-2s-ora-teszt-5-300x225.jpg 300w, https:\/\/hir.mediamarkt.hu\/magazin\/wp-content\/uploads\/2021\/08\/garmin-venu-2s-ora-teszt-5-275x206.jpg 275w, https:\/\/hir.mediamarkt.hu\/magazin\/wp-content\/uploads\/2021\/08\/garmin-venu-2s-ora-teszt-5-768x576.jpg 768w, https:\/\/hir.mediamarkt.hu\/magazin\/wp-content\/uploads\/2021\/08\/garmin-venu-2s-ora-teszt-5-500x375.jpg 500w, https:\/\/hir.mediamarkt.hu\/magazin\/wp-content\/uploads\/2021\/08\/garmin-venu-2s-ora-teszt-5.jpg 1200w\" sizes=\"(max-width: 1024px) 100vw, 1024px\" \/><\/figure><\/li><\/ul><\/figure>\n\n\n\n<p class=\"has-text-align-justify\">Az eg\u00e9sznapos viselet seg\u00edts\u00e9g\u00e9vel ak\u00e1r az \u00f3r\u00e1n, ak\u00e1r a telefonos alkalmaz\u00e1son kereszt\u00fcl tudjuk k\u00f6vetni azt, hogy mik\u00e9ppen alakul napk\u00f6zben \u00e9s \u00e9jszaka a pulzusunk, v\u00e9roxig\u00e9n tel\u00edtetts\u00e9g\u00fcnk, stb. Ma m\u00e1r egy okos\u00f3ra alapvet\u0151 funkci\u00f3ja az alv\u00e1sm\u00e9r\u00e9s, \u00edgy ezt tudja term\u00e9szetesen a Garmin n\u0151i \u00f3r\u00e1ja is. Nem csak azt mutatja meg, hogy h\u00e1ny \u00f3r\u00e1t aludt a visel\u0151je, hanem azt is, hogy a k\u00fcl\u00f6nb\u00f6z\u0151 alv\u00e1si f\u00e1zisokban mennyit t\u00f6lt\u00f6tt. Ezek alapj\u00e1n k\u00e9sz\u00fcl egy alv\u00e1si \u00e9rt\u00e9k is, amely a pihen\u00e9s min\u0151s\u00e9g\u00e9t mutatja meg.<\/p>\n\n\n\n<h2 class=\"wp-block-heading\">Nem csak \u00f3ra, p\u00e9nzt\u00e1rca is<\/h2>\n\n\n\n<p class=\"has-text-align-justify\">A Garmin Venu 2S egyik hasznos funkci\u00f3ja, hogy t\u00e1mogatja a Garmin Pay nev\u0171 NFC-s \u00e9rint\u00e9ses fizet\u00e9st. Ennek be\u00e1ll\u00edt\u00e1sa a Connect appon kereszt\u00fcl m\u0171k\u00f6dik. A hazai bankok a teszt id\u0151pontj\u00e1ban sajnos nem t\u00e1mogatj\u00e1k ezt a funkci\u00f3t, ennek ellen\u00e9re a magyar felhaszn\u00e1l\u00f3knak sem kell mell\u0151zni ezt.&nbsp;<\/p>\n\n\n\n<figure class=\"wp-block-image size-large\"><img loading=\"lazy\" decoding=\"async\" width=\"1024\" height=\"768\" src=\"https:\/\/hir.mediamarkt.hu\/magazin\/wp-content\/uploads\/2021\/08\/garmin-venu-2s-ora-teszt-10-1024x768.jpg\" alt=\"\" class=\"wp-image-12745\" srcset=\"https:\/\/hir.mediamarkt.hu\/magazin\/wp-content\/uploads\/2021\/08\/garmin-venu-2s-ora-teszt-10-1024x768.jpg 1024w, https:\/\/hir.mediamarkt.hu\/magazin\/wp-content\/uploads\/2021\/08\/garmin-venu-2s-ora-teszt-10-300x225.jpg 300w, https:\/\/hir.mediamarkt.hu\/magazin\/wp-content\/uploads\/2021\/08\/garmin-venu-2s-ora-teszt-10-275x206.jpg 275w, https:\/\/hir.mediamarkt.hu\/magazin\/wp-content\/uploads\/2021\/08\/garmin-venu-2s-ora-teszt-10-768x576.jpg 768w, https:\/\/hir.mediamarkt.hu\/magazin\/wp-content\/uploads\/2021\/08\/garmin-venu-2s-ora-teszt-10-500x375.jpg 500w, https:\/\/hir.mediamarkt.hu\/magazin\/wp-content\/uploads\/2021\/08\/garmin-venu-2s-ora-teszt-10.jpg 1200w\" sizes=\"(max-width: 1024px) 100vw, 1024px\" \/><\/figure>\n\n\n\n<p class=\"has-text-align-justify\">Az egyik opci\u00f3 a Curve nev\u0171 fintech c\u00e9g szolg\u00e1ltat\u00e1sa, amely egy <em>\u201cerny\u0151 k\u00e1rty\u00e1t\u201d<\/em> biztos\u00edt, amely al\u00e1 behelyezhet\u0151k a hazai bankok k\u00e1rty\u00e1i \u00e9s t\u00f6bb k\u00e1rty\u00e1t egyetlen eggyel helyettes\u00edthet\u00fcnk. Emellett a m\u00e1sik opci\u00f3 a Revolut, ezen fintech k\u00e1rty\u00e1ja is haszn\u00e1lhat\u00f3 a Garmin Pay-jel, \u00edgy viszonylag egyszer\u0171en kihaszn\u00e1lhat\u00f3 itthon a fizet\u00e9si szolg\u00e1ltat\u00e1s.<\/p>\n\n\n\n<p class=\"has-text-align-justify\">A Connectben be\u00e1ll\u00edt\u00e1skor meg kell adni egy PIN k\u00f3dot. Miut\u00e1n a k\u00e1rty\u00e1t hozz\u00e1adtuk a Garmin Pay-hez, v\u00e1s\u00e1rl\u00e1s sor\u00e1n az \u00f3ra men\u00fcj\u00e9b\u0151l kiv\u00e1lasztjuk a Garmin Pay-t, megadjuk a PIN k\u00f3dot a kijelz\u0151n, majd fizethet\u00fcnk \u00fagy, hogy az \u00f3r\u00e1t a termin\u00e1lhoz \u00e9rintj\u00fck. \u00d6sszess\u00e9g\u00e9ben ez egy j\u00f3 funkci\u00f3, hiszen a bankk\u00e1rty\u00e1s fizet\u00e9s ma m\u00e1r Magyarorsz\u00e1gon szerte elterjedt, az \u00f3ra \u00e1ltal\u00e1ban a kez\u00fcnk\u00f6n van, \u00edgy akkor is tudunk v\u00e1s\u00e1rolni, ha se p\u00e9nzt\u00e1rca, se telefon nincs n\u00e1lunk. &nbsp;<\/p>\n\n\n\n<p class=\"has-text-align-justify\">De ha m\u00e1r sport\u00f3ra, akkor fontosak a sportfunkci\u00f3k is. Ebb\u0151l is sz\u00e9les reperto\u00e1rral rendelkezik a Venu 2S. Term\u00e9szetesen nem annyira sz\u00e9les felhaszn\u00e1l\u00e1si k\u00f6rrel rendelkezik, mint a kifejezetten sportol\u00f3knak sz\u00e1nt <a href=\"https:\/\/www.mediamarkt.hu\/hu\/product\/_garmin-fenix-6-pro-okos%C3%B3ra-fekete-fekete-szilikon-sz%C3%ADjjal-1332692.html\" target=\"_blank\" rel=\"noreferrer noopener\">Fenix<\/a>, vagy <a href=\"https:\/\/www.mediamarkt.hu\/hu\/product\/_garmin-enduro-okos%C3%B3ra-ac%C3%A9lsz%C3%BCrke-ultrafit-fonott-nejlon-sz%C3%ADjjal-gg010-02408-00-1350660.html\" target=\"_blank\" rel=\"noreferrer noopener\">Enduro<\/a> sz\u00e9ria. De ez nem jelenti azt, hogy a Venu 2S kihagyna valami olyat, ami felt\u00e9tlen\u00fcl hi\u00e1nyozna a mindennapok sor\u00e1n.<\/p>\n\n\n\n<figure class=\"wp-block-image size-large\"><img loading=\"lazy\" decoding=\"async\" width=\"1024\" height=\"768\" src=\"https:\/\/hir.mediamarkt.hu\/magazin\/wp-content\/uploads\/2021\/08\/garmin-venu-2s-ora-teszt-8-1024x768.jpg\" alt=\"\" class=\"wp-image-12746\" srcset=\"https:\/\/hir.mediamarkt.hu\/magazin\/wp-content\/uploads\/2021\/08\/garmin-venu-2s-ora-teszt-8-1024x768.jpg 1024w, https:\/\/hir.mediamarkt.hu\/magazin\/wp-content\/uploads\/2021\/08\/garmin-venu-2s-ora-teszt-8-300x225.jpg 300w, https:\/\/hir.mediamarkt.hu\/magazin\/wp-content\/uploads\/2021\/08\/garmin-venu-2s-ora-teszt-8-275x206.jpg 275w, https:\/\/hir.mediamarkt.hu\/magazin\/wp-content\/uploads\/2021\/08\/garmin-venu-2s-ora-teszt-8-768x576.jpg 768w, https:\/\/hir.mediamarkt.hu\/magazin\/wp-content\/uploads\/2021\/08\/garmin-venu-2s-ora-teszt-8-500x375.jpg 500w, https:\/\/hir.mediamarkt.hu\/magazin\/wp-content\/uploads\/2021\/08\/garmin-venu-2s-ora-teszt-8.jpg 1200w\" sizes=\"(max-width: 1024px) 100vw, 1024px\" \/><\/figure>\n\n\n\n<p class=\"has-text-align-justify\">Az olyan alap edz\u00e9sfajt\u00e1k, mint a fut\u00e1s, bicikliz\u00e9s, s\u00e9ta \u00e9s hasonl\u00f3k, term\u00e9szetesen megvannak itt is. Az els\u0151 gener\u00e1ci\u00f3s Venu modellhez k\u00e9pest a 2S \u00faj aktivit\u00e1si t\u00edpusok k\u00f6z\u00f6tt megtal\u00e1lhat\u00f3 a t\u00far\u00e1z\u00e1s, a HIIT (magas intenzit\u00e1s\u00fa edz\u00e9s), a belt\u00e9ri falm\u00e1sz\u00e1s \u00e9s a k\u00fclt\u00e9ri sziklam\u00e1sz\u00e1s is. A HIIT edz\u00e9sprogramon bel\u00fcl anim\u00e1lt instrukci\u00f3k is megjelennek, azaz az edz\u00e9s sor\u00e1n a kijelz\u0151n l\u00e1tni azt, hogy milyen gyakorlatot \u00e9s hogyan kellene v\u00e9grehajtani.&nbsp;<\/p>\n\n\n\n<p class=\"has-text-align-justify\">A k\u00fclt\u00e9ri edz\u00e9sek sor\u00e1n az egyik legfontosabb dolog, hogy a helymeghat\u00e1roz\u00e1s j\u00f3 legyen. A Venu 2S nem csak a legismertebb helymeghat\u00e1roz\u00e1si m\u00f3dot, a GPS m\u0171holdakat kezeli, hanem a GLONASS \u00e9s a Galileo is t\u00e1mogatott, fontos r\u00e1ad\u00e1sul hogy ezek kombin\u00e1lhat\u00f3k \u00e9s egyszerre t\u00f6bbf\u00e9le rendszert is haszn\u00e1lhatunk a jobb, pontosan meghat\u00e1roz\u00e1shoz.&nbsp;<\/p>\n\n\n\n<div class=\"wp-block-image\"><figure class=\"alignleft size-medium is-resized\"><img decoding=\"async\" src=\"https:\/\/hir.mediamarkt.hu\/magazin\/wp-content\/uploads\/2021\/08\/garmin-connect-app-5-1-138x300.jpeg\" alt=\"A Venu 2S egy n\u0151ies Garmin \u00f3ra, egyszerre k\u00edn\u00e1lva okos \u00e9s sportos funkci\u00f3kat is. AMOLED kijelz\u0151vel, Garmin Pay \u00e9s Spotify t\u00e1mogat\u00e1ssal.\" class=\"wp-image-12756\" height=\"400\" srcset=\"https:\/\/hir.mediamarkt.hu\/magazin\/wp-content\/uploads\/2021\/08\/garmin-connect-app-5-1-138x300.jpeg 138w, https:\/\/hir.mediamarkt.hu\/magazin\/wp-content\/uploads\/2021\/08\/garmin-connect-app-5-1-231x500.jpeg 231w, https:\/\/hir.mediamarkt.hu\/magazin\/wp-content\/uploads\/2021\/08\/garmin-connect-app-5-1.jpeg 405w\" sizes=\"(max-width: 138px) 100vw, 138px\" \/><\/figure><\/div>\n\n\n\n<p class=\"has-text-align-justify\">Fut\u00f3edz\u00e9s sor\u00e1n teszteltem a Venu 2S-t, amely sor\u00e1n eg\u00e9szen pontosnak t\u0171nik ut\u00f3lagosan visszan\u00e9zve az \u00fatvonalat. Kism\u00e9rt\u00e9k\u0171 kiugr\u00e1sok \u00e9ppen megtal\u00e1lhat\u00f3k n\u00e9ha, el\u0151fordulhat hogy az adott helyen valamilyen \u00e1rny\u00e9kol\u00f3 t\u00e9nyez\u0151 okozhatott gondot, de ez nem okozott jelent\u0151s pontatlans\u00e1got.<\/p>\n\n\n\n<p class=\"has-text-align-justify\">Az edz\u00e9sekhez a be\u00e9p\u00edtett pulzusm\u00e9r\u0151 szenzort haszn\u00e1lja a Venu 2S, de lehet\u0151s\u00e9g van Bluetooth-on, vagy ANT+-on kereszt\u00fcl k\u00fcls\u0151 kieg\u00e9sz\u00edt\u0151ket haszn\u00e1lni.  Ez lehet ak\u00e1r egy <a href=\"https:\/\/www.mediamarkt.hu\/hu\/product\/_garmin-pulzusp%C3%A1nt-hrm-dual-ant-%C3%A9s-bluetooth-1332709.html\" target=\"_blank\" rel=\"noreferrer noopener\">mellkasp\u00e1ntos pulzusm\u00e9r\u0151<\/a> (ak\u00e1r <a href=\"https:\/\/www.mediamarkt.hu\/hu\/product\/_garmin-pulzusp%C3%A1nt-hrm-swim-1332712.html\" target=\"_blank\" rel=\"noreferrer noopener\">\u00fasz\u00e1shoz sz\u00e1nt modell<\/a> is), vagy ak\u00e1r bicikliz\u00e9shez ped\u00e1lszenzor, ami pontosan sz\u00e1molja hogy mennyit teker az ember. <\/p>\n\n\n\n<p><\/p>\n\n\n\n<p><\/p>\n\n\n\n<p><\/p>\n\n\n\n<p><\/p>\n\n\n\n<figure class=\"wp-block-image size-large\"><img loading=\"lazy\" decoding=\"async\" width=\"1024\" height=\"768\" src=\"https:\/\/hir.mediamarkt.hu\/magazin\/wp-content\/uploads\/2021\/08\/garmin-venu-2s-ora-teszt-6-1024x768.jpg\" alt=\"\" class=\"wp-image-12747\" srcset=\"https:\/\/hir.mediamarkt.hu\/magazin\/wp-content\/uploads\/2021\/08\/garmin-venu-2s-ora-teszt-6-1024x768.jpg 1024w, https:\/\/hir.mediamarkt.hu\/magazin\/wp-content\/uploads\/2021\/08\/garmin-venu-2s-ora-teszt-6-300x225.jpg 300w, https:\/\/hir.mediamarkt.hu\/magazin\/wp-content\/uploads\/2021\/08\/garmin-venu-2s-ora-teszt-6-275x206.jpg 275w, https:\/\/hir.mediamarkt.hu\/magazin\/wp-content\/uploads\/2021\/08\/garmin-venu-2s-ora-teszt-6-768x576.jpg 768w, https:\/\/hir.mediamarkt.hu\/magazin\/wp-content\/uploads\/2021\/08\/garmin-venu-2s-ora-teszt-6-500x375.jpg 500w, https:\/\/hir.mediamarkt.hu\/magazin\/wp-content\/uploads\/2021\/08\/garmin-venu-2s-ora-teszt-6.jpg 1200w\" sizes=\"(max-width: 1024px) 100vw, 1024px\" \/><\/figure>\n\n\n\n\n\n<p class=\"has-text-align-justify\">Gyakran l\u00e1tni embereket fut\u00e1s k\u00f6zben headsettel a f\u00fcl\u00fckkel, sokan szeretnek zen\u00e9t, vagy ak\u00e1r egy hangosk\u00f6nyvet, esetleg podcastet hallgatni edz\u00e9s k\u00f6zben. Erre ide\u00e1lis a Venu 2S is \u00e9s ehhez telefon sem kell az aktivit\u00e1s sor\u00e1n.<br><br>K\u00e9pes a Spotify \u00e9s a Deezer zenei streaming platform k\u00edn\u00e1lat\u00e1b\u00f3l a kiv\u00e1lasztott tartalmakat szinkroniz\u00e1lni az \u00f3r\u00e1n, \u00edgy azok telefon \u00e9s internet n\u00e9lk\u00fcl el\u00e9rhet\u0151k, de egyszer\u0171 MP3 f\u00e1jlokat is m\u00e1solhatunk az \u00f3r\u00e1ra. Ehhez csak egy Bluetooth headsetet kell csatlakoztatni az \u00f3r\u00e1hoz.<\/p>\n\n\n\n<p class=\"has-text-align-justify\">Az \u00fczemid\u0151 el\u00e9g sok minden f\u00fcggv\u00e9nye a Venu 2S eset\u00e9n. Okos\u00f3rak\u00e9nt ak\u00e1r 10 napig is haszn\u00e1lhat\u00f3 egyetlen felt\u00f6lt\u00e9ssel. Azonban ha bekapcsol\u00e1sra ker\u00fcl az Always on Display funkci\u00f3 (amikor a kijelz\u0151 folyamatosan kijelez valamilyen inform\u00e1ci\u00f3t), akkor m\u00e1r r\u00f6gt\u00f6n k\u00e9t naponta kell t\u00f6lteni.&nbsp;<\/p>\n\n\n\n<figure class=\"wp-block-image size-large\"><img loading=\"lazy\" decoding=\"async\" width=\"1024\" height=\"768\" src=\"https:\/\/hir.mediamarkt.hu\/magazin\/wp-content\/uploads\/2021\/08\/garmin-venu-2s-ora-teszt-2-1024x768.jpg\" alt=\"\" class=\"wp-image-12748\" srcset=\"https:\/\/hir.mediamarkt.hu\/magazin\/wp-content\/uploads\/2021\/08\/garmin-venu-2s-ora-teszt-2-1024x768.jpg 1024w, https:\/\/hir.mediamarkt.hu\/magazin\/wp-content\/uploads\/2021\/08\/garmin-venu-2s-ora-teszt-2-300x225.jpg 300w, https:\/\/hir.mediamarkt.hu\/magazin\/wp-content\/uploads\/2021\/08\/garmin-venu-2s-ora-teszt-2-275x206.jpg 275w, https:\/\/hir.mediamarkt.hu\/magazin\/wp-content\/uploads\/2021\/08\/garmin-venu-2s-ora-teszt-2-768x576.jpg 768w, https:\/\/hir.mediamarkt.hu\/magazin\/wp-content\/uploads\/2021\/08\/garmin-venu-2s-ora-teszt-2-500x375.jpg 500w, https:\/\/hir.mediamarkt.hu\/magazin\/wp-content\/uploads\/2021\/08\/garmin-venu-2s-ora-teszt-2.jpg 1200w\" sizes=\"(max-width: 1024px) 100vw, 1024px\" \/><\/figure>\n\n\n\n<p class=\"has-text-align-justify\">Ha valaki \u00fagy gondoln\u00e1, hogy megpr\u00f3b\u00e1lkozna hosszabb t\u00e1v\u00fa fut\u00e1sokkal, de esetleg nem tudja hogyan kezdjen hozz\u00e1, akkor erre lehet szuper a Garmin Coach program, amelyben h\u00e1rom szem\u00e9lyi edz\u0151 \u00e1ll\u00edt \u00f6ssze a felhaszn\u00e1l\u00f3i ig\u00e9nyek alapj\u00e1n olyan edz\u00e9si programot, amely seg\u00edt felk\u00e9sz\u00fclni 5, 10 km-re vagy ak\u00e1r egy f\u00e9lmaratonra.<\/p>\n\n\n\n<figure class=\"wp-block-gallery columns-2 is-cropped wp-block-gallery-4 is-layout-flex wp-block-gallery-is-layout-flex\"><ul class=\"blocks-gallery-grid\"><li class=\"blocks-gallery-item\"><figure><img loading=\"lazy\" decoding=\"async\" width=\"405\" height=\"878\" src=\"https:\/\/hir.mediamarkt.hu\/magazin\/wp-content\/uploads\/2021\/08\/garmin-connect-app-4.jpeg\" alt=\"\" data-id=\"12754\" data-full-url=\"https:\/\/hir.mediamarkt.hu\/magazin\/wp-content\/uploads\/2021\/08\/garmin-connect-app-4.jpeg\" data-link=\"https:\/\/hir.mediamarkt.hu\/magazin\/?attachment_id=12754\" class=\"wp-image-12754\" srcset=\"https:\/\/hir.mediamarkt.hu\/magazin\/wp-content\/uploads\/2021\/08\/garmin-connect-app-4.jpeg 405w, https:\/\/hir.mediamarkt.hu\/magazin\/wp-content\/uploads\/2021\/08\/garmin-connect-app-4-138x300.jpeg 138w, https:\/\/hir.mediamarkt.hu\/magazin\/wp-content\/uploads\/2021\/08\/garmin-connect-app-4-231x500.jpeg 231w\" sizes=\"(max-width: 405px) 100vw, 405px\" \/><\/figure><\/li><li class=\"blocks-gallery-item\"><figure><img loading=\"lazy\" decoding=\"async\" width=\"405\" height=\"878\" src=\"https:\/\/hir.mediamarkt.hu\/magazin\/wp-content\/uploads\/2021\/08\/garmin-connect-app-3.jpeg\" alt=\"\" data-id=\"12755\" data-full-url=\"https:\/\/hir.mediamarkt.hu\/magazin\/wp-content\/uploads\/2021\/08\/garmin-connect-app-3.jpeg\" data-link=\"https:\/\/hir.mediamarkt.hu\/magazin\/?attachment_id=12755\" class=\"wp-image-12755\" srcset=\"https:\/\/hir.mediamarkt.hu\/magazin\/wp-content\/uploads\/2021\/08\/garmin-connect-app-3.jpeg 405w, https:\/\/hir.mediamarkt.hu\/magazin\/wp-content\/uploads\/2021\/08\/garmin-connect-app-3-138x300.jpeg 138w, https:\/\/hir.mediamarkt.hu\/magazin\/wp-content\/uploads\/2021\/08\/garmin-connect-app-3-231x500.jpeg 231w\" sizes=\"(max-width: 405px) 100vw, 405px\" \/><\/figure><\/li><\/ul><\/figure>\n\n\n\n<p class=\"has-text-align-justify\">Ha azt n\u00e9zz\u00fck, hogy edz\u00e9sre mennyire haszn\u00e1lhat\u00f3, akkor GPS-es \u00fczemm\u00f3dban ak\u00e1r 19 \u00f3r\u00e1n kereszt\u00fcl is kitart. Ha Bluetooth-on kereszt\u00fcl zen\u00e9t hallgatunk, akkor is mehet az edz\u00e9s GPS-szel 7 \u00f3r\u00e1n kereszt\u00fcl, ami m\u00e9g szint\u00e9n nem rossz eredm\u00e9ny.<\/p>\n\n\n\n<figure class=\"wp-block-image size-large\"><img loading=\"lazy\" decoding=\"async\" width=\"1024\" height=\"768\" src=\"https:\/\/hir.mediamarkt.hu\/magazin\/wp-content\/uploads\/2021\/08\/garmin-venu-2s-ora-teszt-12-1024x768.jpg\" alt=\"\" class=\"wp-image-12738\" srcset=\"https:\/\/hir.mediamarkt.hu\/magazin\/wp-content\/uploads\/2021\/08\/garmin-venu-2s-ora-teszt-12-1024x768.jpg 1024w, https:\/\/hir.mediamarkt.hu\/magazin\/wp-content\/uploads\/2021\/08\/garmin-venu-2s-ora-teszt-12-300x225.jpg 300w, https:\/\/hir.mediamarkt.hu\/magazin\/wp-content\/uploads\/2021\/08\/garmin-venu-2s-ora-teszt-12-275x206.jpg 275w, https:\/\/hir.mediamarkt.hu\/magazin\/wp-content\/uploads\/2021\/08\/garmin-venu-2s-ora-teszt-12-768x576.jpg 768w, https:\/\/hir.mediamarkt.hu\/magazin\/wp-content\/uploads\/2021\/08\/garmin-venu-2s-ora-teszt-12-500x375.jpg 500w, https:\/\/hir.mediamarkt.hu\/magazin\/wp-content\/uploads\/2021\/08\/garmin-venu-2s-ora-teszt-12.jpg 1200w\" sizes=\"(max-width: 1024px) 100vw, 1024px\" \/><\/figure>\n\n\n\n<p class=\"has-text-align-justify\">A Venu 2S kellemes benyom\u00e1st tett r\u00e1m k\u00e9t h\u00e9t alatt, hiszen k\u00f6nnyed, eleg\u00e1ns viselet. Ami n\u00e1lam negat\u00edvumk\u00e9nt jelent meg, az az egyedi t\u00f6lt\u0151csatlakoz\u00e1s vezet\u00e9k n\u00e9lk\u00fcli t\u00f6lt\u00e9s n\u00e9lk\u00fcl (\u00edgy a hozz\u00e1 val\u00f3 k\u00e1bel n\u00e9lk\u00fcl nem t\u00f6lthet\u0151). De \u00f6sszess\u00e9g\u00e9ben egy j\u00f3 darab lett, amely f\u00e9l\u00faton van az okos\u00f3r\u00e1k \u00e9s a spor\u00f3r\u00e1k vil\u00e1ga k\u00f6z\u00f6tt.<\/p>\n\n\n\n<h2 class=\"wp-block-heading\">Komoly a Garmin Venu 2S kih\u00edv\u00f3inak mez\u0151nye is<\/h2>\n\n\n\n<p class=\"has-text-align-justify\">A Garmin Venu 2S egy\u00e9bk\u00e9nt el\u00e9g massz\u00edv mez\u0151nyben pr\u00f3b\u00e1l helyt\u00e1llni. Az iPhone felhaszn\u00e1l\u00f3k sz\u00e1m\u00e1ra a Venu 2S \u00e1rszegmens\u00e9ben ott van ak\u00e1r az <a href=\"https:\/\/www.mediamarkt.hu\/hu\/product\/_apple-watch-nike-se-gps-40mm-silver-aluminium-case-with-pure-platinum-black-nike-sport-band-1336230.html\" target=\"_blank\" rel=\"noreferrer noopener\">Apple Watch Nike SE <\/a>\u00e9s ak\u00e1r a <a href=\"https:\/\/www.mediamarkt.hu\/hu\/product\/_apple-watch-series-6-gps-40mm-silver-aluminium-case-with-white-sport-band-1336176.html\" target=\"_blank\" rel=\"noreferrer noopener\">Watch Series 6<\/a> is. A Samsung ebben az \u00e1rtartom\u00e1nyban m\u00e1r k\u00edn\u00e1lja a <a href=\"https:\/\/www.mediamarkt.hu\/hu\/product\/_samsung-galaxy-watch-3-rozsdamentes-ac%C3%A9l-41-mm-bronz-sm-r850nzda-1330827.html\" target=\"_blank\" rel=\"noreferrer noopener\">Galaxy Watch 3-at<\/a> \u00e9s az<a href=\"https:\/\/www.mediamarkt.hu\/hu\/product\/_samsung-galaxy-watch-4-sm-r870-44-mm-ez%C3%BCst-t%C3%B6lt%C5%91%C3%A1llom%C3%A1s-ep-p6300-1363737.html\" target=\"_blank\" rel=\"noreferrer noopener\"> \u00faj Galaxy Watch 4-et<\/a> is. A Huawei-t\u0151l a <a href=\"https:\/\/www.mediamarkt.hu\/hu\/product\/_huawei-watch-3-okos%C3%B3ra-fekete-55026820-1357371.html\" target=\"_blank\" rel=\"noreferrer noopener\">Watch 3 <\/a>j\u00f6het sz\u00f3ba, b\u00e1r ez nem kifejezetten n\u0151i m\u00e9ret. Azt pedig nem is eml\u00edtettem, hogy t\u00f6bb opci\u00f3t k\u00edn\u00e1l maga a Garmin is a Venu 2S \u00e1rkateg\u00f3ri\u00e1j\u00e1ban. Abszol\u00fat divat kieg\u00e9sz\u00edt\u0151 jelleggel a <a href=\"https:\/\/www.mediamarkt.hu\/hu\/product\/_garmin-v%C3%ADvomove-style-okos%C3%B3ra-light-gold-pink-nylon-sz%C3%ADjjal-light-gold-csattal-1332675.html\" target=\"_blank\" rel=\"noreferrer noopener\">v\u00edvomove Style<\/a>, vagy a fut\u00e1sra kifejlesztett <a href=\"https:\/\/www.mediamarkt.hu\/hu\/product\/_garmin-forerunner-245-music-okos%C3%B3ra-aqua-1298141.html\" target=\"_blank\" rel=\"noreferrer noopener\">Forerunner 245 Music<\/a> \u00f3ra is.&nbsp;<\/p>\n\n\n\n<p class=\"has-text-align-justify\">Ha amat\u0151rk\u00e9nt elkezdel komolyabban sportolni, esetleg nagyobb t\u00e1vokat, vagy komolyabb edz\u00e9seket is v\u00e9gezn\u00e9l, akkor el\u0151tte \u00e9rdemes elmenni egy sportorvosi vizsg\u00e1latra, ahol felm\u00e9rik, hogy nincs-e olyan eg\u00e9szs\u00e9g\u00fcgyi gond, amire \u00e9rdemes figyelni. Emellett, otthon is k\u00f6vetheted az eg\u00e9szs\u00e9g\u00fcgyi \u00e1llapotod, a <a href=\"https:\/\/hir.mediamarkt.hu\/magazin\/wiwe-mobil-ekg-teszt\/\" target=\"_blank\" rel=\"noreferrer noopener\">WIWE mobil EKG-val<\/a> p\u00e9ld\u00e1ul egy perc alatt tudsz EKG m\u00e9r\u00e9st elv\u00e9gezni \u00e9s a hozz\u00e1 val\u00f3 program ki is \u00e9rt\u00e9keli azt. <\/p>\n\n\n\n<p><\/p>\n","protected":false},"excerpt":{"rendered":"A Garmin az elm\u00falt \u00e9vek sor\u00e1n professzion\u00e1lis navig\u00e1ci\u00f3s c\u00e9gk\u00e9nt volt jelen, ezzel egy\u00fctt pedig egyre er\u0151sebb a felokos\u00edtott sport\u00f3r\u00e1k piac\u00e1n. Ez\u00fattal teszt\u00fcnkkel a h\u00f6lgyeknek fogunk kedvezni, hiszen az \u0151 csukl\u00f3jukra sz\u00e1nt Garmin Venu 2S \u00f3r\u00e1t n\u00e9zt\u00fck meg t\u00fczetesebben. N\u0151i \u00e9s f\u00e9rfi m\u00e9ret is van m\u00e1r a Venu 2 sz\u00e9ri\u00e1ban A Venu sorozat m\u00e1sodik gener\u00e1ci\u00f3ja 2021. tavasz\u00e1n deb\u00fct\u00e1lt, egy f\u00e9rfi (45 mm) \u00e9s egy n\u0151i (40 mm) m\u00e9retben. Ez ut\u00f3bbi teszt\u00fcnk alanya is. Az \u00f3ra h\u00e1romf\u00e9le sz\u00ednben \u00e9rhet\u0151 el. A feket\u00e9re hajaz\u00f3 sz\u00fcrke-s\u00f6t\u00e9tsz\u00fcrke mellett van egy ez\u00fcst-vil\u00e1gossz\u00fcrke, illetve egy vil\u00e1gos arany &#8211; vil\u00e1gos homokk\u0151 \u00e1rnyalat\u00fa is. Ezekn\u00e9l az els\u0151 sz\u00edn\u00e1rnyalat a tokoz\u00e1sra utal, a m\u00e1sodik pedig a sz\u00edjra. Teszt\u00fcnk alanya az ez\u00fcst-vil\u00e1gossz\u00fcrke. Ennek tokoz\u00e1sa ez\u00fcst \u00e1rnyalat\u00fa, m\u00edg a szilikon sz\u00edn vil\u00e1gossz\u00fcrke, &#8230;","protected":false},"author":34,"featured_media":12963,"comment_status":"open","ping_status":"open","sticky":false,"template":"","format":"standard","meta":{"wprm-recipe-roundup-name":"","wprm-recipe-roundup-description":"","footnotes":""},"categories":[5949,5946],"tags":[],"yoast_head":"<!-- This site is optimized with the Yoast SEO plugin v22.9 - https:\/\/yoast.com\/wordpress\/plugins\/seo\/ -->\n<title>Garmin Venu 2S teszt - ezut\u00e1n a l\u00e1nyok futhatnak - MediaMarkt Magazin<\/title>\n<meta name=\"description\" content=\"A Venu 2S egy n\u0151ies Garmin \u00f3ra, egyszerre k\u00edn\u00e1lva okos \u00e9s sportos funkci\u00f3kat is. AMOLED kijelz\u0151vel, Garmin Pay \u00e9s Spotify t\u00e1mogat\u00e1ssal.\" \/>\n<meta name=\"robots\" content=\"index, follow, max-snippet:-1, max-image-preview:large, max-video-preview:-1\" \/>\n<link rel=\"canonical\" href=\"https:\/\/hir.mediamarkt.hu\/magazin\/garmin-venu-2s-teszt\/\" \/>\n<meta property=\"og:locale\" content=\"hu_HU\" \/>\n<meta property=\"og:type\" content=\"article\" \/>\n<meta property=\"og:title\" content=\"Garmin Venu 2S teszt - ezut\u00e1n a l\u00e1nyok futhatnak - MediaMarkt Magazin\" \/>\n<meta property=\"og:description\" content=\"A Venu 2S egy n\u0151ies Garmin \u00f3ra, egyszerre k\u00edn\u00e1lva okos \u00e9s sportos funkci\u00f3kat is. AMOLED kijelz\u0151vel, Garmin Pay \u00e9s Spotify t\u00e1mogat\u00e1ssal.\" \/>\n<meta property=\"og:url\" content=\"https:\/\/hir.mediamarkt.hu\/magazin\/garmin-venu-2s-teszt\/\" \/>\n<meta property=\"og:site_name\" content=\"MediaMarkt Magazin\" \/>\n<meta property=\"article:publisher\" content=\"https:\/\/www.facebook.com\/MediaMarktMagyarorszag\" \/>\n<meta property=\"article:published_time\" content=\"2021-08-27T07:15:40+00:00\" \/>\n<meta property=\"article:modified_time\" content=\"2021-09-10T09:48:47+00:00\" \/>\n<meta property=\"og:image\" content=\"https:\/\/hir.mediamarkt.hu\/magazin\/wp-content\/uploads\/2021\/08\/Garmin-Venu-2-teszt.png\" \/>\n\t<meta property=\"og:image:width\" content=\"1024\" \/>\n\t<meta property=\"og:image:height\" content=\"619\" \/>\n\t<meta property=\"og:image:type\" content=\"image\/png\" \/>\n<meta name=\"author\" content=\"Kov\u00e1cs \u00c1d\u00e1m\" \/>\n<meta name=\"twitter:label1\" content=\"Szerz\u0151:\" \/>\n\t<meta name=\"twitter:data1\" content=\"Kov\u00e1cs \u00c1d\u00e1m\" \/>\n\t<meta name=\"twitter:label2\" content=\"Becs\u00fclt olvas\u00e1si id\u0151\" \/>\n\t<meta name=\"twitter:data2\" content=\"11 perc\" \/>\n<script type=\"application\/ld+json\" class=\"yoast-schema-graph\">{\"@context\":\"https:\/\/schema.org\",\"@graph\":[{\"@type\":\"WebPage\",\"@id\":\"https:\/\/hir.mediamarkt.hu\/magazin\/garmin-venu-2s-teszt\/\",\"url\":\"https:\/\/hir.mediamarkt.hu\/magazin\/garmin-venu-2s-teszt\/\",\"name\":\"Garmin Venu 2S teszt - ezut\u00e1n a l\u00e1nyok futhatnak - MediaMarkt Magazin\",\"isPartOf\":{\"@id\":\"https:\/\/hir.mediamarkt.hu\/magazin\/#website\"},\"primaryImageOfPage\":{\"@id\":\"https:\/\/hir.mediamarkt.hu\/magazin\/garmin-venu-2s-teszt\/#primaryimage\"},\"image\":{\"@id\":\"https:\/\/hir.mediamarkt.hu\/magazin\/garmin-venu-2s-teszt\/#primaryimage\"},\"thumbnailUrl\":\"https:\/\/hir.mediamarkt.hu\/magazin\/wp-content\/uploads\/2021\/08\/Garmin-Venu-2-teszt.png\",\"datePublished\":\"2021-08-27T07:15:40+00:00\",\"dateModified\":\"2021-09-10T09:48:47+00:00\",\"author\":{\"@id\":\"https:\/\/hir.mediamarkt.hu\/magazin\/#\/schema\/person\/eb6407def37d68930e61b9ccc0d2b12b\"},\"description\":\"A Venu 2S egy n\u0151ies Garmin \u00f3ra, egyszerre k\u00edn\u00e1lva okos \u00e9s sportos funkci\u00f3kat is. AMOLED kijelz\u0151vel, Garmin Pay \u00e9s Spotify t\u00e1mogat\u00e1ssal.\",\"breadcrumb\":{\"@id\":\"https:\/\/hir.mediamarkt.hu\/magazin\/garmin-venu-2s-teszt\/#breadcrumb\"},\"inLanguage\":\"hu\",\"potentialAction\":[{\"@type\":\"ReadAction\",\"target\":[\"https:\/\/hir.mediamarkt.hu\/magazin\/garmin-venu-2s-teszt\/\"]}]},{\"@type\":\"ImageObject\",\"inLanguage\":\"hu\",\"@id\":\"https:\/\/hir.mediamarkt.hu\/magazin\/garmin-venu-2s-teszt\/#primaryimage\",\"url\":\"https:\/\/hir.mediamarkt.hu\/magazin\/wp-content\/uploads\/2021\/08\/Garmin-Venu-2-teszt.png\",\"contentUrl\":\"https:\/\/hir.mediamarkt.hu\/magazin\/wp-content\/uploads\/2021\/08\/Garmin-Venu-2-teszt.png\",\"width\":1024,\"height\":619,\"caption\":\"Garmin Venu 2 teszt\"},{\"@type\":\"BreadcrumbList\",\"@id\":\"https:\/\/hir.mediamarkt.hu\/magazin\/garmin-venu-2s-teszt\/#breadcrumb\",\"itemListElement\":[{\"@type\":\"ListItem\",\"position\":1,\"name\":\"Kezd\u0151lap\",\"item\":\"https:\/\/hir.mediamarkt.hu\/magazin\/\"},{\"@type\":\"ListItem\",\"position\":2,\"name\":\"Tesztelt\u00fck\",\"item\":\"https:\/\/hir.mediamarkt.hu\/magazin\/teszteltuk\/\"},{\"@type\":\"ListItem\",\"position\":3,\"name\":\"Garmin Venu 2S teszt &#8211; ezut\u00e1n a l\u00e1nyok futhatnak\"}]},{\"@type\":\"WebSite\",\"@id\":\"https:\/\/hir.mediamarkt.hu\/magazin\/#website\",\"url\":\"https:\/\/hir.mediamarkt.hu\/magazin\/\",\"name\":\"MediaMarkt Magazin\",\"description\":\"Olvass bele magazinunkba!\",\"potentialAction\":[{\"@type\":\"SearchAction\",\"target\":{\"@type\":\"EntryPoint\",\"urlTemplate\":\"https:\/\/hir.mediamarkt.hu\/magazin\/?s={search_term_string}\"},\"query-input\":\"required name=search_term_string\"}],\"inLanguage\":\"hu\"},{\"@type\":\"Person\",\"@id\":\"https:\/\/hir.mediamarkt.hu\/magazin\/#\/schema\/person\/eb6407def37d68930e61b9ccc0d2b12b\",\"name\":\"Kov\u00e1cs \u00c1d\u00e1m\",\"image\":{\"@type\":\"ImageObject\",\"inLanguage\":\"hu\",\"@id\":\"https:\/\/hir.mediamarkt.hu\/magazin\/#\/schema\/person\/image\/\",\"url\":\"https:\/\/secure.gravatar.com\/avatar\/7f17d39fcf146db446aab8f0a0b84bce?s=96&d=mm&r=g\",\"contentUrl\":\"https:\/\/secure.gravatar.com\/avatar\/7f17d39fcf146db446aab8f0a0b84bce?s=96&d=mm&r=g\",\"caption\":\"Kov\u00e1cs \u00c1d\u00e1m\"}}]}<\/script>\n<!-- \/ Yoast SEO plugin. -->","yoast_head_json":{"title":"Garmin Venu 2S teszt - ezut\u00e1n a l\u00e1nyok futhatnak - MediaMarkt Magazin","description":"A Venu 2S egy n\u0151ies Garmin \u00f3ra, egyszerre k\u00edn\u00e1lva okos \u00e9s sportos funkci\u00f3kat is. AMOLED kijelz\u0151vel, Garmin Pay \u00e9s Spotify t\u00e1mogat\u00e1ssal.","robots":{"index":"index","follow":"follow","max-snippet":"max-snippet:-1","max-image-preview":"max-image-preview:large","max-video-preview":"max-video-preview:-1"},"canonical":"https:\/\/hir.mediamarkt.hu\/magazin\/garmin-venu-2s-teszt\/","og_locale":"hu_HU","og_type":"article","og_title":"Garmin Venu 2S teszt - ezut\u00e1n a l\u00e1nyok futhatnak - MediaMarkt Magazin","og_description":"A Venu 2S egy n\u0151ies Garmin \u00f3ra, egyszerre k\u00edn\u00e1lva okos \u00e9s sportos funkci\u00f3kat is. AMOLED kijelz\u0151vel, Garmin Pay \u00e9s Spotify t\u00e1mogat\u00e1ssal.","og_url":"https:\/\/hir.mediamarkt.hu\/magazin\/garmin-venu-2s-teszt\/","og_site_name":"MediaMarkt Magazin","article_publisher":"https:\/\/www.facebook.com\/MediaMarktMagyarorszag","article_published_time":"2021-08-27T07:15:40+00:00","article_modified_time":"2021-09-10T09:48:47+00:00","og_image":[{"width":1024,"height":619,"url":"https:\/\/hir.mediamarkt.hu\/magazin\/wp-content\/uploads\/2021\/08\/Garmin-Venu-2-teszt.png","type":"image\/png"}],"author":"Kov\u00e1cs \u00c1d\u00e1m","twitter_misc":{"Szerz\u0151:":"Kov\u00e1cs \u00c1d\u00e1m","Becs\u00fclt olvas\u00e1si id\u0151":"11 perc"},"schema":{"@context":"https:\/\/schema.org","@graph":[{"@type":"WebPage","@id":"https:\/\/hir.mediamarkt.hu\/magazin\/garmin-venu-2s-teszt\/","url":"https:\/\/hir.mediamarkt.hu\/magazin\/garmin-venu-2s-teszt\/","name":"Garmin Venu 2S teszt - ezut\u00e1n a l\u00e1nyok futhatnak - MediaMarkt Magazin","isPartOf":{"@id":"https:\/\/hir.mediamarkt.hu\/magazin\/#website"},"primaryImageOfPage":{"@id":"https:\/\/hir.mediamarkt.hu\/magazin\/garmin-venu-2s-teszt\/#primaryimage"},"image":{"@id":"https:\/\/hir.mediamarkt.hu\/magazin\/garmin-venu-2s-teszt\/#primaryimage"},"thumbnailUrl":"https:\/\/hir.mediamarkt.hu\/magazin\/wp-content\/uploads\/2021\/08\/Garmin-Venu-2-teszt.png","datePublished":"2021-08-27T07:15:40+00:00","dateModified":"2021-09-10T09:48:47+00:00","author":{"@id":"https:\/\/hir.mediamarkt.hu\/magazin\/#\/schema\/person\/eb6407def37d68930e61b9ccc0d2b12b"},"description":"A Venu 2S egy n\u0151ies Garmin \u00f3ra, egyszerre k\u00edn\u00e1lva okos \u00e9s sportos funkci\u00f3kat is. AMOLED kijelz\u0151vel, Garmin Pay \u00e9s Spotify t\u00e1mogat\u00e1ssal.","breadcrumb":{"@id":"https:\/\/hir.mediamarkt.hu\/magazin\/garmin-venu-2s-teszt\/#breadcrumb"},"inLanguage":"hu","potentialAction":[{"@type":"ReadAction","target":["https:\/\/hir.mediamarkt.hu\/magazin\/garmin-venu-2s-teszt\/"]}]},{"@type":"ImageObject","inLanguage":"hu","@id":"https:\/\/hir.mediamarkt.hu\/magazin\/garmin-venu-2s-teszt\/#primaryimage","url":"https:\/\/hir.mediamarkt.hu\/magazin\/wp-content\/uploads\/2021\/08\/Garmin-Venu-2-teszt.png","contentUrl":"https:\/\/hir.mediamarkt.hu\/magazin\/wp-content\/uploads\/2021\/08\/Garmin-Venu-2-teszt.png","width":1024,"height":619,"caption":"Garmin Venu 2 teszt"},{"@type":"BreadcrumbList","@id":"https:\/\/hir.mediamarkt.hu\/magazin\/garmin-venu-2s-teszt\/#breadcrumb","itemListElement":[{"@type":"ListItem","position":1,"name":"Kezd\u0151lap","item":"https:\/\/hir.mediamarkt.hu\/magazin\/"},{"@type":"ListItem","position":2,"name":"Tesztelt\u00fck","item":"https:\/\/hir.mediamarkt.hu\/magazin\/teszteltuk\/"},{"@type":"ListItem","position":3,"name":"Garmin Venu 2S teszt &#8211; ezut\u00e1n a l\u00e1nyok futhatnak"}]},{"@type":"WebSite","@id":"https:\/\/hir.mediamarkt.hu\/magazin\/#website","url":"https:\/\/hir.mediamarkt.hu\/magazin\/","name":"MediaMarkt Magazin","description":"Olvass bele magazinunkba!","potentialAction":[{"@type":"SearchAction","target":{"@type":"EntryPoint","urlTemplate":"https:\/\/hir.mediamarkt.hu\/magazin\/?s={search_term_string}"},"query-input":"required name=search_term_string"}],"inLanguage":"hu"},{"@type":"Person","@id":"https:\/\/hir.mediamarkt.hu\/magazin\/#\/schema\/person\/eb6407def37d68930e61b9ccc0d2b12b","name":"Kov\u00e1cs \u00c1d\u00e1m","image":{"@type":"ImageObject","inLanguage":"hu","@id":"https:\/\/hir.mediamarkt.hu\/magazin\/#\/schema\/person\/image\/","url":"https:\/\/secure.gravatar.com\/avatar\/7f17d39fcf146db446aab8f0a0b84bce?s=96&d=mm&r=g","contentUrl":"https:\/\/secure.gravatar.com\/avatar\/7f17d39fcf146db446aab8f0a0b84bce?s=96&d=mm&r=g","caption":"Kov\u00e1cs \u00c1d\u00e1m"}}]}},"_links":{"self":[{"href":"https:\/\/hir.mediamarkt.hu\/magazin\/wp-json\/wp\/v2\/posts\/12649"}],"collection":[{"href":"https:\/\/hir.mediamarkt.hu\/magazin\/wp-json\/wp\/v2\/posts"}],"about":[{"href":"https:\/\/hir.mediamarkt.hu\/magazin\/wp-json\/wp\/v2\/types\/post"}],"author":[{"embeddable":true,"href":"https:\/\/hir.mediamarkt.hu\/magazin\/wp-json\/wp\/v2\/users\/34"}],"replies":[{"embeddable":true,"href":"https:\/\/hir.mediamarkt.hu\/magazin\/wp-json\/wp\/v2\/comments?post=12649"}],"version-history":[{"count":9,"href":"https:\/\/hir.mediamarkt.hu\/magazin\/wp-json\/wp\/v2\/posts\/12649\/revisions"}],"predecessor-version":[{"id":12966,"href":"https:\/\/hir.mediamarkt.hu\/magazin\/wp-json\/wp\/v2\/posts\/12649\/revisions\/12966"}],"wp:featuredmedia":[{"embeddable":true,"href":"https:\/\/hir.mediamarkt.hu\/magazin\/wp-json\/wp\/v2\/media\/12963"}],"wp:attachment":[{"href":"https:\/\/hir.mediamarkt.hu\/magazin\/wp-json\/wp\/v2\/media?parent=12649"}],"wp:term":[{"taxonomy":"category","embeddable":true,"href":"https:\/\/hir.mediamarkt.hu\/magazin\/wp-json\/wp\/v2\/categories?post=12649"},{"taxonomy":"post_tag","embeddable":true,"href":"https:\/\/hir.mediamarkt.hu\/magazin\/wp-json\/wp\/v2\/tags?post=12649"}],"curies":[{"name":"wp","href":"https:\/\/api.w.org\/{rel}","templated":true}]}}