{"id":12842,"date":"2021-08-30T10:07:33","date_gmt":"2021-08-30T09:07:33","guid":{"rendered":"https:\/\/hir.mediamarkt.hu\/magazin\/?p=12842"},"modified":"2021-09-23T11:57:30","modified_gmt":"2021-09-23T10:57:30","slug":"samsung-galaxy-buds-2-teszt","status":"publish","type":"post","link":"https:\/\/hir.mediamarkt.hu\/magazin\/samsung-galaxy-buds-2-teszt\/","title":{"rendered":"Samsung Galaxy Buds 2 teszt"},"content":{"rendered":"\n<p class=\"has-text-align-justify\">Aktu\u00e1lis teszt\u00fcnkben a<a href=\"https:\/\/www.mediamarkt.hu\/hu\/product\/_samsung-galaxy-buds-2-vezet%C3%A9k-n%C3%A9lk%C3%BCli-tws-f%C3%BClhallgat%C3%B3-z%C3%B6ld-sm-r177nzga-1360326.html\" target=\"_blank\" rel=\"noreferrer noopener\"> Samsung Galaxy Buds 2-t <\/a>tesztelt\u00fck, az egyik leg\u00fajabb TWS headsetet.<\/p>\n\n\n\n<h2 class=\"wp-block-heading\">Mi is az a TWS?<\/h2>\n\n\n\n<p class=\"has-text-align-justify\">A True Wireless Sound kifejez\u00e9sb\u0151l kialakult mozaiksz\u00f3r\u00f3l van sz\u00f3, amely a teljesen vezet\u00e9k n\u00e9lk\u00fcli headsetekre utal. A Samsungn\u00e1l f\u0151leg a sz\u00e1r n\u00e9lk\u00fcli, \u201c<em>bogy\u00f3s<\/em>\u201d diz\u00e1jn jelenik meg. A kor\u00e1bbi modellek, mint a Galaxy <a href=\"https:\/\/www.mediamarkt.hu\/hu\/product\/_samsung-galaxy-gear-buds-vezet%C3%A9k-n%C3%A9lk%C3%BCli-f%C3%BClhallgat%C3%B3-k%C3%A9k-sm-r175nziaeub-1314148.html\" target=\"_blank\" rel=\"noreferrer noopener\">Gear Buds+<\/a>, a <a href=\"https:\/\/www.mediamarkt.hu\/hu\/product\/_samsung-galaxy-buds-pro-bluetooth-f%C3%BClhallgat%C3%B3-lila-sm-r190nzv-1345760.html\" target=\"_blank\" rel=\"noreferrer noopener\">Galaxy Buds Pro<\/a> is hasonl\u00f3 kialak\u00edt\u00e1st kapott, illetve ott vannak m\u00e9g a babszemre hasonl\u00edt\u00f3 <a href=\"https:\/\/www.mediamarkt.hu\/hu\/product\/_samsung-galaxy-buds-live-misztikus-bronz-1330823.html\" target=\"_blank\" rel=\"noreferrer noopener\">Galaxy Buds Live<\/a> modellek.<\/p>\n\n\n\n<figure class=\"wp-block-image size-large\"><img loading=\"lazy\" decoding=\"async\" width=\"1024\" height=\"768\" src=\"https:\/\/hir.mediamarkt.hu\/magazin\/wp-content\/uploads\/2021\/08\/samsung-galaxy-buds-2-headset-teszt-1-1024x768.jpg\" alt=\"\" class=\"wp-image-12859\" srcset=\"https:\/\/hir.mediamarkt.hu\/magazin\/wp-content\/uploads\/2021\/08\/samsung-galaxy-buds-2-headset-teszt-1-1024x768.jpg 1024w, https:\/\/hir.mediamarkt.hu\/magazin\/wp-content\/uploads\/2021\/08\/samsung-galaxy-buds-2-headset-teszt-1-300x225.jpg 300w, https:\/\/hir.mediamarkt.hu\/magazin\/wp-content\/uploads\/2021\/08\/samsung-galaxy-buds-2-headset-teszt-1-275x206.jpg 275w, https:\/\/hir.mediamarkt.hu\/magazin\/wp-content\/uploads\/2021\/08\/samsung-galaxy-buds-2-headset-teszt-1-768x576.jpg 768w, https:\/\/hir.mediamarkt.hu\/magazin\/wp-content\/uploads\/2021\/08\/samsung-galaxy-buds-2-headset-teszt-1-500x375.jpg 500w, https:\/\/hir.mediamarkt.hu\/magazin\/wp-content\/uploads\/2021\/08\/samsung-galaxy-buds-2-headset-teszt-1.jpg 1200w\" sizes=\"(max-width: 1024px) 100vw, 1024px\" \/><\/figure>\n\n\n\n<p class=\"has-text-align-justify\">Vannak modellek m\u00e1s gy\u00e1rt\u00f3kn\u00e1l, amelyek viszont fizikai sz\u00e1rat kaptak, kisebb f\u00fclhallgat\u00f3-fejjel. Ilyen p\u00e9ld\u00e1ul az <a href=\"https:\/\/www.mediamarkt.hu\/hu\/category\/_f%C3%BClhallgat%C3%B3-505030.html?searchParams=%2FSearch.ff%3FfilterTabbedCategory%3Donlineshop%26filterCategoriesROOT%3DTV%2B%2526%2BAudi%25C3%25B3%25C2%25A7MediaHUhuc505008%26filterCategoriesROOT%252FTV%2B%2526%2BAudi%25C3%25B3%25C2%25A7MediaHUhuc505008%3DFejhallgat%25C3%25B3%252C%2Bf%25C3%25BClhallgat%25C3%25B3%25C2%25A7MediaHUhuc505011%26filterCategoriesROOT%252FTV%2B%2526%2BAudi%25C3%25B3%25C2%25A7MediaHUhuc505008%252FFejhallgat%25C3%25B3%252C%2Bf%25C3%25BClhallgat%25C3%25B3%25C2%25A7MediaHUhuc505011%3DF%25C3%25BClhallgat%25C3%25B3%25C2%25A7MediaHUhuc505030%26filteravailability%3D1%26filterbrand%3DAPPLE%26filterJel%25C3%25A1tvitel%3D___Vezet%25C3%25A9k%2Bn%25C3%25A9lk%25C3%25BCli%26channel%3Dmmhuhu%26productsPerPage%3D24%26followSearch%3D9990%26disableTabbedCategory%3Dtrue%26navigation%3Dtrue&amp;sort=&amp;view=PRODUCTLIST&amp;page=\" target=\"_blank\" rel=\"noreferrer noopener\">Apple AirPods sorozat<\/a>, a <a href=\"https:\/\/www.mediamarkt.hu\/hu\/category\/_f%C3%BClhallgat%C3%B3-505030.html?searchParams=%2FSearch.ff%3FfilterTabbedCategory%3Donlineshop%26filterCategoriesROOT%3DTV%2B%2526%2BAudi%25C3%25B3%25C2%25A7MediaHUhuc505008%26filterCategoriesROOT%252FTV%2B%2526%2BAudi%25C3%25B3%25C2%25A7MediaHUhuc505008%3DFejhallgat%25C3%25B3%252C%2Bf%25C3%25BClhallgat%25C3%25B3%25C2%25A7MediaHUhuc505011%26filterCategoriesROOT%252FTV%2B%2526%2BAudi%25C3%25B3%25C2%25A7MediaHUhuc505008%252FFejhallgat%25C3%25B3%252C%2Bf%25C3%25BClhallgat%25C3%25B3%25C2%25A7MediaHUhuc505011%3DF%25C3%25BClhallgat%25C3%25B3%25C2%25A7MediaHUhuc505030%26filteravailability%3D1%26filterJel%25C3%25A1tvitel%3D___Vezet%25C3%25A9k%2Bn%25C3%25A9lk%25C3%25BCli%26filterbrand%3DHUAWEI%26channel%3Dmmhuhu%26productsPerPage%3D24%26followSearch%3D9990%26disableTabbedCategory%3Dtrue%26navigation%3Dtrue&amp;sort=&amp;view=PRODUCTLIST&amp;page=\" target=\"_blank\" rel=\"noreferrer noopener\">Huawei Freebuds sz\u00e9ri\u00e1ja <\/a>\u00e9s sorolhat\u00f3 m\u00e9g a lista.<\/p>\n\n\n\n<h2 class=\"wp-block-heading\">Az el\u0151d\u00f6k nyom\u00e1ban halad a Galaxy Buds 2<\/h2>\n\n\n\n<p class=\"has-text-align-justify\">Az \u00faj Galaxy Buds 2 sokat mer\u00edtett a kor\u00e1bbi Samsung headsetekb\u0151l, mindegyikb\u0151l meg\u00f6r\u00f6k\u00f6lt valami j\u00f3t. A Galaxy Buds+-hoz hasonl\u00f3 kialak\u00edt\u00e1sa \u00e9s illeszked\u00e9se van. A k\u00e9tutas hangsz\u00f3r\u00f3kat \u00e9s a zajsz\u0171r\u0151 technol\u00f3gi\u00e1t pedig a Buds Pro modellt\u0151l k\u00f6lcs\u00f6n\u00f6zte, a Buds Live modellekb\u0151l tal\u00e1n a sz\u00edneket lehet viszontl\u00e1tni. <\/p>\n\n\n\n<p class=\"has-text-align-justify\">A f\u00fclhallgat\u00f3k egy feh\u00e9r sz\u00edn\u0171, n\u00e9gyzetes alap\u00fa, de lekerek\u00edtett vonalvezet\u00e9s\u0171 t\u00f6lt\u0151tokban cs\u00fccs\u00fclnek \u00e9s b\u00e1r a Galaxy Buds 2 megv\u00e1s\u00e1rolhat\u00f3 <a href=\"https:\/\/www.mediamarkt.hu\/hu\/product\/_samsung-galaxy-buds-2-vezet%C3%A9k-n%C3%A9lk%C3%BCli-tws-f%C3%BClhallgat%C3%B3-feh%C3%A9r-sm-r177nzwa-1360328.html\" target=\"_blank\" rel=\"noreferrer noopener\">feh\u00e9r<\/a>, <a href=\"https:\/\/www.mediamarkt.hu\/hu\/product\/_samsung-galaxy-buds-2-vezet%C3%A9k-n%C3%A9lk%C3%BCli-tws-f%C3%BClhallgat%C3%B3-fekete-sm-r177nzka-1360327.html\" target=\"_blank\" rel=\"noreferrer noopener\">fekete<\/a>, <a href=\"https:\/\/www.mediamarkt.hu\/hu\/product\/_samsung-galaxy-buds-2-vezet%C3%A9k-n%C3%A9lk%C3%BCli-tws-f%C3%BClhallgat%C3%B3-z%C3%B6ld-sm-r177nzga-1360326.html\" target=\"_blank\" rel=\"noreferrer noopener\">z\u00f6ld<\/a> \u00e9s <a href=\"https:\/\/www.mediamarkt.hu\/hu\/product\/_samsung-galaxy-buds-2-vezet%C3%A9k-n%C3%A9lk%C3%BCli-tws-f%C3%BClhallgat%C3%B3-lila-sm-r177nlva-1360325.html\" target=\"_blank\" rel=\"noreferrer noopener\">lila<\/a> sz\u00ednekben is, k\u00edv\u00fclr\u0151l az \u00f6sszes t\u00f6lt\u0151tok f\u00e9nyes feh\u00e9r sz\u00edn\u0171, csak k\u00f6z\u00e9pen egy v\u00e9kony s\u00e1v jelzi, hogy milyen \u00e1rnyalatot v\u00e1lasztottunk.<\/p>\n\n\n\n<figure class=\"wp-block-image size-large\"><img loading=\"lazy\" decoding=\"async\" width=\"1024\" height=\"768\" src=\"https:\/\/hir.mediamarkt.hu\/magazin\/wp-content\/uploads\/2021\/08\/samsung-galaxy-buds-2-headset-teszt-4-1024x768.jpg\" alt=\"\" class=\"wp-image-12882\" srcset=\"https:\/\/hir.mediamarkt.hu\/magazin\/wp-content\/uploads\/2021\/08\/samsung-galaxy-buds-2-headset-teszt-4-1024x768.jpg 1024w, https:\/\/hir.mediamarkt.hu\/magazin\/wp-content\/uploads\/2021\/08\/samsung-galaxy-buds-2-headset-teszt-4-300x225.jpg 300w, https:\/\/hir.mediamarkt.hu\/magazin\/wp-content\/uploads\/2021\/08\/samsung-galaxy-buds-2-headset-teszt-4-275x206.jpg 275w, https:\/\/hir.mediamarkt.hu\/magazin\/wp-content\/uploads\/2021\/08\/samsung-galaxy-buds-2-headset-teszt-4-768x576.jpg 768w, https:\/\/hir.mediamarkt.hu\/magazin\/wp-content\/uploads\/2021\/08\/samsung-galaxy-buds-2-headset-teszt-4-500x375.jpg 500w, https:\/\/hir.mediamarkt.hu\/magazin\/wp-content\/uploads\/2021\/08\/samsung-galaxy-buds-2-headset-teszt-4.jpg 1200w\" sizes=\"(max-width: 1024px) 100vw, 1024px\" \/><\/figure>\n\n\n\n<p>Ha felnyitjuk, akkor a tok bels\u0151 r\u00e9sze \u00e9s a headset mutatja az extra sz\u00ednt.&nbsp;<\/p>\n\n\n\n<p class=\"has-text-align-justify\">A t\u00f6lt\u00e9shez a tok h\u00e1ts\u00f3 oldal\u00e1n tal\u00e1lhat\u00f3 meg az USB-C csatlakoz\u00f3, de ezen k\u00edv\u00fcl t\u00e1mogatja a vezet\u00e9k n\u00e9lk\u00fcli t\u00f6lt\u0151t. Ha p\u00e9ld\u00e1ul a <a href=\"https:\/\/hir.mediamarkt.hu\/magazin\/samsung-galaxy-z-flip3-5g-teszt\/\" target=\"_blank\" rel=\"noreferrer noopener\">Galaxy Z Flip3 5G <\/a>h\u00e1tlapj\u00e1ra helyezz\u00fck, akkor a t\u00f6lt\u00e9smegoszt\u00e1ssal \u00fat k\u00f6zben is felt\u00f6lthet\u0151 a Buds 2, k\u00e1bel n\u00e9lk\u00fcl.<\/p>\n\n\n\n<figure class=\"wp-block-gallery columns-3 is-cropped wp-block-gallery-2 is-layout-flex wp-block-gallery-is-layout-flex\"><ul class=\"blocks-gallery-grid\"><li class=\"blocks-gallery-item\"><figure><img loading=\"lazy\" decoding=\"async\" width=\"409\" height=\"1000\" src=\"https:\/\/hir.mediamarkt.hu\/magazin\/wp-content\/uploads\/2021\/08\/samsung-galaxy-buds-2-headset-teszt-8.jpg\" alt=\"\" data-id=\"12864\" data-full-url=\"https:\/\/hir.mediamarkt.hu\/magazin\/wp-content\/uploads\/2021\/08\/samsung-galaxy-buds-2-headset-teszt-8.jpg\" data-link=\"https:\/\/hir.mediamarkt.hu\/magazin\/?attachment_id=12864\" class=\"wp-image-12864\" srcset=\"https:\/\/hir.mediamarkt.hu\/magazin\/wp-content\/uploads\/2021\/08\/samsung-galaxy-buds-2-headset-teszt-8.jpg 409w, https:\/\/hir.mediamarkt.hu\/magazin\/wp-content\/uploads\/2021\/08\/samsung-galaxy-buds-2-headset-teszt-8-123x300.jpg 123w, https:\/\/hir.mediamarkt.hu\/magazin\/wp-content\/uploads\/2021\/08\/samsung-galaxy-buds-2-headset-teszt-8-205x500.jpg 205w\" sizes=\"(max-width: 409px) 100vw, 409px\" \/><\/figure><\/li><li class=\"blocks-gallery-item\"><figure><img loading=\"lazy\" decoding=\"async\" width=\"409\" height=\"1000\" src=\"https:\/\/hir.mediamarkt.hu\/magazin\/wp-content\/uploads\/2021\/08\/samsung-galaxy-buds-2-headset-teszt-9.jpg\" alt=\"\" data-id=\"12865\" data-full-url=\"https:\/\/hir.mediamarkt.hu\/magazin\/wp-content\/uploads\/2021\/08\/samsung-galaxy-buds-2-headset-teszt-9.jpg\" data-link=\"https:\/\/hir.mediamarkt.hu\/magazin\/?attachment_id=12865\" class=\"wp-image-12865\" srcset=\"https:\/\/hir.mediamarkt.hu\/magazin\/wp-content\/uploads\/2021\/08\/samsung-galaxy-buds-2-headset-teszt-9.jpg 409w, https:\/\/hir.mediamarkt.hu\/magazin\/wp-content\/uploads\/2021\/08\/samsung-galaxy-buds-2-headset-teszt-9-123x300.jpg 123w, https:\/\/hir.mediamarkt.hu\/magazin\/wp-content\/uploads\/2021\/08\/samsung-galaxy-buds-2-headset-teszt-9-205x500.jpg 205w\" sizes=\"(max-width: 409px) 100vw, 409px\" \/><\/figure><\/li><li class=\"blocks-gallery-item\"><figure><img loading=\"lazy\" decoding=\"async\" width=\"409\" height=\"1000\" src=\"https:\/\/hir.mediamarkt.hu\/magazin\/wp-content\/uploads\/2021\/08\/samsung-galaxy-buds-2-headset-teszt-10.jpg\" alt=\"\" data-id=\"12866\" data-full-url=\"https:\/\/hir.mediamarkt.hu\/magazin\/wp-content\/uploads\/2021\/08\/samsung-galaxy-buds-2-headset-teszt-10.jpg\" data-link=\"https:\/\/hir.mediamarkt.hu\/magazin\/?attachment_id=12866\" class=\"wp-image-12866\" srcset=\"https:\/\/hir.mediamarkt.hu\/magazin\/wp-content\/uploads\/2021\/08\/samsung-galaxy-buds-2-headset-teszt-10.jpg 409w, https:\/\/hir.mediamarkt.hu\/magazin\/wp-content\/uploads\/2021\/08\/samsung-galaxy-buds-2-headset-teszt-10-123x300.jpg 123w, https:\/\/hir.mediamarkt.hu\/magazin\/wp-content\/uploads\/2021\/08\/samsung-galaxy-buds-2-headset-teszt-10-205x500.jpg 205w\" sizes=\"(max-width: 409px) 100vw, 409px\" \/><\/figure><\/li><\/ul><\/figure>\n\n\n\n<p class=\"has-text-align-justify\">A f\u00fclhallgat\u00f3k m\u00e1gnesesen r\u00f6gz\u00fclnek a tokban, k\u00e9t kicsi \u00e9rintkez\u0151n kereszt\u00fcl veszik fel a t\u00f6lt\u00e9st. Ha behelyezz\u00fck \u0151ket, mindig a megfelel\u0151 helyre ker\u00fclnek \u00e9s indul a t\u00f6lt\u00e9si folyamat. Ez k\u00e9nyelmes, egyszer\u0171 \u00e9s praktikus. <\/p>\n\n\n\n<p class=\"has-text-align-justify\">A f\u00fclhallgat\u00f3<strong> k\u00fcls\u0151 oldal\u00e1n k\u00e9t mikrofon van<\/strong>, amely nemcsak a telefonbesz\u00e9lget\u00e9shez haszn\u00e1lt hangr\u00f6gz\u00edt\u00e9st szolg\u00e1lja, hanem a<strong> zajsz\u0171r\u00e9sn\u00e9l kap komoly feladatot. <\/strong>A bels\u0151 oldalon k\u00fcl\u00f6nb\u00f6z\u0151 szenzorok vannak.<\/p>\n\n\n\n<p class=\"has-text-align-justify\">Nevezhetj\u00fck egy bogy\u00f3nak is a f\u00fclhallgat\u00f3t, mert t\u00e9nyleg kb. akkora. A hall\u00f3j\u00e1ratba illeszked\u0151 r\u00e9sz kicsi, gumiharanggal. A dobozban van k\u00e9t p\u00e1r extra harang, egy kisebb \u00e9s egy nagyobb m\u00e9ret\u0171, \u00edgy mindenki hozz\u00e1illesztheti a saj\u00e1t f\u00fclm\u00e9ret\u00e9hez.<\/p>\n\n\n\n<figure class=\"wp-block-image size-large\"><img loading=\"lazy\" decoding=\"async\" width=\"1024\" height=\"768\" src=\"https:\/\/hir.mediamarkt.hu\/magazin\/wp-content\/uploads\/2021\/08\/samsung-galaxy-buds-2-headset-teszt-2-1024x768.jpg\" alt=\"\" class=\"wp-image-12861\" srcset=\"https:\/\/hir.mediamarkt.hu\/magazin\/wp-content\/uploads\/2021\/08\/samsung-galaxy-buds-2-headset-teszt-2-1024x768.jpg 1024w, https:\/\/hir.mediamarkt.hu\/magazin\/wp-content\/uploads\/2021\/08\/samsung-galaxy-buds-2-headset-teszt-2-300x225.jpg 300w, https:\/\/hir.mediamarkt.hu\/magazin\/wp-content\/uploads\/2021\/08\/samsung-galaxy-buds-2-headset-teszt-2-275x206.jpg 275w, https:\/\/hir.mediamarkt.hu\/magazin\/wp-content\/uploads\/2021\/08\/samsung-galaxy-buds-2-headset-teszt-2-768x576.jpg 768w, https:\/\/hir.mediamarkt.hu\/magazin\/wp-content\/uploads\/2021\/08\/samsung-galaxy-buds-2-headset-teszt-2-500x375.jpg 500w, https:\/\/hir.mediamarkt.hu\/magazin\/wp-content\/uploads\/2021\/08\/samsung-galaxy-buds-2-headset-teszt-2.jpg 1200w\" sizes=\"(max-width: 1024px) 100vw, 1024px\" \/><\/figure>\n\n\n\n<p class=\"has-text-align-justify\">A k\u00e9t f\u00fclhallgat\u00f3 \u00e9s annak gumiharangja is sz\u00ednes, \u00edgy ha egy olajz\u00f6ld modellt v\u00e1lasztunk &#8211; mint teszt\u00fcnk alanya is, akkor egy olajz\u00f6ld bogy\u00f3 lesz l\u00e1that\u00f3 majd a f\u00fcl\u00fcnkben. <\/p>\n\n\n\n<p class=\"has-text-align-justify\">A Galaxy Buds 2 <strong>IPX2 por- \u00e9s v\u00edz\u00e1ll\u00f3s\u00e1ggal rendelkezik<\/strong>. Ez azt jelenti, hogy nem szabad v\u00edzbe mer\u00edteni. Az viszont nem okoz gondot, ha edz\u00e9s k\u00f6zben haszn\u00e1ljuk \u00e9s megizzadunk, esetleg az utc\u00e1n elered az es\u0151 \u00e9s \u00fagy \u00e9ri p\u00e1r csepp nedvess\u00e9g.&nbsp;De uszod\u00e1ban, vagy nyaral\u00e1skor a v\u00edzben ne haszn\u00e1ljuk. <\/p>\n\n\n\n<h2 class=\"wp-block-heading\">Alkalmaz\u00e1ssal sok-sok funkci\u00f3, be\u00e1ll\u00edt\u00e1s el\u00e9rhet\u0151<\/h2>\n\n\n\n<p class=\"has-text-align-justify\">A Samsung telefonokon alapb\u00f3l felugrik egy kis ablak, mikor csatlakoztathat\u00f3 a headset \u00e9s jelzi is a t\u00f6lt\u00f6tts\u00e9get.<\/p>\n\n\n\n<figure class=\"wp-block-gallery columns-2 is-cropped wp-block-gallery-3 is-layout-flex wp-block-gallery-is-layout-flex\"><ul class=\"blocks-gallery-grid\"><li class=\"blocks-gallery-item\"><figure><img loading=\"lazy\" decoding=\"async\" width=\"409\" height=\"1000\" src=\"https:\/\/hir.mediamarkt.hu\/magazin\/wp-content\/uploads\/2021\/09\/samsung-galaxy-buds-2-headset-teszt-6.png\" alt=\"\" data-id=\"13083\" data-link=\"https:\/\/hir.mediamarkt.hu\/magazin\/samsung-galaxy-buds-2-teszt\/samsung-galaxy-buds-2-headset-teszt-6-2\/\" class=\"wp-image-13083\" srcset=\"https:\/\/hir.mediamarkt.hu\/magazin\/wp-content\/uploads\/2021\/09\/samsung-galaxy-buds-2-headset-teszt-6.png 409w, https:\/\/hir.mediamarkt.hu\/magazin\/wp-content\/uploads\/2021\/09\/samsung-galaxy-buds-2-headset-teszt-6-123x300.png 123w, https:\/\/hir.mediamarkt.hu\/magazin\/wp-content\/uploads\/2021\/09\/samsung-galaxy-buds-2-headset-teszt-6-205x500.png 205w\" sizes=\"(max-width: 409px) 100vw, 409px\" \/><\/figure><\/li><li class=\"blocks-gallery-item\"><figure><img loading=\"lazy\" decoding=\"async\" width=\"409\" height=\"1000\" src=\"https:\/\/hir.mediamarkt.hu\/magazin\/wp-content\/uploads\/2021\/09\/samsung-galaxy-buds-2-headset-teszt-7.png\" alt=\"\" data-id=\"13085\" data-full-url=\"https:\/\/hir.mediamarkt.hu\/magazin\/wp-content\/uploads\/2021\/09\/samsung-galaxy-buds-2-headset-teszt-7.png\" data-link=\"https:\/\/hir.mediamarkt.hu\/magazin\/samsung-galaxy-buds-2-teszt\/samsung-galaxy-buds-2-headset-teszt-7-2\/\" class=\"wp-image-13085\" srcset=\"https:\/\/hir.mediamarkt.hu\/magazin\/wp-content\/uploads\/2021\/09\/samsung-galaxy-buds-2-headset-teszt-7.png 409w, https:\/\/hir.mediamarkt.hu\/magazin\/wp-content\/uploads\/2021\/09\/samsung-galaxy-buds-2-headset-teszt-7-123x300.png 123w, https:\/\/hir.mediamarkt.hu\/magazin\/wp-content\/uploads\/2021\/09\/samsung-galaxy-buds-2-headset-teszt-7-205x500.png 205w\" sizes=\"(max-width: 409px) 100vw, 409px\" \/><\/figure><\/li><\/ul><\/figure>\n\n\n\n<p>A Galaxy Wearable alkalmaz\u00e1s let\u00f6lt\u00e9s\u00e9vel v\u00e1lik teljesk\u00f6r\u0171en minden funkci\u00f3 kezelhet\u0151v\u00e9 a headseten.&nbsp;<\/p>\n\n\n\n<p class=\"has-text-align-justify\">Egy nagyon j\u00f3 dolog, hogy az alkalmaz\u00e1s r\u00f6gt\u00f6n abban a sz\u00ednben mutatja a headsetet csatlakoz\u00e1s ut\u00e1n, amilyennel rendelkez\u00fcnk. \u00cdgy n\u00e1lunk a kor\u00e1babn m\u00e1r eml\u00edtett halv\u00e9ny olajz\u00f6ld \u00e1rnyalat jelent meg, alatta pedig ott van a k\u00e9t f\u00fclhallgat\u00f3 \u00e9s a t\u00f6lt\u0151tok t\u00f6lt\u00f6tts\u00e9ge is. A be\u00e1ll\u00edt\u00e1sok k\u00f6z\u00f6tt tal\u00e1lunk lehet\u0151s\u00e9get ekvalizerre, de ak\u00e1r fel is olvassa az \u00e9rtes\u00edt\u00e9seket a headset.<\/p>\n\n\n\n<figure class=\"wp-block-gallery columns-3 is-cropped wp-block-gallery-4 is-layout-flex wp-block-gallery-is-layout-flex\"><ul class=\"blocks-gallery-grid\"><li class=\"blocks-gallery-item\"><figure><img loading=\"lazy\" decoding=\"async\" width=\"409\" height=\"1000\" src=\"https:\/\/hir.mediamarkt.hu\/magazin\/wp-content\/uploads\/2021\/08\/samsung-galaxy-buds-2-headset-teszt-11.jpg\" alt=\"\" data-id=\"12874\" data-full-url=\"https:\/\/hir.mediamarkt.hu\/magazin\/wp-content\/uploads\/2021\/08\/samsung-galaxy-buds-2-headset-teszt-11.jpg\" data-link=\"https:\/\/hir.mediamarkt.hu\/magazin\/?attachment_id=12874\" class=\"wp-image-12874\" srcset=\"https:\/\/hir.mediamarkt.hu\/magazin\/wp-content\/uploads\/2021\/08\/samsung-galaxy-buds-2-headset-teszt-11.jpg 409w, https:\/\/hir.mediamarkt.hu\/magazin\/wp-content\/uploads\/2021\/08\/samsung-galaxy-buds-2-headset-teszt-11-123x300.jpg 123w, https:\/\/hir.mediamarkt.hu\/magazin\/wp-content\/uploads\/2021\/08\/samsung-galaxy-buds-2-headset-teszt-11-205x500.jpg 205w\" sizes=\"(max-width: 409px) 100vw, 409px\" \/><\/figure><\/li><li class=\"blocks-gallery-item\"><figure><img loading=\"lazy\" decoding=\"async\" width=\"409\" height=\"1000\" src=\"https:\/\/hir.mediamarkt.hu\/magazin\/wp-content\/uploads\/2021\/08\/samsung-galaxy-buds-2-headset-teszt-12.jpg\" alt=\"\" data-id=\"12875\" data-full-url=\"https:\/\/hir.mediamarkt.hu\/magazin\/wp-content\/uploads\/2021\/08\/samsung-galaxy-buds-2-headset-teszt-12.jpg\" data-link=\"https:\/\/hir.mediamarkt.hu\/magazin\/?attachment_id=12875\" class=\"wp-image-12875\" srcset=\"https:\/\/hir.mediamarkt.hu\/magazin\/wp-content\/uploads\/2021\/08\/samsung-galaxy-buds-2-headset-teszt-12.jpg 409w, https:\/\/hir.mediamarkt.hu\/magazin\/wp-content\/uploads\/2021\/08\/samsung-galaxy-buds-2-headset-teszt-12-123x300.jpg 123w, https:\/\/hir.mediamarkt.hu\/magazin\/wp-content\/uploads\/2021\/08\/samsung-galaxy-buds-2-headset-teszt-12-205x500.jpg 205w\" sizes=\"(max-width: 409px) 100vw, 409px\" \/><\/figure><\/li><li class=\"blocks-gallery-item\"><figure><img loading=\"lazy\" decoding=\"async\" width=\"409\" height=\"1000\" src=\"https:\/\/hir.mediamarkt.hu\/magazin\/wp-content\/uploads\/2021\/08\/samsung-galaxy-buds-2-headset-teszt-13.jpg\" alt=\"\" data-id=\"12876\" data-full-url=\"https:\/\/hir.mediamarkt.hu\/magazin\/wp-content\/uploads\/2021\/08\/samsung-galaxy-buds-2-headset-teszt-13.jpg\" data-link=\"https:\/\/hir.mediamarkt.hu\/magazin\/?attachment_id=12876\" class=\"wp-image-12876\" srcset=\"https:\/\/hir.mediamarkt.hu\/magazin\/wp-content\/uploads\/2021\/08\/samsung-galaxy-buds-2-headset-teszt-13.jpg 409w, https:\/\/hir.mediamarkt.hu\/magazin\/wp-content\/uploads\/2021\/08\/samsung-galaxy-buds-2-headset-teszt-13-123x300.jpg 123w, https:\/\/hir.mediamarkt.hu\/magazin\/wp-content\/uploads\/2021\/08\/samsung-galaxy-buds-2-headset-teszt-13-205x500.jpg 205w\" sizes=\"(max-width: 409px) 100vw, 409px\" \/><\/figure><\/li><\/ul><\/figure>\n\n\n\n<p class=\"has-text-align-justify\">Itt kapott helyet a zajcs\u00f6kkent\u00e9si be\u00e1ll\u00edt\u00e1s is. Az akt\u00edv zajsz\u0171r\u00e9shez h\u00e1romf\u00e9le kapcsol\u00f3nk van. Az alap\u00e1llapot, a kikapcsolt. Ekkor tudja egy\u00e9bk\u00e9nt a legjobb \u00fczemid\u0151t a Buds 2.<\/p>\n\n\n\n<figure class=\"wp-block-gallery columns-3 is-cropped wp-block-gallery-5 is-layout-flex wp-block-gallery-is-layout-flex\"><ul class=\"blocks-gallery-grid\"><li class=\"blocks-gallery-item\"><figure><img loading=\"lazy\" decoding=\"async\" width=\"409\" height=\"1000\" src=\"https:\/\/hir.mediamarkt.hu\/magazin\/wp-content\/uploads\/2021\/08\/samsung-galaxy-buds-2-headset-teszt-17.jpg\" alt=\"\" data-id=\"12867\" data-full-url=\"https:\/\/hir.mediamarkt.hu\/magazin\/wp-content\/uploads\/2021\/08\/samsung-galaxy-buds-2-headset-teszt-17.jpg\" data-link=\"https:\/\/hir.mediamarkt.hu\/magazin\/?attachment_id=12867\" class=\"wp-image-12867\" srcset=\"https:\/\/hir.mediamarkt.hu\/magazin\/wp-content\/uploads\/2021\/08\/samsung-galaxy-buds-2-headset-teszt-17.jpg 409w, https:\/\/hir.mediamarkt.hu\/magazin\/wp-content\/uploads\/2021\/08\/samsung-galaxy-buds-2-headset-teszt-17-123x300.jpg 123w, https:\/\/hir.mediamarkt.hu\/magazin\/wp-content\/uploads\/2021\/08\/samsung-galaxy-buds-2-headset-teszt-17-205x500.jpg 205w\" sizes=\"(max-width: 409px) 100vw, 409px\" \/><\/figure><\/li><li class=\"blocks-gallery-item\"><figure><img loading=\"lazy\" decoding=\"async\" width=\"409\" height=\"1000\" src=\"https:\/\/hir.mediamarkt.hu\/magazin\/wp-content\/uploads\/2021\/08\/samsung-galaxy-buds-2-headset-teszt-18.jpg\" alt=\"\" data-id=\"12868\" data-full-url=\"https:\/\/hir.mediamarkt.hu\/magazin\/wp-content\/uploads\/2021\/08\/samsung-galaxy-buds-2-headset-teszt-18.jpg\" data-link=\"https:\/\/hir.mediamarkt.hu\/magazin\/?attachment_id=12868\" class=\"wp-image-12868\" srcset=\"https:\/\/hir.mediamarkt.hu\/magazin\/wp-content\/uploads\/2021\/08\/samsung-galaxy-buds-2-headset-teszt-18.jpg 409w, https:\/\/hir.mediamarkt.hu\/magazin\/wp-content\/uploads\/2021\/08\/samsung-galaxy-buds-2-headset-teszt-18-123x300.jpg 123w, https:\/\/hir.mediamarkt.hu\/magazin\/wp-content\/uploads\/2021\/08\/samsung-galaxy-buds-2-headset-teszt-18-205x500.jpg 205w\" sizes=\"(max-width: 409px) 100vw, 409px\" \/><\/figure><\/li><li class=\"blocks-gallery-item\"><figure><img loading=\"lazy\" decoding=\"async\" width=\"409\" height=\"1000\" src=\"https:\/\/hir.mediamarkt.hu\/magazin\/wp-content\/uploads\/2021\/08\/samsung-galaxy-buds-2-headset-teszt-19.jpg\" alt=\"\" data-id=\"12869\" data-full-url=\"https:\/\/hir.mediamarkt.hu\/magazin\/wp-content\/uploads\/2021\/08\/samsung-galaxy-buds-2-headset-teszt-19.jpg\" data-link=\"https:\/\/hir.mediamarkt.hu\/magazin\/?attachment_id=12869\" class=\"wp-image-12869\" srcset=\"https:\/\/hir.mediamarkt.hu\/magazin\/wp-content\/uploads\/2021\/08\/samsung-galaxy-buds-2-headset-teszt-19.jpg 409w, https:\/\/hir.mediamarkt.hu\/magazin\/wp-content\/uploads\/2021\/08\/samsung-galaxy-buds-2-headset-teszt-19-123x300.jpg 123w, https:\/\/hir.mediamarkt.hu\/magazin\/wp-content\/uploads\/2021\/08\/samsung-galaxy-buds-2-headset-teszt-19-205x500.jpg 205w\" sizes=\"(max-width: 409px) 100vw, 409px\" \/><\/figure><\/li><\/ul><\/figure>\n\n\n\n<p class=\"has-text-align-justify\">Az illeszked\u00e9si teszt hasznos, megmutatja a telefon, hogy megfelel\u0151en \u00fcl-e a f\u00fclben a f\u00fclhallgat\u00f3, hiszen csak ekkor tudja a legjobb zajsz\u0171r\u00e9st \u00e9s hangz\u00e1st biztos\u00edtani.<\/p>\n\n\n\n<figure class=\"wp-block-gallery columns-3 is-cropped wp-block-gallery-6 is-layout-flex wp-block-gallery-is-layout-flex\"><ul class=\"blocks-gallery-grid\"><li class=\"blocks-gallery-item\"><figure><img loading=\"lazy\" decoding=\"async\" width=\"409\" height=\"1000\" src=\"https:\/\/hir.mediamarkt.hu\/magazin\/wp-content\/uploads\/2021\/08\/samsung-galaxy-buds-2-headset-teszt-14.jpg\" alt=\"\" data-id=\"12871\" data-full-url=\"https:\/\/hir.mediamarkt.hu\/magazin\/wp-content\/uploads\/2021\/08\/samsung-galaxy-buds-2-headset-teszt-14.jpg\" data-link=\"https:\/\/hir.mediamarkt.hu\/magazin\/?attachment_id=12871\" class=\"wp-image-12871\" srcset=\"https:\/\/hir.mediamarkt.hu\/magazin\/wp-content\/uploads\/2021\/08\/samsung-galaxy-buds-2-headset-teszt-14.jpg 409w, https:\/\/hir.mediamarkt.hu\/magazin\/wp-content\/uploads\/2021\/08\/samsung-galaxy-buds-2-headset-teszt-14-123x300.jpg 123w, https:\/\/hir.mediamarkt.hu\/magazin\/wp-content\/uploads\/2021\/08\/samsung-galaxy-buds-2-headset-teszt-14-205x500.jpg 205w\" sizes=\"(max-width: 409px) 100vw, 409px\" \/><\/figure><\/li><li class=\"blocks-gallery-item\"><figure><img loading=\"lazy\" decoding=\"async\" width=\"409\" height=\"1000\" src=\"https:\/\/hir.mediamarkt.hu\/magazin\/wp-content\/uploads\/2021\/08\/samsung-galaxy-buds-2-headset-teszt-15.jpg\" alt=\"\" data-id=\"12872\" data-full-url=\"https:\/\/hir.mediamarkt.hu\/magazin\/wp-content\/uploads\/2021\/08\/samsung-galaxy-buds-2-headset-teszt-15.jpg\" data-link=\"https:\/\/hir.mediamarkt.hu\/magazin\/?attachment_id=12872\" class=\"wp-image-12872\" srcset=\"https:\/\/hir.mediamarkt.hu\/magazin\/wp-content\/uploads\/2021\/08\/samsung-galaxy-buds-2-headset-teszt-15.jpg 409w, https:\/\/hir.mediamarkt.hu\/magazin\/wp-content\/uploads\/2021\/08\/samsung-galaxy-buds-2-headset-teszt-15-123x300.jpg 123w, https:\/\/hir.mediamarkt.hu\/magazin\/wp-content\/uploads\/2021\/08\/samsung-galaxy-buds-2-headset-teszt-15-205x500.jpg 205w\" sizes=\"(max-width: 409px) 100vw, 409px\" \/><\/figure><\/li><li class=\"blocks-gallery-item\"><figure><img loading=\"lazy\" decoding=\"async\" width=\"409\" height=\"1000\" src=\"https:\/\/hir.mediamarkt.hu\/magazin\/wp-content\/uploads\/2021\/08\/samsung-galaxy-buds-2-headset-teszt-16.jpg\" alt=\"\" data-id=\"12873\" data-full-url=\"https:\/\/hir.mediamarkt.hu\/magazin\/wp-content\/uploads\/2021\/08\/samsung-galaxy-buds-2-headset-teszt-16.jpg\" data-link=\"https:\/\/hir.mediamarkt.hu\/magazin\/?attachment_id=12873\" class=\"wp-image-12873\" srcset=\"https:\/\/hir.mediamarkt.hu\/magazin\/wp-content\/uploads\/2021\/08\/samsung-galaxy-buds-2-headset-teszt-16.jpg 409w, https:\/\/hir.mediamarkt.hu\/magazin\/wp-content\/uploads\/2021\/08\/samsung-galaxy-buds-2-headset-teszt-16-123x300.jpg 123w, https:\/\/hir.mediamarkt.hu\/magazin\/wp-content\/uploads\/2021\/08\/samsung-galaxy-buds-2-headset-teszt-16-205x500.jpg 205w\" sizes=\"(max-width: 409px) 100vw, 409px\" \/><\/figure><\/li><\/ul><\/figure>\n\n\n\n<p class=\"has-text-align-justify\">Ha bekapcsoljuk az <strong>akt\u00edv zajkiolt\u00e1st<\/strong>, akkor a mikrofonok seg\u00edts\u00e9g\u00e9vel megpr\u00f3b\u00e1lja a k\u00fcls\u0151 zajokat megsz\u00fcntetni a Galaxy Buds 2. Ezzel tiszt\u00e1bb lesz a zene, illetve a h\u00e1tt\u00e9rzajokb\u00f3l kevesebbet hallunk. Ide\u00e1lis buszoz\u00e1s, utaz\u00e1s sor\u00e1n. A <strong>k\u00f6rnyezet hangjai opci\u00f3<\/strong> viszont akkor optim\u00e1lis, ha p\u00e9ld\u00e1ul p\u00e9ld\u00e1ul s\u00e9t\u00e1lunk, ekkor \u00fagy halljuk a zen\u00e9t, hogy a k\u00f6rnyezet bizonyos zajait is hallhatjuk, s\u0151t, ha sz\u00f3lnak hozz\u00e1nk, akkor lehalkul a zene.<\/p>\n\n\n\n<h2 class=\"wp-block-heading\">Megkereshetj\u00fck alkalmaz\u00e1ssal, ha elvesz\u00edtj\u00fck! <\/h2>\n\n\n\n<p class=\"has-text-align-justify\">Ha let\u00f6lt\u00fcnk egy k\u00fcl\u00f6n alkalmaz\u00e1st (SmartThing Find), akkor lehet\u0151s\u00e9g van arra, hogy megkeress\u00fck az elveszett Galaxy Buds 2-t.<\/p>\n\n\n\n<figure class=\"wp-block-image size-large\"><img loading=\"lazy\" decoding=\"async\" width=\"1024\" height=\"768\" src=\"https:\/\/hir.mediamarkt.hu\/magazin\/wp-content\/uploads\/2021\/08\/samsung-galaxy-buds-2-headset-teszt-5-1024x768.jpg\" alt=\"\" class=\"wp-image-12870\" srcset=\"https:\/\/hir.mediamarkt.hu\/magazin\/wp-content\/uploads\/2021\/08\/samsung-galaxy-buds-2-headset-teszt-5-1024x768.jpg 1024w, https:\/\/hir.mediamarkt.hu\/magazin\/wp-content\/uploads\/2021\/08\/samsung-galaxy-buds-2-headset-teszt-5-300x225.jpg 300w, https:\/\/hir.mediamarkt.hu\/magazin\/wp-content\/uploads\/2021\/08\/samsung-galaxy-buds-2-headset-teszt-5-275x206.jpg 275w, https:\/\/hir.mediamarkt.hu\/magazin\/wp-content\/uploads\/2021\/08\/samsung-galaxy-buds-2-headset-teszt-5-768x576.jpg 768w, https:\/\/hir.mediamarkt.hu\/magazin\/wp-content\/uploads\/2021\/08\/samsung-galaxy-buds-2-headset-teszt-5-500x375.jpg 500w, https:\/\/hir.mediamarkt.hu\/magazin\/wp-content\/uploads\/2021\/08\/samsung-galaxy-buds-2-headset-teszt-5.jpg 1200w\" sizes=\"(max-width: 1024px) 100vw, 1024px\" \/><\/figure>\n\n\n\n<p class=\"has-text-align-justify\">Ez a gyakorlatban \u00fagy n\u00e9z ki, hogy ha hozz\u00e1adjuk az apphoz a headsetet, akkor jelzi annak utols\u00f3 ismert hely\u00e9t &#8211; ez esetben azt, ahol utolj\u00e1ra csatlakoztatva volt a telefonhoz. &nbsp;<\/p>\n\n\n\n<p class=\"has-text-align-justify\">Kapunk t\u00e9rk\u00e9pes n\u00e9zetet, oda navig\u00e1lhatunk a legut\u00f3bbi helyre. Ha csak a f\u00fclhallgat\u00f3t vesz\u00edtett\u00fck el, akkor lehet\u0151s\u00e9g van arra, hogy a k\u00f6zel\u00e9ben hangot j\u00e1tszunk le rajta. Ez az\u00e9rt nem annyira hangos, teh\u00e1t ha egy forgalmas \u00fat mellett a f\u0171ben vesz\u00edtj\u00fck el, nem garant\u00e1lt, hogy ez alapj\u00e1n meghalljuk. Este, vagy egy csendes k\u00f6rnyezetben viszont sokkal jobb erre az es\u00e9ly.<\/p>\n\n\n\n<h2 class=\"wp-block-heading\">Konfort, k\u00e9nyelem<\/h2>\n\n\n\n<p class=\"has-text-align-justify\">A Galaxy Buds 2 az \u00e9n f\u00fclemben viszonylag k\u00e9nyelmesen \u00fclt. B\u00e1r nem esett ki a f\u00fclemb\u0151l, de fut\u00e1s, sportol\u00e1s sor\u00e1n mindig volt egy olyan \u00e9rz\u00e9sem, hogy ki fog esni \u00e9s ez\u00e9rt meg kell igaz\u00edtanom. Mivel a bogy\u00f3k k\u00fcls\u0151 fel\u00fclete \u00e9rint\u00e9s\u00e9rz\u00e9keny &#8211; hiszen itt vez\u00e9relhetem is a zenelej\u00e1tsz\u00f3t &#8211; \u00edgy ha megigaz\u00edtottam, gyakran meg\u00e1llt a zene.<\/p>\n\n\n\n<figure class=\"wp-block-image size-large\"><img loading=\"lazy\" decoding=\"async\" width=\"1024\" height=\"768\" src=\"https:\/\/hir.mediamarkt.hu\/magazin\/wp-content\/uploads\/2021\/08\/samsung-galaxy-buds-2-headset-teszt-3-1024x768.jpg\" alt=\"\" class=\"wp-image-12860\" srcset=\"https:\/\/hir.mediamarkt.hu\/magazin\/wp-content\/uploads\/2021\/08\/samsung-galaxy-buds-2-headset-teszt-3-1024x768.jpg 1024w, https:\/\/hir.mediamarkt.hu\/magazin\/wp-content\/uploads\/2021\/08\/samsung-galaxy-buds-2-headset-teszt-3-300x225.jpg 300w, https:\/\/hir.mediamarkt.hu\/magazin\/wp-content\/uploads\/2021\/08\/samsung-galaxy-buds-2-headset-teszt-3-275x206.jpg 275w, https:\/\/hir.mediamarkt.hu\/magazin\/wp-content\/uploads\/2021\/08\/samsung-galaxy-buds-2-headset-teszt-3-768x576.jpg 768w, https:\/\/hir.mediamarkt.hu\/magazin\/wp-content\/uploads\/2021\/08\/samsung-galaxy-buds-2-headset-teszt-3-500x375.jpg 500w, https:\/\/hir.mediamarkt.hu\/magazin\/wp-content\/uploads\/2021\/08\/samsung-galaxy-buds-2-headset-teszt-3.jpg 1200w\" sizes=\"(max-width: 1024px) 100vw, 1024px\" \/><\/figure>\n\n\n\n<p class=\"has-text-align-justify\">A hangz\u00e1sa egy\u00e9bk\u00e9nt tetszett, sz\u00e9pen \u00e9s tiszt\u00e1n sz\u00f3lt, kifejezetten j\u00f3 volt a hangja. Az akt\u00edv zajsz\u0171r\u00e9se kicsit gyeng\u00e9bb volt, mint a <a href=\"https:\/\/www.mediamarkt.hu\/hu\/product\/_samsung-galaxy-buds-pro-bluetooth-f%C3%BClhallgat%C3%B3-fekete-sm-r190nzk-1345759.html\" target=\"_blank\" rel=\"noreferrer noopener\">Galaxy Buds Pro e<\/a>set\u00e9n, viszont ez teljesen elfogadhat\u00f3, ha megn\u00e9zz\u00fck a k\u00e9t headset k\u00f6z\u00f6tti \u00e1rk\u00fcl\u00f6nbs\u00e9get is.<\/p>\n\n\n\n<p class=\"has-text-align-justify\">A Galaxy Buds 2 hozza a k\u00f6z\u00e9pkateg\u00f3ri\u00e1s TWS \u00e9lm\u00e9nyt, ahova sz\u00e1nta azt a Samsung.&nbsp; Nyilv\u00e1n lehet kapni hasonl\u00f3 megold\u00e1s\u00fa, vezet\u00e9k n\u00e9lk\u00fcli headseteket m\u00e1r 10 ezer forint\u00e9rt is, azonban a hangmin\u0151s\u00e9g, az ANC, az \u00fczemid\u0151, a szoftveres funkci\u00f3k, stb. ter\u00e9n \u00e9rezhet\u0151 k\u00fcl\u00f6nbs\u00e9g van egy bel\u00e9p\u0151szint\u0171 \u00e9s egy k\u00f6z\u00e9pkateg\u00f3ri\u00e1s headset k\u00f6z\u00f6tt.<\/p>\n\n\n\n<p class=\"has-text-align-justify\">Hasznos, hogy nem csak a Samsung okostelefonokkal haszn\u00e1lhat\u00f3, p\u00e9ld\u00e1ul a szint\u00e9n letesztelt Galaxy Fold 3-mal \u00e9s a Galaxy Z Flip 3-mal (teszt\u00fcnket <a href=\"https:\/\/hir.mediamarkt.hu\/magazin\/tag\/samsung-galaxy-z-flip-3-5g\/\" target=\"_blank\" rel=\"noreferrer noopener\">itt<\/a> olvashatod) hiszen m\u00e1s androidos telefonnal, iPhone-nal is m\u0171k\u00f6dik \u00e9s term\u00e9szetesen Windows \u00e9s MacOS rendszer\u0171 notebookokkal is b\u00e1tran haszn\u00e1lhat\u00f3, gond n\u00e9lk\u00fcl.<\/p>\n\n\n","protected":false},"excerpt":{"rendered":"Aktu\u00e1lis teszt\u00fcnkben a Samsung Galaxy Buds 2-t tesztelt\u00fck, az egyik leg\u00fajabb TWS headsetet. Mi is az a TWS? A True Wireless Sound kifejez\u00e9sb\u0151l kialakult mozaiksz\u00f3r\u00f3l van sz\u00f3, amely a teljesen vezet\u00e9k n\u00e9lk\u00fcli headsetekre utal. A Samsungn\u00e1l f\u0151leg a sz\u00e1r n\u00e9lk\u00fcli, \u201cbogy\u00f3s\u201d diz\u00e1jn jelenik meg. A kor\u00e1bbi modellek, mint a Galaxy Gear Buds+, a Galaxy Buds Pro is hasonl\u00f3 kialak\u00edt\u00e1st kapott, illetve ott vannak m\u00e9g a babszemre hasonl\u00edt\u00f3 Galaxy Buds Live modellek. Vannak modellek m\u00e1s gy\u00e1rt\u00f3kn\u00e1l, amelyek viszont fizikai sz\u00e1rat kaptak, kisebb f\u00fclhallgat\u00f3-fejjel. Ilyen p\u00e9ld\u00e1ul az Apple AirPods sorozat, a Huawei Freebuds sz\u00e9ri\u00e1ja \u00e9s sorolhat\u00f3 m\u00e9g a lista. Az el\u0151d\u00f6k nyom\u00e1ban halad a Galaxy Buds 2 Az \u00faj Galaxy Buds 2 sokat mer\u00edtett a kor\u00e1bbi Samsung headsetekb\u0151l, mindegyikb\u0151l meg\u00f6r\u00f6k\u00f6lt valami j\u00f3t. &#8230;","protected":false},"author":34,"featured_media":13091,"comment_status":"open","ping_status":"open","sticky":false,"template":"","format":"standard","meta":{"wprm-recipe-roundup-name":"","wprm-recipe-roundup-description":"","footnotes":""},"categories":[5948,5946],"tags":[4586,4585,4583,4584,4572,32,4582,4574,4579,4576,4573,4571,4575,4581,4577,4578,4580],"yoast_head":"<!-- This site is optimized with the Yoast SEO plugin v22.9 - https:\/\/yoast.com\/wordpress\/plugins\/seo\/ -->\n<title>Samsung Galaxy Buds 2 teszt - MediaMarkt Magazin<\/title>\n<meta name=\"description\" content=\"Tesztelt\u00fck a Samsung Galaxy Buds 2 headsetet, amely akt\u00edv zajsz\u0171r\u00e9st, vezet\u00e9k n\u00e9lk\u00fcli t\u00f6lt\u00e9st \u00e9s sz\u00ednes opci\u00f3kat k\u00edn\u00e1l.\" \/>\n<meta name=\"robots\" content=\"index, follow, max-snippet:-1, max-image-preview:large, max-video-preview:-1\" \/>\n<link rel=\"canonical\" href=\"https:\/\/hir.mediamarkt.hu\/magazin\/samsung-galaxy-buds-2-teszt\/\" \/>\n<meta property=\"og:locale\" content=\"hu_HU\" \/>\n<meta property=\"og:type\" content=\"article\" \/>\n<meta property=\"og:title\" content=\"Samsung Galaxy Buds 2 teszt - MediaMarkt Magazin\" \/>\n<meta property=\"og:description\" content=\"Tesztelt\u00fck a Samsung Galaxy Buds 2 headsetet, amely akt\u00edv zajsz\u0171r\u00e9st, vezet\u00e9k n\u00e9lk\u00fcli t\u00f6lt\u00e9st \u00e9s sz\u00ednes opci\u00f3kat k\u00edn\u00e1l.\" \/>\n<meta property=\"og:url\" content=\"https:\/\/hir.mediamarkt.hu\/magazin\/samsung-galaxy-buds-2-teszt\/\" \/>\n<meta property=\"og:site_name\" content=\"MediaMarkt Magazin\" \/>\n<meta property=\"article:publisher\" content=\"https:\/\/www.facebook.com\/MediaMarktMagyarorszag\" \/>\n<meta property=\"article:published_time\" content=\"2021-08-30T09:07:33+00:00\" \/>\n<meta property=\"article:modified_time\" content=\"2021-09-23T10:57:30+00:00\" \/>\n<meta property=\"og:image\" content=\"https:\/\/hir.mediamarkt.hu\/magazin\/wp-content\/uploads\/2021\/08\/Samsung-Buds-2-teszt.png\" \/>\n\t<meta property=\"og:image:width\" content=\"1024\" \/>\n\t<meta property=\"og:image:height\" content=\"619\" \/>\n\t<meta property=\"og:image:type\" content=\"image\/png\" \/>\n<meta name=\"author\" content=\"Kov\u00e1cs \u00c1d\u00e1m\" \/>\n<meta name=\"twitter:label1\" content=\"Szerz\u0151:\" \/>\n\t<meta name=\"twitter:data1\" content=\"Kov\u00e1cs \u00c1d\u00e1m\" \/>\n\t<meta name=\"twitter:label2\" content=\"Becs\u00fclt olvas\u00e1si id\u0151\" \/>\n\t<meta name=\"twitter:data2\" content=\"8 perc\" \/>\n<script type=\"application\/ld+json\" class=\"yoast-schema-graph\">{\"@context\":\"https:\/\/schema.org\",\"@graph\":[{\"@type\":\"WebPage\",\"@id\":\"https:\/\/hir.mediamarkt.hu\/magazin\/samsung-galaxy-buds-2-teszt\/\",\"url\":\"https:\/\/hir.mediamarkt.hu\/magazin\/samsung-galaxy-buds-2-teszt\/\",\"name\":\"Samsung Galaxy Buds 2 teszt - MediaMarkt Magazin\",\"isPartOf\":{\"@id\":\"https:\/\/hir.mediamarkt.hu\/magazin\/#website\"},\"primaryImageOfPage\":{\"@id\":\"https:\/\/hir.mediamarkt.hu\/magazin\/samsung-galaxy-buds-2-teszt\/#primaryimage\"},\"image\":{\"@id\":\"https:\/\/hir.mediamarkt.hu\/magazin\/samsung-galaxy-buds-2-teszt\/#primaryimage\"},\"thumbnailUrl\":\"https:\/\/hir.mediamarkt.hu\/magazin\/wp-content\/uploads\/2021\/08\/Samsung-Buds-2-teszt.png\",\"datePublished\":\"2021-08-30T09:07:33+00:00\",\"dateModified\":\"2021-09-23T10:57:30+00:00\",\"author\":{\"@id\":\"https:\/\/hir.mediamarkt.hu\/magazin\/#\/schema\/person\/eb6407def37d68930e61b9ccc0d2b12b\"},\"description\":\"Tesztelt\u00fck a Samsung Galaxy Buds 2 headsetet, amely akt\u00edv zajsz\u0171r\u00e9st, vezet\u00e9k n\u00e9lk\u00fcli t\u00f6lt\u00e9st \u00e9s sz\u00ednes opci\u00f3kat k\u00edn\u00e1l.\",\"breadcrumb\":{\"@id\":\"https:\/\/hir.mediamarkt.hu\/magazin\/samsung-galaxy-buds-2-teszt\/#breadcrumb\"},\"inLanguage\":\"hu\",\"potentialAction\":[{\"@type\":\"ReadAction\",\"target\":[\"https:\/\/hir.mediamarkt.hu\/magazin\/samsung-galaxy-buds-2-teszt\/\"]}]},{\"@type\":\"ImageObject\",\"inLanguage\":\"hu\",\"@id\":\"https:\/\/hir.mediamarkt.hu\/magazin\/samsung-galaxy-buds-2-teszt\/#primaryimage\",\"url\":\"https:\/\/hir.mediamarkt.hu\/magazin\/wp-content\/uploads\/2021\/08\/Samsung-Buds-2-teszt.png\",\"contentUrl\":\"https:\/\/hir.mediamarkt.hu\/magazin\/wp-content\/uploads\/2021\/08\/Samsung-Buds-2-teszt.png\",\"width\":1024,\"height\":619},{\"@type\":\"BreadcrumbList\",\"@id\":\"https:\/\/hir.mediamarkt.hu\/magazin\/samsung-galaxy-buds-2-teszt\/#breadcrumb\",\"itemListElement\":[{\"@type\":\"ListItem\",\"position\":1,\"name\":\"Kezd\u0151lap\",\"item\":\"https:\/\/hir.mediamarkt.hu\/magazin\/\"},{\"@type\":\"ListItem\",\"position\":2,\"name\":\"Tesztelt\u00fck\",\"item\":\"https:\/\/hir.mediamarkt.hu\/magazin\/teszteltuk\/\"},{\"@type\":\"ListItem\",\"position\":3,\"name\":\"Samsung Galaxy Buds 2 teszt\"}]},{\"@type\":\"WebSite\",\"@id\":\"https:\/\/hir.mediamarkt.hu\/magazin\/#website\",\"url\":\"https:\/\/hir.mediamarkt.hu\/magazin\/\",\"name\":\"MediaMarkt Magazin\",\"description\":\"Olvass bele magazinunkba!\",\"potentialAction\":[{\"@type\":\"SearchAction\",\"target\":{\"@type\":\"EntryPoint\",\"urlTemplate\":\"https:\/\/hir.mediamarkt.hu\/magazin\/?s={search_term_string}\"},\"query-input\":\"required name=search_term_string\"}],\"inLanguage\":\"hu\"},{\"@type\":\"Person\",\"@id\":\"https:\/\/hir.mediamarkt.hu\/magazin\/#\/schema\/person\/eb6407def37d68930e61b9ccc0d2b12b\",\"name\":\"Kov\u00e1cs \u00c1d\u00e1m\",\"image\":{\"@type\":\"ImageObject\",\"inLanguage\":\"hu\",\"@id\":\"https:\/\/hir.mediamarkt.hu\/magazin\/#\/schema\/person\/image\/\",\"url\":\"https:\/\/secure.gravatar.com\/avatar\/7f17d39fcf146db446aab8f0a0b84bce?s=96&d=mm&r=g\",\"contentUrl\":\"https:\/\/secure.gravatar.com\/avatar\/7f17d39fcf146db446aab8f0a0b84bce?s=96&d=mm&r=g\",\"caption\":\"Kov\u00e1cs \u00c1d\u00e1m\"}}]}<\/script>\n<!-- \/ Yoast SEO plugin. -->","yoast_head_json":{"title":"Samsung Galaxy Buds 2 teszt - MediaMarkt Magazin","description":"Tesztelt\u00fck a Samsung Galaxy Buds 2 headsetet, amely akt\u00edv zajsz\u0171r\u00e9st, vezet\u00e9k n\u00e9lk\u00fcli t\u00f6lt\u00e9st \u00e9s sz\u00ednes opci\u00f3kat k\u00edn\u00e1l.","robots":{"index":"index","follow":"follow","max-snippet":"max-snippet:-1","max-image-preview":"max-image-preview:large","max-video-preview":"max-video-preview:-1"},"canonical":"https:\/\/hir.mediamarkt.hu\/magazin\/samsung-galaxy-buds-2-teszt\/","og_locale":"hu_HU","og_type":"article","og_title":"Samsung Galaxy Buds 2 teszt - MediaMarkt Magazin","og_description":"Tesztelt\u00fck a Samsung Galaxy Buds 2 headsetet, amely akt\u00edv zajsz\u0171r\u00e9st, vezet\u00e9k n\u00e9lk\u00fcli t\u00f6lt\u00e9st \u00e9s sz\u00ednes opci\u00f3kat k\u00edn\u00e1l.","og_url":"https:\/\/hir.mediamarkt.hu\/magazin\/samsung-galaxy-buds-2-teszt\/","og_site_name":"MediaMarkt Magazin","article_publisher":"https:\/\/www.facebook.com\/MediaMarktMagyarorszag","article_published_time":"2021-08-30T09:07:33+00:00","article_modified_time":"2021-09-23T10:57:30+00:00","og_image":[{"width":1024,"height":619,"url":"https:\/\/hir.mediamarkt.hu\/magazin\/wp-content\/uploads\/2021\/08\/Samsung-Buds-2-teszt.png","type":"image\/png"}],"author":"Kov\u00e1cs \u00c1d\u00e1m","twitter_misc":{"Szerz\u0151:":"Kov\u00e1cs \u00c1d\u00e1m","Becs\u00fclt olvas\u00e1si id\u0151":"8 perc"},"schema":{"@context":"https:\/\/schema.org","@graph":[{"@type":"WebPage","@id":"https:\/\/hir.mediamarkt.hu\/magazin\/samsung-galaxy-buds-2-teszt\/","url":"https:\/\/hir.mediamarkt.hu\/magazin\/samsung-galaxy-buds-2-teszt\/","name":"Samsung Galaxy Buds 2 teszt - MediaMarkt Magazin","isPartOf":{"@id":"https:\/\/hir.mediamarkt.hu\/magazin\/#website"},"primaryImageOfPage":{"@id":"https:\/\/hir.mediamarkt.hu\/magazin\/samsung-galaxy-buds-2-teszt\/#primaryimage"},"image":{"@id":"https:\/\/hir.mediamarkt.hu\/magazin\/samsung-galaxy-buds-2-teszt\/#primaryimage"},"thumbnailUrl":"https:\/\/hir.mediamarkt.hu\/magazin\/wp-content\/uploads\/2021\/08\/Samsung-Buds-2-teszt.png","datePublished":"2021-08-30T09:07:33+00:00","dateModified":"2021-09-23T10:57:30+00:00","author":{"@id":"https:\/\/hir.mediamarkt.hu\/magazin\/#\/schema\/person\/eb6407def37d68930e61b9ccc0d2b12b"},"description":"Tesztelt\u00fck a Samsung Galaxy Buds 2 headsetet, amely akt\u00edv zajsz\u0171r\u00e9st, vezet\u00e9k n\u00e9lk\u00fcli t\u00f6lt\u00e9st \u00e9s sz\u00ednes opci\u00f3kat k\u00edn\u00e1l.","breadcrumb":{"@id":"https:\/\/hir.mediamarkt.hu\/magazin\/samsung-galaxy-buds-2-teszt\/#breadcrumb"},"inLanguage":"hu","potentialAction":[{"@type":"ReadAction","target":["https:\/\/hir.mediamarkt.hu\/magazin\/samsung-galaxy-buds-2-teszt\/"]}]},{"@type":"ImageObject","inLanguage":"hu","@id":"https:\/\/hir.mediamarkt.hu\/magazin\/samsung-galaxy-buds-2-teszt\/#primaryimage","url":"https:\/\/hir.mediamarkt.hu\/magazin\/wp-content\/uploads\/2021\/08\/Samsung-Buds-2-teszt.png","contentUrl":"https:\/\/hir.mediamarkt.hu\/magazin\/wp-content\/uploads\/2021\/08\/Samsung-Buds-2-teszt.png","width":1024,"height":619},{"@type":"BreadcrumbList","@id":"https:\/\/hir.mediamarkt.hu\/magazin\/samsung-galaxy-buds-2-teszt\/#breadcrumb","itemListElement":[{"@type":"ListItem","position":1,"name":"Kezd\u0151lap","item":"https:\/\/hir.mediamarkt.hu\/magazin\/"},{"@type":"ListItem","position":2,"name":"Tesztelt\u00fck","item":"https:\/\/hir.mediamarkt.hu\/magazin\/teszteltuk\/"},{"@type":"ListItem","position":3,"name":"Samsung Galaxy Buds 2 teszt"}]},{"@type":"WebSite","@id":"https:\/\/hir.mediamarkt.hu\/magazin\/#website","url":"https:\/\/hir.mediamarkt.hu\/magazin\/","name":"MediaMarkt Magazin","description":"Olvass bele magazinunkba!","potentialAction":[{"@type":"SearchAction","target":{"@type":"EntryPoint","urlTemplate":"https:\/\/hir.mediamarkt.hu\/magazin\/?s={search_term_string}"},"query-input":"required name=search_term_string"}],"inLanguage":"hu"},{"@type":"Person","@id":"https:\/\/hir.mediamarkt.hu\/magazin\/#\/schema\/person\/eb6407def37d68930e61b9ccc0d2b12b","name":"Kov\u00e1cs \u00c1d\u00e1m","image":{"@type":"ImageObject","inLanguage":"hu","@id":"https:\/\/hir.mediamarkt.hu\/magazin\/#\/schema\/person\/image\/","url":"https:\/\/secure.gravatar.com\/avatar\/7f17d39fcf146db446aab8f0a0b84bce?s=96&d=mm&r=g","contentUrl":"https:\/\/secure.gravatar.com\/avatar\/7f17d39fcf146db446aab8f0a0b84bce?s=96&d=mm&r=g","caption":"Kov\u00e1cs \u00c1d\u00e1m"}}]}},"_links":{"self":[{"href":"https:\/\/hir.mediamarkt.hu\/magazin\/wp-json\/wp\/v2\/posts\/12842"}],"collection":[{"href":"https:\/\/hir.mediamarkt.hu\/magazin\/wp-json\/wp\/v2\/posts"}],"about":[{"href":"https:\/\/hir.mediamarkt.hu\/magazin\/wp-json\/wp\/v2\/types\/post"}],"author":[{"embeddable":true,"href":"https:\/\/hir.mediamarkt.hu\/magazin\/wp-json\/wp\/v2\/users\/34"}],"replies":[{"embeddable":true,"href":"https:\/\/hir.mediamarkt.hu\/magazin\/wp-json\/wp\/v2\/comments?post=12842"}],"version-history":[{"count":9,"href":"https:\/\/hir.mediamarkt.hu\/magazin\/wp-json\/wp\/v2\/posts\/12842\/revisions"}],"predecessor-version":[{"id":13100,"href":"https:\/\/hir.mediamarkt.hu\/magazin\/wp-json\/wp\/v2\/posts\/12842\/revisions\/13100"}],"wp:featuredmedia":[{"embeddable":true,"href":"https:\/\/hir.mediamarkt.hu\/magazin\/wp-json\/wp\/v2\/media\/13091"}],"wp:attachment":[{"href":"https:\/\/hir.mediamarkt.hu\/magazin\/wp-json\/wp\/v2\/media?parent=12842"}],"wp:term":[{"taxonomy":"category","embeddable":true,"href":"https:\/\/hir.mediamarkt.hu\/magazin\/wp-json\/wp\/v2\/categories?post=12842"},{"taxonomy":"post_tag","embeddable":true,"href":"https:\/\/hir.mediamarkt.hu\/magazin\/wp-json\/wp\/v2\/tags?post=12842"}],"curies":[{"name":"wp","href":"https:\/\/api.w.org\/{rel}","templated":true}]}}