{"id":13030,"date":"2021-10-21T13:56:00","date_gmt":"2021-10-21T12:56:00","guid":{"rendered":"https:\/\/hir.mediamarkt.hu\/magazin\/?p=13030"},"modified":"2021-10-21T13:56:05","modified_gmt":"2021-10-21T12:56:05","slug":"okosotthont-epitunk-igy-mukodik-egy-tp-link-tapo-okos-konnektor","status":"publish","type":"post","link":"https:\/\/hir.mediamarkt.hu\/magazin\/okosotthont-epitunk-igy-mukodik-egy-tp-link-tapo-okos-konnektor\/","title":{"rendered":"Okosotthont \u00e9p\u00edt\u00fcnk: \u00edgy m\u0171k\u00f6dik egy TP-Link Tapo okos konnektor"},"content":{"rendered":"\n<p class=\"has-text-align-justify\"><strong>Kipr\u00f3b\u00e1ltuk a TP-Link gy\u00e1rtotta Tapo P100 okosaljzatot, ami egy kifejezetten egyszer\u0171, de ett\u0151l m\u00e9g nagyszer\u0171 eszk\u00f6z, amivel sz\u00e1mos feladat automatiz\u00e1lhat\u00f3 a lak\u00e1sban, ezzel megk\u00f6nny\u00edtve \u00e9s k\u00e9nyelmesebb t\u00e9ve a saj\u00e1t \u00e9let\u00fcnket.<\/strong><\/p>\n\n\n\n<h2 class=\"wp-block-heading\">Mire is j\u00f3 egy okos konnektor? <\/h2>\n\n\n\n<p class=\"has-text-align-justify\">Vegy\u00fcnk egy roppant egyszer\u0171 p\u00e9ld\u00e1t: vannak otthon polcaink, esetleg szekr\u00e9nyek, amikre LED-szalagokkal szeretn\u00e9nk hangulatvil\u00e1g\u00edt\u00e1st helyezni, m\u00e9ghozz\u00e1 an\u00e9lk\u00fcl, hogy ezzel megbolygatn\u00e1nk a megl\u00e9v\u0151 fali vezet\u00e9keket \u00e9s kapcsol\u00f3kat. Ehhez \u00e9rdemes olyan megold\u00e1st v\u00e1lasztani, amit csak be kell dugni egy konnektorba, \u00e9s ha \u00edgy j\u00e1runk el, ezt a megold\u00e1st ki lehet eg\u00e9sz\u00edteni egy okosaljzattal, hogy a f\u00e9nyeink okostelefonr\u00f3l, t\u00e1volr\u00f3l, vagy ak\u00e1r hanggal is vez\u00e9relhet\u0151k legyenek.<\/p>\n\n\n\n<figure class=\"wp-block-image is-style-default\"><img loading=\"lazy\" decoding=\"async\" width=\"1000\" height=\"572\" src=\"http:\/\/hir.mediamarkt.hu\/magazin\/wp-content\/uploads\/2021\/09\/Tapo-P100-4-pack_EU_02-e1632129216855.jpg\" alt=\"\" class=\"wp-image-13110\" srcset=\"https:\/\/hir.mediamarkt.hu\/magazin\/wp-content\/uploads\/2021\/09\/Tapo-P100-4-pack_EU_02-e1632129216855.jpg 1000w, https:\/\/hir.mediamarkt.hu\/magazin\/wp-content\/uploads\/2021\/09\/Tapo-P100-4-pack_EU_02-e1632129216855-300x172.jpg 300w, https:\/\/hir.mediamarkt.hu\/magazin\/wp-content\/uploads\/2021\/09\/Tapo-P100-4-pack_EU_02-e1632129216855-275x157.jpg 275w, https:\/\/hir.mediamarkt.hu\/magazin\/wp-content\/uploads\/2021\/09\/Tapo-P100-4-pack_EU_02-e1632129216855-768x439.jpg 768w\" sizes=\"(max-width: 1000px) 100vw, 1000px\" \/><\/figure>\n\n\n\n<h2 class=\"wp-block-heading\"><strong>Egyszer\u0171, de nagyszer\u0171<\/strong><\/h2>\n\n\n\n<p class=\"has-text-align-justify\">A Tapo P100 egy roppant egyszer\u0171 kis szerkezet, aminek a be\u00fczemel\u00e9se nem ig\u00e9nyel semmilyen szaktud\u00e1st. Az eszk\u00f6zt a doboz\u00e1b\u00f3l kiv\u00e9ve csak be kell dugni a kiszemelt konnektorba, majd a mobilunkra let\u00f6lteni az Androidra \u00e9s iOS-re egyar\u00e1nt el\u00e9rhet\u0151 Tapo alkalmaz\u00e1st. Egy gyors regisztr\u00e1ci\u00f3t k\u00f6vet\u0151en r\u00f6gt\u00f6n az app kezd\u0151k\u00e9perny\u0151j\u00e9re ker\u00fcl\u00fcnk, ahol azonnal neki\u00e1llhatunk az okosaljzat be\u00e1ll\u00edt\u00e1s\u00e1nak.<\/p>\n\n\n\n<p class=\"has-text-align-justify\">Az Add Your Device opci\u00f3t megb\u00f6kve a felugr\u00f3 list\u00e1b\u00f3l (a TP-Linknek t\u00f6bb okoseszk\u00f6ze van) csak ki kell v\u00e1lasztani a Tapo P100 modellt, majd a k\u00e9perny\u0151n megjelen\u0151 utas\u00edt\u00e1sokat k\u00f6vetve \u00f6sszek\u00f6tni a telefonnal Bluetooth-on kereszt\u00fcl. Amint ez megvan, j\u00f6n a k\u00f6vetkez\u0151 l\u00e9p\u00e9s, az okosaljzatot csatlakoztatjuk a vezet\u00e9k n\u00e9lk\u00fcli h\u00e1l\u00f3zatunkhoz: term\u00e9szetesen ez is az alkalmaz\u00e1sban t\u00f6rt\u00e9nik, csak ki kell v\u00e1lasztani a wifinket, majd megadni a jelsz\u00f3t. \u00c9s ezzel l\u00e9nyeg\u00e9ben v\u00e9get is \u00e9r a be\u00fczemel\u00e9s, b\u00e1r egy firmware friss\u00edt\u00e9s az\u00e9rt m\u00e9g v\u00e1r a felhaszn\u00e1l\u00f3ra, de az eg\u00e9sz folyamat ezzel egy\u00fctt sem tart tov\u00e1bb \u00f6t percn\u00e9l.<\/p>\n\n\n\n<p class=\"has-text-align-justify\">Ha minden rendben van, azt egy folyamatosan z\u00f6lden vil\u00e1g\u00edt\u00f3 LED jelzi, de ez az eg\u00e9szen apr\u00f3cska f\u00e9nyforr\u00e1s ki is kapcsolhat\u00f3, s\u0151t ak\u00e1r testreszabhat\u00f3. Mi \u00e1ll\u00edthatjuk be, a nap melyik \u00f3r\u00e1j\u00e1ban kapcsoljon ki, \u00e9s mikor kapcsoljon be.<\/p>\n\n\n\n<p class=\"has-text-align-justify\">A be\u00fczemel\u00e9s v\u00e9g\u00e9n elnevezhetj\u00fck az okosaljzatot (ami f\u0151leg akkor hasznos, ha t\u00f6bbet is haszn\u00e1lni akarunk), majd a Tapo alkalmaz\u00e1s f\u0151men\u00fcj\u00e9ben megjelen\u0151 eszk\u00f6zre b\u00f6kve el\u00e9rhet\u0151v\u00e9 v\u00e1lik az \u00f6sszes funkci\u00f3. A legalapvet\u0151bb lehet\u0151s\u00e9g a Tapo P100 be- \u00e9s kikapcsol\u00e1sa (ezt hang is jelzi), amivel vez\u00e9relhet\u0151 az okosaljzatba dugott eszk\u00f6z\u00fcnk. Ez lehet a m\u00e1r eml\u00edtett LED-szalag, egy \u00e1ll\u00f3l\u00e1mpa, kar\u00e1csonykor a feny\u0151f\u00e1ra rakott izz\u00f3k, de ak\u00e1r egy kamera is, ha biztosak szeretn\u00e9nk lenni abban, hogy nem \u00fczemel, m\u00edg otthon vagyunk. Mivel az okosaljzat kapcsol\u00f3dik a wifihez, internetel\u00e9r\u00e9s eset\u00e9n ak\u00e1r egy m\u00e1sik kontinensr\u0151l is megoldhat\u00f3 a vez\u00e9rl\u00e9s, de a lehet\u0151s\u00e9geink term\u00e9szetesen nem mer\u00fclnek ki ennyiben.<\/p>\n\n\n\n<figure class=\"wp-block-image is-style-default\"><img loading=\"lazy\" decoding=\"async\" width=\"1000\" height=\"775\" src=\"http:\/\/hir.mediamarkt.hu\/magazin\/wp-content\/uploads\/2021\/09\/Tapo-P100_EU_1.0_1907_English_02-e1632129313724.png\" alt=\"\" class=\"wp-image-13111\" srcset=\"https:\/\/hir.mediamarkt.hu\/magazin\/wp-content\/uploads\/2021\/09\/Tapo-P100_EU_1.0_1907_English_02-e1632129313724.png 1000w, https:\/\/hir.mediamarkt.hu\/magazin\/wp-content\/uploads\/2021\/09\/Tapo-P100_EU_1.0_1907_English_02-e1632129313724-300x233.png 300w, https:\/\/hir.mediamarkt.hu\/magazin\/wp-content\/uploads\/2021\/09\/Tapo-P100_EU_1.0_1907_English_02-e1632129313724-275x213.png 275w, https:\/\/hir.mediamarkt.hu\/magazin\/wp-content\/uploads\/2021\/09\/Tapo-P100_EU_1.0_1907_English_02-e1632129313724-768x595.png 768w\" sizes=\"(max-width: 1000px) 100vw, 1000px\" \/><\/figure>\n\n\n\n<p class=\"has-text-align-justify\">A Tapo P100 men\u00fcj\u00e9ben tal\u00e1lunk egy napt\u00e1r, egy rep\u00fcl\u0151g\u00e9p \u00e9s egy stopper\u00f3ra ikont. A napt\u00e1rral automatiz\u00e1lhat\u00f3 p\u00e9ld\u00e1ul a ki- \u00e9s bekapcsol\u00e1s: ez k\u00f6thet\u0151 a napfelkelt\u00e9hez \u00e9s a naplement\u00e9hez, de ak\u00e1r mi magunk is be\u00e1ll\u00edthatjuk az \u00f3r\u00e1kat, \u00e9s ezek elt\u00e9r\u0151ek lehetnek a h\u00e9t k\u00fcl\u00f6nb\u00f6z\u0151 napjain. A p\u00e9lda kedv\u00e9\u00e9rt, visszat\u00e9rve a LED-szalagos megold\u00e1shoz: be\u00e1ll\u00edthat\u00f3, hogy h\u00e9tk\u00f6znapokon este nyolc \u00e9s t\u00edz k\u00f6z\u00f6tt vil\u00e1g\u00edtsanak a f\u00e9nyek, m\u00edg h\u00e9tv\u00e9g\u00e9n ez az id\u0151szak lehet este hat \u00e9s \u00e9jf\u00e9l k\u00f6z\u00f6tt.<\/p>\n\n\n\n<p class=\"has-text-align-justify\">A rep\u00fcl\u0151 ikon a t\u00e1voll\u00e9t m\u00f3dot jel\u00f6li, teh\u00e1t p\u00e9ld\u00e1ul egy utaz\u00e1s alkalm\u00e1val megoldhatjuk, hogy egy adott id\u0151ponton bel\u00fcl (p\u00e9ld\u00e1ul este h\u00e9t \u00e9s reggel hat k\u00f6z\u00f6tt) az okosaljzat v\u00e9letlenszer\u0171en fel- majd lekapcsol\u00f3djon. Ennek ugye biztons\u00e1gi okai vannak: az okosaljzatra dugott l\u00e1mpa v\u00e9letlenszer\u0171 felkapcsol\u00f3d\u00e1sa azt a benyom\u00e1st kelti, mintha lenne otthon valaki.<\/p>\n\n\n\n<p class=\"has-text-align-justify\">V\u00e9gezet\u00fcl a stopper\u00f3r\u00e1ra b\u00f6kve be\u00e1ll\u00edthat\u00f3 az id\u0151z\u00edt\u00e9s, teh\u00e1t az, hogy a visszasz\u00e1ml\u00e1l\u00e1s v\u00e9g\u00e9n ki- vagy bekapcsoljon az okosaljzat. Ez az opci\u00f3 p\u00e9ld\u00e1ul akkor j\u00f6het j\u00f3l, ha rendszeresen elalszunk az \u00e9g\u0151 l\u00e1mpa mellett \u00e9s nem \u00e9bred\u00fcnk fel a f\u00e9nyre, egy id\u0151z\u00edt\u00e9ssel sim\u00e1n megoldhat\u00f3, hogy az okosaljzat lekapcsoljon mondjuk egy \u00f3ra ut\u00e1n.<\/p>\n\n\n\n<h2 class=\"wp-block-heading\"><strong>Ak\u00e1r hanggal is<\/strong><\/h2>\n\n\n\n<p class=\"has-text-align-justify\">A TP-Link okoseszk\u00f6z\u00f6k (\u00edgy a Tapo P100 okosaljzatnak is) nagy el\u0151nye, hogy kompatibilisek az Amazon Alex\u00e1val \u00e9s a Google Asszisztenssel, \u00edgy, ha rendelkez\u00fcnk az eml\u00edtett rendszerekhez kapcsol\u00f3d\u00f3 okoshangsz\u00f3r\u00f3val, akkor adott a hangvez\u00e9rl\u00e9s lehet\u0151s\u00e9ge is. Mi egy Google Home Minivel pr\u00f3b\u00e1ltuk ki az okosaljzatot: a Google Home alkalmaz\u00e1sban felvett\u00fck a vez\u00e9relhet\u0151 eszk\u00f6z\u00f6k k\u00f6z\u00e9 a Tapo P100-at, adtunk neki egy saj\u00e1t nevet, majd ezt k\u00f6vet\u0151en az okoshangsz\u00f3r\u00f3n kereszt\u00fcl puszt\u00e1n hangparancsokkal tudtuk vez\u00e9relni. \u00cdme a k\u00e9t legegyszer\u0171bb parancs:<\/p>\n\n\n\n<ul><li>Hey Google, turn on (eszk\u00f6z neve)! \u2013 bekapcsol\u00e1s<\/li><li>Hey Google, turn off (eszk\u00f6z neve)! \u2013 kikapcsol\u00e1s<\/li><\/ul>\n\n\n\n<h2 class=\"wp-block-heading\">Fontos!<\/h2>\n\n\n\n<p class=\"has-text-align-justify\">Amit tudni kell, hogy <strong>a Google Asszisztens egyel\u0151re nem tud magyarul<\/strong>, \u00edgy a parancsokat olyan nyelven (pl. angol, n\u00e9met, francia stb.) kell kiadni, amiket felismer a rendszer. Szerencs\u00e9re egy okosaljzat eset\u00e9n el\u00e9g egyszer\u0171ek a lehet\u0151s\u00e9gek, a \u201eturn on\u201d \u00e9s a \u201eturn off\u201d m\u00e9g azoknak is menni fog, akik kor\u00e1bban egy percet sem besz\u00e9ltek angolul.<\/p>\n","protected":false},"excerpt":{"rendered":"Kipr\u00f3b\u00e1ltuk a TP-Link gy\u00e1rtotta Tapo P100 okosaljzatot, ami egy kifejezetten egyszer\u0171, de ett\u0151l m\u00e9g nagyszer\u0171 eszk\u00f6z.","protected":false},"author":13,"featured_media":13416,"comment_status":"open","ping_status":"open","sticky":false,"template":"","format":"standard","meta":{"wprm-recipe-roundup-name":"","wprm-recipe-roundup-description":"","footnotes":""},"categories":[5964,5946],"tags":[2098,4668,4666,4667],"yoast_head":"<!-- This site is optimized with the Yoast SEO plugin v22.9 - https:\/\/yoast.com\/wordpress\/plugins\/seo\/ -->\n<title>Okosotthont \u00e9p\u00edt\u00fcnk: \u00edgy m\u0171k\u00f6dik egy TP-Link Tapo okos konnektor - MediaMarkt Magazin<\/title>\n<meta name=\"description\" content=\"Kipr\u00f3b\u00e1ltuk a TP-Link gy\u00e1rtotta Tapo P100 okosaljzatot, ami egy kifejezetten egyszer\u0171, de ett\u0151l m\u00e9g nagyszer\u0171 eszk\u00f6z.\" \/>\n<meta name=\"robots\" content=\"index, follow, max-snippet:-1, max-image-preview:large, max-video-preview:-1\" \/>\n<link rel=\"canonical\" href=\"https:\/\/hir.mediamarkt.hu\/magazin\/okosotthont-epitunk-igy-mukodik-egy-tp-link-tapo-okos-konnektor\/\" \/>\n<meta property=\"og:locale\" content=\"hu_HU\" \/>\n<meta property=\"og:type\" content=\"article\" \/>\n<meta property=\"og:title\" content=\"Okosotthont \u00e9p\u00edt\u00fcnk: \u00edgy m\u0171k\u00f6dik egy TP-Link Tapo okos konnektor - MediaMarkt Magazin\" \/>\n<meta property=\"og:description\" content=\"Kipr\u00f3b\u00e1ltuk a TP-Link gy\u00e1rtotta Tapo P100 okosaljzatot, ami egy kifejezetten egyszer\u0171, de ett\u0151l m\u00e9g nagyszer\u0171 eszk\u00f6z.\" \/>\n<meta property=\"og:url\" content=\"https:\/\/hir.mediamarkt.hu\/magazin\/okosotthont-epitunk-igy-mukodik-egy-tp-link-tapo-okos-konnektor\/\" \/>\n<meta property=\"og:site_name\" content=\"MediaMarkt Magazin\" \/>\n<meta property=\"article:publisher\" content=\"https:\/\/www.facebook.com\/MediaMarktMagyarorszag\" \/>\n<meta property=\"article:published_time\" content=\"2021-10-21T12:56:00+00:00\" \/>\n<meta property=\"article:modified_time\" content=\"2021-10-21T12:56:05+00:00\" \/>\n<meta property=\"og:image\" content=\"https:\/\/hir.mediamarkt.hu\/magazin\/wp-content\/uploads\/2021\/10\/Tapo_P100_okoskonnektor_teszt.png\" \/>\n\t<meta property=\"og:image:width\" content=\"1024\" \/>\n\t<meta property=\"og:image:height\" content=\"619\" \/>\n\t<meta property=\"og:image:type\" content=\"image\/png\" \/>\n<meta name=\"author\" content=\"Media Markt\" \/>\n<meta name=\"twitter:label1\" content=\"Szerz\u0151:\" \/>\n\t<meta name=\"twitter:data1\" content=\"Media Markt\" \/>\n\t<meta name=\"twitter:label2\" content=\"Becs\u00fclt olvas\u00e1si id\u0151\" \/>\n\t<meta name=\"twitter:data2\" content=\"4 perc\" \/>\n<script type=\"application\/ld+json\" class=\"yoast-schema-graph\">{\"@context\":\"https:\/\/schema.org\",\"@graph\":[{\"@type\":\"WebPage\",\"@id\":\"https:\/\/hir.mediamarkt.hu\/magazin\/okosotthont-epitunk-igy-mukodik-egy-tp-link-tapo-okos-konnektor\/\",\"url\":\"https:\/\/hir.mediamarkt.hu\/magazin\/okosotthont-epitunk-igy-mukodik-egy-tp-link-tapo-okos-konnektor\/\",\"name\":\"Okosotthont \u00e9p\u00edt\u00fcnk: \u00edgy m\u0171k\u00f6dik egy TP-Link Tapo okos konnektor - MediaMarkt Magazin\",\"isPartOf\":{\"@id\":\"https:\/\/hir.mediamarkt.hu\/magazin\/#website\"},\"primaryImageOfPage\":{\"@id\":\"https:\/\/hir.mediamarkt.hu\/magazin\/okosotthont-epitunk-igy-mukodik-egy-tp-link-tapo-okos-konnektor\/#primaryimage\"},\"image\":{\"@id\":\"https:\/\/hir.mediamarkt.hu\/magazin\/okosotthont-epitunk-igy-mukodik-egy-tp-link-tapo-okos-konnektor\/#primaryimage\"},\"thumbnailUrl\":\"https:\/\/hir.mediamarkt.hu\/magazin\/wp-content\/uploads\/2021\/10\/Tapo_P100_okoskonnektor_teszt.png\",\"datePublished\":\"2021-10-21T12:56:00+00:00\",\"dateModified\":\"2021-10-21T12:56:05+00:00\",\"author\":{\"@id\":\"https:\/\/hir.mediamarkt.hu\/magazin\/#\/schema\/person\/b93b02ec1ab4d2353f8d281e171c1b0b\"},\"description\":\"Kipr\u00f3b\u00e1ltuk a TP-Link gy\u00e1rtotta Tapo P100 okosaljzatot, ami egy kifejezetten egyszer\u0171, de ett\u0151l m\u00e9g nagyszer\u0171 eszk\u00f6z.\",\"breadcrumb\":{\"@id\":\"https:\/\/hir.mediamarkt.hu\/magazin\/okosotthont-epitunk-igy-mukodik-egy-tp-link-tapo-okos-konnektor\/#breadcrumb\"},\"inLanguage\":\"hu\",\"potentialAction\":[{\"@type\":\"ReadAction\",\"target\":[\"https:\/\/hir.mediamarkt.hu\/magazin\/okosotthont-epitunk-igy-mukodik-egy-tp-link-tapo-okos-konnektor\/\"]}]},{\"@type\":\"ImageObject\",\"inLanguage\":\"hu\",\"@id\":\"https:\/\/hir.mediamarkt.hu\/magazin\/okosotthont-epitunk-igy-mukodik-egy-tp-link-tapo-okos-konnektor\/#primaryimage\",\"url\":\"https:\/\/hir.mediamarkt.hu\/magazin\/wp-content\/uploads\/2021\/10\/Tapo_P100_okoskonnektor_teszt.png\",\"contentUrl\":\"https:\/\/hir.mediamarkt.hu\/magazin\/wp-content\/uploads\/2021\/10\/Tapo_P100_okoskonnektor_teszt.png\",\"width\":1024,\"height\":619},{\"@type\":\"BreadcrumbList\",\"@id\":\"https:\/\/hir.mediamarkt.hu\/magazin\/okosotthont-epitunk-igy-mukodik-egy-tp-link-tapo-okos-konnektor\/#breadcrumb\",\"itemListElement\":[{\"@type\":\"ListItem\",\"position\":1,\"name\":\"Kezd\u0151lap\",\"item\":\"https:\/\/hir.mediamarkt.hu\/magazin\/\"},{\"@type\":\"ListItem\",\"position\":2,\"name\":\"Okosotthont \u00e9p\u00edt\u00fcnk: \u00edgy m\u0171k\u00f6dik egy TP-Link Tapo okos konnektor\"}]},{\"@type\":\"WebSite\",\"@id\":\"https:\/\/hir.mediamarkt.hu\/magazin\/#website\",\"url\":\"https:\/\/hir.mediamarkt.hu\/magazin\/\",\"name\":\"MediaMarkt Magazin\",\"description\":\"Olvass bele magazinunkba!\",\"potentialAction\":[{\"@type\":\"SearchAction\",\"target\":{\"@type\":\"EntryPoint\",\"urlTemplate\":\"https:\/\/hir.mediamarkt.hu\/magazin\/?s={search_term_string}\"},\"query-input\":\"required name=search_term_string\"}],\"inLanguage\":\"hu\"},{\"@type\":\"Person\",\"@id\":\"https:\/\/hir.mediamarkt.hu\/magazin\/#\/schema\/person\/b93b02ec1ab4d2353f8d281e171c1b0b\",\"name\":\"Media Markt\",\"image\":{\"@type\":\"ImageObject\",\"inLanguage\":\"hu\",\"@id\":\"https:\/\/hir.mediamarkt.hu\/magazin\/#\/schema\/person\/image\/\",\"url\":\"https:\/\/secure.gravatar.com\/avatar\/602bccae8998beee472d01909f0978f1?s=96&d=mm&r=g\",\"contentUrl\":\"https:\/\/secure.gravatar.com\/avatar\/602bccae8998beee472d01909f0978f1?s=96&d=mm&r=g\",\"caption\":\"Media Markt\"}}]}<\/script>\n<!-- \/ Yoast SEO plugin. -->","yoast_head_json":{"title":"Okosotthont \u00e9p\u00edt\u00fcnk: \u00edgy m\u0171k\u00f6dik egy TP-Link Tapo okos konnektor - MediaMarkt Magazin","description":"Kipr\u00f3b\u00e1ltuk a TP-Link gy\u00e1rtotta Tapo P100 okosaljzatot, ami egy kifejezetten egyszer\u0171, de ett\u0151l m\u00e9g nagyszer\u0171 eszk\u00f6z.","robots":{"index":"index","follow":"follow","max-snippet":"max-snippet:-1","max-image-preview":"max-image-preview:large","max-video-preview":"max-video-preview:-1"},"canonical":"https:\/\/hir.mediamarkt.hu\/magazin\/okosotthont-epitunk-igy-mukodik-egy-tp-link-tapo-okos-konnektor\/","og_locale":"hu_HU","og_type":"article","og_title":"Okosotthont \u00e9p\u00edt\u00fcnk: \u00edgy m\u0171k\u00f6dik egy TP-Link Tapo okos konnektor - MediaMarkt Magazin","og_description":"Kipr\u00f3b\u00e1ltuk a TP-Link gy\u00e1rtotta Tapo P100 okosaljzatot, ami egy kifejezetten egyszer\u0171, de ett\u0151l m\u00e9g nagyszer\u0171 eszk\u00f6z.","og_url":"https:\/\/hir.mediamarkt.hu\/magazin\/okosotthont-epitunk-igy-mukodik-egy-tp-link-tapo-okos-konnektor\/","og_site_name":"MediaMarkt Magazin","article_publisher":"https:\/\/www.facebook.com\/MediaMarktMagyarorszag","article_published_time":"2021-10-21T12:56:00+00:00","article_modified_time":"2021-10-21T12:56:05+00:00","og_image":[{"width":1024,"height":619,"url":"https:\/\/hir.mediamarkt.hu\/magazin\/wp-content\/uploads\/2021\/10\/Tapo_P100_okoskonnektor_teszt.png","type":"image\/png"}],"author":"Media Markt","twitter_misc":{"Szerz\u0151:":"Media Markt","Becs\u00fclt olvas\u00e1si id\u0151":"4 perc"},"schema":{"@context":"https:\/\/schema.org","@graph":[{"@type":"WebPage","@id":"https:\/\/hir.mediamarkt.hu\/magazin\/okosotthont-epitunk-igy-mukodik-egy-tp-link-tapo-okos-konnektor\/","url":"https:\/\/hir.mediamarkt.hu\/magazin\/okosotthont-epitunk-igy-mukodik-egy-tp-link-tapo-okos-konnektor\/","name":"Okosotthont \u00e9p\u00edt\u00fcnk: \u00edgy m\u0171k\u00f6dik egy TP-Link Tapo okos konnektor - MediaMarkt Magazin","isPartOf":{"@id":"https:\/\/hir.mediamarkt.hu\/magazin\/#website"},"primaryImageOfPage":{"@id":"https:\/\/hir.mediamarkt.hu\/magazin\/okosotthont-epitunk-igy-mukodik-egy-tp-link-tapo-okos-konnektor\/#primaryimage"},"image":{"@id":"https:\/\/hir.mediamarkt.hu\/magazin\/okosotthont-epitunk-igy-mukodik-egy-tp-link-tapo-okos-konnektor\/#primaryimage"},"thumbnailUrl":"https:\/\/hir.mediamarkt.hu\/magazin\/wp-content\/uploads\/2021\/10\/Tapo_P100_okoskonnektor_teszt.png","datePublished":"2021-10-21T12:56:00+00:00","dateModified":"2021-10-21T12:56:05+00:00","author":{"@id":"https:\/\/hir.mediamarkt.hu\/magazin\/#\/schema\/person\/b93b02ec1ab4d2353f8d281e171c1b0b"},"description":"Kipr\u00f3b\u00e1ltuk a TP-Link gy\u00e1rtotta Tapo P100 okosaljzatot, ami egy kifejezetten egyszer\u0171, de ett\u0151l m\u00e9g nagyszer\u0171 eszk\u00f6z.","breadcrumb":{"@id":"https:\/\/hir.mediamarkt.hu\/magazin\/okosotthont-epitunk-igy-mukodik-egy-tp-link-tapo-okos-konnektor\/#breadcrumb"},"inLanguage":"hu","potentialAction":[{"@type":"ReadAction","target":["https:\/\/hir.mediamarkt.hu\/magazin\/okosotthont-epitunk-igy-mukodik-egy-tp-link-tapo-okos-konnektor\/"]}]},{"@type":"ImageObject","inLanguage":"hu","@id":"https:\/\/hir.mediamarkt.hu\/magazin\/okosotthont-epitunk-igy-mukodik-egy-tp-link-tapo-okos-konnektor\/#primaryimage","url":"https:\/\/hir.mediamarkt.hu\/magazin\/wp-content\/uploads\/2021\/10\/Tapo_P100_okoskonnektor_teszt.png","contentUrl":"https:\/\/hir.mediamarkt.hu\/magazin\/wp-content\/uploads\/2021\/10\/Tapo_P100_okoskonnektor_teszt.png","width":1024,"height":619},{"@type":"BreadcrumbList","@id":"https:\/\/hir.mediamarkt.hu\/magazin\/okosotthont-epitunk-igy-mukodik-egy-tp-link-tapo-okos-konnektor\/#breadcrumb","itemListElement":[{"@type":"ListItem","position":1,"name":"Kezd\u0151lap","item":"https:\/\/hir.mediamarkt.hu\/magazin\/"},{"@type":"ListItem","position":2,"name":"Okosotthont \u00e9p\u00edt\u00fcnk: \u00edgy m\u0171k\u00f6dik egy TP-Link Tapo okos konnektor"}]},{"@type":"WebSite","@id":"https:\/\/hir.mediamarkt.hu\/magazin\/#website","url":"https:\/\/hir.mediamarkt.hu\/magazin\/","name":"MediaMarkt Magazin","description":"Olvass bele magazinunkba!","potentialAction":[{"@type":"SearchAction","target":{"@type":"EntryPoint","urlTemplate":"https:\/\/hir.mediamarkt.hu\/magazin\/?s={search_term_string}"},"query-input":"required name=search_term_string"}],"inLanguage":"hu"},{"@type":"Person","@id":"https:\/\/hir.mediamarkt.hu\/magazin\/#\/schema\/person\/b93b02ec1ab4d2353f8d281e171c1b0b","name":"Media Markt","image":{"@type":"ImageObject","inLanguage":"hu","@id":"https:\/\/hir.mediamarkt.hu\/magazin\/#\/schema\/person\/image\/","url":"https:\/\/secure.gravatar.com\/avatar\/602bccae8998beee472d01909f0978f1?s=96&d=mm&r=g","contentUrl":"https:\/\/secure.gravatar.com\/avatar\/602bccae8998beee472d01909f0978f1?s=96&d=mm&r=g","caption":"Media Markt"}}]}},"_links":{"self":[{"href":"https:\/\/hir.mediamarkt.hu\/magazin\/wp-json\/wp\/v2\/posts\/13030"}],"collection":[{"href":"https:\/\/hir.mediamarkt.hu\/magazin\/wp-json\/wp\/v2\/posts"}],"about":[{"href":"https:\/\/hir.mediamarkt.hu\/magazin\/wp-json\/wp\/v2\/types\/post"}],"author":[{"embeddable":true,"href":"https:\/\/hir.mediamarkt.hu\/magazin\/wp-json\/wp\/v2\/users\/13"}],"replies":[{"embeddable":true,"href":"https:\/\/hir.mediamarkt.hu\/magazin\/wp-json\/wp\/v2\/comments?post=13030"}],"version-history":[{"count":5,"href":"https:\/\/hir.mediamarkt.hu\/magazin\/wp-json\/wp\/v2\/posts\/13030\/revisions"}],"predecessor-version":[{"id":13210,"href":"https:\/\/hir.mediamarkt.hu\/magazin\/wp-json\/wp\/v2\/posts\/13030\/revisions\/13210"}],"wp:featuredmedia":[{"embeddable":true,"href":"https:\/\/hir.mediamarkt.hu\/magazin\/wp-json\/wp\/v2\/media\/13416"}],"wp:attachment":[{"href":"https:\/\/hir.mediamarkt.hu\/magazin\/wp-json\/wp\/v2\/media?parent=13030"}],"wp:term":[{"taxonomy":"category","embeddable":true,"href":"https:\/\/hir.mediamarkt.hu\/magazin\/wp-json\/wp\/v2\/categories?post=13030"},{"taxonomy":"post_tag","embeddable":true,"href":"https:\/\/hir.mediamarkt.hu\/magazin\/wp-json\/wp\/v2\/tags?post=13030"}],"curies":[{"name":"wp","href":"https:\/\/api.w.org\/{rel}","templated":true}]}}