{"id":13037,"date":"2021-10-21T16:55:17","date_gmt":"2021-10-21T15:55:17","guid":{"rendered":"https:\/\/hir.mediamarkt.hu\/magazin\/?p=13037"},"modified":"2021-10-21T16:55:18","modified_gmt":"2021-10-21T15:55:18","slug":"okosotthont-epitunk-igy-mukodnek-az-tp-link-okosizzok","status":"publish","type":"post","link":"https:\/\/hir.mediamarkt.hu\/magazin\/okosotthont-epitunk-igy-mukodnek-az-tp-link-okosizzok\/","title":{"rendered":"Okosotthont \u00e9p\u00edt\u00fcnk: \u00edgy m\u0171k\u00f6dnek az TP-link okosizz\u00f3k"},"content":{"rendered":"\n<p class=\"has-text-align-justify\"><strong>A TP-Link gy\u00e1rtotta <a href=\"https:\/\/hir.mediamarkt.hu\/magazin\/?p=13030&amp;preview=true\">okosaljzat<\/a> ut\u00e1n ez\u00fattal a c\u00e9g okosizz\u00f3it pr\u00f3b\u00e1ltuk ki, amelyek nemcsak okostelefonr\u00f3l vez\u00e9relhet\u0151k, \u00e9s ha akarjuk, automatiz\u00e1lhat\u00f3k, de a megfelel\u0151 kompatibilit\u00e1snak h\u00e1la ak\u00e1r hangparancsokkal is vez\u00e9relhet\u0151k.<\/strong><\/p>\n\n\n\n<p class=\"has-text-align-justify\"><span style=\"font-size: inherit;\">Ha az ember belev\u00e1g egy okosotthon kialak\u00edt\u00e1s\u00e1ba, az els\u0151 \u00e9s legegyszer\u0171bb l\u00e9p\u00e9s a vil\u00e1g\u00edt\u00e1s meg\u00faj\u00edt\u00e1sa lehet, hiszen ez az egyik legolcs\u00f3bb \u00e9s legegyszer\u0171bben megoldhat\u00f3 feladat. Kezd\u00e9sk\u00e9nt arra \u00e9rdemes figyelni, hogy olyan rendszert v\u00e1lasszunk, ahol az okosizz\u00f3k vez\u00e9rl\u00e9se nem ig\u00e9nyel k\u00fcl\u00f6n k\u00f6zponti egys\u00e9get (mint az IKEA megold\u00e1sa), hanem egyenk\u00e9nt csatlakoznak a vezet\u00e9k n\u00e9lk\u00fcli h\u00e1l\u00f3zatunkra. Ma m\u00e1r sz\u00e1mos gy\u00e1rt\u00f3 ilyen t\u00edpus\u00fa term\u00e9kei k\u00f6z\u00fcl lehet v\u00e1logatni, mi pedig a TP-Link hagyom\u00e1nyosnak mondhat\u00f3 Tapo L510E, \u00e9s a sziv\u00e1rv\u00e1ny minden sz\u00edn\u00e9ben vil\u00e1g\u00edtani k\u00e9pes Tapo L530E modellj\u00e9t pr\u00f3b\u00e1ltuk ki.<\/span><\/p>\n\n\n\n<figure class=\"wp-block-image is-style-default\"><img decoding=\"async\" src=\"http:\/\/hir.mediamarkt.hu\/magazin\/wp-content\/uploads\/2021\/09\/L510E2-pack-Overview-01-e1631685623783.jpg\" alt=\"\" class=\"wp-image-13034\"\/><\/figure>\n\n\n\n<h2 class=\"wp-block-heading\"><strong>Okosvil\u00e1g\u00edt\u00e1s p\u00e1r perc alatt<\/strong><\/h2>\n\n\n\n<p class=\"has-text-align-justify\">Mindk\u00e9t izz\u00f3 LED technol\u00f3gi\u00e1t alkalmaz, maximum 806 lumen f\u00e9nyer\u0151vel, \u00e9s kompatibilisek a legelterjedtebb E27-es foglalattal. A kor\u00e1bban tesztelt <a href=\"https:\/\/hir.mediamarkt.hu\/magazin\/?p=13030&amp;preview=true\">okosaljzathoz<\/a> hasonl\u00f3an az egyik legjobb tulajdons\u00e1guk pedig az, hogy p\u00e1r perc alatt, mindenf\u00e9le szaktud\u00e1s n\u00e9lk\u00fcl be\u00fczemelhet\u0151k. A kicsomagol\u00e1s ut\u00e1n csak be kell csavarni a k\u00f6rt\u00e9t a kiszemelt hely\u00e9re, felkapcsolni, majd megv\u00e1rni, m\u00edg h\u00e1rmat villan \u2013 ez nem valamif\u00e9le hiba, az eszk\u00f6z \u00edgy jelzi, hogy megfelel\u0151en m\u0171k\u00f6dik. Ezt k\u00f6vet\u0151en a mobilunkra le kell t\u00f6lteni az Androidra \u00e9s iOS-re egyar\u00e1nt el\u00e9rhet\u0151 Tapo alkalmaz\u00e1st, k\u00e9sz\u00edteni egy felhaszn\u00e1l\u00f3i fi\u00f3kot (ha m\u00e9g nincs), majd az app kezd\u0151k\u00e9perny\u0151j\u00e9n neki is lehet \u00e1llni az okosizz\u00f3 be\u00e1ll\u00edt\u00e1s\u00e1nak.<\/p>\n\n\n\n<p class=\"has-text-align-justify\">Az Add Your Device opci\u00f3t megb\u00f6kve a felugr\u00f3 list\u00e1b\u00f3l (a TP-Linknek t\u00f6bb okoseszk\u00f6ze van) csak ki kell v\u00e1lasztani a megfelel\u0151 modellt, majd a k\u00e9perny\u0151n megjelen\u0151 utas\u00edt\u00e1sokat k\u00f6vetve az izz\u00f3t \u00f6sszek\u00f6tni a telefonnal, majd a vezet\u00e9k n\u00e9lk\u00fcli h\u00e1l\u00f3zatunkkal. Ut\u00f3bbi esetben csak ki kell v\u00e1lasztani a wifinket, majd megadni a jelsz\u00f3t. Ezt megl\u00e9pve v\u00e9get is \u00e9r a be\u00fczemel\u00e9s, a vil\u00e1g\u00edt\u00f3 eszk\u00f6z m\u00e9g ellen\u0151rzi, hogy van-e friss firmware (ha igen, azt r\u00f6gt\u00f6n \u00e9rdemes telep\u00edteni), azt\u00e1n m\u00e1r haszn\u00e1lhatjuk is az \u00faj okosizz\u00f3nkat.<\/p>\n\n\n\n<figure class=\"wp-block-image is-style-default\"><img loading=\"lazy\" decoding=\"async\" width=\"917\" height=\"1228\" src=\"http:\/\/hir.mediamarkt.hu\/magazin\/wp-content\/uploads\/2021\/09\/Screenshot_20210806-061343_Tapo-scaled-e1631685843762.jpg\" alt=\"\" class=\"wp-image-13041\" srcset=\"https:\/\/hir.mediamarkt.hu\/magazin\/wp-content\/uploads\/2021\/09\/Screenshot_20210806-061343_Tapo-scaled-e1631685843762.jpg 917w, https:\/\/hir.mediamarkt.hu\/magazin\/wp-content\/uploads\/2021\/09\/Screenshot_20210806-061343_Tapo-scaled-e1631685843762-224x300.jpg 224w, https:\/\/hir.mediamarkt.hu\/magazin\/wp-content\/uploads\/2021\/09\/Screenshot_20210806-061343_Tapo-scaled-e1631685843762-765x1024.jpg 765w, https:\/\/hir.mediamarkt.hu\/magazin\/wp-content\/uploads\/2021\/09\/Screenshot_20210806-061343_Tapo-scaled-e1631685843762-275x368.jpg 275w, https:\/\/hir.mediamarkt.hu\/magazin\/wp-content\/uploads\/2021\/09\/Screenshot_20210806-061343_Tapo-scaled-e1631685843762-768x1028.jpg 768w\" sizes=\"(max-width: 917px) 100vw, 917px\" \/><\/figure>\n\n\n\n<p class=\"has-text-align-justify\">Az \u00e9g\u0151 elnevezhet\u0151, megadhatjuk, hogy melyik helyis\u00e9gben (nappali, el\u0151szoba, konyha stb.) haszn\u00e1ljuk, majd a Tapo alkalmaz\u00e1s f\u0151men\u00fcj\u00e9ben megjelen\u0151 eszk\u00f6zre b\u00f6kve megkapjuk az \u00f6sszes el\u00e9rhet\u0151 funkci\u00f3t. A legalapvet\u0151bb lehet\u0151s\u00e9g az okosizz\u00f3 be- \u00e9s kikapcsol\u00e1sa, illetve \u00e1ll\u00edthat\u00f3 a f\u00e9nyer\u0151ss\u00e9g: vannak el\u0151re megadott sz\u00e1zal\u00e9kok (5, 25, 50, 75, 100), de az izz\u00f3t \u00e1br\u00e1zol\u00f3 grafik\u00e1n az ujjunkkal sim\u00e1n be\u00e1ll\u00edthat\u00f3 a sz\u00e1munkra ide\u00e1lis \u00e9rt\u00e9ket.<\/p>\n\n\n\n<p class=\"has-text-align-justify\">A sz\u00ednes Tapo L510E eset\u00e9ben mindez annyiban v\u00e1ltozik, hogy a f\u00e9nyer\u0151 sz\u00e1zal\u00e9kai helyett el\u0151re megadott sz\u00edneket kapunk, illetve adott a lehet\u0151s\u00e9g, hogy egy sz\u00ednsk\u00e1l\u00e1n mi magunk v\u00e1lasszuk ki a sz\u00e1munkra szimpatikus \u00e1rnyalatot. Az utolj\u00e1ra be\u00e1ll\u00edtott \u00e9rt\u00e9keket mindegyik okos\u00e9g\u0151 megjegyzi, ugyanakkor a Settings men\u00fcben meghat\u00e1rozhat\u00f3 egy olyan \u00e1lland\u00f3 alap\u00e9rt\u00e9k, amire az izz\u00f3 vissza\u00e1ll minden egyes \u00fajabb bekapcsol\u00e1st k\u00f6vet\u0151en.<\/p>\n\n\n\n<p class=\"has-text-align-justify\">Mivel az izz\u00f3k kapcsol\u00f3dnak a wifihez, internetel\u00e9r\u00e9s eset\u00e9n ak\u00e1r egy m\u00e1sik kontinensr\u0151l is megoldhat\u00f3 a vez\u00e9rl\u00e9s, de adottak m\u00e1s funkci\u00f3k is. Mindk\u00e9t izz\u00f3 men\u00fcj\u00e9ben tal\u00e1lunk egy napt\u00e1r, egy rep\u00fcl\u0151g\u00e9p \u00e9s egy stopper\u00f3ra ikont. A napt\u00e1rral automatiz\u00e1lhat\u00f3 p\u00e9ld\u00e1ul a ki- \u00e9s bekapcsol\u00e1s: ez k\u00f6thet\u0151 a napfelkelt\u00e9hez \u00e9s a naplement\u00e9hez, de ak\u00e1r mi magunk is meghat\u00e1rozhatunk \u00f3r\u00e1kat, \u00e9s ezek elt\u00e9r\u0151ek lehetnek a h\u00e9t k\u00fcl\u00f6nb\u00f6z\u0151 napjain. Be\u00e1ll\u00edthat\u00f3 p\u00e9ld\u00e1ul, hogy h\u00e9tk\u00f6znapokon este nyolc \u00e9s t\u00edz k\u00f6z\u00f6tt automatikusan vil\u00e1g\u00edtson egy adott izz\u00f3, m\u00edg szombat \u00e9s vas\u00e1rnap ez az id\u0151szak lehet ak\u00e1r este hat \u00e9s \u00e9jf\u00e9l k\u00f6z\u00f6tt. \u00c9s ez m\u00e9g nem minden, hiszen itt nemcsak a be- \u00e9s kikapcsol\u00e1s szab\u00e1lyozhat\u00f3, de azt is be\u00e1ll\u00edthatjuk, hogy az izz\u00f3 milyen f\u00e9nyer\u0151n kapcsoljon be, a Tapo L530E eset\u00e9ben pedig el\u0151re meghat\u00e1rozhat\u00f3 a k\u00edv\u00e1nt sz\u00ednh\u0151m\u00e9rs\u00e9klet vagy ak\u00e1r egy konkr\u00e9t sz\u00edn is.<\/p>\n\n\n\n<figure class=\"wp-block-image is-style-default\"><img loading=\"lazy\" decoding=\"async\" width=\"1000\" height=\"730\" src=\"http:\/\/hir.mediamarkt.hu\/magazin\/wp-content\/uploads\/2021\/09\/L530E2-pack-overview-e1631685599681.jpg\" alt=\"\" class=\"wp-image-13039\" srcset=\"https:\/\/hir.mediamarkt.hu\/magazin\/wp-content\/uploads\/2021\/09\/L530E2-pack-overview-e1631685599681.jpg 1000w, https:\/\/hir.mediamarkt.hu\/magazin\/wp-content\/uploads\/2021\/09\/L530E2-pack-overview-e1631685599681-300x219.jpg 300w, https:\/\/hir.mediamarkt.hu\/magazin\/wp-content\/uploads\/2021\/09\/L530E2-pack-overview-e1631685599681-275x201.jpg 275w, https:\/\/hir.mediamarkt.hu\/magazin\/wp-content\/uploads\/2021\/09\/L530E2-pack-overview-e1631685599681-768x561.jpg 768w\" sizes=\"(max-width: 1000px) 100vw, 1000px\" \/><\/figure>\n\n\n\n<p class=\"has-text-align-justify\">A rep\u00fcl\u0151 ikon a t\u00e1voll\u00e9t m\u00f3dot jel\u00f6li: egy utaz\u00e1s alkalm\u00e1val be\u00e1ll\u00edthat\u00f3, hogy egy adott id\u0151ponton bel\u00fcl (p\u00e9ld\u00e1ul este h\u00e9t \u00e9s reggel hat k\u00f6z\u00f6tt) az \u00e1ltalunk kiv\u00e1lasztott izz\u00f3 v\u00e9letlenszer\u0171en fel- majd lekapcsol\u00f3djon. Ennek ugye biztons\u00e1gi okai vannak: az okosizz\u00f3 v\u00e9letlenszer\u0171 felkapcsol\u00f3d\u00e1sa azt a benyom\u00e1st kelti, mintha lenne otthon valaki.<\/p>\n\n\n\n<p class=\"has-text-align-justify\">V\u00e9gezet\u00fcl a stopper\u00f3r\u00e1ra b\u00f6kve be\u00e1ll\u00edthat\u00f3 az id\u0151z\u00edt\u00e9s, teh\u00e1t az, hogy a visszasz\u00e1ml\u00e1l\u00e1s v\u00e9g\u00e9n ki- vagy bekapcsoljon az okosaljzat. Ez az opci\u00f3 p\u00e9ld\u00e1ul akkor j\u00f6het j\u00f3l, ha rendszeresen elalszunk az \u00e9g\u0151 l\u00e1mpa mellett \u00e9s nem \u00e9bred\u00fcnk fel a f\u00e9nyre, egy id\u0151z\u00edt\u00e9ssel sim\u00e1n megoldhat\u00f3, hogy a kiv\u00e1lasztott okosizz\u00f3nk lekapcsoljon mondjuk egy \u00f3ra ut\u00e1n.<\/p>\n\n\n\n<p class=\"has-text-align-justify\">A Tapo alkalmaz\u00e1s f\u0151men\u00fcj\u00e9ben tal\u00e1lunk tov\u00e1bb\u00e1 egy Smart Actions men\u00fcpontot is, ahol el\u0151re meghat\u00e1rozott \u201eakci\u00f3k\u201d defini\u00e1lhat\u00f3k. Be\u00e1ll\u00edthat\u00f3 p\u00e9ld\u00e1ul, hogy a lak\u00e1s elhagy\u00e1sakor egyetlen \u00e9rint\u00e9sre minden izz\u00f3nk kikapcsoljon, \u00e9rkez\u00e9skor pedig ugyanez megford\u00edthat\u00f3, teh\u00e1t bekapcsolhatnak az \u00e1ltalunk el\u0151re megadott okos\u00e9g\u0151k. Mindez r\u00e1ad\u00e1sul nemcsak az izz\u00f3k eset\u00e9n m\u0171k\u00f6dik, hiszen \u00f6sszevonhat\u00f3 t\u00f6bb eszk\u00f6z is: p\u00e9ld\u00e1ul egy okoskamer\u00e1n\u00e1l megszabhat\u00f3, hogy indul\u00e1skor kapcsoljon be, m\u00edg \u00e9rkez\u00e9skor kapcsolja le mag\u00e1t.<\/p>\n\n\n\n<h2 class=\"wp-block-heading\"><strong>Ak\u00e1r hanggal is<\/strong><\/h2>\n\n\n\n<p class=\"has-text-align-justify\">A TP-Link okoseszk\u00f6z\u00f6k (\u00edgy a k\u00fcl\u00f6nb\u00f6z\u0151 Tapo okosizz\u00f3k) nagy el\u0151nye, hogy kompatibilisek az Amazon Alex\u00e1val \u00e9s a Google Asszisztenssel, \u00edgy, ha rendelkez\u00fcnk az eml\u00edtett rendszerekhez kapcsol\u00f3d\u00f3 okoshangsz\u00f3r\u00f3val, akkor adott a hangvez\u00e9rl\u00e9s lehet\u0151s\u00e9ge is. Mi egy Google Home Minivel pr\u00f3b\u00e1ltuk ki a wifire kapcsol\u00f3d\u00f3 \u00e9g\u0151ket: a Google Home alkalmaz\u00e1sban felvett\u00fck a vez\u00e9relhet\u0151 eszk\u00f6z\u00f6k k\u00f6z\u00e9 a Tapo L510E \u00e9s a Tapo L530E izz\u00f3kat, adtunk neki egy-egy saj\u00e1t nevet (Light 1 \u00e9s Light 2), majd ezt k\u00f6vet\u0151en az okoshangsz\u00f3r\u00f3n kereszt\u00fcl puszt\u00e1n hangparancsokkal tudtuk vez\u00e9relni.<\/p>\n\n\n\n<p>\u00cdme a h\u00e1rom legegyszer\u0171bb parancs:<\/p>\n\n\n\n<ul><li>Hey Google, turn on Light 1! \u2013 Light 1 izz\u00f3 bekapcsol\u00e1sa<\/li><li>Hey Google, turn off Light 2! \u2013 Light 2 izz\u00f3 kikapcsol\u00e1s<\/li><li>Hey Google, set brightness to 30%! \u2013 F\u00e9nyer\u0151 30 sz\u00e1zal\u00e9kra \u00e1ll\u00edt\u00e1sa<\/li><\/ul>\n\n\n\n<p class=\"has-text-align-justify\">Amit tudni kell, hogy a Google Asszisztens (\u00e9s az Amazon Alexa) egyel\u0151re nem tud magyarul, \u00edgy a parancsokat olyan nyelven (pl. angol, n\u00e9met, francia stb.) kell kiadni, amiket felismer a rendszer. Szerencs\u00e9re egy okosizz\u00f3 eset\u00e9n a legalapvet\u0151bb parancsokat (pl. turn on \u00e9s turn off) m\u00e9g az is sim\u00e1n ki tudja mondani, aki soha nem tanult angolul.<\/p>\n","protected":false},"excerpt":{"rendered":"A TP-Link gy\u00e1rtotta okosaljzat ut\u00e1n ez\u00fattal a c\u00e9g okosizz\u00f3it pr\u00f3b\u00e1ltuk ki, amelyek nemcsak okostelefonr\u00f3l vez\u00e9relhet\u0151k, \u00e9s ha akarjuk, automatiz\u00e1lhat\u00f3k, de a megfelel\u0151 kompatibilit\u00e1snak h\u00e1la ak\u00e1r hangparancsokkal is vez\u00e9relhet\u0151k.","protected":false},"author":13,"featured_media":13422,"comment_status":"open","ping_status":"open","sticky":false,"template":"","format":"standard","meta":{"wprm-recipe-roundup-name":"","wprm-recipe-roundup-description":"","footnotes":""},"categories":[5964,5946],"tags":[2098,3098,1475,4667],"yoast_head":"<!-- This site is optimized with the Yoast SEO plugin v22.9 - https:\/\/yoast.com\/wordpress\/plugins\/seo\/ -->\n<title>Okosotthont \u00e9p\u00edt\u00fcnk: \u00edgy m\u0171k\u00f6dnek az TP-link okosizz\u00f3k - MediaMarkt Magazin<\/title>\n<meta name=\"description\" content=\"A TP-Link okosizz\u00f3it pr\u00f3b\u00e1ltuk ki, amelyek nemcsak okostelefonr\u00f3l vez\u00e9relhet\u0151k, automatiz\u00e1lhat\u00f3k \u00e9s hangparancsokkal is vez\u00e9relhet\u0151k.\" \/>\n<meta name=\"robots\" content=\"index, follow, max-snippet:-1, max-image-preview:large, max-video-preview:-1\" \/>\n<link rel=\"canonical\" href=\"https:\/\/hir.mediamarkt.hu\/magazin\/okosotthont-epitunk-igy-mukodnek-az-tp-link-okosizzok\/\" \/>\n<meta property=\"og:locale\" content=\"hu_HU\" \/>\n<meta property=\"og:type\" content=\"article\" \/>\n<meta property=\"og:title\" content=\"Okosotthont \u00e9p\u00edt\u00fcnk: \u00edgy m\u0171k\u00f6dnek az TP-link okosizz\u00f3k - MediaMarkt Magazin\" \/>\n<meta property=\"og:description\" content=\"A TP-Link okosizz\u00f3it pr\u00f3b\u00e1ltuk ki, amelyek nemcsak okostelefonr\u00f3l vez\u00e9relhet\u0151k, automatiz\u00e1lhat\u00f3k \u00e9s hangparancsokkal is vez\u00e9relhet\u0151k.\" \/>\n<meta property=\"og:url\" content=\"https:\/\/hir.mediamarkt.hu\/magazin\/okosotthont-epitunk-igy-mukodnek-az-tp-link-okosizzok\/\" \/>\n<meta property=\"og:site_name\" content=\"MediaMarkt Magazin\" \/>\n<meta property=\"article:publisher\" content=\"https:\/\/www.facebook.com\/MediaMarktMagyarorszag\" \/>\n<meta property=\"article:published_time\" content=\"2021-10-21T15:55:17+00:00\" \/>\n<meta property=\"article:modified_time\" content=\"2021-10-21T15:55:18+00:00\" \/>\n<meta property=\"og:image\" content=\"https:\/\/hir.mediamarkt.hu\/magazin\/wp-content\/uploads\/2021\/10\/Tp_link_tapo_okosizzok_teszt.png\" \/>\n\t<meta property=\"og:image:width\" content=\"1024\" \/>\n\t<meta property=\"og:image:height\" content=\"619\" \/>\n\t<meta property=\"og:image:type\" content=\"image\/png\" \/>\n<meta name=\"author\" content=\"Media Markt\" \/>\n<meta name=\"twitter:label1\" content=\"Szerz\u0151:\" \/>\n\t<meta name=\"twitter:data1\" content=\"Media Markt\" \/>\n\t<meta name=\"twitter:label2\" content=\"Becs\u00fclt olvas\u00e1si id\u0151\" \/>\n\t<meta name=\"twitter:data2\" content=\"5 perc\" \/>\n<script type=\"application\/ld+json\" class=\"yoast-schema-graph\">{\"@context\":\"https:\/\/schema.org\",\"@graph\":[{\"@type\":\"WebPage\",\"@id\":\"https:\/\/hir.mediamarkt.hu\/magazin\/okosotthont-epitunk-igy-mukodnek-az-tp-link-okosizzok\/\",\"url\":\"https:\/\/hir.mediamarkt.hu\/magazin\/okosotthont-epitunk-igy-mukodnek-az-tp-link-okosizzok\/\",\"name\":\"Okosotthont \u00e9p\u00edt\u00fcnk: \u00edgy m\u0171k\u00f6dnek az TP-link okosizz\u00f3k - MediaMarkt Magazin\",\"isPartOf\":{\"@id\":\"https:\/\/hir.mediamarkt.hu\/magazin\/#website\"},\"primaryImageOfPage\":{\"@id\":\"https:\/\/hir.mediamarkt.hu\/magazin\/okosotthont-epitunk-igy-mukodnek-az-tp-link-okosizzok\/#primaryimage\"},\"image\":{\"@id\":\"https:\/\/hir.mediamarkt.hu\/magazin\/okosotthont-epitunk-igy-mukodnek-az-tp-link-okosizzok\/#primaryimage\"},\"thumbnailUrl\":\"https:\/\/hir.mediamarkt.hu\/magazin\/wp-content\/uploads\/2021\/10\/Tp_link_tapo_okosizzok_teszt.png\",\"datePublished\":\"2021-10-21T15:55:17+00:00\",\"dateModified\":\"2021-10-21T15:55:18+00:00\",\"author\":{\"@id\":\"https:\/\/hir.mediamarkt.hu\/magazin\/#\/schema\/person\/b93b02ec1ab4d2353f8d281e171c1b0b\"},\"description\":\"A TP-Link okosizz\u00f3it pr\u00f3b\u00e1ltuk ki, amelyek nemcsak okostelefonr\u00f3l vez\u00e9relhet\u0151k, automatiz\u00e1lhat\u00f3k \u00e9s hangparancsokkal is vez\u00e9relhet\u0151k.\",\"breadcrumb\":{\"@id\":\"https:\/\/hir.mediamarkt.hu\/magazin\/okosotthont-epitunk-igy-mukodnek-az-tp-link-okosizzok\/#breadcrumb\"},\"inLanguage\":\"hu\",\"potentialAction\":[{\"@type\":\"ReadAction\",\"target\":[\"https:\/\/hir.mediamarkt.hu\/magazin\/okosotthont-epitunk-igy-mukodnek-az-tp-link-okosizzok\/\"]}]},{\"@type\":\"ImageObject\",\"inLanguage\":\"hu\",\"@id\":\"https:\/\/hir.mediamarkt.hu\/magazin\/okosotthont-epitunk-igy-mukodnek-az-tp-link-okosizzok\/#primaryimage\",\"url\":\"https:\/\/hir.mediamarkt.hu\/magazin\/wp-content\/uploads\/2021\/10\/Tp_link_tapo_okosizzok_teszt.png\",\"contentUrl\":\"https:\/\/hir.mediamarkt.hu\/magazin\/wp-content\/uploads\/2021\/10\/Tp_link_tapo_okosizzok_teszt.png\",\"width\":1024,\"height\":619},{\"@type\":\"BreadcrumbList\",\"@id\":\"https:\/\/hir.mediamarkt.hu\/magazin\/okosotthont-epitunk-igy-mukodnek-az-tp-link-okosizzok\/#breadcrumb\",\"itemListElement\":[{\"@type\":\"ListItem\",\"position\":1,\"name\":\"Kezd\u0151lap\",\"item\":\"https:\/\/hir.mediamarkt.hu\/magazin\/\"},{\"@type\":\"ListItem\",\"position\":2,\"name\":\"Okosotthont \u00e9p\u00edt\u00fcnk: \u00edgy m\u0171k\u00f6dnek az TP-link okosizz\u00f3k\"}]},{\"@type\":\"WebSite\",\"@id\":\"https:\/\/hir.mediamarkt.hu\/magazin\/#website\",\"url\":\"https:\/\/hir.mediamarkt.hu\/magazin\/\",\"name\":\"MediaMarkt Magazin\",\"description\":\"Olvass bele magazinunkba!\",\"potentialAction\":[{\"@type\":\"SearchAction\",\"target\":{\"@type\":\"EntryPoint\",\"urlTemplate\":\"https:\/\/hir.mediamarkt.hu\/magazin\/?s={search_term_string}\"},\"query-input\":\"required name=search_term_string\"}],\"inLanguage\":\"hu\"},{\"@type\":\"Person\",\"@id\":\"https:\/\/hir.mediamarkt.hu\/magazin\/#\/schema\/person\/b93b02ec1ab4d2353f8d281e171c1b0b\",\"name\":\"Media Markt\",\"image\":{\"@type\":\"ImageObject\",\"inLanguage\":\"hu\",\"@id\":\"https:\/\/hir.mediamarkt.hu\/magazin\/#\/schema\/person\/image\/\",\"url\":\"https:\/\/secure.gravatar.com\/avatar\/602bccae8998beee472d01909f0978f1?s=96&d=mm&r=g\",\"contentUrl\":\"https:\/\/secure.gravatar.com\/avatar\/602bccae8998beee472d01909f0978f1?s=96&d=mm&r=g\",\"caption\":\"Media Markt\"}}]}<\/script>\n<!-- \/ Yoast SEO plugin. -->","yoast_head_json":{"title":"Okosotthont \u00e9p\u00edt\u00fcnk: \u00edgy m\u0171k\u00f6dnek az TP-link okosizz\u00f3k - MediaMarkt Magazin","description":"A TP-Link okosizz\u00f3it pr\u00f3b\u00e1ltuk ki, amelyek nemcsak okostelefonr\u00f3l vez\u00e9relhet\u0151k, automatiz\u00e1lhat\u00f3k \u00e9s hangparancsokkal is vez\u00e9relhet\u0151k.","robots":{"index":"index","follow":"follow","max-snippet":"max-snippet:-1","max-image-preview":"max-image-preview:large","max-video-preview":"max-video-preview:-1"},"canonical":"https:\/\/hir.mediamarkt.hu\/magazin\/okosotthont-epitunk-igy-mukodnek-az-tp-link-okosizzok\/","og_locale":"hu_HU","og_type":"article","og_title":"Okosotthont \u00e9p\u00edt\u00fcnk: \u00edgy m\u0171k\u00f6dnek az TP-link okosizz\u00f3k - MediaMarkt Magazin","og_description":"A TP-Link okosizz\u00f3it pr\u00f3b\u00e1ltuk ki, amelyek nemcsak okostelefonr\u00f3l vez\u00e9relhet\u0151k, automatiz\u00e1lhat\u00f3k \u00e9s hangparancsokkal is vez\u00e9relhet\u0151k.","og_url":"https:\/\/hir.mediamarkt.hu\/magazin\/okosotthont-epitunk-igy-mukodnek-az-tp-link-okosizzok\/","og_site_name":"MediaMarkt Magazin","article_publisher":"https:\/\/www.facebook.com\/MediaMarktMagyarorszag","article_published_time":"2021-10-21T15:55:17+00:00","article_modified_time":"2021-10-21T15:55:18+00:00","og_image":[{"width":1024,"height":619,"url":"https:\/\/hir.mediamarkt.hu\/magazin\/wp-content\/uploads\/2021\/10\/Tp_link_tapo_okosizzok_teszt.png","type":"image\/png"}],"author":"Media Markt","twitter_misc":{"Szerz\u0151:":"Media Markt","Becs\u00fclt olvas\u00e1si id\u0151":"5 perc"},"schema":{"@context":"https:\/\/schema.org","@graph":[{"@type":"WebPage","@id":"https:\/\/hir.mediamarkt.hu\/magazin\/okosotthont-epitunk-igy-mukodnek-az-tp-link-okosizzok\/","url":"https:\/\/hir.mediamarkt.hu\/magazin\/okosotthont-epitunk-igy-mukodnek-az-tp-link-okosizzok\/","name":"Okosotthont \u00e9p\u00edt\u00fcnk: \u00edgy m\u0171k\u00f6dnek az TP-link okosizz\u00f3k - MediaMarkt Magazin","isPartOf":{"@id":"https:\/\/hir.mediamarkt.hu\/magazin\/#website"},"primaryImageOfPage":{"@id":"https:\/\/hir.mediamarkt.hu\/magazin\/okosotthont-epitunk-igy-mukodnek-az-tp-link-okosizzok\/#primaryimage"},"image":{"@id":"https:\/\/hir.mediamarkt.hu\/magazin\/okosotthont-epitunk-igy-mukodnek-az-tp-link-okosizzok\/#primaryimage"},"thumbnailUrl":"https:\/\/hir.mediamarkt.hu\/magazin\/wp-content\/uploads\/2021\/10\/Tp_link_tapo_okosizzok_teszt.png","datePublished":"2021-10-21T15:55:17+00:00","dateModified":"2021-10-21T15:55:18+00:00","author":{"@id":"https:\/\/hir.mediamarkt.hu\/magazin\/#\/schema\/person\/b93b02ec1ab4d2353f8d281e171c1b0b"},"description":"A TP-Link okosizz\u00f3it pr\u00f3b\u00e1ltuk ki, amelyek nemcsak okostelefonr\u00f3l vez\u00e9relhet\u0151k, automatiz\u00e1lhat\u00f3k \u00e9s hangparancsokkal is vez\u00e9relhet\u0151k.","breadcrumb":{"@id":"https:\/\/hir.mediamarkt.hu\/magazin\/okosotthont-epitunk-igy-mukodnek-az-tp-link-okosizzok\/#breadcrumb"},"inLanguage":"hu","potentialAction":[{"@type":"ReadAction","target":["https:\/\/hir.mediamarkt.hu\/magazin\/okosotthont-epitunk-igy-mukodnek-az-tp-link-okosizzok\/"]}]},{"@type":"ImageObject","inLanguage":"hu","@id":"https:\/\/hir.mediamarkt.hu\/magazin\/okosotthont-epitunk-igy-mukodnek-az-tp-link-okosizzok\/#primaryimage","url":"https:\/\/hir.mediamarkt.hu\/magazin\/wp-content\/uploads\/2021\/10\/Tp_link_tapo_okosizzok_teszt.png","contentUrl":"https:\/\/hir.mediamarkt.hu\/magazin\/wp-content\/uploads\/2021\/10\/Tp_link_tapo_okosizzok_teszt.png","width":1024,"height":619},{"@type":"BreadcrumbList","@id":"https:\/\/hir.mediamarkt.hu\/magazin\/okosotthont-epitunk-igy-mukodnek-az-tp-link-okosizzok\/#breadcrumb","itemListElement":[{"@type":"ListItem","position":1,"name":"Kezd\u0151lap","item":"https:\/\/hir.mediamarkt.hu\/magazin\/"},{"@type":"ListItem","position":2,"name":"Okosotthont \u00e9p\u00edt\u00fcnk: \u00edgy m\u0171k\u00f6dnek az TP-link okosizz\u00f3k"}]},{"@type":"WebSite","@id":"https:\/\/hir.mediamarkt.hu\/magazin\/#website","url":"https:\/\/hir.mediamarkt.hu\/magazin\/","name":"MediaMarkt Magazin","description":"Olvass bele magazinunkba!","potentialAction":[{"@type":"SearchAction","target":{"@type":"EntryPoint","urlTemplate":"https:\/\/hir.mediamarkt.hu\/magazin\/?s={search_term_string}"},"query-input":"required name=search_term_string"}],"inLanguage":"hu"},{"@type":"Person","@id":"https:\/\/hir.mediamarkt.hu\/magazin\/#\/schema\/person\/b93b02ec1ab4d2353f8d281e171c1b0b","name":"Media Markt","image":{"@type":"ImageObject","inLanguage":"hu","@id":"https:\/\/hir.mediamarkt.hu\/magazin\/#\/schema\/person\/image\/","url":"https:\/\/secure.gravatar.com\/avatar\/602bccae8998beee472d01909f0978f1?s=96&d=mm&r=g","contentUrl":"https:\/\/secure.gravatar.com\/avatar\/602bccae8998beee472d01909f0978f1?s=96&d=mm&r=g","caption":"Media Markt"}}]}},"_links":{"self":[{"href":"https:\/\/hir.mediamarkt.hu\/magazin\/wp-json\/wp\/v2\/posts\/13037"}],"collection":[{"href":"https:\/\/hir.mediamarkt.hu\/magazin\/wp-json\/wp\/v2\/posts"}],"about":[{"href":"https:\/\/hir.mediamarkt.hu\/magazin\/wp-json\/wp\/v2\/types\/post"}],"author":[{"embeddable":true,"href":"https:\/\/hir.mediamarkt.hu\/magazin\/wp-json\/wp\/v2\/users\/13"}],"replies":[{"embeddable":true,"href":"https:\/\/hir.mediamarkt.hu\/magazin\/wp-json\/wp\/v2\/comments?post=13037"}],"version-history":[{"count":5,"href":"https:\/\/hir.mediamarkt.hu\/magazin\/wp-json\/wp\/v2\/posts\/13037\/revisions"}],"predecessor-version":[{"id":13418,"href":"https:\/\/hir.mediamarkt.hu\/magazin\/wp-json\/wp\/v2\/posts\/13037\/revisions\/13418"}],"wp:featuredmedia":[{"embeddable":true,"href":"https:\/\/hir.mediamarkt.hu\/magazin\/wp-json\/wp\/v2\/media\/13422"}],"wp:attachment":[{"href":"https:\/\/hir.mediamarkt.hu\/magazin\/wp-json\/wp\/v2\/media?parent=13037"}],"wp:term":[{"taxonomy":"category","embeddable":true,"href":"https:\/\/hir.mediamarkt.hu\/magazin\/wp-json\/wp\/v2\/categories?post=13037"},{"taxonomy":"post_tag","embeddable":true,"href":"https:\/\/hir.mediamarkt.hu\/magazin\/wp-json\/wp\/v2\/tags?post=13037"}],"curies":[{"name":"wp","href":"https:\/\/api.w.org\/{rel}","templated":true}]}}