{"id":13044,"date":"2021-10-21T16:54:12","date_gmt":"2021-10-21T15:54:12","guid":{"rendered":"https:\/\/hir.mediamarkt.hu\/magazin\/?p=13044"},"modified":"2021-10-21T16:54:19","modified_gmt":"2021-10-21T15:54:19","slug":"okosotthont-epitunk-fokuszban-a-tp-link-okoskamerak","status":"publish","type":"post","link":"https:\/\/hir.mediamarkt.hu\/magazin\/okosotthont-epitunk-fokuszban-a-tp-link-okoskamerak\/","title":{"rendered":"Okosotthont \u00e9p\u00edt\u00fcnk: f\u00f3kuszban a TP-link okoskamer\u00e1k"},"content":{"rendered":"\n<p class=\"has-text-align-justify\"><strong>A TP-Link gy\u00e1rtotta <a href=\"https:\/\/hir.mediamarkt.hu\/magazin\/?p=13030&amp;preview=true\">okosaljzat<\/a> \u00e9s <a href=\"https:\/\/hir.mediamarkt.hu\/magazin\/?p=13037&amp;preview=true\">okosizz\u00f3k<\/a> ut\u00e1n ez\u00fattal a c\u00e9g okoskamer\u00e1it vett\u00fck g\u00f3rcs\u0151 al\u00e1, amelyek k\u00f6z\u00f6tt tal\u00e1lunk k\u00fclt\u00e9ri \u00e9s belt\u00e9ri megold\u00e1sokat egyar\u00e1nt. Ezek az eszk\u00f6z\u00f6k nemcsak arra figyelmeztethetnek (\u00e9s r\u00f6gz\u00edthetik), ha illet\u00e9ktelenek t\u00e9vednek az otthonunkba, de ak\u00e1r babamonitornak is haszn\u00e1lhat\u00f3k, esetleg arra, hogy olykor-olykor r\u00e1n\u00e9zz\u00fcnk az otthon maradt kis\u00e1llatainkra.<\/strong><\/p>\n\n\n\n<p class=\"has-text-align-justify\">Ki ne szeretn\u00e9 biztons\u00e1gban tudni a lak\u00e1s\u00e1t vagy a h\u00e1z k\u00f6r\u00fcli udvart, nem igaz? Manaps\u00e1g erre a c\u00e9lra m\u00e1r eg\u00e9szen olcs\u00f3n v\u00e1s\u00e1rolhatunk j\u00f3 min\u0151s\u00e9g\u0171 \u00e9s k\u00f6nnyen kezelhet\u0151 eszk\u00f6z\u00f6ket, \u00e9s minden el\u0151tud\u00e1s n\u00e9lk\u00fcl ak\u00e1r mi magunk is kieg\u00e9sz\u00edthetj\u00fck az (okos)otthonunkat olyan, az internetre kapcsol\u00f3d\u00f3 okoskamer\u00e1kkal, amikkel t\u00e1volr\u00f3l, ak\u00e1r egy m\u00e1sik kontinensr\u0151l is pillanatok alatt ellen\u0151rizhetj\u00fck, hogy minden rendben van-e az \u00e9letter\u00fcnkben.<\/p>\n\n\n\n<p class=\"has-text-align-justify\">Mi ez\u00fattal a TP-Link t\u00f6bb modellt felsorakoztat\u00f3 k\u00edn\u00e1lat\u00e1b\u00f3l csemeg\u00e9zt\u00fcnk: a Tapo C100 (\u00e9s a nagyobb felbont\u00e1st biztos\u00edt\u00f3 C110) r\u00f6gz\u00edtett n\u00e9z\u0151pontot biztos\u00edt\u00f3 megold\u00e1s, a Tapo C200 (\u00e9s a szint\u00e9n nagyobb felbont\u00e1st biztos\u00edt\u00f3 C210) ezzel szemben m\u00e1r forgathat\u00f3, m\u00edg a Tapo C310 kifejezetten k\u00fclt\u00e9ri haszn\u00e1latra lett tervezve. Az ut\u00f3bbi modell ennek megfelel\u0151en nemcsak vezet\u00e9k n\u00e9lk\u00fcl, de ak\u00e1r vezet\u00e9ken kereszt\u00fcl is kapcsol\u00f3dhat az otthoni h\u00e1l\u00f3zatunkhoz, r\u00e1ad\u00e1sul az IP66 szabv\u00e1nynak megfelel\u0151en ellen\u00e1ll az id\u0151j\u00e1r\u00e1s hat\u00e1sainak, \u00edgy nem kell att\u00f3l f\u00e9lni, hogy az es\u0151 p\u00e9ld\u00e1ul k\u00e1rt tesz benne.<\/p>\n\n\n\n<figure class=\"wp-block-image is-style-default\"><img loading=\"lazy\" decoding=\"async\" width=\"1920\" height=\"792\" src=\"http:\/\/hir.mediamarkt.hu\/magazin\/wp-content\/uploads\/2021\/09\/6-e1631686007349.png\" alt=\"\" class=\"wp-image-13035\" srcset=\"https:\/\/hir.mediamarkt.hu\/magazin\/wp-content\/uploads\/2021\/09\/6-e1631686007349.png 1920w, https:\/\/hir.mediamarkt.hu\/magazin\/wp-content\/uploads\/2021\/09\/6-e1631686007349-300x124.png 300w, https:\/\/hir.mediamarkt.hu\/magazin\/wp-content\/uploads\/2021\/09\/6-e1631686007349-1024x422.png 1024w, https:\/\/hir.mediamarkt.hu\/magazin\/wp-content\/uploads\/2021\/09\/6-e1631686007349-275x113.png 275w, https:\/\/hir.mediamarkt.hu\/magazin\/wp-content\/uploads\/2021\/09\/6-e1631686007349-768x317.png 768w, https:\/\/hir.mediamarkt.hu\/magazin\/wp-content\/uploads\/2021\/09\/6-e1631686007349-1536x634.png 1536w\" sizes=\"(max-width: 1920px) 100vw, 1920px\" \/><\/figure>\n\n\n\n<h2 class=\"wp-block-heading\"><strong>Egyszer\u0171 kezelhet\u0151s\u00e9g<\/strong><\/h2>\n\n\n\n<p class=\"has-text-align-justify\">Ak\u00e1r csak a TP-Link kor\u00e1bban kipr\u00f3b\u00e1lt eszk\u00f6zein\u00e9l (<a href=\"https:\/\/hir.mediamarkt.hu\/magazin\/?p=13030&amp;preview=true\">okosaljzat<\/a>, <a href=\"https:\/\/hir.mediamarkt.hu\/magazin\/?p=13037&amp;preview=true\">okosizz\u00f3k<\/a>), itt is elmondhat\u00f3, hogy a Tapo kamer\u00e1k egyik legnagyobb el\u0151nye a roppant egyszer\u0171 be\u00fczemel\u00e9si folyamat, tov\u00e1bb\u00e1 a kezel\u00e9s is gyerekj\u00e1t\u00e9k. B\u00e1r a C100, a C110, a C200 \u00e9s a C210 egyszer\u0171en le is helyezhet\u0151k egy s\u00edk fel\u00fcletre, de a C310-hez hasonl\u00f3an ezen eszk\u00f6z\u00f6k mell\u00e9 is kapunk olyan kieg\u00e9sz\u00edt\u0151ket (tipli, csavar, foglalat) amikkel felszerelhet\u0151k ak\u00e1r a falra is \u2013 csup\u00e1n arra kell figyelni, hogy legyen konnektor megfelel\u0151 t\u00e1vols\u00e1gra, ahov\u00e1 bedughatjuk az eszk\u00f6z\u00f6k adapter\u00e9t. Miel\u0151tt neki\u00e1lln\u00e1nk az ide\u00e1lis poz\u00edci\u00f3 megtal\u00e1l\u00e1s\u00e1nak, kezd\u00e9snek \u00e9rdemes be\u00e1ll\u00edtani a kamer\u00e1t &#8211; szerencs\u00e9re ez t\u00e9nyleg nem egy bonyolult feladat.<\/p>\n\n\n\n<p class=\"has-text-align-justify\">A kicsomagol\u00e1st \u00e9s az \u00e1ramell\u00e1t\u00e1s biztos\u00edt\u00e1s\u00e1t k\u00f6vet\u0151en a mobilunkra le kell t\u00f6lteni az Androidra \u00e9s iOS-re egyar\u00e1nt el\u00e9rhet\u0151 Tapo alkalmaz\u00e1st, k\u00e9sz\u00edteni egy felhaszn\u00e1l\u00f3i fi\u00f3kot (ha m\u00e9g nincs), majd az app kezd\u0151k\u00e9perny\u0151j\u00e9n neki is lehet \u00e1llni a v\u00e1lasztott kamera be\u00e1ll\u00edt\u00e1s\u00e1nak.<\/p>\n\n\n\n<p class=\"has-text-align-justify\">Az Add Your Device opci\u00f3t megb\u00f6kve a felugr\u00f3 list\u00e1b\u00f3l (a TP-Linknek t\u00f6bb okoseszk\u00f6ze van) csak ki kell v\u00e1lasztani a megv\u00e1s\u00e1rolt modellt, majd a k\u00e9perny\u0151n megjelen\u0151 utas\u00edt\u00e1sokat k\u00f6vetve a kamer\u00e1t \u00f6sszek\u00f6tni a vezet\u00e9k n\u00e9lk\u00fcli h\u00e1l\u00f3zatunkkal. Csak ki kell v\u00e1lasztani a wifinket, majd megadni a jelsz\u00f3t (a k\u00fclt\u00e9ri C310 eset\u00e9ben pedig adott a lehet\u0151s\u00e9g, hogy az eszk\u00f6z egy UTP-k\u00e1bellel csatlakozzon a h\u00e1l\u00f3zatunkra). Ha megvan a kapcsolat, v\u00e9get is \u00e9r a be\u00fczemel\u00e9s, \u00e9s m\u00e1r haszn\u00e1lhatjuk is az \u00faj okoskamer\u00e1nkat.<\/p>\n\n\n\n<figure class=\"wp-block-image is-style-default\"><img loading=\"lazy\" decoding=\"async\" width=\"1000\" height=\"1000\" src=\"http:\/\/hir.mediamarkt.hu\/magazin\/wp-content\/uploads\/2021\/09\/C200.jpg\" alt=\"\" class=\"wp-image-13047\" srcset=\"https:\/\/hir.mediamarkt.hu\/magazin\/wp-content\/uploads\/2021\/09\/C200.jpg 1000w, https:\/\/hir.mediamarkt.hu\/magazin\/wp-content\/uploads\/2021\/09\/C200-300x300.jpg 300w, https:\/\/hir.mediamarkt.hu\/magazin\/wp-content\/uploads\/2021\/09\/C200-275x275.jpg 275w, https:\/\/hir.mediamarkt.hu\/magazin\/wp-content\/uploads\/2021\/09\/C200-768x768.jpg 768w, https:\/\/hir.mediamarkt.hu\/magazin\/wp-content\/uploads\/2021\/09\/C200-150x150.jpg 150w, https:\/\/hir.mediamarkt.hu\/magazin\/wp-content\/uploads\/2021\/09\/C200-500x500.jpg 500w\" sizes=\"(max-width: 1000px) 100vw, 1000px\" \/><\/figure>\n\n\n\n<p class=\"has-text-align-justify\">Az \u00f6sszes Tapo kamer\u00e1ra igaz, hogy az eszk\u00f6zt az alkalmaz\u00e1sban kiv\u00e1lasztva azonnal megkapjuk a sz\u00ednes k\u00e9pet, ami kev\u00e9sb\u00e9 optim\u00e1lis f\u00e9nyviszonyok vagy a napnyugt\u00e1t k\u00f6vet\u0151en automatikusan \u00e1tv\u00e1lt kiv\u00e1l\u00f3 min\u0151s\u00e9g\u0171 \u00e9jszakai n\u00e9zetbe. Mindegyik kamera eset\u00e9ben adott a k\u00e9tir\u00e1ny\u00fa kommunik\u00e1ci\u00f3, teh\u00e1t hallhatjuk mi t\u00f6rt\u00e9nik az eszk\u00f6z k\u00f6zvetlen k\u00f6rnyezet\u00e9ben, illetve arra is adott a lehet\u0151s\u00e9g, hogy t\u00e1volr\u00f3l mi besz\u00e9lj\u00fcnk a kamer\u00e1k hangsz\u00f3r\u00f3in kereszt\u00fcl.<\/p>\n\n\n\n<p class=\"has-text-align-justify\">Az \u00f6sszes eszk\u00f6z mozg\u00e1s\u00e9rz\u00e9kel\u0151s (ennek \u00e9rz\u00e9kenys\u00e9ge \u00e1ll\u00edthat\u00f3, s\u0151t kijel\u00f6lhet\u00fcnk z\u00f3n\u00e1kat, amit a rendszer figyelmen k\u00edv\u00fcl hagy), \u00e9s a kamer\u00e1k azonnal \u00e9rtes\u00edt\u00e9st k\u00fcldenek az okostelefonunkra, amennyiben b\u00e1rmi t\u00f6rt\u00e9nik a l\u00e1t\u00f3ter\u00fckben. Amit tudni kell, hogy alapb\u00f3l egyik Tapo kamera sem rendelkezik a felhaszn\u00e1l\u00f3 sz\u00e1m\u00e1ra el\u00e9rhet\u0151 t\u00e1rhellyel, teh\u00e1t ha azt szeretn\u00e9nk, hogy az eszk\u00f6z folyamatosan r\u00f6gz\u00edtse a l\u00e1tottakat, ahhoz SD k\u00e1rtya sz\u00fcks\u00e9ges.<\/p>\n\n\n\n<p class=\"has-text-align-justify\">A C100, a C200 \u00e9s a C310 maximum 128 GB-os t\u00edpust fogad be, m\u00edg a C110, a C210 m\u00e1r a 256 GB-os modellekkel is elboldogulnak \u2013 egy ekkora t\u00e1rhely ak\u00e1r 3 h\u00e9tnyi felv\u00e9tel t\u00e1rol\u00e1s\u00e1ra is elegend\u0151, b\u00e1r a napok sz\u00e1ma f\u00fcgg att\u00f3l is, hogy a kamera milyen min\u0151s\u00e9gben r\u00f6gz\u00edti a l\u00e1tottakat. A C100 \u00e9s a C200 modellek maximum 1080p felbont\u00e1sra k\u00e9pesek (de v\u00e1laszthat\u00f3 a 720p is), a C110, a C210 \u00e9s a C310 t\u00edpusok viszont ak\u00e1r 2304\u00d71296 pixel felbont\u00e1st biztos\u00edtanak, m\u00e9ghozz\u00e1 15 k\u00e9pkocka per m\u00e1sodperc k\u00e9pfriss\u00edt\u00e9si sebess\u00e9ggel.<\/p>\n\n\n\n<h2 class=\"wp-block-heading\"><strong>Mi t\u00f6rt\u00e9nik otthon?<\/strong><\/h2>\n\n\n\n<p class=\"has-text-align-justify\">Fontos apr\u00f3s\u00e1g, hogy SD k\u00e1rtya hi\u00e1ny\u00e1ban a kamer\u00e1k magukt\u00f3l ugyan nem r\u00f6gz\u00edtenek semmit, de az okostelefonos applik\u00e1ci\u00f3ba bel\u00e9pve a k\u00e9sz\u00fcl\u00e9kre streamelt k\u00e9pr\u0151l mi b\u00e1rmikor k\u00e9sz\u00edthet\u00fcnk k\u00e9perny\u0151ment\u00e9st, illetve vide\u00f3 is r\u00f6gz\u00edthet\u0151, a v\u00e9geredm\u00e9ny pedig lementhet\u0151 a mobilra.<\/p>\n\n\n\n<p class=\"has-text-align-justify\">Ha teh\u00e1t \u00e9rtes\u00edt\u00e9sben riaszt a kamera, hogy mozg\u00e1st \u00e9rz\u00e9kelt, az alkalmaz\u00e1sba bel\u00e9pve k\u00e9sz\u00edthet\u00fcnk fot\u00f3t vagy mozg\u00f3k\u00e9pet az \u00e9ppen t\u00f6rt\u00e9n\u0151 esem\u00e9nyekr\u0151l. Minden modelln\u00e9l be\u00e1ll\u00edthat\u00f3 tov\u00e1bb\u00e1, hogy mozg\u00e1s eset\u00e9n f\u00e9ny- \u00e9s hangriaszt\u00e1st alkalmazzon (m\u00e9g az is meghat\u00e1rozhat\u00f3, hogy a h\u00e9t melyik napj\u00e1n, milyen id\u0151intervallumban), de ezzel \u00e9rdemes cs\u00ednj\u00e1n b\u00e1nni, hiszen annak p\u00e9ld\u00e1ul semmi \u00e9rtelme, hogy minden alkalommal a fr\u00e1szt hozzuk a kuty\u00e1ra vagy a macsk\u00e1ra, mikor bes\u00e9t\u00e1lnak a kamera \u00e1ltal szemmel tartott ter\u00fcletre.<\/p>\n\n\n\n<p class=\"has-text-align-justify\">A kamera \u00e1ltal k\u00f6zvet\u00edtett k\u00e9p term\u00e9szetesen kitehet\u0151 a telefon teljes k\u00e9perny\u0151j\u00e9re, \u00e9s arra is van lehet\u0151s\u00e9g, hogy az ujjainkat haszn\u00e1lva belenagy\u00edtsunk a l\u00e1tottakba. A C200 \u00e9s C210 modellek eset\u00e9ben pedig kapunk egy virtu\u00e1lis joysticket is, amivel mozgathat\u00f3 a kamera, teh\u00e1t ak\u00e1r k\u00f6rbe is n\u00e9zhet\u00fcnk abban a helyis\u00e9gben, ahov\u00e1 elhelyezt\u00fck az eszk\u00f6zt. Fontos tov\u00e1bb\u00e1, hogy a Tapo kamer\u00e1k k\u00e9p\u00e9t csak okostelefonon \u00e9s\/vagy tableten lehet ellen\u0151rizni, ezeknek az eszk\u00f6z\u00f6knek nincs PC-re telep\u00edthet\u0151 alkalmaz\u00e1sa. Viszont mindegyik modelln\u00e9l megoldhat\u00f3, hogy 32 darabig egyetlen k\u00e9perny\u0151n l\u00e1ssuk az \u00f6sszes kamer\u00e1nk k\u00e9p\u00e9t, teh\u00e1t egy nagyobb kijelz\u0151n egyszerre t\u00f6bb helysz\u00edn is k\u00f6nnyed\u00e9n szemmel tarthat\u00f3.<\/p>\n\n\n\n<figure class=\"wp-block-image is-style-default\"><img loading=\"lazy\" decoding=\"async\" width=\"872\" height=\"490\" src=\"http:\/\/hir.mediamarkt.hu\/magazin\/wp-content\/uploads\/2021\/09\/tapo-c310-e1631686474257.jpg\" alt=\"\" class=\"wp-image-13049\" srcset=\"https:\/\/hir.mediamarkt.hu\/magazin\/wp-content\/uploads\/2021\/09\/tapo-c310-e1631686474257.jpg 872w, https:\/\/hir.mediamarkt.hu\/magazin\/wp-content\/uploads\/2021\/09\/tapo-c310-e1631686474257-300x169.jpg 300w, https:\/\/hir.mediamarkt.hu\/magazin\/wp-content\/uploads\/2021\/09\/tapo-c310-e1631686474257-275x155.jpg 275w, https:\/\/hir.mediamarkt.hu\/magazin\/wp-content\/uploads\/2021\/09\/tapo-c310-e1631686474257-768x432.jpg 768w, https:\/\/hir.mediamarkt.hu\/magazin\/wp-content\/uploads\/2021\/09\/tapo-c310-e1631686474257-480x270.jpg 480w\" sizes=\"(max-width: 872px) 100vw, 872px\" \/><\/figure>\n\n\n\n<p class=\"has-text-align-justify\">V\u00e9gezet\u00fcl a k\u00fclt\u00e9ri C310 modell eset\u00e9ben fontos fegyvert\u00e9ny, hogy nem csup\u00e1n antenn\u00e1kkal szerelt\u00e9k fel a jobb wifi kapcsolat \u00e9rdek\u00e9ben, illetve v\u00edz- \u00e9s por\u00e1ll\u00f3, de a megfigyelt ter\u00fclet riaszt\u00e1sait illet\u0151en is komolyabb be\u00e1ll\u00edt\u00e1sokkal rendelkezik, mint a C100-as \u00e9s C200-as sz\u00e9ria. Az alap mozg\u00e1s\u00e9rz\u00e9kel\u00e9s mellett be\u00e1ll\u00edthat\u00f3 p\u00e9ld\u00e1ul, hogy a kamera riasszon, ha egy adott (\u00e1ltalunk be\u00e1ll\u00edtott) vonalon hatol \u00e1t valami vagy valaki (ez lehet mondjuk egy ker\u00edt\u00e9s teteje), tov\u00e1bb\u00e1 meghat\u00e1rozhatunk adott ter\u00fcleteket is (mondjuk a kamera \u00e1ltal figyelt ter\u00fclet \u00e1ltalunk birtokolt r\u00e9sz\u00e9t), amikre k\u00fcl\u00f6n\u00f6sen \u00e9rz\u00e9kenyek vagyunk. Emellett ez a modell akkor is k\u00e9pes figyelmeztet\u00e9st k\u00fcldeni, ha a kamer\u00e1t \u00e9ri valamilyen nem v\u00e1rt k\u00fcls\u0151 hat\u00e1s: ez lehet a lencs\u00e9t eltakar\u00f3 falev\u00e9l, de a C310 akkor is riaszt, ha fest\u00e9ksz\u00f3r\u00f3val f\u00fajj\u00e1k le.<\/p>\n","protected":false},"excerpt":{"rendered":"A TP-Link gy\u00e1rtotta okosaljzat \u00e9s okosizz\u00f3k ut\u00e1n ez\u00fattal a c\u00e9g okoskamer\u00e1it vett\u00fck g\u00f3rcs\u0151 al\u00e1, amelyek k\u00f6z\u00f6tt tal\u00e1lunk k\u00fclt\u00e9ri \u00e9s belt\u00e9ri megold\u00e1sokat egyar\u00e1nt. Ezek az eszk\u00f6z\u00f6k nemcsak arra figyelmeztethetnek (\u00e9s r\u00f6gz\u00edthetik), ha illet\u00e9ktelenek t\u00e9vednek az otthonunkba, de ak\u00e1r babamonitornak is haszn\u00e1lhat\u00f3k, esetleg arra, hogy olykor-olykor r\u00e1n\u00e9zz\u00fcnk az otthon maradt kis\u00e1llatainkra.","protected":false},"author":13,"featured_media":13421,"comment_status":"open","ping_status":"open","sticky":false,"template":"","format":"standard","meta":{"wprm-recipe-roundup-name":"","wprm-recipe-roundup-description":"","footnotes":""},"categories":[5964,5946],"tags":[2098,4669,1475,4670,4671,4672,4673,4674,4667],"yoast_head":"<!-- This site is optimized with the Yoast SEO plugin v22.9 - https:\/\/yoast.com\/wordpress\/plugins\/seo\/ -->\n<title>Okosotthont \u00e9p\u00edt\u00fcnk: f\u00f3kuszban a TP-link okoskamer\u00e1k - MediaMarkt Magazin<\/title>\n<meta name=\"description\" content=\"A TP-Link gy\u00e1rtotta okosaljzat \u00e9s okosizz\u00f3k ut\u00e1n ez\u00fattal a c\u00e9g okoskamer\u00e1it vett\u00fck g\u00f3rcs\u0151 al\u00e1, amelyek k\u00f6z\u00f6tt tal\u00e1lunk k\u00fclt\u00e9ri \u00e9s belt\u00e9ri megold\u00e1sokat is.\" \/>\n<meta name=\"robots\" content=\"index, follow, max-snippet:-1, max-image-preview:large, max-video-preview:-1\" \/>\n<link rel=\"canonical\" href=\"https:\/\/hir.mediamarkt.hu\/magazin\/okosotthont-epitunk-fokuszban-a-tp-link-okoskamerak\/\" \/>\n<meta property=\"og:locale\" content=\"hu_HU\" \/>\n<meta property=\"og:type\" content=\"article\" \/>\n<meta property=\"og:title\" content=\"Okosotthont \u00e9p\u00edt\u00fcnk: f\u00f3kuszban a TP-link okoskamer\u00e1k - MediaMarkt Magazin\" \/>\n<meta property=\"og:description\" content=\"A TP-Link gy\u00e1rtotta okosaljzat \u00e9s okosizz\u00f3k ut\u00e1n ez\u00fattal a c\u00e9g okoskamer\u00e1it vett\u00fck g\u00f3rcs\u0151 al\u00e1, amelyek k\u00f6z\u00f6tt tal\u00e1lunk k\u00fclt\u00e9ri \u00e9s belt\u00e9ri megold\u00e1sokat is.\" \/>\n<meta property=\"og:url\" content=\"https:\/\/hir.mediamarkt.hu\/magazin\/okosotthont-epitunk-fokuszban-a-tp-link-okoskamerak\/\" \/>\n<meta property=\"og:site_name\" content=\"MediaMarkt Magazin\" \/>\n<meta property=\"article:publisher\" content=\"https:\/\/www.facebook.com\/MediaMarktMagyarorszag\" \/>\n<meta property=\"article:published_time\" content=\"2021-10-21T15:54:12+00:00\" \/>\n<meta property=\"article:modified_time\" content=\"2021-10-21T15:54:19+00:00\" \/>\n<meta property=\"og:image\" content=\"https:\/\/hir.mediamarkt.hu\/magazin\/wp-content\/uploads\/2021\/10\/tp_link_tapo_okoskamerak_teszt_01.png\" \/>\n\t<meta property=\"og:image:width\" content=\"1024\" \/>\n\t<meta property=\"og:image:height\" content=\"619\" \/>\n\t<meta property=\"og:image:type\" content=\"image\/png\" \/>\n<meta name=\"author\" content=\"Media Markt\" \/>\n<meta name=\"twitter:label1\" content=\"Szerz\u0151:\" \/>\n\t<meta name=\"twitter:data1\" content=\"Media Markt\" \/>\n\t<meta name=\"twitter:label2\" content=\"Becs\u00fclt olvas\u00e1si id\u0151\" \/>\n\t<meta name=\"twitter:data2\" content=\"5 perc\" \/>\n<script type=\"application\/ld+json\" class=\"yoast-schema-graph\">{\"@context\":\"https:\/\/schema.org\",\"@graph\":[{\"@type\":\"WebPage\",\"@id\":\"https:\/\/hir.mediamarkt.hu\/magazin\/okosotthont-epitunk-fokuszban-a-tp-link-okoskamerak\/\",\"url\":\"https:\/\/hir.mediamarkt.hu\/magazin\/okosotthont-epitunk-fokuszban-a-tp-link-okoskamerak\/\",\"name\":\"Okosotthont \u00e9p\u00edt\u00fcnk: f\u00f3kuszban a TP-link okoskamer\u00e1k - MediaMarkt Magazin\",\"isPartOf\":{\"@id\":\"https:\/\/hir.mediamarkt.hu\/magazin\/#website\"},\"primaryImageOfPage\":{\"@id\":\"https:\/\/hir.mediamarkt.hu\/magazin\/okosotthont-epitunk-fokuszban-a-tp-link-okoskamerak\/#primaryimage\"},\"image\":{\"@id\":\"https:\/\/hir.mediamarkt.hu\/magazin\/okosotthont-epitunk-fokuszban-a-tp-link-okoskamerak\/#primaryimage\"},\"thumbnailUrl\":\"https:\/\/hir.mediamarkt.hu\/magazin\/wp-content\/uploads\/2021\/10\/tp_link_tapo_okoskamerak_teszt_01.png\",\"datePublished\":\"2021-10-21T15:54:12+00:00\",\"dateModified\":\"2021-10-21T15:54:19+00:00\",\"author\":{\"@id\":\"https:\/\/hir.mediamarkt.hu\/magazin\/#\/schema\/person\/b93b02ec1ab4d2353f8d281e171c1b0b\"},\"description\":\"A TP-Link gy\u00e1rtotta okosaljzat \u00e9s okosizz\u00f3k ut\u00e1n ez\u00fattal a c\u00e9g okoskamer\u00e1it vett\u00fck g\u00f3rcs\u0151 al\u00e1, amelyek k\u00f6z\u00f6tt tal\u00e1lunk k\u00fclt\u00e9ri \u00e9s belt\u00e9ri megold\u00e1sokat is.\",\"breadcrumb\":{\"@id\":\"https:\/\/hir.mediamarkt.hu\/magazin\/okosotthont-epitunk-fokuszban-a-tp-link-okoskamerak\/#breadcrumb\"},\"inLanguage\":\"hu\",\"potentialAction\":[{\"@type\":\"ReadAction\",\"target\":[\"https:\/\/hir.mediamarkt.hu\/magazin\/okosotthont-epitunk-fokuszban-a-tp-link-okoskamerak\/\"]}]},{\"@type\":\"ImageObject\",\"inLanguage\":\"hu\",\"@id\":\"https:\/\/hir.mediamarkt.hu\/magazin\/okosotthont-epitunk-fokuszban-a-tp-link-okoskamerak\/#primaryimage\",\"url\":\"https:\/\/hir.mediamarkt.hu\/magazin\/wp-content\/uploads\/2021\/10\/tp_link_tapo_okoskamerak_teszt_01.png\",\"contentUrl\":\"https:\/\/hir.mediamarkt.hu\/magazin\/wp-content\/uploads\/2021\/10\/tp_link_tapo_okoskamerak_teszt_01.png\",\"width\":1024,\"height\":619},{\"@type\":\"BreadcrumbList\",\"@id\":\"https:\/\/hir.mediamarkt.hu\/magazin\/okosotthont-epitunk-fokuszban-a-tp-link-okoskamerak\/#breadcrumb\",\"itemListElement\":[{\"@type\":\"ListItem\",\"position\":1,\"name\":\"Kezd\u0151lap\",\"item\":\"https:\/\/hir.mediamarkt.hu\/magazin\/\"},{\"@type\":\"ListItem\",\"position\":2,\"name\":\"Okosotthont \u00e9p\u00edt\u00fcnk: f\u00f3kuszban a TP-link okoskamer\u00e1k\"}]},{\"@type\":\"WebSite\",\"@id\":\"https:\/\/hir.mediamarkt.hu\/magazin\/#website\",\"url\":\"https:\/\/hir.mediamarkt.hu\/magazin\/\",\"name\":\"MediaMarkt Magazin\",\"description\":\"Olvass bele magazinunkba!\",\"potentialAction\":[{\"@type\":\"SearchAction\",\"target\":{\"@type\":\"EntryPoint\",\"urlTemplate\":\"https:\/\/hir.mediamarkt.hu\/magazin\/?s={search_term_string}\"},\"query-input\":\"required name=search_term_string\"}],\"inLanguage\":\"hu\"},{\"@type\":\"Person\",\"@id\":\"https:\/\/hir.mediamarkt.hu\/magazin\/#\/schema\/person\/b93b02ec1ab4d2353f8d281e171c1b0b\",\"name\":\"Media Markt\",\"image\":{\"@type\":\"ImageObject\",\"inLanguage\":\"hu\",\"@id\":\"https:\/\/hir.mediamarkt.hu\/magazin\/#\/schema\/person\/image\/\",\"url\":\"https:\/\/secure.gravatar.com\/avatar\/602bccae8998beee472d01909f0978f1?s=96&d=mm&r=g\",\"contentUrl\":\"https:\/\/secure.gravatar.com\/avatar\/602bccae8998beee472d01909f0978f1?s=96&d=mm&r=g\",\"caption\":\"Media Markt\"}}]}<\/script>\n<!-- \/ Yoast SEO plugin. -->","yoast_head_json":{"title":"Okosotthont \u00e9p\u00edt\u00fcnk: f\u00f3kuszban a TP-link okoskamer\u00e1k - MediaMarkt Magazin","description":"A TP-Link gy\u00e1rtotta okosaljzat \u00e9s okosizz\u00f3k ut\u00e1n ez\u00fattal a c\u00e9g okoskamer\u00e1it vett\u00fck g\u00f3rcs\u0151 al\u00e1, amelyek k\u00f6z\u00f6tt tal\u00e1lunk k\u00fclt\u00e9ri \u00e9s belt\u00e9ri megold\u00e1sokat is.","robots":{"index":"index","follow":"follow","max-snippet":"max-snippet:-1","max-image-preview":"max-image-preview:large","max-video-preview":"max-video-preview:-1"},"canonical":"https:\/\/hir.mediamarkt.hu\/magazin\/okosotthont-epitunk-fokuszban-a-tp-link-okoskamerak\/","og_locale":"hu_HU","og_type":"article","og_title":"Okosotthont \u00e9p\u00edt\u00fcnk: f\u00f3kuszban a TP-link okoskamer\u00e1k - MediaMarkt Magazin","og_description":"A TP-Link gy\u00e1rtotta okosaljzat \u00e9s okosizz\u00f3k ut\u00e1n ez\u00fattal a c\u00e9g okoskamer\u00e1it vett\u00fck g\u00f3rcs\u0151 al\u00e1, amelyek k\u00f6z\u00f6tt tal\u00e1lunk k\u00fclt\u00e9ri \u00e9s belt\u00e9ri megold\u00e1sokat is.","og_url":"https:\/\/hir.mediamarkt.hu\/magazin\/okosotthont-epitunk-fokuszban-a-tp-link-okoskamerak\/","og_site_name":"MediaMarkt Magazin","article_publisher":"https:\/\/www.facebook.com\/MediaMarktMagyarorszag","article_published_time":"2021-10-21T15:54:12+00:00","article_modified_time":"2021-10-21T15:54:19+00:00","og_image":[{"width":1024,"height":619,"url":"https:\/\/hir.mediamarkt.hu\/magazin\/wp-content\/uploads\/2021\/10\/tp_link_tapo_okoskamerak_teszt_01.png","type":"image\/png"}],"author":"Media Markt","twitter_misc":{"Szerz\u0151:":"Media Markt","Becs\u00fclt olvas\u00e1si id\u0151":"5 perc"},"schema":{"@context":"https:\/\/schema.org","@graph":[{"@type":"WebPage","@id":"https:\/\/hir.mediamarkt.hu\/magazin\/okosotthont-epitunk-fokuszban-a-tp-link-okoskamerak\/","url":"https:\/\/hir.mediamarkt.hu\/magazin\/okosotthont-epitunk-fokuszban-a-tp-link-okoskamerak\/","name":"Okosotthont \u00e9p\u00edt\u00fcnk: f\u00f3kuszban a TP-link okoskamer\u00e1k - MediaMarkt Magazin","isPartOf":{"@id":"https:\/\/hir.mediamarkt.hu\/magazin\/#website"},"primaryImageOfPage":{"@id":"https:\/\/hir.mediamarkt.hu\/magazin\/okosotthont-epitunk-fokuszban-a-tp-link-okoskamerak\/#primaryimage"},"image":{"@id":"https:\/\/hir.mediamarkt.hu\/magazin\/okosotthont-epitunk-fokuszban-a-tp-link-okoskamerak\/#primaryimage"},"thumbnailUrl":"https:\/\/hir.mediamarkt.hu\/magazin\/wp-content\/uploads\/2021\/10\/tp_link_tapo_okoskamerak_teszt_01.png","datePublished":"2021-10-21T15:54:12+00:00","dateModified":"2021-10-21T15:54:19+00:00","author":{"@id":"https:\/\/hir.mediamarkt.hu\/magazin\/#\/schema\/person\/b93b02ec1ab4d2353f8d281e171c1b0b"},"description":"A TP-Link gy\u00e1rtotta okosaljzat \u00e9s okosizz\u00f3k ut\u00e1n ez\u00fattal a c\u00e9g okoskamer\u00e1it vett\u00fck g\u00f3rcs\u0151 al\u00e1, amelyek k\u00f6z\u00f6tt tal\u00e1lunk k\u00fclt\u00e9ri \u00e9s belt\u00e9ri megold\u00e1sokat is.","breadcrumb":{"@id":"https:\/\/hir.mediamarkt.hu\/magazin\/okosotthont-epitunk-fokuszban-a-tp-link-okoskamerak\/#breadcrumb"},"inLanguage":"hu","potentialAction":[{"@type":"ReadAction","target":["https:\/\/hir.mediamarkt.hu\/magazin\/okosotthont-epitunk-fokuszban-a-tp-link-okoskamerak\/"]}]},{"@type":"ImageObject","inLanguage":"hu","@id":"https:\/\/hir.mediamarkt.hu\/magazin\/okosotthont-epitunk-fokuszban-a-tp-link-okoskamerak\/#primaryimage","url":"https:\/\/hir.mediamarkt.hu\/magazin\/wp-content\/uploads\/2021\/10\/tp_link_tapo_okoskamerak_teszt_01.png","contentUrl":"https:\/\/hir.mediamarkt.hu\/magazin\/wp-content\/uploads\/2021\/10\/tp_link_tapo_okoskamerak_teszt_01.png","width":1024,"height":619},{"@type":"BreadcrumbList","@id":"https:\/\/hir.mediamarkt.hu\/magazin\/okosotthont-epitunk-fokuszban-a-tp-link-okoskamerak\/#breadcrumb","itemListElement":[{"@type":"ListItem","position":1,"name":"Kezd\u0151lap","item":"https:\/\/hir.mediamarkt.hu\/magazin\/"},{"@type":"ListItem","position":2,"name":"Okosotthont \u00e9p\u00edt\u00fcnk: f\u00f3kuszban a TP-link okoskamer\u00e1k"}]},{"@type":"WebSite","@id":"https:\/\/hir.mediamarkt.hu\/magazin\/#website","url":"https:\/\/hir.mediamarkt.hu\/magazin\/","name":"MediaMarkt Magazin","description":"Olvass bele magazinunkba!","potentialAction":[{"@type":"SearchAction","target":{"@type":"EntryPoint","urlTemplate":"https:\/\/hir.mediamarkt.hu\/magazin\/?s={search_term_string}"},"query-input":"required name=search_term_string"}],"inLanguage":"hu"},{"@type":"Person","@id":"https:\/\/hir.mediamarkt.hu\/magazin\/#\/schema\/person\/b93b02ec1ab4d2353f8d281e171c1b0b","name":"Media Markt","image":{"@type":"ImageObject","inLanguage":"hu","@id":"https:\/\/hir.mediamarkt.hu\/magazin\/#\/schema\/person\/image\/","url":"https:\/\/secure.gravatar.com\/avatar\/602bccae8998beee472d01909f0978f1?s=96&d=mm&r=g","contentUrl":"https:\/\/secure.gravatar.com\/avatar\/602bccae8998beee472d01909f0978f1?s=96&d=mm&r=g","caption":"Media Markt"}}]}},"_links":{"self":[{"href":"https:\/\/hir.mediamarkt.hu\/magazin\/wp-json\/wp\/v2\/posts\/13044"}],"collection":[{"href":"https:\/\/hir.mediamarkt.hu\/magazin\/wp-json\/wp\/v2\/posts"}],"about":[{"href":"https:\/\/hir.mediamarkt.hu\/magazin\/wp-json\/wp\/v2\/types\/post"}],"author":[{"embeddable":true,"href":"https:\/\/hir.mediamarkt.hu\/magazin\/wp-json\/wp\/v2\/users\/13"}],"replies":[{"embeddable":true,"href":"https:\/\/hir.mediamarkt.hu\/magazin\/wp-json\/wp\/v2\/comments?post=13044"}],"version-history":[{"count":9,"href":"https:\/\/hir.mediamarkt.hu\/magazin\/wp-json\/wp\/v2\/posts\/13044\/revisions"}],"predecessor-version":[{"id":13420,"href":"https:\/\/hir.mediamarkt.hu\/magazin\/wp-json\/wp\/v2\/posts\/13044\/revisions\/13420"}],"wp:featuredmedia":[{"embeddable":true,"href":"https:\/\/hir.mediamarkt.hu\/magazin\/wp-json\/wp\/v2\/media\/13421"}],"wp:attachment":[{"href":"https:\/\/hir.mediamarkt.hu\/magazin\/wp-json\/wp\/v2\/media?parent=13044"}],"wp:term":[{"taxonomy":"category","embeddable":true,"href":"https:\/\/hir.mediamarkt.hu\/magazin\/wp-json\/wp\/v2\/categories?post=13044"},{"taxonomy":"post_tag","embeddable":true,"href":"https:\/\/hir.mediamarkt.hu\/magazin\/wp-json\/wp\/v2\/tags?post=13044"}],"curies":[{"name":"wp","href":"https:\/\/api.w.org\/{rel}","templated":true}]}}