{"id":13346,"date":"2021-10-20T16:33:34","date_gmt":"2021-10-20T15:33:34","guid":{"rendered":"https:\/\/hir.mediamarkt.hu\/magazin\/?p=13346"},"modified":"2021-10-22T11:55:27","modified_gmt":"2021-10-22T10:55:27","slug":"nedis-okosotthon-megoldasok","status":"publish","type":"post","link":"https:\/\/hir.mediamarkt.hu\/magazin\/nedis-okosotthon-megoldasok\/","title":{"rendered":"Nedis okosotthon megold\u00e1sok"},"content":{"rendered":"\n<p class=\"has-text-align-justify\">Az okosotthon term\u00e9kek berobbantak a k\u00f6ztudatba. Nem kell falakat bontani, vagy sz\u00e1zezreket k\u00f6lteni r\u00e1. Helyette a legt\u00f6bb gy\u00e1rt\u00f3 modul\u00e1ris rendszerben gondolkodik, amely elemenk\u00e9nt \u00f6ssze\u00e1ll\u00edthat\u00f3, szabadon vari\u00e1lhat\u00f3. \u00cdgy tesz a holland m\u00e1rka, a Nedis is, amely k\u00e9t tucatn\u00e1l is t\u00f6bb k\u00fcl\u00f6nb\u00f6z\u0151 okosotthon term\u00e9ket k\u00edn\u00e1l, a kamer\u00e1kt\u00f3l kezdve a LED k\u00f6rt\u00e9ken, a f\u00fcst\u00e9rz\u00e9kel\u0151k\u00f6n, vide\u00f3kamer\u00e1s ajt\u00f3cseng\u0151k\u00f6n \u00e1t eg\u00e9szen az intelligens h\u00e1l\u00f3zati dugaljakig.<\/p>\n\n\n\n<h2 class=\"wp-block-heading\">Egy app mind felett&nbsp;<\/h2>\n\n\n\n<p class=\"has-text-align-justify\">Az \u00f6sszes okosotthon term\u00e9k a Nedis SmartLife alkalmaz\u00e1son kereszt\u00fcl kezelhet\u0151. Androidosoknak Google Play \u00c1ruh\u00e1zb\u00f3l, m\u00edg iOS-t, vagy iPad OS-t haszn\u00e1l\u00f3knak az App Store-b\u00f3l ingyenesen let\u00f6lthet\u0151 az alkalmaz\u00e1s.&nbsp;<\/p>\n\n\n\n<p class=\"has-text-align-justify\">Els\u0151nek a let\u00f6lt\u00e9st k\u00f6vet\u0151en l\u00e9tre kell hozni egy szem\u00e9lyes profilt, illetve csatlakoztatni kell az alkalmaz\u00e1st az otthoni WiFi h\u00e1l\u00f3zathoz.<\/p>\n\n\n\n<figure class=\"wp-block-gallery columns-3 is-cropped wp-block-gallery-2 is-layout-flex wp-block-gallery-is-layout-flex\"><ul class=\"blocks-gallery-grid\"><li class=\"blocks-gallery-item\"><figure><img loading=\"lazy\" decoding=\"async\" width=\"462\" height=\"1000\" src=\"https:\/\/hir.mediamarkt.hu\/magazin\/wp-content\/uploads\/2021\/10\/nedis-smartlife-app-1.jpg\" alt=\"\" data-id=\"13387\" data-full-url=\"https:\/\/hir.mediamarkt.hu\/magazin\/wp-content\/uploads\/2021\/10\/nedis-smartlife-app-1.jpg\" data-link=\"https:\/\/hir.mediamarkt.hu\/magazin\/?attachment_id=13387\" class=\"wp-image-13387\" srcset=\"https:\/\/hir.mediamarkt.hu\/magazin\/wp-content\/uploads\/2021\/10\/nedis-smartlife-app-1.jpg 462w, https:\/\/hir.mediamarkt.hu\/magazin\/wp-content\/uploads\/2021\/10\/nedis-smartlife-app-1-139x300.jpg 139w, https:\/\/hir.mediamarkt.hu\/magazin\/wp-content\/uploads\/2021\/10\/nedis-smartlife-app-1-231x500.jpg 231w\" sizes=\"(max-width: 462px) 100vw, 462px\" \/><\/figure><\/li><li class=\"blocks-gallery-item\"><figure><img loading=\"lazy\" decoding=\"async\" width=\"462\" height=\"1000\" src=\"https:\/\/hir.mediamarkt.hu\/magazin\/wp-content\/uploads\/2021\/10\/nedis-smartlife-app-2.jpg\" alt=\"\" data-id=\"13388\" data-full-url=\"https:\/\/hir.mediamarkt.hu\/magazin\/wp-content\/uploads\/2021\/10\/nedis-smartlife-app-2.jpg\" data-link=\"https:\/\/hir.mediamarkt.hu\/magazin\/?attachment_id=13388\" class=\"wp-image-13388\" srcset=\"https:\/\/hir.mediamarkt.hu\/magazin\/wp-content\/uploads\/2021\/10\/nedis-smartlife-app-2.jpg 462w, https:\/\/hir.mediamarkt.hu\/magazin\/wp-content\/uploads\/2021\/10\/nedis-smartlife-app-2-139x300.jpg 139w, https:\/\/hir.mediamarkt.hu\/magazin\/wp-content\/uploads\/2021\/10\/nedis-smartlife-app-2-231x500.jpg 231w\" sizes=\"(max-width: 462px) 100vw, 462px\" \/><\/figure><\/li><li class=\"blocks-gallery-item\"><figure><img loading=\"lazy\" decoding=\"async\" width=\"462\" height=\"1000\" src=\"https:\/\/hir.mediamarkt.hu\/magazin\/wp-content\/uploads\/2021\/10\/nedis-smartlife-app-3.jpg\" alt=\"\" data-id=\"13389\" data-full-url=\"https:\/\/hir.mediamarkt.hu\/magazin\/wp-content\/uploads\/2021\/10\/nedis-smartlife-app-3.jpg\" data-link=\"https:\/\/hir.mediamarkt.hu\/magazin\/?attachment_id=13389\" class=\"wp-image-13389\" srcset=\"https:\/\/hir.mediamarkt.hu\/magazin\/wp-content\/uploads\/2021\/10\/nedis-smartlife-app-3.jpg 462w, https:\/\/hir.mediamarkt.hu\/magazin\/wp-content\/uploads\/2021\/10\/nedis-smartlife-app-3-139x300.jpg 139w, https:\/\/hir.mediamarkt.hu\/magazin\/wp-content\/uploads\/2021\/10\/nedis-smartlife-app-3-231x500.jpg 231w\" sizes=\"(max-width: 462px) 100vw, 462px\" \/><\/figure><\/li><\/ul><\/figure>\n\n\n\n<p class=\"has-text-align-justify\">A Nedis smart home term\u00e9kekhez nincs sz\u00fcks\u00e9g k\u00f6zponti vez\u00e9rl\u0151re (gateway-re), helyette 2,4 Ghz-es WiFi h\u00e1l\u00f3zaton kommunik\u00e1lnak. Ez viszont egyr\u00e9szt azt ig\u00e9nyli, hogy olyan WiFi router legyen otthon, amely lefedi a teljes ter\u00fcletet vezet\u00e9k n\u00e9lk\u00fcli h\u00e1l\u00f3zattal. \u00c9rdemes azt is megn\u00e9zni, hogy mennyi eszk\u00f6zt k\u00e9pes kezelni a router, hiszen ebben is lehet korl\u00e1tja. Egyes \u00fajabb routerek m\u00e1r ak\u00e1r k\u00fcl\u00f6n antenn\u00e1k \u00e1llnak rendelkez\u00e9sre IoT term\u00e9kekhez. Ha a lak\u00e1s, vagy h\u00e1z nagy, \u00e9rdemes lehet \u00e1tgondolni egy mesh router h\u00e1l\u00f3zatot, vagy egy PPOE lehet\u0151s\u00e9get is az optim\u00e1lis lefedetts\u00e9g\u00e9rt.<\/p>\n\n\n\n<h2 class=\"wp-block-heading\">Nem kell villanyszerel\u0151 a Nedis term\u00e9kekhez<\/h2>\n\n\n\n<p class=\"has-text-align-justify\">Ha megvan a profil, akkor az app Otthonom fel\u00fclet\u00e9n hozz\u00e1 lehet adni a k\u00fcl\u00f6nb\u00f6z\u0151 term\u00e9keket, amelyeket megv\u00e1s\u00e1roltunk. Ez lehet ak\u00e1r egyetlen egy RGB-s villanyk\u00f6rte, vagy ak\u00e1r 30 k\u00fcl\u00f6nb\u00f6z\u0151 Nedis term\u00e9k is &#8211; mindet tudjuk ut\u00e1na vez\u00e9relni.<\/p>\n\n\n\n<figure class=\"wp-block-gallery columns-2 is-cropped wp-block-gallery-3 is-layout-flex wp-block-gallery-is-layout-flex\"><ul class=\"blocks-gallery-grid\"><li class=\"blocks-gallery-item\"><figure><img loading=\"lazy\" decoding=\"async\" width=\"462\" height=\"1000\" src=\"https:\/\/hir.mediamarkt.hu\/magazin\/wp-content\/uploads\/2021\/10\/nedis-smartlife-app-4.jpg\" alt=\"\" data-id=\"13390\" data-full-url=\"https:\/\/hir.mediamarkt.hu\/magazin\/wp-content\/uploads\/2021\/10\/nedis-smartlife-app-4.jpg\" data-link=\"https:\/\/hir.mediamarkt.hu\/magazin\/?attachment_id=13390\" class=\"wp-image-13390\" srcset=\"https:\/\/hir.mediamarkt.hu\/magazin\/wp-content\/uploads\/2021\/10\/nedis-smartlife-app-4.jpg 462w, https:\/\/hir.mediamarkt.hu\/magazin\/wp-content\/uploads\/2021\/10\/nedis-smartlife-app-4-139x300.jpg 139w, https:\/\/hir.mediamarkt.hu\/magazin\/wp-content\/uploads\/2021\/10\/nedis-smartlife-app-4-231x500.jpg 231w\" sizes=\"(max-width: 462px) 100vw, 462px\" \/><\/figure><\/li><li class=\"blocks-gallery-item\"><figure><img loading=\"lazy\" decoding=\"async\" width=\"462\" height=\"1000\" src=\"https:\/\/hir.mediamarkt.hu\/magazin\/wp-content\/uploads\/2021\/10\/nedis-smartlife-app-5.jpg\" alt=\"\" data-id=\"13391\" data-full-url=\"https:\/\/hir.mediamarkt.hu\/magazin\/wp-content\/uploads\/2021\/10\/nedis-smartlife-app-5.jpg\" data-link=\"https:\/\/hir.mediamarkt.hu\/magazin\/?attachment_id=13391\" class=\"wp-image-13391\" srcset=\"https:\/\/hir.mediamarkt.hu\/magazin\/wp-content\/uploads\/2021\/10\/nedis-smartlife-app-5.jpg 462w, https:\/\/hir.mediamarkt.hu\/magazin\/wp-content\/uploads\/2021\/10\/nedis-smartlife-app-5-139x300.jpg 139w, https:\/\/hir.mediamarkt.hu\/magazin\/wp-content\/uploads\/2021\/10\/nedis-smartlife-app-5-231x500.jpg 231w\" sizes=\"(max-width: 462px) 100vw, 462px\" \/><\/figure><\/li><\/ul><\/figure>\n\n\n\n<p class=\"has-text-align-justify\">Egyes term\u00e9kek eset\u00e9ben a rajtuk l\u00e9v\u0151 gombbal kezdem\u00e9nyezhet\u0151 a p\u00e1ros\u00edt\u00e1si m\u00f3d, de pl. a LED-es f\u00e9nyforr\u00e1sokn\u00e1l el\u00e9g az is, ha becsavarjuk \u0151ket a foglalatba \u00e9s felkapcsoljuk az \u00e1ramot, ezut\u00e1n elkezd villogni \u00e9s m\u00e1r p\u00e1ros\u00edthat\u00f3 is.<\/p>\n\n\n\n<p class=\"has-text-align-justify\">A Nedis SmartLife appban hozz\u00e1adott alkalmaz\u00e1sok k\u00e9s\u0151bb ak\u00e1r Amazon Alexa, vagy Google Home rendszerhez is p\u00e1ros\u00edthat\u00f3k. A hangutas\u00edt\u00e1sok azonban magyarul nem m\u0171k\u00f6dnek, angolul viszont j\u00f3l lehet vez\u00e9relni.<\/p>\n\n\n\n<figure class=\"wp-block-embed is-type-video is-provider-youtube wp-block-embed-youtube wp-embed-aspect-16-9 wp-has-aspect-ratio\"><div class=\"wp-block-embed__wrapper\">\n<iframe loading=\"lazy\" title=\"Nedis okosotthon kieg\u00e9sz\u00edt\u0151k a MediaMarktban! Nedis SmartLife\" width=\"900\" height=\"506\" src=\"https:\/\/www.youtube.com\/embed\/8837_Amz1wI?feature=oembed\" frameborder=\"0\" allow=\"accelerometer; autoplay; clipboard-write; encrypted-media; gyroscope; picture-in-picture; web-share\" referrerpolicy=\"strict-origin-when-cross-origin\" allowfullscreen><\/iframe>\n<\/div><\/figure>\n\n\n\n<h2 class=\"wp-block-heading\">Nedis 9W E27 intelligens LED villanyk\u00f6rte<\/h2>\n\n\n\n<p class=\"has-text-align-justify\">Az izz\u00f3sz\u00e1las villanyk\u00f6rt\u00e9ket mostanra szinte teljesen lev\u00e1ltott\u00e1k a LED-ek. A Nedis is k\u00edn\u00e1l villanyk\u00f6rt\u00e9t t\u00f6bbf\u00e9le foglalattal is, mi most a 6 wattos E27-est mutatjuk be, amely k\u00e9pes feh\u00e9r mellett t\u00f6bb m\u00e1s sz\u00ednben is vil\u00e1g\u00edtani, amelyet telefonr\u00f3l lehet vez\u00e9relni.<\/p>\n\n\n\n<figure class=\"wp-block-image size-large\"><img loading=\"lazy\" decoding=\"async\" width=\"1024\" height=\"768\" src=\"https:\/\/hir.mediamarkt.hu\/magazin\/wp-content\/uploads\/2021\/10\/nedis-okos-rgb-led-6-1024x768.jpg\" alt=\"\" class=\"wp-image-13370\" srcset=\"https:\/\/hir.mediamarkt.hu\/magazin\/wp-content\/uploads\/2021\/10\/nedis-okos-rgb-led-6-1024x768.jpg 1024w, https:\/\/hir.mediamarkt.hu\/magazin\/wp-content\/uploads\/2021\/10\/nedis-okos-rgb-led-6-300x225.jpg 300w, https:\/\/hir.mediamarkt.hu\/magazin\/wp-content\/uploads\/2021\/10\/nedis-okos-rgb-led-6-275x206.jpg 275w, https:\/\/hir.mediamarkt.hu\/magazin\/wp-content\/uploads\/2021\/10\/nedis-okos-rgb-led-6-768x576.jpg 768w, https:\/\/hir.mediamarkt.hu\/magazin\/wp-content\/uploads\/2021\/10\/nedis-okos-rgb-led-6-500x375.jpg 500w, https:\/\/hir.mediamarkt.hu\/magazin\/wp-content\/uploads\/2021\/10\/nedis-okos-rgb-led-6.jpg 1200w\" sizes=\"(max-width: 1024px) 100vw, 1024px\" \/><\/figure>\n\n\n\n<p class=\"has-text-align-justify\">A hagyom\u00e1nyos foglalatba illeszked\u0151 k\u00f6rte 6 wattos teljes\u00edtm\u00e9nye a r\u00e9gi 40 wattos izz\u00f3sz\u00e1las megold\u00e1snak felel meg. Egy ilyen f\u00e9nyforr\u00e1s teh\u00e1t els\u0151sorban kisebb ter\u00fcletek, vagy helyis\u00e9gek megvil\u00e1g\u00edt\u00e1s\u00e1ra ide\u00e1lis a 427 lumen f\u00e9nyerej\u00e9vel. A teszt\u00fcnkben bemutatott csomagban a doboz k\u00e9t ilyen villanyk\u00f6rt\u00e9t is tartalmaz, el\u00e9rhet\u0151 viszont egydarabos kiszerel\u00e9sben is.<\/p>\n\n\n\n<figure class=\"wp-block-gallery columns-3 is-cropped wp-block-gallery-4 is-layout-flex wp-block-gallery-is-layout-flex\"><ul class=\"blocks-gallery-grid\"><li class=\"blocks-gallery-item\"><figure><img loading=\"lazy\" decoding=\"async\" width=\"1024\" height=\"768\" src=\"https:\/\/hir.mediamarkt.hu\/magazin\/wp-content\/uploads\/2021\/10\/nedis-okos-rgb-led-2-1024x768.jpg\" alt=\"\" data-id=\"13371\" data-full-url=\"https:\/\/hir.mediamarkt.hu\/magazin\/wp-content\/uploads\/2021\/10\/nedis-okos-rgb-led-2.jpg\" data-link=\"https:\/\/hir.mediamarkt.hu\/magazin\/?attachment_id=13371\" class=\"wp-image-13371\" srcset=\"https:\/\/hir.mediamarkt.hu\/magazin\/wp-content\/uploads\/2021\/10\/nedis-okos-rgb-led-2-1024x768.jpg 1024w, https:\/\/hir.mediamarkt.hu\/magazin\/wp-content\/uploads\/2021\/10\/nedis-okos-rgb-led-2-300x225.jpg 300w, https:\/\/hir.mediamarkt.hu\/magazin\/wp-content\/uploads\/2021\/10\/nedis-okos-rgb-led-2-275x206.jpg 275w, https:\/\/hir.mediamarkt.hu\/magazin\/wp-content\/uploads\/2021\/10\/nedis-okos-rgb-led-2-768x576.jpg 768w, https:\/\/hir.mediamarkt.hu\/magazin\/wp-content\/uploads\/2021\/10\/nedis-okos-rgb-led-2-500x375.jpg 500w, https:\/\/hir.mediamarkt.hu\/magazin\/wp-content\/uploads\/2021\/10\/nedis-okos-rgb-led-2.jpg 1200w\" sizes=\"(max-width: 1024px) 100vw, 1024px\" \/><\/figure><\/li><li class=\"blocks-gallery-item\"><figure><img loading=\"lazy\" decoding=\"async\" width=\"1024\" height=\"768\" src=\"https:\/\/hir.mediamarkt.hu\/magazin\/wp-content\/uploads\/2021\/10\/nedis-okos-rgb-led-3-1024x768.jpg\" alt=\"\" data-id=\"13372\" data-full-url=\"https:\/\/hir.mediamarkt.hu\/magazin\/wp-content\/uploads\/2021\/10\/nedis-okos-rgb-led-3.jpg\" data-link=\"https:\/\/hir.mediamarkt.hu\/magazin\/?attachment_id=13372\" class=\"wp-image-13372\" srcset=\"https:\/\/hir.mediamarkt.hu\/magazin\/wp-content\/uploads\/2021\/10\/nedis-okos-rgb-led-3-1024x768.jpg 1024w, https:\/\/hir.mediamarkt.hu\/magazin\/wp-content\/uploads\/2021\/10\/nedis-okos-rgb-led-3-300x225.jpg 300w, https:\/\/hir.mediamarkt.hu\/magazin\/wp-content\/uploads\/2021\/10\/nedis-okos-rgb-led-3-275x206.jpg 275w, https:\/\/hir.mediamarkt.hu\/magazin\/wp-content\/uploads\/2021\/10\/nedis-okos-rgb-led-3-768x576.jpg 768w, https:\/\/hir.mediamarkt.hu\/magazin\/wp-content\/uploads\/2021\/10\/nedis-okos-rgb-led-3-500x375.jpg 500w, https:\/\/hir.mediamarkt.hu\/magazin\/wp-content\/uploads\/2021\/10\/nedis-okos-rgb-led-3.jpg 1200w\" sizes=\"(max-width: 1024px) 100vw, 1024px\" \/><\/figure><\/li><li class=\"blocks-gallery-item\"><figure><img loading=\"lazy\" decoding=\"async\" width=\"1024\" height=\"768\" src=\"https:\/\/hir.mediamarkt.hu\/magazin\/wp-content\/uploads\/2021\/10\/nedis-okos-rgb-led-4-1024x768.jpg\" alt=\"\" data-id=\"13373\" data-full-url=\"https:\/\/hir.mediamarkt.hu\/magazin\/wp-content\/uploads\/2021\/10\/nedis-okos-rgb-led-4.jpg\" data-link=\"https:\/\/hir.mediamarkt.hu\/magazin\/?attachment_id=13373\" class=\"wp-image-13373\" srcset=\"https:\/\/hir.mediamarkt.hu\/magazin\/wp-content\/uploads\/2021\/10\/nedis-okos-rgb-led-4-1024x768.jpg 1024w, https:\/\/hir.mediamarkt.hu\/magazin\/wp-content\/uploads\/2021\/10\/nedis-okos-rgb-led-4-300x225.jpg 300w, https:\/\/hir.mediamarkt.hu\/magazin\/wp-content\/uploads\/2021\/10\/nedis-okos-rgb-led-4-275x206.jpg 275w, https:\/\/hir.mediamarkt.hu\/magazin\/wp-content\/uploads\/2021\/10\/nedis-okos-rgb-led-4-768x576.jpg 768w, https:\/\/hir.mediamarkt.hu\/magazin\/wp-content\/uploads\/2021\/10\/nedis-okos-rgb-led-4-500x375.jpg 500w, https:\/\/hir.mediamarkt.hu\/magazin\/wp-content\/uploads\/2021\/10\/nedis-okos-rgb-led-4.jpg 1200w\" sizes=\"(max-width: 1024px) 100vw, 1024px\" \/><\/figure><\/li><li class=\"blocks-gallery-item\"><figure><img loading=\"lazy\" decoding=\"async\" width=\"1024\" height=\"768\" src=\"https:\/\/hir.mediamarkt.hu\/magazin\/wp-content\/uploads\/2021\/10\/nedis-okos-rgb-led-5-1024x768.jpg\" alt=\"\" data-id=\"13374\" data-full-url=\"https:\/\/hir.mediamarkt.hu\/magazin\/wp-content\/uploads\/2021\/10\/nedis-okos-rgb-led-5.jpg\" data-link=\"https:\/\/hir.mediamarkt.hu\/magazin\/?attachment_id=13374\" class=\"wp-image-13374\" srcset=\"https:\/\/hir.mediamarkt.hu\/magazin\/wp-content\/uploads\/2021\/10\/nedis-okos-rgb-led-5-1024x768.jpg 1024w, https:\/\/hir.mediamarkt.hu\/magazin\/wp-content\/uploads\/2021\/10\/nedis-okos-rgb-led-5-300x225.jpg 300w, https:\/\/hir.mediamarkt.hu\/magazin\/wp-content\/uploads\/2021\/10\/nedis-okos-rgb-led-5-275x206.jpg 275w, https:\/\/hir.mediamarkt.hu\/magazin\/wp-content\/uploads\/2021\/10\/nedis-okos-rgb-led-5-768x576.jpg 768w, https:\/\/hir.mediamarkt.hu\/magazin\/wp-content\/uploads\/2021\/10\/nedis-okos-rgb-led-5-500x375.jpg 500w, https:\/\/hir.mediamarkt.hu\/magazin\/wp-content\/uploads\/2021\/10\/nedis-okos-rgb-led-5.jpg 1200w\" sizes=\"(max-width: 1024px) 100vw, 1024px\" \/><\/figure><\/li><\/ul><\/figure>\n\n\n\n<p class=\"has-text-align-justify\">Az alkalmaz\u00e1s t\u00f6bbf\u00e9le lehet\u0151s\u00e9get is k\u00edn\u00e1l a vez\u00e9rl\u00e9sre. Ha csak norm\u00e1l, feh\u00e9r f\u00e9ny\u0171 f\u00e9nyforr\u00e1sk\u00e9nt haszn\u00e1ln\u00e1nk, f\u00e9nyer\u0151t \u00e1ll\u00edthatunk. V\u00e1laszthat\u00f3 azonban sz\u00edn is, itt m\u00e1r egy teljes sz\u00ednk\u00f6r l\u00e1that\u00f3, amib\u0151l v\u00e1laszthatunk, hogy melyik \u00e1rnyalattal vil\u00e1g\u00edtson a Nedis \u00e9g\u0151je. Vannak k\u00fcl\u00f6nb\u00f6z\u0151 hangulathoz, vagy tev\u00e9kenys\u00e9ghez kapcsol\u00f3d\u00f3 m\u00f3dok is, \u00edgy ak\u00e1r munk\u00e1hoz, olvas\u00e1shoz is \u00e1ll\u00edthatunk f\u00e9nyeket, ezek ak\u00e1r v\u00e1ltozhatnak is folyamatosan az adott m\u00f3dt\u00f3l f\u00fcgg\u0151en.<\/p>\n\n\n\n<figure class=\"wp-block-gallery columns-3 is-cropped wp-block-gallery-5 is-layout-flex wp-block-gallery-is-layout-flex\"><ul class=\"blocks-gallery-grid\"><li class=\"blocks-gallery-item\"><figure><img loading=\"lazy\" decoding=\"async\" width=\"462\" height=\"1000\" src=\"https:\/\/hir.mediamarkt.hu\/magazin\/wp-content\/uploads\/2021\/10\/nedis-smartlife-app-6.jpg\" alt=\"\" data-id=\"13396\" data-full-url=\"https:\/\/hir.mediamarkt.hu\/magazin\/wp-content\/uploads\/2021\/10\/nedis-smartlife-app-6.jpg\" data-link=\"https:\/\/hir.mediamarkt.hu\/magazin\/?attachment_id=13396\" class=\"wp-image-13396\" srcset=\"https:\/\/hir.mediamarkt.hu\/magazin\/wp-content\/uploads\/2021\/10\/nedis-smartlife-app-6.jpg 462w, https:\/\/hir.mediamarkt.hu\/magazin\/wp-content\/uploads\/2021\/10\/nedis-smartlife-app-6-139x300.jpg 139w, https:\/\/hir.mediamarkt.hu\/magazin\/wp-content\/uploads\/2021\/10\/nedis-smartlife-app-6-231x500.jpg 231w\" sizes=\"(max-width: 462px) 100vw, 462px\" \/><\/figure><\/li><li class=\"blocks-gallery-item\"><figure><img loading=\"lazy\" decoding=\"async\" width=\"462\" height=\"1000\" src=\"https:\/\/hir.mediamarkt.hu\/magazin\/wp-content\/uploads\/2021\/10\/nedis-smartlife-app-7.jpg\" alt=\"\" data-id=\"13397\" data-full-url=\"https:\/\/hir.mediamarkt.hu\/magazin\/wp-content\/uploads\/2021\/10\/nedis-smartlife-app-7.jpg\" data-link=\"https:\/\/hir.mediamarkt.hu\/magazin\/?attachment_id=13397\" class=\"wp-image-13397\" srcset=\"https:\/\/hir.mediamarkt.hu\/magazin\/wp-content\/uploads\/2021\/10\/nedis-smartlife-app-7.jpg 462w, https:\/\/hir.mediamarkt.hu\/magazin\/wp-content\/uploads\/2021\/10\/nedis-smartlife-app-7-139x300.jpg 139w, https:\/\/hir.mediamarkt.hu\/magazin\/wp-content\/uploads\/2021\/10\/nedis-smartlife-app-7-231x500.jpg 231w\" sizes=\"(max-width: 462px) 100vw, 462px\" \/><\/figure><\/li><li class=\"blocks-gallery-item\"><figure><img loading=\"lazy\" decoding=\"async\" width=\"462\" height=\"1000\" src=\"https:\/\/hir.mediamarkt.hu\/magazin\/wp-content\/uploads\/2021\/10\/nedis-smartlife-app-8.jpg\" alt=\"\" data-id=\"13398\" data-full-url=\"https:\/\/hir.mediamarkt.hu\/magazin\/wp-content\/uploads\/2021\/10\/nedis-smartlife-app-8.jpg\" data-link=\"https:\/\/hir.mediamarkt.hu\/magazin\/?attachment_id=13398\" class=\"wp-image-13398\" srcset=\"https:\/\/hir.mediamarkt.hu\/magazin\/wp-content\/uploads\/2021\/10\/nedis-smartlife-app-8.jpg 462w, https:\/\/hir.mediamarkt.hu\/magazin\/wp-content\/uploads\/2021\/10\/nedis-smartlife-app-8-139x300.jpg 139w, https:\/\/hir.mediamarkt.hu\/magazin\/wp-content\/uploads\/2021\/10\/nedis-smartlife-app-8-231x500.jpg 231w\" sizes=\"(max-width: 462px) 100vw, 462px\" \/><\/figure><\/li><\/ul><\/figure>\n\n\n\n<p class=\"has-text-align-justify\">Mivel okosotthonr\u00f3l van sz\u00f3, \u00edgy term\u00e9szetesen be\u00e1ll\u00edthat\u00f3k id\u0151z\u00edt\u00e9sek, fel-lekapcsol\u00e1sok. Lehet\u0151s\u00e9g van bizonyos id\u0151pontokban felkapcsolni, lekapcsolni a f\u00e9nyt, de a t\u00f6bbi kieg\u00e9sz\u00edt\u0151vel k\u00f6z\u00f6sen bizonyos esem\u00e9nyekhez is rendelhet\u0151 a kapcsol\u00e1s. Ilyen lehet p\u00e9ld\u00e1ul a mozg\u00e1s\u00e9rz\u00e9kel\u0151vel val\u00f3 kooper\u00e1l\u00e1s, amikor valamilyen mozg\u00e1s t\u00f6rt\u00e9nik, felkapcsol a l\u00e1mpa.<\/p>\n\n\n\n<h2 class=\"wp-block-heading\">Nedis okoskonnektorok<\/h2>\n\n\n\n<p class=\"has-text-align-justify\">K\u00e9tf\u00e9le okoskonnektort is k\u00edn\u00e1l a Nedis, igaz ezek tud\u00e1sa nagyj\u00e1b\u00f3l megegyezik. A <a href=\"https:\/\/www.mediamarkt.hu\/hu\/product\/_nedis-wifip110fwt-okoskonnektor-10a-schuko-type-f-1311701.html\" target=\"_blank\" rel=\"noreferrer noopener\">WIFIP110FWT<\/a> t\u00edpusjelz\u00e9s\u0171 kis m\u00e9ret\u0171, kerek k\u00e9sz\u00fcl\u00e9kh\u00e1zzal.&nbsp; A <a href=\"https:\/\/www.mediamarkt.hu\/hu\/product\/_nedis-wifip130fwt-okoskonnektor-10a-schuko-type-f-1311703.html\" target=\"_blank\" rel=\"noreferrer noopener\">WIFIP130FWT<\/a> kicsivel nagyobb, n\u00e9gyzetes kialak\u00edt\u00e1s\u00fa k\u00e9sz\u00fcl\u00e9kh\u00e1zat kapott.<\/p>\n\n\n\n<figure class=\"wp-block-gallery columns-3 is-cropped wp-block-gallery-6 is-layout-flex wp-block-gallery-is-layout-flex\"><ul class=\"blocks-gallery-grid\"><li class=\"blocks-gallery-item\"><figure><img loading=\"lazy\" decoding=\"async\" width=\"1024\" height=\"768\" src=\"https:\/\/hir.mediamarkt.hu\/magazin\/wp-content\/uploads\/2021\/10\/nedis-okoskonnektor-7-1024x768.jpg\" alt=\"\" data-id=\"13358\" data-full-url=\"https:\/\/hir.mediamarkt.hu\/magazin\/wp-content\/uploads\/2021\/10\/nedis-okoskonnektor-7.jpg\" data-link=\"https:\/\/hir.mediamarkt.hu\/magazin\/?attachment_id=13358\" class=\"wp-image-13358\" srcset=\"https:\/\/hir.mediamarkt.hu\/magazin\/wp-content\/uploads\/2021\/10\/nedis-okoskonnektor-7-1024x768.jpg 1024w, https:\/\/hir.mediamarkt.hu\/magazin\/wp-content\/uploads\/2021\/10\/nedis-okoskonnektor-7-300x225.jpg 300w, https:\/\/hir.mediamarkt.hu\/magazin\/wp-content\/uploads\/2021\/10\/nedis-okoskonnektor-7-275x206.jpg 275w, https:\/\/hir.mediamarkt.hu\/magazin\/wp-content\/uploads\/2021\/10\/nedis-okoskonnektor-7-768x576.jpg 768w, https:\/\/hir.mediamarkt.hu\/magazin\/wp-content\/uploads\/2021\/10\/nedis-okoskonnektor-7-500x375.jpg 500w, https:\/\/hir.mediamarkt.hu\/magazin\/wp-content\/uploads\/2021\/10\/nedis-okoskonnektor-7.jpg 1200w\" sizes=\"(max-width: 1024px) 100vw, 1024px\" \/><\/figure><\/li><li class=\"blocks-gallery-item\"><figure><img loading=\"lazy\" decoding=\"async\" width=\"1024\" height=\"768\" src=\"https:\/\/hir.mediamarkt.hu\/magazin\/wp-content\/uploads\/2021\/10\/nedis-okoskonnektor-8-1024x768.jpg\" alt=\"\" data-id=\"13359\" data-full-url=\"https:\/\/hir.mediamarkt.hu\/magazin\/wp-content\/uploads\/2021\/10\/nedis-okoskonnektor-8.jpg\" data-link=\"https:\/\/hir.mediamarkt.hu\/magazin\/?attachment_id=13359\" class=\"wp-image-13359\" srcset=\"https:\/\/hir.mediamarkt.hu\/magazin\/wp-content\/uploads\/2021\/10\/nedis-okoskonnektor-8-1024x768.jpg 1024w, https:\/\/hir.mediamarkt.hu\/magazin\/wp-content\/uploads\/2021\/10\/nedis-okoskonnektor-8-300x225.jpg 300w, https:\/\/hir.mediamarkt.hu\/magazin\/wp-content\/uploads\/2021\/10\/nedis-okoskonnektor-8-275x206.jpg 275w, https:\/\/hir.mediamarkt.hu\/magazin\/wp-content\/uploads\/2021\/10\/nedis-okoskonnektor-8-768x576.jpg 768w, https:\/\/hir.mediamarkt.hu\/magazin\/wp-content\/uploads\/2021\/10\/nedis-okoskonnektor-8-500x375.jpg 500w, https:\/\/hir.mediamarkt.hu\/magazin\/wp-content\/uploads\/2021\/10\/nedis-okoskonnektor-8.jpg 1200w\" sizes=\"(max-width: 1024px) 100vw, 1024px\" \/><\/figure><\/li><li class=\"blocks-gallery-item\"><figure><img loading=\"lazy\" decoding=\"async\" width=\"1024\" height=\"768\" src=\"https:\/\/hir.mediamarkt.hu\/magazin\/wp-content\/uploads\/2021\/10\/nedis-okoskonnektor-9-1024x768.jpg\" alt=\"\" data-id=\"13360\" data-full-url=\"https:\/\/hir.mediamarkt.hu\/magazin\/wp-content\/uploads\/2021\/10\/nedis-okoskonnektor-9.jpg\" data-link=\"https:\/\/hir.mediamarkt.hu\/magazin\/?attachment_id=13360\" class=\"wp-image-13360\" srcset=\"https:\/\/hir.mediamarkt.hu\/magazin\/wp-content\/uploads\/2021\/10\/nedis-okoskonnektor-9-1024x768.jpg 1024w, https:\/\/hir.mediamarkt.hu\/magazin\/wp-content\/uploads\/2021\/10\/nedis-okoskonnektor-9-300x225.jpg 300w, https:\/\/hir.mediamarkt.hu\/magazin\/wp-content\/uploads\/2021\/10\/nedis-okoskonnektor-9-275x206.jpg 275w, https:\/\/hir.mediamarkt.hu\/magazin\/wp-content\/uploads\/2021\/10\/nedis-okoskonnektor-9-768x576.jpg 768w, https:\/\/hir.mediamarkt.hu\/magazin\/wp-content\/uploads\/2021\/10\/nedis-okoskonnektor-9-500x375.jpg 500w, https:\/\/hir.mediamarkt.hu\/magazin\/wp-content\/uploads\/2021\/10\/nedis-okoskonnektor-9.jpg 1200w\" sizes=\"(max-width: 1024px) 100vw, 1024px\" \/><\/figure><\/li><\/ul><figcaption class=\"blocks-gallery-caption\">Egym\u00e1s mellett a k\u00e9t okoskonnektor<\/figcaption><\/figure>\n\n\n\n<p class=\"has-text-align-justify\">K\u00f6z\u00f6s tulajdons\u00e1guk, hogy mind a kett\u0151 2500 wattos maxim\u00e1lis teljes\u00edtm\u00e9nyt k\u00e9pes kezelni, 10 amper \u00e1ramer\u0151ss\u00e9g mellett.<\/p>\n\n\n\n<p class=\"has-text-align-justify\">A SmartLife alkalmaz\u00e1sban a csatlakoztatott okoskonnektort b\u00e1rmikor le lehet kapcsolni otthont\u00f3l t\u00e1vol is a WiFi t\u00e1mogat\u00e1s miatt.&nbsp; Emellett van id\u0151z\u00edt\u0151 \u00e9s visszasz\u00e1ml\u00e1l\u00f3 is. Ezzel \u00fagymond \u201cfelokos\u00edthat\u00f3k\u201d egyes term\u00e9kek, amelyek nem ig\u00e9nyelnek komolyabb be\u00e1ll\u00edt\u00e1st a m\u0171k\u00f6d\u00e9shez. Ez lehet ak\u00e1r egy kisebb h\u0151sug\u00e1rz\u00f3, ami bemeleg\u00edtheti el\u0151re a szob\u00e1t, vagy egy ventil\u00e1tor, amely \u00e1tforgatja ny\u00e1ron a leveg\u0151t.<\/p>\n\n\n\n<figure class=\"wp-block-gallery columns-3 is-cropped wp-block-gallery-7 is-layout-flex wp-block-gallery-is-layout-flex\"><ul class=\"blocks-gallery-grid\"><li class=\"blocks-gallery-item\"><figure><img loading=\"lazy\" decoding=\"async\" width=\"1024\" height=\"768\" src=\"https:\/\/hir.mediamarkt.hu\/magazin\/wp-content\/uploads\/2021\/10\/nedis-okoskonnektor-2-1024x768.jpg\" alt=\"\" data-id=\"13361\" data-full-url=\"https:\/\/hir.mediamarkt.hu\/magazin\/wp-content\/uploads\/2021\/10\/nedis-okoskonnektor-2.jpg\" data-link=\"https:\/\/hir.mediamarkt.hu\/magazin\/?attachment_id=13361\" class=\"wp-image-13361\" srcset=\"https:\/\/hir.mediamarkt.hu\/magazin\/wp-content\/uploads\/2021\/10\/nedis-okoskonnektor-2-1024x768.jpg 1024w, https:\/\/hir.mediamarkt.hu\/magazin\/wp-content\/uploads\/2021\/10\/nedis-okoskonnektor-2-300x225.jpg 300w, https:\/\/hir.mediamarkt.hu\/magazin\/wp-content\/uploads\/2021\/10\/nedis-okoskonnektor-2-275x206.jpg 275w, https:\/\/hir.mediamarkt.hu\/magazin\/wp-content\/uploads\/2021\/10\/nedis-okoskonnektor-2-768x576.jpg 768w, https:\/\/hir.mediamarkt.hu\/magazin\/wp-content\/uploads\/2021\/10\/nedis-okoskonnektor-2-500x375.jpg 500w, https:\/\/hir.mediamarkt.hu\/magazin\/wp-content\/uploads\/2021\/10\/nedis-okoskonnektor-2.jpg 1200w\" sizes=\"(max-width: 1024px) 100vw, 1024px\" \/><\/figure><\/li><li class=\"blocks-gallery-item\"><figure><img loading=\"lazy\" decoding=\"async\" width=\"1024\" height=\"768\" src=\"https:\/\/hir.mediamarkt.hu\/magazin\/wp-content\/uploads\/2021\/10\/nedis-okoskonnektor-3-1024x768.jpg\" alt=\"\" data-id=\"13362\" data-full-url=\"https:\/\/hir.mediamarkt.hu\/magazin\/wp-content\/uploads\/2021\/10\/nedis-okoskonnektor-3.jpg\" data-link=\"https:\/\/hir.mediamarkt.hu\/magazin\/?attachment_id=13362\" class=\"wp-image-13362\" srcset=\"https:\/\/hir.mediamarkt.hu\/magazin\/wp-content\/uploads\/2021\/10\/nedis-okoskonnektor-3-1024x768.jpg 1024w, https:\/\/hir.mediamarkt.hu\/magazin\/wp-content\/uploads\/2021\/10\/nedis-okoskonnektor-3-300x225.jpg 300w, https:\/\/hir.mediamarkt.hu\/magazin\/wp-content\/uploads\/2021\/10\/nedis-okoskonnektor-3-275x206.jpg 275w, https:\/\/hir.mediamarkt.hu\/magazin\/wp-content\/uploads\/2021\/10\/nedis-okoskonnektor-3-768x576.jpg 768w, https:\/\/hir.mediamarkt.hu\/magazin\/wp-content\/uploads\/2021\/10\/nedis-okoskonnektor-3-500x375.jpg 500w, https:\/\/hir.mediamarkt.hu\/magazin\/wp-content\/uploads\/2021\/10\/nedis-okoskonnektor-3.jpg 1200w\" sizes=\"(max-width: 1024px) 100vw, 1024px\" \/><\/figure><\/li><li class=\"blocks-gallery-item\"><figure><img loading=\"lazy\" decoding=\"async\" width=\"1024\" height=\"768\" src=\"https:\/\/hir.mediamarkt.hu\/magazin\/wp-content\/uploads\/2021\/10\/nedis-okoskonnektor-11-1024x768.jpg\" alt=\"\" data-id=\"13364\" data-full-url=\"https:\/\/hir.mediamarkt.hu\/magazin\/wp-content\/uploads\/2021\/10\/nedis-okoskonnektor-11.jpg\" data-link=\"https:\/\/hir.mediamarkt.hu\/magazin\/?attachment_id=13364\" class=\"wp-image-13364\" srcset=\"https:\/\/hir.mediamarkt.hu\/magazin\/wp-content\/uploads\/2021\/10\/nedis-okoskonnektor-11-1024x768.jpg 1024w, https:\/\/hir.mediamarkt.hu\/magazin\/wp-content\/uploads\/2021\/10\/nedis-okoskonnektor-11-300x225.jpg 300w, https:\/\/hir.mediamarkt.hu\/magazin\/wp-content\/uploads\/2021\/10\/nedis-okoskonnektor-11-275x206.jpg 275w, https:\/\/hir.mediamarkt.hu\/magazin\/wp-content\/uploads\/2021\/10\/nedis-okoskonnektor-11-768x576.jpg 768w, https:\/\/hir.mediamarkt.hu\/magazin\/wp-content\/uploads\/2021\/10\/nedis-okoskonnektor-11-500x375.jpg 500w, https:\/\/hir.mediamarkt.hu\/magazin\/wp-content\/uploads\/2021\/10\/nedis-okoskonnektor-11.jpg 1200w\" sizes=\"(max-width: 1024px) 100vw, 1024px\" \/><\/figure><\/li><li class=\"blocks-gallery-item\"><figure><img loading=\"lazy\" decoding=\"async\" width=\"1024\" height=\"768\" src=\"https:\/\/hir.mediamarkt.hu\/magazin\/wp-content\/uploads\/2021\/10\/nedis-okoskonnektor-10-1024x768.jpg\" alt=\"\" data-id=\"13363\" data-full-url=\"https:\/\/hir.mediamarkt.hu\/magazin\/wp-content\/uploads\/2021\/10\/nedis-okoskonnektor-10.jpg\" data-link=\"https:\/\/hir.mediamarkt.hu\/magazin\/?attachment_id=13363\" class=\"wp-image-13363\" srcset=\"https:\/\/hir.mediamarkt.hu\/magazin\/wp-content\/uploads\/2021\/10\/nedis-okoskonnektor-10-1024x768.jpg 1024w, https:\/\/hir.mediamarkt.hu\/magazin\/wp-content\/uploads\/2021\/10\/nedis-okoskonnektor-10-300x225.jpg 300w, https:\/\/hir.mediamarkt.hu\/magazin\/wp-content\/uploads\/2021\/10\/nedis-okoskonnektor-10-275x206.jpg 275w, https:\/\/hir.mediamarkt.hu\/magazin\/wp-content\/uploads\/2021\/10\/nedis-okoskonnektor-10-768x576.jpg 768w, https:\/\/hir.mediamarkt.hu\/magazin\/wp-content\/uploads\/2021\/10\/nedis-okoskonnektor-10-500x375.jpg 500w, https:\/\/hir.mediamarkt.hu\/magazin\/wp-content\/uploads\/2021\/10\/nedis-okoskonnektor-10.jpg 1200w\" sizes=\"(max-width: 1024px) 100vw, 1024px\" \/><\/figure><\/li><\/ul><\/figure>\n\n\n\n<p class=\"has-text-align-justify\">Az app tartalmaz egy fogyaszt\u00e1sm\u00e9r\u0151t is, ezzel bekapcsolt \u00e1llapotban l\u00e1that\u00f3, hogy mennyi \u00e1ram megy kereszt\u00fcl az okoskonnektorokon. Havi bont\u00e1s is l\u00e1that a fogyaszt\u00e1sr\u00f3l. K\u00f6nnyebb menedzselni az energiafogyaszt\u00e1st \u00edgy, hiszen h\u00f3nap v\u00e9g\u00e9n nem \u00e9r meglepet\u00e9s minket a sz\u00e1ml\u00e1k miatt, l\u00e1thatjuk el\u0151re, hogy az adott konnektoron kereszt\u00fcl mennyit fogyasztottunk.<\/p>\n\n\n\n<figure class=\"wp-block-gallery columns-3 is-cropped wp-block-gallery-8 is-layout-flex wp-block-gallery-is-layout-flex\"><ul class=\"blocks-gallery-grid\"><li class=\"blocks-gallery-item\"><figure><img loading=\"lazy\" decoding=\"async\" width=\"1024\" height=\"768\" src=\"https:\/\/hir.mediamarkt.hu\/magazin\/wp-content\/uploads\/2021\/10\/nedis-okoskonnektor-5-1024x768.jpg\" alt=\"\" data-id=\"13365\" data-full-url=\"https:\/\/hir.mediamarkt.hu\/magazin\/wp-content\/uploads\/2021\/10\/nedis-okoskonnektor-5.jpg\" data-link=\"https:\/\/hir.mediamarkt.hu\/magazin\/?attachment_id=13365\" class=\"wp-image-13365\" srcset=\"https:\/\/hir.mediamarkt.hu\/magazin\/wp-content\/uploads\/2021\/10\/nedis-okoskonnektor-5-1024x768.jpg 1024w, https:\/\/hir.mediamarkt.hu\/magazin\/wp-content\/uploads\/2021\/10\/nedis-okoskonnektor-5-300x225.jpg 300w, https:\/\/hir.mediamarkt.hu\/magazin\/wp-content\/uploads\/2021\/10\/nedis-okoskonnektor-5-275x206.jpg 275w, https:\/\/hir.mediamarkt.hu\/magazin\/wp-content\/uploads\/2021\/10\/nedis-okoskonnektor-5-768x576.jpg 768w, https:\/\/hir.mediamarkt.hu\/magazin\/wp-content\/uploads\/2021\/10\/nedis-okoskonnektor-5-500x375.jpg 500w, https:\/\/hir.mediamarkt.hu\/magazin\/wp-content\/uploads\/2021\/10\/nedis-okoskonnektor-5.jpg 1200w\" sizes=\"(max-width: 1024px) 100vw, 1024px\" \/><\/figure><\/li><li class=\"blocks-gallery-item\"><figure><img loading=\"lazy\" decoding=\"async\" width=\"1024\" height=\"768\" src=\"https:\/\/hir.mediamarkt.hu\/magazin\/wp-content\/uploads\/2021\/10\/nedis-okoskonnektor-6-1024x768.jpg\" alt=\"\" data-id=\"13366\" data-full-url=\"https:\/\/hir.mediamarkt.hu\/magazin\/wp-content\/uploads\/2021\/10\/nedis-okoskonnektor-6.jpg\" data-link=\"https:\/\/hir.mediamarkt.hu\/magazin\/?attachment_id=13366\" class=\"wp-image-13366\" srcset=\"https:\/\/hir.mediamarkt.hu\/magazin\/wp-content\/uploads\/2021\/10\/nedis-okoskonnektor-6-1024x768.jpg 1024w, https:\/\/hir.mediamarkt.hu\/magazin\/wp-content\/uploads\/2021\/10\/nedis-okoskonnektor-6-300x225.jpg 300w, https:\/\/hir.mediamarkt.hu\/magazin\/wp-content\/uploads\/2021\/10\/nedis-okoskonnektor-6-275x206.jpg 275w, https:\/\/hir.mediamarkt.hu\/magazin\/wp-content\/uploads\/2021\/10\/nedis-okoskonnektor-6-768x576.jpg 768w, https:\/\/hir.mediamarkt.hu\/magazin\/wp-content\/uploads\/2021\/10\/nedis-okoskonnektor-6-500x375.jpg 500w, https:\/\/hir.mediamarkt.hu\/magazin\/wp-content\/uploads\/2021\/10\/nedis-okoskonnektor-6.jpg 1200w\" sizes=\"(max-width: 1024px) 100vw, 1024px\" \/><\/figure><\/li><li class=\"blocks-gallery-item\"><figure><img loading=\"lazy\" decoding=\"async\" width=\"1024\" height=\"768\" src=\"https:\/\/hir.mediamarkt.hu\/magazin\/wp-content\/uploads\/2021\/10\/nedis-okoskonnektor-13-1024x768.jpg\" alt=\"\" data-id=\"13368\" data-full-url=\"https:\/\/hir.mediamarkt.hu\/magazin\/wp-content\/uploads\/2021\/10\/nedis-okoskonnektor-13.jpg\" data-link=\"https:\/\/hir.mediamarkt.hu\/magazin\/?attachment_id=13368\" class=\"wp-image-13368\" srcset=\"https:\/\/hir.mediamarkt.hu\/magazin\/wp-content\/uploads\/2021\/10\/nedis-okoskonnektor-13-1024x768.jpg 1024w, https:\/\/hir.mediamarkt.hu\/magazin\/wp-content\/uploads\/2021\/10\/nedis-okoskonnektor-13-300x225.jpg 300w, https:\/\/hir.mediamarkt.hu\/magazin\/wp-content\/uploads\/2021\/10\/nedis-okoskonnektor-13-275x206.jpg 275w, https:\/\/hir.mediamarkt.hu\/magazin\/wp-content\/uploads\/2021\/10\/nedis-okoskonnektor-13-768x576.jpg 768w, https:\/\/hir.mediamarkt.hu\/magazin\/wp-content\/uploads\/2021\/10\/nedis-okoskonnektor-13-500x375.jpg 500w, https:\/\/hir.mediamarkt.hu\/magazin\/wp-content\/uploads\/2021\/10\/nedis-okoskonnektor-13.jpg 1200w\" sizes=\"(max-width: 1024px) 100vw, 1024px\" \/><\/figure><\/li><li class=\"blocks-gallery-item\"><figure><img loading=\"lazy\" decoding=\"async\" width=\"1024\" height=\"768\" src=\"https:\/\/hir.mediamarkt.hu\/magazin\/wp-content\/uploads\/2021\/10\/nedis-okoskonnektor-12-1024x768.jpg\" alt=\"\" data-id=\"13367\" data-full-url=\"https:\/\/hir.mediamarkt.hu\/magazin\/wp-content\/uploads\/2021\/10\/nedis-okoskonnektor-12.jpg\" data-link=\"https:\/\/hir.mediamarkt.hu\/magazin\/?attachment_id=13367\" class=\"wp-image-13367\" srcset=\"https:\/\/hir.mediamarkt.hu\/magazin\/wp-content\/uploads\/2021\/10\/nedis-okoskonnektor-12-1024x768.jpg 1024w, https:\/\/hir.mediamarkt.hu\/magazin\/wp-content\/uploads\/2021\/10\/nedis-okoskonnektor-12-300x225.jpg 300w, https:\/\/hir.mediamarkt.hu\/magazin\/wp-content\/uploads\/2021\/10\/nedis-okoskonnektor-12-275x206.jpg 275w, https:\/\/hir.mediamarkt.hu\/magazin\/wp-content\/uploads\/2021\/10\/nedis-okoskonnektor-12-768x576.jpg 768w, https:\/\/hir.mediamarkt.hu\/magazin\/wp-content\/uploads\/2021\/10\/nedis-okoskonnektor-12-500x375.jpg 500w, https:\/\/hir.mediamarkt.hu\/magazin\/wp-content\/uploads\/2021\/10\/nedis-okoskonnektor-12.jpg 1200w\" sizes=\"(max-width: 1024px) 100vw, 1024px\" \/><\/figure><\/li><\/ul><\/figure>\n\n\n\n<p>A <a href=\"https:\/\/www.mediamarkt.hu\/hu\/product\/_nedis-smartlife-intelligens-konnektor-wi-fi-3-as-csomag-feh%C3%A9r-wifip130fwt3-1341238.html\" target=\"_blank\" rel=\"noreferrer noopener\">WIFIP130FWT<\/a>-as konnektorb\u00f3l el\u00e9rhet\u0151 3-as csomag is, \u00edgy olcs\u00f3bban j\u00f6n ki egy darab a term\u00e9kb\u0151l.<\/p>\n\n\n\n<h2 class=\"wp-block-heading\">Nedis k\u00fclt\u00e9ri IP kamer\u00e1k<\/h2>\n\n\n\n<p>Ebb\u0151l a term\u00e9kcsoportb\u00f3l is k\u00e9tf\u00e9le term\u00e9ket mutatunk be. A <a href=\"https:\/\/www.mediamarkt.hu\/hu\/product\/_nedis-intelligens-k%C3%BClt%C3%A9ri-ip-kamera-fullhd-wifico20cwt-1311688.html\" target=\"_blank\" rel=\"noreferrer noopener\">WIFICO20CWT<\/a> term\u00e9ket \u00e9s a <a href=\"https:\/\/www.mediamarkt.hu\/hu\/product\/_nedis-intelligens-k%C3%BClt%C3%A9ri-ip-kamera-fullhd-wifico11cwt-1311687.html\" target=\"_blank\" rel=\"noreferrer noopener\">WIFICO011CWT<\/a>-t.<\/p>\n\n\n\n<p class=\"has-text-align-justify\">K\u00f6z\u00f6s tulajdons\u00e1gai a k\u00e9t term\u00e9keknek, hogy egyar\u00e1nt FullHD (1080p) vide\u00f3t k\u00e9pesek r\u00f6gz\u00edteni, 15 m\u00e9teres t\u00e1vols\u00e1gig m\u0171k\u00f6dik az \u00e9jjell\u00e1t\u00f3 funkci\u00f3juk \u00e9s mind a kett\u0151 IP65-\u00f6s por- \u00e9s v\u00edz\u00e1ll\u00f3s\u00e1ggal rendelkezik a k\u00fclt\u00e9ri haszn\u00e1lathoz.<\/p>\n\n\n\n<figure class=\"wp-block-gallery columns-3 is-cropped wp-block-gallery-9 is-layout-flex wp-block-gallery-is-layout-flex\"><ul class=\"blocks-gallery-grid\"><li class=\"blocks-gallery-item\"><figure><img loading=\"lazy\" decoding=\"async\" width=\"1024\" height=\"768\" src=\"https:\/\/hir.mediamarkt.hu\/magazin\/wp-content\/uploads\/2021\/10\/nedis-okos-kulteri-kamera-2-1024x768.jpg\" alt=\"\" data-id=\"13377\" data-full-url=\"https:\/\/hir.mediamarkt.hu\/magazin\/wp-content\/uploads\/2021\/10\/nedis-okos-kulteri-kamera-2.jpg\" data-link=\"https:\/\/hir.mediamarkt.hu\/magazin\/?attachment_id=13377\" class=\"wp-image-13377\" srcset=\"https:\/\/hir.mediamarkt.hu\/magazin\/wp-content\/uploads\/2021\/10\/nedis-okos-kulteri-kamera-2-1024x768.jpg 1024w, https:\/\/hir.mediamarkt.hu\/magazin\/wp-content\/uploads\/2021\/10\/nedis-okos-kulteri-kamera-2-300x225.jpg 300w, https:\/\/hir.mediamarkt.hu\/magazin\/wp-content\/uploads\/2021\/10\/nedis-okos-kulteri-kamera-2-275x206.jpg 275w, https:\/\/hir.mediamarkt.hu\/magazin\/wp-content\/uploads\/2021\/10\/nedis-okos-kulteri-kamera-2-768x576.jpg 768w, https:\/\/hir.mediamarkt.hu\/magazin\/wp-content\/uploads\/2021\/10\/nedis-okos-kulteri-kamera-2-500x375.jpg 500w, https:\/\/hir.mediamarkt.hu\/magazin\/wp-content\/uploads\/2021\/10\/nedis-okos-kulteri-kamera-2.jpg 1200w\" sizes=\"(max-width: 1024px) 100vw, 1024px\" \/><\/figure><\/li><li class=\"blocks-gallery-item\"><figure><img loading=\"lazy\" decoding=\"async\" width=\"1024\" height=\"768\" src=\"https:\/\/hir.mediamarkt.hu\/magazin\/wp-content\/uploads\/2021\/10\/nedis-okos-kulteri-kamera-3-1024x768.jpg\" alt=\"\" data-id=\"13378\" data-full-url=\"https:\/\/hir.mediamarkt.hu\/magazin\/wp-content\/uploads\/2021\/10\/nedis-okos-kulteri-kamera-3.jpg\" data-link=\"https:\/\/hir.mediamarkt.hu\/magazin\/?attachment_id=13378\" class=\"wp-image-13378\" srcset=\"https:\/\/hir.mediamarkt.hu\/magazin\/wp-content\/uploads\/2021\/10\/nedis-okos-kulteri-kamera-3-1024x768.jpg 1024w, https:\/\/hir.mediamarkt.hu\/magazin\/wp-content\/uploads\/2021\/10\/nedis-okos-kulteri-kamera-3-300x225.jpg 300w, https:\/\/hir.mediamarkt.hu\/magazin\/wp-content\/uploads\/2021\/10\/nedis-okos-kulteri-kamera-3-275x206.jpg 275w, https:\/\/hir.mediamarkt.hu\/magazin\/wp-content\/uploads\/2021\/10\/nedis-okos-kulteri-kamera-3-768x576.jpg 768w, https:\/\/hir.mediamarkt.hu\/magazin\/wp-content\/uploads\/2021\/10\/nedis-okos-kulteri-kamera-3-500x375.jpg 500w, https:\/\/hir.mediamarkt.hu\/magazin\/wp-content\/uploads\/2021\/10\/nedis-okos-kulteri-kamera-3.jpg 1200w\" sizes=\"(max-width: 1024px) 100vw, 1024px\" \/><\/figure><\/li><li class=\"blocks-gallery-item\"><figure><img loading=\"lazy\" decoding=\"async\" width=\"1024\" height=\"768\" src=\"https:\/\/hir.mediamarkt.hu\/magazin\/wp-content\/uploads\/2021\/10\/nedis-okos-kulteri-kamera-4-1024x768.jpg\" alt=\"\" data-id=\"13379\" data-full-url=\"https:\/\/hir.mediamarkt.hu\/magazin\/wp-content\/uploads\/2021\/10\/nedis-okos-kulteri-kamera-4.jpg\" data-link=\"https:\/\/hir.mediamarkt.hu\/magazin\/?attachment_id=13379\" class=\"wp-image-13379\" srcset=\"https:\/\/hir.mediamarkt.hu\/magazin\/wp-content\/uploads\/2021\/10\/nedis-okos-kulteri-kamera-4-1024x768.jpg 1024w, https:\/\/hir.mediamarkt.hu\/magazin\/wp-content\/uploads\/2021\/10\/nedis-okos-kulteri-kamera-4-300x225.jpg 300w, https:\/\/hir.mediamarkt.hu\/magazin\/wp-content\/uploads\/2021\/10\/nedis-okos-kulteri-kamera-4-275x206.jpg 275w, https:\/\/hir.mediamarkt.hu\/magazin\/wp-content\/uploads\/2021\/10\/nedis-okos-kulteri-kamera-4-768x576.jpg 768w, https:\/\/hir.mediamarkt.hu\/magazin\/wp-content\/uploads\/2021\/10\/nedis-okos-kulteri-kamera-4-500x375.jpg 500w, https:\/\/hir.mediamarkt.hu\/magazin\/wp-content\/uploads\/2021\/10\/nedis-okos-kulteri-kamera-4.jpg 1200w\" sizes=\"(max-width: 1024px) 100vw, 1024px\" \/><\/figure><\/li><li class=\"blocks-gallery-item\"><figure><img loading=\"lazy\" decoding=\"async\" width=\"1024\" height=\"768\" src=\"https:\/\/hir.mediamarkt.hu\/magazin\/wp-content\/uploads\/2021\/10\/nedis-okos-kulteri-kamera-1-1024x768.jpg\" alt=\"\" data-id=\"13376\" data-full-url=\"https:\/\/hir.mediamarkt.hu\/magazin\/wp-content\/uploads\/2021\/10\/nedis-okos-kulteri-kamera-1.jpg\" data-link=\"https:\/\/hir.mediamarkt.hu\/magazin\/?attachment_id=13376\" class=\"wp-image-13376\" srcset=\"https:\/\/hir.mediamarkt.hu\/magazin\/wp-content\/uploads\/2021\/10\/nedis-okos-kulteri-kamera-1-1024x768.jpg 1024w, https:\/\/hir.mediamarkt.hu\/magazin\/wp-content\/uploads\/2021\/10\/nedis-okos-kulteri-kamera-1-300x225.jpg 300w, https:\/\/hir.mediamarkt.hu\/magazin\/wp-content\/uploads\/2021\/10\/nedis-okos-kulteri-kamera-1-275x206.jpg 275w, https:\/\/hir.mediamarkt.hu\/magazin\/wp-content\/uploads\/2021\/10\/nedis-okos-kulteri-kamera-1-768x576.jpg 768w, https:\/\/hir.mediamarkt.hu\/magazin\/wp-content\/uploads\/2021\/10\/nedis-okos-kulteri-kamera-1-500x375.jpg 500w, https:\/\/hir.mediamarkt.hu\/magazin\/wp-content\/uploads\/2021\/10\/nedis-okos-kulteri-kamera-1.jpg 1200w\" sizes=\"(max-width: 1024px) 100vw, 1024px\" \/><\/figure><\/li><\/ul><figcaption class=\"blocks-gallery-caption\">Nedis <a href=\"https:\/\/www.mediamarkt.hu\/hu\/product\/_nedis-intelligens-k%C3%BClt%C3%A9ri-ip-kamera-fullhd-wifico20cwt-1311688.html\" target=\"_blank\" rel=\"noreferrer noopener\">WIFICO20CWT<\/a><\/figcaption><\/figure>\n\n\n\n<p class=\"has-text-align-justify\">A k\u00fcl\u00f6nbs\u00e9g els\u0151sorban az adatt\u00e1rol\u00e1s m\u00f3dj\u00e1ban keresend\u0151. A <a href=\"https:\/\/www.mediamarkt.hu\/hu\/product\/_nedis-intelligens-k%C3%BClt%C3%A9ri-ip-kamera-fullhd-wifico11cwt-1311687.html\" target=\"_blank\" rel=\"noreferrer noopener\">WIFICO011CWT<\/a> nem rendelkezik be\u00e9p\u00edtett h\u00e1tt\u00e9rt\u00e1rral, <a href=\"https:\/\/www.mediamarkt.hu\/hu\/category\/_mem%C3%B3riak%C3%A1rtya-504813.html?searchParams=%2FSearch.ff%3FfilterTabbedCategory%3Donlineshop%26filterCategoriesROOT%3DMobiltelefon%2B%2526%2BNavig%25C3%25A1ci%25C3%25B3%25C2%25A7MediaHUhuc504791%26filterCategoriesROOT%252FMobiltelefon%2B%2526%2BNavig%25C3%25A1ci%25C3%25B3%25C2%25A7MediaHUhuc504791%3DMobiltelefon%2Bkell%25C3%25A9k%25C2%25A7MediaHUhuc504795%26filterCategoriesROOT%252FMobiltelefon%2B%2526%2BNavig%25C3%25A1ci%25C3%25B3%25C2%25A7MediaHUhuc504791%252FMobiltelefon%2Bkell%25C3%25A9k%25C2%25A7MediaHUhuc504795%3DMem%25C3%25B3riak%25C3%25A1rtya%25C2%25A7MediaHUhuc504813%26filteravailability%3D1%26filterMem%25C3%25B3riak%25C3%25A1rtya%2Bt%25C3%25ADpusa%3DMicro%2BSD%257E%257E%257EMicro%2BSDHC%257E%257E%257EMicro%2BSDXC%26channel%3Dmmhuhu%26productsPerPage%3D24%26followSearch%3D9850%26disableTabbedCategory%3Dtrue%26navigation%3Dtrue&amp;sort=&amp;view=PRODUCTLIST&amp;page=\" target=\"_blank\" rel=\"noreferrer noopener\">microSD k\u00e1rtya<\/a> helyezhet\u0151 bele (max. 128 GB kapacit\u00e1sig). A <a href=\"https:\/\/www.mediamarkt.hu\/hu\/product\/_nedis-intelligens-k%C3%BClt%C3%A9ri-ip-kamera-fullhd-wifico20cwt-1311688.html\" target=\"_blank\" rel=\"noreferrer noopener\">WIFICO20CWT<\/a> m\u00e1r kapott be\u00e9p\u00edtett h\u00e1tt\u00e9rt\u00e1rat, 16 GB-ot, ez teh\u00e1t \u00f6nmag\u00e1ban is tud r\u00f6gz\u00edteni vide\u00f3t.<\/p>\n\n\n\n<p class=\"has-text-align-justify\">A kamer\u00e1k hozz\u00e1ad\u00e1sa a SmartLife alkalmaz\u00e1shoz ak\u00e1r igazi kih\u00edv\u00e1s is lehet, itt nem a legjobb megold\u00e1st v\u00e1lasztotta a Nedis. A p\u00e1ros\u00edt\u00e1si folyamat \u00fagy n\u00e9z ki, hogy \u00e1ram al\u00e1 kell helyezni a kamer\u00e1t, megnyomni a rejtett RESET gombot am\u00edg az optika mellett l\u00e9v\u0151 LED nem villog gyorsan. Ha ez megt\u00f6rt\u00e9nt, az appban kiv\u00e1lasztani a kamera csatlakoztat\u00e1st, majd a megjelen\u0151 QR k\u00f3dot leolvastatni a kamer\u00e1val. Ez teljesen k\u00f6nnyen hangzik, csak nem m\u0171k\u00f6dik ennyire egyszer\u0171en. Ha sikeres a beolvas\u00e1s, akkor hangjelz\u00e9st ad ki a kamera. Az app els\u0151 k\u00e9perny\u0151je 5-20 cm-es t\u00e1vols\u00e1got \u00edr a leolvas\u00e1shoz. Ha nem akar j\u00f6nni a hangjelz\u00e9s \u00e9s r\u00e1nyomunk a \u201cNem t\u00f6rt\u00e9nik semmi\u201d gombra, akkor m\u00e1r 20-30 cm-et \u00edr tan\u00e1csk\u00e9nt az alkalmaz\u00e1s. Azaz r\u00f6gt\u00f6n k\u00e9t k\u00fcl\u00f6nb\u00f6z\u0151, egym\u00e1st\u00f3l elt\u00e9r\u0151 inform\u00e1ci\u00f3 van.<\/p>\n\n\n\n<p><\/p>\n\n\n\n<figure class=\"wp-block-gallery columns-2 is-cropped wp-block-gallery-10 is-layout-flex wp-block-gallery-is-layout-flex\"><ul class=\"blocks-gallery-grid\"><li class=\"blocks-gallery-item\"><figure><img loading=\"lazy\" decoding=\"async\" width=\"462\" height=\"1000\" src=\"https:\/\/hir.mediamarkt.hu\/magazin\/wp-content\/uploads\/2021\/10\/nedis-smartlife-app-10.jpg\" alt=\"\" data-id=\"13400\" data-full-url=\"https:\/\/hir.mediamarkt.hu\/magazin\/wp-content\/uploads\/2021\/10\/nedis-smartlife-app-10.jpg\" data-link=\"https:\/\/hir.mediamarkt.hu\/magazin\/?attachment_id=13400\" class=\"wp-image-13400\" srcset=\"https:\/\/hir.mediamarkt.hu\/magazin\/wp-content\/uploads\/2021\/10\/nedis-smartlife-app-10.jpg 462w, https:\/\/hir.mediamarkt.hu\/magazin\/wp-content\/uploads\/2021\/10\/nedis-smartlife-app-10-139x300.jpg 139w, https:\/\/hir.mediamarkt.hu\/magazin\/wp-content\/uploads\/2021\/10\/nedis-smartlife-app-10-231x500.jpg 231w\" sizes=\"(max-width: 462px) 100vw, 462px\" \/><\/figure><\/li><li class=\"blocks-gallery-item\"><figure><img loading=\"lazy\" decoding=\"async\" width=\"462\" height=\"1000\" src=\"https:\/\/hir.mediamarkt.hu\/magazin\/wp-content\/uploads\/2021\/10\/nedis-smartlife-app-11.jpg\" alt=\"\" data-id=\"13401\" data-full-url=\"https:\/\/hir.mediamarkt.hu\/magazin\/wp-content\/uploads\/2021\/10\/nedis-smartlife-app-11.jpg\" data-link=\"https:\/\/hir.mediamarkt.hu\/magazin\/?attachment_id=13401\" class=\"wp-image-13401\" srcset=\"https:\/\/hir.mediamarkt.hu\/magazin\/wp-content\/uploads\/2021\/10\/nedis-smartlife-app-11.jpg 462w, https:\/\/hir.mediamarkt.hu\/magazin\/wp-content\/uploads\/2021\/10\/nedis-smartlife-app-11-139x300.jpg 139w, https:\/\/hir.mediamarkt.hu\/magazin\/wp-content\/uploads\/2021\/10\/nedis-smartlife-app-11-231x500.jpg 231w\" sizes=\"(max-width: 462px) 100vw, 462px\" \/><\/figure><\/li><\/ul><\/figure>\n\n\n\n<p class=\"has-text-align-justify\">Ez a megold\u00e1s \u00e9rthet\u0151, hiszen ha gomb lenne a kamer\u00e1n, vagy mondjuk NFC c\u00edmke, akkor b\u00e1rki odamehetne a kamer\u00e1hoz \u00e9s p\u00e1ros\u00edthatn\u00e1 a saj\u00e1t telefonj\u00e1val, ami elker\u00fclend\u0151. Azonban \u00edgy a p\u00e1ros\u00edt\u00e1si folyamat lehet el\u00e9g lass\u00fa \u00e9s ideg\u00f6rl\u0151, amikor is a telefont \u00e9s a kamer\u00e1t k\u00f6zel\u00edti, t\u00e1vol\u00edtja egym\u00e1shoz a felhaszn\u00e1l\u00f3. N\u00e1lam kb. 8 perc volt egy kamera telep\u00edt\u00e9se \u00edgy.<\/p>\n\n\n\n<figure class=\"wp-block-gallery columns-3 is-cropped wp-block-gallery-11 is-layout-flex wp-block-gallery-is-layout-flex\"><ul class=\"blocks-gallery-grid\"><li class=\"blocks-gallery-item\"><figure><img loading=\"lazy\" decoding=\"async\" width=\"1024\" height=\"768\" src=\"https:\/\/hir.mediamarkt.hu\/magazin\/wp-content\/uploads\/2021\/10\/nedis-okos-kulteri-kamera-5-1024x768.jpg\" alt=\"\" data-id=\"13380\" data-full-url=\"https:\/\/hir.mediamarkt.hu\/magazin\/wp-content\/uploads\/2021\/10\/nedis-okos-kulteri-kamera-5.jpg\" data-link=\"https:\/\/hir.mediamarkt.hu\/magazin\/?attachment_id=13380\" class=\"wp-image-13380\" srcset=\"https:\/\/hir.mediamarkt.hu\/magazin\/wp-content\/uploads\/2021\/10\/nedis-okos-kulteri-kamera-5-1024x768.jpg 1024w, https:\/\/hir.mediamarkt.hu\/magazin\/wp-content\/uploads\/2021\/10\/nedis-okos-kulteri-kamera-5-300x225.jpg 300w, https:\/\/hir.mediamarkt.hu\/magazin\/wp-content\/uploads\/2021\/10\/nedis-okos-kulteri-kamera-5-275x206.jpg 275w, https:\/\/hir.mediamarkt.hu\/magazin\/wp-content\/uploads\/2021\/10\/nedis-okos-kulteri-kamera-5-768x576.jpg 768w, https:\/\/hir.mediamarkt.hu\/magazin\/wp-content\/uploads\/2021\/10\/nedis-okos-kulteri-kamera-5-500x375.jpg 500w, https:\/\/hir.mediamarkt.hu\/magazin\/wp-content\/uploads\/2021\/10\/nedis-okos-kulteri-kamera-5.jpg 1200w\" sizes=\"(max-width: 1024px) 100vw, 1024px\" \/><\/figure><\/li><li class=\"blocks-gallery-item\"><figure><img loading=\"lazy\" decoding=\"async\" width=\"1024\" height=\"768\" src=\"https:\/\/hir.mediamarkt.hu\/magazin\/wp-content\/uploads\/2021\/10\/nedis-okos-kulteri-kamera-7-1024x768.jpg\" alt=\"\" data-id=\"13381\" data-full-url=\"https:\/\/hir.mediamarkt.hu\/magazin\/wp-content\/uploads\/2021\/10\/nedis-okos-kulteri-kamera-7.jpg\" data-link=\"https:\/\/hir.mediamarkt.hu\/magazin\/?attachment_id=13381\" class=\"wp-image-13381\" srcset=\"https:\/\/hir.mediamarkt.hu\/magazin\/wp-content\/uploads\/2021\/10\/nedis-okos-kulteri-kamera-7-1024x768.jpg 1024w, https:\/\/hir.mediamarkt.hu\/magazin\/wp-content\/uploads\/2021\/10\/nedis-okos-kulteri-kamera-7-300x225.jpg 300w, https:\/\/hir.mediamarkt.hu\/magazin\/wp-content\/uploads\/2021\/10\/nedis-okos-kulteri-kamera-7-275x206.jpg 275w, https:\/\/hir.mediamarkt.hu\/magazin\/wp-content\/uploads\/2021\/10\/nedis-okos-kulteri-kamera-7-768x576.jpg 768w, https:\/\/hir.mediamarkt.hu\/magazin\/wp-content\/uploads\/2021\/10\/nedis-okos-kulteri-kamera-7-500x375.jpg 500w, https:\/\/hir.mediamarkt.hu\/magazin\/wp-content\/uploads\/2021\/10\/nedis-okos-kulteri-kamera-7.jpg 1200w\" sizes=\"(max-width: 1024px) 100vw, 1024px\" \/><\/figure><\/li><li class=\"blocks-gallery-item\"><figure><img loading=\"lazy\" decoding=\"async\" width=\"1024\" height=\"768\" src=\"https:\/\/hir.mediamarkt.hu\/magazin\/wp-content\/uploads\/2021\/10\/nedis-okos-kulteri-kamera-8-1024x768.jpg\" alt=\"\" data-id=\"13382\" data-full-url=\"https:\/\/hir.mediamarkt.hu\/magazin\/wp-content\/uploads\/2021\/10\/nedis-okos-kulteri-kamera-8.jpg\" data-link=\"https:\/\/hir.mediamarkt.hu\/magazin\/?attachment_id=13382\" class=\"wp-image-13382\" srcset=\"https:\/\/hir.mediamarkt.hu\/magazin\/wp-content\/uploads\/2021\/10\/nedis-okos-kulteri-kamera-8-1024x768.jpg 1024w, https:\/\/hir.mediamarkt.hu\/magazin\/wp-content\/uploads\/2021\/10\/nedis-okos-kulteri-kamera-8-300x225.jpg 300w, https:\/\/hir.mediamarkt.hu\/magazin\/wp-content\/uploads\/2021\/10\/nedis-okos-kulteri-kamera-8-275x206.jpg 275w, https:\/\/hir.mediamarkt.hu\/magazin\/wp-content\/uploads\/2021\/10\/nedis-okos-kulteri-kamera-8-768x576.jpg 768w, https:\/\/hir.mediamarkt.hu\/magazin\/wp-content\/uploads\/2021\/10\/nedis-okos-kulteri-kamera-8-500x375.jpg 500w, https:\/\/hir.mediamarkt.hu\/magazin\/wp-content\/uploads\/2021\/10\/nedis-okos-kulteri-kamera-8.jpg 1200w\" sizes=\"(max-width: 1024px) 100vw, 1024px\" \/><\/figure><\/li><li class=\"blocks-gallery-item\"><figure><img loading=\"lazy\" decoding=\"async\" width=\"1024\" height=\"768\" src=\"https:\/\/hir.mediamarkt.hu\/magazin\/wp-content\/uploads\/2021\/10\/nedis-okos-kulteri-kamera-9-1024x768.jpg\" alt=\"\" data-id=\"13383\" data-full-url=\"https:\/\/hir.mediamarkt.hu\/magazin\/wp-content\/uploads\/2021\/10\/nedis-okos-kulteri-kamera-9.jpg\" data-link=\"https:\/\/hir.mediamarkt.hu\/magazin\/?attachment_id=13383\" class=\"wp-image-13383\" srcset=\"https:\/\/hir.mediamarkt.hu\/magazin\/wp-content\/uploads\/2021\/10\/nedis-okos-kulteri-kamera-9-1024x768.jpg 1024w, https:\/\/hir.mediamarkt.hu\/magazin\/wp-content\/uploads\/2021\/10\/nedis-okos-kulteri-kamera-9-300x225.jpg 300w, https:\/\/hir.mediamarkt.hu\/magazin\/wp-content\/uploads\/2021\/10\/nedis-okos-kulteri-kamera-9-275x206.jpg 275w, https:\/\/hir.mediamarkt.hu\/magazin\/wp-content\/uploads\/2021\/10\/nedis-okos-kulteri-kamera-9-768x576.jpg 768w, https:\/\/hir.mediamarkt.hu\/magazin\/wp-content\/uploads\/2021\/10\/nedis-okos-kulteri-kamera-9-500x375.jpg 500w, https:\/\/hir.mediamarkt.hu\/magazin\/wp-content\/uploads\/2021\/10\/nedis-okos-kulteri-kamera-9.jpg 1200w\" sizes=\"(max-width: 1024px) 100vw, 1024px\" \/><\/figure><\/li><li class=\"blocks-gallery-item\"><figure><img loading=\"lazy\" decoding=\"async\" width=\"1024\" height=\"768\" src=\"https:\/\/hir.mediamarkt.hu\/magazin\/wp-content\/uploads\/2021\/10\/nedis-okos-kulteri-kamera-46-1024x768.jpg\" alt=\"\" data-id=\"13384\" data-full-url=\"https:\/\/hir.mediamarkt.hu\/magazin\/wp-content\/uploads\/2021\/10\/nedis-okos-kulteri-kamera-46.jpg\" data-link=\"https:\/\/hir.mediamarkt.hu\/magazin\/?attachment_id=13384\" class=\"wp-image-13384\" srcset=\"https:\/\/hir.mediamarkt.hu\/magazin\/wp-content\/uploads\/2021\/10\/nedis-okos-kulteri-kamera-46-1024x768.jpg 1024w, https:\/\/hir.mediamarkt.hu\/magazin\/wp-content\/uploads\/2021\/10\/nedis-okos-kulteri-kamera-46-300x225.jpg 300w, https:\/\/hir.mediamarkt.hu\/magazin\/wp-content\/uploads\/2021\/10\/nedis-okos-kulteri-kamera-46-275x206.jpg 275w, https:\/\/hir.mediamarkt.hu\/magazin\/wp-content\/uploads\/2021\/10\/nedis-okos-kulteri-kamera-46-768x576.jpg 768w, https:\/\/hir.mediamarkt.hu\/magazin\/wp-content\/uploads\/2021\/10\/nedis-okos-kulteri-kamera-46-500x375.jpg 500w, https:\/\/hir.mediamarkt.hu\/magazin\/wp-content\/uploads\/2021\/10\/nedis-okos-kulteri-kamera-46.jpg 1200w\" sizes=\"(max-width: 1024px) 100vw, 1024px\" \/><\/figure><\/li><\/ul><figcaption class=\"blocks-gallery-caption\">Nedis <a href=\"https:\/\/www.mediamarkt.hu\/hu\/product\/_nedis-intelligens-k%C3%BClt%C3%A9ri-ip-kamera-fullhd-wifico11cwt-1311687.html\" target=\"_blank\" rel=\"noreferrer noopener\">WIFICO011CWT<\/a><\/figcaption><\/figure>\n\n\n\n<p class=\"has-text-align-justify\">A be\u00e1ll\u00edt\u00e1st k\u00f6vet\u0151en viszont m\u00e1r megny\u00edlnak a lehet\u0151s\u00e9gek. Az alkalmaz\u00e1sban l\u00e1that\u00f3 az \u00e9l\u0151k\u00e9p. Nem csak vide\u00f3t \u00e9s hangot r\u00f6gz\u00edt a kamera, m\u0171k\u00f6dhet a k\u00e9tir\u00e1ny\u00fa kommunik\u00e1ci\u00f3 is. A telefonba besz\u00e9lve a kamer\u00e1ba \u00e9p\u00edtett hangsz\u00f3r\u00f3n hallani a mondand\u00f3.<\/p>\n\n\n\n<figure class=\"wp-block-gallery columns-3 is-cropped wp-block-gallery-12 is-layout-flex wp-block-gallery-is-layout-flex\"><ul class=\"blocks-gallery-grid\"><li class=\"blocks-gallery-item\"><figure><img loading=\"lazy\" decoding=\"async\" width=\"462\" height=\"1000\" src=\"https:\/\/hir.mediamarkt.hu\/magazin\/wp-content\/uploads\/2021\/10\/nedis-smartlife-app-12.jpg\" alt=\"\" data-id=\"13402\" data-full-url=\"https:\/\/hir.mediamarkt.hu\/magazin\/wp-content\/uploads\/2021\/10\/nedis-smartlife-app-12.jpg\" data-link=\"https:\/\/hir.mediamarkt.hu\/magazin\/?attachment_id=13402\" class=\"wp-image-13402\" srcset=\"https:\/\/hir.mediamarkt.hu\/magazin\/wp-content\/uploads\/2021\/10\/nedis-smartlife-app-12.jpg 462w, https:\/\/hir.mediamarkt.hu\/magazin\/wp-content\/uploads\/2021\/10\/nedis-smartlife-app-12-139x300.jpg 139w, https:\/\/hir.mediamarkt.hu\/magazin\/wp-content\/uploads\/2021\/10\/nedis-smartlife-app-12-231x500.jpg 231w\" sizes=\"(max-width: 462px) 100vw, 462px\" \/><\/figure><\/li><li class=\"blocks-gallery-item\"><figure><img loading=\"lazy\" decoding=\"async\" width=\"462\" height=\"1000\" src=\"https:\/\/hir.mediamarkt.hu\/magazin\/wp-content\/uploads\/2021\/10\/nedis-smartlife-app-13.jpg\" alt=\"\" data-id=\"13403\" data-full-url=\"https:\/\/hir.mediamarkt.hu\/magazin\/wp-content\/uploads\/2021\/10\/nedis-smartlife-app-13.jpg\" data-link=\"https:\/\/hir.mediamarkt.hu\/magazin\/?attachment_id=13403\" class=\"wp-image-13403\" srcset=\"https:\/\/hir.mediamarkt.hu\/magazin\/wp-content\/uploads\/2021\/10\/nedis-smartlife-app-13.jpg 462w, https:\/\/hir.mediamarkt.hu\/magazin\/wp-content\/uploads\/2021\/10\/nedis-smartlife-app-13-139x300.jpg 139w, https:\/\/hir.mediamarkt.hu\/magazin\/wp-content\/uploads\/2021\/10\/nedis-smartlife-app-13-231x500.jpg 231w\" sizes=\"(max-width: 462px) 100vw, 462px\" \/><\/figure><\/li><li class=\"blocks-gallery-item\"><figure><img loading=\"lazy\" decoding=\"async\" width=\"462\" height=\"1000\" src=\"https:\/\/hir.mediamarkt.hu\/magazin\/wp-content\/uploads\/2021\/10\/nedis-smartlife-app-14.jpg\" alt=\"\" data-id=\"13404\" data-full-url=\"https:\/\/hir.mediamarkt.hu\/magazin\/wp-content\/uploads\/2021\/10\/nedis-smartlife-app-14.jpg\" data-link=\"https:\/\/hir.mediamarkt.hu\/magazin\/?attachment_id=13404\" class=\"wp-image-13404\" srcset=\"https:\/\/hir.mediamarkt.hu\/magazin\/wp-content\/uploads\/2021\/10\/nedis-smartlife-app-14.jpg 462w, https:\/\/hir.mediamarkt.hu\/magazin\/wp-content\/uploads\/2021\/10\/nedis-smartlife-app-14-139x300.jpg 139w, https:\/\/hir.mediamarkt.hu\/magazin\/wp-content\/uploads\/2021\/10\/nedis-smartlife-app-14-231x500.jpg 231w\" sizes=\"(max-width: 462px) 100vw, 462px\" \/><\/figure><\/li><\/ul><\/figure>\n\n\n\n<p class=\"has-text-align-justify\">A r\u00f6gz\u00edt\u00e9s a <a href=\"https:\/\/www.mediamarkt.hu\/hu\/product\/_nedis-intelligens-k%C3%BClt%C3%A9ri-ip-kamera-fullhd-wifico11cwt-1311687.html\" target=\"_blank\" rel=\"noreferrer noopener\">WIFICO011CWT<\/a> eset\u00e9n t\u00f6rt\u00e9nhet behelyezett <a href=\"https:\/\/www.mediamarkt.hu\/hu\/category\/_mem%C3%B3riak%C3%A1rtya-504813.html?searchParams=%2FSearch.ff%3FfilterTabbedCategory%3Donlineshop%26filterCategoriesROOT%3DMobiltelefon%2B%2526%2BNavig%25C3%25A1ci%25C3%25B3%25C2%25A7MediaHUhuc504791%26filterCategoriesROOT%252FMobiltelefon%2B%2526%2BNavig%25C3%25A1ci%25C3%25B3%25C2%25A7MediaHUhuc504791%3DMobiltelefon%2Bkell%25C3%25A9k%25C2%25A7MediaHUhuc504795%26filterCategoriesROOT%252FMobiltelefon%2B%2526%2BNavig%25C3%25A1ci%25C3%25B3%25C2%25A7MediaHUhuc504791%252FMobiltelefon%2Bkell%25C3%25A9k%25C2%25A7MediaHUhuc504795%3DMem%25C3%25B3riak%25C3%25A1rtya%25C2%25A7MediaHUhuc504813%26filteravailability%3D1%26filterMem%25C3%25B3riak%25C3%25A1rtya%2Bt%25C3%25ADpusa%3DMicro%2BSD%257E%257E%257EMicro%2BSDHC%257E%257E%257EMicro%2BSDXC%26channel%3Dmmhuhu%26productsPerPage%3D24%26followSearch%3D9850%26disableTabbedCategory%3Dtrue%26navigation%3Dtrue&amp;sort=&amp;view=PRODUCTLIST&amp;page=\" target=\"_blank\" rel=\"noreferrer noopener\">microSD k\u00e1rty\u00e1ra (k\u00fcl\u00f6n v\u00e1s\u00e1rolhat\u00f3)<\/a>, vagy Cloud t\u00e1rhelyre (k\u00fcl\u00f6n el\u0151fizethet\u0151).&nbsp; A <a href=\"https:\/\/www.mediamarkt.hu\/hu\/product\/_nedis-intelligens-k%C3%BClt%C3%A9ri-ip-kamera-fullhd-wifico20cwt-1311688.html\" target=\"_blank\" rel=\"noreferrer noopener\">WIFICO20CWT<\/a> eset\u00e9ben a be\u00e9p\u00edtett 16 GB-os h\u00e1tt\u00e9rt\u00e1rra lehet r\u00f6gz\u00edteni, vagy szint\u00e9n cloudon kereszt\u00fcl, ha el\u0151fizet r\u00e1 a tulajdonos.<\/p>\n\n\n\n<figure class=\"wp-block-image size-large\"><img loading=\"lazy\" decoding=\"async\" width=\"1024\" height=\"576\" src=\"https:\/\/hir.mediamarkt.hu\/magazin\/wp-content\/uploads\/2021\/10\/nedis-okos-kulteri-kamera-10-1024x576.jpg\" alt=\"\" class=\"wp-image-13386\" srcset=\"https:\/\/hir.mediamarkt.hu\/magazin\/wp-content\/uploads\/2021\/10\/nedis-okos-kulteri-kamera-10-1024x576.jpg 1024w, https:\/\/hir.mediamarkt.hu\/magazin\/wp-content\/uploads\/2021\/10\/nedis-okos-kulteri-kamera-10-300x169.jpg 300w, https:\/\/hir.mediamarkt.hu\/magazin\/wp-content\/uploads\/2021\/10\/nedis-okos-kulteri-kamera-10-275x155.jpg 275w, https:\/\/hir.mediamarkt.hu\/magazin\/wp-content\/uploads\/2021\/10\/nedis-okos-kulteri-kamera-10-768x432.jpg 768w, https:\/\/hir.mediamarkt.hu\/magazin\/wp-content\/uploads\/2021\/10\/nedis-okos-kulteri-kamera-10-1536x864.jpg 1536w, https:\/\/hir.mediamarkt.hu\/magazin\/wp-content\/uploads\/2021\/10\/nedis-okos-kulteri-kamera-10-480x270.jpg 480w, https:\/\/hir.mediamarkt.hu\/magazin\/wp-content\/uploads\/2021\/10\/nedis-okos-kulteri-kamera-10.jpg 1920w\" sizes=\"(max-width: 1024px) 100vw, 1024px\" \/><figcaption>K\u00e9perny\u0151k\u00e9pet k\u00e9sz\u00edtve az appb\u00f3l a min\u0151s\u00e9g nem kiemelked\u0151. A vide\u00f3ja enn\u00e9l az\u00e9rt jobb a Nedis kamer\u00e1inak<\/figcaption><\/figure>\n\n\n\n<p class=\"has-text-align-justify\">A <a href=\"https:\/\/www.mediamarkt.hu\/hu\/product\/_nedis-intelligens-k%C3%BClt%C3%A9ri-ip-kamera-fullhd-wifico11cwt-1311687.html\" target=\"_blank\" rel=\"noreferrer noopener\">WIFICO011CWT<\/a> eset\u00e9ben motorikusan k\u00f6rbeforgathat\u00f3 a kamera. Oldalir\u00e1nyba k\u00f6zel 360 fokot (teljes k\u00f6rt) tud megtenni, f\u00fcgg\u0151leges ir\u00e1nyba pedig kb. 80 fokot. Ehhez a poz\u00edci\u00f3t lehet a telefonr\u00f3l vez\u00e9relni.<\/p>\n\n\n\n<h2 class=\"wp-block-heading\">M\u00e9g t\u00f6bb Nedis<\/h2>\n\n\n\n<p class=\"has-text-align-justify\">A fent bemutatottakon k\u00edv\u00fcl a <a href=\"https:\/\/www.mediamarkt.hu\/hu\/category\/_okos-otthon-695511.html?searchParams=%2FSearch.ff%3FfilterTabbedCategory%3Donlineshop%26filterCategoriesROOT%3DOtthon%2B%2526%2BSzabadid%25C5%2591%25C2%25A7MediaHUhuc675526%26filterCategoriesROOT%252FOtthon%2B%2526%2BSzabadid%25C5%2591%25C2%25A7MediaHUhuc675526%3DOkos%2Botthon%25C2%25A7MediaHUhuc695511%26filteravailability%3D1%26filterbrand%3DNEDIS%26channel%3Dmmhuhu%26productsPerPage%3D24%26followSearch%3D9956%26disableTabbedCategory%3Dtrue%26navigation%3Dtrue&amp;sort=&amp;view=PRODUCTLIST&amp;page=1\" target=\"_blank\" rel=\"noreferrer noopener\">Nedis sz\u00e1mtalan \u00e9rdekes, otthonra sz\u00e1nt okosterm\u00e9kkel rendelkezik m\u00e9g<\/a>.  K\u00edn\u00e1l <a href=\"https:\/\/www.mediamarkt.hu\/hu\/product\/_nedis-intelligens-v%C3%ADzsziv%C3%A1rg%C3%A1s-%C3%A9rz%C3%A9kel%C5%91-elemes-wifidw10wt-1311689.html\" target=\"_blank\" rel=\"noreferrer noopener\">v\u00edzsziv\u00e1rg\u00e1s \u00e9rz\u00e9kel\u0151t<\/a>, <a href=\"https:\/\/www.mediamarkt.hu\/hu\/product\/_nedis-intelligens-videokamer%C3%A1s-ajt%C3%B3cseng%C5%91-wificdp10gy-1311684.html\" target=\"_blank\" rel=\"noreferrer noopener\">videokamer\u00e1s ajt\u00f3cseng\u0151t<\/a>, <a href=\"https:\/\/www.mediamarkt.hu\/hu\/product\/_nedis-wifirc10cbk-univerz%C3%A1lis-t%C3%A1vvez%C3%A9rl%C5%91-fekete-1311705.html\" target=\"_blank\" rel=\"noreferrer noopener\">univerz\u00e1lis t\u00e1vvez\u00e9rl\u0151t<\/a>, <a href=\"https:\/\/www.mediamarkt.hu\/hu\/product\/_nedis-smartlife-intelligens-f%C3%BCst%C3%A9rz%C3%A9kel%C5%91-wi-fi-feh%C3%A9r-wifids10wt-1341239.html\" target=\"_blank\" rel=\"noreferrer noopener\">f\u00fcst\u00e9rz\u00e9kel\u0151t<\/a>, kerek <a href=\"https:\/\/www.mediamarkt.hu\/hu\/product\/_nedis-intelligens-wi-fi-s-mennyezeti-l%C3%A1mpa-kerek-30cm-18w-1400-lm-meleg-%C3%A9s-hideg-feh%C3%A9r-wifilaw20wt-1341253.html\" target=\"_blank\" rel=\"noreferrer noopener\">mennyezeti l\u00e1mp\u00e1t<\/a>, de <a href=\"https:\/\/www.mediamarkt.hu\/hu\/product\/_nedis-intelligens-wi-fi-s-mennyezeti-l%C3%A1mpa-30x30cm-18w-1800-lm-meleg-%C3%A9s-hideg-feh%C3%A9r-rgb-wifilac30wt-1341251.html\" target=\"_blank\" rel=\"noreferrer noopener\">sz\u00f6gletest<\/a> is. De sokf\u00e9le LED f\u00e9nyforr\u00e1s is megtal\u00e1lhat\u00f3 a k\u00edn\u00e1latban.<\/p>\n\n\n\n<p class=\"has-text-align-justify\">Itt is igaz, hogy el lehet kezdeni az okosotthont egy 5000 forintos LED-es f\u00e9nyforr\u00e1ssal is \u00e9s k\u00e9s\u0151bb ig\u00e9nyek alapj\u00e1n tov\u00e1bb b\u0151v\u00edthet\u0151.<\/p>\n\n\n\n<h2 class=\"wp-block-heading\"><a href=\"https:\/\/hir.mediamarkt.hu\/magazin\/hama-okosotthon-termekek\/\" target=\"_blank\" rel=\"noreferrer noopener\">\u00cdGY \u00c9P\u00dcL FEL AZ OKOSOTTHON HAMA TERM\u00c9KKEL<\/a><\/h2>\n","protected":false},"excerpt":{"rendered":"Modul\u00e1ris okosotthon megold\u00e1sok a Nedis m\u00e1rk\u00e1t\u00f3l. Bemutatjuk az intelligens konnektorokat, kamer\u00e1kat \u00e9s LED-es villanyk\u00f6rt\u00e9ket.","protected":false},"author":34,"featured_media":13427,"comment_status":"open","ping_status":"open","sticky":false,"template":"","format":"standard","meta":{"wprm-recipe-roundup-name":"","wprm-recipe-roundup-description":"","footnotes":""},"categories":[5964,5946],"tags":[4731,4730,4548,4727,4728,4726,4732,4735,1475,4729,4733,4734],"yoast_head":"<!-- This site is optimized with the Yoast SEO plugin v22.9 - https:\/\/yoast.com\/wordpress\/plugins\/seo\/ -->\n<title>Nedis okosotthon megold\u00e1sok - MediaMarkt Magazin<\/title>\n<meta name=\"description\" content=\"Modul\u00e1ris okosotthon megold\u00e1sok a Nedis m\u00e1rk\u00e1t\u00f3l. Bemutatjuk az intelligens konnektorokat, kamer\u00e1kat \u00e9s LED-es villanyk\u00f6rt\u00e9ket.\" \/>\n<meta name=\"robots\" content=\"index, follow, max-snippet:-1, max-image-preview:large, max-video-preview:-1\" \/>\n<link rel=\"canonical\" href=\"https:\/\/hir.mediamarkt.hu\/magazin\/nedis-okosotthon-megoldasok\/\" \/>\n<meta property=\"og:locale\" content=\"hu_HU\" \/>\n<meta property=\"og:type\" content=\"article\" \/>\n<meta property=\"og:title\" content=\"Nedis okosotthon megold\u00e1sok - MediaMarkt Magazin\" \/>\n<meta property=\"og:description\" content=\"Modul\u00e1ris okosotthon megold\u00e1sok a Nedis m\u00e1rk\u00e1t\u00f3l. Bemutatjuk az intelligens konnektorokat, kamer\u00e1kat \u00e9s LED-es villanyk\u00f6rt\u00e9ket.\" \/>\n<meta property=\"og:url\" content=\"https:\/\/hir.mediamarkt.hu\/magazin\/nedis-okosotthon-megoldasok\/\" \/>\n<meta property=\"og:site_name\" content=\"MediaMarkt Magazin\" \/>\n<meta property=\"article:publisher\" content=\"https:\/\/www.facebook.com\/MediaMarktMagyarorszag\" \/>\n<meta property=\"article:published_time\" content=\"2021-10-20T15:33:34+00:00\" \/>\n<meta property=\"article:modified_time\" content=\"2021-10-22T10:55:27+00:00\" \/>\n<meta property=\"og:image\" content=\"https:\/\/hir.mediamarkt.hu\/magazin\/wp-content\/uploads\/2021\/10\/Nedis_okosotthon_teszt.png\" \/>\n\t<meta property=\"og:image:width\" content=\"1024\" \/>\n\t<meta property=\"og:image:height\" content=\"619\" \/>\n\t<meta property=\"og:image:type\" content=\"image\/png\" \/>\n<meta name=\"author\" content=\"Kov\u00e1cs \u00c1d\u00e1m\" \/>\n<meta name=\"twitter:label1\" content=\"Szerz\u0151:\" \/>\n\t<meta name=\"twitter:data1\" content=\"Kov\u00e1cs \u00c1d\u00e1m\" \/>\n\t<meta name=\"twitter:label2\" content=\"Becs\u00fclt olvas\u00e1si id\u0151\" \/>\n\t<meta name=\"twitter:data2\" content=\"13 perc\" \/>\n<script type=\"application\/ld+json\" class=\"yoast-schema-graph\">{\"@context\":\"https:\/\/schema.org\",\"@graph\":[{\"@type\":\"WebPage\",\"@id\":\"https:\/\/hir.mediamarkt.hu\/magazin\/nedis-okosotthon-megoldasok\/\",\"url\":\"https:\/\/hir.mediamarkt.hu\/magazin\/nedis-okosotthon-megoldasok\/\",\"name\":\"Nedis okosotthon megold\u00e1sok - MediaMarkt Magazin\",\"isPartOf\":{\"@id\":\"https:\/\/hir.mediamarkt.hu\/magazin\/#website\"},\"primaryImageOfPage\":{\"@id\":\"https:\/\/hir.mediamarkt.hu\/magazin\/nedis-okosotthon-megoldasok\/#primaryimage\"},\"image\":{\"@id\":\"https:\/\/hir.mediamarkt.hu\/magazin\/nedis-okosotthon-megoldasok\/#primaryimage\"},\"thumbnailUrl\":\"https:\/\/hir.mediamarkt.hu\/magazin\/wp-content\/uploads\/2021\/10\/Nedis_okosotthon_teszt.png\",\"datePublished\":\"2021-10-20T15:33:34+00:00\",\"dateModified\":\"2021-10-22T10:55:27+00:00\",\"author\":{\"@id\":\"https:\/\/hir.mediamarkt.hu\/magazin\/#\/schema\/person\/eb6407def37d68930e61b9ccc0d2b12b\"},\"description\":\"Modul\u00e1ris okosotthon megold\u00e1sok a Nedis m\u00e1rk\u00e1t\u00f3l. Bemutatjuk az intelligens konnektorokat, kamer\u00e1kat \u00e9s LED-es villanyk\u00f6rt\u00e9ket.\",\"breadcrumb\":{\"@id\":\"https:\/\/hir.mediamarkt.hu\/magazin\/nedis-okosotthon-megoldasok\/#breadcrumb\"},\"inLanguage\":\"hu\",\"potentialAction\":[{\"@type\":\"ReadAction\",\"target\":[\"https:\/\/hir.mediamarkt.hu\/magazin\/nedis-okosotthon-megoldasok\/\"]}]},{\"@type\":\"ImageObject\",\"inLanguage\":\"hu\",\"@id\":\"https:\/\/hir.mediamarkt.hu\/magazin\/nedis-okosotthon-megoldasok\/#primaryimage\",\"url\":\"https:\/\/hir.mediamarkt.hu\/magazin\/wp-content\/uploads\/2021\/10\/Nedis_okosotthon_teszt.png\",\"contentUrl\":\"https:\/\/hir.mediamarkt.hu\/magazin\/wp-content\/uploads\/2021\/10\/Nedis_okosotthon_teszt.png\",\"width\":1024,\"height\":619},{\"@type\":\"BreadcrumbList\",\"@id\":\"https:\/\/hir.mediamarkt.hu\/magazin\/nedis-okosotthon-megoldasok\/#breadcrumb\",\"itemListElement\":[{\"@type\":\"ListItem\",\"position\":1,\"name\":\"Kezd\u0151lap\",\"item\":\"https:\/\/hir.mediamarkt.hu\/magazin\/\"},{\"@type\":\"ListItem\",\"position\":2,\"name\":\"Tesztelt\u00fck\",\"item\":\"https:\/\/hir.mediamarkt.hu\/magazin\/teszteltuk\/\"},{\"@type\":\"ListItem\",\"position\":3,\"name\":\"Nedis okosotthon megold\u00e1sok\"}]},{\"@type\":\"WebSite\",\"@id\":\"https:\/\/hir.mediamarkt.hu\/magazin\/#website\",\"url\":\"https:\/\/hir.mediamarkt.hu\/magazin\/\",\"name\":\"MediaMarkt Magazin\",\"description\":\"Olvass bele magazinunkba!\",\"potentialAction\":[{\"@type\":\"SearchAction\",\"target\":{\"@type\":\"EntryPoint\",\"urlTemplate\":\"https:\/\/hir.mediamarkt.hu\/magazin\/?s={search_term_string}\"},\"query-input\":\"required name=search_term_string\"}],\"inLanguage\":\"hu\"},{\"@type\":\"Person\",\"@id\":\"https:\/\/hir.mediamarkt.hu\/magazin\/#\/schema\/person\/eb6407def37d68930e61b9ccc0d2b12b\",\"name\":\"Kov\u00e1cs \u00c1d\u00e1m\",\"image\":{\"@type\":\"ImageObject\",\"inLanguage\":\"hu\",\"@id\":\"https:\/\/hir.mediamarkt.hu\/magazin\/#\/schema\/person\/image\/\",\"url\":\"https:\/\/secure.gravatar.com\/avatar\/7f17d39fcf146db446aab8f0a0b84bce?s=96&d=mm&r=g\",\"contentUrl\":\"https:\/\/secure.gravatar.com\/avatar\/7f17d39fcf146db446aab8f0a0b84bce?s=96&d=mm&r=g\",\"caption\":\"Kov\u00e1cs \u00c1d\u00e1m\"}}]}<\/script>\n<!-- \/ Yoast SEO plugin. -->","yoast_head_json":{"title":"Nedis okosotthon megold\u00e1sok - MediaMarkt Magazin","description":"Modul\u00e1ris okosotthon megold\u00e1sok a Nedis m\u00e1rk\u00e1t\u00f3l. Bemutatjuk az intelligens konnektorokat, kamer\u00e1kat \u00e9s LED-es villanyk\u00f6rt\u00e9ket.","robots":{"index":"index","follow":"follow","max-snippet":"max-snippet:-1","max-image-preview":"max-image-preview:large","max-video-preview":"max-video-preview:-1"},"canonical":"https:\/\/hir.mediamarkt.hu\/magazin\/nedis-okosotthon-megoldasok\/","og_locale":"hu_HU","og_type":"article","og_title":"Nedis okosotthon megold\u00e1sok - MediaMarkt Magazin","og_description":"Modul\u00e1ris okosotthon megold\u00e1sok a Nedis m\u00e1rk\u00e1t\u00f3l. Bemutatjuk az intelligens konnektorokat, kamer\u00e1kat \u00e9s LED-es villanyk\u00f6rt\u00e9ket.","og_url":"https:\/\/hir.mediamarkt.hu\/magazin\/nedis-okosotthon-megoldasok\/","og_site_name":"MediaMarkt Magazin","article_publisher":"https:\/\/www.facebook.com\/MediaMarktMagyarorszag","article_published_time":"2021-10-20T15:33:34+00:00","article_modified_time":"2021-10-22T10:55:27+00:00","og_image":[{"width":1024,"height":619,"url":"https:\/\/hir.mediamarkt.hu\/magazin\/wp-content\/uploads\/2021\/10\/Nedis_okosotthon_teszt.png","type":"image\/png"}],"author":"Kov\u00e1cs \u00c1d\u00e1m","twitter_misc":{"Szerz\u0151:":"Kov\u00e1cs \u00c1d\u00e1m","Becs\u00fclt olvas\u00e1si id\u0151":"13 perc"},"schema":{"@context":"https:\/\/schema.org","@graph":[{"@type":"WebPage","@id":"https:\/\/hir.mediamarkt.hu\/magazin\/nedis-okosotthon-megoldasok\/","url":"https:\/\/hir.mediamarkt.hu\/magazin\/nedis-okosotthon-megoldasok\/","name":"Nedis okosotthon megold\u00e1sok - MediaMarkt Magazin","isPartOf":{"@id":"https:\/\/hir.mediamarkt.hu\/magazin\/#website"},"primaryImageOfPage":{"@id":"https:\/\/hir.mediamarkt.hu\/magazin\/nedis-okosotthon-megoldasok\/#primaryimage"},"image":{"@id":"https:\/\/hir.mediamarkt.hu\/magazin\/nedis-okosotthon-megoldasok\/#primaryimage"},"thumbnailUrl":"https:\/\/hir.mediamarkt.hu\/magazin\/wp-content\/uploads\/2021\/10\/Nedis_okosotthon_teszt.png","datePublished":"2021-10-20T15:33:34+00:00","dateModified":"2021-10-22T10:55:27+00:00","author":{"@id":"https:\/\/hir.mediamarkt.hu\/magazin\/#\/schema\/person\/eb6407def37d68930e61b9ccc0d2b12b"},"description":"Modul\u00e1ris okosotthon megold\u00e1sok a Nedis m\u00e1rk\u00e1t\u00f3l. Bemutatjuk az intelligens konnektorokat, kamer\u00e1kat \u00e9s LED-es villanyk\u00f6rt\u00e9ket.","breadcrumb":{"@id":"https:\/\/hir.mediamarkt.hu\/magazin\/nedis-okosotthon-megoldasok\/#breadcrumb"},"inLanguage":"hu","potentialAction":[{"@type":"ReadAction","target":["https:\/\/hir.mediamarkt.hu\/magazin\/nedis-okosotthon-megoldasok\/"]}]},{"@type":"ImageObject","inLanguage":"hu","@id":"https:\/\/hir.mediamarkt.hu\/magazin\/nedis-okosotthon-megoldasok\/#primaryimage","url":"https:\/\/hir.mediamarkt.hu\/magazin\/wp-content\/uploads\/2021\/10\/Nedis_okosotthon_teszt.png","contentUrl":"https:\/\/hir.mediamarkt.hu\/magazin\/wp-content\/uploads\/2021\/10\/Nedis_okosotthon_teszt.png","width":1024,"height":619},{"@type":"BreadcrumbList","@id":"https:\/\/hir.mediamarkt.hu\/magazin\/nedis-okosotthon-megoldasok\/#breadcrumb","itemListElement":[{"@type":"ListItem","position":1,"name":"Kezd\u0151lap","item":"https:\/\/hir.mediamarkt.hu\/magazin\/"},{"@type":"ListItem","position":2,"name":"Tesztelt\u00fck","item":"https:\/\/hir.mediamarkt.hu\/magazin\/teszteltuk\/"},{"@type":"ListItem","position":3,"name":"Nedis okosotthon megold\u00e1sok"}]},{"@type":"WebSite","@id":"https:\/\/hir.mediamarkt.hu\/magazin\/#website","url":"https:\/\/hir.mediamarkt.hu\/magazin\/","name":"MediaMarkt Magazin","description":"Olvass bele magazinunkba!","potentialAction":[{"@type":"SearchAction","target":{"@type":"EntryPoint","urlTemplate":"https:\/\/hir.mediamarkt.hu\/magazin\/?s={search_term_string}"},"query-input":"required name=search_term_string"}],"inLanguage":"hu"},{"@type":"Person","@id":"https:\/\/hir.mediamarkt.hu\/magazin\/#\/schema\/person\/eb6407def37d68930e61b9ccc0d2b12b","name":"Kov\u00e1cs \u00c1d\u00e1m","image":{"@type":"ImageObject","inLanguage":"hu","@id":"https:\/\/hir.mediamarkt.hu\/magazin\/#\/schema\/person\/image\/","url":"https:\/\/secure.gravatar.com\/avatar\/7f17d39fcf146db446aab8f0a0b84bce?s=96&d=mm&r=g","contentUrl":"https:\/\/secure.gravatar.com\/avatar\/7f17d39fcf146db446aab8f0a0b84bce?s=96&d=mm&r=g","caption":"Kov\u00e1cs \u00c1d\u00e1m"}}]}},"_links":{"self":[{"href":"https:\/\/hir.mediamarkt.hu\/magazin\/wp-json\/wp\/v2\/posts\/13346"}],"collection":[{"href":"https:\/\/hir.mediamarkt.hu\/magazin\/wp-json\/wp\/v2\/posts"}],"about":[{"href":"https:\/\/hir.mediamarkt.hu\/magazin\/wp-json\/wp\/v2\/types\/post"}],"author":[{"embeddable":true,"href":"https:\/\/hir.mediamarkt.hu\/magazin\/wp-json\/wp\/v2\/users\/34"}],"replies":[{"embeddable":true,"href":"https:\/\/hir.mediamarkt.hu\/magazin\/wp-json\/wp\/v2\/comments?post=13346"}],"version-history":[{"count":15,"href":"https:\/\/hir.mediamarkt.hu\/magazin\/wp-json\/wp\/v2\/posts\/13346\/revisions"}],"predecessor-version":[{"id":13428,"href":"https:\/\/hir.mediamarkt.hu\/magazin\/wp-json\/wp\/v2\/posts\/13346\/revisions\/13428"}],"wp:featuredmedia":[{"embeddable":true,"href":"https:\/\/hir.mediamarkt.hu\/magazin\/wp-json\/wp\/v2\/media\/13427"}],"wp:attachment":[{"href":"https:\/\/hir.mediamarkt.hu\/magazin\/wp-json\/wp\/v2\/media?parent=13346"}],"wp:term":[{"taxonomy":"category","embeddable":true,"href":"https:\/\/hir.mediamarkt.hu\/magazin\/wp-json\/wp\/v2\/categories?post=13346"},{"taxonomy":"post_tag","embeddable":true,"href":"https:\/\/hir.mediamarkt.hu\/magazin\/wp-json\/wp\/v2\/tags?post=13346"}],"curies":[{"name":"wp","href":"https:\/\/api.w.org\/{rel}","templated":true}]}}