{"id":13439,"date":"2021-12-04T12:35:00","date_gmt":"2021-12-04T11:35:00","guid":{"rendered":"https:\/\/hir.mediamarkt.hu\/magazin\/?p=13439"},"modified":"2021-12-29T17:24:10","modified_gmt":"2021-12-29T16:24:10","slug":"lg-gram-16-notebook-teszt","status":"publish","type":"post","link":"https:\/\/hir.mediamarkt.hu\/magazin\/lg-gram-16-notebook-teszt\/","title":{"rendered":"LG Gram 16 notebook teszt &#8211; \u00edgy k\u00f6nny\u0171"},"content":{"rendered":"\n<p class=\"has-text-align-justify\">Ha valaki notebookot v\u00e1s\u00e1rol, megannyi lehet\u0151s\u00e9ggel tal\u00e1lja mag\u00e1t szembe, gyakorlatilag k\u00f6zel minden ig\u00e9nyre tal\u00e1lni valamilyen megold\u00e1st. Az LG a Gram sorozattal a rendk\u00edv\u00fcl k\u00f6nny\u0171, m\u00e9gis nagy teljes\u00edtm\u00e9ny\u0171 pr\u00e9mium k\u00e9sz\u00fcl\u00e9keket k\u00edn\u00e1lja a piacon.<\/p>\n\n\n\n<p class=\"has-text-align-justify\">B\u00e1r haz\u00e1nkban nem olyan r\u00e9g\u00f3ta van notebook az LG-t\u0151l, val\u00f3j\u00e1ban m\u00e1r a 2000-es \u00e9vek elej\u00e9n is gy\u00e1rtottak hordozhat\u00f3 sz\u00e1m\u00edt\u00f3g\u00e9peket a c\u00e9gn\u00e9l. A Gram sorozatot 2015-ben jelentette be a gy\u00e1rt\u00f3 \u00e9s m\u00e1r akkor a legf\u0151bb h\u00faz\u00f3ereje a t\u00f6mege volt ezeknek a t\u00edpusoknak, ugyanis rendk\u00edv\u00fcl k\u00f6nny\u0171ek.<\/p>\n\n\n\n<h2 class=\"wp-block-heading\">Nem igaz\u00e1n van az LG Gram notebookn\u00e1l k\u00f6nnyebb a piacon<\/h2>\n\n\n\n<figure class=\"wp-block-image size-large\"><img loading=\"lazy\" decoding=\"async\" width=\"1024\" height=\"768\" src=\"https:\/\/hir.mediamarkt.hu\/magazin\/wp-content\/uploads\/2021\/11\/lg-gram-notebook-teszt-9-1024x768.jpg\" alt=\"\" class=\"wp-image-13456\" srcset=\"https:\/\/hir.mediamarkt.hu\/magazin\/wp-content\/uploads\/2021\/11\/lg-gram-notebook-teszt-9-1024x768.jpg 1024w, https:\/\/hir.mediamarkt.hu\/magazin\/wp-content\/uploads\/2021\/11\/lg-gram-notebook-teszt-9-300x225.jpg 300w, https:\/\/hir.mediamarkt.hu\/magazin\/wp-content\/uploads\/2021\/11\/lg-gram-notebook-teszt-9-275x206.jpg 275w, https:\/\/hir.mediamarkt.hu\/magazin\/wp-content\/uploads\/2021\/11\/lg-gram-notebook-teszt-9-768x576.jpg 768w, https:\/\/hir.mediamarkt.hu\/magazin\/wp-content\/uploads\/2021\/11\/lg-gram-notebook-teszt-9-500x375.jpg 500w, https:\/\/hir.mediamarkt.hu\/magazin\/wp-content\/uploads\/2021\/11\/lg-gram-notebook-teszt-9.jpg 1200w\" sizes=\"(max-width: 1024px) 100vw, 1024px\" \/><\/figure>\n\n\n\n<p class=\"has-text-align-justify\">Teszt\u00fcnk alanya a 16\u201d-os LG Gram (eg\u00e9szen pontosan a <a href=\"https:\/\/www.mediamarkt.hu\/hu\/product\/_lg-gram-16z90p-g-aa55h-laptop-16-wqxga-core-i5-16gb-512-gb-ssd-win10h-1354700.html\" target=\"_blank\" rel=\"noreferrer noopener\">16Z90P-G.AA55H<\/a>) konfigur\u00e1ci\u00f3, amely a nagym\u00e9ret\u0171 kijelz\u0151je ellen\u00e9re is <strong>csak 1190 grammot nyom<\/strong>. Ha a piac konkurenseit n\u00e9zz\u00fck (pr\u00e9mium szegmens), csak nehezebb modelleket tal\u00e1lunk hasonl\u00f3 kijelz\u0151 m\u00e9retekkel. Lentebb egy r\u00f6vid felsorol\u00e1s, hogy a hasonl\u00f3 m\u00e9ret\u0171, vagy ak\u00e1r kisebb g\u00e9pek t\u00f6mege hogyan alakul:<\/p>\n\n\n\n<ul><li>Apple MacBook Pro 16 (2021) &#8211; 2,1-2,2 kg.<\/li><li><a href=\"https:\/\/www.mediamarkt.hu\/hu\/product\/_fujitsu-lifebook-u7511-lfbku7511-3-sz%C3%BCrke-ultrabook-15-6-fhd-core-i7-16gb-512-gb-ssd-intel-iris-xe-win10p-1369011.html\" target=\"_blank\" rel=\"noreferrer noopener\">Fujitsu Lifebook U7511<\/a> &#8211; 1,5 kg<\/li><li><a href=\"https:\/\/www.mediamarkt.hu\/hu\/product\/_microsoft-surface-laptop-4-5pb-00024-sz%C3%BCrke-laptop-13-5-2256x1504-ryzen5-8gb-256-gb-ssd-win10h-1354709.html\" target=\"_blank\" rel=\"noreferrer noopener\">Microsoft Surface Laptop 4<\/a> (13,5&#8243;)- 1,25 kg<\/li><li><a href=\"https:\/\/www.mediamarkt.hu\/hu\/product\/_asus-zenbook-pro-15-ux535lh-kj197t-sz%C3%BCrke-laptop-15-6-fhd-core-i7-16gb-512-gb-ssd-gtx1650-4gb-win10h-1367971.html\" target=\"_blank\" rel=\"noreferrer noopener\">ASUS Zenbook Pro 15<\/a> &#8211; 1,8 kg<\/li><li><a href=\"https:\/\/www.mediamarkt.hu\/hu\/product\/_lenovo-thinkbook-15-20ve00flhv-sz%C3%BCrke-laptop-15-6-fhd-core-i5-8gb-512-gb-ssd-intel-iris-xe-dos-1368050.html\" target=\"_blank\" rel=\"noreferrer noopener\">Lenovo Thinkbook 15<\/a> &#8211; 1,7 kg<\/li><li>Acer TravelMate P4 &#8211; 1,4 kg<\/li><li><a href=\"https:\/\/www.mediamarkt.hu\/hu\/product\/_dell-inspiron-5502-5502fi5ua2-ez%C3%BCst-laptop-15-6-fhd-core-i5-8gb-512-gb-ssd-intel-iris-xe-linux-1360408.html\" target=\"_blank\" rel=\"noreferrer noopener\">Dell Inspiron 5502<\/a> &#8211; 1,65 kg<\/li><li><a href=\"https:\/\/www.mediamarkt.hu\/hu\/product\/_huawei-matebook-d15-53011web-sz%C3%BCrke-laptop-15-6-fhd-core-i3-8gb-256-gb-ssd-win10h-1357659.html\" target=\"_blank\" rel=\"noreferrer noopener\">Huawei Matebook D15<\/a> &#8211; 1,53 kg<\/li><\/ul>\n\n\n\n<p class=\"has-text-align-justify\">Ak\u00e1rhogyan is n\u00e9zz\u00fck a list\u00e1t, az LG Gram 1,2 kg-os t\u00f6mege annyira alacsony, hogy a Microsoft megold\u00e1sa is csak megk\u00f6zel\u00edteni tudja (jelent\u0151sen kisebb kijelz\u0151vel), de jelenleg t\u00e9nyleg nem tal\u00e1lni k\u00f6nnyebbet a k\u00edn\u00e1latban.<\/p>\n\n\n\n<figure class=\"wp-block-image size-large\"><img loading=\"lazy\" decoding=\"async\" width=\"1024\" height=\"768\" src=\"https:\/\/hir.mediamarkt.hu\/magazin\/wp-content\/uploads\/2021\/11\/lg-gram-notebook-teszt-1-1024x768.jpg\" alt=\"\" class=\"wp-image-13444\" srcset=\"https:\/\/hir.mediamarkt.hu\/magazin\/wp-content\/uploads\/2021\/11\/lg-gram-notebook-teszt-1-1024x768.jpg 1024w, https:\/\/hir.mediamarkt.hu\/magazin\/wp-content\/uploads\/2021\/11\/lg-gram-notebook-teszt-1-300x225.jpg 300w, https:\/\/hir.mediamarkt.hu\/magazin\/wp-content\/uploads\/2021\/11\/lg-gram-notebook-teszt-1-275x206.jpg 275w, https:\/\/hir.mediamarkt.hu\/magazin\/wp-content\/uploads\/2021\/11\/lg-gram-notebook-teszt-1-768x576.jpg 768w, https:\/\/hir.mediamarkt.hu\/magazin\/wp-content\/uploads\/2021\/11\/lg-gram-notebook-teszt-1-500x375.jpg 500w, https:\/\/hir.mediamarkt.hu\/magazin\/wp-content\/uploads\/2021\/11\/lg-gram-notebook-teszt-1.jpg 1200w\" sizes=\"(max-width: 1024px) 100vw, 1024px\" \/><\/figure>\n\n\n\n<h2 class=\"wp-block-heading\">K\u00f6nny\u0171, de nem m\u0171anyag &#8230; <\/h2>\n\n\n\n<p>Ezt a nagyon alacsony t\u00f6meget nem m\u0171anyaggal \u00e9rte el az LG &#8211; ezt nem is szeretn\u00e9nk egy dr\u00e1ga pr\u00e9mium notebook eset\u00e9n. Helyette az LG Gram egy speci\u00e1lis magn\u00e9zium \u00f6tv\u00f6zet\u0171 f\u00e9m bor\u00edt\u00e1st kapott. Ennek tapint\u00e1sra, \u00e9rz\u00e9sre lehet ugyan egy kiss\u00e9 m\u0171anyag jelleg\u0171 \u00e9rzete, de sz\u00f3 sincs plasztikr\u00f3l (kiv\u00e9ve a kijelz\u0151 k\u00f6r\u00fcli keretn\u00e9l). Ez az alacsony t\u00f6meg t\u00e9nyleg nagyon meglep\u0151 tud lenni mikor felkapja az ember az asztalr\u00f3l a g\u00e9pet, sokkal k\u00f6nnyebb mint sz\u00e1mos kisebb, <a href=\"https:\/\/www.mediamarkt.hu\/hu\/category\/_laptop-notebook-504830.html?searchParams=%2FSearch.ff%3FfilterTabbedCategory%3Donlineshop%26filterCategoriesROOT%3DSz%25C3%25A1m%25C3%25ADt%25C3%25A1stechnika%2B%2526%2BIroda%25C2%25A7MediaHUhuc504818%26filterCategoriesROOT%252FSz%25C3%25A1m%25C3%25ADt%25C3%25A1stechnika%2B%2526%2BIroda%25C2%25A7MediaHUhuc504818%3DLaptop%252C%2Bnotebook%25C2%25A7MediaHUhuc504819%26filterCategoriesROOT%252FSz%25C3%25A1m%25C3%25ADt%25C3%25A1stechnika%2B%2526%2BIroda%25C2%25A7MediaHUhuc504818%252FLaptop%252C%2Bnotebook%25C2%25A7MediaHUhuc504819%3DLaptop%252C%2Bnotebook%25C2%25A7MediaHUhuc504830%26filteravailability%3D1%26channel%3Dmmhuhu%26followSearch%3D9956%26disableTabbedCategory%3Dtrue%26navigation%3Dtrue%26filterk%25C3%25A9p%25C3%25A1tl%25C3%25B3%3D13%2B-%2B14&amp;sort=&amp;view=PRODUCTLIST&amp;page=\" target=\"_blank\" rel=\"noreferrer noopener\">13-14\u201d-os k\u00e9sz\u00fcl\u00e9k<\/a>.<\/p>\n\n\n\n<p class=\"has-text-align-justify\">Enn\u00e9l a modelln\u00e9l is \u00e9rv\u00e9nyes\u00fcl az LG notebookra jellemz\u0151 nagyon minimalista design. A notebook fed\u0151lapja ez\u00fcst sz\u00edn\u0171, k\u00f6z\u00e9pen kr\u00f3mozott Gram felirat olvashat\u00f3 csak. A sz\u00e9lek finom lekerek\u00edt\u00e9st kaptak.<\/p>\n\n\n\n<figure class=\"wp-block-image size-large\"><img loading=\"lazy\" decoding=\"async\" width=\"1024\" height=\"768\" src=\"http:\/\/hir.mediamarkt.hu\/magazin\/wp-content\/uploads\/2021\/11\/lg-gram-notebook-teszt-10-1024x768.jpg\" alt=\"\" class=\"wp-image-13445\" srcset=\"https:\/\/hir.mediamarkt.hu\/magazin\/wp-content\/uploads\/2021\/11\/lg-gram-notebook-teszt-10-1024x768.jpg 1024w, https:\/\/hir.mediamarkt.hu\/magazin\/wp-content\/uploads\/2021\/11\/lg-gram-notebook-teszt-10-300x225.jpg 300w, https:\/\/hir.mediamarkt.hu\/magazin\/wp-content\/uploads\/2021\/11\/lg-gram-notebook-teszt-10-275x206.jpg 275w, https:\/\/hir.mediamarkt.hu\/magazin\/wp-content\/uploads\/2021\/11\/lg-gram-notebook-teszt-10-768x576.jpg 768w, https:\/\/hir.mediamarkt.hu\/magazin\/wp-content\/uploads\/2021\/11\/lg-gram-notebook-teszt-10-500x375.jpg 500w, https:\/\/hir.mediamarkt.hu\/magazin\/wp-content\/uploads\/2021\/11\/lg-gram-notebook-teszt-10.jpg 1200w\" sizes=\"(max-width: 1024px) 100vw, 1024px\" \/><\/figure>\n\n\n\n<p class=\"has-text-align-justify\">\u00d6sszecsukva 16,8 mm v\u00e9kony a notebook. Ezzel ugyan nem a legv\u00e9konyabb, de egy\u00e1ltal\u00e1n nem nevezhet\u0151 vastagnak. Ezzel a m\u00e9rettel a bal oldalra be tudott ker\u00fclni egy teljes m\u00e9ret\u0171 HDMI csatlakoz\u00f3, hogy monitorra legyen k\u00f6thet\u0151 a notebook. Mellette van k\u00e9t USB-C port, amelyek r\u00e1ad\u00e1sul Thunderbolt 4 kompatibilit\u00e1ssal is rendelkeznek (az egyik a t\u00f6lt\u0151port is egyben), valamint van egy kombin\u00e1lt headset csatlakoz\u00f3 is. A jobb oldalra ker\u00fclt k\u00e9t darab hagyom\u00e1nyos USB 3.2-es csatlakoz\u00f3, elf\u00e9rt egy microSD <a href=\"https:\/\/www.mediamarkt.hu\/hu\/category\/_mem%C3%B3riak%C3%A1rtya-504813.html\" target=\"_blank\" rel=\"noreferrer noopener\">mem\u00f3riak\u00e1rtya<\/a> olvas\u00f3, de m\u00e9g helyet kapott egy <a href=\"https:\/\/www.mediamarkt.hu\/hu\/product\/_kensington-clicksafe%C2%AE-univerz%C3%A1lis-kulcsos-laptop-z%C3%A1r-k64435ww-1363074.html\" target=\"_blank\" rel=\"noreferrer noopener\">Kensington z\u00e1r <\/a>hely is.<\/p>\n\n\n\n<figure class=\"wp-block-gallery columns-2 is-cropped wp-block-gallery-2 is-layout-flex wp-block-gallery-is-layout-flex\"><ul class=\"blocks-gallery-grid\"><li class=\"blocks-gallery-item\"><figure><img loading=\"lazy\" decoding=\"async\" width=\"1024\" height=\"768\" src=\"http:\/\/hir.mediamarkt.hu\/magazin\/wp-content\/uploads\/2021\/11\/lg-gram-notebook-teszt-11-1024x768.jpg\" alt=\"\" data-id=\"13446\" data-full-url=\"http:\/\/hir.mediamarkt.hu\/magazin\/wp-content\/uploads\/2021\/11\/lg-gram-notebook-teszt-11.jpg\" data-link=\"https:\/\/hir.mediamarkt.hu\/magazin\/?attachment_id=13446\" class=\"wp-image-13446\" srcset=\"https:\/\/hir.mediamarkt.hu\/magazin\/wp-content\/uploads\/2021\/11\/lg-gram-notebook-teszt-11-1024x768.jpg 1024w, https:\/\/hir.mediamarkt.hu\/magazin\/wp-content\/uploads\/2021\/11\/lg-gram-notebook-teszt-11-300x225.jpg 300w, https:\/\/hir.mediamarkt.hu\/magazin\/wp-content\/uploads\/2021\/11\/lg-gram-notebook-teszt-11-275x206.jpg 275w, https:\/\/hir.mediamarkt.hu\/magazin\/wp-content\/uploads\/2021\/11\/lg-gram-notebook-teszt-11-768x576.jpg 768w, https:\/\/hir.mediamarkt.hu\/magazin\/wp-content\/uploads\/2021\/11\/lg-gram-notebook-teszt-11-500x375.jpg 500w, https:\/\/hir.mediamarkt.hu\/magazin\/wp-content\/uploads\/2021\/11\/lg-gram-notebook-teszt-11.jpg 1200w\" sizes=\"(max-width: 1024px) 100vw, 1024px\" \/><\/figure><\/li><li class=\"blocks-gallery-item\"><figure><img loading=\"lazy\" decoding=\"async\" width=\"1024\" height=\"768\" src=\"http:\/\/hir.mediamarkt.hu\/magazin\/wp-content\/uploads\/2021\/11\/lg-gram-notebook-teszt-12-1024x768.jpg\" alt=\"\" data-id=\"13447\" data-full-url=\"http:\/\/hir.mediamarkt.hu\/magazin\/wp-content\/uploads\/2021\/11\/lg-gram-notebook-teszt-12.jpg\" data-link=\"https:\/\/hir.mediamarkt.hu\/magazin\/?attachment_id=13447\" class=\"wp-image-13447\" srcset=\"https:\/\/hir.mediamarkt.hu\/magazin\/wp-content\/uploads\/2021\/11\/lg-gram-notebook-teszt-12-1024x768.jpg 1024w, https:\/\/hir.mediamarkt.hu\/magazin\/wp-content\/uploads\/2021\/11\/lg-gram-notebook-teszt-12-300x225.jpg 300w, https:\/\/hir.mediamarkt.hu\/magazin\/wp-content\/uploads\/2021\/11\/lg-gram-notebook-teszt-12-275x206.jpg 275w, https:\/\/hir.mediamarkt.hu\/magazin\/wp-content\/uploads\/2021\/11\/lg-gram-notebook-teszt-12-768x576.jpg 768w, https:\/\/hir.mediamarkt.hu\/magazin\/wp-content\/uploads\/2021\/11\/lg-gram-notebook-teszt-12-500x375.jpg 500w, https:\/\/hir.mediamarkt.hu\/magazin\/wp-content\/uploads\/2021\/11\/lg-gram-notebook-teszt-12.jpg 1200w\" sizes=\"(max-width: 1024px) 100vw, 1024px\" \/><\/figure><\/li><\/ul><\/figure>\n\n\n\n<p class=\"has-text-align-justify\">A fels\u0151, kerek\u00edtett r\u00e9szekkel ellent\u00e9tben a notebook alj\u00e1n m\u00e1r sz\u00f6gletesebb kialak\u00edt\u00e1s\u00fa fen\u00e9klemez l\u00e1that\u00f3. Nincs k\u00fcl\u00f6n lecsavarozhat\u00f3 kis ajt\u00f3, a csavarokat pedig gumi talpak fedik. Ez azt jelenti, hogy nincs opci\u00f3 RAM-ot, vagy SSD-t cser\u00e9lni h\u00e1zilag, garanciaveszt\u00e9s n\u00e9lk\u00fcl. El\u0151bbit, a RAM-ot egy\u00e9bk\u00e9nt nem is lehetne b\u0151v\u00edteni, ugyanis az az alaplapra van integr\u00e1lva. Az SSD b\u0151v\u00edt\u00e9s viszont ak\u00e1r sz\u00f3ba is j\u00f6hetne, hiszen a notebook k\u00e9t NVME x4 SATA 3 portot tartalmaz \u00e9s az egyikbe ker\u00fclt meghajt\u00f3, azaz egy m\u00e1sodik SSD is be\u00e9p\u00edthet\u0151 volna. Ha valaki erre v\u00e1gyik, a hivatalos szakszervizt kell majd ig\u00e9nybe vegye \u00e9s akkor megmarad a k\u00e9sz\u00fcl\u00e9k j\u00f3t\u00e1ll\u00e1sa (ami egy\u00e9bk\u00e9nt 36 h\u00f3nap).<\/p>\n\n\n\n<p class=\"has-text-align-justify\">A fen\u00e9klemezen egy szolid szell\u0151z\u0151 r\u00e9sz tal\u00e1lhat\u00f3, ahol a h\u0171v\u00f6s leveg\u0151t besz\u00edvja a notebook \u00e9s a meleget a kijelz\u0151 zsan\u00e9rok k\u00f6z\u00f6tt f\u00fajja ki. K\u00e9t hangsz\u00f3r\u00f3r\u00e1csot is tal\u00e1lunk alul.<\/p>\n\n\n\n<figure class=\"wp-block-image size-large\"><img loading=\"lazy\" decoding=\"async\" width=\"1024\" height=\"768\" src=\"https:\/\/hir.mediamarkt.hu\/magazin\/wp-content\/uploads\/2021\/11\/lg-gram-notebook-teszt-2-1024x768.jpg\" alt=\"\" class=\"wp-image-13448\" srcset=\"https:\/\/hir.mediamarkt.hu\/magazin\/wp-content\/uploads\/2021\/11\/lg-gram-notebook-teszt-2-1024x768.jpg 1024w, https:\/\/hir.mediamarkt.hu\/magazin\/wp-content\/uploads\/2021\/11\/lg-gram-notebook-teszt-2-300x225.jpg 300w, https:\/\/hir.mediamarkt.hu\/magazin\/wp-content\/uploads\/2021\/11\/lg-gram-notebook-teszt-2-275x206.jpg 275w, https:\/\/hir.mediamarkt.hu\/magazin\/wp-content\/uploads\/2021\/11\/lg-gram-notebook-teszt-2-768x576.jpg 768w, https:\/\/hir.mediamarkt.hu\/magazin\/wp-content\/uploads\/2021\/11\/lg-gram-notebook-teszt-2-500x375.jpg 500w, https:\/\/hir.mediamarkt.hu\/magazin\/wp-content\/uploads\/2021\/11\/lg-gram-notebook-teszt-2.jpg 1200w\" sizes=\"(max-width: 1024px) 100vw, 1024px\" \/><\/figure>\n\n\n\n<h2 class=\"wp-block-heading\">Kiv\u00e1l\u00f3 kijelz\u0151, j\u00f3l felszerelt hardveres konfigur\u00e1ci\u00f3<\/h2>\n\n\n\n<p class=\"has-text-align-justify\">A fed\u0151lap felnyit\u00e1sa egy ujjal is k\u00f6nnyed\u00e9n siker\u00fcl. Ha a kijelz\u0151t n\u00e9zz\u00fck, akkor egy 16 h\u00fcvelykes k\u00e9p\u00e1tl\u00f3val rendelkez\u0151 IPS panelt tal\u00e1lunk itt, ami WQXGA, azaz 2560&#215;1600 k\u00e9ppontos felbont\u00e1ssal rendelkezik. Ez nem csak a FullHD-n\u00e1l magasabb felbont\u00e1s miatt \u00e9rdekes, hanem mert az elterjedtebb 16:9 helyett 16:10-es k\u00e9par\u00e1nnyal rendelkezik.&nbsp;<\/p>\n\n\n\n<p class=\"has-text-align-justify\">A kijelz\u0151t k\u00f6r\u00fcl\u00f6lel\u0151 k\u00e1v\u00e1k kifejezetten v\u00e9konyra siker\u00fcltek, f\u0151leg. Fel\u00fcl k\u00f6z\u00e9pre, a megszokott helyre ker\u00fclt a webkamera, ami csak HD (720p) felbont\u00e1s\u00fa. Ezt a r\u00e9szt mindenk\u00e9ppen kritika \u00e9rinti, de \u00fagy \u00e1ltal\u00e1noss\u00e1gban az eg\u00e9sz notebook piacon, hiszen a legt\u00f6bb gy\u00e1rt\u00f3 tov\u00e1bbra is ilyen alacsony felbont\u00e1s\u00fa, autof\u00f3kusz n\u00e9lk\u00fcli webkamer\u00e1t helyez a notebookokba. 2020. elej\u00e9n m\u00e9g lehetett volna azt mondani, hogy az oka ennek az, hogy kevesen haszn\u00e1lj\u00e1k. Azonban a koronav\u00edrus j\u00e1rv\u00e1ny hozta home office\/school szok\u00e1sok ut\u00e1n megn\u00f6vekedett a vide\u00f3chatek sz\u00e1ma a notebookon, egy\u00e9rtelm\u0171en ig\u00e9nyelne m\u00e1r egy j\u00f3 kamer\u00e1t t\u00f6bb notebook.<\/p>\n\n\n\n<p class=\"has-text-align-justify\">A kijelz\u0151 f\u00e9nyes fel\u00fclet\u0171, a betekint\u00e9si sz\u00f6gei j\u00f3k, azaz oldalr\u00f3l, vagy fel\u00fclr\u0151l n\u00e9zve sem torzulnak el a sz\u00ednek. A f\u00e9nyes fel\u00fclet miatt ha ablakkal, vagy naps\u00fct\u00e9snek h\u00e1ttal n\u00e9zz\u00fck a kijelz\u0151t, term\u00e9szetesen bekavarhat kiss\u00e9 a t\u00fckr\u00f6z\u0151d\u00e9s.&nbsp; Egy\u00e9bk\u00e9nt a f\u00e9nyer\u0151 kifejezetten magas, amely k\u00fclt\u00e9ri haszn\u00e1lat sor\u00e1n is el\u00e9g tud lenni.<\/p>\n\n\n\n<figure class=\"wp-block-image size-large\"><img loading=\"lazy\" decoding=\"async\" width=\"1024\" height=\"768\" src=\"https:\/\/hir.mediamarkt.hu\/magazin\/wp-content\/uploads\/2021\/11\/lg-gram-notebook-teszt-3-1024x768.jpg\" alt=\"\" class=\"wp-image-13450\" srcset=\"https:\/\/hir.mediamarkt.hu\/magazin\/wp-content\/uploads\/2021\/11\/lg-gram-notebook-teszt-3-1024x768.jpg 1024w, https:\/\/hir.mediamarkt.hu\/magazin\/wp-content\/uploads\/2021\/11\/lg-gram-notebook-teszt-3-300x225.jpg 300w, https:\/\/hir.mediamarkt.hu\/magazin\/wp-content\/uploads\/2021\/11\/lg-gram-notebook-teszt-3-275x206.jpg 275w, https:\/\/hir.mediamarkt.hu\/magazin\/wp-content\/uploads\/2021\/11\/lg-gram-notebook-teszt-3-768x576.jpg 768w, https:\/\/hir.mediamarkt.hu\/magazin\/wp-content\/uploads\/2021\/11\/lg-gram-notebook-teszt-3-500x375.jpg 500w, https:\/\/hir.mediamarkt.hu\/magazin\/wp-content\/uploads\/2021\/11\/lg-gram-notebook-teszt-3.jpg 1200w\" sizes=\"(max-width: 1024px) 100vw, 1024px\" \/><\/figure>\n\n\n\n<p class=\"has-text-align-justify\">Ha az LG Gram als\u00f3 r\u00e9sz\u00e9t tekintj\u00fck meg, akkor egyr\u00e9szt egy nagyon karakterek billenty\u0171zetet fedezhet\u00fcnk fel. Nem is a kontraszt a leg\u00e9rdekesebb, amit az ez\u00fcst sz\u00edn\u0171 magn\u00e9zium burkolaton a&nbsp; fekete gombok el\u0151id\u00e9znek. Sokkal ink\u00e1bb a magyar kioszt\u00e1s\u00fa klaviat\u00far\u00e1n felhaszn\u00e1lt bet\u0171t\u00edpus. Am\u00edg a legt\u00f6bb notebook billenty\u0171in a karakterek, bet\u0171k, sz\u00f6vegek sz\u00f6gletes, standard bet\u0171t\u00edpussal szerepelnek, addig az LG-re egy fiatalos, lekerek\u00edtett vonalvezet\u00e9s\u0171 tipogr\u00e1fia ker\u00fclt, amely r\u00f6gt\u00f6n odavonzza a tekinteteket.<\/p>\n\n\n\n<figure class=\"wp-block-image size-large\"><img loading=\"lazy\" decoding=\"async\" width=\"1024\" height=\"768\" src=\"https:\/\/hir.mediamarkt.hu\/magazin\/wp-content\/uploads\/2021\/11\/lg-gram-notebook-teszt-4-1024x768.jpg\" alt=\"\" class=\"wp-image-13451\" srcset=\"https:\/\/hir.mediamarkt.hu\/magazin\/wp-content\/uploads\/2021\/11\/lg-gram-notebook-teszt-4-1024x768.jpg 1024w, https:\/\/hir.mediamarkt.hu\/magazin\/wp-content\/uploads\/2021\/11\/lg-gram-notebook-teszt-4-300x225.jpg 300w, https:\/\/hir.mediamarkt.hu\/magazin\/wp-content\/uploads\/2021\/11\/lg-gram-notebook-teszt-4-275x206.jpg 275w, https:\/\/hir.mediamarkt.hu\/magazin\/wp-content\/uploads\/2021\/11\/lg-gram-notebook-teszt-4-768x576.jpg 768w, https:\/\/hir.mediamarkt.hu\/magazin\/wp-content\/uploads\/2021\/11\/lg-gram-notebook-teszt-4-500x375.jpg 500w, https:\/\/hir.mediamarkt.hu\/magazin\/wp-content\/uploads\/2021\/11\/lg-gram-notebook-teszt-4.jpg 1200w\" sizes=\"(max-width: 1024px) 100vw, 1024px\" \/><\/figure>\n\n\n\n<p class=\"has-text-align-justify\">A billenty\u0171zet teljes hazai kioszt\u00e1st kapott. Bal oldalon a Shift gombot kett\u00e9osztva kapott helyet az \u00ed karakter. Nincs \u201cnagy\u201d Enter\u00fcnk. Van viszont numerikus r\u00e9sz. A jobb fels\u0151 sarokban l\u00e9v\u0151 bekapcsol\u00f3gomb kil\u00f3g kicsit a sorb\u00f3l a form\u00e1ja miatt, az ugyanis laposabb mint a t\u00f6bbi gomb, ennek oka az, hogy ujjlenyomat olvas\u00f3t is tartalmaz. Ezzel bekapcsol\u00e1skor r\u00f6gt\u00f6n be lehet jelentkezni a Windows Hell\u00f3nak k\u00f6sz\u00f6nhet\u0151en.<\/p>\n\n\n\n<p class=\"has-text-align-justify\">A touchpad m\u00e9retes lett, eg\u00e9szen pontosan 13&#215;8 cm fel\u00fclet\u0171. Ez nagyj\u00e1b\u00f3l akkora, mint ami egy\u00e9bk\u00e9nt egy 13,3\u201d-os Macbook Pro notebookon is megtal\u00e1lhat\u00f3. Csak itt az\u00e9rt t\u0171nhet kisebbnek, mert nagyobb a csukl\u00f3t\u00e1masz fel\u00fclete.<\/p>\n\n\n\n<figure class=\"wp-block-image size-large\"><img loading=\"lazy\" decoding=\"async\" width=\"1024\" height=\"768\" src=\"https:\/\/hir.mediamarkt.hu\/magazin\/wp-content\/uploads\/2021\/11\/lg-gram-notebook-teszt-5-1024x768.jpg\" alt=\"\" class=\"wp-image-13452\" srcset=\"https:\/\/hir.mediamarkt.hu\/magazin\/wp-content\/uploads\/2021\/11\/lg-gram-notebook-teszt-5-1024x768.jpg 1024w, https:\/\/hir.mediamarkt.hu\/magazin\/wp-content\/uploads\/2021\/11\/lg-gram-notebook-teszt-5-300x225.jpg 300w, https:\/\/hir.mediamarkt.hu\/magazin\/wp-content\/uploads\/2021\/11\/lg-gram-notebook-teszt-5-275x206.jpg 275w, https:\/\/hir.mediamarkt.hu\/magazin\/wp-content\/uploads\/2021\/11\/lg-gram-notebook-teszt-5-768x576.jpg 768w, https:\/\/hir.mediamarkt.hu\/magazin\/wp-content\/uploads\/2021\/11\/lg-gram-notebook-teszt-5-500x375.jpg 500w, https:\/\/hir.mediamarkt.hu\/magazin\/wp-content\/uploads\/2021\/11\/lg-gram-notebook-teszt-5.jpg 1200w\" sizes=\"(max-width: 1024px) 100vw, 1024px\" \/><\/figure>\n\n\n\n<p class=\"has-text-align-justify\">A tesztp\u00e9ld\u00e1nyban m\u00e1r a 11. gener\u00e1ci\u00f3s (Tiger Lake) Intel Core i5-1135G7 processzor tal\u00e1lhat\u00f3 meg, integr\u00e1lt Iris X Graphics megold\u00e1ssal. Emell\u00e9 16 GB RAM-ot integr\u00e1lt az LG (ennek b\u0151v\u00edt\u00e9se tal\u00e1n nem is hi\u00e1nyzik majd annyira). A teszt konfigur\u00e1ci\u00f3nkba 512 GB-os SSD ker\u00fclt. Az er\u0151sebb, Core i7-1165G7 processzorral szerint modellb\u0151l v\u00e1laszthat\u00f3 1 TB kapacit\u00e1s\u00fa SSD-s modell is. Az \u00e1rakat tekintve egy\u00e9bk\u00e9nt nem kiemelked\u0151 a k\u00fcl\u00f6nbs\u00e9g, ha valaki a <a href=\"https:\/\/www.mediamarkt.hu\/hu\/product\/_lg-gram-16z90p-g-aa56h-ez%C3%BCst-laptop-16-wqxga-core-i5-16gb-512-gb-ssd-win10h-1354701.html\" target=\"_blank\" rel=\"noreferrer noopener\">\u201c<em>legolcs\u00f3bb<\/em>\u201d Core i5-\u00f6st <\/a>\u00e9s a<a href=\"https:\/\/www.mediamarkt.hu\/hu\/product\/_lg-gram-16z90p-g-aa78h-laptop-16-wqxga-core-i7-16gb-1024-gb-ssd-win10h-1354703.html\" target=\"_blank\" rel=\"noreferrer noopener\"> \u201c<em>legdr\u00e1g\u00e1bb<\/em>\u201d Core i7-es \u00e9s nagyobb SSD-s <\/a>konfigur\u00e1ci\u00f3t hasonl\u00edtja \u00f6ssze, alig ker\u00fcl 15%-kal t\u00f6bbe az er\u0151sebb hardver \u00e9s a dupla kapacit\u00e1s\u00fa SSD.<\/p>\n\n\n\n<p class=\"has-text-align-justify\">Persze k\u00e9rd\u00e9s, hogy ki, mire haszn\u00e1ln\u00e1 az LG Gramot, hiszen egy\u00e9bk\u00e9nt nagyon sok mindenre a Core i5-\u00f6s kiad\u00e1s is el\u00e9g lehet. A teszt alatt haszn\u00e1ltam a Photoshopot rajta, n\u00e9ztem filmet Netflixen \u00e9s vide\u00f3t a VLC Playerrel (4K-ban is), haszn\u00e1ltam a<a href=\"https:\/\/www.mediamarkt.hu\/hu\/product\/_microsoft-365-egyszem%C3%A9lyes-verzi%C3%B3-elektronikusan-let%C3%B6lthet%C5%91-szoftver-esd-multiplatform-1265950.html\" target=\"_blank\" rel=\"noreferrer noopener\"> Microsoft 365-ban <\/a>foglalt Office-t \u00e9s Excelt, illetve a Google Chrome-ban sok oldalt megnyitva b\u00f6ng\u00e9sztem. De egyik sem okozott val\u00f3di gondot az LG-be ker\u00fclt hardvernek.<\/p>\n\n\n\n<figure class=\"wp-block-image size-large\"><img loading=\"lazy\" decoding=\"async\" width=\"1024\" height=\"768\" src=\"https:\/\/hir.mediamarkt.hu\/magazin\/wp-content\/uploads\/2021\/11\/lg-gram-notebook-teszt-13-1024x768.jpg\" alt=\"\" class=\"wp-image-13455\" srcset=\"https:\/\/hir.mediamarkt.hu\/magazin\/wp-content\/uploads\/2021\/11\/lg-gram-notebook-teszt-13-1024x768.jpg 1024w, https:\/\/hir.mediamarkt.hu\/magazin\/wp-content\/uploads\/2021\/11\/lg-gram-notebook-teszt-13-300x225.jpg 300w, https:\/\/hir.mediamarkt.hu\/magazin\/wp-content\/uploads\/2021\/11\/lg-gram-notebook-teszt-13-275x206.jpg 275w, https:\/\/hir.mediamarkt.hu\/magazin\/wp-content\/uploads\/2021\/11\/lg-gram-notebook-teszt-13-768x576.jpg 768w, https:\/\/hir.mediamarkt.hu\/magazin\/wp-content\/uploads\/2021\/11\/lg-gram-notebook-teszt-13-500x375.jpg 500w, https:\/\/hir.mediamarkt.hu\/magazin\/wp-content\/uploads\/2021\/11\/lg-gram-notebook-teszt-13.jpg 1200w\" sizes=\"(max-width: 1024px) 100vw, 1024px\" \/><\/figure>\n\n\n\n<p class=\"has-text-align-justify\">A n\u00e9gymagos Core i5 processzor&nbsp; \u00f3rajele 2,4 GHz, de sz\u00fcks\u00e9g eset\u00e9n 4,2 GHz-ig is felemelkedhet. Komolyabb meleged\u00e9ssel nem kell sz\u00e1molni, b\u00e1r az\u00e9rt ha elkezd az ember mondjuk egy vide\u00f3t konvert\u00e1lni, amely nagyobb CPU terhel\u00e9ssel j\u00e1r, ott menetrendszer\u0171en meg\u00e9rkezik a ventil\u00e1tor hangja, valamint egy id\u0151 ut\u00e1n melegszik a k\u00e9sz\u00fcl\u00e9kh\u00e1z fels\u0151 r\u00e9sze &#8211; de szerencs\u00e9re nem v\u00e9szes m\u00e9rt\u00e9kben.&nbsp;<\/p>\n\n\n\n<p class=\"has-text-align-justify\">A notebook el\u0151re telep\u00edtett Windows 10 Home oper\u00e1ci\u00f3s rendszerrel rendelkezik. Ez m\u00e1r friss\u00edthet\u0151 volna Windows 11-re is, b\u00e1r mi ezt a teszt sor\u00e1n m\u00e9g nem tett\u00fck meg, a bev\u00e1lt Win 10 ugyan \u00fagy kiszolg\u00e1lja a h\u00e9tk\u00f6znapi ig\u00e9nyeket.<\/p>\n\n\n\n<p class=\"has-text-align-justify\">Szerencs\u00e9re nem vitte t\u00falz\u00e1sba az extra programokat az LG, nem kapunk milli\u00f3 k\u00e9retlen appot. Persze a Windows 10-zel j\u00e1r\u00f3 nem k\u00e9rt appok megvannak, de a gy\u00e1rt\u00f3i extr\u00e1kkal nem lett megtolva a Gram.<\/p>\n\n\n\n<figure class=\"wp-block-image size-large\"><img loading=\"lazy\" decoding=\"async\" width=\"1024\" height=\"768\" src=\"https:\/\/hir.mediamarkt.hu\/magazin\/wp-content\/uploads\/2021\/11\/lg-gram-notebook-teszt-7-1024x768.jpg\" alt=\"\" class=\"wp-image-13453\" srcset=\"https:\/\/hir.mediamarkt.hu\/magazin\/wp-content\/uploads\/2021\/11\/lg-gram-notebook-teszt-7-1024x768.jpg 1024w, https:\/\/hir.mediamarkt.hu\/magazin\/wp-content\/uploads\/2021\/11\/lg-gram-notebook-teszt-7-300x225.jpg 300w, https:\/\/hir.mediamarkt.hu\/magazin\/wp-content\/uploads\/2021\/11\/lg-gram-notebook-teszt-7-275x206.jpg 275w, https:\/\/hir.mediamarkt.hu\/magazin\/wp-content\/uploads\/2021\/11\/lg-gram-notebook-teszt-7-768x576.jpg 768w, https:\/\/hir.mediamarkt.hu\/magazin\/wp-content\/uploads\/2021\/11\/lg-gram-notebook-teszt-7-500x375.jpg 500w, https:\/\/hir.mediamarkt.hu\/magazin\/wp-content\/uploads\/2021\/11\/lg-gram-notebook-teszt-7.jpg 1200w\" sizes=\"(max-width: 1024px) 100vw, 1024px\" \/><\/figure>\n\n\n\n<p class=\"has-text-align-justify\">Egyetlen extrak\u00e9nt az LG Control Center nev\u0171 programot lehet megnevezni. Ebben lehet szab\u00e1lyozni a rendszerbe\u00e1ll\u00edt\u00e1sokat, az energiagazd\u00e1lkod\u00e1st, a Windows biztons\u00e1gi funkci\u00f3it is. Helyet kapott egy sz\u00ednh\u0151m\u00e9rs\u00e9klet szab\u00e1lyoz\u00f3, valamint a H\u0171t\u00e9si m\u00f3d be\u00e1ll\u00edt\u00e1si lehet\u0151s\u00e9ge egyar\u00e1nt. Ut\u00f3bbi seg\u00edts\u00e9g\u00e9vel cs\u00f6kkenthetj\u00fck a ventil\u00e1tor zaj\u00e1t &#8211; els\u0151sorban akkor, mikor nem nagy teljes\u00edtm\u00e9ny\u0171 folyamatokat v\u00e9gz\u00fcnk. Illetve ak\u00e1r meg is emelhet\u0151 maximumra, amely pont a fent eml\u00edtett vide\u00f3 renderel\u00e9s sor\u00e1n fog j\u00f3l j\u00f6nni.<\/p>\n\n\n\n<h2 class=\"wp-block-heading\">Sokat hordozva is nagy k\u00e9perny\u0151t \u00e9s j\u00f3 teljes\u00edtm\u00e9nyt k\u00edn\u00e1l<\/h2>\n\n\n\n<p class=\"has-text-align-justify\">A notebook mell\u00e9 egy 65 wattos USB-C t\u00f6lt\u0151 j\u00e1r &#8211; amely v\u00e9lem\u00e9nyem szerint gyenge pontja az LG Gramnak, k\u00e9t okb\u00f3l is. Az egyik a kialak\u00edt\u00e1sa. Am\u00edg sok gy\u00e1rt\u00f3 m\u00e1r azt az utat j\u00e1rja, hogy a t\u00f6lt\u0151 legyen kompakt, kicsi, az adaptert k\u00f6zvetlen\u00fcl a konnektorba dughat\u00f3 legyen, addig az LG a r\u00e9gi \u00faton halad. A konnektorba egy dugvill\u00e1s csatlakoz\u00f3val rendelkez\u0151 k\u00e1bel ker\u00fcl, amely v\u00e9ge egy pisk\u00f3ta csatlakoz\u00f3, ezt dugjuk be az adapterbe, ebb\u0151l j\u00f6n ki az USB-C k\u00e1bel, amelyet a notebookba dugunk. Az adapter teh\u00e1t k\u00f6z\u00e9pen helyezkedik el. Sok k\u00e1bel\u00fcnk van, ezek k\u00e9nyelmesen nem is feltekerhet\u0151k az adapterre. A m\u00e1sik gyenge pontja a t\u00f6mege, hiszen k\u00f6zel 300 gramm a k\u00e1belekkel. A t\u00f6lt\u0151 s\u00falya 25%-a a notebooknak. Am\u00edg a Gram k\u00f6nny\u0171, a t\u00f6lt\u0151je neh\u00e9z. \u00d6sszehasonl\u00edt\u00e1sk\u00e9nt, a 2020-as MacBook Pro notebook 61 wattos adaptere kb. 250 gramm, m\u00edg a Huawei Matebook D15 65 wattos t\u00f6lt\u0151je ennyi sincs, kb. 180 gramm.&nbsp;<\/p>\n\n\n\n<p class=\"has-text-align-justify\">Persze kompenz\u00e1l a 80 Wh kapacit\u00e1s\u00fa telep, amely t\u00e9nyleg \u00e9rezhet\u0151en hosszabban b\u00edrja, mint a konkurens Core i5-\u00f6s, vagy Ryzen 5-\u00f6s notebookok eset\u00e9ben, amelyek kisebb teleppel rendelkeznek. De ha az \u00fatra vinni kell a t\u00f6lt\u0151t is, akkor sokat vesz\u00edt helyzeti el\u0151ny\u00e9b\u0151l a k\u00e9sz\u00fcl\u00e9k.<\/p>\n\n\n\n<figure class=\"wp-block-image size-large\"><img loading=\"lazy\" decoding=\"async\" width=\"1024\" height=\"768\" src=\"https:\/\/hir.mediamarkt.hu\/magazin\/wp-content\/uploads\/2021\/11\/lg-gram-notebook-teszt-14-1024x768.jpg\" alt=\"\" class=\"wp-image-13454\" srcset=\"https:\/\/hir.mediamarkt.hu\/magazin\/wp-content\/uploads\/2021\/11\/lg-gram-notebook-teszt-14-1024x768.jpg 1024w, https:\/\/hir.mediamarkt.hu\/magazin\/wp-content\/uploads\/2021\/11\/lg-gram-notebook-teszt-14-300x225.jpg 300w, https:\/\/hir.mediamarkt.hu\/magazin\/wp-content\/uploads\/2021\/11\/lg-gram-notebook-teszt-14-275x206.jpg 275w, https:\/\/hir.mediamarkt.hu\/magazin\/wp-content\/uploads\/2021\/11\/lg-gram-notebook-teszt-14-768x576.jpg 768w, https:\/\/hir.mediamarkt.hu\/magazin\/wp-content\/uploads\/2021\/11\/lg-gram-notebook-teszt-14-500x375.jpg 500w, https:\/\/hir.mediamarkt.hu\/magazin\/wp-content\/uploads\/2021\/11\/lg-gram-notebook-teszt-14.jpg 1200w\" sizes=\"(max-width: 1024px) 100vw, 1024px\" \/><\/figure>\n\n\n\n<p class=\"has-text-align-justify\">Az LG Gram egy\u00e1ltal\u00e1n nem az olcs\u00f3bb notebookok k\u00f6z\u00f6tt versenyez. A magn\u00e9zium \u00f6tv\u00f6zet\u0171, k\u00f6nny\u0171 h\u00e1znak, illetve a szuper kijelz\u0151nek \u00e1ra van, emiatt minim\u00e1lisan, de magasabb az \u00e1rszab\u00e1sa, mint egy \u201chagyom\u00e1nyos\u201d, de hasonl\u00f3 konfigur\u00e1ci\u00f3val rendelkez\u0151 modellnek.<\/p>\n\n\n\n<p class=\"has-text-align-justify\">A k\u00f6nny\u0171 kialak\u00edt\u00e1s \u00e9s a magn\u00e9zium \u00f6tv\u00f6zet egy\u00e9bk\u00e9nt els\u0151re csal\u00f3ka. Egy Macbook Pro, vagy \u00e9ppen egy Huawei Matebook D15 ut\u00e1n k\u00e9zbe fogva els\u0151nek hathat kev\u00e9sb\u00e9 tart\u00f3snak, kev\u00e9sb\u00e9 min\u0151s\u00e9ginek is, hiszen azt hihetn\u00e9 az ember, hogy <em>\u201cnincs benne anyag\u201d<\/em>. Viszont ha hozz\u00e1szokik p\u00e1r nap ut\u00e1n, akkor m\u00e1r a fent eml\u00edtett konkurens modellek hatnak majd t\u00fal neh\u00e9znek.<\/p>\n\n\n\n<h2 class=\"wp-block-heading\"><a href=\"https:\/\/hir.mediamarkt.hu\/magazin\/xbox-series-x-lg-oled-c1\/\" target=\"_blank\" rel=\"noreferrer noopener\">XBOX SERIES X \u00c9S LG OLED 48\u201d C1 P\u00c1ROS TESZT<\/a><\/h2>\n\n\n\n<h2 class=\"wp-block-heading\"><a href=\"https:\/\/hir.mediamarkt.hu\/magazin\/lg-b1-oled-teszt\/\" target=\"_blank\" rel=\"noreferrer noopener\">LG OLED B1 TESZT<\/a><\/h2>\n\n\n","protected":false},"excerpt":{"rendered":"Ha valaki notebookot v\u00e1s\u00e1rol, megannyi lehet\u0151s\u00e9ggel tal\u00e1lja mag\u00e1t szembe, gyakorlatilag k\u00f6zel minden ig\u00e9nyre tal\u00e1lni valamilyen megold\u00e1st. Az LG a Gram sorozattal a rendk\u00edv\u00fcl k\u00f6nny\u0171, m\u00e9gis nagy teljes\u00edtm\u00e9ny\u0171 pr\u00e9mium k\u00e9sz\u00fcl\u00e9keket k\u00edn\u00e1lja a piacon. B\u00e1r haz\u00e1nkban nem olyan r\u00e9g\u00f3ta van notebook az LG-t\u0151l, val\u00f3j\u00e1ban m\u00e1r a 2000-es \u00e9vek elej\u00e9n is gy\u00e1rtottak hordozhat\u00f3 sz\u00e1m\u00edt\u00f3g\u00e9peket a c\u00e9gn\u00e9l. A Gram sorozatot 2015-ben jelentette be a gy\u00e1rt\u00f3 \u00e9s m\u00e1r akkor a legf\u0151bb h\u00faz\u00f3ereje a t\u00f6mege volt ezeknek a t\u00edpusoknak, ugyanis rendk\u00edv\u00fcl k\u00f6nny\u0171ek. Nem igaz\u00e1n van az LG Gram notebookn\u00e1l k\u00f6nnyebb a piacon Teszt\u00fcnk alanya a 16\u201d-os LG Gram (eg\u00e9szen pontosan a 16Z90P-G.AA55H) konfigur\u00e1ci\u00f3, amely a nagym\u00e9ret\u0171 kijelz\u0151je ellen\u00e9re is csak 1190 grammot nyom. Ha a piac konkurenseit n\u00e9zz\u00fck (pr\u00e9mium szegmens), csak nehezebb modelleket tal\u00e1lunk hasonl\u00f3 kijelz\u0151 &#8230;","protected":false},"author":34,"featured_media":13463,"comment_status":"open","ping_status":"open","sticky":false,"template":"","format":"standard","meta":{"wprm-recipe-roundup-name":"","wprm-recipe-roundup-description":"","footnotes":""},"categories":[5969,5951,5946],"tags":[4770,4774,4769,337,4784,459,4767,4768,4772,4771,4780,4766,509,4777,4782,4786,502,4773,298,4742,4752,4762,4761,4757,4754,4764,4763,4758,4756,4759,4755,4760,4751,4750,4741,4744,4753,4749,4746,4745,4748,4743,4747,4783,36,501,4781,4775,1183,4776,4765,1487,4785,1524,4495,1388,4778,4779,1747],"yoast_head":"<!-- This site is optimized with the Yoast SEO plugin v22.9 - https:\/\/yoast.com\/wordpress\/plugins\/seo\/ -->\n<title>LG Gram 16 notebook teszt - \u00edgy k\u00f6nny\u0171 - MediaMarkt Magazin<\/title>\n<meta name=\"description\" content=\"Az LG a Gram sorozattal a rendk\u00edv\u00fcl k\u00f6nny\u0171, m\u00e9gis nagy teljes\u00edtm\u00e9ny\u0171 pr\u00e9mium k\u00e9sz\u00fcl\u00e9keket k\u00edn\u00e1lja a piacon. A 16&quot;-os verzi\u00f3t tesztelt\u00fck le.\" \/>\n<meta name=\"robots\" content=\"index, follow, max-snippet:-1, max-image-preview:large, max-video-preview:-1\" \/>\n<link rel=\"canonical\" href=\"https:\/\/hir.mediamarkt.hu\/magazin\/lg-gram-16-notebook-teszt\/\" \/>\n<meta property=\"og:locale\" content=\"hu_HU\" \/>\n<meta property=\"og:type\" content=\"article\" \/>\n<meta property=\"og:title\" content=\"LG Gram 16 notebook teszt - \u00edgy k\u00f6nny\u0171 - MediaMarkt Magazin\" \/>\n<meta property=\"og:description\" content=\"Az LG a Gram sorozattal a rendk\u00edv\u00fcl k\u00f6nny\u0171, m\u00e9gis nagy teljes\u00edtm\u00e9ny\u0171 pr\u00e9mium k\u00e9sz\u00fcl\u00e9keket k\u00edn\u00e1lja a piacon. A 16&quot;-os verzi\u00f3t tesztelt\u00fck le.\" \/>\n<meta property=\"og:url\" content=\"https:\/\/hir.mediamarkt.hu\/magazin\/lg-gram-16-notebook-teszt\/\" \/>\n<meta property=\"og:site_name\" content=\"MediaMarkt Magazin\" \/>\n<meta property=\"article:publisher\" content=\"https:\/\/www.facebook.com\/MediaMarktMagyarorszag\" \/>\n<meta property=\"article:published_time\" content=\"2021-12-04T11:35:00+00:00\" \/>\n<meta property=\"article:modified_time\" content=\"2021-12-29T16:24:10+00:00\" \/>\n<meta property=\"og:image\" content=\"https:\/\/hir.mediamarkt.hu\/magazin\/wp-content\/uploads\/2021\/11\/LG-GRAM_16_teszt.png\" \/>\n\t<meta property=\"og:image:width\" content=\"1024\" \/>\n\t<meta property=\"og:image:height\" content=\"619\" \/>\n\t<meta property=\"og:image:type\" content=\"image\/png\" \/>\n<meta name=\"author\" content=\"Kov\u00e1cs \u00c1d\u00e1m\" \/>\n<meta name=\"twitter:label1\" content=\"Szerz\u0151:\" \/>\n\t<meta name=\"twitter:data1\" content=\"Kov\u00e1cs \u00c1d\u00e1m\" \/>\n\t<meta name=\"twitter:label2\" content=\"Becs\u00fclt olvas\u00e1si id\u0151\" \/>\n\t<meta name=\"twitter:data2\" content=\"10 perc\" \/>\n<script type=\"application\/ld+json\" class=\"yoast-schema-graph\">{\"@context\":\"https:\/\/schema.org\",\"@graph\":[{\"@type\":\"WebPage\",\"@id\":\"https:\/\/hir.mediamarkt.hu\/magazin\/lg-gram-16-notebook-teszt\/\",\"url\":\"https:\/\/hir.mediamarkt.hu\/magazin\/lg-gram-16-notebook-teszt\/\",\"name\":\"LG Gram 16 notebook teszt - \u00edgy k\u00f6nny\u0171 - MediaMarkt Magazin\",\"isPartOf\":{\"@id\":\"https:\/\/hir.mediamarkt.hu\/magazin\/#website\"},\"primaryImageOfPage\":{\"@id\":\"https:\/\/hir.mediamarkt.hu\/magazin\/lg-gram-16-notebook-teszt\/#primaryimage\"},\"image\":{\"@id\":\"https:\/\/hir.mediamarkt.hu\/magazin\/lg-gram-16-notebook-teszt\/#primaryimage\"},\"thumbnailUrl\":\"https:\/\/hir.mediamarkt.hu\/magazin\/wp-content\/uploads\/2021\/11\/LG-GRAM_16_teszt.png\",\"datePublished\":\"2021-12-04T11:35:00+00:00\",\"dateModified\":\"2021-12-29T16:24:10+00:00\",\"author\":{\"@id\":\"https:\/\/hir.mediamarkt.hu\/magazin\/#\/schema\/person\/eb6407def37d68930e61b9ccc0d2b12b\"},\"description\":\"Az LG a Gram sorozattal a rendk\u00edv\u00fcl k\u00f6nny\u0171, m\u00e9gis nagy teljes\u00edtm\u00e9ny\u0171 pr\u00e9mium k\u00e9sz\u00fcl\u00e9keket k\u00edn\u00e1lja a piacon. A 16\\\"-os verzi\u00f3t tesztelt\u00fck le.\",\"breadcrumb\":{\"@id\":\"https:\/\/hir.mediamarkt.hu\/magazin\/lg-gram-16-notebook-teszt\/#breadcrumb\"},\"inLanguage\":\"hu\",\"potentialAction\":[{\"@type\":\"ReadAction\",\"target\":[\"https:\/\/hir.mediamarkt.hu\/magazin\/lg-gram-16-notebook-teszt\/\"]}]},{\"@type\":\"ImageObject\",\"inLanguage\":\"hu\",\"@id\":\"https:\/\/hir.mediamarkt.hu\/magazin\/lg-gram-16-notebook-teszt\/#primaryimage\",\"url\":\"https:\/\/hir.mediamarkt.hu\/magazin\/wp-content\/uploads\/2021\/11\/LG-GRAM_16_teszt.png\",\"contentUrl\":\"https:\/\/hir.mediamarkt.hu\/magazin\/wp-content\/uploads\/2021\/11\/LG-GRAM_16_teszt.png\",\"width\":1024,\"height\":619},{\"@type\":\"BreadcrumbList\",\"@id\":\"https:\/\/hir.mediamarkt.hu\/magazin\/lg-gram-16-notebook-teszt\/#breadcrumb\",\"itemListElement\":[{\"@type\":\"ListItem\",\"position\":1,\"name\":\"Kezd\u0151lap\",\"item\":\"https:\/\/hir.mediamarkt.hu\/magazin\/\"},{\"@type\":\"ListItem\",\"position\":2,\"name\":\"Tesztelt\u00fck\",\"item\":\"https:\/\/hir.mediamarkt.hu\/magazin\/teszteltuk\/\"},{\"@type\":\"ListItem\",\"position\":3,\"name\":\"LG Gram 16 notebook teszt &#8211; \u00edgy k\u00f6nny\u0171\"}]},{\"@type\":\"WebSite\",\"@id\":\"https:\/\/hir.mediamarkt.hu\/magazin\/#website\",\"url\":\"https:\/\/hir.mediamarkt.hu\/magazin\/\",\"name\":\"MediaMarkt Magazin\",\"description\":\"Olvass bele magazinunkba!\",\"potentialAction\":[{\"@type\":\"SearchAction\",\"target\":{\"@type\":\"EntryPoint\",\"urlTemplate\":\"https:\/\/hir.mediamarkt.hu\/magazin\/?s={search_term_string}\"},\"query-input\":\"required name=search_term_string\"}],\"inLanguage\":\"hu\"},{\"@type\":\"Person\",\"@id\":\"https:\/\/hir.mediamarkt.hu\/magazin\/#\/schema\/person\/eb6407def37d68930e61b9ccc0d2b12b\",\"name\":\"Kov\u00e1cs \u00c1d\u00e1m\",\"image\":{\"@type\":\"ImageObject\",\"inLanguage\":\"hu\",\"@id\":\"https:\/\/hir.mediamarkt.hu\/magazin\/#\/schema\/person\/image\/\",\"url\":\"https:\/\/secure.gravatar.com\/avatar\/7f17d39fcf146db446aab8f0a0b84bce?s=96&d=mm&r=g\",\"contentUrl\":\"https:\/\/secure.gravatar.com\/avatar\/7f17d39fcf146db446aab8f0a0b84bce?s=96&d=mm&r=g\",\"caption\":\"Kov\u00e1cs \u00c1d\u00e1m\"}}]}<\/script>\n<!-- \/ Yoast SEO plugin. -->","yoast_head_json":{"title":"LG Gram 16 notebook teszt - \u00edgy k\u00f6nny\u0171 - MediaMarkt Magazin","description":"Az LG a Gram sorozattal a rendk\u00edv\u00fcl k\u00f6nny\u0171, m\u00e9gis nagy teljes\u00edtm\u00e9ny\u0171 pr\u00e9mium k\u00e9sz\u00fcl\u00e9keket k\u00edn\u00e1lja a piacon. A 16\"-os verzi\u00f3t tesztelt\u00fck le.","robots":{"index":"index","follow":"follow","max-snippet":"max-snippet:-1","max-image-preview":"max-image-preview:large","max-video-preview":"max-video-preview:-1"},"canonical":"https:\/\/hir.mediamarkt.hu\/magazin\/lg-gram-16-notebook-teszt\/","og_locale":"hu_HU","og_type":"article","og_title":"LG Gram 16 notebook teszt - \u00edgy k\u00f6nny\u0171 - MediaMarkt Magazin","og_description":"Az LG a Gram sorozattal a rendk\u00edv\u00fcl k\u00f6nny\u0171, m\u00e9gis nagy teljes\u00edtm\u00e9ny\u0171 pr\u00e9mium k\u00e9sz\u00fcl\u00e9keket k\u00edn\u00e1lja a piacon. A 16\"-os verzi\u00f3t tesztelt\u00fck le.","og_url":"https:\/\/hir.mediamarkt.hu\/magazin\/lg-gram-16-notebook-teszt\/","og_site_name":"MediaMarkt Magazin","article_publisher":"https:\/\/www.facebook.com\/MediaMarktMagyarorszag","article_published_time":"2021-12-04T11:35:00+00:00","article_modified_time":"2021-12-29T16:24:10+00:00","og_image":[{"width":1024,"height":619,"url":"https:\/\/hir.mediamarkt.hu\/magazin\/wp-content\/uploads\/2021\/11\/LG-GRAM_16_teszt.png","type":"image\/png"}],"author":"Kov\u00e1cs \u00c1d\u00e1m","twitter_misc":{"Szerz\u0151:":"Kov\u00e1cs \u00c1d\u00e1m","Becs\u00fclt olvas\u00e1si id\u0151":"10 perc"},"schema":{"@context":"https:\/\/schema.org","@graph":[{"@type":"WebPage","@id":"https:\/\/hir.mediamarkt.hu\/magazin\/lg-gram-16-notebook-teszt\/","url":"https:\/\/hir.mediamarkt.hu\/magazin\/lg-gram-16-notebook-teszt\/","name":"LG Gram 16 notebook teszt - \u00edgy k\u00f6nny\u0171 - MediaMarkt Magazin","isPartOf":{"@id":"https:\/\/hir.mediamarkt.hu\/magazin\/#website"},"primaryImageOfPage":{"@id":"https:\/\/hir.mediamarkt.hu\/magazin\/lg-gram-16-notebook-teszt\/#primaryimage"},"image":{"@id":"https:\/\/hir.mediamarkt.hu\/magazin\/lg-gram-16-notebook-teszt\/#primaryimage"},"thumbnailUrl":"https:\/\/hir.mediamarkt.hu\/magazin\/wp-content\/uploads\/2021\/11\/LG-GRAM_16_teszt.png","datePublished":"2021-12-04T11:35:00+00:00","dateModified":"2021-12-29T16:24:10+00:00","author":{"@id":"https:\/\/hir.mediamarkt.hu\/magazin\/#\/schema\/person\/eb6407def37d68930e61b9ccc0d2b12b"},"description":"Az LG a Gram sorozattal a rendk\u00edv\u00fcl k\u00f6nny\u0171, m\u00e9gis nagy teljes\u00edtm\u00e9ny\u0171 pr\u00e9mium k\u00e9sz\u00fcl\u00e9keket k\u00edn\u00e1lja a piacon. A 16\"-os verzi\u00f3t tesztelt\u00fck le.","breadcrumb":{"@id":"https:\/\/hir.mediamarkt.hu\/magazin\/lg-gram-16-notebook-teszt\/#breadcrumb"},"inLanguage":"hu","potentialAction":[{"@type":"ReadAction","target":["https:\/\/hir.mediamarkt.hu\/magazin\/lg-gram-16-notebook-teszt\/"]}]},{"@type":"ImageObject","inLanguage":"hu","@id":"https:\/\/hir.mediamarkt.hu\/magazin\/lg-gram-16-notebook-teszt\/#primaryimage","url":"https:\/\/hir.mediamarkt.hu\/magazin\/wp-content\/uploads\/2021\/11\/LG-GRAM_16_teszt.png","contentUrl":"https:\/\/hir.mediamarkt.hu\/magazin\/wp-content\/uploads\/2021\/11\/LG-GRAM_16_teszt.png","width":1024,"height":619},{"@type":"BreadcrumbList","@id":"https:\/\/hir.mediamarkt.hu\/magazin\/lg-gram-16-notebook-teszt\/#breadcrumb","itemListElement":[{"@type":"ListItem","position":1,"name":"Kezd\u0151lap","item":"https:\/\/hir.mediamarkt.hu\/magazin\/"},{"@type":"ListItem","position":2,"name":"Tesztelt\u00fck","item":"https:\/\/hir.mediamarkt.hu\/magazin\/teszteltuk\/"},{"@type":"ListItem","position":3,"name":"LG Gram 16 notebook teszt &#8211; \u00edgy k\u00f6nny\u0171"}]},{"@type":"WebSite","@id":"https:\/\/hir.mediamarkt.hu\/magazin\/#website","url":"https:\/\/hir.mediamarkt.hu\/magazin\/","name":"MediaMarkt Magazin","description":"Olvass bele magazinunkba!","potentialAction":[{"@type":"SearchAction","target":{"@type":"EntryPoint","urlTemplate":"https:\/\/hir.mediamarkt.hu\/magazin\/?s={search_term_string}"},"query-input":"required name=search_term_string"}],"inLanguage":"hu"},{"@type":"Person","@id":"https:\/\/hir.mediamarkt.hu\/magazin\/#\/schema\/person\/eb6407def37d68930e61b9ccc0d2b12b","name":"Kov\u00e1cs \u00c1d\u00e1m","image":{"@type":"ImageObject","inLanguage":"hu","@id":"https:\/\/hir.mediamarkt.hu\/magazin\/#\/schema\/person\/image\/","url":"https:\/\/secure.gravatar.com\/avatar\/7f17d39fcf146db446aab8f0a0b84bce?s=96&d=mm&r=g","contentUrl":"https:\/\/secure.gravatar.com\/avatar\/7f17d39fcf146db446aab8f0a0b84bce?s=96&d=mm&r=g","caption":"Kov\u00e1cs \u00c1d\u00e1m"}}]}},"_links":{"self":[{"href":"https:\/\/hir.mediamarkt.hu\/magazin\/wp-json\/wp\/v2\/posts\/13439"}],"collection":[{"href":"https:\/\/hir.mediamarkt.hu\/magazin\/wp-json\/wp\/v2\/posts"}],"about":[{"href":"https:\/\/hir.mediamarkt.hu\/magazin\/wp-json\/wp\/v2\/types\/post"}],"author":[{"embeddable":true,"href":"https:\/\/hir.mediamarkt.hu\/magazin\/wp-json\/wp\/v2\/users\/34"}],"replies":[{"embeddable":true,"href":"https:\/\/hir.mediamarkt.hu\/magazin\/wp-json\/wp\/v2\/comments?post=13439"}],"version-history":[{"count":13,"href":"https:\/\/hir.mediamarkt.hu\/magazin\/wp-json\/wp\/v2\/posts\/13439\/revisions"}],"predecessor-version":[{"id":13919,"href":"https:\/\/hir.mediamarkt.hu\/magazin\/wp-json\/wp\/v2\/posts\/13439\/revisions\/13919"}],"wp:featuredmedia":[{"embeddable":true,"href":"https:\/\/hir.mediamarkt.hu\/magazin\/wp-json\/wp\/v2\/media\/13463"}],"wp:attachment":[{"href":"https:\/\/hir.mediamarkt.hu\/magazin\/wp-json\/wp\/v2\/media?parent=13439"}],"wp:term":[{"taxonomy":"category","embeddable":true,"href":"https:\/\/hir.mediamarkt.hu\/magazin\/wp-json\/wp\/v2\/categories?post=13439"},{"taxonomy":"post_tag","embeddable":true,"href":"https:\/\/hir.mediamarkt.hu\/magazin\/wp-json\/wp\/v2\/tags?post=13439"}],"curies":[{"name":"wp","href":"https:\/\/api.w.org\/{rel}","templated":true}]}}