{"id":13744,"date":"2021-11-29T22:29:04","date_gmt":"2021-11-29T21:29:04","guid":{"rendered":"https:\/\/hir.mediamarkt.hu\/magazin\/?p=13744"},"modified":"2021-12-09T10:52:51","modified_gmt":"2021-12-09T09:52:51","slug":"kutyuk-karacsonyra-15-ezer-forint-alatt","status":"publish","type":"post","link":"https:\/\/hir.mediamarkt.hu\/magazin\/kutyuk-karacsonyra-15-ezer-forint-alatt\/","title":{"rendered":"K\u00fcty\u00fck kar\u00e1csonyra 15 ezer forint alatt"},"content":{"rendered":"\n<p class=\"has-text-align-justify\"><b>Visszasz\u00e1ml\u00e1l\u00e1s indul, hamarosan itt a kar\u00e1csony. Aki m\u00e9g nem tal\u00e1lta meg a megfelel\u0151 aj\u00e1nd\u00e9kot, \u00e9s 15 ezer forintn\u00e1l nem szeretne t\u00f6bbet k\u00f6lteni, az n\u00e9zze meg \u00f6ssze\u00e1ll\u00edt\u00e1sunkat!<\/b><\/p>\n\n\n\n<h3 class=\"wp-block-heading\"><b>TRUST Yudo vezet\u00e9k n\u00e9lk\u00fcli okostelefon t\u00f6lt\u0151<\/b><\/h3>\n\n\n\n<p class=\"has-text-align-justify\"><span style=\"font-weight: 400;\">Szinte az \u00f6sszes, a k\u00edn\u00e1latban jelenleg el\u00e9rhet\u0151, Qi-kompatibilis okostelefon vezet\u00e9k n\u00e9lk\u00fcli t\u00f6lt\u00e9s\u00e9re alkalmas k\u00fcty\u00fc, amire csak r\u00e1 kell helyezni a mobilt, hogy az azt\u00e1n var\u00e1zs\u00fct\u00e9sre felt\u00f6lt\u0151dj\u00f6n. A t\u00f6lt\u0151 FOD funkci\u00f3val is rendelkezik (Foreign Object Detection, magyarul: idegen t\u00e1rgyak \u00e9szlel\u00e9se), amely megel\u0151zi a f\u00e9mt\u00e1rgyak k\u00e1rosod\u00e1s\u00e1t.<\/span><\/p>\n\n\n\n<figure class=\"wp-block-image is-style-default\"><img loading=\"lazy\" decoding=\"async\" width=\"786\" height=\"587\" src=\"http:\/\/hir.mediamarkt.hu\/magazin\/wp-content\/uploads\/2021\/11\/kari01.jpg\" alt=\"\" class=\"wp-image-13748\" srcset=\"https:\/\/hir.mediamarkt.hu\/magazin\/wp-content\/uploads\/2021\/11\/kari01.jpg 786w, https:\/\/hir.mediamarkt.hu\/magazin\/wp-content\/uploads\/2021\/11\/kari01-300x224.jpg 300w, https:\/\/hir.mediamarkt.hu\/magazin\/wp-content\/uploads\/2021\/11\/kari01-275x205.jpg 275w, https:\/\/hir.mediamarkt.hu\/magazin\/wp-content\/uploads\/2021\/11\/kari01-768x574.jpg 768w\" sizes=\"(max-width: 786px) 100vw, 786px\" \/><\/figure>\n\n\n\n<p><a href=\"http:\/\/mediamarkt.hu\/catentry\/1207899\"><span style=\"font-weight: 400;\">Tov\u00e1bb a term\u00e9kre &gt;&gt;&gt;<\/span><\/a><\/p>\n\n\n\n<h3 class=\"wp-block-heading\"><b>XIAOMI Mi Band 5 aktivit\u00e1sm\u00e9r\u0151<\/b><\/h3>\n\n\n\n<p class=\"has-text-align-justify\"><span style=\"font-weight: 400;\">Sokan komoly elhat\u00e1roz\u00e1sokkal futnak neki a k\u00f6vetkez\u0151 esztend\u0151nek, amelyek k\u00f6z\u00f6tt a mozg\u00e1s \u00f6r\u00f6k dobog\u00f3s. Nekik lehet t\u00f6k\u00e9letes aj\u00e1nd\u00e9k az aktivit\u00e1sm\u00e9r\u0151, ami nemcsak a k\u00fcl\u00f6nb\u00f6z\u0151 sport\u00e1gakat k\u00f6veti nyomon, de sz\u00e1molja a l\u00e9p\u00e9st, a pulzust \u00e9s az alv\u00e1st is m\u00e9ri.<\/span><\/p>\n\n\n\n<figure class=\"wp-block-image is-style-default\"><img loading=\"lazy\" decoding=\"async\" width=\"786\" height=\"587\" src=\"http:\/\/hir.mediamarkt.hu\/magazin\/wp-content\/uploads\/2021\/11\/kari02.jpg\" alt=\"\" class=\"wp-image-13749\" srcset=\"https:\/\/hir.mediamarkt.hu\/magazin\/wp-content\/uploads\/2021\/11\/kari02.jpg 786w, https:\/\/hir.mediamarkt.hu\/magazin\/wp-content\/uploads\/2021\/11\/kari02-300x224.jpg 300w, https:\/\/hir.mediamarkt.hu\/magazin\/wp-content\/uploads\/2021\/11\/kari02-275x205.jpg 275w, https:\/\/hir.mediamarkt.hu\/magazin\/wp-content\/uploads\/2021\/11\/kari02-768x574.jpg 768w\" sizes=\"(max-width: 786px) 100vw, 786px\" \/><\/figure>\n\n\n\n<p><a href=\"http:\/\/mediamarkt.hu\/catentry\/1334563\"><span style=\"font-weight: 400;\">Tov\u00e1bb a term\u00e9kre &gt;&gt;&gt;<\/span><\/a><\/p>\n\n\n\n<h3 class=\"wp-block-heading\"><b>PEAQ PPA301BT-B hordozhat\u00f3 bluetooth sztere\u00f3 hangsz\u00f3r\u00f3<\/b><\/h3>\n\n\n\n<p class=\"has-text-align-justify\"><span style=\"font-weight: 400;\">Ma m\u00e1r nemcsak a f\u00fclhallgat\u00f3n \u00e1t, de hangsz\u00f3r\u00f3n kereszt\u00fcl is szeretj\u00fck \u201cmagunkkal vinni\u201d kedvenc zen\u00e9inket. A kis m\u00e9ret\u0171 Bluetooth hangsz\u00f3r\u00f3 minden okostelefonnal p\u00e1ros\u00edthat\u00f3, akkumul\u00e1tor\u00e1nak \u00e9lettartama ak\u00e1r 16 \u00f3ra, r\u00e1ad\u00e1sul szabv\u00e1ny szerinti&nbsp; por- \u00e9s v\u00edzv\u00e9delemmel is ell\u00e1tt\u00e1k. Kis m\u00e9rete ellen\u00e9re a hangot minden ir\u00e1nyban kibocs\u00e1tja.&nbsp;<\/span><\/p>\n\n\n\n<figure class=\"wp-block-image is-style-default\"><img loading=\"lazy\" decoding=\"async\" width=\"786\" height=\"587\" src=\"http:\/\/hir.mediamarkt.hu\/magazin\/wp-content\/uploads\/2021\/11\/kari3.jpg\" alt=\"\" class=\"wp-image-13750\" srcset=\"https:\/\/hir.mediamarkt.hu\/magazin\/wp-content\/uploads\/2021\/11\/kari3.jpg 786w, https:\/\/hir.mediamarkt.hu\/magazin\/wp-content\/uploads\/2021\/11\/kari3-300x224.jpg 300w, https:\/\/hir.mediamarkt.hu\/magazin\/wp-content\/uploads\/2021\/11\/kari3-275x205.jpg 275w, https:\/\/hir.mediamarkt.hu\/magazin\/wp-content\/uploads\/2021\/11\/kari3-768x574.jpg 768w\" sizes=\"(max-width: 786px) 100vw, 786px\" \/><\/figure>\n\n\n\n<p><a href=\"http:\/\/mediamarkt.hu\/catentry\/1294595\"><span style=\"font-weight: 400;\">Tov\u00e1bb a term\u00e9kre &gt;&gt;&gt;<\/span><\/a><\/p>\n\n\n\n<h3 class=\"wp-block-heading\"><b>HAMA Supreme 20HD univerz\u00e1lis powerbank<\/b><\/h3>\n\n\n\n<p class=\"has-text-align-justify\"><span style=\"font-weight: 400;\">Minden k\u00fcty\u00fctulajdonos alapkell\u00e9ke az univerz\u00e1lis, nagy kapacit\u00e1s\u00fa hordozhat\u00f3 t\u00f6lt\u0151,, ami tulajdonk\u00e9ppen nem m\u00e1s, mint egy mobil konnektor, ami egyszerre k\u00e9t k\u00e9sz\u00fcl\u00e9ket t\u00f6lt. 20 000 mAh-es kapacit\u00e1s\u00e1nak k\u00f6sz\u00f6nhet\u0151en egy okostelefont ak\u00e1r hat-t\u00edz alkalommal is k\u00e9pes felt\u00f6lteni.&nbsp;<\/span><\/p>\n\n\n\n<figure class=\"wp-block-image is-style-default\"><img loading=\"lazy\" decoding=\"async\" width=\"786\" height=\"587\" src=\"http:\/\/hir.mediamarkt.hu\/magazin\/wp-content\/uploads\/2021\/11\/kari04.jpg\" alt=\"\" class=\"wp-image-13751\" srcset=\"https:\/\/hir.mediamarkt.hu\/magazin\/wp-content\/uploads\/2021\/11\/kari04.jpg 786w, https:\/\/hir.mediamarkt.hu\/magazin\/wp-content\/uploads\/2021\/11\/kari04-300x224.jpg 300w, https:\/\/hir.mediamarkt.hu\/magazin\/wp-content\/uploads\/2021\/11\/kari04-275x205.jpg 275w, https:\/\/hir.mediamarkt.hu\/magazin\/wp-content\/uploads\/2021\/11\/kari04-768x574.jpg 768w\" sizes=\"(max-width: 786px) 100vw, 786px\" \/><\/figure>\n\n\n\n<p><a href=\"http:\/\/mediamarkt.hu\/catentry\/1366395\"><span style=\"font-weight: 400;\">Tov\u00e1bb a term\u00e9kre &gt;&gt;&gt;<\/span><\/a><\/p>\n\n\n\n<h3 class=\"wp-block-heading\"><b>Apple AirTag<\/b><\/h3>\n\n\n\n<p class=\"has-text-align-justify\"><span style=\"font-weight: 400;\">Az Apple AirTag hasonl\u00f3an m\u0171k\u00f6dik, mint a Samsung SmartTag, csak az iPhone k\u00e9sz\u00fcl\u00e9kekkel \u00e9s m\u00e1s Apple k\u00e9sz\u00fcl\u00e9kekkel kompatibilis. A nyomk\u00f6vet\u0151 azok sz\u00e1m\u00e1ra ide\u00e1lis aj\u00e1nd\u00e9k, akik hajlamosak elfelejteni, hogy hova tett\u00e9k legsz\u00fcks\u00e9gesebb kell\u00e9keiket (p\u00e9ld\u00e1ul a kocsikulcsot), vagy gyakran elhagyj\u00e1k azokat &#8211; az AirTaggel szuperk\u00f6nnyen k\u00f6vethet\u0151v\u00e9 v\u00e1lnak. Csak fel kell tenni egyet a kulcscsom\u00f3ra, a p\u00e9nzt\u00e1rc\u00e1ba vagy \u00e9pp a h\u00e1tizs\u00e1kba, helyzet\u00fck pedig meg is jelenik a Lok\u00e1tor appban. A k\u00fcty\u00fcvel term\u00e9szetesen nemcsak az eszk\u00f6z\u00f6k, de szeretteink is nyomon k\u00f6vethet\u0151k.<\/span><\/p>\n\n\n\n<figure class=\"wp-block-image is-style-default\"><img loading=\"lazy\" decoding=\"async\" width=\"786\" height=\"587\" src=\"http:\/\/hir.mediamarkt.hu\/magazin\/wp-content\/uploads\/2021\/11\/kari05.jpg\" alt=\"\" class=\"wp-image-13752\" srcset=\"https:\/\/hir.mediamarkt.hu\/magazin\/wp-content\/uploads\/2021\/11\/kari05.jpg 786w, https:\/\/hir.mediamarkt.hu\/magazin\/wp-content\/uploads\/2021\/11\/kari05-300x224.jpg 300w, https:\/\/hir.mediamarkt.hu\/magazin\/wp-content\/uploads\/2021\/11\/kari05-275x205.jpg 275w, https:\/\/hir.mediamarkt.hu\/magazin\/wp-content\/uploads\/2021\/11\/kari05-768x574.jpg 768w\" sizes=\"(max-width: 786px) 100vw, 786px\" \/><\/figure>\n\n\n\n<p><a href=\"http:\/\/mediamarkt.hu\/catentry\/1354886\"><span style=\"font-weight: 400;\">Tov\u00e1bb a term\u00e9kre &gt;&gt;&gt;<\/span><\/a><\/p>\n\n\n\n<h3 class=\"wp-block-heading\"><b>Logitech G305 vezet\u00e9k n\u00e9lk\u00fcli eg\u00e9r<\/b><\/h3>\n\n\n\n<p class=\"has-text-align-justify\"><span style=\"font-weight: 400;\">A Logitech kicsi, k\u00f6nny\u0171 \u00e9s leny\u0171g\u00f6z\u0151en olcs\u00f3, j\u00e1t\u00e9kosoknak sz\u00e1nt egere t\u00f6bb, a gamer perif\u00e9ri\u00e1kkal kapcsolatos el\u0151\u00edt\u00e9letnek is ellentmond. Megjelen\u00e9se letisztult, egyszer\u0171, hi\u00e1ba wireless, v\u00e1laszideje \u00e9s s\u00falya els\u0151oszt\u00e1ly\u00fa, \u00e9s mindez csak haszn\u00e1lat k\u00f6zben \u00e9rz\u0151dik, az \u00e1r\u00e1ban nem. 12000 dpi-s felbont\u00e1s (az \u00e9rt\u00e9ket az eg\u00e9r test\u00e9n l\u00e9v\u0151 gombbal menet k\u00f6zben b\u00e1rmikor szab\u00e1lyozhatjuk), hat k\u00e9zre \u00e1ll\u00f3 gomb, mem\u00f3riaprofil, ARM processzor: t\u00f6k\u00e9letes ak\u00e1r halad\u00f3 gamerek sz\u00e1m\u00e1ra, akik szeretn\u00e9k kipr\u00f3b\u00e1lni a wireless perif\u00e9ri\u00e1k szabads\u00e1g\u00e1t.<\/span><\/p>\n\n\n\n<figure class=\"wp-block-image is-style-default\"><img loading=\"lazy\" decoding=\"async\" width=\"786\" height=\"587\" src=\"http:\/\/hir.mediamarkt.hu\/magazin\/wp-content\/uploads\/2021\/11\/kari06.jpg\" alt=\"\" class=\"wp-image-13753\" srcset=\"https:\/\/hir.mediamarkt.hu\/magazin\/wp-content\/uploads\/2021\/11\/kari06.jpg 786w, https:\/\/hir.mediamarkt.hu\/magazin\/wp-content\/uploads\/2021\/11\/kari06-300x224.jpg 300w, https:\/\/hir.mediamarkt.hu\/magazin\/wp-content\/uploads\/2021\/11\/kari06-275x205.jpg 275w, https:\/\/hir.mediamarkt.hu\/magazin\/wp-content\/uploads\/2021\/11\/kari06-768x574.jpg 768w\" sizes=\"(max-width: 786px) 100vw, 786px\" \/><\/figure>\n\n\n\n<p><a href=\"http:\/\/mediamarkt.hu\/catentry\/1354681\">Tov\u00e1bbi a term\u00e9kre &gt;&gt;&gt;<\/a><\/p>\n\n\n\n<h3 class=\"wp-block-heading\"><b>Redragon Kumara mechanikus billenty\u0171zet<\/b><\/h3>\n\n\n\n<p class=\"has-text-align-justify\"><span style=\"font-weight: 400;\">B\u00e1r \u00e9rthet\u0151, ha valaki gyanakszik a 15 ezer forint alatti mechanikus billenty\u0171zetekre, a Redragon nem v\u00e9letlen\u00fcl a tudatosan v\u00e1s\u00e1rl\u00f3, feleslegesen nem k\u00f6ltekez\u0151 gamerek egyik kedvenc m\u00e1rk\u00e1ja. Az igaz\u00e1n fontos komponenseken nem sp\u00f3rolt a gy\u00e1rt\u00f3: a switchek val\u00f3ban mechanikusak \u00e9s tart\u00f3sak (t\u00f6bbfajta vari\u00e1ci\u00f3val adt\u00e1k ki, mi most a brown v\u00e1ltozatot aj\u00e1nljuk), az RGB t\u00e9nyleg RGB, a v\u00e1laszid\u0151 p\u00e9ld\u00e1s, a design letisztult, strapab\u00edr\u00f3 m\u0171anyag. Term\u00e9szetesen vezet\u00e9kes, \u00e9s eg\u00e9szen kis m\u00e9ret\u0171, teh\u00e1t numerikus billenty\u0171zetr\u00e9sz n\u00e9lk\u00fcli, de ez a haszn\u00e1latban nem jelent kompromisszumot. T\u00f6k\u00e9letes els\u0151 mechanikus billenty\u0171zet, vagy tapasztalt gamereknek utaz\u00e1shoz.<\/span><\/p>\n\n\n\n<figure class=\"wp-block-image is-style-default\"><img loading=\"lazy\" decoding=\"async\" width=\"786\" height=\"587\" src=\"http:\/\/hir.mediamarkt.hu\/magazin\/wp-content\/uploads\/2021\/11\/kari07.jpg\" alt=\"\" class=\"wp-image-13754\" srcset=\"https:\/\/hir.mediamarkt.hu\/magazin\/wp-content\/uploads\/2021\/11\/kari07.jpg 786w, https:\/\/hir.mediamarkt.hu\/magazin\/wp-content\/uploads\/2021\/11\/kari07-300x224.jpg 300w, https:\/\/hir.mediamarkt.hu\/magazin\/wp-content\/uploads\/2021\/11\/kari07-275x205.jpg 275w, https:\/\/hir.mediamarkt.hu\/magazin\/wp-content\/uploads\/2021\/11\/kari07-768x574.jpg 768w\" sizes=\"(max-width: 786px) 100vw, 786px\" \/><\/figure>\n\n\n\n<p><a href=\"http:\/\/mediamarkt.hu\/catentry\/1302246\">Tov\u00e1bb a term\u00e9kre &gt;&gt;&gt;<\/a><\/p>\n\n\n\n<h3 class=\"wp-block-heading\"><b>URAGE Stream 400 Plus mikrofon<\/b><\/h3>\n\n\n\n<p class=\"has-text-align-justify\"><span style=\"font-weight: 400;\">Ahogy a neve is sugallja, ez egy t\u0151r\u0151l metszett gaming\/streamermikrofon, tud\u00e1s\u00e1hoz k\u00e9pest nagyszer\u0171 \u00e1ron. R\u00e1ad\u00e1sul kamer\u00e1n kereszt\u00fcl, l\u00e1tv\u00e1nyra is meggy\u0151z\u0151, an\u00e9lk\u00fcl, hogy a kamera k\u00e9p\u00e9nek fel\u00e9t kitakarn\u00e1, a streamer arc\u00e1val egy\u00fctt Be\u00e9p\u00edtett tripod, szabadon d\u00f6nthet\u0151 fej, mell\u00e9kelt, szint\u00e9n szabadon mozgathat\u00f3 p\u00f3k, 50 Hz \u00e9s 16 kHz k\u00f6zti frekvencia\u00e1tvitel &#8211; azaz az emberi hangn\u00e1l j\u00f3val t\u00f6bbet lefed -, USB-s plug and play kivitel. T\u00f6k\u00e9letes megold\u00e1s nem csak kezd\u0151 streamereknek \u00e9s mindenkinek, akinek fontos a saj\u00e1t hangja min\u0151s\u00e9ge.<\/span><\/p>\n\n\n\n<figure class=\"wp-block-image is-style-default\"><img loading=\"lazy\" decoding=\"async\" width=\"786\" height=\"587\" src=\"http:\/\/hir.mediamarkt.hu\/magazin\/wp-content\/uploads\/2021\/11\/kari08.jpg\" alt=\"\" class=\"wp-image-13755\" srcset=\"https:\/\/hir.mediamarkt.hu\/magazin\/wp-content\/uploads\/2021\/11\/kari08.jpg 786w, https:\/\/hir.mediamarkt.hu\/magazin\/wp-content\/uploads\/2021\/11\/kari08-300x224.jpg 300w, https:\/\/hir.mediamarkt.hu\/magazin\/wp-content\/uploads\/2021\/11\/kari08-275x205.jpg 275w, https:\/\/hir.mediamarkt.hu\/magazin\/wp-content\/uploads\/2021\/11\/kari08-768x574.jpg 768w\" sizes=\"(max-width: 786px) 100vw, 786px\" \/><\/figure>\n\n\n\n<p><a href=\"http:\/\/mediamarkt.hu\/catentry\/1312138\">Tov\u00e1bb a term\u00e9kre &gt;&gt;&gt;<\/a><\/p>\n","protected":false},"excerpt":{"rendered":"Nem kell vagyonokat k\u00f6ltened, hogy csod\u00e1s term\u00e9kek ker\u00fcljenek a fa al\u00e1!","protected":false},"author":22,"featured_media":13757,"comment_status":"open","ping_status":"open","sticky":false,"template":"","format":"standard","meta":{"wprm-recipe-roundup-name":"","wprm-recipe-roundup-description":"","footnotes":""},"categories":[5963,5967],"tags":[51],"yoast_head":"<!-- This site is optimized with the Yoast SEO plugin v22.9 - https:\/\/yoast.com\/wordpress\/plugins\/seo\/ -->\n<title>K\u00fcty\u00fck kar\u00e1csonyra 15 ezer forint alatt - MediaMarkt Magazin<\/title>\n<meta name=\"description\" content=\"Nem kell vagyonokat k\u00f6ltened, hogy j\u00f3 term\u00e9kek ker\u00fcljenek a fa al\u00e1! K\u00e9tr\u00e9szes cikk\u00fcnk els\u0151 fele a 15 ezer forint alatti aj\u00e1nd\u00e9kokr\u00f3l sz\u00f3l.\" \/>\n<meta name=\"robots\" content=\"index, follow, max-snippet:-1, max-image-preview:large, max-video-preview:-1\" \/>\n<link rel=\"canonical\" href=\"https:\/\/hir.mediamarkt.hu\/magazin\/kutyuk-karacsonyra-15-ezer-forint-alatt\/\" \/>\n<meta property=\"og:locale\" content=\"hu_HU\" \/>\n<meta property=\"og:type\" content=\"article\" \/>\n<meta property=\"og:title\" content=\"K\u00fcty\u00fck kar\u00e1csonyra 15 ezer forint alatt - MediaMarkt Magazin\" \/>\n<meta property=\"og:description\" content=\"Nem kell vagyonokat k\u00f6ltened, hogy j\u00f3 term\u00e9kek ker\u00fcljenek a fa al\u00e1! K\u00e9tr\u00e9szes cikk\u00fcnk els\u0151 fele a 15 ezer forint alatti aj\u00e1nd\u00e9kokr\u00f3l sz\u00f3l.\" \/>\n<meta property=\"og:url\" content=\"https:\/\/hir.mediamarkt.hu\/magazin\/kutyuk-karacsonyra-15-ezer-forint-alatt\/\" \/>\n<meta property=\"og:site_name\" content=\"MediaMarkt Magazin\" \/>\n<meta property=\"article:publisher\" content=\"https:\/\/www.facebook.com\/MediaMarktMagyarorszag\" \/>\n<meta property=\"article:published_time\" content=\"2021-11-29T21:29:04+00:00\" \/>\n<meta property=\"article:modified_time\" content=\"2021-12-09T09:52:51+00:00\" \/>\n<meta property=\"og:image\" content=\"https:\/\/hir.mediamarkt.hu\/magazin\/wp-content\/uploads\/2021\/11\/kari08-1.jpg\" \/>\n\t<meta property=\"og:image:width\" content=\"1440\" \/>\n\t<meta property=\"og:image:height\" content=\"960\" \/>\n\t<meta property=\"og:image:type\" content=\"image\/jpeg\" \/>\n<meta name=\"author\" content=\"Nemenyi\" \/>\n<meta name=\"twitter:label1\" content=\"Szerz\u0151:\" \/>\n\t<meta name=\"twitter:data1\" content=\"Nemenyi\" \/>\n\t<meta name=\"twitter:label2\" content=\"Becs\u00fclt olvas\u00e1si id\u0151\" \/>\n\t<meta name=\"twitter:data2\" content=\"5 perc\" \/>\n<script type=\"application\/ld+json\" class=\"yoast-schema-graph\">{\"@context\":\"https:\/\/schema.org\",\"@graph\":[{\"@type\":\"WebPage\",\"@id\":\"https:\/\/hir.mediamarkt.hu\/magazin\/kutyuk-karacsonyra-15-ezer-forint-alatt\/\",\"url\":\"https:\/\/hir.mediamarkt.hu\/magazin\/kutyuk-karacsonyra-15-ezer-forint-alatt\/\",\"name\":\"K\u00fcty\u00fck kar\u00e1csonyra 15 ezer forint alatt - MediaMarkt Magazin\",\"isPartOf\":{\"@id\":\"https:\/\/hir.mediamarkt.hu\/magazin\/#website\"},\"primaryImageOfPage\":{\"@id\":\"https:\/\/hir.mediamarkt.hu\/magazin\/kutyuk-karacsonyra-15-ezer-forint-alatt\/#primaryimage\"},\"image\":{\"@id\":\"https:\/\/hir.mediamarkt.hu\/magazin\/kutyuk-karacsonyra-15-ezer-forint-alatt\/#primaryimage\"},\"thumbnailUrl\":\"https:\/\/hir.mediamarkt.hu\/magazin\/wp-content\/uploads\/2021\/11\/kari08-1.jpg\",\"datePublished\":\"2021-11-29T21:29:04+00:00\",\"dateModified\":\"2021-12-09T09:52:51+00:00\",\"author\":{\"@id\":\"https:\/\/hir.mediamarkt.hu\/magazin\/#\/schema\/person\/f4a17b2dc97f2e2bf1b88a89d4ef7d05\"},\"description\":\"Nem kell vagyonokat k\u00f6ltened, hogy j\u00f3 term\u00e9kek ker\u00fcljenek a fa al\u00e1! K\u00e9tr\u00e9szes cikk\u00fcnk els\u0151 fele a 15 ezer forint alatti aj\u00e1nd\u00e9kokr\u00f3l sz\u00f3l.\",\"breadcrumb\":{\"@id\":\"https:\/\/hir.mediamarkt.hu\/magazin\/kutyuk-karacsonyra-15-ezer-forint-alatt\/#breadcrumb\"},\"inLanguage\":\"hu\",\"potentialAction\":[{\"@type\":\"ReadAction\",\"target\":[\"https:\/\/hir.mediamarkt.hu\/magazin\/kutyuk-karacsonyra-15-ezer-forint-alatt\/\"]}]},{\"@type\":\"ImageObject\",\"inLanguage\":\"hu\",\"@id\":\"https:\/\/hir.mediamarkt.hu\/magazin\/kutyuk-karacsonyra-15-ezer-forint-alatt\/#primaryimage\",\"url\":\"https:\/\/hir.mediamarkt.hu\/magazin\/wp-content\/uploads\/2021\/11\/kari08-1.jpg\",\"contentUrl\":\"https:\/\/hir.mediamarkt.hu\/magazin\/wp-content\/uploads\/2021\/11\/kari08-1.jpg\",\"width\":1440,\"height\":960},{\"@type\":\"BreadcrumbList\",\"@id\":\"https:\/\/hir.mediamarkt.hu\/magazin\/kutyuk-karacsonyra-15-ezer-forint-alatt\/#breadcrumb\",\"itemListElement\":[{\"@type\":\"ListItem\",\"position\":1,\"name\":\"Kezd\u0151lap\",\"item\":\"https:\/\/hir.mediamarkt.hu\/magazin\/\"},{\"@type\":\"ListItem\",\"position\":2,\"name\":\"Term\u00e9kv\u00e1s\u00e1rl\u00e1si tan\u00e1csad\u00f3\",\"item\":\"https:\/\/hir.mediamarkt.hu\/magazin\/termekvasarlasi-tanacsado\/\"},{\"@type\":\"ListItem\",\"position\":3,\"name\":\"K\u00fcty\u00fck kar\u00e1csonyra 15 ezer forint alatt\"}]},{\"@type\":\"WebSite\",\"@id\":\"https:\/\/hir.mediamarkt.hu\/magazin\/#website\",\"url\":\"https:\/\/hir.mediamarkt.hu\/magazin\/\",\"name\":\"MediaMarkt Magazin\",\"description\":\"Olvass bele magazinunkba!\",\"potentialAction\":[{\"@type\":\"SearchAction\",\"target\":{\"@type\":\"EntryPoint\",\"urlTemplate\":\"https:\/\/hir.mediamarkt.hu\/magazin\/?s={search_term_string}\"},\"query-input\":\"required name=search_term_string\"}],\"inLanguage\":\"hu\"},{\"@type\":\"Person\",\"@id\":\"https:\/\/hir.mediamarkt.hu\/magazin\/#\/schema\/person\/f4a17b2dc97f2e2bf1b88a89d4ef7d05\",\"name\":\"Nemenyi\",\"image\":{\"@type\":\"ImageObject\",\"inLanguage\":\"hu\",\"@id\":\"https:\/\/hir.mediamarkt.hu\/magazin\/#\/schema\/person\/image\/\",\"url\":\"https:\/\/secure.gravatar.com\/avatar\/9470b3223c723142e66adcad803b24fe?s=96&d=mm&r=g\",\"contentUrl\":\"https:\/\/secure.gravatar.com\/avatar\/9470b3223c723142e66adcad803b24fe?s=96&d=mm&r=g\",\"caption\":\"Nemenyi\"}}]}<\/script>\n<!-- \/ Yoast SEO plugin. -->","yoast_head_json":{"title":"K\u00fcty\u00fck kar\u00e1csonyra 15 ezer forint alatt - MediaMarkt Magazin","description":"Nem kell vagyonokat k\u00f6ltened, hogy j\u00f3 term\u00e9kek ker\u00fcljenek a fa al\u00e1! K\u00e9tr\u00e9szes cikk\u00fcnk els\u0151 fele a 15 ezer forint alatti aj\u00e1nd\u00e9kokr\u00f3l sz\u00f3l.","robots":{"index":"index","follow":"follow","max-snippet":"max-snippet:-1","max-image-preview":"max-image-preview:large","max-video-preview":"max-video-preview:-1"},"canonical":"https:\/\/hir.mediamarkt.hu\/magazin\/kutyuk-karacsonyra-15-ezer-forint-alatt\/","og_locale":"hu_HU","og_type":"article","og_title":"K\u00fcty\u00fck kar\u00e1csonyra 15 ezer forint alatt - MediaMarkt Magazin","og_description":"Nem kell vagyonokat k\u00f6ltened, hogy j\u00f3 term\u00e9kek ker\u00fcljenek a fa al\u00e1! K\u00e9tr\u00e9szes cikk\u00fcnk els\u0151 fele a 15 ezer forint alatti aj\u00e1nd\u00e9kokr\u00f3l sz\u00f3l.","og_url":"https:\/\/hir.mediamarkt.hu\/magazin\/kutyuk-karacsonyra-15-ezer-forint-alatt\/","og_site_name":"MediaMarkt Magazin","article_publisher":"https:\/\/www.facebook.com\/MediaMarktMagyarorszag","article_published_time":"2021-11-29T21:29:04+00:00","article_modified_time":"2021-12-09T09:52:51+00:00","og_image":[{"width":1440,"height":960,"url":"https:\/\/hir.mediamarkt.hu\/magazin\/wp-content\/uploads\/2021\/11\/kari08-1.jpg","type":"image\/jpeg"}],"author":"Nemenyi","twitter_misc":{"Szerz\u0151:":"Nemenyi","Becs\u00fclt olvas\u00e1si id\u0151":"5 perc"},"schema":{"@context":"https:\/\/schema.org","@graph":[{"@type":"WebPage","@id":"https:\/\/hir.mediamarkt.hu\/magazin\/kutyuk-karacsonyra-15-ezer-forint-alatt\/","url":"https:\/\/hir.mediamarkt.hu\/magazin\/kutyuk-karacsonyra-15-ezer-forint-alatt\/","name":"K\u00fcty\u00fck kar\u00e1csonyra 15 ezer forint alatt - MediaMarkt Magazin","isPartOf":{"@id":"https:\/\/hir.mediamarkt.hu\/magazin\/#website"},"primaryImageOfPage":{"@id":"https:\/\/hir.mediamarkt.hu\/magazin\/kutyuk-karacsonyra-15-ezer-forint-alatt\/#primaryimage"},"image":{"@id":"https:\/\/hir.mediamarkt.hu\/magazin\/kutyuk-karacsonyra-15-ezer-forint-alatt\/#primaryimage"},"thumbnailUrl":"https:\/\/hir.mediamarkt.hu\/magazin\/wp-content\/uploads\/2021\/11\/kari08-1.jpg","datePublished":"2021-11-29T21:29:04+00:00","dateModified":"2021-12-09T09:52:51+00:00","author":{"@id":"https:\/\/hir.mediamarkt.hu\/magazin\/#\/schema\/person\/f4a17b2dc97f2e2bf1b88a89d4ef7d05"},"description":"Nem kell vagyonokat k\u00f6ltened, hogy j\u00f3 term\u00e9kek ker\u00fcljenek a fa al\u00e1! K\u00e9tr\u00e9szes cikk\u00fcnk els\u0151 fele a 15 ezer forint alatti aj\u00e1nd\u00e9kokr\u00f3l sz\u00f3l.","breadcrumb":{"@id":"https:\/\/hir.mediamarkt.hu\/magazin\/kutyuk-karacsonyra-15-ezer-forint-alatt\/#breadcrumb"},"inLanguage":"hu","potentialAction":[{"@type":"ReadAction","target":["https:\/\/hir.mediamarkt.hu\/magazin\/kutyuk-karacsonyra-15-ezer-forint-alatt\/"]}]},{"@type":"ImageObject","inLanguage":"hu","@id":"https:\/\/hir.mediamarkt.hu\/magazin\/kutyuk-karacsonyra-15-ezer-forint-alatt\/#primaryimage","url":"https:\/\/hir.mediamarkt.hu\/magazin\/wp-content\/uploads\/2021\/11\/kari08-1.jpg","contentUrl":"https:\/\/hir.mediamarkt.hu\/magazin\/wp-content\/uploads\/2021\/11\/kari08-1.jpg","width":1440,"height":960},{"@type":"BreadcrumbList","@id":"https:\/\/hir.mediamarkt.hu\/magazin\/kutyuk-karacsonyra-15-ezer-forint-alatt\/#breadcrumb","itemListElement":[{"@type":"ListItem","position":1,"name":"Kezd\u0151lap","item":"https:\/\/hir.mediamarkt.hu\/magazin\/"},{"@type":"ListItem","position":2,"name":"Term\u00e9kv\u00e1s\u00e1rl\u00e1si tan\u00e1csad\u00f3","item":"https:\/\/hir.mediamarkt.hu\/magazin\/termekvasarlasi-tanacsado\/"},{"@type":"ListItem","position":3,"name":"K\u00fcty\u00fck kar\u00e1csonyra 15 ezer forint alatt"}]},{"@type":"WebSite","@id":"https:\/\/hir.mediamarkt.hu\/magazin\/#website","url":"https:\/\/hir.mediamarkt.hu\/magazin\/","name":"MediaMarkt Magazin","description":"Olvass bele magazinunkba!","potentialAction":[{"@type":"SearchAction","target":{"@type":"EntryPoint","urlTemplate":"https:\/\/hir.mediamarkt.hu\/magazin\/?s={search_term_string}"},"query-input":"required name=search_term_string"}],"inLanguage":"hu"},{"@type":"Person","@id":"https:\/\/hir.mediamarkt.hu\/magazin\/#\/schema\/person\/f4a17b2dc97f2e2bf1b88a89d4ef7d05","name":"Nemenyi","image":{"@type":"ImageObject","inLanguage":"hu","@id":"https:\/\/hir.mediamarkt.hu\/magazin\/#\/schema\/person\/image\/","url":"https:\/\/secure.gravatar.com\/avatar\/9470b3223c723142e66adcad803b24fe?s=96&d=mm&r=g","contentUrl":"https:\/\/secure.gravatar.com\/avatar\/9470b3223c723142e66adcad803b24fe?s=96&d=mm&r=g","caption":"Nemenyi"}}]}},"_links":{"self":[{"href":"https:\/\/hir.mediamarkt.hu\/magazin\/wp-json\/wp\/v2\/posts\/13744"}],"collection":[{"href":"https:\/\/hir.mediamarkt.hu\/magazin\/wp-json\/wp\/v2\/posts"}],"about":[{"href":"https:\/\/hir.mediamarkt.hu\/magazin\/wp-json\/wp\/v2\/types\/post"}],"author":[{"embeddable":true,"href":"https:\/\/hir.mediamarkt.hu\/magazin\/wp-json\/wp\/v2\/users\/22"}],"replies":[{"embeddable":true,"href":"https:\/\/hir.mediamarkt.hu\/magazin\/wp-json\/wp\/v2\/comments?post=13744"}],"version-history":[{"count":6,"href":"https:\/\/hir.mediamarkt.hu\/magazin\/wp-json\/wp\/v2\/posts\/13744\/revisions"}],"predecessor-version":[{"id":13784,"href":"https:\/\/hir.mediamarkt.hu\/magazin\/wp-json\/wp\/v2\/posts\/13744\/revisions\/13784"}],"wp:featuredmedia":[{"embeddable":true,"href":"https:\/\/hir.mediamarkt.hu\/magazin\/wp-json\/wp\/v2\/media\/13757"}],"wp:attachment":[{"href":"https:\/\/hir.mediamarkt.hu\/magazin\/wp-json\/wp\/v2\/media?parent=13744"}],"wp:term":[{"taxonomy":"category","embeddable":true,"href":"https:\/\/hir.mediamarkt.hu\/magazin\/wp-json\/wp\/v2\/categories?post=13744"},{"taxonomy":"post_tag","embeddable":true,"href":"https:\/\/hir.mediamarkt.hu\/magazin\/wp-json\/wp\/v2\/tags?post=13744"}],"curies":[{"name":"wp","href":"https:\/\/api.w.org\/{rel}","templated":true}]}}