{"id":13761,"date":"2021-12-05T22:07:37","date_gmt":"2021-12-05T21:07:37","guid":{"rendered":"https:\/\/hir.mediamarkt.hu\/magazin\/?p=13761"},"modified":"2021-12-05T22:07:39","modified_gmt":"2021-12-05T21:07:39","slug":"kutyuk-karacsonyra-30-ezer-forint-alatt","status":"publish","type":"post","link":"https:\/\/hir.mediamarkt.hu\/magazin\/kutyuk-karacsonyra-30-ezer-forint-alatt\/","title":{"rendered":"K\u00fcty\u00fck kar\u00e1csonyra 30 ezer forint alatt"},"content":{"rendered":"\n<p><b>Visszasz\u00e1ml\u00e1l\u00e1s indul, hamarosan itt a kar\u00e1csony. Aki m\u00e9g nem tal\u00e1lta meg a megfelel\u0151 aj\u00e1nd\u00e9kot, \u00e9s 30 ezer forintn\u00e1l nem szeretne t\u00f6bbet k\u00f6lteni, az n\u00e9zze meg \u00f6ssze\u00e1ll\u00edt\u00e1sunkat!<\/b><\/p>\n<h3><b>FUJIFILM Instax Mini 11 instant f\u00e9nyk\u00e9pez\u0151g\u00e9p<\/b><\/h3>\n<p><span style=\"font-weight: 400\">Az instant kamer\u00e1k renesz\u00e1nszukat \u00e9lik, a Fujifilm Instax Mini pedig egy j\u00f3, megfizethet\u0151 opci\u00f3 azoknak, akik az elk\u00e9sz\u00edt\u00e9st k\u00f6vet\u0151en szinte perceken bel\u00fcl szeretn\u00e9k kez\u00fckben tartani a kinyomtatott fot\u00f3t (62 mm x 46 mm). A f\u00e9nyk\u00e9pez\u0151g\u00e9p vakuval felszerelt, kett\u0151 darab AA elemmel \u00e9s Instax mini (86 x 54 mm) filmmel m\u0171k\u00f6dik.\u00a0<\/span><\/p>\n<p><img loading=\"lazy\" decoding=\"async\" class=\"alignnone size-full wp-image-13766\" src=\"http:\/\/hir.mediamarkt.hu\/magazin\/wp-content\/uploads\/2021\/12\/kutyuu1.jpg\" alt=\"\" width=\"786\" height=\"587\" srcset=\"https:\/\/hir.mediamarkt.hu\/magazin\/wp-content\/uploads\/2021\/12\/kutyuu1.jpg 786w, https:\/\/hir.mediamarkt.hu\/magazin\/wp-content\/uploads\/2021\/12\/kutyuu1-300x224.jpg 300w, https:\/\/hir.mediamarkt.hu\/magazin\/wp-content\/uploads\/2021\/12\/kutyuu1-275x205.jpg 275w, https:\/\/hir.mediamarkt.hu\/magazin\/wp-content\/uploads\/2021\/12\/kutyuu1-768x574.jpg 768w\" sizes=\"(max-width: 786px) 100vw, 786px\" \/><\/p>\n<p><a href=\"http:\/\/mediamarkt.hu\/catentry\/1324593\"><span style=\"font-weight: 400\">Tov\u00e1bb a term\u00e9kre &gt;&gt;&gt;<\/span><\/a><\/p>\n<h3><b>Google Chromecast<\/b><\/h3>\n<p><span style=\"font-weight: 400\">A teny\u00e9rnyi, korong alak\u00fa m\u00e9dialej\u00e1tsz\u00f3 minden t\u00e9v\u00e9k\u00e9sz\u00fcl\u00e9ket okos telev\u00edzi\u00f3v\u00e1 alak\u00edt, hogy az okostelefonr\u00f3l filmeket, j\u00e1t\u00e9kokat, appokat streamelhess\u00fcnk a k\u00e9perny\u0151re. A Chromecast haszn\u00e1lata pofonegyszer\u0171, sz\u00e1mtalan alkalmaz\u00e1s t\u00e1mogatja, Android, iOS, <\/span><span style=\"font-weight: 400\">Mac OS X 10.9 vagy \u00fajabb, Windows 7 vagy \u00fajabb rendszerrel m\u0171k\u00f6dik.\u00a0<\/span><\/p>\n<p><img loading=\"lazy\" decoding=\"async\" class=\"alignnone size-full wp-image-13770\" src=\"http:\/\/hir.mediamarkt.hu\/magazin\/wp-content\/uploads\/2021\/12\/kutyuu5.jpg\" alt=\"\" width=\"786\" height=\"587\" srcset=\"https:\/\/hir.mediamarkt.hu\/magazin\/wp-content\/uploads\/2021\/12\/kutyuu5.jpg 786w, https:\/\/hir.mediamarkt.hu\/magazin\/wp-content\/uploads\/2021\/12\/kutyuu5-300x224.jpg 300w, https:\/\/hir.mediamarkt.hu\/magazin\/wp-content\/uploads\/2021\/12\/kutyuu5-275x205.jpg 275w, https:\/\/hir.mediamarkt.hu\/magazin\/wp-content\/uploads\/2021\/12\/kutyuu5-768x574.jpg 768w\" sizes=\"(max-width: 786px) 100vw, 786px\" \/><\/p>\n<p><a href=\"http:\/\/mediamarkt.hu\/catentry\/1357135\"><span style=\"font-weight: 400\">Tov\u00e1bb a term\u00e9kre &gt;&gt;&gt;<\/span><\/a><\/p>\n<h3><b>SAMSUNG Galaxy SmartTag<\/b><\/h3>\n<p><span style=\"font-weight: 400\">Az okoseszk\u00f6z seg\u00edts\u00e9g\u00e9vel k\u00f6nnyen megtal\u00e1lhatjuk az elt\u0171nt t\u00e1rgyakat, a k\u00fcty\u00fc a Bluetooth Low Energy (BLE) \u00e9s az ultra sz\u00e9less\u00e1v\u00fa (UWB) technol\u00f3gi\u00e1knak k\u00f6sz\u00f6nhet\u0151en minden kor\u00e1bbin\u00e1l pontosabb helymeghat\u00e1roz\u00e1sra k\u00e9pes. A SmartTag minden olyan h\u00e9tk\u00f6znapi t\u00e1rgyon elhelyezhet\u0151, amit hajlamosak vagyunk elhagyni, elpakolni. Ezek az okostelefonra telep\u00edtett SmartThings Find alkalmaz\u00e1s seg\u00edts\u00e9g\u00e9vel egyszer\u0171en megtal\u00e1lhat\u00f3k. A felhaszn\u00e1l\u00f3k t\u00e9rk\u00e9pen tudj\u00e1k megkeresni a bejel\u00f6lt t\u00e1rgyakat, m\u00e9g akkor is, ha azok eg\u00e9szen messze vannak t\u0151l\u00fck.<\/span><\/p>\n<p><img loading=\"lazy\" decoding=\"async\" class=\"alignnone size-full wp-image-13773\" src=\"http:\/\/hir.mediamarkt.hu\/magazin\/wp-content\/uploads\/2021\/12\/kutyuu8.jpg\" alt=\"\" width=\"786\" height=\"587\" srcset=\"https:\/\/hir.mediamarkt.hu\/magazin\/wp-content\/uploads\/2021\/12\/kutyuu8.jpg 786w, https:\/\/hir.mediamarkt.hu\/magazin\/wp-content\/uploads\/2021\/12\/kutyuu8-300x224.jpg 300w, https:\/\/hir.mediamarkt.hu\/magazin\/wp-content\/uploads\/2021\/12\/kutyuu8-275x205.jpg 275w, https:\/\/hir.mediamarkt.hu\/magazin\/wp-content\/uploads\/2021\/12\/kutyuu8-768x574.jpg 768w\" sizes=\"(max-width: 786px) 100vw, 786px\" \/><\/p>\n<p><a href=\"http:\/\/mediamarkt.hu\/catentry\/1358363\"><span style=\"font-weight: 400\">Tov\u00e1bb a term\u00e9kre &gt;&gt;&gt;<\/span><\/a><\/p>\n<h3><b>LOGITECH G Pro Vezet\u00e9kes Gamer Fejhallgat\u00f3<\/b><\/h3>\n<p><span style=\"font-weight: 400\">A strapab\u00edr\u00f3 alum\u00ednium vill\u00e1val \u00e9s \u00e9s ac\u00e9l fejp\u00e1nttal k\u00e9sz\u00fclt gamer fejhallgat\u00f3t tart\u00f3s haszn\u00e1latra tervezt\u00e9k. A puha mem\u00f3riahabos f\u00fclp\u00e1rn\u00e1k a passz\u00edv zajsz\u0171r\u0151 m\u0171b\u0151rrel p\u00e1ratlan k\u00e9nyelmet biztos\u00edtanak m\u00e9g a maratoni hossz\u00fas\u00e1g\u00fa j\u00e1t\u00e9kmenetek sor\u00e1n is, de ami enn\u00e9l is fontosabb, az a hihetetlen\u00fcl tiszta \u00e9s pontos hangk\u00e9pz\u00e9s, a profi mikrofon \u00e9s a kiv\u00e1l\u00f3 zajsz\u0171r\u00e9s. A krist\u00e1lytiszta jelfeldolgoz\u00e1st k\u00fcls\u0151 USB-s hangk\u00e1rtya (DAC) biztos\u00edtja.<\/span><\/p>\n<p><img loading=\"lazy\" decoding=\"async\" class=\"alignnone size-full wp-image-13772\" src=\"http:\/\/hir.mediamarkt.hu\/magazin\/wp-content\/uploads\/2021\/12\/kutyuu7.jpg\" alt=\"\" width=\"786\" height=\"587\" srcset=\"https:\/\/hir.mediamarkt.hu\/magazin\/wp-content\/uploads\/2021\/12\/kutyuu7.jpg 786w, https:\/\/hir.mediamarkt.hu\/magazin\/wp-content\/uploads\/2021\/12\/kutyuu7-300x224.jpg 300w, https:\/\/hir.mediamarkt.hu\/magazin\/wp-content\/uploads\/2021\/12\/kutyuu7-275x205.jpg 275w, https:\/\/hir.mediamarkt.hu\/magazin\/wp-content\/uploads\/2021\/12\/kutyuu7-768x574.jpg 768w\" sizes=\"(max-width: 786px) 100vw, 786px\" \/><\/p>\n<p><a href=\"http:\/\/mediamarkt.hu\/catentry\/1304458\"><span style=\"font-weight: 400\">Tov\u00e1bb a term\u00e9kre &gt;&gt;&gt;<\/span><\/a><\/p>\n<h3><span style=\"font-weight: 400\">De-Longhi Nespresso Essenza Mini<\/span><\/h3>\n<p><span style=\"font-weight: 400\">Kicsi, teszi a dolg\u00e1t, \u00e9s formatervez\u00e9s \u00fcgy\u00e9be olyan j\u00f3l siker\u00fclt, hogy \u00f6r\u00f6m r\u00e1n\u00e9zni: a Nespresso enyh\u00e9n retrofuturisztikus kapszul\u00e1s k\u00e1v\u00e9f\u0151z\u0151j\u00e9t mintha csak egy 60-as \u00e9vekben k\u00e9sz\u00fclt sci-fi filmb\u0151l szalajtott\u00e1k volna, \u00e9s ezt a lehet\u0151 legjobb \u00e9rtelemben \u00edrjuk. Programozhat\u00f3 gombok espress\u00f3hoz \u00e9s lung\u00f3hoz, k\u00f6nny\u0171 kezel\u00e9s, selymes, \u00e9s a napot kell\u0151 hat\u00e9konys\u00e1ggal elind\u00edt\u00f3 k\u00e1v\u00e9. R\u00e1ad\u00e1sul k\u00f3stol\u00f3 k\u00e9szletet is kapsz a kapszul\u00e1kb\u00f3l.<\/span><\/p>\n<p><img loading=\"lazy\" decoding=\"async\" class=\"alignnone size-full wp-image-13771\" src=\"http:\/\/hir.mediamarkt.hu\/magazin\/wp-content\/uploads\/2021\/12\/kutyuu6.jpg\" alt=\"\" width=\"786\" height=\"587\" srcset=\"https:\/\/hir.mediamarkt.hu\/magazin\/wp-content\/uploads\/2021\/12\/kutyuu6.jpg 786w, https:\/\/hir.mediamarkt.hu\/magazin\/wp-content\/uploads\/2021\/12\/kutyuu6-300x224.jpg 300w, https:\/\/hir.mediamarkt.hu\/magazin\/wp-content\/uploads\/2021\/12\/kutyuu6-275x205.jpg 275w, https:\/\/hir.mediamarkt.hu\/magazin\/wp-content\/uploads\/2021\/12\/kutyuu6-768x574.jpg 768w\" sizes=\"(max-width: 786px) 100vw, 786px\" \/><\/p>\n<p><a href=\"http:\/\/mediamarkt.hu\/catentry\/1241078\"><span style=\"font-weight: 400\">Tov\u00e1bb a term\u00e9kre &gt;&gt;&gt;<\/span><\/a><\/p>\n<h3><span style=\"font-weight: 400\">Muse M302 lemezj\u00e1tsz\u00f3<\/span><\/h3>\n<p><span style=\"font-weight: 400\">St\u00edlusos, hordozhat\u00f3, retr\u00f3 vonalvezet\u00e9s\u0171 lemezj\u00e1tsz\u00f3, amelybe az \u00e1ra ellen\u00e9re m\u00e9g p\u00e1r extra funkci\u00f3 is belef\u00e9r. A szok\u00e1sos kimenetek (jack, RCA) mell\u00e9 m\u00e9g a Bluetooth is belef\u00e9rt, USB-portj\u00e1nak h\u00e1la pedig sz\u00e1m\u00edt\u00f3g\u00e9pre r\u00f6gz\u00edtheted bakelitjeidet, s\u0151t, AUX bemenet\u00e9vel k\u00fcls\u0151 forr\u00e1sb\u00f3l is k\u00fcldhetsz r\u00e1 zen\u00e9t. Minden l\u00e9tez\u0151 fordulatsz\u00e1mot t\u00e1mogat, \u00e9s b\u00e1r szer\u00e9ny be\u00e9p\u00edtett hangsz\u00f3r\u00f3i nem szak\u00edtj\u00e1k le a plafont, be\u00e9p\u00edtett el\u0151er\u0151s\u00edt\u0151j\u00e9nek h\u00e1la b\u00e1rmilyen hangrendszerrel \u00f6sszek\u00f6theted. A hangz\u00e1s persze \u00edgy sem lesz ugyanaz, mint h\u00e1romszor-\u00f6tsz\u00f6r dr\u00e1g\u00e1bb koll\u00e9g\u00e1i eset\u00e9ben, de els\u0151 lemezj\u00e1tsz\u00f3nak, vagy zenerajong\u00f3, de a bakelitekkel m\u00e9g csak ismerked\u0151 szeretteidnek t\u00f6k\u00e9letes aj\u00e1nd\u00e9k.<\/span><\/p>\n<p><img loading=\"lazy\" decoding=\"async\" class=\"alignnone size-full wp-image-13769\" src=\"http:\/\/hir.mediamarkt.hu\/magazin\/wp-content\/uploads\/2021\/12\/kutyuu4.jpg\" alt=\"\" width=\"786\" height=\"587\" srcset=\"https:\/\/hir.mediamarkt.hu\/magazin\/wp-content\/uploads\/2021\/12\/kutyuu4.jpg 786w, https:\/\/hir.mediamarkt.hu\/magazin\/wp-content\/uploads\/2021\/12\/kutyuu4-300x224.jpg 300w, https:\/\/hir.mediamarkt.hu\/magazin\/wp-content\/uploads\/2021\/12\/kutyuu4-275x205.jpg 275w, https:\/\/hir.mediamarkt.hu\/magazin\/wp-content\/uploads\/2021\/12\/kutyuu4-768x574.jpg 768w\" sizes=\"(max-width: 786px) 100vw, 786px\" \/><\/p>\n<p><a href=\"http:\/\/mediamarkt.hu\/catentry\/1298932\"><span style=\"font-weight: 400\">Tov\u00e1bb a term\u00e9kre &gt;&gt;&gt;<\/span><\/a><\/p>\n<h3><span style=\"font-weight: 400\">Hama Miami 190 III fot\u00f3s h\u00e1tizs\u00e1k<\/span><\/h3>\n<p><span style=\"font-weight: 400\">K\u00e9rdezz meg k\u00e9t fot\u00f3st, melyik a legjobb h\u00e1tizs\u00e1k, \u00f3r\u00e1kig vit\u00e1znak majd, \u00e9s sim\u00e1n lehet, hogy veszeked\u00e9s lesz a v\u00e9ge. Abban viszont nincs vita, hogy a legjobb \u00e1r\/\u00e9rt\u00e9k ar\u00e1ny\u00fa t\u00e1sk\u00e1kat \u00e9s zs\u00e1kokat a Hama k\u00edn\u00e1lja: ennyi funkci\u00f3t ilyen kev\u00e9s p\u00e9nz\u00e9rt m\u00e1st\u00f3l nem kapsz. A Miami 190 III egy teljes soklencs\u00e9s, k\u00fcls\u0151 vakus szettet sz\u00edvesen l\u00e1t, laptop is f\u00e9r bele, \u00e1llv\u00e1ny meg r\u00e1, es\u0151\u00e1ll\u00f3 huzatot is tartalmaz, megjelen\u00e9se diszkr\u00e9t, anyaga \u00e9s varr\u00e1sa \u00e9vekig kib\u00edr majd mindent.<\/span><\/p>\n<p><img loading=\"lazy\" decoding=\"async\" class=\"alignnone size-full wp-image-13767\" src=\"http:\/\/hir.mediamarkt.hu\/magazin\/wp-content\/uploads\/2021\/12\/kutyuu2.jpg\" alt=\"\" width=\"786\" height=\"587\" srcset=\"https:\/\/hir.mediamarkt.hu\/magazin\/wp-content\/uploads\/2021\/12\/kutyuu2.jpg 786w, https:\/\/hir.mediamarkt.hu\/magazin\/wp-content\/uploads\/2021\/12\/kutyuu2-300x224.jpg 300w, https:\/\/hir.mediamarkt.hu\/magazin\/wp-content\/uploads\/2021\/12\/kutyuu2-275x205.jpg 275w, https:\/\/hir.mediamarkt.hu\/magazin\/wp-content\/uploads\/2021\/12\/kutyuu2-768x574.jpg 768w\" sizes=\"(max-width: 786px) 100vw, 786px\" \/><\/p>\n<p><a href=\"http:\/\/mediamarkt.hu\/catentry\/1241014\"><span style=\"font-weight: 400\">Tov\u00e1bb a term\u00e9kre &gt;&gt;&gt;<\/span><\/a><\/p>\n<h3><span style=\"font-weight: 400\">Rapoo 9900M vezet\u00e9k n\u00e9lk\u00fcli billenty\u0171zet \u00e9s eg\u00e9r<\/span><\/h3>\n<p><span style=\"font-weight: 400\">A nagy m\u00e1rk\u00e1khoz k\u00e9pest kev\u00e9sb\u00e9 ismert a Rapoo neve, akinek azonban m\u00e1r volt dolga vele, tudja, hogy leny\u0171g\u00f6z\u0151 min\u0151s\u00e9get \u00e9s designt adnak meglep\u0151en olcs\u00f3n. Cs\u00facskateg\u00f3ri\u00e1s komb\u00f3juk csodasz\u00e9p, f\u00e9mv\u00e1zas, alacsony profik\u00fa, nagyszer\u0171 g\u00e9pel\u00e9si \u00e9lm\u00e9nyt biztos\u00edt\u00f3, teljes sz\u00e9less\u00e9g\u0171 (teh\u00e1t numerikus r\u00e9szt is tartalmaz\u00f3) billenty\u0171zetet tartalmaz, illetve egy k\u00e9p- \u00e9s videoszerkeszt\u00e9sre t\u00f6k\u00e9letes, sokgombos, vertik\u00e1lis g\u00f6rg\u0151vel is felszerelt egeret, term\u00e9szetesen programozhat\u00f3 funkci\u00f3kkal.\u00a0<\/span><\/p>\n<p><img loading=\"lazy\" decoding=\"async\" class=\"alignnone size-full wp-image-13768\" src=\"http:\/\/hir.mediamarkt.hu\/magazin\/wp-content\/uploads\/2021\/12\/kutyuu3.jpg\" alt=\"\" width=\"786\" height=\"587\" srcset=\"https:\/\/hir.mediamarkt.hu\/magazin\/wp-content\/uploads\/2021\/12\/kutyuu3.jpg 786w, https:\/\/hir.mediamarkt.hu\/magazin\/wp-content\/uploads\/2021\/12\/kutyuu3-300x224.jpg 300w, https:\/\/hir.mediamarkt.hu\/magazin\/wp-content\/uploads\/2021\/12\/kutyuu3-275x205.jpg 275w, https:\/\/hir.mediamarkt.hu\/magazin\/wp-content\/uploads\/2021\/12\/kutyuu3-768x574.jpg 768w\" sizes=\"(max-width: 786px) 100vw, 786px\" \/><\/p>\n<p><a href=\"http:\/\/mediamarkt.hu\/catentry\/1308038\"><span style=\"font-weight: 400\">Tov\u00e1bb a term\u00e9kre &gt;&gt;&gt;<\/span><\/a><\/p>\n","protected":false},"excerpt":{"rendered":"Aki m\u00e9g nem tal\u00e1lta meg a megfelel\u0151 aj\u00e1nd\u00e9kot, \u00e9s 30 ezer forintn\u00e1l nem szeretne t\u00f6bbet k\u00f6lteni, az n\u00e9zze meg \u00f6ssze\u00e1ll\u00edt\u00e1sunkat!","protected":false},"author":22,"featured_media":13775,"comment_status":"open","ping_status":"open","sticky":false,"template":"","format":"standard","meta":{"wprm-recipe-roundup-name":"","wprm-recipe-roundup-description":"","footnotes":""},"categories":[5963,5967],"tags":[980,4200,51],"yoast_head":"<!-- This site is optimized with the Yoast SEO plugin v22.9 - https:\/\/yoast.com\/wordpress\/plugins\/seo\/ -->\n<title>K\u00fcty\u00fck kar\u00e1csonyra 30 ezer forint alatt - MediaMarkt Magazin<\/title>\n<meta name=\"description\" content=\"Aki m\u00e9g nem tal\u00e1lta meg a megfelel\u0151 aj\u00e1nd\u00e9kot, \u00e9s 30 ezer forintn\u00e1l nem szeretne t\u00f6bbet k\u00f6lteni, az n\u00e9zze meg \u00f6ssze\u00e1ll\u00edt\u00e1sunkat!\" \/>\n<meta name=\"robots\" content=\"index, follow, max-snippet:-1, max-image-preview:large, max-video-preview:-1\" \/>\n<link rel=\"canonical\" href=\"https:\/\/hir.mediamarkt.hu\/magazin\/kutyuk-karacsonyra-30-ezer-forint-alatt\/\" \/>\n<meta property=\"og:locale\" content=\"hu_HU\" \/>\n<meta property=\"og:type\" content=\"article\" \/>\n<meta property=\"og:title\" content=\"K\u00fcty\u00fck kar\u00e1csonyra 30 ezer forint alatt - MediaMarkt Magazin\" \/>\n<meta property=\"og:description\" content=\"Aki m\u00e9g nem tal\u00e1lta meg a megfelel\u0151 aj\u00e1nd\u00e9kot, \u00e9s 30 ezer forintn\u00e1l nem szeretne t\u00f6bbet k\u00f6lteni, az n\u00e9zze meg \u00f6ssze\u00e1ll\u00edt\u00e1sunkat!\" \/>\n<meta property=\"og:url\" content=\"https:\/\/hir.mediamarkt.hu\/magazin\/kutyuk-karacsonyra-30-ezer-forint-alatt\/\" \/>\n<meta property=\"og:site_name\" content=\"MediaMarkt Magazin\" \/>\n<meta property=\"article:publisher\" content=\"https:\/\/www.facebook.com\/MediaMarktMagyarorszag\" \/>\n<meta property=\"article:published_time\" content=\"2021-12-05T21:07:37+00:00\" \/>\n<meta property=\"article:modified_time\" content=\"2021-12-05T21:07:39+00:00\" \/>\n<meta property=\"og:image\" content=\"https:\/\/hir.mediamarkt.hu\/magazin\/wp-content\/uploads\/2021\/12\/kutyuu8-1.jpg\" \/>\n\t<meta property=\"og:image:width\" content=\"1440\" \/>\n\t<meta property=\"og:image:height\" content=\"960\" \/>\n\t<meta property=\"og:image:type\" content=\"image\/jpeg\" \/>\n<meta name=\"author\" content=\"Nemenyi\" \/>\n<meta name=\"twitter:label1\" content=\"Szerz\u0151:\" \/>\n\t<meta name=\"twitter:data1\" content=\"Nemenyi\" \/>\n\t<meta name=\"twitter:label2\" content=\"Becs\u00fclt olvas\u00e1si id\u0151\" \/>\n\t<meta name=\"twitter:data2\" content=\"5 perc\" \/>\n<script type=\"application\/ld+json\" class=\"yoast-schema-graph\">{\"@context\":\"https:\/\/schema.org\",\"@graph\":[{\"@type\":\"WebPage\",\"@id\":\"https:\/\/hir.mediamarkt.hu\/magazin\/kutyuk-karacsonyra-30-ezer-forint-alatt\/\",\"url\":\"https:\/\/hir.mediamarkt.hu\/magazin\/kutyuk-karacsonyra-30-ezer-forint-alatt\/\",\"name\":\"K\u00fcty\u00fck kar\u00e1csonyra 30 ezer forint alatt - MediaMarkt Magazin\",\"isPartOf\":{\"@id\":\"https:\/\/hir.mediamarkt.hu\/magazin\/#website\"},\"primaryImageOfPage\":{\"@id\":\"https:\/\/hir.mediamarkt.hu\/magazin\/kutyuk-karacsonyra-30-ezer-forint-alatt\/#primaryimage\"},\"image\":{\"@id\":\"https:\/\/hir.mediamarkt.hu\/magazin\/kutyuk-karacsonyra-30-ezer-forint-alatt\/#primaryimage\"},\"thumbnailUrl\":\"https:\/\/hir.mediamarkt.hu\/magazin\/wp-content\/uploads\/2021\/12\/kutyuu8-1.jpg\",\"datePublished\":\"2021-12-05T21:07:37+00:00\",\"dateModified\":\"2021-12-05T21:07:39+00:00\",\"author\":{\"@id\":\"https:\/\/hir.mediamarkt.hu\/magazin\/#\/schema\/person\/f4a17b2dc97f2e2bf1b88a89d4ef7d05\"},\"description\":\"Aki m\u00e9g nem tal\u00e1lta meg a megfelel\u0151 aj\u00e1nd\u00e9kot, \u00e9s 30 ezer forintn\u00e1l nem szeretne t\u00f6bbet k\u00f6lteni, az n\u00e9zze meg \u00f6ssze\u00e1ll\u00edt\u00e1sunkat!\",\"breadcrumb\":{\"@id\":\"https:\/\/hir.mediamarkt.hu\/magazin\/kutyuk-karacsonyra-30-ezer-forint-alatt\/#breadcrumb\"},\"inLanguage\":\"hu\",\"potentialAction\":[{\"@type\":\"ReadAction\",\"target\":[\"https:\/\/hir.mediamarkt.hu\/magazin\/kutyuk-karacsonyra-30-ezer-forint-alatt\/\"]}]},{\"@type\":\"ImageObject\",\"inLanguage\":\"hu\",\"@id\":\"https:\/\/hir.mediamarkt.hu\/magazin\/kutyuk-karacsonyra-30-ezer-forint-alatt\/#primaryimage\",\"url\":\"https:\/\/hir.mediamarkt.hu\/magazin\/wp-content\/uploads\/2021\/12\/kutyuu8-1.jpg\",\"contentUrl\":\"https:\/\/hir.mediamarkt.hu\/magazin\/wp-content\/uploads\/2021\/12\/kutyuu8-1.jpg\",\"width\":1440,\"height\":960},{\"@type\":\"BreadcrumbList\",\"@id\":\"https:\/\/hir.mediamarkt.hu\/magazin\/kutyuk-karacsonyra-30-ezer-forint-alatt\/#breadcrumb\",\"itemListElement\":[{\"@type\":\"ListItem\",\"position\":1,\"name\":\"Kezd\u0151lap\",\"item\":\"https:\/\/hir.mediamarkt.hu\/magazin\/\"},{\"@type\":\"ListItem\",\"position\":2,\"name\":\"K\u00fcty\u00fck kar\u00e1csonyra 30 ezer forint alatt\"}]},{\"@type\":\"WebSite\",\"@id\":\"https:\/\/hir.mediamarkt.hu\/magazin\/#website\",\"url\":\"https:\/\/hir.mediamarkt.hu\/magazin\/\",\"name\":\"MediaMarkt Magazin\",\"description\":\"Olvass bele magazinunkba!\",\"potentialAction\":[{\"@type\":\"SearchAction\",\"target\":{\"@type\":\"EntryPoint\",\"urlTemplate\":\"https:\/\/hir.mediamarkt.hu\/magazin\/?s={search_term_string}\"},\"query-input\":\"required name=search_term_string\"}],\"inLanguage\":\"hu\"},{\"@type\":\"Person\",\"@id\":\"https:\/\/hir.mediamarkt.hu\/magazin\/#\/schema\/person\/f4a17b2dc97f2e2bf1b88a89d4ef7d05\",\"name\":\"Nemenyi\",\"image\":{\"@type\":\"ImageObject\",\"inLanguage\":\"hu\",\"@id\":\"https:\/\/hir.mediamarkt.hu\/magazin\/#\/schema\/person\/image\/\",\"url\":\"https:\/\/secure.gravatar.com\/avatar\/9470b3223c723142e66adcad803b24fe?s=96&d=mm&r=g\",\"contentUrl\":\"https:\/\/secure.gravatar.com\/avatar\/9470b3223c723142e66adcad803b24fe?s=96&d=mm&r=g\",\"caption\":\"Nemenyi\"}}]}<\/script>\n<!-- \/ Yoast SEO plugin. -->","yoast_head_json":{"title":"K\u00fcty\u00fck kar\u00e1csonyra 30 ezer forint alatt - MediaMarkt Magazin","description":"Aki m\u00e9g nem tal\u00e1lta meg a megfelel\u0151 aj\u00e1nd\u00e9kot, \u00e9s 30 ezer forintn\u00e1l nem szeretne t\u00f6bbet k\u00f6lteni, az n\u00e9zze meg \u00f6ssze\u00e1ll\u00edt\u00e1sunkat!","robots":{"index":"index","follow":"follow","max-snippet":"max-snippet:-1","max-image-preview":"max-image-preview:large","max-video-preview":"max-video-preview:-1"},"canonical":"https:\/\/hir.mediamarkt.hu\/magazin\/kutyuk-karacsonyra-30-ezer-forint-alatt\/","og_locale":"hu_HU","og_type":"article","og_title":"K\u00fcty\u00fck kar\u00e1csonyra 30 ezer forint alatt - MediaMarkt Magazin","og_description":"Aki m\u00e9g nem tal\u00e1lta meg a megfelel\u0151 aj\u00e1nd\u00e9kot, \u00e9s 30 ezer forintn\u00e1l nem szeretne t\u00f6bbet k\u00f6lteni, az n\u00e9zze meg \u00f6ssze\u00e1ll\u00edt\u00e1sunkat!","og_url":"https:\/\/hir.mediamarkt.hu\/magazin\/kutyuk-karacsonyra-30-ezer-forint-alatt\/","og_site_name":"MediaMarkt Magazin","article_publisher":"https:\/\/www.facebook.com\/MediaMarktMagyarorszag","article_published_time":"2021-12-05T21:07:37+00:00","article_modified_time":"2021-12-05T21:07:39+00:00","og_image":[{"width":1440,"height":960,"url":"https:\/\/hir.mediamarkt.hu\/magazin\/wp-content\/uploads\/2021\/12\/kutyuu8-1.jpg","type":"image\/jpeg"}],"author":"Nemenyi","twitter_misc":{"Szerz\u0151:":"Nemenyi","Becs\u00fclt olvas\u00e1si id\u0151":"5 perc"},"schema":{"@context":"https:\/\/schema.org","@graph":[{"@type":"WebPage","@id":"https:\/\/hir.mediamarkt.hu\/magazin\/kutyuk-karacsonyra-30-ezer-forint-alatt\/","url":"https:\/\/hir.mediamarkt.hu\/magazin\/kutyuk-karacsonyra-30-ezer-forint-alatt\/","name":"K\u00fcty\u00fck kar\u00e1csonyra 30 ezer forint alatt - MediaMarkt Magazin","isPartOf":{"@id":"https:\/\/hir.mediamarkt.hu\/magazin\/#website"},"primaryImageOfPage":{"@id":"https:\/\/hir.mediamarkt.hu\/magazin\/kutyuk-karacsonyra-30-ezer-forint-alatt\/#primaryimage"},"image":{"@id":"https:\/\/hir.mediamarkt.hu\/magazin\/kutyuk-karacsonyra-30-ezer-forint-alatt\/#primaryimage"},"thumbnailUrl":"https:\/\/hir.mediamarkt.hu\/magazin\/wp-content\/uploads\/2021\/12\/kutyuu8-1.jpg","datePublished":"2021-12-05T21:07:37+00:00","dateModified":"2021-12-05T21:07:39+00:00","author":{"@id":"https:\/\/hir.mediamarkt.hu\/magazin\/#\/schema\/person\/f4a17b2dc97f2e2bf1b88a89d4ef7d05"},"description":"Aki m\u00e9g nem tal\u00e1lta meg a megfelel\u0151 aj\u00e1nd\u00e9kot, \u00e9s 30 ezer forintn\u00e1l nem szeretne t\u00f6bbet k\u00f6lteni, az n\u00e9zze meg \u00f6ssze\u00e1ll\u00edt\u00e1sunkat!","breadcrumb":{"@id":"https:\/\/hir.mediamarkt.hu\/magazin\/kutyuk-karacsonyra-30-ezer-forint-alatt\/#breadcrumb"},"inLanguage":"hu","potentialAction":[{"@type":"ReadAction","target":["https:\/\/hir.mediamarkt.hu\/magazin\/kutyuk-karacsonyra-30-ezer-forint-alatt\/"]}]},{"@type":"ImageObject","inLanguage":"hu","@id":"https:\/\/hir.mediamarkt.hu\/magazin\/kutyuk-karacsonyra-30-ezer-forint-alatt\/#primaryimage","url":"https:\/\/hir.mediamarkt.hu\/magazin\/wp-content\/uploads\/2021\/12\/kutyuu8-1.jpg","contentUrl":"https:\/\/hir.mediamarkt.hu\/magazin\/wp-content\/uploads\/2021\/12\/kutyuu8-1.jpg","width":1440,"height":960},{"@type":"BreadcrumbList","@id":"https:\/\/hir.mediamarkt.hu\/magazin\/kutyuk-karacsonyra-30-ezer-forint-alatt\/#breadcrumb","itemListElement":[{"@type":"ListItem","position":1,"name":"Kezd\u0151lap","item":"https:\/\/hir.mediamarkt.hu\/magazin\/"},{"@type":"ListItem","position":2,"name":"K\u00fcty\u00fck kar\u00e1csonyra 30 ezer forint alatt"}]},{"@type":"WebSite","@id":"https:\/\/hir.mediamarkt.hu\/magazin\/#website","url":"https:\/\/hir.mediamarkt.hu\/magazin\/","name":"MediaMarkt Magazin","description":"Olvass bele magazinunkba!","potentialAction":[{"@type":"SearchAction","target":{"@type":"EntryPoint","urlTemplate":"https:\/\/hir.mediamarkt.hu\/magazin\/?s={search_term_string}"},"query-input":"required name=search_term_string"}],"inLanguage":"hu"},{"@type":"Person","@id":"https:\/\/hir.mediamarkt.hu\/magazin\/#\/schema\/person\/f4a17b2dc97f2e2bf1b88a89d4ef7d05","name":"Nemenyi","image":{"@type":"ImageObject","inLanguage":"hu","@id":"https:\/\/hir.mediamarkt.hu\/magazin\/#\/schema\/person\/image\/","url":"https:\/\/secure.gravatar.com\/avatar\/9470b3223c723142e66adcad803b24fe?s=96&d=mm&r=g","contentUrl":"https:\/\/secure.gravatar.com\/avatar\/9470b3223c723142e66adcad803b24fe?s=96&d=mm&r=g","caption":"Nemenyi"}}]}},"_links":{"self":[{"href":"https:\/\/hir.mediamarkt.hu\/magazin\/wp-json\/wp\/v2\/posts\/13761"}],"collection":[{"href":"https:\/\/hir.mediamarkt.hu\/magazin\/wp-json\/wp\/v2\/posts"}],"about":[{"href":"https:\/\/hir.mediamarkt.hu\/magazin\/wp-json\/wp\/v2\/types\/post"}],"author":[{"embeddable":true,"href":"https:\/\/hir.mediamarkt.hu\/magazin\/wp-json\/wp\/v2\/users\/22"}],"replies":[{"embeddable":true,"href":"https:\/\/hir.mediamarkt.hu\/magazin\/wp-json\/wp\/v2\/comments?post=13761"}],"version-history":[{"count":6,"href":"https:\/\/hir.mediamarkt.hu\/magazin\/wp-json\/wp\/v2\/posts\/13761\/revisions"}],"predecessor-version":[{"id":13776,"href":"https:\/\/hir.mediamarkt.hu\/magazin\/wp-json\/wp\/v2\/posts\/13761\/revisions\/13776"}],"wp:featuredmedia":[{"embeddable":true,"href":"https:\/\/hir.mediamarkt.hu\/magazin\/wp-json\/wp\/v2\/media\/13775"}],"wp:attachment":[{"href":"https:\/\/hir.mediamarkt.hu\/magazin\/wp-json\/wp\/v2\/media?parent=13761"}],"wp:term":[{"taxonomy":"category","embeddable":true,"href":"https:\/\/hir.mediamarkt.hu\/magazin\/wp-json\/wp\/v2\/categories?post=13761"},{"taxonomy":"post_tag","embeddable":true,"href":"https:\/\/hir.mediamarkt.hu\/magazin\/wp-json\/wp\/v2\/tags?post=13761"}],"curies":[{"name":"wp","href":"https:\/\/api.w.org\/{rel}","templated":true}]}}