{"id":139,"date":"2013-05-02T00:00:00","date_gmt":"2013-05-02T00:00:00","guid":{"rendered":""},"modified":"-0001-11-30T00:00:00","modified_gmt":"-0001-11-29T23:00:00","slug":"hp-envy-x2-windows-8-as-hibrid-ultrabook","status":"publish","type":"post","link":"https:\/\/hir.mediamarkt.hu\/magazin\/hp-envy-x2-windows-8-as-hibrid-ultrabook\/","title":{"rendered":"HP Envy x2: Windows 8-as hibrid Ultrabook"},"content":{"rendered":"<div>  \t  \t<p><b>A HP kompakt hibrid g\u00e9pe massz\u00edv h\u00e1zat kapott, \u00e9s b\u00e1r nem a leger\u0151sebb g\u00e9p, minden olyan feladatra j\u00f3, amire egy \u00e1tlagfelhaszn\u00e1l\u00f3nak sz\u00fcks\u00e9ge lehet.<\/b><\/p>      <p>    K\u00e9pzelj\u00fcnk el egy eg\u00e9szen kicsi, eleg\u00e1nsra \u00e9s k\u00f6nnyen cipelhet\u0151re tervezett laptopot, aminek a kijelz\u0151j\u00e9t egyetlen mozdulattal leemelhetj\u00fck a hely\u00e9r\u0151l, hogy ezut\u00e1n tabletk\u00e9nt haszn\u00e1ljuk. K\u00e9pzelj\u00fcnk hozz\u00e1 egy els\u0151sorban \u00e9rint\u0151k\u00e9perny\u0151s kezel\u00e9sre kigondolt oper\u00e1ci\u00f3s rendszert, jelen esetben a Windows 8-at. Ne k\u00e9pzelj\u00fcnk hozz\u00e1 k\u00fcl\u00f6n\u00f6sebben nagy teljes\u00edtm\u00e9nyt, cser\u00e9be vizion\u00e1ljunk hossz\u00fa akkumul\u00e1torid\u0151t, \u00e9s igen massz\u00edv, vonz\u00f3 k\u00fcls\u0151t. Nos, mostani tesztp\u00e9ld\u00e1nyunk, a HP Envy x2 pontosan ezt ny\u00fajtja.   \t<\/p>  \t<br>   \t<b>K\u00fcls\u0151<\/b>  \t<br>     \t<center><img src='http:\/\/hir.mediamarkt.hu\/magazin\/images\/0412_01.png' border='0' alt='' \/>     \t<\/center>      <p>    A HP hibrid t\u00e1blag\u00e9pe k\u00fcls\u0151re igen gusztusosra sikeredett, ezzel m\u00e1r sokaknak elnyerheti a tetsz\u00e9s\u00e9t: a sz\u00e1lcsiszolt alum\u00edniumb\u00f3l k\u00e9sz\u00edtett h\u00e1zon mind\u00f6ssze k\u00e9t csavart tal\u00e1lunk az \u00edzl\u00e9s szerint billenty\u0171zetnek vagy dokkol\u00f3nak is nevezhet\u0151 dolog alj\u00e1n, ezeken k\u00edv\u00fcl csak a csatlakoz\u00f3k m\u00e9lyed\u00e9sei eml\u00e9keztetnek a k\u00e9sz\u00fcl\u00e9k technikai mivolt\u00e1ra. A formaterv am\u00fagy nem a minimalista vonalat k\u00f6veti, mindenhol \u00edvek, lekerek\u00edtett sarkok \u00e9s \u00e9lek uralkodnak, a billenty\u0171zetet \u00e9s \u00e9rint\u0151panelt egy-egy f\u00e9mv\u00f6lgyben helyezt\u00e9k el, a h\u00e1ts\u00f3 kamera dombot form\u00e1z a tablet \u00e9lek fel\u00e9 keskenyed\u0151 h\u00e1tlapj\u00e1n, \u00e9s a dokk zsan\u00e9rzata is egy f\u00e9lbev\u00e1gott, ferde ellipszis alap\u00fa, a t\u00e9gl\u00e1b\u00f3l kit\u00fcremked\u0151 lez\u00e1r\u00e1st kapott, egysz\u00f3val az erre fog\u00e9konyak tal\u00e1lnak elegend\u0151 n\u00e9znival\u00f3t a g\u00e9p k\u00fclsej\u00e9n. Mire eml\u00e9keztet? Mintha egy el\u00e9gedetlen t\u00e1vol-keleti diz\u00e1jner n\u00e9h\u00e1ny \u00edvvel pr\u00f3b\u00e1lta volna feldobni az Apple Macbook Air minimalista k\u00fclsej\u00e9t. \u00d6sszess\u00e9g\u00e9ben nagyon f\u00e9m, nagyon eleg\u00e1ns, kicsit retro-\u0171rhaj\u00f3s, kicsit tal\u00e1n hideg &#8211; egy biztos, az \u00e1tlagos kifejez\u00e9s nem jutna r\u00f3la esz\u00fcnkbe.  <\/p>   <br>    <iframe loading=\"lazy\" width=\"500\" height=\"281\" src=\"http:\/\/www.youtube.com\/embed\/ga0PVSCNjMk\" frameborder=\"0\" allowfullscreen><\/iframe>   <br>      <p>    A kezel\u0151szervek praktikus elhelyez\u00e9se szokta a legnagyobb kih\u00edv\u00e1st jelenteni az eff\u00e9le transformer-g\u00e9pek tervez\u0151inek, s ezen a t\u00e9ren a HP j\u00f3 munk\u00e1t v\u00e9gzett. A bekapcsol\u00f3gomb \u00e9s a hanger\u0151szab\u00e1lyoz\u00f3 a tablet h\u00e1toldal\u00e1ra ker\u00fclt, ami tabletk\u00e9nt haszn\u00e1lva \u00e9ppen k\u00e9zre esik, \u00e9s laptop-\u00e1llapotban is k\u00f6nnyen megtal\u00e1lhat\u00f3, el\u00e9rhet\u0151, ugyanakkor a v\u00e9letlen megnyom\u00e1st\u00f3l v\u00e9dettek. A csatlakoz\u00f3k a billenty\u0171zet k\u00e9t oldal\u00e1ra ker\u00fcltek, a tableten csak a microSD mem\u00f3riak\u00e1rtya b\u0151v\u00edt\u0151hely\u00e9t tal\u00e1ljuk az als\u00f3 oldalon, ami dokkolt \u00e1llapotban is haszn\u00e1lhat\u00f3. Nem \u00edgy a f\u00fclhallgat\u00f3 (\u00e9s mikrofon) csatlakoztat\u00e1s\u00e1ra szolg\u00e1l\u00f3 jack aljzat, amib\u0151l van egy a tableten, s egy m\u00e1sik a billenty\u0171zeten is, el\u0151bbi dokkol\u00e1s ut\u00e1n takar\u00e1sba ker\u00fcl, \u00edgy \u00e1t kell dugni a f\u00fclest a billenty\u0171zet oldal\u00e1ra. Ezeken k\u00edv\u00fcl tal\u00e1lunk a notebook oldalain m\u00e9g egy sima SD k\u00e1rtya olvas\u00f3t, k\u00e9t USB 2.0 \u00e9s egy HDMI csatlakoz\u00f3t, valamint a t\u00f6lt\u0151 bemenet\u00e9t. Aminek pedig nincs bemenete, \u00e1m a csatlakoz\u00e1st szolg\u00e1lja, az n-es WiFi, a Bluetooth \u00e9s kuri\u00f3zumk\u00e9nt az NFC.  <\/p>     <br>    \t<b>Sz\u00e9tszedhet\u0151!<\/b>      <p>    A k\u00e9t r\u00e9szegys\u00e9g k\u00f6z\u00f6tti kapcsolat old\u00e1sa egy a billenty\u0171zet fels\u0151 k\u00f6zep\u00e9n elhelyezett retesz eltol\u00e1s\u00e1val t\u00f6rt\u00e9nik, ilyenkor a m\u00e1sik k\u00e9znek kell kih\u00fazni a csatlakoz\u00f3kb\u00f3l a tabletet. Nem a legk\u00e9nyelmesebb, viszont nagy el\u0151nye, hogy annak ellen\u00e9re is stabilan tart \u00e9s k\u00f6nnyen ereszt a dokk, hogy szinte l\u00e1thatatlan, a megb\u00edzhat\u00f3 m\u0171k\u00f6d\u00e9shez nem kellett brut\u00e1lis tart\u00f3kat \u00e9s s\u00edneket alkalmazni. A csatlakoz\u00e1st egy m\u00e1gnes is seg\u00edti, \u00edgy nem kell hosszan keresg\u00e9lni a k\u00e9perny\u0151 hely\u00e9t a dokkol\u00f3ban.  <\/p>    \t<br>     \t<center><img src='http:\/\/hir.mediamarkt.hu\/magazin\/images\/0412_02.png' border='0' alt='' \/>     \t<\/center>     \t      <p>    A k\u00e9sz\u00fcl\u00e9k zsan\u00e9rja notebook-\u00fczemm\u00f3dban massz\u00edvan z\u00e1r, a k\u00fcty\u00fct rendesen meg kell fogni ahhoz, hogy sz\u00e9t tudjuk nyitni, ami indokolt is, hiszen arra tervezt\u00e9k, hogy tulajdonosa folyton mag\u00e1val hordozza. A felnyit\u00e1sn\u00e1l eleinte furcsa volt, hogy a dokkol\u00f3 alja is m\u00e9lyen a billenty\u0171zet s\u00edkja al\u00e1 ny\u00edlik, egy kis t\u00e1maszt\u00e9kot k\u00e9pezve a g\u00e9p alatt az asztalon, amelynek a billenty\u0171zete \u00edgy nem teljesen laposan fekszik a s\u00edk fel\u00fcleten.  A haszn\u00e1lat k\u00e9nyelm\u00e9hez tartozik, hogy az Envy egy\u00e1ltal\u00e1n nem melegszik \u00e9s mivel h\u0171t\u0151ventill\u00e1torra \u00edgy nincs sz\u00fcks\u00e9ge, illetve merevlemez helyett is SSD-t haszn\u00e1l h\u00e1tt\u00e9rt\u00e1rk\u00e9nt, mozg\u00f3 alkatr\u00e9sz h\u00edj\u00e1n teljesen n\u00e9m\u00e1n m\u0171k\u00f6dik. Akinek volt m\u00e1r dolga az \u00f6l\u00e9t megs\u00fct\u0151, k\u00f6zben eszeveszett\u00fcl z\u00fag\u00f3-kattog\u00f3 laptoppal, tudja \u00e9rt\u00e9kelni ezeket a tulajdons\u00e1gokat.  <\/p> \t    \t<br>     \t<center><img src='http:\/\/hir.mediamarkt.hu\/magazin\/images\/0412_03.png' border='0' alt='' \/>     \t<\/center>        <p>    Az Envy s\u00falya \u201cnem v\u00e9szes\u201d, a tablet alig n\u00e9h\u00e1ny grammal nehezebb egy iPadn\u00e9l, a billenty\u0171zet m\u00e9g egyszer ennyi s\u00falyt jelent. A kett\u0151 egy\u00fctt 1,4 kg, ezzel 30 dek\u00e1val nehezebb a Macbook Air hasonl\u00f3 m\u00e9ret\u0171 v\u00e1ltozat\u00e1n\u00e1l.  <\/p> \t    \t<b>Bevitel: billenty\u0171zet, touchpad, \u00e9rint\u0151k\u00e9perny\u0151!<\/b>        <p>    A billenty\u0171zet teljes m\u00e9ret\u0171, szigetes kialak\u00edt\u00e1s\u00fa, k\u00e9nyelmesen haszn\u00e1lhat\u00f3 g\u00e9pel\u00e9sre, hab\u00e1r a gombok kiss\u00e9 bizonytalanul mozognak, \u00e9s a hangtalan nyomkod\u00e1sra sincs es\u00e9ly\u00fcnk. Az \u00e1ltalunk kipr\u00f3b\u00e1lt p\u00e9ld\u00e1nyr\u00f3l m\u00e9g hi\u00e1nyoztak a magyar \u00e9kezetes bet\u0171kkel feliratozott gombok, \u00edgy a hazai verzi\u00f3 eloszt\u00e1s\u00e1t nem tudtuk pr\u00f3b\u00e1ra tenni.  <\/p>         <p>    Az \u00e9rint\u0151panel sz\u00e9p, a m\u00e9ret\u00e9vel sincs baj, \u00e1m hozz\u00e1 kell szokni, hogy a tapint\u00e1sa nem sima, hanem a bord\u00e1zott fel\u00fclet miatt igen r\u00e1spolyos. A kellemetlen \u00e9rzetet n\u00e9mileg k\u00e9pes ellens\u00falyozni, hogy k\u00e9pes kezelni a t\u00f6bbujjas gesztusokat, \u00edgy az Apple rajong\u00f3inak m\u00e1r megszokott, k\u00e9t ujjas \u201cnatural scrolling\u201d vagy a csippent\u0151 zoomol\u00e1s is m\u0171k\u00f6dik. A panelnek nincsenek k\u00fcl\u00f6n\u00e1ll\u00f3 gombjai, \u00e9s el\u00e9gg\u00e9 bizonytalan \u00e9rz\u00e9s a kattint\u00e1s is, ez tal\u00e1n az egyetlen elem a sz\u00e1m\u00edt\u00f3g\u00e9pen, ahol a kiv\u00e1l\u00f3 min\u0151s\u00e9g\u00e9rzetet sugall\u00f3 \u00f6sszeszerel\u00e9s megbicsaklik n\u00e9mik\u00e9pp. Az \u00e9rint\u0151kijelz\u0151 azonban minden kritik\u00e1n fel\u00fcl \u00e1ll, nagyon gyorsan \u00e9s \u00e9ppen megfelel\u0151 \u00e9rz\u00e9kenys\u00e9ggel reag\u00e1l az \u00e9rint\u00e9sre.  <\/p>     \t<b>Kijelz\u0151, hang<\/b>        <p>    A 11,6\u201d (k\u00f6zel 30 cm) k\u00e9p\u00e1tl\u00f3j\u00fa kijelz\u0151 nem csak az ujjak \u00e9rint\u00e9s\u00e9t kezeli remek\u00fcl. Felbont\u00e1sa laptopok k\u00f6z\u00f6tt \u00e1tlagos (1366&#215;768 &#8211; kicsit tal\u00e1n idej\u00e9tm\u00falt), \u00e1m az IPS technol\u00f3gia miatt az \u00e9lm\u00e9ny m\u00e9gis kiv\u00e1l\u00f3, nincs mi\u00e9rt panaszkodni r\u00e1. Divatba j\u00f6tt manaps\u00e1g a hatalmas k\u00e9pponts\u0171r\u0171s\u00e9g, \u00e9s leny\u0171g\u00f6z\u0151 is egy megfelel\u0151en nagy felbont\u00e1s\u00fa fot\u00f3t vagy erre kihegyezett j\u00e1t\u00e9kk\u00e9perny\u0151t b\u00e1mulni az eff\u00e9le kijelz\u0151k\u00f6n, de \u00e1tlagos haszn\u00e1lat mellett, p\u00e9ld\u00e1ul a Facebook kisfelbont\u00e1s\u00fa profilk\u00e9peit vagy a YouTube kock\u00e1sra t\u00f6m\u00f6r\u00edtett \u00e1tlagvide\u00f3it n\u00e9zegetve ez az el\u0151ny kor\u00e1ntsem olyan jelent\u0151s, mint azt a marketingesek sugallj\u00e1k.   <\/p>     \t<br>     \t<center><img src='http:\/\/hir.mediamarkt.hu\/magazin\/images\/0412_04.png' border='0' alt='' \/>     \t<\/center>        <p>    Az Envy x2 felbont\u00e1sa (\u00e9s nemk\u00fcl\u00f6nben f\u00e9nyereje, sz\u00ednh\u0171s\u00e9ge) nagyszer\u0171 \u00e9lm\u00e9nyt ad, ak\u00e1r HD felbont\u00e1s\u00fa filmeket n\u00e9z\u00fcnk rajta, ak\u00e1r e-k\u00f6nyvolvas\u00f3k\u00e9nt haszn\u00e1ljuk, ak\u00e1r egy fot\u00f3 r\u00e9szleteit igyeksz\u00fcnk kivenni rajta. Az egyetlen negat\u00edvumban osztozik a mai laptopok \u00e9s tabletek t\u00falnyom\u00f3 t\u00f6bbs\u00e9g\u00e9vel: az \u00fcvegbor\u00edt\u00e1son durv\u00e1n t\u00fckr\u00f6z\u0151dik a k\u00f6rnyezet, ami mesters\u00e9ges f\u00e9nyben m\u00e9g elviselhet\u0151, ny\u00edlt t\u00e9ren azonban szinte haszn\u00e1lhatatlann\u00e1 teszi az Envyt. Ezt csak kism\u00e9rt\u00e9kben k\u00e9pes ellens\u00falyozni a k\u00f6rnyezeti viszonyokhoz alkalmazkod\u00f3 automatikus f\u00e9nyer\u0151szab\u00e1lyoz\u00e1s.  <\/p>         <p>    A laptop hangja &#8211; amit a Beats Audio m\u00e1rkan\u00e9v igyekszik fel\u00e9rt\u00e9kelni &#8211; er\u0151teljes, hab\u00e1r persze bulit szervezni k\u00f6r\u00e9 nyilv\u00e1n nem lehet, egy zsibong\u00f3 k\u00e1v\u00e9z\u00f3ban azonban elegend\u0151 ahhoz, hogy kell\u0151k\u00e9ppen zavarja a k\u00f6rnyez\u0151 asztalokn\u00e1l \u00fcl\u0151ket. A hangz\u00e1s egy\u00e9bk\u00e9nt olyan, mintha valami elektronikus effekt selymes\u00edten\u00e9, amit\u0151l kellemes, \u00e9rdekes, \u00e1m kiss\u00e9 m\u0171vi hat\u00e1s\u00fa.   <\/p>     \t<b>Kamer\u00e1k<\/b>        <p>    Az el\u0151lapi kamera videotelefon\u00e1l\u00e1sra megfelel\u0151, m\u00e1sra \u00fagysem fogjuk haszn\u00e1lni, de az\u00e9rt \u00e1lljon itt az objektivit\u00e1s jegy\u00e9ben, hogy a k\u00edv\u00e1natosn\u00e1l kevesebb f\u00e9nyben (p\u00e9ld\u00e1ul egy bor\u00fas id\u0151ben term\u00e9szetes f\u00e9nnyel \u00e1tlagosan megvil\u00e1g\u00edtott szob\u00e1ban) m\u00e1r igencsak s\u00f6t\u00e9t \u00e9s zajos k\u00e9peket k\u00e9sz\u00edt, azaz ha ezzel szeretn\u00e9nk profilk\u00e9pet csin\u00e1lni, keress\u00fcnk el\u0151tte egy ver\u0151f\u00e9nyben f\u00fcrd\u0151 sarkot.  <\/p>     \t<br>     \t<center><img src='http:\/\/hir.mediamarkt.hu\/magazin\/images\/0412_05.png' border='0' alt='' \/>     \t<\/center>        <p>    A h\u00e1tlapra 8 megapixeles, LED vakuval t\u00e1mogatott f\u00e9nyk\u00e9pez\u0151 ker\u00fclt, amit csal\u00e1di fot\u00f3z\u00e1shoz nem aj\u00e1nlan\u00e1nk, hab\u00e1r egy \u00e1tlagos telefonkamera szintj\u00e9nek megfelel, de \u00e9rdemes elgondolkodni azon, vajon a tabletek tervez\u0151i t\u00e9nyleg a kicsi \u00e9s olcs\u00f3 kompakt f\u00e9nyk\u00e9pez\u0151knek akarnak-e versenyt\u00e1rsat teremteni a hozz\u00e1juk k\u00e9pest hatalmas \u00e9s dr\u00e1ga tabletekkel? Nem, a tablet f\u00e9nyk\u00e9pez\u0151je nem erre val\u00f3, ahogy laptoppal sem megy\u00fcnk a gyerekek tornabemutat\u00f3j\u00e1t meg\u00f6r\u00f6k\u00edteni &#8211; a h\u00e1tlapi kamera sokkal ink\u00e1bb dokument\u00e1l\u00e1sra val\u00f3, p\u00e9ld\u00e1ul egy n\u00e9vjegy vagy sz\u00e1mla bevitel\u00e9re, egy \u00e9p\u00fcl\u0151 h\u00e1z probl\u00e9m\u00e1s r\u00e9szeinek k\u00f6zvetlen\u00fcl a hibalista sz\u00f6veges f\u00e1jlj\u00e1ba val\u00f3 befot\u00f3z\u00e1sra, egy QR k\u00f3d leolvas\u00e1s\u00e1ra szolg\u00e1l. Ennek a c\u00e9lnak az Envy f\u0151 kamer\u00e1ja t\u00f6k\u00e9letesen megfelel.  <\/p>     \t<b>Teljes\u00edtm\u00e9ny, akkumul\u00e1tor<\/b>        <p>    Az Envy x2 remek akkumul\u00e1tort kapott, r\u00e1ad\u00e1sul a billenty\u0171zetben k\u00fcl\u00f6n t\u00e1pforr\u00e1s kapott helyet, \u00edgy notebookk\u00e9nt k\u00f6r\u00fclbel\u00fcl 7 \u00f3ra folyamatos m\u0171k\u00f6d\u00e9sre k\u00e9pes, m\u00edg tabletk\u00e9nt is k\u00e9pes \u00f6t \u00f3r\u00e1n \u00e1t folyamatosan szolg\u00e1latot teljes\u00edteni. Ez azt jelenti, hogy ha nem kell reggelt\u0151l estig bekapcsolt g\u00e9p el\u0151tt \u00fcln\u00fcnk, egy munkanapot vagy egy konferenci\u00e1t k\u00e9nyelmesen kih\u00fazhatunk a konnekorokt\u00f3l t\u00e1vol. A tervez\u0151k r\u00e1ad\u00e1sul azt a tr\u00fckk\u00f6t alkalmazt\u00e1k, hogy a k\u00e9sz\u00fcl\u00e9k mindig a billenty\u0171zetbe rejtett akkut mer\u00edti le el\u0151sz\u00f6r, \u00edgy ha f\u00e9lig m\u00e1r lemer\u00fclt a g\u00e9pe akkumul\u00e1tora, a tablet-r\u00e9szb\u0151l m\u00e9g akkor is ki lehet hozni a teljes \u00fczemid\u0151t.  <\/p>     \t<br>     \t<center><img src='http:\/\/hir.mediamarkt.hu\/magazin\/images\/0412_06.png' border='0' alt='' \/>     \t<\/center>        <p>    Fontos, hogy a g\u00e9pet a haszn\u00e1lhat\u00f3s\u00e1g \u00e9rdek\u00e9ben rendesen ell\u00e1tt\u00e1k portokkal: a be\u00e9p\u00edtett 64 gig\u00e1s t\u00e1rkapacit\u00e1st a billenty\u0171zeten SD, a kijelz\u0151-r\u00e9szen MicroSD k\u00e1rty\u00e1val lehet b\u0151v\u00edteni, \u00e9s az USB-aljzatok mellett az Envynek van HDMI-csatlakoz\u00f3ja is. T\u00f6lt\u0151csatlakoz\u00f3b\u00f3l is kett\u0151 van a g\u00e9pen, \u00edgy k\u00fcl\u00f6n t\u00f6lthet\u0151 a lev\u00e1lasztott kijelz\u0151 is tabletk\u00e9nt.  <\/p>         <p>    V\u00e9g\u00e9re hagytuk azt a ter\u00fcletet, ami legink\u00e1bb meghat\u00e1rozza egy notebook vagy tablet meg\u00edt\u00e9l\u00e9s\u00e9t, eltekintve az oper\u00e1ci\u00f3s rendszert\u0151l, ez pedig a teljes\u00edtm\u00e9ny, magyarul hogy el\u00e9g gyors-e? Akadoznak-e a programok, el\u00e9g gyorsan jelennek-e meg a weboldalak, az intenz\u00edvebb ig\u00e9nybev\u00e9telt is b\u00edrja-e \u00e9s \u00edgy tov\u00e1bb. Ha ebben rosszak a tapasztalataink, hi\u00e1ba a j\u00f3 diz\u00e1jn, a kiemelked\u0151 kijelz\u0151 vagy pihek\u00f6nny\u0171 hardver, nem lesz\u00fcnk bar\u00e1tok.  <\/p>         <p>    A HP Envy x2 k\u00e9s\u00e9len t\u00e1ncol, ha a teljes\u00edt\u00e9m\u00e9nyr\u0151l van sz\u00f3. Az Intel leg\u00fajabb Atom processzor\u00e1ra (Z2760 Clover Trail) \u00e9p\u00fcl\u0151 rendszer kialak\u00edt\u00e1sa sor\u00e1n az els\u0151dleges szempont az alacsony fogyaszt\u00e1s volt, nem pedig a kiemelked\u0151 sz\u00e1m\u00edt\u00e1si teljes\u00edtm\u00e9ny. Ez azt eredm\u00e9nyezte, hogy egy a mindennapi feladatokra alkalmas notebook sz\u00fcletett, ami nagyon hamar el\u00e9ri saj\u00e1t hat\u00e1rait. A Windows 8-nak ugyan megvan az az el\u0151nye, hogy a hagyom\u00e1nyos desktopos appok is futtathat\u00f3k \u00e9s haszn\u00e1lhat\u00f3k a g\u00e9pen, de ezt a modellt nem az er\u0151forr\u00e1s-ig\u00e9nyes szoftverek haszn\u00e1lat\u00e1ra tervezt\u00e9k.   <\/p>     \t<br>     \t<center><img src='http:\/\/hir.mediamarkt.hu\/magazin\/images\/0412_06.png' border='0' alt='' \/>     \t<\/center>        <p>    Ez k\u00f6r\u00fclbel\u00fcl azt jelenti, hogy az \u00e1tlagfelhaszn\u00e1l\u00f3 \u00e1tlagig\u00e9nyeit minden tov\u00e1bbi n\u00e9lk\u00fcl kiel\u00e9g\u00edti a rendszer: a netez\u00e9s g\u00f6rd\u00fcl\u00e9keny, a filmek ak\u00e1r HD felbont\u00e1sban is \u00e9lvezhet\u0151k, nagym\u00e9ret\u0171 PDF dokumentumok olvas\u00e1sa sem okoz gondot, \u00e9s az Excel komolyabb sz\u00e1mol\u00e1si ig\u00e9ny\u0171 t\u00e1bl\u00e1i sem akasztj\u00e1k meg a rendszert. A Farmville vagy Honfoglal\u00f3 (azaz Flash technol\u00f3gi\u00e1t ig\u00e9nyl\u0151 j\u00e1t\u00e9kok) m\u00e9g \u00e9ppen elfogadhat\u00f3 teljes\u00edtm\u00e9nyt ny\u00fajtanak (de m\u00e1r \u00e9rezni, hogy nem k\u00e9nyelmes a rendszer sz\u00e1m\u00e1ra ez a feladat), a nyaral\u00e1s m\u00e9goly nagy felbont\u00e1s\u00fa fot\u00f3it egyszer\u0171bb programokkal lehet retus\u00e1lni, de a Photoshop \u00e9s a hasonl\u00f3 kateg\u00f3ri\u00e1j\u00fa programoknak nagyobb teljes\u00edtm\u00e9nyre van sz\u00fcks\u00e9ge. A modern 3D-s videoj\u00e1t\u00e9kokra pedig gondolnia sem szabad az Envy x2 tulajdonos\u00e1nak.   <\/p>     \t<b>Verdikt<\/b>        <p>    Mit jelent mindez? Nagyon r\u00f6viden \u00f6sszefoglalva: a nagysz\u00fcl\u0151knek, a netez\u00e9sen t\u00fal sokra nem v\u00e1gy\u00f3knak, a mobilit\u00e1st \u00e9s a Microsoft Office-t egyszerre ig\u00e9nyl\u0151knek remek megold\u00e1s ez a notebook. Tabletk\u00e9nt egyed\u00fcl\u00e1ll\u00f3 el\u0151nye, hogy teljes Windows fut rajta, \u00edgy sz\u00e1mos mindennapi feladatra egyed\u00fcl \u0151 alkalmas (legal\u00e1bbis 2013-ban), notebookk\u00e9nt a remek akkumul\u00e1toros \u00fczemidej\u00e9re \u00e9s a kis s\u00faly\u00e1ra, nomeg az \u00e9rint\u0151k\u00e9perny\u0151re lehet b\u00fcszke. A n\u00e9ma \u00e9s h\u0171v\u00f6s m\u0171k\u00f6d\u00e9s, a Windows 8 letisztult vizualit\u00e1sa is mellette sz\u00f3l.   <\/p>         <p>    A HP Envy x2 nincs k\u00f6nny\u0171 helyzetben: a szak\u00fajs\u00e1g\u00edr\u00f3k, \u00e9s a bar\u00e1taiknak g\u00e9pv\u00e1s\u00e1rl\u00e1si tan\u00e1csokkal gyakran szolg\u00e1l\u00f3 informatikusok szem\u00e9ben gyeng\u00e9cske fics\u00farnak t\u0171nik, mik\u00f6zben rengeteg val\u00f3s\u00e1gos ember sz\u00e1m\u00e1ra remek alternat\u00edv\u00e1t jelenthet. Hogy ez legyen az els\u0151 \u00e9s egyetlen sz\u00e1m\u00edt\u00f3g\u00e9p egy csal\u00e1dban, az tal\u00e1n t\u00e9nyleg nem a legjobb megold\u00e1s, \u00e1m m\u00e1sodik eszk\u00f6znek, utaz\u00e1shoz vagy t\u00e1rgyal\u00f3-prezent\u00e1l\u00f3 vezet\u0151i g\u00e9pnek j\u00f3 sz\u00edvvel aj\u00e1nlhat\u00f3.  <\/p>     <p>     Forr\u00e1s: Media Markt Magyarorsz\u00e1g  <\/p>    <!-- FB HSZ -->    \t<div id=\"fb-root\"><\/div>  \t<script>  \t(function(d, s, id) {  \t  var js, fjs = d.getElementsByTagName(s)[0];  \t  if (d.getElementById(id)) return;  \t  js = d.createElement(s); js.id = id;  \t  js.src = \"http:\/\/connect.facebook.net\/hu_HU\/all.js#xfbml=1&appId=282207548525345\";  \t  fjs.parentNode.insertBefore(js, fjs);  \t}(document, 'script', 'facebook-jssdk'));  \t  \t<\/script>  \t  <\/div><div class='fb-comments' data-href='http:\/\/hir.mediamarkt.hu\/magazin\/HP_Envy_x2_Windows_8-as_hibrid_Ultrabook' data-num-posts='10' data-width='515'><\/div>","protected":false},"excerpt":{"rendered":"A HP kompakt hibrid g\u00e9pe massz\u00edv h\u00e1zat kapott, \u00e9s b\u00e1r nem a leger\u0151sebb g\u00e9p, minden olyan feladatra j\u00f3, amire egy \u00e1tlagfelhaszn\u00e1l\u00f3nak sz\u00fcks\u00e9ge lehet. K\u00e9pzelj\u00fcnk el egy eg\u00e9szen kicsi, eleg\u00e1nsra \u00e9s k\u00f6nnyen cipelhet\u0151re tervezett laptopot, aminek a kijelz\u0151j\u00e9t egyetlen mozdulattal leemelhetj\u00fck a hely\u00e9r\u0151l, hogy ezut\u00e1n tabletk\u00e9nt haszn\u00e1ljuk. K\u00e9pzelj\u00fcnk hozz\u00e1 egy els\u0151sorban \u00e9rint\u0151k\u00e9perny\u0151s kezel\u00e9sre kigondolt oper\u00e1ci\u00f3s rendszert, jelen esetben a Windows 8-at. Ne k\u00e9pzelj\u00fcnk hozz\u00e1 k\u00fcl\u00f6n\u00f6sebben nagy teljes\u00edtm\u00e9nyt, cser\u00e9be vizion\u00e1ljunk hossz\u00fa akkumul\u00e1torid\u0151t, \u00e9s igen massz\u00edv, vonz\u00f3 k\u00fcls\u0151t. Nos, mostani tesztp\u00e9ld\u00e1nyunk, a HP Envy x2 pontosan ezt ny\u00fajtja. K\u00fcls\u0151 A HP hibrid t\u00e1blag\u00e9pe k\u00fcls\u0151re igen gusztusosra sikeredett, ezzel m\u00e1r sokaknak elnyerheti a tetsz\u00e9s\u00e9t: a sz\u00e1lcsiszolt alum\u00edniumb\u00f3l k\u00e9sz\u00edtett h\u00e1zon mind\u00f6ssze k\u00e9t csavart tal\u00e1lunk az \u00edzl\u00e9s szerint billenty\u0171zetnek vagy dokkol\u00f3nak is nevezhet\u0151 dolog alj\u00e1n, ezeken &#8230;","protected":false},"author":1,"featured_media":0,"comment_status":"open","ping_status":"open","sticky":false,"template":"","format":"standard","meta":{"wprm-recipe-roundup-name":"","wprm-recipe-roundup-description":"","footnotes":""},"categories":[],"tags":[],"yoast_head":"<!-- This site is optimized with the Yoast SEO plugin v22.9 - https:\/\/yoast.com\/wordpress\/plugins\/seo\/ -->\n<title>HP Envy x2: Windows 8-as hibrid Ultrabook - MediaMarkt Magazin<\/title>\n<meta name=\"robots\" content=\"index, follow, max-snippet:-1, max-image-preview:large, max-video-preview:-1\" \/>\n<link rel=\"canonical\" href=\"https:\/\/hir.mediamarkt.hu\/magazin\/hp-envy-x2-windows-8-as-hibrid-ultrabook\/\" \/>\n<meta property=\"og:locale\" content=\"hu_HU\" \/>\n<meta property=\"og:type\" content=\"article\" \/>\n<meta property=\"og:title\" content=\"HP Envy x2: Windows 8-as hibrid Ultrabook - MediaMarkt Magazin\" \/>\n<meta property=\"og:description\" content=\"A HP kompakt hibrid g\u00e9pe massz\u00edv h\u00e1zat kapott, \u00e9s b\u00e1r nem a leger\u0151sebb g\u00e9p, minden olyan feladatra j\u00f3, amire egy \u00e1tlagfelhaszn\u00e1l\u00f3nak sz\u00fcks\u00e9ge lehet. K\u00e9pzelj\u00fcnk el egy eg\u00e9szen kicsi, eleg\u00e1nsra \u00e9s k\u00f6nnyen cipelhet\u0151re tervezett laptopot, aminek a kijelz\u0151j\u00e9t egyetlen mozdulattal leemelhetj\u00fck a hely\u00e9r\u0151l, hogy ezut\u00e1n tabletk\u00e9nt haszn\u00e1ljuk. K\u00e9pzelj\u00fcnk hozz\u00e1 egy els\u0151sorban \u00e9rint\u0151k\u00e9perny\u0151s kezel\u00e9sre kigondolt oper\u00e1ci\u00f3s rendszert, jelen esetben a Windows 8-at. Ne k\u00e9pzelj\u00fcnk hozz\u00e1 k\u00fcl\u00f6n\u00f6sebben nagy teljes\u00edtm\u00e9nyt, cser\u00e9be vizion\u00e1ljunk hossz\u00fa akkumul\u00e1torid\u0151t, \u00e9s igen massz\u00edv, vonz\u00f3 k\u00fcls\u0151t. Nos, mostani tesztp\u00e9ld\u00e1nyunk, a HP Envy x2 pontosan ezt ny\u00fajtja. K\u00fcls\u0151 A HP hibrid t\u00e1blag\u00e9pe k\u00fcls\u0151re igen gusztusosra sikeredett, ezzel m\u00e1r sokaknak elnyerheti a tetsz\u00e9s\u00e9t: a sz\u00e1lcsiszolt alum\u00edniumb\u00f3l k\u00e9sz\u00edtett h\u00e1zon mind\u00f6ssze k\u00e9t csavart tal\u00e1lunk az \u00edzl\u00e9s szerint billenty\u0171zetnek vagy dokkol\u00f3nak is nevezhet\u0151 dolog alj\u00e1n, ezeken ...\" \/>\n<meta property=\"og:url\" content=\"https:\/\/hir.mediamarkt.hu\/magazin\/hp-envy-x2-windows-8-as-hibrid-ultrabook\/\" \/>\n<meta property=\"og:site_name\" content=\"MediaMarkt Magazin\" \/>\n<meta property=\"article:publisher\" content=\"https:\/\/www.facebook.com\/MediaMarktMagyarorszag\" \/>\n<meta property=\"article:published_time\" content=\"2013-05-02T00:00:00+00:00\" \/>\n<meta property=\"article:modified_time\" content=\"-0001-11-30T00:00:00+00:00\" \/>\n<meta property=\"og:image\" content=\"http:\/\/hir.mediamarkt.hu\/magazin\/images\/0412_01.png\" \/>\n<meta name=\"author\" content=\"intermedius\" \/>\n<meta name=\"twitter:label1\" content=\"Szerz\u0151:\" \/>\n\t<meta name=\"twitter:data1\" content=\"intermedius\" \/>\n\t<meta name=\"twitter:label2\" content=\"Becs\u00fclt olvas\u00e1si id\u0151\" \/>\n\t<meta name=\"twitter:data2\" content=\"12 perc\" \/>\n<script type=\"application\/ld+json\" class=\"yoast-schema-graph\">{\"@context\":\"https:\/\/schema.org\",\"@graph\":[{\"@type\":\"WebPage\",\"@id\":\"https:\/\/hir.mediamarkt.hu\/magazin\/hp-envy-x2-windows-8-as-hibrid-ultrabook\/\",\"url\":\"https:\/\/hir.mediamarkt.hu\/magazin\/hp-envy-x2-windows-8-as-hibrid-ultrabook\/\",\"name\":\"HP Envy x2: Windows 8-as hibrid Ultrabook - MediaMarkt Magazin\",\"isPartOf\":{\"@id\":\"https:\/\/hir.mediamarkt.hu\/magazin\/#website\"},\"primaryImageOfPage\":{\"@id\":\"https:\/\/hir.mediamarkt.hu\/magazin\/hp-envy-x2-windows-8-as-hibrid-ultrabook\/#primaryimage\"},\"image\":{\"@id\":\"https:\/\/hir.mediamarkt.hu\/magazin\/hp-envy-x2-windows-8-as-hibrid-ultrabook\/#primaryimage\"},\"thumbnailUrl\":\"http:\/\/hir.mediamarkt.hu\/magazin\/images\/0412_01.png\",\"datePublished\":\"2013-05-02T00:00:00+00:00\",\"dateModified\":\"-0001-11-30T00:00:00+00:00\",\"author\":{\"@id\":\"https:\/\/hir.mediamarkt.hu\/magazin\/#\/schema\/person\/7f1d99540808335a59d17dcebfa95544\"},\"breadcrumb\":{\"@id\":\"https:\/\/hir.mediamarkt.hu\/magazin\/hp-envy-x2-windows-8-as-hibrid-ultrabook\/#breadcrumb\"},\"inLanguage\":\"hu\",\"potentialAction\":[{\"@type\":\"ReadAction\",\"target\":[\"https:\/\/hir.mediamarkt.hu\/magazin\/hp-envy-x2-windows-8-as-hibrid-ultrabook\/\"]}]},{\"@type\":\"ImageObject\",\"inLanguage\":\"hu\",\"@id\":\"https:\/\/hir.mediamarkt.hu\/magazin\/hp-envy-x2-windows-8-as-hibrid-ultrabook\/#primaryimage\",\"url\":\"http:\/\/hir.mediamarkt.hu\/magazin\/images\/0412_01.png\",\"contentUrl\":\"http:\/\/hir.mediamarkt.hu\/magazin\/images\/0412_01.png\"},{\"@type\":\"BreadcrumbList\",\"@id\":\"https:\/\/hir.mediamarkt.hu\/magazin\/hp-envy-x2-windows-8-as-hibrid-ultrabook\/#breadcrumb\",\"itemListElement\":[{\"@type\":\"ListItem\",\"position\":1,\"name\":\"Kezd\u0151lap\",\"item\":\"https:\/\/hir.mediamarkt.hu\/magazin\/\"},{\"@type\":\"ListItem\",\"position\":2,\"name\":\"HP Envy x2: Windows 8-as hibrid Ultrabook\"}]},{\"@type\":\"WebSite\",\"@id\":\"https:\/\/hir.mediamarkt.hu\/magazin\/#website\",\"url\":\"https:\/\/hir.mediamarkt.hu\/magazin\/\",\"name\":\"MediaMarkt Magazin\",\"description\":\"Olvass bele magazinunkba!\",\"potentialAction\":[{\"@type\":\"SearchAction\",\"target\":{\"@type\":\"EntryPoint\",\"urlTemplate\":\"https:\/\/hir.mediamarkt.hu\/magazin\/?s={search_term_string}\"},\"query-input\":\"required name=search_term_string\"}],\"inLanguage\":\"hu\"},{\"@type\":\"Person\",\"@id\":\"https:\/\/hir.mediamarkt.hu\/magazin\/#\/schema\/person\/7f1d99540808335a59d17dcebfa95544\",\"name\":\"intermedius\",\"image\":{\"@type\":\"ImageObject\",\"inLanguage\":\"hu\",\"@id\":\"https:\/\/hir.mediamarkt.hu\/magazin\/#\/schema\/person\/image\/\",\"url\":\"https:\/\/secure.gravatar.com\/avatar\/bbf88debc0bd7abfc1047f575da076f2?s=96&d=mm&r=g\",\"contentUrl\":\"https:\/\/secure.gravatar.com\/avatar\/bbf88debc0bd7abfc1047f575da076f2?s=96&d=mm&r=g\",\"caption\":\"intermedius\"}}]}<\/script>\n<!-- \/ Yoast SEO plugin. -->","yoast_head_json":{"title":"HP Envy x2: Windows 8-as hibrid Ultrabook - MediaMarkt Magazin","robots":{"index":"index","follow":"follow","max-snippet":"max-snippet:-1","max-image-preview":"max-image-preview:large","max-video-preview":"max-video-preview:-1"},"canonical":"https:\/\/hir.mediamarkt.hu\/magazin\/hp-envy-x2-windows-8-as-hibrid-ultrabook\/","og_locale":"hu_HU","og_type":"article","og_title":"HP Envy x2: Windows 8-as hibrid Ultrabook - MediaMarkt Magazin","og_description":"A HP kompakt hibrid g\u00e9pe massz\u00edv h\u00e1zat kapott, \u00e9s b\u00e1r nem a leger\u0151sebb g\u00e9p, minden olyan feladatra j\u00f3, amire egy \u00e1tlagfelhaszn\u00e1l\u00f3nak sz\u00fcks\u00e9ge lehet. K\u00e9pzelj\u00fcnk el egy eg\u00e9szen kicsi, eleg\u00e1nsra \u00e9s k\u00f6nnyen cipelhet\u0151re tervezett laptopot, aminek a kijelz\u0151j\u00e9t egyetlen mozdulattal leemelhetj\u00fck a hely\u00e9r\u0151l, hogy ezut\u00e1n tabletk\u00e9nt haszn\u00e1ljuk. K\u00e9pzelj\u00fcnk hozz\u00e1 egy els\u0151sorban \u00e9rint\u0151k\u00e9perny\u0151s kezel\u00e9sre kigondolt oper\u00e1ci\u00f3s rendszert, jelen esetben a Windows 8-at. Ne k\u00e9pzelj\u00fcnk hozz\u00e1 k\u00fcl\u00f6n\u00f6sebben nagy teljes\u00edtm\u00e9nyt, cser\u00e9be vizion\u00e1ljunk hossz\u00fa akkumul\u00e1torid\u0151t, \u00e9s igen massz\u00edv, vonz\u00f3 k\u00fcls\u0151t. Nos, mostani tesztp\u00e9ld\u00e1nyunk, a HP Envy x2 pontosan ezt ny\u00fajtja. K\u00fcls\u0151 A HP hibrid t\u00e1blag\u00e9pe k\u00fcls\u0151re igen gusztusosra sikeredett, ezzel m\u00e1r sokaknak elnyerheti a tetsz\u00e9s\u00e9t: a sz\u00e1lcsiszolt alum\u00edniumb\u00f3l k\u00e9sz\u00edtett h\u00e1zon mind\u00f6ssze k\u00e9t csavart tal\u00e1lunk az \u00edzl\u00e9s szerint billenty\u0171zetnek vagy dokkol\u00f3nak is nevezhet\u0151 dolog alj\u00e1n, ezeken ...","og_url":"https:\/\/hir.mediamarkt.hu\/magazin\/hp-envy-x2-windows-8-as-hibrid-ultrabook\/","og_site_name":"MediaMarkt Magazin","article_publisher":"https:\/\/www.facebook.com\/MediaMarktMagyarorszag","article_published_time":"2013-05-02T00:00:00+00:00","article_modified_time":"-0001-11-30T00:00:00+00:00","og_image":[{"url":"http:\/\/hir.mediamarkt.hu\/magazin\/images\/0412_01.png"}],"author":"intermedius","twitter_misc":{"Szerz\u0151:":"intermedius","Becs\u00fclt olvas\u00e1si id\u0151":"12 perc"},"schema":{"@context":"https:\/\/schema.org","@graph":[{"@type":"WebPage","@id":"https:\/\/hir.mediamarkt.hu\/magazin\/hp-envy-x2-windows-8-as-hibrid-ultrabook\/","url":"https:\/\/hir.mediamarkt.hu\/magazin\/hp-envy-x2-windows-8-as-hibrid-ultrabook\/","name":"HP Envy x2: Windows 8-as hibrid Ultrabook - MediaMarkt Magazin","isPartOf":{"@id":"https:\/\/hir.mediamarkt.hu\/magazin\/#website"},"primaryImageOfPage":{"@id":"https:\/\/hir.mediamarkt.hu\/magazin\/hp-envy-x2-windows-8-as-hibrid-ultrabook\/#primaryimage"},"image":{"@id":"https:\/\/hir.mediamarkt.hu\/magazin\/hp-envy-x2-windows-8-as-hibrid-ultrabook\/#primaryimage"},"thumbnailUrl":"http:\/\/hir.mediamarkt.hu\/magazin\/images\/0412_01.png","datePublished":"2013-05-02T00:00:00+00:00","dateModified":"-0001-11-30T00:00:00+00:00","author":{"@id":"https:\/\/hir.mediamarkt.hu\/magazin\/#\/schema\/person\/7f1d99540808335a59d17dcebfa95544"},"breadcrumb":{"@id":"https:\/\/hir.mediamarkt.hu\/magazin\/hp-envy-x2-windows-8-as-hibrid-ultrabook\/#breadcrumb"},"inLanguage":"hu","potentialAction":[{"@type":"ReadAction","target":["https:\/\/hir.mediamarkt.hu\/magazin\/hp-envy-x2-windows-8-as-hibrid-ultrabook\/"]}]},{"@type":"ImageObject","inLanguage":"hu","@id":"https:\/\/hir.mediamarkt.hu\/magazin\/hp-envy-x2-windows-8-as-hibrid-ultrabook\/#primaryimage","url":"http:\/\/hir.mediamarkt.hu\/magazin\/images\/0412_01.png","contentUrl":"http:\/\/hir.mediamarkt.hu\/magazin\/images\/0412_01.png"},{"@type":"BreadcrumbList","@id":"https:\/\/hir.mediamarkt.hu\/magazin\/hp-envy-x2-windows-8-as-hibrid-ultrabook\/#breadcrumb","itemListElement":[{"@type":"ListItem","position":1,"name":"Kezd\u0151lap","item":"https:\/\/hir.mediamarkt.hu\/magazin\/"},{"@type":"ListItem","position":2,"name":"HP Envy x2: Windows 8-as hibrid Ultrabook"}]},{"@type":"WebSite","@id":"https:\/\/hir.mediamarkt.hu\/magazin\/#website","url":"https:\/\/hir.mediamarkt.hu\/magazin\/","name":"MediaMarkt Magazin","description":"Olvass bele magazinunkba!","potentialAction":[{"@type":"SearchAction","target":{"@type":"EntryPoint","urlTemplate":"https:\/\/hir.mediamarkt.hu\/magazin\/?s={search_term_string}"},"query-input":"required name=search_term_string"}],"inLanguage":"hu"},{"@type":"Person","@id":"https:\/\/hir.mediamarkt.hu\/magazin\/#\/schema\/person\/7f1d99540808335a59d17dcebfa95544","name":"intermedius","image":{"@type":"ImageObject","inLanguage":"hu","@id":"https:\/\/hir.mediamarkt.hu\/magazin\/#\/schema\/person\/image\/","url":"https:\/\/secure.gravatar.com\/avatar\/bbf88debc0bd7abfc1047f575da076f2?s=96&d=mm&r=g","contentUrl":"https:\/\/secure.gravatar.com\/avatar\/bbf88debc0bd7abfc1047f575da076f2?s=96&d=mm&r=g","caption":"intermedius"}}]}},"_links":{"self":[{"href":"https:\/\/hir.mediamarkt.hu\/magazin\/wp-json\/wp\/v2\/posts\/139"}],"collection":[{"href":"https:\/\/hir.mediamarkt.hu\/magazin\/wp-json\/wp\/v2\/posts"}],"about":[{"href":"https:\/\/hir.mediamarkt.hu\/magazin\/wp-json\/wp\/v2\/types\/post"}],"author":[{"embeddable":true,"href":"https:\/\/hir.mediamarkt.hu\/magazin\/wp-json\/wp\/v2\/users\/1"}],"replies":[{"embeddable":true,"href":"https:\/\/hir.mediamarkt.hu\/magazin\/wp-json\/wp\/v2\/comments?post=139"}],"version-history":[{"count":0,"href":"https:\/\/hir.mediamarkt.hu\/magazin\/wp-json\/wp\/v2\/posts\/139\/revisions"}],"wp:attachment":[{"href":"https:\/\/hir.mediamarkt.hu\/magazin\/wp-json\/wp\/v2\/media?parent=139"}],"wp:term":[{"taxonomy":"category","embeddable":true,"href":"https:\/\/hir.mediamarkt.hu\/magazin\/wp-json\/wp\/v2\/categories?post=139"},{"taxonomy":"post_tag","embeddable":true,"href":"https:\/\/hir.mediamarkt.hu\/magazin\/wp-json\/wp\/v2\/tags?post=139"}],"curies":[{"name":"wp","href":"https:\/\/api.w.org\/{rel}","templated":true}]}}