{"id":14040,"date":"2022-02-09T11:28:07","date_gmt":"2022-02-09T10:28:07","guid":{"rendered":"https:\/\/hir.mediamarkt.hu\/magazin\/?p=14040"},"modified":"2022-02-24T17:21:01","modified_gmt":"2022-02-24T16:21:01","slug":"huawei-p50-pro-teszt-a-meg-nem-ertett-csucsmodell","status":"publish","type":"post","link":"https:\/\/hir.mediamarkt.hu\/magazin\/huawei-p50-pro-teszt-a-meg-nem-ertett-csucsmodell\/","title":{"rendered":"Huawei P50 Pro teszt &#8211; a meg nem \u00e9rtett cs\u00facsmodell"},"content":{"rendered":"\n<p>A Huawei a P50-es sz\u00e9ri\u00e1val nyitotta meg a 2022-es \u00e9v\u00e9t Magyarorsz\u00e1gon! Febru\u00e1rt\u00f3l \u00e9rhet\u0151 el a <a href=\"https:\/\/www.mediamarkt.hu\/hu\/search.html?query=huawei+p50+pro&amp;searchProfile=onlineshop&amp;channel=mmhuhu&amp;outlet=704\" target=\"_blank\" rel=\"noreferrer noopener\">P50 Pro <\/a>\u00e9s a P50 Pocket, ezekb\u0151l az el\u0151bbit tesztelt\u00fck els\u0151nek.<\/p>\n\n\n\n<p class=\"has-text-align-justify\">Ezt megel\u0151z\u0151en 2020-ben mutatott be haz\u00e1nkban cs\u00facsmodellt a Huawei, el\u0151bb a P40 Pr\u00f3t, majd a Mate40 Pr\u00f3t. 2021-ben csak a Nova 9-cel \u00e9s a Nova 8i-vel b\u0151v\u00fclt a Huawei telefon k\u00edn\u00e1latunk web\u00e1ruh\u00e1zunkban \u00e9s \u00e1ruh\u00e1zainkban. \u00dagy t\u0171nik azonban, hogy 2022-ben ism\u00e9t rendesen r\u00e1kapcsol a k\u00ednai gy\u00e1rt\u00f3, hiszen m\u00e1r itt is van a piacon k\u00e9t fels\u0151kateg\u00f3ri\u00e1s k\u00e9sz\u00fcl\u00e9k, a P50 Pro \u00e9s a P50 Pocket.&nbsp;<\/p>\n\n\n\n<h2 class=\"wp-block-heading\">Nem felejtett el j\u00f3 telefont gy\u00e1rtani a Huawei<\/h2>\n\n\n\n<p class=\"has-text-align-justify\">A <a href=\"https:\/\/www.mediamarkt.hu\/hu\/search.html?query=huawei+p50+pro&amp;searchProfile=onlineshop&amp;channel=mmhuhu&amp;outlet=704\" target=\"_blank\" rel=\"noreferrer noopener\">Huawei P50 Pro modellre <\/a>sokat v\u00e1rtak a rajong\u00f3k, de \u00f6sszess\u00e9g\u00e9ben meg\u00e9rte, le is \u00edrjuk a teszt\u00fcnkben, hogy mi\u00e9rt. A k\u00e9pi vil\u00e1gra kor\u00e1bban sem volt panasz a P-sz\u00e9ria modelljei eset\u00e9n, de ism\u00e9t magasabbra tette a l\u00e9cet a c\u00e9g. Ez a modell is k\u00e9t oldalt lekerek\u00edtett kijelz\u0151t kapott, amely ugyan extra funkci\u00f3val nem b\u00edr, viszont j\u00f3l n\u00e9z ki, k\u00f6nnyebb k\u00e9zbe fogni.<\/p>\n\n\n\n<p class=\"has-text-align-justify\">A kerek\u00edt\u00e9ssel egy\u00fctt a k\u00e9perny\u0151 \u00e1tl\u00f3ja 6,6\u201d-os, ezzel a m\u00e9rettel er\u0151sen k\u00f6z\u00e9pmez\u0151nyben helyezkedik el, igaz\u00e1b\u00f3l nem n\u0151tt meg \u00e9rdemben a kor\u00e1bbi P30 Pro, vagy P40 Pro modellekhez k\u00e9pest. Az OLED kijelz\u0151 \u00fajdons\u00e1gai k\u00f6z\u00e9 tartozik, hogy k\u00e9pes a 120 Hz-es gyors k\u00e9pfriss\u00edt\u00e9sre, illetve az \u00e9rint\u0151panel mintav\u00e9telez\u00e9se is 300 Hz-es n\u0151tt. A felbont\u00e1sa 1228&#215;2700 k\u00e9ppont, emellett k\u00e9pes 1,07 milli\u00e1rd sz\u00ednt megjelen\u00edteni.<\/p>\n\n\n\n<figure class=\"wp-block-image size-large\"><img loading=\"lazy\" decoding=\"async\" width=\"1024\" height=\"768\" src=\"https:\/\/hir.mediamarkt.hu\/magazin\/wp-content\/uploads\/2022\/02\/huawei-p50-pro-mediamarkt-teszt-2-1024x768.jpg\" alt=\"\" class=\"wp-image-14046\" srcset=\"https:\/\/hir.mediamarkt.hu\/magazin\/wp-content\/uploads\/2022\/02\/huawei-p50-pro-mediamarkt-teszt-2-1024x768.jpg 1024w, https:\/\/hir.mediamarkt.hu\/magazin\/wp-content\/uploads\/2022\/02\/huawei-p50-pro-mediamarkt-teszt-2-300x225.jpg 300w, https:\/\/hir.mediamarkt.hu\/magazin\/wp-content\/uploads\/2022\/02\/huawei-p50-pro-mediamarkt-teszt-2-275x206.jpg 275w, https:\/\/hir.mediamarkt.hu\/magazin\/wp-content\/uploads\/2022\/02\/huawei-p50-pro-mediamarkt-teszt-2-768x576.jpg 768w, https:\/\/hir.mediamarkt.hu\/magazin\/wp-content\/uploads\/2022\/02\/huawei-p50-pro-mediamarkt-teszt-2-500x375.jpg 500w, https:\/\/hir.mediamarkt.hu\/magazin\/wp-content\/uploads\/2022\/02\/huawei-p50-pro-mediamarkt-teszt-2.jpg 1200w\" sizes=\"(max-width: 1024px) 100vw, 1024px\" \/><\/figure>\n\n\n\n<p class=\"has-text-align-justify\">Panasz aligha lehet a kijelz\u0151re. A legalacsonyabb f\u00e9nyer\u0151 el\u00e9g minim\u00e1lis ahhoz, hogy \u00e9jszaka a s\u00f6t\u00e9tben ne legyen b\u00e1nt\u00f3 a szemnek, a legmagasabb \u00e9rt\u00e9k pedig j\u00f3 arra, hogy naps\u00fct\u00e9ses id\u0151ben is olvashat\u00f3 maradjon a megjelen\u00edt\u0151. A lekerek\u00edtett sarkok mellett a kijelz\u0151 fent, k\u00f6z\u00e9pen kapott egy, a megjelen\u00edt\u0151be v\u00e1gott kamer\u00e1t.&nbsp;<\/p>\n\n\n\n<p class=\"has-text-align-justify\">Az oldals\u00f3 keretet t\u00fckr\u00f6sre pol\u00edrozott f\u00e9m jellemzi. Oldalt kifejezetten v\u00e9kony az \u00edvel\u00e9sek miatt (nem csak a kijelz\u0151, a h\u00e1tlap is lekereked\u0151 diz\u00e1jnt kapott). A jobb oldalon l\u00e9v\u0151 h\u00e1rom gomb k\u00f6z\u00fcl kett\u0151 a hanger\u0151szab\u00e1lyoz\u00e1shoz kell, az als\u00f3 pedig a bekapcsol\u00f3gomb. Ez ut\u00f3bbi ism\u00e9t megkapta a Huawei-ek egyik jellegzetess\u00e9g\u00e9t, a gomb belsej\u00e9ben egy piros cs\u00edk tal\u00e1lhat\u00f3. Semmi funkci\u00f3ja nincs a piros sz\u00ednnek, szimpl\u00e1n j\u00f3l n\u00e9z ki.<\/p>\n\n\n\n<p class=\"has-text-align-justify\">Az als\u00f3 \u00e9len term\u00e9szetesen m\u00e1r USB-C csatlakoz\u00f3t tal\u00e1lhatunk, illetve itt van a SIM t\u00e1lca is, amelybe k\u00e9t Nano SIM k\u00e1rty\u00e1t helyezhet\u00fcnk (vagy egy Nano SIM \u00e9s egy NM Card mem\u00f3riak\u00e1rty\u00e1t). Ezen k\u00edv\u00fcl mikrofont \u00e9s hangsz\u00f3r\u00f3t tartalmaz itt a <a href=\"https:\/\/www.mediamarkt.hu\/hu\/product\/_huawei-p50-pro-8-256-gb-dualsim-arany-k%C3%A1rtyaf%C3%BCggetlen-okostelefon-1376585.html\" target=\"_blank\" rel=\"noreferrer noopener\">P50 Pro<\/a>.<\/p>\n\n\n\n<figure class=\"wp-block-image size-large\"><img loading=\"lazy\" decoding=\"async\" width=\"1024\" height=\"768\" src=\"https:\/\/hir.mediamarkt.hu\/magazin\/wp-content\/uploads\/2022\/02\/huawei-p50-pro-mediamarkt-teszt-7-1024x768.jpg\" alt=\"\" class=\"wp-image-14047\" srcset=\"https:\/\/hir.mediamarkt.hu\/magazin\/wp-content\/uploads\/2022\/02\/huawei-p50-pro-mediamarkt-teszt-7-1024x768.jpg 1024w, https:\/\/hir.mediamarkt.hu\/magazin\/wp-content\/uploads\/2022\/02\/huawei-p50-pro-mediamarkt-teszt-7-300x225.jpg 300w, https:\/\/hir.mediamarkt.hu\/magazin\/wp-content\/uploads\/2022\/02\/huawei-p50-pro-mediamarkt-teszt-7-275x206.jpg 275w, https:\/\/hir.mediamarkt.hu\/magazin\/wp-content\/uploads\/2022\/02\/huawei-p50-pro-mediamarkt-teszt-7-768x576.jpg 768w, https:\/\/hir.mediamarkt.hu\/magazin\/wp-content\/uploads\/2022\/02\/huawei-p50-pro-mediamarkt-teszt-7-500x375.jpg 500w, https:\/\/hir.mediamarkt.hu\/magazin\/wp-content\/uploads\/2022\/02\/huawei-p50-pro-mediamarkt-teszt-7.jpg 1200w\" sizes=\"(max-width: 1024px) 100vw, 1024px\" \/><\/figure>\n\n\n\n<p class=\"has-text-align-justify\">A fels\u0151 \u00e9lre is ker\u00fclt t\u00f6bb \u00e9rdekess\u00e9g. Egyr\u00e9szt tov\u00e1bbi k\u00e9t mikrofon van itt, ami seg\u00edt a m\u00e9g jobb zajsz\u0171r\u00e9sben telefon\u00e1l\u00e1s \u00e9s vide\u00f3felv\u00e9tel k\u00f6zben is. Ezen k\u00edv\u00fcl van k\u00e9t hangsz\u00f3r\u00f3, az egyik az \u00e9l k\u00f6zep\u00e9re helyezve, a m\u00e1sik teljesen a sz\u00e9l\u00e9re, a kijelz\u0151 fel\u0151l. Ut\u00f3bbi a klasszikus telefonh\u00edv\u00e1shoz haszn\u00e1lt hangsz\u00f3r\u00f3. A k\u00f6z\u00e9pre ker\u00fcl\u0151 hangsz\u00f3r\u00f3 a lenti p\u00e1rja, \u00edgy k\u00e9pes sztere\u00f3ban zen\u00e9lni a Huawei \u00fajdons\u00e1ga. Kapunk ezen k\u00edv\u00fcl egy infra portot is, ami nem a 2000-es \u00e9vek adat\u00e1tviteli megold\u00e1s\u00e1ra szolg\u00e1l, hanem t\u00e1vir\u00e1ny\u00edt\u00f3k\u00e9nt haszn\u00e1lhatjuk p\u00e9ld\u00e1ul t\u00e9v\u00e9hez, l\u00e9gkondicion\u00e1l\u00f3hoz \u00e9s egy\u00e9b eszk\u00f6z\u00f6kh\u00f6z.<\/p>\n\n\n\n<figure class=\"wp-block-image size-large\"><img loading=\"lazy\" decoding=\"async\" width=\"1024\" height=\"768\" src=\"https:\/\/hir.mediamarkt.hu\/magazin\/wp-content\/uploads\/2022\/02\/huawei-p50-pro-mediamarkt-teszt-8-1024x768.jpg\" alt=\"\" class=\"wp-image-14048\" srcset=\"https:\/\/hir.mediamarkt.hu\/magazin\/wp-content\/uploads\/2022\/02\/huawei-p50-pro-mediamarkt-teszt-8-1024x768.jpg 1024w, https:\/\/hir.mediamarkt.hu\/magazin\/wp-content\/uploads\/2022\/02\/huawei-p50-pro-mediamarkt-teszt-8-300x225.jpg 300w, https:\/\/hir.mediamarkt.hu\/magazin\/wp-content\/uploads\/2022\/02\/huawei-p50-pro-mediamarkt-teszt-8-275x206.jpg 275w, https:\/\/hir.mediamarkt.hu\/magazin\/wp-content\/uploads\/2022\/02\/huawei-p50-pro-mediamarkt-teszt-8-768x576.jpg 768w, https:\/\/hir.mediamarkt.hu\/magazin\/wp-content\/uploads\/2022\/02\/huawei-p50-pro-mediamarkt-teszt-8-500x375.jpg 500w, https:\/\/hir.mediamarkt.hu\/magazin\/wp-content\/uploads\/2022\/02\/huawei-p50-pro-mediamarkt-teszt-8.jpg 1200w\" sizes=\"(max-width: 1024px) 100vw, 1024px\" \/><\/figure>\n\n\n\n<p class=\"has-text-align-justify\">A h\u00e1tlap ism\u00e9t \u00fcveg, ez\u00fattal fekete, vagy arany sz\u00ednben, visszat\u00fckr\u00f6z\u0151d\u0151 fel\u00fclettel. ennek k\u00e9t oldala lehajlik az oldals\u00f3 \u00e9lre, hasonl\u00f3an mint a kijelz\u0151. A kamera sziget diz\u00e1jnja megoszt\u00f3 lehet, a Huawei kett\u0151s gy\u0171r\u0171s elnevez\u00e9snek h\u00edvja azt. Az egyre nagyobb kamera szigeteket egy\u00e9bk\u00e9nt az okozza, hogy a nagyobb \u00e9s jobb kamera rendszerek fizikailag is t\u00f6bb helyet ig\u00e9nyelnek a h\u00e1tlap alatt, \u00edgy n\u0151 vele egy\u00fctt ez a sziget is.<\/p>\n\n\n\n<figure class=\"wp-block-image size-large\"><img loading=\"lazy\" decoding=\"async\" width=\"1024\" height=\"768\" src=\"https:\/\/hir.mediamarkt.hu\/magazin\/wp-content\/uploads\/2022\/02\/huawei-p50-pro-mediamarkt-teszt-5-1024x768.jpg\" alt=\"\" class=\"wp-image-14049\" srcset=\"https:\/\/hir.mediamarkt.hu\/magazin\/wp-content\/uploads\/2022\/02\/huawei-p50-pro-mediamarkt-teszt-5-1024x768.jpg 1024w, https:\/\/hir.mediamarkt.hu\/magazin\/wp-content\/uploads\/2022\/02\/huawei-p50-pro-mediamarkt-teszt-5-300x225.jpg 300w, https:\/\/hir.mediamarkt.hu\/magazin\/wp-content\/uploads\/2022\/02\/huawei-p50-pro-mediamarkt-teszt-5-275x206.jpg 275w, https:\/\/hir.mediamarkt.hu\/magazin\/wp-content\/uploads\/2022\/02\/huawei-p50-pro-mediamarkt-teszt-5-768x576.jpg 768w, https:\/\/hir.mediamarkt.hu\/magazin\/wp-content\/uploads\/2022\/02\/huawei-p50-pro-mediamarkt-teszt-5-500x375.jpg 500w, https:\/\/hir.mediamarkt.hu\/magazin\/wp-content\/uploads\/2022\/02\/huawei-p50-pro-mediamarkt-teszt-5.jpg 1200w\" sizes=\"(max-width: 1024px) 100vw, 1024px\" \/><\/figure>\n\n\n\n<p class=\"has-text-align-justify\">A 4360 mAh-s akkumul\u00e1tor kapacit\u00e1s egy \u00e1tlagos \u00e9rt\u00e9knek sz\u00e1m\u00edt a kateg\u00f3ri\u00e1ban. Ami viszont j\u00f3, hogy ezt felt\u00f6lteni ak\u00e1r 66 Wattos teljes\u00edtm\u00e9nnyel is lehet a Huawei SuperCharge seg\u00edts\u00e9g\u00e9vel, ehhez pedig a sz\u00fcks\u00e9ges t\u00f6lt\u0151 is ott van a dobozban. T\u00e1mogatja a vezet\u00e9k n\u00e9lk\u00fcli t\u00f6lt\u00e9st is, ennek legnagyobb teljes\u00edtm\u00e9nye 50 Watt lehet, gyorsabb mint sok telefon vezet\u00e9kes t\u00f6lt\u00e9si lehet\u0151s\u00e9ge. Egy sz\u00e9ps\u00e9ghib\u00e1ja, hogy az ehhez sz\u00fcks\u00e9ges Huawei Wireless SuperCharge (max. 50 W) t\u00f6lt\u0151 nem ker\u00fclt egyel\u0151re forgalomba Magyarorsz\u00e1gon, csak lassabb 15 W \u00e9s 27 W teljes\u00edtm\u00e9ny\u0171 gy\u00e1ri vezet\u00e9k n\u00e9lk\u00fcli t\u00f6lt\u0151k kaphat\u00f3ak jelenleg Magyarorsz\u00e1gon.<\/p>\n\n\n\n<h2 class=\"wp-block-heading\">Nincs 5G, nincs eSIM, nincs Kirin. M\u00e9gis gyors \u00e9s kiv\u00e1l\u00f3an teljes\u00edt<\/h2>\n\n\n\n<p class=\"has-text-align-justify\">A <a href=\"https:\/\/www.mediamarkt.hu\/hu\/product\/_huawei-p50-pro-8-256-gb-dualsim-arany-k%C3%A1rtyaf%C3%BCggetlen-okostelefon-1376585.html\" target=\"_blank\" rel=\"noreferrer noopener\">Huawei P50 Pro <\/a>nem t\u00e1mogatja az 5G-t, ez els\u0151nek sarkalatos pontnak hathat. Azonban k\u00e9t ok miatt m\u00e9gsem jelent akkora probl\u00e9m\u00e1t. Egyr\u00e9szt az 5G h\u00e1l\u00f3zatok lefedetts\u00e9ge nagyon alacsony Magyarorsz\u00e1gon m\u00e9g, val\u00f3sz\u00edn\u0171leg a k\u00f6zelj\u00f6v\u0151ben sem lesz sokkal nagyobb v\u00e1ltoz\u00e1s. Ami fontosabb, hogy alapvet\u0151en a 4G h\u00e1l\u00f3zatok sebess\u00e9ge orsz\u00e1gszerte ak\u00e1r 100 Mbps-os sebess\u00e9g felett is lehet, amely b\u0151ven elegend\u0151 ak\u00e1r vide\u00f3k streamingel\u00e9s\u00e9re, vagy b\u00e1rmilyen \u00e1ltal\u00e1nos felhaszn\u00e1l\u00e1sra.<\/p>\n\n\n\n<figure class=\"wp-block-image size-large\"><img loading=\"lazy\" decoding=\"async\" width=\"1024\" height=\"768\" src=\"https:\/\/hir.mediamarkt.hu\/magazin\/wp-content\/uploads\/2022\/02\/huawei-p50-pro-mediamarkt-teszt-9-1024x768.jpg\" alt=\"\" class=\"wp-image-14050\" srcset=\"https:\/\/hir.mediamarkt.hu\/magazin\/wp-content\/uploads\/2022\/02\/huawei-p50-pro-mediamarkt-teszt-9-1024x768.jpg 1024w, https:\/\/hir.mediamarkt.hu\/magazin\/wp-content\/uploads\/2022\/02\/huawei-p50-pro-mediamarkt-teszt-9-300x225.jpg 300w, https:\/\/hir.mediamarkt.hu\/magazin\/wp-content\/uploads\/2022\/02\/huawei-p50-pro-mediamarkt-teszt-9-275x206.jpg 275w, https:\/\/hir.mediamarkt.hu\/magazin\/wp-content\/uploads\/2022\/02\/huawei-p50-pro-mediamarkt-teszt-9-768x576.jpg 768w, https:\/\/hir.mediamarkt.hu\/magazin\/wp-content\/uploads\/2022\/02\/huawei-p50-pro-mediamarkt-teszt-9-500x375.jpg 500w, https:\/\/hir.mediamarkt.hu\/magazin\/wp-content\/uploads\/2022\/02\/huawei-p50-pro-mediamarkt-teszt-9.jpg 1200w\" sizes=\"(max-width: 1024px) 100vw, 1024px\" \/><\/figure>\n\n\n\n<p class=\"has-text-align-justify\">A telefon belsej\u00e9ben a Qualcomm 2021-es fels\u0151kateg\u00f3ri\u00e1s chipje, a Snapdragon 888 4G biztos\u00edtja a teljes\u00edtm\u00e9nyt, amely nagyon j\u00f3l szerepel, hiszen a P50 Pro rendk\u00edv\u00fcl gyorsan, akad\u00e1smentesen m\u0171k\u00f6dik. Az AppGallery-b\u0151l let\u00f6lthet\u0151 ak\u00e1r aut\u00f3s, ak\u00e1r FPS j\u00e1t\u00e9kok egyar\u00e1nt kiv\u00e1l\u00f3 min\u0151s\u00e9gben, sz\u00e9p r\u00e9szletess\u00e9g mellett m\u0171k\u00f6dnek. A telefon meleged\u00e9se j\u00e1t\u00e9k sor\u00e1n sem zavar\u00f3.<\/p>\n\n\n\n<p class=\"has-text-align-justify\">A j\u00e1t\u00e9kokhoz \u00e9s a streaminghez j\u00f3l j\u00f6n, hogy sztere\u00f3 hangz\u00e1sra k\u00e9pes, <strong>mind a k\u00e9t oldalr\u00f3l j\u00f6n majd hang<\/strong>, ami az el\u0151d\u00f6k eset\u00e9ben hi\u00e1nyzott. Ehhez egy\u00e9bk\u00e9nt j\u00f3k a betekint\u00e9si sz\u00f6gek, \u00edgy ha t\u00f6bb ember k\u00f6rbe\u00fcli a 6,6\u201d-os kijelz\u0151t, akkor is j\u00f3l l\u00e1tj\u00e1k majd a tartalmat.<\/p>\n\n\n\n<figure class=\"wp-block-image size-large\"><img loading=\"lazy\" decoding=\"async\" width=\"1024\" height=\"768\" src=\"https:\/\/hir.mediamarkt.hu\/magazin\/wp-content\/uploads\/2022\/02\/huawei-p50-pro-mediamarkt-teszt-10-1024x768.jpg\" alt=\"\" class=\"wp-image-14051\" srcset=\"https:\/\/hir.mediamarkt.hu\/magazin\/wp-content\/uploads\/2022\/02\/huawei-p50-pro-mediamarkt-teszt-10-1024x768.jpg 1024w, https:\/\/hir.mediamarkt.hu\/magazin\/wp-content\/uploads\/2022\/02\/huawei-p50-pro-mediamarkt-teszt-10-300x225.jpg 300w, https:\/\/hir.mediamarkt.hu\/magazin\/wp-content\/uploads\/2022\/02\/huawei-p50-pro-mediamarkt-teszt-10-275x206.jpg 275w, https:\/\/hir.mediamarkt.hu\/magazin\/wp-content\/uploads\/2022\/02\/huawei-p50-pro-mediamarkt-teszt-10-768x576.jpg 768w, https:\/\/hir.mediamarkt.hu\/magazin\/wp-content\/uploads\/2022\/02\/huawei-p50-pro-mediamarkt-teszt-10-500x375.jpg 500w, https:\/\/hir.mediamarkt.hu\/magazin\/wp-content\/uploads\/2022\/02\/huawei-p50-pro-mediamarkt-teszt-10.jpg 1200w\" sizes=\"(max-width: 1024px) 100vw, 1024px\" \/><\/figure>\n\n\n\n<p class=\"has-text-align-justify\">A P50 Pro 8 GB RAM-ot kapott, illetve 256 GB h\u00e1tt\u00e9rt\u00e1rat. Ez ut\u00f3bbi ak\u00e1r b\u0151v\u00edthet\u0151 is volna a Huawei NM k\u00e1rty\u00e1val (microSD nem t\u00e1mogatott). Emellett a Huawei Cloud is lehet\u0151s\u00e9get ny\u00fajt a felh\u0151 alap\u00fa t\u00e1rhelyb\u0151v\u00edt\u00e9sre, 5 GB ingyenesen el\u00e9rhet\u0151, nagyobb kapacit\u00e1s ebb\u0151l el\u0151fizet\u00e9ses rendszerben \u00e9rhet\u0151 el.<\/p>\n\n\n\n<h2 class=\"wp-block-heading\">J\u00f3 k\u00e9pet v\u00e1g hozz\u00e1<\/h2>\n\n\n\n<p class=\"has-text-align-justify\">A Huawei m\u00e9g mindig a piac egyik legjobb okostelefonok kamera teljes\u00edtm\u00e9ny\u00e9t tudja ny\u00fajtani. A n\u00e9gykamer\u00e1s kialak\u00edt\u00e1sb\u00f3l nem maradt ki a nagyszer\u0171 ultrasz\u00e9les l\u00e1t\u00f3sz\u00f6g\u0171 kamera \u00e9s a 3,5x-\u00f6s periszk\u00f3pikus optikai zoom is, amivel vesztes\u00e9g n\u00e9lk\u00fcl lehet t\u00e1volabbi dolgokat fot\u00f3zni, digit\u00e1lis nagy\u00edt\u00e1s n\u00e9lk\u00fcl.<\/p>\n\n\n\n<figure class=\"wp-block-image size-large\"><img loading=\"lazy\" decoding=\"async\" width=\"1024\" height=\"768\" src=\"https:\/\/hir.mediamarkt.hu\/magazin\/wp-content\/uploads\/2022\/02\/huawei-p50-pro-mediamarkt-teszt-6-1024x768.jpg\" alt=\"\" class=\"wp-image-14052\" srcset=\"https:\/\/hir.mediamarkt.hu\/magazin\/wp-content\/uploads\/2022\/02\/huawei-p50-pro-mediamarkt-teszt-6-1024x768.jpg 1024w, https:\/\/hir.mediamarkt.hu\/magazin\/wp-content\/uploads\/2022\/02\/huawei-p50-pro-mediamarkt-teszt-6-300x225.jpg 300w, https:\/\/hir.mediamarkt.hu\/magazin\/wp-content\/uploads\/2022\/02\/huawei-p50-pro-mediamarkt-teszt-6-275x206.jpg 275w, https:\/\/hir.mediamarkt.hu\/magazin\/wp-content\/uploads\/2022\/02\/huawei-p50-pro-mediamarkt-teszt-6-768x576.jpg 768w, https:\/\/hir.mediamarkt.hu\/magazin\/wp-content\/uploads\/2022\/02\/huawei-p50-pro-mediamarkt-teszt-6-500x375.jpg 500w, https:\/\/hir.mediamarkt.hu\/magazin\/wp-content\/uploads\/2022\/02\/huawei-p50-pro-mediamarkt-teszt-6.jpg 1200w\" sizes=\"(max-width: 1024px) 100vw, 1024px\" \/><\/figure>\n\n\n\n<p class=\"has-text-align-justify\">Az 50 megapixeles f\u0151szenzor nagyon r\u00e9szletes fot\u00f3kat csin\u00e1l, ak\u00e1r kev\u00e9s f\u00e9ny mellett is tud j\u00f3 k\u00e9peket l\u0151ni. \u00c9jszakai m\u00f3dban \u00e1llv\u00e1ny n\u00e9lk\u00fcl, k\u00e9zb\u0151l is tud t\u00f6bb m\u00e1sodperces expoz\u00edci\u00f3val k\u00e9sz\u00edteni k\u00e9pet, amelyek nem mozdulnak be.<\/p>\n\n\n\n<figure class=\"wp-block-gallery columns-3 is-cropped wp-block-gallery-2 is-layout-flex wp-block-gallery-is-layout-flex\"><ul class=\"blocks-gallery-grid\"><li class=\"blocks-gallery-item\"><figure><img loading=\"lazy\" decoding=\"async\" width=\"1024\" height=\"768\" src=\"https:\/\/hir.mediamarkt.hu\/magazin\/wp-content\/uploads\/2022\/02\/IMG_20220209_101228-1024x768.jpg\" alt=\"\" data-id=\"14068\" data-full-url=\"https:\/\/hir.mediamarkt.hu\/magazin\/wp-content\/uploads\/2022\/02\/IMG_20220209_101228-scaled.jpg\" data-link=\"https:\/\/hir.mediamarkt.hu\/magazin\/?attachment_id=14068\" class=\"wp-image-14068\" srcset=\"https:\/\/hir.mediamarkt.hu\/magazin\/wp-content\/uploads\/2022\/02\/IMG_20220209_101228-1024x768.jpg 1024w, https:\/\/hir.mediamarkt.hu\/magazin\/wp-content\/uploads\/2022\/02\/IMG_20220209_101228-300x225.jpg 300w, https:\/\/hir.mediamarkt.hu\/magazin\/wp-content\/uploads\/2022\/02\/IMG_20220209_101228-275x206.jpg 275w, https:\/\/hir.mediamarkt.hu\/magazin\/wp-content\/uploads\/2022\/02\/IMG_20220209_101228-768x576.jpg 768w, https:\/\/hir.mediamarkt.hu\/magazin\/wp-content\/uploads\/2022\/02\/IMG_20220209_101228-1536x1152.jpg 1536w, https:\/\/hir.mediamarkt.hu\/magazin\/wp-content\/uploads\/2022\/02\/IMG_20220209_101228-2048x1536.jpg 2048w, https:\/\/hir.mediamarkt.hu\/magazin\/wp-content\/uploads\/2022\/02\/IMG_20220209_101228-500x375.jpg 500w, https:\/\/hir.mediamarkt.hu\/magazin\/wp-content\/uploads\/2022\/02\/IMG_20220209_101228-scaled.jpg 1440w\" sizes=\"(max-width: 1024px) 100vw, 1024px\" \/><\/figure><\/li><li class=\"blocks-gallery-item\"><figure><img loading=\"lazy\" decoding=\"async\" width=\"1024\" height=\"768\" src=\"https:\/\/hir.mediamarkt.hu\/magazin\/wp-content\/uploads\/2022\/02\/IMG_20220209_101341-1024x768.jpg\" alt=\"\" data-id=\"14069\" data-full-url=\"https:\/\/hir.mediamarkt.hu\/magazin\/wp-content\/uploads\/2022\/02\/IMG_20220209_101341-scaled.jpg\" data-link=\"https:\/\/hir.mediamarkt.hu\/magazin\/?attachment_id=14069\" class=\"wp-image-14069\" srcset=\"https:\/\/hir.mediamarkt.hu\/magazin\/wp-content\/uploads\/2022\/02\/IMG_20220209_101341-1024x768.jpg 1024w, https:\/\/hir.mediamarkt.hu\/magazin\/wp-content\/uploads\/2022\/02\/IMG_20220209_101341-300x225.jpg 300w, https:\/\/hir.mediamarkt.hu\/magazin\/wp-content\/uploads\/2022\/02\/IMG_20220209_101341-275x206.jpg 275w, https:\/\/hir.mediamarkt.hu\/magazin\/wp-content\/uploads\/2022\/02\/IMG_20220209_101341-768x576.jpg 768w, https:\/\/hir.mediamarkt.hu\/magazin\/wp-content\/uploads\/2022\/02\/IMG_20220209_101341-1536x1152.jpg 1536w, https:\/\/hir.mediamarkt.hu\/magazin\/wp-content\/uploads\/2022\/02\/IMG_20220209_101341-2048x1536.jpg 2048w, https:\/\/hir.mediamarkt.hu\/magazin\/wp-content\/uploads\/2022\/02\/IMG_20220209_101341-500x375.jpg 500w, https:\/\/hir.mediamarkt.hu\/magazin\/wp-content\/uploads\/2022\/02\/IMG_20220209_101341-scaled.jpg 1440w\" sizes=\"(max-width: 1024px) 100vw, 1024px\" \/><\/figure><\/li><li class=\"blocks-gallery-item\"><figure><img loading=\"lazy\" decoding=\"async\" width=\"1024\" height=\"768\" src=\"https:\/\/hir.mediamarkt.hu\/magazin\/wp-content\/uploads\/2022\/02\/IMG_20220209_101355-1024x768.jpg\" alt=\"\" data-id=\"14070\" data-full-url=\"https:\/\/hir.mediamarkt.hu\/magazin\/wp-content\/uploads\/2022\/02\/IMG_20220209_101355-scaled.jpg\" data-link=\"https:\/\/hir.mediamarkt.hu\/magazin\/?attachment_id=14070\" class=\"wp-image-14070\" srcset=\"https:\/\/hir.mediamarkt.hu\/magazin\/wp-content\/uploads\/2022\/02\/IMG_20220209_101355-1024x768.jpg 1024w, https:\/\/hir.mediamarkt.hu\/magazin\/wp-content\/uploads\/2022\/02\/IMG_20220209_101355-300x225.jpg 300w, https:\/\/hir.mediamarkt.hu\/magazin\/wp-content\/uploads\/2022\/02\/IMG_20220209_101355-275x206.jpg 275w, https:\/\/hir.mediamarkt.hu\/magazin\/wp-content\/uploads\/2022\/02\/IMG_20220209_101355-768x576.jpg 768w, https:\/\/hir.mediamarkt.hu\/magazin\/wp-content\/uploads\/2022\/02\/IMG_20220209_101355-1536x1152.jpg 1536w, https:\/\/hir.mediamarkt.hu\/magazin\/wp-content\/uploads\/2022\/02\/IMG_20220209_101355-2048x1536.jpg 2048w, https:\/\/hir.mediamarkt.hu\/magazin\/wp-content\/uploads\/2022\/02\/IMG_20220209_101355-500x375.jpg 500w, https:\/\/hir.mediamarkt.hu\/magazin\/wp-content\/uploads\/2022\/02\/IMG_20220209_101355-scaled.jpg 1440w\" sizes=\"(max-width: 1024px) 100vw, 1024px\" \/><\/figure><\/li><li class=\"blocks-gallery-item\"><figure><img loading=\"lazy\" decoding=\"async\" width=\"1024\" height=\"768\" src=\"https:\/\/hir.mediamarkt.hu\/magazin\/wp-content\/uploads\/2022\/02\/IMG_20220209_101503-1024x768.jpg\" alt=\"\" data-id=\"14071\" data-full-url=\"https:\/\/hir.mediamarkt.hu\/magazin\/wp-content\/uploads\/2022\/02\/IMG_20220209_101503-scaled.jpg\" data-link=\"https:\/\/hir.mediamarkt.hu\/magazin\/?attachment_id=14071\" class=\"wp-image-14071\" srcset=\"https:\/\/hir.mediamarkt.hu\/magazin\/wp-content\/uploads\/2022\/02\/IMG_20220209_101503-1024x768.jpg 1024w, https:\/\/hir.mediamarkt.hu\/magazin\/wp-content\/uploads\/2022\/02\/IMG_20220209_101503-300x225.jpg 300w, https:\/\/hir.mediamarkt.hu\/magazin\/wp-content\/uploads\/2022\/02\/IMG_20220209_101503-275x206.jpg 275w, https:\/\/hir.mediamarkt.hu\/magazin\/wp-content\/uploads\/2022\/02\/IMG_20220209_101503-768x576.jpg 768w, https:\/\/hir.mediamarkt.hu\/magazin\/wp-content\/uploads\/2022\/02\/IMG_20220209_101503-1536x1152.jpg 1536w, https:\/\/hir.mediamarkt.hu\/magazin\/wp-content\/uploads\/2022\/02\/IMG_20220209_101503-2048x1536.jpg 2048w, https:\/\/hir.mediamarkt.hu\/magazin\/wp-content\/uploads\/2022\/02\/IMG_20220209_101503-500x375.jpg 500w, https:\/\/hir.mediamarkt.hu\/magazin\/wp-content\/uploads\/2022\/02\/IMG_20220209_101503-scaled.jpg 1440w\" sizes=\"(max-width: 1024px) 100vw, 1024px\" \/><\/figure><\/li><\/ul><\/figure>\n\n\n\n<p class=\"has-text-align-justify\">Az ultrasz\u00e9les l\u00e1t\u00f3sz\u00f6g eset\u00e9n az oldals\u00f3 r\u00e9szletek minim\u00e1lis a torzul\u00e1s &#8211; ez szokott probl\u00e9ma lenni egyes megold\u00e1sokn\u00e1l.<\/p>\n\n\n\n<figure class=\"wp-block-gallery columns-2 is-cropped wp-block-gallery-3 is-layout-flex wp-block-gallery-is-layout-flex\"><ul class=\"blocks-gallery-grid\"><li class=\"blocks-gallery-item\"><figure><img loading=\"lazy\" decoding=\"async\" width=\"1024\" height=\"768\" src=\"https:\/\/hir.mediamarkt.hu\/magazin\/wp-content\/uploads\/2022\/02\/IMG_20220208_154227-1024x768.jpg\" alt=\"\" data-id=\"14083\" data-full-url=\"https:\/\/hir.mediamarkt.hu\/magazin\/wp-content\/uploads\/2022\/02\/IMG_20220208_154227-scaled.jpg\" data-link=\"https:\/\/hir.mediamarkt.hu\/magazin\/?attachment_id=14083\" class=\"wp-image-14083\" srcset=\"https:\/\/hir.mediamarkt.hu\/magazin\/wp-content\/uploads\/2022\/02\/IMG_20220208_154227-1024x768.jpg 1024w, https:\/\/hir.mediamarkt.hu\/magazin\/wp-content\/uploads\/2022\/02\/IMG_20220208_154227-300x225.jpg 300w, https:\/\/hir.mediamarkt.hu\/magazin\/wp-content\/uploads\/2022\/02\/IMG_20220208_154227-275x206.jpg 275w, https:\/\/hir.mediamarkt.hu\/magazin\/wp-content\/uploads\/2022\/02\/IMG_20220208_154227-768x576.jpg 768w, https:\/\/hir.mediamarkt.hu\/magazin\/wp-content\/uploads\/2022\/02\/IMG_20220208_154227-1536x1152.jpg 1536w, https:\/\/hir.mediamarkt.hu\/magazin\/wp-content\/uploads\/2022\/02\/IMG_20220208_154227-2048x1536.jpg 2048w, https:\/\/hir.mediamarkt.hu\/magazin\/wp-content\/uploads\/2022\/02\/IMG_20220208_154227-500x375.jpg 500w, https:\/\/hir.mediamarkt.hu\/magazin\/wp-content\/uploads\/2022\/02\/IMG_20220208_154227-scaled.jpg 1440w\" sizes=\"(max-width: 1024px) 100vw, 1024px\" \/><\/figure><\/li><li class=\"blocks-gallery-item\"><figure><img loading=\"lazy\" decoding=\"async\" width=\"1024\" height=\"768\" src=\"https:\/\/hir.mediamarkt.hu\/magazin\/wp-content\/uploads\/2022\/02\/IMG_20220208_154234-1024x768.jpg\" alt=\"\" data-id=\"14085\" data-full-url=\"https:\/\/hir.mediamarkt.hu\/magazin\/wp-content\/uploads\/2022\/02\/IMG_20220208_154234-scaled.jpg\" data-link=\"https:\/\/hir.mediamarkt.hu\/magazin\/?attachment_id=14085\" class=\"wp-image-14085\" srcset=\"https:\/\/hir.mediamarkt.hu\/magazin\/wp-content\/uploads\/2022\/02\/IMG_20220208_154234-1024x768.jpg 1024w, https:\/\/hir.mediamarkt.hu\/magazin\/wp-content\/uploads\/2022\/02\/IMG_20220208_154234-300x225.jpg 300w, https:\/\/hir.mediamarkt.hu\/magazin\/wp-content\/uploads\/2022\/02\/IMG_20220208_154234-275x206.jpg 275w, https:\/\/hir.mediamarkt.hu\/magazin\/wp-content\/uploads\/2022\/02\/IMG_20220208_154234-768x576.jpg 768w, https:\/\/hir.mediamarkt.hu\/magazin\/wp-content\/uploads\/2022\/02\/IMG_20220208_154234-1536x1152.jpg 1536w, https:\/\/hir.mediamarkt.hu\/magazin\/wp-content\/uploads\/2022\/02\/IMG_20220208_154234-2048x1536.jpg 2048w, https:\/\/hir.mediamarkt.hu\/magazin\/wp-content\/uploads\/2022\/02\/IMG_20220208_154234-500x375.jpg 500w, https:\/\/hir.mediamarkt.hu\/magazin\/wp-content\/uploads\/2022\/02\/IMG_20220208_154234-scaled.jpg 1440w\" sizes=\"(max-width: 1024px) 100vw, 1024px\" \/><\/figure><\/li><\/ul><\/figure>\n\n\n\n<p class=\"has-text-align-justify\">A P20 Pro ut\u00e1n ism\u00e9t beker\u00fclt a kamera rendszerbe a monokr\u00f3m szenzor, amely a Huawei P9 \u00f3ta volt jelen a t\u00f6bbkamer\u00e1s Leic\u00e1val k\u00f6z\u00f6sen fejlesztett telefonokban a gy\u00e1rt\u00f3n\u00e1l. A fekete-feh\u00e9r k\u00e9peket k\u00e9sz\u00edt\u0151 szenzor l\u00e9nyege, hogy t\u00f6bb f\u00e9nyt k\u00e9pes befogadni. Ezt kombin\u00e1lva a sz\u00ednes szenzor k\u00e9p\u00e9vel, jobb k\u00e9p k\u00e9sz\u00edthet\u0151. Emellett egyes esetekben m\u0171v\u00e9szibb hat\u00e1s \u00e9rhet\u0151 el a fot\u00f3kkal sz\u00ednek n\u00e9lk\u00fcl.<\/p>\n\n\n\n<figure class=\"wp-block-gallery columns-2 is-cropped wp-block-gallery-4 is-layout-flex wp-block-gallery-is-layout-flex\"><ul class=\"blocks-gallery-grid\"><li class=\"blocks-gallery-item\"><figure><img loading=\"lazy\" decoding=\"async\" width=\"1024\" height=\"768\" src=\"https:\/\/hir.mediamarkt.hu\/magazin\/wp-content\/uploads\/2022\/02\/IMG_20220209_101654-1024x768.jpg\" alt=\"\" data-id=\"14067\" data-full-url=\"https:\/\/hir.mediamarkt.hu\/magazin\/wp-content\/uploads\/2022\/02\/IMG_20220209_101654-scaled.jpg\" data-link=\"https:\/\/hir.mediamarkt.hu\/magazin\/?attachment_id=14067\" class=\"wp-image-14067\" srcset=\"https:\/\/hir.mediamarkt.hu\/magazin\/wp-content\/uploads\/2022\/02\/IMG_20220209_101654-1024x768.jpg 1024w, https:\/\/hir.mediamarkt.hu\/magazin\/wp-content\/uploads\/2022\/02\/IMG_20220209_101654-300x225.jpg 300w, https:\/\/hir.mediamarkt.hu\/magazin\/wp-content\/uploads\/2022\/02\/IMG_20220209_101654-275x206.jpg 275w, https:\/\/hir.mediamarkt.hu\/magazin\/wp-content\/uploads\/2022\/02\/IMG_20220209_101654-768x576.jpg 768w, https:\/\/hir.mediamarkt.hu\/magazin\/wp-content\/uploads\/2022\/02\/IMG_20220209_101654-1536x1152.jpg 1536w, https:\/\/hir.mediamarkt.hu\/magazin\/wp-content\/uploads\/2022\/02\/IMG_20220209_101654-2048x1536.jpg 2048w, https:\/\/hir.mediamarkt.hu\/magazin\/wp-content\/uploads\/2022\/02\/IMG_20220209_101654-500x375.jpg 500w, https:\/\/hir.mediamarkt.hu\/magazin\/wp-content\/uploads\/2022\/02\/IMG_20220209_101654-scaled.jpg 1440w\" sizes=\"(max-width: 1024px) 100vw, 1024px\" \/><\/figure><\/li><li class=\"blocks-gallery-item\"><figure><img loading=\"lazy\" decoding=\"async\" width=\"1024\" height=\"768\" src=\"https:\/\/hir.mediamarkt.hu\/magazin\/wp-content\/uploads\/2022\/02\/IMG_20220209_101648-1024x768.jpg\" alt=\"\" data-id=\"14066\" data-full-url=\"https:\/\/hir.mediamarkt.hu\/magazin\/wp-content\/uploads\/2022\/02\/IMG_20220209_101648-scaled.jpg\" data-link=\"https:\/\/hir.mediamarkt.hu\/magazin\/?attachment_id=14066\" class=\"wp-image-14066\" srcset=\"https:\/\/hir.mediamarkt.hu\/magazin\/wp-content\/uploads\/2022\/02\/IMG_20220209_101648-1024x768.jpg 1024w, https:\/\/hir.mediamarkt.hu\/magazin\/wp-content\/uploads\/2022\/02\/IMG_20220209_101648-300x225.jpg 300w, https:\/\/hir.mediamarkt.hu\/magazin\/wp-content\/uploads\/2022\/02\/IMG_20220209_101648-275x206.jpg 275w, https:\/\/hir.mediamarkt.hu\/magazin\/wp-content\/uploads\/2022\/02\/IMG_20220209_101648-768x576.jpg 768w, https:\/\/hir.mediamarkt.hu\/magazin\/wp-content\/uploads\/2022\/02\/IMG_20220209_101648-1536x1152.jpg 1536w, https:\/\/hir.mediamarkt.hu\/magazin\/wp-content\/uploads\/2022\/02\/IMG_20220209_101648-2048x1536.jpg 2048w, https:\/\/hir.mediamarkt.hu\/magazin\/wp-content\/uploads\/2022\/02\/IMG_20220209_101648-500x375.jpg 500w, https:\/\/hir.mediamarkt.hu\/magazin\/wp-content\/uploads\/2022\/02\/IMG_20220209_101648-scaled.jpg 1440w\" sizes=\"(max-width: 1024px) 100vw, 1024px\" \/><\/figure><\/li><li class=\"blocks-gallery-item\"><figure><img loading=\"lazy\" decoding=\"async\" width=\"1024\" height=\"768\" src=\"https:\/\/hir.mediamarkt.hu\/magazin\/wp-content\/uploads\/2022\/02\/IMG_20220209_101132-1024x768.jpg\" alt=\"\" data-id=\"14064\" data-full-url=\"https:\/\/hir.mediamarkt.hu\/magazin\/wp-content\/uploads\/2022\/02\/IMG_20220209_101132-scaled.jpg\" data-link=\"https:\/\/hir.mediamarkt.hu\/magazin\/?attachment_id=14064\" class=\"wp-image-14064\" srcset=\"https:\/\/hir.mediamarkt.hu\/magazin\/wp-content\/uploads\/2022\/02\/IMG_20220209_101132-1024x768.jpg 1024w, https:\/\/hir.mediamarkt.hu\/magazin\/wp-content\/uploads\/2022\/02\/IMG_20220209_101132-300x225.jpg 300w, https:\/\/hir.mediamarkt.hu\/magazin\/wp-content\/uploads\/2022\/02\/IMG_20220209_101132-275x206.jpg 275w, https:\/\/hir.mediamarkt.hu\/magazin\/wp-content\/uploads\/2022\/02\/IMG_20220209_101132-768x576.jpg 768w, https:\/\/hir.mediamarkt.hu\/magazin\/wp-content\/uploads\/2022\/02\/IMG_20220209_101132-1536x1152.jpg 1536w, https:\/\/hir.mediamarkt.hu\/magazin\/wp-content\/uploads\/2022\/02\/IMG_20220209_101132-2048x1536.jpg 2048w, https:\/\/hir.mediamarkt.hu\/magazin\/wp-content\/uploads\/2022\/02\/IMG_20220209_101132-500x375.jpg 500w, https:\/\/hir.mediamarkt.hu\/magazin\/wp-content\/uploads\/2022\/02\/IMG_20220209_101132-scaled.jpg 1440w\" sizes=\"(max-width: 1024px) 100vw, 1024px\" \/><\/figure><\/li><li class=\"blocks-gallery-item\"><figure><img loading=\"lazy\" decoding=\"async\" width=\"1024\" height=\"768\" src=\"https:\/\/hir.mediamarkt.hu\/magazin\/wp-content\/uploads\/2022\/02\/IMG_20220209_101545-1024x768.jpg\" alt=\"\" data-id=\"14065\" data-full-url=\"https:\/\/hir.mediamarkt.hu\/magazin\/wp-content\/uploads\/2022\/02\/IMG_20220209_101545-scaled.jpg\" data-link=\"https:\/\/hir.mediamarkt.hu\/magazin\/?attachment_id=14065\" class=\"wp-image-14065\" srcset=\"https:\/\/hir.mediamarkt.hu\/magazin\/wp-content\/uploads\/2022\/02\/IMG_20220209_101545-1024x768.jpg 1024w, https:\/\/hir.mediamarkt.hu\/magazin\/wp-content\/uploads\/2022\/02\/IMG_20220209_101545-300x225.jpg 300w, https:\/\/hir.mediamarkt.hu\/magazin\/wp-content\/uploads\/2022\/02\/IMG_20220209_101545-275x206.jpg 275w, https:\/\/hir.mediamarkt.hu\/magazin\/wp-content\/uploads\/2022\/02\/IMG_20220209_101545-768x576.jpg 768w, https:\/\/hir.mediamarkt.hu\/magazin\/wp-content\/uploads\/2022\/02\/IMG_20220209_101545-1536x1152.jpg 1536w, https:\/\/hir.mediamarkt.hu\/magazin\/wp-content\/uploads\/2022\/02\/IMG_20220209_101545-2048x1536.jpg 2048w, https:\/\/hir.mediamarkt.hu\/magazin\/wp-content\/uploads\/2022\/02\/IMG_20220209_101545-500x375.jpg 500w, https:\/\/hir.mediamarkt.hu\/magazin\/wp-content\/uploads\/2022\/02\/IMG_20220209_101545-scaled.jpg 1440w\" sizes=\"(max-width: 1024px) 100vw, 1024px\" \/><\/figure><\/li><\/ul><\/figure>\n\n\n\n<p class=\"has-text-align-justify\">A zoom kamera a P40 Pro eset\u00e9n m\u00e9g 5x-\u00f6s zoomot k\u00edn\u00e1lt, viszont csak 12 megapixeles lett. Ezzel szemben a P50 Pro eset\u00e9ben cs\u00f6kkent az optikai zoom m\u00e9rt\u00e9ke, 3,5x-es \u00e9rt\u00e9kre, viszont ezt a Huawei azzal orvosolta, hogy sokkal nagyobb felbont\u00e1s\u00fa, 64 megapixeles szenzort tett be a periszk\u00f3pikus lencs\u00e9k m\u00f6g\u00e9. Ez azt eredm\u00e9nyezte, hogy a nagyszer\u0171 optikai zoom k\u00e9pess\u00e9g mellett megmaradt a 10x-es hibrid zoom (a digit\u00e1lis \u00e9s optikai zoom kombin\u00e1ci\u00f3j\u00e1val), illetve a digit\u00e1lis zoom m\u00e9rt\u00e9ke ak\u00e1r 100x-os \u00e9rt\u00e9kig terjedhet. <\/p>\n\n\n\n<p class=\"has-text-align-justify\">A lenti k\u00e9pek sorban a k\u00f6vetkez\u0151 zoom tartom\u00e1nyokkal k\u00e9sz\u00fcltek: 1x (50 mpx f\u0151kamera) &#8211; 3,5x (64 mpx optikai zoom kamera) &#8211; 10x (hibrid zoom, az el\u0151z\u0151 kett\u0151 kombin\u00e1ci\u00f3ja)<\/p>\n\n\n\n<figure class=\"wp-block-gallery columns-3 is-cropped wp-block-gallery-5 is-layout-flex wp-block-gallery-is-layout-flex\"><ul class=\"blocks-gallery-grid\"><li class=\"blocks-gallery-item\"><figure><img loading=\"lazy\" decoding=\"async\" width=\"1024\" height=\"768\" src=\"https:\/\/hir.mediamarkt.hu\/magazin\/wp-content\/uploads\/2022\/02\/IMG_20220208_160156-1024x768.jpg\" alt=\"\" data-id=\"14077\" data-link=\"https:\/\/hir.mediamarkt.hu\/magazin\/?attachment_id=14077\" class=\"wp-image-14077\" srcset=\"https:\/\/hir.mediamarkt.hu\/magazin\/wp-content\/uploads\/2022\/02\/IMG_20220208_160156-1024x768.jpg 1024w, https:\/\/hir.mediamarkt.hu\/magazin\/wp-content\/uploads\/2022\/02\/IMG_20220208_160156-300x225.jpg 300w, https:\/\/hir.mediamarkt.hu\/magazin\/wp-content\/uploads\/2022\/02\/IMG_20220208_160156-275x206.jpg 275w, https:\/\/hir.mediamarkt.hu\/magazin\/wp-content\/uploads\/2022\/02\/IMG_20220208_160156-768x576.jpg 768w, https:\/\/hir.mediamarkt.hu\/magazin\/wp-content\/uploads\/2022\/02\/IMG_20220208_160156-1536x1152.jpg 1536w, https:\/\/hir.mediamarkt.hu\/magazin\/wp-content\/uploads\/2022\/02\/IMG_20220208_160156-2048x1536.jpg 2048w, https:\/\/hir.mediamarkt.hu\/magazin\/wp-content\/uploads\/2022\/02\/IMG_20220208_160156-500x375.jpg 500w, https:\/\/hir.mediamarkt.hu\/magazin\/wp-content\/uploads\/2022\/02\/IMG_20220208_160156-scaled.jpg 1440w\" sizes=\"(max-width: 1024px) 100vw, 1024px\" \/><\/figure><\/li><li class=\"blocks-gallery-item\"><figure><img loading=\"lazy\" decoding=\"async\" width=\"1024\" height=\"768\" src=\"https:\/\/hir.mediamarkt.hu\/magazin\/wp-content\/uploads\/2022\/02\/IMG_20220208_160159-1024x768.jpg\" alt=\"\" data-id=\"14078\" data-link=\"https:\/\/hir.mediamarkt.hu\/magazin\/?attachment_id=14078\" class=\"wp-image-14078\" srcset=\"https:\/\/hir.mediamarkt.hu\/magazin\/wp-content\/uploads\/2022\/02\/IMG_20220208_160159-1024x768.jpg 1024w, https:\/\/hir.mediamarkt.hu\/magazin\/wp-content\/uploads\/2022\/02\/IMG_20220208_160159-300x225.jpg 300w, https:\/\/hir.mediamarkt.hu\/magazin\/wp-content\/uploads\/2022\/02\/IMG_20220208_160159-275x206.jpg 275w, https:\/\/hir.mediamarkt.hu\/magazin\/wp-content\/uploads\/2022\/02\/IMG_20220208_160159-768x576.jpg 768w, https:\/\/hir.mediamarkt.hu\/magazin\/wp-content\/uploads\/2022\/02\/IMG_20220208_160159-1536x1152.jpg 1536w, https:\/\/hir.mediamarkt.hu\/magazin\/wp-content\/uploads\/2022\/02\/IMG_20220208_160159-2048x1536.jpg 2048w, https:\/\/hir.mediamarkt.hu\/magazin\/wp-content\/uploads\/2022\/02\/IMG_20220208_160159-500x375.jpg 500w, https:\/\/hir.mediamarkt.hu\/magazin\/wp-content\/uploads\/2022\/02\/IMG_20220208_160159-scaled.jpg 1440w\" sizes=\"(max-width: 1024px) 100vw, 1024px\" \/><\/figure><\/li><li class=\"blocks-gallery-item\"><figure><img loading=\"lazy\" decoding=\"async\" width=\"1024\" height=\"768\" src=\"https:\/\/hir.mediamarkt.hu\/magazin\/wp-content\/uploads\/2022\/02\/IMG_20220208_160204-1024x768.jpg\" alt=\"\" data-id=\"14079\" data-link=\"https:\/\/hir.mediamarkt.hu\/magazin\/?attachment_id=14079\" class=\"wp-image-14079\" srcset=\"https:\/\/hir.mediamarkt.hu\/magazin\/wp-content\/uploads\/2022\/02\/IMG_20220208_160204-1024x768.jpg 1024w, https:\/\/hir.mediamarkt.hu\/magazin\/wp-content\/uploads\/2022\/02\/IMG_20220208_160204-300x225.jpg 300w, https:\/\/hir.mediamarkt.hu\/magazin\/wp-content\/uploads\/2022\/02\/IMG_20220208_160204-275x206.jpg 275w, https:\/\/hir.mediamarkt.hu\/magazin\/wp-content\/uploads\/2022\/02\/IMG_20220208_160204-768x576.jpg 768w, https:\/\/hir.mediamarkt.hu\/magazin\/wp-content\/uploads\/2022\/02\/IMG_20220208_160204-1536x1152.jpg 1536w, https:\/\/hir.mediamarkt.hu\/magazin\/wp-content\/uploads\/2022\/02\/IMG_20220208_160204-2048x1536.jpg 2048w, https:\/\/hir.mediamarkt.hu\/magazin\/wp-content\/uploads\/2022\/02\/IMG_20220208_160204-500x375.jpg 500w, https:\/\/hir.mediamarkt.hu\/magazin\/wp-content\/uploads\/2022\/02\/IMG_20220208_160204-scaled.jpg 1440w\" sizes=\"(max-width: 1024px) 100vw, 1024px\" \/><\/figure><\/li><li class=\"blocks-gallery-item\"><figure><img loading=\"lazy\" decoding=\"async\" width=\"1024\" height=\"768\" src=\"https:\/\/hir.mediamarkt.hu\/magazin\/wp-content\/uploads\/2022\/02\/IMG_20220209_101004-1024x768.jpg\" alt=\"\" data-id=\"14081\" data-full-url=\"https:\/\/hir.mediamarkt.hu\/magazin\/wp-content\/uploads\/2022\/02\/IMG_20220209_101004-scaled.jpg\" data-link=\"https:\/\/hir.mediamarkt.hu\/magazin\/?attachment_id=14081\" class=\"wp-image-14081\" srcset=\"https:\/\/hir.mediamarkt.hu\/magazin\/wp-content\/uploads\/2022\/02\/IMG_20220209_101004-1024x768.jpg 1024w, https:\/\/hir.mediamarkt.hu\/magazin\/wp-content\/uploads\/2022\/02\/IMG_20220209_101004-300x225.jpg 300w, https:\/\/hir.mediamarkt.hu\/magazin\/wp-content\/uploads\/2022\/02\/IMG_20220209_101004-275x206.jpg 275w, https:\/\/hir.mediamarkt.hu\/magazin\/wp-content\/uploads\/2022\/02\/IMG_20220209_101004-768x576.jpg 768w, https:\/\/hir.mediamarkt.hu\/magazin\/wp-content\/uploads\/2022\/02\/IMG_20220209_101004-1536x1152.jpg 1536w, https:\/\/hir.mediamarkt.hu\/magazin\/wp-content\/uploads\/2022\/02\/IMG_20220209_101004-2048x1536.jpg 2048w, https:\/\/hir.mediamarkt.hu\/magazin\/wp-content\/uploads\/2022\/02\/IMG_20220209_101004-500x375.jpg 500w, https:\/\/hir.mediamarkt.hu\/magazin\/wp-content\/uploads\/2022\/02\/IMG_20220209_101004-scaled.jpg 1440w\" sizes=\"(max-width: 1024px) 100vw, 1024px\" \/><\/figure><\/li><li class=\"blocks-gallery-item\"><figure><img loading=\"lazy\" decoding=\"async\" width=\"1024\" height=\"768\" src=\"https:\/\/hir.mediamarkt.hu\/magazin\/wp-content\/uploads\/2022\/02\/IMG_20220209_101010-1024x768.jpg\" alt=\"\" data-id=\"14082\" data-full-url=\"https:\/\/hir.mediamarkt.hu\/magazin\/wp-content\/uploads\/2022\/02\/IMG_20220209_101010-scaled.jpg\" data-link=\"https:\/\/hir.mediamarkt.hu\/magazin\/?attachment_id=14082\" class=\"wp-image-14082\" srcset=\"https:\/\/hir.mediamarkt.hu\/magazin\/wp-content\/uploads\/2022\/02\/IMG_20220209_101010-1024x768.jpg 1024w, https:\/\/hir.mediamarkt.hu\/magazin\/wp-content\/uploads\/2022\/02\/IMG_20220209_101010-300x225.jpg 300w, https:\/\/hir.mediamarkt.hu\/magazin\/wp-content\/uploads\/2022\/02\/IMG_20220209_101010-275x206.jpg 275w, https:\/\/hir.mediamarkt.hu\/magazin\/wp-content\/uploads\/2022\/02\/IMG_20220209_101010-768x576.jpg 768w, https:\/\/hir.mediamarkt.hu\/magazin\/wp-content\/uploads\/2022\/02\/IMG_20220209_101010-1536x1152.jpg 1536w, https:\/\/hir.mediamarkt.hu\/magazin\/wp-content\/uploads\/2022\/02\/IMG_20220209_101010-2048x1536.jpg 2048w, https:\/\/hir.mediamarkt.hu\/magazin\/wp-content\/uploads\/2022\/02\/IMG_20220209_101010-500x375.jpg 500w, https:\/\/hir.mediamarkt.hu\/magazin\/wp-content\/uploads\/2022\/02\/IMG_20220209_101010-scaled.jpg 1440w\" sizes=\"(max-width: 1024px) 100vw, 1024px\" \/><\/figure><\/li><li class=\"blocks-gallery-item\"><figure><img loading=\"lazy\" decoding=\"async\" width=\"1024\" height=\"768\" src=\"https:\/\/hir.mediamarkt.hu\/magazin\/wp-content\/uploads\/2022\/02\/IMG_20220209_101015-1024x768.jpg\" alt=\"\" data-id=\"14084\" data-full-url=\"https:\/\/hir.mediamarkt.hu\/magazin\/wp-content\/uploads\/2022\/02\/IMG_20220209_101015-scaled.jpg\" data-link=\"https:\/\/hir.mediamarkt.hu\/magazin\/?attachment_id=14084\" class=\"wp-image-14084\" srcset=\"https:\/\/hir.mediamarkt.hu\/magazin\/wp-content\/uploads\/2022\/02\/IMG_20220209_101015-1024x768.jpg 1024w, https:\/\/hir.mediamarkt.hu\/magazin\/wp-content\/uploads\/2022\/02\/IMG_20220209_101015-300x225.jpg 300w, https:\/\/hir.mediamarkt.hu\/magazin\/wp-content\/uploads\/2022\/02\/IMG_20220209_101015-275x206.jpg 275w, https:\/\/hir.mediamarkt.hu\/magazin\/wp-content\/uploads\/2022\/02\/IMG_20220209_101015-768x576.jpg 768w, https:\/\/hir.mediamarkt.hu\/magazin\/wp-content\/uploads\/2022\/02\/IMG_20220209_101015-1536x1152.jpg 1536w, https:\/\/hir.mediamarkt.hu\/magazin\/wp-content\/uploads\/2022\/02\/IMG_20220209_101015-2048x1536.jpg 2048w, https:\/\/hir.mediamarkt.hu\/magazin\/wp-content\/uploads\/2022\/02\/IMG_20220209_101015-500x375.jpg 500w, https:\/\/hir.mediamarkt.hu\/magazin\/wp-content\/uploads\/2022\/02\/IMG_20220209_101015-scaled.jpg 1440w\" sizes=\"(max-width: 1024px) 100vw, 1024px\" \/><\/figure><\/li><\/ul><\/figure>\n\n\n\n<p class=\"has-text-align-justify\">A 10x-es nagy\u00edt\u00e1s felett a k\u00e9pek min\u0151s\u00e9ge \u00e9rdemben m\u00e1r elkezd romlani (ez term\u00e9szetes jelens\u00e9g a digit\u00e1lis zoom eset\u00e9n), viszont \u00edgy is rendk\u00edv\u00fcl j\u00f3l kivehet\u0151 dolgokat lehet vele fot\u00f3zni felismerhet\u0151 m\u00e9rt\u00e9kb\u0151l nagy t\u00e1vols\u00e1gb\u00f3l is. A lenti k\u00e9pek megmutatj\u00e1k viszont, hogy mennyire t\u00e1vol lehet l\u00e1tni a 100x-os digit\u00e1lis zoom seg\u00edts\u00e9g\u00e9vel. A nagy k\u00e9pen tal\u00e1n alig l\u00e1tni, de pirossal bekeretezt\u00fck a debreceni Reform\u00e1tus nagytemplom n\u00e9h\u00e1ny t\u00e1voli r\u00e9szlet\u00e9t, alatta pedig ezeket l\u00e1tni a P50 Pro 100x-os digit\u00e1lis zoom k\u00e9pess\u00e9g\u00e9vel fot\u00f3zva. Olyan dolgokat lehet meg\u00f6r\u00f6k\u00edteni vele, amelyet tal\u00e1n maga az emberi szem sem l\u00e1t m\u00e1r.<\/p>\n\n\n\n<figure class=\"wp-block-image size-large\"><img loading=\"lazy\" decoding=\"async\" width=\"1024\" height=\"768\" src=\"https:\/\/hir.mediamarkt.hu\/magazin\/wp-content\/uploads\/2022\/02\/IMG_20220209_101004x3-1024x768.jpg\" alt=\"\" class=\"wp-image-14076\" srcset=\"https:\/\/hir.mediamarkt.hu\/magazin\/wp-content\/uploads\/2022\/02\/IMG_20220209_101004x3-1024x768.jpg 1024w, https:\/\/hir.mediamarkt.hu\/magazin\/wp-content\/uploads\/2022\/02\/IMG_20220209_101004x3-300x225.jpg 300w, https:\/\/hir.mediamarkt.hu\/magazin\/wp-content\/uploads\/2022\/02\/IMG_20220209_101004x3-275x206.jpg 275w, https:\/\/hir.mediamarkt.hu\/magazin\/wp-content\/uploads\/2022\/02\/IMG_20220209_101004x3-768x576.jpg 768w, https:\/\/hir.mediamarkt.hu\/magazin\/wp-content\/uploads\/2022\/02\/IMG_20220209_101004x3-1536x1152.jpg 1536w, https:\/\/hir.mediamarkt.hu\/magazin\/wp-content\/uploads\/2022\/02\/IMG_20220209_101004x3-2048x1536.jpg 2048w, https:\/\/hir.mediamarkt.hu\/magazin\/wp-content\/uploads\/2022\/02\/IMG_20220209_101004x3-500x375.jpg 500w, https:\/\/hir.mediamarkt.hu\/magazin\/wp-content\/uploads\/2022\/02\/IMG_20220209_101004x3-scaled.jpg 1440w\" sizes=\"(max-width: 1024px) 100vw, 1024px\" \/><\/figure>\n\n\n\n<figure class=\"wp-block-gallery columns-4 is-cropped wp-block-gallery-6 is-layout-flex wp-block-gallery-is-layout-flex\"><ul class=\"blocks-gallery-grid\"><li class=\"blocks-gallery-item\"><figure><img loading=\"lazy\" decoding=\"async\" width=\"1024\" height=\"768\" src=\"https:\/\/hir.mediamarkt.hu\/magazin\/wp-content\/uploads\/2022\/02\/IMG_20220209_101031-1024x768.jpg\" alt=\"\" data-id=\"14072\" data-full-url=\"https:\/\/hir.mediamarkt.hu\/magazin\/wp-content\/uploads\/2022\/02\/IMG_20220209_101031-scaled.jpg\" data-link=\"https:\/\/hir.mediamarkt.hu\/magazin\/?attachment_id=14072\" class=\"wp-image-14072\" srcset=\"https:\/\/hir.mediamarkt.hu\/magazin\/wp-content\/uploads\/2022\/02\/IMG_20220209_101031-1024x768.jpg 1024w, https:\/\/hir.mediamarkt.hu\/magazin\/wp-content\/uploads\/2022\/02\/IMG_20220209_101031-300x225.jpg 300w, https:\/\/hir.mediamarkt.hu\/magazin\/wp-content\/uploads\/2022\/02\/IMG_20220209_101031-275x206.jpg 275w, https:\/\/hir.mediamarkt.hu\/magazin\/wp-content\/uploads\/2022\/02\/IMG_20220209_101031-768x576.jpg 768w, https:\/\/hir.mediamarkt.hu\/magazin\/wp-content\/uploads\/2022\/02\/IMG_20220209_101031-1536x1152.jpg 1536w, https:\/\/hir.mediamarkt.hu\/magazin\/wp-content\/uploads\/2022\/02\/IMG_20220209_101031-2048x1536.jpg 2048w, https:\/\/hir.mediamarkt.hu\/magazin\/wp-content\/uploads\/2022\/02\/IMG_20220209_101031-500x375.jpg 500w, https:\/\/hir.mediamarkt.hu\/magazin\/wp-content\/uploads\/2022\/02\/IMG_20220209_101031-scaled.jpg 1440w\" sizes=\"(max-width: 1024px) 100vw, 1024px\" \/><\/figure><\/li><li class=\"blocks-gallery-item\"><figure><img loading=\"lazy\" decoding=\"async\" width=\"1024\" height=\"768\" src=\"https:\/\/hir.mediamarkt.hu\/magazin\/wp-content\/uploads\/2022\/02\/IMG_20220209_101036-1024x768.jpg\" alt=\"\" data-id=\"14073\" data-full-url=\"https:\/\/hir.mediamarkt.hu\/magazin\/wp-content\/uploads\/2022\/02\/IMG_20220209_101036-scaled.jpg\" data-link=\"https:\/\/hir.mediamarkt.hu\/magazin\/?attachment_id=14073\" class=\"wp-image-14073\" srcset=\"https:\/\/hir.mediamarkt.hu\/magazin\/wp-content\/uploads\/2022\/02\/IMG_20220209_101036-1024x768.jpg 1024w, https:\/\/hir.mediamarkt.hu\/magazin\/wp-content\/uploads\/2022\/02\/IMG_20220209_101036-300x225.jpg 300w, https:\/\/hir.mediamarkt.hu\/magazin\/wp-content\/uploads\/2022\/02\/IMG_20220209_101036-275x206.jpg 275w, https:\/\/hir.mediamarkt.hu\/magazin\/wp-content\/uploads\/2022\/02\/IMG_20220209_101036-768x576.jpg 768w, https:\/\/hir.mediamarkt.hu\/magazin\/wp-content\/uploads\/2022\/02\/IMG_20220209_101036-1536x1152.jpg 1536w, https:\/\/hir.mediamarkt.hu\/magazin\/wp-content\/uploads\/2022\/02\/IMG_20220209_101036-2048x1536.jpg 2048w, https:\/\/hir.mediamarkt.hu\/magazin\/wp-content\/uploads\/2022\/02\/IMG_20220209_101036-500x375.jpg 500w, https:\/\/hir.mediamarkt.hu\/magazin\/wp-content\/uploads\/2022\/02\/IMG_20220209_101036-scaled.jpg 1440w\" sizes=\"(max-width: 1024px) 100vw, 1024px\" \/><\/figure><\/li><li class=\"blocks-gallery-item\"><figure><img loading=\"lazy\" decoding=\"async\" width=\"1024\" height=\"768\" src=\"https:\/\/hir.mediamarkt.hu\/magazin\/wp-content\/uploads\/2022\/02\/IMG_20220209_101045-1024x768.jpg\" alt=\"\" data-id=\"14074\" data-full-url=\"https:\/\/hir.mediamarkt.hu\/magazin\/wp-content\/uploads\/2022\/02\/IMG_20220209_101045-scaled.jpg\" data-link=\"https:\/\/hir.mediamarkt.hu\/magazin\/?attachment_id=14074\" class=\"wp-image-14074\" srcset=\"https:\/\/hir.mediamarkt.hu\/magazin\/wp-content\/uploads\/2022\/02\/IMG_20220209_101045-1024x768.jpg 1024w, https:\/\/hir.mediamarkt.hu\/magazin\/wp-content\/uploads\/2022\/02\/IMG_20220209_101045-300x225.jpg 300w, https:\/\/hir.mediamarkt.hu\/magazin\/wp-content\/uploads\/2022\/02\/IMG_20220209_101045-275x206.jpg 275w, https:\/\/hir.mediamarkt.hu\/magazin\/wp-content\/uploads\/2022\/02\/IMG_20220209_101045-768x576.jpg 768w, https:\/\/hir.mediamarkt.hu\/magazin\/wp-content\/uploads\/2022\/02\/IMG_20220209_101045-1536x1152.jpg 1536w, https:\/\/hir.mediamarkt.hu\/magazin\/wp-content\/uploads\/2022\/02\/IMG_20220209_101045-2048x1536.jpg 2048w, https:\/\/hir.mediamarkt.hu\/magazin\/wp-content\/uploads\/2022\/02\/IMG_20220209_101045-500x375.jpg 500w, https:\/\/hir.mediamarkt.hu\/magazin\/wp-content\/uploads\/2022\/02\/IMG_20220209_101045-scaled.jpg 1440w\" sizes=\"(max-width: 1024px) 100vw, 1024px\" \/><\/figure><\/li><li class=\"blocks-gallery-item\"><figure><img loading=\"lazy\" decoding=\"async\" width=\"1024\" height=\"768\" src=\"https:\/\/hir.mediamarkt.hu\/magazin\/wp-content\/uploads\/2022\/02\/IMG_20220209_101051-1024x768.jpg\" alt=\"\" data-id=\"14075\" data-full-url=\"https:\/\/hir.mediamarkt.hu\/magazin\/wp-content\/uploads\/2022\/02\/IMG_20220209_101051-scaled.jpg\" data-link=\"https:\/\/hir.mediamarkt.hu\/magazin\/?attachment_id=14075\" class=\"wp-image-14075\" srcset=\"https:\/\/hir.mediamarkt.hu\/magazin\/wp-content\/uploads\/2022\/02\/IMG_20220209_101051-1024x768.jpg 1024w, https:\/\/hir.mediamarkt.hu\/magazin\/wp-content\/uploads\/2022\/02\/IMG_20220209_101051-300x225.jpg 300w, https:\/\/hir.mediamarkt.hu\/magazin\/wp-content\/uploads\/2022\/02\/IMG_20220209_101051-275x206.jpg 275w, https:\/\/hir.mediamarkt.hu\/magazin\/wp-content\/uploads\/2022\/02\/IMG_20220209_101051-768x576.jpg 768w, https:\/\/hir.mediamarkt.hu\/magazin\/wp-content\/uploads\/2022\/02\/IMG_20220209_101051-1536x1152.jpg 1536w, https:\/\/hir.mediamarkt.hu\/magazin\/wp-content\/uploads\/2022\/02\/IMG_20220209_101051-2048x1536.jpg 2048w, https:\/\/hir.mediamarkt.hu\/magazin\/wp-content\/uploads\/2022\/02\/IMG_20220209_101051-500x375.jpg 500w, https:\/\/hir.mediamarkt.hu\/magazin\/wp-content\/uploads\/2022\/02\/IMG_20220209_101051-scaled.jpg 1440w\" sizes=\"(max-width: 1024px) 100vw, 1024px\" \/><\/figure><\/li><\/ul><\/figure>\n\n\n\n<h2 class=\"wp-block-heading\">Se HarmonyOS, se Google t\u00e1mogat\u00e1s. HMS \u00e9s Android!<\/h2>\n\n\n\n<p class=\"has-text-align-justify\">Kor\u00e1bban a <a href=\"https:\/\/hir.mediamarkt.hu\/magazin\/huawei-matepad-11-teszt-harmonikus-kapcsolat\/\" target=\"_blank\" rel=\"noreferrer noopener\">Huawei MatePad 11 teszt\u00fcnkben <\/a>arr\u00f3l \u00edrhattunk, hogy m\u00e1r HarmonyOS 2 fut a k\u00e9sz\u00fcl\u00e9ken. Telefonok eset\u00e9n azonban a Huawei tov\u00e1bbra sem vezette be n\u00e1lunk az \u00faj oper\u00e1ci\u00f3s rendszer\u00e9t. Az Android 11 alapokra \u00e9p\u00fcl\u0151 EMUI 12 szoftver ker\u00fclt a P50 Pro telefonra (ami nagyfok\u00fa hasonl\u00f3s\u00e1got mutat a MatePad 11 fel\u00fclet\u00e9vel \u00e9s funkci\u00f3ival).<\/p>\n\n\n\n<figure class=\"wp-block-gallery columns-1 is-cropped wp-block-gallery-7 is-layout-flex wp-block-gallery-is-layout-flex\"><ul class=\"blocks-gallery-grid\"><li class=\"blocks-gallery-item\"><figure><img loading=\"lazy\" decoding=\"async\" width=\"466\" height=\"1024\" src=\"https:\/\/hir.mediamarkt.hu\/magazin\/wp-content\/uploads\/2022\/02\/huawei-p50-pro-mediamarkt-teszt-17-1-466x1024.jpg\" alt=\"\" data-id=\"14056\" data-full-url=\"https:\/\/hir.mediamarkt.hu\/magazin\/wp-content\/uploads\/2022\/02\/huawei-p50-pro-mediamarkt-teszt-17-1.jpg\" data-link=\"https:\/\/hir.mediamarkt.hu\/magazin\/?attachment_id=14056\" class=\"wp-image-14056\" srcset=\"https:\/\/hir.mediamarkt.hu\/magazin\/wp-content\/uploads\/2022\/02\/huawei-p50-pro-mediamarkt-teszt-17-1-466x1024.jpg 466w, https:\/\/hir.mediamarkt.hu\/magazin\/wp-content\/uploads\/2022\/02\/huawei-p50-pro-mediamarkt-teszt-17-1-137x300.jpg 137w, https:\/\/hir.mediamarkt.hu\/magazin\/wp-content\/uploads\/2022\/02\/huawei-p50-pro-mediamarkt-teszt-17-1-228x500.jpg 228w, https:\/\/hir.mediamarkt.hu\/magazin\/wp-content\/uploads\/2022\/02\/huawei-p50-pro-mediamarkt-teszt-17-1.jpg 546w\" sizes=\"(max-width: 466px) 100vw, 466px\" \/><\/figure><\/li><\/ul><\/figure>\n\n\n\n<p>Az EMUI 12 \u00fajdons\u00e1gaik\u00e9nt megjelentek a f\u0151oldalon a nagyobb m\u00e9ret\u0171 alkalmaz\u00e1sgy\u0171jt\u0151 mapp\u00e1k, de ezen k\u00edv\u00fcl ez a fel\u00fclet nagyban hasonl\u00edt a kor\u00e1bbi Huawei modellek fel\u00fclet\u00e9re.<\/p>\n\n\n\n<figure class=\"wp-block-gallery columns-2 is-cropped wp-block-gallery-8 is-layout-flex wp-block-gallery-is-layout-flex\"><ul class=\"blocks-gallery-grid\"><li class=\"blocks-gallery-item\"><figure><img loading=\"lazy\" decoding=\"async\" width=\"455\" height=\"1000\" src=\"https:\/\/hir.mediamarkt.hu\/magazin\/wp-content\/uploads\/2022\/02\/huawei-p50-pro-mediamarkt-teszt-12.jpg\" alt=\"\" data-id=\"14057\" data-full-url=\"https:\/\/hir.mediamarkt.hu\/magazin\/wp-content\/uploads\/2022\/02\/huawei-p50-pro-mediamarkt-teszt-12.jpg\" data-link=\"https:\/\/hir.mediamarkt.hu\/magazin\/?attachment_id=14057\" class=\"wp-image-14057\" srcset=\"https:\/\/hir.mediamarkt.hu\/magazin\/wp-content\/uploads\/2022\/02\/huawei-p50-pro-mediamarkt-teszt-12.jpg 455w, https:\/\/hir.mediamarkt.hu\/magazin\/wp-content\/uploads\/2022\/02\/huawei-p50-pro-mediamarkt-teszt-12-137x300.jpg 137w, https:\/\/hir.mediamarkt.hu\/magazin\/wp-content\/uploads\/2022\/02\/huawei-p50-pro-mediamarkt-teszt-12-228x500.jpg 228w\" sizes=\"(max-width: 455px) 100vw, 455px\" \/><\/figure><\/li><li class=\"blocks-gallery-item\"><figure><img loading=\"lazy\" decoding=\"async\" width=\"455\" height=\"1000\" src=\"https:\/\/hir.mediamarkt.hu\/magazin\/wp-content\/uploads\/2022\/02\/huawei-p50-pro-mediamarkt-teszt-13.jpg\" alt=\"\" data-id=\"14058\" data-full-url=\"https:\/\/hir.mediamarkt.hu\/magazin\/wp-content\/uploads\/2022\/02\/huawei-p50-pro-mediamarkt-teszt-13.jpg\" data-link=\"https:\/\/hir.mediamarkt.hu\/magazin\/?attachment_id=14058\" class=\"wp-image-14058\" srcset=\"https:\/\/hir.mediamarkt.hu\/magazin\/wp-content\/uploads\/2022\/02\/huawei-p50-pro-mediamarkt-teszt-13.jpg 455w, https:\/\/hir.mediamarkt.hu\/magazin\/wp-content\/uploads\/2022\/02\/huawei-p50-pro-mediamarkt-teszt-13-137x300.jpg 137w, https:\/\/hir.mediamarkt.hu\/magazin\/wp-content\/uploads\/2022\/02\/huawei-p50-pro-mediamarkt-teszt-13-228x500.jpg 228w\" sizes=\"(max-width: 455px) 100vw, 455px\" \/><\/figure><\/li><\/ul><\/figure>\n\n\n\n<p>K\u00fcl\u00f6n v\u00e1lt a fel\u00fclr\u0151l leh\u00fazhat\u00f3 \u00e9rtes\u00edt\u00e9si s\u00e1v (bal fentr\u0151l leh\u00fazva) \u00e9s a Vez\u00e9rl\u0151pult (jobb fentr\u0151l leh\u00fazva). Ut\u00f3bbin \u00faj m\u00f3don ker\u00fcltek elhelyez\u00e9sre a k\u00fcl\u00f6nb\u00f6z\u0151 vez\u00e9rl\u0151k \u00e9s beker\u00fclt az AI Life integr\u00e1ci\u00f3, \u00edgy innen vez\u00e9relhet\u0151k a HMS kompatibilis kieg\u00e9sz\u00edt\u0151k, mint p\u00e9ld\u00e1ul a <a href=\"https:\/\/www.mediamarkt.hu\/hu\/search.html?query=freebuds&amp;searchProfile=onlineshop&amp;channel=mmhuhu&amp;outlet=704\" target=\"_blank\" rel=\"noreferrer noopener\">Huawei Freebuds headsetjei<\/a>, vagy a <a href=\"https:\/\/www.mediamarkt.hu\/hu\/search.html?query=matebook&amp;searchProfile=onlineshop&amp;channel=mmhuhu&amp;outlet=704\" target=\"_blank\" rel=\"noreferrer noopener\">Matebook notebook<\/a>. <\/p>\n\n\n\n<figure class=\"wp-block-gallery columns-2 is-cropped wp-block-gallery-9 is-layout-flex wp-block-gallery-is-layout-flex\"><ul class=\"blocks-gallery-grid\"><li class=\"blocks-gallery-item\"><figure><img loading=\"lazy\" decoding=\"async\" width=\"466\" height=\"1024\" src=\"https:\/\/hir.mediamarkt.hu\/magazin\/wp-content\/uploads\/2022\/02\/huawei-p50-pro-mediamarkt-teszt-15-466x1024.jpg\" alt=\"\" data-id=\"14060\" data-full-url=\"https:\/\/hir.mediamarkt.hu\/magazin\/wp-content\/uploads\/2022\/02\/huawei-p50-pro-mediamarkt-teszt-15.jpg\" data-link=\"https:\/\/hir.mediamarkt.hu\/magazin\/?attachment_id=14060\" class=\"wp-image-14060\" srcset=\"https:\/\/hir.mediamarkt.hu\/magazin\/wp-content\/uploads\/2022\/02\/huawei-p50-pro-mediamarkt-teszt-15-466x1024.jpg 466w, https:\/\/hir.mediamarkt.hu\/magazin\/wp-content\/uploads\/2022\/02\/huawei-p50-pro-mediamarkt-teszt-15-137x300.jpg 137w, https:\/\/hir.mediamarkt.hu\/magazin\/wp-content\/uploads\/2022\/02\/huawei-p50-pro-mediamarkt-teszt-15-228x500.jpg 228w, https:\/\/hir.mediamarkt.hu\/magazin\/wp-content\/uploads\/2022\/02\/huawei-p50-pro-mediamarkt-teszt-15.jpg 546w\" sizes=\"(max-width: 466px) 100vw, 466px\" \/><\/figure><\/li><li class=\"blocks-gallery-item\"><figure><img loading=\"lazy\" decoding=\"async\" width=\"466\" height=\"1024\" src=\"https:\/\/hir.mediamarkt.hu\/magazin\/wp-content\/uploads\/2022\/02\/huawei-p50-pro-mediamarkt-teszt-14-466x1024.jpg\" alt=\"\" data-id=\"14059\" data-full-url=\"https:\/\/hir.mediamarkt.hu\/magazin\/wp-content\/uploads\/2022\/02\/huawei-p50-pro-mediamarkt-teszt-14.jpg\" data-link=\"https:\/\/hir.mediamarkt.hu\/magazin\/?attachment_id=14059\" class=\"wp-image-14059\" srcset=\"https:\/\/hir.mediamarkt.hu\/magazin\/wp-content\/uploads\/2022\/02\/huawei-p50-pro-mediamarkt-teszt-14-466x1024.jpg 466w, https:\/\/hir.mediamarkt.hu\/magazin\/wp-content\/uploads\/2022\/02\/huawei-p50-pro-mediamarkt-teszt-14-137x300.jpg 137w, https:\/\/hir.mediamarkt.hu\/magazin\/wp-content\/uploads\/2022\/02\/huawei-p50-pro-mediamarkt-teszt-14-228x500.jpg 228w, https:\/\/hir.mediamarkt.hu\/magazin\/wp-content\/uploads\/2022\/02\/huawei-p50-pro-mediamarkt-teszt-14.jpg 546w\" sizes=\"(max-width: 466px) 100vw, 466px\" \/><\/figure><\/li><\/ul><\/figure>\n\n\n\n<p class=\"has-text-align-justify\">A Huawei \u00faj modelljei tov\u00e1bbra sem rendelkeznek Google Play \u00e1ruh\u00e1zzal, amely egyes esetekben nagy h\u00e1tr\u00e1ny lehet, b\u00e1r a HMS \u00e9s AppGallery b\u0151v\u00fcl\u0151 k\u00edn\u00e1lat\u00e1val m\u00e1r egyre jobb a helyzet Magyarorsz\u00e1gon is. Van viszont v\u00e9gre egy j\u00f3l m\u0171k\u00f6d\u0151 mobilfizet\u00e9si lehet\u0151s\u00e9g, a Curve Pay. Az \u00f6sszes nagyobb k\u00f6z\u00f6ss\u00e9gi m\u00e9dia alkalmaz\u00e1s \u00e9s \u00fczenetk\u00fcld\u0151, mint a Facebook, Messenger, Viber, TikTok, Instagram, stb. gond n\u00e9lk\u00fcl telep\u00edthet\u0151 \u00e9s hiba n\u00e9lk\u00fcl haszn\u00e1lhat\u00f3. S\u0151t, nincs gond akkor sem, ha p\u00e9ld\u00e1ul Netflixezn\u00e9nk.<\/p>\n\n\n\n<p class=\"has-text-align-justify\">Lassacsk\u00e1n \u00e9p\u00fcl ki ez a Google-mentes Huawei \u00f6kosziszt\u00e9ma, de a kor\u00e1bbi Huawei P40 Pro \u00e9s P40 Lite tulajdonosok sokas\u00e1ga haszn\u00e1lja ezt a rendszert az elm\u00falt k\u00e9t \u00e9vben, ami azt bizony\u00edtja, hogy b\u00e1r akadnak kompromisszumok, de nem hal\u00e1lra \u00edt\u00e9lt elk\u00e9pzel\u00e9s egy HMS-es telefon.<\/p>\n\n\n\n<figure class=\"wp-block-image size-large\"><img loading=\"lazy\" decoding=\"async\" width=\"1024\" height=\"556\" src=\"https:\/\/hir.mediamarkt.hu\/magazin\/wp-content\/uploads\/2022\/02\/huawei-p50-pro-mediamarkt-teszt-1-1024x556.jpg\" alt=\"\" class=\"wp-image-14062\" srcset=\"https:\/\/hir.mediamarkt.hu\/magazin\/wp-content\/uploads\/2022\/02\/huawei-p50-pro-mediamarkt-teszt-1-1024x556.jpg 1024w, https:\/\/hir.mediamarkt.hu\/magazin\/wp-content\/uploads\/2022\/02\/huawei-p50-pro-mediamarkt-teszt-1-300x163.jpg 300w, https:\/\/hir.mediamarkt.hu\/magazin\/wp-content\/uploads\/2022\/02\/huawei-p50-pro-mediamarkt-teszt-1-275x149.jpg 275w, https:\/\/hir.mediamarkt.hu\/magazin\/wp-content\/uploads\/2022\/02\/huawei-p50-pro-mediamarkt-teszt-1-768x417.jpg 768w, https:\/\/hir.mediamarkt.hu\/magazin\/wp-content\/uploads\/2022\/02\/huawei-p50-pro-mediamarkt-teszt-1.jpg 1200w\" sizes=\"(max-width: 1024px) 100vw, 1024px\" \/><\/figure>\n\n\n\n<p class=\"has-text-align-justify\">A Huawei P50 Pro egy \u00e9rdekes modell, \u00e9rdekes funkci\u00f3kkal \u00e9s n\u00e9h\u00e1ny szoftveres komplik\u00e1ci\u00f3val. K\u00e9tf\u00e9le sz\u00ednben kaphat\u00f3: <a href=\"https:\/\/www.mediamarkt.hu\/hu\/product\/_huawei-p50-pro-8-256-gb-dualsim-arany-k%C3%A1rtyaf%C3%BCggetlen-okostelefon-1376585.html\" target=\"_blank\" rel=\"noreferrer noopener\">arany<\/a> \u00e9s <a href=\"https:\/\/www.mediamarkt.hu\/hu\/product\/_huawei-p50-pro-8-256-gb-dualsim-fekete-k%C3%A1rtyaf%C3%BCggetlen-okostelefon-1376586.html\" target=\"_blank\" rel=\"noreferrer noopener\">fekete<\/a>. Ennek ellen\u00e9re, mindenk\u00e9ppen egy nagyon j\u00f3 telefon, amely Google t\u00e1mogat\u00e1ssal val\u00f3sz\u00edn\u0171leg az egyik legn\u00e9pszer\u0171bb modell lenne a fels\u0151kateg\u00f3ri\u00e1s telefonok piac\u00e1n, viszont a HMS rendszerrel enn\u00e9l az\u00e9rt alacsonyabb sikerrel kell egyel\u0151re be\u00e9rnie.&nbsp;<\/p>\n\n\n\n<h2 class=\"wp-block-heading\"><a href=\"https:\/\/hir.mediamarkt.hu\/magazin\/huawei-nova-8i-teszt\/\" target=\"_blank\" rel=\"noreferrer noopener\">HUAWEI NOVA 8I TESZT \u2013 \u00dcDV \u00daJRA ITTHON!<\/a><\/h2>\n\n\n\n<h2 class=\"wp-block-heading\"><a href=\"https:\/\/hir.mediamarkt.hu\/magazin\/huawei-matepad-11-teszt-harmonikus-kapcsolat\/\" target=\"_blank\" rel=\"noreferrer noopener\">HUAWEI MATEPAD 11 TESZT: HARMONIKUS KAPCSOLAT<\/a><\/h2>\n","protected":false},"excerpt":{"rendered":"A Huawei a P50-es sz\u00e9ri\u00e1val nyitotta meg a 2022-es \u00e9v\u00e9t Magyarorsz\u00e1gon! Febru\u00e1rt\u00f3l \u00e9rhet\u0151 el a P50 Pro \u00e9s a P50 Pocket, ezekb\u0151l az el\u0151bbit tesztelt\u00fck els\u0151nek. Ezt megel\u0151z\u0151en 2020-ben mutatott be haz\u00e1nkban cs\u00facsmodellt a Huawei, el\u0151bb a P40 Pr\u00f3t, majd a Mate40 Pr\u00f3t. 2021-ben csak a Nova 9-cel \u00e9s a Nova 8i-vel b\u0151v\u00fclt a Huawei telefon k\u00edn\u00e1latunk web\u00e1ruh\u00e1zunkban \u00e9s \u00e1ruh\u00e1zainkban. \u00dagy t\u0171nik azonban, hogy 2022-ben ism\u00e9t rendesen r\u00e1kapcsol a k\u00ednai gy\u00e1rt\u00f3, hiszen m\u00e1r itt is van a piacon k\u00e9t fels\u0151kateg\u00f3ri\u00e1s k\u00e9sz\u00fcl\u00e9k, a P50 Pro \u00e9s a P50 Pocket.&nbsp; Nem felejtett el j\u00f3 telefont gy\u00e1rtani a Huawei A Huawei P50 Pro modellre sokat v\u00e1rtak a rajong\u00f3k, de \u00f6sszess\u00e9g\u00e9ben meg\u00e9rte, le is \u00edrjuk a teszt\u00fcnkben, hogy mi\u00e9rt. A k\u00e9pi vil\u00e1gra kor\u00e1bban sem &#8230;","protected":false},"author":34,"featured_media":14328,"comment_status":"open","ping_status":"open","sticky":false,"template":"","format":"standard","meta":{"wprm-recipe-roundup-name":"","wprm-recipe-roundup-description":"","footnotes":""},"categories":[5957,5944],"tags":[],"yoast_head":"<!-- This site is optimized with the Yoast SEO plugin v22.9 - https:\/\/yoast.com\/wordpress\/plugins\/seo\/ -->\n<title>Huawei P50 Pro teszt - a meg nem \u00e9rtett cs\u00facsmodell - MediaMarkt Magazin<\/title>\n<meta name=\"description\" content=\"\u00dajra fels\u0151kateg\u00f3ri\u00e1s telefont hozott Magyarorsz\u00e1gra a Huawei, letesztelt\u00fck a szuper kamer\u00e1kkal rendelkez\u0151 P50 Pro modellt.\" \/>\n<meta name=\"robots\" content=\"index, follow, max-snippet:-1, max-image-preview:large, max-video-preview:-1\" \/>\n<link rel=\"canonical\" href=\"https:\/\/hir.mediamarkt.hu\/magazin\/huawei-p50-pro-teszt-a-meg-nem-ertett-csucsmodell\/\" \/>\n<meta property=\"og:locale\" content=\"hu_HU\" \/>\n<meta property=\"og:type\" content=\"article\" \/>\n<meta property=\"og:title\" content=\"Huawei P50 Pro teszt - a meg nem \u00e9rtett cs\u00facsmodell - MediaMarkt Magazin\" \/>\n<meta property=\"og:description\" content=\"\u00dajra fels\u0151kateg\u00f3ri\u00e1s telefont hozott Magyarorsz\u00e1gra a Huawei, letesztelt\u00fck a szuper kamer\u00e1kkal rendelkez\u0151 P50 Pro modellt.\" \/>\n<meta property=\"og:url\" content=\"https:\/\/hir.mediamarkt.hu\/magazin\/huawei-p50-pro-teszt-a-meg-nem-ertett-csucsmodell\/\" \/>\n<meta property=\"og:site_name\" content=\"MediaMarkt Magazin\" \/>\n<meta property=\"article:publisher\" content=\"https:\/\/www.facebook.com\/MediaMarktMagyarorszag\" \/>\n<meta property=\"article:published_time\" content=\"2022-02-09T10:28:07+00:00\" \/>\n<meta property=\"article:modified_time\" content=\"2022-02-24T16:21:01+00:00\" \/>\n<meta property=\"og:image\" content=\"https:\/\/hir.mediamarkt.hu\/magazin\/wp-content\/uploads\/2022\/02\/Huawei_P50_Pro_teszt.png\" \/>\n\t<meta property=\"og:image:width\" content=\"1024\" \/>\n\t<meta property=\"og:image:height\" content=\"619\" \/>\n\t<meta property=\"og:image:type\" content=\"image\/png\" \/>\n<meta name=\"author\" content=\"Kov\u00e1cs \u00c1d\u00e1m\" \/>\n<meta name=\"twitter:label1\" content=\"Szerz\u0151:\" \/>\n\t<meta name=\"twitter:data1\" content=\"Kov\u00e1cs \u00c1d\u00e1m\" \/>\n\t<meta name=\"twitter:label2\" content=\"Becs\u00fclt olvas\u00e1si id\u0151\" \/>\n\t<meta name=\"twitter:data2\" content=\"14 perc\" \/>\n<script type=\"application\/ld+json\" class=\"yoast-schema-graph\">{\"@context\":\"https:\/\/schema.org\",\"@graph\":[{\"@type\":\"WebPage\",\"@id\":\"https:\/\/hir.mediamarkt.hu\/magazin\/huawei-p50-pro-teszt-a-meg-nem-ertett-csucsmodell\/\",\"url\":\"https:\/\/hir.mediamarkt.hu\/magazin\/huawei-p50-pro-teszt-a-meg-nem-ertett-csucsmodell\/\",\"name\":\"Huawei P50 Pro teszt - a meg nem \u00e9rtett cs\u00facsmodell - MediaMarkt Magazin\",\"isPartOf\":{\"@id\":\"https:\/\/hir.mediamarkt.hu\/magazin\/#website\"},\"primaryImageOfPage\":{\"@id\":\"https:\/\/hir.mediamarkt.hu\/magazin\/huawei-p50-pro-teszt-a-meg-nem-ertett-csucsmodell\/#primaryimage\"},\"image\":{\"@id\":\"https:\/\/hir.mediamarkt.hu\/magazin\/huawei-p50-pro-teszt-a-meg-nem-ertett-csucsmodell\/#primaryimage\"},\"thumbnailUrl\":\"https:\/\/hir.mediamarkt.hu\/magazin\/wp-content\/uploads\/2022\/02\/Huawei_P50_Pro_teszt.png\",\"datePublished\":\"2022-02-09T10:28:07+00:00\",\"dateModified\":\"2022-02-24T16:21:01+00:00\",\"author\":{\"@id\":\"https:\/\/hir.mediamarkt.hu\/magazin\/#\/schema\/person\/eb6407def37d68930e61b9ccc0d2b12b\"},\"description\":\"\u00dajra fels\u0151kateg\u00f3ri\u00e1s telefont hozott Magyarorsz\u00e1gra a Huawei, letesztelt\u00fck a szuper kamer\u00e1kkal rendelkez\u0151 P50 Pro modellt.\",\"breadcrumb\":{\"@id\":\"https:\/\/hir.mediamarkt.hu\/magazin\/huawei-p50-pro-teszt-a-meg-nem-ertett-csucsmodell\/#breadcrumb\"},\"inLanguage\":\"hu\",\"potentialAction\":[{\"@type\":\"ReadAction\",\"target\":[\"https:\/\/hir.mediamarkt.hu\/magazin\/huawei-p50-pro-teszt-a-meg-nem-ertett-csucsmodell\/\"]}]},{\"@type\":\"ImageObject\",\"inLanguage\":\"hu\",\"@id\":\"https:\/\/hir.mediamarkt.hu\/magazin\/huawei-p50-pro-teszt-a-meg-nem-ertett-csucsmodell\/#primaryimage\",\"url\":\"https:\/\/hir.mediamarkt.hu\/magazin\/wp-content\/uploads\/2022\/02\/Huawei_P50_Pro_teszt.png\",\"contentUrl\":\"https:\/\/hir.mediamarkt.hu\/magazin\/wp-content\/uploads\/2022\/02\/Huawei_P50_Pro_teszt.png\",\"width\":1024,\"height\":619},{\"@type\":\"BreadcrumbList\",\"@id\":\"https:\/\/hir.mediamarkt.hu\/magazin\/huawei-p50-pro-teszt-a-meg-nem-ertett-csucsmodell\/#breadcrumb\",\"itemListElement\":[{\"@type\":\"ListItem\",\"position\":1,\"name\":\"Kezd\u0151lap\",\"item\":\"https:\/\/hir.mediamarkt.hu\/magazin\/\"},{\"@type\":\"ListItem\",\"position\":2,\"name\":\"Tesztelt\u00fck\",\"item\":\"https:\/\/hir.mediamarkt.hu\/magazin\/teszteltuk\/\"},{\"@type\":\"ListItem\",\"position\":3,\"name\":\"Huawei P50 Pro teszt &#8211; a meg nem \u00e9rtett cs\u00facsmodell\"}]},{\"@type\":\"WebSite\",\"@id\":\"https:\/\/hir.mediamarkt.hu\/magazin\/#website\",\"url\":\"https:\/\/hir.mediamarkt.hu\/magazin\/\",\"name\":\"MediaMarkt Magazin\",\"description\":\"Olvass bele magazinunkba!\",\"potentialAction\":[{\"@type\":\"SearchAction\",\"target\":{\"@type\":\"EntryPoint\",\"urlTemplate\":\"https:\/\/hir.mediamarkt.hu\/magazin\/?s={search_term_string}\"},\"query-input\":\"required name=search_term_string\"}],\"inLanguage\":\"hu\"},{\"@type\":\"Person\",\"@id\":\"https:\/\/hir.mediamarkt.hu\/magazin\/#\/schema\/person\/eb6407def37d68930e61b9ccc0d2b12b\",\"name\":\"Kov\u00e1cs \u00c1d\u00e1m\",\"image\":{\"@type\":\"ImageObject\",\"inLanguage\":\"hu\",\"@id\":\"https:\/\/hir.mediamarkt.hu\/magazin\/#\/schema\/person\/image\/\",\"url\":\"https:\/\/secure.gravatar.com\/avatar\/7f17d39fcf146db446aab8f0a0b84bce?s=96&d=mm&r=g\",\"contentUrl\":\"https:\/\/secure.gravatar.com\/avatar\/7f17d39fcf146db446aab8f0a0b84bce?s=96&d=mm&r=g\",\"caption\":\"Kov\u00e1cs \u00c1d\u00e1m\"}}]}<\/script>\n<!-- \/ Yoast SEO plugin. -->","yoast_head_json":{"title":"Huawei P50 Pro teszt - a meg nem \u00e9rtett cs\u00facsmodell - MediaMarkt Magazin","description":"\u00dajra fels\u0151kateg\u00f3ri\u00e1s telefont hozott Magyarorsz\u00e1gra a Huawei, letesztelt\u00fck a szuper kamer\u00e1kkal rendelkez\u0151 P50 Pro modellt.","robots":{"index":"index","follow":"follow","max-snippet":"max-snippet:-1","max-image-preview":"max-image-preview:large","max-video-preview":"max-video-preview:-1"},"canonical":"https:\/\/hir.mediamarkt.hu\/magazin\/huawei-p50-pro-teszt-a-meg-nem-ertett-csucsmodell\/","og_locale":"hu_HU","og_type":"article","og_title":"Huawei P50 Pro teszt - a meg nem \u00e9rtett cs\u00facsmodell - MediaMarkt Magazin","og_description":"\u00dajra fels\u0151kateg\u00f3ri\u00e1s telefont hozott Magyarorsz\u00e1gra a Huawei, letesztelt\u00fck a szuper kamer\u00e1kkal rendelkez\u0151 P50 Pro modellt.","og_url":"https:\/\/hir.mediamarkt.hu\/magazin\/huawei-p50-pro-teszt-a-meg-nem-ertett-csucsmodell\/","og_site_name":"MediaMarkt Magazin","article_publisher":"https:\/\/www.facebook.com\/MediaMarktMagyarorszag","article_published_time":"2022-02-09T10:28:07+00:00","article_modified_time":"2022-02-24T16:21:01+00:00","og_image":[{"width":1024,"height":619,"url":"https:\/\/hir.mediamarkt.hu\/magazin\/wp-content\/uploads\/2022\/02\/Huawei_P50_Pro_teszt.png","type":"image\/png"}],"author":"Kov\u00e1cs \u00c1d\u00e1m","twitter_misc":{"Szerz\u0151:":"Kov\u00e1cs \u00c1d\u00e1m","Becs\u00fclt olvas\u00e1si id\u0151":"14 perc"},"schema":{"@context":"https:\/\/schema.org","@graph":[{"@type":"WebPage","@id":"https:\/\/hir.mediamarkt.hu\/magazin\/huawei-p50-pro-teszt-a-meg-nem-ertett-csucsmodell\/","url":"https:\/\/hir.mediamarkt.hu\/magazin\/huawei-p50-pro-teszt-a-meg-nem-ertett-csucsmodell\/","name":"Huawei P50 Pro teszt - a meg nem \u00e9rtett cs\u00facsmodell - MediaMarkt Magazin","isPartOf":{"@id":"https:\/\/hir.mediamarkt.hu\/magazin\/#website"},"primaryImageOfPage":{"@id":"https:\/\/hir.mediamarkt.hu\/magazin\/huawei-p50-pro-teszt-a-meg-nem-ertett-csucsmodell\/#primaryimage"},"image":{"@id":"https:\/\/hir.mediamarkt.hu\/magazin\/huawei-p50-pro-teszt-a-meg-nem-ertett-csucsmodell\/#primaryimage"},"thumbnailUrl":"https:\/\/hir.mediamarkt.hu\/magazin\/wp-content\/uploads\/2022\/02\/Huawei_P50_Pro_teszt.png","datePublished":"2022-02-09T10:28:07+00:00","dateModified":"2022-02-24T16:21:01+00:00","author":{"@id":"https:\/\/hir.mediamarkt.hu\/magazin\/#\/schema\/person\/eb6407def37d68930e61b9ccc0d2b12b"},"description":"\u00dajra fels\u0151kateg\u00f3ri\u00e1s telefont hozott Magyarorsz\u00e1gra a Huawei, letesztelt\u00fck a szuper kamer\u00e1kkal rendelkez\u0151 P50 Pro modellt.","breadcrumb":{"@id":"https:\/\/hir.mediamarkt.hu\/magazin\/huawei-p50-pro-teszt-a-meg-nem-ertett-csucsmodell\/#breadcrumb"},"inLanguage":"hu","potentialAction":[{"@type":"ReadAction","target":["https:\/\/hir.mediamarkt.hu\/magazin\/huawei-p50-pro-teszt-a-meg-nem-ertett-csucsmodell\/"]}]},{"@type":"ImageObject","inLanguage":"hu","@id":"https:\/\/hir.mediamarkt.hu\/magazin\/huawei-p50-pro-teszt-a-meg-nem-ertett-csucsmodell\/#primaryimage","url":"https:\/\/hir.mediamarkt.hu\/magazin\/wp-content\/uploads\/2022\/02\/Huawei_P50_Pro_teszt.png","contentUrl":"https:\/\/hir.mediamarkt.hu\/magazin\/wp-content\/uploads\/2022\/02\/Huawei_P50_Pro_teszt.png","width":1024,"height":619},{"@type":"BreadcrumbList","@id":"https:\/\/hir.mediamarkt.hu\/magazin\/huawei-p50-pro-teszt-a-meg-nem-ertett-csucsmodell\/#breadcrumb","itemListElement":[{"@type":"ListItem","position":1,"name":"Kezd\u0151lap","item":"https:\/\/hir.mediamarkt.hu\/magazin\/"},{"@type":"ListItem","position":2,"name":"Tesztelt\u00fck","item":"https:\/\/hir.mediamarkt.hu\/magazin\/teszteltuk\/"},{"@type":"ListItem","position":3,"name":"Huawei P50 Pro teszt &#8211; a meg nem \u00e9rtett cs\u00facsmodell"}]},{"@type":"WebSite","@id":"https:\/\/hir.mediamarkt.hu\/magazin\/#website","url":"https:\/\/hir.mediamarkt.hu\/magazin\/","name":"MediaMarkt Magazin","description":"Olvass bele magazinunkba!","potentialAction":[{"@type":"SearchAction","target":{"@type":"EntryPoint","urlTemplate":"https:\/\/hir.mediamarkt.hu\/magazin\/?s={search_term_string}"},"query-input":"required name=search_term_string"}],"inLanguage":"hu"},{"@type":"Person","@id":"https:\/\/hir.mediamarkt.hu\/magazin\/#\/schema\/person\/eb6407def37d68930e61b9ccc0d2b12b","name":"Kov\u00e1cs \u00c1d\u00e1m","image":{"@type":"ImageObject","inLanguage":"hu","@id":"https:\/\/hir.mediamarkt.hu\/magazin\/#\/schema\/person\/image\/","url":"https:\/\/secure.gravatar.com\/avatar\/7f17d39fcf146db446aab8f0a0b84bce?s=96&d=mm&r=g","contentUrl":"https:\/\/secure.gravatar.com\/avatar\/7f17d39fcf146db446aab8f0a0b84bce?s=96&d=mm&r=g","caption":"Kov\u00e1cs \u00c1d\u00e1m"}}]}},"_links":{"self":[{"href":"https:\/\/hir.mediamarkt.hu\/magazin\/wp-json\/wp\/v2\/posts\/14040"}],"collection":[{"href":"https:\/\/hir.mediamarkt.hu\/magazin\/wp-json\/wp\/v2\/posts"}],"about":[{"href":"https:\/\/hir.mediamarkt.hu\/magazin\/wp-json\/wp\/v2\/types\/post"}],"author":[{"embeddable":true,"href":"https:\/\/hir.mediamarkt.hu\/magazin\/wp-json\/wp\/v2\/users\/34"}],"replies":[{"embeddable":true,"href":"https:\/\/hir.mediamarkt.hu\/magazin\/wp-json\/wp\/v2\/comments?post=14040"}],"version-history":[{"count":14,"href":"https:\/\/hir.mediamarkt.hu\/magazin\/wp-json\/wp\/v2\/posts\/14040\/revisions"}],"predecessor-version":[{"id":14179,"href":"https:\/\/hir.mediamarkt.hu\/magazin\/wp-json\/wp\/v2\/posts\/14040\/revisions\/14179"}],"wp:featuredmedia":[{"embeddable":true,"href":"https:\/\/hir.mediamarkt.hu\/magazin\/wp-json\/wp\/v2\/media\/14328"}],"wp:attachment":[{"href":"https:\/\/hir.mediamarkt.hu\/magazin\/wp-json\/wp\/v2\/media?parent=14040"}],"wp:term":[{"taxonomy":"category","embeddable":true,"href":"https:\/\/hir.mediamarkt.hu\/magazin\/wp-json\/wp\/v2\/categories?post=14040"},{"taxonomy":"post_tag","embeddable":true,"href":"https:\/\/hir.mediamarkt.hu\/magazin\/wp-json\/wp\/v2\/tags?post=14040"}],"curies":[{"name":"wp","href":"https:\/\/api.w.org\/{rel}","templated":true}]}}