{"id":14093,"date":"2022-02-09T14:08:32","date_gmt":"2022-02-09T13:08:32","guid":{"rendered":"https:\/\/hir.mediamarkt.hu\/magazin\/?p=14093"},"modified":"2024-10-03T13:11:32","modified_gmt":"2024-10-03T12:11:32","slug":"mobilcsere-program-igy-elhetsz-az-allami-tamogatassal","status":"publish","type":"post","link":"https:\/\/hir.mediamarkt.hu\/magazin\/mobilcsere-program-igy-elhetsz-az-allami-tamogatassal\/","title":{"rendered":"Mobilcsere program &#8211; \u00edgy \u00e9lhetsz az \u00e1llami t\u00e1mogat\u00e1ssal"},"content":{"rendered":"\n<p class=\"has-text-align-justify\">Febru\u00e1rban indul az NMHH mobilcsere programja, amellyel lehet\u0151s\u00e9g lesz (els\u0151 k\u00f6rben) ak\u00e1r 20 ezer forint \u00e1llami &#8222;moderniz\u00e1ci\u00f3s&#8221; t\u00e1mogat\u00e1ssal lecser\u00e9lni a kor\u00e1bbi, 3G-n\u00e9l fejlettebb h\u00e1l\u00f3zatot nem t\u00e1mogat\u00f3 k\u00e9sz\u00fcl\u00e9keket.<\/p>\n\n\n\n<h2 class=\"wp-block-heading\">Mi\u00e9rt kell lecser\u00e9lni a r\u00e9gi 3G-s telefonokat?<\/h2>\n\n\n\n<p class=\"has-text-align-justify\">A magyarorsz\u00e1gi szolg\u00e1ltat\u00f3k 2022-ben megkezdik a 3G h\u00e1l\u00f3zatok lekapcsol\u00e1s\u00e1t. Jelenleg n\u00e9gyf\u00e9le h\u00e1l\u00f3zati gener\u00e1ci\u00f3t \u00fczemeltetnek a magyar szolg\u00e1ltat\u00f3k (2G, 3G, 4G, 5G). <\/p>\n\n\n\n<figure class=\"wp-block-image size-large\"><img loading=\"lazy\" decoding=\"async\" width=\"1024\" height=\"767\" src=\"https:\/\/hir.mediamarkt.hu\/magazin\/wp-content\/uploads\/2022\/02\/mobilhalozati-torony-1024x767.jpg\" alt=\"\" class=\"wp-image-14103\" srcset=\"https:\/\/hir.mediamarkt.hu\/magazin\/wp-content\/uploads\/2022\/02\/mobilhalozati-torony-1024x767.jpg 1024w, https:\/\/hir.mediamarkt.hu\/magazin\/wp-content\/uploads\/2022\/02\/mobilhalozati-torony-300x225.jpg 300w, https:\/\/hir.mediamarkt.hu\/magazin\/wp-content\/uploads\/2022\/02\/mobilhalozati-torony-275x206.jpg 275w, https:\/\/hir.mediamarkt.hu\/magazin\/wp-content\/uploads\/2022\/02\/mobilhalozati-torony-768x575.jpg 768w, https:\/\/hir.mediamarkt.hu\/magazin\/wp-content\/uploads\/2022\/02\/mobilhalozati-torony-500x375.jpg 500w, https:\/\/hir.mediamarkt.hu\/magazin\/wp-content\/uploads\/2022\/02\/mobilhalozati-torony.jpg 1200w\" sizes=\"(max-width: 1024px) 100vw, 1024px\" \/><figcaption class=\"wp-element-caption\">A szolg\u00e1ltat\u00f3k a 3G-s h\u00e1l\u00f3zati megold\u00e1sokat 5G-re v\u00e1ltj\u00e1k, hogy n\u00f6velj\u00e9k annak kapacit\u00e1sait.<\/figcaption><\/figure>\n\n\n\n<p class=\"has-text-align-justify\">Annak idej\u00e9n a 3G-vel ny\u00edlt meg az igazi WAP \u00e9s telefonos internetes korszak, viszont ezt a 2010-es \u00e9vek elej\u00e9n elkezdte felv\u00e1ltani a 4G (LTE). Sokkal gyorsabb mobilinternetez\u00e9si lehet\u0151s\u00e9get ny\u00fajtott, megny\u00edlt a lehet\u0151s\u00e9g az akad\u00e1smentes videolej\u00e1tsz\u00e1sra telefonon az internetr\u0151l \u00e9s a nagy s\u00e1vsz\u00e9less\u00e9g tov\u00e1bbi el\u0151ny\u00f6ket ny\u00fajtott. A napjainkban beindul\u00f3 5G h\u00e1l\u00f3zat a leg\u00fajabb fejleszt\u00e9s, megn\u00f6velt sebess\u00e9ggel, alacsonyabb hib\u00e1s adatk\u00fcld\u00e9ssel. Ami miatt m\u00e9g fontosabb <strong>az 5G<\/strong>, hogy <strong>egy h\u00e1l\u00f3zati cell\u00e1n bel\u00fcl sokkal t\u00f6bb k\u00e9sz\u00fcl\u00e9ket tud azonos felt\u00e9telek mellett kiszolg\u00e1lni<\/strong>. Ha p\u00e9ld\u00e1ul egy nagy sportrendezv\u00e9nyre gondolunk, ahol t\u00f6bb t\u00edzezer ember van jelen egyszerre \u00e9s k\u00f6z\u00fcl\u00fck sokat interneteznek a telefonon, ezt a 3G \u00e9s 4G h\u00e1l\u00f3zatok nem, vagy csak korl\u00e1tozottan tudja kiszolg\u00e1lni, az 5G-s cell\u00e1nak  viszont ez m\u00e1r nem okoz gondot.<\/p>\n\n\n\n<p class=\"has-text-align-justify\">A magyar szolg\u00e1ltat\u00f3k teh\u00e1t az\u00e9rt kapcsolj\u00e1k le a 3G h\u00e1l\u00f3zatokat, hogy azok frekvenciatartom\u00e1ny\u00e1t az 5G h\u00e1l\u00f3zatok \u00fczemeltet\u00e9s\u00e9re haszn\u00e1lj\u00e1k, \u00edgy nagyobb kapacit\u00e1st tudnak biztos\u00edtani az \u00fajgener\u00e1ci\u00f3s h\u00e1l\u00f3zatokon kereszt\u00fcl.<\/p>\n\n\n\n<p class=\"has-text-align-justify\">Az NMHH felm\u00e9r\u00e9sei szerint, a magyar mobilinternetez\u0151k rendk\u00edv\u00fcl kis sz\u00e1zal\u00e9ka haszn\u00e1l csak 3G h\u00e1l\u00f3zatot, \u00edgy a probl\u00e9ma kev\u00e9s embert fog \u00e9rinteni. Nekik k\u00edn\u00e1lnak viszont most \u00e1llami t\u00e1mogat\u00e1st, moderniz\u00e1l\u00e1st a mobilcsere programmal.<\/p>\n\n\n\n<h2 class=\"wp-block-heading\">Milyen telefonokat lehet lecser\u00e9lni t\u00e1mogat\u00e1ssal?<\/h2>\n\n\n\n<ul>\n<li>Azok a k\u00e9sz\u00fcl\u00e9kek \u00e9rintettek, amelyek <strong>legfeljebb 3G h\u00e1l\u00f3zatot t\u00e1mogatnak <\/strong>(4G-t \u00e9s 5G-t nem). A t\u00e1mogat\u00e1s els\u0151 f\u00e1zis\u00e1ban (2022.05.08-ig) csak olyan modellek t\u00e1mogatottak, amelyek 3G-k\u00e9pesek. A m\u00e1sodik peri\u00f3dusban 2022. m\u00e1jus 9-t\u0151l 2022. j\u00falius 17-ig lehet kiz\u00e1r\u00f3lag 2G t\u00e1mogat\u00e1s\u00fa (3G-t sem t\u00e1mogat\u00f3) modelleket is lecser\u00e9lni  (ezek jellemz\u0151en a hagyom\u00e1nyos, nyom\u00f3gombos telefonok).         <\/li>\n\n\n\n<li><strong>FONTOS!!! A fi\u00f3k alj\u00e1r\u00f3l el\u0151vett, m\u00e1r haszn\u00e1latban nem l\u00e9v\u0151 telefonokra nem lehet bev\u00e1ltani a t\u00e1mogat\u00e1st<\/strong>! A felt\u00e9telek k\u00f6z\u00e9 tartozik ugyanis, hogy a telefonon <strong>2021. j\u00falius 1. \u00e9s 2021. december 31. k\u00f6z\u00f6tt<\/strong> valamelyik magyarorsz\u00e1gi szolg\u00e1ltat\u00f3 (Magyar Telekom, Vodafone, Telenor \/Yettel\/, Digi) h\u00e1l\u00f3zat\u00e1n <strong>hangh\u00edv\u00e1st, vagy adatforgalmat bonyol\u00edtottak <\/strong>2G, vagy 3G h\u00e1l\u00f3zaton. <\/li>\n\n\n\n<li><strong>Magyarul csak azok a k\u00e9sz\u00fcl\u00e9kek cser\u00e9lhet\u0151k, amelyek a tavalyi \u00e9v m\u00e1sodik fel\u00e9ben t\u00e9nyleges voltak haszn\u00e1lva<\/strong><em><strong>. <\/strong><\/em><\/li>\n\n\n\n<li>Csak SIM k\u00e1rty\u00e1val, hangh\u00edv\u00e1sra alkalmas k\u00e9sz\u00fcl\u00e9k j\u00f6het sz\u00f3ba, \u00edgy p\u00e9ld\u00e1ul egy iPod Touch, vagy hangh\u00edv\u00e1sra nem alkalmas, mobilnetet t\u00e1mogat\u00f3 telefonra hasonl\u00edt\u00f3 eszk\u00f6z nem cser\u00e9lhet\u0151 be.<\/li>\n<\/ul>\n\n\n\n<ul>\n<li>Tov\u00e1bbi kit\u00e9tel, hogy b\u00e1r a k\u00e9sz\u00fcl\u00e9k lehet hib\u00e1san m\u0171k\u00f6d\u0151 (s\u00e9r\u00fclt kijelz\u0151vel, hi\u00e1nyz\u00f3 h\u00e1tlappal, csak t\u00f6lt\u0151r\u0151l bekapcsol\u00f3 rossz akkumul\u00e1torral, stb.), legal\u00e1bb olyan m\u00e9rt\u00e9kben m\u0171k\u00f6d\u0151k\u00e9pesnek kell lennie, hogy <strong>meg\u00e1llap\u00edthat\u00f3 legyen az IMEI sz\u00e1ma.<\/strong><\/li>\n\n\n\n<li>Akci\u00f3ban szerepl\u0151 telefonokat is lehet v\u00e1s\u00e1roli<\/li>\n<\/ul>\n\n\n\n<h2 class=\"wp-block-heading\">Ki v\u00e1lthatja be a 20 ezer forintos t\u00e1mogat\u00e1st?<\/h2>\n\n\n\n<ul>\n<li>Aki magyarorsz\u00e1gi lak\u00f3hellyel rendelkezik (\u00edgy k\u00fclf\u00f6ld\u00f6n \u00e9l\u0151k sz\u00e1m\u00e1ra nem j\u00f6het sz\u00f3ba a program)<\/li>\n\n\n\n<li>Term\u00e9szetes szem\u00e9ly, teh\u00e1t c\u00e9gek, v\u00e1llalkoz\u00e1sok nem. <\/li>\n\n\n\n<li>Egy szem\u00e9ly egyetlen egyszer p\u00e1ly\u00e1zhat, nem lehet t\u00f6bb r\u00e9gi telefont becser\u00e9lni. (A bev\u00e1lt\u00e1s sor\u00e1n sz\u00fcks\u00e9ges a szem\u00e9lyigazolv\u00e1ny \u00e9s a lakc\u00edmk\u00e1rtya.)<\/li>\n\n\n\n<li>Gyerekek is p\u00e1ly\u00e1zhatnak, nev\u00fckben a t\u00f6rv\u00e9nyes k\u00e9pvisel\u0151j\u00fck j\u00e1r el. Ilyenkor egy plusz nyilatkozatot kell csatolni a k\u00e9pviseleti jogosults\u00e1gr\u00f3l ( <a href=\"https:\/\/hir.mediamarkt.hu\/pdf\/MCS_2021_nyilatkozat%20k%C3%A9pviseti%20jogosults%C3%A1gr%C3%B3l.pdf\" target=\"_blank\" rel=\"noreferrer noopener\">l\u00e1sd csatolt mell\u00e9klet<\/a>). <\/li>\n\n\n\n<li>A p\u00e1ly\u00e1z\u00f3 meghatalmazottal is elj\u00e1rhat, ekkor viszont a p\u00e1ly\u00e1z\u00f3 \u00e1ltal<strong> IS <\/strong>al\u00e1\u00edrt, megfelel\u0151 meghatalmaz\u00e1st is csatolni kell, l\u00e1sd <a href=\"https:\/\/hir.mediamarkt.hu\/pdf\/MCS_2021_meghatalmaz%C3%A1s%20minta.pdf\" target=\"_blank\" rel=\"noreferrer noopener\">csatolt pdf mell\u00e9klet<\/a>. <\/li>\n<\/ul>\n\n\n\n<h2 class=\"wp-block-heading\">Mire v\u00e1lthat\u00f3 be a 20 ezer forintos t\u00e1mogat\u00e1s?<\/h2>\n\n\n\n<p class=\"has-text-align-justify\">Olyan \u00faj telefonokra lehet felhaszn\u00e1lni a t\u00e1mogat\u00e1st, amelyek legal\u00e1bb 4G \u00e9s VoLTE technol\u00f3gi\u00e1kat t\u00e1mogatnak (5G-s k\u00e9sz\u00fcl\u00e9kekre is bev\u00e1lthat\u00f3) \u00e9s a brutt\u00f3 elad\u00e1si \u00e1ruk nem magasabb 120 ezer forintn\u00e1l.<\/p>\n\n\n\n<figure class=\"wp-block-image size-large\"><img loading=\"lazy\" decoding=\"async\" width=\"1000\" height=\"667\" src=\"https:\/\/hir.mediamarkt.hu\/magazin\/wp-content\/uploads\/2022\/02\/samsung-galaxy-j1.jpg\" alt=\"\" class=\"wp-image-14095\" srcset=\"https:\/\/hir.mediamarkt.hu\/magazin\/wp-content\/uploads\/2022\/02\/samsung-galaxy-j1.jpg 1000w, https:\/\/hir.mediamarkt.hu\/magazin\/wp-content\/uploads\/2022\/02\/samsung-galaxy-j1-300x200.jpg 300w, https:\/\/hir.mediamarkt.hu\/magazin\/wp-content\/uploads\/2022\/02\/samsung-galaxy-j1-275x183.jpg 275w, https:\/\/hir.mediamarkt.hu\/magazin\/wp-content\/uploads\/2022\/02\/samsung-galaxy-j1-768x512.jpg 768w\" sizes=\"(max-width: 1000px) 100vw, 1000px\" \/><figcaption class=\"wp-element-caption\">2015. janu\u00e1rj\u00e1ban deb\u00fct\u00e1lt a Samsung Galaxy J1 is, 4G t\u00e1mogat\u00e1s n\u00e9lk\u00fcl. Ha valaki m\u00e9g ilyet haszn\u00e1l, most t\u00e1mogat\u00e1ssal cser\u00e9lheti le egy \u00faj modellre. <\/figcaption><\/figure>\n\n\n\n<h5 class=\"wp-block-heading\">Mit jelent ez a gyakorlatban? <\/h5>\n\n\n\n<p>Ha valaki kin\u00e9l ez 119 990 forintba ker\u00fcl\u0151 okostelefont, akkor a p\u00e1ly\u00e1zat bev\u00e1lt\u00e1s\u00e1val v\u00e9g\u00fcl 99 990 forintot fog csak t\u00e9nylegesen kifizetni.&nbsp;<\/p>\n\n\n\n<p class=\"has-text-align-justify\">Abban az esetben, ha a kin\u00e9zett telefon \u00e1ra alacsonyabb, mint 20 ezer forint, p\u00e9ld\u00e1ul brutt\u00f3 17 990 forint, akkor a t\u00e1mogat\u00e1s m\u00e9rt\u00e9ke a k\u00e9sz\u00fcl\u00e9k v\u00e9tel\u00e1ra lehet maximum. A k\u00e9sz\u00fcl\u00e9k \u00e9rt\u00e9k\u00e9t nem lehet m\u00e1s m\u00f3don megn\u00f6velni, p\u00e9ld\u00e1ul a vele egyszerre megv\u00e1s\u00e1rolt tokkal \u00f6sszevonni. <\/p>\n\n\n\n<figure class=\"wp-block-image size-large\"><img loading=\"lazy\" decoding=\"async\" width=\"1024\" height=\"682\" src=\"https:\/\/hir.mediamarkt.hu\/magazin\/wp-content\/uploads\/2022\/02\/huawei-mate-30-pro-1024x682.jpg\" alt=\"\" class=\"wp-image-14097\" srcset=\"https:\/\/hir.mediamarkt.hu\/magazin\/wp-content\/uploads\/2022\/02\/huawei-mate-30-pro-1024x682.jpg 1024w, https:\/\/hir.mediamarkt.hu\/magazin\/wp-content\/uploads\/2022\/02\/huawei-mate-30-pro-300x200.jpg 300w, https:\/\/hir.mediamarkt.hu\/magazin\/wp-content\/uploads\/2022\/02\/huawei-mate-30-pro-275x183.jpg 275w, https:\/\/hir.mediamarkt.hu\/magazin\/wp-content\/uploads\/2022\/02\/huawei-mate-30-pro-768x512.jpg 768w, https:\/\/hir.mediamarkt.hu\/magazin\/wp-content\/uploads\/2022\/02\/huawei-mate-30-pro.jpg 1280w\" sizes=\"(max-width: 1024px) 100vw, 1024px\" \/><figcaption class=\"wp-element-caption\">Maximum 120 ezer forintos, 4G \u00e9s VoLTE vagy 5G k\u00e9pes telefonon lehet v\u00e1s\u00e1rolni a t\u00e1mogat\u00e1ssal<\/figcaption><\/figure>\n\n\n\n<p class=\"has-text-align-justify\"><strong>A bev\u00e1lt\u00e1s kiz\u00e1r\u00f3lag szem\u00e9lyes, \u00e1ruh\u00e1zi \u00e9rt\u00e9kes\u00edt\u00e9ssel t\u00f6rt\u00e9nhet<\/strong>,<strong> online web\u00e1ruh\u00e1zi megrendel\u00e9ssel nem.<\/strong> <\/p>\n\n\n\n<p class=\"has-text-align-justify\">A t\u00e1mogat\u00e1sra v\u00e1s\u00e1rolt k\u00e9sz\u00fcl\u00e9kt\u0151l nem lehet el\u00e1llni.<\/p>\n\n\n\n<p class=\"has-text-align-justify\">A v\u00e1s\u00e1rl\u00e1s sor\u00e1n lehet\u0151s\u00e9g van \u00e1ruhitelt ig\u00e9nyelni a k\u00e9sz\u00fcl\u00e9kre (<a href=\"https:\/\/www.mediamarkt.hu\/hu\/shop\/aruhazi-hitel.html\" target=\"_blank\" rel=\"noreferrer noopener\">\u00e1ruhitel t\u00e1j\u00e9koztat\u00f3 ide kattintva olvashat\u00f3,<\/a> az \u00e1ruh\u00e1zaink hitel\u00fcgyint\u00e9z\u0151 pultjain\u00e1l koll\u00e9g\u00e1ink \u00e1llnak rendelkez\u00e9sre seg\u00edteni). Emellett a j\u00f3t\u00e1ll\u00e1si id\u0151 a teljes v\u00e9tel\u00e1r alapj\u00e1n ker\u00fcl meg\u00e1llap\u00edt\u00e1sra. Azaz ha a k\u00e9sz\u00fcl\u00e9k \u00e9rt\u00e9ke a t\u00e1mogat\u00e1ssal egy\u00fctt 10 000 &#8211; 100 000 Ft, akkor 1 \u00e9v j\u00f3t\u00e1ll\u00e1s vonatkozik r\u00e1, ha 100 001 \u00e9s 120 000 forint k\u00f6z\u00f6tti, akkor 2 \u00e9v j\u00f3t\u00e1ll\u00e1s \u00e9l r\u00e1.<\/p>\n\n\n\n<p><strong>A megv\u00e1s\u00e1rolt telefonokra \u00e9rdemes lehet <a href=\"https:\/\/www.mediamarkt.hu\/hu\/shop\/garancia-plusz.html\" target=\"_blank\" rel=\"noreferrer noopener\">Garancia Plusz csomagot<\/a> k\u00f6tni, amellyel kiterjeszthet\u0151 a j\u00f3t\u00e1ll\u00e1s, s\u0151t ak\u00e1r lop\u00e1sra, t\u00f6r\u00e9sre biztons\u00e1got ny\u00fajt.<\/strong><\/p>\n\n\n\n<h2 class=\"wp-block-heading\">Mikor \u00e9s hogyan ig\u00e9nyelhet\u0151 a t\u00e1mogat\u00e1s?<\/h2>\n\n\n\n<p class=\"has-text-align-justify\">A t\u00e1mogat\u00e1si peri\u00f3dusnak k\u00e9t id\u0151szaka van. A p\u00e1ly\u00e1zati forr\u00e1s 5 milli\u00e1rd forint, ez 250 ezer darab telefon t\u00e1mogatott cser\u00e9j\u00e9t teszi lehet\u0151v\u00e9 (a maxim\u00e1lis, 20 ezer forintos t\u00e1mogat\u00e1s eset\u00e9n). A t\u00e1mogat\u00e1st szem\u00e9lyesen, az \u00e1ruh\u00e1zakban lehet ig\u00e9nyelni.&nbsp;Online \u00fcgyint\u00e9z\u00e9sre nincs lehet\u0151s\u00e9g.<\/p>\n\n\n\n<p class=\"has-text-align-justify\"><strong>Az els\u0151  peri\u00f3dus 2022. febru\u00e1r 14-t\u0151l 2022. m\u00e1jus 8-ig tart.<\/strong> Ez id\u0151 alatt azon telefonokra lehet beny\u00fajtani t\u00e1mogat\u00e1si ig\u00e9nyt, amelyek t\u00e1mogatnak 3G-t, \u00fajabb h\u00e1l\u00f3zatot viszont m\u00e1r nem.<\/p>\n\n\n\n<p class=\"has-text-align-justify\">A m\u00e1sodik peri\u00f3dusban<strong> 2022. m\u00e1jus 9-t\u0151l 2022. j\u00falius 17-ig <\/strong>lehet kiz\u00e1r\u00f3lag 2G t\u00e1mogat\u00e1s\u00fa (akkor m\u00e1r a 3G-t sem t\u00e1mogat\u00f3) modelleket is lecser\u00e9lni. <em>Ez csak akkor indul el, ha m\u00e1jus 8-ig nem mer\u00fcl ki az 5 milli\u00e1rd forintos t\u00e1mogat\u00e1si keret. <\/em><\/p>\n\n\n\n<h2 class=\"wp-block-heading\">A t\u00e1mogat\u00e1si elj\u00e1r\u00e1s menete l\u00e9p\u00e9sr\u0151l-l\u00e9p\u00e9sre:<\/h2>\n\n\n\n<ul>\n<li>Bem\u00e9sz valamelyik MediaMarkt \u00e1ruh\u00e1zba a <strong>r\u00e9gi k\u00e9sz\u00fcl\u00e9kkel<\/strong>, <strong>szem\u00e9lyigazolv\u00e1nnyal<\/strong>, <strong>lakc\u00edmk\u00e1rty\u00e1val <\/strong>\u00e9s k\u00e9rd a p\u00e1ly\u00e1zat beny\u00fajt\u00e1s\u00e1t a szaktan\u00e1csad\u00f3 koll\u00e9g\u00e1kt\u00f3l.<\/li>\n\n\n\n<li>\u0150k ellen\u0151rzik az adatokat \u00e9s beny\u00fajtj\u00e1k a p\u00e1ly\u00e1zatot a k\u00f6zponti t\u00e1mogat\u00e1si rendszerbe.<\/li>\n\n\n\n<li>A p\u00e1ly\u00e1zat elb\u00edr\u00e1l\u00e1sa v\u00e1rhat\u00f3an f\u00e9l \u00f3r\u00e1n bel\u00fcl megt\u00f6rt\u00e9nik. <\/li>\n\n\n\n<li>A p\u00e1ly\u00e1zat elb\u00edr\u00e1l\u00e1sa alatt kiv\u00e1laszthat\u00f3 az \u00faj (maximum 120 000 Ft-os 4G \u00e9s LTE, vagy 5G t\u00e1mogat\u00e1s\u00fa) okostelefon. <\/li>\n\n\n\n<li>Pozit\u00edv elb\u00edr\u00e1l\u00e1s eset\u00e9n a lecser\u00e9lend\u0151 k\u00e9sz\u00fcl\u00e9ket le kell adni az \u00e1ruh\u00e1zban.\n<ul>\n<li>FONTOS!!!  A r\u00e9gi k\u00e9sz\u00fcl\u00e9kr\u0151l <strong>el\u0151zetesen minden szem\u00e9lyes adatot t\u00f6r\u00f6lni kell<\/strong>, err\u0151l az ig\u00e9nyl\u0151nek mag\u00e1nak kell gondoskodnia. Ha elfelejtetted sincs baj,&nbsp;<a href=\"https:\/\/www.mediamarkt.hu\/hu\/shop\/okospult.html\" target=\"_blank\" rel=\"noreferrer noopener\">adatk\u00f6lt\u00f6ztet\u00e9s szolg\u00e1ltat\u00e1sunkat<\/a> az Okospultban tudod megv\u00e1s\u00e1rolni, \u00edgy&nbsp;az adattartalmak \u00e1tment\u00e9s\u00e9ben, lement\u00e9s\u00e9ben azonnal tudunk seg\u00edteni. &nbsp;&nbsp;<\/li>\n<\/ul>\n<\/li>\n\n\n\n<li>Nem k\u00f6telez\u0151, de \u00e9rdemes lehet <a href=\"https:\/\/www.mediamarkt.hu\/hu\/shop\/garancia-plusz.html\" target=\"_blank\" rel=\"noreferrer noopener\">GARANCIA PLUSZ PLATINA<\/a> biztos\u00edt\u00e1st k\u00f6tni az \u00faj telefonra, mert a baleseti meghib\u00e1sod\u00e1son t\u00fal, v\u00edzk\u00e1rok, lop\u00e1s, rabl\u00e1s ellen is biztons\u00e1got ny\u00fajt &#8211; ezt szint\u00e9n az adott szaktan\u00e1csad\u00f3 koll\u00e9g\u00e1val lehet int\u00e9zni. <\/li>\n\n\n\n<li>Az \u00faj k\u00e9sz\u00fcl\u00e9ket a kassz\u00e1kn\u00e1l kell kifizetni. <\/li>\n<\/ul>\n\n\n\n<h2 class=\"wp-block-heading\">Gyakran ism\u00e9telt k\u00e9rd\u00e9sek<\/h2>\n\n\n\n<p><strong><em>Van egy r\u00e9gi Nokia 3210-es k\u00e9sz\u00fcl\u00e9kem, felhaszn\u00e1lhatom a t\u00e1mogat\u00e1si programban?<\/em><\/strong><\/p>\n\n\n\n<p>Ez a k\u00e9sz\u00fcl\u00e9k csak 2G-t t\u00e1mogat (3G-t sem). Emiatt a 2022. m\u00e1jus 9-t\u0151l 2022. j\u00falius 17-ig tart\u00f3 m\u00e1sodik p\u00e1ly\u00e1zati id\u0151szakban lehet r\u00e1 t\u00e1mogat\u00e1st ig\u00e9nyelni. Ennek felt\u00e9tele, hogy a telefon 2021. j\u00falius-december k\u00f6z\u00f6tt legal\u00e1bb egyszer a magyarorsz\u00e1gi telefonh\u00e1l\u00f3zatra csatlakozott \u00e9s hangh\u00edv\u00e1st bonyol\u00edtottak rajta, valamint ellen\u0151rizhet\u0151 az IMEI sz\u00e1ma.<\/p>\n\n\n\n<p><strong><em>R\u00e9gebbi, de 4G-s telefonom van, ezt is lecser\u00e9lhetem?<\/em><\/strong><\/p>\n\n\n\n<p>Nem, a t\u00e1mogat\u00e1sban kiz\u00e1r\u00f3lag azon telefonok vesznek r\u00e9szt, amelyek nem t\u00e1mogatnak 3G-n\u00e9l \u00fajabb (4G, 5G) h\u00e1l\u00f3zatot.<\/p>\n\n\n\n<p><strong><em>Honnan tudom, hogy k\u00e9sz\u00fcl\u00e9kem milyen h\u00e1l\u00f3zatokat t\u00e1mogat?<\/em><\/strong><\/p>\n\n\n\n<p>Az IMEI sz\u00e1mmal ellen\u0151rizni lehet a jogosults\u00e1got 2022. febru\u00e1r 14-t\u0151l a <a href=\"https:\/\/mobilcsere.nffku.hu\/\" target=\"_blank\" rel=\"noreferrer noopener\">https:\/\/mobilcsere.nffku.hu\/<\/a> weboldalon. Emellett \u00e1ruh\u00e1zainkban koll\u00e9g\u00e1ink is rendelkez\u00e9sre \u00e1llnak \u00e9s seg\u00edtenek k\u00e9rd\u00e9s eset\u00e9n.<\/p>\n\n\n\n<p><strong><em>Hol tal\u00e1lom az IMEI sz\u00e1mot? <\/em><\/strong><\/p>\n\n\n\n<p>Az IMEI sz\u00e1m megtal\u00e1lhat\u00f3 a k\u00e9sz\u00fcl\u00e9k doboz\u00e1n, a k\u00e9sz\u00fcl\u00e9ken (lehet a SIM t\u00e1lc\u00e1n, a h\u00e1tlap, vagy az akkumul\u00e1tor alatt), illetve a k\u00e9sz\u00fcl\u00e9k men\u00fcrendszer\u00e9ben is. <\/p>\n\n\n\n<p><strong><em>Meghatalmazott, vagy k\u00e9pviseletre jogosult szem\u00e9ly int\u00e9zheti m\u00e1s sz\u00e1m\u00e1ra a p\u00e1ly\u00e1zati \u00fcgyint\u00e9z\u00e9st?<\/em><\/strong><\/p>\n\n\n\n<p>Igen, azonban a p\u00e1ly\u00e1z\u00f3 adatain fel\u00fcl a k\u00f6vetkez\u0151 adatok is sz\u00fcks\u00e9gesek:<\/p>\n\n\n\n<ul>\n<li>K\u00e9pviselet jogc\u00edme, al\u00e1\u00edrt igazol\u00e1s mindkett\u0151 eset\u00e9n <\/li>\n\n\n\n<li>K\u00e9pviselo\u030b vezet\u00e9kneve<\/li>\n\n\n\n<li>K\u00e9pviselo\u030b keresztneve&nbsp;<\/li>\n\n\n\n<li>K\u00e9pviselo\u030b sz\u00fclet\u00e9si d\u00e1tuma,<\/li>\n\n\n\n<li>K\u00e9pviselo\u030b sz\u00fclet\u00e9si helye,<\/li>\n\n\n\n<li>K\u00e9pviselo\u030b szem\u00e9lyazonoss\u00e1g\u00e1t igazol\u00f3 okm\u00e1ny t\u00edpusa <\/li>\n\n\n\n<li>K\u00e9pviselo\u030b szem\u00e9lyi azonoss\u00e1got igazol\u00f3 okm\u00e1ny\u00e1nak sz\u00e1ma.&nbsp;<\/li>\n<\/ul>\n\n\n\n<p><strong><em>Ha egy csal\u00e1dban t\u00f6bb kiskor\u00fa gyermek sz\u00e1m\u00e1ra is le kell cser\u00e9lni a k\u00e9sz\u00fcl\u00e9ket, azt hogyan lehet t\u00e1mogat\u00e1ssal?<\/em><\/strong><\/p>\n\n\n\n<p>Nincs korhoz k\u00f6tve a t\u00e1mogat\u00e1s, \u00edgy gyermekek is megp\u00e1ly\u00e1zhatj\u00e1k, a sz\u00fcl\u0151, vagy gondvisel\u0151 seg\u00edts\u00e9g\u00e9vel. A gyermekek nev\u00e9ben t\u00f6rt\u00e9n\u0151 t\u00e1mogatott v\u00e1s\u00e1rl\u00e1shoz a fentebb l\u00e1that\u00f3  adatokra van sz\u00fcks\u00e9g \u00e9s igazol\u00e1sra a k\u00e9pviselet jogc\u00edm\u00e9re. \u00cdgy teh\u00e1t <strong>egy csal\u00e1don bel\u00fcl t\u00f6bb k\u00e9sz\u00fcl\u00e9k is lecser\u00e9lhet\u0151 t\u00e1mogat\u00e1ssal, de minden k\u00e9sz\u00fcl\u00e9k k\u00fcl\u00f6n, szem\u00e9lyre sz\u00f3l\u00f3an. <\/strong><\/p>\n\n\n\n<p>MER\u00cdTS \u00d6TLETET V\u00c1LASZT\u00c9KUNKB\u00d3L \u00c9S B\u00d6NG\u00c9SSZ <a href=\"https:\/\/www.mediamarkt.hu\/hu\/shop\/mobilcsere-tamogatas.html\" target=\"_blank\" rel=\"noreferrer noopener\">4G VAGY 5G-K\u00c9PES TELEFONJAINK K\u00d6Z\u00d6TT!<\/a><\/p>\n\n\n\n<figure class=\"wp-block-image size-large is-style-default\"><img loading=\"lazy\" decoding=\"async\" width=\"800\" height=\"537\" src=\"https:\/\/hir.mediamarkt.hu\/magazin\/wp-content\/uploads\/2022\/02\/mobilcsere_program_igy_elhetsz_az_allami_tamogatassal.jpg\" alt=\"\" class=\"wp-image-14157\" srcset=\"https:\/\/hir.mediamarkt.hu\/magazin\/wp-content\/uploads\/2022\/02\/mobilcsere_program_igy_elhetsz_az_allami_tamogatassal.jpg 800w, https:\/\/hir.mediamarkt.hu\/magazin\/wp-content\/uploads\/2022\/02\/mobilcsere_program_igy_elhetsz_az_allami_tamogatassal-300x201.jpg 300w, https:\/\/hir.mediamarkt.hu\/magazin\/wp-content\/uploads\/2022\/02\/mobilcsere_program_igy_elhetsz_az_allami_tamogatassal-275x185.jpg 275w, https:\/\/hir.mediamarkt.hu\/magazin\/wp-content\/uploads\/2022\/02\/mobilcsere_program_igy_elhetsz_az_allami_tamogatassal-768x516.jpg 768w\" sizes=\"(max-width: 800px) 100vw, 800px\" \/><\/figure>\n","protected":false},"excerpt":{"rendered":"Febru\u00e1rban indul az NMHH mobilcsere programja, amellyel lehet\u0151s\u00e9g lesz (els\u0151 k\u00f6rben) ak\u00e1r 20 ezer forint \u00e1llami &#8222;moderniz\u00e1ci\u00f3s&#8221; t\u00e1mogat\u00e1ssal lecser\u00e9lni a kor\u00e1bbi, 3G-n\u00e9l fejlettebb h\u00e1l\u00f3zatot nem t\u00e1mogat\u00f3 k\u00e9sz\u00fcl\u00e9keket. Mi\u00e9rt kell lecser\u00e9lni a r\u00e9gi 3G-s telefonokat? A magyarorsz\u00e1gi szolg\u00e1ltat\u00f3k 2022-ben megkezdik a 3G h\u00e1l\u00f3zatok lekapcsol\u00e1s\u00e1t. Jelenleg n\u00e9gyf\u00e9le h\u00e1l\u00f3zati gener\u00e1ci\u00f3t \u00fczemeltetnek a magyar szolg\u00e1ltat\u00f3k (2G, 3G, 4G, 5G). Annak idej\u00e9n a 3G-vel ny\u00edlt meg az igazi WAP \u00e9s telefonos internetes korszak, viszont ezt a 2010-es \u00e9vek elej\u00e9n elkezdte felv\u00e1ltani a 4G (LTE). Sokkal gyorsabb mobilinternetez\u00e9si lehet\u0151s\u00e9get ny\u00fajtott, megny\u00edlt a lehet\u0151s\u00e9g az akad\u00e1smentes videolej\u00e1tsz\u00e1sra telefonon az internetr\u0151l \u00e9s a nagy s\u00e1vsz\u00e9less\u00e9g tov\u00e1bbi el\u0151ny\u00f6ket ny\u00fajtott. A napjainkban beindul\u00f3 5G h\u00e1l\u00f3zat a leg\u00fajabb fejleszt\u00e9s, megn\u00f6velt sebess\u00e9ggel, alacsonyabb hib\u00e1s adatk\u00fcld\u00e9ssel. Ami miatt m\u00e9g fontosabb az 5G, hogy &#8230;","protected":false},"author":34,"featured_media":14314,"comment_status":"open","ping_status":"open","sticky":false,"template":"","format":"standard","meta":{"wprm-recipe-roundup-name":"","wprm-recipe-roundup-description":"","footnotes":""},"categories":[5969,5944],"tags":[],"yoast_head":"<!-- This site is optimized with the Yoast SEO plugin v22.9 - https:\/\/yoast.com\/wordpress\/plugins\/seo\/ -->\n<title>Mobilcsere program - \u00edgy \u00e9lhetsz az \u00e1llami t\u00e1mogat\u00e1ssal - MediaMarkt Magazin<\/title>\n<meta name=\"description\" content=\"Febru\u00e1rban indul az NMHH mobilcsere programja, amellyel lehet\u0151s\u00e9g lesz ak\u00e1r 20 000 Ft \u00e1llami t\u00e1mogat\u00e1ssal lecser\u00e9lni a kor\u00e1bbi telefonunkat.\" \/>\n<meta name=\"robots\" content=\"index, follow, max-snippet:-1, max-image-preview:large, max-video-preview:-1\" \/>\n<link rel=\"canonical\" href=\"https:\/\/hir.mediamarkt.hu\/magazin\/mobilcsere-program-igy-elhetsz-az-allami-tamogatassal\/\" \/>\n<meta property=\"og:locale\" content=\"hu_HU\" \/>\n<meta property=\"og:type\" content=\"article\" \/>\n<meta property=\"og:title\" content=\"Mobilcsere program - \u00edgy \u00e9lhetsz az \u00e1llami t\u00e1mogat\u00e1ssal - MediaMarkt Magazin\" \/>\n<meta property=\"og:description\" content=\"Febru\u00e1rban indul az NMHH mobilcsere programja, amellyel lehet\u0151s\u00e9g lesz ak\u00e1r 20 000 Ft \u00e1llami t\u00e1mogat\u00e1ssal lecser\u00e9lni a kor\u00e1bbi telefonunkat.\" \/>\n<meta property=\"og:url\" content=\"https:\/\/hir.mediamarkt.hu\/magazin\/mobilcsere-program-igy-elhetsz-az-allami-tamogatassal\/\" \/>\n<meta property=\"og:site_name\" content=\"MediaMarkt Magazin\" \/>\n<meta property=\"article:publisher\" content=\"https:\/\/www.facebook.com\/MediaMarktMagyarorszag\" \/>\n<meta property=\"article:published_time\" content=\"2022-02-09T13:08:32+00:00\" \/>\n<meta property=\"article:modified_time\" content=\"2024-10-03T12:11:32+00:00\" \/>\n<meta property=\"og:image\" content=\"https:\/\/hir.mediamarkt.hu\/magazin\/wp-content\/uploads\/2022\/02\/mobilcsere_program_igy_elhetsz_az_allami_tamogatassal.png\" \/>\n\t<meta property=\"og:image:width\" content=\"1024\" \/>\n\t<meta property=\"og:image:height\" content=\"619\" \/>\n\t<meta property=\"og:image:type\" content=\"image\/png\" \/>\n<meta name=\"author\" content=\"Kov\u00e1cs \u00c1d\u00e1m\" \/>\n<meta name=\"twitter:label1\" content=\"Szerz\u0151:\" \/>\n\t<meta name=\"twitter:data1\" content=\"Kov\u00e1cs \u00c1d\u00e1m\" \/>\n\t<meta name=\"twitter:label2\" content=\"Becs\u00fclt olvas\u00e1si id\u0151\" \/>\n\t<meta name=\"twitter:data2\" content=\"8 perc\" \/>\n<script type=\"application\/ld+json\" class=\"yoast-schema-graph\">{\"@context\":\"https:\/\/schema.org\",\"@graph\":[{\"@type\":\"WebPage\",\"@id\":\"https:\/\/hir.mediamarkt.hu\/magazin\/mobilcsere-program-igy-elhetsz-az-allami-tamogatassal\/\",\"url\":\"https:\/\/hir.mediamarkt.hu\/magazin\/mobilcsere-program-igy-elhetsz-az-allami-tamogatassal\/\",\"name\":\"Mobilcsere program - \u00edgy \u00e9lhetsz az \u00e1llami t\u00e1mogat\u00e1ssal - MediaMarkt Magazin\",\"isPartOf\":{\"@id\":\"https:\/\/hir.mediamarkt.hu\/magazin\/#website\"},\"primaryImageOfPage\":{\"@id\":\"https:\/\/hir.mediamarkt.hu\/magazin\/mobilcsere-program-igy-elhetsz-az-allami-tamogatassal\/#primaryimage\"},\"image\":{\"@id\":\"https:\/\/hir.mediamarkt.hu\/magazin\/mobilcsere-program-igy-elhetsz-az-allami-tamogatassal\/#primaryimage\"},\"thumbnailUrl\":\"https:\/\/hir.mediamarkt.hu\/magazin\/wp-content\/uploads\/2022\/02\/mobilcsere_program_igy_elhetsz_az_allami_tamogatassal.png\",\"datePublished\":\"2022-02-09T13:08:32+00:00\",\"dateModified\":\"2024-10-03T12:11:32+00:00\",\"author\":{\"@id\":\"https:\/\/hir.mediamarkt.hu\/magazin\/#\/schema\/person\/eb6407def37d68930e61b9ccc0d2b12b\"},\"description\":\"Febru\u00e1rban indul az NMHH mobilcsere programja, amellyel lehet\u0151s\u00e9g lesz ak\u00e1r 20 000 Ft \u00e1llami t\u00e1mogat\u00e1ssal lecser\u00e9lni a kor\u00e1bbi telefonunkat.\",\"breadcrumb\":{\"@id\":\"https:\/\/hir.mediamarkt.hu\/magazin\/mobilcsere-program-igy-elhetsz-az-allami-tamogatassal\/#breadcrumb\"},\"inLanguage\":\"hu\",\"potentialAction\":[{\"@type\":\"ReadAction\",\"target\":[\"https:\/\/hir.mediamarkt.hu\/magazin\/mobilcsere-program-igy-elhetsz-az-allami-tamogatassal\/\"]}]},{\"@type\":\"ImageObject\",\"inLanguage\":\"hu\",\"@id\":\"https:\/\/hir.mediamarkt.hu\/magazin\/mobilcsere-program-igy-elhetsz-az-allami-tamogatassal\/#primaryimage\",\"url\":\"https:\/\/hir.mediamarkt.hu\/magazin\/wp-content\/uploads\/2022\/02\/mobilcsere_program_igy_elhetsz_az_allami_tamogatassal.png\",\"contentUrl\":\"https:\/\/hir.mediamarkt.hu\/magazin\/wp-content\/uploads\/2022\/02\/mobilcsere_program_igy_elhetsz_az_allami_tamogatassal.png\",\"width\":1024,\"height\":619},{\"@type\":\"BreadcrumbList\",\"@id\":\"https:\/\/hir.mediamarkt.hu\/magazin\/mobilcsere-program-igy-elhetsz-az-allami-tamogatassal\/#breadcrumb\",\"itemListElement\":[{\"@type\":\"ListItem\",\"position\":1,\"name\":\"Kezd\u0151lap\",\"item\":\"https:\/\/hir.mediamarkt.hu\/magazin\/\"},{\"@type\":\"ListItem\",\"position\":2,\"name\":\"Seg\u00edt\u00fcnk v\u00e1lasztani\",\"item\":\"https:\/\/hir.mediamarkt.hu\/magazin\/segitunk-valasztani\/\"},{\"@type\":\"ListItem\",\"position\":3,\"name\":\"IT, mobil, elektronikai eszk\u00f6z\u00f6k\",\"item\":\"https:\/\/hir.mediamarkt.hu\/magazin\/segitunk-valasztani\/it-mobil-elektronikai-eszkozok\/\"},{\"@type\":\"ListItem\",\"position\":4,\"name\":\"Mobilcsere program &#8211; \u00edgy \u00e9lhetsz az \u00e1llami t\u00e1mogat\u00e1ssal\"}]},{\"@type\":\"WebSite\",\"@id\":\"https:\/\/hir.mediamarkt.hu\/magazin\/#website\",\"url\":\"https:\/\/hir.mediamarkt.hu\/magazin\/\",\"name\":\"MediaMarkt Magazin\",\"description\":\"Olvass bele magazinunkba!\",\"potentialAction\":[{\"@type\":\"SearchAction\",\"target\":{\"@type\":\"EntryPoint\",\"urlTemplate\":\"https:\/\/hir.mediamarkt.hu\/magazin\/?s={search_term_string}\"},\"query-input\":\"required name=search_term_string\"}],\"inLanguage\":\"hu\"},{\"@type\":\"Person\",\"@id\":\"https:\/\/hir.mediamarkt.hu\/magazin\/#\/schema\/person\/eb6407def37d68930e61b9ccc0d2b12b\",\"name\":\"Kov\u00e1cs \u00c1d\u00e1m\",\"image\":{\"@type\":\"ImageObject\",\"inLanguage\":\"hu\",\"@id\":\"https:\/\/hir.mediamarkt.hu\/magazin\/#\/schema\/person\/image\/\",\"url\":\"https:\/\/secure.gravatar.com\/avatar\/7f17d39fcf146db446aab8f0a0b84bce?s=96&d=mm&r=g\",\"contentUrl\":\"https:\/\/secure.gravatar.com\/avatar\/7f17d39fcf146db446aab8f0a0b84bce?s=96&d=mm&r=g\",\"caption\":\"Kov\u00e1cs \u00c1d\u00e1m\"}}]}<\/script>\n<!-- \/ Yoast SEO plugin. -->","yoast_head_json":{"title":"Mobilcsere program - \u00edgy \u00e9lhetsz az \u00e1llami t\u00e1mogat\u00e1ssal - MediaMarkt Magazin","description":"Febru\u00e1rban indul az NMHH mobilcsere programja, amellyel lehet\u0151s\u00e9g lesz ak\u00e1r 20 000 Ft \u00e1llami t\u00e1mogat\u00e1ssal lecser\u00e9lni a kor\u00e1bbi telefonunkat.","robots":{"index":"index","follow":"follow","max-snippet":"max-snippet:-1","max-image-preview":"max-image-preview:large","max-video-preview":"max-video-preview:-1"},"canonical":"https:\/\/hir.mediamarkt.hu\/magazin\/mobilcsere-program-igy-elhetsz-az-allami-tamogatassal\/","og_locale":"hu_HU","og_type":"article","og_title":"Mobilcsere program - \u00edgy \u00e9lhetsz az \u00e1llami t\u00e1mogat\u00e1ssal - MediaMarkt Magazin","og_description":"Febru\u00e1rban indul az NMHH mobilcsere programja, amellyel lehet\u0151s\u00e9g lesz ak\u00e1r 20 000 Ft \u00e1llami t\u00e1mogat\u00e1ssal lecser\u00e9lni a kor\u00e1bbi telefonunkat.","og_url":"https:\/\/hir.mediamarkt.hu\/magazin\/mobilcsere-program-igy-elhetsz-az-allami-tamogatassal\/","og_site_name":"MediaMarkt Magazin","article_publisher":"https:\/\/www.facebook.com\/MediaMarktMagyarorszag","article_published_time":"2022-02-09T13:08:32+00:00","article_modified_time":"2024-10-03T12:11:32+00:00","og_image":[{"width":1024,"height":619,"url":"https:\/\/hir.mediamarkt.hu\/magazin\/wp-content\/uploads\/2022\/02\/mobilcsere_program_igy_elhetsz_az_allami_tamogatassal.png","type":"image\/png"}],"author":"Kov\u00e1cs \u00c1d\u00e1m","twitter_misc":{"Szerz\u0151:":"Kov\u00e1cs \u00c1d\u00e1m","Becs\u00fclt olvas\u00e1si id\u0151":"8 perc"},"schema":{"@context":"https:\/\/schema.org","@graph":[{"@type":"WebPage","@id":"https:\/\/hir.mediamarkt.hu\/magazin\/mobilcsere-program-igy-elhetsz-az-allami-tamogatassal\/","url":"https:\/\/hir.mediamarkt.hu\/magazin\/mobilcsere-program-igy-elhetsz-az-allami-tamogatassal\/","name":"Mobilcsere program - \u00edgy \u00e9lhetsz az \u00e1llami t\u00e1mogat\u00e1ssal - MediaMarkt Magazin","isPartOf":{"@id":"https:\/\/hir.mediamarkt.hu\/magazin\/#website"},"primaryImageOfPage":{"@id":"https:\/\/hir.mediamarkt.hu\/magazin\/mobilcsere-program-igy-elhetsz-az-allami-tamogatassal\/#primaryimage"},"image":{"@id":"https:\/\/hir.mediamarkt.hu\/magazin\/mobilcsere-program-igy-elhetsz-az-allami-tamogatassal\/#primaryimage"},"thumbnailUrl":"https:\/\/hir.mediamarkt.hu\/magazin\/wp-content\/uploads\/2022\/02\/mobilcsere_program_igy_elhetsz_az_allami_tamogatassal.png","datePublished":"2022-02-09T13:08:32+00:00","dateModified":"2024-10-03T12:11:32+00:00","author":{"@id":"https:\/\/hir.mediamarkt.hu\/magazin\/#\/schema\/person\/eb6407def37d68930e61b9ccc0d2b12b"},"description":"Febru\u00e1rban indul az NMHH mobilcsere programja, amellyel lehet\u0151s\u00e9g lesz ak\u00e1r 20 000 Ft \u00e1llami t\u00e1mogat\u00e1ssal lecser\u00e9lni a kor\u00e1bbi telefonunkat.","breadcrumb":{"@id":"https:\/\/hir.mediamarkt.hu\/magazin\/mobilcsere-program-igy-elhetsz-az-allami-tamogatassal\/#breadcrumb"},"inLanguage":"hu","potentialAction":[{"@type":"ReadAction","target":["https:\/\/hir.mediamarkt.hu\/magazin\/mobilcsere-program-igy-elhetsz-az-allami-tamogatassal\/"]}]},{"@type":"ImageObject","inLanguage":"hu","@id":"https:\/\/hir.mediamarkt.hu\/magazin\/mobilcsere-program-igy-elhetsz-az-allami-tamogatassal\/#primaryimage","url":"https:\/\/hir.mediamarkt.hu\/magazin\/wp-content\/uploads\/2022\/02\/mobilcsere_program_igy_elhetsz_az_allami_tamogatassal.png","contentUrl":"https:\/\/hir.mediamarkt.hu\/magazin\/wp-content\/uploads\/2022\/02\/mobilcsere_program_igy_elhetsz_az_allami_tamogatassal.png","width":1024,"height":619},{"@type":"BreadcrumbList","@id":"https:\/\/hir.mediamarkt.hu\/magazin\/mobilcsere-program-igy-elhetsz-az-allami-tamogatassal\/#breadcrumb","itemListElement":[{"@type":"ListItem","position":1,"name":"Kezd\u0151lap","item":"https:\/\/hir.mediamarkt.hu\/magazin\/"},{"@type":"ListItem","position":2,"name":"Seg\u00edt\u00fcnk v\u00e1lasztani","item":"https:\/\/hir.mediamarkt.hu\/magazin\/segitunk-valasztani\/"},{"@type":"ListItem","position":3,"name":"IT, mobil, elektronikai eszk\u00f6z\u00f6k","item":"https:\/\/hir.mediamarkt.hu\/magazin\/segitunk-valasztani\/it-mobil-elektronikai-eszkozok\/"},{"@type":"ListItem","position":4,"name":"Mobilcsere program &#8211; \u00edgy \u00e9lhetsz az \u00e1llami t\u00e1mogat\u00e1ssal"}]},{"@type":"WebSite","@id":"https:\/\/hir.mediamarkt.hu\/magazin\/#website","url":"https:\/\/hir.mediamarkt.hu\/magazin\/","name":"MediaMarkt Magazin","description":"Olvass bele magazinunkba!","potentialAction":[{"@type":"SearchAction","target":{"@type":"EntryPoint","urlTemplate":"https:\/\/hir.mediamarkt.hu\/magazin\/?s={search_term_string}"},"query-input":"required name=search_term_string"}],"inLanguage":"hu"},{"@type":"Person","@id":"https:\/\/hir.mediamarkt.hu\/magazin\/#\/schema\/person\/eb6407def37d68930e61b9ccc0d2b12b","name":"Kov\u00e1cs \u00c1d\u00e1m","image":{"@type":"ImageObject","inLanguage":"hu","@id":"https:\/\/hir.mediamarkt.hu\/magazin\/#\/schema\/person\/image\/","url":"https:\/\/secure.gravatar.com\/avatar\/7f17d39fcf146db446aab8f0a0b84bce?s=96&d=mm&r=g","contentUrl":"https:\/\/secure.gravatar.com\/avatar\/7f17d39fcf146db446aab8f0a0b84bce?s=96&d=mm&r=g","caption":"Kov\u00e1cs \u00c1d\u00e1m"}}]}},"_links":{"self":[{"href":"https:\/\/hir.mediamarkt.hu\/magazin\/wp-json\/wp\/v2\/posts\/14093"}],"collection":[{"href":"https:\/\/hir.mediamarkt.hu\/magazin\/wp-json\/wp\/v2\/posts"}],"about":[{"href":"https:\/\/hir.mediamarkt.hu\/magazin\/wp-json\/wp\/v2\/types\/post"}],"author":[{"embeddable":true,"href":"https:\/\/hir.mediamarkt.hu\/magazin\/wp-json\/wp\/v2\/users\/34"}],"replies":[{"embeddable":true,"href":"https:\/\/hir.mediamarkt.hu\/magazin\/wp-json\/wp\/v2\/comments?post=14093"}],"version-history":[{"count":26,"href":"https:\/\/hir.mediamarkt.hu\/magazin\/wp-json\/wp\/v2\/posts\/14093\/revisions"}],"predecessor-version":[{"id":22197,"href":"https:\/\/hir.mediamarkt.hu\/magazin\/wp-json\/wp\/v2\/posts\/14093\/revisions\/22197"}],"wp:featuredmedia":[{"embeddable":true,"href":"https:\/\/hir.mediamarkt.hu\/magazin\/wp-json\/wp\/v2\/media\/14314"}],"wp:attachment":[{"href":"https:\/\/hir.mediamarkt.hu\/magazin\/wp-json\/wp\/v2\/media?parent=14093"}],"wp:term":[{"taxonomy":"category","embeddable":true,"href":"https:\/\/hir.mediamarkt.hu\/magazin\/wp-json\/wp\/v2\/categories?post=14093"},{"taxonomy":"post_tag","embeddable":true,"href":"https:\/\/hir.mediamarkt.hu\/magazin\/wp-json\/wp\/v2\/tags?post=14093"}],"curies":[{"name":"wp","href":"https:\/\/api.w.org\/{rel}","templated":true}]}}