{"id":145,"date":"2013-04-26T00:00:00","date_gmt":"2013-04-26T00:00:00","guid":{"rendered":""},"modified":"-0001-11-30T00:00:00","modified_gmt":"-0001-11-29T23:00:00","slug":"a-facebook-a-maga-kepere-formalja-az-androidot","status":"publish","type":"post","link":"https:\/\/hir.mediamarkt.hu\/magazin\/a-facebook-a-maga-kepere-formalja-az-androidot\/","title":{"rendered":"A Facebook a maga k\u00e9p\u00e9re form\u00e1lja az Androidot"},"content":{"rendered":"<div>  \t  \t<p><b>Bemutatkozott a Faceook Home: a Facebook nem saj\u00e1t okostelefont fejlesztett ki, hanem az Androidhoz alak\u00edtottak ki a fejleszt\u0151i saj\u00e1t kezel\u0151fel\u00fcletet. <\/b><\/p>      <p>    A Facebook Home l\u00e9nyege, ahogy Mark Zuckerberg, a k\u00f6z\u00f6ss\u00e9gi oldal alap\u00edt\u00f3ja fogalmazott, az, hogy az embereket helyezi el\u0151t\u00e9rbe az appok helyett \u2013 vagyis \u00fagy alak\u00edtja \u00e1t a telefon kezel\u0151fel\u00fclet\u00e9t, hogy azon a k\u00f6z\u00f6ss\u00e9gi oldalr\u00f3l \u00e9rkez\u0151 \u00e9rtes\u00edt\u00e9sek ker\u00fclnek meghat\u00e1roz\u00f3 helyre. A telefonok kezd\u0151k\u00e9perny\u0151j\u00e9n a CoverFeed nev\u0171 fel\u00fclet kap majd helyet, amely az ismer\u0151s\u00f6k legfrissebb megoszt\u00e1sait helyezi el a h\u00e1tt\u00e9rk\u00e9pen. Term\u00e9szetesen nem hi\u00e1nyozhatnak r\u00f3la a k\u00f6zvetlen l\u00e1jkol\u00e1st vagy kommentel\u00e9st lehet\u0151v\u00e9 t\u00e9v\u0151 gombok sem, a h\u00edreket lapozgatni is lehet a l\u00e1tv\u00e1nyos fel\u00fcleten.   \t<\/p>   \t<br>  <iframe loading=\"lazy\" width=\"500\" height=\"281\" src=\"http:\/\/www.youtube.com\/embed\/Lep_DSmSRwE\" frameborder=\"0\" allowfullscreen><\/iframe>     \t<p>      A Facebook kezel\u0151fel\u00fclete a telefonos \u00e9rtes\u00edt\u00e9seket is \u00e1tveszi, minden app \u00e9s minden esem\u00e9ny ezen kereszt\u00fcl adja majd a jelz\u00e9seit a felhaszn\u00e1l\u00f3nak, egys\u00e9ges\u00edtett form\u00e1ban. A leg\u00e9rdekesebb \u00faj\u00edt\u00e1s tal\u00e1n az, hogy a Facebookos cseveg\u00e9s mindig el\u00e9rhet\u0151 lesz a fel\u00fcleten: b\u00e1rmit is csin\u00e1lunk, az ismer\u0151s\u00f6k felugr\u00f3 profilk\u00e9pei mellett megjelen\u0151 \u00fczeneteikre mindig v\u00e1laszolhatunk, \u00e9s mindig l\u00e1thatjuk azokat. Ehhez nem kell megnyitni k\u00fcl\u00f6n \u00fczenetk\u00fcld\u0151 fel\u00fcletet.       <p>     \t<center><img src='http:\/\/hir.mediamarkt.hu\/magazin\/images\/0405_01.png' border='0' alt='' \/>     \t<br>     \t     \t  \t<div style='width: 524px; text-align: center; font-style: italic;'>\u00cdgy n\u00e9z ki a HTC First<\/div><\/center>    <p><br>  Ugyan a kommunik\u00e1ci\u00f3 mellett az appok n\u00e9mileg h\u00e1tt\u00e9rbe szorulnak majd, a Facebook Home is rendelkezik saj\u00e1t alkalmaz\u00e1sk\u00f6nyvt\u00e1rral (AppLauncher), ahov\u00e1 a kedvenc szoftvereinket gy\u0171jthetj\u00fck \u00f6ssze. \u00d6sszess\u00e9g\u00e9ben a kezel\u0151fel\u00fclet nagyon sz\u00e9p \u00e9s \u00edzl\u00e9ses \u00faj arcot ad az Androidnak, m\u00e1r csak ez\u00e9rt is \u00e9rdemes tenni vele egy pr\u00f3b\u00e1t. A Facebook Home-ot \u00e1prilis 12-t\u0151l lehet let\u00f6lteni a Google Play \u00e1ruh\u00e1zb\u00f3l, de egyel\u0151re csak a HTC One, a HTC One X, a Samsung Galaxy S III, S4 \u00e9s a GalaxyNote II k\u00e9sz\u00fcl\u00e9kekre lesz el\u00e9rhet\u0151, illetve a vele egy\u00fctt bemutatott, kor\u00e1bban Facebook-mobilk\u00e9nt ismert HTC First k\u00e9sz\u00fcl\u00e9kre.   <p>  <p><br>    A HTC First az els\u0151 olyan mobil, amely a FacebookHome-mal \u00e9rkezik a boltokba, az olcs\u00f3, di\u00e1koknak, fiataloknak sz\u00e1nt 4,3 colos k\u00e9sz\u00fcl\u00e9ket el\u0151sz\u00f6r csak az USA-ban hozz\u00e1k forgalomba az AT&#038;T mobilt\u00e1rsas\u00e1gn\u00e1l.  <p>   <br>    <p>     Forr\u00e1s: Media Markt Magyarorsz\u00e1g  <\/p>    <!-- FB HSZ -->    \t<div id=\"fb-root\"><\/div>  \t<script>  \t(function(d, s, id) {  \t  var js, fjs = d.getElementsByTagName(s)[0];  \t  if (d.getElementById(id)) return;  \t  js = d.createElement(s); js.id = id;  \t  js.src = \"http:\/\/connect.facebook.net\/hu_HU\/all.js#xfbml=1&appId=282207548525345\";  \t  fjs.parentNode.insertBefore(js, fjs);  \t}(document, 'script', 'facebook-jssdk'));  \t  \t<\/script>  \t  <\/div><div class='fb-comments' data-href='http:\/\/hir.mediamarkt.hu\/magazin\/A_Facebook_a_mag_kepere_formalja_az_Androidot' data-num-posts='10' data-width='515'><\/div>","protected":false},"excerpt":{"rendered":"Bemutatkozott a Faceook Home: a Facebook nem saj\u00e1t okostelefont fejlesztett ki, hanem az Androidhoz alak\u00edtottak ki a fejleszt\u0151i saj\u00e1t kezel\u0151fel\u00fcletet. A Facebook Home l\u00e9nyege, ahogy Mark Zuckerberg, a k\u00f6z\u00f6ss\u00e9gi oldal alap\u00edt\u00f3ja fogalmazott, az, hogy az embereket helyezi el\u0151t\u00e9rbe az appok helyett \u2013 vagyis \u00fagy alak\u00edtja \u00e1t a telefon kezel\u0151fel\u00fclet\u00e9t, hogy azon a k\u00f6z\u00f6ss\u00e9gi oldalr\u00f3l \u00e9rkez\u0151 \u00e9rtes\u00edt\u00e9sek ker\u00fclnek meghat\u00e1roz\u00f3 helyre. A telefonok kezd\u0151k\u00e9perny\u0151j\u00e9n a CoverFeed nev\u0171 fel\u00fclet kap majd helyet, amely az ismer\u0151s\u00f6k legfrissebb megoszt\u00e1sait helyezi el a h\u00e1tt\u00e9rk\u00e9pen. Term\u00e9szetesen nem hi\u00e1nyozhatnak r\u00f3la a k\u00f6zvetlen l\u00e1jkol\u00e1st vagy kommentel\u00e9st lehet\u0151v\u00e9 t\u00e9v\u0151 gombok sem, a h\u00edreket lapozgatni is lehet a l\u00e1tv\u00e1nyos fel\u00fcleten. A Facebook kezel\u0151fel\u00fclete a telefonos \u00e9rtes\u00edt\u00e9seket is \u00e1tveszi, minden app \u00e9s minden esem\u00e9ny ezen kereszt\u00fcl adja majd a jelz\u00e9seit a felhaszn\u00e1l\u00f3nak, &#8230;","protected":false},"author":1,"featured_media":0,"comment_status":"open","ping_status":"open","sticky":false,"template":"","format":"standard","meta":{"wprm-recipe-roundup-name":"","wprm-recipe-roundup-description":"","footnotes":""},"categories":[1],"tags":[],"yoast_head":"<!-- This site is optimized with the Yoast SEO plugin v22.9 - https:\/\/yoast.com\/wordpress\/plugins\/seo\/ -->\n<title>A Facebook a maga k\u00e9p\u00e9re form\u00e1lja az Androidot - MediaMarkt Magazin<\/title>\n<meta name=\"robots\" content=\"index, follow, max-snippet:-1, max-image-preview:large, max-video-preview:-1\" \/>\n<link rel=\"canonical\" href=\"https:\/\/hir.mediamarkt.hu\/magazin\/a-facebook-a-maga-kepere-formalja-az-androidot\/\" \/>\n<meta property=\"og:locale\" content=\"hu_HU\" \/>\n<meta property=\"og:type\" content=\"article\" \/>\n<meta property=\"og:title\" content=\"A Facebook a maga k\u00e9p\u00e9re form\u00e1lja az Androidot - MediaMarkt Magazin\" \/>\n<meta property=\"og:description\" content=\"Bemutatkozott a Faceook Home: a Facebook nem saj\u00e1t okostelefont fejlesztett ki, hanem az Androidhoz alak\u00edtottak ki a fejleszt\u0151i saj\u00e1t kezel\u0151fel\u00fcletet. A Facebook Home l\u00e9nyege, ahogy Mark Zuckerberg, a k\u00f6z\u00f6ss\u00e9gi oldal alap\u00edt\u00f3ja fogalmazott, az, hogy az embereket helyezi el\u0151t\u00e9rbe az appok helyett \u2013 vagyis \u00fagy alak\u00edtja \u00e1t a telefon kezel\u0151fel\u00fclet\u00e9t, hogy azon a k\u00f6z\u00f6ss\u00e9gi oldalr\u00f3l \u00e9rkez\u0151 \u00e9rtes\u00edt\u00e9sek ker\u00fclnek meghat\u00e1roz\u00f3 helyre. A telefonok kezd\u0151k\u00e9perny\u0151j\u00e9n a CoverFeed nev\u0171 fel\u00fclet kap majd helyet, amely az ismer\u0151s\u00f6k legfrissebb megoszt\u00e1sait helyezi el a h\u00e1tt\u00e9rk\u00e9pen. Term\u00e9szetesen nem hi\u00e1nyozhatnak r\u00f3la a k\u00f6zvetlen l\u00e1jkol\u00e1st vagy kommentel\u00e9st lehet\u0151v\u00e9 t\u00e9v\u0151 gombok sem, a h\u00edreket lapozgatni is lehet a l\u00e1tv\u00e1nyos fel\u00fcleten. A Facebook kezel\u0151fel\u00fclete a telefonos \u00e9rtes\u00edt\u00e9seket is \u00e1tveszi, minden app \u00e9s minden esem\u00e9ny ezen kereszt\u00fcl adja majd a jelz\u00e9seit a felhaszn\u00e1l\u00f3nak, ...\" \/>\n<meta property=\"og:url\" content=\"https:\/\/hir.mediamarkt.hu\/magazin\/a-facebook-a-maga-kepere-formalja-az-androidot\/\" \/>\n<meta property=\"og:site_name\" content=\"MediaMarkt Magazin\" \/>\n<meta property=\"article:publisher\" content=\"https:\/\/www.facebook.com\/MediaMarktMagyarorszag\" \/>\n<meta property=\"article:published_time\" content=\"2013-04-26T00:00:00+00:00\" \/>\n<meta property=\"article:modified_time\" content=\"-0001-11-30T00:00:00+00:00\" \/>\n<meta property=\"og:image\" content=\"http:\/\/hir.mediamarkt.hu\/magazin\/images\/0405_01.png\" \/>\n<meta name=\"author\" content=\"intermedius\" \/>\n<meta name=\"twitter:label1\" content=\"Szerz\u0151:\" \/>\n\t<meta name=\"twitter:data1\" content=\"intermedius\" \/>\n\t<meta name=\"twitter:label2\" content=\"Becs\u00fclt olvas\u00e1si id\u0151\" \/>\n\t<meta name=\"twitter:data2\" content=\"2 perc\" \/>\n<script type=\"application\/ld+json\" class=\"yoast-schema-graph\">{\"@context\":\"https:\/\/schema.org\",\"@graph\":[{\"@type\":\"WebPage\",\"@id\":\"https:\/\/hir.mediamarkt.hu\/magazin\/a-facebook-a-maga-kepere-formalja-az-androidot\/\",\"url\":\"https:\/\/hir.mediamarkt.hu\/magazin\/a-facebook-a-maga-kepere-formalja-az-androidot\/\",\"name\":\"A Facebook a maga k\u00e9p\u00e9re form\u00e1lja az Androidot - MediaMarkt Magazin\",\"isPartOf\":{\"@id\":\"https:\/\/hir.mediamarkt.hu\/magazin\/#website\"},\"primaryImageOfPage\":{\"@id\":\"https:\/\/hir.mediamarkt.hu\/magazin\/a-facebook-a-maga-kepere-formalja-az-androidot\/#primaryimage\"},\"image\":{\"@id\":\"https:\/\/hir.mediamarkt.hu\/magazin\/a-facebook-a-maga-kepere-formalja-az-androidot\/#primaryimage\"},\"thumbnailUrl\":\"http:\/\/hir.mediamarkt.hu\/magazin\/images\/0405_01.png\",\"datePublished\":\"2013-04-26T00:00:00+00:00\",\"dateModified\":\"-0001-11-30T00:00:00+00:00\",\"author\":{\"@id\":\"https:\/\/hir.mediamarkt.hu\/magazin\/#\/schema\/person\/7f1d99540808335a59d17dcebfa95544\"},\"breadcrumb\":{\"@id\":\"https:\/\/hir.mediamarkt.hu\/magazin\/a-facebook-a-maga-kepere-formalja-az-androidot\/#breadcrumb\"},\"inLanguage\":\"hu\",\"potentialAction\":[{\"@type\":\"ReadAction\",\"target\":[\"https:\/\/hir.mediamarkt.hu\/magazin\/a-facebook-a-maga-kepere-formalja-az-androidot\/\"]}]},{\"@type\":\"ImageObject\",\"inLanguage\":\"hu\",\"@id\":\"https:\/\/hir.mediamarkt.hu\/magazin\/a-facebook-a-maga-kepere-formalja-az-androidot\/#primaryimage\",\"url\":\"http:\/\/hir.mediamarkt.hu\/magazin\/images\/0405_01.png\",\"contentUrl\":\"http:\/\/hir.mediamarkt.hu\/magazin\/images\/0405_01.png\"},{\"@type\":\"BreadcrumbList\",\"@id\":\"https:\/\/hir.mediamarkt.hu\/magazin\/a-facebook-a-maga-kepere-formalja-az-androidot\/#breadcrumb\",\"itemListElement\":[{\"@type\":\"ListItem\",\"position\":1,\"name\":\"Kezd\u0151lap\",\"item\":\"https:\/\/hir.mediamarkt.hu\/magazin\/\"},{\"@type\":\"ListItem\",\"position\":2,\"name\":\"Egy\u00e9b\",\"item\":\"https:\/\/hir.mediamarkt.hu\/magazin\/egyeb\/\"},{\"@type\":\"ListItem\",\"position\":3,\"name\":\"A Facebook a maga k\u00e9p\u00e9re form\u00e1lja az Androidot\"}]},{\"@type\":\"WebSite\",\"@id\":\"https:\/\/hir.mediamarkt.hu\/magazin\/#website\",\"url\":\"https:\/\/hir.mediamarkt.hu\/magazin\/\",\"name\":\"MediaMarkt Magazin\",\"description\":\"Olvass bele magazinunkba!\",\"potentialAction\":[{\"@type\":\"SearchAction\",\"target\":{\"@type\":\"EntryPoint\",\"urlTemplate\":\"https:\/\/hir.mediamarkt.hu\/magazin\/?s={search_term_string}\"},\"query-input\":\"required name=search_term_string\"}],\"inLanguage\":\"hu\"},{\"@type\":\"Person\",\"@id\":\"https:\/\/hir.mediamarkt.hu\/magazin\/#\/schema\/person\/7f1d99540808335a59d17dcebfa95544\",\"name\":\"intermedius\",\"image\":{\"@type\":\"ImageObject\",\"inLanguage\":\"hu\",\"@id\":\"https:\/\/hir.mediamarkt.hu\/magazin\/#\/schema\/person\/image\/\",\"url\":\"https:\/\/secure.gravatar.com\/avatar\/bbf88debc0bd7abfc1047f575da076f2?s=96&d=mm&r=g\",\"contentUrl\":\"https:\/\/secure.gravatar.com\/avatar\/bbf88debc0bd7abfc1047f575da076f2?s=96&d=mm&r=g\",\"caption\":\"intermedius\"}}]}<\/script>\n<!-- \/ Yoast SEO plugin. -->","yoast_head_json":{"title":"A Facebook a maga k\u00e9p\u00e9re form\u00e1lja az Androidot - MediaMarkt Magazin","robots":{"index":"index","follow":"follow","max-snippet":"max-snippet:-1","max-image-preview":"max-image-preview:large","max-video-preview":"max-video-preview:-1"},"canonical":"https:\/\/hir.mediamarkt.hu\/magazin\/a-facebook-a-maga-kepere-formalja-az-androidot\/","og_locale":"hu_HU","og_type":"article","og_title":"A Facebook a maga k\u00e9p\u00e9re form\u00e1lja az Androidot - MediaMarkt Magazin","og_description":"Bemutatkozott a Faceook Home: a Facebook nem saj\u00e1t okostelefont fejlesztett ki, hanem az Androidhoz alak\u00edtottak ki a fejleszt\u0151i saj\u00e1t kezel\u0151fel\u00fcletet. A Facebook Home l\u00e9nyege, ahogy Mark Zuckerberg, a k\u00f6z\u00f6ss\u00e9gi oldal alap\u00edt\u00f3ja fogalmazott, az, hogy az embereket helyezi el\u0151t\u00e9rbe az appok helyett \u2013 vagyis \u00fagy alak\u00edtja \u00e1t a telefon kezel\u0151fel\u00fclet\u00e9t, hogy azon a k\u00f6z\u00f6ss\u00e9gi oldalr\u00f3l \u00e9rkez\u0151 \u00e9rtes\u00edt\u00e9sek ker\u00fclnek meghat\u00e1roz\u00f3 helyre. A telefonok kezd\u0151k\u00e9perny\u0151j\u00e9n a CoverFeed nev\u0171 fel\u00fclet kap majd helyet, amely az ismer\u0151s\u00f6k legfrissebb megoszt\u00e1sait helyezi el a h\u00e1tt\u00e9rk\u00e9pen. Term\u00e9szetesen nem hi\u00e1nyozhatnak r\u00f3la a k\u00f6zvetlen l\u00e1jkol\u00e1st vagy kommentel\u00e9st lehet\u0151v\u00e9 t\u00e9v\u0151 gombok sem, a h\u00edreket lapozgatni is lehet a l\u00e1tv\u00e1nyos fel\u00fcleten. A Facebook kezel\u0151fel\u00fclete a telefonos \u00e9rtes\u00edt\u00e9seket is \u00e1tveszi, minden app \u00e9s minden esem\u00e9ny ezen kereszt\u00fcl adja majd a jelz\u00e9seit a felhaszn\u00e1l\u00f3nak, ...","og_url":"https:\/\/hir.mediamarkt.hu\/magazin\/a-facebook-a-maga-kepere-formalja-az-androidot\/","og_site_name":"MediaMarkt Magazin","article_publisher":"https:\/\/www.facebook.com\/MediaMarktMagyarorszag","article_published_time":"2013-04-26T00:00:00+00:00","article_modified_time":"-0001-11-30T00:00:00+00:00","og_image":[{"url":"http:\/\/hir.mediamarkt.hu\/magazin\/images\/0405_01.png"}],"author":"intermedius","twitter_misc":{"Szerz\u0151:":"intermedius","Becs\u00fclt olvas\u00e1si id\u0151":"2 perc"},"schema":{"@context":"https:\/\/schema.org","@graph":[{"@type":"WebPage","@id":"https:\/\/hir.mediamarkt.hu\/magazin\/a-facebook-a-maga-kepere-formalja-az-androidot\/","url":"https:\/\/hir.mediamarkt.hu\/magazin\/a-facebook-a-maga-kepere-formalja-az-androidot\/","name":"A Facebook a maga k\u00e9p\u00e9re form\u00e1lja az Androidot - MediaMarkt Magazin","isPartOf":{"@id":"https:\/\/hir.mediamarkt.hu\/magazin\/#website"},"primaryImageOfPage":{"@id":"https:\/\/hir.mediamarkt.hu\/magazin\/a-facebook-a-maga-kepere-formalja-az-androidot\/#primaryimage"},"image":{"@id":"https:\/\/hir.mediamarkt.hu\/magazin\/a-facebook-a-maga-kepere-formalja-az-androidot\/#primaryimage"},"thumbnailUrl":"http:\/\/hir.mediamarkt.hu\/magazin\/images\/0405_01.png","datePublished":"2013-04-26T00:00:00+00:00","dateModified":"-0001-11-30T00:00:00+00:00","author":{"@id":"https:\/\/hir.mediamarkt.hu\/magazin\/#\/schema\/person\/7f1d99540808335a59d17dcebfa95544"},"breadcrumb":{"@id":"https:\/\/hir.mediamarkt.hu\/magazin\/a-facebook-a-maga-kepere-formalja-az-androidot\/#breadcrumb"},"inLanguage":"hu","potentialAction":[{"@type":"ReadAction","target":["https:\/\/hir.mediamarkt.hu\/magazin\/a-facebook-a-maga-kepere-formalja-az-androidot\/"]}]},{"@type":"ImageObject","inLanguage":"hu","@id":"https:\/\/hir.mediamarkt.hu\/magazin\/a-facebook-a-maga-kepere-formalja-az-androidot\/#primaryimage","url":"http:\/\/hir.mediamarkt.hu\/magazin\/images\/0405_01.png","contentUrl":"http:\/\/hir.mediamarkt.hu\/magazin\/images\/0405_01.png"},{"@type":"BreadcrumbList","@id":"https:\/\/hir.mediamarkt.hu\/magazin\/a-facebook-a-maga-kepere-formalja-az-androidot\/#breadcrumb","itemListElement":[{"@type":"ListItem","position":1,"name":"Kezd\u0151lap","item":"https:\/\/hir.mediamarkt.hu\/magazin\/"},{"@type":"ListItem","position":2,"name":"Egy\u00e9b","item":"https:\/\/hir.mediamarkt.hu\/magazin\/egyeb\/"},{"@type":"ListItem","position":3,"name":"A Facebook a maga k\u00e9p\u00e9re form\u00e1lja az Androidot"}]},{"@type":"WebSite","@id":"https:\/\/hir.mediamarkt.hu\/magazin\/#website","url":"https:\/\/hir.mediamarkt.hu\/magazin\/","name":"MediaMarkt Magazin","description":"Olvass bele magazinunkba!","potentialAction":[{"@type":"SearchAction","target":{"@type":"EntryPoint","urlTemplate":"https:\/\/hir.mediamarkt.hu\/magazin\/?s={search_term_string}"},"query-input":"required name=search_term_string"}],"inLanguage":"hu"},{"@type":"Person","@id":"https:\/\/hir.mediamarkt.hu\/magazin\/#\/schema\/person\/7f1d99540808335a59d17dcebfa95544","name":"intermedius","image":{"@type":"ImageObject","inLanguage":"hu","@id":"https:\/\/hir.mediamarkt.hu\/magazin\/#\/schema\/person\/image\/","url":"https:\/\/secure.gravatar.com\/avatar\/bbf88debc0bd7abfc1047f575da076f2?s=96&d=mm&r=g","contentUrl":"https:\/\/secure.gravatar.com\/avatar\/bbf88debc0bd7abfc1047f575da076f2?s=96&d=mm&r=g","caption":"intermedius"}}]}},"_links":{"self":[{"href":"https:\/\/hir.mediamarkt.hu\/magazin\/wp-json\/wp\/v2\/posts\/145"}],"collection":[{"href":"https:\/\/hir.mediamarkt.hu\/magazin\/wp-json\/wp\/v2\/posts"}],"about":[{"href":"https:\/\/hir.mediamarkt.hu\/magazin\/wp-json\/wp\/v2\/types\/post"}],"author":[{"embeddable":true,"href":"https:\/\/hir.mediamarkt.hu\/magazin\/wp-json\/wp\/v2\/users\/1"}],"replies":[{"embeddable":true,"href":"https:\/\/hir.mediamarkt.hu\/magazin\/wp-json\/wp\/v2\/comments?post=145"}],"version-history":[{"count":0,"href":"https:\/\/hir.mediamarkt.hu\/magazin\/wp-json\/wp\/v2\/posts\/145\/revisions"}],"wp:attachment":[{"href":"https:\/\/hir.mediamarkt.hu\/magazin\/wp-json\/wp\/v2\/media?parent=145"}],"wp:term":[{"taxonomy":"category","embeddable":true,"href":"https:\/\/hir.mediamarkt.hu\/magazin\/wp-json\/wp\/v2\/categories?post=145"},{"taxonomy":"post_tag","embeddable":true,"href":"https:\/\/hir.mediamarkt.hu\/magazin\/wp-json\/wp\/v2\/tags?post=145"}],"curies":[{"name":"wp","href":"https:\/\/api.w.org\/{rel}","templated":true}]}}