{"id":14516,"date":"2022-05-03T12:35:00","date_gmt":"2022-05-03T11:35:00","guid":{"rendered":"https:\/\/hir.mediamarkt.hu\/magazin\/?p=14516"},"modified":"2022-05-28T07:44:06","modified_gmt":"2022-05-28T06:44:06","slug":"garmin-epix-gen2-ora-teszt-futas-okosan","status":"publish","type":"post","link":"https:\/\/hir.mediamarkt.hu\/magazin\/garmin-epix-gen2-ora-teszt-futas-okosan\/","title":{"rendered":"Garmin Epix (Gen2) Sapphire \u00f3ra teszt &#8211; Fut\u00e1s okosan!"},"content":{"rendered":"\n<p class=\"has-text-align-justify\">A sport\u00f3r\u00e1k \u00e9s okos\u00f3r\u00e1k vil\u00e1ga egyre ink\u00e1bb \u00f6sszemos\u00f3dik, neh\u00e9z is meghat\u00e1rozni mit\u0151l lesz egy \u00f3ra okos, vagy \u00e9ppen sportra sz\u00e1nt. Teszt\u00fcnk alanya, a Garmin Epix (Gen2) \u00f3ra pedig m\u00e9g jobban \u00f6sszemossa a hat\u00e1rokat.<\/p>\n\n\n\n<p class=\"has-text-align-justify\">A 2022. elej\u00e9n deb\u00fct\u00e1lt m\u00e1sodik gener\u00e1ci\u00f3s Epix k\u00e9pess\u00e9geiben nagyban megegyezik a Fenix 7 sport\u00f3ra sorozattal, azonban a d\u00f6nt\u0151 k\u00fcl\u00f6nbs\u00e9g k\u00f6z\u00f6tt\u00fck az, hogy am\u00edg a Fenix sorozat modelljei egy speci\u00e1lis transzflekt\u00edv MIP t\u00edpus\u00fa kijelz\u0151t kaptak, addig az Epix (Gen2) modelljeibe az okos\u00f3r\u00e1kb\u00f3l \u00e9s okostelefonokb\u00f3l ink\u00e1bb ismer\u0151s AMOLED panel ker\u00fclt.<\/p>\n\n\n\n<p class=\"has-text-align-justify\">Els\u0151 r\u00e1n\u00e9z\u00e9sre, kikapcsolt \u00e1llapotban alig megk\u00fcl\u00f6nb\u00f6ztethet\u0151 a Fenix 7 \u00e9s Epix (Gen2) sorozat.<\/p>\n\n\n\n<figure class=\"wp-block-image size-large\"><img loading=\"lazy\" decoding=\"async\" width=\"1024\" height=\"683\" src=\"https:\/\/hir.mediamarkt.hu\/magazin\/wp-content\/uploads\/2022\/03\/garmin-epix-gen-2-teszt-26-1024x683.jpg\" alt=\"\" class=\"wp-image-14598\" srcset=\"https:\/\/hir.mediamarkt.hu\/magazin\/wp-content\/uploads\/2022\/03\/garmin-epix-gen-2-teszt-26-1024x683.jpg 1024w, https:\/\/hir.mediamarkt.hu\/magazin\/wp-content\/uploads\/2022\/03\/garmin-epix-gen-2-teszt-26-300x200.jpg 300w, https:\/\/hir.mediamarkt.hu\/magazin\/wp-content\/uploads\/2022\/03\/garmin-epix-gen-2-teszt-26-275x183.jpg 275w, https:\/\/hir.mediamarkt.hu\/magazin\/wp-content\/uploads\/2022\/03\/garmin-epix-gen-2-teszt-26-768x512.jpg 768w, https:\/\/hir.mediamarkt.hu\/magazin\/wp-content\/uploads\/2022\/03\/garmin-epix-gen-2-teszt-26.jpg 1200w\" sizes=\"(max-width: 1024px) 100vw, 1024px\" \/><\/figure>\n\n\n\n<h2 class=\"wp-block-heading\">Nem mindegy, melyik verzi\u00f3t v\u00e1lasztja az ember<\/h2>\n\n\n\n<p class=\"has-text-align-justify\">Amellett, hogy tokoz\u00e1sban elt\u00e9r\u0151 sz\u00edn\u0171ek lehetnek egyes Epix (Gen2) kiad\u00e1sok, tud\u00e1sban is egy el\u00e9g jelent\u0151s, \u00e9rezhet\u0151 k\u00fcl\u00f6nbs\u00e9g van. Az<strong> <a href=\"https:\/\/www.mediamarkt.hu\/hu\/product\/_garmin-epix-gen2-okos%C3%B3ra-sz%C3%BCrke-fekete-szilikon-sz%C3%ADjjal-gg010-02582-01-1376975.html\" target=\"_blank\" rel=\"noreferrer noopener\">\u201calap\u201d modell<\/a> <\/strong>kijelz\u0151j\u00e9t Corning Gorilla Glass \u00fcveg bor\u00edtja, ac\u00e9l l\u00fcnett\u00e1val k\u00f6r\u00fcl\u00f6lelve. A k\u00fcls\u0151s\u00e9gek mellett az is k\u00fcl\u00f6nbs\u00e9g, hogy ez a modell csak 16 GB h\u00e1tt\u00e9rt\u00e1rat kapott, illetve nem t\u00e1mogatja a t\u00f6bbfrekvenci\u00e1s GPS helymeghat\u00e1roz\u00e1st.\u00a0<\/p>\n\n\n\n<figure class=\"wp-block-image size-large\"><img loading=\"lazy\" decoding=\"async\" width=\"1024\" height=\"683\" src=\"https:\/\/hir.mediamarkt.hu\/magazin\/wp-content\/uploads\/2022\/03\/garmin-epix-gen-2-teszt-13-1024x683.jpg\" alt=\"\" class=\"wp-image-14534\" srcset=\"https:\/\/hir.mediamarkt.hu\/magazin\/wp-content\/uploads\/2022\/03\/garmin-epix-gen-2-teszt-13-1024x683.jpg 1024w, https:\/\/hir.mediamarkt.hu\/magazin\/wp-content\/uploads\/2022\/03\/garmin-epix-gen-2-teszt-13-300x200.jpg 300w, https:\/\/hir.mediamarkt.hu\/magazin\/wp-content\/uploads\/2022\/03\/garmin-epix-gen-2-teszt-13-275x183.jpg 275w, https:\/\/hir.mediamarkt.hu\/magazin\/wp-content\/uploads\/2022\/03\/garmin-epix-gen-2-teszt-13-768x512.jpg 768w, https:\/\/hir.mediamarkt.hu\/magazin\/wp-content\/uploads\/2022\/03\/garmin-epix-gen-2-teszt-13.jpg 1200w\" sizes=\"(max-width: 1024px) 100vw, 1024px\" \/><\/figure>\n\n\n\n<p class=\"has-text-align-justify\">A m\u00e1sik, <strong>\u201c<em>Pro<\/em>\u201d modell az <a href=\"https:\/\/www.mediamarkt.hu\/hu\/product\/_garmin-epix-gen2-okos%C3%B3ra-fekete-sz%C3%BCrke-dlc-tit%C3%A1nium-fekete-szilikon-sz%C3%ADjjal-sapphire-gg010-02582-11-1376976.html\" target=\"_blank\" rel=\"noreferrer noopener\">Epix (Gen2) Sapphire<\/a>.<\/strong> Ahogyan a neve is jelzi, itt m\u00e1r a kijelz\u0151t zaf\u00edr krist\u00e1ly\u00fcveg bor\u00edtja, amely nagyobb karc\u00e1ll\u00f3s\u00e1ggal rendelkezik, mint a sima edzett \u00fcveg. Emellett a l\u00fcnetta is tit\u00e1nb\u00f3l k\u00e9sz\u00fclt, egy speci\u00e1lis DLC bevonattal. Technikailag is van v\u00e1ltoz\u00e1s, ez az \u00f3ra dupla akkora h\u00e1tt\u00e9rt\u00e1rat kapott, mint az alap modell &#8211; 32 GB-ot-, valamint t\u00e1mogatja a t\u00f6bbcsatorn\u00e1s helymeghat\u00e1roz\u00e1st, ami a Fenix 7 \u00e9s Epix (Gen2) sorozat nagy \u00faj\u00edt\u00e1sa a kor\u00e1bbiakhoz k\u00e9pest.<\/p>\n\n\n\n<figure class=\"wp-block-gallery columns-2 is-cropped wp-block-gallery-2 is-layout-flex wp-block-gallery-is-layout-flex\"><ul class=\"blocks-gallery-grid\"><li class=\"blocks-gallery-item\"><figure><img loading=\"lazy\" decoding=\"async\" width=\"1024\" height=\"683\" src=\"https:\/\/hir.mediamarkt.hu\/magazin\/wp-content\/uploads\/2022\/03\/garmin-epix-gen-2-teszt-17-1024x683.jpg\" alt=\"\" data-id=\"14596\" data-full-url=\"https:\/\/hir.mediamarkt.hu\/magazin\/wp-content\/uploads\/2022\/03\/garmin-epix-gen-2-teszt-17.jpg\" data-link=\"https:\/\/hir.mediamarkt.hu\/magazin\/?attachment_id=14596\" class=\"wp-image-14596\" srcset=\"https:\/\/hir.mediamarkt.hu\/magazin\/wp-content\/uploads\/2022\/03\/garmin-epix-gen-2-teszt-17-1024x683.jpg 1024w, https:\/\/hir.mediamarkt.hu\/magazin\/wp-content\/uploads\/2022\/03\/garmin-epix-gen-2-teszt-17-300x200.jpg 300w, https:\/\/hir.mediamarkt.hu\/magazin\/wp-content\/uploads\/2022\/03\/garmin-epix-gen-2-teszt-17-275x183.jpg 275w, https:\/\/hir.mediamarkt.hu\/magazin\/wp-content\/uploads\/2022\/03\/garmin-epix-gen-2-teszt-17-768x512.jpg 768w, https:\/\/hir.mediamarkt.hu\/magazin\/wp-content\/uploads\/2022\/03\/garmin-epix-gen-2-teszt-17.jpg 1200w\" sizes=\"(max-width: 1024px) 100vw, 1024px\" \/><\/figure><\/li><li class=\"blocks-gallery-item\"><figure><img loading=\"lazy\" decoding=\"async\" width=\"1024\" height=\"683\" src=\"https:\/\/hir.mediamarkt.hu\/magazin\/wp-content\/uploads\/2022\/03\/garmin-epix-gen-2-teszt-18-1024x683.jpg\" alt=\"\" data-id=\"14597\" data-full-url=\"https:\/\/hir.mediamarkt.hu\/magazin\/wp-content\/uploads\/2022\/03\/garmin-epix-gen-2-teszt-18.jpg\" data-link=\"https:\/\/hir.mediamarkt.hu\/magazin\/?attachment_id=14597\" class=\"wp-image-14597\" srcset=\"https:\/\/hir.mediamarkt.hu\/magazin\/wp-content\/uploads\/2022\/03\/garmin-epix-gen-2-teszt-18-1024x683.jpg 1024w, https:\/\/hir.mediamarkt.hu\/magazin\/wp-content\/uploads\/2022\/03\/garmin-epix-gen-2-teszt-18-300x200.jpg 300w, https:\/\/hir.mediamarkt.hu\/magazin\/wp-content\/uploads\/2022\/03\/garmin-epix-gen-2-teszt-18-275x183.jpg 275w, https:\/\/hir.mediamarkt.hu\/magazin\/wp-content\/uploads\/2022\/03\/garmin-epix-gen-2-teszt-18-768x512.jpg 768w, https:\/\/hir.mediamarkt.hu\/magazin\/wp-content\/uploads\/2022\/03\/garmin-epix-gen-2-teszt-18.jpg 1200w\" sizes=\"(max-width: 1024px) 100vw, 1024px\" \/><\/figure><\/li><\/ul><\/figure>\n\n\n\n<p class=\"has-text-align-justify\">Aki teh\u00e1t a legjobban felszerelt modellt keresi, annak a Sapphire megjel\u00f6l\u00e9ssel rendelkez\u0151 modellre \u00e9rdemes r\u00e1rep\u00fclni (pl. <a href=\"https:\/\/www.mediamarkt.hu\/hu\/product\/_garmin-fenix-7s-sapphire-solar-okos%C3%B3ra-kr%C3%A9marany-vil%C3%A1gos-homok-sz%C3%ADn%C5%B1-szilikon-sz%C3%ADjjal-gg010-02539-21-1376963.html\" target=\"_blank\" rel=\"noreferrer noopener\">erre<\/a>). <\/p>\n\n\n\n<h2 class=\"wp-block-heading\">A zaf\u00edr \u00e9s tit\u00e1nium ereje<\/h2>\n\n\n\n<p class=\"has-text-align-justify\">A zaf\u00edr \u00fcveg el\u0151nyei els\u0151sorban nem felt\u00e9tlen\u00fcl a mindennapi \u00e9letben j\u00f6nnek el\u0151, hanem amikor az ember valamilyen komolyabb sporttev\u00e9kenys\u00e9get m\u0171vel, nem utols\u00f3 sorban, ha esetleg s\u00e1rral, kavicsokkal is tal\u00e1lkozhat az \u00f3ra. A <strong>nagyobb karc\u00e1ll\u00f3s\u00e1gnak <\/strong>k\u00f6sz\u00f6nhet\u0151en kisebb az es\u00e9lye, hogy megs\u00e9r\u00fcl az \u00fcveg &#8211; b\u00e1r azt \u00e9rdemes el\u0151re elk\u00f6nyvelni, hogy nem elpuszt\u00edthatatlan ez sem, ez\u00e9rt <a href=\"https:\/\/www.youtube.com\/watch?v=GuiybxNcYbY\" target=\"_blank\" rel=\"noreferrer noopener\">Clearplex rugalmas f\u00f3li\u00e1t <\/a>\u00e9rdemes lehet r\u00e1tenni. A tit\u00e1ni l\u00fcnett\u00e1n l\u00e9v\u0151 DLC bevonat szint\u00e9n azt a c\u00e9lt szolg\u00e1lja, hogy az \u00f3ra fizikai ellen\u00e1ll\u00e1sa magasabb legyen, mint a standard modellnek.<\/p>\n\n\n\n<figure class=\"wp-block-image size-large\"><img loading=\"lazy\" decoding=\"async\" width=\"1024\" height=\"683\" src=\"https:\/\/hir.mediamarkt.hu\/magazin\/wp-content\/uploads\/2022\/03\/garmin-epix-gen-2-teszt-1-1024x683.jpg\" alt=\"\" class=\"wp-image-14535\" srcset=\"https:\/\/hir.mediamarkt.hu\/magazin\/wp-content\/uploads\/2022\/03\/garmin-epix-gen-2-teszt-1-1024x683.jpg 1024w, https:\/\/hir.mediamarkt.hu\/magazin\/wp-content\/uploads\/2022\/03\/garmin-epix-gen-2-teszt-1-300x200.jpg 300w, https:\/\/hir.mediamarkt.hu\/magazin\/wp-content\/uploads\/2022\/03\/garmin-epix-gen-2-teszt-1-275x183.jpg 275w, https:\/\/hir.mediamarkt.hu\/magazin\/wp-content\/uploads\/2022\/03\/garmin-epix-gen-2-teszt-1-768x512.jpg 768w, https:\/\/hir.mediamarkt.hu\/magazin\/wp-content\/uploads\/2022\/03\/garmin-epix-gen-2-teszt-1.jpg 1200w\" sizes=\"(max-width: 1024px) 100vw, 1024px\" \/><\/figure>\n\n\n\n<p class=\"has-text-align-justify\">Az Epix \u00f3ra tokoz\u00e1sa egy meger\u0151s\u00edtett polimer anyag, amely egyr\u00e9szt k\u00f6nny\u0171, m\u00e1sr\u00e9szt ellen\u00e1ll\u00f3. A jobb oldal\u00e1ra k\u00e9t gomb ker\u00fclt, a fels\u0151 a sport tev\u00e9kenys\u00e9geket ind\u00edtja, az als\u00f3 pedig sport k\u00f6zben \u00faj k\u00f6rt ind\u00edt, a men\u00fcben pedig visszafel\u00e9 navig\u00e1l. A fels\u0151 gomb kapott k\u00e9t oldalr\u00f3l egy gall\u00e9rt is, ami azt a c\u00e9lt szolg\u00e1lja, hogy nehezebb legyen benyomni, \u00edgy a v\u00e9tlen sportle\u00e1ll\u00edt\u00e1sok ker\u00fclhet\u0151k el. A bal oldalra h\u00e1rom gomb ker\u00fclt, fel\u00fcl a vil\u00e1g\u00edt\u00e1st kapcsol\u00f3 gomb, alul pedig k\u00e9t navig\u00e1ci\u00f3s gomb.<\/p>\n\n\n\n<figure class=\"wp-block-image size-large\"><img loading=\"lazy\" decoding=\"async\" width=\"1024\" height=\"683\" src=\"https:\/\/hir.mediamarkt.hu\/magazin\/wp-content\/uploads\/2022\/03\/garmin-epix-gen-2-teszt-14-1024x683.jpg\" alt=\"\" class=\"wp-image-14546\" srcset=\"https:\/\/hir.mediamarkt.hu\/magazin\/wp-content\/uploads\/2022\/03\/garmin-epix-gen-2-teszt-14-1024x683.jpg 1024w, https:\/\/hir.mediamarkt.hu\/magazin\/wp-content\/uploads\/2022\/03\/garmin-epix-gen-2-teszt-14-300x200.jpg 300w, https:\/\/hir.mediamarkt.hu\/magazin\/wp-content\/uploads\/2022\/03\/garmin-epix-gen-2-teszt-14-275x183.jpg 275w, https:\/\/hir.mediamarkt.hu\/magazin\/wp-content\/uploads\/2022\/03\/garmin-epix-gen-2-teszt-14-768x512.jpg 768w, https:\/\/hir.mediamarkt.hu\/magazin\/wp-content\/uploads\/2022\/03\/garmin-epix-gen-2-teszt-14.jpg 1200w\" sizes=\"(max-width: 1024px) 100vw, 1024px\" \/><\/figure>\n\n\n\n<p class=\"has-text-align-justify\">A Garmin \u00f3r\u00e1ja egyar\u00e1nt vez\u00e9relhet\u0151 az oldal\u00e1n l\u00e9v\u0151 gombokkal, illetve a kijelz\u0151n kereszt\u00fcl, \u00e9rint\u00e9ssel. Ez az els\u0151 profi sportra sz\u00e1nt sz\u00e9ria (a Fenix 7-tel egy\u00fctt), amely m\u00e1r \u00e9rint\u0151k\u00e9perny\u0151 t\u00e1mogat\u00e1st is kapott. Azonban a Garmin figyelt arra, hogy a felhaszn\u00e1l\u00f3k sporttev\u00e9kenys\u00e9g sor\u00e1n nem igaz\u00e1n szeretik az \u00e9rint\u0151k\u00e9perny\u0151t, mert megvan a vesz\u00e9lye, hogy akaratlanul is le\u00e1ll egy edz\u00e9s, esetleg m\u00f3dosul. Ez\u00e9rt a sporttev\u00e9kenys\u00e9gek sor\u00e1n alapb\u00f3l le van tiltva az \u00e9rint\u00e9s\u00e9rz\u00e9kel\u00e9s \u00e9s csak akkor \u00e9rhet\u0151 el, ha a felhaszn\u00e1l\u00f3 ezt bekapcsolja. Itt kihagyott egy nagy ziccert a Garmin, sokkal jobb volna, ha a tev\u00e9kenys\u00e9gen bel\u00fcl ki lehetne v\u00e1lasztani, mely adatk\u00e9perny\u0151k\u00f6n legyen haszn\u00e1lhat\u00f3 az \u00e9rint\u0151funkci\u00f3, hiszen a temp\u00f3, vagy a megtett t\u00e1vok megjelen\u00edt\u00e9sekor b\u00e1r feleslegesnek t\u0171nhet, viszont a t\u00e9rk\u00e9p megjelen\u00edt\u00e9se sor\u00e1n hasznos lehetne, ha ott mindig el\u00e9rhet\u0151 volna a lehet\u0151s\u00e9g.<\/p>\n\n\n\n<figure class=\"wp-block-image size-large\"><img loading=\"lazy\" decoding=\"async\" width=\"1024\" height=\"683\" src=\"https:\/\/hir.mediamarkt.hu\/magazin\/wp-content\/uploads\/2022\/03\/garmin-epix-gen-2-teszt-7-1024x683.jpg\" alt=\"\" class=\"wp-image-14536\" srcset=\"https:\/\/hir.mediamarkt.hu\/magazin\/wp-content\/uploads\/2022\/03\/garmin-epix-gen-2-teszt-7-1024x683.jpg 1024w, https:\/\/hir.mediamarkt.hu\/magazin\/wp-content\/uploads\/2022\/03\/garmin-epix-gen-2-teszt-7-300x200.jpg 300w, https:\/\/hir.mediamarkt.hu\/magazin\/wp-content\/uploads\/2022\/03\/garmin-epix-gen-2-teszt-7-275x183.jpg 275w, https:\/\/hir.mediamarkt.hu\/magazin\/wp-content\/uploads\/2022\/03\/garmin-epix-gen-2-teszt-7-768x512.jpg 768w, https:\/\/hir.mediamarkt.hu\/magazin\/wp-content\/uploads\/2022\/03\/garmin-epix-gen-2-teszt-7.jpg 1200w\" sizes=\"(max-width: 1024px) 100vw, 1024px\" \/><\/figure>\n\n\n\n<p class=\"has-text-align-justify\">Az \u00e9rint\u0151kijelz\u0151nem van m\u00e9g egy hi\u00e1nyoss\u00e1ga, a multitouch. Sajnos csak egy ujjat \u00e9rz\u00e9kel egy id\u0151ben, \u00edgy k\u00e9t ujjal nem is lehet nagy\u00edtani az \u00f3r\u00e1n. Maga a kijelz\u0151 egy\u00e9bk\u00e9nt 1,3\u201d-os k\u00e9p\u00e1tl\u00f3val b\u00edr a 47 mm-es h\u00e1zban. Az AMOLED panel 416&#215;416 k\u00e9ppont felbont\u00e1s\u00fa. A f\u00e9nyereje kell\u0151en er\u0151s \u00e9s el\u00e9g r\u00e9szletes is ahhoz, hogy mindent leolvassunk r\u00f3la haszn\u00e1lat k\u00f6zben, vagy ak\u00e1r a l\u00e1tv\u00e1nyosabb \u00f3rasz\u00e1mlapokat is megjelen\u00edtse.<\/p>\n\n\n\n<p class=\"has-text-align-justify\">Az AMOLED kijelz\u0151 n\u00e1lam a sz\u00e1mlapok haszn\u00e1lata sor\u00e1n k\u00e9tf\u00e9le \u00e1llapotban volt. Volt az alap sz\u00e1mlap, amelyen megjelentek az adatok, illetve volt egy k\u00e9szenl\u00e9ti sz\u00e1mlap, amely csak az id\u0151t mutatta haszn\u00e1laton k\u00edv\u00fcl, alacsonyabb f\u00e9nyer\u0151vel. Ez az\u00e9rt fontos, mert az AMOLED kijelz\u0151 miatt az \u00fczemid\u0151 az\u00e9rt \u00e9rezhet\u0151en r\u00f6videbb tud lenni, mint a MIP kijelz\u0151s Fenix 7 modellek eset\u00e9n. Hasznos kedvess\u00e9g, hogy ha be\u00e1ll\u00edtjuk az \u00e1ltal\u00e1nos alv\u00e1si id\u0151szakunkat, akkor ebben az id\u0151tartamban a kijelz\u0151n kikapcsol az Always-on-Display funkci\u00f3 \u00e9s csak gombnyom\u00e1sra jelenik meg egy cs\u00f6kkentett f\u00e9nyerej\u0171 k\u00e9szenl\u00e9ti k\u00e9perny\u0151, \u00edgy \u00e9jszaka nem vil\u00e1g\u00edt.<\/p>\n\n\n\n<p class=\"has-text-align-justify\">A tok fenek\u00e9n egy negyedik gener\u00e1ci\u00f3s optikai pulzusm\u00e9r\u0151 szenzor tal\u00e1lhat\u00f3. Mellette egy m\u00e1ra hagyom\u00e1nyosnak mondhat\u00f3 Garmin t\u00f6lt\u0151 csatlakoz\u00f3, amely egyben PC-s adatszinkroniz\u00e1l\u00e1sra is haszn\u00e1lhat\u00f3. Ehhez egy r\u00f6vid USB k\u00e1bel tal\u00e1lhat\u00f3 is a csomagban.<\/p>\n\n\n\n<figure class=\"wp-block-image size-large\"><img loading=\"lazy\" decoding=\"async\" width=\"1024\" height=\"683\" src=\"https:\/\/hir.mediamarkt.hu\/magazin\/wp-content\/uploads\/2022\/03\/garmin-epix-gen-2-teszt-15-1024x683.jpg\" alt=\"\" class=\"wp-image-14547\" srcset=\"https:\/\/hir.mediamarkt.hu\/magazin\/wp-content\/uploads\/2022\/03\/garmin-epix-gen-2-teszt-15-1024x683.jpg 1024w, https:\/\/hir.mediamarkt.hu\/magazin\/wp-content\/uploads\/2022\/03\/garmin-epix-gen-2-teszt-15-300x200.jpg 300w, https:\/\/hir.mediamarkt.hu\/magazin\/wp-content\/uploads\/2022\/03\/garmin-epix-gen-2-teszt-15-275x183.jpg 275w, https:\/\/hir.mediamarkt.hu\/magazin\/wp-content\/uploads\/2022\/03\/garmin-epix-gen-2-teszt-15-768x512.jpg 768w, https:\/\/hir.mediamarkt.hu\/magazin\/wp-content\/uploads\/2022\/03\/garmin-epix-gen-2-teszt-15.jpg 1200w\" sizes=\"(max-width: 1024px) 100vw, 1024px\" \/><\/figure>\n\n\n\n<h2 class=\"wp-block-heading\">SPORT, SPORT \u00e9s SPORT!<\/h2>\n\n\n\n<p class=\"has-text-align-justify\"><strong>Az \u00faj EPIX gyakorlatilag a sport\u00f3r\u00e1k cs\u00facsa, <\/strong>amelyet az\u00e9rt az \u00e1ra is sejtet. Egyik f\u0151 \u00fajdons\u00e1ga a t\u00f6bbcsatorn\u00e1s helymeghat\u00e1roz\u00e1s, azaz egy m\u0171holdas rendszert t\u00f6bb frekvenci\u00e1j\u00e1t is haszn\u00e1lja p\u00e1rhuzamosan a jobb  \u00e9s prec\u00edzebb helymeghat\u00e1roz\u00e1s \u00e9rdek\u00e9ben.<\/p>\n\n\n\n<figure class=\"wp-block-gallery columns-3 is-cropped wp-block-gallery-3 is-layout-flex wp-block-gallery-is-layout-flex\"><ul class=\"blocks-gallery-grid\"><li class=\"blocks-gallery-item\"><figure><img loading=\"lazy\" decoding=\"async\" width=\"1024\" height=\"683\" src=\"https:\/\/hir.mediamarkt.hu\/magazin\/wp-content\/uploads\/2022\/03\/garmin-epix-gen-2-teszt-2-1024x683.jpg\" alt=\"\" data-id=\"14537\" data-full-url=\"https:\/\/hir.mediamarkt.hu\/magazin\/wp-content\/uploads\/2022\/03\/garmin-epix-gen-2-teszt-2.jpg\" data-link=\"https:\/\/hir.mediamarkt.hu\/magazin\/?attachment_id=14537\" class=\"wp-image-14537\" srcset=\"https:\/\/hir.mediamarkt.hu\/magazin\/wp-content\/uploads\/2022\/03\/garmin-epix-gen-2-teszt-2-1024x683.jpg 1024w, https:\/\/hir.mediamarkt.hu\/magazin\/wp-content\/uploads\/2022\/03\/garmin-epix-gen-2-teszt-2-300x200.jpg 300w, https:\/\/hir.mediamarkt.hu\/magazin\/wp-content\/uploads\/2022\/03\/garmin-epix-gen-2-teszt-2-275x183.jpg 275w, https:\/\/hir.mediamarkt.hu\/magazin\/wp-content\/uploads\/2022\/03\/garmin-epix-gen-2-teszt-2-768x512.jpg 768w, https:\/\/hir.mediamarkt.hu\/magazin\/wp-content\/uploads\/2022\/03\/garmin-epix-gen-2-teszt-2.jpg 1200w\" sizes=\"(max-width: 1024px) 100vw, 1024px\" \/><\/figure><\/li><li class=\"blocks-gallery-item\"><figure><img loading=\"lazy\" decoding=\"async\" width=\"1024\" height=\"683\" src=\"https:\/\/hir.mediamarkt.hu\/magazin\/wp-content\/uploads\/2022\/03\/garmin-epix-gen-2-teszt-3-1024x683.jpg\" alt=\"\" data-id=\"14538\" data-full-url=\"https:\/\/hir.mediamarkt.hu\/magazin\/wp-content\/uploads\/2022\/03\/garmin-epix-gen-2-teszt-3.jpg\" data-link=\"https:\/\/hir.mediamarkt.hu\/magazin\/?attachment_id=14538\" class=\"wp-image-14538\" srcset=\"https:\/\/hir.mediamarkt.hu\/magazin\/wp-content\/uploads\/2022\/03\/garmin-epix-gen-2-teszt-3-1024x683.jpg 1024w, https:\/\/hir.mediamarkt.hu\/magazin\/wp-content\/uploads\/2022\/03\/garmin-epix-gen-2-teszt-3-300x200.jpg 300w, https:\/\/hir.mediamarkt.hu\/magazin\/wp-content\/uploads\/2022\/03\/garmin-epix-gen-2-teszt-3-275x183.jpg 275w, https:\/\/hir.mediamarkt.hu\/magazin\/wp-content\/uploads\/2022\/03\/garmin-epix-gen-2-teszt-3-768x512.jpg 768w, https:\/\/hir.mediamarkt.hu\/magazin\/wp-content\/uploads\/2022\/03\/garmin-epix-gen-2-teszt-3.jpg 1200w\" sizes=\"(max-width: 1024px) 100vw, 1024px\" \/><\/figure><\/li><li class=\"blocks-gallery-item\"><figure><img loading=\"lazy\" decoding=\"async\" width=\"1024\" height=\"683\" src=\"https:\/\/hir.mediamarkt.hu\/magazin\/wp-content\/uploads\/2022\/03\/garmin-epix-gen-2-teszt-4-1024x683.jpg\" alt=\"\" data-id=\"14539\" data-full-url=\"https:\/\/hir.mediamarkt.hu\/magazin\/wp-content\/uploads\/2022\/03\/garmin-epix-gen-2-teszt-4.jpg\" data-link=\"https:\/\/hir.mediamarkt.hu\/magazin\/?attachment_id=14539\" class=\"wp-image-14539\" srcset=\"https:\/\/hir.mediamarkt.hu\/magazin\/wp-content\/uploads\/2022\/03\/garmin-epix-gen-2-teszt-4-1024x683.jpg 1024w, https:\/\/hir.mediamarkt.hu\/magazin\/wp-content\/uploads\/2022\/03\/garmin-epix-gen-2-teszt-4-300x200.jpg 300w, https:\/\/hir.mediamarkt.hu\/magazin\/wp-content\/uploads\/2022\/03\/garmin-epix-gen-2-teszt-4-275x183.jpg 275w, https:\/\/hir.mediamarkt.hu\/magazin\/wp-content\/uploads\/2022\/03\/garmin-epix-gen-2-teszt-4-768x512.jpg 768w, https:\/\/hir.mediamarkt.hu\/magazin\/wp-content\/uploads\/2022\/03\/garmin-epix-gen-2-teszt-4.jpg 1200w\" sizes=\"(max-width: 1024px) 100vw, 1024px\" \/><\/figure><\/li><\/ul><figcaption class=\"blocks-gallery-caption\">Sok adatot megoszt az \u00f3ra sport k\u00f6zben \u00e9s r\u00f6gt\u00f6n ut\u00e1na is. K\u00e9s\u0151bb a telefonon m\u00e9g t\u00f6bb inform\u00e1ci\u00f3 v\u00e1lik el\u00e9rhet\u0151v\u00e9.<\/figcaption><\/figure>\n\n\n\n<p class=\"has-text-align-justify\">Ez azt jelenti, hogy am\u00edg az el\u0151z\u0151 gener\u00e1ci\u00f3s Fenix 6 Sapphire eset\u00e9n amikor egy lak\u00f3telepi parkban a h\u00e1zak t\u00f6v\u00e9ben l\u00e9v\u0151 j\u00e1rd\u00e1n v\u00e9gigs\u00e9t\u00e1ltam, a kor\u00e1bbi modell bizony \u00f6ssze-vissza h\u00fazta a \u00fatvonalat. Ezzel szemben az Epix (Gen2) gyakorlatilag r\u00e1ragasztotta a j\u00e1rd\u00e1ra az \u00fatvonalat, azaz egy ilyen, beton \u00e9p\u00fcletekkel le\u00e1rny\u00e9kolt ter\u00fcleten is \u00e9rezhet\u0151en sokkal jobb poz\u00edci\u00f3t tudott meghat\u00e1rozni.<\/p>\n\n\n\n<figure class=\"wp-block-image size-large\"><img loading=\"lazy\" decoding=\"async\" width=\"1024\" height=\"683\" src=\"https:\/\/hir.mediamarkt.hu\/magazin\/wp-content\/uploads\/2022\/03\/garmin-epix-gen-2-teszt-11-1024x683.jpg\" alt=\"\" class=\"wp-image-14540\" srcset=\"https:\/\/hir.mediamarkt.hu\/magazin\/wp-content\/uploads\/2022\/03\/garmin-epix-gen-2-teszt-11-1024x683.jpg 1024w, https:\/\/hir.mediamarkt.hu\/magazin\/wp-content\/uploads\/2022\/03\/garmin-epix-gen-2-teszt-11-300x200.jpg 300w, https:\/\/hir.mediamarkt.hu\/magazin\/wp-content\/uploads\/2022\/03\/garmin-epix-gen-2-teszt-11-275x183.jpg 275w, https:\/\/hir.mediamarkt.hu\/magazin\/wp-content\/uploads\/2022\/03\/garmin-epix-gen-2-teszt-11-768x512.jpg 768w, https:\/\/hir.mediamarkt.hu\/magazin\/wp-content\/uploads\/2022\/03\/garmin-epix-gen-2-teszt-11.jpg 1200w\" sizes=\"(max-width: 1024px) 100vw, 1024px\" \/><\/figure>\n\n\n\n<figure class=\"wp-block-gallery columns-4 is-cropped wp-block-gallery-4 is-layout-flex wp-block-gallery-is-layout-flex\"><ul class=\"blocks-gallery-grid\"><li class=\"blocks-gallery-item\"><figure><img loading=\"lazy\" decoding=\"async\" width=\"462\" height=\"1000\" src=\"https:\/\/hir.mediamarkt.hu\/magazin\/wp-content\/uploads\/2022\/03\/garmin-epix-gen-2-teszt-40.jpg\" alt=\"\" data-id=\"14580\" data-link=\"https:\/\/hir.mediamarkt.hu\/magazin\/?attachment_id=14580\" class=\"wp-image-14580\" srcset=\"https:\/\/hir.mediamarkt.hu\/magazin\/wp-content\/uploads\/2022\/03\/garmin-epix-gen-2-teszt-40.jpg 462w, https:\/\/hir.mediamarkt.hu\/magazin\/wp-content\/uploads\/2022\/03\/garmin-epix-gen-2-teszt-40-139x300.jpg 139w, https:\/\/hir.mediamarkt.hu\/magazin\/wp-content\/uploads\/2022\/03\/garmin-epix-gen-2-teszt-40-231x500.jpg 231w\" sizes=\"(max-width: 462px) 100vw, 462px\" \/><\/figure><\/li><li class=\"blocks-gallery-item\"><figure><img loading=\"lazy\" decoding=\"async\" width=\"462\" height=\"1000\" src=\"https:\/\/hir.mediamarkt.hu\/magazin\/wp-content\/uploads\/2022\/03\/garmin-epix-gen-2-teszt-41.jpg\" alt=\"\" data-id=\"14581\" data-link=\"https:\/\/hir.mediamarkt.hu\/magazin\/?attachment_id=14581\" class=\"wp-image-14581\" srcset=\"https:\/\/hir.mediamarkt.hu\/magazin\/wp-content\/uploads\/2022\/03\/garmin-epix-gen-2-teszt-41.jpg 462w, https:\/\/hir.mediamarkt.hu\/magazin\/wp-content\/uploads\/2022\/03\/garmin-epix-gen-2-teszt-41-139x300.jpg 139w, https:\/\/hir.mediamarkt.hu\/magazin\/wp-content\/uploads\/2022\/03\/garmin-epix-gen-2-teszt-41-231x500.jpg 231w\" sizes=\"(max-width: 462px) 100vw, 462px\" \/><\/figure><\/li><li class=\"blocks-gallery-item\"><figure><img loading=\"lazy\" decoding=\"async\" width=\"462\" height=\"1000\" src=\"https:\/\/hir.mediamarkt.hu\/magazin\/wp-content\/uploads\/2022\/03\/garmin-epix-gen-2-teszt-42.jpg\" alt=\"\" data-id=\"14582\" data-link=\"https:\/\/hir.mediamarkt.hu\/magazin\/?attachment_id=14582\" class=\"wp-image-14582\" srcset=\"https:\/\/hir.mediamarkt.hu\/magazin\/wp-content\/uploads\/2022\/03\/garmin-epix-gen-2-teszt-42.jpg 462w, https:\/\/hir.mediamarkt.hu\/magazin\/wp-content\/uploads\/2022\/03\/garmin-epix-gen-2-teszt-42-139x300.jpg 139w, https:\/\/hir.mediamarkt.hu\/magazin\/wp-content\/uploads\/2022\/03\/garmin-epix-gen-2-teszt-42-231x500.jpg 231w\" sizes=\"(max-width: 462px) 100vw, 462px\" \/><\/figure><\/li><li class=\"blocks-gallery-item\"><figure><img loading=\"lazy\" decoding=\"async\" width=\"462\" height=\"1000\" src=\"https:\/\/hir.mediamarkt.hu\/magazin\/wp-content\/uploads\/2022\/03\/garmin-epix-gen-2-teszt-57.jpg\" alt=\"\" data-id=\"14583\" data-full-url=\"https:\/\/hir.mediamarkt.hu\/magazin\/wp-content\/uploads\/2022\/03\/garmin-epix-gen-2-teszt-57.jpg\" data-link=\"https:\/\/hir.mediamarkt.hu\/magazin\/?attachment_id=14583\" class=\"wp-image-14583\" srcset=\"https:\/\/hir.mediamarkt.hu\/magazin\/wp-content\/uploads\/2022\/03\/garmin-epix-gen-2-teszt-57.jpg 462w, https:\/\/hir.mediamarkt.hu\/magazin\/wp-content\/uploads\/2022\/03\/garmin-epix-gen-2-teszt-57-139x300.jpg 139w, https:\/\/hir.mediamarkt.hu\/magazin\/wp-content\/uploads\/2022\/03\/garmin-epix-gen-2-teszt-57-231x500.jpg 231w\" sizes=\"(max-width: 462px) 100vw, 462px\" \/><\/figure><\/li><\/ul><figcaption class=\"blocks-gallery-caption\">H\u00e1rom ragyog\u00f3an pontos m\u00e9r\u00e9s\u0171 s\u00e9ta tev\u00e9kenys\u00e9g \u00e9s egy tavon j\u00e1r\u00f3s hib\u00e1s m\u00e9r\u00e9s fut\u00e1s sor\u00e1n<\/figcaption><\/figure>\n\n\n\n<p class=\"has-text-align-justify\">\u00d6sszess\u00e9g\u00e9ben a kor\u00e1bbi gener\u00e1ci\u00f3s Fenixekhez k\u00e9pest \u00e9rezhet\u0151en jobban, pontosabban m\u00e9r, de ahogy fent is l\u00e1tszik, nem fog mindig t\u00f6k\u00e9letesen szerepelni.<\/p>\n\n\n\n<figure class=\"wp-block-gallery columns-2 is-cropped wp-block-gallery-5 is-layout-flex wp-block-gallery-is-layout-flex\"><ul class=\"blocks-gallery-grid\"><li class=\"blocks-gallery-item\"><figure><img loading=\"lazy\" decoding=\"async\" width=\"462\" height=\"1000\" src=\"https:\/\/hir.mediamarkt.hu\/magazin\/wp-content\/uploads\/2022\/03\/garmin-epix-gen-2-teszt-56.jpg\" alt=\"\" data-id=\"14585\" data-full-url=\"https:\/\/hir.mediamarkt.hu\/magazin\/wp-content\/uploads\/2022\/03\/garmin-epix-gen-2-teszt-56.jpg\" data-link=\"https:\/\/hir.mediamarkt.hu\/magazin\/?attachment_id=14585\" class=\"wp-image-14585\" srcset=\"https:\/\/hir.mediamarkt.hu\/magazin\/wp-content\/uploads\/2022\/03\/garmin-epix-gen-2-teszt-56.jpg 462w, https:\/\/hir.mediamarkt.hu\/magazin\/wp-content\/uploads\/2022\/03\/garmin-epix-gen-2-teszt-56-139x300.jpg 139w, https:\/\/hir.mediamarkt.hu\/magazin\/wp-content\/uploads\/2022\/03\/garmin-epix-gen-2-teszt-56-231x500.jpg 231w\" sizes=\"(max-width: 462px) 100vw, 462px\" \/><\/figure><\/li><li class=\"blocks-gallery-item\"><figure><img loading=\"lazy\" decoding=\"async\" width=\"462\" height=\"1000\" src=\"https:\/\/hir.mediamarkt.hu\/magazin\/wp-content\/uploads\/2022\/03\/garmin-epix-gen-2-teszt-43.jpg\" alt=\"\" data-id=\"14584\" data-link=\"https:\/\/hir.mediamarkt.hu\/magazin\/?attachment_id=14584\" class=\"wp-image-14584\" srcset=\"https:\/\/hir.mediamarkt.hu\/magazin\/wp-content\/uploads\/2022\/03\/garmin-epix-gen-2-teszt-43.jpg 462w, https:\/\/hir.mediamarkt.hu\/magazin\/wp-content\/uploads\/2022\/03\/garmin-epix-gen-2-teszt-43-139x300.jpg 139w, https:\/\/hir.mediamarkt.hu\/magazin\/wp-content\/uploads\/2022\/03\/garmin-epix-gen-2-teszt-43-231x500.jpg 231w\" sizes=\"(max-width: 462px) 100vw, 462px\" \/><\/figure><\/li><\/ul><figcaption class=\"blocks-gallery-caption\">\u00dagy ad\u00f3dott, pont az Epix (Gen2) tesztje sor\u00e1n futottam az eddigi leghosszabb t\u00e1vom \u00e9s az els\u0151 f\u00e9lmaratonom is.<\/figcaption><\/figure>\n\n\n\n<p class=\"has-text-align-justify\"><strong>\u00daj seg\u00edts\u00e9g a Stamina,<\/strong> amely edz\u00e9s k\u00f6zben pr\u00f3b\u00e1lja megmutatni azt, hogy hogyan \u00e1llunk az energia-tartal\u00e9kkal. Elvileg ez seg\u00edtene bel\u0151ni, hogy mennyi er\u0151 van m\u00e9g benn\u00fcnk, illetve jelzi azt is, hogy mennyit vett ki a m\u00e1r megtett edz\u00e9s. Ezzel \u00e9n magam kev\u00e9sb\u00e9 tudtam \u00f6sszebar\u00e1tkozni. Egy lass\u00fa, egyenletes sebess\u00e9g\u0171 fut\u00e1sn\u00e1l sz\u00e9pen, fokozatosan tudta v\u00e9gigk\u00f6vetni a cs\u00f6kken\u00e9st az \u00f3ra. Azonban p\u00e9ld\u00e1ul egy f\u00e9lmaraton versenyen, ahol igyekeztem mindent kiadni magamb\u00f3l \u00e9s ez\u00e9rt v\u00e9gig a maximum pulzus k\u00f6zel\u00e9ben futottam, az \u00f3ra szerint m\u00e1r 1 \u00f3ra 13 perc ut\u00e1n elfogyott az energia tartal\u00e9kom &#8211; amelyb\u0151l k\u00f6vetkezik, hogy elfogytam. Ennek ellen\u00e9re ahogy l\u00e1that\u00f3 is a diagrammon, m\u00e9g f\u00e9l \u00f3r\u00e1t mentem, b\u00e1r minim\u00e1lisan lassabban, de \u00f6sszess\u00e9g\u00e9ben magas temp\u00f3ban \u00e9s pulzussal, mik\u00f6zben a Stamina v\u00e9gig 0%-on \u00e1llt.<\/p>\n\n\n\n<figure class=\"wp-block-gallery columns-2 is-cropped wp-block-gallery-6 is-layout-flex wp-block-gallery-is-layout-flex\"><ul class=\"blocks-gallery-grid\"><li class=\"blocks-gallery-item\"><figure><img loading=\"lazy\" decoding=\"async\" width=\"1000\" height=\"462\" src=\"https:\/\/hir.mediamarkt.hu\/magazin\/wp-content\/uploads\/2022\/03\/garmin-epix-gen-2-teszt-54.jpg\" alt=\"\" data-id=\"14558\" data-full-url=\"https:\/\/hir.mediamarkt.hu\/magazin\/wp-content\/uploads\/2022\/03\/garmin-epix-gen-2-teszt-54.jpg\" data-link=\"https:\/\/hir.mediamarkt.hu\/magazin\/?attachment_id=14558\" class=\"wp-image-14558\" srcset=\"https:\/\/hir.mediamarkt.hu\/magazin\/wp-content\/uploads\/2022\/03\/garmin-epix-gen-2-teszt-54.jpg 1000w, https:\/\/hir.mediamarkt.hu\/magazin\/wp-content\/uploads\/2022\/03\/garmin-epix-gen-2-teszt-54-300x139.jpg 300w, https:\/\/hir.mediamarkt.hu\/magazin\/wp-content\/uploads\/2022\/03\/garmin-epix-gen-2-teszt-54-275x127.jpg 275w, https:\/\/hir.mediamarkt.hu\/magazin\/wp-content\/uploads\/2022\/03\/garmin-epix-gen-2-teszt-54-768x355.jpg 768w\" sizes=\"(max-width: 1000px) 100vw, 1000px\" \/><\/figure><\/li><li class=\"blocks-gallery-item\"><figure><img loading=\"lazy\" decoding=\"async\" width=\"1000\" height=\"462\" src=\"https:\/\/hir.mediamarkt.hu\/magazin\/wp-content\/uploads\/2022\/03\/garmin-epix-gen-2-teszt-55.jpg\" alt=\"\" data-id=\"14559\" data-full-url=\"https:\/\/hir.mediamarkt.hu\/magazin\/wp-content\/uploads\/2022\/03\/garmin-epix-gen-2-teszt-55.jpg\" data-link=\"https:\/\/hir.mediamarkt.hu\/magazin\/?attachment_id=14559\" class=\"wp-image-14559\" srcset=\"https:\/\/hir.mediamarkt.hu\/magazin\/wp-content\/uploads\/2022\/03\/garmin-epix-gen-2-teszt-55.jpg 1000w, https:\/\/hir.mediamarkt.hu\/magazin\/wp-content\/uploads\/2022\/03\/garmin-epix-gen-2-teszt-55-300x139.jpg 300w, https:\/\/hir.mediamarkt.hu\/magazin\/wp-content\/uploads\/2022\/03\/garmin-epix-gen-2-teszt-55-275x127.jpg 275w, https:\/\/hir.mediamarkt.hu\/magazin\/wp-content\/uploads\/2022\/03\/garmin-epix-gen-2-teszt-55-768x355.jpg 768w\" sizes=\"(max-width: 1000px) 100vw, 1000px\" \/><\/figure><\/li><\/ul><figcaption class=\"blocks-gallery-caption\">Bal oldalt a Stamina, jobb oldalt pedig kieg\u00e9sz\u00edtve a fut\u00f3temp\u00f3val<\/figcaption><\/figure>\n\n\n\n<p class=\"has-text-align-justify\">Sportol\u00e1s k\u00f6zben rendk\u00edv\u00fcl hasznos lehet, hogy <strong>az \u00f3ra saj\u00e1t, be\u00e9p\u00edtett t\u00e9rk\u00e9ppel rendelkezik, ami telefon n\u00e9lk\u00fcl is m\u0171k\u00f6dik.<\/strong> Ez ak\u00e1r t\u00far\u00e1z\u00e1s, vagy fut\u00e1s sor\u00e1n is j\u00f3l j\u00f6het, ak\u00e1r akkor, ha elt\u00e9vedn\u00e9nk, ak\u00e1r akkor, ha pont ez alapj\u00e1n t\u00e1j\u00e9koz\u00f3dn\u00e1nk. Lehet\u0151s\u00e9g van felrakni \u00fatvonalakat, amelyeket az \u00f3ra le is tud navig\u00e1lni. Gyalogos t\u00fara eset\u00e9n ez nagyon j\u00f3l m\u0171k\u00f6dik, hiszen l\u00e1tsz\u00f3dik a t\u00e9rk\u00e9pen is az \u00fatvonal, valamint ir\u00e1nyv\u00e1ltoztat\u00e1skor csipog \u00e9s jelez az \u00f3ra. Fut\u00e1s, vagy ker\u00e9kp\u00e1roz\u00e1s eset\u00e9n ez m\u00e1r egy fokkal k\u00f6r\u00fclm\u00e9nyesebb abb\u00f3l ad\u00f3d\u00f3an, hogy n\u00e9ha kicsit k\u00e9s\u0151n jelez, egy gyorsabb temp\u00f3 sor\u00e1n okozhat meglepet\u00e9st a k\u00e9s\u0151i jelz\u00e9s.<\/p>\n\n\n\n<figure class=\"wp-block-image size-large\"><img loading=\"lazy\" decoding=\"async\" width=\"1024\" height=\"683\" src=\"https:\/\/hir.mediamarkt.hu\/magazin\/wp-content\/uploads\/2022\/03\/garmin-epix-gen-2-teszt-16-1024x683.jpg\" alt=\"\" class=\"wp-image-14545\" srcset=\"https:\/\/hir.mediamarkt.hu\/magazin\/wp-content\/uploads\/2022\/03\/garmin-epix-gen-2-teszt-16-1024x683.jpg 1024w, https:\/\/hir.mediamarkt.hu\/magazin\/wp-content\/uploads\/2022\/03\/garmin-epix-gen-2-teszt-16-300x200.jpg 300w, https:\/\/hir.mediamarkt.hu\/magazin\/wp-content\/uploads\/2022\/03\/garmin-epix-gen-2-teszt-16-275x183.jpg 275w, https:\/\/hir.mediamarkt.hu\/magazin\/wp-content\/uploads\/2022\/03\/garmin-epix-gen-2-teszt-16-768x512.jpg 768w, https:\/\/hir.mediamarkt.hu\/magazin\/wp-content\/uploads\/2022\/03\/garmin-epix-gen-2-teszt-16.jpg 1200w\" sizes=\"(max-width: 1024px) 100vw, 1024px\" \/><\/figure>\n\n\n\n<p class=\"has-text-align-justify\">Azok, akik zen\u00e9t hallgatnak edz\u00e9s k\u00f6zben, \u00f6r\u00fclhetnek a Bluetooth-os headset csatlakoztat\u00e1si lehet\u0151s\u00e9gnek. A Sapphire kiad\u00e1s\u00fa \u00f3ra 32 GB be\u00e9p\u00edtett t\u00e1rhellyel rendelkezik, van b\u0151ven hely zen\u00e9t m\u00e1solni r\u00e1 (ezt csak sz\u00e1m\u00edt\u00f3g\u00e9pen, a Garmin programj\u00e1val lehet). Akik viszont kev\u00e9sb\u00e9 \u00e9lik az MP3-as vil\u00e1got, ami 2022-ben \u00e9rthet\u0151, azoknak gond n\u00e9lk\u00fcl lehet offline Spotify zen\u00e9t is t\u00f6lteni az \u00f3r\u00e1ra. Telefonon kiv\u00e1laszthat\u00f3, hogy milyen zen\u00e9k ker\u00fcljenek az \u00f3r\u00e1ra, azok let\u00f6lt\u00e9sre ker\u00fclnek \u00e9s az \u00f3r\u00e1n t\u00e1rolva ind\u00edthat\u00f3k. Ez sokkal k\u00e9zenfekv\u0151bb, k\u00e9nyelmesebb \u00e9s egyben jogtiszta is tud maradni. Maga az \u00f3ra nem tartalmaz hangsz\u00f3r\u00f3t, \u00edgy zen\u00e9t mag\u00e1t\u00f3l nem fog megsz\u00f3laltatni, egy Bluetooth hangsz\u00f3r\u00f3, vagy headset kell hozz\u00e1.&nbsp;<\/p>\n\n\n\n<figure class=\"wp-block-gallery columns-2 is-cropped wp-block-gallery-7 is-layout-flex wp-block-gallery-is-layout-flex\"><ul class=\"blocks-gallery-grid\"><li class=\"blocks-gallery-item\"><figure><img loading=\"lazy\" decoding=\"async\" width=\"462\" height=\"1000\" src=\"https:\/\/hir.mediamarkt.hu\/magazin\/wp-content\/uploads\/2022\/03\/garmin-epix-gen-2-teszt-27.jpg\" alt=\"\" data-id=\"14587\" data-full-url=\"https:\/\/hir.mediamarkt.hu\/magazin\/wp-content\/uploads\/2022\/03\/garmin-epix-gen-2-teszt-27.jpg\" data-link=\"https:\/\/hir.mediamarkt.hu\/magazin\/?attachment_id=14587\" class=\"wp-image-14587\" srcset=\"https:\/\/hir.mediamarkt.hu\/magazin\/wp-content\/uploads\/2022\/03\/garmin-epix-gen-2-teszt-27.jpg 462w, https:\/\/hir.mediamarkt.hu\/magazin\/wp-content\/uploads\/2022\/03\/garmin-epix-gen-2-teszt-27-139x300.jpg 139w, https:\/\/hir.mediamarkt.hu\/magazin\/wp-content\/uploads\/2022\/03\/garmin-epix-gen-2-teszt-27-231x500.jpg 231w\" sizes=\"(max-width: 462px) 100vw, 462px\" \/><\/figure><\/li><li class=\"blocks-gallery-item\"><figure><img loading=\"lazy\" decoding=\"async\" width=\"462\" height=\"1000\" src=\"https:\/\/hir.mediamarkt.hu\/magazin\/wp-content\/uploads\/2022\/03\/garmin-epix-gen-2-teszt-33.jpg\" alt=\"\" data-id=\"14588\" data-full-url=\"https:\/\/hir.mediamarkt.hu\/magazin\/wp-content\/uploads\/2022\/03\/garmin-epix-gen-2-teszt-33.jpg\" data-link=\"https:\/\/hir.mediamarkt.hu\/magazin\/?attachment_id=14588\" class=\"wp-image-14588\" srcset=\"https:\/\/hir.mediamarkt.hu\/magazin\/wp-content\/uploads\/2022\/03\/garmin-epix-gen-2-teszt-33.jpg 462w, https:\/\/hir.mediamarkt.hu\/magazin\/wp-content\/uploads\/2022\/03\/garmin-epix-gen-2-teszt-33-139x300.jpg 139w, https:\/\/hir.mediamarkt.hu\/magazin\/wp-content\/uploads\/2022\/03\/garmin-epix-gen-2-teszt-33-231x500.jpg 231w\" sizes=\"(max-width: 462px) 100vw, 462px\" \/><\/figure><\/li><\/ul><figcaption class=\"blocks-gallery-caption\">Bal oldalon a Garmin Connect alkalmaz\u00e1s f\u0151k\u00e9perny\u0151je, jobb oldalon a Body Battery m\u00e9r\u00e9si eredm\u00e9nyei<\/figcaption><\/figure>\n\n\n\n<p class=\"has-text-align-justify\">Az iOS-re \u00e9s Androidra is el\u00e9rhet\u0151 Connect alkalmaz\u00e1s szolg\u00e1l a telefonos szinkroniz\u00e1l\u00e1sra az \u00f3r\u00e1val, amely \u00f3ri\u00e1si adatmennyis\u00e9get tud r\u00e1z\u00fad\u00edtani a felhaszn\u00e1l\u00f3ra, \u00e9rdemes is be\u00e1ll\u00edtani, hogy pontosan mit szeretn\u00e9nk l\u00e1tni.<\/p>\n\n\n\n<figure class=\"wp-block-gallery columns-5 is-cropped wp-block-gallery-8 is-layout-flex wp-block-gallery-is-layout-flex\"><ul class=\"blocks-gallery-grid\"><li class=\"blocks-gallery-item\"><figure><img loading=\"lazy\" decoding=\"async\" width=\"462\" height=\"1000\" src=\"https:\/\/hir.mediamarkt.hu\/magazin\/wp-content\/uploads\/2022\/03\/garmin-epix-gen-2-teszt-44.jpg\" alt=\"\" data-id=\"14560\" data-full-url=\"https:\/\/hir.mediamarkt.hu\/magazin\/wp-content\/uploads\/2022\/03\/garmin-epix-gen-2-teszt-44.jpg\" data-link=\"https:\/\/hir.mediamarkt.hu\/magazin\/?attachment_id=14560\" class=\"wp-image-14560\" srcset=\"https:\/\/hir.mediamarkt.hu\/magazin\/wp-content\/uploads\/2022\/03\/garmin-epix-gen-2-teszt-44.jpg 462w, https:\/\/hir.mediamarkt.hu\/magazin\/wp-content\/uploads\/2022\/03\/garmin-epix-gen-2-teszt-44-139x300.jpg 139w, https:\/\/hir.mediamarkt.hu\/magazin\/wp-content\/uploads\/2022\/03\/garmin-epix-gen-2-teszt-44-231x500.jpg 231w\" sizes=\"(max-width: 462px) 100vw, 462px\" \/><\/figure><\/li><li class=\"blocks-gallery-item\"><figure><img loading=\"lazy\" decoding=\"async\" width=\"462\" height=\"1000\" src=\"https:\/\/hir.mediamarkt.hu\/magazin\/wp-content\/uploads\/2022\/03\/garmin-epix-gen-2-teszt-45.jpg\" alt=\"\" data-id=\"14561\" data-full-url=\"https:\/\/hir.mediamarkt.hu\/magazin\/wp-content\/uploads\/2022\/03\/garmin-epix-gen-2-teszt-45.jpg\" data-link=\"https:\/\/hir.mediamarkt.hu\/magazin\/?attachment_id=14561\" class=\"wp-image-14561\" srcset=\"https:\/\/hir.mediamarkt.hu\/magazin\/wp-content\/uploads\/2022\/03\/garmin-epix-gen-2-teszt-45.jpg 462w, https:\/\/hir.mediamarkt.hu\/magazin\/wp-content\/uploads\/2022\/03\/garmin-epix-gen-2-teszt-45-139x300.jpg 139w, https:\/\/hir.mediamarkt.hu\/magazin\/wp-content\/uploads\/2022\/03\/garmin-epix-gen-2-teszt-45-231x500.jpg 231w\" sizes=\"(max-width: 462px) 100vw, 462px\" \/><\/figure><\/li><li class=\"blocks-gallery-item\"><figure><img loading=\"lazy\" decoding=\"async\" width=\"462\" height=\"1000\" src=\"https:\/\/hir.mediamarkt.hu\/magazin\/wp-content\/uploads\/2022\/03\/garmin-epix-gen-2-teszt-46.jpg\" alt=\"\" data-id=\"14562\" data-full-url=\"https:\/\/hir.mediamarkt.hu\/magazin\/wp-content\/uploads\/2022\/03\/garmin-epix-gen-2-teszt-46.jpg\" data-link=\"https:\/\/hir.mediamarkt.hu\/magazin\/?attachment_id=14562\" class=\"wp-image-14562\" srcset=\"https:\/\/hir.mediamarkt.hu\/magazin\/wp-content\/uploads\/2022\/03\/garmin-epix-gen-2-teszt-46.jpg 462w, https:\/\/hir.mediamarkt.hu\/magazin\/wp-content\/uploads\/2022\/03\/garmin-epix-gen-2-teszt-46-139x300.jpg 139w, https:\/\/hir.mediamarkt.hu\/magazin\/wp-content\/uploads\/2022\/03\/garmin-epix-gen-2-teszt-46-231x500.jpg 231w\" sizes=\"(max-width: 462px) 100vw, 462px\" \/><\/figure><\/li><li class=\"blocks-gallery-item\"><figure><img loading=\"lazy\" decoding=\"async\" width=\"462\" height=\"1000\" src=\"https:\/\/hir.mediamarkt.hu\/magazin\/wp-content\/uploads\/2022\/03\/garmin-epix-gen-2-teszt-47.jpg\" alt=\"\" data-id=\"14563\" data-full-url=\"https:\/\/hir.mediamarkt.hu\/magazin\/wp-content\/uploads\/2022\/03\/garmin-epix-gen-2-teszt-47.jpg\" data-link=\"https:\/\/hir.mediamarkt.hu\/magazin\/?attachment_id=14563\" class=\"wp-image-14563\" srcset=\"https:\/\/hir.mediamarkt.hu\/magazin\/wp-content\/uploads\/2022\/03\/garmin-epix-gen-2-teszt-47.jpg 462w, https:\/\/hir.mediamarkt.hu\/magazin\/wp-content\/uploads\/2022\/03\/garmin-epix-gen-2-teszt-47-139x300.jpg 139w, https:\/\/hir.mediamarkt.hu\/magazin\/wp-content\/uploads\/2022\/03\/garmin-epix-gen-2-teszt-47-231x500.jpg 231w\" sizes=\"(max-width: 462px) 100vw, 462px\" \/><\/figure><\/li><li class=\"blocks-gallery-item\"><figure><img loading=\"lazy\" decoding=\"async\" width=\"462\" height=\"1000\" src=\"https:\/\/hir.mediamarkt.hu\/magazin\/wp-content\/uploads\/2022\/03\/garmin-epix-gen-2-teszt-48.jpg\" alt=\"\" data-id=\"14564\" data-full-url=\"https:\/\/hir.mediamarkt.hu\/magazin\/wp-content\/uploads\/2022\/03\/garmin-epix-gen-2-teszt-48.jpg\" data-link=\"https:\/\/hir.mediamarkt.hu\/magazin\/?attachment_id=14564\" class=\"wp-image-14564\" srcset=\"https:\/\/hir.mediamarkt.hu\/magazin\/wp-content\/uploads\/2022\/03\/garmin-epix-gen-2-teszt-48.jpg 462w, https:\/\/hir.mediamarkt.hu\/magazin\/wp-content\/uploads\/2022\/03\/garmin-epix-gen-2-teszt-48-139x300.jpg 139w, https:\/\/hir.mediamarkt.hu\/magazin\/wp-content\/uploads\/2022\/03\/garmin-epix-gen-2-teszt-48-231x500.jpg 231w\" sizes=\"(max-width: 462px) 100vw, 462px\" \/><\/figure><\/li><li class=\"blocks-gallery-item\"><figure><img loading=\"lazy\" decoding=\"async\" width=\"462\" height=\"1000\" src=\"https:\/\/hir.mediamarkt.hu\/magazin\/wp-content\/uploads\/2022\/03\/garmin-epix-gen-2-teszt-49.jpg\" alt=\"\" data-id=\"14565\" data-full-url=\"https:\/\/hir.mediamarkt.hu\/magazin\/wp-content\/uploads\/2022\/03\/garmin-epix-gen-2-teszt-49.jpg\" data-link=\"https:\/\/hir.mediamarkt.hu\/magazin\/?attachment_id=14565\" class=\"wp-image-14565\" srcset=\"https:\/\/hir.mediamarkt.hu\/magazin\/wp-content\/uploads\/2022\/03\/garmin-epix-gen-2-teszt-49.jpg 462w, https:\/\/hir.mediamarkt.hu\/magazin\/wp-content\/uploads\/2022\/03\/garmin-epix-gen-2-teszt-49-139x300.jpg 139w, https:\/\/hir.mediamarkt.hu\/magazin\/wp-content\/uploads\/2022\/03\/garmin-epix-gen-2-teszt-49-231x500.jpg 231w\" sizes=\"(max-width: 462px) 100vw, 462px\" \/><\/figure><\/li><li class=\"blocks-gallery-item\"><figure><img loading=\"lazy\" decoding=\"async\" width=\"462\" height=\"1000\" src=\"https:\/\/hir.mediamarkt.hu\/magazin\/wp-content\/uploads\/2022\/03\/garmin-epix-gen-2-teszt-50.jpg\" alt=\"\" data-id=\"14566\" data-full-url=\"https:\/\/hir.mediamarkt.hu\/magazin\/wp-content\/uploads\/2022\/03\/garmin-epix-gen-2-teszt-50.jpg\" data-link=\"https:\/\/hir.mediamarkt.hu\/magazin\/?attachment_id=14566\" class=\"wp-image-14566\" srcset=\"https:\/\/hir.mediamarkt.hu\/magazin\/wp-content\/uploads\/2022\/03\/garmin-epix-gen-2-teszt-50.jpg 462w, https:\/\/hir.mediamarkt.hu\/magazin\/wp-content\/uploads\/2022\/03\/garmin-epix-gen-2-teszt-50-139x300.jpg 139w, https:\/\/hir.mediamarkt.hu\/magazin\/wp-content\/uploads\/2022\/03\/garmin-epix-gen-2-teszt-50-231x500.jpg 231w\" sizes=\"(max-width: 462px) 100vw, 462px\" \/><\/figure><\/li><li class=\"blocks-gallery-item\"><figure><img loading=\"lazy\" decoding=\"async\" width=\"462\" height=\"1000\" src=\"https:\/\/hir.mediamarkt.hu\/magazin\/wp-content\/uploads\/2022\/03\/garmin-epix-gen-2-teszt-51.jpg\" alt=\"\" data-id=\"14567\" data-full-url=\"https:\/\/hir.mediamarkt.hu\/magazin\/wp-content\/uploads\/2022\/03\/garmin-epix-gen-2-teszt-51.jpg\" data-link=\"https:\/\/hir.mediamarkt.hu\/magazin\/?attachment_id=14567\" class=\"wp-image-14567\" srcset=\"https:\/\/hir.mediamarkt.hu\/magazin\/wp-content\/uploads\/2022\/03\/garmin-epix-gen-2-teszt-51.jpg 462w, https:\/\/hir.mediamarkt.hu\/magazin\/wp-content\/uploads\/2022\/03\/garmin-epix-gen-2-teszt-51-139x300.jpg 139w, https:\/\/hir.mediamarkt.hu\/magazin\/wp-content\/uploads\/2022\/03\/garmin-epix-gen-2-teszt-51-231x500.jpg 231w\" sizes=\"(max-width: 462px) 100vw, 462px\" \/><\/figure><\/li><li class=\"blocks-gallery-item\"><figure><img loading=\"lazy\" decoding=\"async\" width=\"462\" height=\"1000\" src=\"https:\/\/hir.mediamarkt.hu\/magazin\/wp-content\/uploads\/2022\/03\/garmin-epix-gen-2-teszt-52.jpg\" alt=\"\" data-id=\"14568\" data-full-url=\"https:\/\/hir.mediamarkt.hu\/magazin\/wp-content\/uploads\/2022\/03\/garmin-epix-gen-2-teszt-52.jpg\" data-link=\"https:\/\/hir.mediamarkt.hu\/magazin\/?attachment_id=14568\" class=\"wp-image-14568\" srcset=\"https:\/\/hir.mediamarkt.hu\/magazin\/wp-content\/uploads\/2022\/03\/garmin-epix-gen-2-teszt-52.jpg 462w, https:\/\/hir.mediamarkt.hu\/magazin\/wp-content\/uploads\/2022\/03\/garmin-epix-gen-2-teszt-52-139x300.jpg 139w, https:\/\/hir.mediamarkt.hu\/magazin\/wp-content\/uploads\/2022\/03\/garmin-epix-gen-2-teszt-52-231x500.jpg 231w\" sizes=\"(max-width: 462px) 100vw, 462px\" \/><\/figure><\/li><li class=\"blocks-gallery-item\"><figure><img loading=\"lazy\" decoding=\"async\" width=\"462\" height=\"1000\" src=\"https:\/\/hir.mediamarkt.hu\/magazin\/wp-content\/uploads\/2022\/03\/garmin-epix-gen-2-teszt-53.jpg\" alt=\"\" data-id=\"14569\" data-full-url=\"https:\/\/hir.mediamarkt.hu\/magazin\/wp-content\/uploads\/2022\/03\/garmin-epix-gen-2-teszt-53.jpg\" data-link=\"https:\/\/hir.mediamarkt.hu\/magazin\/?attachment_id=14569\" class=\"wp-image-14569\" srcset=\"https:\/\/hir.mediamarkt.hu\/magazin\/wp-content\/uploads\/2022\/03\/garmin-epix-gen-2-teszt-53.jpg 462w, https:\/\/hir.mediamarkt.hu\/magazin\/wp-content\/uploads\/2022\/03\/garmin-epix-gen-2-teszt-53-139x300.jpg 139w, https:\/\/hir.mediamarkt.hu\/magazin\/wp-content\/uploads\/2022\/03\/garmin-epix-gen-2-teszt-53-231x500.jpg 231w\" sizes=\"(max-width: 462px) 100vw, 462px\" \/><\/figure><\/li><\/ul><\/figure>\n\n\n\n<p class=\"has-text-align-justify\">Egy-egy tev\u00e9kenys\u00e9get k\u00f6vet\u0151en a sebess\u00e9g, temp\u00f3, id\u0151 adatok mellett term\u00e9szetesen l\u00e1tjuk az \u00fatvonalat, a be\u00e9p\u00edtett barom\u00e9ter seg\u00edts\u00e9g\u00e9vel a szintk\u00fcl\u00f6nbs\u00e9geket. L\u00e1thatjuk, hogy az edz\u00e9s mennyire volt megterhel\u0151, milyen tartom\u00e1nyokban futottunk. Az edz\u00e9s eredm\u00e9nyess\u00e9g\u00e9t sz\u00e1molja a rendszer, figyeli a test terhel\u00e9s szintj\u00e9t, azt hogy mennyi volt az alacsony \u00e9s magas aerob, az anaerob terhel\u00e9s, ezek alapj\u00e1n jelzi is, hogy mikor vagyunk eredm\u00e9nyes, esetleg eredm\u00e9nytelen, netal\u00e1nt\u00e1n cs\u00facs \u00e1llapotban.<\/p>\n\n\n\n<figure class=\"wp-block-gallery columns-4 is-cropped wp-block-gallery-9 is-layout-flex wp-block-gallery-is-layout-flex\"><ul class=\"blocks-gallery-grid\"><li class=\"blocks-gallery-item\"><figure><img loading=\"lazy\" decoding=\"async\" width=\"462\" height=\"1000\" src=\"https:\/\/hir.mediamarkt.hu\/magazin\/wp-content\/uploads\/2022\/03\/garmin-epix-gen-2-teszt-28.jpg\" alt=\"\" data-id=\"14570\" data-full-url=\"https:\/\/hir.mediamarkt.hu\/magazin\/wp-content\/uploads\/2022\/03\/garmin-epix-gen-2-teszt-28.jpg\" data-link=\"https:\/\/hir.mediamarkt.hu\/magazin\/?attachment_id=14570\" class=\"wp-image-14570\" srcset=\"https:\/\/hir.mediamarkt.hu\/magazin\/wp-content\/uploads\/2022\/03\/garmin-epix-gen-2-teszt-28.jpg 462w, https:\/\/hir.mediamarkt.hu\/magazin\/wp-content\/uploads\/2022\/03\/garmin-epix-gen-2-teszt-28-139x300.jpg 139w, https:\/\/hir.mediamarkt.hu\/magazin\/wp-content\/uploads\/2022\/03\/garmin-epix-gen-2-teszt-28-231x500.jpg 231w\" sizes=\"(max-width: 462px) 100vw, 462px\" \/><\/figure><\/li><li class=\"blocks-gallery-item\"><figure><img loading=\"lazy\" decoding=\"async\" width=\"462\" height=\"1000\" src=\"https:\/\/hir.mediamarkt.hu\/magazin\/wp-content\/uploads\/2022\/03\/garmin-epix-gen-2-teszt-29.jpg\" alt=\"\" data-id=\"14571\" data-full-url=\"https:\/\/hir.mediamarkt.hu\/magazin\/wp-content\/uploads\/2022\/03\/garmin-epix-gen-2-teszt-29.jpg\" data-link=\"https:\/\/hir.mediamarkt.hu\/magazin\/?attachment_id=14571\" class=\"wp-image-14571\" srcset=\"https:\/\/hir.mediamarkt.hu\/magazin\/wp-content\/uploads\/2022\/03\/garmin-epix-gen-2-teszt-29.jpg 462w, https:\/\/hir.mediamarkt.hu\/magazin\/wp-content\/uploads\/2022\/03\/garmin-epix-gen-2-teszt-29-139x300.jpg 139w, https:\/\/hir.mediamarkt.hu\/magazin\/wp-content\/uploads\/2022\/03\/garmin-epix-gen-2-teszt-29-231x500.jpg 231w\" sizes=\"(max-width: 462px) 100vw, 462px\" \/><\/figure><\/li><li class=\"blocks-gallery-item\"><figure><img loading=\"lazy\" decoding=\"async\" width=\"462\" height=\"1000\" src=\"https:\/\/hir.mediamarkt.hu\/magazin\/wp-content\/uploads\/2022\/03\/garmin-epix-gen-2-teszt-30.jpg\" alt=\"\" data-id=\"14572\" data-full-url=\"https:\/\/hir.mediamarkt.hu\/magazin\/wp-content\/uploads\/2022\/03\/garmin-epix-gen-2-teszt-30.jpg\" data-link=\"https:\/\/hir.mediamarkt.hu\/magazin\/?attachment_id=14572\" class=\"wp-image-14572\" srcset=\"https:\/\/hir.mediamarkt.hu\/magazin\/wp-content\/uploads\/2022\/03\/garmin-epix-gen-2-teszt-30.jpg 462w, https:\/\/hir.mediamarkt.hu\/magazin\/wp-content\/uploads\/2022\/03\/garmin-epix-gen-2-teszt-30-139x300.jpg 139w, https:\/\/hir.mediamarkt.hu\/magazin\/wp-content\/uploads\/2022\/03\/garmin-epix-gen-2-teszt-30-231x500.jpg 231w\" sizes=\"(max-width: 462px) 100vw, 462px\" \/><\/figure><\/li><li class=\"blocks-gallery-item\"><figure><img loading=\"lazy\" decoding=\"async\" width=\"462\" height=\"1000\" src=\"https:\/\/hir.mediamarkt.hu\/magazin\/wp-content\/uploads\/2022\/03\/garmin-epix-gen-2-teszt-31.jpg\" alt=\"\" data-id=\"14573\" data-full-url=\"https:\/\/hir.mediamarkt.hu\/magazin\/wp-content\/uploads\/2022\/03\/garmin-epix-gen-2-teszt-31.jpg\" data-link=\"https:\/\/hir.mediamarkt.hu\/magazin\/?attachment_id=14573\" class=\"wp-image-14573\" srcset=\"https:\/\/hir.mediamarkt.hu\/magazin\/wp-content\/uploads\/2022\/03\/garmin-epix-gen-2-teszt-31.jpg 462w, https:\/\/hir.mediamarkt.hu\/magazin\/wp-content\/uploads\/2022\/03\/garmin-epix-gen-2-teszt-31-139x300.jpg 139w, https:\/\/hir.mediamarkt.hu\/magazin\/wp-content\/uploads\/2022\/03\/garmin-epix-gen-2-teszt-31-231x500.jpg 231w\" sizes=\"(max-width: 462px) 100vw, 462px\" \/><\/figure><\/li><\/ul><\/figure>\n\n\n\n<p class=\"has-text-align-justify\">Az Epix 2-ben m\u00e1r van egy eg\u00e9szs\u00e9g\u00fcgyi pillanatk\u00e9p m\u00e9r\u00e9s is, ez egy k\u00e9t perces m\u00e9r\u00e9si folyamat, amely sor\u00e1n nyugodtan kell \u00fcln\u00fcnk, a szenzorok m\u00e9rik az \u00e1llapotunkat, inform\u00e1ci\u00f3t ad a pulzus, a stressz v\u00e1ltoz\u00e1s\u00e1r\u00f3l, a l\u00e9gz\u00e9ssz\u00e1mr\u00f3l. Sajnos EKG funkci\u00f3 nem ker\u00fclt az \u00f3r\u00e1ba, b\u00e1r vannak jelek, amelyek arra utalnak, hogy technikailag k\u00e9pes lenne r\u00e1.<\/p>\n\n\n\n<figure class=\"wp-block-image size-large\"><img loading=\"lazy\" decoding=\"async\" width=\"1024\" height=\"683\" src=\"http:\/\/hir.mediamarkt.hu\/magazin\/wp-content\/uploads\/2022\/03\/garmin-epix-gen-2-teszt-5-1024x683.jpg\" alt=\"\" class=\"wp-image-14541\" srcset=\"https:\/\/hir.mediamarkt.hu\/magazin\/wp-content\/uploads\/2022\/03\/garmin-epix-gen-2-teszt-5-1024x683.jpg 1024w, https:\/\/hir.mediamarkt.hu\/magazin\/wp-content\/uploads\/2022\/03\/garmin-epix-gen-2-teszt-5-300x200.jpg 300w, https:\/\/hir.mediamarkt.hu\/magazin\/wp-content\/uploads\/2022\/03\/garmin-epix-gen-2-teszt-5-275x183.jpg 275w, https:\/\/hir.mediamarkt.hu\/magazin\/wp-content\/uploads\/2022\/03\/garmin-epix-gen-2-teszt-5-768x512.jpg 768w, https:\/\/hir.mediamarkt.hu\/magazin\/wp-content\/uploads\/2022\/03\/garmin-epix-gen-2-teszt-5.jpg 1200w\" sizes=\"(max-width: 1024px) 100vw, 1024px\" \/><\/figure>\n\n\n\n<p class=\"has-text-align-justify\">A be\u00e9p\u00edtett pulzusm\u00e9r\u0151 napk\u00f6zben, \u00e9jszaka kiv\u00e1l\u00f3an m\u00e9r, b\u00e1r tev\u00e9kenys\u00e9gek sor\u00e1n az\u00e9rt lassabban tudja k\u00f6vetni a v\u00e1ltoz\u00e1sokat, mintha pulzusm\u00e9r\u0151 \u00f6vet haszn\u00e1lna az ember. Egy rutinosabb, \u00f6vvel fut\u00f3 sz\u00e1m\u00e1ra \u00e9rezhet\u0151, hogy lassabban ind\u00edtja a cs\u00f6kken\u0151 pulzust p\u00e1r m\u00e1sodperccel, mintha mellkas p\u00e1ntot haszn\u00e1lna. Ezt egy\u00e9bk\u00e9nt kev\u00e9sb\u00e9 lehet a Garmin sz\u00e1ml\u00e1j\u00e1ra \u00edrni, egyszer\u0171en ennyit tudnak a mai cs\u00facs optikai pulzusm\u00e9r\u0151k.<\/p>\n\n\n\n<figure class=\"wp-block-image size-large\"><img loading=\"lazy\" decoding=\"async\" width=\"1024\" height=\"683\" src=\"https:\/\/hir.mediamarkt.hu\/magazin\/wp-content\/uploads\/2022\/03\/garmin-epix-gen-2-teszt-6-1024x683.jpg\" alt=\"\" class=\"wp-image-14542\" srcset=\"https:\/\/hir.mediamarkt.hu\/magazin\/wp-content\/uploads\/2022\/03\/garmin-epix-gen-2-teszt-6-1024x683.jpg 1024w, https:\/\/hir.mediamarkt.hu\/magazin\/wp-content\/uploads\/2022\/03\/garmin-epix-gen-2-teszt-6-300x200.jpg 300w, https:\/\/hir.mediamarkt.hu\/magazin\/wp-content\/uploads\/2022\/03\/garmin-epix-gen-2-teszt-6-275x183.jpg 275w, https:\/\/hir.mediamarkt.hu\/magazin\/wp-content\/uploads\/2022\/03\/garmin-epix-gen-2-teszt-6-768x512.jpg 768w, https:\/\/hir.mediamarkt.hu\/magazin\/wp-content\/uploads\/2022\/03\/garmin-epix-gen-2-teszt-6.jpg 1200w\" sizes=\"(max-width: 1024px) 100vw, 1024px\" \/><\/figure>\n\n\n\n<p class=\"has-text-align-justify\">Arra viszont kimondottan j\u00f3, hogy nagyj\u00e1b\u00f3l hely\u00e9n kezelje a stressz szint m\u00e9r\u00e9s\u00e9t, vagy \u00e9ppen a Body Battery-t. Ez ut\u00f3bbi, magyarul &#8222;Test Tartal\u00e9k&#8221; funkci\u00f3 azt mutatja meg, hogyan \u00e1ll a szervezet\u00fcnk. Reggel, felkelve frissen l\u00e1that\u00f3 mennyire volt felt\u00f6lt\u0151 az alv\u00e1s, \u00edgy optim\u00e1lis esetben 100% k\u00f6zeli \u00e1llapotban \u00e9bredhet\u00fcnk. A nap folyam\u00e1n ez cs\u00f6kkenni fog, l\u00e1tszik ahogyan a magas stressz gyorsabban \u00e9geti az energi\u00e1t, vagy \u00e9ppen ahogyan egy nagyon nyugodt napon alig d\u00f6c\u00f6g lefel\u00e9 az er\u0151nl\u00e9t.<\/p>\n\n\n\n<figure class=\"wp-block-image size-large\"><img loading=\"lazy\" decoding=\"async\" width=\"1024\" height=\"683\" src=\"https:\/\/hir.mediamarkt.hu\/magazin\/wp-content\/uploads\/2022\/03\/garmin-epix-gen-2-teszt-20-1024x683.jpg\" alt=\"\" class=\"wp-image-14589\" srcset=\"https:\/\/hir.mediamarkt.hu\/magazin\/wp-content\/uploads\/2022\/03\/garmin-epix-gen-2-teszt-20-1024x683.jpg 1024w, https:\/\/hir.mediamarkt.hu\/magazin\/wp-content\/uploads\/2022\/03\/garmin-epix-gen-2-teszt-20-300x200.jpg 300w, https:\/\/hir.mediamarkt.hu\/magazin\/wp-content\/uploads\/2022\/03\/garmin-epix-gen-2-teszt-20-275x183.jpg 275w, https:\/\/hir.mediamarkt.hu\/magazin\/wp-content\/uploads\/2022\/03\/garmin-epix-gen-2-teszt-20-768x512.jpg 768w, https:\/\/hir.mediamarkt.hu\/magazin\/wp-content\/uploads\/2022\/03\/garmin-epix-gen-2-teszt-20.jpg 1200w\" sizes=\"(max-width: 1024px) 100vw, 1024px\" \/><\/figure>\n\n\n\n<p class=\"has-text-align-justify\">Term\u00e9szetesen az alv\u00e1st is m\u00e9ri a Garmin, b\u00e1r ebb\u0151l a szempontb\u00f3l kicsit faramuci a helyzet. El\u0151re be\u00e1ll\u00edthatjuk, hogy milyen id\u0151szakban szoktunk jellemz\u0151en aludni, \u00e9s akkor ezen tartom\u00e1nyban figyeli az alv\u00e1st. \u00cdgy ha valaki d\u00e9lut\u00e1n aludna egy-k\u00e9t \u00f3r\u00e1t, azt nem fogja hozz\u00e1sz\u00e1molni az alv\u00e1shoz. Az \u00e9jszakai alv\u00e1s sor\u00e1n nem csak a f\u00e1zisokat m\u00e9ri, azoknak aj\u00e1nlott id\u0151tartam\u00e1t is jelzi, valamint hasznos inform\u00e1ci\u00f3kkal l\u00e1t el r\u00f3la az \u00f3ra.<\/p>\n\n\n\n<figure class=\"wp-block-gallery columns-6 is-cropped wp-block-gallery-10 is-layout-flex wp-block-gallery-is-layout-flex\"><ul class=\"blocks-gallery-grid\"><li class=\"blocks-gallery-item\"><figure><img loading=\"lazy\" decoding=\"async\" width=\"462\" height=\"1000\" src=\"https:\/\/hir.mediamarkt.hu\/magazin\/wp-content\/uploads\/2022\/03\/garmin-epix-gen-2-teszt-34.jpg\" alt=\"\" data-id=\"14574\" data-full-url=\"https:\/\/hir.mediamarkt.hu\/magazin\/wp-content\/uploads\/2022\/03\/garmin-epix-gen-2-teszt-34.jpg\" data-link=\"https:\/\/hir.mediamarkt.hu\/magazin\/?attachment_id=14574\" class=\"wp-image-14574\" srcset=\"https:\/\/hir.mediamarkt.hu\/magazin\/wp-content\/uploads\/2022\/03\/garmin-epix-gen-2-teszt-34.jpg 462w, https:\/\/hir.mediamarkt.hu\/magazin\/wp-content\/uploads\/2022\/03\/garmin-epix-gen-2-teszt-34-139x300.jpg 139w, https:\/\/hir.mediamarkt.hu\/magazin\/wp-content\/uploads\/2022\/03\/garmin-epix-gen-2-teszt-34-231x500.jpg 231w\" sizes=\"(max-width: 462px) 100vw, 462px\" \/><\/figure><\/li><li class=\"blocks-gallery-item\"><figure><img loading=\"lazy\" decoding=\"async\" width=\"462\" height=\"1000\" src=\"https:\/\/hir.mediamarkt.hu\/magazin\/wp-content\/uploads\/2022\/03\/garmin-epix-gen-2-teszt-35.jpg\" alt=\"\" data-id=\"14575\" data-full-url=\"https:\/\/hir.mediamarkt.hu\/magazin\/wp-content\/uploads\/2022\/03\/garmin-epix-gen-2-teszt-35.jpg\" data-link=\"https:\/\/hir.mediamarkt.hu\/magazin\/?attachment_id=14575\" class=\"wp-image-14575\" srcset=\"https:\/\/hir.mediamarkt.hu\/magazin\/wp-content\/uploads\/2022\/03\/garmin-epix-gen-2-teszt-35.jpg 462w, https:\/\/hir.mediamarkt.hu\/magazin\/wp-content\/uploads\/2022\/03\/garmin-epix-gen-2-teszt-35-139x300.jpg 139w, https:\/\/hir.mediamarkt.hu\/magazin\/wp-content\/uploads\/2022\/03\/garmin-epix-gen-2-teszt-35-231x500.jpg 231w\" sizes=\"(max-width: 462px) 100vw, 462px\" \/><\/figure><\/li><li class=\"blocks-gallery-item\"><figure><img loading=\"lazy\" decoding=\"async\" width=\"462\" height=\"1000\" src=\"https:\/\/hir.mediamarkt.hu\/magazin\/wp-content\/uploads\/2022\/03\/garmin-epix-gen-2-teszt-36.jpg\" alt=\"\" data-id=\"14576\" data-full-url=\"https:\/\/hir.mediamarkt.hu\/magazin\/wp-content\/uploads\/2022\/03\/garmin-epix-gen-2-teszt-36.jpg\" data-link=\"https:\/\/hir.mediamarkt.hu\/magazin\/?attachment_id=14576\" class=\"wp-image-14576\" srcset=\"https:\/\/hir.mediamarkt.hu\/magazin\/wp-content\/uploads\/2022\/03\/garmin-epix-gen-2-teszt-36.jpg 462w, https:\/\/hir.mediamarkt.hu\/magazin\/wp-content\/uploads\/2022\/03\/garmin-epix-gen-2-teszt-36-139x300.jpg 139w, https:\/\/hir.mediamarkt.hu\/magazin\/wp-content\/uploads\/2022\/03\/garmin-epix-gen-2-teszt-36-231x500.jpg 231w\" sizes=\"(max-width: 462px) 100vw, 462px\" \/><\/figure><\/li><li class=\"blocks-gallery-item\"><figure><img loading=\"lazy\" decoding=\"async\" width=\"462\" height=\"1000\" src=\"https:\/\/hir.mediamarkt.hu\/magazin\/wp-content\/uploads\/2022\/03\/garmin-epix-gen-2-teszt-37.jpg\" alt=\"\" data-id=\"14577\" data-full-url=\"https:\/\/hir.mediamarkt.hu\/magazin\/wp-content\/uploads\/2022\/03\/garmin-epix-gen-2-teszt-37.jpg\" data-link=\"https:\/\/hir.mediamarkt.hu\/magazin\/?attachment_id=14577\" class=\"wp-image-14577\" srcset=\"https:\/\/hir.mediamarkt.hu\/magazin\/wp-content\/uploads\/2022\/03\/garmin-epix-gen-2-teszt-37.jpg 462w, https:\/\/hir.mediamarkt.hu\/magazin\/wp-content\/uploads\/2022\/03\/garmin-epix-gen-2-teszt-37-139x300.jpg 139w, https:\/\/hir.mediamarkt.hu\/magazin\/wp-content\/uploads\/2022\/03\/garmin-epix-gen-2-teszt-37-231x500.jpg 231w\" sizes=\"(max-width: 462px) 100vw, 462px\" \/><\/figure><\/li><li class=\"blocks-gallery-item\"><figure><img loading=\"lazy\" decoding=\"async\" width=\"462\" height=\"1000\" src=\"https:\/\/hir.mediamarkt.hu\/magazin\/wp-content\/uploads\/2022\/03\/garmin-epix-gen-2-teszt-38.jpg\" alt=\"\" data-id=\"14578\" data-full-url=\"https:\/\/hir.mediamarkt.hu\/magazin\/wp-content\/uploads\/2022\/03\/garmin-epix-gen-2-teszt-38.jpg\" data-link=\"https:\/\/hir.mediamarkt.hu\/magazin\/?attachment_id=14578\" class=\"wp-image-14578\" srcset=\"https:\/\/hir.mediamarkt.hu\/magazin\/wp-content\/uploads\/2022\/03\/garmin-epix-gen-2-teszt-38.jpg 462w, https:\/\/hir.mediamarkt.hu\/magazin\/wp-content\/uploads\/2022\/03\/garmin-epix-gen-2-teszt-38-139x300.jpg 139w, https:\/\/hir.mediamarkt.hu\/magazin\/wp-content\/uploads\/2022\/03\/garmin-epix-gen-2-teszt-38-231x500.jpg 231w\" sizes=\"(max-width: 462px) 100vw, 462px\" \/><\/figure><\/li><li class=\"blocks-gallery-item\"><figure><img loading=\"lazy\" decoding=\"async\" width=\"462\" height=\"1000\" src=\"https:\/\/hir.mediamarkt.hu\/magazin\/wp-content\/uploads\/2022\/03\/garmin-epix-gen-2-teszt-39.jpg\" alt=\"\" data-id=\"14579\" data-full-url=\"https:\/\/hir.mediamarkt.hu\/magazin\/wp-content\/uploads\/2022\/03\/garmin-epix-gen-2-teszt-39.jpg\" data-link=\"https:\/\/hir.mediamarkt.hu\/magazin\/?attachment_id=14579\" class=\"wp-image-14579\" srcset=\"https:\/\/hir.mediamarkt.hu\/magazin\/wp-content\/uploads\/2022\/03\/garmin-epix-gen-2-teszt-39.jpg 462w, https:\/\/hir.mediamarkt.hu\/magazin\/wp-content\/uploads\/2022\/03\/garmin-epix-gen-2-teszt-39-139x300.jpg 139w, https:\/\/hir.mediamarkt.hu\/magazin\/wp-content\/uploads\/2022\/03\/garmin-epix-gen-2-teszt-39-231x500.jpg 231w\" sizes=\"(max-width: 462px) 100vw, 462px\" \/><\/figure><\/li><\/ul><\/figure>\n\n\n\n<h2 class=\"wp-block-heading\">Apr\u00f3 okoss\u00e1gok is helyet kaptak<\/h2>\n\n\n\n<p class=\"has-text-align-justify\">Nem maradhatott ki <strong>a Garmin Pay funkci\u00f3,<\/strong> aminek k\u00f6sz\u00f6nhet\u0151en lehet az \u00f3r\u00e1val fizetni \u00e9rint\u00e9smentesen bankk\u00e1rty\u00e1s termin\u00e1lokn\u00e1l. Ezt a teszt\u00fcnk pillanat\u00e1ban t\u00e1mogatja az egyik nagyobb magyarorsz\u00e1gi bank, mellette pedig k\u00e9t, itthon is n\u00e9pszer\u0171 fintech p\u00e9nz\u00fcgyi szolg\u00e1ltat\u00f3 is, \u00edgy sz\u00e9lesebb k\u00f6rben is haszn\u00e1lhat\u00f3 tud lenni.\u00a0<\/p>\n\n\n\n<figure class=\"wp-block-image size-large\"><img loading=\"lazy\" decoding=\"async\" width=\"1024\" height=\"683\" src=\"https:\/\/hir.mediamarkt.hu\/magazin\/wp-content\/uploads\/2022\/03\/garmin-epix-gen-2-teszt-19-1024x683.jpg\" alt=\"\" class=\"wp-image-14590\" srcset=\"https:\/\/hir.mediamarkt.hu\/magazin\/wp-content\/uploads\/2022\/03\/garmin-epix-gen-2-teszt-19-1024x683.jpg 1024w, https:\/\/hir.mediamarkt.hu\/magazin\/wp-content\/uploads\/2022\/03\/garmin-epix-gen-2-teszt-19-300x200.jpg 300w, https:\/\/hir.mediamarkt.hu\/magazin\/wp-content\/uploads\/2022\/03\/garmin-epix-gen-2-teszt-19-275x183.jpg 275w, https:\/\/hir.mediamarkt.hu\/magazin\/wp-content\/uploads\/2022\/03\/garmin-epix-gen-2-teszt-19-768x512.jpg 768w, https:\/\/hir.mediamarkt.hu\/magazin\/wp-content\/uploads\/2022\/03\/garmin-epix-gen-2-teszt-19.jpg 1200w\" sizes=\"(max-width: 1024px) 100vw, 1024px\" \/><figcaption>El\u0151re be\u00e1ll\u00edtott PIN k\u00f3d v\u00e9di az \u00e9rint\u00e9ses fizet\u00e9st az illet\u00e9ktelen pr\u00f3b\u00e1lkoz\u00f3kt\u00f3l<\/figcaption><\/figure>\n\n\n\n<p class=\"has-text-align-justify\">El\u00e9rhet\u0151 term\u00e9szetesen a<strong> Garmin Coach funkci\u00f3<\/strong>, amely szem\u00e9lyre szabottabb edz\u00e9stervet k\u00edn\u00e1l. Fut\u00e1s eset\u00e9n 5, 10 \u00e9s 21,1 kilom\u00e9teres t\u00e1vokra k\u00edn\u00e1l vezetett edz\u00e9stervet. Megadhatjuk azt, hogy mi a c\u00e9lunk, kezd\u0151knek csak a teljes\u00edt\u00e9s, vagy rutinosabbaknak esetleg egy jobb id\u0151 el\u00e9r\u00e9se \u00e9s ehhez javasol az \u00f3ra id\u0151t a felk\u00e9sz\u00fcl\u00e9shez. Ezt k\u00f6vet\u0151en napr\u00f3l napra k\u00edn\u00e1lja majd az edz\u00e9seket, amelyeket az \u00f3ra jelez, v\u00e9gig vezet, s\u00edpol\u00e1ssal jelzi a temp\u00f3v\u00e1lt\u00e1sokat, seg\u00edtve az edz\u00e9st.\u00a0<\/p>\n\n\n\n<figure class=\"wp-block-image size-large\"><img loading=\"lazy\" decoding=\"async\" width=\"1024\" height=\"683\" src=\"https:\/\/hir.mediamarkt.hu\/magazin\/wp-content\/uploads\/2022\/03\/garmin-epix-gen-2-teszt-12-1024x683.jpg\" alt=\"\" class=\"wp-image-14543\" srcset=\"https:\/\/hir.mediamarkt.hu\/magazin\/wp-content\/uploads\/2022\/03\/garmin-epix-gen-2-teszt-12-1024x683.jpg 1024w, https:\/\/hir.mediamarkt.hu\/magazin\/wp-content\/uploads\/2022\/03\/garmin-epix-gen-2-teszt-12-300x200.jpg 300w, https:\/\/hir.mediamarkt.hu\/magazin\/wp-content\/uploads\/2022\/03\/garmin-epix-gen-2-teszt-12-275x183.jpg 275w, https:\/\/hir.mediamarkt.hu\/magazin\/wp-content\/uploads\/2022\/03\/garmin-epix-gen-2-teszt-12-768x512.jpg 768w, https:\/\/hir.mediamarkt.hu\/magazin\/wp-content\/uploads\/2022\/03\/garmin-epix-gen-2-teszt-12.jpg 1200w\" sizes=\"(max-width: 1024px) 100vw, 1024px\" \/><\/figure>\n\n\n\n<p class=\"has-text-align-justify\">Vannak az\u00e9rt apr\u00f3 hi\u00e1nyoss\u00e1gok m\u00e9g a szoftverben. B\u00e1r kapunk egy verseny el\u0151rejelz\u0151t amely megtippeli az edz\u00e9seink alapj\u00e1n, hogy milyen id\u0151kre voln\u00e1nk k\u00e9pesek az 5-10-21,1-42,4 km-es t\u00e1vokon, ezt p\u00e9ld\u00e1ul csak az \u00f3r\u00e1n l\u00e1thatjuk, a Connect alkalmaz\u00e1sban m\u00e1r nem jelen\u00edti meg a Garmin. Hasonl\u00f3 a helyzet a regener\u00e1l\u00f3d\u00e1si id\u0151vel is.<\/p>\n\n\n\n<p class=\"has-text-align-justify\">Az \u00fczemid\u0151t tekintve a k\u00f6z\u00e9pmez\u0151nyben helyezkedik el a Garmin, az AMOLED kijelz\u0151 bizony sz\u00edvja az akkumul\u00e1tort. N\u00e1lam kb. 5 naponta kellett t\u00f6lteni, ez id\u0151 alatt 6-8 \u00f3ra GPS-es sporttev\u00e9kenys\u00e9ggel volt haszn\u00e1lva. Egy 2,5 \u00f3r\u00e1s fut\u00e1s t\u00f6bbfekvenci\u00e1s GPS mintav\u00e9telez\u00e9s mellett kb. 15%-nyi t\u00f6lt\u00f6tts\u00e9get fogyasztott az akkumul\u00e1torb\u00f3l. A <a href=\"https:\/\/hir.mediamarkt.hu\/magazin\/samsung-galaxy-watch-4-teszt\/\" target=\"_blank\" rel=\"noreferrer noopener\">2021-ben tesztelt Galaxy Watch 4 okos\u00f3r\u00e1hoz<\/a> k\u00e9pest ez sokkal hosszabb \u00fczemid\u0151, hiszen azt szinte naponta lehet t\u00f6lteni. Azonban <a href=\"https:\/\/www.mediamarkt.hu\/hu\/search.html?query=huawei+watch+gt&amp;searchProfile=onlineshop&amp;channel=mmhuhu&amp;outlet=704\" target=\"_blank\" rel=\"noreferrer noopener\">egy Huawei Watch GT sorozat\u00fa \u00f3r\u00e1hoz,<\/a> vagy ak\u00e1r egy <a href=\"https:\/\/www.mediamarkt.hu\/hu\/search.html?query=garmin+fenix&amp;searchProfile=onlineshop&amp;channel=mmhuhu&amp;outlet=704\" target=\"_blank\" rel=\"noreferrer noopener\">Garmin Fenix <\/a>(esetleg <a href=\"https:\/\/www.mediamarkt.hu\/hu\/search.html?query=garmin+forerunner&amp;searchProfile=onlineshop&amp;channel=mmhuhu&amp;outlet=704\" target=\"_blank\" rel=\"noreferrer noopener\">Forerunner<\/a>) modellhez k\u00e9pest kb. fele olyan hossz\u00fa az \u00fczemid\u0151. A felt\u00f6lt\u00e9s egy speci\u00e1lis csatlakoz\u00f3val ell\u00e1tott k\u00e1belen kereszt\u00fcl m\u0171k\u00f6dhet, 5%-r\u00f3l 100%-ra k\u00f6r\u00fclbel\u00fcl 2 \u00f3ra alatt lehet felt\u00f6lteni az EPIX (Gen2) \u00f3r\u00e1t.<\/p>\n\n\n\n<figure class=\"wp-block-gallery columns-3 is-cropped wp-block-gallery-11 is-layout-flex wp-block-gallery-is-layout-flex\"><ul class=\"blocks-gallery-grid\"><li class=\"blocks-gallery-item\"><figure><img loading=\"lazy\" decoding=\"async\" width=\"1024\" height=\"683\" src=\"https:\/\/hir.mediamarkt.hu\/magazin\/wp-content\/uploads\/2022\/03\/20220329141300_IMG_1318-1024x683.jpg\" alt=\"\" data-id=\"14591\" data-full-url=\"https:\/\/hir.mediamarkt.hu\/magazin\/wp-content\/uploads\/2022\/03\/20220329141300_IMG_1318-scaled.jpg\" data-link=\"https:\/\/hir.mediamarkt.hu\/magazin\/?attachment_id=14591\" class=\"wp-image-14591\" srcset=\"https:\/\/hir.mediamarkt.hu\/magazin\/wp-content\/uploads\/2022\/03\/20220329141300_IMG_1318-1024x683.jpg 1024w, https:\/\/hir.mediamarkt.hu\/magazin\/wp-content\/uploads\/2022\/03\/20220329141300_IMG_1318-300x200.jpg 300w, https:\/\/hir.mediamarkt.hu\/magazin\/wp-content\/uploads\/2022\/03\/20220329141300_IMG_1318-275x183.jpg 275w, https:\/\/hir.mediamarkt.hu\/magazin\/wp-content\/uploads\/2022\/03\/20220329141300_IMG_1318-768x512.jpg 768w, https:\/\/hir.mediamarkt.hu\/magazin\/wp-content\/uploads\/2022\/03\/20220329141300_IMG_1318-1536x1024.jpg 1536w, https:\/\/hir.mediamarkt.hu\/magazin\/wp-content\/uploads\/2022\/03\/20220329141300_IMG_1318-2048x1365.jpg 2048w, https:\/\/hir.mediamarkt.hu\/magazin\/wp-content\/uploads\/2022\/03\/20220329141300_IMG_1318-scaled.jpg 1440w\" sizes=\"(max-width: 1024px) 100vw, 1024px\" \/><\/figure><\/li><li class=\"blocks-gallery-item\"><figure><img loading=\"lazy\" decoding=\"async\" width=\"1024\" height=\"683\" src=\"https:\/\/hir.mediamarkt.hu\/magazin\/wp-content\/uploads\/2022\/03\/20220329141308_IMG_1319-1024x683.jpg\" alt=\"\" data-id=\"14592\" data-full-url=\"https:\/\/hir.mediamarkt.hu\/magazin\/wp-content\/uploads\/2022\/03\/20220329141308_IMG_1319-scaled.jpg\" data-link=\"https:\/\/hir.mediamarkt.hu\/magazin\/?attachment_id=14592\" class=\"wp-image-14592\" srcset=\"https:\/\/hir.mediamarkt.hu\/magazin\/wp-content\/uploads\/2022\/03\/20220329141308_IMG_1319-1024x683.jpg 1024w, https:\/\/hir.mediamarkt.hu\/magazin\/wp-content\/uploads\/2022\/03\/20220329141308_IMG_1319-300x200.jpg 300w, https:\/\/hir.mediamarkt.hu\/magazin\/wp-content\/uploads\/2022\/03\/20220329141308_IMG_1319-275x183.jpg 275w, https:\/\/hir.mediamarkt.hu\/magazin\/wp-content\/uploads\/2022\/03\/20220329141308_IMG_1319-768x512.jpg 768w, https:\/\/hir.mediamarkt.hu\/magazin\/wp-content\/uploads\/2022\/03\/20220329141308_IMG_1319-1536x1024.jpg 1536w, https:\/\/hir.mediamarkt.hu\/magazin\/wp-content\/uploads\/2022\/03\/20220329141308_IMG_1319-2048x1365.jpg 2048w, https:\/\/hir.mediamarkt.hu\/magazin\/wp-content\/uploads\/2022\/03\/20220329141308_IMG_1319-scaled.jpg 1440w\" sizes=\"(max-width: 1024px) 100vw, 1024px\" \/><\/figure><\/li><li class=\"blocks-gallery-item\"><figure><img loading=\"lazy\" decoding=\"async\" width=\"1024\" height=\"683\" src=\"https:\/\/hir.mediamarkt.hu\/magazin\/wp-content\/uploads\/2022\/03\/20220329141317_IMG_1320-1024x683.jpg\" alt=\"\" data-id=\"14593\" data-full-url=\"https:\/\/hir.mediamarkt.hu\/magazin\/wp-content\/uploads\/2022\/03\/20220329141317_IMG_1320-scaled.jpg\" data-link=\"https:\/\/hir.mediamarkt.hu\/magazin\/?attachment_id=14593\" class=\"wp-image-14593\" srcset=\"https:\/\/hir.mediamarkt.hu\/magazin\/wp-content\/uploads\/2022\/03\/20220329141317_IMG_1320-1024x683.jpg 1024w, https:\/\/hir.mediamarkt.hu\/magazin\/wp-content\/uploads\/2022\/03\/20220329141317_IMG_1320-300x200.jpg 300w, https:\/\/hir.mediamarkt.hu\/magazin\/wp-content\/uploads\/2022\/03\/20220329141317_IMG_1320-275x183.jpg 275w, https:\/\/hir.mediamarkt.hu\/magazin\/wp-content\/uploads\/2022\/03\/20220329141317_IMG_1320-768x512.jpg 768w, https:\/\/hir.mediamarkt.hu\/magazin\/wp-content\/uploads\/2022\/03\/20220329141317_IMG_1320-1536x1024.jpg 1536w, https:\/\/hir.mediamarkt.hu\/magazin\/wp-content\/uploads\/2022\/03\/20220329141317_IMG_1320-2048x1365.jpg 2048w, https:\/\/hir.mediamarkt.hu\/magazin\/wp-content\/uploads\/2022\/03\/20220329141317_IMG_1320-scaled.jpg 1440w\" sizes=\"(max-width: 1024px) 100vw, 1024px\" \/><\/figure><\/li><li class=\"blocks-gallery-item\"><figure><img loading=\"lazy\" decoding=\"async\" width=\"1024\" height=\"683\" src=\"https:\/\/hir.mediamarkt.hu\/magazin\/wp-content\/uploads\/2022\/03\/20220329141324_IMG_1321-1024x683.jpg\" alt=\"\" data-id=\"14594\" data-full-url=\"https:\/\/hir.mediamarkt.hu\/magazin\/wp-content\/uploads\/2022\/03\/20220329141324_IMG_1321-scaled.jpg\" data-link=\"https:\/\/hir.mediamarkt.hu\/magazin\/?attachment_id=14594\" class=\"wp-image-14594\" srcset=\"https:\/\/hir.mediamarkt.hu\/magazin\/wp-content\/uploads\/2022\/03\/20220329141324_IMG_1321-1024x683.jpg 1024w, https:\/\/hir.mediamarkt.hu\/magazin\/wp-content\/uploads\/2022\/03\/20220329141324_IMG_1321-300x200.jpg 300w, https:\/\/hir.mediamarkt.hu\/magazin\/wp-content\/uploads\/2022\/03\/20220329141324_IMG_1321-275x183.jpg 275w, https:\/\/hir.mediamarkt.hu\/magazin\/wp-content\/uploads\/2022\/03\/20220329141324_IMG_1321-768x512.jpg 768w, https:\/\/hir.mediamarkt.hu\/magazin\/wp-content\/uploads\/2022\/03\/20220329141324_IMG_1321-1536x1024.jpg 1536w, https:\/\/hir.mediamarkt.hu\/magazin\/wp-content\/uploads\/2022\/03\/20220329141324_IMG_1321-2048x1365.jpg 2048w, https:\/\/hir.mediamarkt.hu\/magazin\/wp-content\/uploads\/2022\/03\/20220329141324_IMG_1321-scaled.jpg 1440w\" sizes=\"(max-width: 1024px) 100vw, 1024px\" \/><\/figure><\/li><\/ul><\/figure>\n\n\n\n<p class=\"has-text-align-justify\">A Garmin Epix (Gen2) ahogyan az elej\u00e9n is \u00edrtam, f\u00e9l\u00faton van egy okos\u00f3ra \u00e9s egy sport\u00f3ra k\u00f6z\u00f6tt. Funkci\u00f3it tekintve gyakorlatilag mindent tud, amit a m\u00e1sabb kijelz\u0151vel rendelkez\u0151 Fenix 7 Sapphire is tud. Az Epix els\u0151sorban azoknak sz\u00f3l, akik szeretn\u00e9k az \u00f6sszes sportfunkci\u00f3 mellett \u00e1t\u00e9lni a r\u00e9szletgazdagabb, sz\u00ednesebb kijelz\u0151t is.<\/p>\n\n\n\n<figure class=\"wp-block-image size-large\"><img loading=\"lazy\" decoding=\"async\" width=\"1024\" height=\"683\" src=\"https:\/\/hir.mediamarkt.hu\/magazin\/wp-content\/uploads\/2022\/03\/garmin-epix-gen-2-teszt-8-1024x683.jpg\" alt=\"\" class=\"wp-image-14544\" srcset=\"https:\/\/hir.mediamarkt.hu\/magazin\/wp-content\/uploads\/2022\/03\/garmin-epix-gen-2-teszt-8-1024x683.jpg 1024w, https:\/\/hir.mediamarkt.hu\/magazin\/wp-content\/uploads\/2022\/03\/garmin-epix-gen-2-teszt-8-300x200.jpg 300w, https:\/\/hir.mediamarkt.hu\/magazin\/wp-content\/uploads\/2022\/03\/garmin-epix-gen-2-teszt-8-275x183.jpg 275w, https:\/\/hir.mediamarkt.hu\/magazin\/wp-content\/uploads\/2022\/03\/garmin-epix-gen-2-teszt-8-768x512.jpg 768w, https:\/\/hir.mediamarkt.hu\/magazin\/wp-content\/uploads\/2022\/03\/garmin-epix-gen-2-teszt-8.jpg 1200w\" sizes=\"(max-width: 1024px) 100vw, 1024px\" \/><\/figure>\n\n\n\n<p class=\"has-text-align-justify\">\u00c1r\u00e1val az <a href=\"https:\/\/www.mediamarkt.hu\/hu\/product\/_garmin-epix-gen2-okos%C3%B3ra-fekete-sz%C3%BCrke-dlc-tit%C3%A1nium-fekete-szilikon-sz%C3%ADjjal-sapphire-gg010-02582-11-1376976.html\" target=\"_blank\" rel=\"noreferrer noopener\">Epix (Gen2) <\/a>a piac egyik legdr\u00e1g\u00e1bb sport\u00f3r\u00e1ja, okos\u00f3r\u00e1ja, hiszen telefonokat, notebookokat megsz\u00e9gyen\u00edt\u0151 \u00e1ron k\u00edn\u00e1l magas tud\u00e1st, de az \u00e1ra mellett a min\u0151s\u00e9get \u00e9s a funkci\u00f3kat is lesz\u00e1ll\u00edtja. Aki OLED kijelz\u0151re \u00e9s az\u00e9rt t\u00f6bb funkci\u00f3ra is v\u00e1gyik, azoknak h\u00e1zon bel\u00fcl ott van p\u00e9ld\u00e1ul a <a href=\"https:\/\/www.mediamarkt.hu\/hu\/search.html?query=garmin+venu+2&amp;searchProfile=onlineshop&amp;channel=mmhuhu&amp;outlet=704\" target=\"_blank\" rel=\"noreferrer noopener\">Venu 2 sz\u00e9ria<\/a>, vagy<a href=\"https:\/\/www.mediamarkt.hu\/hu\/product\/_huawei-watch-gt-runner-sport%C3%B3ra-46-mm-fekete-1379591.html\" target=\"_blank\" rel=\"noreferrer noopener\"> Huawei Watch GT Runner<\/a>, esetleg a <a href=\"https:\/\/www.mediamarkt.hu\/hu\/search.html?query=samsung+galaxy+watch+4&amp;searchProfile=onlineshop&amp;channel=mmhuhu&amp;outlet=704\" target=\"_blank\" rel=\"noreferrer noopener\">Samsung Galaxy Watch 4<\/a> sz\u00e9ria. Ha a funkci\u00f3k fontosabbak, a <a href=\"https:\/\/www.mediamarkt.hu\/hu\/search.html?query=garmin+fenix+6&amp;searchProfile=onlineshop&amp;channel=mmhuhu&amp;outlet=704\" target=\"_blank\" rel=\"noreferrer noopener\">Fenix 6 sz\u00e9ria a MIP kijelz\u0151vel<\/a> k\u00f6zel fele ennyibe ker\u00fcl, de a <a href=\"https:\/\/www.mediamarkt.hu\/hu\/search.html?query=garmin+fenix+7&amp;searchProfile=onlineshop&amp;channel=mmhuhu&amp;outlet=704\" target=\"_blank\" rel=\"noreferrer noopener\">Fenix 7 sz\u00e9ria modelljei <\/a>is v\u00e9konyabbak kicsit \u00e1rban.<\/p>\n\n\n\n<p class=\"has-text-align-justify\">Ennek ellen\u00e9re, biztos vagyok benne, hogy az Epix is megtal\u00e1lja a hely\u00e9t a piacon, a csukl\u00f3kon \u00e9s t\u00f6bben is ezt fogj\u00e1k  v\u00e1lasztani sportol\u00e1shoz.<\/p>\n\n\n\n<h2 class=\"wp-block-heading\"><a href=\"https:\/\/www.mediamarkt.hu\/hu\/product\/_garmin-epix-gen2-okos%C3%B3ra-sz%C3%BCrke-fekete-szilikon-sz%C3%ADjjal-gg010-02582-01-1376975.html\" target=\"_blank\" rel=\"noreferrer noopener\">Garmin Epix (Gen 2)<\/a><\/h2>\n\n\n\n<h2 class=\"wp-block-heading\"><a href=\"https:\/\/www.mediamarkt.hu\/hu\/product\/_garmin-epix-gen2-okos%C3%B3ra-fekete-sz%C3%BCrke-dlc-tit%C3%A1nium-fekete-szilikon-sz%C3%ADjjal-sapphire-gg010-02582-11-1376976.html\" target=\"_blank\" rel=\"noreferrer noopener\">Garmin Epix (Gen 2) Sapphire<\/a><\/h2>\n","protected":false},"excerpt":{"rendered":"A sport\u00f3r\u00e1k \u00e9s okos\u00f3r\u00e1k vil\u00e1ga egyre ink\u00e1bb \u00f6sszemos\u00f3dik, neh\u00e9z is meghat\u00e1rozni mit\u0151l lesz egy \u00f3ra okos, vagy \u00e9ppen sportra sz\u00e1nt. Teszt\u00fcnk alanya, a Garmin Epix (Gen2) \u00f3ra pedig m\u00e9g jobban \u00f6sszemossa a hat\u00e1rokat. A 2022. elej\u00e9n deb\u00fct\u00e1lt m\u00e1sodik gener\u00e1ci\u00f3s Epix k\u00e9pess\u00e9geiben nagyban megegyezik a Fenix 7 sport\u00f3ra sorozattal, azonban a d\u00f6nt\u0151 k\u00fcl\u00f6nbs\u00e9g k\u00f6z\u00f6tt\u00fck az, hogy am\u00edg a Fenix sorozat modelljei egy speci\u00e1lis transzflekt\u00edv MIP t\u00edpus\u00fa kijelz\u0151t kaptak, addig az Epix (Gen2) modelljeibe az okos\u00f3r\u00e1kb\u00f3l \u00e9s okostelefonokb\u00f3l ink\u00e1bb ismer\u0151s AMOLED panel ker\u00fclt. Els\u0151 r\u00e1n\u00e9z\u00e9sre, kikapcsolt \u00e1llapotban alig megk\u00fcl\u00f6nb\u00f6ztethet\u0151 a Fenix 7 \u00e9s Epix (Gen2) sorozat. Nem mindegy, melyik verzi\u00f3t v\u00e1lasztja az ember Amellett, hogy tokoz\u00e1sban elt\u00e9r\u0151 sz\u00edn\u0171ek lehetnek egyes Epix (Gen2) kiad\u00e1sok, tud\u00e1sban is egy el\u00e9g jelent\u0151s, \u00e9rezhet\u0151 k\u00fcl\u00f6nbs\u00e9g van. Az &#8230;","protected":false},"author":34,"featured_media":14619,"comment_status":"open","ping_status":"open","sticky":false,"template":"","format":"standard","meta":{"wprm-recipe-roundup-name":"","wprm-recipe-roundup-description":"","footnotes":""},"categories":[5949,5946],"tags":[1353,4896,4897,89,4513],"yoast_head":"<!-- This site is optimized with the Yoast SEO plugin v22.9 - https:\/\/yoast.com\/wordpress\/plugins\/seo\/ -->\n<title>Garmin Epix (Gen2) Sapphire \u00f3ra teszt - Fut\u00e1s okosan! - MediaMarkt Magazin<\/title>\n<meta name=\"description\" content=\"A sport\u00f3r\u00e1k \u00e9s okos\u00f3r\u00e1k vil\u00e1ga egyre ink\u00e1bb \u00f6sszemos\u00f3dik, neh\u00e9z is meghat\u00e1rozni mit\u0151l legy egy \u00f3ra okos, vagy \u00e9ppen sportos. Teszt\u00fcnkben, a Garmin Epix (Gen2) \u00f3ra egyre jobban \u00f6sszemossa a hat\u00e1rokat.\" \/>\n<meta name=\"robots\" content=\"index, follow, max-snippet:-1, max-image-preview:large, max-video-preview:-1\" \/>\n<link rel=\"canonical\" href=\"https:\/\/hir.mediamarkt.hu\/magazin\/garmin-epix-gen2-ora-teszt-futas-okosan\/\" \/>\n<meta property=\"og:locale\" content=\"hu_HU\" \/>\n<meta property=\"og:type\" content=\"article\" \/>\n<meta property=\"og:title\" content=\"Garmin Epix (Gen2) Sapphire \u00f3ra teszt - Fut\u00e1s okosan! - MediaMarkt Magazin\" \/>\n<meta property=\"og:description\" content=\"A sport\u00f3r\u00e1k \u00e9s okos\u00f3r\u00e1k vil\u00e1ga egyre ink\u00e1bb \u00f6sszemos\u00f3dik, neh\u00e9z is meghat\u00e1rozni mit\u0151l legy egy \u00f3ra okos, vagy \u00e9ppen sportos. Teszt\u00fcnkben, a Garmin Epix (Gen2) \u00f3ra egyre jobban \u00f6sszemossa a hat\u00e1rokat.\" \/>\n<meta property=\"og:url\" content=\"https:\/\/hir.mediamarkt.hu\/magazin\/garmin-epix-gen2-ora-teszt-futas-okosan\/\" \/>\n<meta property=\"og:site_name\" content=\"MediaMarkt Magazin\" \/>\n<meta property=\"article:publisher\" content=\"https:\/\/www.facebook.com\/MediaMarktMagyarorszag\" \/>\n<meta property=\"article:published_time\" content=\"2022-05-03T11:35:00+00:00\" \/>\n<meta property=\"article:modified_time\" content=\"2022-05-28T06:44:06+00:00\" \/>\n<meta property=\"og:image\" content=\"https:\/\/hir.mediamarkt.hu\/magazin\/wp-content\/uploads\/2022\/03\/Garmin_epix_gen2_teszt.png\" \/>\n\t<meta property=\"og:image:width\" content=\"1024\" \/>\n\t<meta property=\"og:image:height\" content=\"619\" \/>\n\t<meta property=\"og:image:type\" content=\"image\/png\" \/>\n<meta name=\"author\" content=\"Kov\u00e1cs \u00c1d\u00e1m\" \/>\n<meta name=\"twitter:label1\" content=\"Szerz\u0151:\" \/>\n\t<meta name=\"twitter:data1\" content=\"Kov\u00e1cs \u00c1d\u00e1m\" \/>\n\t<meta name=\"twitter:label2\" content=\"Becs\u00fclt olvas\u00e1si id\u0151\" \/>\n\t<meta name=\"twitter:data2\" content=\"20 perc\" \/>\n<script type=\"application\/ld+json\" class=\"yoast-schema-graph\">{\"@context\":\"https:\/\/schema.org\",\"@graph\":[{\"@type\":\"WebPage\",\"@id\":\"https:\/\/hir.mediamarkt.hu\/magazin\/garmin-epix-gen2-ora-teszt-futas-okosan\/\",\"url\":\"https:\/\/hir.mediamarkt.hu\/magazin\/garmin-epix-gen2-ora-teszt-futas-okosan\/\",\"name\":\"Garmin Epix (Gen2) Sapphire \u00f3ra teszt - Fut\u00e1s okosan! - MediaMarkt Magazin\",\"isPartOf\":{\"@id\":\"https:\/\/hir.mediamarkt.hu\/magazin\/#website\"},\"primaryImageOfPage\":{\"@id\":\"https:\/\/hir.mediamarkt.hu\/magazin\/garmin-epix-gen2-ora-teszt-futas-okosan\/#primaryimage\"},\"image\":{\"@id\":\"https:\/\/hir.mediamarkt.hu\/magazin\/garmin-epix-gen2-ora-teszt-futas-okosan\/#primaryimage\"},\"thumbnailUrl\":\"https:\/\/hir.mediamarkt.hu\/magazin\/wp-content\/uploads\/2022\/03\/Garmin_epix_gen2_teszt.png\",\"datePublished\":\"2022-05-03T11:35:00+00:00\",\"dateModified\":\"2022-05-28T06:44:06+00:00\",\"author\":{\"@id\":\"https:\/\/hir.mediamarkt.hu\/magazin\/#\/schema\/person\/eb6407def37d68930e61b9ccc0d2b12b\"},\"description\":\"A sport\u00f3r\u00e1k \u00e9s okos\u00f3r\u00e1k vil\u00e1ga egyre ink\u00e1bb \u00f6sszemos\u00f3dik, neh\u00e9z is meghat\u00e1rozni mit\u0151l legy egy \u00f3ra okos, vagy \u00e9ppen sportos. Teszt\u00fcnkben, a Garmin Epix (Gen2) \u00f3ra egyre jobban \u00f6sszemossa a hat\u00e1rokat.\",\"breadcrumb\":{\"@id\":\"https:\/\/hir.mediamarkt.hu\/magazin\/garmin-epix-gen2-ora-teszt-futas-okosan\/#breadcrumb\"},\"inLanguage\":\"hu\",\"potentialAction\":[{\"@type\":\"ReadAction\",\"target\":[\"https:\/\/hir.mediamarkt.hu\/magazin\/garmin-epix-gen2-ora-teszt-futas-okosan\/\"]}]},{\"@type\":\"ImageObject\",\"inLanguage\":\"hu\",\"@id\":\"https:\/\/hir.mediamarkt.hu\/magazin\/garmin-epix-gen2-ora-teszt-futas-okosan\/#primaryimage\",\"url\":\"https:\/\/hir.mediamarkt.hu\/magazin\/wp-content\/uploads\/2022\/03\/Garmin_epix_gen2_teszt.png\",\"contentUrl\":\"https:\/\/hir.mediamarkt.hu\/magazin\/wp-content\/uploads\/2022\/03\/Garmin_epix_gen2_teszt.png\",\"width\":1024,\"height\":619},{\"@type\":\"BreadcrumbList\",\"@id\":\"https:\/\/hir.mediamarkt.hu\/magazin\/garmin-epix-gen2-ora-teszt-futas-okosan\/#breadcrumb\",\"itemListElement\":[{\"@type\":\"ListItem\",\"position\":1,\"name\":\"Kezd\u0151lap\",\"item\":\"https:\/\/hir.mediamarkt.hu\/magazin\/\"},{\"@type\":\"ListItem\",\"position\":2,\"name\":\"Tesztelt\u00fck\",\"item\":\"https:\/\/hir.mediamarkt.hu\/magazin\/teszteltuk\/\"},{\"@type\":\"ListItem\",\"position\":3,\"name\":\"Garmin Epix (Gen2) Sapphire \u00f3ra teszt &#8211; Fut\u00e1s okosan!\"}]},{\"@type\":\"WebSite\",\"@id\":\"https:\/\/hir.mediamarkt.hu\/magazin\/#website\",\"url\":\"https:\/\/hir.mediamarkt.hu\/magazin\/\",\"name\":\"MediaMarkt Magazin\",\"description\":\"Olvass bele magazinunkba!\",\"potentialAction\":[{\"@type\":\"SearchAction\",\"target\":{\"@type\":\"EntryPoint\",\"urlTemplate\":\"https:\/\/hir.mediamarkt.hu\/magazin\/?s={search_term_string}\"},\"query-input\":\"required name=search_term_string\"}],\"inLanguage\":\"hu\"},{\"@type\":\"Person\",\"@id\":\"https:\/\/hir.mediamarkt.hu\/magazin\/#\/schema\/person\/eb6407def37d68930e61b9ccc0d2b12b\",\"name\":\"Kov\u00e1cs \u00c1d\u00e1m\",\"image\":{\"@type\":\"ImageObject\",\"inLanguage\":\"hu\",\"@id\":\"https:\/\/hir.mediamarkt.hu\/magazin\/#\/schema\/person\/image\/\",\"url\":\"https:\/\/secure.gravatar.com\/avatar\/7f17d39fcf146db446aab8f0a0b84bce?s=96&d=mm&r=g\",\"contentUrl\":\"https:\/\/secure.gravatar.com\/avatar\/7f17d39fcf146db446aab8f0a0b84bce?s=96&d=mm&r=g\",\"caption\":\"Kov\u00e1cs \u00c1d\u00e1m\"}}]}<\/script>\n<!-- \/ Yoast SEO plugin. -->","yoast_head_json":{"title":"Garmin Epix (Gen2) Sapphire \u00f3ra teszt - Fut\u00e1s okosan! - MediaMarkt Magazin","description":"A sport\u00f3r\u00e1k \u00e9s okos\u00f3r\u00e1k vil\u00e1ga egyre ink\u00e1bb \u00f6sszemos\u00f3dik, neh\u00e9z is meghat\u00e1rozni mit\u0151l legy egy \u00f3ra okos, vagy \u00e9ppen sportos. Teszt\u00fcnkben, a Garmin Epix (Gen2) \u00f3ra egyre jobban \u00f6sszemossa a hat\u00e1rokat.","robots":{"index":"index","follow":"follow","max-snippet":"max-snippet:-1","max-image-preview":"max-image-preview:large","max-video-preview":"max-video-preview:-1"},"canonical":"https:\/\/hir.mediamarkt.hu\/magazin\/garmin-epix-gen2-ora-teszt-futas-okosan\/","og_locale":"hu_HU","og_type":"article","og_title":"Garmin Epix (Gen2) Sapphire \u00f3ra teszt - Fut\u00e1s okosan! - MediaMarkt Magazin","og_description":"A sport\u00f3r\u00e1k \u00e9s okos\u00f3r\u00e1k vil\u00e1ga egyre ink\u00e1bb \u00f6sszemos\u00f3dik, neh\u00e9z is meghat\u00e1rozni mit\u0151l legy egy \u00f3ra okos, vagy \u00e9ppen sportos. Teszt\u00fcnkben, a Garmin Epix (Gen2) \u00f3ra egyre jobban \u00f6sszemossa a hat\u00e1rokat.","og_url":"https:\/\/hir.mediamarkt.hu\/magazin\/garmin-epix-gen2-ora-teszt-futas-okosan\/","og_site_name":"MediaMarkt Magazin","article_publisher":"https:\/\/www.facebook.com\/MediaMarktMagyarorszag","article_published_time":"2022-05-03T11:35:00+00:00","article_modified_time":"2022-05-28T06:44:06+00:00","og_image":[{"width":1024,"height":619,"url":"https:\/\/hir.mediamarkt.hu\/magazin\/wp-content\/uploads\/2022\/03\/Garmin_epix_gen2_teszt.png","type":"image\/png"}],"author":"Kov\u00e1cs \u00c1d\u00e1m","twitter_misc":{"Szerz\u0151:":"Kov\u00e1cs \u00c1d\u00e1m","Becs\u00fclt olvas\u00e1si id\u0151":"20 perc"},"schema":{"@context":"https:\/\/schema.org","@graph":[{"@type":"WebPage","@id":"https:\/\/hir.mediamarkt.hu\/magazin\/garmin-epix-gen2-ora-teszt-futas-okosan\/","url":"https:\/\/hir.mediamarkt.hu\/magazin\/garmin-epix-gen2-ora-teszt-futas-okosan\/","name":"Garmin Epix (Gen2) Sapphire \u00f3ra teszt - Fut\u00e1s okosan! - MediaMarkt Magazin","isPartOf":{"@id":"https:\/\/hir.mediamarkt.hu\/magazin\/#website"},"primaryImageOfPage":{"@id":"https:\/\/hir.mediamarkt.hu\/magazin\/garmin-epix-gen2-ora-teszt-futas-okosan\/#primaryimage"},"image":{"@id":"https:\/\/hir.mediamarkt.hu\/magazin\/garmin-epix-gen2-ora-teszt-futas-okosan\/#primaryimage"},"thumbnailUrl":"https:\/\/hir.mediamarkt.hu\/magazin\/wp-content\/uploads\/2022\/03\/Garmin_epix_gen2_teszt.png","datePublished":"2022-05-03T11:35:00+00:00","dateModified":"2022-05-28T06:44:06+00:00","author":{"@id":"https:\/\/hir.mediamarkt.hu\/magazin\/#\/schema\/person\/eb6407def37d68930e61b9ccc0d2b12b"},"description":"A sport\u00f3r\u00e1k \u00e9s okos\u00f3r\u00e1k vil\u00e1ga egyre ink\u00e1bb \u00f6sszemos\u00f3dik, neh\u00e9z is meghat\u00e1rozni mit\u0151l legy egy \u00f3ra okos, vagy \u00e9ppen sportos. Teszt\u00fcnkben, a Garmin Epix (Gen2) \u00f3ra egyre jobban \u00f6sszemossa a hat\u00e1rokat.","breadcrumb":{"@id":"https:\/\/hir.mediamarkt.hu\/magazin\/garmin-epix-gen2-ora-teszt-futas-okosan\/#breadcrumb"},"inLanguage":"hu","potentialAction":[{"@type":"ReadAction","target":["https:\/\/hir.mediamarkt.hu\/magazin\/garmin-epix-gen2-ora-teszt-futas-okosan\/"]}]},{"@type":"ImageObject","inLanguage":"hu","@id":"https:\/\/hir.mediamarkt.hu\/magazin\/garmin-epix-gen2-ora-teszt-futas-okosan\/#primaryimage","url":"https:\/\/hir.mediamarkt.hu\/magazin\/wp-content\/uploads\/2022\/03\/Garmin_epix_gen2_teszt.png","contentUrl":"https:\/\/hir.mediamarkt.hu\/magazin\/wp-content\/uploads\/2022\/03\/Garmin_epix_gen2_teszt.png","width":1024,"height":619},{"@type":"BreadcrumbList","@id":"https:\/\/hir.mediamarkt.hu\/magazin\/garmin-epix-gen2-ora-teszt-futas-okosan\/#breadcrumb","itemListElement":[{"@type":"ListItem","position":1,"name":"Kezd\u0151lap","item":"https:\/\/hir.mediamarkt.hu\/magazin\/"},{"@type":"ListItem","position":2,"name":"Tesztelt\u00fck","item":"https:\/\/hir.mediamarkt.hu\/magazin\/teszteltuk\/"},{"@type":"ListItem","position":3,"name":"Garmin Epix (Gen2) Sapphire \u00f3ra teszt &#8211; Fut\u00e1s okosan!"}]},{"@type":"WebSite","@id":"https:\/\/hir.mediamarkt.hu\/magazin\/#website","url":"https:\/\/hir.mediamarkt.hu\/magazin\/","name":"MediaMarkt Magazin","description":"Olvass bele magazinunkba!","potentialAction":[{"@type":"SearchAction","target":{"@type":"EntryPoint","urlTemplate":"https:\/\/hir.mediamarkt.hu\/magazin\/?s={search_term_string}"},"query-input":"required name=search_term_string"}],"inLanguage":"hu"},{"@type":"Person","@id":"https:\/\/hir.mediamarkt.hu\/magazin\/#\/schema\/person\/eb6407def37d68930e61b9ccc0d2b12b","name":"Kov\u00e1cs \u00c1d\u00e1m","image":{"@type":"ImageObject","inLanguage":"hu","@id":"https:\/\/hir.mediamarkt.hu\/magazin\/#\/schema\/person\/image\/","url":"https:\/\/secure.gravatar.com\/avatar\/7f17d39fcf146db446aab8f0a0b84bce?s=96&d=mm&r=g","contentUrl":"https:\/\/secure.gravatar.com\/avatar\/7f17d39fcf146db446aab8f0a0b84bce?s=96&d=mm&r=g","caption":"Kov\u00e1cs \u00c1d\u00e1m"}}]}},"_links":{"self":[{"href":"https:\/\/hir.mediamarkt.hu\/magazin\/wp-json\/wp\/v2\/posts\/14516"}],"collection":[{"href":"https:\/\/hir.mediamarkt.hu\/magazin\/wp-json\/wp\/v2\/posts"}],"about":[{"href":"https:\/\/hir.mediamarkt.hu\/magazin\/wp-json\/wp\/v2\/types\/post"}],"author":[{"embeddable":true,"href":"https:\/\/hir.mediamarkt.hu\/magazin\/wp-json\/wp\/v2\/users\/34"}],"replies":[{"embeddable":true,"href":"https:\/\/hir.mediamarkt.hu\/magazin\/wp-json\/wp\/v2\/comments?post=14516"}],"version-history":[{"count":17,"href":"https:\/\/hir.mediamarkt.hu\/magazin\/wp-json\/wp\/v2\/posts\/14516\/revisions"}],"predecessor-version":[{"id":14803,"href":"https:\/\/hir.mediamarkt.hu\/magazin\/wp-json\/wp\/v2\/posts\/14516\/revisions\/14803"}],"wp:featuredmedia":[{"embeddable":true,"href":"https:\/\/hir.mediamarkt.hu\/magazin\/wp-json\/wp\/v2\/media\/14619"}],"wp:attachment":[{"href":"https:\/\/hir.mediamarkt.hu\/magazin\/wp-json\/wp\/v2\/media?parent=14516"}],"wp:term":[{"taxonomy":"category","embeddable":true,"href":"https:\/\/hir.mediamarkt.hu\/magazin\/wp-json\/wp\/v2\/categories?post=14516"},{"taxonomy":"post_tag","embeddable":true,"href":"https:\/\/hir.mediamarkt.hu\/magazin\/wp-json\/wp\/v2\/tags?post=14516"}],"curies":[{"name":"wp","href":"https:\/\/api.w.org\/{rel}","templated":true}]}}