{"id":14738,"date":"2022-05-18T11:11:03","date_gmt":"2022-05-18T10:11:03","guid":{"rendered":"https:\/\/hir.mediamarkt.hu\/magazin\/?p=14738"},"modified":"2022-07-25T17:48:05","modified_gmt":"2022-07-25T16:48:05","slug":"max-mobile-ecofriendly-toltok-kabelek","status":"publish","type":"post","link":"https:\/\/hir.mediamarkt.hu\/magazin\/max-mobile-ecofriendly-toltok-kabelek\/","title":{"rendered":"Ez a j\u00f6v\u0151: a Max Mobile k\u00f6rnyezettudatos t\u00f6lt\u0151i"},"content":{"rendered":"\n<p class=\"has-text-align-justify\"><strong>Max Mobile <a href=\"https:\/\/www.mediamarkt.hu\/campaign\/ksz_v3gy3s_m4x9m061l3_3c0fr1ndly_220725\" target=\"_blank\" rel=\"noreferrer noopener\">t\u00f6lt\u0151k<\/a>.<\/strong> <strong>Nek\u00fcnk egy\u00e9bk\u00e9nt tetszik. Els\u0151re furcs\u00e1k, de hamar megszerethet\u0151k a szalm\u00e1b\u00f3l \u00e9s \u00fajrahasznos\u00edtott m\u0171anyagb\u00f3l k\u00e9sz\u00fclt t\u00f6lt\u0151k \u00e9s k\u00e1belek.<\/strong><\/p>\n\n\n\n<p class=\"has-text-align-justify\">Egyre ink\u00e1bb a fenntarthat\u00f3s\u00e1gr\u00f3l \u00e9s a k\u00f6rnyezettudatoss\u00e1gr\u00f3l sz\u00f3l a vil\u00e1g \u2013 nagyon helyesen \u2013, a mobilgy\u00e1rt\u00f3k egym\u00e1ssal versenyeznek a \u201elegz\u00f6ldebb k\u00e9sz\u00fcl\u00e9k\u201d kateg\u00f3ri\u00e1j\u00e1ban, a szempont pedig szerencs\u00e9re a legt\u00f6bb v\u00e1s\u00e1rl\u00f3 fej\u00e9ben a teljes\u00edtm\u00e9nnyel \u00e9s a min\u0151s\u00e9ggel egy szinten \u00e9l. L\u00e1ttunk m\u00e1r k\u00f6rnyezettudatos anyagokb\u00f3l \u00e9p\u00edtett mobilh\u00e1tlapot, recikl\u00e1lt \u00e9s\/vagy gyorsan elboml\u00f3 csomagol\u00e1st, a gy\u00e1rt\u00f3k pedig igyekeznek fenntarthat\u00f3 m\u00f3don int\u00e9zni a meghib\u00e1sodott k\u00e9sz\u00fcl\u00e9kek jav\u00edt\u00e1s\u00e1t \u00e9s a menthetetlen darabok elhantol\u00e1s\u00e1t. S\u0151t tesztelt\u00fcnk is olyan egeret (teszt\u00fcnket itt olvashatod: <a href=\"https:\/\/hir.mediamarkt.hu\/magazin\/microsoft-ocean-plastic-mouse-teszt\/\" target=\"_blank\" rel=\"noreferrer noopener\">Microsoft Ocean Plastic mouse<\/a>), ahol szint\u00e9n a fenntarthat\u00f3s\u00e1gi szempontok az egyik legnagyobb er\u0151ss\u00e9ge a term\u00e9knek. <\/p>\n\n\n\n<p class=\"has-text-align-justify\">A mobilkieg\u00e9sz\u00edt\u0151kr\u0151l azonban kev\u00e9s sz\u00f3 esik. Pontosabban arr\u00f3l, hogy hogyan lehetn\u00e9nek k\u00f6rnyezettudatosak. Ebben nem csak a gy\u00e1rt\u00f3knak, hanem a v\u00e1s\u00e1rl\u00f3knak is hatalmas szerep\u00fck van. Statisztik\u00e1kat nem is kell ider\u00e1ngatnunk, pontosan tudjuk, hogy<\/p>\n\n\n\n<blockquote class=\"wp-block-quote\"><p><strong>minden (magyar) h\u00e1ztart\u00e1s tele van haszn\u00e1laton k\u00edv\u00fcli k\u00e1belekkel \u00e9s t\u00f6lt\u0151kkel<\/strong>, amelyeket \u00e9vekig nincs sz\u00edv\u00fcnk kidobni, azt\u00e1n, ha v\u00e9gk\u00e9pp megtelik vel\u00fck a szekr\u00e9ny \u00e9s a fi\u00f3k, egyszerre szabaduljunk meg t\u0151l\u00fck, j\u00f3 esetben <a href=\"https:\/\/www.mediamarkt.hu\/hu\/shop\/e_hulladek.html\" target=\"_blank\" rel=\"noreferrer noopener\">elektronikus hullad\u00e9kk\u00e9nt<\/a>, rosszabb esetben (\u00e9s sajnos a leggyakrabban) azonban egyszer\u0171en a kuk\u00e1ba haj\u00edtj\u00e1k \u0151ket.<\/p><\/blockquote>\n\n\n\n<p class=\"has-text-align-justify\">Van az a r\u00e9gi mond\u00e1s, mi szerint minden magyar h\u00e1ztart\u00e1sban van egy zacsk\u00f3, amiben zacsk\u00f3k vannak. Ez pontosan \u00edgy van \u2013 csakhogy van egy olyan is, amiben k\u00e1belek vannak. Ez persze nem a v\u00e1s\u00e1rl\u00f3 hib\u00e1ja: a gy\u00e1rt\u00f3k \u00e9s forgalmaz\u00f3k \u201eer\u0151ltetik r\u00e1nk\u201d a k\u00e1beleket, a k\u00e9nyelemre hivatkozva gyakorlatilag az \u00f6sszes k\u00fcty\u00fc doboza dugig van USB-, HDMI- \u00e9s audiok\u00e1belekkel, t\u00f6lt\u0151kkel, adapterekkel. \u00dagy is, hogy szerencs\u00e9re egyre ink\u00e1bb egys\u00e9gesek a szabv\u00e1nyok: az USB m\u00e1r szinte csak C-t\u00edpus\u00fa, a t\u00f6lt\u0151kben szabadon cser\u00e9lgethet\u0151k a k\u00e1belek, \u00e9ppen ez\u00e9rt egyre t\u00f6bb felhaszn\u00e1l\u00f3 van \u00fagy vele, hogy ha egy-egy darab bev\u00e1lt, nem is haszn\u00e1l m\u00e1st. A k\u00e1belek \u00e9s egy\u00e9b kieg\u00e9sz\u00edt\u0151k ett\u0151l f\u00fcggetlen\u00fcl persze f\u00fcrt\u00f6kben \u00e9rkeznek a h\u00e1ztart\u00e1s\u00e1ba, ha lecser\u00e9l egy-egy eszk\u00f6zt.<\/p>\n\n\n\n<figure class=\"wp-block-image is-style-default\"><img loading=\"lazy\" decoding=\"async\" width=\"1440\" height=\"959\" src=\"http:\/\/hir.mediamarkt.hu\/magazin\/wp-content\/uploads\/2022\/05\/DSC_2152.jpg\" alt=\"Max Mobile ECOfriendly term\u00e9kek\" class=\"wp-image-14739\" srcset=\"https:\/\/hir.mediamarkt.hu\/magazin\/wp-content\/uploads\/2022\/05\/DSC_2152.jpg 1440w, https:\/\/hir.mediamarkt.hu\/magazin\/wp-content\/uploads\/2022\/05\/DSC_2152-300x200.jpg 300w, https:\/\/hir.mediamarkt.hu\/magazin\/wp-content\/uploads\/2022\/05\/DSC_2152-1024x681.jpg 1024w, https:\/\/hir.mediamarkt.hu\/magazin\/wp-content\/uploads\/2022\/05\/DSC_2152-275x183.jpg 275w, https:\/\/hir.mediamarkt.hu\/magazin\/wp-content\/uploads\/2022\/05\/DSC_2152-768x511.jpg 768w, https:\/\/hir.mediamarkt.hu\/magazin\/wp-content\/uploads\/2022\/05\/DSC_2152-1536x1022.jpg 1536w\" sizes=\"(max-width: 1440px) 100vw, 1440px\" \/><\/figure>\n\n\n\n<p class=\"has-text-align-justify\">A horv\u00e1t Max Mobile t\u00f6lt\u0151k a fenti probl\u00e9m\u00e1t ugyan nem sz\u00fcnteti meg (hiszen a gy\u00e1rt\u00f3k ett\u0151l m\u00e9g \u00e9sz n\u00e9lk\u00fcl v\u00e1gj\u00e1k hozz\u00e1nk a k\u00e1beleket), de fenntarthat\u00f3 \u00e9s szimpatikus alternat\u00edv\u00e1t k\u00edn\u00e1l, \u00e9s rem\u00e9lj\u00fck, a j\u00f6v\u0151t is el\u0151revet\u00edti. A j\u00f6v\u0151 m\u00e1rpedig szerint\u00fck (\u00e9s szerint\u00fcnk is) a k\u00f6vetkez\u0151:<\/p>\n\n\n\n<blockquote class=\"wp-block-quote\"><p>Nem kapunk \u00faj k\u00e1beleket, t\u00f6lt\u0151ket, adaptereket az \u00faj eszk\u00f6zeinkhez, \u00e9ppen az\u00e9rt, mert ezekb\u0151l van m\u00e1r mindenkinek el\u00e9g; ha m\u00e9gis sz\u00fcks\u00e9g\u00fcnk van r\u00e1juk, meg kell v\u00e1s\u00e1rolnunk k\u00fcl\u00f6n. \u00c9s ha m\u00e1r v\u00e1s\u00e1rolunk, lehet\u00fcnk k\u00f6zben k\u00f6rnyezettudatosak.<\/p><\/blockquote>\n\n\n\n<p class=\"has-text-align-justify\">A Max Mobile t\u00f6lt\u0151k teljes ECOfriendly nev\u0171 term\u00e9kcsal\u00e1dj\u00e1t megkaptuk tesztel\u00e9sre, illetve ink\u00e1bb ismerked\u00e9sre, hiszen a k\u00e1beleket \u00e9s a t\u00f6lt\u0151ket viszonylag gyorsan \u00e9s k\u00f6nnyen teszteli az ember, csak azt kell eld\u00f6ntenie, m\u0171k\u00f6dnek-e. (M\u0171k\u00f6dnek.) Mindegyik k\u00f6rnyezetbar\u00e1t kartondobozban \u00e9rkezik, bel\u00fcl is ugyanezzel r\u00f6gz\u00edtik az eszk\u00f6z\u00f6ket, m\u0171anyagot teh\u00e1t hi\u00e1ba keres\u00fcnk. M\u00e9g a nyomtat\u00e1st is n\u00f6v\u00e9nyi tint\u00e1val oldott\u00e1k meg. Kedves \u00e9s \u201eon brand\u201d az alighanem kenderb\u0151l k\u00e9sz\u00fclt akaszt\u00f3 is.<\/p>\n\n\n\n<figure class=\"wp-block-image is-style-default\"><img loading=\"lazy\" decoding=\"async\" width=\"1440\" height=\"959\" src=\"http:\/\/hir.mediamarkt.hu\/magazin\/wp-content\/uploads\/2022\/05\/DSC_2153.jpg\" alt=\"Max Mobile ECOfriendly term\u00e9kek\" class=\"wp-image-14740\" srcset=\"https:\/\/hir.mediamarkt.hu\/magazin\/wp-content\/uploads\/2022\/05\/DSC_2153.jpg 1440w, https:\/\/hir.mediamarkt.hu\/magazin\/wp-content\/uploads\/2022\/05\/DSC_2153-300x200.jpg 300w, https:\/\/hir.mediamarkt.hu\/magazin\/wp-content\/uploads\/2022\/05\/DSC_2153-1024x681.jpg 1024w, https:\/\/hir.mediamarkt.hu\/magazin\/wp-content\/uploads\/2022\/05\/DSC_2153-275x183.jpg 275w, https:\/\/hir.mediamarkt.hu\/magazin\/wp-content\/uploads\/2022\/05\/DSC_2153-768x511.jpg 768w, https:\/\/hir.mediamarkt.hu\/magazin\/wp-content\/uploads\/2022\/05\/DSC_2153-1536x1022.jpg 1536w\" sizes=\"(max-width: 1440px) 100vw, 1440px\" \/><\/figure>\n\n\n\n<p class=\"has-text-align-justify\">Hosszas elemz\u00e9s helyett ink\u00e1bb mutatjuk \u0151ket, a lehet\u0151 legk\u00f6zelebbr\u0151l, itt \u00fagyis a l\u00e1tv\u00e1ny a l\u00e9nyeg, \u00e9s r\u00f6viden ismertetj\u00fck a tulajdons\u00e1gaikat.<\/p>\n\n\n\n<h2 class=\"wp-block-heading\">Univerz\u00e1lis gyorst\u00f6lt\u0151, opcion\u00e1lis USB Type C k\u00e1bellel<\/h2>\n\n\n\n<p class=\"has-text-align-justify\">Eur\u00f3pai h\u00e1l\u00f3zathoz csatlakoztathat\u00f3 gyorst\u00f6lt\u0151 egy sz\u00e1l <a href=\"https:\/\/www.mediamarkt.hu\/catentry\/1388298\" target=\"_blank\" rel=\"noreferrer noopener\">USB-C csatlakoz\u00f3val<\/a>, azaz a megfelel\u0151 k\u00e1bellel minden manaps\u00e1g piacra dobott mobiltelefonhoz alkalmas. Fontos, hogy nem ultragyors: \u201ecsak\u201d 27 wattos t\u00f6lt\u00e9st biztos\u00edt, azaz nem veszi fel a versenyt az 50-60 wattos t\u00f6lt\u0151kkel (ezek azok, amelyek a vel\u00fck kompatibilis telefonokat f\u00e9l \u00f3ra alatt annyira felt\u00f6ltik, hogy \u00e1tlagos haszn\u00e1lat mellett egy eg\u00e9sz napig b\u00edrj\u00e1k), de \u00edgy is meggy\u0151z\u0151 teljes\u00edtm\u00e9nyt ny\u00fajt.<\/p>\n\n\n\n<figure class=\"wp-block-image is-style-default\"><img loading=\"lazy\" decoding=\"async\" width=\"1440\" height=\"959\" src=\"http:\/\/hir.mediamarkt.hu\/magazin\/wp-content\/uploads\/2022\/05\/DSC_2161.jpg\" alt=\"Max Mobile ECOfriendly term\u00e9kek\" class=\"wp-image-14742\" srcset=\"https:\/\/hir.mediamarkt.hu\/magazin\/wp-content\/uploads\/2022\/05\/DSC_2161.jpg 1440w, https:\/\/hir.mediamarkt.hu\/magazin\/wp-content\/uploads\/2022\/05\/DSC_2161-300x200.jpg 300w, https:\/\/hir.mediamarkt.hu\/magazin\/wp-content\/uploads\/2022\/05\/DSC_2161-1024x681.jpg 1024w, https:\/\/hir.mediamarkt.hu\/magazin\/wp-content\/uploads\/2022\/05\/DSC_2161-275x183.jpg 275w, https:\/\/hir.mediamarkt.hu\/magazin\/wp-content\/uploads\/2022\/05\/DSC_2161-768x511.jpg 768w, https:\/\/hir.mediamarkt.hu\/magazin\/wp-content\/uploads\/2022\/05\/DSC_2161-1536x1022.jpg 1536w\" sizes=\"(max-width: 1440px) 100vw, 1440px\" \/><\/figure>\n\n\n\n<p class=\"has-text-align-justify\">Megjelen\u00e9se messzir\u0151l el\u00e1rulja, hogy honnan f\u00faj a sz\u00e9l: tapint\u00e1sa kiss\u00e9 \u00e9rdes, pap\u00edrszer\u0171, anyaga pedig (mint az \u00f6sszes t\u00f6bbi eszk\u00f6z\u00e9) \u00fajrahasznos\u00edtott m\u0171anyag \u00e9s szalma.<\/p>\n\n\n\n<p class=\"has-text-align-justify\">A t\u00f6lt\u0151 vagy k\u00fcl\u00f6n v\u00e1s\u00e1rolhat\u00f3 meg, vagy egy mindk\u00e9t oldal\u00e1n C-t\u00edpus\u00fa csatlakoz\u00f3val ell\u00e1tott USB-k\u00e1bellel. Ha m\u00e1r itt tartunk, term\u00e9szetesen a 120 centis k\u00e1belt is megvehetj\u00fck k\u00fcl\u00f6n. \u00c9rdekess\u00e9g, hogy m\u00edg maga a t\u00f6lt\u0151 27 watt lead\u00e1s\u00e1ra k\u00e9pes, a k\u00e1bel 60 wattot is tov\u00e1bb\u00edt, azaz b\u00e1rmilyen mobil t\u00f6lthet\u0151 vele, \u00e9s m\u00e9g az ilyesmivel kompatibilis laptopokat is meghajtja. (Igaz, azoknak ink\u00e1bb 90 watt kell, hogy haszn\u00e1lat k\u00f6zben m\u00e9g t\u00f6lts\u00fck is \u0151ket.)<\/p>\n\n\n\n<figure class=\"wp-block-image is-style-default\"><img loading=\"lazy\" decoding=\"async\" width=\"1440\" height=\"959\" src=\"http:\/\/hir.mediamarkt.hu\/magazin\/wp-content\/uploads\/2022\/05\/DSC_2157.jpg\" alt=\"Max Mobile ECOfriendly term\u00e9kek\" class=\"wp-image-14741\" srcset=\"https:\/\/hir.mediamarkt.hu\/magazin\/wp-content\/uploads\/2022\/05\/DSC_2157.jpg 1440w, https:\/\/hir.mediamarkt.hu\/magazin\/wp-content\/uploads\/2022\/05\/DSC_2157-300x200.jpg 300w, https:\/\/hir.mediamarkt.hu\/magazin\/wp-content\/uploads\/2022\/05\/DSC_2157-1024x681.jpg 1024w, https:\/\/hir.mediamarkt.hu\/magazin\/wp-content\/uploads\/2022\/05\/DSC_2157-275x183.jpg 275w, https:\/\/hir.mediamarkt.hu\/magazin\/wp-content\/uploads\/2022\/05\/DSC_2157-768x511.jpg 768w, https:\/\/hir.mediamarkt.hu\/magazin\/wp-content\/uploads\/2022\/05\/DSC_2157-1536x1022.jpg 1536w\" sizes=\"(max-width: 1440px) 100vw, 1440px\" \/><\/figure>\n\n\n\n<p class=\"has-text-align-justify\">A k\u00e1bel is jellegzetesen \u00e9rdes, tapint\u00e1sra \u00e9s megjelen\u00e9sre is furcsa, de pont olyan strapab\u00edr\u00f3 mint m\u0171anyag\/gumi testv\u00e9re, megt\u00f6rni, elszakadni nem fog, err\u0151l a csatlakoz\u00f3 kialak\u00edt\u00e1sa is gondoskodik. A k\u00e1bel magabiztos kattan\u00e1ssal csatlakozott mindenhez, amivel pr\u00f3b\u00e1ltuk, \u00e9s mag\u00e1t\u00f3l sosem cs\u00faszott ki a hely\u00e9r\u0151l.<\/p>\n\n\n\n<h2 class=\"wp-block-heading\">USB-C \u2013 lightning k\u00e1bel<\/h2>\n\n\n\n<p>Ugyanaz, mint a k\u00e9toldali USB-C, <a href=\"https:\/\/www.mediamarkt.hu\/catentry\/1388297\" target=\"_blank\" rel=\"noreferrer noopener\">csak iPhone-ok t\u00f6lt\u00e9s\u00e9re kialak\u00edtva<\/a>. Szint\u00e9n 120 centis \u00e9s szint\u00e9n 60 wattos.<\/p>\n\n\n\n<figure class=\"wp-block-image is-style-default\"><img loading=\"lazy\" decoding=\"async\" width=\"1440\" height=\"959\" src=\"http:\/\/hir.mediamarkt.hu\/magazin\/wp-content\/uploads\/2022\/05\/DSC_2167.jpg\" alt=\"Max Mobile ECOfriendly term\u00e9kek\" class=\"wp-image-14745\" srcset=\"https:\/\/hir.mediamarkt.hu\/magazin\/wp-content\/uploads\/2022\/05\/DSC_2167.jpg 1440w, https:\/\/hir.mediamarkt.hu\/magazin\/wp-content\/uploads\/2022\/05\/DSC_2167-300x200.jpg 300w, https:\/\/hir.mediamarkt.hu\/magazin\/wp-content\/uploads\/2022\/05\/DSC_2167-1024x681.jpg 1024w, https:\/\/hir.mediamarkt.hu\/magazin\/wp-content\/uploads\/2022\/05\/DSC_2167-275x183.jpg 275w, https:\/\/hir.mediamarkt.hu\/magazin\/wp-content\/uploads\/2022\/05\/DSC_2167-768x511.jpg 768w, https:\/\/hir.mediamarkt.hu\/magazin\/wp-content\/uploads\/2022\/05\/DSC_2167-1536x1022.jpg 1536w\" sizes=\"(max-width: 1440px) 100vw, 1440px\" \/><\/figure>\n\n\n\n<h2 class=\"wp-block-heading\">USB-C \u00e9s USB-A univerz\u00e1lis t\u00f6lt\u0151<\/h2>\n\n\n\n<p class=\"has-text-align-justify\">Azoknak, akik megszokt\u00e1k a r\u00e9gi t\u00edpus\u00fa USB-k\u00e1belt, esetleg nincs otthon k\u00e9toldal\u00fa USB-C \u00e9s nem is szeretn\u00e9nek k\u00fcl\u00f6n v\u00e1s\u00e1rolni. Ebbe a t\u00f6lt\u0151be mindk\u00e9t csatlakoz\u00f3 belef\u00e9r, ak\u00e1r egyszerre is; \u201ecser\u00e9be\u201d csak 25 wattot ad le. T\u00f6k\u00e9letes megold\u00e1s, ha egy k\u00f6z\u00f6s utaz\u00e1sra csak egy t\u00f6lt\u0151t vinn\u00e9nk.<\/p>\n\n\n\n<figure class=\"wp-block-image is-style-default\"><img loading=\"lazy\" decoding=\"async\" width=\"1440\" height=\"959\" src=\"http:\/\/hir.mediamarkt.hu\/magazin\/wp-content\/uploads\/2022\/05\/DSC_2164.jpg\" alt=\"Max Mobile ECOfriendly term\u00e9kek\" class=\"wp-image-14744\" srcset=\"https:\/\/hir.mediamarkt.hu\/magazin\/wp-content\/uploads\/2022\/05\/DSC_2164.jpg 1440w, https:\/\/hir.mediamarkt.hu\/magazin\/wp-content\/uploads\/2022\/05\/DSC_2164-300x200.jpg 300w, https:\/\/hir.mediamarkt.hu\/magazin\/wp-content\/uploads\/2022\/05\/DSC_2164-1024x681.jpg 1024w, https:\/\/hir.mediamarkt.hu\/magazin\/wp-content\/uploads\/2022\/05\/DSC_2164-275x183.jpg 275w, https:\/\/hir.mediamarkt.hu\/magazin\/wp-content\/uploads\/2022\/05\/DSC_2164-768x511.jpg 768w, https:\/\/hir.mediamarkt.hu\/magazin\/wp-content\/uploads\/2022\/05\/DSC_2164-1536x1022.jpg 1536w\" sizes=\"(max-width: 1440px) 100vw, 1440px\" \/><\/figure>\n\n\n\n<h2 class=\"wp-block-heading\">USB-C aut\u00f3s t\u00f6lt\u0151<\/h2>\n\n\n\n<p class=\"has-text-align-justify\"><a href=\"https:\/\/www.mediamarkt.hu\/catentry\/1388296\" target=\"_blank\" rel=\"noreferrer noopener\">Szabv\u00e1nyos aut\u00f3s t\u00f6lt\u0151 egy sz\u00e1l USB-C csatlakoz\u00f3val<\/a>. 25 wattos, k\u00e1bel nem j\u00e1r hozz\u00e1. Szint\u00e9n min\u0151s\u00e9gi, strapab\u00edr\u00f3 darab.<\/p>\n\n\n\n<figure class=\"wp-block-image is-style-default\"><img loading=\"lazy\" decoding=\"async\" width=\"1440\" height=\"959\" src=\"http:\/\/hir.mediamarkt.hu\/magazin\/wp-content\/uploads\/2022\/05\/DSC_2169.jpg\" alt=\"Max Mobile ECOfriendly term\u00e9kek\" class=\"wp-image-14746\" srcset=\"https:\/\/hir.mediamarkt.hu\/magazin\/wp-content\/uploads\/2022\/05\/DSC_2169.jpg 1440w, https:\/\/hir.mediamarkt.hu\/magazin\/wp-content\/uploads\/2022\/05\/DSC_2169-300x200.jpg 300w, https:\/\/hir.mediamarkt.hu\/magazin\/wp-content\/uploads\/2022\/05\/DSC_2169-1024x681.jpg 1024w, https:\/\/hir.mediamarkt.hu\/magazin\/wp-content\/uploads\/2022\/05\/DSC_2169-275x183.jpg 275w, https:\/\/hir.mediamarkt.hu\/magazin\/wp-content\/uploads\/2022\/05\/DSC_2169-768x511.jpg 768w, https:\/\/hir.mediamarkt.hu\/magazin\/wp-content\/uploads\/2022\/05\/DSC_2169-1536x1022.jpg 1536w\" sizes=\"(max-width: 1440px) 100vw, 1440px\" \/><\/figure>\n\n\n\n<p class=\"has-text-align-justify\">Ritka az, hogy nem csak a teljes\u00edtm\u00e9ny, az eszt\u00e9tikum \u00e9s az \u00e1r\/\u00e9rt\u00e9k ar\u00e1ny miatt aj\u00e1nlunk term\u00e9keket teljes sz\u00edvvel, hanem az\u00e9rt, mert ez a helyes \u00e9s etikus megold\u00e1s. <a href=\"https:\/\/www.mediamarkt.hu\/campaign\/ksz_v3gy3s_m4x9m061l3_3c0fr1ndly_220725\" target=\"_blank\" rel=\"noreferrer noopener\">Ha t\u00f6lt\u0151re, k\u00e1belre van sz\u00fcks\u00e9getek<\/a>, v\u00e1s\u00e1roljatok be a Max Mobile ECOfriendly term\u00e9keib\u0151l \u00e9s ha \u00e9rdekel, hogy milyen fenntarthat\u00f3 eszk\u00f6z\u00f6kkel foglalkozunk m\u00e9g, <a href=\"https:\/\/www.mediamarkt.hu\/hu\/shop\/betterway.html\" target=\"_blank\" rel=\"noreferrer noopener\">itt, a BetterWay oldalunkon<\/a> tudsz k\u00f6r\u00fcln\u00e9zni. <\/p>\n\n\n","protected":false},"excerpt":{"rendered":"Max Mobile t\u00f6lt\u0151k. Nek\u00fcnk egy\u00e9bk\u00e9nt tetszik. Els\u0151re furcs\u00e1k, de hamar megszerethet\u0151k a szalm\u00e1b\u00f3l \u00e9s \u00fajrahasznos\u00edtott m\u0171anyagb\u00f3l k\u00e9sz\u00fclt t\u00f6lt\u0151k \u00e9s k\u00e1belek. Egyre ink\u00e1bb a fenntarthat\u00f3s\u00e1gr\u00f3l \u00e9s a k\u00f6rnyezettudatoss\u00e1gr\u00f3l sz\u00f3l a vil\u00e1g \u2013 nagyon helyesen \u2013, a mobilgy\u00e1rt\u00f3k egym\u00e1ssal versenyeznek a \u201elegz\u00f6ldebb k\u00e9sz\u00fcl\u00e9k\u201d kateg\u00f3ri\u00e1j\u00e1ban, a szempont pedig szerencs\u00e9re a legt\u00f6bb v\u00e1s\u00e1rl\u00f3 fej\u00e9ben a teljes\u00edtm\u00e9nnyel \u00e9s a min\u0151s\u00e9ggel egy szinten \u00e9l. L\u00e1ttunk m\u00e1r k\u00f6rnyezettudatos anyagokb\u00f3l \u00e9p\u00edtett mobilh\u00e1tlapot, recikl\u00e1lt \u00e9s\/vagy gyorsan elboml\u00f3 csomagol\u00e1st, a gy\u00e1rt\u00f3k pedig igyekeznek fenntarthat\u00f3 m\u00f3don int\u00e9zni a meghib\u00e1sodott k\u00e9sz\u00fcl\u00e9kek jav\u00edt\u00e1s\u00e1t \u00e9s a menthetetlen darabok elhantol\u00e1s\u00e1t. S\u0151t tesztelt\u00fcnk is olyan egeret (teszt\u00fcnket itt olvashatod: Microsoft Ocean Plastic mouse), ahol szint\u00e9n a fenntarthat\u00f3s\u00e1gi szempontok az egyik legnagyobb er\u0151ss\u00e9ge a term\u00e9knek. A mobilkieg\u00e9sz\u00edt\u0151kr\u0151l azonban kev\u00e9s sz\u00f3 esik. Pontosabban arr\u00f3l, hogy hogyan lehetn\u00e9nek k\u00f6rnyezettudatosak. &#8230;","protected":false},"author":22,"featured_media":14741,"comment_status":"open","ping_status":"open","sticky":false,"template":"","format":"standard","meta":{"wprm-recipe-roundup-name":"","wprm-recipe-roundup-description":"","footnotes":""},"categories":[5979,5972],"tags":[2486,1756,5033,133,1524],"yoast_head":"<!-- This site is optimized with the Yoast SEO plugin v22.9 - https:\/\/yoast.com\/wordpress\/plugins\/seo\/ -->\n<title>Ez a j\u00f6v\u0151: a Max Mobile k\u00f6rnyezettudatos t\u00f6lt\u0151i - MediaMarkt Magazin<\/title>\n<meta name=\"description\" content=\"Max Mobile t\u00f6lt\u0151k. Els\u0151re furcs\u00e1k, de hamar megszerethet\u0151k a szalm\u00e1b\u00f3l \u00e9s \u00fajrahasznos\u00edtott m\u0171anyagb\u00f3l k\u00e9sz\u00fclt t\u00f6lt\u0151k \u00e9s k\u00e1belek.\" \/>\n<meta name=\"robots\" content=\"index, follow, max-snippet:-1, max-image-preview:large, max-video-preview:-1\" \/>\n<link rel=\"canonical\" href=\"https:\/\/hir.mediamarkt.hu\/magazin\/max-mobile-ecofriendly-toltok-kabelek\/\" \/>\n<meta property=\"og:locale\" content=\"hu_HU\" \/>\n<meta property=\"og:type\" content=\"article\" \/>\n<meta property=\"og:title\" content=\"Ez a j\u00f6v\u0151: a Max Mobile k\u00f6rnyezettudatos t\u00f6lt\u0151i - MediaMarkt Magazin\" \/>\n<meta property=\"og:description\" content=\"Max Mobile t\u00f6lt\u0151k. Els\u0151re furcs\u00e1k, de hamar megszerethet\u0151k a szalm\u00e1b\u00f3l \u00e9s \u00fajrahasznos\u00edtott m\u0171anyagb\u00f3l k\u00e9sz\u00fclt t\u00f6lt\u0151k \u00e9s k\u00e1belek.\" \/>\n<meta property=\"og:url\" content=\"https:\/\/hir.mediamarkt.hu\/magazin\/max-mobile-ecofriendly-toltok-kabelek\/\" \/>\n<meta property=\"og:site_name\" content=\"MediaMarkt Magazin\" \/>\n<meta property=\"article:publisher\" content=\"https:\/\/www.facebook.com\/MediaMarktMagyarorszag\" \/>\n<meta property=\"article:published_time\" content=\"2022-05-18T10:11:03+00:00\" \/>\n<meta property=\"article:modified_time\" content=\"2022-07-25T16:48:05+00:00\" \/>\n<meta property=\"og:image\" content=\"https:\/\/hir.mediamarkt.hu\/magazin\/wp-content\/uploads\/2022\/05\/DSC_2157.jpg\" \/>\n\t<meta property=\"og:image:width\" content=\"1440\" \/>\n\t<meta property=\"og:image:height\" content=\"959\" \/>\n\t<meta property=\"og:image:type\" content=\"image\/jpeg\" \/>\n<meta name=\"author\" content=\"Nemenyi\" \/>\n<meta name=\"twitter:label1\" content=\"Szerz\u0151:\" \/>\n\t<meta name=\"twitter:data1\" content=\"Nemenyi\" \/>\n\t<meta name=\"twitter:label2\" content=\"Becs\u00fclt olvas\u00e1si id\u0151\" \/>\n\t<meta name=\"twitter:data2\" content=\"5 perc\" \/>\n<script type=\"application\/ld+json\" class=\"yoast-schema-graph\">{\"@context\":\"https:\/\/schema.org\",\"@graph\":[{\"@type\":\"WebPage\",\"@id\":\"https:\/\/hir.mediamarkt.hu\/magazin\/max-mobile-ecofriendly-toltok-kabelek\/\",\"url\":\"https:\/\/hir.mediamarkt.hu\/magazin\/max-mobile-ecofriendly-toltok-kabelek\/\",\"name\":\"Ez a j\u00f6v\u0151: a Max Mobile k\u00f6rnyezettudatos t\u00f6lt\u0151i - MediaMarkt Magazin\",\"isPartOf\":{\"@id\":\"https:\/\/hir.mediamarkt.hu\/magazin\/#website\"},\"primaryImageOfPage\":{\"@id\":\"https:\/\/hir.mediamarkt.hu\/magazin\/max-mobile-ecofriendly-toltok-kabelek\/#primaryimage\"},\"image\":{\"@id\":\"https:\/\/hir.mediamarkt.hu\/magazin\/max-mobile-ecofriendly-toltok-kabelek\/#primaryimage\"},\"thumbnailUrl\":\"https:\/\/hir.mediamarkt.hu\/magazin\/wp-content\/uploads\/2022\/05\/DSC_2157.jpg\",\"datePublished\":\"2022-05-18T10:11:03+00:00\",\"dateModified\":\"2022-07-25T16:48:05+00:00\",\"author\":{\"@id\":\"https:\/\/hir.mediamarkt.hu\/magazin\/#\/schema\/person\/f4a17b2dc97f2e2bf1b88a89d4ef7d05\"},\"description\":\"Max Mobile t\u00f6lt\u0151k. Els\u0151re furcs\u00e1k, de hamar megszerethet\u0151k a szalm\u00e1b\u00f3l \u00e9s \u00fajrahasznos\u00edtott m\u0171anyagb\u00f3l k\u00e9sz\u00fclt t\u00f6lt\u0151k \u00e9s k\u00e1belek.\",\"breadcrumb\":{\"@id\":\"https:\/\/hir.mediamarkt.hu\/magazin\/max-mobile-ecofriendly-toltok-kabelek\/#breadcrumb\"},\"inLanguage\":\"hu\",\"potentialAction\":[{\"@type\":\"ReadAction\",\"target\":[\"https:\/\/hir.mediamarkt.hu\/magazin\/max-mobile-ecofriendly-toltok-kabelek\/\"]}]},{\"@type\":\"ImageObject\",\"inLanguage\":\"hu\",\"@id\":\"https:\/\/hir.mediamarkt.hu\/magazin\/max-mobile-ecofriendly-toltok-kabelek\/#primaryimage\",\"url\":\"https:\/\/hir.mediamarkt.hu\/magazin\/wp-content\/uploads\/2022\/05\/DSC_2157.jpg\",\"contentUrl\":\"https:\/\/hir.mediamarkt.hu\/magazin\/wp-content\/uploads\/2022\/05\/DSC_2157.jpg\",\"width\":1440,\"height\":959,\"caption\":\"Max Mobile ECOfriendly term\u00e9kek\"},{\"@type\":\"BreadcrumbList\",\"@id\":\"https:\/\/hir.mediamarkt.hu\/magazin\/max-mobile-ecofriendly-toltok-kabelek\/#breadcrumb\",\"itemListElement\":[{\"@type\":\"ListItem\",\"position\":1,\"name\":\"Kezd\u0151lap\",\"item\":\"https:\/\/hir.mediamarkt.hu\/magazin\/\"},{\"@type\":\"ListItem\",\"position\":2,\"name\":\"Z\u00d6LD J\u00d6V\u0150\",\"item\":\"https:\/\/hir.mediamarkt.hu\/magazin\/zold-jovo\/\"},{\"@type\":\"ListItem\",\"position\":3,\"name\":\"Ez a j\u00f6v\u0151: a Max Mobile k\u00f6rnyezettudatos t\u00f6lt\u0151i\"}]},{\"@type\":\"WebSite\",\"@id\":\"https:\/\/hir.mediamarkt.hu\/magazin\/#website\",\"url\":\"https:\/\/hir.mediamarkt.hu\/magazin\/\",\"name\":\"MediaMarkt Magazin\",\"description\":\"Olvass bele magazinunkba!\",\"potentialAction\":[{\"@type\":\"SearchAction\",\"target\":{\"@type\":\"EntryPoint\",\"urlTemplate\":\"https:\/\/hir.mediamarkt.hu\/magazin\/?s={search_term_string}\"},\"query-input\":\"required name=search_term_string\"}],\"inLanguage\":\"hu\"},{\"@type\":\"Person\",\"@id\":\"https:\/\/hir.mediamarkt.hu\/magazin\/#\/schema\/person\/f4a17b2dc97f2e2bf1b88a89d4ef7d05\",\"name\":\"Nemenyi\",\"image\":{\"@type\":\"ImageObject\",\"inLanguage\":\"hu\",\"@id\":\"https:\/\/hir.mediamarkt.hu\/magazin\/#\/schema\/person\/image\/\",\"url\":\"https:\/\/secure.gravatar.com\/avatar\/9470b3223c723142e66adcad803b24fe?s=96&d=mm&r=g\",\"contentUrl\":\"https:\/\/secure.gravatar.com\/avatar\/9470b3223c723142e66adcad803b24fe?s=96&d=mm&r=g\",\"caption\":\"Nemenyi\"}}]}<\/script>\n<!-- \/ Yoast SEO plugin. -->","yoast_head_json":{"title":"Ez a j\u00f6v\u0151: a Max Mobile k\u00f6rnyezettudatos t\u00f6lt\u0151i - MediaMarkt Magazin","description":"Max Mobile t\u00f6lt\u0151k. Els\u0151re furcs\u00e1k, de hamar megszerethet\u0151k a szalm\u00e1b\u00f3l \u00e9s \u00fajrahasznos\u00edtott m\u0171anyagb\u00f3l k\u00e9sz\u00fclt t\u00f6lt\u0151k \u00e9s k\u00e1belek.","robots":{"index":"index","follow":"follow","max-snippet":"max-snippet:-1","max-image-preview":"max-image-preview:large","max-video-preview":"max-video-preview:-1"},"canonical":"https:\/\/hir.mediamarkt.hu\/magazin\/max-mobile-ecofriendly-toltok-kabelek\/","og_locale":"hu_HU","og_type":"article","og_title":"Ez a j\u00f6v\u0151: a Max Mobile k\u00f6rnyezettudatos t\u00f6lt\u0151i - MediaMarkt Magazin","og_description":"Max Mobile t\u00f6lt\u0151k. Els\u0151re furcs\u00e1k, de hamar megszerethet\u0151k a szalm\u00e1b\u00f3l \u00e9s \u00fajrahasznos\u00edtott m\u0171anyagb\u00f3l k\u00e9sz\u00fclt t\u00f6lt\u0151k \u00e9s k\u00e1belek.","og_url":"https:\/\/hir.mediamarkt.hu\/magazin\/max-mobile-ecofriendly-toltok-kabelek\/","og_site_name":"MediaMarkt Magazin","article_publisher":"https:\/\/www.facebook.com\/MediaMarktMagyarorszag","article_published_time":"2022-05-18T10:11:03+00:00","article_modified_time":"2022-07-25T16:48:05+00:00","og_image":[{"width":1440,"height":959,"url":"https:\/\/hir.mediamarkt.hu\/magazin\/wp-content\/uploads\/2022\/05\/DSC_2157.jpg","type":"image\/jpeg"}],"author":"Nemenyi","twitter_misc":{"Szerz\u0151:":"Nemenyi","Becs\u00fclt olvas\u00e1si id\u0151":"5 perc"},"schema":{"@context":"https:\/\/schema.org","@graph":[{"@type":"WebPage","@id":"https:\/\/hir.mediamarkt.hu\/magazin\/max-mobile-ecofriendly-toltok-kabelek\/","url":"https:\/\/hir.mediamarkt.hu\/magazin\/max-mobile-ecofriendly-toltok-kabelek\/","name":"Ez a j\u00f6v\u0151: a Max Mobile k\u00f6rnyezettudatos t\u00f6lt\u0151i - MediaMarkt Magazin","isPartOf":{"@id":"https:\/\/hir.mediamarkt.hu\/magazin\/#website"},"primaryImageOfPage":{"@id":"https:\/\/hir.mediamarkt.hu\/magazin\/max-mobile-ecofriendly-toltok-kabelek\/#primaryimage"},"image":{"@id":"https:\/\/hir.mediamarkt.hu\/magazin\/max-mobile-ecofriendly-toltok-kabelek\/#primaryimage"},"thumbnailUrl":"https:\/\/hir.mediamarkt.hu\/magazin\/wp-content\/uploads\/2022\/05\/DSC_2157.jpg","datePublished":"2022-05-18T10:11:03+00:00","dateModified":"2022-07-25T16:48:05+00:00","author":{"@id":"https:\/\/hir.mediamarkt.hu\/magazin\/#\/schema\/person\/f4a17b2dc97f2e2bf1b88a89d4ef7d05"},"description":"Max Mobile t\u00f6lt\u0151k. Els\u0151re furcs\u00e1k, de hamar megszerethet\u0151k a szalm\u00e1b\u00f3l \u00e9s \u00fajrahasznos\u00edtott m\u0171anyagb\u00f3l k\u00e9sz\u00fclt t\u00f6lt\u0151k \u00e9s k\u00e1belek.","breadcrumb":{"@id":"https:\/\/hir.mediamarkt.hu\/magazin\/max-mobile-ecofriendly-toltok-kabelek\/#breadcrumb"},"inLanguage":"hu","potentialAction":[{"@type":"ReadAction","target":["https:\/\/hir.mediamarkt.hu\/magazin\/max-mobile-ecofriendly-toltok-kabelek\/"]}]},{"@type":"ImageObject","inLanguage":"hu","@id":"https:\/\/hir.mediamarkt.hu\/magazin\/max-mobile-ecofriendly-toltok-kabelek\/#primaryimage","url":"https:\/\/hir.mediamarkt.hu\/magazin\/wp-content\/uploads\/2022\/05\/DSC_2157.jpg","contentUrl":"https:\/\/hir.mediamarkt.hu\/magazin\/wp-content\/uploads\/2022\/05\/DSC_2157.jpg","width":1440,"height":959,"caption":"Max Mobile ECOfriendly term\u00e9kek"},{"@type":"BreadcrumbList","@id":"https:\/\/hir.mediamarkt.hu\/magazin\/max-mobile-ecofriendly-toltok-kabelek\/#breadcrumb","itemListElement":[{"@type":"ListItem","position":1,"name":"Kezd\u0151lap","item":"https:\/\/hir.mediamarkt.hu\/magazin\/"},{"@type":"ListItem","position":2,"name":"Z\u00d6LD J\u00d6V\u0150","item":"https:\/\/hir.mediamarkt.hu\/magazin\/zold-jovo\/"},{"@type":"ListItem","position":3,"name":"Ez a j\u00f6v\u0151: a Max Mobile k\u00f6rnyezettudatos t\u00f6lt\u0151i"}]},{"@type":"WebSite","@id":"https:\/\/hir.mediamarkt.hu\/magazin\/#website","url":"https:\/\/hir.mediamarkt.hu\/magazin\/","name":"MediaMarkt Magazin","description":"Olvass bele magazinunkba!","potentialAction":[{"@type":"SearchAction","target":{"@type":"EntryPoint","urlTemplate":"https:\/\/hir.mediamarkt.hu\/magazin\/?s={search_term_string}"},"query-input":"required name=search_term_string"}],"inLanguage":"hu"},{"@type":"Person","@id":"https:\/\/hir.mediamarkt.hu\/magazin\/#\/schema\/person\/f4a17b2dc97f2e2bf1b88a89d4ef7d05","name":"Nemenyi","image":{"@type":"ImageObject","inLanguage":"hu","@id":"https:\/\/hir.mediamarkt.hu\/magazin\/#\/schema\/person\/image\/","url":"https:\/\/secure.gravatar.com\/avatar\/9470b3223c723142e66adcad803b24fe?s=96&d=mm&r=g","contentUrl":"https:\/\/secure.gravatar.com\/avatar\/9470b3223c723142e66adcad803b24fe?s=96&d=mm&r=g","caption":"Nemenyi"}}]}},"_links":{"self":[{"href":"https:\/\/hir.mediamarkt.hu\/magazin\/wp-json\/wp\/v2\/posts\/14738"}],"collection":[{"href":"https:\/\/hir.mediamarkt.hu\/magazin\/wp-json\/wp\/v2\/posts"}],"about":[{"href":"https:\/\/hir.mediamarkt.hu\/magazin\/wp-json\/wp\/v2\/types\/post"}],"author":[{"embeddable":true,"href":"https:\/\/hir.mediamarkt.hu\/magazin\/wp-json\/wp\/v2\/users\/22"}],"replies":[{"embeddable":true,"href":"https:\/\/hir.mediamarkt.hu\/magazin\/wp-json\/wp\/v2\/comments?post=14738"}],"version-history":[{"count":7,"href":"https:\/\/hir.mediamarkt.hu\/magazin\/wp-json\/wp\/v2\/posts\/14738\/revisions"}],"predecessor-version":[{"id":14897,"href":"https:\/\/hir.mediamarkt.hu\/magazin\/wp-json\/wp\/v2\/posts\/14738\/revisions\/14897"}],"wp:featuredmedia":[{"embeddable":true,"href":"https:\/\/hir.mediamarkt.hu\/magazin\/wp-json\/wp\/v2\/media\/14741"}],"wp:attachment":[{"href":"https:\/\/hir.mediamarkt.hu\/magazin\/wp-json\/wp\/v2\/media?parent=14738"}],"wp:term":[{"taxonomy":"category","embeddable":true,"href":"https:\/\/hir.mediamarkt.hu\/magazin\/wp-json\/wp\/v2\/categories?post=14738"},{"taxonomy":"post_tag","embeddable":true,"href":"https:\/\/hir.mediamarkt.hu\/magazin\/wp-json\/wp\/v2\/tags?post=14738"}],"curies":[{"name":"wp","href":"https:\/\/api.w.org\/{rel}","templated":true}]}}