{"id":14880,"date":"2022-07-25T09:44:53","date_gmt":"2022-07-25T08:44:53","guid":{"rendered":"https:\/\/hir.mediamarkt.hu\/magazin\/?p=14880"},"modified":"2022-07-26T11:19:18","modified_gmt":"2022-07-26T10:19:18","slug":"fogyasztasmero-okos-konnektorokkal-csokkentheted-a-villanyszamlad","status":"publish","type":"post","link":"https:\/\/hir.mediamarkt.hu\/magazin\/fogyasztasmero-okos-konnektorokkal-csokkentheted-a-villanyszamlad\/","title":{"rendered":"Fogyaszt\u00e1sm\u00e9r\u00e9s, okoseszk\u00f6z\u00f6k: \u00edgy cs\u00f6kkentheted a villanysz\u00e1ml\u00e1d!"},"content":{"rendered":"\n<p class=\"has-text-align-justify\">V\u00e1ltozik a rezsics\u00f6kkent\u00e9s, ezzel pedig sokaknak jelent\u0151sen emelkedhet az \u00e1ramfelhaszn\u00e1l\u00e1s ut\u00e1n fizetend\u0151 sz\u00e1ml\u00e1juk 2022. augusztus 1. ut\u00e1n. Ehhez hoztunk n\u00e9h\u00e1ny \u00f6tletet, amivel olcs\u00f3n cs\u00f6kkenteni lehet az otthoni fogyaszt\u00e1son, ezzel pedig a villanysz\u00e1ml\u00e1n tal\u00e1lhat\u00f3 v\u00e9g\u00f6sszegen is.<\/p>\n\n\n\n<p class=\"has-text-align-justify\">Mint ismert, augusztustus 1-t\u0151l havi 210 kWh fogyaszt\u00e1s erej\u00e9ig marad a jelenlegi 36 forintos kWh \u00e1r. A meghat\u00e1rozott \u00e9rt\u00e9ken fel\u00fcli fogyaszt\u00e1sra m\u00e1r kilowatt\u00f3r\u00e1nk\u00e9nti 70,1 forintot kell majd fizetni, ez azt jelenti, hogy az \u00e1tlagosnak meghat\u00e1rozott fogyaszt\u00e1s felett k\u00f6zel dupl\u00e1z\u00f3dik az \u00e1ram \u00e1ra.<\/p>\n\n\n\n<p class=\"has-text-align-justify\">Ha megn\u00e9zi valaki az elm\u00falt 1 \u00e9v \u00e1ramsz\u00e1ml\u00e1it, akkor azon l\u00e1thatja, hogy nagyj\u00e1b\u00f3l milyen fogyaszt\u00e1ssal sz\u00e1molhat.   Abban viszont mi seg\u00edt\u00fcnk, hogy ezt a fogyaszt\u00e1st hogyan lehet cs\u00f6kkenteni vagy kisz\u0171rni, mi az ami a legt\u00f6bbet fogyasztja.<\/p>\n\n\n\n<h2 class=\"wp-block-heading\">Fogyaszt\u00e1sm\u00e9r\u0151 aljzatokkal m\u00e9rhet\u0151 \u00e9s cs\u00f6kkenthet\u0151 is az \u00e1ramfelhaszn\u00e1l\u00e1s<\/h2>\n\n\n\n<p class=\"has-text-align-justify\">Nagyon sok elektronikai term\u00e9k tal\u00e1lhat\u00f3 meg a h\u00e1ztart\u00e1sunkban. Ezek egy r\u00e9sze folyamatos \u00e1ramhaszn\u00e1latot ig\u00e9nyel, mint p\u00e9ld\u00e1ul a h\u0171t\u0151, fagyaszt\u00f3l\u00e1da, a biztons\u00e1gi kamer\u00e1k, v\u00edzsziv\u00e1rg\u00e1s \u00e9rz\u00e9kel\u0151k, ajt\u00f3nyit\u00e1st figyel\u0151 szenzorok&#8230; stb. <\/p>\n\n\n\n<p class=\"has-text-align-justify\">Vannak azonban olyan, h\u00e1l\u00f3zatba dugott eszk\u00f6zeink is, amelyeket nem haszn\u00e1lunk folyamatosan, de kikapcsolt \u00e1llapotban is fogyasztanak. Ilyen lehet p\u00e9ld\u00e1ul a t\u00e9v\u00e9, a sz\u00e1m\u00edt\u00f3g\u00e9p, vagy ak\u00e1r a telefont\u00f6lt\u0151. Ezek az eszk\u00f6z\u00f6k haszn\u00e1lat sor\u00e1n magasabb fogyaszt\u00e1st gener\u00e1lnak, m\u00edg k\u00e9szenl\u00e9ti \u00e1llapotban alacsonyabb mennyis\u00e9get fogyasztanak, viszont az\u00e9rt folyamatos az \u00e1ramfelhaszn\u00e1l\u00e1suk.<\/p>\n\n\n\n<pre id=\"block-4d636822-b8e8-47d7-a466-ed88ae81634d\" class=\"wp-block-preformatted\"><em>Tudtad? Egy 85\"-os 8K-s cs\u00facsmodell 1000 \u00f3ra alatt 1,5x annyit fogyaszt, mint egy h\u00e1ztart\u00e1s \u00e1tlagos havi \u00e1ramfogyaszt\u00e1sa \u00f6sszesen.<\/em><\/pre>\n\n\n\n<h2 class=\"wp-block-heading\">Te tudod, hogy mennyit fogyaszt a t\u00e9v\u00e9d, ha bekapcsolva felejted?<\/h2>\n\n\n\n<p class=\"has-text-align-justify\">B\u00e1r a gy\u00e1rt\u00f3k felt\u00fcntetik a tipikus fogyaszt\u00e1si \u00e9rt\u00e9keket egyre t\u00f6bb term\u00e9k eset\u00e9n\u00e9l, azonban m\u00e9gis neh\u00e9z lehet \u00e1tl\u00e1tni, hogy az \u00e1tlagos haszn\u00e1lat sor\u00e1n ez mennyi \u00e1ramhaszn\u00e1latot jelent. A konnektorokba dughat\u00f3 aljzatok seg\u00edtenek megjelen\u00edteni a csatlakoztatott term\u00e9kek fogyaszt\u00e1s\u00e1t, mint p\u00e9ld\u00e1ul <a href=\"https:\/\/www.mediamarkt.hu\/hu\/product\/_tp-link-tapo-p110-mini-wi-fi-s-okos-konnektor-fogyaszt%C3%A1s-m%C3%A9r%C5%91vel-1365715.html\" target=\"_blank\" rel=\"noreferrer noopener\">ez a term\u00e9k<\/a>. Ezzel lehet\u0151s\u00e9g van nem csak az aktu\u00e1lis fogyaszt\u00e1st l\u00e1tni, hanem azt is, hogy mondjuk az elm\u00falt egy h\u00f3napban mennyit fogyasztott a term\u00e9k. <\/p>\n\n\n\n<p class=\"has-text-align-justify\">A smart term\u00e9kcsal\u00e1dok tov\u00e1bbi el\u0151nyei, hogy nemcsak megjelen\u00edtik a fogyaszt\u00e1st, de lehet\u0151s\u00e9get ny\u00fajtanak arra, hogy t\u00e1volr\u00f3l, a telefonr\u00f3l vez\u00e9relve lehessen lekapcsolni az \u00e1ramot.<\/p>\n\n\n\n<p class=\"has-text-align-justify\">Ismer\u0151s a felismer\u00e9s, amikor nem tudod, hogy elz\u00e1rtad-e a t\u0171zhelyet, a s\u00fct\u0151t, esetleg bekapcsolva hagytad a vasal\u00f3t? Ezek a gondolatok \u00f6nmagukban is aggaszt\u00f3ak, hiszen ezen elfelejtett dolgok az otthonban is k\u00e1rt tehetnek, ha t\u00fczet okoznak. De nem kell egy otthon le\u00e9g\u00e9s\u00e9ig menni, el\u00e9g csak hogy <strong>folyamatosan, nagy teljes\u00edtm\u00e9nyt fogyasztanak.<\/strong> Egy modern vasal\u00f3 1000-3000 watt k\u00f6z\u00f6tti teljes\u00edtm\u00e9nnyel tudja p\u00e9ld\u00e1ul f\u0171teni mag\u00e1t, t\u00edpust\u00f3l f\u00fcgg\u0151en. Egy okos konnektorral t\u00e1volr\u00f3l is lehet\u0151s\u00e9g van \u00e1ramtalan\u00edtani az eszk\u00f6zt.<\/p>\n\n\n\n<p class=\"has-text-align-justify\">De nem csak akkor j\u00f3 megold\u00e1s, ha bekapcsolva marad valami. Olyan ingatlanokn\u00e1l, ahol \u00e1rammal f\u0171tenek, <strong>be tudjuk el\u0151re bemeleg\u00edteni a helyis\u00e9get an\u00e1lk\u00fcl, hogy eg\u00e9sz nap \u00fczemelnie kellene a f\u0171t\u0151testnek<\/strong>. Sokkal komfortosabb m\u00e1r egy meleg otthonba hazat\u00e9rni t\u00e9len \u00fagy, hogy az nem terheli a villanysz\u00e1ml\u00e1t eg\u00e9sz nap.<\/p>\n\n\n\n<h2 class=\"wp-block-heading\">HOME EM 04 fogyaszt\u00e1sm\u00e9r\u0151<\/h2>\n\n\n\n<p>Ez a <a href=\"https:\/\/www.mediamarkt.hu\/hu\/product\/_home-fogyaszt%C3%A1sm%C3%A9r%C5%91-em-04-1392182.html\" target=\"_blank\" rel=\"noreferrer noopener\">fogyaszt\u00e1sm\u00e9r\u0151<\/a> egy egyszer\u0171, offline, nem okos kieg\u00e9sz\u00edt\u0151. A m\u0171k\u00f6d\u00e9se egyszer\u0171, bedugjuk a konnektorba, csatlakoztatjuk r\u00e1 a fogyaszt\u00f3t \u00e9s a rajta l\u00e9v\u0151 kijelz\u0151n leolvashat\u00f3k a fogyaszt\u00e1si \u00e9rt\u00e9kek. <strong>Rendelkezik t\u00falterhel\u00e9s figyelmeztet\u00e9ssel, tud fogyaszt\u00e1si k\u00f6lts\u00e9get m\u00e9rni, illetve \u00fczemid\u0151t is.<\/strong><\/p>\n\n\n\n<p>0,6 watt\u00f3l 3680 wattig k\u00e9pes m\u00e9rni a fogyaszt\u00e1st, 16 A \u00e1ramer\u0151ss\u00e9gig. H\u00e1tr\u00e1nya lehet a m\u00e9rete, amely miatt egyes helyekre nem biztos, hogy elf\u00e9r. El\u0151nye viszont, az egyszer\u0171 kezelhet\u0151s\u00e9g.<\/p>\n\n\n\n<figure class=\"wp-block-image size-large\"><img loading=\"lazy\" decoding=\"async\" width=\"786\" height=\"587\" src=\"https:\/\/hir.mediamarkt.hu\/magazin\/wp-content\/uploads\/2022\/07\/home-em-04.jpg\" alt=\"\" class=\"wp-image-14884\" srcset=\"https:\/\/hir.mediamarkt.hu\/magazin\/wp-content\/uploads\/2022\/07\/home-em-04.jpg 786w, https:\/\/hir.mediamarkt.hu\/magazin\/wp-content\/uploads\/2022\/07\/home-em-04-300x224.jpg 300w, https:\/\/hir.mediamarkt.hu\/magazin\/wp-content\/uploads\/2022\/07\/home-em-04-275x205.jpg 275w, https:\/\/hir.mediamarkt.hu\/magazin\/wp-content\/uploads\/2022\/07\/home-em-04-768x574.jpg 768w\" sizes=\"(max-width: 786px) 100vw, 786px\" \/><\/figure>\n\n\n\n<h2 class=\"wp-block-heading\">TP-LINK Tapo P110 okos konnektor fogyaszt\u00e1sm\u00e9r\u0151vel<\/h2>\n\n\n\n<p class=\"has-text-align-justify\">Ez a kism\u00e9ret\u0171 <a href=\"https:\/\/www.mediamarkt.hu\/hu\/product\/_tp-link-tapo-p110-mini-wi-fi-s-okos-konnektor-fogyaszt%C3%A1s-m%C3%A9r%C5%91vel-1365715.html\" target=\"_blank\" rel=\"noreferrer noopener\">okos aljzat<\/a> (<a href=\"https:\/\/hir.mediamarkt.hu\/magazin\/okosotthont-epitunk-igy-mukodik-egy-tp-link-tapo-okos-konnektor\/\" target=\"_blank\" rel=\"noreferrer noopener\">kor\u00e1bban m\u00e1r tesztelt\u00fck, \u00e9rdemes elolvasni <\/a>) lehet\u0151s\u00e9get ny\u00fajt arra, hogy az okostelefonos Tapo alkalmaz\u00e1s seg\u00edts\u00e9g\u00e9vel b\u00e1rhonnan vez\u00e9relhet\u0151 legyen.<\/p>\n\n\n\n<p class=\"has-text-align-justify\">Az alkalmaz\u00e1sban l\u00e1that\u00f3ak a fogyaszt\u00e1si adatok, azokhoz pedig be\u00e1ll\u00edthatunk automatiz\u00e1l\u00e1sokat is. <strong>Egy okosotthon rendszerben p\u00e9ld\u00e1ul termosztatk\u00e9nt is haszn\u00e1lhatjuk<\/strong> m\u00e1s kieg\u00e9sz\u00edt\u0151vel, hiszen ha van hozz\u00e1 kompatibilis h\u0151m\u00e9rs\u00e9klet szenzorunk, akkor szab\u00e1lyozhat\u00f3, hogy milyen h\u0151fokon kapcsoljon be a f\u0171t\u00e9s, vagy a l\u00e9gkondicion\u00e1l\u00f3, ezzel pedig egyszerre lehet az otthon komfortja magasabb \u00e9s a fogyaszt\u00e1s is alacsonyabb.<\/p>\n\n\n\n<figure class=\"wp-block-image size-large\"><img loading=\"lazy\" decoding=\"async\" width=\"1000\" height=\"572\" src=\"http:\/\/hir.mediamarkt.hu\/magazin\/wp-content\/uploads\/2021\/09\/Tapo-P100-4-pack_EU_02-e1632129216855.jpg\" alt=\"\" class=\"wp-image-13110\" srcset=\"https:\/\/hir.mediamarkt.hu\/magazin\/wp-content\/uploads\/2021\/09\/Tapo-P100-4-pack_EU_02-e1632129216855.jpg 1000w, https:\/\/hir.mediamarkt.hu\/magazin\/wp-content\/uploads\/2021\/09\/Tapo-P100-4-pack_EU_02-e1632129216855-300x172.jpg 300w, https:\/\/hir.mediamarkt.hu\/magazin\/wp-content\/uploads\/2021\/09\/Tapo-P100-4-pack_EU_02-e1632129216855-275x157.jpg 275w, https:\/\/hir.mediamarkt.hu\/magazin\/wp-content\/uploads\/2021\/09\/Tapo-P100-4-pack_EU_02-e1632129216855-768x439.jpg 768w\" sizes=\"(max-width: 1000px) 100vw, 1000px\" \/><\/figure>\n\n\n\n<p>A P110 2990 Wattos teljes\u00edtm\u00e9nyig \u00e9s 10 A \u00e1ramer\u0151ss\u00e9gig haszn\u00e1lhat\u00f3 belt\u00e9ri k\u00f6rnyezetben.<\/p>\n\n\n\n<h2 class=\"wp-block-heading\"><a href=\"https:\/\/www.mediamarkt.hu\/hu\/product\/_deltaco-sh-p02-belt%C3%A9ri-kettes-konnektor-fogyaszt%C3%A1s-m%C3%A9r%C5%91vel-tuya-kompatibilis-1337262.html\" target=\"_blank\" rel=\"noreferrer noopener\">DELTACO SH-P02 belt\u00e9ri kettes konnektor fogyaszt\u00e1s m\u00e9r\u0151vel<\/a><\/h2>\n\n\n\n<p class=\"has-text-align-justify\">Az okoskonnektorok k\u00f6z\u00f6tt vannak olyanok, amely r\u00f6gt\u00f6n eloszt\u00f3k\u00e9nt is funkcion\u00e1lnak, ilyen pl. a <a href=\"https:\/\/www.mediamarkt.hu\/catentry\/1337262\" target=\"_blank\" rel=\"noreferrer noopener\">DELTACO term\u00e9ke<\/a> is. Ez k\u00e9t konnektort is biztos\u00edt, a hozz\u00e1 tartoz\u00f3 eszk\u00f6z\u00f6ket pedig k\u00fcl\u00f6n lehet kapcsolni telefonr\u00f3l, vagy ak\u00e1r hangparancsokkal is (angolul Google Assistant, vagy Amazon Alexa seg\u00edts\u00e9g\u00e9vel).<\/p>\n\n\n\n<p>Ez a modell 2400 Wattos teljes\u00edtm\u00e9nyt t\u00e1mogat 10 A \u00e1ramer\u0151ss\u00e9g mellett.<\/p>\n\n\n\n<p><a href=\"https:\/\/hir.mediamarkt.hu\/magazin\/deltaco-okosotthon-termekek-tesztje\/\" target=\"_blank\" rel=\"noreferrer noopener\">DELTACO OKOSOTTHON TESZT<\/a><\/p>\n\n\n\n<figure class=\"wp-block-image size-large\"><img loading=\"lazy\" decoding=\"async\" width=\"1024\" height=\"768\" src=\"http:\/\/hir.mediamarkt.hu\/magazin\/wp-content\/uploads\/2022\/02\/deltaco-konnektor-1-1024x768.jpg\" alt=\"\" class=\"wp-image-14197\" srcset=\"https:\/\/hir.mediamarkt.hu\/magazin\/wp-content\/uploads\/2022\/02\/deltaco-konnektor-1-1024x768.jpg 1024w, https:\/\/hir.mediamarkt.hu\/magazin\/wp-content\/uploads\/2022\/02\/deltaco-konnektor-1-300x225.jpg 300w, https:\/\/hir.mediamarkt.hu\/magazin\/wp-content\/uploads\/2022\/02\/deltaco-konnektor-1-275x206.jpg 275w, https:\/\/hir.mediamarkt.hu\/magazin\/wp-content\/uploads\/2022\/02\/deltaco-konnektor-1-768x576.jpg 768w, https:\/\/hir.mediamarkt.hu\/magazin\/wp-content\/uploads\/2022\/02\/deltaco-konnektor-1-500x375.jpg 500w, https:\/\/hir.mediamarkt.hu\/magazin\/wp-content\/uploads\/2022\/02\/deltaco-konnektor-1.jpg 1200w\" sizes=\"(max-width: 1024px) 100vw, 1024px\" \/><\/figure>\n\n\n\n<figure class=\"wp-block-gallery columns-4 is-cropped wp-block-gallery-2 is-layout-flex wp-block-gallery-is-layout-flex\"><ul class=\"blocks-gallery-grid\"><li class=\"blocks-gallery-item\"><figure><img loading=\"lazy\" decoding=\"async\" width=\"462\" height=\"1000\" src=\"http:\/\/hir.mediamarkt.hu\/magazin\/wp-content\/uploads\/2022\/02\/deltaco-smart-home-app-14.jpg\" alt=\"\" data-id=\"14220\" data-full-url=\"http:\/\/hir.mediamarkt.hu\/magazin\/wp-content\/uploads\/2022\/02\/deltaco-smart-home-app-14.jpg\" data-link=\"https:\/\/hir.mediamarkt.hu\/magazin\/deltaco-okosotthon-termekek-tesztje\/deltaco-smart-home-app-14\/\" class=\"wp-image-14220\" srcset=\"https:\/\/hir.mediamarkt.hu\/magazin\/wp-content\/uploads\/2022\/02\/deltaco-smart-home-app-14.jpg 462w, https:\/\/hir.mediamarkt.hu\/magazin\/wp-content\/uploads\/2022\/02\/deltaco-smart-home-app-14-139x300.jpg 139w, https:\/\/hir.mediamarkt.hu\/magazin\/wp-content\/uploads\/2022\/02\/deltaco-smart-home-app-14-231x500.jpg 231w\" sizes=\"(max-width: 462px) 100vw, 462px\" \/><\/figure><\/li><li class=\"blocks-gallery-item\"><figure><img loading=\"lazy\" decoding=\"async\" width=\"462\" height=\"1000\" src=\"http:\/\/hir.mediamarkt.hu\/magazin\/wp-content\/uploads\/2022\/02\/deltaco-smart-home-app-8.jpg\" alt=\"\" data-id=\"14214\" data-full-url=\"http:\/\/hir.mediamarkt.hu\/magazin\/wp-content\/uploads\/2022\/02\/deltaco-smart-home-app-8.jpg\" data-link=\"https:\/\/hir.mediamarkt.hu\/magazin\/deltaco-okosotthon-termekek-tesztje\/deltaco-smart-home-app-8\/\" class=\"wp-image-14214\" srcset=\"https:\/\/hir.mediamarkt.hu\/magazin\/wp-content\/uploads\/2022\/02\/deltaco-smart-home-app-8.jpg 462w, https:\/\/hir.mediamarkt.hu\/magazin\/wp-content\/uploads\/2022\/02\/deltaco-smart-home-app-8-139x300.jpg 139w, https:\/\/hir.mediamarkt.hu\/magazin\/wp-content\/uploads\/2022\/02\/deltaco-smart-home-app-8-231x500.jpg 231w\" sizes=\"(max-width: 462px) 100vw, 462px\" \/><\/figure><\/li><li class=\"blocks-gallery-item\"><figure><img loading=\"lazy\" decoding=\"async\" width=\"462\" height=\"1000\" src=\"http:\/\/hir.mediamarkt.hu\/magazin\/wp-content\/uploads\/2022\/02\/deltaco-konnektor-7.jpg\" alt=\"\" data-id=\"14203\" data-full-url=\"http:\/\/hir.mediamarkt.hu\/magazin\/wp-content\/uploads\/2022\/02\/deltaco-konnektor-7.jpg\" data-link=\"https:\/\/hir.mediamarkt.hu\/magazin\/deltaco-okosotthon-termekek-tesztje\/deltaco-konnektor-7\/\" class=\"wp-image-14203\" srcset=\"https:\/\/hir.mediamarkt.hu\/magazin\/wp-content\/uploads\/2022\/02\/deltaco-konnektor-7.jpg 462w, https:\/\/hir.mediamarkt.hu\/magazin\/wp-content\/uploads\/2022\/02\/deltaco-konnektor-7-139x300.jpg 139w, https:\/\/hir.mediamarkt.hu\/magazin\/wp-content\/uploads\/2022\/02\/deltaco-konnektor-7-231x500.jpg 231w\" sizes=\"(max-width: 462px) 100vw, 462px\" \/><\/figure><\/li><li class=\"blocks-gallery-item\"><figure><img loading=\"lazy\" decoding=\"async\" width=\"462\" height=\"1000\" src=\"http:\/\/hir.mediamarkt.hu\/magazin\/wp-content\/uploads\/2022\/02\/deltaco-konnektor-4.jpg\" alt=\"\" data-id=\"14200\" data-full-url=\"http:\/\/hir.mediamarkt.hu\/magazin\/wp-content\/uploads\/2022\/02\/deltaco-konnektor-4.jpg\" data-link=\"https:\/\/hir.mediamarkt.hu\/magazin\/deltaco-okosotthon-termekek-tesztje\/deltaco-konnektor-4\/\" class=\"wp-image-14200\" srcset=\"https:\/\/hir.mediamarkt.hu\/magazin\/wp-content\/uploads\/2022\/02\/deltaco-konnektor-4.jpg 462w, https:\/\/hir.mediamarkt.hu\/magazin\/wp-content\/uploads\/2022\/02\/deltaco-konnektor-4-139x300.jpg 139w, https:\/\/hir.mediamarkt.hu\/magazin\/wp-content\/uploads\/2022\/02\/deltaco-konnektor-4-231x500.jpg 231w\" sizes=\"(max-width: 462px) 100vw, 462px\" \/><\/figure><\/li><\/ul><\/figure>\n\n\n\n<h2 class=\"wp-block-heading\">Az okos fogyaszt\u00e1sm\u00e9r\u0151k mellett a fogyaszt\u00f3k energiatakar\u00e9kos cser\u00e9ivel is nagyon sokat lehet sp\u00f3rolni.<\/h2>\n\n\n\n<figure class=\"wp-block-image size-large\"><img loading=\"lazy\" decoding=\"async\" width=\"1024\" height=\"768\" src=\"http:\/\/hir.mediamarkt.hu\/magazin\/wp-content\/uploads\/2021\/10\/nedis-okos-rgb-led-6-1024x768.jpg\" alt=\"\" class=\"wp-image-13370\" srcset=\"https:\/\/hir.mediamarkt.hu\/magazin\/wp-content\/uploads\/2021\/10\/nedis-okos-rgb-led-6-1024x768.jpg 1024w, https:\/\/hir.mediamarkt.hu\/magazin\/wp-content\/uploads\/2021\/10\/nedis-okos-rgb-led-6-300x225.jpg 300w, https:\/\/hir.mediamarkt.hu\/magazin\/wp-content\/uploads\/2021\/10\/nedis-okos-rgb-led-6-275x206.jpg 275w, https:\/\/hir.mediamarkt.hu\/magazin\/wp-content\/uploads\/2021\/10\/nedis-okos-rgb-led-6-768x576.jpg 768w, https:\/\/hir.mediamarkt.hu\/magazin\/wp-content\/uploads\/2021\/10\/nedis-okos-rgb-led-6-500x375.jpg 500w, https:\/\/hir.mediamarkt.hu\/magazin\/wp-content\/uploads\/2021\/10\/nedis-okos-rgb-led-6.jpg 1200w\" sizes=\"(max-width: 1024px) 100vw, 1024px\" \/><figcaption>A WIFI-s LED f\u00e9nyforr\u00e1sok energiatakar\u00e9kosan tel\u00edtik meg f\u00e9nnyel otthonunkat<\/figcaption><\/figure>\n\n\n\n<p class=\"has-text-align-justify\">Ha m\u00e9g valamelyik l\u00e1mpatestben r\u00e9gi, izz\u00f3sz\u00e1las villanyk\u00f6rte van, \u00e9rdemes megfontolni <a href=\"https:\/\/www.mediamarkt.hu\/hu\/category\/_led-f%C3%A9nyforr%C3%A1sok-731576.html\" target=\"_blank\" rel=\"noreferrer noopener\">a LED-es f\u00e9nyforr\u00e1sra <\/a>cser\u00e9l\u00e9s\u00e9t. Egy 60 wattos hagyom\u00e1nyos villanyk\u00f6rte f\u00e9ny\u00e9vel megegyez\u0151 LED f\u00e9nyforr\u00e1s be\u00e9ri p\u00e9ld\u00e1ul kb. 7 wattnyi teljes\u00edtm\u00e9nnyel is. Hogy a legegyszer\u0171bben levet\u00edts\u00fck ezt, az LED-es megold\u00e1s k\u00f6zel tizedannyit fogyaszt. Cser\u00e9be m\u00e9g sz\u00ednh\u0151m\u00e9rs\u00e9kletet is lehet v\u00e1lasztani.<br><br>Vannak term\u00e9szetesen okos\u00e9g\u0151k is, amelyek eset\u00e9ben a LED f\u00e9nyforr\u00e1s tartalmaz WIFI kapcsolatot \u00e9s telefonr\u00f3l vez\u00e9relhet\u0151v\u00e9 v\u00e1lik, ezzel a fentiekhez hasonl\u00f3an megsz\u0171nik a <em>\u201cLekapcsoltam otthon a villanyt?\u201d<\/em> probl\u00e9ma.<\/p>\n\n\n\n<p>HA nem csak kieg\u00e9sz\u00edt\u0151kben gondolkodunk, mindenk\u00e9ppen \u00e9rdemes megeml\u00edteni, hogy aki most van h\u00e1ztart\u00e1si g\u00e9pcsere el\u0151tt, akkor \u00e9rdemes min\u00e9l alacsonyabb fogyaszt\u00e1s\u00fa term\u00e9ket v\u00e1s\u00e1rolni. Az energiabesorol\u00e1sok megv\u00e1ltoztak, ehhez <a href=\"https:\/\/hir.mediamarkt.hu\/magazin\/uj-energiabesorolas-energiacimke\/\" target=\"_blank\" rel=\"noreferrer noopener\">itt tal\u00e1ltok egy kis seg\u00edts\u00e9get<\/a>, \u00e9s ha konkr\u00e9tan mosogat\u00f3g\u00e9p cser\u00e9ben is gondolkodtok, <a href=\"https:\/\/hir.mediamarkt.hu\/magazin\/bosch-energiatakarekos-mosogatogepek\/\" target=\"_blank\" rel=\"noreferrer noopener\"> itt \u00edrtunk azokr\u00f3l a g\u00e9pekr\u0151l, <\/a><strong>amelyek energetikailag jelenleg a l\u00e9tez\u0151 legjobb besorol\u00e1st kapj\u00e1k, hogy azt\u00e1n vizet, energi\u00e1t \u00e9s id\u0151t sp\u00f3roljanak, \u00e9s biztos\u00edts\u00e1k a j\u00f6v\u0151 v\u00edzk\u00e9szlet\u00e9t.<\/strong><\/p>\n\n\n\n<p><\/p>\n\n\n","protected":false},"excerpt":{"rendered":"Jelent\u0151sen emelkedhet az \u00e1ramfelhaszn\u00e1l\u00e1s ut\u00e1n fizetend\u0151 sz\u00e1mla. \u00d6tletek, amivel m\u00e9rni vagy cs\u00f6kkenteni lehet az otthoni fogyaszt\u00e1st.","protected":false},"author":34,"featured_media":14901,"comment_status":"open","ping_status":"open","sticky":false,"template":"","format":"standard","meta":{"wprm-recipe-roundup-name":"","wprm-recipe-roundup-description":"","footnotes":""},"categories":[5964,5946,5972],"tags":[],"yoast_head":"<!-- This site is optimized with the Yoast SEO plugin v22.9 - https:\/\/yoast.com\/wordpress\/plugins\/seo\/ -->\n<title>Fogyaszt\u00e1sm\u00e9r\u00e9s, okoseszk\u00f6z\u00f6k: \u00edgy cs\u00f6kkentheted a villanysz\u00e1ml\u00e1d! - MediaMarkt Magazin<\/title>\n<meta name=\"description\" content=\"Jelent\u0151sen emelkedhet az \u00e1ramfelhaszn\u00e1l\u00e1s ut\u00e1n fizetend\u0151 sz\u00e1mla. \u00d6tletek, amivel m\u00e9rni vagy cs\u00f6kkenteni lehet az otthoni fogyaszt\u00e1st.\" \/>\n<meta name=\"robots\" content=\"index, follow, max-snippet:-1, max-image-preview:large, max-video-preview:-1\" \/>\n<link rel=\"canonical\" href=\"https:\/\/hir.mediamarkt.hu\/magazin\/fogyasztasmero-okos-konnektorokkal-csokkentheted-a-villanyszamlad\/\" \/>\n<meta property=\"og:locale\" content=\"hu_HU\" \/>\n<meta property=\"og:type\" content=\"article\" \/>\n<meta property=\"og:title\" content=\"Fogyaszt\u00e1sm\u00e9r\u00e9s, okoseszk\u00f6z\u00f6k: \u00edgy cs\u00f6kkentheted a villanysz\u00e1ml\u00e1d! - MediaMarkt Magazin\" \/>\n<meta property=\"og:description\" content=\"Jelent\u0151sen emelkedhet az \u00e1ramfelhaszn\u00e1l\u00e1s ut\u00e1n fizetend\u0151 sz\u00e1mla. \u00d6tletek, amivel m\u00e9rni vagy cs\u00f6kkenteni lehet az otthoni fogyaszt\u00e1st.\" \/>\n<meta property=\"og:url\" content=\"https:\/\/hir.mediamarkt.hu\/magazin\/fogyasztasmero-okos-konnektorokkal-csokkentheted-a-villanyszamlad\/\" \/>\n<meta property=\"og:site_name\" content=\"MediaMarkt Magazin\" \/>\n<meta property=\"article:publisher\" content=\"https:\/\/www.facebook.com\/MediaMarktMagyarorszag\" \/>\n<meta property=\"article:published_time\" content=\"2022-07-25T08:44:53+00:00\" \/>\n<meta property=\"article:modified_time\" content=\"2022-07-26T10:19:18+00:00\" \/>\n<meta property=\"og:image\" content=\"https:\/\/hir.mediamarkt.hu\/magazin\/wp-content\/uploads\/2022\/07\/MediaMarkt_rezsicsokkentes.png\" \/>\n\t<meta property=\"og:image:width\" content=\"1024\" \/>\n\t<meta property=\"og:image:height\" content=\"619\" \/>\n\t<meta property=\"og:image:type\" content=\"image\/png\" \/>\n<meta name=\"author\" content=\"Kov\u00e1cs \u00c1d\u00e1m\" \/>\n<meta name=\"twitter:label1\" content=\"Szerz\u0151:\" \/>\n\t<meta name=\"twitter:data1\" content=\"Kov\u00e1cs \u00c1d\u00e1m\" \/>\n\t<meta name=\"twitter:label2\" content=\"Becs\u00fclt olvas\u00e1si id\u0151\" \/>\n\t<meta name=\"twitter:data2\" content=\"6 perc\" \/>\n<script type=\"application\/ld+json\" class=\"yoast-schema-graph\">{\"@context\":\"https:\/\/schema.org\",\"@graph\":[{\"@type\":\"WebPage\",\"@id\":\"https:\/\/hir.mediamarkt.hu\/magazin\/fogyasztasmero-okos-konnektorokkal-csokkentheted-a-villanyszamlad\/\",\"url\":\"https:\/\/hir.mediamarkt.hu\/magazin\/fogyasztasmero-okos-konnektorokkal-csokkentheted-a-villanyszamlad\/\",\"name\":\"Fogyaszt\u00e1sm\u00e9r\u00e9s, okoseszk\u00f6z\u00f6k: \u00edgy cs\u00f6kkentheted a villanysz\u00e1ml\u00e1d! - MediaMarkt Magazin\",\"isPartOf\":{\"@id\":\"https:\/\/hir.mediamarkt.hu\/magazin\/#website\"},\"primaryImageOfPage\":{\"@id\":\"https:\/\/hir.mediamarkt.hu\/magazin\/fogyasztasmero-okos-konnektorokkal-csokkentheted-a-villanyszamlad\/#primaryimage\"},\"image\":{\"@id\":\"https:\/\/hir.mediamarkt.hu\/magazin\/fogyasztasmero-okos-konnektorokkal-csokkentheted-a-villanyszamlad\/#primaryimage\"},\"thumbnailUrl\":\"https:\/\/hir.mediamarkt.hu\/magazin\/wp-content\/uploads\/2022\/07\/MediaMarkt_rezsicsokkentes.png\",\"datePublished\":\"2022-07-25T08:44:53+00:00\",\"dateModified\":\"2022-07-26T10:19:18+00:00\",\"author\":{\"@id\":\"https:\/\/hir.mediamarkt.hu\/magazin\/#\/schema\/person\/eb6407def37d68930e61b9ccc0d2b12b\"},\"description\":\"Jelent\u0151sen emelkedhet az \u00e1ramfelhaszn\u00e1l\u00e1s ut\u00e1n fizetend\u0151 sz\u00e1mla. \u00d6tletek, amivel m\u00e9rni vagy cs\u00f6kkenteni lehet az otthoni fogyaszt\u00e1st.\",\"breadcrumb\":{\"@id\":\"https:\/\/hir.mediamarkt.hu\/magazin\/fogyasztasmero-okos-konnektorokkal-csokkentheted-a-villanyszamlad\/#breadcrumb\"},\"inLanguage\":\"hu\",\"potentialAction\":[{\"@type\":\"ReadAction\",\"target\":[\"https:\/\/hir.mediamarkt.hu\/magazin\/fogyasztasmero-okos-konnektorokkal-csokkentheted-a-villanyszamlad\/\"]}]},{\"@type\":\"ImageObject\",\"inLanguage\":\"hu\",\"@id\":\"https:\/\/hir.mediamarkt.hu\/magazin\/fogyasztasmero-okos-konnektorokkal-csokkentheted-a-villanyszamlad\/#primaryimage\",\"url\":\"https:\/\/hir.mediamarkt.hu\/magazin\/wp-content\/uploads\/2022\/07\/MediaMarkt_rezsicsokkentes.png\",\"contentUrl\":\"https:\/\/hir.mediamarkt.hu\/magazin\/wp-content\/uploads\/2022\/07\/MediaMarkt_rezsicsokkentes.png\",\"width\":1024,\"height\":619},{\"@type\":\"BreadcrumbList\",\"@id\":\"https:\/\/hir.mediamarkt.hu\/magazin\/fogyasztasmero-okos-konnektorokkal-csokkentheted-a-villanyszamlad\/#breadcrumb\",\"itemListElement\":[{\"@type\":\"ListItem\",\"position\":1,\"name\":\"Kezd\u0151lap\",\"item\":\"https:\/\/hir.mediamarkt.hu\/magazin\/\"},{\"@type\":\"ListItem\",\"position\":2,\"name\":\"Egy\u00e9b\",\"item\":\"https:\/\/hir.mediamarkt.hu\/magazin\/egyeb\/\"},{\"@type\":\"ListItem\",\"position\":3,\"name\":\"Fogyaszt\u00e1sm\u00e9r\u00e9s, okoseszk\u00f6z\u00f6k: \u00edgy cs\u00f6kkentheted a villanysz\u00e1ml\u00e1d!\"}]},{\"@type\":\"WebSite\",\"@id\":\"https:\/\/hir.mediamarkt.hu\/magazin\/#website\",\"url\":\"https:\/\/hir.mediamarkt.hu\/magazin\/\",\"name\":\"MediaMarkt Magazin\",\"description\":\"Olvass bele magazinunkba!\",\"potentialAction\":[{\"@type\":\"SearchAction\",\"target\":{\"@type\":\"EntryPoint\",\"urlTemplate\":\"https:\/\/hir.mediamarkt.hu\/magazin\/?s={search_term_string}\"},\"query-input\":\"required name=search_term_string\"}],\"inLanguage\":\"hu\"},{\"@type\":\"Person\",\"@id\":\"https:\/\/hir.mediamarkt.hu\/magazin\/#\/schema\/person\/eb6407def37d68930e61b9ccc0d2b12b\",\"name\":\"Kov\u00e1cs \u00c1d\u00e1m\",\"image\":{\"@type\":\"ImageObject\",\"inLanguage\":\"hu\",\"@id\":\"https:\/\/hir.mediamarkt.hu\/magazin\/#\/schema\/person\/image\/\",\"url\":\"https:\/\/secure.gravatar.com\/avatar\/7f17d39fcf146db446aab8f0a0b84bce?s=96&d=mm&r=g\",\"contentUrl\":\"https:\/\/secure.gravatar.com\/avatar\/7f17d39fcf146db446aab8f0a0b84bce?s=96&d=mm&r=g\",\"caption\":\"Kov\u00e1cs \u00c1d\u00e1m\"}}]}<\/script>\n<!-- \/ Yoast SEO plugin. -->","yoast_head_json":{"title":"Fogyaszt\u00e1sm\u00e9r\u00e9s, okoseszk\u00f6z\u00f6k: \u00edgy cs\u00f6kkentheted a villanysz\u00e1ml\u00e1d! - MediaMarkt Magazin","description":"Jelent\u0151sen emelkedhet az \u00e1ramfelhaszn\u00e1l\u00e1s ut\u00e1n fizetend\u0151 sz\u00e1mla. \u00d6tletek, amivel m\u00e9rni vagy cs\u00f6kkenteni lehet az otthoni fogyaszt\u00e1st.","robots":{"index":"index","follow":"follow","max-snippet":"max-snippet:-1","max-image-preview":"max-image-preview:large","max-video-preview":"max-video-preview:-1"},"canonical":"https:\/\/hir.mediamarkt.hu\/magazin\/fogyasztasmero-okos-konnektorokkal-csokkentheted-a-villanyszamlad\/","og_locale":"hu_HU","og_type":"article","og_title":"Fogyaszt\u00e1sm\u00e9r\u00e9s, okoseszk\u00f6z\u00f6k: \u00edgy cs\u00f6kkentheted a villanysz\u00e1ml\u00e1d! - MediaMarkt Magazin","og_description":"Jelent\u0151sen emelkedhet az \u00e1ramfelhaszn\u00e1l\u00e1s ut\u00e1n fizetend\u0151 sz\u00e1mla. \u00d6tletek, amivel m\u00e9rni vagy cs\u00f6kkenteni lehet az otthoni fogyaszt\u00e1st.","og_url":"https:\/\/hir.mediamarkt.hu\/magazin\/fogyasztasmero-okos-konnektorokkal-csokkentheted-a-villanyszamlad\/","og_site_name":"MediaMarkt Magazin","article_publisher":"https:\/\/www.facebook.com\/MediaMarktMagyarorszag","article_published_time":"2022-07-25T08:44:53+00:00","article_modified_time":"2022-07-26T10:19:18+00:00","og_image":[{"width":1024,"height":619,"url":"https:\/\/hir.mediamarkt.hu\/magazin\/wp-content\/uploads\/2022\/07\/MediaMarkt_rezsicsokkentes.png","type":"image\/png"}],"author":"Kov\u00e1cs \u00c1d\u00e1m","twitter_misc":{"Szerz\u0151:":"Kov\u00e1cs \u00c1d\u00e1m","Becs\u00fclt olvas\u00e1si id\u0151":"6 perc"},"schema":{"@context":"https:\/\/schema.org","@graph":[{"@type":"WebPage","@id":"https:\/\/hir.mediamarkt.hu\/magazin\/fogyasztasmero-okos-konnektorokkal-csokkentheted-a-villanyszamlad\/","url":"https:\/\/hir.mediamarkt.hu\/magazin\/fogyasztasmero-okos-konnektorokkal-csokkentheted-a-villanyszamlad\/","name":"Fogyaszt\u00e1sm\u00e9r\u00e9s, okoseszk\u00f6z\u00f6k: \u00edgy cs\u00f6kkentheted a villanysz\u00e1ml\u00e1d! - MediaMarkt Magazin","isPartOf":{"@id":"https:\/\/hir.mediamarkt.hu\/magazin\/#website"},"primaryImageOfPage":{"@id":"https:\/\/hir.mediamarkt.hu\/magazin\/fogyasztasmero-okos-konnektorokkal-csokkentheted-a-villanyszamlad\/#primaryimage"},"image":{"@id":"https:\/\/hir.mediamarkt.hu\/magazin\/fogyasztasmero-okos-konnektorokkal-csokkentheted-a-villanyszamlad\/#primaryimage"},"thumbnailUrl":"https:\/\/hir.mediamarkt.hu\/magazin\/wp-content\/uploads\/2022\/07\/MediaMarkt_rezsicsokkentes.png","datePublished":"2022-07-25T08:44:53+00:00","dateModified":"2022-07-26T10:19:18+00:00","author":{"@id":"https:\/\/hir.mediamarkt.hu\/magazin\/#\/schema\/person\/eb6407def37d68930e61b9ccc0d2b12b"},"description":"Jelent\u0151sen emelkedhet az \u00e1ramfelhaszn\u00e1l\u00e1s ut\u00e1n fizetend\u0151 sz\u00e1mla. \u00d6tletek, amivel m\u00e9rni vagy cs\u00f6kkenteni lehet az otthoni fogyaszt\u00e1st.","breadcrumb":{"@id":"https:\/\/hir.mediamarkt.hu\/magazin\/fogyasztasmero-okos-konnektorokkal-csokkentheted-a-villanyszamlad\/#breadcrumb"},"inLanguage":"hu","potentialAction":[{"@type":"ReadAction","target":["https:\/\/hir.mediamarkt.hu\/magazin\/fogyasztasmero-okos-konnektorokkal-csokkentheted-a-villanyszamlad\/"]}]},{"@type":"ImageObject","inLanguage":"hu","@id":"https:\/\/hir.mediamarkt.hu\/magazin\/fogyasztasmero-okos-konnektorokkal-csokkentheted-a-villanyszamlad\/#primaryimage","url":"https:\/\/hir.mediamarkt.hu\/magazin\/wp-content\/uploads\/2022\/07\/MediaMarkt_rezsicsokkentes.png","contentUrl":"https:\/\/hir.mediamarkt.hu\/magazin\/wp-content\/uploads\/2022\/07\/MediaMarkt_rezsicsokkentes.png","width":1024,"height":619},{"@type":"BreadcrumbList","@id":"https:\/\/hir.mediamarkt.hu\/magazin\/fogyasztasmero-okos-konnektorokkal-csokkentheted-a-villanyszamlad\/#breadcrumb","itemListElement":[{"@type":"ListItem","position":1,"name":"Kezd\u0151lap","item":"https:\/\/hir.mediamarkt.hu\/magazin\/"},{"@type":"ListItem","position":2,"name":"Egy\u00e9b","item":"https:\/\/hir.mediamarkt.hu\/magazin\/egyeb\/"},{"@type":"ListItem","position":3,"name":"Fogyaszt\u00e1sm\u00e9r\u00e9s, okoseszk\u00f6z\u00f6k: \u00edgy cs\u00f6kkentheted a villanysz\u00e1ml\u00e1d!"}]},{"@type":"WebSite","@id":"https:\/\/hir.mediamarkt.hu\/magazin\/#website","url":"https:\/\/hir.mediamarkt.hu\/magazin\/","name":"MediaMarkt Magazin","description":"Olvass bele magazinunkba!","potentialAction":[{"@type":"SearchAction","target":{"@type":"EntryPoint","urlTemplate":"https:\/\/hir.mediamarkt.hu\/magazin\/?s={search_term_string}"},"query-input":"required name=search_term_string"}],"inLanguage":"hu"},{"@type":"Person","@id":"https:\/\/hir.mediamarkt.hu\/magazin\/#\/schema\/person\/eb6407def37d68930e61b9ccc0d2b12b","name":"Kov\u00e1cs \u00c1d\u00e1m","image":{"@type":"ImageObject","inLanguage":"hu","@id":"https:\/\/hir.mediamarkt.hu\/magazin\/#\/schema\/person\/image\/","url":"https:\/\/secure.gravatar.com\/avatar\/7f17d39fcf146db446aab8f0a0b84bce?s=96&d=mm&r=g","contentUrl":"https:\/\/secure.gravatar.com\/avatar\/7f17d39fcf146db446aab8f0a0b84bce?s=96&d=mm&r=g","caption":"Kov\u00e1cs \u00c1d\u00e1m"}}]}},"_links":{"self":[{"href":"https:\/\/hir.mediamarkt.hu\/magazin\/wp-json\/wp\/v2\/posts\/14880"}],"collection":[{"href":"https:\/\/hir.mediamarkt.hu\/magazin\/wp-json\/wp\/v2\/posts"}],"about":[{"href":"https:\/\/hir.mediamarkt.hu\/magazin\/wp-json\/wp\/v2\/types\/post"}],"author":[{"embeddable":true,"href":"https:\/\/hir.mediamarkt.hu\/magazin\/wp-json\/wp\/v2\/users\/34"}],"replies":[{"embeddable":true,"href":"https:\/\/hir.mediamarkt.hu\/magazin\/wp-json\/wp\/v2\/comments?post=14880"}],"version-history":[{"count":11,"href":"https:\/\/hir.mediamarkt.hu\/magazin\/wp-json\/wp\/v2\/posts\/14880\/revisions"}],"predecessor-version":[{"id":14907,"href":"https:\/\/hir.mediamarkt.hu\/magazin\/wp-json\/wp\/v2\/posts\/14880\/revisions\/14907"}],"wp:featuredmedia":[{"embeddable":true,"href":"https:\/\/hir.mediamarkt.hu\/magazin\/wp-json\/wp\/v2\/media\/14901"}],"wp:attachment":[{"href":"https:\/\/hir.mediamarkt.hu\/magazin\/wp-json\/wp\/v2\/media?parent=14880"}],"wp:term":[{"taxonomy":"category","embeddable":true,"href":"https:\/\/hir.mediamarkt.hu\/magazin\/wp-json\/wp\/v2\/categories?post=14880"},{"taxonomy":"post_tag","embeddable":true,"href":"https:\/\/hir.mediamarkt.hu\/magazin\/wp-json\/wp\/v2\/tags?post=14880"}],"curies":[{"name":"wp","href":"https:\/\/api.w.org\/{rel}","templated":true}]}}