{"id":15094,"date":"2022-08-29T14:56:11","date_gmt":"2022-08-29T13:56:11","guid":{"rendered":"https:\/\/hir.mediamarkt.hu\/magazin\/?p=15094"},"modified":"2024-04-08T09:47:32","modified_gmt":"2024-04-08T08:47:32","slug":"lamax-w9-1-teszt","status":"publish","type":"post","link":"https:\/\/hir.mediamarkt.hu\/magazin\/lamax-w9-1-teszt\/","title":{"rendered":"Olcs\u00f3, m\u00e9gis t\u00f6k\u00e9letes akci\u00f3kamera nem l\u00e9tezik? \u2013 Lamax W9.1 teszt"},"content":{"rendered":"\n<p class=\"has-text-align-justify\"><em>GoPro killer<\/em>. Ez a kifejez\u00e9s gyakorlatilag k\u00f6telez\u0151 elem minden olyan akci\u00f3kamera tesztj\u00e9ben, amely alternat\u00edva k\u00edv\u00e1n lenni a legismertebb (\u00e9s legdr\u00e1g\u00e1bb) m\u00e1rk\u00e1hoz k\u00e9pest. A GoPro jelenl\u00e9te a piacon annyira domin\u00e1ns, hogy el\u0151szeretettel megfeledkez\u00fcnk azokr\u00f3l a v\u00e1s\u00e1rl\u00f3kr\u00f3l, akik nem szeretn\u00e9nek legal\u00e1bb 80 ezret k\u00f6lteni arra, hogy meg\u00f6r\u00f6k\u00edts\u00e9k a mindennapjaikat \u2013 f\u0151leg, mik\u00f6zben sportolnak \u2013, pedig nagyon sokan vannak, \u00e9s v\u00e1laszt\u00e9k is van sz\u00e1mukra b\u0151ven. Itt j\u00f6n a k\u00e9pbe teszt\u00fcnk alanya, a <strong>Lamax W9.1<\/strong>.<\/p>\n\n\n\n<p class=\"has-text-align-justify\">\u00cdrtunk m\u00e1r a gy\u00e1rt\u00f3 egy m\u00e1sik modellj\u00e9r\u0151l; akkor is kiemelt\u00fck, mennyire szimpatikus az egyszer\u0171s\u00e9ge, \u00e9s az, hogy titkolni sem pr\u00f3b\u00e1lja, hogy megfizethet\u0151 v\u00e1laszt\u00e1s k\u00edv\u00e1n lenni a GoPro-modellkehez k\u00e9pest. Azaz v\u00e9letlen\u00fcl sem legyilkolni (\u00e9rtsd: a piacr\u00f3l kiszor\u00edtani) akarja \u0151ket, ink\u00e1bb ugyanazt a felszerelts\u00e9get, k\u00f6zel ugyanazokat a funkci\u00f3kat \u00e9s szer\u00e9nyebb min\u0151s\u00e9get aj\u00e1nl j\u00f3val olcs\u00f3bban. A \u201ej\u00f3val\u201d kit\u00e9telt itt tal\u00e1n t\u00falz\u00e1s: 60 ezer forintos \u00e1r\u00e1val majdnem alulr\u00f3l \u00e9rinti a GoPro legolcs\u00f3bb modelljeit, \u00e1m a gy\u00e1rt\u00f3 k\u00f6z\u00e9p- \u00e9s fels\u0151kateg\u00f3ri\u00e1s \u00e9lm\u00e9nyt \u00edg\u00e9r cser\u00e9be. L\u00e1ssuk, betartja-e!<\/p>\n\n\n\n<figure class=\"wp-block-image\"><img loading=\"lazy\" decoding=\"async\" width=\"1440\" height=\"896\" src=\"http:\/\/hir.mediamarkt.hu\/magazin\/wp-content\/uploads\/2022\/08\/01_1712.jpg\" alt=\"\" class=\"wp-image-15201\" srcset=\"https:\/\/hir.mediamarkt.hu\/magazin\/wp-content\/uploads\/2022\/08\/01_1712.jpg 1440w, https:\/\/hir.mediamarkt.hu\/magazin\/wp-content\/uploads\/2022\/08\/01_1712-300x187.jpg 300w, https:\/\/hir.mediamarkt.hu\/magazin\/wp-content\/uploads\/2022\/08\/01_1712-1024x637.jpg 1024w, https:\/\/hir.mediamarkt.hu\/magazin\/wp-content\/uploads\/2022\/08\/01_1712-275x171.jpg 275w, https:\/\/hir.mediamarkt.hu\/magazin\/wp-content\/uploads\/2022\/08\/01_1712-768x478.jpg 768w, https:\/\/hir.mediamarkt.hu\/magazin\/wp-content\/uploads\/2022\/08\/01_1712-1536x956.jpg 1536w\" sizes=\"(max-width: 1440px) 100vw, 1440px\" \/><\/figure>\n\n\n\n<h2 class=\"wp-block-heading\">Mi van a Lamax W9.1 doboz\u00e1ban?<\/h2>\n\n\n\n<p class=\"has-text-align-justify\">A tesztekben \u00e1ltal\u00e1ban ez a legr\u00f6videbb fejezet: maga az eszk\u00f6z, k\u00e1belek, t\u00f6lt\u0151, esetleg egy-k\u00e9t meglepet\u00e9s; a W9.1 eset\u00e9ben azonban b\u0151vebb l\u00e9re kell ereszten\u00fcnk. Egyszer\u0171en az\u00e9rt, mert a gy\u00e1rt\u00f3<\/p>\n\n\n\n<blockquote class=\"wp-block-quote\">\n<p>mindent, de t\u00e9nyleg mindent belecsomagolt a dobozba, ami valaha is kellhet egy akci\u00f3kamer\u00e1hoz.<\/p>\n<\/blockquote>\n\n\n\n<p class=\"has-text-align-justify\">\u00c9rtsd: nincs az a felhaszn\u00e1l\u00e1si ter\u00fclet, amire ne gondoltak volna, \u00e9s ehhez mindent biztos\u00edtanak. A W9.1-et kicsomagolni kicsit olyan \u00e9lm\u00e9ny volt, mint \u201egyerekkorunkban\u201d (\u00e9rtsd: a mai napig b\u00e1rmikor) a LEGO-t. Els\u0151re nem l\u00e1tjuk, mi mire lesz j\u00f3, csak azt, hogy nagyon sok darabb\u00f3l \u00e1ll. A teljess\u00e9g ig\u00e9nye n\u00e9lk\u00fcl:<\/p>\n\n\n\n<ul>\n<li>v\u00edz\u00e1ll\u00f3 tok;<\/li>\n\n\n\n<li>csukl\u00f3ra r\u00f6gz\u00edthet\u0151 t\u00e1vir\u00e1ny\u00edt\u00f3 (!);<\/li>\n\n\n\n<li>t\u00f6bbf\u00e9le biciklis r\u00f6gz\u00edt\u00e9s;<\/li>\n\n\n\n<li>kombin\u00e1lhat\u00f3, 3 sz\u00f6gben forgathat\u00f3 r\u00f6gz\u00edt\u0151k;<\/li>\n\n\n\n<li>\u00e1llv\u00e1nyadapterek;<\/li>\n\n\n\n<li>minden l\u00e9tez\u0151 sisakkal kompatibilis r\u00f6gz\u00edt\u0151pontok;<\/li>\n\n\n\n<li>h\u00e1roml\u00e1b\u00fa mini\u00e1llv\u00e1ny;<\/li>\n\n\n\n<li>t\u00f6rl\u0151kend\u0151;<\/li>\n\n\n\n<li>\u00f6ntapad\u00f3s fel\u00fcletek.<\/li>\n<\/ul>\n\n\n\n<p class=\"has-text-align-justify\">Illetve term\u00e9szetesen USB-k\u00e1bel \u00e9s maga az eszk\u00f6z. Az USB \u201ecsak\u201d A-t\u00edpus\u00fa, de az eszk\u00f6z \u00e1r\u00e1t \u00e9s az akkumul\u00e1tor m\u00e9ret\u00e9t tekintve ezzel nincs baj: itt nem lesz sz\u00fcks\u00e9ged gyorst\u00f6lt\u00e9sre.<\/p>\n\n\n\n<figure class=\"wp-block-image\"><img loading=\"lazy\" decoding=\"async\" width=\"1422\" height=\"1440\" src=\"http:\/\/hir.mediamarkt.hu\/magazin\/wp-content\/uploads\/2022\/08\/lamax3.jpg\" alt=\"\" class=\"wp-image-15098\" srcset=\"https:\/\/hir.mediamarkt.hu\/magazin\/wp-content\/uploads\/2022\/08\/lamax3.jpg 1422w, https:\/\/hir.mediamarkt.hu\/magazin\/wp-content\/uploads\/2022\/08\/lamax3-296x300.jpg 296w, https:\/\/hir.mediamarkt.hu\/magazin\/wp-content\/uploads\/2022\/08\/lamax3-1011x1024.jpg 1011w, https:\/\/hir.mediamarkt.hu\/magazin\/wp-content\/uploads\/2022\/08\/lamax3-275x279.jpg 275w, https:\/\/hir.mediamarkt.hu\/magazin\/wp-content\/uploads\/2022\/08\/lamax3-768x778.jpg 768w, https:\/\/hir.mediamarkt.hu\/magazin\/wp-content\/uploads\/2022\/08\/lamax3-1517x1536.jpg 1517w\" sizes=\"(max-width: 1422px) 100vw, 1422px\" \/><\/figure>\n\n\n\n<p class=\"has-text-align-justify\">Felszerelts\u00e9g\u00e9t tekintve teh\u00e1t m\u00e1r a kicsomagol\u00e1s pillanat\u00e1ban megvett minket kil\u00f3ra a Lamax: ha megv\u00e1s\u00e1rolod a W9.1-et, soha t\u00f6bb\u00e9 nem kell kieg\u00e9sz\u00edt\u0151kre k\u00f6ltened. Ez a GoPro eset\u00e9ben ugye nem mag\u00e1t\u00f3l \u00e9rtet\u0151d\u0151; ott s\u00falyos t\u00edzezreket kell kipengetned, ha b\u0151v\u00edten\u00e9d az akci\u00f3kamer\u00e1d haszn\u00e1lati k\u00f6r\u00e9t.<\/p>\n\n\n\n<p class=\"has-text-align-justify\">Ez persze nem azt jelenti, hogy maga az eszk\u00f6z is t\u00f6k\u00e9letes, \u00e9s (meglepet\u00e9s!) nem is az. A k\u00e9rd\u00e9s az, aj\u00e1nljuk-e nyugodt sz\u00edvvel.<\/p>\n\n\n\n<h2 class=\"wp-block-heading\">M\u0171k\u00f6d\u00e9s, els\u0151 benyom\u00e1sok<\/h2>\n\n\n\n<p class=\"has-text-align-justify\">A Lamax W9.1 kamera eleve a v\u00edz\u00e1ll\u00f3 tokban \u00e9rkezik, \u00e9s a t\u00f6lt\u00e9st, mem\u00f3riak\u00e1rtya-cser\u00e9t lesz\u00e1m\u00edtva nem is lesz okod, hogy kivedd bel\u0151le; tal\u00e1n a men\u00fcben barangol\u00e1st is megk\u00f6nny\u00edti kicsit, ha nincs rajta. (Igaz, erre t\u00f6k\u00e9letes a csukl\u00f3p\u00e1ntos t\u00e1vir\u00e1ny\u00edt\u00f3.) A tok szerencs\u00e9re nagyon j\u00f3 min\u0151s\u00e9g\u0171, strapab\u00edr\u00f3 plexi, tiszta, \u00e1tl\u00e1tsz\u00f3, azaz egy\u00e1ltal\u00e1n nem ront a k\u00e9pmin\u0151s\u00e9gen az, hogy lencse el\u0151tt van m\u00e9g egy r\u00e9teg. A tokon term\u00e9szetesen megtal\u00e1lhat\u00f3ak a gombok, amelyekkel kezelhet\u0151 a men\u00fc, elind\u00edthat\u00f3 \u00e9s le\u00e1ll\u00edthat\u00f3 a felv\u00e9tel, igaz, f\u00e9rfias, hat\u00e1rozott mozdulatokra lesz sz\u00fcks\u00e9g. Ez persze \u00e9rthet\u0151, tekintve, hogy \u00edgy 40 m\u00e9terig v\u00edz\u00e1ll\u00f3 a kamera, azaz k\u00f6nny\u0171b\u00fav\u00e1rkod\u00e1shoz is b\u0151ven haszn\u00e1lhat\u00f3. Tok n\u00e9lk\u00fcl 12 m\u00e9terig, azaz gond n\u00e9lk\u00fcl magaddal viheted vitorl\u00e1z\u00e1shoz, sz\u00f6rf\u00f6z\u00e9shez. K\u00e9zbe fogva is \u00e9rz\u0151dik rajta, hogy megugorja a feladatot: a W9.1 \u201ecsupaszon\u201d, v\u00edz\u00e1ll\u00f3 tok n\u00e9lk\u00fcl is magabiztos benyom\u00e1st kelt, gum\u00edrozott, strapab\u00edr\u00f3, \u00e9rz\u0151dik k\u00edv\u00fclr\u0151l n\u00e9zve is a j\u00f3 min\u0151s\u00e9g\u0171 t\u00f6m\u00edt\u00e9s.<\/p>\n\n\n\n<p class=\"has-text-align-justify\">Aprop\u00f3, men\u00fc: az opci\u00f3k k\u00f6zt v\u00e1logatni a legk\u00f6nnyebb \u00e9rint\u0151k\u00e9perny\u0151 seg\u00edts\u00e9g\u00e9vel a 2\u201d-os kijelz\u0151n. Nem \u00e9ppen a leg\u00e9rz\u00e9kenyebb \u00e9s van egy p\u00e1r tizedm\u00e1sodperces lag a parancs \u00e9s annak v\u00e9grehajt\u00e1sa k\u00f6z\u00f6tt, de ebben az \u00e1rkateg\u00f3ri\u00e1ban ez \u00e9rthet\u0151, \u00e9s l\u00e1ssuk be, egy akci\u00f3kamera men\u00fcj\u00e9ben az ember nem kotor\u00e1szik t\u00fal sokat. A felbont\u00e1son, k\u00e9pfriss\u00edt\u00e9sen k\u00edv\u00fcl kiv\u00e1laszthat\u00f3 a (sajnos csak digit\u00e1lis) rezg\u00e9scsillap\u00edt\u00e1s, a slow motion vide\u00f3 \u00e9s persze a fot\u00f3m\u00f3d is. Felbont\u00e1s\u00fcgyben elk\u00e9nyeztet a Lamax: Full HD eset\u00e9n 120 k\u00e9pkocka\/m\u00e1sodperces vide\u00f3 r\u00f6gz\u00edt\u00e9s\u00e9re k\u00e9pes az eszk\u00f6z, 4K eset\u00e9ben pedig 60-as sebess\u00e9gre, azaz a vide\u00f3kat ak\u00e1r ut\u00f3munk\u00e1ban is lass\u00edthatjuk. Nagyszer\u0171en m\u0171k\u00f6dik a stop-motion opci\u00f3 is, azaz k\u00e9pes megadott id\u0151k\u00f6z\u00f6nk\u00e9nt k\u00e9sz\u00fcl\u0151 \u00e1ll\u00f3k\u00e9pekb\u0151l vide\u00f3t \u00f6sszef\u0171zni. A kijelz\u0151t\u0151l nem dobtunk h\u00e1tast kontraszt \u00e9s f\u00e9nyer\u0151ss\u00e9g \u00fcgy\u00e9ben, de arra t\u00f6k\u00e9letes, hogy ellen\u0151rizz\u00fck, siker\u00fclt-e a felv\u00e9tel, \u00e9s ez a l\u00e9nyeg.<\/p>\n\n\n\n<figure class=\"wp-block-image\"><img loading=\"lazy\" decoding=\"async\" width=\"1440\" height=\"1080\" src=\"http:\/\/hir.mediamarkt.hu\/magazin\/wp-content\/uploads\/2022\/08\/lamax2-scaled.jpg\" alt=\"\" class=\"wp-image-15097\" srcset=\"https:\/\/hir.mediamarkt.hu\/magazin\/wp-content\/uploads\/2022\/08\/lamax2-scaled.jpg 1440w, https:\/\/hir.mediamarkt.hu\/magazin\/wp-content\/uploads\/2022\/08\/lamax2-300x225.jpg 300w, https:\/\/hir.mediamarkt.hu\/magazin\/wp-content\/uploads\/2022\/08\/lamax2-1024x768.jpg 1024w, https:\/\/hir.mediamarkt.hu\/magazin\/wp-content\/uploads\/2022\/08\/lamax2-275x206.jpg 275w, https:\/\/hir.mediamarkt.hu\/magazin\/wp-content\/uploads\/2022\/08\/lamax2-768x576.jpg 768w, https:\/\/hir.mediamarkt.hu\/magazin\/wp-content\/uploads\/2022\/08\/lamax2-1536x1152.jpg 1536w, https:\/\/hir.mediamarkt.hu\/magazin\/wp-content\/uploads\/2022\/08\/lamax2-2048x1536.jpg 2048w, https:\/\/hir.mediamarkt.hu\/magazin\/wp-content\/uploads\/2022\/08\/lamax2-500x375.jpg 500w\" sizes=\"(max-width: 1440px) 100vw, 1440px\" \/><\/figure>\n\n\n\n<p class=\"has-text-align-justify\">Nagyon fontos, hogy megfelel\u0151 mem\u00f3riak\u00e1rty\u00e1t v\u00e1lasszunk \u2013 ez sajnos nem tartoz\u00e9k \u2013, a Lamax W9.1 ugyanis csak a leggyorsabb MicroSD k\u00e1rty\u00e1kat fogadja el, f\u0151leg, ha a legmagasabb k\u00e9pfriss\u00edt\u00e9sen \u00e9s min\u0151s\u00e9gben vide\u00f3zn\u00e1l. J\u00f3 h\u00edr viszont, hogy ha \u00e9rz\u00e9keli, hogy a k\u00e1rtya nem tudn\u00e1 tartani az iramot, figyelmeztet, \u00e9s el sem ind\u00edtja a felv\u00e9telt; a szint\u00e9n n\u00e1lunk j\u00e1rt X9.1-es modell t\u00f6bbsz\u00f6r akadoz\u00f3 vide\u00f3kat r\u00f6gz\u00edtett, \u00e9s ez csak akkor der\u00fclt ki, amikor m\u00e1r k\u00e9s\u0151 volt.<\/p>\n\n\n\n<p>Az igazi partitr\u00fckk azonban a szelfik\u00e9perny\u0151: a W9.1 el\u0151lapj\u00e1n tal\u00e1lunk egy kicsi, 1,4 collos m\u00e1sodlagos kijelz\u0151t, azaz kompon\u00e1lhatunk \u00e9s expoz\u00edci\u00f3t ellen\u0151rizhet\u00fcnk szelfiz\u00e9s k\u00f6zben. Ez a megold\u00e1s ezen az \u00e1ron k\u00e9sz csoda.<\/p>\n\n\n\n<h2 class=\"wp-block-heading\">Lamax W9.1 k\u00e9pmin\u0151s\u00e9ge<\/h2>\n\n\n\n<p>Funkci\u00f3ban, felszerelts\u00e9gben teh\u00e1t hozza a fels\u0151kateg\u00f3ria szintj\u00e9t, ez nem is k\u00e9rd\u00e9s. Ill\u00fazi\u00f3ink azonban ne legyenek, a gy\u00e1rt\u00f3nak valahol kompromisszumot kellett k\u00f6tnie, hogy kij\u00f6jj\u00f6n a matek, \u00e9s a fentiek alapj\u00e1n \u00e9rezt\u00fck, hogy a szenzor lesz a gyenge l\u00e1ncszem. Nos, a helyzet az, hogy igazunk is volt \u00e9s nem is:<\/p>\n\n\n\n<blockquote class=\"wp-block-quote\">\n<p>a W9.1 k\u00e9pmin\u0151s\u00e9ge \u00e9rezhet\u0151en elmarad a nagy riv\u00e1lis\u00e1t\u00f3l, de \u00edgy is derekasan helyt \u00e1llt, sz\u00e9gyenkez\u00e9sre semmi oka.<\/p>\n<\/blockquote>\n\n\n\n<p class=\"has-text-align-justify\">Nappali f\u00e9nyben, igaz, felh\u0151s-es\u0151s id\u0151ben ny\u00faztuk a kamer\u00e1t; ezek azok a f\u00e9nyek, amelyekben \u00fagy villanthatja meg tud\u00e1s\u00e1t, hogy k\u00f6zben el\u0151bukkannak hi\u00e1nyoss\u00e1gai is. \u00cdgy is lett. A d\u00e9l-budai Duna-parton k\u00e9sz\u00fclt vide\u00f3k k\u00f6z\u00fcl az els\u0151t bekapcsolt halszemkorrekci\u00f3val \u00e9s r\u00e1zk\u00f3d\u00e1scs\u00f6kkent\u00e9ssel r\u00f6gz\u00edtett\u00fck.<\/p>\n\n\n\n<figure class=\"wp-block-embed is-type-video is-provider-youtube wp-block-embed-youtube wp-embed-aspect-16-9 wp-has-aspect-ratio\"><div class=\"wp-block-embed__wrapper\">\n<iframe loading=\"lazy\" title=\"LAMAX W9.1 TESZT\" width=\"900\" height=\"506\" src=\"https:\/\/www.youtube.com\/embed\/J3rdDBfwgXI?feature=oembed\" frameborder=\"0\" allow=\"accelerometer; autoplay; clipboard-write; encrypted-media; gyroscope; picture-in-picture; web-share\" referrerpolicy=\"strict-origin-when-cross-origin\" allowfullscreen><\/iframe>\n<\/div><\/figure>\n\n\n\n<p class=\"has-text-align-justify\">Mint l\u00e1that\u00f3, a h\u00edrhedten rossz min\u0151s\u00e9gi \u00faton meggy\u0151z\u0151en teljes\u00edtett a digit\u00e1lis korrekci\u00f3: a r\u00e1zk\u00f3d\u00e1s nagy r\u00e9sz\u00e9t megsz\u00fcntette, ami nagy sz\u00f3, tekintve, hogy milyen a l\u00e1tv\u00e1ny, ha kikapcsoljuk. (Mindj\u00e1rt mutatjuk.) A rossz h\u00edr, hogy ehhez n\u00e9mi digit\u00e1lis zoom sz\u00fcks\u00e9geltetik, azaz a k\u00e9p kev\u00e9sb\u00e9 r\u00e9szletgazdag, alacsonyabb felbont\u00e1s\u00fa, hi\u00e1ba a 4K. A j\u00f3 h\u00edr, hogy a sz\u00edne, a szatur\u00e1ci\u00f3, a kontraszt \u00e9s a dinamikatartom\u00e1ny rendben vannak; egyik sem kiemelked\u0151, de a k\u00e9p sosem eszik sz\u00e9t, nem zajos, az \u00e1rny\u00e9kos r\u00e9szek is r\u00e9szletgazdagok maradnak \u00e9s nem is \u00e9g ki sehol. A W9.1 a n\u00e9pszer\u0171 .mov form\u00e1tumban r\u00f6gz\u00edt, kis t\u00f6m\u00f6r\u00edt\u00e9ssel. (A vide\u00f3k k\u00e9phib\u00e1i ink\u00e1bb a YouTube t\u00f6m\u00f6r\u00edt\u00e9s\u00e9nek k\u00f6sz\u00f6nhet\u0151k).<\/p>\n\n\n\n<p class=\"has-text-align-justify\">R\u00e9szletgazdags\u00e1g \u00fcgy\u00e9ben sokkal jobban j\u00e1runk, ha kikapcsoljuk a r\u00e1zk\u00f3d\u00e1scs\u00f6kkent\u00e9st, igaz, ekkor csak teljesen sima fel\u00fcleten k\u00f6zlekedve lesz \u00e9rt\u00e9kelhet\u0151 a k\u00e9p, azaz bicikliz\u00e9shez ezt pont nem aj\u00e1nljuk. Az azonban t\u00e9ny, hogy a l\u00e1t\u00f3sz\u00f6g j\u00f3val nagyobb, a 4K pedig t\u00e9nyleg 4K.<\/p>\n\n\n\n<figure class=\"wp-block-embed is-type-video is-provider-youtube wp-block-embed-youtube wp-embed-aspect-16-9 wp-has-aspect-ratio\"><div class=\"wp-block-embed__wrapper\">\n<iframe loading=\"lazy\" title=\"LAMAX W9.1 TESZT\" width=\"900\" height=\"506\" src=\"https:\/\/www.youtube.com\/embed\/evMBGvAWZ-8?feature=oembed\" frameborder=\"0\" allow=\"accelerometer; autoplay; clipboard-write; encrypted-media; gyroscope; picture-in-picture; web-share\" referrerpolicy=\"strict-origin-when-cross-origin\" allowfullscreen><\/iframe>\n<\/div><\/figure>\n\n\n\n<p class=\"has-text-align-justify\">Kipr\u00f3b\u00e1ltuk m\u00e9g a timelapse \u00fczemm\u00f3dot, amely m\u00e1sodpercenk\u00e9nt k\u00e9sz\u00fclt \u00e1ll\u00f3k\u00e9pekb\u0151l f\u0171z\u00f6tt \u00f6ssze nek\u00fcnk vide\u00f3t. Nagyszer\u0171 funkci\u00f3, a k\u00e9pek j\u00f3 min\u0151s\u00e9g\u0171ek, a Lamax kamer\u00e1ja r\u00e1ad\u00e1sul figyel arra, hogy az expoz\u00edci\u00f3 egys\u00e9ges legyen, azaz ne \u201evillogjon\u201d a vide\u00f3 csak az\u00e9rt, mert egy-egy k\u00e9pen t\u00fals\u00falyba ker\u00fclnek az \u00e1rny\u00e9kos, vagy \u00e9ppen a cs\u00facsf\u00e9nyes r\u00e9szek.<\/p>\n\n\n\n<figure class=\"wp-block-embed is-type-video is-provider-youtube wp-block-embed-youtube wp-embed-aspect-16-9 wp-has-aspect-ratio\"><div class=\"wp-block-embed__wrapper\">\n<iframe loading=\"lazy\" title=\"LAMAX W9.1 TESZT\" width=\"900\" height=\"506\" src=\"https:\/\/www.youtube.com\/embed\/iq1R-GqXc5A?feature=oembed\" frameborder=\"0\" allow=\"accelerometer; autoplay; clipboard-write; encrypted-media; gyroscope; picture-in-picture; web-share\" referrerpolicy=\"strict-origin-when-cross-origin\" allowfullscreen><\/iframe>\n<\/div><\/figure>\n\n\n\n<p class=\"has-text-align-justify\">Term\u00e9szetesen ehhez egy k\u00f6nnyen haszn\u00e1lhat\u00f3 app is duk\u00e1l, amely wifi-kapcsolattal (mert a W9.1 ilyet is tud) h\u00fazza \u00e1t mobilunkra, tablet\u00fcnkre a k\u00e9peket, vide\u00f3kat, amelyeket azt\u00e1n ott \u00e9s akkor meg is szerkeszthet\u00fcnk. A vide\u00f3k nagy m\u00e9ret\u00e9re val\u00f3 tekintettel ez nem mindig hasznos, de tudjuk, vannak azok a helyzetek, amikor nagyon j\u00f3l j\u00f6n.<\/p>\n\n\n\n<h2 class=\"wp-block-heading\">\u00d6sszegz\u00e9s<\/h2>\n\n\n\n<p class=\"has-text-align-justify\">Minden kisebb (\u00e9s \u00e9rthet\u0151) hi\u00e1nyoss\u00e1ga ellen\u00e9re nagyon megszerett\u00fck a Lamax legjobb kamer\u00e1j\u00e1t. A meggy\u0151z\u0151 felszerelts\u00e9ge \u00e9s a nagyszer\u0171 anyaghaszn\u00e1lat \u00e9s \u00f6sszeszerel\u00e9s levett minket a l\u00e1bunkr\u00f3l, a pofonegyszer\u0171 kezel\u00e9sr\u0151l \u00e9s mag\u00e1t\u00f3l \u00e9rtet\u0151d\u0151 men\u00fcrendszerr\u0151l nem is besz\u00e9lve. A k\u00e9pmin\u0151s\u00e9g az egyetlen, amibe bele tudunk k\u00f6tni, de ilyen j\u00f3 \u00e1r\/\u00e9rt\u00e9k ar\u00e1ny\u00fa akci\u00f3kamer\u00e1t ezzel egy\u00fctt sem tal\u00e1lunk a piacon.<\/p>\n\n\n\n<p><strong>A Lamax W9.1-et azoknak aj\u00e1nljuk, akik:<\/strong><\/p>\n\n\n\n<ul>\n<li>most ismerkednek a sporkamer\u00e1kkal, \u00e9s kipr\u00f3b\u00e1ln\u00e1nak mindent an\u00e9lk\u00fcl, hogy egyhavi fizet\u00e9s\u00fcket r\u00e1k\u00f6lten\u00e9k;<\/li>\n\n\n\n<li>szeretn\u00e9k csal\u00e1djuknak, bar\u00e1taiknak megmutatni a kalandjaikat, nincsenek mozifilmes amb\u00edci\u00f3ik;<\/li>\n\n\n\n<li>csak j\u00f3 min\u0151s\u00e9g\u0171 orsz\u00e1g\u00faton bicikliznek.<\/li>\n<\/ul>\n\n\n\n<p>Nekik viszont nyugodt \u00e9s meleg sz\u00edvvel aj\u00e1nljuk.<\/p>\n\n\n\n<p><em>A Lamax W9.1 akci\u00f3kamer\u00e1t <a href=\"http:\/\/mediamarkt.hu\/catentry\/1371205\">itt tudj\u00e1tok megv\u00e1s\u00e1rolni<\/a>.<\/em><\/p>\n\n\n\n<p>Ha pedig m\u00e1s Lamax term\u00e9kek tesztjeire is k\u00edv\u00e1ncsi vagy, itt tal\u00e1lod azokat:<\/p>\n\n\n\n<p><a href=\"https:\/\/hir.mediamarkt.hu\/magazin\/lamax-x9-1-teszt\/\">A (majdnem) t\u00f6k\u00e9letes akci\u00f3kamera t\u00f6k\u00e9letes \u00e1ron:&nbsp;<strong>Lamax x9.1 teszt<\/strong><\/a><\/p>\n\n\n\n<p><a href=\"https:\/\/hir.mediamarkt.hu\/magazin\/lamax-audiotermek-teszt\/\">Ha zajsz\u0171r\u00e9st akartok: LAMAX DOTS3 ANC teszt<\/a><\/p>\n","protected":false},"excerpt":{"rendered":"J\u00f3l felszerelt, strapab\u00edr\u00f3, mindenre j\u00f3, a nagyok \u00e1r\u00e1nak t\u00f6red\u00e9k\u00e9\u00e9rt&#8230; Hol az \u00e1tver\u00e9s? Lamax W9.1 teszt.","protected":false},"author":22,"featured_media":15100,"comment_status":"open","ping_status":"open","sticky":false,"template":"","format":"standard","meta":{"wprm-recipe-roundup-name":"","wprm-recipe-roundup-description":"","footnotes":""},"categories":[2382],"tags":[1026,5129,5130],"yoast_head":"<!-- This site is optimized with the Yoast SEO plugin v22.9 - https:\/\/yoast.com\/wordpress\/plugins\/seo\/ -->\n<title>Olcs\u00f3, m\u00e9gis t\u00f6k\u00e9letes akci\u00f3kamera nem l\u00e9tezik? \u2013 Lamax W9.1 teszt - MediaMarkt Magazin<\/title>\n<meta name=\"description\" content=\"lamax W9.1 teszt: J\u00f3l felszerelt, strapab\u00edr\u00f3, mindenre j\u00f3, a nagyok \u00e1r\u00e1nak t\u00f6red\u00e9k\u00e9\u00e9rt... Hol az \u00e1tver\u00e9s? Olvass\u00e1tok el a cikket!\" \/>\n<meta name=\"robots\" content=\"index, follow, max-snippet:-1, max-image-preview:large, max-video-preview:-1\" \/>\n<link rel=\"canonical\" href=\"https:\/\/hir.mediamarkt.hu\/magazin\/lamax-w9-1-teszt\/\" \/>\n<meta property=\"og:locale\" content=\"hu_HU\" \/>\n<meta property=\"og:type\" content=\"article\" \/>\n<meta property=\"og:title\" content=\"Olcs\u00f3, m\u00e9gis t\u00f6k\u00e9letes akci\u00f3kamera nem l\u00e9tezik? \u2013 Lamax W9.1 teszt - MediaMarkt Magazin\" \/>\n<meta property=\"og:description\" content=\"lamax W9.1 teszt: J\u00f3l felszerelt, strapab\u00edr\u00f3, mindenre j\u00f3, a nagyok \u00e1r\u00e1nak t\u00f6red\u00e9k\u00e9\u00e9rt... Hol az \u00e1tver\u00e9s? Olvass\u00e1tok el a cikket!\" \/>\n<meta property=\"og:url\" content=\"https:\/\/hir.mediamarkt.hu\/magazin\/lamax-w9-1-teszt\/\" \/>\n<meta property=\"og:site_name\" content=\"MediaMarkt Magazin\" \/>\n<meta property=\"article:publisher\" content=\"https:\/\/www.facebook.com\/MediaMarktMagyarorszag\" \/>\n<meta property=\"article:published_time\" content=\"2022-08-29T13:56:11+00:00\" \/>\n<meta property=\"article:modified_time\" content=\"2024-04-08T08:47:32+00:00\" \/>\n<meta property=\"og:image\" content=\"https:\/\/hir.mediamarkt.hu\/magazin\/wp-content\/uploads\/2022\/08\/lamax4.jpg\" \/>\n\t<meta property=\"og:image:width\" content=\"1440\" \/>\n\t<meta property=\"og:image:height\" content=\"810\" \/>\n\t<meta property=\"og:image:type\" content=\"image\/jpeg\" \/>\n<meta name=\"author\" content=\"Nemenyi\" \/>\n<meta name=\"twitter:label1\" content=\"Szerz\u0151:\" \/>\n\t<meta name=\"twitter:data1\" content=\"Nemenyi\" \/>\n\t<meta name=\"twitter:label2\" content=\"Becs\u00fclt olvas\u00e1si id\u0151\" \/>\n\t<meta name=\"twitter:data2\" content=\"8 perc\" \/>\n<script type=\"application\/ld+json\" class=\"yoast-schema-graph\">{\"@context\":\"https:\/\/schema.org\",\"@graph\":[{\"@type\":\"WebPage\",\"@id\":\"https:\/\/hir.mediamarkt.hu\/magazin\/lamax-w9-1-teszt\/\",\"url\":\"https:\/\/hir.mediamarkt.hu\/magazin\/lamax-w9-1-teszt\/\",\"name\":\"Olcs\u00f3, m\u00e9gis t\u00f6k\u00e9letes akci\u00f3kamera nem l\u00e9tezik? \u2013 Lamax W9.1 teszt - MediaMarkt Magazin\",\"isPartOf\":{\"@id\":\"https:\/\/hir.mediamarkt.hu\/magazin\/#website\"},\"primaryImageOfPage\":{\"@id\":\"https:\/\/hir.mediamarkt.hu\/magazin\/lamax-w9-1-teszt\/#primaryimage\"},\"image\":{\"@id\":\"https:\/\/hir.mediamarkt.hu\/magazin\/lamax-w9-1-teszt\/#primaryimage\"},\"thumbnailUrl\":\"https:\/\/hir.mediamarkt.hu\/magazin\/wp-content\/uploads\/2022\/08\/lamax4.jpg\",\"datePublished\":\"2022-08-29T13:56:11+00:00\",\"dateModified\":\"2024-04-08T08:47:32+00:00\",\"author\":{\"@id\":\"https:\/\/hir.mediamarkt.hu\/magazin\/#\/schema\/person\/f4a17b2dc97f2e2bf1b88a89d4ef7d05\"},\"description\":\"lamax W9.1 teszt: J\u00f3l felszerelt, strapab\u00edr\u00f3, mindenre j\u00f3, a nagyok \u00e1r\u00e1nak t\u00f6red\u00e9k\u00e9\u00e9rt... Hol az \u00e1tver\u00e9s? Olvass\u00e1tok el a cikket!\",\"breadcrumb\":{\"@id\":\"https:\/\/hir.mediamarkt.hu\/magazin\/lamax-w9-1-teszt\/#breadcrumb\"},\"inLanguage\":\"hu\",\"potentialAction\":[{\"@type\":\"ReadAction\",\"target\":[\"https:\/\/hir.mediamarkt.hu\/magazin\/lamax-w9-1-teszt\/\"]}]},{\"@type\":\"ImageObject\",\"inLanguage\":\"hu\",\"@id\":\"https:\/\/hir.mediamarkt.hu\/magazin\/lamax-w9-1-teszt\/#primaryimage\",\"url\":\"https:\/\/hir.mediamarkt.hu\/magazin\/wp-content\/uploads\/2022\/08\/lamax4.jpg\",\"contentUrl\":\"https:\/\/hir.mediamarkt.hu\/magazin\/wp-content\/uploads\/2022\/08\/lamax4.jpg\",\"width\":1440,\"height\":810},{\"@type\":\"BreadcrumbList\",\"@id\":\"https:\/\/hir.mediamarkt.hu\/magazin\/lamax-w9-1-teszt\/#breadcrumb\",\"itemListElement\":[{\"@type\":\"ListItem\",\"position\":1,\"name\":\"Kezd\u0151lap\",\"item\":\"https:\/\/hir.mediamarkt.hu\/magazin\/\"},{\"@type\":\"ListItem\",\"position\":2,\"name\":\"Tesztelt\u00fck\",\"item\":\"https:\/\/hir.mediamarkt.hu\/magazin\/teszteltuk\/\"},{\"@type\":\"ListItem\",\"position\":3,\"name\":\"Olcs\u00f3, m\u00e9gis t\u00f6k\u00e9letes akci\u00f3kamera nem l\u00e9tezik? \u2013 Lamax W9.1 teszt\"}]},{\"@type\":\"WebSite\",\"@id\":\"https:\/\/hir.mediamarkt.hu\/magazin\/#website\",\"url\":\"https:\/\/hir.mediamarkt.hu\/magazin\/\",\"name\":\"MediaMarkt Magazin\",\"description\":\"Olvass bele magazinunkba!\",\"potentialAction\":[{\"@type\":\"SearchAction\",\"target\":{\"@type\":\"EntryPoint\",\"urlTemplate\":\"https:\/\/hir.mediamarkt.hu\/magazin\/?s={search_term_string}\"},\"query-input\":\"required name=search_term_string\"}],\"inLanguage\":\"hu\"},{\"@type\":\"Person\",\"@id\":\"https:\/\/hir.mediamarkt.hu\/magazin\/#\/schema\/person\/f4a17b2dc97f2e2bf1b88a89d4ef7d05\",\"name\":\"Nemenyi\",\"image\":{\"@type\":\"ImageObject\",\"inLanguage\":\"hu\",\"@id\":\"https:\/\/hir.mediamarkt.hu\/magazin\/#\/schema\/person\/image\/\",\"url\":\"https:\/\/secure.gravatar.com\/avatar\/9470b3223c723142e66adcad803b24fe?s=96&d=mm&r=g\",\"contentUrl\":\"https:\/\/secure.gravatar.com\/avatar\/9470b3223c723142e66adcad803b24fe?s=96&d=mm&r=g\",\"caption\":\"Nemenyi\"}}]}<\/script>\n<!-- \/ Yoast SEO plugin. -->","yoast_head_json":{"title":"Olcs\u00f3, m\u00e9gis t\u00f6k\u00e9letes akci\u00f3kamera nem l\u00e9tezik? \u2013 Lamax W9.1 teszt - MediaMarkt Magazin","description":"lamax W9.1 teszt: J\u00f3l felszerelt, strapab\u00edr\u00f3, mindenre j\u00f3, a nagyok \u00e1r\u00e1nak t\u00f6red\u00e9k\u00e9\u00e9rt... Hol az \u00e1tver\u00e9s? Olvass\u00e1tok el a cikket!","robots":{"index":"index","follow":"follow","max-snippet":"max-snippet:-1","max-image-preview":"max-image-preview:large","max-video-preview":"max-video-preview:-1"},"canonical":"https:\/\/hir.mediamarkt.hu\/magazin\/lamax-w9-1-teszt\/","og_locale":"hu_HU","og_type":"article","og_title":"Olcs\u00f3, m\u00e9gis t\u00f6k\u00e9letes akci\u00f3kamera nem l\u00e9tezik? \u2013 Lamax W9.1 teszt - MediaMarkt Magazin","og_description":"lamax W9.1 teszt: J\u00f3l felszerelt, strapab\u00edr\u00f3, mindenre j\u00f3, a nagyok \u00e1r\u00e1nak t\u00f6red\u00e9k\u00e9\u00e9rt... Hol az \u00e1tver\u00e9s? Olvass\u00e1tok el a cikket!","og_url":"https:\/\/hir.mediamarkt.hu\/magazin\/lamax-w9-1-teszt\/","og_site_name":"MediaMarkt Magazin","article_publisher":"https:\/\/www.facebook.com\/MediaMarktMagyarorszag","article_published_time":"2022-08-29T13:56:11+00:00","article_modified_time":"2024-04-08T08:47:32+00:00","og_image":[{"width":1440,"height":810,"url":"https:\/\/hir.mediamarkt.hu\/magazin\/wp-content\/uploads\/2022\/08\/lamax4.jpg","type":"image\/jpeg"}],"author":"Nemenyi","twitter_misc":{"Szerz\u0151:":"Nemenyi","Becs\u00fclt olvas\u00e1si id\u0151":"8 perc"},"schema":{"@context":"https:\/\/schema.org","@graph":[{"@type":"WebPage","@id":"https:\/\/hir.mediamarkt.hu\/magazin\/lamax-w9-1-teszt\/","url":"https:\/\/hir.mediamarkt.hu\/magazin\/lamax-w9-1-teszt\/","name":"Olcs\u00f3, m\u00e9gis t\u00f6k\u00e9letes akci\u00f3kamera nem l\u00e9tezik? \u2013 Lamax W9.1 teszt - MediaMarkt Magazin","isPartOf":{"@id":"https:\/\/hir.mediamarkt.hu\/magazin\/#website"},"primaryImageOfPage":{"@id":"https:\/\/hir.mediamarkt.hu\/magazin\/lamax-w9-1-teszt\/#primaryimage"},"image":{"@id":"https:\/\/hir.mediamarkt.hu\/magazin\/lamax-w9-1-teszt\/#primaryimage"},"thumbnailUrl":"https:\/\/hir.mediamarkt.hu\/magazin\/wp-content\/uploads\/2022\/08\/lamax4.jpg","datePublished":"2022-08-29T13:56:11+00:00","dateModified":"2024-04-08T08:47:32+00:00","author":{"@id":"https:\/\/hir.mediamarkt.hu\/magazin\/#\/schema\/person\/f4a17b2dc97f2e2bf1b88a89d4ef7d05"},"description":"lamax W9.1 teszt: J\u00f3l felszerelt, strapab\u00edr\u00f3, mindenre j\u00f3, a nagyok \u00e1r\u00e1nak t\u00f6red\u00e9k\u00e9\u00e9rt... Hol az \u00e1tver\u00e9s? Olvass\u00e1tok el a cikket!","breadcrumb":{"@id":"https:\/\/hir.mediamarkt.hu\/magazin\/lamax-w9-1-teszt\/#breadcrumb"},"inLanguage":"hu","potentialAction":[{"@type":"ReadAction","target":["https:\/\/hir.mediamarkt.hu\/magazin\/lamax-w9-1-teszt\/"]}]},{"@type":"ImageObject","inLanguage":"hu","@id":"https:\/\/hir.mediamarkt.hu\/magazin\/lamax-w9-1-teszt\/#primaryimage","url":"https:\/\/hir.mediamarkt.hu\/magazin\/wp-content\/uploads\/2022\/08\/lamax4.jpg","contentUrl":"https:\/\/hir.mediamarkt.hu\/magazin\/wp-content\/uploads\/2022\/08\/lamax4.jpg","width":1440,"height":810},{"@type":"BreadcrumbList","@id":"https:\/\/hir.mediamarkt.hu\/magazin\/lamax-w9-1-teszt\/#breadcrumb","itemListElement":[{"@type":"ListItem","position":1,"name":"Kezd\u0151lap","item":"https:\/\/hir.mediamarkt.hu\/magazin\/"},{"@type":"ListItem","position":2,"name":"Tesztelt\u00fck","item":"https:\/\/hir.mediamarkt.hu\/magazin\/teszteltuk\/"},{"@type":"ListItem","position":3,"name":"Olcs\u00f3, m\u00e9gis t\u00f6k\u00e9letes akci\u00f3kamera nem l\u00e9tezik? \u2013 Lamax W9.1 teszt"}]},{"@type":"WebSite","@id":"https:\/\/hir.mediamarkt.hu\/magazin\/#website","url":"https:\/\/hir.mediamarkt.hu\/magazin\/","name":"MediaMarkt Magazin","description":"Olvass bele magazinunkba!","potentialAction":[{"@type":"SearchAction","target":{"@type":"EntryPoint","urlTemplate":"https:\/\/hir.mediamarkt.hu\/magazin\/?s={search_term_string}"},"query-input":"required name=search_term_string"}],"inLanguage":"hu"},{"@type":"Person","@id":"https:\/\/hir.mediamarkt.hu\/magazin\/#\/schema\/person\/f4a17b2dc97f2e2bf1b88a89d4ef7d05","name":"Nemenyi","image":{"@type":"ImageObject","inLanguage":"hu","@id":"https:\/\/hir.mediamarkt.hu\/magazin\/#\/schema\/person\/image\/","url":"https:\/\/secure.gravatar.com\/avatar\/9470b3223c723142e66adcad803b24fe?s=96&d=mm&r=g","contentUrl":"https:\/\/secure.gravatar.com\/avatar\/9470b3223c723142e66adcad803b24fe?s=96&d=mm&r=g","caption":"Nemenyi"}}]}},"_links":{"self":[{"href":"https:\/\/hir.mediamarkt.hu\/magazin\/wp-json\/wp\/v2\/posts\/15094"}],"collection":[{"href":"https:\/\/hir.mediamarkt.hu\/magazin\/wp-json\/wp\/v2\/posts"}],"about":[{"href":"https:\/\/hir.mediamarkt.hu\/magazin\/wp-json\/wp\/v2\/types\/post"}],"author":[{"embeddable":true,"href":"https:\/\/hir.mediamarkt.hu\/magazin\/wp-json\/wp\/v2\/users\/22"}],"replies":[{"embeddable":true,"href":"https:\/\/hir.mediamarkt.hu\/magazin\/wp-json\/wp\/v2\/comments?post=15094"}],"version-history":[{"count":7,"href":"https:\/\/hir.mediamarkt.hu\/magazin\/wp-json\/wp\/v2\/posts\/15094\/revisions"}],"predecessor-version":[{"id":19540,"href":"https:\/\/hir.mediamarkt.hu\/magazin\/wp-json\/wp\/v2\/posts\/15094\/revisions\/19540"}],"wp:featuredmedia":[{"embeddable":true,"href":"https:\/\/hir.mediamarkt.hu\/magazin\/wp-json\/wp\/v2\/media\/15100"}],"wp:attachment":[{"href":"https:\/\/hir.mediamarkt.hu\/magazin\/wp-json\/wp\/v2\/media?parent=15094"}],"wp:term":[{"taxonomy":"category","embeddable":true,"href":"https:\/\/hir.mediamarkt.hu\/magazin\/wp-json\/wp\/v2\/categories?post=15094"},{"taxonomy":"post_tag","embeddable":true,"href":"https:\/\/hir.mediamarkt.hu\/magazin\/wp-json\/wp\/v2\/tags?post=15094"}],"curies":[{"name":"wp","href":"https:\/\/api.w.org\/{rel}","templated":true}]}}