{"id":151,"date":"2013-04-20T00:00:00","date_gmt":"2013-04-20T00:00:00","guid":{"rendered":""},"modified":"2013-11-05T11:35:47","modified_gmt":"2013-11-05T10:35:47","slug":"minimalis-valtozast-hoz-a-windows-blue","status":"publish","type":"post","link":"https:\/\/hir.mediamarkt.hu\/magazin\/minimalis-valtozast-hoz-a-windows-blue\/","title":{"rendered":"Minim\u00e1lis v\u00e1ltoz\u00e1st hoz a Windows Blue"},"content":{"rendered":"<div><p><b>Kisziv\u00e1rgott a Windows Blue el\u0151zetes verzi\u00f3ja, amely a Windows 8 tov\u00e1bbfejlesztett v\u00e1ltozata lesz, azonban nem sokban t\u00e9r majd el t\u0151le. <\/b><\/p>      <br><br>  <p>  \tA Microsoft p\u00e1r h\u00f3nappal ezel\u0151tt jelentette be, hogy a tov\u00e1bbiakban nem gy\u00f6keresen \u00e1talak\u00edtott Windows-verzi\u00f3kat jelentet meg, hanem a Windows 8-hoz ad ki rendszeres id\u0151k\u00f6z\u00f6nk\u00e9nt komolyabb friss\u00edt\u00e9seket, a megl\u00e9v\u0151 oper\u00e1ci\u00f3s rendszert fejlesztve ezzel tov\u00e1bb \u00e9vr\u0151l \u00e9vre. Az els\u0151 \u00faj hull\u00e1mos Windows-verzi\u00f3 Blue n\u00e9vre hallgat, \u00e9s v\u00e1rhat\u00f3an ny\u00e1r elej\u00e9n jelenik majd meg, egy el\u0151zetes verzi\u00f3 viszont kisziv\u00e1rgott bel\u0151le.  <br><br>       \t<center><img src='http:\/\/hir.mediamarkt.hu\/magazin\/images\/0327_01.png' border='0' alt='' \/>  \t<\/center>    <br><br>  \tA szoftver, mint az el\u0151zetes tesztekb\u0151l kider\u00fclt, nem alak\u00edtja \u00e1t gy\u00f6keresen a Windows 8-at, a sokak \u00e1ltal hi\u00e1nyolt \u00e9s kieg\u00e9sz\u00edt\u0151 szoftverekkel p\u00f3tolt Start men\u00fct p\u00e9ld\u00e1ul nem hozza vissza. Ehelyett az \u00faj verzi\u00f3ban az eddigin\u00e9l jobban szem\u00e9lyre lehet szabni a Windows csemp\u00e9kre \u00e9p\u00fcl\u0151 kezel\u0151fel\u00fclet\u00e9t, a csemp\u00e9k m\u00e9ret\u00e9t \u00e9s elrendez\u00e9s\u00e9t szabadabban lehet majd v\u00e1ltoztatni, amivel k\u00e9nyelmesebb\u00e9 tehet\u0151 a Windows haszn\u00e1lata.  <br><br>  A Blue-ban emellett t\u00f6bbf\u00e9le sz\u00ednnel \u00e9s \u00faj h\u00e1tt\u00e9rk\u00e9pekkel lehet szem\u00e9lyre szabni a kezel\u0151fel\u00fcletet, de ami igaz\u00e1n komoly v\u00e1ltoz\u00e1s, hogy a csemp\u00e9s fel\u00fcleten m\u00e1r k\u00e9t app is futhat egym\u00e1s melletti ablakokban, ami f\u0151leg tableten teszi k\u00e9nyelmesebb\u00e9 a munk\u00e1t. A Blue-ban a kijelz\u0151 oldal\u00e1n megjelen\u0151 Charm nev\u0171 kezel\u0151s\u00e1vokon is m\u00f3dos\u00edtottak egy kicsit, illetve az oper\u00e1ci\u00f3s rendszer m\u00e1r a leg\u00fajabb, 11-es Internet Explorer b\u00f6ng\u00e9sz\u0151vel \u00e9rkezik majd.   <br><br>  \tAzokat, akik komolyabb v\u00e1ltoz\u00e1sokra v\u00e1rtak, minden bizonnyal nem el\u00e9g\u00edtik majd ki a Blue-ban eszk\u00f6z\u00f6lt m\u00f3dos\u00edt\u00e1sok, de aki hajland\u00f3 elszakadni a megszokott windowsos megold\u00e1sokt\u00f3l, \u00e9s megbar\u00e1tkozni az \u00fajfajta kezel\u0151fel\u00fclettel, annak sokat seg\u00edthet majd ebben az ingyenes friss\u00edt\u00e9sk\u00e9nt \u00e9rkez\u0151 \u00faj verzi\u00f3.  <br><br>  <\/p>      <p>     Forr\u00e1s: Media Markt Magyarorsz\u00e1g  <\/p>      <!-- FB HSZ -->    \t<div id=\"fb-root\"><\/div>  \t<script>  \t(function(d, s, id) {  \t  var js, fjs = d.getElementsByTagName(s)[0];  \t  if (d.getElementById(id)) return;  \t  js = d.createElement(s); js.id = id;  \t  js.src = \"http:\/\/connect.facebook.net\/hu_HU\/all.js#xfbml=1&appId=282207548525345\";  \t  fjs.parentNode.insertBefore(js, fjs);  \t}(document, 'script', 'facebook-jssdk'));  \t  \t<\/script>  \t  <\/div><div class='fb-comments' data-href='http:\/\/hir.mediamarkt.hu\/magazin\/Minimalis_valtozast_hoz_a_Windows_Blue' data-num-posts='10' data-width='515'><\/div>","protected":false},"excerpt":{"rendered":"Kisziv\u00e1rgott a Windows Blue el\u0151zetes verzi\u00f3ja, amely a Windows 8 tov\u00e1bbfejlesztett v\u00e1ltozata lesz, azonban nem sokban t\u00e9r majd el t\u0151le. A Microsoft p\u00e1r h\u00f3nappal ezel\u0151tt jelentette be, hogy a tov\u00e1bbiakban nem gy\u00f6keresen \u00e1talak\u00edtott Windows-verzi\u00f3kat jelentet meg, hanem a Windows 8-hoz ad ki rendszeres id\u0151k\u00f6z\u00f6nk\u00e9nt komolyabb friss\u00edt\u00e9seket, a megl\u00e9v\u0151 oper\u00e1ci\u00f3s rendszert fejlesztve ezzel tov\u00e1bb \u00e9vr\u0151l \u00e9vre. Az els\u0151 \u00faj hull\u00e1mos Windows-verzi\u00f3 Blue n\u00e9vre hallgat, \u00e9s v\u00e1rhat\u00f3an ny\u00e1r elej\u00e9n jelenik majd meg, egy el\u0151zetes verzi\u00f3 viszont kisziv\u00e1rgott bel\u0151le. A szoftver, mint az el\u0151zetes tesztekb\u0151l kider\u00fclt, nem alak\u00edtja \u00e1t gy\u00f6keresen a Windows 8-at, a sokak \u00e1ltal hi\u00e1nyolt \u00e9s kieg\u00e9sz\u00edt\u0151 szoftverekkel p\u00f3tolt Start men\u00fct p\u00e9ld\u00e1ul nem hozza vissza. Ehelyett az \u00faj verzi\u00f3ban az eddigin\u00e9l jobban szem\u00e9lyre lehet szabni a Windows csemp\u00e9kre \u00e9p\u00fcl\u0151 kezel\u0151fel\u00fclet\u00e9t, a &#8230;","protected":false},"author":1,"featured_media":0,"comment_status":"open","ping_status":"open","sticky":false,"template":"","format":"standard","meta":{"wprm-recipe-roundup-name":"","wprm-recipe-roundup-description":"","footnotes":""},"categories":[1],"tags":[],"yoast_head":"<!-- This site is optimized with the Yoast SEO plugin v22.9 - https:\/\/yoast.com\/wordpress\/plugins\/seo\/ -->\n<title>Minim\u00e1lis v\u00e1ltoz\u00e1st hoz a Windows Blue - MediaMarkt Magazin<\/title>\n<meta name=\"robots\" content=\"index, follow, max-snippet:-1, max-image-preview:large, max-video-preview:-1\" \/>\n<link rel=\"canonical\" href=\"https:\/\/hir.mediamarkt.hu\/magazin\/minimalis-valtozast-hoz-a-windows-blue\/\" \/>\n<meta property=\"og:locale\" content=\"hu_HU\" \/>\n<meta property=\"og:type\" content=\"article\" \/>\n<meta property=\"og:title\" content=\"Minim\u00e1lis v\u00e1ltoz\u00e1st hoz a Windows Blue - MediaMarkt Magazin\" \/>\n<meta property=\"og:description\" content=\"Kisziv\u00e1rgott a Windows Blue el\u0151zetes verzi\u00f3ja, amely a Windows 8 tov\u00e1bbfejlesztett v\u00e1ltozata lesz, azonban nem sokban t\u00e9r majd el t\u0151le. A Microsoft p\u00e1r h\u00f3nappal ezel\u0151tt jelentette be, hogy a tov\u00e1bbiakban nem gy\u00f6keresen \u00e1talak\u00edtott Windows-verzi\u00f3kat jelentet meg, hanem a Windows 8-hoz ad ki rendszeres id\u0151k\u00f6z\u00f6nk\u00e9nt komolyabb friss\u00edt\u00e9seket, a megl\u00e9v\u0151 oper\u00e1ci\u00f3s rendszert fejlesztve ezzel tov\u00e1bb \u00e9vr\u0151l \u00e9vre. Az els\u0151 \u00faj hull\u00e1mos Windows-verzi\u00f3 Blue n\u00e9vre hallgat, \u00e9s v\u00e1rhat\u00f3an ny\u00e1r elej\u00e9n jelenik majd meg, egy el\u0151zetes verzi\u00f3 viszont kisziv\u00e1rgott bel\u0151le. A szoftver, mint az el\u0151zetes tesztekb\u0151l kider\u00fclt, nem alak\u00edtja \u00e1t gy\u00f6keresen a Windows 8-at, a sokak \u00e1ltal hi\u00e1nyolt \u00e9s kieg\u00e9sz\u00edt\u0151 szoftverekkel p\u00f3tolt Start men\u00fct p\u00e9ld\u00e1ul nem hozza vissza. Ehelyett az \u00faj verzi\u00f3ban az eddigin\u00e9l jobban szem\u00e9lyre lehet szabni a Windows csemp\u00e9kre \u00e9p\u00fcl\u0151 kezel\u0151fel\u00fclet\u00e9t, a ...\" \/>\n<meta property=\"og:url\" content=\"https:\/\/hir.mediamarkt.hu\/magazin\/minimalis-valtozast-hoz-a-windows-blue\/\" \/>\n<meta property=\"og:site_name\" content=\"MediaMarkt Magazin\" \/>\n<meta property=\"article:publisher\" content=\"https:\/\/www.facebook.com\/MediaMarktMagyarorszag\" \/>\n<meta property=\"article:published_time\" content=\"2013-04-20T00:00:00+00:00\" \/>\n<meta property=\"article:modified_time\" content=\"2013-11-05T10:35:47+00:00\" \/>\n<meta property=\"og:image\" content=\"http:\/\/hir.mediamarkt.hu\/magazin\/images\/0327_01.png\" \/>\n<meta name=\"author\" content=\"intermedius\" \/>\n<meta name=\"twitter:label1\" content=\"Szerz\u0151:\" \/>\n\t<meta name=\"twitter:data1\" content=\"intermedius\" \/>\n\t<meta name=\"twitter:label2\" content=\"Becs\u00fclt olvas\u00e1si id\u0151\" \/>\n\t<meta name=\"twitter:data2\" content=\"2 perc\" \/>\n<script type=\"application\/ld+json\" class=\"yoast-schema-graph\">{\"@context\":\"https:\/\/schema.org\",\"@graph\":[{\"@type\":\"WebPage\",\"@id\":\"https:\/\/hir.mediamarkt.hu\/magazin\/minimalis-valtozast-hoz-a-windows-blue\/\",\"url\":\"https:\/\/hir.mediamarkt.hu\/magazin\/minimalis-valtozast-hoz-a-windows-blue\/\",\"name\":\"Minim\u00e1lis v\u00e1ltoz\u00e1st hoz a Windows Blue - MediaMarkt Magazin\",\"isPartOf\":{\"@id\":\"https:\/\/hir.mediamarkt.hu\/magazin\/#website\"},\"primaryImageOfPage\":{\"@id\":\"https:\/\/hir.mediamarkt.hu\/magazin\/minimalis-valtozast-hoz-a-windows-blue\/#primaryimage\"},\"image\":{\"@id\":\"https:\/\/hir.mediamarkt.hu\/magazin\/minimalis-valtozast-hoz-a-windows-blue\/#primaryimage\"},\"thumbnailUrl\":\"http:\/\/hir.mediamarkt.hu\/magazin\/images\/0327_01.png\",\"datePublished\":\"2013-04-20T00:00:00+00:00\",\"dateModified\":\"2013-11-05T10:35:47+00:00\",\"author\":{\"@id\":\"https:\/\/hir.mediamarkt.hu\/magazin\/#\/schema\/person\/7f1d99540808335a59d17dcebfa95544\"},\"breadcrumb\":{\"@id\":\"https:\/\/hir.mediamarkt.hu\/magazin\/minimalis-valtozast-hoz-a-windows-blue\/#breadcrumb\"},\"inLanguage\":\"hu\",\"potentialAction\":[{\"@type\":\"ReadAction\",\"target\":[\"https:\/\/hir.mediamarkt.hu\/magazin\/minimalis-valtozast-hoz-a-windows-blue\/\"]}]},{\"@type\":\"ImageObject\",\"inLanguage\":\"hu\",\"@id\":\"https:\/\/hir.mediamarkt.hu\/magazin\/minimalis-valtozast-hoz-a-windows-blue\/#primaryimage\",\"url\":\"http:\/\/hir.mediamarkt.hu\/magazin\/images\/0327_01.png\",\"contentUrl\":\"http:\/\/hir.mediamarkt.hu\/magazin\/images\/0327_01.png\"},{\"@type\":\"BreadcrumbList\",\"@id\":\"https:\/\/hir.mediamarkt.hu\/magazin\/minimalis-valtozast-hoz-a-windows-blue\/#breadcrumb\",\"itemListElement\":[{\"@type\":\"ListItem\",\"position\":1,\"name\":\"Kezd\u0151lap\",\"item\":\"https:\/\/hir.mediamarkt.hu\/magazin\/\"},{\"@type\":\"ListItem\",\"position\":2,\"name\":\"Egy\u00e9b\",\"item\":\"https:\/\/hir.mediamarkt.hu\/magazin\/egyeb\/\"},{\"@type\":\"ListItem\",\"position\":3,\"name\":\"Minim\u00e1lis v\u00e1ltoz\u00e1st hoz a Windows Blue\"}]},{\"@type\":\"WebSite\",\"@id\":\"https:\/\/hir.mediamarkt.hu\/magazin\/#website\",\"url\":\"https:\/\/hir.mediamarkt.hu\/magazin\/\",\"name\":\"MediaMarkt Magazin\",\"description\":\"Olvass bele magazinunkba!\",\"potentialAction\":[{\"@type\":\"SearchAction\",\"target\":{\"@type\":\"EntryPoint\",\"urlTemplate\":\"https:\/\/hir.mediamarkt.hu\/magazin\/?s={search_term_string}\"},\"query-input\":\"required name=search_term_string\"}],\"inLanguage\":\"hu\"},{\"@type\":\"Person\",\"@id\":\"https:\/\/hir.mediamarkt.hu\/magazin\/#\/schema\/person\/7f1d99540808335a59d17dcebfa95544\",\"name\":\"intermedius\",\"image\":{\"@type\":\"ImageObject\",\"inLanguage\":\"hu\",\"@id\":\"https:\/\/hir.mediamarkt.hu\/magazin\/#\/schema\/person\/image\/\",\"url\":\"https:\/\/secure.gravatar.com\/avatar\/bbf88debc0bd7abfc1047f575da076f2?s=96&d=mm&r=g\",\"contentUrl\":\"https:\/\/secure.gravatar.com\/avatar\/bbf88debc0bd7abfc1047f575da076f2?s=96&d=mm&r=g\",\"caption\":\"intermedius\"}}]}<\/script>\n<!-- \/ Yoast SEO plugin. -->","yoast_head_json":{"title":"Minim\u00e1lis v\u00e1ltoz\u00e1st hoz a Windows Blue - MediaMarkt Magazin","robots":{"index":"index","follow":"follow","max-snippet":"max-snippet:-1","max-image-preview":"max-image-preview:large","max-video-preview":"max-video-preview:-1"},"canonical":"https:\/\/hir.mediamarkt.hu\/magazin\/minimalis-valtozast-hoz-a-windows-blue\/","og_locale":"hu_HU","og_type":"article","og_title":"Minim\u00e1lis v\u00e1ltoz\u00e1st hoz a Windows Blue - MediaMarkt Magazin","og_description":"Kisziv\u00e1rgott a Windows Blue el\u0151zetes verzi\u00f3ja, amely a Windows 8 tov\u00e1bbfejlesztett v\u00e1ltozata lesz, azonban nem sokban t\u00e9r majd el t\u0151le. A Microsoft p\u00e1r h\u00f3nappal ezel\u0151tt jelentette be, hogy a tov\u00e1bbiakban nem gy\u00f6keresen \u00e1talak\u00edtott Windows-verzi\u00f3kat jelentet meg, hanem a Windows 8-hoz ad ki rendszeres id\u0151k\u00f6z\u00f6nk\u00e9nt komolyabb friss\u00edt\u00e9seket, a megl\u00e9v\u0151 oper\u00e1ci\u00f3s rendszert fejlesztve ezzel tov\u00e1bb \u00e9vr\u0151l \u00e9vre. Az els\u0151 \u00faj hull\u00e1mos Windows-verzi\u00f3 Blue n\u00e9vre hallgat, \u00e9s v\u00e1rhat\u00f3an ny\u00e1r elej\u00e9n jelenik majd meg, egy el\u0151zetes verzi\u00f3 viszont kisziv\u00e1rgott bel\u0151le. A szoftver, mint az el\u0151zetes tesztekb\u0151l kider\u00fclt, nem alak\u00edtja \u00e1t gy\u00f6keresen a Windows 8-at, a sokak \u00e1ltal hi\u00e1nyolt \u00e9s kieg\u00e9sz\u00edt\u0151 szoftverekkel p\u00f3tolt Start men\u00fct p\u00e9ld\u00e1ul nem hozza vissza. Ehelyett az \u00faj verzi\u00f3ban az eddigin\u00e9l jobban szem\u00e9lyre lehet szabni a Windows csemp\u00e9kre \u00e9p\u00fcl\u0151 kezel\u0151fel\u00fclet\u00e9t, a ...","og_url":"https:\/\/hir.mediamarkt.hu\/magazin\/minimalis-valtozast-hoz-a-windows-blue\/","og_site_name":"MediaMarkt Magazin","article_publisher":"https:\/\/www.facebook.com\/MediaMarktMagyarorszag","article_published_time":"2013-04-20T00:00:00+00:00","article_modified_time":"2013-11-05T10:35:47+00:00","og_image":[{"url":"http:\/\/hir.mediamarkt.hu\/magazin\/images\/0327_01.png"}],"author":"intermedius","twitter_misc":{"Szerz\u0151:":"intermedius","Becs\u00fclt olvas\u00e1si id\u0151":"2 perc"},"schema":{"@context":"https:\/\/schema.org","@graph":[{"@type":"WebPage","@id":"https:\/\/hir.mediamarkt.hu\/magazin\/minimalis-valtozast-hoz-a-windows-blue\/","url":"https:\/\/hir.mediamarkt.hu\/magazin\/minimalis-valtozast-hoz-a-windows-blue\/","name":"Minim\u00e1lis v\u00e1ltoz\u00e1st hoz a Windows Blue - MediaMarkt Magazin","isPartOf":{"@id":"https:\/\/hir.mediamarkt.hu\/magazin\/#website"},"primaryImageOfPage":{"@id":"https:\/\/hir.mediamarkt.hu\/magazin\/minimalis-valtozast-hoz-a-windows-blue\/#primaryimage"},"image":{"@id":"https:\/\/hir.mediamarkt.hu\/magazin\/minimalis-valtozast-hoz-a-windows-blue\/#primaryimage"},"thumbnailUrl":"http:\/\/hir.mediamarkt.hu\/magazin\/images\/0327_01.png","datePublished":"2013-04-20T00:00:00+00:00","dateModified":"2013-11-05T10:35:47+00:00","author":{"@id":"https:\/\/hir.mediamarkt.hu\/magazin\/#\/schema\/person\/7f1d99540808335a59d17dcebfa95544"},"breadcrumb":{"@id":"https:\/\/hir.mediamarkt.hu\/magazin\/minimalis-valtozast-hoz-a-windows-blue\/#breadcrumb"},"inLanguage":"hu","potentialAction":[{"@type":"ReadAction","target":["https:\/\/hir.mediamarkt.hu\/magazin\/minimalis-valtozast-hoz-a-windows-blue\/"]}]},{"@type":"ImageObject","inLanguage":"hu","@id":"https:\/\/hir.mediamarkt.hu\/magazin\/minimalis-valtozast-hoz-a-windows-blue\/#primaryimage","url":"http:\/\/hir.mediamarkt.hu\/magazin\/images\/0327_01.png","contentUrl":"http:\/\/hir.mediamarkt.hu\/magazin\/images\/0327_01.png"},{"@type":"BreadcrumbList","@id":"https:\/\/hir.mediamarkt.hu\/magazin\/minimalis-valtozast-hoz-a-windows-blue\/#breadcrumb","itemListElement":[{"@type":"ListItem","position":1,"name":"Kezd\u0151lap","item":"https:\/\/hir.mediamarkt.hu\/magazin\/"},{"@type":"ListItem","position":2,"name":"Egy\u00e9b","item":"https:\/\/hir.mediamarkt.hu\/magazin\/egyeb\/"},{"@type":"ListItem","position":3,"name":"Minim\u00e1lis v\u00e1ltoz\u00e1st hoz a Windows Blue"}]},{"@type":"WebSite","@id":"https:\/\/hir.mediamarkt.hu\/magazin\/#website","url":"https:\/\/hir.mediamarkt.hu\/magazin\/","name":"MediaMarkt Magazin","description":"Olvass bele magazinunkba!","potentialAction":[{"@type":"SearchAction","target":{"@type":"EntryPoint","urlTemplate":"https:\/\/hir.mediamarkt.hu\/magazin\/?s={search_term_string}"},"query-input":"required name=search_term_string"}],"inLanguage":"hu"},{"@type":"Person","@id":"https:\/\/hir.mediamarkt.hu\/magazin\/#\/schema\/person\/7f1d99540808335a59d17dcebfa95544","name":"intermedius","image":{"@type":"ImageObject","inLanguage":"hu","@id":"https:\/\/hir.mediamarkt.hu\/magazin\/#\/schema\/person\/image\/","url":"https:\/\/secure.gravatar.com\/avatar\/bbf88debc0bd7abfc1047f575da076f2?s=96&d=mm&r=g","contentUrl":"https:\/\/secure.gravatar.com\/avatar\/bbf88debc0bd7abfc1047f575da076f2?s=96&d=mm&r=g","caption":"intermedius"}}]}},"_links":{"self":[{"href":"https:\/\/hir.mediamarkt.hu\/magazin\/wp-json\/wp\/v2\/posts\/151"}],"collection":[{"href":"https:\/\/hir.mediamarkt.hu\/magazin\/wp-json\/wp\/v2\/posts"}],"about":[{"href":"https:\/\/hir.mediamarkt.hu\/magazin\/wp-json\/wp\/v2\/types\/post"}],"author":[{"embeddable":true,"href":"https:\/\/hir.mediamarkt.hu\/magazin\/wp-json\/wp\/v2\/users\/1"}],"replies":[{"embeddable":true,"href":"https:\/\/hir.mediamarkt.hu\/magazin\/wp-json\/wp\/v2\/comments?post=151"}],"version-history":[{"count":1,"href":"https:\/\/hir.mediamarkt.hu\/magazin\/wp-json\/wp\/v2\/posts\/151\/revisions"}],"predecessor-version":[{"id":186,"href":"https:\/\/hir.mediamarkt.hu\/magazin\/wp-json\/wp\/v2\/posts\/151\/revisions\/186"}],"wp:attachment":[{"href":"https:\/\/hir.mediamarkt.hu\/magazin\/wp-json\/wp\/v2\/media?parent=151"}],"wp:term":[{"taxonomy":"category","embeddable":true,"href":"https:\/\/hir.mediamarkt.hu\/magazin\/wp-json\/wp\/v2\/categories?post=151"},{"taxonomy":"post_tag","embeddable":true,"href":"https:\/\/hir.mediamarkt.hu\/magazin\/wp-json\/wp\/v2\/tags?post=151"}],"curies":[{"name":"wp","href":"https:\/\/api.w.org\/{rel}","templated":true}]}}