{"id":15377,"date":"2022-10-27T08:24:36","date_gmt":"2022-10-27T07:24:36","guid":{"rendered":"https:\/\/hir.mediamarkt.hu\/magazin\/?p=15377"},"modified":"2022-11-21T12:28:45","modified_gmt":"2022-11-21T11:28:45","slug":"redmi-pad","status":"publish","type":"post","link":"https:\/\/hir.mediamarkt.hu\/magazin\/redmi-pad\/","title":{"rendered":"Redmi Pad: fels\u0151kateg\u00f3ri\u00e1s hat\u00e1s kedvez\u0151 \u00e1rs\u00e1vban"},"content":{"rendered":"\n<p>A Xiaomi alm\u00e1rk\u00e1j\u00e1v\u00e1 avanzs\u00e1lt Redmi m\u00e1r tabletet is k\u00edn\u00e1l a hazai piacon, nem is tolt\u00e1k t\u00fal m\u00e9g az elnevez\u00e9st, egyszer\u0171en a Pad n\u00e9vre hallgat az \u00fajdons\u00e1g, amelyet most teszt\u00fcnkben mutatunk be.<\/p>\n\n\n\n<p>A Redmi m\u00e1rkan\u00e9v a kezdetek \u00f3ta az alacsonyabb \u00e1rfekv\u00e9sre poz\u00edcion\u00e1lt modelleket t\u00e1lalta a Xiaomin\u00e1l. Egy id\u0151 ut\u00e1n k\u00fcl\u00f6n\u00e1ll\u00f3 alm\u00e1rk\u00e1v\u00e1 indult el a Redmi n\u00e9v, amely m\u00e1r sz\u00e1mos telefonnal k\u00e9pviselteti mag\u00e1t Magyarorsz\u00e1gon, k\u00f6zben pedig m\u00e1r kieg\u00e9sz\u00edt\u0151k is el\u00e9rhet\u0151k, illetve itt van nek\u00fcnk az \u00faj Redmi Pad.<\/p>\n\n\n\n<figure class=\"wp-block-image size-large\"><img loading=\"lazy\" decoding=\"async\" width=\"1024\" height=\"681\" src=\"https:\/\/hir.mediamarkt.hu\/magazin\/wp-content\/uploads\/2022\/11\/DSC_3042-1024x681.jpg\" alt=\"\" class=\"wp-image-15444\" srcset=\"https:\/\/hir.mediamarkt.hu\/magazin\/wp-content\/uploads\/2022\/11\/DSC_3042-1024x681.jpg 1024w, https:\/\/hir.mediamarkt.hu\/magazin\/wp-content\/uploads\/2022\/11\/DSC_3042-300x200.jpg 300w, https:\/\/hir.mediamarkt.hu\/magazin\/wp-content\/uploads\/2022\/11\/DSC_3042-275x183.jpg 275w, https:\/\/hir.mediamarkt.hu\/magazin\/wp-content\/uploads\/2022\/11\/DSC_3042-768x511.jpg 768w, https:\/\/hir.mediamarkt.hu\/magazin\/wp-content\/uploads\/2022\/11\/DSC_3042-1536x1022.jpg 1536w, https:\/\/hir.mediamarkt.hu\/magazin\/wp-content\/uploads\/2022\/11\/DSC_3042.jpg 1440w\" sizes=\"(max-width: 1024px) 100vw, 1024px\" \/><\/figure>\n\n\n\n<h2 class=\"wp-block-heading\">Flagshipekre hajaz\u00f3 k\u00fcls\u0151<\/h2>\n\n\n\n<p>Az \u00fajdons\u00e1g k\u00edv\u00fclr\u0151l kifejezetten csinos lett, a fels\u0151kateg\u00f3ri\u00e1s modellekt\u0151l igyekszik elcs\u00edpni egy keveset.<\/p>\n\n\n\n<p>Szemb\u0151l egy 10,61\u201d-os kijelz\u0151t kaptunk, ez egy \u00e1tlagos \u201cotthoni\u201d tablet m\u00e9ret. Nem t\u00fal nagy, \u00edgy k\u00e9nyelmesen elf\u00e9r a k\u00e9zben, \u00f6lben a 445 grammos t\u00f6meg sem nevezhet\u0151 hivalkod\u00f3nak. A 7,05 mm-es v\u00e9kony testtel ak\u00e1r \u00fatk\u00f6zben is vel\u00fcnk tarthat a Redmi Pad, a t\u00e1sk\u00e1ban elf\u00e9r, sok helyet nem foglal \u00e9s sz\u00fcks\u00e9g eset\u00e9n gyorsan el\u0151kaphat\u00f3.<\/p>\n\n\n\n<p>A Xiaomi egy jobb kijelz\u0151t igyekezett be\u00e9p\u00edteni az \u00e1r\u00e1hoz k\u00e9pest a tabletbe, ami 2000&#215;1200 k\u00e9ppontos felbont\u00e1st kapott \u00e9s 90 Hz-es k\u00e9pfriss\u00edt\u00e9s t\u00e1rsul hozz\u00e1.<\/p>\n\n\n\n<p>Az 5:3-as k\u00e9par\u00e1ny egy k\u00f6ztes v\u00e1laszt\u00e1s a hagyom\u00e1nyos 16:9 \u00e9s a 4:3 k\u00f6z\u00f6tt. Ez a kompromisszumos megold\u00e1s az\u00e9rt j\u00f3, mert m\u00e9g mindig j\u00f3 vide\u00f3z\u00e1shoz, filmez\u00e9shez (nem lesz olyan sz\u00e9les a fekete cs\u00edk alul \u00e9s fel\u00fcl, mint egy 4:3-as k\u00e9perny\u0151n), viszont m\u00e9g netez\u00e9shez is ide\u00e1lis, hiszen t\u00f6bb tartalom f\u00e9r el a kijelz\u0151n.<\/p>\n\n\n\n<p>A 90 Hz-es k\u00e9pfriss\u00edt\u00e9si r\u00e1ta kism\u00e9rt\u00e9kben sim\u00e1bb k\u00e9pi vil\u00e1got biztos\u00edt egy hagyom\u00e1nyos 60 Hz-es kijelz\u0151h\u00f6z k\u00e9pest, b\u00e1r ez els\u0151sorban akkor lesz szembet\u0171n\u0151, ha hozz\u00e1szokunk a Redmi Pad kijelz\u0151j\u00e9hez \u00e9s ut\u00e1na vesz\u00fcnk k\u00e9zbe egy 60 Hz-es k\u00e9sz\u00fcl\u00e9ket.&nbsp;<\/p>\n\n\n\n<p>Az 1 milli\u00e1rd sz\u00edn megjelen\u00edt\u00e9s\u00e9re alkalmas panel nagyon sz\u00e9pen n\u00e9z ki, j\u00f3 r\u00e1n\u00e9zni ak\u00e1r filmez\u00e9s, ak\u00e1r j\u00e1t\u00e9k k\u00f6zben. A 400 nites f\u00e9nyer\u0151 \u00e1tlagosnak tekinthet\u0151 ebben a kateg\u00f3ri\u00e1ban. Ha belt\u00e9rben, lak\u00e1sban haszn\u00e1ljuk, gyakorlatilag minden k\u00f6r\u00fclm\u00e9nyek k\u00f6z\u00f6tt kiel\u00e9g\u00edt\u0151. A szabadban, term\u00e9szetes f\u00e9ny, naps\u00fct\u00e9s mellett viszont m\u00e1r nem kiemelked\u0151, ekkor a t\u00fckr\u00f6z\u0151d\u00e9s nagyban rontja a l\u00e1that\u00f3s\u00e1got.<\/p>\n\n\n\n<figure class=\"wp-block-image size-large\"><img loading=\"lazy\" decoding=\"async\" width=\"1024\" height=\"768\" src=\"https:\/\/hir.mediamarkt.hu\/magazin\/wp-content\/uploads\/2022\/11\/redmi-pad-teszt-10-1024x768.jpg\" alt=\"\" class=\"wp-image-15407\" srcset=\"https:\/\/hir.mediamarkt.hu\/magazin\/wp-content\/uploads\/2022\/11\/redmi-pad-teszt-10-1024x768.jpg 1024w, https:\/\/hir.mediamarkt.hu\/magazin\/wp-content\/uploads\/2022\/11\/redmi-pad-teszt-10-300x225.jpg 300w, https:\/\/hir.mediamarkt.hu\/magazin\/wp-content\/uploads\/2022\/11\/redmi-pad-teszt-10-275x206.jpg 275w, https:\/\/hir.mediamarkt.hu\/magazin\/wp-content\/uploads\/2022\/11\/redmi-pad-teszt-10-768x576.jpg 768w, https:\/\/hir.mediamarkt.hu\/magazin\/wp-content\/uploads\/2022\/11\/redmi-pad-teszt-10-500x375.jpg 500w, https:\/\/hir.mediamarkt.hu\/magazin\/wp-content\/uploads\/2022\/11\/redmi-pad-teszt-10.jpg 1200w\" sizes=\"(max-width: 1024px) 100vw, 1024px\" \/><\/figure>\n\n\n\n<p>Ennek a megjelen\u00edt\u0151nek a teljes\u00edtm\u00e9ny\u00e9t a MediaTek \u00e1ltal fejlesztett Helio G99 nev\u0171 rendszerchip biztos\u00edtja. Ez egy eg\u00e9szen friss SoC, hiszen 2022. m\u00e1jus\u00e1ban jelentett\u00e9k m\u00e9g be, \u00edgy elavultnak semmik\u00e9ppen sem nevezhet\u0151. A 6 nm-es gy\u00e1rt\u00e1stechnol\u00f3gi\u00e1ja az alacsonyabb fogyaszt\u00e1st biztos\u00edtja. Rendelkezik k\u00e9t nagyteljes\u00edtm\u00e9ny\u0171 2,2 GHz-es (Cortex-A76) \u00e9s hat energiatakar\u00e9kos 2 GHz-es (Cortex-A55) magot. Ezek kombin\u00e1ci\u00f3ja \u00fagy m\u0171k\u00f6dik, hogy amikor nincs sz\u00fcks\u00e9g nagy teljes\u00edtm\u00e9nyre, akkor az energiahat\u00e9kony alacsonyabb \u00f3rajel\u0171 magokat haszn\u00e1lja a Redmi Pad, ez lehet ak\u00e1r egy sima b\u00f6ng\u00e9sz\u00e9s, egy k\u00e9pn\u00e9zeget\u00e9s, vagy ak\u00e1r csak egy alkalmaz\u00e1s let\u00f6lt\u00e9s. Viszont ha sokkal t\u00f6bb teljes\u00edtm\u00e9ny sz\u00fcks\u00e9ges, mondjuk j\u00e1t\u00e9khoz, egy nagyobb felbont\u00e1s\u00fa vide\u00f3f\u00e1jl (pl. egy 4K-s felv\u00e9tel) lej\u00e1tsz\u00e1s\u00e1hoz, akkor bekapcsol a k\u00e9t er\u0151sebb processzormag, ilyenkor term\u00e9szetesen megn\u0151 a fogyaszt\u00e1s is.<\/p>\n\n\n\n<p>A Redmi Pad 4 GB RAM-ot kapott, ez r\u00e1ad\u00e1sul a gyorsabb, 4266 Mbps-os adat\u00e1tvitelre k\u00e9pes LPDDR4X chipekre \u00e9p\u00fcl, mell\u00e9 pedig szint\u00e9n eg\u00e9szen gyorsnak tekinthet\u0151, UFS 2.2-es h\u00e1tt\u00e9rt\u00e1r chipek \u00e1llnak rendelkez\u00e9sre, eg\u00e9szen pontosan 128 GB kapacit\u00e1ssal.<\/p>\n\n\n\n<p>A 4 GB RAM teljesen \u00e1tlagos, a k\u00f6z\u00e9pkateg\u00f3ri\u00e1ban helyezi el a Padet. A 128 GB-os t\u00e1rhely opci\u00f3 kellemes, hiszen b\u0151ven el\u00e9g arra, hogy nagyon sok fot\u00f3, vide\u00f3, j\u00e1t\u00e9k \u00e9s egy\u00e9b tartalom elf\u00e9rjen a k\u00e9sz\u00fcl\u00e9ken. Sz\u00fcks\u00e9g eset\u00e9n r\u00e1ad\u00e1sul microSD-vel tov\u00e1bb b\u0151v\u00edthet\u0151, de a legt\u00f6bb felhaszn\u00e1l\u00f3nak sok\u00e1ig el\u00e9g lesz ez a 128 GB-is.<\/p>\n\n\n\n<h2 class=\"wp-block-heading\">Szoftveres okoss\u00e1gok minden t\u00e9ren<\/h2>\n\n\n\n<figure class=\"wp-block-image size-large\"><img loading=\"lazy\" decoding=\"async\" width=\"1024\" height=\"614\" src=\"https:\/\/hir.mediamarkt.hu\/magazin\/wp-content\/uploads\/2022\/11\/redmi-pad-teszt-5-1024x614.jpg\" alt=\"\" class=\"wp-image-15397\" srcset=\"https:\/\/hir.mediamarkt.hu\/magazin\/wp-content\/uploads\/2022\/11\/redmi-pad-teszt-5-1024x614.jpg 1024w, https:\/\/hir.mediamarkt.hu\/magazin\/wp-content\/uploads\/2022\/11\/redmi-pad-teszt-5-300x180.jpg 300w, https:\/\/hir.mediamarkt.hu\/magazin\/wp-content\/uploads\/2022\/11\/redmi-pad-teszt-5-275x165.jpg 275w, https:\/\/hir.mediamarkt.hu\/magazin\/wp-content\/uploads\/2022\/11\/redmi-pad-teszt-5-768x461.jpg 768w, https:\/\/hir.mediamarkt.hu\/magazin\/wp-content\/uploads\/2022\/11\/redmi-pad-teszt-5.jpg 1200w\" sizes=\"(max-width: 1024px) 100vw, 1024px\" \/><\/figure>\n\n\n\n<p>A Redmi Pad Android 12 oper\u00e1ci\u00f3s rendszerrel \u00e9s rajta a MIUI 13 fel\u00fclettel \u00e9rkezett a boltokba. E mell\u00e9 a gy\u00e1rt\u00f3 weboldal\u00e1n l\u00e1that\u00f3 inform\u00e1ci\u00f3k alapj\u00e1n a Xiaomi 3 \u00e9ves t\u00e1mogat\u00e1st fog ny\u00fajtani, ami tartalmaz 2 Android f\u0151verzi\u00f3 friss\u00edt\u00e9st (v\u00e1rhat\u00f3an az Android 13-at \u00e9s 14-et), illetve 3 \u00e9vig biztons\u00e1gi csomagokat \u00e9s MIUI friss\u00edt\u00e9seket is.<\/p>\n\n\n\n<p>Az els\u0151 bekapcsol\u00e1st k\u00f6vet\u0151en egy rendk\u00edv\u00fcl egyszer\u0171, letisztult fel\u00fclettel tal\u00e1lkozhatunk a kijelz\u0151n. Vannak ugyan el\u0151re telep\u00edtett alkalmaz\u00e1sok, de azok egy\u00e1ltal\u00e1n nem tolakod\u00f3 m\u00e9rt\u00e9k\u0171ek, m\u00e9g akkor sem, ha duplik\u00e1ci\u00f3k is vannak (internetez\u00e9sre egyszerre \u00e9rhet\u0151 el a Google Crome \u00e9s a Mi B\u00f6ng\u00e9sz\u0151 p\u00e9ld\u00e1ul).<\/p>\n\n\n\n<p>A f\u0151k\u00e9perny\u0151 alj\u00e1n egy k\u00e9t r\u00e9szre osztott ikon dokkol\u00f3 tal\u00e1lhat\u00f3. Ennek bal oldal\u00e1ra h\u00fazhatunk saj\u00e1t appokat, amelyeket kiemeln\u00e9nk, illetve a jobb oldal\u00e1n a legut\u00f3bb megnyitott alkalmaz\u00e1sok ikonjai foglalnak helyet.<\/p>\n\n\n\n<figure class=\"wp-block-image size-large\"><img loading=\"lazy\" decoding=\"async\" width=\"1000\" height=\"614\" src=\"https:\/\/hir.mediamarkt.hu\/magazin\/wp-content\/uploads\/2022\/10\/redmi-pad-teszt-3-1.jpg\" alt=\"\" class=\"wp-image-15399\" srcset=\"https:\/\/hir.mediamarkt.hu\/magazin\/wp-content\/uploads\/2022\/10\/redmi-pad-teszt-3-1.jpg 1000w, https:\/\/hir.mediamarkt.hu\/magazin\/wp-content\/uploads\/2022\/10\/redmi-pad-teszt-3-1-300x184.jpg 300w, https:\/\/hir.mediamarkt.hu\/magazin\/wp-content\/uploads\/2022\/10\/redmi-pad-teszt-3-1-275x169.jpg 275w, https:\/\/hir.mediamarkt.hu\/magazin\/wp-content\/uploads\/2022\/10\/redmi-pad-teszt-3-1-768x472.jpg 768w\" sizes=\"(max-width: 1000px) 100vw, 1000px\" \/><\/figure>\n\n\n\n<p class=\"has-text-align-justify\">A gesztusvez\u00e9rl\u00e9snek k\u00f6sz\u00f6nhet\u0151en nincsenek szoftveres gombok a kezel\u00e9shez. Ha egy alkalmaz\u00e1sb\u00f3l kil\u00e9pn\u00e9nk a f\u0151oldalra, akkor lentr\u0151l, a kijelz\u0151 alj\u00e1r\u00f3l felfel\u00e9 h\u00fazzuk gyorsan az ujjunkat. Ha a kijelz\u0151 alj\u00e1n tal\u00e1lhat\u00f3 k\u00e9t oldals\u00f3, halv\u00e1ny cs\u00edkban lassabban h\u00fazzuk fel az ujjbegyet, akkor e fenti ikon dokkol\u00f3 jelenik meg \u00e9s gyorsan nyithat\u00f3 meg egy \u00faj app.<\/p>\n\n\n\n<p class=\"has-text-align-justify\">Az \u00e9rtes\u00edt\u00e9si s\u00e1vn\u00e1l \u00e9s a vez\u00e9rl\u0151paneln\u00e9l hi\u00e1nyolom igaz\u00e1n a tabletes n\u00e9zetet, itt l\u00e1tszik az, hogy b\u00e1r a Redmi Pad egy tablet, a MIUI els\u0151sorban telefonos haszn\u00e1latra lett optimaliz\u00e1lva, nem az ilyen nagy k\u00e9perny\u0151re.<\/p>\n\n\n\n<p class=\"has-text-align-justify\">Ennek eredm\u00e9nye, hogy ha a kijelz\u0151 tetej\u00e9r\u0151l, bal oldalt h\u00fazom le a kijelz\u0151t, akkor k\u00f6z\u00e9pen g\u00f6rd\u00fcl le az \u00e9rtes\u00edt\u00e9si s\u00e1v. Ha jobb oldalt, akkor a jobb sz\u00e9len jelenik meg a gyorsbe\u00e1ll\u00edt\u00e1si panel. Egy telefon kijelz\u0151n\u00e9l m\u00e9g indokolt lehetne egy ilyen megold\u00e1s, tabletn\u00e9l viszont teljesen felesleges, hiszen a kijelz\u0151 negyed\u00e9t sem takarja le a felhaszn\u00e1lhat\u00f3 fel\u00fclet, a t\u00f6bbi pedig \u00fcresen, sz\u00fcrk\u00e9n, kihaszn\u00e1latlanul \u00e1ll. Itt \u00e9n sokkal jobban \u00f6r\u00fcltem volna egy okosabb, tabletre sz\u00e1nt helykihaszn\u00e1l\u00e1snak.<\/p>\n\n\n\n<figure class=\"wp-block-gallery columns-2 is-cropped wp-block-gallery-2 is-layout-flex wp-block-gallery-is-layout-flex\"><ul class=\"blocks-gallery-grid\"><li class=\"blocks-gallery-item\"><figure><img loading=\"lazy\" decoding=\"async\" width=\"1024\" height=\"614\" src=\"https:\/\/hir.mediamarkt.hu\/magazin\/wp-content\/uploads\/2022\/10\/redmi-pad-teszt-4-1-1024x614.jpg\" alt=\"\" data-id=\"15400\" data-full-url=\"https:\/\/hir.mediamarkt.hu\/magazin\/wp-content\/uploads\/2022\/10\/redmi-pad-teszt-4-1.jpg\" data-link=\"https:\/\/hir.mediamarkt.hu\/magazin\/redmi-pad\/redmi-pad-teszt-4-2\/\" class=\"wp-image-15400\" srcset=\"https:\/\/hir.mediamarkt.hu\/magazin\/wp-content\/uploads\/2022\/10\/redmi-pad-teszt-4-1-1024x614.jpg 1024w, https:\/\/hir.mediamarkt.hu\/magazin\/wp-content\/uploads\/2022\/10\/redmi-pad-teszt-4-1-300x180.jpg 300w, https:\/\/hir.mediamarkt.hu\/magazin\/wp-content\/uploads\/2022\/10\/redmi-pad-teszt-4-1-275x165.jpg 275w, https:\/\/hir.mediamarkt.hu\/magazin\/wp-content\/uploads\/2022\/10\/redmi-pad-teszt-4-1-768x461.jpg 768w, https:\/\/hir.mediamarkt.hu\/magazin\/wp-content\/uploads\/2022\/10\/redmi-pad-teszt-4-1.jpg 1200w\" sizes=\"(max-width: 1024px) 100vw, 1024px\" \/><\/figure><\/li><li class=\"blocks-gallery-item\"><figure><img loading=\"lazy\" decoding=\"async\" width=\"1024\" height=\"614\" src=\"https:\/\/hir.mediamarkt.hu\/magazin\/wp-content\/uploads\/2022\/10\/redmi-pad-teszt-1-1-1024x614.jpg\" alt=\"\" data-id=\"15401\" data-full-url=\"https:\/\/hir.mediamarkt.hu\/magazin\/wp-content\/uploads\/2022\/10\/redmi-pad-teszt-1-1.jpg\" data-link=\"https:\/\/hir.mediamarkt.hu\/magazin\/redmi-pad\/redmi-pad-teszt-1-2\/\" class=\"wp-image-15401\" srcset=\"https:\/\/hir.mediamarkt.hu\/magazin\/wp-content\/uploads\/2022\/10\/redmi-pad-teszt-1-1-1024x614.jpg 1024w, https:\/\/hir.mediamarkt.hu\/magazin\/wp-content\/uploads\/2022\/10\/redmi-pad-teszt-1-1-300x180.jpg 300w, https:\/\/hir.mediamarkt.hu\/magazin\/wp-content\/uploads\/2022\/10\/redmi-pad-teszt-1-1-275x165.jpg 275w, https:\/\/hir.mediamarkt.hu\/magazin\/wp-content\/uploads\/2022\/10\/redmi-pad-teszt-1-1-768x461.jpg 768w, https:\/\/hir.mediamarkt.hu\/magazin\/wp-content\/uploads\/2022\/10\/redmi-pad-teszt-1-1.jpg 1200w\" sizes=\"(max-width: 1024px) 100vw, 1024px\" \/><\/figure><\/li><\/ul><\/figure>\n\n\n\n<p>A be\u00e1ll\u00edt\u00e1sokban nagyon sok extra funkci\u00f3t tal\u00e1lhatunk meg a Redmihez. B\u00e1r ujjlenyomat olvas\u00f3 nincs a k\u00e9sz\u00fcl\u00e9ken, de arcfelismer\u00e9s be\u00e1ll\u00edthat\u00f3 hozz\u00e1, amely viszonylag j\u00f3l m\u0171k\u00f6dik, annak ellen\u00e9re is, hogy csak egy 8 megapixeles kamera \u00fcl a kijelz\u0151 felett. Tal\u00e1lhatunk okostok funkci\u00f3t, azaz ha megvessz\u00fck a gy\u00e1ri flip tokot, akkor felnyit\u00e1skor fel\u00e9led vele a kijelz\u0151, lecsuk\u00e1skor pedig alv\u00f3 m\u00f3dba kapcsol.&nbsp;<\/p>\n\n\n\n<figure class=\"wp-block-image size-large\"><img loading=\"lazy\" decoding=\"async\" width=\"1024\" height=\"614\" src=\"https:\/\/hir.mediamarkt.hu\/magazin\/wp-content\/uploads\/2022\/10\/redmi-pad-teszt-2-1-1024x614.jpg\" alt=\"\" class=\"wp-image-15403\" srcset=\"https:\/\/hir.mediamarkt.hu\/magazin\/wp-content\/uploads\/2022\/10\/redmi-pad-teszt-2-1-1024x614.jpg 1024w, https:\/\/hir.mediamarkt.hu\/magazin\/wp-content\/uploads\/2022\/10\/redmi-pad-teszt-2-1-300x180.jpg 300w, https:\/\/hir.mediamarkt.hu\/magazin\/wp-content\/uploads\/2022\/10\/redmi-pad-teszt-2-1-275x165.jpg 275w, https:\/\/hir.mediamarkt.hu\/magazin\/wp-content\/uploads\/2022\/10\/redmi-pad-teszt-2-1-768x461.jpg 768w, https:\/\/hir.mediamarkt.hu\/magazin\/wp-content\/uploads\/2022\/10\/redmi-pad-teszt-2-1.jpg 1200w\" sizes=\"(max-width: 1024px) 100vw, 1024px\" \/><\/figure>\n\n\n\n<p class=\"has-text-align-justify\">T\u00f6bbf\u00e9le, \u00f6sszetett felhaszn\u00e1l\u00e1si lehet\u0151s\u00e9get k\u00edn\u00e1l\u00f3 funkci\u00f3t is tartalmaz a Redmi Pad-on fut\u00f3 MIUI 13-as szoftver. Az osztott k\u00e9perny\u0151 seg\u00edts\u00e9g\u00e9vel egyszerre n\u00e9zhet\u00fcnk vide\u00f3t \u00e9s olvashatunk p\u00e9ld\u00e1ul egy Wikipedia cikket, amely tanul\u00e1s sor\u00e1n lehet hasznos.<\/p>\n\n\n\n<figure class=\"wp-block-video\"><video controls src=\"https:\/\/i02.appmifile.com\/524_operatorx_operatorx_pm\/14\/10\/2022\/a996d86a1978513f96776e974354c1a9.mp4\"><\/video><\/figure>\n\n\n\n<p class=\"has-text-align-justify\">Ennek a kiterjesztett funkci\u00f3ja a lebeg\u0151 ablak, amely sor\u00e1n a megnyitott alkalmaz\u00e1s felett egy kis ablakban \u00fajabb appokat nyithatunk meg, ak\u00e1r kett\u0151t is, \u00edgy an\u00e9lk\u00fcl v\u00e9gezhet\u00fcnk el m\u0171veleteket, hogy k\u00f6zben bez\u00e1rn\u00e1nk az eredeti appot.&nbsp;<\/p>\n\n\n\n<figure class=\"wp-block-video\"><video controls src=\"https:\/\/i02.appmifile.com\/245_operatorx_operatorx_pm\/14\/10\/2022\/f491f27f8bb5fbf4370ec38e581bac64.mp4\"><\/video><\/figure>\n\n\n\n<p class=\"has-text-align-justify\">A fentieket m\u00e9g tov\u00e1bb kombin\u00e1lni is lehet, futhat \u00fagy is h\u00e1rom alkalmaz\u00e1s egyszerre, hogy megosztjuk a k\u00e9perny\u0151t k\u00e9t alkalmaz\u00e1snak, egy harmadikat pedig lebeg\u0151 ablakban nyitunk meg.<\/p>\n\n\n\n<figure class=\"wp-block-video\"><video controls src=\"https:\/\/i02.appmifile.com\/406_operatorx_operatorx_pm\/14\/10\/2022\/95909ac1a8272e28a2c3398f4528f121.mp4\"><\/video><\/figure>\n\n\n\n<p class=\"has-text-align-justify\">A sz\u00f3rakoz\u00e1shoz megtal\u00e1lhat\u00f3 el\u0151re telep\u00edtve a Netflix alkalmaz\u00e1s, de ott van a Mi Vide\u00f3 applik\u00e1ci\u00f3 is, amely nem csak arra j\u00f3, hogy a tableten l\u00e9v\u0151 vide\u00f3kat n\u00e9zz\u00fck, hanem k\u00fcl\u00f6nb\u00f6z\u0151 vide\u00f3s platformokr\u00f3l (pl. YouTube, Instagram, TikTok) is megjelen\u00edt tartalmakat, s\u0151t ezekhez ak\u00e1r m\u00e9g let\u00f6lt\u00e9si lehet\u0151s\u00e9get is k\u00edn\u00e1l.&nbsp;<\/p>\n\n\n\n<p class=\"has-text-align-justify\">A v\u00e9kony Redmi Pad k\u00e9t r\u00f6videbb oldal\u00e1n k\u00e9t-k\u00e9t hangsz\u00f3r\u00f3 van. A n\u00e9gy hangsz\u00f3r\u00f3 egy\u00fcttesen nagyon sz\u00e9pen sz\u00f3l, teli hangokkal, kell\u0151en hangosan, megfelel\u0151 m\u00e9lys\u00e9get is tartalmazva, \u00edgy t\u00e9nyleg ide\u00e1lis lehet arra is, hogy beb\u00fajjunk vele az \u00e1gyba \u00e9s megn\u00e9zz\u00fcnk egy filmet. A hangz\u00e1s min\u0151s\u00e9g\u00e9r\u0151l a Dolby Atmos gondoskodik.<\/p>\n\n\n\n<figure class=\"wp-block-image size-large\"><img loading=\"lazy\" decoding=\"async\" width=\"1024\" height=\"681\" src=\"https:\/\/hir.mediamarkt.hu\/magazin\/wp-content\/uploads\/2022\/11\/DSC_3041-1024x681.jpg\" alt=\"\" class=\"wp-image-15443\" srcset=\"https:\/\/hir.mediamarkt.hu\/magazin\/wp-content\/uploads\/2022\/11\/DSC_3041-1024x681.jpg 1024w, https:\/\/hir.mediamarkt.hu\/magazin\/wp-content\/uploads\/2022\/11\/DSC_3041-300x200.jpg 300w, https:\/\/hir.mediamarkt.hu\/magazin\/wp-content\/uploads\/2022\/11\/DSC_3041-275x183.jpg 275w, https:\/\/hir.mediamarkt.hu\/magazin\/wp-content\/uploads\/2022\/11\/DSC_3041-768x511.jpg 768w, https:\/\/hir.mediamarkt.hu\/magazin\/wp-content\/uploads\/2022\/11\/DSC_3041-1536x1022.jpg 1536w, https:\/\/hir.mediamarkt.hu\/magazin\/wp-content\/uploads\/2022\/11\/DSC_3041.jpg 1440w\" sizes=\"(max-width: 1024px) 100vw, 1024px\" \/><\/figure>\n\n\n\n<p>A k\u00e9nyelmes fog\u00e1sr\u00f3l a pr\u00e9mium hat\u00e1st kelt\u0151 f\u00e9m bor\u00edt\u00e1s is gondoskodik. A sz\u00fcrke tabletet unibody h\u00e1z bor\u00edtja, azaz a h\u00e1tlap \u00e9s az oldals\u00f3 \u00e9lek egy darabot alkotnak, nincs ragaszt\u00e1s, illeszt\u00e9s k\u00f6zt\u00fck.&nbsp;<\/p>\n\n\n\n<figure class=\"wp-block-image size-large\"><img loading=\"lazy\" decoding=\"async\" width=\"1024\" height=\"681\" src=\"https:\/\/hir.mediamarkt.hu\/magazin\/wp-content\/uploads\/2022\/11\/DSC_3032-1024x681.jpg\" alt=\"\" class=\"wp-image-15441\" srcset=\"https:\/\/hir.mediamarkt.hu\/magazin\/wp-content\/uploads\/2022\/11\/DSC_3032-1024x681.jpg 1024w, https:\/\/hir.mediamarkt.hu\/magazin\/wp-content\/uploads\/2022\/11\/DSC_3032-300x200.jpg 300w, https:\/\/hir.mediamarkt.hu\/magazin\/wp-content\/uploads\/2022\/11\/DSC_3032-275x183.jpg 275w, https:\/\/hir.mediamarkt.hu\/magazin\/wp-content\/uploads\/2022\/11\/DSC_3032-768x511.jpg 768w, https:\/\/hir.mediamarkt.hu\/magazin\/wp-content\/uploads\/2022\/11\/DSC_3032-1536x1022.jpg 1536w, https:\/\/hir.mediamarkt.hu\/magazin\/wp-content\/uploads\/2022\/11\/DSC_3032.jpg 1440w\" sizes=\"(max-width: 1024px) 100vw, 1024px\" \/><\/figure>\n\n\n\n<p class=\"has-text-align-justify\">A h\u00e1tlapra egy kamera ker\u00fclt, amely egy nagyobb m\u00e9ret\u0171 kamera szigetr\u0151l emelkedik ki. V\u00e9lem\u00e9nyem szerint a 8 megapixeles szenzort ak\u00e1r kiemelked\u00e9s n\u00e9lk\u00fcl is el lehetett volna helyezni a h\u00e1zba, a m\u00e9rn\u00f6k\u00f6k viszont nem \u00edgy l\u00e1tt\u00e1k a tervez\u00e9s sor\u00e1n. A k\u00e9pmin\u0151s\u00e9g nem veszi fel a versenyt a mai telefonok k\u00e9pess\u00e9geivel. Viszont arra, hogy p\u00e9ld\u00e1ul egy dokumentumot befot\u00f3zzunk, hogy azt tov\u00e1bbk\u00fcldj\u00fck, m\u00e1r b\u0151ven kiel\u00e9g\u00edt\u0151 a k\u00e9pmin\u0151s\u00e9g.<\/p>\n\n\n\n<p class=\"has-text-align-justify\">A kijelz\u0151 \u00e9s a h\u00e1tlap k\u00f6z\u00e9 a v\u00e9kony k\u00e9sz\u00fcl\u00e9kh\u00e1z ellen\u00e9re is egy 8000 mAh-s akkumul\u00e1tort \u00e9p\u00edtettek be a m\u00e9rn\u00f6k\u00f6k, amelyek el\u00e9g hossz\u00fa \u00fczemid\u0151t biztos\u00edtanak ak\u00e1r filmez\u00e9sre, ak\u00e1r netez\u00e9sre.<\/p>\n\n\n\n<p class=\"has-text-align-justify\">T\u00f6lt\u00e9s maximum 18 wattos teljes\u00edtm\u00e9nnyel lehets\u00e9ges (a dobozban ehhez egy 22,5 wattos t\u00f6lt\u0151adaptert kapunk). A nagym\u00e9ret\u0171 teleppel az\u00e9rt ez egy t\u00f6bb \u00f3r\u00e1s t\u00f6lt\u00e9si f\u00e1zist jelent, ha teljesen lemer\u00fcl. 0%-r\u00f3l 25%-ra p\u00e9ld\u00e1ul kb. 35 perc volt.<\/p>\n\n\n\n<figure class=\"wp-block-image size-large\"><img loading=\"lazy\" decoding=\"async\" width=\"1024\" height=\"768\" src=\"https:\/\/hir.mediamarkt.hu\/magazin\/wp-content\/uploads\/2022\/10\/redmi-pad-teszt-14-1024x768.jpg\" alt=\"\" class=\"wp-image-15391\" srcset=\"https:\/\/hir.mediamarkt.hu\/magazin\/wp-content\/uploads\/2022\/10\/redmi-pad-teszt-14-1024x768.jpg 1024w, https:\/\/hir.mediamarkt.hu\/magazin\/wp-content\/uploads\/2022\/10\/redmi-pad-teszt-14-300x225.jpg 300w, https:\/\/hir.mediamarkt.hu\/magazin\/wp-content\/uploads\/2022\/10\/redmi-pad-teszt-14-275x206.jpg 275w, https:\/\/hir.mediamarkt.hu\/magazin\/wp-content\/uploads\/2022\/10\/redmi-pad-teszt-14-768x576.jpg 768w, https:\/\/hir.mediamarkt.hu\/magazin\/wp-content\/uploads\/2022\/10\/redmi-pad-teszt-14-500x375.jpg 500w, https:\/\/hir.mediamarkt.hu\/magazin\/wp-content\/uploads\/2022\/10\/redmi-pad-teszt-14.jpg 1200w\" sizes=\"(max-width: 1024px) 100vw, 1024px\" \/><\/figure>\n\n\n\n<p>A Redmi Pad tablet csak WIFI-s kiad\u00e1sban \u00e9rkezett haz\u00e1nkba, SIM k\u00e1rty\u00e1t nem lehet behelyezni.<\/p>\n\n\n\n<p class=\"has-text-align-justify\">A nyit\u00f3\u00e1ra a jelenlegi tablet piacon egy\u00e1ltal\u00e1n nem v\u00e9szes, a k\u00f6z\u00e9pkateg\u00f3ri\u00e1ban helyezkedik el, amihez k\u00e9pest eg\u00e9szen j\u00f3k a szoftveres funkci\u00f3k, nagyszer\u0171 a kijelz\u0151 min\u0151s\u00e9ge, a Dolby Atmos hangz\u00e1s, mik\u00f6zben kiemelked\u0151 a k\u00e9sz\u00fcl\u00e9kh\u00e1z kialak\u00edt\u00e1sa is.<\/p>\n\n\n\n<h2 class=\"wp-block-heading\"><a href=\"https:\/\/www.mediamarkt.hu\/hu\/product\/_xiaomi-redmi-pad-10-6-128gb-wifi-sz%C3%BCrke-tablet-vhu4231eu-1399525.html\" target=\"_blank\" rel=\"noreferrer noopener\">Redmi Pad a MediaMarkt webshopj\u00e1ban<\/a><\/h2>\n","protected":false},"excerpt":{"rendered":"A Xiaomi alm\u00e1rk\u00e1j\u00e1v\u00e1 avanzs\u00e1lt Redmi m\u00e1r tabletet is k\u00edn\u00e1l a hazai piacon, nem is tolt\u00e1k t\u00fal m\u00e9g az elnevez\u00e9st, egyszer\u0171en a Pad n\u00e9vre hallgat az \u00fajdons\u00e1g, amelyet most teszt\u00fcnkben mutatunk be. A Redmi m\u00e1rkan\u00e9v a kezdetek \u00f3ta az alacsonyabb \u00e1rfekv\u00e9sre poz\u00edcion\u00e1lt modelleket t\u00e1lalta a Xiaomin\u00e1l. Egy id\u0151 ut\u00e1n k\u00fcl\u00f6n\u00e1ll\u00f3 alm\u00e1rk\u00e1v\u00e1 indult el a Redmi n\u00e9v, amely m\u00e1r sz\u00e1mos telefonnal k\u00e9pviselteti mag\u00e1t Magyarorsz\u00e1gon, k\u00f6zben pedig m\u00e1r kieg\u00e9sz\u00edt\u0151k is el\u00e9rhet\u0151k, illetve itt van nek\u00fcnk az \u00faj Redmi Pad. Flagshipekre hajaz\u00f3 k\u00fcls\u0151 Az \u00fajdons\u00e1g k\u00edv\u00fclr\u0151l kifejezetten csinos lett, a fels\u0151kateg\u00f3ri\u00e1s modellekt\u0151l igyekszik elcs\u00edpni egy keveset. Szemb\u0151l egy 10,61\u201d-os kijelz\u0151t kaptunk, ez egy \u00e1tlagos \u201cotthoni\u201d tablet m\u00e9ret. Nem t\u00fal nagy, \u00edgy k\u00e9nyelmesen elf\u00e9r a k\u00e9zben, \u00f6lben a 445 grammos t\u00f6meg sem nevezhet\u0151 hivalkod\u00f3nak. A &#8230;","protected":false},"author":34,"featured_media":15448,"comment_status":"open","ping_status":"open","sticky":false,"template":"","format":"standard","meta":{"wprm-recipe-roundup-name":"","wprm-recipe-roundup-description":"","footnotes":""},"categories":[5944,5946],"tags":[],"yoast_head":"<!-- This site is optimized with the Yoast SEO plugin v22.9 - https:\/\/yoast.com\/wordpress\/plugins\/seo\/ -->\n<title>Redmi Pad: fels\u0151kateg\u00f3ri\u00e1s hat\u00e1s kedvez\u0151 \u00e1rs\u00e1vban - MediaMarkt Magazin<\/title>\n<meta name=\"description\" content=\"A Xiaomi alm\u00e1rk\u00e1j\u00e1v\u00e1 avanzs\u00e1lt Redmi m\u00e1r tabletet is k\u00edn\u00e1l, ami egyszer\u0171en a Pad n\u00e9vre hallgat, \u00e9s amit most teszt\u00fcnkben mutatunk be.\" \/>\n<meta name=\"robots\" content=\"index, follow, max-snippet:-1, max-image-preview:large, max-video-preview:-1\" \/>\n<link rel=\"canonical\" href=\"https:\/\/hir.mediamarkt.hu\/magazin\/redmi-pad\/\" \/>\n<meta property=\"og:locale\" content=\"hu_HU\" \/>\n<meta property=\"og:type\" content=\"article\" \/>\n<meta property=\"og:title\" content=\"Redmi Pad: fels\u0151kateg\u00f3ri\u00e1s hat\u00e1s kedvez\u0151 \u00e1rs\u00e1vban - MediaMarkt Magazin\" \/>\n<meta property=\"og:description\" content=\"A Xiaomi alm\u00e1rk\u00e1j\u00e1v\u00e1 avanzs\u00e1lt Redmi m\u00e1r tabletet is k\u00edn\u00e1l, ami egyszer\u0171en a Pad n\u00e9vre hallgat, \u00e9s amit most teszt\u00fcnkben mutatunk be.\" \/>\n<meta property=\"og:url\" content=\"https:\/\/hir.mediamarkt.hu\/magazin\/redmi-pad\/\" \/>\n<meta property=\"og:site_name\" content=\"MediaMarkt Magazin\" \/>\n<meta property=\"article:publisher\" content=\"https:\/\/www.facebook.com\/MediaMarktMagyarorszag\" \/>\n<meta property=\"article:published_time\" content=\"2022-10-27T07:24:36+00:00\" \/>\n<meta property=\"article:modified_time\" content=\"2022-11-21T11:28:45+00:00\" \/>\n<meta property=\"og:image\" content=\"https:\/\/hir.mediamarkt.hu\/magazin\/wp-content\/uploads\/2022\/10\/Redmi_Pad_teszt_.jpg\" \/>\n\t<meta property=\"og:image:width\" content=\"1024\" \/>\n\t<meta property=\"og:image:height\" content=\"619\" \/>\n\t<meta property=\"og:image:type\" content=\"image\/jpeg\" \/>\n<meta name=\"author\" content=\"Kov\u00e1cs \u00c1d\u00e1m\" \/>\n<meta name=\"twitter:label1\" content=\"Szerz\u0151:\" \/>\n\t<meta name=\"twitter:data1\" content=\"Kov\u00e1cs \u00c1d\u00e1m\" \/>\n\t<meta name=\"twitter:label2\" content=\"Becs\u00fclt olvas\u00e1si id\u0151\" \/>\n\t<meta name=\"twitter:data2\" content=\"8 perc\" \/>\n<script type=\"application\/ld+json\" class=\"yoast-schema-graph\">{\"@context\":\"https:\/\/schema.org\",\"@graph\":[{\"@type\":\"WebPage\",\"@id\":\"https:\/\/hir.mediamarkt.hu\/magazin\/redmi-pad\/\",\"url\":\"https:\/\/hir.mediamarkt.hu\/magazin\/redmi-pad\/\",\"name\":\"Redmi Pad: fels\u0151kateg\u00f3ri\u00e1s hat\u00e1s kedvez\u0151 \u00e1rs\u00e1vban - MediaMarkt Magazin\",\"isPartOf\":{\"@id\":\"https:\/\/hir.mediamarkt.hu\/magazin\/#website\"},\"primaryImageOfPage\":{\"@id\":\"https:\/\/hir.mediamarkt.hu\/magazin\/redmi-pad\/#primaryimage\"},\"image\":{\"@id\":\"https:\/\/hir.mediamarkt.hu\/magazin\/redmi-pad\/#primaryimage\"},\"thumbnailUrl\":\"https:\/\/hir.mediamarkt.hu\/magazin\/wp-content\/uploads\/2022\/10\/Redmi_Pad_teszt_.jpg\",\"datePublished\":\"2022-10-27T07:24:36+00:00\",\"dateModified\":\"2022-11-21T11:28:45+00:00\",\"author\":{\"@id\":\"https:\/\/hir.mediamarkt.hu\/magazin\/#\/schema\/person\/eb6407def37d68930e61b9ccc0d2b12b\"},\"description\":\"A Xiaomi alm\u00e1rk\u00e1j\u00e1v\u00e1 avanzs\u00e1lt Redmi m\u00e1r tabletet is k\u00edn\u00e1l, ami egyszer\u0171en a Pad n\u00e9vre hallgat, \u00e9s amit most teszt\u00fcnkben mutatunk be.\",\"breadcrumb\":{\"@id\":\"https:\/\/hir.mediamarkt.hu\/magazin\/redmi-pad\/#breadcrumb\"},\"inLanguage\":\"hu\",\"potentialAction\":[{\"@type\":\"ReadAction\",\"target\":[\"https:\/\/hir.mediamarkt.hu\/magazin\/redmi-pad\/\"]}]},{\"@type\":\"ImageObject\",\"inLanguage\":\"hu\",\"@id\":\"https:\/\/hir.mediamarkt.hu\/magazin\/redmi-pad\/#primaryimage\",\"url\":\"https:\/\/hir.mediamarkt.hu\/magazin\/wp-content\/uploads\/2022\/10\/Redmi_Pad_teszt_.jpg\",\"contentUrl\":\"https:\/\/hir.mediamarkt.hu\/magazin\/wp-content\/uploads\/2022\/10\/Redmi_Pad_teszt_.jpg\",\"width\":1024,\"height\":619},{\"@type\":\"BreadcrumbList\",\"@id\":\"https:\/\/hir.mediamarkt.hu\/magazin\/redmi-pad\/#breadcrumb\",\"itemListElement\":[{\"@type\":\"ListItem\",\"position\":1,\"name\":\"Kezd\u0151lap\",\"item\":\"https:\/\/hir.mediamarkt.hu\/magazin\/\"},{\"@type\":\"ListItem\",\"position\":2,\"name\":\"Tesztelt\u00fck\",\"item\":\"https:\/\/hir.mediamarkt.hu\/magazin\/teszteltuk\/\"},{\"@type\":\"ListItem\",\"position\":3,\"name\":\"Redmi Pad: fels\u0151kateg\u00f3ri\u00e1s hat\u00e1s kedvez\u0151 \u00e1rs\u00e1vban\"}]},{\"@type\":\"WebSite\",\"@id\":\"https:\/\/hir.mediamarkt.hu\/magazin\/#website\",\"url\":\"https:\/\/hir.mediamarkt.hu\/magazin\/\",\"name\":\"MediaMarkt Magazin\",\"description\":\"Olvass bele magazinunkba!\",\"potentialAction\":[{\"@type\":\"SearchAction\",\"target\":{\"@type\":\"EntryPoint\",\"urlTemplate\":\"https:\/\/hir.mediamarkt.hu\/magazin\/?s={search_term_string}\"},\"query-input\":\"required name=search_term_string\"}],\"inLanguage\":\"hu\"},{\"@type\":\"Person\",\"@id\":\"https:\/\/hir.mediamarkt.hu\/magazin\/#\/schema\/person\/eb6407def37d68930e61b9ccc0d2b12b\",\"name\":\"Kov\u00e1cs \u00c1d\u00e1m\",\"image\":{\"@type\":\"ImageObject\",\"inLanguage\":\"hu\",\"@id\":\"https:\/\/hir.mediamarkt.hu\/magazin\/#\/schema\/person\/image\/\",\"url\":\"https:\/\/secure.gravatar.com\/avatar\/7f17d39fcf146db446aab8f0a0b84bce?s=96&d=mm&r=g\",\"contentUrl\":\"https:\/\/secure.gravatar.com\/avatar\/7f17d39fcf146db446aab8f0a0b84bce?s=96&d=mm&r=g\",\"caption\":\"Kov\u00e1cs \u00c1d\u00e1m\"}}]}<\/script>\n<!-- \/ Yoast SEO plugin. -->","yoast_head_json":{"title":"Redmi Pad: fels\u0151kateg\u00f3ri\u00e1s hat\u00e1s kedvez\u0151 \u00e1rs\u00e1vban - MediaMarkt Magazin","description":"A Xiaomi alm\u00e1rk\u00e1j\u00e1v\u00e1 avanzs\u00e1lt Redmi m\u00e1r tabletet is k\u00edn\u00e1l, ami egyszer\u0171en a Pad n\u00e9vre hallgat, \u00e9s amit most teszt\u00fcnkben mutatunk be.","robots":{"index":"index","follow":"follow","max-snippet":"max-snippet:-1","max-image-preview":"max-image-preview:large","max-video-preview":"max-video-preview:-1"},"canonical":"https:\/\/hir.mediamarkt.hu\/magazin\/redmi-pad\/","og_locale":"hu_HU","og_type":"article","og_title":"Redmi Pad: fels\u0151kateg\u00f3ri\u00e1s hat\u00e1s kedvez\u0151 \u00e1rs\u00e1vban - MediaMarkt Magazin","og_description":"A Xiaomi alm\u00e1rk\u00e1j\u00e1v\u00e1 avanzs\u00e1lt Redmi m\u00e1r tabletet is k\u00edn\u00e1l, ami egyszer\u0171en a Pad n\u00e9vre hallgat, \u00e9s amit most teszt\u00fcnkben mutatunk be.","og_url":"https:\/\/hir.mediamarkt.hu\/magazin\/redmi-pad\/","og_site_name":"MediaMarkt Magazin","article_publisher":"https:\/\/www.facebook.com\/MediaMarktMagyarorszag","article_published_time":"2022-10-27T07:24:36+00:00","article_modified_time":"2022-11-21T11:28:45+00:00","og_image":[{"width":1024,"height":619,"url":"https:\/\/hir.mediamarkt.hu\/magazin\/wp-content\/uploads\/2022\/10\/Redmi_Pad_teszt_.jpg","type":"image\/jpeg"}],"author":"Kov\u00e1cs \u00c1d\u00e1m","twitter_misc":{"Szerz\u0151:":"Kov\u00e1cs \u00c1d\u00e1m","Becs\u00fclt olvas\u00e1si id\u0151":"8 perc"},"schema":{"@context":"https:\/\/schema.org","@graph":[{"@type":"WebPage","@id":"https:\/\/hir.mediamarkt.hu\/magazin\/redmi-pad\/","url":"https:\/\/hir.mediamarkt.hu\/magazin\/redmi-pad\/","name":"Redmi Pad: fels\u0151kateg\u00f3ri\u00e1s hat\u00e1s kedvez\u0151 \u00e1rs\u00e1vban - MediaMarkt Magazin","isPartOf":{"@id":"https:\/\/hir.mediamarkt.hu\/magazin\/#website"},"primaryImageOfPage":{"@id":"https:\/\/hir.mediamarkt.hu\/magazin\/redmi-pad\/#primaryimage"},"image":{"@id":"https:\/\/hir.mediamarkt.hu\/magazin\/redmi-pad\/#primaryimage"},"thumbnailUrl":"https:\/\/hir.mediamarkt.hu\/magazin\/wp-content\/uploads\/2022\/10\/Redmi_Pad_teszt_.jpg","datePublished":"2022-10-27T07:24:36+00:00","dateModified":"2022-11-21T11:28:45+00:00","author":{"@id":"https:\/\/hir.mediamarkt.hu\/magazin\/#\/schema\/person\/eb6407def37d68930e61b9ccc0d2b12b"},"description":"A Xiaomi alm\u00e1rk\u00e1j\u00e1v\u00e1 avanzs\u00e1lt Redmi m\u00e1r tabletet is k\u00edn\u00e1l, ami egyszer\u0171en a Pad n\u00e9vre hallgat, \u00e9s amit most teszt\u00fcnkben mutatunk be.","breadcrumb":{"@id":"https:\/\/hir.mediamarkt.hu\/magazin\/redmi-pad\/#breadcrumb"},"inLanguage":"hu","potentialAction":[{"@type":"ReadAction","target":["https:\/\/hir.mediamarkt.hu\/magazin\/redmi-pad\/"]}]},{"@type":"ImageObject","inLanguage":"hu","@id":"https:\/\/hir.mediamarkt.hu\/magazin\/redmi-pad\/#primaryimage","url":"https:\/\/hir.mediamarkt.hu\/magazin\/wp-content\/uploads\/2022\/10\/Redmi_Pad_teszt_.jpg","contentUrl":"https:\/\/hir.mediamarkt.hu\/magazin\/wp-content\/uploads\/2022\/10\/Redmi_Pad_teszt_.jpg","width":1024,"height":619},{"@type":"BreadcrumbList","@id":"https:\/\/hir.mediamarkt.hu\/magazin\/redmi-pad\/#breadcrumb","itemListElement":[{"@type":"ListItem","position":1,"name":"Kezd\u0151lap","item":"https:\/\/hir.mediamarkt.hu\/magazin\/"},{"@type":"ListItem","position":2,"name":"Tesztelt\u00fck","item":"https:\/\/hir.mediamarkt.hu\/magazin\/teszteltuk\/"},{"@type":"ListItem","position":3,"name":"Redmi Pad: fels\u0151kateg\u00f3ri\u00e1s hat\u00e1s kedvez\u0151 \u00e1rs\u00e1vban"}]},{"@type":"WebSite","@id":"https:\/\/hir.mediamarkt.hu\/magazin\/#website","url":"https:\/\/hir.mediamarkt.hu\/magazin\/","name":"MediaMarkt Magazin","description":"Olvass bele magazinunkba!","potentialAction":[{"@type":"SearchAction","target":{"@type":"EntryPoint","urlTemplate":"https:\/\/hir.mediamarkt.hu\/magazin\/?s={search_term_string}"},"query-input":"required name=search_term_string"}],"inLanguage":"hu"},{"@type":"Person","@id":"https:\/\/hir.mediamarkt.hu\/magazin\/#\/schema\/person\/eb6407def37d68930e61b9ccc0d2b12b","name":"Kov\u00e1cs \u00c1d\u00e1m","image":{"@type":"ImageObject","inLanguage":"hu","@id":"https:\/\/hir.mediamarkt.hu\/magazin\/#\/schema\/person\/image\/","url":"https:\/\/secure.gravatar.com\/avatar\/7f17d39fcf146db446aab8f0a0b84bce?s=96&d=mm&r=g","contentUrl":"https:\/\/secure.gravatar.com\/avatar\/7f17d39fcf146db446aab8f0a0b84bce?s=96&d=mm&r=g","caption":"Kov\u00e1cs \u00c1d\u00e1m"}}]}},"_links":{"self":[{"href":"https:\/\/hir.mediamarkt.hu\/magazin\/wp-json\/wp\/v2\/posts\/15377"}],"collection":[{"href":"https:\/\/hir.mediamarkt.hu\/magazin\/wp-json\/wp\/v2\/posts"}],"about":[{"href":"https:\/\/hir.mediamarkt.hu\/magazin\/wp-json\/wp\/v2\/types\/post"}],"author":[{"embeddable":true,"href":"https:\/\/hir.mediamarkt.hu\/magazin\/wp-json\/wp\/v2\/users\/34"}],"replies":[{"embeddable":true,"href":"https:\/\/hir.mediamarkt.hu\/magazin\/wp-json\/wp\/v2\/comments?post=15377"}],"version-history":[{"count":9,"href":"https:\/\/hir.mediamarkt.hu\/magazin\/wp-json\/wp\/v2\/posts\/15377\/revisions"}],"predecessor-version":[{"id":15447,"href":"https:\/\/hir.mediamarkt.hu\/magazin\/wp-json\/wp\/v2\/posts\/15377\/revisions\/15447"}],"wp:featuredmedia":[{"embeddable":true,"href":"https:\/\/hir.mediamarkt.hu\/magazin\/wp-json\/wp\/v2\/media\/15448"}],"wp:attachment":[{"href":"https:\/\/hir.mediamarkt.hu\/magazin\/wp-json\/wp\/v2\/media?parent=15377"}],"wp:term":[{"taxonomy":"category","embeddable":true,"href":"https:\/\/hir.mediamarkt.hu\/magazin\/wp-json\/wp\/v2\/categories?post=15377"},{"taxonomy":"post_tag","embeddable":true,"href":"https:\/\/hir.mediamarkt.hu\/magazin\/wp-json\/wp\/v2\/tags?post=15377"}],"curies":[{"name":"wp","href":"https:\/\/api.w.org\/{rel}","templated":true}]}}