{"id":15505,"date":"2022-12-29T22:30:13","date_gmt":"2022-12-29T21:30:13","guid":{"rendered":"https:\/\/hir.mediamarkt.hu\/magazin\/?p=15505"},"modified":"2023-01-12T11:54:33","modified_gmt":"2023-01-12T10:54:33","slug":"ezviz-okoseszkoz-teszt-videos-csengo","status":"publish","type":"post","link":"https:\/\/hir.mediamarkt.hu\/magazin\/ezviz-okoseszkoz-teszt-videos-csengo\/","title":{"rendered":"EZVIZ DB2 kamer\u00e1s ajt\u00f3cseng\u0151 teszt"},"content":{"rendered":"\n<p class=\"has-text-align-justify\">Az okosotthon az otthon automatiz\u00e1l\u00e1sra \u00e9s t\u00e1voli ir\u00e1ny\u00edt\u00e1s\u00e1ra kital\u00e1lt technikai megold\u00e1sok \u00f6sszess\u00e9ge, amellyel az otthon k\u00e9nyelmesebb, biztons\u00e1gosabb lehet. Az otthonunk &#8222;okoss\u00e1&#8221; alak\u00edt\u00e1s\u00e1ra m\u00e1r l\u00e9p\u00e9senk\u00e9nt is van lehet\u0151s\u00e9g, az egyes eszk\u00f6z\u00f6k k\u00fcl\u00f6n\u2011k\u00fcl\u00f6n beszerz\u00e9s\u00e9vel (pl. EZVIZ DB2 vagy C8C)  k\u00f6nnyed\u00e9n megoldhat\u00f3, \u00edgy a kezd\u0151 l\u00e9p\u00e9sekhez nem sz\u00fcks\u00e9ges nagy beruh\u00e1z\u00e1s.<\/p>\n\n\n\n<p>Az EZVIZ felhozatal\u00e1b\u00f3l most a <strong><a href=\"https:\/\/www.mediamarkt.hu\/catentry\/1387390\" target=\"_blank\" rel=\"noreferrer noopener\">DB2 akkumul\u00e1toros kamer\u00e1s cseng\u0151k\u00e9szletet<\/a><\/strong> vessz\u00fck g\u00f3rcs\u0151 al\u00e1, de akit \u00e9rdekel az okosotthon rendszer, \u00e9rdemes elolvasni a <strong>C8C k\u00fclt\u00e9ri kamer\u00e1<\/strong>r\u00f3l k\u00e9sz\u00fclt \u00edr\u00e1sunkat is, amit egy m\u00e1sik teszt\u00fcnkben mutatunk be.<\/p>\n\n\n\n<div class=\"wp-block-jetpack-tiled-gallery aligncenter is-style-rectangular\"><div class=\"tiled-gallery__gallery\"><div class=\"tiled-gallery__row\"><div class=\"tiled-gallery__col\" style=\"flex-basis:26.80546%\"><figure class=\"tiled-gallery__item\"><img decoding=\"async\" alt=\"\" data-height=\"1132\" data-id=\"15797\" data-link=\"https:\/\/hir.mediamarkt.hu\/magazin\/?attachment_id=15797\" data-url=\"https:\/\/hir.mediamarkt.hu\/magazin\/wp-content\/uploads\/2022\/12\/DB2_1080x1080_03-1-1-1024x1024.jpg\" data-width=\"1132\" src=\"https:\/\/i2.wp.com\/hir.mediamarkt.hu\/magazin\/wp-content\/uploads\/2022\/12\/DB2_1080x1080_03-1-1-1024x1024.jpg?ssl=1\" data-amp-layout=\"responsive\"\/><\/figure><\/div><div class=\"tiled-gallery__col\" style=\"flex-basis:73.19454%\"><figure class=\"tiled-gallery__item\"><img decoding=\"async\" alt=\"\" data-height=\"373\" data-id=\"15817\" data-link=\"https:\/\/hir.mediamarkt.hu\/magazin\/ezviz-okoseszkoz-teszt-videos-csengo\/ezviz-db2-videos-ajtocsengo-13\/\" data-url=\"https:\/\/hir.mediamarkt.hu\/magazin\/wp-content\/uploads\/2022\/12\/ezviz-DB2-videos-ajtocsengo-13.jpg\" data-width=\"1024\" src=\"https:\/\/i1.wp.com\/hir.mediamarkt.hu\/magazin\/wp-content\/uploads\/2022\/12\/ezviz-DB2-videos-ajtocsengo-13.jpg?ssl=1\" data-amp-layout=\"responsive\"\/><\/figure><\/div><\/div><\/div><\/div>\n\n\n\n<h2 class=\"wp-block-heading\"><strong>EZVIZ DB2 vide\u00f3s ajt\u00f3cseng\u0151<\/strong><\/h2>\n\n\n\n<p class=\"has-text-align-justify\">A kamera egy letisztult feh\u00e9r dobozban \u00e9rkezett, amin egy\u00e9bk\u00e9nt minden fontos inform\u00e1ci\u00f3 megtal\u00e1lhat\u00f3. A csomag tartalma: <\/p>\n\n\n\n<ul>\n<li>a kapucseng\u0151 \u00e9s a felfogat\u00e1shoz sz\u00fcks\u00e9ges csavark\u00e9szlet<\/li>\n\n\n\n<li>a l\u00e1t\u00f3sz\u00f6g be\u00e1ll\u00edt\u00e1s\u00e1hoz mell\u00e9kelt h\u00e1tlapok<\/li>\n\n\n\n<li>csavarh\u00faz\u00f3t USB k\u00e1bel, t\u0171, bek\u00f6t\u0151 k\u00e1bel, cseng\u0151.<\/li>\n<\/ul>\n\n\n\n<p class=\"has-text-align-justify\">A <strong>be\u00fczemel\u00e9s nagyon egyszer\u0171<\/strong>, a haszn\u00e1lata nem ig\u00e9nyel k\u00fcl\u00f6n\u00f6sebb szaktud\u00e1st, a mell\u00e9kelt felhaszn\u00e1l\u00f3i k\u00e9zik\u00f6nyv seg\u00edts\u00e9g\u00e9vel is k\u00f6nnyen elv\u00e9gezhet\u0151. <\/p>\n\n\n\n<ul>\n<li>T\u00f6lts\u00fck le az EZVIZ alkalmaz\u00e1st okostelefonunkra (App Store vagy Google Play)<\/li>\n\n\n\n<li>Ind\u00edtsuk el \u00e9s k\u00e9sz\u00edts\u00fcnk egy felhaszn\u00e1l\u00f3i fi\u00f3kot, ha van, akkor csak be kell jelentkezni<\/li>\n\n\n\n<li>A cseng\u0151t csatlakoztassuk \u00e1ramforr\u00e1shoz, a kapucseng\u0151t pedig kapcsoljuk be<br><\/li>\n<\/ul>\n\n\n\n<p class=\"has-text-align-justify\">Az alkalmaz\u00e1s kezd\u0151k\u00e9perny\u0151j\u00e9n a \u201e+\u201d jelre koppintva (jobb fels\u0151 sarok) elindul a be\u00e1ll\u00edt\u00e1si folyamat. A felugr\u00f3 list\u00e1b\u00f3l (az EZVIZ eszk\u00f6zei) kell kiv\u00e1lasztani a be\u00e1ll\u00edtani k\u00edv\u00e1nt eszk\u00f6z csoportj\u00e1t, majd a term\u00e9ken tal\u00e1lhat\u00f3 QR k\u00f3dot beszkennelj\u00fck, ezt k\u00f6vet\u0151en a Wi-Fi h\u00e1l\u00f3zatra csatlakoztatjuk az EZVIZ alkalmaz\u00e1s var\u00e1zsl\u00f3j\u00e1nak seg\u00edts\u00e9g\u00e9vel. Ha megvan a kapcsolat, a be\u00fczemel\u00e9s a v\u00e9g\u00e9hez \u00e9rt \u00e9s m\u00e1r haszn\u00e1lhatjuk az okos eszk\u00f6z\u00fcnket.<\/p>\n\n\n\n<div class=\"wp-block-jetpack-tiled-gallery aligncenter is-style-rectangular\"><div class=\"tiled-gallery__gallery\"><div class=\"tiled-gallery__row\"><div class=\"tiled-gallery__col\" style=\"flex-basis:25.00000%\"><figure class=\"tiled-gallery__item\"><img decoding=\"async\" alt=\"\" data-height=\"2400\" data-id=\"15799\" data-link=\"https:\/\/hir.mediamarkt.hu\/magazin\/?attachment_id=15799\" data-url=\"https:\/\/hir.mediamarkt.hu\/magazin\/wp-content\/uploads\/2022\/12\/ezviz-DB2-videos-ajtocsengo-1-461x1024.jpg\" data-width=\"1080\" src=\"https:\/\/i1.wp.com\/hir.mediamarkt.hu\/magazin\/wp-content\/uploads\/2022\/12\/ezviz-DB2-videos-ajtocsengo-1-461x1024.jpg?ssl=1\" data-amp-layout=\"responsive\"\/><\/figure><\/div><div class=\"tiled-gallery__col\" style=\"flex-basis:25.00000%\"><figure class=\"tiled-gallery__item\"><img decoding=\"async\" alt=\"\" data-height=\"2400\" data-id=\"15800\" data-link=\"https:\/\/hir.mediamarkt.hu\/magazin\/?attachment_id=15800\" data-url=\"https:\/\/hir.mediamarkt.hu\/magazin\/wp-content\/uploads\/2022\/12\/ezviz-DB2-videos-ajtocsengo-2-461x1024.jpg\" data-width=\"1080\" src=\"https:\/\/i0.wp.com\/hir.mediamarkt.hu\/magazin\/wp-content\/uploads\/2022\/12\/ezviz-DB2-videos-ajtocsengo-2-461x1024.jpg?ssl=1\" data-amp-layout=\"responsive\"\/><\/figure><\/div><div class=\"tiled-gallery__col\" style=\"flex-basis:25.00000%\"><figure class=\"tiled-gallery__item\"><img decoding=\"async\" alt=\"\" data-height=\"2400\" data-id=\"15801\" data-link=\"https:\/\/hir.mediamarkt.hu\/magazin\/?attachment_id=15801\" data-url=\"https:\/\/hir.mediamarkt.hu\/magazin\/wp-content\/uploads\/2022\/12\/ezviz-DB2-videos-ajtocsengo-3-461x1024.jpg\" data-width=\"1080\" src=\"https:\/\/i2.wp.com\/hir.mediamarkt.hu\/magazin\/wp-content\/uploads\/2022\/12\/ezviz-DB2-videos-ajtocsengo-3-461x1024.jpg?ssl=1\" data-amp-layout=\"responsive\"\/><\/figure><\/div><div class=\"tiled-gallery__col\" style=\"flex-basis:25.00000%\"><figure class=\"tiled-gallery__item\"><img decoding=\"async\" alt=\"\" data-height=\"2400\" data-id=\"15802\" data-link=\"https:\/\/hir.mediamarkt.hu\/magazin\/?attachment_id=15802\" data-url=\"https:\/\/hir.mediamarkt.hu\/magazin\/wp-content\/uploads\/2022\/12\/ezviz-DB2-videos-ajtocsengo-4-461x1024.jpg\" data-width=\"1080\" src=\"https:\/\/i0.wp.com\/hir.mediamarkt.hu\/magazin\/wp-content\/uploads\/2022\/12\/ezviz-DB2-videos-ajtocsengo-4-461x1024.jpg?ssl=1\" data-amp-layout=\"responsive\"\/><\/figure><\/div><\/div><\/div><\/div>\n\n\n\n<h3 class=\"wp-block-heading\">A kapucseng\u0151 elhelyez\u00e9se<\/h3>\n\n\n\n<p class=\"has-text-align-justify\">Itt figyelembe kell venni a gy\u00e1rt\u00f3 tan\u00e1cs\u00e1t, miszerint <strong>a kapucseng\u0151t a Wi-Fi router 4 m\u00e9teres k\u00f6rzet\u00e9ben kell elhelyezni<\/strong>. A kapucseng\u0151 m\u0171k\u00f6dhet \u00e1ramforr\u00e1sr\u00f3l is, ak\u00e1r a megl\u00e9v\u0151 ajt\u00f3cseng\u0151 vezet\u00e9keken kereszt\u00fcl vagy akkumul\u00e1torr\u00f3l is. A be\u00e9p\u00edtett 5200 mAh-s akkumul\u00e1torr\u00f3l ak\u00e1r n\u00e9gy h\u00f3napig is kib\u00edrja a felt\u00f6lt\u00e9sek k\u00f6z\u00f6tt, att\u00f3l f\u00fcgg\u0151en, hogy h\u00e1ny \u00e9rtes\u00edt\u00e9s, esem\u00e9ny t\u00f6rt\u00e9nik naponta.<\/p>\n\n\n\n<p class=\"has-text-align-justify\">A tart\u00f3lemez felragaszthat\u00f3 vagy csavarozhat\u00f3 az ajt\u00f3kerethez vagy a falhoz, a csomag tartalma az a k\u00e9t ferde tart\u00f3lemez, amelyek lehet\u0151v\u00e9 teszik, hogy a kamer\u00e1t lefel\u00e9 5 fokban vagy oldal ir\u00e1nyba 15 fokban ir\u00e1ny\u00edtsa a l\u00e1t\u00f3mez\u0151 maximaliz\u00e1l\u00e1sa \u00e9rdek\u00e9ben. <\/p>\n\n\n\n<blockquote class=\"wp-block-quote\">\n<p class=\"has-text-align-justify\">Ki kell emelni, hogy a DB2 leny\u0171g\u00f6z\u0151, <strong>176 fokos l\u00e1t\u00f3mez\u0151t k\u00edn\u00e1l,<\/strong> \u00edgy nem lesz gond, ha mindent l\u00e1tni szeretne. A kapucseng\u0151 telep\u00edt\u00e9si magass\u00e1ga 1,2 m &#8211; 1,5 m.<\/p>\n<\/blockquote>\n\n\n\n<div class=\"wp-block-jetpack-tiled-gallery aligncenter is-style-rectangular\"><div class=\"tiled-gallery__gallery\"><div class=\"tiled-gallery__row\"><div class=\"tiled-gallery__col\" style=\"flex-basis:30.00792%\"><figure class=\"tiled-gallery__item\"><img decoding=\"async\" alt=\"\" data-height=\"2560\" data-id=\"15805\" data-link=\"https:\/\/hir.mediamarkt.hu\/magazin\/?attachment_id=15805\" data-url=\"https:\/\/hir.mediamarkt.hu\/magazin\/wp-content\/uploads\/2022\/12\/ezviz-DB2-videos-ajtocsengo-6-768x1024.jpg\" data-width=\"1920\" src=\"https:\/\/i2.wp.com\/hir.mediamarkt.hu\/magazin\/wp-content\/uploads\/2022\/12\/ezviz-DB2-videos-ajtocsengo-6-768x1024.jpg?ssl=1\" data-amp-layout=\"responsive\"\/><\/figure><\/div><div class=\"tiled-gallery__col\" style=\"flex-basis:39.97685%\"><figure class=\"tiled-gallery__item\"><img decoding=\"async\" alt=\"\" data-height=\"1024\" data-id=\"15803\" data-link=\"https:\/\/hir.mediamarkt.hu\/magazin\/?attachment_id=15803\" data-url=\"https:\/\/hir.mediamarkt.hu\/magazin\/wp-content\/uploads\/2022\/12\/ezviz-DB2-videos-ajtocsengo-8.jpg\" data-width=\"1024\" src=\"https:\/\/i0.wp.com\/hir.mediamarkt.hu\/magazin\/wp-content\/uploads\/2022\/12\/ezviz-DB2-videos-ajtocsengo-8.jpg?ssl=1\" data-amp-layout=\"responsive\"\/><\/figure><\/div><div class=\"tiled-gallery__col\" style=\"flex-basis:30.01523%\"><figure class=\"tiled-gallery__item\"><img decoding=\"async\" alt=\"\" data-height=\"1365\" data-id=\"15804\" data-link=\"https:\/\/hir.mediamarkt.hu\/magazin\/?attachment_id=15804\" data-url=\"https:\/\/hir.mediamarkt.hu\/magazin\/wp-content\/uploads\/2022\/12\/ezviz-DB2-videos-ajtocsengo-7-768x1024.jpg\" data-width=\"1024\" src=\"https:\/\/i1.wp.com\/hir.mediamarkt.hu\/magazin\/wp-content\/uploads\/2022\/12\/ezviz-DB2-videos-ajtocsengo-7-768x1024.jpg?ssl=1\" data-amp-layout=\"responsive\"\/><\/figure><\/div><\/div><\/div><\/div>\n\n\n\n<h3 class=\"wp-block-heading\">Tulajdons\u00e1gok, \u00e9rtes\u00edt\u00e9sek<\/h3>\n\n\n\n<p class=\"has-text-align-justify\">A kapucseng\u0151 bal oldal\u00e1n a hangsz\u00f3r\u00f3, a jobb oldal\u00e1n a t\u00f6lt\u0151csatlakoz\u00f3 \u00e9s a mikrofon, a h\u00e1tlapon a bekapcsol\u00f3 gomb, a szabot\u00e1zsriaszt\u00e1s gomb, \u00e9s csatlakoz\u00f3k tal\u00e1lhat\u00f3k meg. <\/p>\n\n\n\n<p class=\"has-text-align-justify\">A DB2 maxim\u00e1lis felbont\u00e1sa 2K (Ultra HD), a men\u00fcben v\u00e1laszthat\u00f3 felbont\u00e1sok Ultra HD, Full HD, \u00e9s Standard. <br><strong>A kamera infrav\u00f6r\u00f6s \u00fczemm\u00f3ddal is rendelkezik, amely \u00e9jszaka, vagy s\u00f6t\u00e9tben automatikusan bekapcsol,<\/strong> \u00edgy s\u00f6t\u00e9tben is k\u00e9pes felv\u00e9telt k\u00e9sz\u00edteni. Ilyenkor a min\u0151s\u00e9g nem olyan j\u00f3, mint a nappali f\u00e9nyben r\u00f6gz\u00edtett vide\u00f3\u00e9, de m\u00e9g \u00edgy is nagyobb es\u00e9lye van a nem k\u00edv\u00e1nt behatol\u00f3k azonos\u00edt\u00e1s\u00e1ra, mint \u00e9jszakai m\u00f3d n\u00e9lk\u00fcl. \u00c9rdekes, hogy az \u00e9jszakai m\u00f3d fekete-feh\u00e9r.<\/p>\n\n\n\n<p class=\"has-text-align-justify\">Az ajt\u00f3cseng\u0151 a cseng\u0151n kereszt\u00fcl kommunik\u00e1l a Wi-Fi routerrel. A cseng\u0151n tal\u00e1lhat\u00f3 a RESET gomb \u00e9s a micro SD k\u00e1rtyafoglalat, ez ut\u00f3bbin a felv\u00e9teleket is t\u00e1rolhatjuk (ak\u00e1r 256 GB kapacit\u00e1s\u00fa micro SD k\u00e1rty\u00e1n). Akinek ez nem elegend\u0151, \u00e9s nagyobb mennyis\u00e9g\u0171 anyagot szeretne t\u00e1rolni, lehet\u0151s\u00e9g van a felv\u00e9telek biztons\u00e1gos felh\u0151ben val\u00f3 t\u00e1rol\u00e1s\u00e1ra is. Azt viszont \u00e9rdemes m\u00e9g tudni, hogy a CloudPlay szolg\u00e1ltat\u00e1s 1 h\u00e9tig ingyenes.<\/p>\n\n\n\n<p class=\"has-text-align-justify\">Az alkalmaz\u00e1s lehet\u0151v\u00e9 teszi az infrav\u00f6r\u00f6s \u00e9rz\u00e9kel\u00e9s vagy az \u201eemberi forma\u201d \u00e9rz\u00e9kel\u00e9s k\u00f6z\u00f6tti v\u00e1laszt\u00e1st, s\u0151t, m\u00f3dos\u00edthatjuk az \u00e9rz\u00e9kenys\u00e9get alacsony, k\u00f6zepes \u00e9s magas k\u00f6z\u00f6tt. Ez meghat\u00e1rozza, hogy milyen gyorsan figyelmeztessen, ha valaki az ajt\u00f3 el\u0151tt \u00e1ll, nagyobb az \u00e9rz\u00e9kenys\u00e9g, nagyobb az \u00e9szlel\u00e9si t\u00e1vols\u00e1g.<\/p>\n\n\n\n<p class=\"has-text-align-justify\">Amikor valaki megnyomja a cseng\u0151t, akkor <strong>nem csak a cseng\u0151 jelez, hanem a mobiltelefon is<\/strong> elkezd csengeni, hasonl\u00f3 kijelz\u00e9ssel, mint egy norm\u00e1l telefonh\u00edv\u00e1sn\u00e1l, ekkor l\u00e1thatjuk az \u00e9l\u0151k\u00e9pet a kamer\u00e1b\u00f3l \u00e9s eld\u00f6nthetj\u00fck, hogy besz\u00e9l\u00fcnk-e az adott szem\u00e9llyel vagy nem, val\u00f3s idej\u0171 k\u00e9tir\u00e1ny\u00fa besz\u00e9lget\u00e9sre van lehet\u0151s\u00e9g.<\/p>\n\n\n\n<p><\/p>\n\n\n\n<div class=\"wp-block-jetpack-tiled-gallery aligncenter is-style-rectangular\"><div class=\"tiled-gallery__gallery\"><div class=\"tiled-gallery__row\"><div class=\"tiled-gallery__col\" style=\"flex-basis:32.58283%\"><figure class=\"tiled-gallery__item\"><img decoding=\"async\" alt=\"\" data-height=\"2400\" data-id=\"15806\" data-link=\"https:\/\/hir.mediamarkt.hu\/magazin\/?attachment_id=15806\" data-url=\"https:\/\/hir.mediamarkt.hu\/magazin\/wp-content\/uploads\/2022\/12\/ezviz-DB2-videos-ajtocsengo-10-461x1024.jpg\" data-width=\"1080\" src=\"https:\/\/i1.wp.com\/hir.mediamarkt.hu\/magazin\/wp-content\/uploads\/2022\/12\/ezviz-DB2-videos-ajtocsengo-10-461x1024.jpg?ssl=1\" data-amp-layout=\"responsive\"\/><\/figure><\/div><div class=\"tiled-gallery__col\" style=\"flex-basis:32.58283%\"><figure class=\"tiled-gallery__item\"><img decoding=\"async\" alt=\"\" data-height=\"2400\" data-id=\"15807\" data-link=\"https:\/\/hir.mediamarkt.hu\/magazin\/?attachment_id=15807\" data-url=\"https:\/\/hir.mediamarkt.hu\/magazin\/wp-content\/uploads\/2022\/12\/ezviz-DB2-videos-ajtocsengo-11-461x1024.jpg\" data-width=\"1080\" src=\"https:\/\/i2.wp.com\/hir.mediamarkt.hu\/magazin\/wp-content\/uploads\/2022\/12\/ezviz-DB2-videos-ajtocsengo-11-461x1024.jpg?ssl=1\" data-amp-layout=\"responsive\"\/><\/figure><\/div><div class=\"tiled-gallery__col\" style=\"flex-basis:34.83434%\"><figure class=\"tiled-gallery__item\"><img decoding=\"async\" alt=\"\" data-height=\"2228\" data-id=\"15809\" data-link=\"https:\/\/hir.mediamarkt.hu\/magazin\/?attachment_id=15809\" data-url=\"https:\/\/hir.mediamarkt.hu\/magazin\/wp-content\/uploads\/2022\/12\/ezviz-DB2-videos-ajtocsengo-12-1-493x1024.jpg\" data-width=\"1072\" src=\"https:\/\/i0.wp.com\/hir.mediamarkt.hu\/magazin\/wp-content\/uploads\/2022\/12\/ezviz-DB2-videos-ajtocsengo-12-1-493x1024.jpg?ssl=1\" data-amp-layout=\"responsive\"\/><\/figure><\/div><\/div><\/div><\/div>\n\n\n\n<blockquote class=\"wp-block-quote\">\n<p class=\"has-text-align-justify\">Az eszk\u00f6z rendelkezik &#8222;Szabot\u00e1zs&#8221; riaszt\u00e1ssal, abban az esetben, <strong>ha az ajt\u00f3cseng\u0151t er\u0151szakkal elt\u00e1vol\u00edtj\u00e1k, \u00e9les riaszt\u00f3 hang sz\u00f3lal meg, \u00e9s azonnal riaszt\u00e1st k\u00fcld a telefonra.<\/strong><\/p>\n<\/blockquote>\n\n\n\n<p class=\"has-text-align-justify\">A Men\u00fcben be lehet \u00e1ll\u00edtani a <strong>l\u00e9zeng\u00e9s\u00e9szlel\u00e9s funkci\u00f3t<\/strong>, ha egy be\u00e1ll\u00edtott id\u0151tartamn\u00e1l tov\u00e1bb l\u00e9zengenek az emberek a helysz\u00ednen, riaszt\u00e1st k\u00fcld, \u00e9rdekes m\u00f3don ez a funkci\u00f3 csak az infrav\u00f6r\u00f6s \u00e9rz\u00e9kel\u00e9sn\u00e9l aktiv\u00e1lhat\u00f3, az \u201eemberi forma\u201d \u00e9szlel\u00e9sn\u00e9l nem.<\/p>\n\n\n\n<p class=\"has-text-align-justify\">A term\u00e9k \u00f6sszess\u00e9g\u00e9ben gyorsan \u00e9s egyszer\u0171en be\u00e1ll\u00edthat\u00f3, kiv\u00e1l\u00f3 k\u00e9pmin\u0151s\u00e9get \u00e9s megb\u00edzhat\u00f3 infrav\u00f6r\u00f6s \u00e9rz\u00e9kel\u00e9st k\u00edn\u00e1l. A DB2 egy rendk\u00edv\u00fcl k\u00f6nnyen telep\u00edthet\u0151 \u00e9s minden id\u0151j\u00e1r\u00e1si k\u00f6r\u00fclm\u00e9nyek k\u00f6z\u00f6tt megb\u00edzhat\u00f3 bej\u00e1rati ajt\u00f3 v\u00e9delem 2K felbont\u00e1sban, sz\u00e9les l\u00e1t\u00f3mez\u0151vel, nagy akkumul\u00e1torkapacit\u00e1ssal. Egy \u00faj biztons\u00e1gi lehet\u0151s\u00e9g minden lak\u00e1stulajdonos sz\u00e1m\u00e1ra, id\u0151seknek \u00e9s fiataloknak egyar\u00e1nt. Tudd meg, ki \u00e9s mi\u00e9rt van ott, miel\u0151tt kinyitod az ajt\u00f3t.<\/p>\n","protected":false},"excerpt":{"rendered":"EZVIZ DB2 kamer\u00e1s ajt\u00f3cseng\u0151 teszt: az otthonunk &#8222;okoss\u00e1&#8221; alak\u00edt\u00e1s\u00e1ra m\u00e1r l\u00e9p\u00e9senk\u00e9nt is negoldhat\u00f3, ez\u00fattal az okos ajt\u00f3cseng\u0151t mutatjuk be. ","protected":false},"author":13,"featured_media":15843,"comment_status":"open","ping_status":"open","sticky":false,"template":"","format":"standard","meta":{"wprm-recipe-roundup-name":"","wprm-recipe-roundup-description":"","footnotes":""},"categories":[5964,5946],"tags":[5433,5428,5430,5426,5431,59,5432,2127,2173,5427,1475,5429,82],"yoast_head":"<!-- This site is optimized with the Yoast SEO plugin v22.9 - https:\/\/yoast.com\/wordpress\/plugins\/seo\/ -->\n<title>EZVIZ DB2 kamer\u00e1s ajt\u00f3cseng\u0151 teszt - MediaMarkt Magazin<\/title>\n<meta name=\"description\" content=\"EZVIZ DB2 kamer\u00e1s ajt\u00f3cseng\u0151 teszt: az otthonunk &quot;okoss\u00e1&quot; alak\u00edt\u00e1s\u00e1ra m\u00e1r l\u00e9p\u00e9senk\u00e9nt is negoldhat\u00f3, ez\u00fattal az okos ajt\u00f3cseng\u0151t mutatjuk be.\" \/>\n<meta name=\"robots\" content=\"index, follow, max-snippet:-1, max-image-preview:large, max-video-preview:-1\" \/>\n<link rel=\"canonical\" href=\"https:\/\/hir.mediamarkt.hu\/magazin\/ezviz-okoseszkoz-teszt-videos-csengo\/\" \/>\n<meta property=\"og:locale\" content=\"hu_HU\" \/>\n<meta property=\"og:type\" content=\"article\" \/>\n<meta property=\"og:title\" content=\"EZVIZ DB2 kamer\u00e1s ajt\u00f3cseng\u0151 teszt - MediaMarkt Magazin\" \/>\n<meta property=\"og:description\" content=\"EZVIZ DB2 kamer\u00e1s ajt\u00f3cseng\u0151 teszt: az otthonunk &quot;okoss\u00e1&quot; alak\u00edt\u00e1s\u00e1ra m\u00e1r l\u00e9p\u00e9senk\u00e9nt is negoldhat\u00f3, ez\u00fattal az okos ajt\u00f3cseng\u0151t mutatjuk be.\" \/>\n<meta property=\"og:url\" content=\"https:\/\/hir.mediamarkt.hu\/magazin\/ezviz-okoseszkoz-teszt-videos-csengo\/\" \/>\n<meta property=\"og:site_name\" content=\"MediaMarkt Magazin\" \/>\n<meta property=\"article:publisher\" content=\"https:\/\/www.facebook.com\/MediaMarktMagyarorszag\" \/>\n<meta property=\"article:published_time\" content=\"2022-12-29T21:30:13+00:00\" \/>\n<meta property=\"article:modified_time\" content=\"2023-01-12T10:54:33+00:00\" \/>\n<meta property=\"og:image\" content=\"https:\/\/hir.mediamarkt.hu\/magazin\/wp-content\/uploads\/2022\/12\/EZVIZ_csengo_teszt.jpg\" \/>\n\t<meta property=\"og:image:width\" content=\"1024\" \/>\n\t<meta property=\"og:image:height\" content=\"619\" \/>\n\t<meta property=\"og:image:type\" content=\"image\/jpeg\" \/>\n<meta name=\"author\" content=\"Media Markt\" \/>\n<meta name=\"twitter:label1\" content=\"Szerz\u0151:\" \/>\n\t<meta name=\"twitter:data1\" content=\"Media Markt\" \/>\n\t<meta name=\"twitter:label2\" content=\"Becs\u00fclt olvas\u00e1si id\u0151\" \/>\n\t<meta name=\"twitter:data2\" content=\"7 perc\" \/>\n<script type=\"application\/ld+json\" class=\"yoast-schema-graph\">{\"@context\":\"https:\/\/schema.org\",\"@graph\":[{\"@type\":\"WebPage\",\"@id\":\"https:\/\/hir.mediamarkt.hu\/magazin\/ezviz-okoseszkoz-teszt-videos-csengo\/\",\"url\":\"https:\/\/hir.mediamarkt.hu\/magazin\/ezviz-okoseszkoz-teszt-videos-csengo\/\",\"name\":\"EZVIZ DB2 kamer\u00e1s ajt\u00f3cseng\u0151 teszt - MediaMarkt Magazin\",\"isPartOf\":{\"@id\":\"https:\/\/hir.mediamarkt.hu\/magazin\/#website\"},\"primaryImageOfPage\":{\"@id\":\"https:\/\/hir.mediamarkt.hu\/magazin\/ezviz-okoseszkoz-teszt-videos-csengo\/#primaryimage\"},\"image\":{\"@id\":\"https:\/\/hir.mediamarkt.hu\/magazin\/ezviz-okoseszkoz-teszt-videos-csengo\/#primaryimage\"},\"thumbnailUrl\":\"https:\/\/hir.mediamarkt.hu\/magazin\/wp-content\/uploads\/2022\/12\/EZVIZ_csengo_teszt.jpg\",\"datePublished\":\"2022-12-29T21:30:13+00:00\",\"dateModified\":\"2023-01-12T10:54:33+00:00\",\"author\":{\"@id\":\"https:\/\/hir.mediamarkt.hu\/magazin\/#\/schema\/person\/b93b02ec1ab4d2353f8d281e171c1b0b\"},\"description\":\"EZVIZ DB2 kamer\u00e1s ajt\u00f3cseng\u0151 teszt: az otthonunk \\\"okoss\u00e1\\\" alak\u00edt\u00e1s\u00e1ra m\u00e1r l\u00e9p\u00e9senk\u00e9nt is negoldhat\u00f3, ez\u00fattal az okos ajt\u00f3cseng\u0151t mutatjuk be.\",\"breadcrumb\":{\"@id\":\"https:\/\/hir.mediamarkt.hu\/magazin\/ezviz-okoseszkoz-teszt-videos-csengo\/#breadcrumb\"},\"inLanguage\":\"hu\",\"potentialAction\":[{\"@type\":\"ReadAction\",\"target\":[\"https:\/\/hir.mediamarkt.hu\/magazin\/ezviz-okoseszkoz-teszt-videos-csengo\/\"]}]},{\"@type\":\"ImageObject\",\"inLanguage\":\"hu\",\"@id\":\"https:\/\/hir.mediamarkt.hu\/magazin\/ezviz-okoseszkoz-teszt-videos-csengo\/#primaryimage\",\"url\":\"https:\/\/hir.mediamarkt.hu\/magazin\/wp-content\/uploads\/2022\/12\/EZVIZ_csengo_teszt.jpg\",\"contentUrl\":\"https:\/\/hir.mediamarkt.hu\/magazin\/wp-content\/uploads\/2022\/12\/EZVIZ_csengo_teszt.jpg\",\"width\":1024,\"height\":619},{\"@type\":\"BreadcrumbList\",\"@id\":\"https:\/\/hir.mediamarkt.hu\/magazin\/ezviz-okoseszkoz-teszt-videos-csengo\/#breadcrumb\",\"itemListElement\":[{\"@type\":\"ListItem\",\"position\":1,\"name\":\"Kezd\u0151lap\",\"item\":\"https:\/\/hir.mediamarkt.hu\/magazin\/\"},{\"@type\":\"ListItem\",\"position\":2,\"name\":\"Tesztelt\u00fck\",\"item\":\"https:\/\/hir.mediamarkt.hu\/magazin\/teszteltuk\/\"},{\"@type\":\"ListItem\",\"position\":3,\"name\":\"EZVIZ DB2 kamer\u00e1s ajt\u00f3cseng\u0151 teszt\"}]},{\"@type\":\"WebSite\",\"@id\":\"https:\/\/hir.mediamarkt.hu\/magazin\/#website\",\"url\":\"https:\/\/hir.mediamarkt.hu\/magazin\/\",\"name\":\"MediaMarkt Magazin\",\"description\":\"Olvass bele magazinunkba!\",\"potentialAction\":[{\"@type\":\"SearchAction\",\"target\":{\"@type\":\"EntryPoint\",\"urlTemplate\":\"https:\/\/hir.mediamarkt.hu\/magazin\/?s={search_term_string}\"},\"query-input\":\"required name=search_term_string\"}],\"inLanguage\":\"hu\"},{\"@type\":\"Person\",\"@id\":\"https:\/\/hir.mediamarkt.hu\/magazin\/#\/schema\/person\/b93b02ec1ab4d2353f8d281e171c1b0b\",\"name\":\"Media Markt\",\"image\":{\"@type\":\"ImageObject\",\"inLanguage\":\"hu\",\"@id\":\"https:\/\/hir.mediamarkt.hu\/magazin\/#\/schema\/person\/image\/\",\"url\":\"https:\/\/secure.gravatar.com\/avatar\/602bccae8998beee472d01909f0978f1?s=96&d=mm&r=g\",\"contentUrl\":\"https:\/\/secure.gravatar.com\/avatar\/602bccae8998beee472d01909f0978f1?s=96&d=mm&r=g\",\"caption\":\"Media Markt\"}}]}<\/script>\n<!-- \/ Yoast SEO plugin. -->","yoast_head_json":{"title":"EZVIZ DB2 kamer\u00e1s ajt\u00f3cseng\u0151 teszt - MediaMarkt Magazin","description":"EZVIZ DB2 kamer\u00e1s ajt\u00f3cseng\u0151 teszt: az otthonunk \"okoss\u00e1\" alak\u00edt\u00e1s\u00e1ra m\u00e1r l\u00e9p\u00e9senk\u00e9nt is negoldhat\u00f3, ez\u00fattal az okos ajt\u00f3cseng\u0151t mutatjuk be.","robots":{"index":"index","follow":"follow","max-snippet":"max-snippet:-1","max-image-preview":"max-image-preview:large","max-video-preview":"max-video-preview:-1"},"canonical":"https:\/\/hir.mediamarkt.hu\/magazin\/ezviz-okoseszkoz-teszt-videos-csengo\/","og_locale":"hu_HU","og_type":"article","og_title":"EZVIZ DB2 kamer\u00e1s ajt\u00f3cseng\u0151 teszt - MediaMarkt Magazin","og_description":"EZVIZ DB2 kamer\u00e1s ajt\u00f3cseng\u0151 teszt: az otthonunk \"okoss\u00e1\" alak\u00edt\u00e1s\u00e1ra m\u00e1r l\u00e9p\u00e9senk\u00e9nt is negoldhat\u00f3, ez\u00fattal az okos ajt\u00f3cseng\u0151t mutatjuk be.","og_url":"https:\/\/hir.mediamarkt.hu\/magazin\/ezviz-okoseszkoz-teszt-videos-csengo\/","og_site_name":"MediaMarkt Magazin","article_publisher":"https:\/\/www.facebook.com\/MediaMarktMagyarorszag","article_published_time":"2022-12-29T21:30:13+00:00","article_modified_time":"2023-01-12T10:54:33+00:00","og_image":[{"width":1024,"height":619,"url":"https:\/\/hir.mediamarkt.hu\/magazin\/wp-content\/uploads\/2022\/12\/EZVIZ_csengo_teszt.jpg","type":"image\/jpeg"}],"author":"Media Markt","twitter_misc":{"Szerz\u0151:":"Media Markt","Becs\u00fclt olvas\u00e1si id\u0151":"7 perc"},"schema":{"@context":"https:\/\/schema.org","@graph":[{"@type":"WebPage","@id":"https:\/\/hir.mediamarkt.hu\/magazin\/ezviz-okoseszkoz-teszt-videos-csengo\/","url":"https:\/\/hir.mediamarkt.hu\/magazin\/ezviz-okoseszkoz-teszt-videos-csengo\/","name":"EZVIZ DB2 kamer\u00e1s ajt\u00f3cseng\u0151 teszt - MediaMarkt Magazin","isPartOf":{"@id":"https:\/\/hir.mediamarkt.hu\/magazin\/#website"},"primaryImageOfPage":{"@id":"https:\/\/hir.mediamarkt.hu\/magazin\/ezviz-okoseszkoz-teszt-videos-csengo\/#primaryimage"},"image":{"@id":"https:\/\/hir.mediamarkt.hu\/magazin\/ezviz-okoseszkoz-teszt-videos-csengo\/#primaryimage"},"thumbnailUrl":"https:\/\/hir.mediamarkt.hu\/magazin\/wp-content\/uploads\/2022\/12\/EZVIZ_csengo_teszt.jpg","datePublished":"2022-12-29T21:30:13+00:00","dateModified":"2023-01-12T10:54:33+00:00","author":{"@id":"https:\/\/hir.mediamarkt.hu\/magazin\/#\/schema\/person\/b93b02ec1ab4d2353f8d281e171c1b0b"},"description":"EZVIZ DB2 kamer\u00e1s ajt\u00f3cseng\u0151 teszt: az otthonunk \"okoss\u00e1\" alak\u00edt\u00e1s\u00e1ra m\u00e1r l\u00e9p\u00e9senk\u00e9nt is negoldhat\u00f3, ez\u00fattal az okos ajt\u00f3cseng\u0151t mutatjuk be.","breadcrumb":{"@id":"https:\/\/hir.mediamarkt.hu\/magazin\/ezviz-okoseszkoz-teszt-videos-csengo\/#breadcrumb"},"inLanguage":"hu","potentialAction":[{"@type":"ReadAction","target":["https:\/\/hir.mediamarkt.hu\/magazin\/ezviz-okoseszkoz-teszt-videos-csengo\/"]}]},{"@type":"ImageObject","inLanguage":"hu","@id":"https:\/\/hir.mediamarkt.hu\/magazin\/ezviz-okoseszkoz-teszt-videos-csengo\/#primaryimage","url":"https:\/\/hir.mediamarkt.hu\/magazin\/wp-content\/uploads\/2022\/12\/EZVIZ_csengo_teszt.jpg","contentUrl":"https:\/\/hir.mediamarkt.hu\/magazin\/wp-content\/uploads\/2022\/12\/EZVIZ_csengo_teszt.jpg","width":1024,"height":619},{"@type":"BreadcrumbList","@id":"https:\/\/hir.mediamarkt.hu\/magazin\/ezviz-okoseszkoz-teszt-videos-csengo\/#breadcrumb","itemListElement":[{"@type":"ListItem","position":1,"name":"Kezd\u0151lap","item":"https:\/\/hir.mediamarkt.hu\/magazin\/"},{"@type":"ListItem","position":2,"name":"Tesztelt\u00fck","item":"https:\/\/hir.mediamarkt.hu\/magazin\/teszteltuk\/"},{"@type":"ListItem","position":3,"name":"EZVIZ DB2 kamer\u00e1s ajt\u00f3cseng\u0151 teszt"}]},{"@type":"WebSite","@id":"https:\/\/hir.mediamarkt.hu\/magazin\/#website","url":"https:\/\/hir.mediamarkt.hu\/magazin\/","name":"MediaMarkt Magazin","description":"Olvass bele magazinunkba!","potentialAction":[{"@type":"SearchAction","target":{"@type":"EntryPoint","urlTemplate":"https:\/\/hir.mediamarkt.hu\/magazin\/?s={search_term_string}"},"query-input":"required name=search_term_string"}],"inLanguage":"hu"},{"@type":"Person","@id":"https:\/\/hir.mediamarkt.hu\/magazin\/#\/schema\/person\/b93b02ec1ab4d2353f8d281e171c1b0b","name":"Media Markt","image":{"@type":"ImageObject","inLanguage":"hu","@id":"https:\/\/hir.mediamarkt.hu\/magazin\/#\/schema\/person\/image\/","url":"https:\/\/secure.gravatar.com\/avatar\/602bccae8998beee472d01909f0978f1?s=96&d=mm&r=g","contentUrl":"https:\/\/secure.gravatar.com\/avatar\/602bccae8998beee472d01909f0978f1?s=96&d=mm&r=g","caption":"Media Markt"}}]}},"_links":{"self":[{"href":"https:\/\/hir.mediamarkt.hu\/magazin\/wp-json\/wp\/v2\/posts\/15505"}],"collection":[{"href":"https:\/\/hir.mediamarkt.hu\/magazin\/wp-json\/wp\/v2\/posts"}],"about":[{"href":"https:\/\/hir.mediamarkt.hu\/magazin\/wp-json\/wp\/v2\/types\/post"}],"author":[{"embeddable":true,"href":"https:\/\/hir.mediamarkt.hu\/magazin\/wp-json\/wp\/v2\/users\/13"}],"replies":[{"embeddable":true,"href":"https:\/\/hir.mediamarkt.hu\/magazin\/wp-json\/wp\/v2\/comments?post=15505"}],"version-history":[{"count":12,"href":"https:\/\/hir.mediamarkt.hu\/magazin\/wp-json\/wp\/v2\/posts\/15505\/revisions"}],"predecessor-version":[{"id":15849,"href":"https:\/\/hir.mediamarkt.hu\/magazin\/wp-json\/wp\/v2\/posts\/15505\/revisions\/15849"}],"wp:featuredmedia":[{"embeddable":true,"href":"https:\/\/hir.mediamarkt.hu\/magazin\/wp-json\/wp\/v2\/media\/15843"}],"wp:attachment":[{"href":"https:\/\/hir.mediamarkt.hu\/magazin\/wp-json\/wp\/v2\/media?parent=15505"}],"wp:term":[{"taxonomy":"category","embeddable":true,"href":"https:\/\/hir.mediamarkt.hu\/magazin\/wp-json\/wp\/v2\/categories?post=15505"},{"taxonomy":"post_tag","embeddable":true,"href":"https:\/\/hir.mediamarkt.hu\/magazin\/wp-json\/wp\/v2\/tags?post=15505"}],"curies":[{"name":"wp","href":"https:\/\/api.w.org\/{rel}","templated":true}]}}