{"id":15513,"date":"2022-12-04T23:01:31","date_gmt":"2022-12-04T22:01:31","guid":{"rendered":"https:\/\/hir.mediamarkt.hu\/magazin\/?p=15513"},"modified":"2022-12-05T12:06:26","modified_gmt":"2022-12-05T11:06:26","slug":"god-of-war-ragnarok-teszt","status":"publish","type":"post","link":"https:\/\/hir.mediamarkt.hu\/magazin\/god-of-war-ragnarok-teszt\/","title":{"rendered":"God of War: Ragnar\u00f6k teszt"},"content":{"rendered":"\n<p><strong>A 2018-ban megjelent God of War k\u00e9ts\u00e9gtelen\u00fcl mesterm\u0171k\u00e9nt vonult be a vide\u00f3j\u00e1t\u00e9k-t\u00f6rt\u00e9nelembe \u00e9s az a helyzet, hogy Kratos \u00e9s Atreus leg\u00fajabb kalandja m\u00e9g egy lap\u00e1ttal fel\u00fclm\u00falj\u00e1k az el\u0151d sikereit. <\/strong><\/p>\n<p>N\u00e9gy \u00e9s f\u00e9l \u00e9vvel ezel\u0151tt a <strong>SIE Santa Monica Studio<\/strong> v\u00e1ratlan m\u00f3don rebootolta a <strong>God of War-<\/strong>sz\u00e9ri\u00e1t. A m\u00e9lt\u00e1n n\u00e9pszer\u0171, \u00f6sszesen h\u00e1rom f\u0151 epiz\u00f3db\u00f3l \u00e9s n\u00e9h\u00e1ny mell\u00e9k\u00e1gb\u00f3l \u00e1ll\u00f3 <strong>hack \u2018n\u2019 slash<\/strong> c\u00edm ez\u00fattal egy j\u00f3val komolyabb, narrat\u00edv szempontb\u00f3l is \u00e9rettebb k\u00f6nt\u00f6st kapott. Sp\u00e1rta szelleme eddig is biztos\u00edt\u00e9k volt a sz\u00e9p elad\u00e1si sz\u00e1mokra, de 2018-ban senki nem gondolta volna, hogy ez az \u00faj megk\u00f6zel\u00edt\u00e9s egy olyan meghat\u00e1roz\u00f3 c\u00edm lesz a mostani gener\u00e1ci\u00f3k t\u00f6rt\u00e9net\u00e9ben, amelyhez foghat\u00f3t a j\u00e1t\u00e9kipar csak ritk\u00e1n mutat fel. Mi\u00e9rt?<\/p>\n<p>Mert <strong>Cory Barlog<\/strong> \u00e9s csapata zseni\u00e1lis m\u00f3don \u00f6tv\u00f6zte a sorozatra jellemz\u0151 adrenalint pump\u00e1l\u00f3 \u00e9lm\u00e9ny\u00e9t a sztorik\u00f6zpont\u00fa j\u00e1t\u00e9kokra jellemz\u0151 kreat\u00edv megold\u00e1saival. Teh\u00e1t \u00e1lland\u00f3 izgalmat, lebilincsel\u0151 t\u00f6rt\u00e9netet \u00e9s olyan karaktereket \u00edrtak a <strong>God of War<\/strong> \u201eels\u0151\u201d r\u00e9sz\u00e9hez, akikre \u00e9vekkel k\u00e9s\u0151bb is eml\u00e9kezni fogunk. Sz\u00f3val mondhatjuk, hogy a l\u00e9c iszonyatosan magasra ker\u00fclt mind a rajong\u00f3k, mind pedig az szakma r\u00e9sz\u00e9r\u0151l, \u00edgy k\u00e9ts\u00e9gtelen\u00fcl h\u00e1l\u00e1tlan feladat lehetett neki\u00e1llni a <strong>Ragnar\u00f6k<\/strong> fejleszt\u00e9s\u00e9nek. H\u00e1la a Santa Monica st\u00fadi\u00f3 veter\u00e1n brig\u00e1dj\u00e1nak, hiszen a k\u00e9sz\u00edt\u0151k gyakorlatilag majdnem minden tekintetben fel\u00fclm\u00falt\u00e1k az els\u0151 etapot. M\u00e9g miel\u0151tt elkezden\u00e9k szuperlat\u00edvuszokban besz\u00e9lni a folytat\u00e1sr\u00f3l, az\u00e9rt azt m\u00e1r az elej\u00e9n le kell sz\u00f6geznem, hogy a <strong>God of War: Ragnar\u00f6k<\/strong> egy\u00e1ltal\u00e1n nem lett hib\u00e1tlan. Az amerikai fejleszt\u0151k csup\u00e1n remek \u00e9rz\u00e9kkel ny\u00faltak hozz\u00e1 a j\u00e1t\u00e9k azon szegmenseihez, amiket m\u00e1r a 2018-as el\u0151zm\u00e9ny is kiv\u00e1l\u00f3an t\u00e1lalt, ezzel gyakorlatilag r\u00e1licit\u00e1lva a szoftver min\u0151s\u00e9g\u00e9re.<\/p>\n<p><iframe loading=\"lazy\" title=\"God Of War Ragnar\u00f6k - PlayStation Showcase 2021 Reveal Trailer | PS5 Games\" width=\"900\" height=\"506\" src=\"https:\/\/www.youtube.com\/embed\/EE-4GvjKcfs?feature=oembed\" frameborder=\"0\" allow=\"accelerometer; autoplay; clipboard-write; encrypted-media; gyroscope; picture-in-picture; web-share\" referrerpolicy=\"strict-origin-when-cross-origin\" allowfullscreen><\/iframe><\/p>\n<p>A t\u00f6rt\u00e9net pedig (majdnem) ott folytat\u00f3dik, ahol az el\u0151z\u0151 r\u00e9sz befejez\u0151 \u00e1tvezet\u0151je abbamaradt. H\u00e1rom esztend\u0151 telt el az\u00f3ta, hogy <strong>Kratos<\/strong> \u00e9s fia <strong>Atreus<\/strong> a kilenc birodalom legmagasabb hegycs\u00facs\u00e1r\u00f3l elsz\u00f3rt\u00e1k <strong>Faye<\/strong> hamvait, mik\u00f6zben egy halom nem v\u00e1rt esem\u00e9ny sor\u00e1n <strong>Kratos<\/strong>, az \u00e9szaki istens\u00e9gek k\u00f6z\u00f6tt szint\u00e9n j\u00f3 p\u00e1r ellens\u00e9gre tal\u00e1lt. M\u00edg <strong>Freya<\/strong> egykoron seg\u00edtett, ma m\u00e1r legink\u00e1bb a csillap\u00edthatatlan bossz\u00fav\u00e1gy\u00e1t\u00f3l f\u0171tve kar\u00f3n akarja l\u00e1tni a marcona g\u00f6r\u00f6g kopasz fej\u00e9t, de <strong>Thor<\/strong> hozz\u00e1nk f\u0171z\u0151d\u0151 viszonya sem k\u00fcl\u00f6nb\u00f6zik nagyban Odin ex\u00e9t\u0151l. A prol\u00f3gus term\u00e9szetesen a <strong>Ragnar\u00f6k<\/strong>ben is kell\u0151 fesz\u00fclts\u00e9ggel \u00e9s intenzit\u00e1ssal nyit; az egyik pillanatban m\u00edg a gy\u00e1sszal \u00e9s gy\u0171l\u00f6lettel telt v\u00e1n istenn\u0151 t\u00f6r \u00e9let\u00fcnkre, a m\u00e1sikban m\u00e1r maga <strong>Thor<\/strong>, h\u00edres p\u00f6r\u00f6ly\u00e9nek k\u00eds\u00e9ret\u00e9ben kopogtat az ajt\u00f3nkon, \u00e9s hamar el\u0151ker\u00fcl <strong>Odin<\/strong> is, akinek h\u00edrneve j\u00f3csk\u00e1n megel\u0151zte a <strong>Mindens\u00e9g<\/strong> <strong>Atyj\u00e1t<\/strong> \u2013 term\u00e9szetesen csakis pejorat\u00edv \u00e9rtelemben.<\/p>\n<p>Az \u00e1z istens\u00e9gek haragja azonban csak egy a sok k\u00f6z\u00fcl, az elm\u00falt h\u00e1rom \u00e9vben ugyanis bek\u00f6sz\u00f6nt\u00f6tt a vil\u00e1gmindens\u00e9g leghosszabb tele, amit a pr\u00f3f\u00e9ci\u00e1k szerint egy mindent elpuszt\u00edt\u00f3 h\u00e1bor\u00fa, vagyis maga a <strong>ragnar\u00f6k<\/strong> k\u00f6vet. A b\u00f6lcs <strong>norn\u00e1k<\/strong> m\u00e1r r\u00e9g megj\u00f6vend\u00f6lt\u00e9k a megrend\u00edthetetlennek t\u0171n\u0151 \u00e1zok buk\u00e1s\u00e1t \u00e9s egyben vil\u00e1g pusztul\u00e1s\u00e1t, de nem sz\u00e1moltak a <strong>H\u00e1bor\u00fa Isten\u00e9vel.<\/strong> Mint tudjuk a h\u00fcmm\u00f6g\u0151 <strong>Kratos<\/strong> nem hisz a sorsban, egyetlen gordiuszi csom\u00f3 sem \u00e1llhat ellen a dupla peng\u00e9knek \u00e9s \u00fagy t\u0171nik <strong>Atreus<\/strong> apjafia ebben az \u00e9rtelemben. A kamassz\u00e1 cseperedett fi\u00fa teh\u00e1t nem hagyja, hogy holmi \u0151si t\u00e1bl\u00e1kra v\u00e9sett rejtjeles mendemond\u00e1k meghat\u00e1rozz\u00e1k sorsukat.<\/p>\n<p><iframe loading=\"lazy\" title=\"God of War Ragnar\u00f6k - State of Play Sep 2022 Story Trailer | PS5 &amp; PS4 Games\" width=\"900\" height=\"506\" src=\"https:\/\/www.youtube.com\/embed\/hfJ4Km46A-0?feature=oembed\" frameborder=\"0\" allow=\"accelerometer; autoplay; clipboard-write; encrypted-media; gyroscope; picture-in-picture; web-share\" referrerpolicy=\"strict-origin-when-cross-origin\" allowfullscreen><\/iframe><\/p>\n<p>Elt\u00f6k\u00e9lts\u00e9g ide vagy oda, megv\u00e1laszolatlan k\u00e9rd\u00e9sek tucatjai \u00e1llnak az ifj\u00fa f\u00e9l\u00f3ri\u00e1s el\u0151tt. Mi t\u00f6rt\u00e9nt \u00e9desanyja, vagyis az \u00f3ri\u00e1sok n\u00e9p\u00e9vel? Hov\u00e1 t\u0171nt <strong>Tyr,<\/strong> az \u00e9szaki h\u00e1bor\u00fa isten\u00e9vel vagy egy\u00e1ltal\u00e1n milyen sors v\u00e1r r\u00e1, mint <strong>Loki?<\/strong> Meglep\u0151 lehet, de az egykoron tit\u00e1nokkal \u00e9s f\u0151istens\u00e9gekkel hadakoz\u00f3 <strong>Kratos<\/strong> ink\u00e1bb a bujdos\u00e1st v\u00e1lasztja <strong>Odin<\/strong> el\u0151l, mintsem meg\u00e9lezett fejsz\u00e9vel <strong>Asgard<\/strong>ba menjen \u00e9s sz\u00e9tcsapjon mindent. <strong>Atreus<\/strong> tudja, hogy t\u00e9tlen hozz\u00e1\u00e1ll\u00e1sukkal pont az ellenf\u00e9l kez\u00e9re j\u00e1tszanak, viszont a sz\u0171kszav\u00fa g\u00f6r\u00f6g hajthatatlannak t\u0171nik -, m\u00edgnem bekopogtat hozz\u00e1juk a <strong>Mennyd\u00f6rg\u00e9s<\/strong> istene. A fi\u00fat az el\u0151z\u0151 r\u00e9szben is j\u00f3l \u00e9rezhet\u0151 bizony\u00edt\u00e1si v\u00e1gy hajtott (ami nem meglep\u0151, ha valakit egy ilyen szigor\u00fa apa nevel), ez pedig az\u00f3ta sem csillapodott, s\u0151t tov\u00e1bbra is hajlamos egy-egy bizonytalan pillanatban homlokegyenest a veszt\u00e9be rohanni. Mindez pedig \u00e9rthet\u0151, s\u0151t egy\u00e1ltal\u00e1n nem baj a narrat\u00edva szempontj\u00e1b\u00f3l, hiszen <strong>Atreus<\/strong> szem\u00e9lyis\u00e9gfejl\u0151d\u00e9se a <strong>God of War: Ragnar\u00f6k<\/strong> t\u00f6rt\u00e9net\u00e9nek egyik leger\u0151sebb sz\u00e1la lett.<\/p>\n<p><strong>Sonny Suljic (Atreus)<\/strong> remek\u00fcl belej\u00f6tt a szerep\u00e9be, de a minden eddigin\u00e9l t\u00f6k\u00e9letesebb ellenp\u00f3lus m\u00e9g mindig <strong>Christopher Judge (Kratos)<\/strong> m\u00e9lyen d\u00f6rm\u00f6g\u0151 karaktere adja. A 2018-as el\u0151d \u00f3ta jelent\u0151sen elm\u00e9ly\u00fclt apa-fi\u00fa kapcsolatot pedig olyan emberk\u00f6zeliv\u00e9 tette a st\u00fadi\u00f3, amin\u00e9l ehhez hasonl\u00f3t csup\u00e1n nagy ritk\u00e1n l\u00e1tunk egy vide\u00f3j\u00e1t\u00e9kt\u00f3l. A f\u0151h\u0151s\u00f6k mellett azonban a mell\u00e9kszerepl\u0151k, &#8211; legyen sz\u00f3 <strong>Freya<\/strong>, a t\u00f6rp <strong>Huldra-testv\u00e9r<\/strong>ek vagy <strong>Mimir<\/strong> figur\u00e1ir\u00f3l &#8211; szint\u00e9n pazar sz\u00ednfoltjai a cselekm\u00e9nynek, tov\u00e1bb\u00e1 a most sz\u00ednre l\u00e9p\u0151 istens\u00e9geket pedig egy eg\u00e9szen \u00faj vagy legal\u00e1bbis m\u00e1s megvil\u00e1g\u00edt\u00e1sb\u00f3l l\u00e1thatjuk, de \u0150k is remek dramaturgi\u00e1val rendelkeznek. P\u00e9ld\u00e1nak ok\u00e1\u00e9rt <strong>Thor<\/strong> jelenl\u00e9te minden m\u00e1sodpercben v\u00e9rfagyaszt\u00f3an hat, az igazi ellenl\u00e1bas, <strong>Odin<\/strong> pedig egy olyan manipulat\u00edv, ravasz \u00e9s egyben m\u00e9gis olyan karizmatikus karakterk\u00e9nt lett megalkotva, aki m\u00e9lt\u00f3 ellenfele lesz a <strong>Kratos<\/strong>&#8211;<strong>Atreus<\/strong> kett\u0151snek.<\/p>\n<p><iframe loading=\"lazy\" title=\"God of War Ragnar\u00f6k - &quot;Father and Son&quot; Cinematic Trailer | PS5 &amp; PS4 Games\" width=\"900\" height=\"506\" src=\"https:\/\/www.youtube.com\/embed\/dIQGI36BxDE?feature=oembed\" frameborder=\"0\" allow=\"accelerometer; autoplay; clipboard-write; encrypted-media; gyroscope; picture-in-picture; web-share\" referrerpolicy=\"strict-origin-when-cross-origin\" allowfullscreen><\/iframe><\/p>\n<p>L\u00e1thatjuk, hogy mind a kreat\u00edv csapat \u00e9s mind a sz\u00edn\u00e9szek fantasztikus munk\u00e1t v\u00e9geztek, a <strong>God of War<\/strong> azonban nem lehetne teljes a fantasztikus l\u00e1tv\u00e1nyvil\u00e1g \u00e9s p\u00f6rg\u0151s akci\u00f3 n\u00e9lk\u00fcl. Az el\u0151z\u0151 r\u00e9szt\u0151l elt\u00e9r\u0151en itt m\u00e1r a j\u00e1t\u00e9k els\u0151 \u00f3r\u00e1iban sokkal ac\u00e9losabbnak \u00e9rezz\u00fck f\u0151h\u0151s\u00fcnk felszerel\u00e9seit \u00e9s k\u00e9pess\u00e9geit. Az elengedhetetlen <strong>Leviat\u00e1n<\/strong> fejsze mell\u00e9 az ikonikus <strong>K\u00e1oszpeng\u00e9it<\/strong> szint\u00e9n megkapjuk m\u00e1r a sztori legelej\u00e9n, \u00e9s hab\u00e1r kezdetben a fejleszt\u00e9s\u00fck gyakorlatilag teljesen megegyezik az el\u0151z\u0151 epiz\u00f3d megold\u00e1saival, ez\u00fattal j\u00f3val szerte\u00e1gaz\u00f3bb m\u00f3don \u00e9s m\u00e9lyebben belemehet\u00fcnk azok tulajdons\u00e1gaik, illetve eszk\u00f6zt\u00e1runk szem\u00e9lyre szab\u00e1s\u00e1ba. Mindez pedig term\u00e9szetesen nem azt jelenti, hogy a j\u00e1t\u00e9kmenet ne fejl\u0151d\u00f6tt volna \u00e9s ne tudna m\u00e9g 20-30 \u00f3ra ut\u00e1n \u00fajdons\u00e1got felmutatni, egyszer\u0171en csak az remek \u00e9s stabil alapokat \u00e9rintetlen\u00fcl hagyt\u00e1k a fejleszt\u0151k.<\/p>\n<p>A harcrendszer egyik leg\u00e9rz\u00e9kelhet\u0151bb v\u00e1ltoztat\u00e1sa a pajzs haszn\u00e1lati szok\u00e1sa lesz. A s\u00falyos fegyvercsap\u00e1sokat ellens\u00falyoz\u00f3 v\u00e9delmi eszk\u00f6zt pont \u00fagy szabhatjuk saj\u00e1t sz\u00e1j\u00edzl\u00e9s\u00fcnkre, mint a sp\u00e1rtai b\u00e1rmely m\u00e1sik munkaeszk\u00f6z\u00e9t. Term\u00e9szetesen most is lehet\u00fcnk a t\u0171pontos v\u00e9d\u00e9sek \u00e9s gyors ellent\u00e1mad\u00e1sok mesterei, de maradhatunk a kev\u00e9sb\u00e9 agilis, ellenben sziklaszil\u00e1rd v\u00e9delemn\u00e9l. B\u00e1rmelyiket v\u00e1lasztjuk az biztos, hogy kardin\u00e1lis k\u00e9rd\u00e9s lesz a pajzs megfelel\u0151 elsaj\u00e1t\u00edt\u00e1sa, hiszen a megfelel\u0151 id\u0151z\u00edt\u00e9s, valamint ellent\u00e1mad\u00e1s j\u00f3csk\u00e1n megk\u00f6nny\u00edti majd a dolgunkat legnagyobb \u00f6sszecsap\u00e1sokn\u00e1l. Az amerikai koll\u00e9g\u00e1k nagyon \u00fcgyesen megtal\u00e1lt\u00e1k azt a bizonyos egyens\u00falyt a vegytiszta RPG-elemek \u00e9s sz\u00edntiszta akci\u00f3 k\u00f6z\u00f6tt. A fejsze bitang csap\u00e1sai, annak eldob\u00e1sa \u00e9s visszah\u00edv\u00e1sa tov\u00e1bbra is megunhatatlan kombin\u00e1ci\u00f3ja a j\u00e1t\u00e9kmenetnek, de a l\u00e1ngol\u00f3 peng\u00e9kkel val\u00f3 kaszabol\u00e1s dett\u00f3 sz\u00e9p eml\u00e9keket id\u00e9z fel minden veter\u00e1n <strong>God of War-rajong\u00f3<\/strong> eml\u00e9kezet\u00e9ben. Az \u00f6sszecsap\u00e1sok m\u00e9g mindig brut\u00e1lisak \u00e9s intenz\u00edvek, a kiv\u00e9gz\u00e9sek minden eddigin\u00e9l kegyetlenebbek, t\u00e1rsunkat r\u00e1ad\u00e1sul soksz\u00edn\u0171bben tudjuk bevonni a haddelhaddba, mint eddig b\u00e1rmikor. Term\u00e9szetesen <strong>Kratos<\/strong> mellett ez\u00fattal is fejleszthetj\u00fck <strong>Atreus<\/strong> vagy \u00e9ppen m\u00e1s seg\u00edt\u0151nk k\u00e9pess\u00e9geit \u2013 bizony, nem csak az ifj\u00fa <strong>Loki<\/strong> fogja t\u00e1mogatni az elker\u00fclhetetlen <strong>ragnar\u00f6kh\u00f6z<\/strong> vezet\u0151 \u00fatunkat.<\/p>\n<p><iframe loading=\"lazy\" title=\"God of War Ragnarok - Official Trailer (Ben Stiller, LeBron James, John Travolta)\" width=\"900\" height=\"506\" src=\"https:\/\/www.youtube.com\/embed\/902Zltouttc?feature=oembed\" frameborder=\"0\" allow=\"accelerometer; autoplay; clipboard-write; encrypted-media; gyroscope; picture-in-picture; web-share\" referrerpolicy=\"strict-origin-when-cross-origin\" allowfullscreen><\/iframe><\/p>\n<p>Term\u00e9szetesen \u00fajb\u00f3l \u00e9rdemes alaposan bej\u00e1rni a vil\u00e1got, illetve vil\u00e1gokat, hiszen ez\u00fattal az \u00e9szaki mitol\u00f3gia mind a kilenc birodalm\u00e1t megl\u00e1togathatjuk. Mindegyik helysz\u00edn saj\u00e1t, teljesen elt\u00e9r\u0151 l\u00e1tv\u00e1nyvil\u00e1ggal rendelkezik, \u00edgy a m\u00e1r j\u00e9gbefagyott <strong>Midgard<\/strong> mellett, sivatagokba vagy v\u00e9gtelen erd\u0151s\u00e9gekbe vezet majd a sorsunk. Ezek pedig nemcsak teljesen saj\u00e1t \u00e9s egyedi fl\u00f3r\u00e1val, illetve faun\u00e1val rendelkeznek, de a m\u00e1s-m\u00e1s vil\u00e1gokban fellelhet\u0151 ellenfelek szint\u00e9n drasztikusan elt\u00e9rnek egym\u00e1st\u00f3l. A <strong>fimbulwinter<\/strong> nem k\u00edm\u00e9lte a visszat\u00e9r\u0151 helysz\u00edneket sem, \u00edgy ismer\u0151s terepre t\u00e9vedve is teljesen \u00fajnak fog hatni. Az pedig csak term\u00e9szetes, hogy a line\u00e1ris \u00faton vezetett f\u0151 t\u00f6rt\u00e9net mellett m\u00e9g mindig sz\u00e1mtalan mell\u00e9kk\u00fcldet\u00e9s, feladv\u00e1ny, kincs \u00e9s rejt\u00e9ly v\u00e1rja, hogy megoldjuk, illetve felfedezz\u00fck \u0151ket. Hab\u00e1r az els\u0151 fejezet sem volt r\u00f6vid, a <strong>Ragnar\u00f6k<\/strong> j\u00e1t\u00e9kideje sim\u00e1n el\u00e9rheti az 50-60 \u00f3r\u00e1t, amib\u0151l k\u00f6r\u00fclbel\u00fcl a f\u0151sz\u00e1l ennek a fel\u00e9t teszi ki.<\/p>\n<p>Technikai szempontb\u00f3l mondanom sem kell, hogy \u00fajb\u00f3l el lett\u00fcnk k\u00e9nyeztetve. Audiovizu\u00e1lis tekintetben ez\u00fattal is k\u00e1pr\u00e1zatos eredm\u00e9nyt kapunk, hab\u00e1r az mindenk\u00e9pp eml\u00edt\u00e9st \u00e9rdemel, hogy tal\u00e1n ebben fejl\u0151d\u00f6tt legkev\u00e9sb\u00e9 a <strong>Santa<\/strong> <strong>Monica<\/strong> j\u00e1t\u00e9ka. Anno a <strong>God of War<\/strong> j\u00f3csk\u00e1n megel\u0151zte a maga gener\u00e1ci\u00f3j\u00e1t, \u00edgy picit \u00e9rdekes az \u00f6sszhat\u00e1s, hogy a <strong>Ragnar\u00f6k<\/strong> l\u00e1tv\u00e1nyvil\u00e1ga csup\u00e1n minim\u00e1lis javul\u00e1st tudhat mag\u00e1\u00e9nak. Mindez persze azt is jelenti, hogy a k\u00f6rnyezet letagl\u00f3z\u00f3an hat, a grafikusmotor, a karakteranim\u00e1ci\u00f3k \u00e9s a szerepl\u0151k \u00e1br\u00e1zol\u00e1sa, valamint a <strong>motion capture<\/strong> egy\u00e9rtelm\u0171en az ipar\u00e1g cs\u00facs\u00e1t k\u00e9pviselik. A <strong>God of War: Ragnar\u00f6k<\/strong> \u00f6sszesen 3 grafikai m\u00f3dot t\u00e1mogat: <strong>PS5<\/strong>-\u00f6n a <strong>nat\u00edv 4K felbont\u00e1s<\/strong> \u00e9s <strong>30<\/strong> <strong>fps<\/strong> mell\u00e9 kapunk egy <strong>60-as k\u00e9pfriss\u00edt\u00e9s<\/strong>sel \u00e9s dinamikus <strong>4K<\/strong>-t c\u00e9lz\u00f3 m\u00f3dot, illetve egy ultragyors,<strong> 120 fps<\/strong>-ig terjed\u0151 <strong>1440p-s felbont\u00e1s<\/strong>t. Hangz\u00e1s tekintet\u00e9ben v\u00e9rprofi munk\u00e1t prezent\u00e1l a st\u00fadi\u00f3, minden hang, z\u00f6rej, zenei t\u00e9ma pontosan \u00fagy \u00e9s pont akkor sz\u00f3lal meg, amikor annak kell \u2013 \u00edgy kell vide\u00f3j\u00e1t\u00e9kot rendezni 2022-ben. Ha pedig nagyon k\u00f6t\u00f6zk\u00f6dni akarok, akkor maximum annyi technikai hib\u00e1t tudn\u00e9k felemlegetni, hogy egy-egy anim\u00e1ci\u00f3 az\u00e9rt beakadt a v\u00e9gigj\u00e1tsz\u00e1s alatt, illetve n\u00e9ha egyszer\u0171en hang n\u00e9lk\u00fcl indul el a j\u00e1t\u00e9k, de ut\u00f3bbit \u00e1ltal\u00e1ban egy \u00fajraind\u00edt\u00e1s k\u00f6nnyeden megoldotta. Egyed\u00fcl azt nem \u00e9rtem, hogy mi\u00e9rt nem rakott bele a kaliforniai csapat egy fot\u00f3m\u00f3dot, mivel a megannyi jelenet egyszer\u0171en \u00fcv\u00f6lt ez\u00e9rt a funkci\u00f3\u00e9rt, \u00edgy ezekn\u00e9l sajnos be kell \u00e9rn\u00fcnk a konzol k\u00e9perny\u0151ment\u00e9s\u00e9vel.<\/p>\n<p><iframe loading=\"lazy\" title=\"God of War Ragnar\u00f6k - Launch Trailer | PS5 &amp; PS4 Games\" width=\"900\" height=\"506\" src=\"https:\/\/www.youtube.com\/embed\/g1wr0DfV73E?feature=oembed\" frameborder=\"0\" allow=\"accelerometer; autoplay; clipboard-write; encrypted-media; gyroscope; picture-in-picture; web-share\" referrerpolicy=\"strict-origin-when-cross-origin\" allowfullscreen><\/iframe><\/p>\n<p><a href=\"https:\/\/hir.mediamarkt.hu\/magazin\/elden-ring-teszt\/\" target=\"_blank\" rel=\"noopener\">Elden Ring<\/a> ide vagy oda, a <strong>God of War<\/strong> k\u00e9ts\u00e9gtelen\u00fcl az \u00e9v j\u00e1t\u00e9ka. A fordulatokt\u00f3l kor\u00e1ntsem mentes cselekm\u00e9ny az utols\u00f3 percekig a k\u00e9perny\u0151 el\u00e9 szegez, azt\u00e1n ott vannak a fantasztikus narrat\u00edva szerves r\u00e9sz\u00e9t k\u00e9pz\u0151 r\u00e9gi-\u00faj karakterek \u00e9s term\u00e9szetesen a zseni\u00e1lisan meg\u00edrt, v\u00e9rprofi dial\u00f3gusok alkotta forgat\u00f3k\u00f6nyv is. Az \u00e9szaki vil\u00e1g k\u00e1pr\u00e1zatos soksz\u00edn\u0171s\u00e9gben pomp\u00e1zik, mindezt pedig megfejelt\u00e9k a k\u00e9sz\u00edt\u0151k egy olyan izgalmas, l\u00e1tv\u00e1nyos \u00e9s m\u00e9ly harc -, valamint fejl\u0151d\u00e9si rendszerrel, amihez foghat\u00f3t csak nagyon kev\u00e9s j\u00e1t\u00e9kban l\u00e1thattunk eddig. T\u00e9nyleg csak dics\u00e9rni tudom <strong>Kratos<\/strong> \u00e9s <strong>Atreus<\/strong> elk\u00e9peszt\u0151 \u00e9szaki kalandj\u00e1nak z\u00e1r\u00f3akkordj\u00e1t, ami egyszer\u0171en egyetlen j\u00e1t\u00e9kos k\u00f6nyvt\u00e1r\u00e1b\u00f3l sem hi\u00e1nyozhat!<\/p>\n<p>A j\u00e1t\u00e9k megv\u00e1s\u00e1rl\u00e1shoz <a href=\"https:\/\/www.mediamarkt.hu\/hu\/search.html?query=god+of+war+ragnar%C3%B6k&amp;searchProfile=onlineshop&amp;channel=mmhuhu\" target=\"_blank\" rel=\"noopener\">kattints ide!<\/a><\/p>\n<p><em>A God of War: Ragnar\u00f6k november 9-\u00e9n j\u00f6tt ki PlayStation 4 \u00e9s PlayStation 5 platformokra, mi az ut\u00f3bbi konzolon tesztelt\u00fck.<\/em><\/p>\n","protected":false},"excerpt":{"rendered":"A 2018-ban megjelent God of War k\u00e9ts\u00e9gtelen\u00fcl mesterm\u0171k\u00e9nt vonult be a vide\u00f3j\u00e1t\u00e9k-t\u00f6rt\u00e9nelembe \u00e9s az a helyzet, hogy Kratos \u00e9s Atreus leg\u00fajabb kalandja m\u00e9g egy lap\u00e1ttal fel\u00fclm\u00falj\u00e1k az el\u0151d sikereit. N\u00e9gy \u00e9s f\u00e9l \u00e9vvel ezel\u0151tt a SIE Santa Monica Studio v\u00e1ratlan m\u00f3don rebootolta a God of War-sz\u00e9ri\u00e1t. A m\u00e9lt\u00e1n n\u00e9pszer\u0171, \u00f6sszesen h\u00e1rom f\u0151 epiz\u00f3db\u00f3l \u00e9s n\u00e9h\u00e1ny mell\u00e9k\u00e1gb\u00f3l \u00e1ll\u00f3 hack \u2018n\u2019 slash c\u00edm ez\u00fattal egy j\u00f3val komolyabb, narrat\u00edv szempontb\u00f3l is \u00e9rettebb k\u00f6nt\u00f6st kapott. Sp\u00e1rta szelleme eddig is biztos\u00edt\u00e9k volt a sz\u00e9p elad\u00e1si sz\u00e1mokra, de 2018-ban senki nem gondolta volna, hogy ez az \u00faj megk\u00f6zel\u00edt\u00e9s egy olyan meghat\u00e1roz\u00f3 c\u00edm lesz a mostani gener\u00e1ci\u00f3k t\u00f6rt\u00e9net\u00e9ben, amelyhez foghat\u00f3t a j\u00e1t\u00e9kipar csak ritk\u00e1n mutat fel. Mi\u00e9rt? Mert Cory Barlog \u00e9s csapata zseni\u00e1lis m\u00f3don \u00f6tv\u00f6zte a sorozatra &#8230;","protected":false},"author":13,"featured_media":15515,"comment_status":"open","ping_status":"open","sticky":false,"template":"","format":"standard","meta":{"wprm-recipe-roundup-name":"","wprm-recipe-roundup-description":"","footnotes":""},"categories":[5954,5946],"tags":[5371,3034,5374,5370,5372,5373,4117,3435,4738,3963],"yoast_head":"<!-- This site is optimized with the Yoast SEO plugin v22.9 - https:\/\/yoast.com\/wordpress\/plugins\/seo\/ -->\n<title>God of War: Ragnar\u00f6k teszt - MediaMarkt Magazin<\/title>\n<meta name=\"description\" content=\"A 2018-as God of War k\u00e9ts\u00e9gtelen\u00fcl mesterm\u0171k\u00e9nt vonult be a vide\u00f3j\u00e1t\u00e9k-t\u00f6rt\u00e9nelembe \u00e9s az a helyzet, hogy a folytat\u00e1s hasonl\u00f3 bab\u00e9rokra t\u00f6r.\" \/>\n<meta name=\"robots\" content=\"index, follow, max-snippet:-1, max-image-preview:large, max-video-preview:-1\" \/>\n<link rel=\"canonical\" href=\"https:\/\/hir.mediamarkt.hu\/magazin\/god-of-war-ragnarok-teszt\/\" \/>\n<meta property=\"og:locale\" content=\"hu_HU\" \/>\n<meta property=\"og:type\" content=\"article\" \/>\n<meta property=\"og:title\" content=\"God of War: Ragnar\u00f6k teszt - MediaMarkt Magazin\" \/>\n<meta property=\"og:description\" content=\"A 2018-as God of War k\u00e9ts\u00e9gtelen\u00fcl mesterm\u0171k\u00e9nt vonult be a vide\u00f3j\u00e1t\u00e9k-t\u00f6rt\u00e9nelembe \u00e9s az a helyzet, hogy a folytat\u00e1s hasonl\u00f3 bab\u00e9rokra t\u00f6r.\" \/>\n<meta property=\"og:url\" content=\"https:\/\/hir.mediamarkt.hu\/magazin\/god-of-war-ragnarok-teszt\/\" \/>\n<meta property=\"og:site_name\" content=\"MediaMarkt Magazin\" \/>\n<meta property=\"article:publisher\" content=\"https:\/\/www.facebook.com\/MediaMarktMagyarorszag\" \/>\n<meta property=\"article:published_time\" content=\"2022-12-04T22:01:31+00:00\" \/>\n<meta property=\"article:modified_time\" content=\"2022-12-05T11:06:26+00:00\" \/>\n<meta property=\"og:image\" content=\"https:\/\/hir.mediamarkt.hu\/magazin\/wp-content\/uploads\/2022\/12\/1173124.jpeg\" \/>\n\t<meta property=\"og:image:width\" content=\"1440\" \/>\n\t<meta property=\"og:image:height\" content=\"810\" \/>\n\t<meta property=\"og:image:type\" content=\"image\/jpeg\" \/>\n<meta name=\"author\" content=\"Media Markt\" \/>\n<meta name=\"twitter:label1\" content=\"Szerz\u0151:\" \/>\n\t<meta name=\"twitter:data1\" content=\"Media Markt\" \/>\n\t<meta name=\"twitter:label2\" content=\"Becs\u00fclt olvas\u00e1si id\u0151\" \/>\n\t<meta name=\"twitter:data2\" content=\"7 perc\" \/>\n<script type=\"application\/ld+json\" class=\"yoast-schema-graph\">{\"@context\":\"https:\/\/schema.org\",\"@graph\":[{\"@type\":\"WebPage\",\"@id\":\"https:\/\/hir.mediamarkt.hu\/magazin\/god-of-war-ragnarok-teszt\/\",\"url\":\"https:\/\/hir.mediamarkt.hu\/magazin\/god-of-war-ragnarok-teszt\/\",\"name\":\"God of War: Ragnar\u00f6k teszt - MediaMarkt Magazin\",\"isPartOf\":{\"@id\":\"https:\/\/hir.mediamarkt.hu\/magazin\/#website\"},\"primaryImageOfPage\":{\"@id\":\"https:\/\/hir.mediamarkt.hu\/magazin\/god-of-war-ragnarok-teszt\/#primaryimage\"},\"image\":{\"@id\":\"https:\/\/hir.mediamarkt.hu\/magazin\/god-of-war-ragnarok-teszt\/#primaryimage\"},\"thumbnailUrl\":\"https:\/\/hir.mediamarkt.hu\/magazin\/wp-content\/uploads\/2022\/12\/1173124.jpeg\",\"datePublished\":\"2022-12-04T22:01:31+00:00\",\"dateModified\":\"2022-12-05T11:06:26+00:00\",\"author\":{\"@id\":\"https:\/\/hir.mediamarkt.hu\/magazin\/#\/schema\/person\/b93b02ec1ab4d2353f8d281e171c1b0b\"},\"description\":\"A 2018-as God of War k\u00e9ts\u00e9gtelen\u00fcl mesterm\u0171k\u00e9nt vonult be a vide\u00f3j\u00e1t\u00e9k-t\u00f6rt\u00e9nelembe \u00e9s az a helyzet, hogy a folytat\u00e1s hasonl\u00f3 bab\u00e9rokra t\u00f6r.\",\"breadcrumb\":{\"@id\":\"https:\/\/hir.mediamarkt.hu\/magazin\/god-of-war-ragnarok-teszt\/#breadcrumb\"},\"inLanguage\":\"hu\",\"potentialAction\":[{\"@type\":\"ReadAction\",\"target\":[\"https:\/\/hir.mediamarkt.hu\/magazin\/god-of-war-ragnarok-teszt\/\"]}]},{\"@type\":\"ImageObject\",\"inLanguage\":\"hu\",\"@id\":\"https:\/\/hir.mediamarkt.hu\/magazin\/god-of-war-ragnarok-teszt\/#primaryimage\",\"url\":\"https:\/\/hir.mediamarkt.hu\/magazin\/wp-content\/uploads\/2022\/12\/1173124.jpeg\",\"contentUrl\":\"https:\/\/hir.mediamarkt.hu\/magazin\/wp-content\/uploads\/2022\/12\/1173124.jpeg\",\"width\":1440,\"height\":810},{\"@type\":\"BreadcrumbList\",\"@id\":\"https:\/\/hir.mediamarkt.hu\/magazin\/god-of-war-ragnarok-teszt\/#breadcrumb\",\"itemListElement\":[{\"@type\":\"ListItem\",\"position\":1,\"name\":\"Kezd\u0151lap\",\"item\":\"https:\/\/hir.mediamarkt.hu\/magazin\/\"},{\"@type\":\"ListItem\",\"position\":2,\"name\":\"Tesztelt\u00fck\",\"item\":\"https:\/\/hir.mediamarkt.hu\/magazin\/teszteltuk\/\"},{\"@type\":\"ListItem\",\"position\":3,\"name\":\"God of War: Ragnar\u00f6k teszt\"}]},{\"@type\":\"WebSite\",\"@id\":\"https:\/\/hir.mediamarkt.hu\/magazin\/#website\",\"url\":\"https:\/\/hir.mediamarkt.hu\/magazin\/\",\"name\":\"MediaMarkt Magazin\",\"description\":\"Olvass bele magazinunkba!\",\"potentialAction\":[{\"@type\":\"SearchAction\",\"target\":{\"@type\":\"EntryPoint\",\"urlTemplate\":\"https:\/\/hir.mediamarkt.hu\/magazin\/?s={search_term_string}\"},\"query-input\":\"required name=search_term_string\"}],\"inLanguage\":\"hu\"},{\"@type\":\"Person\",\"@id\":\"https:\/\/hir.mediamarkt.hu\/magazin\/#\/schema\/person\/b93b02ec1ab4d2353f8d281e171c1b0b\",\"name\":\"Media Markt\",\"image\":{\"@type\":\"ImageObject\",\"inLanguage\":\"hu\",\"@id\":\"https:\/\/hir.mediamarkt.hu\/magazin\/#\/schema\/person\/image\/\",\"url\":\"https:\/\/secure.gravatar.com\/avatar\/602bccae8998beee472d01909f0978f1?s=96&d=mm&r=g\",\"contentUrl\":\"https:\/\/secure.gravatar.com\/avatar\/602bccae8998beee472d01909f0978f1?s=96&d=mm&r=g\",\"caption\":\"Media Markt\"}}]}<\/script>\n<!-- \/ Yoast SEO plugin. -->","yoast_head_json":{"title":"God of War: Ragnar\u00f6k teszt - MediaMarkt Magazin","description":"A 2018-as God of War k\u00e9ts\u00e9gtelen\u00fcl mesterm\u0171k\u00e9nt vonult be a vide\u00f3j\u00e1t\u00e9k-t\u00f6rt\u00e9nelembe \u00e9s az a helyzet, hogy a folytat\u00e1s hasonl\u00f3 bab\u00e9rokra t\u00f6r.","robots":{"index":"index","follow":"follow","max-snippet":"max-snippet:-1","max-image-preview":"max-image-preview:large","max-video-preview":"max-video-preview:-1"},"canonical":"https:\/\/hir.mediamarkt.hu\/magazin\/god-of-war-ragnarok-teszt\/","og_locale":"hu_HU","og_type":"article","og_title":"God of War: Ragnar\u00f6k teszt - MediaMarkt Magazin","og_description":"A 2018-as God of War k\u00e9ts\u00e9gtelen\u00fcl mesterm\u0171k\u00e9nt vonult be a vide\u00f3j\u00e1t\u00e9k-t\u00f6rt\u00e9nelembe \u00e9s az a helyzet, hogy a folytat\u00e1s hasonl\u00f3 bab\u00e9rokra t\u00f6r.","og_url":"https:\/\/hir.mediamarkt.hu\/magazin\/god-of-war-ragnarok-teszt\/","og_site_name":"MediaMarkt Magazin","article_publisher":"https:\/\/www.facebook.com\/MediaMarktMagyarorszag","article_published_time":"2022-12-04T22:01:31+00:00","article_modified_time":"2022-12-05T11:06:26+00:00","og_image":[{"width":1440,"height":810,"url":"https:\/\/hir.mediamarkt.hu\/magazin\/wp-content\/uploads\/2022\/12\/1173124.jpeg","type":"image\/jpeg"}],"author":"Media Markt","twitter_misc":{"Szerz\u0151:":"Media Markt","Becs\u00fclt olvas\u00e1si id\u0151":"7 perc"},"schema":{"@context":"https:\/\/schema.org","@graph":[{"@type":"WebPage","@id":"https:\/\/hir.mediamarkt.hu\/magazin\/god-of-war-ragnarok-teszt\/","url":"https:\/\/hir.mediamarkt.hu\/magazin\/god-of-war-ragnarok-teszt\/","name":"God of War: Ragnar\u00f6k teszt - MediaMarkt Magazin","isPartOf":{"@id":"https:\/\/hir.mediamarkt.hu\/magazin\/#website"},"primaryImageOfPage":{"@id":"https:\/\/hir.mediamarkt.hu\/magazin\/god-of-war-ragnarok-teszt\/#primaryimage"},"image":{"@id":"https:\/\/hir.mediamarkt.hu\/magazin\/god-of-war-ragnarok-teszt\/#primaryimage"},"thumbnailUrl":"https:\/\/hir.mediamarkt.hu\/magazin\/wp-content\/uploads\/2022\/12\/1173124.jpeg","datePublished":"2022-12-04T22:01:31+00:00","dateModified":"2022-12-05T11:06:26+00:00","author":{"@id":"https:\/\/hir.mediamarkt.hu\/magazin\/#\/schema\/person\/b93b02ec1ab4d2353f8d281e171c1b0b"},"description":"A 2018-as God of War k\u00e9ts\u00e9gtelen\u00fcl mesterm\u0171k\u00e9nt vonult be a vide\u00f3j\u00e1t\u00e9k-t\u00f6rt\u00e9nelembe \u00e9s az a helyzet, hogy a folytat\u00e1s hasonl\u00f3 bab\u00e9rokra t\u00f6r.","breadcrumb":{"@id":"https:\/\/hir.mediamarkt.hu\/magazin\/god-of-war-ragnarok-teszt\/#breadcrumb"},"inLanguage":"hu","potentialAction":[{"@type":"ReadAction","target":["https:\/\/hir.mediamarkt.hu\/magazin\/god-of-war-ragnarok-teszt\/"]}]},{"@type":"ImageObject","inLanguage":"hu","@id":"https:\/\/hir.mediamarkt.hu\/magazin\/god-of-war-ragnarok-teszt\/#primaryimage","url":"https:\/\/hir.mediamarkt.hu\/magazin\/wp-content\/uploads\/2022\/12\/1173124.jpeg","contentUrl":"https:\/\/hir.mediamarkt.hu\/magazin\/wp-content\/uploads\/2022\/12\/1173124.jpeg","width":1440,"height":810},{"@type":"BreadcrumbList","@id":"https:\/\/hir.mediamarkt.hu\/magazin\/god-of-war-ragnarok-teszt\/#breadcrumb","itemListElement":[{"@type":"ListItem","position":1,"name":"Kezd\u0151lap","item":"https:\/\/hir.mediamarkt.hu\/magazin\/"},{"@type":"ListItem","position":2,"name":"Tesztelt\u00fck","item":"https:\/\/hir.mediamarkt.hu\/magazin\/teszteltuk\/"},{"@type":"ListItem","position":3,"name":"God of War: Ragnar\u00f6k teszt"}]},{"@type":"WebSite","@id":"https:\/\/hir.mediamarkt.hu\/magazin\/#website","url":"https:\/\/hir.mediamarkt.hu\/magazin\/","name":"MediaMarkt Magazin","description":"Olvass bele magazinunkba!","potentialAction":[{"@type":"SearchAction","target":{"@type":"EntryPoint","urlTemplate":"https:\/\/hir.mediamarkt.hu\/magazin\/?s={search_term_string}"},"query-input":"required name=search_term_string"}],"inLanguage":"hu"},{"@type":"Person","@id":"https:\/\/hir.mediamarkt.hu\/magazin\/#\/schema\/person\/b93b02ec1ab4d2353f8d281e171c1b0b","name":"Media Markt","image":{"@type":"ImageObject","inLanguage":"hu","@id":"https:\/\/hir.mediamarkt.hu\/magazin\/#\/schema\/person\/image\/","url":"https:\/\/secure.gravatar.com\/avatar\/602bccae8998beee472d01909f0978f1?s=96&d=mm&r=g","contentUrl":"https:\/\/secure.gravatar.com\/avatar\/602bccae8998beee472d01909f0978f1?s=96&d=mm&r=g","caption":"Media Markt"}}]}},"_links":{"self":[{"href":"https:\/\/hir.mediamarkt.hu\/magazin\/wp-json\/wp\/v2\/posts\/15513"}],"collection":[{"href":"https:\/\/hir.mediamarkt.hu\/magazin\/wp-json\/wp\/v2\/posts"}],"about":[{"href":"https:\/\/hir.mediamarkt.hu\/magazin\/wp-json\/wp\/v2\/types\/post"}],"author":[{"embeddable":true,"href":"https:\/\/hir.mediamarkt.hu\/magazin\/wp-json\/wp\/v2\/users\/13"}],"replies":[{"embeddable":true,"href":"https:\/\/hir.mediamarkt.hu\/magazin\/wp-json\/wp\/v2\/comments?post=15513"}],"version-history":[{"count":6,"href":"https:\/\/hir.mediamarkt.hu\/magazin\/wp-json\/wp\/v2\/posts\/15513\/revisions"}],"predecessor-version":[{"id":15524,"href":"https:\/\/hir.mediamarkt.hu\/magazin\/wp-json\/wp\/v2\/posts\/15513\/revisions\/15524"}],"wp:featuredmedia":[{"embeddable":true,"href":"https:\/\/hir.mediamarkt.hu\/magazin\/wp-json\/wp\/v2\/media\/15515"}],"wp:attachment":[{"href":"https:\/\/hir.mediamarkt.hu\/magazin\/wp-json\/wp\/v2\/media?parent=15513"}],"wp:term":[{"taxonomy":"category","embeddable":true,"href":"https:\/\/hir.mediamarkt.hu\/magazin\/wp-json\/wp\/v2\/categories?post=15513"},{"taxonomy":"post_tag","embeddable":true,"href":"https:\/\/hir.mediamarkt.hu\/magazin\/wp-json\/wp\/v2\/tags?post=15513"}],"curies":[{"name":"wp","href":"https:\/\/api.w.org\/{rel}","templated":true}]}}