{"id":15710,"date":"2022-12-16T12:20:50","date_gmt":"2022-12-16T11:20:50","guid":{"rendered":"https:\/\/hir.mediamarkt.hu\/magazin\/?p=15710"},"modified":"2022-12-29T17:09:40","modified_gmt":"2022-12-29T16:09:40","slug":"amazfit-band-7-laza-kapcsolat","status":"publish","type":"post","link":"https:\/\/hir.mediamarkt.hu\/magazin\/amazfit-band-7-laza-kapcsolat\/","title":{"rendered":"Amazfit Band 7: laza kapcsolat"},"content":{"rendered":"\n<p class=\"has-text-align-justify\">Kev\u00e9s p\u00e9nzb\u0151l egy divatos, sz\u00e9p kijelz\u0151s okoskark\u00f6t\u0151, amely napi t\u00e1rsunk lehet? Van ilyen, \u00fagy h\u00edvj\u00e1k, hogy Amazfit Band 7!<\/p>\n\n\n\n<div class=\"wp-block-jetpack-tiled-gallery aligncenter is-style-rectangular\"><div class=\"tiled-gallery__gallery\"><div class=\"tiled-gallery__row\"><div class=\"tiled-gallery__col\" style=\"flex-basis:51.88755%\"><figure class=\"tiled-gallery__item\"><img decoding=\"async\" alt=\"\" data-height=\"225\" data-id=\"15787\" data-link=\"https:\/\/hir.mediamarkt.hu\/magazin\/amazfit-band-7-laza-kapcsolat\/amazfit_band7_teszt-3\/\" data-url=\"https:\/\/hir.mediamarkt.hu\/magazin\/wp-content\/uploads\/2022\/12\/Amazfit_band7_teszt-3.png\" data-width=\"325\" src=\"https:\/\/i2.wp.com\/hir.mediamarkt.hu\/magazin\/wp-content\/uploads\/2022\/12\/Amazfit_band7_teszt-3.png?ssl=1\" data-amp-layout=\"responsive\"\/><\/figure><\/div><div class=\"tiled-gallery__col\" style=\"flex-basis:48.11245%\"><figure class=\"tiled-gallery__item\"><img decoding=\"async\" alt=\"\" data-height=\"587\" data-id=\"15788\" data-link=\"https:\/\/hir.mediamarkt.hu\/magazin\/amazfit-band-7-laza-kapcsolat\/amazfit_band7_teszt-2\/\" data-url=\"https:\/\/hir.mediamarkt.hu\/magazin\/wp-content\/uploads\/2022\/12\/Amazfit_band7_teszt-2.png\" data-width=\"786\" src=\"https:\/\/i2.wp.com\/hir.mediamarkt.hu\/magazin\/wp-content\/uploads\/2022\/12\/Amazfit_band7_teszt-2.png?ssl=1\" data-amp-layout=\"responsive\"\/><\/figure><\/div><\/div><\/div><\/div>\n\n\n\n\n\n<p class=\"has-text-align-justify\">Hogy okos\u00f3ra, vagy okoskark\u00f6t\u0151 (h\u00edvj\u00e1k fitneszkark\u00f6t\u0151nek is), nem teljesen mindegy. <a href=\"https:\/\/hir.mediamarkt.hu\/magazin\/amazfit-gts-4-konnyed-partner-a-sportban\/\" target=\"_blank\" rel=\"noreferrer noopener\">Okos\u00f3r\u00e1nak<\/a> \u00e1ltal\u00e1ban azon, nagyobb darabokat h\u00edvj\u00e1k, amelyeknek hagyom\u00e1nyos \u00f3ra kialak\u00edt\u00e1sa van, vagy esetleg b\u00e1r sz\u00f6gletes a kijelz\u0151j\u00fck, de m\u00e9ret\u00fck \u00e9s funkcionalit\u00e1suk sz\u00e9lesebb. Az okoskark\u00f6t\u0151k pedig jellemz\u0151en kisebbek, keskenyebbek, k\u00f6nnyebbek, alig \u00e9szrevehet\u0151k a csukl\u00f3n hordva, m\u00e9gis a rajtuk l\u00e9v\u0151 kijelz\u0151 hasznos inform\u00e1ci\u00f3kkal szolg\u00e1l, illetve sok alapvet\u0151 fitnesz funkci\u00f3kkal rendelkeznek. Valamint nem elhanyagolhat\u00f3 tulajdons\u00e1guk, hogy \u00e9rezhet\u0151en kedvez\u0151bb az \u00e1raz\u00e1suk, mint az okos\u00f3r\u00e1knak.<\/p>\n\n\n\n<p class=\"has-text-align-justify\">Az Amazfit m\u00e1rka Band 7 n\u00e9vre keresztelt kark\u00f6t\u0151je is egyszer\u0171, de hasznos dolgokat tud. Hossz\u00fa \u00fczemid\u0151t, sz\u00e9p AMOLED kijelz\u00e9st, 120 be\u00e9p\u00edtett sport m\u00f3dot, 24 \u00f3r\u00e1s v\u00e9roxig\u00e9nszint m\u00e9r\u00e9st m\u00e9g sok m\u00e1st.<\/p>\n\n\n\n<p class=\"has-text-align-justify\">Fizikai m\u00e9reteib\u0151l ad\u00f3d\u00f3an j\u00f3l n\u00e9z ki v\u00e9kony, n\u0151i csukl\u00f3n, de egy f\u00e9rfi kez\u00e9n is praktikus kieg\u00e9sz\u00edt\u0151 lehet. Az 1,47\u201d-os \u00e1ll\u00f3 t\u00e9glalap kijelz\u0151 pont el\u00e9g nagy ahhoz, hogy j\u00f3l olvashat\u00f3 legyen, de k\u00f6zben el\u00e9g kicsi ahhoz, hogy ne legyen \u00fatban folyton. AMOLED technol\u00f3gi\u00e1j\u00fa panelre \u00e9p\u00fcl, amely magas f\u00e9nyer\u0151vel, j\u00f3 l\u00e1that\u00f3s\u00e1ggal rendelkezik.<\/p>\n\n\n\n<figure class=\"wp-block-image size-large\"><img loading=\"lazy\" decoding=\"async\" width=\"1024\" height=\"768\" src=\"https:\/\/hir.mediamarkt.hu\/magazin\/wp-content\/uploads\/2022\/12\/amazfit-band-7-teszt-1-1024x768.jpg\" alt=\"\" class=\"wp-image-15755\" srcset=\"https:\/\/hir.mediamarkt.hu\/magazin\/wp-content\/uploads\/2022\/12\/amazfit-band-7-teszt-1-1024x768.jpg 1024w, https:\/\/hir.mediamarkt.hu\/magazin\/wp-content\/uploads\/2022\/12\/amazfit-band-7-teszt-1-300x225.jpg 300w, https:\/\/hir.mediamarkt.hu\/magazin\/wp-content\/uploads\/2022\/12\/amazfit-band-7-teszt-1-275x206.jpg 275w, https:\/\/hir.mediamarkt.hu\/magazin\/wp-content\/uploads\/2022\/12\/amazfit-band-7-teszt-1-768x576.jpg 768w, https:\/\/hir.mediamarkt.hu\/magazin\/wp-content\/uploads\/2022\/12\/amazfit-band-7-teszt-1-500x375.jpg 500w, https:\/\/hir.mediamarkt.hu\/magazin\/wp-content\/uploads\/2022\/12\/amazfit-band-7-teszt-1.jpg 1200w\" sizes=\"(max-width: 1024px) 100vw, 1024px\" \/><\/figure>\n\n\n\n<p class=\"has-text-align-justify\">A kor\u00e1bbi gener\u00e1ci\u00f3s <a href=\"https:\/\/www.mediamarkt.hu\/hu\/product\/_amazfit-band-5-fitnessz-kark%C3%B6t%C5%91-fekete-1361016.html\" target=\"_blank\" rel=\"noreferrer noopener\">Amazfit Band 5 <\/a>modellhez k\u00e9pest jelent\u0151s a kijelz\u0151 n\u00f6veked\u00e9se, hiszen ann\u00e1l 112%-kal lett nagyobb a betekint\u00e9si ter\u00fclet, an\u00e9lk\u00fcl, hogy a fizikai m\u00e9retek nagym\u00e9rt\u00e9kben n\u0151ttek volna.<\/p>\n\n\n\n<p class=\"has-text-align-justify\">A kijelz\u0151re t\u00f6bb mint 50 k\u00fcl\u00f6nb\u00f6z\u0151 sz\u00e1mlap \u00e1ll\u00edthat\u00f3 be, k\u00f6zt\u00fck van nyolc, amelyek \u00e1tszabhat\u00f3k, r\u00e1ad\u00e1sul saj\u00e1t fot\u00f3t is be lehet \u00e1ll\u00edtani sz\u00e1mlaphoz.<\/p>\n\n\n\n<p class=\"has-text-align-justify\">A finoman lekerek\u00edtett kijelz\u0151 \u00fcveg alatt az oldals\u00f3 keretet a sz\u00edj fogja k\u00f6rbe. Oldalr\u00f3l megn\u00e9zve mind\u00f6sszesen 12,2 mm vastag a Band 7 \u00e9s nincs rajta fizikai gomb, emiatt a diz\u00e1jn egys\u00e9ges, letisztult.&nbsp;<\/p>\n\n\n\n<figure class=\"wp-block-image size-large\"><img loading=\"lazy\" decoding=\"async\" width=\"1024\" height=\"768\" src=\"https:\/\/hir.mediamarkt.hu\/magazin\/wp-content\/uploads\/2022\/12\/amazfit-band-7-teszt-9-1024x768.jpg\" alt=\"\" class=\"wp-image-15756\" srcset=\"https:\/\/hir.mediamarkt.hu\/magazin\/wp-content\/uploads\/2022\/12\/amazfit-band-7-teszt-9-1024x768.jpg 1024w, https:\/\/hir.mediamarkt.hu\/magazin\/wp-content\/uploads\/2022\/12\/amazfit-band-7-teszt-9-300x225.jpg 300w, https:\/\/hir.mediamarkt.hu\/magazin\/wp-content\/uploads\/2022\/12\/amazfit-band-7-teszt-9-275x206.jpg 275w, https:\/\/hir.mediamarkt.hu\/magazin\/wp-content\/uploads\/2022\/12\/amazfit-band-7-teszt-9-768x576.jpg 768w, https:\/\/hir.mediamarkt.hu\/magazin\/wp-content\/uploads\/2022\/12\/amazfit-band-7-teszt-9-500x375.jpg 500w, https:\/\/hir.mediamarkt.hu\/magazin\/wp-content\/uploads\/2022\/12\/amazfit-band-7-teszt-9.jpg 1200w\" sizes=\"(max-width: 1024px) 100vw, 1024px\" \/><\/figure>\n\n\n\n<figure class=\"wp-block-image size-full\"><img loading=\"lazy\" decoding=\"async\" width=\"1024\" height=\"513\" src=\"https:\/\/hir.mediamarkt.hu\/magazin\/wp-content\/uploads\/2022\/12\/amazfit-band-7.jpg\" alt=\"\" class=\"wp-image-15780\" srcset=\"https:\/\/hir.mediamarkt.hu\/magazin\/wp-content\/uploads\/2022\/12\/amazfit-band-7.jpg 1024w, https:\/\/hir.mediamarkt.hu\/magazin\/wp-content\/uploads\/2022\/12\/amazfit-band-7-300x150.jpg 300w, https:\/\/hir.mediamarkt.hu\/magazin\/wp-content\/uploads\/2022\/12\/amazfit-band-7-275x138.jpg 275w, https:\/\/hir.mediamarkt.hu\/magazin\/wp-content\/uploads\/2022\/12\/amazfit-band-7-768x385.jpg 768w\" sizes=\"(max-width: 1024px) 100vw, 1024px\" \/><\/figure>\n\n\n\n<p>A TPU sz\u00edj 166-233 mm k\u00f6z\u00f6tti k\u00f6rker\u00fclettel rendelkez\u0151 csukl\u00f3kra ide\u00e1lis, ezen a tartom\u00e1nyon bel\u00fcl van sz\u00e1mos \u00e1ll\u00edt\u00e1si lehet\u0151s\u00e9g.&nbsp;<\/p>\n\n\n\n<figure class=\"wp-block-image size-large\"><img loading=\"lazy\" decoding=\"async\" width=\"1024\" height=\"768\" src=\"https:\/\/hir.mediamarkt.hu\/magazin\/wp-content\/uploads\/2022\/12\/amazfit-band-7-teszt-8-1024x768.jpg\" alt=\"\" class=\"wp-image-15757\" srcset=\"https:\/\/hir.mediamarkt.hu\/magazin\/wp-content\/uploads\/2022\/12\/amazfit-band-7-teszt-8-1024x768.jpg 1024w, https:\/\/hir.mediamarkt.hu\/magazin\/wp-content\/uploads\/2022\/12\/amazfit-band-7-teszt-8-300x225.jpg 300w, https:\/\/hir.mediamarkt.hu\/magazin\/wp-content\/uploads\/2022\/12\/amazfit-band-7-teszt-8-275x206.jpg 275w, https:\/\/hir.mediamarkt.hu\/magazin\/wp-content\/uploads\/2022\/12\/amazfit-band-7-teszt-8-768x576.jpg 768w, https:\/\/hir.mediamarkt.hu\/magazin\/wp-content\/uploads\/2022\/12\/amazfit-band-7-teszt-8-500x375.jpg 500w, https:\/\/hir.mediamarkt.hu\/magazin\/wp-content\/uploads\/2022\/12\/amazfit-band-7-teszt-8.jpg 1200w\" sizes=\"(max-width: 1024px) 100vw, 1024px\" \/><\/figure>\n\n\n\n<p>A h\u00e1toldalon egy kism\u00e9ret\u0171 optikai szenzorcsoport, a BioTracker 3.0 helyezkedik el k\u00f6z\u00e9pen, amely nem csak a pulzusm\u00e9r\u00e9s\u00e9rt felel, hanem t\u00f6bbek k\u00f6z\u00f6tt a stressz szintj\u00e9t, a v\u00e9roxig\u00e9nszintet egyar\u00e1nt m\u00e9ri. Felette a k\u00e9t apr\u00f3 \u00e9rintkez\u0151re m\u00e1gnesesen felcsatlakozik a t\u00f6lt\u0151adapter.<\/p>\n\n\n\n<p>A be\u00e9p\u00edtett 232 mAh kapacit\u00e1s\u00fa akkumul\u00e1tort k\u00f6r\u00fclbel\u00fcl 2 \u00f3ra alatt lehet 0-r\u00f3l 100%-ra felt\u00f6lteni. Egy teljes t\u00f6lt\u00e9ssel tipikus haszn\u00e1lat eset\u00e9n 2,5 hetet (18 napot) b\u00edr nagyj\u00e1b\u00f3l a Band 7, m\u00edg er\u0151sebb ig\u00e9nybev\u00e9tel eset\u00e9n is 12 napot \u00edg\u00e9r az Amazfit. Ha valaki energiatakar\u00e9kos m\u00f3dban haszn\u00e1lja, azzal n\u00e9gy hetet, 28 napot is ki lehet h\u00fazni, ami az\u00e9rt m\u00e1r el\u00e9g tekint\u00e9lyes.<\/p>\n\n\n\n<figure class=\"wp-block-image size-large\"><img loading=\"lazy\" decoding=\"async\" width=\"1024\" height=\"768\" src=\"https:\/\/hir.mediamarkt.hu\/magazin\/wp-content\/uploads\/2022\/12\/amazfit-band-7-teszt-21-1024x768.jpg\" alt=\"\" class=\"wp-image-15758\" srcset=\"https:\/\/hir.mediamarkt.hu\/magazin\/wp-content\/uploads\/2022\/12\/amazfit-band-7-teszt-21-1024x768.jpg 1024w, https:\/\/hir.mediamarkt.hu\/magazin\/wp-content\/uploads\/2022\/12\/amazfit-band-7-teszt-21-300x225.jpg 300w, https:\/\/hir.mediamarkt.hu\/magazin\/wp-content\/uploads\/2022\/12\/amazfit-band-7-teszt-21-275x206.jpg 275w, https:\/\/hir.mediamarkt.hu\/magazin\/wp-content\/uploads\/2022\/12\/amazfit-band-7-teszt-21-768x576.jpg 768w, https:\/\/hir.mediamarkt.hu\/magazin\/wp-content\/uploads\/2022\/12\/amazfit-band-7-teszt-21-500x375.jpg 500w, https:\/\/hir.mediamarkt.hu\/magazin\/wp-content\/uploads\/2022\/12\/amazfit-band-7-teszt-21.jpg 1200w\" sizes=\"(max-width: 1024px) 100vw, 1024px\" \/><\/figure>\n\n\n\n<p class=\"has-text-align-justify\">A kis kark\u00f6t\u0151h\u00e1zra nem ker\u00fclt hangsz\u00f3r\u00f3, van viszont mikrofon, ennek seg\u00edts\u00e9g\u00e9vel lehet parancsokat adni az Alexa hangasszisztensnek, amely be\u00e9p\u00edtve megtal\u00e1lhat\u00f3 az \u00f3r\u00e1ban. \u00cdgy ak\u00e1r otthoni okosotthont is lehet egyszer\u0171en vez\u00e9relni a kark\u00f6t\u0151r\u0151l. (A hangutas\u00edt\u00e1sok angol nyelven m\u0171k\u00f6dnek jelenleg, magyarul nem.)<\/p>\n\n\n\n<p class=\"has-text-align-justify\">A kark\u00f6t\u0151n a Zepp 1.0 oper\u00e1ci\u00f3s rendszer fut, egyszer\u0171 funkcionalit\u00e1st k\u00edn\u00e1lva sz\u00e1mos nyelven, bele\u00e9rtve a magyart is, \u00edgy az \u00f3ra kijelz\u0151j\u00e9n megjelen\u0151 sz\u00f6vegek is magyarok lesznek. Olyan esetben, ha egy funkci\u00f3 neve, le\u00edr\u00e1sa nem f\u00e9r ki a keskeny kijelz\u0151re, a rendszer folyamatosan g\u00f6rgeti azt oldalir\u00e1nyban, mint egy szalagot, \u00edgy olvashat\u00f3 le.<\/p>\n\n\n\n<p class=\"has-text-align-justify\">Ha oldalra lapozunk, k\u00fcl\u00f6nb\u00f6z\u0151, szab\u00e1lyozhat\u00f3 k\u00e1rty\u00e1k k\u00f6z\u00f6tt v\u00e1ltogathatunk. Ezek k\u00f6z\u00f6tt ott vannak olyan fontos dolgok, mint a pulzus, az id\u0151j\u00e1r\u00e1s, vagy \u00e9ppen a napi eg\u00e9szs\u00e9g\u00fcgyi adatok.<\/p>\n\n\n\n<figure class=\"wp-block-gallery has-nested-images columns-default is-cropped wp-block-gallery-2 is-layout-flex wp-block-gallery-is-layout-flex\">\n<figure class=\"wp-block-image size-large\"><img loading=\"lazy\" decoding=\"async\" width=\"506\" height=\"900\" data-id=\"15781\" src=\"https:\/\/hir.mediamarkt.hu\/magazin\/wp-content\/uploads\/2022\/12\/amazfit-band-7-teszt-12-edited.jpg\" alt=\"\" class=\"wp-image-15781\" srcset=\"https:\/\/hir.mediamarkt.hu\/magazin\/wp-content\/uploads\/2022\/12\/amazfit-band-7-teszt-12-edited.jpg 506w, https:\/\/hir.mediamarkt.hu\/magazin\/wp-content\/uploads\/2022\/12\/amazfit-band-7-teszt-12-edited-169x300.jpg 169w, https:\/\/hir.mediamarkt.hu\/magazin\/wp-content\/uploads\/2022\/12\/amazfit-band-7-teszt-12-edited-275x489.jpg 275w\" sizes=\"(max-width: 506px) 100vw, 506px\" \/><\/figure>\n\n\n\n<figure class=\"wp-block-image size-large\"><img loading=\"lazy\" decoding=\"async\" width=\"1024\" height=\"768\" data-id=\"15761\" src=\"https:\/\/hir.mediamarkt.hu\/magazin\/wp-content\/uploads\/2022\/12\/amazfit-band-7-teszt-13-1024x768.jpg\" alt=\"\" class=\"wp-image-15761\" srcset=\"https:\/\/hir.mediamarkt.hu\/magazin\/wp-content\/uploads\/2022\/12\/amazfit-band-7-teszt-13-1024x768.jpg 1024w, https:\/\/hir.mediamarkt.hu\/magazin\/wp-content\/uploads\/2022\/12\/amazfit-band-7-teszt-13-300x225.jpg 300w, https:\/\/hir.mediamarkt.hu\/magazin\/wp-content\/uploads\/2022\/12\/amazfit-band-7-teszt-13-275x206.jpg 275w, https:\/\/hir.mediamarkt.hu\/magazin\/wp-content\/uploads\/2022\/12\/amazfit-band-7-teszt-13-768x576.jpg 768w, https:\/\/hir.mediamarkt.hu\/magazin\/wp-content\/uploads\/2022\/12\/amazfit-band-7-teszt-13-500x375.jpg 500w, https:\/\/hir.mediamarkt.hu\/magazin\/wp-content\/uploads\/2022\/12\/amazfit-band-7-teszt-13.jpg 1200w\" sizes=\"(max-width: 1024px) 100vw, 1024px\" \/><\/figure>\n\n\n\n<figure class=\"wp-block-image size-large\"><img loading=\"lazy\" decoding=\"async\" width=\"1024\" height=\"768\" data-id=\"15760\" src=\"https:\/\/hir.mediamarkt.hu\/magazin\/wp-content\/uploads\/2022\/12\/amazfit-band-7-teszt-14-1024x768.jpg\" alt=\"\" class=\"wp-image-15760\" srcset=\"https:\/\/hir.mediamarkt.hu\/magazin\/wp-content\/uploads\/2022\/12\/amazfit-band-7-teszt-14-1024x768.jpg 1024w, https:\/\/hir.mediamarkt.hu\/magazin\/wp-content\/uploads\/2022\/12\/amazfit-band-7-teszt-14-300x225.jpg 300w, https:\/\/hir.mediamarkt.hu\/magazin\/wp-content\/uploads\/2022\/12\/amazfit-band-7-teszt-14-275x206.jpg 275w, https:\/\/hir.mediamarkt.hu\/magazin\/wp-content\/uploads\/2022\/12\/amazfit-band-7-teszt-14-768x576.jpg 768w, https:\/\/hir.mediamarkt.hu\/magazin\/wp-content\/uploads\/2022\/12\/amazfit-band-7-teszt-14-500x375.jpg 500w, https:\/\/hir.mediamarkt.hu\/magazin\/wp-content\/uploads\/2022\/12\/amazfit-band-7-teszt-14.jpg 1200w\" sizes=\"(max-width: 1024px) 100vw, 1024px\" \/><\/figure>\n<\/figure>\n\n\n\n<p>Lentr\u0151l felfel\u00e9 lapozva \u00e9rkez\u00fcnk el a men\u00fcbe, ahol minden funkci\u00f3 megtal\u00e1lhat\u00f3, illetve ha fel\u00fclr\u0151l lapozunk lefel\u00e9, akkor a klasszikus gyorsbe\u00e1ll\u00edt\u00e1si panelt kapjuk meg.<\/p>\n\n\n\n<figure class=\"wp-block-gallery has-nested-images columns-default is-cropped wp-block-gallery-4 is-layout-flex wp-block-gallery-is-layout-flex\">\n<figure class=\"wp-block-image size-large\"><img loading=\"lazy\" decoding=\"async\" width=\"506\" height=\"900\" data-id=\"15782\" src=\"https:\/\/hir.mediamarkt.hu\/magazin\/wp-content\/uploads\/2022\/12\/amazfit-band-7-teszt-15-edited.jpg\" alt=\"\" class=\"wp-image-15782\" srcset=\"https:\/\/hir.mediamarkt.hu\/magazin\/wp-content\/uploads\/2022\/12\/amazfit-band-7-teszt-15-edited.jpg 506w, https:\/\/hir.mediamarkt.hu\/magazin\/wp-content\/uploads\/2022\/12\/amazfit-band-7-teszt-15-edited-169x300.jpg 169w, https:\/\/hir.mediamarkt.hu\/magazin\/wp-content\/uploads\/2022\/12\/amazfit-band-7-teszt-15-edited-275x489.jpg 275w\" sizes=\"(max-width: 506px) 100vw, 506px\" \/><\/figure>\n\n\n\n<figure class=\"wp-block-image size-large wp-duotone-unset-3\"><img loading=\"lazy\" decoding=\"async\" width=\"1024\" height=\"768\" data-id=\"15773\" src=\"https:\/\/hir.mediamarkt.hu\/magazin\/wp-content\/uploads\/2022\/12\/amazfit-band-7-teszt-6-1024x768.jpg\" alt=\"\" class=\"wp-image-15773\" srcset=\"https:\/\/hir.mediamarkt.hu\/magazin\/wp-content\/uploads\/2022\/12\/amazfit-band-7-teszt-6-1024x768.jpg 1024w, https:\/\/hir.mediamarkt.hu\/magazin\/wp-content\/uploads\/2022\/12\/amazfit-band-7-teszt-6-300x225.jpg 300w, https:\/\/hir.mediamarkt.hu\/magazin\/wp-content\/uploads\/2022\/12\/amazfit-band-7-teszt-6-275x206.jpg 275w, https:\/\/hir.mediamarkt.hu\/magazin\/wp-content\/uploads\/2022\/12\/amazfit-band-7-teszt-6-768x576.jpg 768w, https:\/\/hir.mediamarkt.hu\/magazin\/wp-content\/uploads\/2022\/12\/amazfit-band-7-teszt-6-500x375.jpg 500w, https:\/\/hir.mediamarkt.hu\/magazin\/wp-content\/uploads\/2022\/12\/amazfit-band-7-teszt-6.jpg 1200w\" sizes=\"(max-width: 1024px) 100vw, 1024px\" \/><\/figure>\n\n\n\n<figure class=\"wp-block-image size-large\"><img loading=\"lazy\" decoding=\"async\" width=\"1024\" height=\"768\" data-id=\"15763\" src=\"https:\/\/hir.mediamarkt.hu\/magazin\/wp-content\/uploads\/2022\/12\/amazfit-band-7-teszt-16-1024x768.jpg\" alt=\"\" class=\"wp-image-15763\" srcset=\"https:\/\/hir.mediamarkt.hu\/magazin\/wp-content\/uploads\/2022\/12\/amazfit-band-7-teszt-16-1024x768.jpg 1024w, https:\/\/hir.mediamarkt.hu\/magazin\/wp-content\/uploads\/2022\/12\/amazfit-band-7-teszt-16-300x225.jpg 300w, https:\/\/hir.mediamarkt.hu\/magazin\/wp-content\/uploads\/2022\/12\/amazfit-band-7-teszt-16-275x206.jpg 275w, https:\/\/hir.mediamarkt.hu\/magazin\/wp-content\/uploads\/2022\/12\/amazfit-band-7-teszt-16-768x576.jpg 768w, https:\/\/hir.mediamarkt.hu\/magazin\/wp-content\/uploads\/2022\/12\/amazfit-band-7-teszt-16-500x375.jpg 500w, https:\/\/hir.mediamarkt.hu\/magazin\/wp-content\/uploads\/2022\/12\/amazfit-band-7-teszt-16.jpg 1200w\" sizes=\"(max-width: 1024px) 100vw, 1024px\" \/><\/figure>\n<\/figure>\n\n\n\n<p>Az edz\u00e9sek k\u00f6z\u00f6tt 120 sportm\u00f3dot tal\u00e1lhatunk meg az Amazfit Band 7 kijelz\u0151j\u00e9n. A szabadt\u00e9ri edz\u00e9sekn\u00e9l az \u00f3ra \u00f6nmag\u00e1ban nem tud \u00fatvonalat r\u00f6gz\u00edteni be\u00e9p\u00edtett GPS hi\u00e1ny\u00e1ban, ezt csak akkor teszi, ha k\u00f6zben csatlakoztatva van a telefon.&nbsp;<\/p>\n\n\n\n<figure class=\"wp-block-gallery has-nested-images columns-default is-cropped wp-block-gallery-5 is-layout-flex wp-block-gallery-is-layout-flex\">\n<figure class=\"wp-block-image size-large\"><img loading=\"lazy\" decoding=\"async\" width=\"506\" height=\"900\" data-id=\"15783\" src=\"https:\/\/hir.mediamarkt.hu\/magazin\/wp-content\/uploads\/2022\/12\/amazfit-band-7-teszt-17-edited.jpg\" alt=\"\" class=\"wp-image-15783\" srcset=\"https:\/\/hir.mediamarkt.hu\/magazin\/wp-content\/uploads\/2022\/12\/amazfit-band-7-teszt-17-edited.jpg 506w, https:\/\/hir.mediamarkt.hu\/magazin\/wp-content\/uploads\/2022\/12\/amazfit-band-7-teszt-17-edited-169x300.jpg 169w, https:\/\/hir.mediamarkt.hu\/magazin\/wp-content\/uploads\/2022\/12\/amazfit-band-7-teszt-17-edited-275x489.jpg 275w\" sizes=\"(max-width: 506px) 100vw, 506px\" \/><\/figure>\n\n\n\n<figure class=\"wp-block-image size-large\"><img loading=\"lazy\" decoding=\"async\" width=\"1024\" height=\"768\" data-id=\"15764\" src=\"https:\/\/hir.mediamarkt.hu\/magazin\/wp-content\/uploads\/2022\/12\/amazfit-band-7-teszt-18-1024x768.jpg\" alt=\"\" class=\"wp-image-15764\" srcset=\"https:\/\/hir.mediamarkt.hu\/magazin\/wp-content\/uploads\/2022\/12\/amazfit-band-7-teszt-18-1024x768.jpg 1024w, https:\/\/hir.mediamarkt.hu\/magazin\/wp-content\/uploads\/2022\/12\/amazfit-band-7-teszt-18-300x225.jpg 300w, https:\/\/hir.mediamarkt.hu\/magazin\/wp-content\/uploads\/2022\/12\/amazfit-band-7-teszt-18-275x206.jpg 275w, https:\/\/hir.mediamarkt.hu\/magazin\/wp-content\/uploads\/2022\/12\/amazfit-band-7-teszt-18-768x576.jpg 768w, https:\/\/hir.mediamarkt.hu\/magazin\/wp-content\/uploads\/2022\/12\/amazfit-band-7-teszt-18-500x375.jpg 500w, https:\/\/hir.mediamarkt.hu\/magazin\/wp-content\/uploads\/2022\/12\/amazfit-band-7-teszt-18.jpg 1200w\" sizes=\"(max-width: 1024px) 100vw, 1024px\" \/><\/figure>\n\n\n\n<figure class=\"wp-block-image size-large\"><img loading=\"lazy\" decoding=\"async\" width=\"1024\" height=\"768\" data-id=\"15766\" src=\"https:\/\/hir.mediamarkt.hu\/magazin\/wp-content\/uploads\/2022\/12\/amazfit-band-7-teszt-19-1024x768.jpg\" alt=\"\" class=\"wp-image-15766\" srcset=\"https:\/\/hir.mediamarkt.hu\/magazin\/wp-content\/uploads\/2022\/12\/amazfit-band-7-teszt-19-1024x768.jpg 1024w, https:\/\/hir.mediamarkt.hu\/magazin\/wp-content\/uploads\/2022\/12\/amazfit-band-7-teszt-19-300x225.jpg 300w, https:\/\/hir.mediamarkt.hu\/magazin\/wp-content\/uploads\/2022\/12\/amazfit-band-7-teszt-19-275x206.jpg 275w, https:\/\/hir.mediamarkt.hu\/magazin\/wp-content\/uploads\/2022\/12\/amazfit-band-7-teszt-19-768x576.jpg 768w, https:\/\/hir.mediamarkt.hu\/magazin\/wp-content\/uploads\/2022\/12\/amazfit-band-7-teszt-19-500x375.jpg 500w, https:\/\/hir.mediamarkt.hu\/magazin\/wp-content\/uploads\/2022\/12\/amazfit-band-7-teszt-19.jpg 1200w\" sizes=\"(max-width: 1024px) 100vw, 1024px\" \/><\/figure>\n<\/figure>\n\n\n\n<p class=\"has-text-align-justify\">Kedves \u00e9s aranyos \u00e9rdekess\u00e9g, hogy amikor edz\u00e9st ind\u00edtunk, figyeli a rendszer az id\u0151j\u00e1r\u00e1st is, \u00edgy a decemberi -5 Celsius fokos reggel sor\u00e1n jelezte r\u00f6gt\u00f6n hogy hideg van, vigy\u00e1zzunk a cs\u00fasz\u00f3s \u00faton \u00e9s \u00f6lt\u00f6zz\u00fcnk fel melegen.<\/p>\n\n\n\n<figure class=\"wp-block-image size-large\"><img loading=\"lazy\" decoding=\"async\" width=\"1024\" height=\"768\" src=\"https:\/\/hir.mediamarkt.hu\/magazin\/wp-content\/uploads\/2022\/12\/amazfit-band-7-teszt-20-1024x768.jpg\" alt=\"\" class=\"wp-image-15767\" srcset=\"https:\/\/hir.mediamarkt.hu\/magazin\/wp-content\/uploads\/2022\/12\/amazfit-band-7-teszt-20-1024x768.jpg 1024w, https:\/\/hir.mediamarkt.hu\/magazin\/wp-content\/uploads\/2022\/12\/amazfit-band-7-teszt-20-300x225.jpg 300w, https:\/\/hir.mediamarkt.hu\/magazin\/wp-content\/uploads\/2022\/12\/amazfit-band-7-teszt-20-275x206.jpg 275w, https:\/\/hir.mediamarkt.hu\/magazin\/wp-content\/uploads\/2022\/12\/amazfit-band-7-teszt-20-768x576.jpg 768w, https:\/\/hir.mediamarkt.hu\/magazin\/wp-content\/uploads\/2022\/12\/amazfit-band-7-teszt-20-500x375.jpg 500w, https:\/\/hir.mediamarkt.hu\/magazin\/wp-content\/uploads\/2022\/12\/amazfit-band-7-teszt-20.jpg 1200w\" sizes=\"(max-width: 1024px) 100vw, 1024px\" \/><\/figure>\n\n\n\n<p class=\"has-text-align-justify\">Van egy 45 m\u00e1sodperces m\u00e9r\u00e9s is, amely sor\u00e1n pulzust, stressz szintet \u00e9s v\u00e9roxig\u00e9n szintet is tud gyorsan m\u00e9rni a Band 7.<\/p>\n\n\n\n<figure class=\"wp-block-gallery has-nested-images columns-default is-cropped wp-block-gallery-6 is-layout-flex wp-block-gallery-is-layout-flex\">\n<figure class=\"wp-block-image size-large\"><img loading=\"lazy\" decoding=\"async\" width=\"506\" height=\"900\" data-id=\"15784\" src=\"https:\/\/hir.mediamarkt.hu\/magazin\/wp-content\/uploads\/2022\/12\/amazfit-band-7-teszt-4-edited.jpg\" alt=\"\" class=\"wp-image-15784\" srcset=\"https:\/\/hir.mediamarkt.hu\/magazin\/wp-content\/uploads\/2022\/12\/amazfit-band-7-teszt-4-edited.jpg 506w, https:\/\/hir.mediamarkt.hu\/magazin\/wp-content\/uploads\/2022\/12\/amazfit-band-7-teszt-4-edited-169x300.jpg 169w, https:\/\/hir.mediamarkt.hu\/magazin\/wp-content\/uploads\/2022\/12\/amazfit-band-7-teszt-4-edited-275x489.jpg 275w\" sizes=\"(max-width: 506px) 100vw, 506px\" \/><\/figure>\n\n\n\n<figure class=\"wp-block-image size-large\"><img loading=\"lazy\" decoding=\"async\" width=\"1024\" height=\"768\" data-id=\"15772\" src=\"https:\/\/hir.mediamarkt.hu\/magazin\/wp-content\/uploads\/2022\/12\/amazfit-band-7-teszt-5-1024x768.jpg\" alt=\"\" class=\"wp-image-15772\" srcset=\"https:\/\/hir.mediamarkt.hu\/magazin\/wp-content\/uploads\/2022\/12\/amazfit-band-7-teszt-5-1024x768.jpg 1024w, https:\/\/hir.mediamarkt.hu\/magazin\/wp-content\/uploads\/2022\/12\/amazfit-band-7-teszt-5-300x225.jpg 300w, https:\/\/hir.mediamarkt.hu\/magazin\/wp-content\/uploads\/2022\/12\/amazfit-band-7-teszt-5-275x206.jpg 275w, https:\/\/hir.mediamarkt.hu\/magazin\/wp-content\/uploads\/2022\/12\/amazfit-band-7-teszt-5-768x576.jpg 768w, https:\/\/hir.mediamarkt.hu\/magazin\/wp-content\/uploads\/2022\/12\/amazfit-band-7-teszt-5-500x375.jpg 500w, https:\/\/hir.mediamarkt.hu\/magazin\/wp-content\/uploads\/2022\/12\/amazfit-band-7-teszt-5.jpg 1200w\" sizes=\"(max-width: 1024px) 100vw, 1024px\" \/><\/figure>\n<\/figure>\n\n\n\n<p class=\"has-text-align-justify\">A telefonon egy\u00e9bk\u00e9nt a magyar nyelvet is t\u00e1mogat\u00f3 Zepp nev\u0171 programmal lehet kezelni a kark\u00f6t\u0151t, ami Android mellett term\u00e9szetesen iOS-re is el\u00e9rhet\u0151. Ennek f\u0151k\u00e9perny\u0151j\u00e9n megjelenik minden fontosabb m\u00e9rt adat, inform\u00e1ci\u00f3, \u00edgy megn\u00e9zhetj\u00fck hogyan alakult a pulzusunk napk\u00f6zben, r\u00e9szletes alv\u00e1si adatokat mutat, kielemezve azokat, de l\u00e1thatjuk a napi aktivit\u00e1si szint\u00fcnket, eredm\u00e9nyeinket is.<\/p>\n\n\n\n<figure class=\"wp-block-gallery has-nested-images columns-default is-cropped wp-block-gallery-7 is-layout-flex wp-block-gallery-is-layout-flex\">\n<figure class=\"wp-block-image size-large\"><img loading=\"lazy\" decoding=\"async\" width=\"462\" height=\"1000\" data-id=\"15605\" src=\"https:\/\/hir.mediamarkt.hu\/magazin\/wp-content\/uploads\/2022\/12\/amazfit-gts-4-okra-teszt-22.jpg\" alt=\"\" class=\"wp-image-15605\" srcset=\"https:\/\/hir.mediamarkt.hu\/magazin\/wp-content\/uploads\/2022\/12\/amazfit-gts-4-okra-teszt-22.jpg 462w, https:\/\/hir.mediamarkt.hu\/magazin\/wp-content\/uploads\/2022\/12\/amazfit-gts-4-okra-teszt-22-139x300.jpg 139w, https:\/\/hir.mediamarkt.hu\/magazin\/wp-content\/uploads\/2022\/12\/amazfit-gts-4-okra-teszt-22-231x500.jpg 231w\" sizes=\"(max-width: 462px) 100vw, 462px\" \/><\/figure>\n\n\n\n<figure class=\"wp-block-image size-large\"><img loading=\"lazy\" decoding=\"async\" width=\"462\" height=\"1000\" data-id=\"15599\" src=\"https:\/\/hir.mediamarkt.hu\/magazin\/wp-content\/uploads\/2022\/12\/amazfit-gts-4-okra-teszt-20.jpg\" alt=\"\" class=\"wp-image-15599\" srcset=\"https:\/\/hir.mediamarkt.hu\/magazin\/wp-content\/uploads\/2022\/12\/amazfit-gts-4-okra-teszt-20.jpg 462w, https:\/\/hir.mediamarkt.hu\/magazin\/wp-content\/uploads\/2022\/12\/amazfit-gts-4-okra-teszt-20-139x300.jpg 139w, https:\/\/hir.mediamarkt.hu\/magazin\/wp-content\/uploads\/2022\/12\/amazfit-gts-4-okra-teszt-20-231x500.jpg 231w\" sizes=\"(max-width: 462px) 100vw, 462px\" \/><\/figure>\n\n\n\n<figure class=\"wp-block-image size-large\"><img loading=\"lazy\" decoding=\"async\" width=\"462\" height=\"1000\" data-id=\"15602\" src=\"https:\/\/hir.mediamarkt.hu\/magazin\/wp-content\/uploads\/2022\/12\/amazfit-gts-4-okra-teszt-21.jpg\" alt=\"\" class=\"wp-image-15602\" srcset=\"https:\/\/hir.mediamarkt.hu\/magazin\/wp-content\/uploads\/2022\/12\/amazfit-gts-4-okra-teszt-21.jpg 462w, https:\/\/hir.mediamarkt.hu\/magazin\/wp-content\/uploads\/2022\/12\/amazfit-gts-4-okra-teszt-21-139x300.jpg 139w, https:\/\/hir.mediamarkt.hu\/magazin\/wp-content\/uploads\/2022\/12\/amazfit-gts-4-okra-teszt-21-231x500.jpg 231w\" sizes=\"(max-width: 462px) 100vw, 462px\" \/><\/figure>\n<\/figure>\n\n\n\n<p class=\"has-text-align-justify\">A kark\u00f6t\u0151 legt\u00f6bb funkci\u00f3j\u00e1t be lehet \u00e1ll\u00edtani k\u00f6zvetlen\u00fcl a telefonon, innen lehet ak\u00e1r \u00f3rasz\u00e1mlapokat, vagy alkalmaz\u00e1sokat is let\u00f6lteni r\u00e1. Ki ne eml\u00e9kezne a legend\u00e1s Snake j\u00e1t\u00e9kra a 20-25 \u00e9vvel ezel\u0151tti Nokia telefonokr\u00f3l? Na ezt m\u00e1r a Band 7 kijelz\u0151j\u00e9n is lehet ak\u00e1r j\u00e1tszani.<\/p>\n\n\n\n<p class=\"has-text-align-justify\">Az Amazfit Band 7 ide\u00e1lis v\u00e1laszt\u00e1s azoknak, akik nem felt\u00e9tlen okos\u00f3r\u00e1t akarnak. Ak\u00e1r az\u00e9rt, mert nem sz\u00e1nn\u00e1nak r\u00e1 annyi p\u00e9nz, vagy mert nem szeretik a nagym\u00e9ret\u0171 \u00f3r\u00e1kat, esetleg felesleges akkora funkcionalit\u00e1s. A Band 7 is tud minden f\u0151bb alap funkci\u00f3t, ami a mai nap felhaszn\u00e1l\u00f3ja elv\u00e1rhat:<\/p>\n\n\n\n<ul>\n<li>m\u00e9ri a pulzust<\/li>\n\n\n\n<li>ha cs\u00f6r\u00f6g a telefon, akkor rezeg \u00e9s jelez<\/li>\n\n\n\n<li>egy s\u00e9ta, vagy fut\u00e1s adatait k\u00f6veti<\/li>\n\n\n\n<li>ak\u00e1r \u00fasz\u00e1shoz is haszn\u00e1lhat\u00f3, hiszen nem \u00e1rt meg neki a v\u00edz.<\/li>\n<\/ul>\n\n\n\n<figure class=\"wp-block-image size-large\"><img loading=\"lazy\" decoding=\"async\" width=\"1024\" height=\"768\" src=\"https:\/\/hir.mediamarkt.hu\/magazin\/wp-content\/uploads\/2022\/12\/amazfit-band-7-teszt-10-1024x768.jpg\" alt=\"\" class=\"wp-image-15768\" srcset=\"https:\/\/hir.mediamarkt.hu\/magazin\/wp-content\/uploads\/2022\/12\/amazfit-band-7-teszt-10-1024x768.jpg 1024w, https:\/\/hir.mediamarkt.hu\/magazin\/wp-content\/uploads\/2022\/12\/amazfit-band-7-teszt-10-300x225.jpg 300w, https:\/\/hir.mediamarkt.hu\/magazin\/wp-content\/uploads\/2022\/12\/amazfit-band-7-teszt-10-275x206.jpg 275w, https:\/\/hir.mediamarkt.hu\/magazin\/wp-content\/uploads\/2022\/12\/amazfit-band-7-teszt-10-768x576.jpg 768w, https:\/\/hir.mediamarkt.hu\/magazin\/wp-content\/uploads\/2022\/12\/amazfit-band-7-teszt-10-500x375.jpg 500w, https:\/\/hir.mediamarkt.hu\/magazin\/wp-content\/uploads\/2022\/12\/amazfit-band-7-teszt-10.jpg 1200w\" sizes=\"(max-width: 1024px) 100vw, 1024px\" \/><figcaption class=\"wp-element-caption\">J\u00f3l l\u00e1tszik a m\u00e9retk\u00fcl\u00f6nbs\u00e9g &#8211; bal oldalt az Amazfit GTS 4 okos\u00f3ra, jobb oldalt a Band 7 okoskark\u00f6t\u0151<\/figcaption><\/figure>\n\n\n\n<p class=\"has-text-align-justify\">Az \u00e1ra egy Band 7-nek abszol\u00fat v\u00e1llalhat\u00f3, hiszen nem \u00e9ri el a 20 ezer forintot sem, ezzel pedig t\u00f6red\u00e9ke annak, amennyibe az okos\u00f3r\u00e1k ker\u00fclnek.<\/p>\n\n\n\n<p>Az Amazfit Band 7 <a href=\"https:\/\/www.mediamarkt.hu\/hu\/product\/_amazfit-band-7-okoskark%C3%B6t%C5%91-fekete-b2177eu1n-1399745.html\" target=\"_blank\" rel=\"noreferrer noopener\">fekete<\/a>, <a href=\"https:\/\/www.mediamarkt.hu\/hu\/product\/_amazfit-band-7-okoskark%C3%B6t%C5%91-r%C3%B3zsasz%C3%ADn-b2177ue3n-1401181.html\" target=\"_blank\" rel=\"noreferrer noopener\">r\u00f3zsasz\u00edn<\/a> \u00e9s <a href=\"https:\/\/www.mediamarkt.hu\/hu\/product\/_amazfit-band-7-okoskark%C3%B6t%C5%91-b%C3%A9zs-b2177eu2n-1399746.html\" target=\"_blank\" rel=\"noreferrer noopener\">b\u00e9zs<\/a> \u00e1rnyalatban \u00e9rhet\u0151 el k\u00edn\u00e1latunkban.<\/p>\n","protected":false},"excerpt":{"rendered":"Kev\u00e9s p\u00e9nzb\u0151l egy divatos, sz\u00e9p kijelz\u0151s okoskark\u00f6t\u0151, amely napi t\u00e1rsunk lehet? Van ilyen, \u00fagy h\u00edvj\u00e1k, hogy Amazfit Band 7! Hogy okos\u00f3ra, vagy okoskark\u00f6t\u0151 (h\u00edvj\u00e1k fitneszkark\u00f6t\u0151nek is), nem teljesen mindegy. Okos\u00f3r\u00e1nak \u00e1ltal\u00e1ban azon, nagyobb darabokat h\u00edvj\u00e1k, amelyeknek hagyom\u00e1nyos \u00f3ra kialak\u00edt\u00e1sa van, vagy esetleg b\u00e1r sz\u00f6gletes a kijelz\u0151j\u00fck, de m\u00e9ret\u00fck \u00e9s funkcionalit\u00e1suk sz\u00e9lesebb. Az okoskark\u00f6t\u0151k pedig jellemz\u0151en kisebbek, keskenyebbek, k\u00f6nnyebbek, alig \u00e9szrevehet\u0151k a csukl\u00f3n hordva, m\u00e9gis a rajtuk l\u00e9v\u0151 kijelz\u0151 hasznos inform\u00e1ci\u00f3kkal szolg\u00e1l, illetve sok alapvet\u0151 fitnesz funkci\u00f3kkal rendelkeznek. Valamint nem elhanyagolhat\u00f3 tulajdons\u00e1guk, hogy \u00e9rezhet\u0151en kedvez\u0151bb az \u00e1raz\u00e1suk, mint az okos\u00f3r\u00e1knak. Az Amazfit m\u00e1rka Band 7 n\u00e9vre keresztelt kark\u00f6t\u0151je is egyszer\u0171, de hasznos dolgokat tud. Hossz\u00fa \u00fczemid\u0151t, sz\u00e9p AMOLED kijelz\u00e9st, 120 be\u00e9p\u00edtett sport m\u00f3dot, 24 \u00f3r\u00e1s v\u00e9roxig\u00e9nszint m\u00e9r\u00e9st m\u00e9g sok m\u00e1st. Fizikai &#8230;","protected":false},"author":34,"featured_media":15792,"comment_status":"open","ping_status":"open","sticky":false,"template":"","format":"standard","meta":{"wprm-recipe-roundup-name":"","wprm-recipe-roundup-description":"","footnotes":""},"categories":[5949,5946],"tags":[5424,5425,5422,5400,5420,1688,2517,123,2127,2173,5419,746,82,5421,5423],"yoast_head":"<!-- This site is optimized with the Yoast SEO plugin v22.9 - https:\/\/yoast.com\/wordpress\/plugins\/seo\/ -->\n<title>Amazfit Band 7: laza kapcsolat - MediaMarkt Magazin<\/title>\n<meta name=\"description\" content=\"Amazfit Band 7: kev\u00e9s p\u00e9nzb\u0151l egy divatos, sz\u00e9p kijelz\u0151s okoskark\u00f6t\u0151, amely napi t\u00e1rsunk lehet. Olvasd el cikk\u00fcnket!\" \/>\n<meta name=\"robots\" content=\"index, follow, max-snippet:-1, max-image-preview:large, max-video-preview:-1\" \/>\n<link rel=\"canonical\" href=\"https:\/\/hir.mediamarkt.hu\/magazin\/amazfit-band-7-laza-kapcsolat\/\" \/>\n<meta property=\"og:locale\" content=\"hu_HU\" \/>\n<meta property=\"og:type\" content=\"article\" \/>\n<meta property=\"og:title\" content=\"Amazfit Band 7: laza kapcsolat - MediaMarkt Magazin\" \/>\n<meta property=\"og:description\" content=\"Amazfit Band 7: kev\u00e9s p\u00e9nzb\u0151l egy divatos, sz\u00e9p kijelz\u0151s okoskark\u00f6t\u0151, amely napi t\u00e1rsunk lehet. Olvasd el cikk\u00fcnket!\" \/>\n<meta property=\"og:url\" content=\"https:\/\/hir.mediamarkt.hu\/magazin\/amazfit-band-7-laza-kapcsolat\/\" \/>\n<meta property=\"og:site_name\" content=\"MediaMarkt Magazin\" \/>\n<meta property=\"article:publisher\" content=\"https:\/\/www.facebook.com\/MediaMarktMagyarorszag\" \/>\n<meta property=\"article:published_time\" content=\"2022-12-16T11:20:50+00:00\" \/>\n<meta property=\"article:modified_time\" content=\"2022-12-29T16:09:40+00:00\" \/>\n<meta property=\"og:image\" content=\"https:\/\/hir.mediamarkt.hu\/magazin\/wp-content\/uploads\/2022\/12\/Amazfit_band7_teszt-4.png\" \/>\n\t<meta property=\"og:image:width\" content=\"1024\" \/>\n\t<meta property=\"og:image:height\" content=\"619\" \/>\n\t<meta property=\"og:image:type\" content=\"image\/png\" \/>\n<meta name=\"author\" content=\"Kov\u00e1cs \u00c1d\u00e1m\" \/>\n<meta name=\"twitter:label1\" content=\"Szerz\u0151:\" \/>\n\t<meta name=\"twitter:data1\" content=\"Kov\u00e1cs \u00c1d\u00e1m\" \/>\n\t<meta name=\"twitter:label2\" content=\"Becs\u00fclt olvas\u00e1si id\u0151\" \/>\n\t<meta name=\"twitter:data2\" content=\"10 perc\" \/>\n<script type=\"application\/ld+json\" class=\"yoast-schema-graph\">{\"@context\":\"https:\/\/schema.org\",\"@graph\":[{\"@type\":\"WebPage\",\"@id\":\"https:\/\/hir.mediamarkt.hu\/magazin\/amazfit-band-7-laza-kapcsolat\/\",\"url\":\"https:\/\/hir.mediamarkt.hu\/magazin\/amazfit-band-7-laza-kapcsolat\/\",\"name\":\"Amazfit Band 7: laza kapcsolat - MediaMarkt Magazin\",\"isPartOf\":{\"@id\":\"https:\/\/hir.mediamarkt.hu\/magazin\/#website\"},\"primaryImageOfPage\":{\"@id\":\"https:\/\/hir.mediamarkt.hu\/magazin\/amazfit-band-7-laza-kapcsolat\/#primaryimage\"},\"image\":{\"@id\":\"https:\/\/hir.mediamarkt.hu\/magazin\/amazfit-band-7-laza-kapcsolat\/#primaryimage\"},\"thumbnailUrl\":\"https:\/\/hir.mediamarkt.hu\/magazin\/wp-content\/uploads\/2022\/12\/Amazfit_band7_teszt-4.png\",\"datePublished\":\"2022-12-16T11:20:50+00:00\",\"dateModified\":\"2022-12-29T16:09:40+00:00\",\"author\":{\"@id\":\"https:\/\/hir.mediamarkt.hu\/magazin\/#\/schema\/person\/eb6407def37d68930e61b9ccc0d2b12b\"},\"description\":\"Amazfit Band 7: kev\u00e9s p\u00e9nzb\u0151l egy divatos, sz\u00e9p kijelz\u0151s okoskark\u00f6t\u0151, amely napi t\u00e1rsunk lehet. Olvasd el cikk\u00fcnket!\",\"breadcrumb\":{\"@id\":\"https:\/\/hir.mediamarkt.hu\/magazin\/amazfit-band-7-laza-kapcsolat\/#breadcrumb\"},\"inLanguage\":\"hu\",\"potentialAction\":[{\"@type\":\"ReadAction\",\"target\":[\"https:\/\/hir.mediamarkt.hu\/magazin\/amazfit-band-7-laza-kapcsolat\/\"]}]},{\"@type\":\"ImageObject\",\"inLanguage\":\"hu\",\"@id\":\"https:\/\/hir.mediamarkt.hu\/magazin\/amazfit-band-7-laza-kapcsolat\/#primaryimage\",\"url\":\"https:\/\/hir.mediamarkt.hu\/magazin\/wp-content\/uploads\/2022\/12\/Amazfit_band7_teszt-4.png\",\"contentUrl\":\"https:\/\/hir.mediamarkt.hu\/magazin\/wp-content\/uploads\/2022\/12\/Amazfit_band7_teszt-4.png\",\"width\":1024,\"height\":619},{\"@type\":\"BreadcrumbList\",\"@id\":\"https:\/\/hir.mediamarkt.hu\/magazin\/amazfit-band-7-laza-kapcsolat\/#breadcrumb\",\"itemListElement\":[{\"@type\":\"ListItem\",\"position\":1,\"name\":\"Kezd\u0151lap\",\"item\":\"https:\/\/hir.mediamarkt.hu\/magazin\/\"},{\"@type\":\"ListItem\",\"position\":2,\"name\":\"Tesztelt\u00fck\",\"item\":\"https:\/\/hir.mediamarkt.hu\/magazin\/teszteltuk\/\"},{\"@type\":\"ListItem\",\"position\":3,\"name\":\"Amazfit Band 7: laza kapcsolat\"}]},{\"@type\":\"WebSite\",\"@id\":\"https:\/\/hir.mediamarkt.hu\/magazin\/#website\",\"url\":\"https:\/\/hir.mediamarkt.hu\/magazin\/\",\"name\":\"MediaMarkt Magazin\",\"description\":\"Olvass bele magazinunkba!\",\"potentialAction\":[{\"@type\":\"SearchAction\",\"target\":{\"@type\":\"EntryPoint\",\"urlTemplate\":\"https:\/\/hir.mediamarkt.hu\/magazin\/?s={search_term_string}\"},\"query-input\":\"required name=search_term_string\"}],\"inLanguage\":\"hu\"},{\"@type\":\"Person\",\"@id\":\"https:\/\/hir.mediamarkt.hu\/magazin\/#\/schema\/person\/eb6407def37d68930e61b9ccc0d2b12b\",\"name\":\"Kov\u00e1cs \u00c1d\u00e1m\",\"image\":{\"@type\":\"ImageObject\",\"inLanguage\":\"hu\",\"@id\":\"https:\/\/hir.mediamarkt.hu\/magazin\/#\/schema\/person\/image\/\",\"url\":\"https:\/\/secure.gravatar.com\/avatar\/7f17d39fcf146db446aab8f0a0b84bce?s=96&d=mm&r=g\",\"contentUrl\":\"https:\/\/secure.gravatar.com\/avatar\/7f17d39fcf146db446aab8f0a0b84bce?s=96&d=mm&r=g\",\"caption\":\"Kov\u00e1cs \u00c1d\u00e1m\"}}]}<\/script>\n<!-- \/ Yoast SEO plugin. -->","yoast_head_json":{"title":"Amazfit Band 7: laza kapcsolat - MediaMarkt Magazin","description":"Amazfit Band 7: kev\u00e9s p\u00e9nzb\u0151l egy divatos, sz\u00e9p kijelz\u0151s okoskark\u00f6t\u0151, amely napi t\u00e1rsunk lehet. Olvasd el cikk\u00fcnket!","robots":{"index":"index","follow":"follow","max-snippet":"max-snippet:-1","max-image-preview":"max-image-preview:large","max-video-preview":"max-video-preview:-1"},"canonical":"https:\/\/hir.mediamarkt.hu\/magazin\/amazfit-band-7-laza-kapcsolat\/","og_locale":"hu_HU","og_type":"article","og_title":"Amazfit Band 7: laza kapcsolat - MediaMarkt Magazin","og_description":"Amazfit Band 7: kev\u00e9s p\u00e9nzb\u0151l egy divatos, sz\u00e9p kijelz\u0151s okoskark\u00f6t\u0151, amely napi t\u00e1rsunk lehet. Olvasd el cikk\u00fcnket!","og_url":"https:\/\/hir.mediamarkt.hu\/magazin\/amazfit-band-7-laza-kapcsolat\/","og_site_name":"MediaMarkt Magazin","article_publisher":"https:\/\/www.facebook.com\/MediaMarktMagyarorszag","article_published_time":"2022-12-16T11:20:50+00:00","article_modified_time":"2022-12-29T16:09:40+00:00","og_image":[{"width":1024,"height":619,"url":"https:\/\/hir.mediamarkt.hu\/magazin\/wp-content\/uploads\/2022\/12\/Amazfit_band7_teszt-4.png","type":"image\/png"}],"author":"Kov\u00e1cs \u00c1d\u00e1m","twitter_misc":{"Szerz\u0151:":"Kov\u00e1cs \u00c1d\u00e1m","Becs\u00fclt olvas\u00e1si id\u0151":"10 perc"},"schema":{"@context":"https:\/\/schema.org","@graph":[{"@type":"WebPage","@id":"https:\/\/hir.mediamarkt.hu\/magazin\/amazfit-band-7-laza-kapcsolat\/","url":"https:\/\/hir.mediamarkt.hu\/magazin\/amazfit-band-7-laza-kapcsolat\/","name":"Amazfit Band 7: laza kapcsolat - MediaMarkt Magazin","isPartOf":{"@id":"https:\/\/hir.mediamarkt.hu\/magazin\/#website"},"primaryImageOfPage":{"@id":"https:\/\/hir.mediamarkt.hu\/magazin\/amazfit-band-7-laza-kapcsolat\/#primaryimage"},"image":{"@id":"https:\/\/hir.mediamarkt.hu\/magazin\/amazfit-band-7-laza-kapcsolat\/#primaryimage"},"thumbnailUrl":"https:\/\/hir.mediamarkt.hu\/magazin\/wp-content\/uploads\/2022\/12\/Amazfit_band7_teszt-4.png","datePublished":"2022-12-16T11:20:50+00:00","dateModified":"2022-12-29T16:09:40+00:00","author":{"@id":"https:\/\/hir.mediamarkt.hu\/magazin\/#\/schema\/person\/eb6407def37d68930e61b9ccc0d2b12b"},"description":"Amazfit Band 7: kev\u00e9s p\u00e9nzb\u0151l egy divatos, sz\u00e9p kijelz\u0151s okoskark\u00f6t\u0151, amely napi t\u00e1rsunk lehet. Olvasd el cikk\u00fcnket!","breadcrumb":{"@id":"https:\/\/hir.mediamarkt.hu\/magazin\/amazfit-band-7-laza-kapcsolat\/#breadcrumb"},"inLanguage":"hu","potentialAction":[{"@type":"ReadAction","target":["https:\/\/hir.mediamarkt.hu\/magazin\/amazfit-band-7-laza-kapcsolat\/"]}]},{"@type":"ImageObject","inLanguage":"hu","@id":"https:\/\/hir.mediamarkt.hu\/magazin\/amazfit-band-7-laza-kapcsolat\/#primaryimage","url":"https:\/\/hir.mediamarkt.hu\/magazin\/wp-content\/uploads\/2022\/12\/Amazfit_band7_teszt-4.png","contentUrl":"https:\/\/hir.mediamarkt.hu\/magazin\/wp-content\/uploads\/2022\/12\/Amazfit_band7_teszt-4.png","width":1024,"height":619},{"@type":"BreadcrumbList","@id":"https:\/\/hir.mediamarkt.hu\/magazin\/amazfit-band-7-laza-kapcsolat\/#breadcrumb","itemListElement":[{"@type":"ListItem","position":1,"name":"Kezd\u0151lap","item":"https:\/\/hir.mediamarkt.hu\/magazin\/"},{"@type":"ListItem","position":2,"name":"Tesztelt\u00fck","item":"https:\/\/hir.mediamarkt.hu\/magazin\/teszteltuk\/"},{"@type":"ListItem","position":3,"name":"Amazfit Band 7: laza kapcsolat"}]},{"@type":"WebSite","@id":"https:\/\/hir.mediamarkt.hu\/magazin\/#website","url":"https:\/\/hir.mediamarkt.hu\/magazin\/","name":"MediaMarkt Magazin","description":"Olvass bele magazinunkba!","potentialAction":[{"@type":"SearchAction","target":{"@type":"EntryPoint","urlTemplate":"https:\/\/hir.mediamarkt.hu\/magazin\/?s={search_term_string}"},"query-input":"required name=search_term_string"}],"inLanguage":"hu"},{"@type":"Person","@id":"https:\/\/hir.mediamarkt.hu\/magazin\/#\/schema\/person\/eb6407def37d68930e61b9ccc0d2b12b","name":"Kov\u00e1cs \u00c1d\u00e1m","image":{"@type":"ImageObject","inLanguage":"hu","@id":"https:\/\/hir.mediamarkt.hu\/magazin\/#\/schema\/person\/image\/","url":"https:\/\/secure.gravatar.com\/avatar\/7f17d39fcf146db446aab8f0a0b84bce?s=96&d=mm&r=g","contentUrl":"https:\/\/secure.gravatar.com\/avatar\/7f17d39fcf146db446aab8f0a0b84bce?s=96&d=mm&r=g","caption":"Kov\u00e1cs \u00c1d\u00e1m"}}]}},"_links":{"self":[{"href":"https:\/\/hir.mediamarkt.hu\/magazin\/wp-json\/wp\/v2\/posts\/15710"}],"collection":[{"href":"https:\/\/hir.mediamarkt.hu\/magazin\/wp-json\/wp\/v2\/posts"}],"about":[{"href":"https:\/\/hir.mediamarkt.hu\/magazin\/wp-json\/wp\/v2\/types\/post"}],"author":[{"embeddable":true,"href":"https:\/\/hir.mediamarkt.hu\/magazin\/wp-json\/wp\/v2\/users\/34"}],"replies":[{"embeddable":true,"href":"https:\/\/hir.mediamarkt.hu\/magazin\/wp-json\/wp\/v2\/comments?post=15710"}],"version-history":[{"count":6,"href":"https:\/\/hir.mediamarkt.hu\/magazin\/wp-json\/wp\/v2\/posts\/15710\/revisions"}],"predecessor-version":[{"id":15795,"href":"https:\/\/hir.mediamarkt.hu\/magazin\/wp-json\/wp\/v2\/posts\/15710\/revisions\/15795"}],"wp:featuredmedia":[{"embeddable":true,"href":"https:\/\/hir.mediamarkt.hu\/magazin\/wp-json\/wp\/v2\/media\/15792"}],"wp:attachment":[{"href":"https:\/\/hir.mediamarkt.hu\/magazin\/wp-json\/wp\/v2\/media?parent=15710"}],"wp:term":[{"taxonomy":"category","embeddable":true,"href":"https:\/\/hir.mediamarkt.hu\/magazin\/wp-json\/wp\/v2\/categories?post=15710"},{"taxonomy":"post_tag","embeddable":true,"href":"https:\/\/hir.mediamarkt.hu\/magazin\/wp-json\/wp\/v2\/tags?post=15710"}],"curies":[{"name":"wp","href":"https:\/\/api.w.org\/{rel}","templated":true}]}}