{"id":15853,"date":"2023-01-13T15:00:17","date_gmt":"2023-01-13T14:00:17","guid":{"rendered":"https:\/\/hir.mediamarkt.hu\/magazin\/?p=15853"},"modified":"2023-01-16T12:24:21","modified_gmt":"2023-01-16T11:24:21","slug":"6-betarthato-tipp-a-sikeres-eletmodvaltasert","status":"publish","type":"post","link":"https:\/\/hir.mediamarkt.hu\/magazin\/6-betarthato-tipp-a-sikeres-eletmodvaltasert\/","title":{"rendered":"6 betarthat\u00f3 tipp a sikeres \u00e9letm\u00f3dv\u00e1lt\u00e1s\u00e9rt"},"content":{"rendered":"\n<p class=\"has-text-align-justify\"><strong>Az \u00e9letm\u00f3dv\u00e1lt\u00e1s tal\u00e1n az \u00e9velej\u00e9n ker\u00fcl a legnagyobb f\u00f3kuszba. Amilyen nagy lend\u00fclettel fogadjuk meg \u00e9v v\u00e9g\u00e9n, hogy janu\u00e1rt\u00f3l mindent m\u00e1sk\u00e9pp csin\u00e1lunk, olyan gyorsan gyeng\u00fcl el az akaratunk, amikor belev\u00e1gunk. Ez sokakat k\u00e9sztet arra, hogy m\u00e1r az elej\u00e9n feladj\u00e1k nagyszab\u00e1s\u00fa terveiket. Vannak, akik k\u00fcl\u00f6nb\u00f6z\u0151 eszk\u00f6z\u00f6k v\u00e1s\u00e1rl\u00e1s\u00e1val pr\u00f3b\u00e1lj\u00e1k motiv\u00e1lni magukat. Ezt tapasztalj<\/strong>uk <strong>mi is a saj\u00e1t b\u0151r\u00fcnk\u00f6n, ez\u00e9rt<\/strong> <strong>egy \u00e9letm\u00f3dtan\u00e1csad\u00f3 \u00e9s szem\u00e9lyi edz\u0151, Gazdag T\u00fcnde seg\u00edts\u00e9g\u00e9vel olyan tippeket adunk, melyek megk\u00f6nny\u00edthetik az \u00e9letm\u00f3dv\u00e1lt\u00e1st.<\/strong><\/p>\n\n\n\n<blockquote class=\"wp-block-quote\">\n<p class=\"has-text-align-justify\"><em>A legfontosabb a fokozatoss\u00e1g elve: ne akarjunk olyasmit magunkra er\u0151szakolni, ami nagyon messze van az eddigi szok\u00e1sainkt\u00f3l, mert a t\u00fal nagy v\u00e1ltoz\u00e1sok, pl\u00e1ne korl\u00e1toz\u00e1sok bor\u00edt\u00e9kolhat\u00f3an a janu\u00e1ri \u00e9letm\u00f3dv\u00e1lt\u00f3 lend\u00fclet v\u00e9g\u00e9hez vezethetnek<\/em>.<\/p>\n<\/blockquote>\n\n\n\n<ol>\n<li><strong>Fogyasszunk t\u00f6bb vizet!<\/strong><\/li>\n<\/ol>\n\n\n\n<p class=\"has-text-align-justify\">Az \u00e9letm\u00f3dv\u00e1lt\u00e1s 0. l\u00e9p\u00e9se, hogy rendezz\u00fck a folyad\u00e9kfogyaszt\u00e1si szok\u00e1sainkat. Ha valakinek gondja van a v\u00edzfogyaszt\u00e1ssal, annak praktikus beszereznie egy <a href=\"https:\/\/www.mediamarkt.hu\/hu\/category\/_sz%C3%B3dag%C3%A9p-%C3%A9s-v%C3%ADzsz%C5%B1r%C5%91-504681.html?view=PRODUCTGRID&amp;page=1&amp;sort=topseller\" target=\"_blank\" rel=\"noreferrer noopener\">v\u00edzsz\u0171r\u0151 kancs\u00f3t<\/a>, \u00e9s c\u00e9lk\u00e9nt kit\u0171zni tartalm\u00e1nak elfogyaszt\u00e1s\u00e1t estig. A cukros \u00fcd\u00edt\u0151kr\u0151l val\u00f3 leszok\u00e1st megk\u00f6nny\u00edtheti a <a href=\"https:\/\/www.mediamarkt.hu\/hu\/category\/_gy%C3%BCm%C3%B6lcscentrifuga-%C3%A9s-citruspr%C3%A9s-504676.html\" target=\"_blank\" rel=\"noreferrer noopener\">gy\u00fcm\u00f6lcscentrifug\u00e1val<\/a> k\u00e9sz\u00edtett, frissen pr\u00e9selt levek napi rutinba beilleszt\u00e9se is, legyen sz\u00f3 ak\u00e1r z\u00f6lds\u00e9g-, ak\u00e1r gy\u00fcm\u00f6lcslevekr\u0151l, vagy egy cs\u00e9sze tea (cukor n\u00e9lk\u00fcl).<\/p>\n\n\n\n<figure class=\"wp-block-gallery has-nested-images columns-default is-cropped wp-block-gallery-2 is-layout-flex wp-block-gallery-is-layout-flex\">\n<figure class=\"wp-block-image size-large\"><img loading=\"lazy\" decoding=\"async\" width=\"1024\" height=\"681\" data-id=\"15881\" src=\"https:\/\/hir.mediamarkt.hu\/magazin\/wp-content\/uploads\/2023\/01\/eletmodvaltas_vizszuro_mediamarkt-1.jpg\" alt=\"\" class=\"wp-image-15881\" srcset=\"https:\/\/hir.mediamarkt.hu\/magazin\/wp-content\/uploads\/2023\/01\/eletmodvaltas_vizszuro_mediamarkt-1.jpg 1024w, https:\/\/hir.mediamarkt.hu\/magazin\/wp-content\/uploads\/2023\/01\/eletmodvaltas_vizszuro_mediamarkt-1-300x200.jpg 300w, https:\/\/hir.mediamarkt.hu\/magazin\/wp-content\/uploads\/2023\/01\/eletmodvaltas_vizszuro_mediamarkt-1-275x183.jpg 275w, https:\/\/hir.mediamarkt.hu\/magazin\/wp-content\/uploads\/2023\/01\/eletmodvaltas_vizszuro_mediamarkt-1-768x511.jpg 768w\" sizes=\"(max-width: 1024px) 100vw, 1024px\" \/><\/figure>\n\n\n\n<figure class=\"wp-block-image size-large\"><img loading=\"lazy\" decoding=\"async\" width=\"531\" height=\"566\" data-id=\"15879\" src=\"https:\/\/hir.mediamarkt.hu\/magazin\/wp-content\/uploads\/2023\/01\/eletmodvaltas_viz_mediamarkt.jpeg\" alt=\"\" class=\"wp-image-15879\" srcset=\"https:\/\/hir.mediamarkt.hu\/magazin\/wp-content\/uploads\/2023\/01\/eletmodvaltas_viz_mediamarkt.jpeg 531w, https:\/\/hir.mediamarkt.hu\/magazin\/wp-content\/uploads\/2023\/01\/eletmodvaltas_viz_mediamarkt-281x300.jpeg 281w, https:\/\/hir.mediamarkt.hu\/magazin\/wp-content\/uploads\/2023\/01\/eletmodvaltas_viz_mediamarkt-275x293.jpeg 275w\" sizes=\"(max-width: 531px) 100vw, 531px\" \/><\/figure>\n\n\n\n<figure class=\"wp-block-image size-large\"><img loading=\"lazy\" decoding=\"async\" width=\"1024\" height=\"478\" data-id=\"15880\" src=\"https:\/\/hir.mediamarkt.hu\/magazin\/wp-content\/uploads\/2023\/01\/eletmodvaltas_tea_mediamarkt-1.jpg\" alt=\"\" class=\"wp-image-15880\" srcset=\"https:\/\/hir.mediamarkt.hu\/magazin\/wp-content\/uploads\/2023\/01\/eletmodvaltas_tea_mediamarkt-1.jpg 1024w, https:\/\/hir.mediamarkt.hu\/magazin\/wp-content\/uploads\/2023\/01\/eletmodvaltas_tea_mediamarkt-1-300x140.jpg 300w, https:\/\/hir.mediamarkt.hu\/magazin\/wp-content\/uploads\/2023\/01\/eletmodvaltas_tea_mediamarkt-1-275x128.jpg 275w, https:\/\/hir.mediamarkt.hu\/magazin\/wp-content\/uploads\/2023\/01\/eletmodvaltas_tea_mediamarkt-1-768x359.jpg 768w\" sizes=\"(max-width: 1024px) 100vw, 1024px\" \/><\/figure>\n<\/figure>\n\n\n\n<ol start=\"2\">\n<li><strong>Fogyasszunk t\u00f6bb teljes \u00e9rt\u00e9k\u0171 \u00e9lelmiszert!<\/strong><\/li>\n<\/ol>\n\n\n\n<p class=\"has-text-align-justify\">N\u00f6velj\u00fck az \u00e9trend\u00fcnkben a z\u00f6lds\u00e9gek \u00e9s sov\u00e1ny feh\u00e9rje forr\u00e1sok (pl. halak) mennyis\u00e9g\u00e9t, ugyanis ezek jelentik a tests\u00falycs\u00f6kkent\u00e9si c\u00e9ljaink el\u00e9r\u00e9s\u00e9nek kulcs\u00e1t. Kiv\u00e1l\u00f3 kezd\u0151 tipp a napi z\u00f6lds\u00e9g fogyaszt\u00e1s n\u00f6vel\u00e9s\u00e9re, ha beszerz\u00fcnk egy <a href=\"https:\/\/www.mediamarkt.hu\/hu\/category\/_p%C3%A1rol%C3%B3-f%C5%91z%C5%91-aszal%C3%B3-k%C3%A9sz%C3%BCl%C3%A9k-504680.html?view=PRODUCTGRID&amp;page=1&amp;sort=topseller\">p\u00e1rol\u00f3 ed\u00e9nyt<\/a>, amiben az \u00e9telek nem vesz\u00edtik el az \u00edz\u00fcket \u00e9s vitamin tartalmukat. Van olyan k\u00e9sz\u00fcl\u00e9k, aminek k\u00fcl\u00f6nb\u00f6z\u0151 szintjein m\u00e1s-m\u00e1s \u00e9lelmiszert p\u00e1rolhatunk, \u00edgy egyszerre k\u00e9sz\u00edthetj\u00fck el a rizst, a z\u00f6lds\u00e9geket, vagy ak\u00e1r a halat is. <\/p>\n\n\n\n<ol start=\"3\">\n<li><strong>M\u00e9rs\u00e9kelj\u00fck a cukorbevitelt!<\/strong><\/li>\n<\/ol>\n\n\n\n<p class=\"has-text-align-justify\">T\u00f6rekedj\u00fcnk arra, hogy min\u00e9l kevesebb cukrot fogyasszunk, illetve ar\u00e1nyaiban cs\u00f6kkents\u00fck a napi \u00e9tkez\u00e9s\u00fcnkben a mennyis\u00e9g\u00fcket. &nbsp;Kezd\u0151 l\u00e9p\u00e9sk\u00e9nt v\u00e1ltsunk ki egy-egy desszertet vagy nassol\u00e1st eg\u00e9szs\u00e9gesebb, cukormentesebb verzi\u00f3val: pl. egy <a href=\"https:\/\/www.mediamarkt.hu\/hu\/category\/_turmix-%C3%A9s-mixer-675599.html\">turmixg\u00e9pben<\/a> \u00edzletes gy\u00fcm\u00f6lcsturmixokat k\u00e9sz\u00edthet\u00fcnk, amik k\u00f6nnyebb\u00e9 teszik az \u00e1t\u00e1ll\u00e1st a cukros \u00e9dess\u00e9gekr\u0151l, \u00e9s fenntarthat\u00f3bb\u00e1 is teszik a di\u00e9t\u00e1nkat.<\/p>\n\n\n\n<ol start=\"4\">\n<li><strong>Pr\u00f3b\u00e1ljunk meg t\u00f6bbsz\u00f6r f\u0151zni \u00e9s \u00faj, reform f\u0151z\u00e9si m\u00f3dszereket kipr\u00f3b\u00e1lni!<\/strong><\/li>\n<\/ol>\n\n\n\n<p class=\"has-text-align-justify\">Ha valaki jobb form\u00e1ba szeretne ker\u00fclni, eg\u00e9szs\u00e9gesebb szeretne lenni, az els\u0151 l\u00e9p\u00e9sek bizony a konyh\u00e1ba vezetnek. Hatalmas l\u00e9p\u00e9s els\u0151re, ha megreform\u00e1ljuk a b\u0151 olajos f\u0151z\u00e9seinket \u00e9s beszerz\u00fcnk egy p\u00e9ld\u00e1ul egy <a href=\"https:\/\/www.mediamarkt.hu\/hu\/category\/_airfryer-%C3%A9s-olajs%C3%BCt%C5%91-504682.html?view=PRODUCTGRID&amp;page=1&amp;sort=topseller\">air fryert<\/a>, amiben zs\u00edrszeg\u00e9nyen, m\u00e9gis \u00edzesen tudunk v\u00e1ltozatos \u00e9teleket k\u00e9sz\u00edteni, rengeteg szuper air fryer recept van fent a vil\u00e1ghal\u00f3n, <a href=\"https:\/\/hir.mediamarkt.hu\/magazin\/category\/receptek\/airfryer-receptek\/\" target=\"_blank\" rel=\"noreferrer noopener\">innen is lehet v\u00e1logatni<\/a> vagy ha a vide\u00f3s tartalmakat szereted jobban, akkor <a href=\"https:\/\/www.youtube.com\/watch?v=jnYrn3IC7XQ\" target=\"_blank\" rel=\"noreferrer noopener\">ezt a vide\u00f3t<\/a> mindenk\u00e9ppen \u00e9rdemes megn\u00e9zni. Vagy, ha olyan szerencs\u00e9sek vagyunk, hogy a s\u00fct\u0151nk rendelkezik g\u0151z funkci\u00f3val, haszn\u00e1ljuk b\u00e1tran! Haszn\u00e1lat\u00e1val egyenletesen \u00e9s gyorsabban s\u00fcl \u00e1t a z\u00f6lds\u00e9g \u00e9s oml\u00f3s, zamatos lesz a h\u00fas is.<\/p>\n\n\n\n<ol start=\"5\">\n<li><strong>Mozogjunk t\u00f6bbet!<\/strong><\/li>\n<\/ol>\n\n\n\n<p class=\"has-text-align-justify\">\u00c9rdemes olyan mozg\u00e1sform\u00e1t v\u00e1lasztani az \u00e9letm\u00f3dv\u00e1lt\u00e1skor, amit hossz\u00fa t\u00e1von is tarthat\u00f3nak \u00e9rz\u00fcnk. Nem kell azonnal olimpiai edz\u00e9sprogramra gondolni, eleinte az is elegend\u0151, ha n\u00f6velj\u00fck a napi s\u00e9ta mennyis\u00e9g\u00fcnket 10 000 l\u00e9p\u00e9sig. Ebben a c\u00e9lban praktikus t\u00e1rsunk lehet egy <a href=\"https:\/\/www.mediamarkt.hu\/hu\/category\/_okos-eszk%C3%B6z%C3%B6k-734574.html\">okos\u00f3ra<\/a>, ami nem csak a napi aktivit\u00e1sunkat figyeli, illetve figyelmeztet, ha t\u00fal r\u00e9g\u00f3ta inakt\u00edvak vagyunk p\u00e9ld\u00e1ul \u00fcl\u0151munka miatt, de m\u00e9g az alv\u00e1si ciklusunkat is nyomon tudja k\u00f6vetni. Amit m\u00e9g musz\u00e1j megeml\u00edteni, \u00e9s k\u00f6telez\u0151 tann\u00e9nk minden h\u00e1ztart\u00e1sban, az a <a href=\"https:\/\/www.mediamarkt.hu\/hu\/product\/_wiwe-dsw0001-0000-szem%C3%A9lyes-ekg-feh%C3%A9r-1323590.html\" target=\"_blank\" rel=\"noreferrer noopener\">mobil EKG<\/a>. Ez egy szuper, kicsi eszk\u00f6z, ami \u00e9letet menthet, ugyanis<strong> abban lesz a seg\u00edts\u00e9g\u00fcnkre, hogy id\u0151ben \u00e9rtes\u00fclj\u00fcnk a stroke, vagy a hirtelen sz\u00edvle\u00e1ll\u00e1s kock\u00e1zat\u00e1r\u00f3l<\/strong>, ha r\u00e9szletesebben is \u00e9rdekel mi ez a k\u00e9sz\u00fcl\u00e9k pontosan \u00e9s hogyan kell haszn\u00e1lni, <a href=\"https:\/\/hir.mediamarkt.hu\/magazin\/wiwe-mobil-ekg-teszt\/\" target=\"_blank\" rel=\"noreferrer noopener\">itt <\/a>t\u00f6bbet is megtudhatsz r\u00f3la. <\/p>\n\n\n\n<figure class=\"wp-block-gallery has-nested-images columns-default is-cropped wp-block-gallery-3 is-layout-flex wp-block-gallery-is-layout-flex\">\n<figure class=\"wp-block-image size-large\"><img loading=\"lazy\" decoding=\"async\" width=\"1024\" height=\"719\" data-id=\"12544\" src=\"https:\/\/hir.mediamarkt.hu\/magazin\/wp-content\/uploads\/2021\/07\/wiwe-mobil-ekg-teszt-mediamarkt-4-1024x719.jpg\" alt=\"EKG m\u00e9r\u00e9s a WIWE eszk\u00f6zzel\" class=\"wp-image-12544\" srcset=\"https:\/\/hir.mediamarkt.hu\/magazin\/wp-content\/uploads\/2021\/07\/wiwe-mobil-ekg-teszt-mediamarkt-4-1024x719.jpg 1024w, https:\/\/hir.mediamarkt.hu\/magazin\/wp-content\/uploads\/2021\/07\/wiwe-mobil-ekg-teszt-mediamarkt-4-300x211.jpg 300w, https:\/\/hir.mediamarkt.hu\/magazin\/wp-content\/uploads\/2021\/07\/wiwe-mobil-ekg-teszt-mediamarkt-4-275x193.jpg 275w, https:\/\/hir.mediamarkt.hu\/magazin\/wp-content\/uploads\/2021\/07\/wiwe-mobil-ekg-teszt-mediamarkt-4-768x540.jpg 768w, https:\/\/hir.mediamarkt.hu\/magazin\/wp-content\/uploads\/2021\/07\/wiwe-mobil-ekg-teszt-mediamarkt-4.jpg 1200w\" sizes=\"(max-width: 1024px) 100vw, 1024px\" \/><\/figure>\n\n\n\n<figure class=\"wp-block-image size-large\"><img loading=\"lazy\" decoding=\"async\" width=\"1024\" height=\"683\" data-id=\"14598\" src=\"https:\/\/hir.mediamarkt.hu\/magazin\/wp-content\/uploads\/2022\/03\/garmin-epix-gen-2-teszt-26-1024x683.jpg\" alt=\"\" class=\"wp-image-14598\" srcset=\"https:\/\/hir.mediamarkt.hu\/magazin\/wp-content\/uploads\/2022\/03\/garmin-epix-gen-2-teszt-26-1024x683.jpg 1024w, https:\/\/hir.mediamarkt.hu\/magazin\/wp-content\/uploads\/2022\/03\/garmin-epix-gen-2-teszt-26-300x200.jpg 300w, https:\/\/hir.mediamarkt.hu\/magazin\/wp-content\/uploads\/2022\/03\/garmin-epix-gen-2-teszt-26-275x183.jpg 275w, https:\/\/hir.mediamarkt.hu\/magazin\/wp-content\/uploads\/2022\/03\/garmin-epix-gen-2-teszt-26-768x512.jpg 768w, https:\/\/hir.mediamarkt.hu\/magazin\/wp-content\/uploads\/2022\/03\/garmin-epix-gen-2-teszt-26.jpg 1200w\" sizes=\"(max-width: 1024px) 100vw, 1024px\" \/><\/figure>\n<\/figure>\n\n\n\n<ol start=\"6\">\n<li><strong>Aludjuk magunkat fittre!<\/strong><\/li>\n<\/ol>\n\n\n\n<p class=\"has-text-align-justify\">Az alv\u00e1si ciklus nem csak \u00e9letm\u00f3dv\u00e1lt\u00e1s eset\u00e9n kritikus, de a hossz\u00fat\u00e1v\u00fa eg\u00e9szs\u00e9gmeg\u0151rz\u00e9si c\u00e9ljainkban is. Fontos, hogy est\u00e9re m\u00e1r ne egy\u00fck tele magunkat, a legutols\u00f3 k\u00f6nnyebb, feh\u00e9rje- \u00e9s rost d\u00fas \u00e9tkez\u00e9st pedig \u00e9rdemes a lefekv\u00e9st megel\u0151z\u0151 2 \u00f3r\u00e1val megejteni. Ne legyen t\u00fal meleg a szob\u00e1ban, \u00e9rdemes \u00e9jszak\u00e1ra maximum 20, de ink\u00e1bb 18 fokra \u00e1ll\u00edtani a termoszt\u00e1tot. Aj\u00e1nlott lefekv\u00e9s el\u0151tt alaposan kiszell\u0151ztetni, valamint ker\u00fclni a k\u00e9k- \u00e9s villog\u00f3 f\u00e9nyeket. Az esti ellazul\u00e1ssal k\u00fcszk\u00f6d\u0151knek praktikus lehet beszerezni egy <a href=\"https:\/\/www.mediamarkt.hu\/hu\/category\/_l%C3%A9gtiszt%C3%ADt%C3%B3-%C3%A9s-p%C3%A1r%C3%A1s%C3%ADt%C3%B3-504744.html?view=PRODUCTGRID&amp;page=1&amp;sort=topseller\">aroma diff\u00fazort<\/a>, ami a k\u00fcl\u00f6nf\u00e9le stresszold\u00f3 olajokat a leveg\u0151be diszperg\u00e1lva seg\u00edtheti a k\u00f6nnyebb elalv\u00e1st \u00e9s a m\u00e9lyebb alv\u00e1st. Vannak olyan aromadiff\u00fazorok, amelyek aromadiff\u00fazor <a href=\"https:\/\/www.mediamarkt.hu\/hu\/product\/_eta-5634-90000-himalaia-aroma-diff%C3%BAzor-1369329.html\" target=\"_blank\" rel=\"noreferrer noopener\">s\u00f3l\u00e1mpak\u00e9nt is<\/a> funkcion\u00e1lnak, a Himal\u00e1ja s\u00f3krist\u00e1ly jav\u00edtja a leveg\u0151 min\u0151s\u00e9g\u00e9t a helyis\u00e9gben, \u00e9s term\u00e9szetes ioniz\u00e1l\u00f3k\u00e9nt m\u0171k\u00f6dik. Az ioniz\u00e1ci\u00f3 n\u00f6veli a negat\u00edv t\u00f6lt\u00e9s\u0171 ionok mennyis\u00e9g\u00e9t a leveg\u0151ben, ami pozit\u00edv hat\u00e1ssal van a l\u00e9gz\u00e9s min\u0151s\u00e9g\u00e9re \u00e9s az \u00e1ltal\u00e1nos ment\u00e1lis \u00e1llapotra<\/p>\n\n\n\n<figure class=\"wp-block-gallery has-nested-images columns-default is-cropped wp-block-gallery-4 is-layout-flex wp-block-gallery-is-layout-flex\">\n<figure class=\"wp-block-image size-large\"><img loading=\"lazy\" decoding=\"async\" width=\"725\" height=\"276\" data-id=\"15883\" src=\"https:\/\/hir.mediamarkt.hu\/magazin\/wp-content\/uploads\/2023\/01\/aroma_soterapia_eletmod.jpg\" alt=\"\" class=\"wp-image-15883\" srcset=\"https:\/\/hir.mediamarkt.hu\/magazin\/wp-content\/uploads\/2023\/01\/aroma_soterapia_eletmod.jpg 725w, https:\/\/hir.mediamarkt.hu\/magazin\/wp-content\/uploads\/2023\/01\/aroma_soterapia_eletmod-300x114.jpg 300w, https:\/\/hir.mediamarkt.hu\/magazin\/wp-content\/uploads\/2023\/01\/aroma_soterapia_eletmod-275x105.jpg 275w\" sizes=\"(max-width: 725px) 100vw, 725px\" \/><\/figure>\n\n\n\n<figure class=\"wp-block-image size-large\"><img loading=\"lazy\" decoding=\"async\" width=\"730\" height=\"412\" data-id=\"15884\" src=\"https:\/\/hir.mediamarkt.hu\/magazin\/wp-content\/uploads\/2023\/01\/aroma_diffuzor_eletmod.jpg\" alt=\"\" class=\"wp-image-15884\" srcset=\"https:\/\/hir.mediamarkt.hu\/magazin\/wp-content\/uploads\/2023\/01\/aroma_diffuzor_eletmod.jpg 730w, https:\/\/hir.mediamarkt.hu\/magazin\/wp-content\/uploads\/2023\/01\/aroma_diffuzor_eletmod-300x169.jpg 300w, https:\/\/hir.mediamarkt.hu\/magazin\/wp-content\/uploads\/2023\/01\/aroma_diffuzor_eletmod-275x155.jpg 275w, https:\/\/hir.mediamarkt.hu\/magazin\/wp-content\/uploads\/2023\/01\/aroma_diffuzor_eletmod-480x270.jpg 480w\" sizes=\"(max-width: 730px) 100vw, 730px\" \/><\/figure>\n<\/figure>\n\n\n\n<blockquote class=\"wp-block-quote\">\n<p class=\"has-text-align-justify\"><em>Fontos, hogy nincs olyan, hogy valaki hib\u00e1tlanul csin\u00e1lja az \u00e9letm\u00f3dv\u00e1lt\u00e1st<\/em>,<em> mind m\u00e1sok vagyunk, m\u00e1s k\u00f6r\u00fclm\u00e9nyekkel, m\u00e1s habitussal. A l\u00e9nyeg, hogy t\u00f6rekedj\u00fcnk a lehet\u0151 legt\u00f6bb tipp betart\u00e1s\u00e1ra, \u00e9s ne legy\u00fcnk csal\u00f3dottak, \u00e9s legf\u0151k\u00e9ppen ne adjuk fel, ha nem j\u00f6n \u00f6ssze mindegyik minden nap. A fenti tippek az eg\u00e9szs\u00e9get t\u00e1mogat\u00f3 \u00e9letm\u00f3d alappill\u00e9rei, melyeken minden nap lehet dolgozni: a c\u00e9l az legyen, hogy minden nap picit jobbak \u00e9s tudatosabbak legy\u00fcnk. <\/em><\/p>\n<\/blockquote>\n\n\n\n<p><strong>Sikeres, \u00faj \u00e9vet, \u00e9s tart\u00f3s \u00e9letm\u00f3dv\u00e1lt\u00e1st k\u00edv\u00e1nunk mindenkinek!<\/strong><\/p>\n","protected":false},"excerpt":{"rendered":"Amilyen nagy lend\u00fclettel fogadjuk meg \u00e9v v\u00e9g\u00e9n, hogy janu\u00e1rt\u00f3l mindent m\u00e1sk\u00e9pp csin\u00e1lunk, olyan gyorsan gyeng\u00fcl el az akaratunk, amikor belev\u00e1gunk.","protected":false},"author":13,"featured_media":15857,"comment_status":"open","ping_status":"open","sticky":false,"template":"","format":"standard","meta":{"wprm-recipe-roundup-name":"","wprm-recipe-roundup-description":"","footnotes":""},"categories":[5953],"tags":[],"yoast_head":"<!-- This site is optimized with the Yoast SEO plugin v22.9 - https:\/\/yoast.com\/wordpress\/plugins\/seo\/ -->\n<title>6 betarthat\u00f3 tipp a sikeres \u00e9letm\u00f3dv\u00e1lt\u00e1s\u00e9rt - MediaMarkt Magazin<\/title>\n<meta name=\"description\" content=\"\u00c9letm\u00f3dv\u00e1lt\u00e1s: Nagy lend\u00fclettel fogadjuk meg, hogy holnapt\u00f3l mindent m\u00e1sk\u00e9pp csin\u00e1lunk, azt\u00e1n gyorsan elgyeng\u00fcl el az akaratunk.\" \/>\n<meta name=\"robots\" content=\"index, follow, max-snippet:-1, max-image-preview:large, max-video-preview:-1\" \/>\n<link rel=\"canonical\" href=\"https:\/\/hir.mediamarkt.hu\/magazin\/6-betarthato-tipp-a-sikeres-eletmodvaltasert\/\" \/>\n<meta property=\"og:locale\" content=\"hu_HU\" \/>\n<meta property=\"og:type\" content=\"article\" \/>\n<meta property=\"og:title\" content=\"6 betarthat\u00f3 tipp a sikeres \u00e9letm\u00f3dv\u00e1lt\u00e1s\u00e9rt - MediaMarkt Magazin\" \/>\n<meta property=\"og:description\" content=\"\u00c9letm\u00f3dv\u00e1lt\u00e1s: Nagy lend\u00fclettel fogadjuk meg, hogy holnapt\u00f3l mindent m\u00e1sk\u00e9pp csin\u00e1lunk, azt\u00e1n gyorsan elgyeng\u00fcl el az akaratunk.\" \/>\n<meta property=\"og:url\" content=\"https:\/\/hir.mediamarkt.hu\/magazin\/6-betarthato-tipp-a-sikeres-eletmodvaltasert\/\" \/>\n<meta property=\"og:site_name\" content=\"MediaMarkt Magazin\" \/>\n<meta property=\"article:publisher\" content=\"https:\/\/www.facebook.com\/MediaMarktMagyarorszag\" \/>\n<meta property=\"article:published_time\" content=\"2023-01-13T14:00:17+00:00\" \/>\n<meta property=\"article:modified_time\" content=\"2023-01-16T11:24:21+00:00\" \/>\n<meta property=\"og:image\" content=\"https:\/\/hir.mediamarkt.hu\/magazin\/wp-content\/uploads\/2023\/01\/eletmod_teszt.png\" \/>\n\t<meta property=\"og:image:width\" content=\"1024\" \/>\n\t<meta property=\"og:image:height\" content=\"619\" \/>\n\t<meta property=\"og:image:type\" content=\"image\/png\" \/>\n<meta name=\"author\" content=\"Media Markt\" \/>\n<meta name=\"twitter:label1\" content=\"Szerz\u0151:\" \/>\n\t<meta name=\"twitter:data1\" content=\"Media Markt\" \/>\n\t<meta name=\"twitter:label2\" content=\"Becs\u00fclt olvas\u00e1si id\u0151\" \/>\n\t<meta name=\"twitter:data2\" content=\"5 perc\" \/>\n<script type=\"application\/ld+json\" class=\"yoast-schema-graph\">{\"@context\":\"https:\/\/schema.org\",\"@graph\":[{\"@type\":\"WebPage\",\"@id\":\"https:\/\/hir.mediamarkt.hu\/magazin\/6-betarthato-tipp-a-sikeres-eletmodvaltasert\/\",\"url\":\"https:\/\/hir.mediamarkt.hu\/magazin\/6-betarthato-tipp-a-sikeres-eletmodvaltasert\/\",\"name\":\"6 betarthat\u00f3 tipp a sikeres \u00e9letm\u00f3dv\u00e1lt\u00e1s\u00e9rt - MediaMarkt Magazin\",\"isPartOf\":{\"@id\":\"https:\/\/hir.mediamarkt.hu\/magazin\/#website\"},\"primaryImageOfPage\":{\"@id\":\"https:\/\/hir.mediamarkt.hu\/magazin\/6-betarthato-tipp-a-sikeres-eletmodvaltasert\/#primaryimage\"},\"image\":{\"@id\":\"https:\/\/hir.mediamarkt.hu\/magazin\/6-betarthato-tipp-a-sikeres-eletmodvaltasert\/#primaryimage\"},\"thumbnailUrl\":\"https:\/\/hir.mediamarkt.hu\/magazin\/wp-content\/uploads\/2023\/01\/eletmod_teszt.png\",\"datePublished\":\"2023-01-13T14:00:17+00:00\",\"dateModified\":\"2023-01-16T11:24:21+00:00\",\"author\":{\"@id\":\"https:\/\/hir.mediamarkt.hu\/magazin\/#\/schema\/person\/b93b02ec1ab4d2353f8d281e171c1b0b\"},\"description\":\"\u00c9letm\u00f3dv\u00e1lt\u00e1s: Nagy lend\u00fclettel fogadjuk meg, hogy holnapt\u00f3l mindent m\u00e1sk\u00e9pp csin\u00e1lunk, azt\u00e1n gyorsan elgyeng\u00fcl el az akaratunk.\",\"breadcrumb\":{\"@id\":\"https:\/\/hir.mediamarkt.hu\/magazin\/6-betarthato-tipp-a-sikeres-eletmodvaltasert\/#breadcrumb\"},\"inLanguage\":\"hu\",\"potentialAction\":[{\"@type\":\"ReadAction\",\"target\":[\"https:\/\/hir.mediamarkt.hu\/magazin\/6-betarthato-tipp-a-sikeres-eletmodvaltasert\/\"]}]},{\"@type\":\"ImageObject\",\"inLanguage\":\"hu\",\"@id\":\"https:\/\/hir.mediamarkt.hu\/magazin\/6-betarthato-tipp-a-sikeres-eletmodvaltasert\/#primaryimage\",\"url\":\"https:\/\/hir.mediamarkt.hu\/magazin\/wp-content\/uploads\/2023\/01\/eletmod_teszt.png\",\"contentUrl\":\"https:\/\/hir.mediamarkt.hu\/magazin\/wp-content\/uploads\/2023\/01\/eletmod_teszt.png\",\"width\":1024,\"height\":619},{\"@type\":\"BreadcrumbList\",\"@id\":\"https:\/\/hir.mediamarkt.hu\/magazin\/6-betarthato-tipp-a-sikeres-eletmodvaltasert\/#breadcrumb\",\"itemListElement\":[{\"@type\":\"ListItem\",\"position\":1,\"name\":\"Kezd\u0151lap\",\"item\":\"https:\/\/hir.mediamarkt.hu\/magazin\/\"},{\"@type\":\"ListItem\",\"position\":2,\"name\":\"Egy\u00e9b\",\"item\":\"https:\/\/hir.mediamarkt.hu\/magazin\/egyeb\/\"},{\"@type\":\"ListItem\",\"position\":3,\"name\":\"6 betarthat\u00f3 tipp a sikeres \u00e9letm\u00f3dv\u00e1lt\u00e1s\u00e9rt\"}]},{\"@type\":\"WebSite\",\"@id\":\"https:\/\/hir.mediamarkt.hu\/magazin\/#website\",\"url\":\"https:\/\/hir.mediamarkt.hu\/magazin\/\",\"name\":\"MediaMarkt Magazin\",\"description\":\"Olvass bele magazinunkba!\",\"potentialAction\":[{\"@type\":\"SearchAction\",\"target\":{\"@type\":\"EntryPoint\",\"urlTemplate\":\"https:\/\/hir.mediamarkt.hu\/magazin\/?s={search_term_string}\"},\"query-input\":\"required name=search_term_string\"}],\"inLanguage\":\"hu\"},{\"@type\":\"Person\",\"@id\":\"https:\/\/hir.mediamarkt.hu\/magazin\/#\/schema\/person\/b93b02ec1ab4d2353f8d281e171c1b0b\",\"name\":\"Media Markt\",\"image\":{\"@type\":\"ImageObject\",\"inLanguage\":\"hu\",\"@id\":\"https:\/\/hir.mediamarkt.hu\/magazin\/#\/schema\/person\/image\/\",\"url\":\"https:\/\/secure.gravatar.com\/avatar\/602bccae8998beee472d01909f0978f1?s=96&d=mm&r=g\",\"contentUrl\":\"https:\/\/secure.gravatar.com\/avatar\/602bccae8998beee472d01909f0978f1?s=96&d=mm&r=g\",\"caption\":\"Media Markt\"}}]}<\/script>\n<!-- \/ Yoast SEO plugin. -->","yoast_head_json":{"title":"6 betarthat\u00f3 tipp a sikeres \u00e9letm\u00f3dv\u00e1lt\u00e1s\u00e9rt - MediaMarkt Magazin","description":"\u00c9letm\u00f3dv\u00e1lt\u00e1s: Nagy lend\u00fclettel fogadjuk meg, hogy holnapt\u00f3l mindent m\u00e1sk\u00e9pp csin\u00e1lunk, azt\u00e1n gyorsan elgyeng\u00fcl el az akaratunk.","robots":{"index":"index","follow":"follow","max-snippet":"max-snippet:-1","max-image-preview":"max-image-preview:large","max-video-preview":"max-video-preview:-1"},"canonical":"https:\/\/hir.mediamarkt.hu\/magazin\/6-betarthato-tipp-a-sikeres-eletmodvaltasert\/","og_locale":"hu_HU","og_type":"article","og_title":"6 betarthat\u00f3 tipp a sikeres \u00e9letm\u00f3dv\u00e1lt\u00e1s\u00e9rt - MediaMarkt Magazin","og_description":"\u00c9letm\u00f3dv\u00e1lt\u00e1s: Nagy lend\u00fclettel fogadjuk meg, hogy holnapt\u00f3l mindent m\u00e1sk\u00e9pp csin\u00e1lunk, azt\u00e1n gyorsan elgyeng\u00fcl el az akaratunk.","og_url":"https:\/\/hir.mediamarkt.hu\/magazin\/6-betarthato-tipp-a-sikeres-eletmodvaltasert\/","og_site_name":"MediaMarkt Magazin","article_publisher":"https:\/\/www.facebook.com\/MediaMarktMagyarorszag","article_published_time":"2023-01-13T14:00:17+00:00","article_modified_time":"2023-01-16T11:24:21+00:00","og_image":[{"width":1024,"height":619,"url":"https:\/\/hir.mediamarkt.hu\/magazin\/wp-content\/uploads\/2023\/01\/eletmod_teszt.png","type":"image\/png"}],"author":"Media Markt","twitter_misc":{"Szerz\u0151:":"Media Markt","Becs\u00fclt olvas\u00e1si id\u0151":"5 perc"},"schema":{"@context":"https:\/\/schema.org","@graph":[{"@type":"WebPage","@id":"https:\/\/hir.mediamarkt.hu\/magazin\/6-betarthato-tipp-a-sikeres-eletmodvaltasert\/","url":"https:\/\/hir.mediamarkt.hu\/magazin\/6-betarthato-tipp-a-sikeres-eletmodvaltasert\/","name":"6 betarthat\u00f3 tipp a sikeres \u00e9letm\u00f3dv\u00e1lt\u00e1s\u00e9rt - MediaMarkt Magazin","isPartOf":{"@id":"https:\/\/hir.mediamarkt.hu\/magazin\/#website"},"primaryImageOfPage":{"@id":"https:\/\/hir.mediamarkt.hu\/magazin\/6-betarthato-tipp-a-sikeres-eletmodvaltasert\/#primaryimage"},"image":{"@id":"https:\/\/hir.mediamarkt.hu\/magazin\/6-betarthato-tipp-a-sikeres-eletmodvaltasert\/#primaryimage"},"thumbnailUrl":"https:\/\/hir.mediamarkt.hu\/magazin\/wp-content\/uploads\/2023\/01\/eletmod_teszt.png","datePublished":"2023-01-13T14:00:17+00:00","dateModified":"2023-01-16T11:24:21+00:00","author":{"@id":"https:\/\/hir.mediamarkt.hu\/magazin\/#\/schema\/person\/b93b02ec1ab4d2353f8d281e171c1b0b"},"description":"\u00c9letm\u00f3dv\u00e1lt\u00e1s: Nagy lend\u00fclettel fogadjuk meg, hogy holnapt\u00f3l mindent m\u00e1sk\u00e9pp csin\u00e1lunk, azt\u00e1n gyorsan elgyeng\u00fcl el az akaratunk.","breadcrumb":{"@id":"https:\/\/hir.mediamarkt.hu\/magazin\/6-betarthato-tipp-a-sikeres-eletmodvaltasert\/#breadcrumb"},"inLanguage":"hu","potentialAction":[{"@type":"ReadAction","target":["https:\/\/hir.mediamarkt.hu\/magazin\/6-betarthato-tipp-a-sikeres-eletmodvaltasert\/"]}]},{"@type":"ImageObject","inLanguage":"hu","@id":"https:\/\/hir.mediamarkt.hu\/magazin\/6-betarthato-tipp-a-sikeres-eletmodvaltasert\/#primaryimage","url":"https:\/\/hir.mediamarkt.hu\/magazin\/wp-content\/uploads\/2023\/01\/eletmod_teszt.png","contentUrl":"https:\/\/hir.mediamarkt.hu\/magazin\/wp-content\/uploads\/2023\/01\/eletmod_teszt.png","width":1024,"height":619},{"@type":"BreadcrumbList","@id":"https:\/\/hir.mediamarkt.hu\/magazin\/6-betarthato-tipp-a-sikeres-eletmodvaltasert\/#breadcrumb","itemListElement":[{"@type":"ListItem","position":1,"name":"Kezd\u0151lap","item":"https:\/\/hir.mediamarkt.hu\/magazin\/"},{"@type":"ListItem","position":2,"name":"Egy\u00e9b","item":"https:\/\/hir.mediamarkt.hu\/magazin\/egyeb\/"},{"@type":"ListItem","position":3,"name":"6 betarthat\u00f3 tipp a sikeres \u00e9letm\u00f3dv\u00e1lt\u00e1s\u00e9rt"}]},{"@type":"WebSite","@id":"https:\/\/hir.mediamarkt.hu\/magazin\/#website","url":"https:\/\/hir.mediamarkt.hu\/magazin\/","name":"MediaMarkt Magazin","description":"Olvass bele magazinunkba!","potentialAction":[{"@type":"SearchAction","target":{"@type":"EntryPoint","urlTemplate":"https:\/\/hir.mediamarkt.hu\/magazin\/?s={search_term_string}"},"query-input":"required name=search_term_string"}],"inLanguage":"hu"},{"@type":"Person","@id":"https:\/\/hir.mediamarkt.hu\/magazin\/#\/schema\/person\/b93b02ec1ab4d2353f8d281e171c1b0b","name":"Media Markt","image":{"@type":"ImageObject","inLanguage":"hu","@id":"https:\/\/hir.mediamarkt.hu\/magazin\/#\/schema\/person\/image\/","url":"https:\/\/secure.gravatar.com\/avatar\/602bccae8998beee472d01909f0978f1?s=96&d=mm&r=g","contentUrl":"https:\/\/secure.gravatar.com\/avatar\/602bccae8998beee472d01909f0978f1?s=96&d=mm&r=g","caption":"Media Markt"}}]}},"_links":{"self":[{"href":"https:\/\/hir.mediamarkt.hu\/magazin\/wp-json\/wp\/v2\/posts\/15853"}],"collection":[{"href":"https:\/\/hir.mediamarkt.hu\/magazin\/wp-json\/wp\/v2\/posts"}],"about":[{"href":"https:\/\/hir.mediamarkt.hu\/magazin\/wp-json\/wp\/v2\/types\/post"}],"author":[{"embeddable":true,"href":"https:\/\/hir.mediamarkt.hu\/magazin\/wp-json\/wp\/v2\/users\/13"}],"replies":[{"embeddable":true,"href":"https:\/\/hir.mediamarkt.hu\/magazin\/wp-json\/wp\/v2\/comments?post=15853"}],"version-history":[{"count":9,"href":"https:\/\/hir.mediamarkt.hu\/magazin\/wp-json\/wp\/v2\/posts\/15853\/revisions"}],"predecessor-version":[{"id":15888,"href":"https:\/\/hir.mediamarkt.hu\/magazin\/wp-json\/wp\/v2\/posts\/15853\/revisions\/15888"}],"wp:featuredmedia":[{"embeddable":true,"href":"https:\/\/hir.mediamarkt.hu\/magazin\/wp-json\/wp\/v2\/media\/15857"}],"wp:attachment":[{"href":"https:\/\/hir.mediamarkt.hu\/magazin\/wp-json\/wp\/v2\/media?parent=15853"}],"wp:term":[{"taxonomy":"category","embeddable":true,"href":"https:\/\/hir.mediamarkt.hu\/magazin\/wp-json\/wp\/v2\/categories?post=15853"},{"taxonomy":"post_tag","embeddable":true,"href":"https:\/\/hir.mediamarkt.hu\/magazin\/wp-json\/wp\/v2\/tags?post=15853"}],"curies":[{"name":"wp","href":"https:\/\/api.w.org\/{rel}","templated":true}]}}