{"id":16156,"date":"2023-03-09T08:50:25","date_gmt":"2023-03-09T07:50:25","guid":{"rendered":"https:\/\/hir.mediamarkt.hu\/magazin\/?p=16156"},"modified":"2023-03-31T09:41:18","modified_gmt":"2023-03-31T08:41:18","slug":"samsung-galaxy-s23-szeria-teszt","status":"publish","type":"post","link":"https:\/\/hir.mediamarkt.hu\/magazin\/samsung-galaxy-s23-szeria-teszt\/","title":{"rendered":"Samsung Galaxy S23 sz\u00e9ria teszt: galaktikusok"},"content":{"rendered":"\n<p class=\"has-text-align-justify\">Ha \u00faj \u00e9v, akkor \u00faj Samsung cs\u00facsmodell deb\u00fct\u00e1l\u00e1s, egy ideje r\u00e1ad\u00e1sul m\u00e1r az \u00e9vsz\u00e1mhoz k\u00f6t\u00f6tt elnevez\u00e9ssel! Meg\u00e9rkezett m\u00e1r egy ideje \u00e9s le is tesztelt\u00fck a Samsung Galaxy S23 sz\u00e9ria h\u00e1rom \u00fajdons\u00e1g\u00e1t.<\/p>\n\n\n\n<h2 class=\"wp-block-heading\">J\u00e1rt utat a j\u00e1ratlan\u00e9rt el ne hagyj!&nbsp;<\/h2>\n\n\n\n<p class=\"has-text-align-justify\">Ismerhett\u00e9k a d\u00e9l-korai m\u00e9rn\u00f6k\u00f6k is a k\u00f6zmond\u00e1st, legal\u00e1bbis ez volt az els\u0151 gondolatunk, amikor megl\u00e1ttuk a Galaxy S23 csal\u00e1d tagjait. \u00c9s ezzel igaz\u00e1b\u00f3l olyan nagyot nem is t\u00e9vedtek a gy\u00e1rt\u00f3 szakemberei, hiszen nem felt\u00e9tlen\u00fcl van sz\u00fcks\u00e9g minden \u00e9vben megv\u00e1ltani a vil\u00e1got egy-egy \u00faj modellel, egy szimpla r\u00e1ncfelvarr\u00e1s is tud j\u00f3 lenni.<\/p>\n\n\n\n<p class=\"has-text-align-justify\">Ezt a taktik\u00e1t az aut\u00f3gy\u00e1rt\u00f3k is haszn\u00e1lj\u00e1k, amikor a term\u00e9kciklus k\u00f6zep\u00e9n kicsit \u00e1trajzolj\u00e1k a diz\u00e1jnt k\u00edv\u00fcl \u00e9s bel\u00fcl, ut\u00e1na pedig az m\u00e9g \u00e9vekig j\u00f3 lehet. A telefongy\u00e1rt\u00f3k az \u00e9ves term\u00e9kfriss\u00edt\u00e9si ciklusra \u00e1lltak be, emellett nem felt\u00e9tlen\u00fcl van minden \u00e9vben nagyobb \u00faj\u00edt\u00e1s.<\/p>\n\n\n\n<p class=\"has-text-align-justify\">A Galaxy S10 sz\u00e9ri\u00e1r\u00f3l az S20 sz\u00e9ria volt egy \u00e9rezhet\u0151en nagyobb ugr\u00e1s a sorozatban. Majd elindult egy ciklikus r\u00e1ncfelvarr\u00e1s. Az <a href=\"https:\/\/hir.mediamarkt.hu\/magazin\/samsung-galaxy-s22-szeria-teszt\/\" target=\"_blank\" rel=\"noreferrer noopener\">S22-n\u00e9l els\u0151sorban az\u00e9rt \u00e9rezhett\u00fcnk k\u00fcl\u00f6nbs\u00e9get, mert a Note sorozat megsz\u0171n\u00e9s\u00e9t k\u00f6vet\u0151en az S22 Ultra modell megkapta az S-Pen tollat.&nbsp;<\/a><\/p>\n\n\n\n<p class=\"has-text-align-justify\">Most pedig itt vagyunk 2023-ban, megjelent a Galaxy S23 csal\u00e1d \u00e9s k\u00edv\u00fclr\u0151l nem is mindig egyszer\u0171 meg\u00e1llap\u00edtani, hogy az S22-t, vagy az S23-at l\u00e1tjuk a k\u00e9pen.<\/p>\n\n\n\n<h2 class=\"wp-block-heading\">2+1 Galaxy S23<\/h2>\n\n\n\n<p class=\"has-text-align-justify\">Id\u00e9n is h\u00e1rom p\u00e9ld\u00e1nyt hozott a Samsung az S-sz\u00e9ri\u00e1ba. A Galaxy S23 \u00e9s az S23+ gyakorlatilag k\u00f6zel azonosak, csak a plusszos modell kicsit nagyobb. \u00c9s ott van az S23 Ultra, ami tulajdonk\u00e9ppen egy \u00fajkori Note modell, egy hasznos ceruz\u00e1val.<\/p>\n\n\n\n<figure class=\"wp-block-image size-full\"><img loading=\"lazy\" decoding=\"async\" width=\"1024\" height=\"700\" src=\"https:\/\/hir.mediamarkt.hu\/magazin\/wp-content\/uploads\/2023\/03\/Samsung_S23_cikk_kepek_1024x700_meret.png\" alt=\"\" class=\"wp-image-16285\" srcset=\"https:\/\/hir.mediamarkt.hu\/magazin\/wp-content\/uploads\/2023\/03\/Samsung_S23_cikk_kepek_1024x700_meret.png 1024w, https:\/\/hir.mediamarkt.hu\/magazin\/wp-content\/uploads\/2023\/03\/Samsung_S23_cikk_kepek_1024x700_meret-300x205.png 300w, https:\/\/hir.mediamarkt.hu\/magazin\/wp-content\/uploads\/2023\/03\/Samsung_S23_cikk_kepek_1024x700_meret-275x188.png 275w, https:\/\/hir.mediamarkt.hu\/magazin\/wp-content\/uploads\/2023\/03\/Samsung_S23_cikk_kepek_1024x700_meret-768x525.png 768w\" sizes=\"(max-width: 1024px) 100vw, 1024px\" \/><\/figure>\n\n\n\n<p class=\"has-text-align-justify\">Az \u00faj Samsung modellekn\u00e9l is hangs\u00falyos a k\u00f6rnyezetv\u00e9delem. A telefonokban megtal\u00e1lhatunk \u00fajrahasznos\u00edtott \u00fcveget, PET f\u00f3li\u00e1t egyar\u00e1nt, a k\u00fcl\u00f6nleges sz\u00edneket term\u00e9szetes fest\u00e9kekkel \u00e9rt\u00e9k el, illetve a csomagol\u00e1sban maga a doboz \u00e9s a pap\u00edr alap\u00fa v\u00e9d\u0151f\u00f3lia is \u00fajrahasznos\u00edtott, valamint \u00fajb\u00f3l felhaszn\u00e1l\u00f3hat\u00f3. Emellett a dobozban minimaliz\u00e1lt\u00e1k a tartalmakat, egy USB-C t\u00f6lt\u0151k\u00e1belt \u00e9s egy SIM t\u00e1lca nyit\u00f3 t\u0171t tal\u00e1lunk csak. Nincs t\u00f6lt\u0151 adapter, nincs headset, nincs tok \u00e9s hasonl\u00f3k.<\/p>\n\n\n\n<p>A Galaxy S23 \u00e9s az S23+ eset\u00e9n a legl\u00e1tv\u00e1nyosabb k\u00fcls\u0151 v\u00e1ltoz\u00e1s, hogy elt\u0171nt a h\u00e1tlapon a kamera sziget \u00e9s m\u00e1r csak a lencs\u00e9k \u00e1llnak k\u00fcl\u00f6n-k\u00fcl\u00f6n ki a h\u00e1tlapb\u00f3l.<\/p>\n\n\n\n<figure class=\"wp-block-image size-full\"><img loading=\"lazy\" decoding=\"async\" width=\"1024\" height=\"700\" src=\"https:\/\/hir.mediamarkt.hu\/magazin\/wp-content\/uploads\/2023\/03\/Samsung_S23_cikk_kepek_1024x700_kamera.png\" alt=\"\" class=\"wp-image-16286\" srcset=\"https:\/\/hir.mediamarkt.hu\/magazin\/wp-content\/uploads\/2023\/03\/Samsung_S23_cikk_kepek_1024x700_kamera.png 1024w, https:\/\/hir.mediamarkt.hu\/magazin\/wp-content\/uploads\/2023\/03\/Samsung_S23_cikk_kepek_1024x700_kamera-300x205.png 300w, https:\/\/hir.mediamarkt.hu\/magazin\/wp-content\/uploads\/2023\/03\/Samsung_S23_cikk_kepek_1024x700_kamera-275x188.png 275w, https:\/\/hir.mediamarkt.hu\/magazin\/wp-content\/uploads\/2023\/03\/Samsung_S23_cikk_kepek_1024x700_kamera-768x525.png 768w\" sizes=\"(max-width: 1024px) 100vw, 1024px\" \/><\/figure>\n\n\n\n<p class=\"has-text-align-justify\">\u00daj pasztell \u00e1rnyalatok k\u00f6z\u00fcl lehet v\u00e1logatni, a klasszikus fekete mellett van kr\u00e9msz\u00edn\u0171, feny\u0151z\u00f6ld \u00e9s levendula lila is. A h\u00e1tlappal harmoniz\u00e1l\u00f3 k\u00f6z\u00e9ps\u0151 f\u00e9m keret van minden modelln\u00e9l, illetve az el\u0151lapon a kijelz\u0151t \u00f6lel\u0151 v\u00e9kony keret minden esetben fekete.&nbsp;<\/p>\n\n\n\n<figure class=\"wp-block-image size-full\"><img loading=\"lazy\" decoding=\"async\" width=\"1024\" height=\"700\" src=\"https:\/\/hir.mediamarkt.hu\/magazin\/wp-content\/uploads\/2023\/03\/Samsung_S23_cikk_kepek_1024x700_szinek.png\" alt=\"pasztell sz\u00ednek\" class=\"wp-image-16287\" srcset=\"https:\/\/hir.mediamarkt.hu\/magazin\/wp-content\/uploads\/2023\/03\/Samsung_S23_cikk_kepek_1024x700_szinek.png 1024w, https:\/\/hir.mediamarkt.hu\/magazin\/wp-content\/uploads\/2023\/03\/Samsung_S23_cikk_kepek_1024x700_szinek-300x205.png 300w, https:\/\/hir.mediamarkt.hu\/magazin\/wp-content\/uploads\/2023\/03\/Samsung_S23_cikk_kepek_1024x700_szinek-275x188.png 275w, https:\/\/hir.mediamarkt.hu\/magazin\/wp-content\/uploads\/2023\/03\/Samsung_S23_cikk_kepek_1024x700_szinek-768x525.png 768w\" sizes=\"(max-width: 1024px) 100vw, 1024px\" \/><\/figure>\n\n\n\n<p class=\"has-text-align-justify\">A k\u00e9sz\u00fcl\u00e9k \u00fcveggel bor\u00edtott r\u00e9sze az \u00faj Gorilla Glass Victus 2 t\u00edpus\u00fa, amely a kor\u00e1bbihoz k\u00e9pest m\u00e9g fejlettebb karc\u00e1ll\u00f3s\u00e1got biztos\u00edt. A kijelz\u0151 \u00e9s a h\u00e1tlap is ujjlenyomat tasz\u00edt\u00f3 bevonattal van ell\u00e1tva, emelett az S23-ak h\u00e1tlapja teljesen matt fel\u00fclet\u0171, ami szolidabb, eleg\u00e1nsabb megjelen\u00e9st biztos\u00edt.<\/p>\n\n\n\n<p class=\"has-text-align-justify\">A kisebb S23 kijelz\u0151je mind\u00f6sszesen 6,1\u201d-os, ez\u00e1ltal a kisebb, k\u00e9zre \u00e1ll\u00f3bb telefonok k\u00f6z\u00e9 sorolhat\u00f3 be. ennek ellen\u00e9re az AMOLED kijelz\u0151 120 Hz-es FullHD+ (1080&#215;2340 k\u00e9ppont) felbont\u00e1s\u00fa, magas f\u00e9nyerej\u0171, naps\u00fct\u00e9sben is nagyon j\u00f3l olvashat\u00f3. Az S23+ azonos azonos k\u00e9pess\u00e9gekkel rendelkezik, annyi elt\u00e9r\u00e9ssel, hogy a k\u00e9perny\u0151 m\u00e9rete 6,6\u201d-os, amivel m\u00e1r egy kicsit nagyobb, de m\u00e9g mindig nem a legnagyobbak k\u00f6z\u00e9 ker\u00fclt.<\/p>\n\n\n\n<p class=\"has-text-align-justify\">\u00c9s ott van akkor a Galaxy S23 Ultra. Ez egy 6,8\u201d-os kijelz\u0151vel rendelkezik, ami b\u00e1r sz\u00e1m alapj\u00e1n nem sokkal nagyobb mint az S23+ modell\u00e9, azonban r\u00e1n\u00e9z\u00e9sre \u00e9s fog\u00e1sra is \u00e9rz\u0151dik a k\u00fcl\u00f6nbs\u00e9g. Egy klasszis AMOLED panelre \u00e9p\u00fcl, ami 1440&#215;3088 k\u00e9ppont felbont\u00e1s\u00fa \u00e9s t\u00e1mogatja az S-Pen ceruza haszn\u00e1lat\u00e1t, amely a k\u00e9sz\u00fcl\u00e9kh\u00e1zban rejt\u0151zk\u00f6dik.<\/p>\n\n\n\n<p>Az S23 \u00e9s S23+ eset\u00e9n m\u00e9g egy k\u00e9zzel is k\u00e9nyelmesen lehet fogni a k\u00e9sz\u00fcl\u00e9kh\u00e1zat. A 168 \u00e9s 195 grammot k\u00e9sz\u00fcl\u00e9k t\u00f6meggel egy\u00e1ltal\u00e1n nem nehezek, valamint a sarkok kellemesen lekerek\u00edtettek, aminek k\u00f6sz\u00f6nhet\u0151en j\u00f3l \u00fclnek a teny\u00e9rben.<\/p>\n\n\n\n<figure class=\"wp-block-gallery has-nested-images columns-default is-cropped wp-block-gallery-2 is-layout-flex wp-block-gallery-is-layout-flex\">\n<figure class=\"wp-block-image size-large\"><img loading=\"lazy\" decoding=\"async\" width=\"1024\" height=\"683\" data-id=\"16179\" src=\"https:\/\/hir.mediamarkt.hu\/magazin\/wp-content\/uploads\/2023\/03\/samsung-galaxy-s23-szeria-teszt-15-1024x683.jpg\" alt=\"Samsung Galaxy S23 sz\u00e9ria teszt\" class=\"wp-image-16179\" srcset=\"https:\/\/hir.mediamarkt.hu\/magazin\/wp-content\/uploads\/2023\/03\/samsung-galaxy-s23-szeria-teszt-15-1024x683.jpg 1024w, https:\/\/hir.mediamarkt.hu\/magazin\/wp-content\/uploads\/2023\/03\/samsung-galaxy-s23-szeria-teszt-15-300x200.jpg 300w, https:\/\/hir.mediamarkt.hu\/magazin\/wp-content\/uploads\/2023\/03\/samsung-galaxy-s23-szeria-teszt-15-275x183.jpg 275w, https:\/\/hir.mediamarkt.hu\/magazin\/wp-content\/uploads\/2023\/03\/samsung-galaxy-s23-szeria-teszt-15-768x512.jpg 768w, https:\/\/hir.mediamarkt.hu\/magazin\/wp-content\/uploads\/2023\/03\/samsung-galaxy-s23-szeria-teszt-15.jpg 1200w\" sizes=\"(max-width: 1024px) 100vw, 1024px\" \/><figcaption class=\"wp-element-caption\">A k\u00e9pen a k\u00f6z\u00e9ps\u0151 m\u00e9ret, az S23+<\/figcaption><\/figure>\n\n\n\n<figure class=\"wp-block-image size-medium\"><img loading=\"lazy\" decoding=\"async\" width=\"300\" height=\"200\" data-id=\"16176\" src=\"https:\/\/hir.mediamarkt.hu\/magazin\/wp-content\/uploads\/2023\/03\/samsung-galaxy-s23-szeria-teszt-12-300x200.jpg\" alt=\"Samsung Galaxy S23 sz\u00e9ria teszt\" class=\"wp-image-16176\" srcset=\"https:\/\/hir.mediamarkt.hu\/magazin\/wp-content\/uploads\/2023\/03\/samsung-galaxy-s23-szeria-teszt-12-300x200.jpg 300w, https:\/\/hir.mediamarkt.hu\/magazin\/wp-content\/uploads\/2023\/03\/samsung-galaxy-s23-szeria-teszt-12-1024x683.jpg 1024w, https:\/\/hir.mediamarkt.hu\/magazin\/wp-content\/uploads\/2023\/03\/samsung-galaxy-s23-szeria-teszt-12-275x183.jpg 275w, https:\/\/hir.mediamarkt.hu\/magazin\/wp-content\/uploads\/2023\/03\/samsung-galaxy-s23-szeria-teszt-12-768x512.jpg 768w, https:\/\/hir.mediamarkt.hu\/magazin\/wp-content\/uploads\/2023\/03\/samsung-galaxy-s23-szeria-teszt-12.jpg 1200w\" sizes=\"(max-width: 300px) 100vw, 300px\" \/><figcaption class=\"wp-element-caption\">Az S23 Ultra sz\u00f6gletes kialak\u00edt\u00e1s\u00e1val m\u00e1r nem annyira egyszer\u0171en kezelhet\u0151 ez k\u00e9zzel<\/figcaption><\/figure>\n<\/figure>\n\n\n\n<p class=\"has-text-align-justify\">Az S23 Ultra m\u00e1r k\u00f6zel sem ennyire egykezes k\u00e9sz\u00fcl\u00e9k. A nagyobb kijelz\u0151h\u00f6z sz\u00f6gletes, sark\u00edtott kialak\u00edt\u00e1s j\u00e1r, a t\u00f6mege pedig m\u00e1r 233 gramm. Az utc\u00e1n s\u00e9t\u00e1lva nem k\u00e9nyelmes egy k\u00e9zben fogva kezelni az Ultr\u00e1t, f\u0151leg az\u00e9rt, mert van a kamer\u00e1k miatt egy apr\u00f3 fejneh\u00e9z \u00e9rzete is az embernek. K\u00e9t k\u00e9zben nagyon j\u00f3l kezelhet\u0151, de ha egy k\u00e9zzel g\u00f6rgetek rajta, minden l\u00e9p\u00e9sn\u00e9l van egy olyan \u00e9rzetem, hogy csak kicsit l\u00f6knek meg v\u00e9letlen\u00fcl \u00e9s m\u00e1r ki is fordult a dr\u00e1ga eszk\u00f6z a kezemb\u0151l.<\/p>\n\n\n\n<p class=\"has-text-align-justify\">Aprop\u00f3, az ilyen v\u00e9tlen balesetekre teljesen meg\u00e9ri v\u00e1s\u00e1rl\u00e1skor egy <a href=\"https:\/\/www.youtube.com\/watch?v=m4BkcFyeBnw\" target=\"_blank\" rel=\"noreferrer noopener\">clearplex f\u00f3li\u00e1t<\/a> r\u00e1tetetni a telefonra vagy<a href=\"https:\/\/www.mediamarkt.hu\/mcs\/shop\/garanciaplusz.html\" target=\"_blank\" rel=\"noreferrer noopener\"> Garancia Plusz Platina biztos\u00edt\u00e1st k\u00f6tni<\/a>, csomagt\u00f3l f\u00fcgg\u0151en kiterjeszthet\u0151 a 3 \u00e9ves gy\u00e1rt\u00f3 j\u00f3t\u00e1ll\u00e1s ak\u00e1r 5 \u00e9vre, de ak\u00e1r v\u00e9tlen s\u00e9r\u00fcl\u00e9sek, lop\u00e1sok ellen is t\u00e9r\u00edt a biztos\u00edt\u00f3. Ma m\u00e1r gyakorlatilag b\u00e1rmelyik cs\u00facsmodelln\u00e9l meg\u00e9ri egy ilyen biztos\u00edt\u00e1st k\u00f6tni, hiszen t\u00f6bbsz\u00e1zezer forintos eszk\u00f6z\u00f6kr\u0151l van sz\u00f3, r\u00e1ad\u00e1sul m\u00e1r egy kijelz\u0151t\u00f6r\u00e9s is magas jav\u00edt\u00e1si k\u00f6lts\u00e9ggel j\u00e1rhatna \u00e9s akkor nem besz\u00e9lt\u00fcnk arr\u00f3l, ha ellopn\u00e1k a k\u00e9sz\u00fcl\u00e9ket.&nbsp;<\/p>\n\n\n\n<p class=\"has-text-align-justify\">A kisebb S23 du\u00f3 h\u00e1tlapj\u00e1n teh\u00e1t h\u00e1rom kameragy\u0171r\u0171 emelkedik ki. A k\u00f6z\u00e9ps\u0151 a f\u0151kamera, 50 megapixeles felbont\u00e1ssal. A legfels\u0151 egy ultrasz\u00e9les l\u00e1t\u00f3sz\u00f6g\u0171 kamera 12 megapixeles szenzorral, amely ide\u00e1lis k\u00f6zelr\u0151l fot\u00f3zni nagy \u00e9p\u00fcleteket p\u00e9ld\u00e1ul, vagy \u00e9ppen makr\u00f3zni is nagyon j\u00f3. A legals\u00f3 lencse m\u00f6g\u00f6tt pedig egy 3x-os optikai zoomot t\u00e1mogat\u00f3 10 megapixeles kamera tal\u00e1lhat\u00f3 meg.<\/p>\n\n\n\n<figure class=\"wp-block-gallery has-nested-images columns-default is-cropped wp-block-gallery-3 is-layout-flex wp-block-gallery-is-layout-flex\">\n<figure class=\"wp-block-image size-large\"><img loading=\"lazy\" decoding=\"async\" width=\"1024\" height=\"683\" data-id=\"16172\" src=\"https:\/\/hir.mediamarkt.hu\/magazin\/wp-content\/uploads\/2023\/03\/samsung-galaxy-s23-szeria-teszt-8-1024x683.jpg\" alt=\"Samsung Galaxy S23 sz\u00e9ria teszt\" class=\"wp-image-16172\" srcset=\"https:\/\/hir.mediamarkt.hu\/magazin\/wp-content\/uploads\/2023\/03\/samsung-galaxy-s23-szeria-teszt-8-1024x683.jpg 1024w, https:\/\/hir.mediamarkt.hu\/magazin\/wp-content\/uploads\/2023\/03\/samsung-galaxy-s23-szeria-teszt-8-300x200.jpg 300w, https:\/\/hir.mediamarkt.hu\/magazin\/wp-content\/uploads\/2023\/03\/samsung-galaxy-s23-szeria-teszt-8-275x183.jpg 275w, https:\/\/hir.mediamarkt.hu\/magazin\/wp-content\/uploads\/2023\/03\/samsung-galaxy-s23-szeria-teszt-8-768x512.jpg 768w, https:\/\/hir.mediamarkt.hu\/magazin\/wp-content\/uploads\/2023\/03\/samsung-galaxy-s23-szeria-teszt-8.jpg 1200w\" sizes=\"(max-width: 1024px) 100vw, 1024px\" \/><\/figure>\n\n\n\n<figure class=\"wp-block-image size-large\"><img loading=\"lazy\" decoding=\"async\" width=\"1024\" height=\"683\" data-id=\"16166\" src=\"https:\/\/hir.mediamarkt.hu\/magazin\/wp-content\/uploads\/2023\/03\/samsung-galaxy-s23-szeria-teszt-2-1024x683.jpg\" alt=\"Samsung Galaxy S23 sz\u00e9ria teszt\" class=\"wp-image-16166\" srcset=\"https:\/\/hir.mediamarkt.hu\/magazin\/wp-content\/uploads\/2023\/03\/samsung-galaxy-s23-szeria-teszt-2-1024x683.jpg 1024w, https:\/\/hir.mediamarkt.hu\/magazin\/wp-content\/uploads\/2023\/03\/samsung-galaxy-s23-szeria-teszt-2-300x200.jpg 300w, https:\/\/hir.mediamarkt.hu\/magazin\/wp-content\/uploads\/2023\/03\/samsung-galaxy-s23-szeria-teszt-2-275x183.jpg 275w, https:\/\/hir.mediamarkt.hu\/magazin\/wp-content\/uploads\/2023\/03\/samsung-galaxy-s23-szeria-teszt-2-768x512.jpg 768w, https:\/\/hir.mediamarkt.hu\/magazin\/wp-content\/uploads\/2023\/03\/samsung-galaxy-s23-szeria-teszt-2.jpg 1200w\" sizes=\"(max-width: 1024px) 100vw, 1024px\" \/><\/figure>\n\n\n\n<figure class=\"wp-block-image size-large\"><img loading=\"lazy\" decoding=\"async\" width=\"1024\" height=\"683\" data-id=\"16170\" src=\"https:\/\/hir.mediamarkt.hu\/magazin\/wp-content\/uploads\/2023\/03\/samsung-galaxy-s23-szeria-teszt-6-1024x683.jpg\" alt=\"Samsung Galaxy S23 sz\u00e9ria teszt\" class=\"wp-image-16170\" srcset=\"https:\/\/hir.mediamarkt.hu\/magazin\/wp-content\/uploads\/2023\/03\/samsung-galaxy-s23-szeria-teszt-6-1024x683.jpg 1024w, https:\/\/hir.mediamarkt.hu\/magazin\/wp-content\/uploads\/2023\/03\/samsung-galaxy-s23-szeria-teszt-6-300x200.jpg 300w, https:\/\/hir.mediamarkt.hu\/magazin\/wp-content\/uploads\/2023\/03\/samsung-galaxy-s23-szeria-teszt-6-275x183.jpg 275w, https:\/\/hir.mediamarkt.hu\/magazin\/wp-content\/uploads\/2023\/03\/samsung-galaxy-s23-szeria-teszt-6-768x512.jpg 768w, https:\/\/hir.mediamarkt.hu\/magazin\/wp-content\/uploads\/2023\/03\/samsung-galaxy-s23-szeria-teszt-6.jpg 1200w\" sizes=\"(max-width: 1024px) 100vw, 1024px\" \/><\/figure>\n<\/figure>\n\n\n\n<p class=\"has-text-align-justify\">\u00c9s akkor eml\u00edts\u00fck meg az S23 Ultr\u00e1t, ahol hatalmas kamera gy\u0171r\u0171k n\u00e9znek vissza a felhaszn\u00e1l\u00f3ra. H\u00e1rom nagyobb gy\u0171r\u0171 mellett k\u00e9t kisebb, \u00f6sszesen n\u00e9gy kamer\u00e1val \u00e9s s\u00falyos megapixel sz\u00e1mokkal. Az S22 Ultra 108 megapixeles kamer\u00e1j\u00e1hoz k\u00e9pest egy \u00faj, 200 megapixeles szenzor ker\u00fclt az S23 Ultr\u00e1ba. Ezen k\u00edv\u00fcl az ultrasz\u00e9les l\u00e1t\u00f3sz\u00f6ggel rendelkez\u0151 lencse m\u00f6g\u00f6tt ugyan az a 12 megapixeles kamera van, mint a k\u00e9t kisebb modellben, illetve szint\u00e9n azonos a 10 megapixeles szenzorral ell\u00e1tott tele lencse, ami 3x-os optikai zoomot k\u00edn\u00e1l. Van viszont egy negyedik, 10x-es optikai zoomot k\u00edn\u00e1l\u00f3 kamera, amely szint\u00e9n 10 megapixel felbont\u00e1s\u00fa.<\/p>\n\n\n\n<figure class=\"wp-block-image size-large\"><img loading=\"lazy\" decoding=\"async\" width=\"1024\" height=\"683\" src=\"https:\/\/hir.mediamarkt.hu\/magazin\/wp-content\/uploads\/2023\/03\/samsung-galaxy-s23-szeria-teszt-14-1024x683.jpg\" alt=\"Samsung Galaxy S23 sz\u00e9ria teszt\" class=\"wp-image-16178\" srcset=\"https:\/\/hir.mediamarkt.hu\/magazin\/wp-content\/uploads\/2023\/03\/samsung-galaxy-s23-szeria-teszt-14-1024x683.jpg 1024w, https:\/\/hir.mediamarkt.hu\/magazin\/wp-content\/uploads\/2023\/03\/samsung-galaxy-s23-szeria-teszt-14-300x200.jpg 300w, https:\/\/hir.mediamarkt.hu\/magazin\/wp-content\/uploads\/2023\/03\/samsung-galaxy-s23-szeria-teszt-14-275x183.jpg 275w, https:\/\/hir.mediamarkt.hu\/magazin\/wp-content\/uploads\/2023\/03\/samsung-galaxy-s23-szeria-teszt-14-768x512.jpg 768w, https:\/\/hir.mediamarkt.hu\/magazin\/wp-content\/uploads\/2023\/03\/samsung-galaxy-s23-szeria-teszt-14.jpg 1200w\" sizes=\"(max-width: 1024px) 100vw, 1024px\" \/><figcaption class=\"wp-element-caption\">Ak\u00e1r 200 megapixeles is lehet egy fot\u00f3. De ezt k\u00fcl\u00f6n be kell kapcsolni.<\/figcaption><\/figure>\n\n\n\n<p class=\"has-text-align-justify\">Mi\u00e9rt van sz\u00fcks\u00e9ge valakinek 200 megapixeles fot\u00f3ra? Igaz\u00e1b\u00f3l nincs sz\u00fcks\u00e9ge \u00e1ltal\u00e1ban senkinek ilyenre. Ha akarja a felhaszn\u00e1l\u00f3, csin\u00e1lhat ak\u00e1r ilyen k\u00e9pet, de nem ez a l\u00e9nyege a szenzornak. A pixelek \u00f6sszevon\u00e1s\u00e1val k\u00e9sz\u00edthet\u0151 50 megapixeles, vagy 10 megapixeles k\u00e9p is. A 200 megapixelnyi adatot egy algoritmus \u00e9s a k\u00e9pfeldolgoz\u00f3 rendszer \u00f6sszeh\u00fazza \u00e9s ezzel k\u00edn\u00e1l \u00e9lesebb \u00e9s gazdagabb fot\u00f3t.<\/p>\n\n\n\n<h2 class=\"wp-block-heading\">Fot\u00f3k a Galaxy S23 sz\u00e9ria kamer\u00e1it\u00f3l<\/h2>\n\n\n\n<figure class=\"wp-block-gallery has-nested-images columns-default is-cropped wp-block-gallery-4 is-layout-flex wp-block-gallery-is-layout-flex\">\n<figure class=\"wp-block-image size-large\"><img loading=\"lazy\" decoding=\"async\" width=\"768\" height=\"1024\" data-id=\"16192\" src=\"https:\/\/hir.mediamarkt.hu\/magazin\/wp-content\/uploads\/2023\/03\/20230306_144832-768x1024.jpg\" alt=\"\" class=\"wp-image-16192\" srcset=\"https:\/\/hir.mediamarkt.hu\/magazin\/wp-content\/uploads\/2023\/03\/20230306_144832-768x1024.jpg 768w, https:\/\/hir.mediamarkt.hu\/magazin\/wp-content\/uploads\/2023\/03\/20230306_144832-225x300.jpg 225w, https:\/\/hir.mediamarkt.hu\/magazin\/wp-content\/uploads\/2023\/03\/20230306_144832-275x367.jpg 275w, https:\/\/hir.mediamarkt.hu\/magazin\/wp-content\/uploads\/2023\/03\/20230306_144832-1152x1536.jpg 1152w, https:\/\/hir.mediamarkt.hu\/magazin\/wp-content\/uploads\/2023\/03\/20230306_144832-1536x2048.jpg 1536w, https:\/\/hir.mediamarkt.hu\/magazin\/wp-content\/uploads\/2023\/03\/20230306_144832-scaled.jpg 1080w\" sizes=\"(max-width: 768px) 100vw, 768px\" \/><\/figure>\n\n\n\n<figure class=\"wp-block-image size-large\"><img loading=\"lazy\" decoding=\"async\" width=\"1024\" height=\"768\" data-id=\"16190\" src=\"https:\/\/hir.mediamarkt.hu\/magazin\/wp-content\/uploads\/2023\/03\/20230302_151931-1024x768.jpg\" alt=\"\" class=\"wp-image-16190\" srcset=\"https:\/\/hir.mediamarkt.hu\/magazin\/wp-content\/uploads\/2023\/03\/20230302_151931-1024x768.jpg 1024w, https:\/\/hir.mediamarkt.hu\/magazin\/wp-content\/uploads\/2023\/03\/20230302_151931-300x225.jpg 300w, https:\/\/hir.mediamarkt.hu\/magazin\/wp-content\/uploads\/2023\/03\/20230302_151931-275x206.jpg 275w, https:\/\/hir.mediamarkt.hu\/magazin\/wp-content\/uploads\/2023\/03\/20230302_151931-768x576.jpg 768w, https:\/\/hir.mediamarkt.hu\/magazin\/wp-content\/uploads\/2023\/03\/20230302_151931-1536x1152.jpg 1536w, https:\/\/hir.mediamarkt.hu\/magazin\/wp-content\/uploads\/2023\/03\/20230302_151931-2048x1536.jpg 2048w, https:\/\/hir.mediamarkt.hu\/magazin\/wp-content\/uploads\/2023\/03\/20230302_151931-500x375.jpg 500w, https:\/\/hir.mediamarkt.hu\/magazin\/wp-content\/uploads\/2023\/03\/20230302_151931-scaled.jpg 1440w\" sizes=\"(max-width: 1024px) 100vw, 1024px\" \/><\/figure>\n\n\n\n<figure class=\"wp-block-image size-large\"><img loading=\"lazy\" decoding=\"async\" width=\"1024\" height=\"768\" data-id=\"16191\" src=\"https:\/\/hir.mediamarkt.hu\/magazin\/wp-content\/uploads\/2023\/03\/20230302_152220-1024x768.jpg\" alt=\"\" class=\"wp-image-16191\" srcset=\"https:\/\/hir.mediamarkt.hu\/magazin\/wp-content\/uploads\/2023\/03\/20230302_152220-1024x768.jpg 1024w, https:\/\/hir.mediamarkt.hu\/magazin\/wp-content\/uploads\/2023\/03\/20230302_152220-300x225.jpg 300w, https:\/\/hir.mediamarkt.hu\/magazin\/wp-content\/uploads\/2023\/03\/20230302_152220-275x206.jpg 275w, https:\/\/hir.mediamarkt.hu\/magazin\/wp-content\/uploads\/2023\/03\/20230302_152220-768x576.jpg 768w, https:\/\/hir.mediamarkt.hu\/magazin\/wp-content\/uploads\/2023\/03\/20230302_152220-1536x1152.jpg 1536w, https:\/\/hir.mediamarkt.hu\/magazin\/wp-content\/uploads\/2023\/03\/20230302_152220-2048x1536.jpg 2048w, https:\/\/hir.mediamarkt.hu\/magazin\/wp-content\/uploads\/2023\/03\/20230302_152220-500x375.jpg 500w, https:\/\/hir.mediamarkt.hu\/magazin\/wp-content\/uploads\/2023\/03\/20230302_152220-scaled.jpg 1440w\" sizes=\"(max-width: 1024px) 100vw, 1024px\" \/><\/figure>\n\n\n\n<figure class=\"wp-block-image size-large\"><img loading=\"lazy\" decoding=\"async\" width=\"1024\" height=\"768\" data-id=\"16189\" src=\"https:\/\/hir.mediamarkt.hu\/magazin\/wp-content\/uploads\/2023\/03\/20230301_150654-1024x768.jpg\" alt=\"\" class=\"wp-image-16189\" srcset=\"https:\/\/hir.mediamarkt.hu\/magazin\/wp-content\/uploads\/2023\/03\/20230301_150654-1024x768.jpg 1024w, https:\/\/hir.mediamarkt.hu\/magazin\/wp-content\/uploads\/2023\/03\/20230301_150654-300x225.jpg 300w, https:\/\/hir.mediamarkt.hu\/magazin\/wp-content\/uploads\/2023\/03\/20230301_150654-275x206.jpg 275w, https:\/\/hir.mediamarkt.hu\/magazin\/wp-content\/uploads\/2023\/03\/20230301_150654-768x576.jpg 768w, https:\/\/hir.mediamarkt.hu\/magazin\/wp-content\/uploads\/2023\/03\/20230301_150654-1536x1152.jpg 1536w, https:\/\/hir.mediamarkt.hu\/magazin\/wp-content\/uploads\/2023\/03\/20230301_150654-2048x1536.jpg 2048w, https:\/\/hir.mediamarkt.hu\/magazin\/wp-content\/uploads\/2023\/03\/20230301_150654-500x375.jpg 500w, https:\/\/hir.mediamarkt.hu\/magazin\/wp-content\/uploads\/2023\/03\/20230301_150654-scaled.jpg 1440w\" sizes=\"(max-width: 1024px) 100vw, 1024px\" \/><\/figure>\n\n\n\n<figure class=\"wp-block-image size-large\"><img loading=\"lazy\" decoding=\"async\" width=\"1024\" height=\"768\" data-id=\"16187\" src=\"https:\/\/hir.mediamarkt.hu\/magazin\/wp-content\/uploads\/2023\/03\/20230225_185218-1024x768.jpg\" alt=\"\" class=\"wp-image-16187\" srcset=\"https:\/\/hir.mediamarkt.hu\/magazin\/wp-content\/uploads\/2023\/03\/20230225_185218-1024x768.jpg 1024w, https:\/\/hir.mediamarkt.hu\/magazin\/wp-content\/uploads\/2023\/03\/20230225_185218-300x225.jpg 300w, https:\/\/hir.mediamarkt.hu\/magazin\/wp-content\/uploads\/2023\/03\/20230225_185218-275x206.jpg 275w, https:\/\/hir.mediamarkt.hu\/magazin\/wp-content\/uploads\/2023\/03\/20230225_185218-768x576.jpg 768w, https:\/\/hir.mediamarkt.hu\/magazin\/wp-content\/uploads\/2023\/03\/20230225_185218-1536x1152.jpg 1536w, https:\/\/hir.mediamarkt.hu\/magazin\/wp-content\/uploads\/2023\/03\/20230225_185218-2048x1536.jpg 2048w, https:\/\/hir.mediamarkt.hu\/magazin\/wp-content\/uploads\/2023\/03\/20230225_185218-500x375.jpg 500w, https:\/\/hir.mediamarkt.hu\/magazin\/wp-content\/uploads\/2023\/03\/20230225_185218-scaled.jpg 1440w\" sizes=\"(max-width: 1024px) 100vw, 1024px\" \/><\/figure>\n\n\n\n<figure class=\"wp-block-image size-large\"><img loading=\"lazy\" decoding=\"async\" width=\"1024\" height=\"768\" data-id=\"16188\" src=\"https:\/\/hir.mediamarkt.hu\/magazin\/wp-content\/uploads\/2023\/03\/20230228_070538-1024x768.jpg\" alt=\"\" class=\"wp-image-16188\" srcset=\"https:\/\/hir.mediamarkt.hu\/magazin\/wp-content\/uploads\/2023\/03\/20230228_070538-1024x768.jpg 1024w, https:\/\/hir.mediamarkt.hu\/magazin\/wp-content\/uploads\/2023\/03\/20230228_070538-300x225.jpg 300w, https:\/\/hir.mediamarkt.hu\/magazin\/wp-content\/uploads\/2023\/03\/20230228_070538-275x206.jpg 275w, https:\/\/hir.mediamarkt.hu\/magazin\/wp-content\/uploads\/2023\/03\/20230228_070538-768x576.jpg 768w, https:\/\/hir.mediamarkt.hu\/magazin\/wp-content\/uploads\/2023\/03\/20230228_070538-1536x1152.jpg 1536w, https:\/\/hir.mediamarkt.hu\/magazin\/wp-content\/uploads\/2023\/03\/20230228_070538-2048x1536.jpg 2048w, https:\/\/hir.mediamarkt.hu\/magazin\/wp-content\/uploads\/2023\/03\/20230228_070538-500x375.jpg 500w, https:\/\/hir.mediamarkt.hu\/magazin\/wp-content\/uploads\/2023\/03\/20230228_070538-scaled.jpg 1440w\" sizes=\"(max-width: 1024px) 100vw, 1024px\" \/><\/figure>\n\n\n\n<figure class=\"wp-block-image size-large\"><img loading=\"lazy\" decoding=\"async\" width=\"1024\" height=\"768\" data-id=\"16193\" src=\"https:\/\/hir.mediamarkt.hu\/magazin\/wp-content\/uploads\/2023\/03\/20230304_101248-1024x768.jpg\" alt=\"\" class=\"wp-image-16193\" srcset=\"https:\/\/hir.mediamarkt.hu\/magazin\/wp-content\/uploads\/2023\/03\/20230304_101248-1024x768.jpg 1024w, https:\/\/hir.mediamarkt.hu\/magazin\/wp-content\/uploads\/2023\/03\/20230304_101248-300x225.jpg 300w, https:\/\/hir.mediamarkt.hu\/magazin\/wp-content\/uploads\/2023\/03\/20230304_101248-275x206.jpg 275w, https:\/\/hir.mediamarkt.hu\/magazin\/wp-content\/uploads\/2023\/03\/20230304_101248-768x576.jpg 768w, https:\/\/hir.mediamarkt.hu\/magazin\/wp-content\/uploads\/2023\/03\/20230304_101248-1536x1152.jpg 1536w, https:\/\/hir.mediamarkt.hu\/magazin\/wp-content\/uploads\/2023\/03\/20230304_101248-2048x1536.jpg 2048w, https:\/\/hir.mediamarkt.hu\/magazin\/wp-content\/uploads\/2023\/03\/20230304_101248-500x375.jpg 500w, https:\/\/hir.mediamarkt.hu\/magazin\/wp-content\/uploads\/2023\/03\/20230304_101248-scaled.jpg 1440w\" sizes=\"(max-width: 1024px) 100vw, 1024px\" \/><\/figure>\n\n\n\n<figure class=\"wp-block-image size-large\"><img loading=\"lazy\" decoding=\"async\" width=\"1024\" height=\"768\" data-id=\"16194\" src=\"https:\/\/hir.mediamarkt.hu\/magazin\/wp-content\/uploads\/2023\/03\/20230307_081008-1024x768.jpg\" alt=\"\" class=\"wp-image-16194\" srcset=\"https:\/\/hir.mediamarkt.hu\/magazin\/wp-content\/uploads\/2023\/03\/20230307_081008-1024x768.jpg 1024w, https:\/\/hir.mediamarkt.hu\/magazin\/wp-content\/uploads\/2023\/03\/20230307_081008-300x225.jpg 300w, https:\/\/hir.mediamarkt.hu\/magazin\/wp-content\/uploads\/2023\/03\/20230307_081008-275x206.jpg 275w, https:\/\/hir.mediamarkt.hu\/magazin\/wp-content\/uploads\/2023\/03\/20230307_081008-768x576.jpg 768w, https:\/\/hir.mediamarkt.hu\/magazin\/wp-content\/uploads\/2023\/03\/20230307_081008-1536x1152.jpg 1536w, https:\/\/hir.mediamarkt.hu\/magazin\/wp-content\/uploads\/2023\/03\/20230307_081008-2048x1536.jpg 2048w, https:\/\/hir.mediamarkt.hu\/magazin\/wp-content\/uploads\/2023\/03\/20230307_081008-500x375.jpg 500w, https:\/\/hir.mediamarkt.hu\/magazin\/wp-content\/uploads\/2023\/03\/20230307_081008-scaled.jpg 1440w\" sizes=\"(max-width: 1024px) 100vw, 1024px\" \/><\/figure>\n<\/figure>\n\n\n\n<p class=\"has-text-align-justify\">M\u00e9rett\u0151l f\u00fcggetlen\u00fcl azonos alapokra \u00e9p\u00fcl a teljes Samsung Galaxy S23 sz\u00e9ria. Mind a h\u00e1rom modell a Qualcomm leg\u00fajabb chipj\u00e9re \u00e9p\u00fcl, a Snapdragon 8 Gen 2-re, amelyb\u0151l r\u00e1ad\u00e1sul egy speci\u00e1lis, kifejezetten ezeknek a k\u00e9sz\u00fcl\u00e9keknek gy\u00e1rtott magasabb \u00f3rajellel ell\u00e1tott verzi\u00f3 ker\u00fclt bele. Ebben a leger\u0151sebb Cortex-X3-as mag 3,36 GHz-es \u00f3rajelen m\u0171k\u00f6dik. Mellette tov\u00e1bbi k\u00e9t Cortex-A715 \u00e9s k\u00e9t Cortex-A710 mag van 2,8 GHz-es \u00f3rajelen, \u00e9s h\u00e1rom Cortex-A510-es 2 GHz-en. Rendk\u00edv\u00fcl \u00f6sszetett, energiahat\u00e9konys\u00e1gra \u00e9s teljes\u00edtm\u00e9nyre optimaliz\u00e1lt kialak\u00edt\u00e1st kapott teh\u00e1t a sz\u00e9ria.<\/p>\n\n\n\n<p class=\"has-text-align-justify\">Rendszermem\u00f3ri\u00e1b\u00f3l mind a h\u00e1rom t\u00edpus 8 GB-tal rendelkezik alapb\u00f3l. Az Ultra eset\u00e9n a nagyobb t\u00e1rhelyes opci\u00f3n\u00e1l van 12 GB RAM is. Ha a h\u00e1tt\u00e9rteret n\u00e9zz\u00fck, a legkisebb S23-as modell 128 GB \u00e9s 256 GB opci\u00f3val rendelkezik. Az S23+ eset\u00e9n 256 GB \u00e9s 512 GB v\u00e1laszthat\u00f3. Az S23 Ultra eset\u00e9n a 256 GB mellett m\u00e1r 12 GB RAM-mal v\u00e1laszthat\u00f3 az 512 GB \u00e9s ak\u00e1r 1 TB-tal is.<\/p>\n\n\n\n<p class=\"has-text-align-justify\">Fontos megjegyezni, hogy nincs microSD-s k\u00e1rty\u00e1s b\u0151v\u00edthet\u0151s\u00e9g, \u00edgy \u00e9rdemes el\u0151re megv\u00e1lasztani a megfelel\u0151 t\u00e1rhelyet. A v\u00e1laszt\u00e1s sor\u00e1n \u00e9rdemes m\u00e9rlegelni, hogy els\u0151 bekapcsol\u00e1s ut\u00e1n a rendszer kb. 40 GB-ot foglal a legkisebb. S23 modellen is, sz\u00f3val el\u00e9g nagy darabot tud kiharapni a 128 GB-os h\u00e1tt\u00e9rt\u00e1rb\u00f3l.<\/p>\n\n\n\n<h2 class=\"wp-block-heading\">S23 Sz\u00e9ria: Hardver mell\u00e9 a szoftverb\u0151l is a top duk\u00e1l<\/h2>\n\n\n\n<p class=\"has-text-align-justify\">Term\u00e9szetesen a legfrissebb, Android 13-at kapj\u00e1k meg a felhaszn\u00e1l\u00f3k a One UI leg\u00fajabb 5.1-es felhaszn\u00e1l\u00f3i fel\u00fclet\u00e9vel.<\/p>\n\n\n\n<figure class=\"wp-block-image size-large\"><img loading=\"lazy\" decoding=\"async\" width=\"1024\" height=\"683\" src=\"https:\/\/hir.mediamarkt.hu\/magazin\/wp-content\/uploads\/2023\/03\/samsung-galaxy-s23-szeria-teszt-13-1024x683.jpg\" alt=\"Samsung Galaxy S23 sz\u00e9ria teszt\" class=\"wp-image-16177\" srcset=\"https:\/\/hir.mediamarkt.hu\/magazin\/wp-content\/uploads\/2023\/03\/samsung-galaxy-s23-szeria-teszt-13-1024x683.jpg 1024w, https:\/\/hir.mediamarkt.hu\/magazin\/wp-content\/uploads\/2023\/03\/samsung-galaxy-s23-szeria-teszt-13-300x200.jpg 300w, https:\/\/hir.mediamarkt.hu\/magazin\/wp-content\/uploads\/2023\/03\/samsung-galaxy-s23-szeria-teszt-13-275x183.jpg 275w, https:\/\/hir.mediamarkt.hu\/magazin\/wp-content\/uploads\/2023\/03\/samsung-galaxy-s23-szeria-teszt-13-768x512.jpg 768w, https:\/\/hir.mediamarkt.hu\/magazin\/wp-content\/uploads\/2023\/03\/samsung-galaxy-s23-szeria-teszt-13.jpg 1200w\" sizes=\"(max-width: 1024px) 100vw, 1024px\" \/><figcaption class=\"wp-element-caption\">Android 13-mal \u00e9rkeznek az \u00faj Samsungok<\/figcaption><\/figure>\n\n\n\n<p class=\"has-text-align-justify\">A Samsung rendszere nagyon sok, k\u00fcl\u00f6nb\u00f6z\u0151 gesztust tartalmaz, amely szeretn\u00e9 megk\u00f6nny\u00edteni a haszn\u00e1latot, ezekhez ha hozz\u00e1szokik a felhaszn\u00e1l\u00f3, j\u00f3l m\u0171k\u00f6dik. B\u00e1r \u00edgy is tal\u00e1ltam olyan gombokat itt-ott a rendszerben, amely egykezes haszn\u00e1lattal nehezen el\u00e9rhet\u0151 p\u00e9ld\u00e1ul az S23 Ultra nagy kijelz\u0151j\u00e9n, ilyen p\u00e9ld\u00e1ul az \u00e9rtes\u00edt\u00e9sek t\u00f6rl\u00e9se is, amely egy apr\u00f3 gombbal jelenik csak meg n\u00e9ha a kijelz\u0151 fels\u0151, vagy k\u00f6z\u00e9ps\u0151 r\u00e9sz\u00e9n.<\/p>\n\n\n\n<figure class=\"wp-block-image size-large\"><img loading=\"lazy\" decoding=\"async\" width=\"1024\" height=\"683\" src=\"https:\/\/hir.mediamarkt.hu\/magazin\/wp-content\/uploads\/2023\/03\/samsung-galaxy-s23-szeria-mm-teszt-14-1024x683.jpg\" alt=\"\" class=\"wp-image-16303\" srcset=\"https:\/\/hir.mediamarkt.hu\/magazin\/wp-content\/uploads\/2023\/03\/samsung-galaxy-s23-szeria-mm-teszt-14-1024x683.jpg 1024w, https:\/\/hir.mediamarkt.hu\/magazin\/wp-content\/uploads\/2023\/03\/samsung-galaxy-s23-szeria-mm-teszt-14-300x200.jpg 300w, https:\/\/hir.mediamarkt.hu\/magazin\/wp-content\/uploads\/2023\/03\/samsung-galaxy-s23-szeria-mm-teszt-14-275x183.jpg 275w, https:\/\/hir.mediamarkt.hu\/magazin\/wp-content\/uploads\/2023\/03\/samsung-galaxy-s23-szeria-mm-teszt-14-768x512.jpg 768w, https:\/\/hir.mediamarkt.hu\/magazin\/wp-content\/uploads\/2023\/03\/samsung-galaxy-s23-szeria-mm-teszt-14.jpg 1200w\" sizes=\"(max-width: 1024px) 100vw, 1024px\" \/><\/figure>\n\n\n\n<p class=\"has-text-align-justify\">A Samsung milli\u00f3nyi alkalmaz\u00e1sa mellett a Google \u00e9s a Microsoft el\u0151re telep\u00edtett applik\u00e1ci\u00f3i is rajta vannak gy\u00e1rilag az S23 modelleken, ezek is indokolhatj\u00e1k a k\u00f6zel 40 GB-os rendszerm\u00e9retet.<\/p>\n\n\n\n<p class=\"has-text-align-justify\">A sebess\u00e9get tekintve term\u00e9szetesen sz\u00f3 nem \u00e9rheti a h\u00e1z elej\u00e9n. Rendk\u00edv\u00fcl gyorsan, hiba mentesen m\u0171k\u00f6dtek a k\u00e9t hetes teszt alatt a Samsung cs\u00facsmodelljei, de mi m\u00e1st v\u00e1rna az ember egy t\u00f6bbsz\u00e1zezer forintos telefont\u00f3l? Ok\u00e9, el\u0151fordulhatnak olyan gy\u00e1rt\u00f3k, ahol esetleg hasonl\u00f3 \u00e1rtartom\u00e1nyban is van m\u00e9g a megjelen\u00e9s ut\u00e1n baki, hiba, bug a rendszerben, de a Samsung nem engedett meg ilyet mag\u00e1nak.<\/p>\n\n\n\n<p class=\"has-text-align-justify\">A magas \u00f3rajel\u0171 processzor ellen\u00e9re sem melegedett sz\u00e1mottev\u0151en a k\u00e9sz\u00fcl\u00e9k h\u00e1tlapja \u00e9s el\u0151lapja. Netez\u00e9s, egyszer\u0171bb j\u00e1t\u00e9kok sor\u00e1n szinte semmi h\u0151termel\u00e9s nem t\u0171nik fel k\u00e9zben fogva. Egy-egy magasabb grafikai j\u00e1t\u00e9k eset\u00e9n, vagy mondjuk 8K vide\u00f3 r\u00f6gz\u00edt\u00e9sn\u00e9l az\u00e9rt \u00e9rz\u0151dik a h\u00e1tlapon, hogy melegebb, \u00f6sszess\u00e9g\u00e9ben viszont egy\u00e1ltal\u00e1n nem mondhat\u00f3 el, hogy rossz volna a h\u0171t\u00e9se a k\u00e9sz\u00fcl\u00e9knek. azt persze \u00e9rdeme hozz\u00e1tenni, hogy a megjelen\u00e9s id\u0151pontja a telefonoknak t\u00e9l v\u00e9ge, m\u00e1rcius eleje \u00e9s a tesztet is ilyen k\u00f6r\u00fclm\u00e9nyek k\u00f6z\u00f6tt tesztelt\u00fck, az\u00e9rt lehet, hogy ny\u00e1ron a Balaton partj\u00e1n, a 40 fokos melegben a k\u00e9sz\u00fcl\u00e9k is \u00e9rezhet\u0151en jobban melegszik majd, amikor lass\u00edtott felv\u00e9telt k\u00e9sz\u00edt\u00fcnk a v\u00edzbe csobban\u00e1sr\u00f3l, ez viszont m\u00e9g \u00edgy is norm\u00e1lis lehet az adott k\u00f6r\u00fclm\u00e9nyek k\u00f6z\u00f6tt.<\/p>\n\n\n\n<p class=\"has-text-align-justify\">Az \u00fczemid\u0151t tekintve egy\u00e9bk\u00e9nt \u00e9rzek el\u0151rel\u00e9p\u00e9st a tavalyi S22 sz\u00e9ri\u00e1hoz k\u00e9pest, pedig egy\u00e9bk\u00e9nt t\u00fal sok dolog \u00e9rdemben nem v\u00e1ltozott, val\u00f3sz\u00edn\u0171leg az optimaliz\u00e1l\u00e1s is sokat seg\u00edthetett az idei \u00e9vben. Az S23 Ultra eset\u00e9n kapjuk a legnagyobb akkumul\u00e1tort, ami 5000 mAh kapacit\u00e1s\u00fa. Az S23+-ba egy 4700 mAh-s telep ker\u00fclt, m\u00edg az S23-ba 3900 mAh-s akkumul\u00e1tor van.<\/p>\n\n\n\n<figure class=\"wp-block-image size-large\"><img loading=\"lazy\" decoding=\"async\" width=\"1024\" height=\"683\" src=\"https:\/\/hir.mediamarkt.hu\/magazin\/wp-content\/uploads\/2023\/03\/samsung-galaxy-s23-szeria-teszt-16-1024x683.jpg\" alt=\"Samsung Galaxy S23 sz\u00e9ria teszt\" class=\"wp-image-16180\" srcset=\"https:\/\/hir.mediamarkt.hu\/magazin\/wp-content\/uploads\/2023\/03\/samsung-galaxy-s23-szeria-teszt-16-1024x683.jpg 1024w, https:\/\/hir.mediamarkt.hu\/magazin\/wp-content\/uploads\/2023\/03\/samsung-galaxy-s23-szeria-teszt-16-300x200.jpg 300w, https:\/\/hir.mediamarkt.hu\/magazin\/wp-content\/uploads\/2023\/03\/samsung-galaxy-s23-szeria-teszt-16-275x183.jpg 275w, https:\/\/hir.mediamarkt.hu\/magazin\/wp-content\/uploads\/2023\/03\/samsung-galaxy-s23-szeria-teszt-16-768x512.jpg 768w, https:\/\/hir.mediamarkt.hu\/magazin\/wp-content\/uploads\/2023\/03\/samsung-galaxy-s23-szeria-teszt-16.jpg 1200w\" sizes=\"(max-width: 1024px) 100vw, 1024px\" \/><\/figure>\n\n\n\n<p class=\"has-text-align-justify\">A dobozban t\u00f6lt\u0151 nincs, csak egy USB-C k\u00e1bel a Samsungok mellett. A legkisebb S23 eset\u00e9n csak 25 wattos a t\u00f6lt\u00e9si sebess\u00e9g, m\u00edg az S23+ \u00e9s S23 Ultra m\u00e1r 45 wattal tud t\u00f6lteni. Ezek egy\u00e9bk\u00e9nt \u00e9rdemben nem kiemelked\u0151 \u00e9rt\u00e9kek, hiszen m\u00e1s gy\u00e1rt\u00f3kn\u00e1l m\u00e1r ak\u00e1r 100 watt feletti t\u00f6lt\u00e9sekr\u0151l is besz\u00e9lhet\u00fcnk. Ha egy lassabb, 18 wattos t\u00f6lt\u0151vel kezdtem el t\u00f6lteni az S23 Ultra nagy akkumul\u00e1tor\u00e1t, ak\u00e1r t\u00f6bb mint 2 \u00f3ra is volt a felt\u00f6lt\u00e9si id\u0151. Ha viszont fogtam egy notebookhoz val\u00f3 USB-C t\u00f6lt\u0151t, azzal m\u00e1r ment a gyorst\u00f6lt\u00e9s \u00e9s kicsivel t\u00f6bb mint 1 \u00f3ra t\u00f6lt\u00e9si id\u0151t \u00edrt.<\/p>\n\n\n\n<p class=\"has-text-align-justify\">T\u00f6lt\u00e9shez t\u00f6bbf\u00e9le optimaliz\u00e1l\u00e1st kapunk egy\u00e9bk\u00e9nt, p\u00e9ld\u00e1ul hogy ne t\u00f6ltse fel 100%-ra a telepet, ezzel megn\u00f6velhet\u0151 az \u00e9lettartam. Vagy \u00e9ppen bekapcsolhat\u00f3, hogy j\u00e1t\u00e9k k\u00f6zben csak lassan t\u00f6lts\u00f6n, vagy szinten tartson, ez\u00e1ltal a k\u00e9sz\u00fcl\u00e9k meleged\u00e9s\u00e9n lehet cs\u00f6kkenteni nagy m\u00e9rt\u00e9kben.<\/p>\n\n\n\n<h2 class=\"wp-block-heading\">Mit\u0151l lesz cs\u00facsmodell egy cs\u00facsmodell?<\/h2>\n\n\n\n<p class=\"has-text-align-justify\">Sz\u00e1mos olyan extra k\u00e9pess\u00e9g, funkci\u00f3 beleker\u00fclt a Galaxy S23 sz\u00e9ri\u00e1ba, amelyeket meg kell eml\u00edteni \u00e9s amit\u0151l val\u00f3ban a kateg\u00f3ria tetej\u00e9n helyezkednek el ezek a modellek.<\/p>\n\n\n\n<p class=\"has-text-align-justify\">A csatlakoztathat\u00f3s\u00e1got ha n\u00e9zem, van egy vill\u00e1mgyors 5G t\u00e1mogat\u00e1s, gond n\u00e9lk\u00fcl m\u00e9rtem 700-800 Mbps-os let\u00f6lt\u00e9si sebess\u00e9get is, ami sokkal gyorsabb, mint amit sokszor a k\u00e1beles internetszolg\u00e1ltat\u00f3k biztos\u00edtanak. Ha m\u00e9gis ezzel haszn\u00e1ln\u00e1k a k\u00e9sz\u00fcl\u00e9ket, a WIFI 6 szolg\u00e1l ki minket. Meg kell eml\u00edteni, hogy az USB Type-C csatlakoz\u00f3 3.2-es t\u00edpus\u00fa, \u00edgy k\u00edn\u00e1l gyors adat\u00e1tvitelt. A 32 bites 284 kHz-es audi\u00f3 t\u00e1mogat\u00e1shoz kell a be\u00e9p\u00edtett Bluetooth 5.3 technol\u00f3gia is.<\/p>\n\n\n\n<figure class=\"wp-block-gallery has-nested-images columns-default is-cropped wp-block-gallery-5 is-layout-flex wp-block-gallery-is-layout-flex\">\n<figure class=\"wp-block-image size-large\"><img loading=\"lazy\" decoding=\"async\" width=\"1024\" height=\"683\" data-id=\"16169\" src=\"https:\/\/hir.mediamarkt.hu\/magazin\/wp-content\/uploads\/2023\/03\/samsung-galaxy-s23-szeria-teszt-5-1024x683.jpg\" alt=\"Samsung Galaxy S23 sz\u00e9ria teszt\" class=\"wp-image-16169\" srcset=\"https:\/\/hir.mediamarkt.hu\/magazin\/wp-content\/uploads\/2023\/03\/samsung-galaxy-s23-szeria-teszt-5-1024x683.jpg 1024w, https:\/\/hir.mediamarkt.hu\/magazin\/wp-content\/uploads\/2023\/03\/samsung-galaxy-s23-szeria-teszt-5-300x200.jpg 300w, https:\/\/hir.mediamarkt.hu\/magazin\/wp-content\/uploads\/2023\/03\/samsung-galaxy-s23-szeria-teszt-5-275x183.jpg 275w, https:\/\/hir.mediamarkt.hu\/magazin\/wp-content\/uploads\/2023\/03\/samsung-galaxy-s23-szeria-teszt-5-768x512.jpg 768w, https:\/\/hir.mediamarkt.hu\/magazin\/wp-content\/uploads\/2023\/03\/samsung-galaxy-s23-szeria-teszt-5.jpg 1200w\" sizes=\"(max-width: 1024px) 100vw, 1024px\" \/><\/figure>\n\n\n\n<figure class=\"wp-block-image size-large\"><img loading=\"lazy\" decoding=\"async\" width=\"1024\" height=\"683\" data-id=\"16168\" src=\"https:\/\/hir.mediamarkt.hu\/magazin\/wp-content\/uploads\/2023\/03\/samsung-galaxy-s23-szeria-teszt-4-1024x683.jpg\" alt=\"Samsung Galaxy S23 sz\u00e9ria teszt\" class=\"wp-image-16168\" srcset=\"https:\/\/hir.mediamarkt.hu\/magazin\/wp-content\/uploads\/2023\/03\/samsung-galaxy-s23-szeria-teszt-4-1024x683.jpg 1024w, https:\/\/hir.mediamarkt.hu\/magazin\/wp-content\/uploads\/2023\/03\/samsung-galaxy-s23-szeria-teszt-4-300x200.jpg 300w, https:\/\/hir.mediamarkt.hu\/magazin\/wp-content\/uploads\/2023\/03\/samsung-galaxy-s23-szeria-teszt-4-275x183.jpg 275w, https:\/\/hir.mediamarkt.hu\/magazin\/wp-content\/uploads\/2023\/03\/samsung-galaxy-s23-szeria-teszt-4-768x512.jpg 768w, https:\/\/hir.mediamarkt.hu\/magazin\/wp-content\/uploads\/2023\/03\/samsung-galaxy-s23-szeria-teszt-4.jpg 1200w\" sizes=\"(max-width: 1024px) 100vw, 1024px\" \/><\/figure>\n<\/figure>\n\n\n\n<p class=\"has-text-align-justify\">Az, hogy Dual SIM-es egy telefon, ma m\u00e1r nem nagy sz\u00f3. Az viszont mindenk\u00e9ppen j\u00f3, hogy mind a k\u00e9t k\u00e1rty\u00e1n t\u00e1mogatja az 5G-t a k\u00e9sz\u00fcl\u00e9k. R\u00e1ad\u00e1sul a SIM 2 az lehet fizikai helyett egy eSIM is, amely m\u00e1r mindenk\u00e9ppen a j\u00f6v\u0151 ir\u00e1ny\u00e1ba mutat.<\/p>\n\n\n\n<p class=\"has-text-align-justify\">A felhaszn\u00e1lt anyagok min\u0151s\u00e9ge is minden esetben eml\u00edt\u00e9sre m\u00e9lt\u00f3. Nagyon j\u00f3 k\u00e9zben fogni a telefonokat, kellemes tapint\u00e1s\u00faak, de k\u00f6zben \u00e9rezni, hogy van benn\u00fck anyag. Az \u00f6sszeszerel\u00e9skor IP68-as por- \u00e9s v\u00edz\u00e1ll\u00f3s\u00e1got is kaptam, amely biztos\u00edtja a megfelel\u0151 ellen\u00e1ll\u00f3s\u00e1got a h\u00e9tk\u00f6znapok sor\u00e1n.<\/p>\n\n\n\n<p class=\"has-text-align-justify\">A kamera k\u00e9pess\u00e9gek ter\u00e9n is sok olyan funkci\u00f3t kapunk, ami olcs\u00f3bb k\u00e9sz\u00fcl\u00e9kekben elk\u00e9pzelhetetlen. Ak\u00e1r a 8K vide\u00f3, a 4K 60 FPS vide\u00f3, de sz\u00f3v\u00e1 lehet tenni a profi vide\u00f3s m\u00f3dot is, a stabiliz\u00e1l\u00e1st is. Az S23 Ultra eset\u00e9n a 200 megapixeles szenzor is sz\u00f3ba hozhat\u00f3.&nbsp;<\/p>\n\n\n\n<figure class=\"wp-block-image size-large\"><img loading=\"lazy\" decoding=\"async\" width=\"1024\" height=\"683\" src=\"https:\/\/hir.mediamarkt.hu\/magazin\/wp-content\/uploads\/2023\/03\/samsung-galaxy-s23-szeria-teszt-16-1-1024x683.jpg\" alt=\"\" class=\"wp-image-16182\" srcset=\"https:\/\/hir.mediamarkt.hu\/magazin\/wp-content\/uploads\/2023\/03\/samsung-galaxy-s23-szeria-teszt-16-1-1024x683.jpg 1024w, https:\/\/hir.mediamarkt.hu\/magazin\/wp-content\/uploads\/2023\/03\/samsung-galaxy-s23-szeria-teszt-16-1-300x200.jpg 300w, https:\/\/hir.mediamarkt.hu\/magazin\/wp-content\/uploads\/2023\/03\/samsung-galaxy-s23-szeria-teszt-16-1-275x183.jpg 275w, https:\/\/hir.mediamarkt.hu\/magazin\/wp-content\/uploads\/2023\/03\/samsung-galaxy-s23-szeria-teszt-16-1-768x512.jpg 768w, https:\/\/hir.mediamarkt.hu\/magazin\/wp-content\/uploads\/2023\/03\/samsung-galaxy-s23-szeria-teszt-16-1.jpg 1200w\" sizes=\"(max-width: 1024px) 100vw, 1024px\" \/><\/figure>\n\n\n\n<p class=\"has-text-align-justify\">\u00c9s akkor m\u00e9g nem besz\u00e9lt\u00fcnk a kijelz\u0151k min\u0151s\u00e9g\u00e9r\u0151l, amelyek rendk\u00edv\u00fcl magas f\u00e9nyer\u0151t k\u00edn\u00e1lnak, nagyon j\u00f3 \u00e9rz\u00e9kel\u00e9ssel, magas felbont\u00e1ssal \u00e9s leny\u0171g\u00f6z\u0151 sz\u00ednvisszaad\u00e1ssal.&nbsp;<\/p>\n\n\n\n<p class=\"has-text-align-justify\">A kieg\u00e9sz\u00edt\u0151k k\u00edn\u00e1lat\u00e1ban is ki kell emelkedjen egy cs\u00facsmodell \u00e9s \u00edgy van ez az S23-ak tekintet\u00e9ben is, nem csak sz\u00ednben, hanem kivitelben is el\u00e9rhet\u0151 t\u00f6bbf\u00e9le, elt\u00e9r\u0151 funkci\u00f3val rendelkez\u0151 tok \u00e9s kieg\u00e9sz\u00edt\u0151 a telefonokhoz.<\/p>\n\n\n\n<h2 class=\"wp-block-heading\">Kiknek \u00e9ri meg?<\/h2>\n\n\n\n<p class=\"has-text-align-justify\">Az egy\u00e9rtelm\u0171, hogy akik egy \u00e9ve megvett\u00e9k az S22 sz\u00e9ria valamelyik tagj\u00e1t, \u00f6sszess\u00e9g\u00e9ben kev\u00e9s racion\u00e1lis indok van, hogy mi\u00e9rt v\u00e1ltan\u00e1nak az S23-ra. Ellenben akik m\u00e9g r\u00e9gebbi sz\u00e9ri\u00e1r\u00f3l friss\u00edten\u00e9nek, \u00e9rezhetnek m\u00e1r k\u00fcl\u00f6nbs\u00e9get. Ak\u00e1r az\u00e9rt, mert el\u00e9rhet\u0151 az S-Pen az S23 Ultr\u00e1ban, ak\u00e1r az\u00e9rt, mert a kor\u00e1bbi gener\u00e1ci\u00f3hoz viszony\u00edtva m\u00e1r ak\u00e1r a kisebb S23 eset\u00e9n is \u00e9rezhet\u0151 a kijelz\u0151, a hardver, vagy \u00e9ppen a kamer\u00e1k el\u0151rel\u00e9p\u00e9se.<\/p>\n","protected":false},"excerpt":{"rendered":"Ha \u00faj \u00e9v, akkor \u00faj Samsung cs\u00facsmodell deb\u00fct\u00e1l\u00e1s, egy ideje r\u00e1ad\u00e1sul m\u00e1r az \u00e9vsz\u00e1mhoz k\u00f6t\u00f6tt elnevez\u00e9ssel! Meg\u00e9rkezett m\u00e1r egy ideje \u00e9s le is tesztelt\u00fck a Samsung Galaxy S23 sz\u00e9ria h\u00e1rom \u00fajdons\u00e1g\u00e1t. J\u00e1rt utat a j\u00e1ratlan\u00e9rt el ne hagyj!&nbsp; Ismerhett\u00e9k a d\u00e9l-korai m\u00e9rn\u00f6k\u00f6k is a k\u00f6zmond\u00e1st, legal\u00e1bbis ez volt az els\u0151 gondolatunk, amikor megl\u00e1ttuk a Galaxy S23 csal\u00e1d tagjait. \u00c9s ezzel igaz\u00e1b\u00f3l olyan nagyot nem is t\u00e9vedtek a gy\u00e1rt\u00f3 szakemberei, hiszen nem felt\u00e9tlen\u00fcl van sz\u00fcks\u00e9g minden \u00e9vben megv\u00e1ltani a vil\u00e1got egy-egy \u00faj modellel, egy szimpla r\u00e1ncfelvarr\u00e1s is tud j\u00f3 lenni. Ezt a taktik\u00e1t az aut\u00f3gy\u00e1rt\u00f3k is haszn\u00e1lj\u00e1k, amikor a term\u00e9kciklus k\u00f6zep\u00e9n kicsit \u00e1trajzolj\u00e1k a diz\u00e1jnt k\u00edv\u00fcl \u00e9s bel\u00fcl, ut\u00e1na pedig az m\u00e9g \u00e9vekig j\u00f3 lehet. A telefongy\u00e1rt\u00f3k az \u00e9ves term\u00e9kfriss\u00edt\u00e9si ciklusra &#8230;","protected":false},"author":34,"featured_media":16270,"comment_status":"open","ping_status":"open","sticky":false,"template":"","format":"standard","meta":{"wprm-recipe-roundup-name":"","wprm-recipe-roundup-description":"","footnotes":""},"categories":[5973,5944],"tags":[68,5539,2127,2173,5540,170,5538,32,82],"yoast_head":"<!-- This site is optimized with the Yoast SEO plugin v22.9 - https:\/\/yoast.com\/wordpress\/plugins\/seo\/ -->\n<title>Samsung Galaxy S23 sz\u00e9ria teszt: galaktikusok<\/title>\n<meta name=\"description\" content=\"\u00daj \u00e9v, \u00faj Samsung cs\u00facsmodellek, egy ideje r\u00e1ad\u00e1sul m\u00e1r az \u00e9vsz\u00e1mhoz k\u00f6t\u00f6tt elnevez\u00e9ssel! Letesztelt\u00fck a Galaxy S23 sz\u00e9ria \u00fajdons\u00e1gait.\" \/>\n<meta name=\"robots\" content=\"index, follow, max-snippet:-1, max-image-preview:large, max-video-preview:-1\" \/>\n<link rel=\"canonical\" href=\"https:\/\/hir.mediamarkt.hu\/magazin\/samsung-galaxy-s23-szeria-teszt\/\" \/>\n<meta property=\"og:locale\" content=\"hu_HU\" \/>\n<meta property=\"og:type\" content=\"article\" \/>\n<meta property=\"og:title\" content=\"Samsung Galaxy S23 sz\u00e9ria teszt: galaktikusok\" \/>\n<meta property=\"og:description\" content=\"\u00daj \u00e9v, \u00faj Samsung cs\u00facsmodellek, egy ideje r\u00e1ad\u00e1sul m\u00e1r az \u00e9vsz\u00e1mhoz k\u00f6t\u00f6tt elnevez\u00e9ssel! Letesztelt\u00fck a Galaxy S23 sz\u00e9ria \u00fajdons\u00e1gait.\" \/>\n<meta property=\"og:url\" content=\"https:\/\/hir.mediamarkt.hu\/magazin\/samsung-galaxy-s23-szeria-teszt\/\" \/>\n<meta property=\"og:site_name\" content=\"MediaMarkt Magazin\" \/>\n<meta property=\"article:publisher\" content=\"https:\/\/www.facebook.com\/MediaMarktMagyarorszag\" \/>\n<meta property=\"article:published_time\" content=\"2023-03-09T07:50:25+00:00\" \/>\n<meta property=\"article:modified_time\" content=\"2023-03-31T08:41:18+00:00\" \/>\n<meta property=\"og:image\" content=\"https:\/\/hir.mediamarkt.hu\/magazin\/wp-content\/uploads\/2023\/03\/galaxy_S23_teszt_MediaMarkt.png\" \/>\n\t<meta property=\"og:image:width\" content=\"1024\" \/>\n\t<meta property=\"og:image:height\" content=\"619\" \/>\n\t<meta property=\"og:image:type\" content=\"image\/png\" \/>\n<meta name=\"author\" content=\"Kov\u00e1cs \u00c1d\u00e1m\" \/>\n<meta name=\"twitter:label1\" content=\"Szerz\u0151:\" \/>\n\t<meta name=\"twitter:data1\" content=\"Kov\u00e1cs \u00c1d\u00e1m\" \/>\n\t<meta name=\"twitter:label2\" content=\"Becs\u00fclt olvas\u00e1si id\u0151\" \/>\n\t<meta name=\"twitter:data2\" content=\"16 perc\" \/>\n<script type=\"application\/ld+json\" class=\"yoast-schema-graph\">{\"@context\":\"https:\/\/schema.org\",\"@graph\":[{\"@type\":\"WebPage\",\"@id\":\"https:\/\/hir.mediamarkt.hu\/magazin\/samsung-galaxy-s23-szeria-teszt\/\",\"url\":\"https:\/\/hir.mediamarkt.hu\/magazin\/samsung-galaxy-s23-szeria-teszt\/\",\"name\":\"Samsung Galaxy S23 sz\u00e9ria teszt: galaktikusok\",\"isPartOf\":{\"@id\":\"https:\/\/hir.mediamarkt.hu\/magazin\/#website\"},\"primaryImageOfPage\":{\"@id\":\"https:\/\/hir.mediamarkt.hu\/magazin\/samsung-galaxy-s23-szeria-teszt\/#primaryimage\"},\"image\":{\"@id\":\"https:\/\/hir.mediamarkt.hu\/magazin\/samsung-galaxy-s23-szeria-teszt\/#primaryimage\"},\"thumbnailUrl\":\"https:\/\/hir.mediamarkt.hu\/magazin\/wp-content\/uploads\/2023\/03\/galaxy_S23_teszt_MediaMarkt.png\",\"datePublished\":\"2023-03-09T07:50:25+00:00\",\"dateModified\":\"2023-03-31T08:41:18+00:00\",\"author\":{\"@id\":\"https:\/\/hir.mediamarkt.hu\/magazin\/#\/schema\/person\/eb6407def37d68930e61b9ccc0d2b12b\"},\"description\":\"\u00daj \u00e9v, \u00faj Samsung cs\u00facsmodellek, egy ideje r\u00e1ad\u00e1sul m\u00e1r az \u00e9vsz\u00e1mhoz k\u00f6t\u00f6tt elnevez\u00e9ssel! Letesztelt\u00fck a Galaxy S23 sz\u00e9ria \u00fajdons\u00e1gait.\",\"breadcrumb\":{\"@id\":\"https:\/\/hir.mediamarkt.hu\/magazin\/samsung-galaxy-s23-szeria-teszt\/#breadcrumb\"},\"inLanguage\":\"hu\",\"potentialAction\":[{\"@type\":\"ReadAction\",\"target\":[\"https:\/\/hir.mediamarkt.hu\/magazin\/samsung-galaxy-s23-szeria-teszt\/\"]}]},{\"@type\":\"ImageObject\",\"inLanguage\":\"hu\",\"@id\":\"https:\/\/hir.mediamarkt.hu\/magazin\/samsung-galaxy-s23-szeria-teszt\/#primaryimage\",\"url\":\"https:\/\/hir.mediamarkt.hu\/magazin\/wp-content\/uploads\/2023\/03\/galaxy_S23_teszt_MediaMarkt.png\",\"contentUrl\":\"https:\/\/hir.mediamarkt.hu\/magazin\/wp-content\/uploads\/2023\/03\/galaxy_S23_teszt_MediaMarkt.png\",\"width\":1024,\"height\":619},{\"@type\":\"BreadcrumbList\",\"@id\":\"https:\/\/hir.mediamarkt.hu\/magazin\/samsung-galaxy-s23-szeria-teszt\/#breadcrumb\",\"itemListElement\":[{\"@type\":\"ListItem\",\"position\":1,\"name\":\"Kezd\u0151lap\",\"item\":\"https:\/\/hir.mediamarkt.hu\/magazin\/\"},{\"@type\":\"ListItem\",\"position\":2,\"name\":\"Tesztelt\u00fck\",\"item\":\"https:\/\/hir.mediamarkt.hu\/magazin\/teszteltuk\/\"},{\"@type\":\"ListItem\",\"position\":3,\"name\":\"Samsung Galaxy S23 sz\u00e9ria teszt: galaktikusok\"}]},{\"@type\":\"WebSite\",\"@id\":\"https:\/\/hir.mediamarkt.hu\/magazin\/#website\",\"url\":\"https:\/\/hir.mediamarkt.hu\/magazin\/\",\"name\":\"MediaMarkt Magazin\",\"description\":\"Olvass bele magazinunkba!\",\"potentialAction\":[{\"@type\":\"SearchAction\",\"target\":{\"@type\":\"EntryPoint\",\"urlTemplate\":\"https:\/\/hir.mediamarkt.hu\/magazin\/?s={search_term_string}\"},\"query-input\":\"required name=search_term_string\"}],\"inLanguage\":\"hu\"},{\"@type\":\"Person\",\"@id\":\"https:\/\/hir.mediamarkt.hu\/magazin\/#\/schema\/person\/eb6407def37d68930e61b9ccc0d2b12b\",\"name\":\"Kov\u00e1cs \u00c1d\u00e1m\",\"image\":{\"@type\":\"ImageObject\",\"inLanguage\":\"hu\",\"@id\":\"https:\/\/hir.mediamarkt.hu\/magazin\/#\/schema\/person\/image\/\",\"url\":\"https:\/\/secure.gravatar.com\/avatar\/7f17d39fcf146db446aab8f0a0b84bce?s=96&d=mm&r=g\",\"contentUrl\":\"https:\/\/secure.gravatar.com\/avatar\/7f17d39fcf146db446aab8f0a0b84bce?s=96&d=mm&r=g\",\"caption\":\"Kov\u00e1cs \u00c1d\u00e1m\"}}]}<\/script>\n<!-- \/ Yoast SEO plugin. -->","yoast_head_json":{"title":"Samsung Galaxy S23 sz\u00e9ria teszt: galaktikusok","description":"\u00daj \u00e9v, \u00faj Samsung cs\u00facsmodellek, egy ideje r\u00e1ad\u00e1sul m\u00e1r az \u00e9vsz\u00e1mhoz k\u00f6t\u00f6tt elnevez\u00e9ssel! Letesztelt\u00fck a Galaxy S23 sz\u00e9ria \u00fajdons\u00e1gait.","robots":{"index":"index","follow":"follow","max-snippet":"max-snippet:-1","max-image-preview":"max-image-preview:large","max-video-preview":"max-video-preview:-1"},"canonical":"https:\/\/hir.mediamarkt.hu\/magazin\/samsung-galaxy-s23-szeria-teszt\/","og_locale":"hu_HU","og_type":"article","og_title":"Samsung Galaxy S23 sz\u00e9ria teszt: galaktikusok","og_description":"\u00daj \u00e9v, \u00faj Samsung cs\u00facsmodellek, egy ideje r\u00e1ad\u00e1sul m\u00e1r az \u00e9vsz\u00e1mhoz k\u00f6t\u00f6tt elnevez\u00e9ssel! Letesztelt\u00fck a Galaxy S23 sz\u00e9ria \u00fajdons\u00e1gait.","og_url":"https:\/\/hir.mediamarkt.hu\/magazin\/samsung-galaxy-s23-szeria-teszt\/","og_site_name":"MediaMarkt Magazin","article_publisher":"https:\/\/www.facebook.com\/MediaMarktMagyarorszag","article_published_time":"2023-03-09T07:50:25+00:00","article_modified_time":"2023-03-31T08:41:18+00:00","og_image":[{"width":1024,"height":619,"url":"https:\/\/hir.mediamarkt.hu\/magazin\/wp-content\/uploads\/2023\/03\/galaxy_S23_teszt_MediaMarkt.png","type":"image\/png"}],"author":"Kov\u00e1cs \u00c1d\u00e1m","twitter_misc":{"Szerz\u0151:":"Kov\u00e1cs \u00c1d\u00e1m","Becs\u00fclt olvas\u00e1si id\u0151":"16 perc"},"schema":{"@context":"https:\/\/schema.org","@graph":[{"@type":"WebPage","@id":"https:\/\/hir.mediamarkt.hu\/magazin\/samsung-galaxy-s23-szeria-teszt\/","url":"https:\/\/hir.mediamarkt.hu\/magazin\/samsung-galaxy-s23-szeria-teszt\/","name":"Samsung Galaxy S23 sz\u00e9ria teszt: galaktikusok","isPartOf":{"@id":"https:\/\/hir.mediamarkt.hu\/magazin\/#website"},"primaryImageOfPage":{"@id":"https:\/\/hir.mediamarkt.hu\/magazin\/samsung-galaxy-s23-szeria-teszt\/#primaryimage"},"image":{"@id":"https:\/\/hir.mediamarkt.hu\/magazin\/samsung-galaxy-s23-szeria-teszt\/#primaryimage"},"thumbnailUrl":"https:\/\/hir.mediamarkt.hu\/magazin\/wp-content\/uploads\/2023\/03\/galaxy_S23_teszt_MediaMarkt.png","datePublished":"2023-03-09T07:50:25+00:00","dateModified":"2023-03-31T08:41:18+00:00","author":{"@id":"https:\/\/hir.mediamarkt.hu\/magazin\/#\/schema\/person\/eb6407def37d68930e61b9ccc0d2b12b"},"description":"\u00daj \u00e9v, \u00faj Samsung cs\u00facsmodellek, egy ideje r\u00e1ad\u00e1sul m\u00e1r az \u00e9vsz\u00e1mhoz k\u00f6t\u00f6tt elnevez\u00e9ssel! Letesztelt\u00fck a Galaxy S23 sz\u00e9ria \u00fajdons\u00e1gait.","breadcrumb":{"@id":"https:\/\/hir.mediamarkt.hu\/magazin\/samsung-galaxy-s23-szeria-teszt\/#breadcrumb"},"inLanguage":"hu","potentialAction":[{"@type":"ReadAction","target":["https:\/\/hir.mediamarkt.hu\/magazin\/samsung-galaxy-s23-szeria-teszt\/"]}]},{"@type":"ImageObject","inLanguage":"hu","@id":"https:\/\/hir.mediamarkt.hu\/magazin\/samsung-galaxy-s23-szeria-teszt\/#primaryimage","url":"https:\/\/hir.mediamarkt.hu\/magazin\/wp-content\/uploads\/2023\/03\/galaxy_S23_teszt_MediaMarkt.png","contentUrl":"https:\/\/hir.mediamarkt.hu\/magazin\/wp-content\/uploads\/2023\/03\/galaxy_S23_teszt_MediaMarkt.png","width":1024,"height":619},{"@type":"BreadcrumbList","@id":"https:\/\/hir.mediamarkt.hu\/magazin\/samsung-galaxy-s23-szeria-teszt\/#breadcrumb","itemListElement":[{"@type":"ListItem","position":1,"name":"Kezd\u0151lap","item":"https:\/\/hir.mediamarkt.hu\/magazin\/"},{"@type":"ListItem","position":2,"name":"Tesztelt\u00fck","item":"https:\/\/hir.mediamarkt.hu\/magazin\/teszteltuk\/"},{"@type":"ListItem","position":3,"name":"Samsung Galaxy S23 sz\u00e9ria teszt: galaktikusok"}]},{"@type":"WebSite","@id":"https:\/\/hir.mediamarkt.hu\/magazin\/#website","url":"https:\/\/hir.mediamarkt.hu\/magazin\/","name":"MediaMarkt Magazin","description":"Olvass bele magazinunkba!","potentialAction":[{"@type":"SearchAction","target":{"@type":"EntryPoint","urlTemplate":"https:\/\/hir.mediamarkt.hu\/magazin\/?s={search_term_string}"},"query-input":"required name=search_term_string"}],"inLanguage":"hu"},{"@type":"Person","@id":"https:\/\/hir.mediamarkt.hu\/magazin\/#\/schema\/person\/eb6407def37d68930e61b9ccc0d2b12b","name":"Kov\u00e1cs \u00c1d\u00e1m","image":{"@type":"ImageObject","inLanguage":"hu","@id":"https:\/\/hir.mediamarkt.hu\/magazin\/#\/schema\/person\/image\/","url":"https:\/\/secure.gravatar.com\/avatar\/7f17d39fcf146db446aab8f0a0b84bce?s=96&d=mm&r=g","contentUrl":"https:\/\/secure.gravatar.com\/avatar\/7f17d39fcf146db446aab8f0a0b84bce?s=96&d=mm&r=g","caption":"Kov\u00e1cs \u00c1d\u00e1m"}}]}},"_links":{"self":[{"href":"https:\/\/hir.mediamarkt.hu\/magazin\/wp-json\/wp\/v2\/posts\/16156"}],"collection":[{"href":"https:\/\/hir.mediamarkt.hu\/magazin\/wp-json\/wp\/v2\/posts"}],"about":[{"href":"https:\/\/hir.mediamarkt.hu\/magazin\/wp-json\/wp\/v2\/types\/post"}],"author":[{"embeddable":true,"href":"https:\/\/hir.mediamarkt.hu\/magazin\/wp-json\/wp\/v2\/users\/34"}],"replies":[{"embeddable":true,"href":"https:\/\/hir.mediamarkt.hu\/magazin\/wp-json\/wp\/v2\/comments?post=16156"}],"version-history":[{"count":14,"href":"https:\/\/hir.mediamarkt.hu\/magazin\/wp-json\/wp\/v2\/posts\/16156\/revisions"}],"predecessor-version":[{"id":16304,"href":"https:\/\/hir.mediamarkt.hu\/magazin\/wp-json\/wp\/v2\/posts\/16156\/revisions\/16304"}],"wp:featuredmedia":[{"embeddable":true,"href":"https:\/\/hir.mediamarkt.hu\/magazin\/wp-json\/wp\/v2\/media\/16270"}],"wp:attachment":[{"href":"https:\/\/hir.mediamarkt.hu\/magazin\/wp-json\/wp\/v2\/media?parent=16156"}],"wp:term":[{"taxonomy":"category","embeddable":true,"href":"https:\/\/hir.mediamarkt.hu\/magazin\/wp-json\/wp\/v2\/categories?post=16156"},{"taxonomy":"post_tag","embeddable":true,"href":"https:\/\/hir.mediamarkt.hu\/magazin\/wp-json\/wp\/v2\/tags?post=16156"}],"curies":[{"name":"wp","href":"https:\/\/api.w.org\/{rel}","templated":true}]}}