{"id":16305,"date":"2023-03-31T11:52:02","date_gmt":"2023-03-31T10:52:02","guid":{"rendered":"https:\/\/hir.mediamarkt.hu\/magazin\/?p=16305"},"modified":"2023-05-17T15:18:59","modified_gmt":"2023-05-17T14:18:59","slug":"a-piac-egyik-legjobb-hangfala-amibol-mindjart-kettot-kell-venned-onyx-studio-8-teszt","status":"publish","type":"post","link":"https:\/\/hir.mediamarkt.hu\/magazin\/a-piac-egyik-legjobb-hangfala-amibol-mindjart-kettot-kell-venned-onyx-studio-8-teszt\/","title":{"rendered":"A piac egyik legjobb hangfala, amib\u0151l mindj\u00e1rt kett\u0151t kell venned \u2013 Onyx Studio 8 teszt"},"content":{"rendered":"\n<p class=\"has-text-align-justify\"><strong>Mi ez? Hangfal? Szobad\u00edsz? Szerelmes lev\u00e9l a h\u00faszas \u00e9vek n\u00e9met formatervez\u00e9s\u00e9hez? Mindh\u00e1rom egyszerre? \u00c9s ha igen, k\u00e9pes tisztess\u00e9gesen megsz\u00f3lalni, vagy megel\u00e9gszik a k\u00fclcs\u00ednnel? Teszt\u00fcnkb\u0151l kider\u00fcl.<\/strong><\/p>\n\n\n\n<p class=\"has-text-align-justify\">Teszt\u00fcnk el\u0151tt gyorsan tiszt\u00e1znunk kell: a n\u00e9v ne t\u00e9vesszen meg senkit, a \u201estudio\u201d kit\u00e9tel ellen\u00e9re az <strong>Onyx 8<\/strong> nem szakembereknek megalkotott hangfal, azaz azt a h\u00e1zibulikompatibilis, telt, a m\u00e9ly hangok fel\u00e9 billen\u0151, sz\u00f3rakoztat\u00f3 hangz\u00e1st kapjuk, amelyet a JBL-term\u00e9kekt\u0151l is megszoktunk. Nem v\u00e9letlen, hogy e term\u00e9k gy\u00e1rt\u00f3ja megvette ez ut\u00f3bbi n\u00e9phangsz\u00f3r\u00f3gy\u00e1rat. Azt azonban korrekt\u00fcl sugallja a megnevez\u00e9s, hogy kev\u00e9s ilyen kiegyens\u00falyozott, a legfels\u0151bb tartom\u00e1nyokig minden frekvenic\u00e1t reproduk\u00e1l\u00f3 term\u00e9ket tal\u00e1lunk a piacon; \u00e9pp nem audiofil min\u0151s\u00e9g, de kapudrognak t\u00f6k\u00e9letes azoknak, akiket komolyabban \u00e9rdekel a zenehallgat\u00e1s mint ritu\u00e1l\u00e9. Ezzel persze azt sugalljuk, hogy el\u0151bb-ut\u00f3bb illen\u00e9k lecser\u00e9lni az Onyxot komolyabb felszerel\u00e9sre, \u00e1m ezzel van egy komoly bibi:<\/p>\n\n\n\n<blockquote class=\"wp-block-quote\">\n<p class=\"has-text-align-justify\">Ahhoz egyszer\u0171en t\u00fal j\u00f3l n\u00e9z ki, hogy csak \u00fagy megv\u00e1ljunk t\u0151le. Szerencs\u00e9re nem is kell, mert \u00e9ppen el\u00e9g j\u00f3l sz\u00f3l.<\/p>\n<\/blockquote>\n\n\n\n<figure class=\"wp-block-image\"><img loading=\"lazy\" decoding=\"async\" width=\"1440\" height=\"958\" src=\"https:\/\/hir.mediamarkt.hu\/magazin\/wp-content\/uploads\/2023\/03\/DSC_4276.jpg\" alt=\"\" class=\"wp-image-16310\" srcset=\"https:\/\/hir.mediamarkt.hu\/magazin\/wp-content\/uploads\/2023\/03\/DSC_4276.jpg 1440w, https:\/\/hir.mediamarkt.hu\/magazin\/wp-content\/uploads\/2023\/03\/DSC_4276-300x200.jpg 300w, https:\/\/hir.mediamarkt.hu\/magazin\/wp-content\/uploads\/2023\/03\/DSC_4276-1024x681.jpg 1024w, https:\/\/hir.mediamarkt.hu\/magazin\/wp-content\/uploads\/2023\/03\/DSC_4276-275x183.jpg 275w, https:\/\/hir.mediamarkt.hu\/magazin\/wp-content\/uploads\/2023\/03\/DSC_4276-768x511.jpg 768w, https:\/\/hir.mediamarkt.hu\/magazin\/wp-content\/uploads\/2023\/03\/DSC_4276-1536x1022.jpg 1536w\" sizes=\"(max-width: 1440px) 100vw, 1440px\" \/><\/figure>\n\n\n\n<p>A design \u00e9s a hangmin\u0151s\u00e9g m\u00e9ltat\u00e1s\u00e1ra nemsok\u00e1ra visszat\u00e9r\u00fcnk, de el\u0151bb ess\u00fcnk t\u00fal a k\u00f6telez\u0151 k\u00f6r\u00f6k\u00f6n.<\/p>\n\n\n\n<h1 class=\"wp-block-heading\">Mi ez?<\/h1>\n\n\n\n<p class=\"has-text-align-justify\">Az <a href=\"https:\/\/www.harmankardon.com\/bluetooth-speakers\/ONYX-STUDIO-8-.html?dwvar_ONYX-STUDIO-8-_color=Black-AM-Current#q=onyx&amp;start=1\">Onyx Studio 8<\/a> egy egyszer\u0171, felhaszn\u00e1l\u00f3bar\u00e1t, haszn\u00e1lat\u00e1ban \u00e9s megjelen\u00e9s\u00e9ben is sallangmentes, m\u00e9gis csod\u00e1san kidolgozott Bluetooth- \u00e9s vezet\u00e9kes hangfal. Akkumul\u00e1tor\u00e1nak h\u00e1la b\u00e1rhova elvihetj\u00fck, teljes t\u00f6lt\u00f6tts\u00e9ggel 8 \u00f3ra lej\u00e1tsz\u00e1st \u00edg\u00e9r a gy\u00e1rt\u00f3, \u00e9s k\u00e9pes kihangos\u00edtani a telefonunkat is. Ennyi, semmi t\u00f6bb \u2013 \u00e9s enn\u00e9l nem is k\u00edv\u00e1nhatn\u00e1nk t\u00f6bbet.<\/p>\n\n\n\n<p class=\"has-text-align-justify\">Az eml\u00edtett h\u00edv\u00e1sfunkci\u00f3 \u2013 amellyel konferenciabesz\u00e9lget\u00e9seket is abszolv\u00e1lhatunk \u2013 \u00fajdons\u00e1g az el\u0151z\u0151 gener\u00e1ci\u00f3hoz k\u00e9pest. Mikrofonja kell\u0151en \u00e9rz\u00e9keny, a t\u00f6bbieket a lehet\u0151 legjobb min\u0151s\u00e9gben hallottuk \u00e9s viszont, b\u00e1rhol is j\u00e1rtunk \u00e9pp a szob\u00e1ban. A meetingekt\u0151l a banki \u00fcgyint\u00e9z\u00e9sig mindent megk\u00f6nny\u00edtett az Onyx a tesztid\u0151szak alatt, mindezt minim\u00e1lis h\u00e1tt\u00e9rzajjal.<\/p>\n\n\n\n<figure class=\"wp-block-image\"><img loading=\"lazy\" decoding=\"async\" width=\"1440\" height=\"958\" src=\"https:\/\/hir.mediamarkt.hu\/magazin\/wp-content\/uploads\/2023\/03\/DSC_4272.jpg\" alt=\"\" class=\"wp-image-16308\" srcset=\"https:\/\/hir.mediamarkt.hu\/magazin\/wp-content\/uploads\/2023\/03\/DSC_4272.jpg 1440w, https:\/\/hir.mediamarkt.hu\/magazin\/wp-content\/uploads\/2023\/03\/DSC_4272-300x200.jpg 300w, https:\/\/hir.mediamarkt.hu\/magazin\/wp-content\/uploads\/2023\/03\/DSC_4272-1024x681.jpg 1024w, https:\/\/hir.mediamarkt.hu\/magazin\/wp-content\/uploads\/2023\/03\/DSC_4272-275x183.jpg 275w, https:\/\/hir.mediamarkt.hu\/magazin\/wp-content\/uploads\/2023\/03\/DSC_4272-768x511.jpg 768w, https:\/\/hir.mediamarkt.hu\/magazin\/wp-content\/uploads\/2023\/03\/DSC_4272-1536x1022.jpg 1536w\" sizes=\"(max-width: 1440px) 100vw, 1440px\" \/><\/figure>\n\n\n\n<p class=\"has-text-align-justify\">\u00dajdons\u00e1g m\u00e9g, hogy a leg\u00fajabb Bluetooth-szabv\u00e1nynak h\u00e1la k\u00e9t eszk\u00f6zt is kezel p\u00e1rhuzamosan, azaz ennyi mobil, tablet, laptop csatlakozhat r\u00e1 egyszerre. A zene term\u00e9szetesen egyszerre csak egy forr\u00e1sb\u00f3l sz\u00f3l, de a h\u00e1zibuli kicsit izgalmasabb (\u00e9s kompetit\u00edvebb) lesz \u00edgy. Az Onyx Studio 8 ezen fel\u00fcl arra is haszn\u00e1lj a mikrofonj\u00e1t, hogy felm\u00e9rje a k\u00f6rnyezetet \u00e9s ahhoz igaz\u00edtsa a hangz\u00e1st: m\u00e1sk\u00e9pp sz\u00f3l, ha a falhoz szor\u00edtod, a f\u00f6ldre vagy a polcra teszed, de mindig megt\u00f6lti zen\u00e9vel a szob\u00e1t. A gy\u00e1rt\u00f3&nbsp; teh\u00e1t (bocs\u00e1nat a sz\u00f3vicc\u00e9rt) nem a leveg\u0151be besz\u00e9lt, amikor ezt \u00edg\u00e9rte \u2013 a hangfalmenedzsment egyik legnehezebb mozzanata a falt\u00f3l megfelel\u0151 t\u00e1vols\u00e1gra helyezni az egys\u00e9geket, f\u0151leg azokat, amelyeknek a h\u00e1toldal\u00e1n tal\u00e1lhat a passz\u00edv reflexny\u00edl\u00e1s, de a harman\/kardon m\u00e9rn\u00f6kei t\u00e9nyleg megdolgoztak a p\u00e9nz\u00fck\u00e9rt, az Onyx sikerrel veszi az akad\u00e1lyt.<\/p>\n\n\n\n<p class=\"has-text-align-justify\">Hi\u00e1nyp\u00f3tl\u00f3 m\u00e9g a mell\u00e9kelt h\u00e1l\u00f3zati k\u00e1bel: nincs sz\u00fcks\u00e9g USB-k\u00e1belre (b\u00e1r erre is van lehet\u0151s\u00e9g, igaz, sem k\u00e1belt, sem h\u00e1l\u00f3zati \u201et\u00e9gl\u00e1t\u201d nem mell\u00e9kel a gy\u00e1rt\u00f3, nem is hi\u00e1nyzik) a t\u00f6lt\u00e9shez, az Onyxot k\u00f6zvetlen\u00fcl a konnektorba dughatod. Ez f\u0151leg akkor j\u00f6n j\u00f3l, ha hossz\u00fa t\u00e1von egy helyen haszn\u00e1lod. Csatlakoztatva r\u00e1ad\u00e1sul a hanger\u0151t is n\u00f6veli \u00e9s a m\u00e9ly hangok is teltebbek.<\/p>\n\n\n\n<figure class=\"wp-block-image\"><img loading=\"lazy\" decoding=\"async\" width=\"1440\" height=\"958\" src=\"https:\/\/hir.mediamarkt.hu\/magazin\/wp-content\/uploads\/2023\/03\/DSC_4278.jpg\" alt=\"\" class=\"wp-image-16312\" srcset=\"https:\/\/hir.mediamarkt.hu\/magazin\/wp-content\/uploads\/2023\/03\/DSC_4278.jpg 1440w, https:\/\/hir.mediamarkt.hu\/magazin\/wp-content\/uploads\/2023\/03\/DSC_4278-300x200.jpg 300w, https:\/\/hir.mediamarkt.hu\/magazin\/wp-content\/uploads\/2023\/03\/DSC_4278-1024x681.jpg 1024w, https:\/\/hir.mediamarkt.hu\/magazin\/wp-content\/uploads\/2023\/03\/DSC_4278-275x183.jpg 275w, https:\/\/hir.mediamarkt.hu\/magazin\/wp-content\/uploads\/2023\/03\/DSC_4278-768x511.jpg 768w, https:\/\/hir.mediamarkt.hu\/magazin\/wp-content\/uploads\/2023\/03\/DSC_4278-1536x1022.jpg 1536w\" sizes=\"(max-width: 1440px) 100vw, 1440px\" \/><\/figure>\n\n\n\n<p class=\"has-text-align-justify\">Fontos, hogy az Onyx nem v\u00edz- \u00e9s csepp\u00e1ll\u00f3: egy\u00e9rtelm\u0171, hogy a gy\u00e1rt\u00f3 belt\u00e9ri vagy \u00f3vatos k\u00fclt\u00e9ri hanszn\u00e1latra sz\u00e1nja, \u00e9s alakja miatt m\u00e9rs\u00e9kelten utaztathat\u00f3. Utaz\u00f3taty\u00f3t, dobozt nem is kapunk. Az eszk\u00f6z cser\u00e9be strapab\u00edr\u00f3, j\u00f3 min\u0151s\u00e9g\u0171 m\u0171anyab\u00f3l k\u00e9sz\u00fclt \u00e9s \u00fajrahasznos\u00edtott poli\u00e9szter sz\u00f6vetbor\u00edt\u00e1ssal \u00e9rkezik, azaz semmi baja nem lesz, ha m\u00e9gis magaddal vinn\u00e9d. Aprop\u00f3, alak:<\/p>\n\n\n\n<h1 class=\"wp-block-heading\">Mi\u00e9rt n\u00e9z ki \u00edgy?<\/h1>\n\n\n\n<p>R\u00f6viden:<\/p>\n\n\n\n<blockquote class=\"wp-block-quote\">\n<p>Bauhaus<\/p>\n<\/blockquote>\n\n\n\n<p class=\"has-text-align-justify\">Kicsit kifejtve: egy\u00e9rtelm\u0171, hogy a tervez\u0151knek az 1919-ben alap\u00edtott m\u0171v\u00e9szeti \u00e9s formatervez\u00e9si iskola lebegett a szem\u00fck el\u0151tt: az egyszer\u0171, mag\u00e1val ragad\u00f3 form\u00e1kkal, min\u00e9l kevesebb vonallal \u00e9s g\u00f6rb\u00e9vel dolgoz\u00f3 tervez\u0151k k\u00fcldet\u00e9se az volt, hogy t\u00f6megtermel\u00e9sre alkalmas, sz\u00e9les k\u00f6z\u00f6ns\u00e9g sz\u00e1m\u00e1ra hozz\u00e1f\u00e9rhet\u0151 b\u00fatorokat, haszn\u00e1lati t\u00e1rgyakat k\u00e9sz\u00edtsenek, \u00fagy, hogy k\u00f6zben sz\u00edv\u00fcket-lelk\u00fcket beleteszik \u00e9s \u201emellesleg\u201d \u00fajra megtan\u00edtj\u00e1k mindenkinek, mit jelent(het) a design. A n\u00e1cik persze sz\u00e9tvert\u00e9k ezt is, de a n\u00e9gy \u00e9gt\u00e1j fel\u00e9 emigr\u00e1l\u00f3 m\u0171v\u00e9szek hat\u00e1sa a mai napig \u00e9rz\u0151dik, n\u00e9lk\u00fcl\u00fck a falior\u00e1k, a kanap\u00e9k, s\u0151t, az iPhone sem \u00fagy n\u00e9zne ki, mint ma. Meggy\u0151z\u0151d\u00e9s\u00fcnk, hogy \u0151k ihlett\u00e9k az Onyx megjelen\u00e9s\u00e9t is.<\/p>\n\n\n\n<figure class=\"wp-block-image\"><img loading=\"lazy\" decoding=\"async\" width=\"1440\" height=\"958\" src=\"https:\/\/hir.mediamarkt.hu\/magazin\/wp-content\/uploads\/2023\/03\/DSC_4279.jpg\" alt=\"\" class=\"wp-image-16313\" srcset=\"https:\/\/hir.mediamarkt.hu\/magazin\/wp-content\/uploads\/2023\/03\/DSC_4279.jpg 1440w, https:\/\/hir.mediamarkt.hu\/magazin\/wp-content\/uploads\/2023\/03\/DSC_4279-300x200.jpg 300w, https:\/\/hir.mediamarkt.hu\/magazin\/wp-content\/uploads\/2023\/03\/DSC_4279-1024x681.jpg 1024w, https:\/\/hir.mediamarkt.hu\/magazin\/wp-content\/uploads\/2023\/03\/DSC_4279-275x183.jpg 275w, https:\/\/hir.mediamarkt.hu\/magazin\/wp-content\/uploads\/2023\/03\/DSC_4279-768x511.jpg 768w, https:\/\/hir.mediamarkt.hu\/magazin\/wp-content\/uploads\/2023\/03\/DSC_4279-1536x1022.jpg 1536w\" sizes=\"(max-width: 1440px) 100vw, 1440px\" \/><\/figure>\n\n\n\n<p class=\"has-text-align-justify\">Az Onyx Studio 8 \u00e9ppen ez\u00e9rt pont annyira szobad\u00edsz, mint hangsz\u00f3r\u00f3: egyik funkci\u00f3ja sem nyomja el a m\u00e1sikat, teljes \u00f6sszhangban van a tartalom \u00e9s a forma. A k\u00f6r alak\u00fa sziluett nem \u00e9ppen praktikus \u2013 nem lehet p\u00e9ld\u00e1ul helytakar\u00e9kosan polcra helyezni \u2013, de nem is ez a l\u00e9nyege, sokkal fontosabb, hogy vonzza a tekintetet an\u00e9lk\u00fcl, hogy uraln\u00e1 a teret. Ez pedig siker\u00fcl neki.<\/p>\n\n\n\n<p class=\"has-text-align-justify\">R\u00e1n\u00e9z\u00e9sre azt hihetn\u00e9nk, hogy \u00e1ll\u00edthat\u00f3 a d\u0151l\u00e9ssz\u00f6g, de nem: r\u00f6gz\u00edtett, nem v\u00e9letlen\u00fcl. Az Onyx ugyanis \u00fagy \u00e9rzi a legjobban mag\u00e1t, ha egy kicsiti felfel\u00e9 sug\u00e1rozhatja a hangot, azaz a f\u00f6ld\u00f6n \u00e9s alacsonyabb polcokon, asztalokon funkcion\u00e1l a legjobban. Annyira, hogy szemmagass\u00e1gb\u00f3l konkr\u00e9tan nem \u00e9rv\u00e9nyes\u00fclnek \u00fagy az alacsony hangok, mint lentr\u0151l; ez nem baj, hiszen h\u00e1la annak, hogy ir\u00e1ny\u00edtottan sz\u00f3rja a hangot, a szomsz\u00e9dokat, vagy a szomsz\u00e9d szob\u00e1ban l\u00e9v\u0151ket sem zavarja a hangos zene.<\/p>\n\n\n\n<figure class=\"wp-block-image\"><img loading=\"lazy\" decoding=\"async\" width=\"1440\" height=\"1304\" src=\"https:\/\/hir.mediamarkt.hu\/magazin\/wp-content\/uploads\/2023\/03\/DSC_4277.jpg\" alt=\"\" class=\"wp-image-16311\" srcset=\"https:\/\/hir.mediamarkt.hu\/magazin\/wp-content\/uploads\/2023\/03\/DSC_4277.jpg 1440w, https:\/\/hir.mediamarkt.hu\/magazin\/wp-content\/uploads\/2023\/03\/DSC_4277-300x272.jpg 300w, https:\/\/hir.mediamarkt.hu\/magazin\/wp-content\/uploads\/2023\/03\/DSC_4277-1024x927.jpg 1024w, https:\/\/hir.mediamarkt.hu\/magazin\/wp-content\/uploads\/2023\/03\/DSC_4277-275x249.jpg 275w, https:\/\/hir.mediamarkt.hu\/magazin\/wp-content\/uploads\/2023\/03\/DSC_4277-768x695.jpg 768w, https:\/\/hir.mediamarkt.hu\/magazin\/wp-content\/uploads\/2023\/03\/DSC_4277-1536x1391.jpg 1536w\" sizes=\"(max-width: 1440px) 100vw, 1440px\" \/><\/figure>\n\n\n\n<p>Ha m\u00e1r itt tartunk:<\/p>\n\n\n\n<h2 class=\"wp-block-heading\">Hogy sz\u00f3l?<\/h2>\n\n\n\n<p class=\"has-text-align-justify\">Pap\u00edron minden rendben. Az Onxy testes, de nem kifejezetten nagy hangfal, \u00edgy fejlet\u00e9p\u0151s hanger\u0151t nem is v\u00e1runk \u2013 \u00e9s kellemesen csal\u00f3dunk. A frekvencialek\u00e9pez\u00e9s 50 Hz-n\u00e9l indul, egy a m\u00e9ly hangokr\u00f3l gondoskod\u00f3 120 millim\u00e9teres membr\u00e1nnak h\u00e1la, a k\u00f6z\u00e9p- \u00e9s magas tartom\u00e1nyok\u00e9rt k\u00e9t darab k\u00e9t-k\u00e9t centis membr\u00e1n felel. A teljes\u00edtm\u00e9ny 50 wattos, azaz elvileg mindenre el\u00e9g egy \u00e1tlagos lak\u00e1sban, \u00e9s val\u00f3ban: k\u00e9tharmad\u00e1ig tekert\u00fck a hanger\u0151t, \u00e9s ekkor m\u00e1r sajn\u00e1ltuk a szomsz\u00e9dokat.<\/p>\n\n\n\n<figure class=\"wp-block-image\"><img loading=\"lazy\" decoding=\"async\" width=\"1440\" height=\"958\" src=\"https:\/\/hir.mediamarkt.hu\/magazin\/wp-content\/uploads\/2023\/03\/DSC_4275.jpg\" alt=\"\" class=\"wp-image-16309\" srcset=\"https:\/\/hir.mediamarkt.hu\/magazin\/wp-content\/uploads\/2023\/03\/DSC_4275.jpg 1440w, https:\/\/hir.mediamarkt.hu\/magazin\/wp-content\/uploads\/2023\/03\/DSC_4275-300x200.jpg 300w, https:\/\/hir.mediamarkt.hu\/magazin\/wp-content\/uploads\/2023\/03\/DSC_4275-1024x681.jpg 1024w, https:\/\/hir.mediamarkt.hu\/magazin\/wp-content\/uploads\/2023\/03\/DSC_4275-275x183.jpg 275w, https:\/\/hir.mediamarkt.hu\/magazin\/wp-content\/uploads\/2023\/03\/DSC_4275-768x511.jpg 768w, https:\/\/hir.mediamarkt.hu\/magazin\/wp-content\/uploads\/2023\/03\/DSC_4275-1536x1022.jpg 1536w\" sizes=\"(max-width: 1440px) 100vw, 1440px\" \/><\/figure>\n\n\n\n<p class=\"has-text-align-justify\">Term\u00e9szetesen ezen t\u00fal is nagyszer\u0171en sz\u00f3lal meg. Ez nem meglep\u0151 az el\u0151d\u00f6k ismeret\u00e9ben, de a 8-as gener\u00e1ci\u00f3 m\u00e9g az eleve magas l\u00e9cet is j\u00f3l hallhat\u00f3an megugorja \u00e9s magasabbra helyezi. Ahogy a bevezet\u0151ben eml\u00edtett\u00fck, sz\u00f3rakoztat\u00f3, m\u00e9lyhang-centrikus hangteret kapunk, amelyben az \u00e9nekhang \u00e9s a k\u00fcl\u00f6nb\u00f6z\u0151 hangszerek is j\u00f3l elk\u00fcl\u00f6n\u00edthet\u0151k. Ezzel egy\u00fctt is az elektronikus zene \u00e9s a kort\u00e1rs pop a kedvence, a fantasztikus Ross from Friends Treads c\u00edm\u0171 album\u00e1t oda-vissza v\u00e9gighallgattuk \u00e9s -b\u00f3logattuk, de nem j\u00f6tt zavarba az \u00e9szaki house-t\u00f3l (Fejk\u00e1) sem. Popfronton Tame Impal\u00e1t \u00e9s War on Drugst is kipr\u00f3b\u00e1ltunk \u00e9s el\u00e9gedettek voltunk \u2013 egy dolgot kiv\u00e9ve.<\/p>\n\n\n\n<p class=\"has-text-align-justify\">A helyzet az, hogy besz\u00e9lhet\u00fcnk ak\u00e1rmennyit frekvenci\u00e1kr\u00f3l, t\u00f3nusokr\u00f3l, melegs\u00e9gr\u0151l, telts\u00e9gr\u0151l, egyvalamit nem tudtunk elengedni:<\/p>\n\n\n\n<blockquote class=\"wp-block-quote\">\n<p>ez m\u00e9giscsak egy mon\u00f3 hangfal.<\/p>\n<\/blockquote>\n\n\n\n<p class=\"has-text-align-justify\">A kis, \u0151szinte, hordozhat\u00f3 egys\u00e9geknek ezt nem d\u00f6rg\u00f6ln\u00e9nk az orra al\u00e1, de az Onyx egyszer\u0171en t\u00fal j\u00f3l hangzik ahhoz, hogy ezt elengedj\u00fck. Az ugyanis, hogy a Bluetooth-hangfalak gy\u00e1rt\u00f3i norm\u00e1liss\u00e1 tett\u00e9k a mon\u00f3 hangz\u00e1st, mintha ez lenne a vil\u00e1g legterm\u00e9szetesebb dolga, t\u00f6rt\u00e9nelmi b\u0171ntett: egy eg\u00e9sz gener\u00e1ci\u00f3t szoktatnak r\u00e1 erre, \u00fagy, hogy senki nem mutatja meg nekik, hogy a zene enn\u00e9l sokkal t\u00f6bb. (Konkr\u00e9tan dupla ennyi.) Az Onyx viszi tov\u00e1bb ezt a sajn\u00e1latos trendet, igaz, az apr\u00f3bet\u0171s r\u00e9szb\u0151l kider\u00fcl, hogy k\u00e9t egys\u00e9g kombin\u00e1lhat\u00f3 a sztere\u00f3 hangz\u00e1s kedv\u00e9\u00e9rt.<\/p>\n\n\n\n<figure class=\"wp-block-image\"><img loading=\"lazy\" decoding=\"async\" width=\"1440\" height=\"958\" src=\"https:\/\/hir.mediamarkt.hu\/magazin\/wp-content\/uploads\/2023\/03\/DSC_4271.jpg\" alt=\"\" class=\"wp-image-16307\" srcset=\"https:\/\/hir.mediamarkt.hu\/magazin\/wp-content\/uploads\/2023\/03\/DSC_4271.jpg 1440w, https:\/\/hir.mediamarkt.hu\/magazin\/wp-content\/uploads\/2023\/03\/DSC_4271-300x200.jpg 300w, https:\/\/hir.mediamarkt.hu\/magazin\/wp-content\/uploads\/2023\/03\/DSC_4271-1024x681.jpg 1024w, https:\/\/hir.mediamarkt.hu\/magazin\/wp-content\/uploads\/2023\/03\/DSC_4271-275x183.jpg 275w, https:\/\/hir.mediamarkt.hu\/magazin\/wp-content\/uploads\/2023\/03\/DSC_4271-768x511.jpg 768w, https:\/\/hir.mediamarkt.hu\/magazin\/wp-content\/uploads\/2023\/03\/DSC_4271-1536x1022.jpg 1536w\" sizes=\"(max-width: 1440px) 100vw, 1440px\" \/><\/figure>\n\n\n\n<p class=\"has-text-align-justify\">Jobb megold\u00e1st teh\u00e1t jelenleg nem tudunk, mint hogy vegy\u00e9l kett\u0151t. Senkit nem szeretn\u00e9nk \u00e9sz n\u00e9lk\u00fcli p\u00e9nzsz\u00f3r\u00e1sra biztatni, de t\u00e9nyleg az a helyzet, hogy ha tetszik az Onyx hangz\u00e1sa, akkor tartozol magadnak annyival, hogy veszel m\u00e9g egyet \u00e9s \u00fagy hallgatod a zen\u00e9t, ahogy az alkot\u00f3i meg\u00e1lmodt\u00e1k. Igaz, \u00edgy nem 120, hanem 240 ezer forintot k\u00f6ltesz majd hangz\u00e1sra, de tudod, mit? M\u00e9g \u00edgy is nagyszer\u0171 \u00e1r\/\u00e9rt\u00e9k ar\u00e1ny\u00fa megold\u00e1sr\u00f3l van sz\u00f3, ezt a hangz\u00e1st ugyanis nagyj\u00e1b\u00f3l ennyi\u00e9rt kapod meg az audiofil piacon, \u00e9s azokhoz m\u00e9g \u00e1ltal\u00e1ban er\u0151s\u00edt\u0151 is kell, r\u00e1ad\u00e1sul a telefont sem veszik fel neked.<\/p>\n\n\n\n<p><em>A harmad\/kardon Onyx Studio 8-at itt v\u00e1s\u00e1rolhatod meg:<\/em><\/p>\n\n\n\n<ul>\n<li><a href=\"http:\/\/mediamarkt.hu\/catentry\/1404152\"><em>feket\u00e9ben<\/em><\/a>;<\/li>\n\n\n\n<li><a href=\"http:\/\/mediamarkt.hu\/catentry\/1404153\"><em>k\u00e9kben<\/em><\/a>;<\/li>\n\n\n\n<li><a href=\"http:\/\/mediamarkt.hu\/catentry\/1404154\"><em>pezsg\u0151sz\u00ednben<\/em><\/a>.<\/li>\n<\/ul>\n","protected":false},"excerpt":{"rendered":"Mi ez? Hangfal? Szobad\u00edsz? Szerelmes lev\u00e9l a h\u00faszas \u00e9vek n\u00e9met formatervez\u00e9s\u00e9hez?  \u00c9s tisztess\u00e9gesen sz\u00f3l, vagy megel\u00e9gszik a k\u00fclcs\u00ednnel?","protected":false},"author":22,"featured_media":16509,"comment_status":"open","ping_status":"open","sticky":false,"template":"","format":"standard","meta":{"wprm-recipe-roundup-name":"","wprm-recipe-roundup-description":"","footnotes":""},"categories":[5948,5946],"tags":[108,2462,113,4322,5553],"yoast_head":"<!-- This site is optimized with the Yoast SEO plugin v22.9 - https:\/\/yoast.com\/wordpress\/plugins\/seo\/ -->\n<title>A piac egyik legjobb hangfala, amib\u0151l mindj\u00e1rt kett\u0151t kell venned \u2013 Onyx Studio 8 teszt - MediaMarkt Magazin<\/title>\n<meta name=\"description\" content=\"Mi ez? Hangfal? Szobad\u00edsz? Szerelmes lev\u00e9l a h\u00faszas \u00e9vek n\u00e9met formatervez\u00e9s\u00e9hez? \u00c9s tisztess\u00e9gesen sz\u00f3l, vagy megel\u00e9gszik a k\u00fclcs\u00ednnel?\" \/>\n<meta name=\"robots\" content=\"index, follow, max-snippet:-1, max-image-preview:large, max-video-preview:-1\" \/>\n<link rel=\"canonical\" href=\"https:\/\/hir.mediamarkt.hu\/magazin\/a-piac-egyik-legjobb-hangfala-amibol-mindjart-kettot-kell-venned-onyx-studio-8-teszt\/\" \/>\n<meta property=\"og:locale\" content=\"hu_HU\" \/>\n<meta property=\"og:type\" content=\"article\" \/>\n<meta property=\"og:title\" content=\"A piac egyik legjobb hangfala, amib\u0151l mindj\u00e1rt kett\u0151t kell venned \u2013 Onyx Studio 8 teszt - MediaMarkt Magazin\" \/>\n<meta property=\"og:description\" content=\"Mi ez? Hangfal? Szobad\u00edsz? Szerelmes lev\u00e9l a h\u00faszas \u00e9vek n\u00e9met formatervez\u00e9s\u00e9hez? \u00c9s tisztess\u00e9gesen sz\u00f3l, vagy megel\u00e9gszik a k\u00fclcs\u00ednnel?\" \/>\n<meta property=\"og:url\" content=\"https:\/\/hir.mediamarkt.hu\/magazin\/a-piac-egyik-legjobb-hangfala-amibol-mindjart-kettot-kell-venned-onyx-studio-8-teszt\/\" \/>\n<meta property=\"og:site_name\" content=\"MediaMarkt Magazin\" \/>\n<meta property=\"article:publisher\" content=\"https:\/\/www.facebook.com\/MediaMarktMagyarorszag\" \/>\n<meta property=\"article:published_time\" content=\"2023-03-31T10:52:02+00:00\" \/>\n<meta property=\"article:modified_time\" content=\"2023-05-17T14:18:59+00:00\" \/>\n<meta property=\"og:image\" content=\"https:\/\/hir.mediamarkt.hu\/magazin\/wp-content\/uploads\/2023\/03\/MM_magazin_onyx_studio_8_1024x619.png\" \/>\n\t<meta property=\"og:image:width\" content=\"1024\" \/>\n\t<meta property=\"og:image:height\" content=\"619\" \/>\n\t<meta property=\"og:image:type\" content=\"image\/png\" \/>\n<meta name=\"author\" content=\"Nemenyi\" \/>\n<meta name=\"twitter:label1\" content=\"Szerz\u0151:\" \/>\n\t<meta name=\"twitter:data1\" content=\"Nemenyi\" \/>\n\t<meta name=\"twitter:label2\" content=\"Becs\u00fclt olvas\u00e1si id\u0151\" \/>\n\t<meta name=\"twitter:data2\" content=\"8 perc\" \/>\n<script type=\"application\/ld+json\" class=\"yoast-schema-graph\">{\"@context\":\"https:\/\/schema.org\",\"@graph\":[{\"@type\":\"WebPage\",\"@id\":\"https:\/\/hir.mediamarkt.hu\/magazin\/a-piac-egyik-legjobb-hangfala-amibol-mindjart-kettot-kell-venned-onyx-studio-8-teszt\/\",\"url\":\"https:\/\/hir.mediamarkt.hu\/magazin\/a-piac-egyik-legjobb-hangfala-amibol-mindjart-kettot-kell-venned-onyx-studio-8-teszt\/\",\"name\":\"A piac egyik legjobb hangfala, amib\u0151l mindj\u00e1rt kett\u0151t kell venned \u2013 Onyx Studio 8 teszt - MediaMarkt Magazin\",\"isPartOf\":{\"@id\":\"https:\/\/hir.mediamarkt.hu\/magazin\/#website\"},\"primaryImageOfPage\":{\"@id\":\"https:\/\/hir.mediamarkt.hu\/magazin\/a-piac-egyik-legjobb-hangfala-amibol-mindjart-kettot-kell-venned-onyx-studio-8-teszt\/#primaryimage\"},\"image\":{\"@id\":\"https:\/\/hir.mediamarkt.hu\/magazin\/a-piac-egyik-legjobb-hangfala-amibol-mindjart-kettot-kell-venned-onyx-studio-8-teszt\/#primaryimage\"},\"thumbnailUrl\":\"https:\/\/hir.mediamarkt.hu\/magazin\/wp-content\/uploads\/2023\/03\/MM_magazin_onyx_studio_8_1024x619.png\",\"datePublished\":\"2023-03-31T10:52:02+00:00\",\"dateModified\":\"2023-05-17T14:18:59+00:00\",\"author\":{\"@id\":\"https:\/\/hir.mediamarkt.hu\/magazin\/#\/schema\/person\/f4a17b2dc97f2e2bf1b88a89d4ef7d05\"},\"description\":\"Mi ez? Hangfal? Szobad\u00edsz? Szerelmes lev\u00e9l a h\u00faszas \u00e9vek n\u00e9met formatervez\u00e9s\u00e9hez? \u00c9s tisztess\u00e9gesen sz\u00f3l, vagy megel\u00e9gszik a k\u00fclcs\u00ednnel?\",\"breadcrumb\":{\"@id\":\"https:\/\/hir.mediamarkt.hu\/magazin\/a-piac-egyik-legjobb-hangfala-amibol-mindjart-kettot-kell-venned-onyx-studio-8-teszt\/#breadcrumb\"},\"inLanguage\":\"hu\",\"potentialAction\":[{\"@type\":\"ReadAction\",\"target\":[\"https:\/\/hir.mediamarkt.hu\/magazin\/a-piac-egyik-legjobb-hangfala-amibol-mindjart-kettot-kell-venned-onyx-studio-8-teszt\/\"]}]},{\"@type\":\"ImageObject\",\"inLanguage\":\"hu\",\"@id\":\"https:\/\/hir.mediamarkt.hu\/magazin\/a-piac-egyik-legjobb-hangfala-amibol-mindjart-kettot-kell-venned-onyx-studio-8-teszt\/#primaryimage\",\"url\":\"https:\/\/hir.mediamarkt.hu\/magazin\/wp-content\/uploads\/2023\/03\/MM_magazin_onyx_studio_8_1024x619.png\",\"contentUrl\":\"https:\/\/hir.mediamarkt.hu\/magazin\/wp-content\/uploads\/2023\/03\/MM_magazin_onyx_studio_8_1024x619.png\",\"width\":1024,\"height\":619},{\"@type\":\"BreadcrumbList\",\"@id\":\"https:\/\/hir.mediamarkt.hu\/magazin\/a-piac-egyik-legjobb-hangfala-amibol-mindjart-kettot-kell-venned-onyx-studio-8-teszt\/#breadcrumb\",\"itemListElement\":[{\"@type\":\"ListItem\",\"position\":1,\"name\":\"Kezd\u0151lap\",\"item\":\"https:\/\/hir.mediamarkt.hu\/magazin\/\"},{\"@type\":\"ListItem\",\"position\":2,\"name\":\"Tesztelt\u00fck\",\"item\":\"https:\/\/hir.mediamarkt.hu\/magazin\/teszteltuk\/\"},{\"@type\":\"ListItem\",\"position\":3,\"name\":\"A piac egyik legjobb hangfala, amib\u0151l mindj\u00e1rt kett\u0151t kell venned \u2013 Onyx Studio 8 teszt\"}]},{\"@type\":\"WebSite\",\"@id\":\"https:\/\/hir.mediamarkt.hu\/magazin\/#website\",\"url\":\"https:\/\/hir.mediamarkt.hu\/magazin\/\",\"name\":\"MediaMarkt Magazin\",\"description\":\"Olvass bele magazinunkba!\",\"potentialAction\":[{\"@type\":\"SearchAction\",\"target\":{\"@type\":\"EntryPoint\",\"urlTemplate\":\"https:\/\/hir.mediamarkt.hu\/magazin\/?s={search_term_string}\"},\"query-input\":\"required name=search_term_string\"}],\"inLanguage\":\"hu\"},{\"@type\":\"Person\",\"@id\":\"https:\/\/hir.mediamarkt.hu\/magazin\/#\/schema\/person\/f4a17b2dc97f2e2bf1b88a89d4ef7d05\",\"name\":\"Nemenyi\",\"image\":{\"@type\":\"ImageObject\",\"inLanguage\":\"hu\",\"@id\":\"https:\/\/hir.mediamarkt.hu\/magazin\/#\/schema\/person\/image\/\",\"url\":\"https:\/\/secure.gravatar.com\/avatar\/9470b3223c723142e66adcad803b24fe?s=96&d=mm&r=g\",\"contentUrl\":\"https:\/\/secure.gravatar.com\/avatar\/9470b3223c723142e66adcad803b24fe?s=96&d=mm&r=g\",\"caption\":\"Nemenyi\"}}]}<\/script>\n<!-- \/ Yoast SEO plugin. -->","yoast_head_json":{"title":"A piac egyik legjobb hangfala, amib\u0151l mindj\u00e1rt kett\u0151t kell venned \u2013 Onyx Studio 8 teszt - MediaMarkt Magazin","description":"Mi ez? Hangfal? Szobad\u00edsz? Szerelmes lev\u00e9l a h\u00faszas \u00e9vek n\u00e9met formatervez\u00e9s\u00e9hez? \u00c9s tisztess\u00e9gesen sz\u00f3l, vagy megel\u00e9gszik a k\u00fclcs\u00ednnel?","robots":{"index":"index","follow":"follow","max-snippet":"max-snippet:-1","max-image-preview":"max-image-preview:large","max-video-preview":"max-video-preview:-1"},"canonical":"https:\/\/hir.mediamarkt.hu\/magazin\/a-piac-egyik-legjobb-hangfala-amibol-mindjart-kettot-kell-venned-onyx-studio-8-teszt\/","og_locale":"hu_HU","og_type":"article","og_title":"A piac egyik legjobb hangfala, amib\u0151l mindj\u00e1rt kett\u0151t kell venned \u2013 Onyx Studio 8 teszt - MediaMarkt Magazin","og_description":"Mi ez? Hangfal? Szobad\u00edsz? Szerelmes lev\u00e9l a h\u00faszas \u00e9vek n\u00e9met formatervez\u00e9s\u00e9hez? \u00c9s tisztess\u00e9gesen sz\u00f3l, vagy megel\u00e9gszik a k\u00fclcs\u00ednnel?","og_url":"https:\/\/hir.mediamarkt.hu\/magazin\/a-piac-egyik-legjobb-hangfala-amibol-mindjart-kettot-kell-venned-onyx-studio-8-teszt\/","og_site_name":"MediaMarkt Magazin","article_publisher":"https:\/\/www.facebook.com\/MediaMarktMagyarorszag","article_published_time":"2023-03-31T10:52:02+00:00","article_modified_time":"2023-05-17T14:18:59+00:00","og_image":[{"width":1024,"height":619,"url":"https:\/\/hir.mediamarkt.hu\/magazin\/wp-content\/uploads\/2023\/03\/MM_magazin_onyx_studio_8_1024x619.png","type":"image\/png"}],"author":"Nemenyi","twitter_misc":{"Szerz\u0151:":"Nemenyi","Becs\u00fclt olvas\u00e1si id\u0151":"8 perc"},"schema":{"@context":"https:\/\/schema.org","@graph":[{"@type":"WebPage","@id":"https:\/\/hir.mediamarkt.hu\/magazin\/a-piac-egyik-legjobb-hangfala-amibol-mindjart-kettot-kell-venned-onyx-studio-8-teszt\/","url":"https:\/\/hir.mediamarkt.hu\/magazin\/a-piac-egyik-legjobb-hangfala-amibol-mindjart-kettot-kell-venned-onyx-studio-8-teszt\/","name":"A piac egyik legjobb hangfala, amib\u0151l mindj\u00e1rt kett\u0151t kell venned \u2013 Onyx Studio 8 teszt - MediaMarkt Magazin","isPartOf":{"@id":"https:\/\/hir.mediamarkt.hu\/magazin\/#website"},"primaryImageOfPage":{"@id":"https:\/\/hir.mediamarkt.hu\/magazin\/a-piac-egyik-legjobb-hangfala-amibol-mindjart-kettot-kell-venned-onyx-studio-8-teszt\/#primaryimage"},"image":{"@id":"https:\/\/hir.mediamarkt.hu\/magazin\/a-piac-egyik-legjobb-hangfala-amibol-mindjart-kettot-kell-venned-onyx-studio-8-teszt\/#primaryimage"},"thumbnailUrl":"https:\/\/hir.mediamarkt.hu\/magazin\/wp-content\/uploads\/2023\/03\/MM_magazin_onyx_studio_8_1024x619.png","datePublished":"2023-03-31T10:52:02+00:00","dateModified":"2023-05-17T14:18:59+00:00","author":{"@id":"https:\/\/hir.mediamarkt.hu\/magazin\/#\/schema\/person\/f4a17b2dc97f2e2bf1b88a89d4ef7d05"},"description":"Mi ez? Hangfal? Szobad\u00edsz? Szerelmes lev\u00e9l a h\u00faszas \u00e9vek n\u00e9met formatervez\u00e9s\u00e9hez? \u00c9s tisztess\u00e9gesen sz\u00f3l, vagy megel\u00e9gszik a k\u00fclcs\u00ednnel?","breadcrumb":{"@id":"https:\/\/hir.mediamarkt.hu\/magazin\/a-piac-egyik-legjobb-hangfala-amibol-mindjart-kettot-kell-venned-onyx-studio-8-teszt\/#breadcrumb"},"inLanguage":"hu","potentialAction":[{"@type":"ReadAction","target":["https:\/\/hir.mediamarkt.hu\/magazin\/a-piac-egyik-legjobb-hangfala-amibol-mindjart-kettot-kell-venned-onyx-studio-8-teszt\/"]}]},{"@type":"ImageObject","inLanguage":"hu","@id":"https:\/\/hir.mediamarkt.hu\/magazin\/a-piac-egyik-legjobb-hangfala-amibol-mindjart-kettot-kell-venned-onyx-studio-8-teszt\/#primaryimage","url":"https:\/\/hir.mediamarkt.hu\/magazin\/wp-content\/uploads\/2023\/03\/MM_magazin_onyx_studio_8_1024x619.png","contentUrl":"https:\/\/hir.mediamarkt.hu\/magazin\/wp-content\/uploads\/2023\/03\/MM_magazin_onyx_studio_8_1024x619.png","width":1024,"height":619},{"@type":"BreadcrumbList","@id":"https:\/\/hir.mediamarkt.hu\/magazin\/a-piac-egyik-legjobb-hangfala-amibol-mindjart-kettot-kell-venned-onyx-studio-8-teszt\/#breadcrumb","itemListElement":[{"@type":"ListItem","position":1,"name":"Kezd\u0151lap","item":"https:\/\/hir.mediamarkt.hu\/magazin\/"},{"@type":"ListItem","position":2,"name":"Tesztelt\u00fck","item":"https:\/\/hir.mediamarkt.hu\/magazin\/teszteltuk\/"},{"@type":"ListItem","position":3,"name":"A piac egyik legjobb hangfala, amib\u0151l mindj\u00e1rt kett\u0151t kell venned \u2013 Onyx Studio 8 teszt"}]},{"@type":"WebSite","@id":"https:\/\/hir.mediamarkt.hu\/magazin\/#website","url":"https:\/\/hir.mediamarkt.hu\/magazin\/","name":"MediaMarkt Magazin","description":"Olvass bele magazinunkba!","potentialAction":[{"@type":"SearchAction","target":{"@type":"EntryPoint","urlTemplate":"https:\/\/hir.mediamarkt.hu\/magazin\/?s={search_term_string}"},"query-input":"required name=search_term_string"}],"inLanguage":"hu"},{"@type":"Person","@id":"https:\/\/hir.mediamarkt.hu\/magazin\/#\/schema\/person\/f4a17b2dc97f2e2bf1b88a89d4ef7d05","name":"Nemenyi","image":{"@type":"ImageObject","inLanguage":"hu","@id":"https:\/\/hir.mediamarkt.hu\/magazin\/#\/schema\/person\/image\/","url":"https:\/\/secure.gravatar.com\/avatar\/9470b3223c723142e66adcad803b24fe?s=96&d=mm&r=g","contentUrl":"https:\/\/secure.gravatar.com\/avatar\/9470b3223c723142e66adcad803b24fe?s=96&d=mm&r=g","caption":"Nemenyi"}}]}},"_links":{"self":[{"href":"https:\/\/hir.mediamarkt.hu\/magazin\/wp-json\/wp\/v2\/posts\/16305"}],"collection":[{"href":"https:\/\/hir.mediamarkt.hu\/magazin\/wp-json\/wp\/v2\/posts"}],"about":[{"href":"https:\/\/hir.mediamarkt.hu\/magazin\/wp-json\/wp\/v2\/types\/post"}],"author":[{"embeddable":true,"href":"https:\/\/hir.mediamarkt.hu\/magazin\/wp-json\/wp\/v2\/users\/22"}],"replies":[{"embeddable":true,"href":"https:\/\/hir.mediamarkt.hu\/magazin\/wp-json\/wp\/v2\/comments?post=16305"}],"version-history":[{"count":5,"href":"https:\/\/hir.mediamarkt.hu\/magazin\/wp-json\/wp\/v2\/posts\/16305\/revisions"}],"predecessor-version":[{"id":16511,"href":"https:\/\/hir.mediamarkt.hu\/magazin\/wp-json\/wp\/v2\/posts\/16305\/revisions\/16511"}],"wp:featuredmedia":[{"embeddable":true,"href":"https:\/\/hir.mediamarkt.hu\/magazin\/wp-json\/wp\/v2\/media\/16509"}],"wp:attachment":[{"href":"https:\/\/hir.mediamarkt.hu\/magazin\/wp-json\/wp\/v2\/media?parent=16305"}],"wp:term":[{"taxonomy":"category","embeddable":true,"href":"https:\/\/hir.mediamarkt.hu\/magazin\/wp-json\/wp\/v2\/categories?post=16305"},{"taxonomy":"post_tag","embeddable":true,"href":"https:\/\/hir.mediamarkt.hu\/magazin\/wp-json\/wp\/v2\/tags?post=16305"}],"curies":[{"name":"wp","href":"https:\/\/api.w.org\/{rel}","templated":true}]}}